{"id":908566,"date":"2016-09-20T00:44:23","date_gmt":"2016-09-19T23:44:23","guid":{"rendered":"http:\/\/www.eldigitaldeasturias.com\/noticias\/?p=908566"},"modified":"2016-09-20T00:44:23","modified_gmt":"2016-09-19T23:44:23","slug":"ix-apuesta-por-alcuerdos-en-materia-fiscal-como-xerme-pa-un-pactu-de-presupuestos","status":"publish","type":"post","link":"https:\/\/www.eldigitaldeasturias.com\/noticias\/ix-apuesta-por-alcuerdos-en-materia-fiscal-como-xerme-pa-un-pactu-de-presupuestos\/","title":{"rendered":"IX apuesta por alcuerdos en materia fiscal como xerme pa un pactu de presupuestos"},"content":{"rendered":"<p><img loading=\"lazy\" decoding=\"async\" class=\"alignleft size-medium wp-image-874615\" src=\"https:\/\/www.eldigitaldeasturias.com\/noticias\/wp-content\/uploads\/2016\/04\/Llamazares-360x270.jpg\" alt=\"Llamazares\" width=\"360\" height=\"270\" srcset=\"https:\/\/www.eldigitaldeasturias.com\/noticias\/wp-content\/uploads\/2016\/04\/Llamazares-360x270.jpg 360w, https:\/\/www.eldigitaldeasturias.com\/noticias\/wp-content\/uploads\/2016\/04\/Llamazares-768x576.jpg 768w, https:\/\/www.eldigitaldeasturias.com\/noticias\/wp-content\/uploads\/2016\/04\/Llamazares-650x488.jpg 650w, https:\/\/www.eldigitaldeasturias.com\/noticias\/wp-content\/uploads\/2016\/04\/Llamazares-90x67.jpg 90w, https:\/\/www.eldigitaldeasturias.com\/noticias\/wp-content\/uploads\/2016\/04\/Llamazares-100x75.jpg 100w, https:\/\/www.eldigitaldeasturias.com\/noticias\/wp-content\/uploads\/2016\/04\/Llamazares.jpg 800w\" sizes=\"auto, (max-width: 360px) 100vw, 360px\" \/>Izquierda Xunida apuesta por alcuerdos en materia fiscal que se traduzan, tami\u00e9n, n&#8217;alcuerdos presupuestarios. El voceru parlamentariu na Xunta Xeneral, Gaspar Llamazares asegur\u00f3 g\u00fcei, tres la celebraci\u00f3n de la Comisi\u00f3n de Facienda, que ye imprescindible aprovechar el di\u00e1logu en materia fiscal p&#8217;ameyorar tami\u00e9n la xusticia del sistema pero, tami\u00e9n, pa garantizar a la ciudadan\u00eda la calid\u00e1 de los sos servicios p\u00fablicos. La correcci\u00f3n del erru de saltu, la llucha contra&#8217;l fraude tien que ser prioritarios pero ensin perder de vista que l&#8217;oxetivu tien que ser dar respuesta a les necesidaes d&#8217;Asturies.<\/p>\n<p>\u201cTenemos nesta materia volunt\u00e1 por qu&#8217;haya una cuerdu fiscal, pero por que vaya m\u00e1s all\u00e1, por que s\u00eda la base s\u00f3lida sobre la qu&#8217;asitiar un alcuerdu presupuestariu\u201d, afirm\u00f3 Llamazares para quien tendr\u00eda pocu sent\u00edu algamar pactos en materia de recaudaci\u00f3n pero non de gastu. \u201cNun vamos aldericar nin alcordar en minor\u00eda aspecto de fiscalid\u00e1 que depu\u00e9s non se traduzan nuna meyora de los servicios p\u00fablicos o nun alcuerdu presupuestariu. Por tanto, n\u00f3s faemos esta negociaci\u00f3n con talante de mayor\u00eda, cola actit\u00fa de qu&#8217;haya una mayor\u00eda d&#8217;esquierdes na reforma fiscal que depu\u00e9s se traduza nuna mayor\u00eda d&#8217;esquierdes nos presupuestos\u201d.<\/p>\n<p>Gaspar Llamazares encament\u00f3 al Gobiernu por que lidere una mayor\u00eda d&#8217;esquierda, pa lo que-y pidi\u00f3 que s&#8217;axunte \u201clo m\u00e1s posible coles fuerces pol\u00edtiques\u201d p&#8217;algamar un alcuerdu. \u201cNes sos manos ta y por n\u00f3s nun va faltar una volunt\u00e1 d&#8217;alcuerdu\u201d. Y ye que, seg\u00fan el voceru d&#8217;IX, Asturies nun puede asitiase nuna pr\u00f3rroga permanente. \u201cN\u00f3s vamos comprometer con una mayor\u00eda que sofite la reforma fiscal, per una parte, pero, per otru llau, el presupuestu de la Comunid\u00e1 Aut\u00f3noma\u201d.<\/p>\n<p>&nbsp;<\/p>\n<p>&nbsp;<\/p>\n","protected":false},"excerpt":{"rendered":"<p>Izquierda Xunida apuesta por alcuerdos en materia fiscal que se traduzan, tami\u00e9n, n&#8217;alcuerdos presupuestarios. El voceru parlamentariu na Xunta Xeneral, Gaspar Llamazares asegur\u00f3 g\u00fcei, tres la celebraci\u00f3n de la Comisi\u00f3n de Facienda, que ye imprescindible aprovechar el di\u00e1logu en materia fiscal p&#8217;ameyorar tami\u00e9n la xusticia del sistema pero, tami\u00e9n, pa garantizar a la ciudadan\u00eda la [&hellip;]<\/p>\n","protected":false},"author":1,"featured_media":874615,"comment_status":"closed","ping_status":"closed","sticky":false,"template":"","format":"standard","meta":{"footnotes":""},"categories":[12],"tags":[],"class_list":["post-908566","post","type-post","status-publish","format-standard","has-post-thumbnail","hentry","category-actualidad-asturias"],"aioseo_notices":[],"aioseo_head":"\n\t\t<!-- All in One SEO Pro 4.9.6.2 - aioseo.com -->\n\t<meta name=\"description\" content=\"Izquierda Xunida apuesta por alcuerdos en materia fiscal que se traduzan, tami\u00e9n, n&#039;alcuerdos presupuestarios. El voceru parlamentariu na Xunta Xeneral, Gaspar Llamazares asegur\u00f3 g\u00fcei, tres la celebraci\u00f3n de la Comisi\u00f3n de Facienda, que ye imprescindible aprovechar el di\u00e1logu en materia fiscal p&#039;ameyorar tami\u00e9n la xusticia del sistema pero, tami\u00e9n, pa garantizar a la ciudadan\u00eda la\" \/>\n\t<meta name=\"robots\" content=\"max-image-preview:large\" \/>\n\t<meta name=\"author\" content=\"El Digital de Asturias\"\/>\n\t<meta name=\"google-site-verification\" content=\"UA-38556648-1\" \/>\n\t<meta name=\"msvalidate.01\" content=\"7dfe9f3f1b24437ab69f4f2559babe99\" \/>\n\t<meta name=\"keywords\" content=\"actualidad asturias\" \/>\n\t<link rel=\"canonical\" href=\"https:\/\/www.eldigitaldeasturias.com\/noticias\/ix-apuesta-por-alcuerdos-en-materia-fiscal-como-xerme-pa-un-pactu-de-presupuestos\/\" \/>\n\t<meta name=\"generator\" content=\"All in One SEO Pro (AIOSEO) 4.9.6.2\" \/>\n\t\t<meta property=\"og:locale\" content=\"es_ES\" \/>\n\t\t<meta property=\"og:site_name\" content=\"El Digital de Asturias\" \/>\n\t\t<meta property=\"og:type\" content=\"article\" \/>\n\t\t<meta property=\"og:title\" content=\"IX apuesta por alcuerdos en materia fiscal como xerme pa un pactu de presupuestos - El Digital de Asturias\" \/>\n\t\t<meta property=\"og:description\" content=\"Izquierda Xunida apuesta por alcuerdos en materia fiscal que se traduzan, tami\u00e9n, n&#039;alcuerdos presupuestarios. El voceru parlamentariu na Xunta Xeneral, Gaspar Llamazares asegur\u00f3 g\u00fcei, tres la celebraci\u00f3n de la Comisi\u00f3n de Facienda, que ye imprescindible aprovechar el di\u00e1logu en materia fiscal p&#039;ameyorar tami\u00e9n la xusticia del sistema pero, tami\u00e9n, pa garantizar a la ciudadan\u00eda la\" \/>\n\t\t<meta property=\"og:url\" content=\"https:\/\/www.eldigitaldeasturias.com\/noticias\/ix-apuesta-por-alcuerdos-en-materia-fiscal-como-xerme-pa-un-pactu-de-presupuestos\/\" \/>\n\t\t<meta property=\"og:image\" content=\"https:\/\/www.eldigitaldeasturias.com\/noticias\/wp-content\/uploads\/2016\/04\/Llamazares.jpg\" \/>\n\t\t<meta property=\"og:image:secure_url\" content=\"https:\/\/www.eldigitaldeasturias.com\/noticias\/wp-content\/uploads\/2016\/04\/Llamazares.jpg\" \/>\n\t\t<meta property=\"og:image:width\" content=\"800\" \/>\n\t\t<meta property=\"og:image:height\" content=\"600\" \/>\n\t\t<meta property=\"article:tag\" content=\"actualidad asturias\" \/>\n\t\t<meta property=\"article:published_time\" content=\"2016-09-19T23:44:23+00:00\" \/>\n\t\t<meta property=\"article:modified_time\" content=\"2016-09-19T23:44:23+00:00\" \/>\n\t\t<meta property=\"article:publisher\" content=\"https:\/\/facebook.com\/eldigitaldeasturias\" \/>\n\t\t<meta name=\"twitter:card\" content=\"summary_large_image\" \/>\n\t\t<meta name=\"twitter:title\" content=\"IX apuesta por alcuerdos en materia fiscal como xerme pa un pactu de presupuestos - El Digital de Asturias\" \/>\n\t\t<meta name=\"twitter:description\" content=\"Izquierda Xunida apuesta por alcuerdos en materia fiscal que se traduzan, tami\u00e9n, n&#039;alcuerdos presupuestarios. El voceru parlamentariu na Xunta Xeneral, Gaspar Llamazares asegur\u00f3 g\u00fcei, tres la celebraci\u00f3n de la Comisi\u00f3n de Facienda, que ye imprescindible aprovechar el di\u00e1logu en materia fiscal p&#039;ameyorar tami\u00e9n la xusticia del sistema pero, tami\u00e9n, pa garantizar a la ciudadan\u00eda la\" \/>\n\t\t<meta name=\"twitter:image\" content=\"https:\/\/www.eldigitaldeasturias.com\/noticias\/wp-content\/uploads\/2016\/04\/Llamazares.jpg\" \/>\n\t\t<meta name=\"twitter:label1\" content=\"Escrito por\" \/>\n\t\t<meta name=\"twitter:data1\" content=\"El Digital de Asturias\" \/>\n\t\t<meta name=\"twitter:label2\" content=\"Tiempo de lectura estimado\" \/>\n\t\t<meta name=\"twitter:data2\" content=\"2 minutos\" \/>\n\t\t<script type=\"application\/ld+json\" class=\"aioseo-schema\">\n\t\t\t{\"@context\":\"https:\\\/\\\/schema.org\",\"@graph\":[{\"@type\":\"BlogPosting\",\"@id\":\"https:\\\/\\\/www.eldigitaldeasturias.com\\\/noticias\\\/ix-apuesta-por-alcuerdos-en-materia-fiscal-como-xerme-pa-un-pactu-de-presupuestos\\\/#blogposting\",\"name\":\"IX apuesta por alcuerdos en materia fiscal como xerme pa un pactu de presupuestos - El Digital de Asturias\",\"headline\":\"IX apuesta por alcuerdos en materia fiscal como xerme pa un pactu de presupuestos\",\"author\":{\"@id\":\"https:\\\/\\\/www.eldigitaldeasturias.com\\\/noticias\\\/author\\\/admin\\\/#author\"},\"publisher\":{\"@id\":\"https:\\\/\\\/www.eldigitaldeasturias.com\\\/noticias\\\/#organization\"},\"image\":{\"@type\":\"ImageObject\",\"url\":\"https:\\\/\\\/www.eldigitaldeasturias.com\\\/noticias\\\/wp-content\\\/uploads\\\/2016\\\/04\\\/Llamazares.jpg\",\"width\":800,\"height\":600},\"datePublished\":\"2016-09-20T00:44:23+02:00\",\"dateModified\":\"2016-09-20T00:44:23+02:00\",\"inLanguage\":\"es-ES\",\"mainEntityOfPage\":{\"@id\":\"https:\\\/\\\/www.eldigitaldeasturias.com\\\/noticias\\\/ix-apuesta-por-alcuerdos-en-materia-fiscal-como-xerme-pa-un-pactu-de-presupuestos\\\/#webpage\"},\"isPartOf\":{\"@id\":\"https:\\\/\\\/www.eldigitaldeasturias.com\\\/noticias\\\/ix-apuesta-por-alcuerdos-en-materia-fiscal-como-xerme-pa-un-pactu-de-presupuestos\\\/#webpage\"},\"articleSection\":\"Actualidad Asturias\"},{\"@type\":\"BreadcrumbList\",\"@id\":\"https:\\\/\\\/www.eldigitaldeasturias.com\\\/noticias\\\/ix-apuesta-por-alcuerdos-en-materia-fiscal-como-xerme-pa-un-pactu-de-presupuestos\\\/#breadcrumblist\",\"itemListElement\":[{\"@type\":\"ListItem\",\"@id\":\"https:\\\/\\\/www.eldigitaldeasturias.com\\\/noticias#listItem\",\"position\":1,\"name\":\"Home\",\"item\":\"https:\\\/\\\/www.eldigitaldeasturias.com\\\/noticias\",\"nextItem\":{\"@type\":\"ListItem\",\"@id\":\"https:\\\/\\\/www.eldigitaldeasturias.com\\\/noticias\\\/category\\\/actualidad-asturias\\\/#listItem\",\"name\":\"Actualidad Asturias\"}},{\"@type\":\"ListItem\",\"@id\":\"https:\\\/\\\/www.eldigitaldeasturias.com\\\/noticias\\\/category\\\/actualidad-asturias\\\/#listItem\",\"position\":2,\"name\":\"Actualidad Asturias\",\"item\":\"https:\\\/\\\/www.eldigitaldeasturias.com\\\/noticias\\\/category\\\/actualidad-asturias\\\/\",\"nextItem\":{\"@type\":\"ListItem\",\"@id\":\"https:\\\/\\\/www.eldigitaldeasturias.com\\\/noticias\\\/ix-apuesta-por-alcuerdos-en-materia-fiscal-como-xerme-pa-un-pactu-de-presupuestos\\\/#listItem\",\"name\":\"IX apuesta por alcuerdos en materia fiscal como xerme pa un pactu de presupuestos\"},\"previousItem\":{\"@type\":\"ListItem\",\"@id\":\"https:\\\/\\\/www.eldigitaldeasturias.com\\\/noticias#listItem\",\"name\":\"Home\"}},{\"@type\":\"ListItem\",\"@id\":\"https:\\\/\\\/www.eldigitaldeasturias.com\\\/noticias\\\/ix-apuesta-por-alcuerdos-en-materia-fiscal-como-xerme-pa-un-pactu-de-presupuestos\\\/#listItem\",\"position\":3,\"name\":\"IX apuesta por alcuerdos en materia fiscal como xerme pa un pactu de presupuestos\",\"previousItem\":{\"@type\":\"ListItem\",\"@id\":\"https:\\\/\\\/www.eldigitaldeasturias.com\\\/noticias\\\/category\\\/actualidad-asturias\\\/#listItem\",\"name\":\"Actualidad Asturias\"}}]},{\"@type\":\"Organization\",\"@id\":\"https:\\\/\\\/www.eldigitaldeasturias.com\\\/noticias\\\/#organization\",\"name\":\"El Digital de Asturias\",\"description\":\"Hemeroteca\",\"url\":\"https:\\\/\\\/www.eldigitaldeasturias.com\\\/noticias\\\/\",\"email\":\"info@eldigitaldeasturias.com\",\"telephone\":\"+34652131393\",\"logo\":{\"@type\":\"ImageObject\",\"url\":\"https:\\\/\\\/www.eldigitaldeasturias.com\\\/noticias\\\/wp-content\\\/uploads\\\/2020\\\/12\\\/EDA.jpg\",\"@id\":\"https:\\\/\\\/www.eldigitaldeasturias.com\\\/noticias\\\/ix-apuesta-por-alcuerdos-en-materia-fiscal-como-xerme-pa-un-pactu-de-presupuestos\\\/#organizationLogo\",\"width\":649,\"height\":297},\"image\":{\"@id\":\"https:\\\/\\\/www.eldigitaldeasturias.com\\\/noticias\\\/ix-apuesta-por-alcuerdos-en-materia-fiscal-como-xerme-pa-un-pactu-de-presupuestos\\\/#organizationLogo\"},\"sameAs\":[\"https:\\\/\\\/facebook.com\\\/eldigitaldeasturias\",\"https:\\\/\\\/www.youtube.com\\\/channel\\\/UCZP-2wLEB9Rv6erhFmqVnvg\"],\"address\":{\"@id\":\"https:\\\/\\\/www.eldigitaldeasturias.com\\\/noticias\\\/#postaladdress\",\"@type\":\"PostalAddress\",\"streetAddress\":\"san antonio 4,\",\"postalCode\":\"33430\",\"addressLocality\":\"Cand\\u00e1s\",\"addressRegion\":\"Asturias\",\"addressCountry\":\"ES\"}},{\"@type\":\"Person\",\"@id\":\"https:\\\/\\\/www.eldigitaldeasturias.com\\\/noticias\\\/author\\\/admin\\\/#author\",\"url\":\"https:\\\/\\\/www.eldigitaldeasturias.com\\\/noticias\\\/author\\\/admin\\\/\",\"name\":\"El Digital de Asturias\",\"image\":{\"@type\":\"ImageObject\",\"@id\":\"https:\\\/\\\/www.eldigitaldeasturias.com\\\/noticias\\\/ix-apuesta-por-alcuerdos-en-materia-fiscal-como-xerme-pa-un-pactu-de-presupuestos\\\/#authorImage\",\"url\":\"https:\\\/\\\/www.eldigitaldeasturias.com\\\/noticias\\\/wp-content\\\/litespeed\\\/avatar\\\/18677e78aa0546b92d9dbf31ec7d7668.jpg?ver=1777290358\",\"width\":96,\"height\":96,\"caption\":\"El Digital de Asturias\"}},{\"@type\":\"WebPage\",\"@id\":\"https:\\\/\\\/www.eldigitaldeasturias.com\\\/noticias\\\/ix-apuesta-por-alcuerdos-en-materia-fiscal-como-xerme-pa-un-pactu-de-presupuestos\\\/#webpage\",\"url\":\"https:\\\/\\\/www.eldigitaldeasturias.com\\\/noticias\\\/ix-apuesta-por-alcuerdos-en-materia-fiscal-como-xerme-pa-un-pactu-de-presupuestos\\\/\",\"name\":\"IX apuesta por alcuerdos en materia fiscal como xerme pa un pactu de presupuestos - El Digital de Asturias\",\"description\":\"Izquierda Xunida apuesta por alcuerdos en materia fiscal que se traduzan, tami\\u00e9n, n'alcuerdos presupuestarios. El voceru parlamentariu na Xunta Xeneral, Gaspar Llamazares asegur\\u00f3 g\\u00fcei, tres la celebraci\\u00f3n de la Comisi\\u00f3n de Facienda, que ye imprescindible aprovechar el di\\u00e1logu en materia fiscal p'ameyorar tami\\u00e9n la xusticia del sistema pero, tami\\u00e9n, pa garantizar a la ciudadan\\u00eda la\",\"inLanguage\":\"es-ES\",\"isPartOf\":{\"@id\":\"https:\\\/\\\/www.eldigitaldeasturias.com\\\/noticias\\\/#website\"},\"breadcrumb\":{\"@id\":\"https:\\\/\\\/www.eldigitaldeasturias.com\\\/noticias\\\/ix-apuesta-por-alcuerdos-en-materia-fiscal-como-xerme-pa-un-pactu-de-presupuestos\\\/#breadcrumblist\"},\"author\":{\"@id\":\"https:\\\/\\\/www.eldigitaldeasturias.com\\\/noticias\\\/author\\\/admin\\\/#author\"},\"creator\":{\"@id\":\"https:\\\/\\\/www.eldigitaldeasturias.com\\\/noticias\\\/author\\\/admin\\\/#author\"},\"image\":{\"@type\":\"ImageObject\",\"url\":\"https:\\\/\\\/www.eldigitaldeasturias.com\\\/noticias\\\/wp-content\\\/uploads\\\/2016\\\/04\\\/Llamazares.jpg\",\"@id\":\"https:\\\/\\\/www.eldigitaldeasturias.com\\\/noticias\\\/ix-apuesta-por-alcuerdos-en-materia-fiscal-como-xerme-pa-un-pactu-de-presupuestos\\\/#mainImage\",\"width\":800,\"height\":600},\"primaryImageOfPage\":{\"@id\":\"https:\\\/\\\/www.eldigitaldeasturias.com\\\/noticias\\\/ix-apuesta-por-alcuerdos-en-materia-fiscal-como-xerme-pa-un-pactu-de-presupuestos\\\/#mainImage\"},\"datePublished\":\"2016-09-20T00:44:23+02:00\",\"dateModified\":\"2016-09-20T00:44:23+02:00\"},{\"@type\":\"WebSite\",\"@id\":\"https:\\\/\\\/www.eldigitaldeasturias.com\\\/noticias\\\/#website\",\"url\":\"https:\\\/\\\/www.eldigitaldeasturias.com\\\/noticias\\\/\",\"name\":\"El Digital de Asturias - Diario de actualidad y noticias\",\"alternateName\":\"El Digital de Asturias - Diario de actualidad y noticias\",\"description\":\"Hemeroteca\",\"inLanguage\":\"es-ES\",\"publisher\":{\"@id\":\"https:\\\/\\\/www.eldigitaldeasturias.com\\\/noticias\\\/#organization\"}}]}\n\t\t<\/script>\n\t\t<!-- All in One SEO Pro -->\r\n\t\t<title>IX apuesta por alcuerdos en materia fiscal como xerme pa un pactu de presupuestos - El Digital de Asturias<\/title>\n\n","aioseo_head_json":{"title":"IX apuesta por alcuerdos en materia fiscal como xerme pa un pactu de presupuestos - El Digital de Asturias","description":"Izquierda Xunida apuesta por alcuerdos en materia fiscal que se traduzan, tami\u00e9n, n'alcuerdos presupuestarios. El voceru parlamentariu na Xunta Xeneral, Gaspar Llamazares asegur\u00f3 g\u00fcei, tres la celebraci\u00f3n de la Comisi\u00f3n de Facienda, que ye imprescindible aprovechar el di\u00e1logu en materia fiscal p'ameyorar tami\u00e9n la xusticia del sistema pero, tami\u00e9n, pa garantizar a la ciudadan\u00eda la","canonical_url":"https:\/\/www.eldigitaldeasturias.com\/noticias\/ix-apuesta-por-alcuerdos-en-materia-fiscal-como-xerme-pa-un-pactu-de-presupuestos\/","robots":"max-image-preview:large","keywords":"actualidad asturias","webmasterTools":{"google-site-verification":"UA-38556648-1","msvalidate.01":"7dfe9f3f1b24437ab69f4f2559babe99","miscellaneous":""},"schema":{"@context":"https:\/\/schema.org","@graph":[{"@type":"BlogPosting","@id":"https:\/\/www.eldigitaldeasturias.com\/noticias\/ix-apuesta-por-alcuerdos-en-materia-fiscal-como-xerme-pa-un-pactu-de-presupuestos\/#blogposting","name":"IX apuesta por alcuerdos en materia fiscal como xerme pa un pactu de presupuestos - El Digital de Asturias","headline":"IX apuesta por alcuerdos en materia fiscal como xerme pa un pactu de presupuestos","author":{"@id":"https:\/\/www.eldigitaldeasturias.com\/noticias\/author\/admin\/#author"},"publisher":{"@id":"https:\/\/www.eldigitaldeasturias.com\/noticias\/#organization"},"image":{"@type":"ImageObject","url":"https:\/\/www.eldigitaldeasturias.com\/noticias\/wp-content\/uploads\/2016\/04\/Llamazares.jpg","width":800,"height":600},"datePublished":"2016-09-20T00:44:23+02:00","dateModified":"2016-09-20T00:44:23+02:00","inLanguage":"es-ES","mainEntityOfPage":{"@id":"https:\/\/www.eldigitaldeasturias.com\/noticias\/ix-apuesta-por-alcuerdos-en-materia-fiscal-como-xerme-pa-un-pactu-de-presupuestos\/#webpage"},"isPartOf":{"@id":"https:\/\/www.eldigitaldeasturias.com\/noticias\/ix-apuesta-por-alcuerdos-en-materia-fiscal-como-xerme-pa-un-pactu-de-presupuestos\/#webpage"},"articleSection":"Actualidad Asturias"},{"@type":"BreadcrumbList","@id":"https:\/\/www.eldigitaldeasturias.com\/noticias\/ix-apuesta-por-alcuerdos-en-materia-fiscal-como-xerme-pa-un-pactu-de-presupuestos\/#breadcrumblist","itemListElement":[{"@type":"ListItem","@id":"https:\/\/www.eldigitaldeasturias.com\/noticias#listItem","position":1,"name":"Home","item":"https:\/\/www.eldigitaldeasturias.com\/noticias","nextItem":{"@type":"ListItem","@id":"https:\/\/www.eldigitaldeasturias.com\/noticias\/category\/actualidad-asturias\/#listItem","name":"Actualidad Asturias"}},{"@type":"ListItem","@id":"https:\/\/www.eldigitaldeasturias.com\/noticias\/category\/actualidad-asturias\/#listItem","position":2,"name":"Actualidad Asturias","item":"https:\/\/www.eldigitaldeasturias.com\/noticias\/category\/actualidad-asturias\/","nextItem":{"@type":"ListItem","@id":"https:\/\/www.eldigitaldeasturias.com\/noticias\/ix-apuesta-por-alcuerdos-en-materia-fiscal-como-xerme-pa-un-pactu-de-presupuestos\/#listItem","name":"IX apuesta por alcuerdos en materia fiscal como xerme pa un pactu de presupuestos"},"previousItem":{"@type":"ListItem","@id":"https:\/\/www.eldigitaldeasturias.com\/noticias#listItem","name":"Home"}},{"@type":"ListItem","@id":"https:\/\/www.eldigitaldeasturias.com\/noticias\/ix-apuesta-por-alcuerdos-en-materia-fiscal-como-xerme-pa-un-pactu-de-presupuestos\/#listItem","position":3,"name":"IX apuesta por alcuerdos en materia fiscal como xerme pa un pactu de presupuestos","previousItem":{"@type":"ListItem","@id":"https:\/\/www.eldigitaldeasturias.com\/noticias\/category\/actualidad-asturias\/#listItem","name":"Actualidad Asturias"}}]},{"@type":"Organization","@id":"https:\/\/www.eldigitaldeasturias.com\/noticias\/#organization","name":"El Digital de Asturias","description":"Hemeroteca","url":"https:\/\/www.eldigitaldeasturias.com\/noticias\/","email":"info@eldigitaldeasturias.com","telephone":"+34652131393","logo":{"@type":"ImageObject","url":"https:\/\/www.eldigitaldeasturias.com\/noticias\/wp-content\/uploads\/2020\/12\/EDA.jpg","@id":"https:\/\/www.eldigitaldeasturias.com\/noticias\/ix-apuesta-por-alcuerdos-en-materia-fiscal-como-xerme-pa-un-pactu-de-presupuestos\/#organizationLogo","width":649,"height":297},"image":{"@id":"https:\/\/www.eldigitaldeasturias.com\/noticias\/ix-apuesta-por-alcuerdos-en-materia-fiscal-como-xerme-pa-un-pactu-de-presupuestos\/#organizationLogo"},"sameAs":["https:\/\/facebook.com\/eldigitaldeasturias","https:\/\/www.youtube.com\/channel\/UCZP-2wLEB9Rv6erhFmqVnvg"],"address":{"@id":"https:\/\/www.eldigitaldeasturias.com\/noticias\/#postaladdress","@type":"PostalAddress","streetAddress":"san antonio 4,","postalCode":"33430","addressLocality":"Cand\u00e1s","addressRegion":"Asturias","addressCountry":"ES"}},{"@type":"Person","@id":"https:\/\/www.eldigitaldeasturias.com\/noticias\/author\/admin\/#author","url":"https:\/\/www.eldigitaldeasturias.com\/noticias\/author\/admin\/","name":"El Digital de Asturias","image":{"@type":"ImageObject","@id":"https:\/\/www.eldigitaldeasturias.com\/noticias\/ix-apuesta-por-alcuerdos-en-materia-fiscal-como-xerme-pa-un-pactu-de-presupuestos\/#authorImage","url":"https:\/\/www.eldigitaldeasturias.com\/noticias\/wp-content\/litespeed\/avatar\/18677e78aa0546b92d9dbf31ec7d7668.jpg?ver=1777290358","width":96,"height":96,"caption":"El Digital de Asturias"}},{"@type":"WebPage","@id":"https:\/\/www.eldigitaldeasturias.com\/noticias\/ix-apuesta-por-alcuerdos-en-materia-fiscal-como-xerme-pa-un-pactu-de-presupuestos\/#webpage","url":"https:\/\/www.eldigitaldeasturias.com\/noticias\/ix-apuesta-por-alcuerdos-en-materia-fiscal-como-xerme-pa-un-pactu-de-presupuestos\/","name":"IX apuesta por alcuerdos en materia fiscal como xerme pa un pactu de presupuestos - El Digital de Asturias","description":"Izquierda Xunida apuesta por alcuerdos en materia fiscal que se traduzan, tami\u00e9n, n'alcuerdos presupuestarios. El voceru parlamentariu na Xunta Xeneral, Gaspar Llamazares asegur\u00f3 g\u00fcei, tres la celebraci\u00f3n de la Comisi\u00f3n de Facienda, que ye imprescindible aprovechar el di\u00e1logu en materia fiscal p'ameyorar tami\u00e9n la xusticia del sistema pero, tami\u00e9n, pa garantizar a la ciudadan\u00eda la","inLanguage":"es-ES","isPartOf":{"@id":"https:\/\/www.eldigitaldeasturias.com\/noticias\/#website"},"breadcrumb":{"@id":"https:\/\/www.eldigitaldeasturias.com\/noticias\/ix-apuesta-por-alcuerdos-en-materia-fiscal-como-xerme-pa-un-pactu-de-presupuestos\/#breadcrumblist"},"author":{"@id":"https:\/\/www.eldigitaldeasturias.com\/noticias\/author\/admin\/#author"},"creator":{"@id":"https:\/\/www.eldigitaldeasturias.com\/noticias\/author\/admin\/#author"},"image":{"@type":"ImageObject","url":"https:\/\/www.eldigitaldeasturias.com\/noticias\/wp-content\/uploads\/2016\/04\/Llamazares.jpg","@id":"https:\/\/www.eldigitaldeasturias.com\/noticias\/ix-apuesta-por-alcuerdos-en-materia-fiscal-como-xerme-pa-un-pactu-de-presupuestos\/#mainImage","width":800,"height":600},"primaryImageOfPage":{"@id":"https:\/\/www.eldigitaldeasturias.com\/noticias\/ix-apuesta-por-alcuerdos-en-materia-fiscal-como-xerme-pa-un-pactu-de-presupuestos\/#mainImage"},"datePublished":"2016-09-20T00:44:23+02:00","dateModified":"2016-09-20T00:44:23+02:00"},{"@type":"WebSite","@id":"https:\/\/www.eldigitaldeasturias.com\/noticias\/#website","url":"https:\/\/www.eldigitaldeasturias.com\/noticias\/","name":"El Digital de Asturias - Diario de actualidad y noticias","alternateName":"El Digital de Asturias - Diario de actualidad y noticias","description":"Hemeroteca","inLanguage":"es-ES","publisher":{"@id":"https:\/\/www.eldigitaldeasturias.com\/noticias\/#organization"}}]},"og:locale":"es_ES","og:site_name":"El Digital de Asturias","og:type":"article","og:title":"IX apuesta por alcuerdos en materia fiscal como xerme pa un pactu de presupuestos - El Digital de Asturias","og:description":"Izquierda Xunida apuesta por alcuerdos en materia fiscal que se traduzan, tami\u00e9n, n'alcuerdos presupuestarios. El voceru parlamentariu na Xunta Xeneral, Gaspar Llamazares asegur\u00f3 g\u00fcei, tres la celebraci\u00f3n de la Comisi\u00f3n de Facienda, que ye imprescindible aprovechar el di\u00e1logu en materia fiscal p'ameyorar tami\u00e9n la xusticia del sistema pero, tami\u00e9n, pa garantizar a la ciudadan\u00eda la","og:url":"https:\/\/www.eldigitaldeasturias.com\/noticias\/ix-apuesta-por-alcuerdos-en-materia-fiscal-como-xerme-pa-un-pactu-de-presupuestos\/","og:image":"https:\/\/www.eldigitaldeasturias.com\/noticias\/wp-content\/uploads\/2016\/04\/Llamazares.jpg","og:image:secure_url":"https:\/\/www.eldigitaldeasturias.com\/noticias\/wp-content\/uploads\/2016\/04\/Llamazares.jpg","og:image:width":800,"og:image:height":600,"article:tag":["actualidad asturias"],"article:published_time":"2016-09-19T23:44:23+00:00","article:modified_time":"2016-09-19T23:44:23+00:00","article:publisher":"https:\/\/facebook.com\/eldigitaldeasturias","twitter:card":"summary_large_image","twitter:title":"IX apuesta por alcuerdos en materia fiscal como xerme pa un pactu de presupuestos - El Digital de Asturias","twitter:description":"Izquierda Xunida apuesta por alcuerdos en materia fiscal que se traduzan, tami\u00e9n, n'alcuerdos presupuestarios. El voceru parlamentariu na Xunta Xeneral, Gaspar Llamazares asegur\u00f3 g\u00fcei, tres la celebraci\u00f3n de la Comisi\u00f3n de Facienda, que ye imprescindible aprovechar el di\u00e1logu en materia fiscal p'ameyorar tami\u00e9n la xusticia del sistema pero, tami\u00e9n, pa garantizar a la ciudadan\u00eda la","twitter:image":"https:\/\/www.eldigitaldeasturias.com\/noticias\/wp-content\/uploads\/2016\/04\/Llamazares.jpg","twitter:label1":"Escrito por","twitter:data1":"El Digital de Asturias","twitter:label2":"Tiempo de lectura estimado","twitter:data2":"2 minutos"},"aioseo_meta_data":{"post_id":"908566","title":null,"description":null,"keywords":null,"keyphrases":null,"primary_term":null,"canonical_url":null,"og_title":null,"og_description":null,"og_object_type":"default","og_image_type":"default","og_image_url":null,"og_image_width":null,"og_image_height":null,"og_image_custom_url":null,"og_image_custom_fields":null,"og_video":null,"og_custom_url":null,"og_article_section":null,"og_article_tags":null,"twitter_use_og":false,"twitter_card":"default","twitter_image_type":"default","twitter_image_url":null,"twitter_image_custom_url":null,"twitter_image_custom_fields":null,"twitter_title":null,"twitter_description":null,"schema":{"blockGraphs":[],"customGraphs":[],"default":{"data":{"Article":[],"Course":[],"Dataset":[],"FAQPage":[],"Movie":[],"Person":[],"Product":[],"ProductReview":[],"Car":[],"Recipe":[],"Service":[],"SoftwareApplication":[],"WebPage":[]},"graphName":"","isEnabled":true},"graphs":[],"defaultGraph":"","defaultPostTypeGraph":""},"schema_type":null,"schema_type_options":null,"pillar_content":false,"robots_default":true,"robots_noindex":false,"robots_noarchive":false,"robots_nosnippet":false,"robots_nofollow":false,"robots_noimageindex":false,"robots_noodp":false,"robots_notranslate":false,"robots_max_snippet":null,"robots_max_videopreview":null,"robots_max_imagepreview":"large","priority":null,"frequency":null,"local_seo":null,"seo_analyzer_scan_date":"2025-11-30 16:35:22","breadcrumb_settings":null,"limit_modified_date":false,"open_ai":null,"ai":null,"created":"2020-12-21 14:00:05","updated":"2025-11-30 16:35:22"},"aioseo_breadcrumb":"<div class=\"aioseo-breadcrumbs\"><span class=\"aioseo-breadcrumb\">\n\t<a href=\"https:\/\/www.eldigitaldeasturias.com\/noticias\" title=\"Home\">Home<\/a>\n<\/span><span class=\"aioseo-breadcrumb-separator\">\u2013<\/span><span class=\"aioseo-breadcrumb\">\n\t<a href=\"https:\/\/www.eldigitaldeasturias.com\/noticias\/category\/actualidad-asturias\/\" title=\"Actualidad Asturias\">Actualidad Asturias<\/a>\n<\/span><span class=\"aioseo-breadcrumb-separator\">\u2013<\/span><span class=\"aioseo-breadcrumb\">\n\t<a href=\"https:\/\/www.eldigitaldeasturias.com\/noticias\/ix-apuesta-por-alcuerdos-en-materia-fiscal-como-xerme-pa-un-pactu-de-presupuestos\/\" title=\"IX apuesta por alcuerdos en materia fiscal como xerme pa un pactu de presupuestos\">IX apuesta por alcuerdos en materia fiscal como xerme pa un pactu de presupuestos<\/a>\n<\/span><\/div>","aioseo_breadcrumb_json":[{"label":"Home","link":"https:\/\/www.eldigitaldeasturias.com\/noticias"},{"label":"Actualidad Asturias","link":"https:\/\/www.eldigitaldeasturias.com\/noticias\/category\/actualidad-asturias\/"},{"label":"IX apuesta por alcuerdos en materia fiscal como xerme pa un pactu de presupuestos","link":"https:\/\/www.eldigitaldeasturias.com\/noticias\/ix-apuesta-por-alcuerdos-en-materia-fiscal-como-xerme-pa-un-pactu-de-presupuestos\/"}],"_links":{"self":[{"href":"https:\/\/www.eldigitaldeasturias.com\/noticias\/wp-json\/wp\/v2\/posts\/908566","targetHints":{"allow":["GET"]}}],"collection":[{"href":"https:\/\/www.eldigitaldeasturias.com\/noticias\/wp-json\/wp\/v2\/posts"}],"about":[{"href":"https:\/\/www.eldigitaldeasturias.com\/noticias\/wp-json\/wp\/v2\/types\/post"}],"author":[{"embeddable":true,"href":"https:\/\/www.eldigitaldeasturias.com\/noticias\/wp-json\/wp\/v2\/users\/1"}],"replies":[{"embeddable":true,"href":"https:\/\/www.eldigitaldeasturias.com\/noticias\/wp-json\/wp\/v2\/comments?post=908566"}],"version-history":[{"count":0,"href":"https:\/\/www.eldigitaldeasturias.com\/noticias\/wp-json\/wp\/v2\/posts\/908566\/revisions"}],"wp:featuredmedia":[{"embeddable":true,"href":"https:\/\/www.eldigitaldeasturias.com\/noticias\/wp-json\/wp\/v2\/media\/874615"}],"wp:attachment":[{"href":"https:\/\/www.eldigitaldeasturias.com\/noticias\/wp-json\/wp\/v2\/media?parent=908566"}],"wp:term":[{"taxonomy":"category","embeddable":true,"href":"https:\/\/www.eldigitaldeasturias.com\/noticias\/wp-json\/wp\/v2\/categories?post=908566"},{"taxonomy":"post_tag","embeddable":true,"href":"https:\/\/www.eldigitaldeasturias.com\/noticias\/wp-json\/wp\/v2\/tags?post=908566"}],"curies":[{"name":"wp","href":"https:\/\/api.w.org\/{rel}","templated":true}]}}