{"id":908562,"date":"2016-09-20T00:18:10","date_gmt":"2016-09-19T23:18:10","guid":{"rendered":"http:\/\/www.eldigitaldeasturias.com\/noticias\/?p=908562"},"modified":"2016-09-20T00:18:10","modified_gmt":"2016-09-19T23:18:10","slug":"la-necropsia-practicada-al-osu-pardu-de-moal-confirma-que-la-muerte-producir-por-un-disparu","status":"publish","type":"post","link":"https:\/\/www.eldigitaldeasturias.com\/noticias\/la-necropsia-practicada-al-osu-pardu-de-moal-confirma-que-la-muerte-producir-por-un-disparu\/","title":{"rendered":"La necropsia practicada al osu pardu de Moal confirma que la muerte producir por un disparu"},"content":{"rendered":"<p><img loading=\"lazy\" decoding=\"async\" class=\"alignleft size-medium wp-image-908527\" src=\"https:\/\/www.eldigitaldeasturias.com\/noticias\/wp-content\/uploads\/2016\/09\/fotonoticia_20160919134240_800-360x270.jpg\" alt=\"fotonoticia_20160919134240_800\" width=\"360\" height=\"270\" srcset=\"https:\/\/www.eldigitaldeasturias.com\/noticias\/wp-content\/uploads\/2016\/09\/fotonoticia_20160919134240_800-360x270.jpg 360w, https:\/\/www.eldigitaldeasturias.com\/noticias\/wp-content\/uploads\/2016\/09\/fotonoticia_20160919134240_800-768x576.jpg 768w, https:\/\/www.eldigitaldeasturias.com\/noticias\/wp-content\/uploads\/2016\/09\/fotonoticia_20160919134240_800-650x488.jpg 650w, https:\/\/www.eldigitaldeasturias.com\/noticias\/wp-content\/uploads\/2016\/09\/fotonoticia_20160919134240_800-125x95.jpg 125w, https:\/\/www.eldigitaldeasturias.com\/noticias\/wp-content\/uploads\/2016\/09\/fotonoticia_20160919134240_800-100x75.jpg 100w, https:\/\/www.eldigitaldeasturias.com\/noticias\/wp-content\/uploads\/2016\/09\/fotonoticia_20160919134240_800.jpg 800w\" sizes=\"auto, (max-width: 360px) 100vw, 360px\" \/>La necropsia practicada al osu pardu cant\u00e1bricu top\u00e1u en Moal (Cangas) confirma que la so muerte producir por una intensa hemorraxa interna causada por un disparu d&#8217;arma de fueu.<\/p>\n<p>L&#8217;exame, dirix\u00edu por Juan Francisco Garc\u00eda Mar\u00edn, catedr\u00e1ticu d&#8217;Anatom\u00eda Patol\u00f3xica de la Facult\u00e1 de Veterinaria de la Universid\u00e1 de Lli\u00f3n, se\u00f1ala que&#8217;l proyectil enfus\u00f3 pola banda esquierdu del exemplar, al altor de la docena costiella, y agospi\u00f3se nel f\u00e9gadu \u201cprovocando una intensa hemorraxa interna, que se producir\u00eda de forma progresiva, y posible shock hipovol\u00e9mico\u201d.<\/p>\n<p>El cadabre del animal, un adultu machu nuevu de 102 quilos de pesu, foi top\u00e1u na tarde del 9 de setiembre y la necropsia llevar a cabu mientres la ma\u00f1ana siguiente, el 10 de setiembre, na Facult\u00e1 de Veterinaria de Lli\u00f3n. Los especialistes consideren que&#8217;l plant\u00edgradu morri\u00f3 ente les 6:00 y les 13:00 hores del d\u00eda 9.<\/p>\n<p>L&#8217;estudiu, nel que tami\u00e9n participaron veterinarios de la Direcci\u00f3n Xeneral de Recursos Naturales y del Serviciu Rexonal d&#8217;Investigaci\u00f3n y Desenvolvimientu Alimentario (Serida), reflexa que l&#8217;osu fin\u00f3 ente una y dos hores dempu\u00e9s de recibir el disparu.<\/p>\n<p>&nbsp;<\/p>\n<p>&nbsp;<\/p>\n","protected":false},"excerpt":{"rendered":"<p>La necropsia practicada al osu pardu cant\u00e1bricu top\u00e1u en Moal (Cangas) confirma que la so muerte producir por una intensa hemorraxa interna causada por un disparu d&#8217;arma de fueu. L&#8217;exame, dirix\u00edu por Juan Francisco Garc\u00eda Mar\u00edn, catedr\u00e1ticu d&#8217;Anatom\u00eda Patol\u00f3xica de la Facult\u00e1 de Veterinaria de la Universid\u00e1 de Lli\u00f3n, se\u00f1ala que&#8217;l proyectil enfus\u00f3 pola banda [&hellip;]<\/p>\n","protected":false},"author":1,"featured_media":908527,"comment_status":"closed","ping_status":"closed","sticky":false,"template":"","format":"standard","meta":{"footnotes":""},"categories":[12],"tags":[],"class_list":["post-908562","post","type-post","status-publish","format-standard","has-post-thumbnail","hentry","category-actualidad-asturias"],"aioseo_notices":[],"aioseo_head":"\n\t\t<!-- All in One SEO Pro 4.9.6.2 - aioseo.com -->\n\t<meta name=\"description\" content=\"La necropsia practicada al osu pardu cant\u00e1bricu top\u00e1u en Moal (Cangas) confirma que la so muerte producir por una intensa hemorraxa interna causada por un disparu d&#039;arma de fueu. L&#039;exame, dirix\u00edu por Juan Francisco Garc\u00eda Mar\u00edn, catedr\u00e1ticu d&#039;Anatom\u00eda Patol\u00f3xica de la Facult\u00e1 de Veterinaria de la Universid\u00e1 de Lli\u00f3n, se\u00f1ala que&#039;l proyectil enfus\u00f3 pola banda\" \/>\n\t<meta name=\"robots\" content=\"max-image-preview:large\" \/>\n\t<meta name=\"author\" content=\"El Digital de Asturias\"\/>\n\t<meta name=\"google-site-verification\" content=\"UA-38556648-1\" \/>\n\t<meta name=\"msvalidate.01\" content=\"7dfe9f3f1b24437ab69f4f2559babe99\" \/>\n\t<meta name=\"keywords\" content=\"actualidad asturias\" \/>\n\t<link rel=\"canonical\" href=\"https:\/\/www.eldigitaldeasturias.com\/noticias\/la-necropsia-practicada-al-osu-pardu-de-moal-confirma-que-la-muerte-producir-por-un-disparu\/\" \/>\n\t<meta name=\"generator\" content=\"All in One SEO Pro (AIOSEO) 4.9.6.2\" \/>\n\t\t<meta property=\"og:locale\" content=\"es_ES\" \/>\n\t\t<meta property=\"og:site_name\" content=\"El Digital de Asturias\" \/>\n\t\t<meta property=\"og:type\" content=\"article\" \/>\n\t\t<meta property=\"og:title\" content=\"La necropsia practicada al osu pardu de Moal confirma que la muerte producir por un disparu - El Digital de Asturias\" \/>\n\t\t<meta property=\"og:description\" content=\"La necropsia practicada al osu pardu cant\u00e1bricu top\u00e1u en Moal (Cangas) confirma que la so muerte producir por una intensa hemorraxa interna causada por un disparu d&#039;arma de fueu. L&#039;exame, dirix\u00edu por Juan Francisco Garc\u00eda Mar\u00edn, catedr\u00e1ticu d&#039;Anatom\u00eda Patol\u00f3xica de la Facult\u00e1 de Veterinaria de la Universid\u00e1 de Lli\u00f3n, se\u00f1ala que&#039;l proyectil enfus\u00f3 pola banda\" \/>\n\t\t<meta property=\"og:url\" content=\"https:\/\/www.eldigitaldeasturias.com\/noticias\/la-necropsia-practicada-al-osu-pardu-de-moal-confirma-que-la-muerte-producir-por-un-disparu\/\" \/>\n\t\t<meta property=\"og:image\" content=\"https:\/\/www.eldigitaldeasturias.com\/noticias\/wp-content\/uploads\/2016\/09\/fotonoticia_20160919134240_800.jpg\" \/>\n\t\t<meta property=\"og:image:secure_url\" content=\"https:\/\/www.eldigitaldeasturias.com\/noticias\/wp-content\/uploads\/2016\/09\/fotonoticia_20160919134240_800.jpg\" \/>\n\t\t<meta property=\"og:image:width\" content=\"800\" \/>\n\t\t<meta property=\"og:image:height\" content=\"600\" \/>\n\t\t<meta property=\"article:tag\" content=\"actualidad asturias\" \/>\n\t\t<meta property=\"article:published_time\" content=\"2016-09-19T23:18:10+00:00\" \/>\n\t\t<meta property=\"article:modified_time\" content=\"2016-09-19T23:18:10+00:00\" \/>\n\t\t<meta property=\"article:publisher\" content=\"https:\/\/facebook.com\/eldigitaldeasturias\" \/>\n\t\t<meta name=\"twitter:card\" content=\"summary_large_image\" \/>\n\t\t<meta name=\"twitter:title\" content=\"La necropsia practicada al osu pardu de Moal confirma que la muerte producir por un disparu - El Digital de Asturias\" \/>\n\t\t<meta name=\"twitter:description\" content=\"La necropsia practicada al osu pardu cant\u00e1bricu top\u00e1u en Moal (Cangas) confirma que la so muerte producir por una intensa hemorraxa interna causada por un disparu d&#039;arma de fueu. L&#039;exame, dirix\u00edu por Juan Francisco Garc\u00eda Mar\u00edn, catedr\u00e1ticu d&#039;Anatom\u00eda Patol\u00f3xica de la Facult\u00e1 de Veterinaria de la Universid\u00e1 de Lli\u00f3n, se\u00f1ala que&#039;l proyectil enfus\u00f3 pola banda\" \/>\n\t\t<meta name=\"twitter:image\" content=\"https:\/\/www.eldigitaldeasturias.com\/noticias\/wp-content\/uploads\/2016\/09\/fotonoticia_20160919134240_800.jpg\" \/>\n\t\t<meta name=\"twitter:label1\" content=\"Escrito por\" \/>\n\t\t<meta name=\"twitter:data1\" content=\"El Digital de Asturias\" \/>\n\t\t<meta name=\"twitter:label2\" content=\"Tiempo de lectura estimado\" \/>\n\t\t<meta name=\"twitter:data2\" content=\"1 minuto\" \/>\n\t\t<script type=\"application\/ld+json\" class=\"aioseo-schema\">\n\t\t\t{\"@context\":\"https:\\\/\\\/schema.org\",\"@graph\":[{\"@type\":\"BlogPosting\",\"@id\":\"https:\\\/\\\/www.eldigitaldeasturias.com\\\/noticias\\\/la-necropsia-practicada-al-osu-pardu-de-moal-confirma-que-la-muerte-producir-por-un-disparu\\\/#blogposting\",\"name\":\"La necropsia practicada al osu pardu de Moal confirma que la muerte producir por un disparu - El Digital de Asturias\",\"headline\":\"La necropsia practicada al osu pardu de Moal confirma que la muerte producir por un disparu\",\"author\":{\"@id\":\"https:\\\/\\\/www.eldigitaldeasturias.com\\\/noticias\\\/author\\\/admin\\\/#author\"},\"publisher\":{\"@id\":\"https:\\\/\\\/www.eldigitaldeasturias.com\\\/noticias\\\/#organization\"},\"image\":{\"@type\":\"ImageObject\",\"url\":\"https:\\\/\\\/www.eldigitaldeasturias.com\\\/noticias\\\/wp-content\\\/uploads\\\/2016\\\/09\\\/fotonoticia_20160919134240_800.jpg\",\"width\":800,\"height\":600},\"datePublished\":\"2016-09-20T00:18:10+02:00\",\"dateModified\":\"2016-09-20T00:18:10+02:00\",\"inLanguage\":\"es-ES\",\"mainEntityOfPage\":{\"@id\":\"https:\\\/\\\/www.eldigitaldeasturias.com\\\/noticias\\\/la-necropsia-practicada-al-osu-pardu-de-moal-confirma-que-la-muerte-producir-por-un-disparu\\\/#webpage\"},\"isPartOf\":{\"@id\":\"https:\\\/\\\/www.eldigitaldeasturias.com\\\/noticias\\\/la-necropsia-practicada-al-osu-pardu-de-moal-confirma-que-la-muerte-producir-por-un-disparu\\\/#webpage\"},\"articleSection\":\"Actualidad Asturias\"},{\"@type\":\"BreadcrumbList\",\"@id\":\"https:\\\/\\\/www.eldigitaldeasturias.com\\\/noticias\\\/la-necropsia-practicada-al-osu-pardu-de-moal-confirma-que-la-muerte-producir-por-un-disparu\\\/#breadcrumblist\",\"itemListElement\":[{\"@type\":\"ListItem\",\"@id\":\"https:\\\/\\\/www.eldigitaldeasturias.com\\\/noticias#listItem\",\"position\":1,\"name\":\"Home\",\"item\":\"https:\\\/\\\/www.eldigitaldeasturias.com\\\/noticias\",\"nextItem\":{\"@type\":\"ListItem\",\"@id\":\"https:\\\/\\\/www.eldigitaldeasturias.com\\\/noticias\\\/category\\\/actualidad-asturias\\\/#listItem\",\"name\":\"Actualidad Asturias\"}},{\"@type\":\"ListItem\",\"@id\":\"https:\\\/\\\/www.eldigitaldeasturias.com\\\/noticias\\\/category\\\/actualidad-asturias\\\/#listItem\",\"position\":2,\"name\":\"Actualidad Asturias\",\"item\":\"https:\\\/\\\/www.eldigitaldeasturias.com\\\/noticias\\\/category\\\/actualidad-asturias\\\/\",\"nextItem\":{\"@type\":\"ListItem\",\"@id\":\"https:\\\/\\\/www.eldigitaldeasturias.com\\\/noticias\\\/la-necropsia-practicada-al-osu-pardu-de-moal-confirma-que-la-muerte-producir-por-un-disparu\\\/#listItem\",\"name\":\"La necropsia practicada al osu pardu de Moal confirma que la muerte producir por un disparu\"},\"previousItem\":{\"@type\":\"ListItem\",\"@id\":\"https:\\\/\\\/www.eldigitaldeasturias.com\\\/noticias#listItem\",\"name\":\"Home\"}},{\"@type\":\"ListItem\",\"@id\":\"https:\\\/\\\/www.eldigitaldeasturias.com\\\/noticias\\\/la-necropsia-practicada-al-osu-pardu-de-moal-confirma-que-la-muerte-producir-por-un-disparu\\\/#listItem\",\"position\":3,\"name\":\"La necropsia practicada al osu pardu de Moal confirma que la muerte producir por un disparu\",\"previousItem\":{\"@type\":\"ListItem\",\"@id\":\"https:\\\/\\\/www.eldigitaldeasturias.com\\\/noticias\\\/category\\\/actualidad-asturias\\\/#listItem\",\"name\":\"Actualidad Asturias\"}}]},{\"@type\":\"Organization\",\"@id\":\"https:\\\/\\\/www.eldigitaldeasturias.com\\\/noticias\\\/#organization\",\"name\":\"El Digital de Asturias\",\"description\":\"Hemeroteca\",\"url\":\"https:\\\/\\\/www.eldigitaldeasturias.com\\\/noticias\\\/\",\"email\":\"info@eldigitaldeasturias.com\",\"telephone\":\"+34652131393\",\"logo\":{\"@type\":\"ImageObject\",\"url\":\"https:\\\/\\\/www.eldigitaldeasturias.com\\\/noticias\\\/wp-content\\\/uploads\\\/2020\\\/12\\\/EDA.jpg\",\"@id\":\"https:\\\/\\\/www.eldigitaldeasturias.com\\\/noticias\\\/la-necropsia-practicada-al-osu-pardu-de-moal-confirma-que-la-muerte-producir-por-un-disparu\\\/#organizationLogo\",\"width\":649,\"height\":297},\"image\":{\"@id\":\"https:\\\/\\\/www.eldigitaldeasturias.com\\\/noticias\\\/la-necropsia-practicada-al-osu-pardu-de-moal-confirma-que-la-muerte-producir-por-un-disparu\\\/#organizationLogo\"},\"sameAs\":[\"https:\\\/\\\/facebook.com\\\/eldigitaldeasturias\",\"https:\\\/\\\/www.youtube.com\\\/channel\\\/UCZP-2wLEB9Rv6erhFmqVnvg\"],\"address\":{\"@id\":\"https:\\\/\\\/www.eldigitaldeasturias.com\\\/noticias\\\/#postaladdress\",\"@type\":\"PostalAddress\",\"streetAddress\":\"san antonio 4,\",\"postalCode\":\"33430\",\"addressLocality\":\"Cand\\u00e1s\",\"addressRegion\":\"Asturias\",\"addressCountry\":\"ES\"}},{\"@type\":\"Person\",\"@id\":\"https:\\\/\\\/www.eldigitaldeasturias.com\\\/noticias\\\/author\\\/admin\\\/#author\",\"url\":\"https:\\\/\\\/www.eldigitaldeasturias.com\\\/noticias\\\/author\\\/admin\\\/\",\"name\":\"El Digital de Asturias\",\"image\":{\"@type\":\"ImageObject\",\"@id\":\"https:\\\/\\\/www.eldigitaldeasturias.com\\\/noticias\\\/la-necropsia-practicada-al-osu-pardu-de-moal-confirma-que-la-muerte-producir-por-un-disparu\\\/#authorImage\",\"url\":\"https:\\\/\\\/www.eldigitaldeasturias.com\\\/noticias\\\/wp-content\\\/litespeed\\\/avatar\\\/18677e78aa0546b92d9dbf31ec7d7668.jpg?ver=1777290358\",\"width\":96,\"height\":96,\"caption\":\"El Digital de Asturias\"}},{\"@type\":\"WebPage\",\"@id\":\"https:\\\/\\\/www.eldigitaldeasturias.com\\\/noticias\\\/la-necropsia-practicada-al-osu-pardu-de-moal-confirma-que-la-muerte-producir-por-un-disparu\\\/#webpage\",\"url\":\"https:\\\/\\\/www.eldigitaldeasturias.com\\\/noticias\\\/la-necropsia-practicada-al-osu-pardu-de-moal-confirma-que-la-muerte-producir-por-un-disparu\\\/\",\"name\":\"La necropsia practicada al osu pardu de Moal confirma que la muerte producir por un disparu - El Digital de Asturias\",\"description\":\"La necropsia practicada al osu pardu cant\\u00e1bricu top\\u00e1u en Moal (Cangas) confirma que la so muerte producir por una intensa hemorraxa interna causada por un disparu d'arma de fueu. L'exame, dirix\\u00edu por Juan Francisco Garc\\u00eda Mar\\u00edn, catedr\\u00e1ticu d'Anatom\\u00eda Patol\\u00f3xica de la Facult\\u00e1 de Veterinaria de la Universid\\u00e1 de Lli\\u00f3n, se\\u00f1ala que'l proyectil enfus\\u00f3 pola banda\",\"inLanguage\":\"es-ES\",\"isPartOf\":{\"@id\":\"https:\\\/\\\/www.eldigitaldeasturias.com\\\/noticias\\\/#website\"},\"breadcrumb\":{\"@id\":\"https:\\\/\\\/www.eldigitaldeasturias.com\\\/noticias\\\/la-necropsia-practicada-al-osu-pardu-de-moal-confirma-que-la-muerte-producir-por-un-disparu\\\/#breadcrumblist\"},\"author\":{\"@id\":\"https:\\\/\\\/www.eldigitaldeasturias.com\\\/noticias\\\/author\\\/admin\\\/#author\"},\"creator\":{\"@id\":\"https:\\\/\\\/www.eldigitaldeasturias.com\\\/noticias\\\/author\\\/admin\\\/#author\"},\"image\":{\"@type\":\"ImageObject\",\"url\":\"https:\\\/\\\/www.eldigitaldeasturias.com\\\/noticias\\\/wp-content\\\/uploads\\\/2016\\\/09\\\/fotonoticia_20160919134240_800.jpg\",\"@id\":\"https:\\\/\\\/www.eldigitaldeasturias.com\\\/noticias\\\/la-necropsia-practicada-al-osu-pardu-de-moal-confirma-que-la-muerte-producir-por-un-disparu\\\/#mainImage\",\"width\":800,\"height\":600},\"primaryImageOfPage\":{\"@id\":\"https:\\\/\\\/www.eldigitaldeasturias.com\\\/noticias\\\/la-necropsia-practicada-al-osu-pardu-de-moal-confirma-que-la-muerte-producir-por-un-disparu\\\/#mainImage\"},\"datePublished\":\"2016-09-20T00:18:10+02:00\",\"dateModified\":\"2016-09-20T00:18:10+02:00\"},{\"@type\":\"WebSite\",\"@id\":\"https:\\\/\\\/www.eldigitaldeasturias.com\\\/noticias\\\/#website\",\"url\":\"https:\\\/\\\/www.eldigitaldeasturias.com\\\/noticias\\\/\",\"name\":\"El Digital de Asturias - Diario de actualidad y noticias\",\"alternateName\":\"El Digital de Asturias - Diario de actualidad y noticias\",\"description\":\"Hemeroteca\",\"inLanguage\":\"es-ES\",\"publisher\":{\"@id\":\"https:\\\/\\\/www.eldigitaldeasturias.com\\\/noticias\\\/#organization\"}}]}\n\t\t<\/script>\n\t\t<!-- All in One SEO Pro -->\r\n\t\t<title>La necropsia practicada al osu pardu de Moal confirma que la muerte producir por un disparu - El Digital de Asturias<\/title>\n\n","aioseo_head_json":{"title":"La necropsia practicada al osu pardu de Moal confirma que la muerte producir por un disparu - El Digital de Asturias","description":"La necropsia practicada al osu pardu cant\u00e1bricu top\u00e1u en Moal (Cangas) confirma que la so muerte producir por una intensa hemorraxa interna causada por un disparu d'arma de fueu. L'exame, dirix\u00edu por Juan Francisco Garc\u00eda Mar\u00edn, catedr\u00e1ticu d'Anatom\u00eda Patol\u00f3xica de la Facult\u00e1 de Veterinaria de la Universid\u00e1 de Lli\u00f3n, se\u00f1ala que'l proyectil enfus\u00f3 pola banda","canonical_url":"https:\/\/www.eldigitaldeasturias.com\/noticias\/la-necropsia-practicada-al-osu-pardu-de-moal-confirma-que-la-muerte-producir-por-un-disparu\/","robots":"max-image-preview:large","keywords":"actualidad asturias","webmasterTools":{"google-site-verification":"UA-38556648-1","msvalidate.01":"7dfe9f3f1b24437ab69f4f2559babe99","miscellaneous":""},"schema":{"@context":"https:\/\/schema.org","@graph":[{"@type":"BlogPosting","@id":"https:\/\/www.eldigitaldeasturias.com\/noticias\/la-necropsia-practicada-al-osu-pardu-de-moal-confirma-que-la-muerte-producir-por-un-disparu\/#blogposting","name":"La necropsia practicada al osu pardu de Moal confirma que la muerte producir por un disparu - El Digital de Asturias","headline":"La necropsia practicada al osu pardu de Moal confirma que la muerte producir por un disparu","author":{"@id":"https:\/\/www.eldigitaldeasturias.com\/noticias\/author\/admin\/#author"},"publisher":{"@id":"https:\/\/www.eldigitaldeasturias.com\/noticias\/#organization"},"image":{"@type":"ImageObject","url":"https:\/\/www.eldigitaldeasturias.com\/noticias\/wp-content\/uploads\/2016\/09\/fotonoticia_20160919134240_800.jpg","width":800,"height":600},"datePublished":"2016-09-20T00:18:10+02:00","dateModified":"2016-09-20T00:18:10+02:00","inLanguage":"es-ES","mainEntityOfPage":{"@id":"https:\/\/www.eldigitaldeasturias.com\/noticias\/la-necropsia-practicada-al-osu-pardu-de-moal-confirma-que-la-muerte-producir-por-un-disparu\/#webpage"},"isPartOf":{"@id":"https:\/\/www.eldigitaldeasturias.com\/noticias\/la-necropsia-practicada-al-osu-pardu-de-moal-confirma-que-la-muerte-producir-por-un-disparu\/#webpage"},"articleSection":"Actualidad Asturias"},{"@type":"BreadcrumbList","@id":"https:\/\/www.eldigitaldeasturias.com\/noticias\/la-necropsia-practicada-al-osu-pardu-de-moal-confirma-que-la-muerte-producir-por-un-disparu\/#breadcrumblist","itemListElement":[{"@type":"ListItem","@id":"https:\/\/www.eldigitaldeasturias.com\/noticias#listItem","position":1,"name":"Home","item":"https:\/\/www.eldigitaldeasturias.com\/noticias","nextItem":{"@type":"ListItem","@id":"https:\/\/www.eldigitaldeasturias.com\/noticias\/category\/actualidad-asturias\/#listItem","name":"Actualidad Asturias"}},{"@type":"ListItem","@id":"https:\/\/www.eldigitaldeasturias.com\/noticias\/category\/actualidad-asturias\/#listItem","position":2,"name":"Actualidad Asturias","item":"https:\/\/www.eldigitaldeasturias.com\/noticias\/category\/actualidad-asturias\/","nextItem":{"@type":"ListItem","@id":"https:\/\/www.eldigitaldeasturias.com\/noticias\/la-necropsia-practicada-al-osu-pardu-de-moal-confirma-que-la-muerte-producir-por-un-disparu\/#listItem","name":"La necropsia practicada al osu pardu de Moal confirma que la muerte producir por un disparu"},"previousItem":{"@type":"ListItem","@id":"https:\/\/www.eldigitaldeasturias.com\/noticias#listItem","name":"Home"}},{"@type":"ListItem","@id":"https:\/\/www.eldigitaldeasturias.com\/noticias\/la-necropsia-practicada-al-osu-pardu-de-moal-confirma-que-la-muerte-producir-por-un-disparu\/#listItem","position":3,"name":"La necropsia practicada al osu pardu de Moal confirma que la muerte producir por un disparu","previousItem":{"@type":"ListItem","@id":"https:\/\/www.eldigitaldeasturias.com\/noticias\/category\/actualidad-asturias\/#listItem","name":"Actualidad Asturias"}}]},{"@type":"Organization","@id":"https:\/\/www.eldigitaldeasturias.com\/noticias\/#organization","name":"El Digital de Asturias","description":"Hemeroteca","url":"https:\/\/www.eldigitaldeasturias.com\/noticias\/","email":"info@eldigitaldeasturias.com","telephone":"+34652131393","logo":{"@type":"ImageObject","url":"https:\/\/www.eldigitaldeasturias.com\/noticias\/wp-content\/uploads\/2020\/12\/EDA.jpg","@id":"https:\/\/www.eldigitaldeasturias.com\/noticias\/la-necropsia-practicada-al-osu-pardu-de-moal-confirma-que-la-muerte-producir-por-un-disparu\/#organizationLogo","width":649,"height":297},"image":{"@id":"https:\/\/www.eldigitaldeasturias.com\/noticias\/la-necropsia-practicada-al-osu-pardu-de-moal-confirma-que-la-muerte-producir-por-un-disparu\/#organizationLogo"},"sameAs":["https:\/\/facebook.com\/eldigitaldeasturias","https:\/\/www.youtube.com\/channel\/UCZP-2wLEB9Rv6erhFmqVnvg"],"address":{"@id":"https:\/\/www.eldigitaldeasturias.com\/noticias\/#postaladdress","@type":"PostalAddress","streetAddress":"san antonio 4,","postalCode":"33430","addressLocality":"Cand\u00e1s","addressRegion":"Asturias","addressCountry":"ES"}},{"@type":"Person","@id":"https:\/\/www.eldigitaldeasturias.com\/noticias\/author\/admin\/#author","url":"https:\/\/www.eldigitaldeasturias.com\/noticias\/author\/admin\/","name":"El Digital de Asturias","image":{"@type":"ImageObject","@id":"https:\/\/www.eldigitaldeasturias.com\/noticias\/la-necropsia-practicada-al-osu-pardu-de-moal-confirma-que-la-muerte-producir-por-un-disparu\/#authorImage","url":"https:\/\/www.eldigitaldeasturias.com\/noticias\/wp-content\/litespeed\/avatar\/18677e78aa0546b92d9dbf31ec7d7668.jpg?ver=1777290358","width":96,"height":96,"caption":"El Digital de Asturias"}},{"@type":"WebPage","@id":"https:\/\/www.eldigitaldeasturias.com\/noticias\/la-necropsia-practicada-al-osu-pardu-de-moal-confirma-que-la-muerte-producir-por-un-disparu\/#webpage","url":"https:\/\/www.eldigitaldeasturias.com\/noticias\/la-necropsia-practicada-al-osu-pardu-de-moal-confirma-que-la-muerte-producir-por-un-disparu\/","name":"La necropsia practicada al osu pardu de Moal confirma que la muerte producir por un disparu - El Digital de Asturias","description":"La necropsia practicada al osu pardu cant\u00e1bricu top\u00e1u en Moal (Cangas) confirma que la so muerte producir por una intensa hemorraxa interna causada por un disparu d'arma de fueu. L'exame, dirix\u00edu por Juan Francisco Garc\u00eda Mar\u00edn, catedr\u00e1ticu d'Anatom\u00eda Patol\u00f3xica de la Facult\u00e1 de Veterinaria de la Universid\u00e1 de Lli\u00f3n, se\u00f1ala que'l proyectil enfus\u00f3 pola banda","inLanguage":"es-ES","isPartOf":{"@id":"https:\/\/www.eldigitaldeasturias.com\/noticias\/#website"},"breadcrumb":{"@id":"https:\/\/www.eldigitaldeasturias.com\/noticias\/la-necropsia-practicada-al-osu-pardu-de-moal-confirma-que-la-muerte-producir-por-un-disparu\/#breadcrumblist"},"author":{"@id":"https:\/\/www.eldigitaldeasturias.com\/noticias\/author\/admin\/#author"},"creator":{"@id":"https:\/\/www.eldigitaldeasturias.com\/noticias\/author\/admin\/#author"},"image":{"@type":"ImageObject","url":"https:\/\/www.eldigitaldeasturias.com\/noticias\/wp-content\/uploads\/2016\/09\/fotonoticia_20160919134240_800.jpg","@id":"https:\/\/www.eldigitaldeasturias.com\/noticias\/la-necropsia-practicada-al-osu-pardu-de-moal-confirma-que-la-muerte-producir-por-un-disparu\/#mainImage","width":800,"height":600},"primaryImageOfPage":{"@id":"https:\/\/www.eldigitaldeasturias.com\/noticias\/la-necropsia-practicada-al-osu-pardu-de-moal-confirma-que-la-muerte-producir-por-un-disparu\/#mainImage"},"datePublished":"2016-09-20T00:18:10+02:00","dateModified":"2016-09-20T00:18:10+02:00"},{"@type":"WebSite","@id":"https:\/\/www.eldigitaldeasturias.com\/noticias\/#website","url":"https:\/\/www.eldigitaldeasturias.com\/noticias\/","name":"El Digital de Asturias - Diario de actualidad y noticias","alternateName":"El Digital de Asturias - Diario de actualidad y noticias","description":"Hemeroteca","inLanguage":"es-ES","publisher":{"@id":"https:\/\/www.eldigitaldeasturias.com\/noticias\/#organization"}}]},"og:locale":"es_ES","og:site_name":"El Digital de Asturias","og:type":"article","og:title":"La necropsia practicada al osu pardu de Moal confirma que la muerte producir por un disparu - El Digital de Asturias","og:description":"La necropsia practicada al osu pardu cant\u00e1bricu top\u00e1u en Moal (Cangas) confirma que la so muerte producir por una intensa hemorraxa interna causada por un disparu d'arma de fueu. L'exame, dirix\u00edu por Juan Francisco Garc\u00eda Mar\u00edn, catedr\u00e1ticu d'Anatom\u00eda Patol\u00f3xica de la Facult\u00e1 de Veterinaria de la Universid\u00e1 de Lli\u00f3n, se\u00f1ala que'l proyectil enfus\u00f3 pola banda","og:url":"https:\/\/www.eldigitaldeasturias.com\/noticias\/la-necropsia-practicada-al-osu-pardu-de-moal-confirma-que-la-muerte-producir-por-un-disparu\/","og:image":"https:\/\/www.eldigitaldeasturias.com\/noticias\/wp-content\/uploads\/2016\/09\/fotonoticia_20160919134240_800.jpg","og:image:secure_url":"https:\/\/www.eldigitaldeasturias.com\/noticias\/wp-content\/uploads\/2016\/09\/fotonoticia_20160919134240_800.jpg","og:image:width":800,"og:image:height":600,"article:tag":["actualidad asturias"],"article:published_time":"2016-09-19T23:18:10+00:00","article:modified_time":"2016-09-19T23:18:10+00:00","article:publisher":"https:\/\/facebook.com\/eldigitaldeasturias","twitter:card":"summary_large_image","twitter:title":"La necropsia practicada al osu pardu de Moal confirma que la muerte producir por un disparu - El Digital de Asturias","twitter:description":"La necropsia practicada al osu pardu cant\u00e1bricu top\u00e1u en Moal (Cangas) confirma que la so muerte producir por una intensa hemorraxa interna causada por un disparu d'arma de fueu. L'exame, dirix\u00edu por Juan Francisco Garc\u00eda Mar\u00edn, catedr\u00e1ticu d'Anatom\u00eda Patol\u00f3xica de la Facult\u00e1 de Veterinaria de la Universid\u00e1 de Lli\u00f3n, se\u00f1ala que'l proyectil enfus\u00f3 pola banda","twitter:image":"https:\/\/www.eldigitaldeasturias.com\/noticias\/wp-content\/uploads\/2016\/09\/fotonoticia_20160919134240_800.jpg","twitter:label1":"Escrito por","twitter:data1":"El Digital de Asturias","twitter:label2":"Tiempo de lectura estimado","twitter:data2":"1 minuto"},"aioseo_meta_data":{"post_id":"908562","title":null,"description":null,"keywords":null,"keyphrases":null,"primary_term":null,"canonical_url":null,"og_title":null,"og_description":null,"og_object_type":"default","og_image_type":"default","og_image_url":null,"og_image_width":null,"og_image_height":null,"og_image_custom_url":null,"og_image_custom_fields":null,"og_video":null,"og_custom_url":null,"og_article_section":null,"og_article_tags":null,"twitter_use_og":false,"twitter_card":"default","twitter_image_type":"default","twitter_image_url":null,"twitter_image_custom_url":null,"twitter_image_custom_fields":null,"twitter_title":null,"twitter_description":null,"schema":{"blockGraphs":[],"customGraphs":[],"default":{"data":{"Article":[],"Course":[],"Dataset":[],"FAQPage":[],"Movie":[],"Person":[],"Product":[],"ProductReview":[],"Car":[],"Recipe":[],"Service":[],"SoftwareApplication":[],"WebPage":[]},"graphName":"","isEnabled":true},"graphs":[],"defaultGraph":"","defaultPostTypeGraph":""},"schema_type":null,"schema_type_options":null,"pillar_content":false,"robots_default":true,"robots_noindex":false,"robots_noarchive":false,"robots_nosnippet":false,"robots_nofollow":false,"robots_noimageindex":false,"robots_noodp":false,"robots_notranslate":false,"robots_max_snippet":null,"robots_max_videopreview":null,"robots_max_imagepreview":"large","priority":null,"frequency":null,"local_seo":null,"seo_analyzer_scan_date":"2025-11-30 16:35:19","breadcrumb_settings":null,"limit_modified_date":false,"open_ai":null,"ai":null,"created":"2020-12-21 14:00:05","updated":"2025-11-30 16:35:19"},"aioseo_breadcrumb":"<div class=\"aioseo-breadcrumbs\"><span class=\"aioseo-breadcrumb\">\n\t<a href=\"https:\/\/www.eldigitaldeasturias.com\/noticias\" title=\"Home\">Home<\/a>\n<\/span><span class=\"aioseo-breadcrumb-separator\">\u2013<\/span><span class=\"aioseo-breadcrumb\">\n\t<a href=\"https:\/\/www.eldigitaldeasturias.com\/noticias\/category\/actualidad-asturias\/\" title=\"Actualidad Asturias\">Actualidad Asturias<\/a>\n<\/span><span class=\"aioseo-breadcrumb-separator\">\u2013<\/span><span class=\"aioseo-breadcrumb\">\n\t<a href=\"https:\/\/www.eldigitaldeasturias.com\/noticias\/la-necropsia-practicada-al-osu-pardu-de-moal-confirma-que-la-muerte-producir-por-un-disparu\/\" title=\"La necropsia practicada al osu pardu de Moal confirma que la muerte producir por un disparu\">La necropsia practicada al osu pardu de Moal confirma que la muerte producir por un disparu<\/a>\n<\/span><\/div>","aioseo_breadcrumb_json":[{"label":"Home","link":"https:\/\/www.eldigitaldeasturias.com\/noticias"},{"label":"Actualidad Asturias","link":"https:\/\/www.eldigitaldeasturias.com\/noticias\/category\/actualidad-asturias\/"},{"label":"La necropsia practicada al osu pardu de Moal confirma que la muerte producir por un disparu","link":"https:\/\/www.eldigitaldeasturias.com\/noticias\/la-necropsia-practicada-al-osu-pardu-de-moal-confirma-que-la-muerte-producir-por-un-disparu\/"}],"_links":{"self":[{"href":"https:\/\/www.eldigitaldeasturias.com\/noticias\/wp-json\/wp\/v2\/posts\/908562","targetHints":{"allow":["GET"]}}],"collection":[{"href":"https:\/\/www.eldigitaldeasturias.com\/noticias\/wp-json\/wp\/v2\/posts"}],"about":[{"href":"https:\/\/www.eldigitaldeasturias.com\/noticias\/wp-json\/wp\/v2\/types\/post"}],"author":[{"embeddable":true,"href":"https:\/\/www.eldigitaldeasturias.com\/noticias\/wp-json\/wp\/v2\/users\/1"}],"replies":[{"embeddable":true,"href":"https:\/\/www.eldigitaldeasturias.com\/noticias\/wp-json\/wp\/v2\/comments?post=908562"}],"version-history":[{"count":0,"href":"https:\/\/www.eldigitaldeasturias.com\/noticias\/wp-json\/wp\/v2\/posts\/908562\/revisions"}],"wp:featuredmedia":[{"embeddable":true,"href":"https:\/\/www.eldigitaldeasturias.com\/noticias\/wp-json\/wp\/v2\/media\/908527"}],"wp:attachment":[{"href":"https:\/\/www.eldigitaldeasturias.com\/noticias\/wp-json\/wp\/v2\/media?parent=908562"}],"wp:term":[{"taxonomy":"category","embeddable":true,"href":"https:\/\/www.eldigitaldeasturias.com\/noticias\/wp-json\/wp\/v2\/categories?post=908562"},{"taxonomy":"post_tag","embeddable":true,"href":"https:\/\/www.eldigitaldeasturias.com\/noticias\/wp-json\/wp\/v2\/tags?post=908562"}],"curies":[{"name":"wp","href":"https:\/\/api.w.org\/{rel}","templated":true}]}}