{"id":908558,"date":"2016-09-20T00:14:43","date_gmt":"2016-09-19T23:14:43","guid":{"rendered":"http:\/\/www.eldigitaldeasturias.com\/noticias\/?p=908558"},"modified":"2016-09-20T00:14:43","modified_gmt":"2016-09-19T23:14:43","slug":"descenso-de-visitantes-en-la-fiesta-de-la-cerveza-de-munich","status":"publish","type":"post","link":"https:\/\/www.eldigitaldeasturias.com\/noticias\/descenso-de-visitantes-en-la-fiesta-de-la-cerveza-de-munich\/","title":{"rendered":"Descenso de visitantes en la Fiesta de la Cerveza de M\u00fanich"},"content":{"rendered":"<p><img loading=\"lazy\" decoding=\"async\" class=\"alignleft size-medium wp-image-672157\" src=\"https:\/\/www.eldigitaldeasturias.com\/noticias\/wp-content\/uploads\/2014\/11\/Aromas-de-la-cerveza-360x240.jpg\" alt=\"Aromas-de-la-cerveza\" width=\"360\" height=\"240\" srcset=\"https:\/\/www.eldigitaldeasturias.com\/noticias\/wp-content\/uploads\/2014\/11\/Aromas-de-la-cerveza-360x240.jpg 360w, https:\/\/www.eldigitaldeasturias.com\/noticias\/wp-content\/uploads\/2014\/11\/Aromas-de-la-cerveza-220x146.jpg 220w, https:\/\/www.eldigitaldeasturias.com\/noticias\/wp-content\/uploads\/2014\/11\/Aromas-de-la-cerveza.jpg 570w\" sizes=\"auto, (max-width: 360px) 100vw, 360px\" \/>M\u00fanich, 19 sep (dpa) &#8211; Cerca de medio mill\u00f3n de personas visitaron la Fiesta de la Cerveza de M\u00fanich en el primer fin de semana, la mitad que el a\u00f1o pasado, informaron los organizadores.<\/p>\n<p>La lluvia y las temperaturas frescas que pusieron fin al verano no acompa\u00f1aron el arranque de la tradicional \u00abOktoberfest\u00bb. \u00abPero el ambiente en las salas fue muy bueno\u00bb, destacaron los organizadores.<\/p>\n<p>La edici\u00f3n de este a\u00f1o se produce en medio de estrictas medidas de seguridad tras varios ataques violentos que sacudieron la ciudad y la regi\u00f3n en julio pasado.<\/p>\n<p>No se permiti\u00f3 el ingreso con mochilas o bolsos grandes y se establecieron controles estrictos en los puntos de acceso al predio, vallado en su totalidad en esta ocasi\u00f3n.<\/p>\n<p>La Polic\u00eda registr\u00f3 un diez por ciento menos de operaciones y dijo que fue \u00abuno de los inicios m\u00e1s tranquilos y pac\u00edficos\u00bb. La Fiesta de la Cerveza se extender\u00e1 hasta el 3 de octubre.<\/p>\n<p>&nbsp;<\/p>\n","protected":false},"excerpt":{"rendered":"<p>M\u00fanich, 19 sep (dpa) &#8211; Cerca de medio mill\u00f3n de personas visitaron la Fiesta de la Cerveza de M\u00fanich en el primer fin de semana, la mitad que el a\u00f1o pasado, informaron los organizadores. La lluvia y las temperaturas frescas que pusieron fin al verano no acompa\u00f1aron el arranque de la tradicional \u00abOktoberfest\u00bb. \u00abPero el [&hellip;]<\/p>\n","protected":false},"author":1,"featured_media":672157,"comment_status":"closed","ping_status":"closed","sticky":false,"template":"","format":"standard","meta":{"footnotes":""},"categories":[50],"tags":[],"class_list":["post-908558","post","type-post","status-publish","format-standard","has-post-thumbnail","hentry","category-revista-de-ocio"],"aioseo_notices":[],"aioseo_head":"\n\t\t<!-- All in One SEO Pro 4.9.6.2 - aioseo.com -->\n\t<meta name=\"description\" content=\"M\u00fanich, 19 sep (dpa) - Cerca de medio mill\u00f3n de personas visitaron la Fiesta de la Cerveza de M\u00fanich en el primer fin de semana, la mitad que el a\u00f1o pasado, informaron los organizadores. La lluvia y las temperaturas frescas que pusieron fin al verano no acompa\u00f1aron el arranque de la tradicional &quot;Oktoberfest&quot;. &quot;Pero el\" \/>\n\t<meta name=\"robots\" content=\"max-image-preview:large\" \/>\n\t<meta name=\"author\" content=\"El Digital de Asturias\"\/>\n\t<meta name=\"google-site-verification\" content=\"UA-38556648-1\" \/>\n\t<meta name=\"msvalidate.01\" content=\"7dfe9f3f1b24437ab69f4f2559babe99\" \/>\n\t<meta name=\"keywords\" content=\"revista de ocio\" \/>\n\t<link rel=\"canonical\" href=\"https:\/\/www.eldigitaldeasturias.com\/noticias\/descenso-de-visitantes-en-la-fiesta-de-la-cerveza-de-munich\/\" \/>\n\t<meta name=\"generator\" content=\"All in One SEO Pro (AIOSEO) 4.9.6.2\" \/>\n\t\t<meta property=\"og:locale\" content=\"es_ES\" \/>\n\t\t<meta property=\"og:site_name\" content=\"El Digital de Asturias\" \/>\n\t\t<meta property=\"og:type\" content=\"article\" \/>\n\t\t<meta property=\"og:title\" content=\"Descenso de visitantes en la Fiesta de la Cerveza de M\u00fanich - El Digital de Asturias\" \/>\n\t\t<meta property=\"og:description\" content=\"M\u00fanich, 19 sep (dpa) - Cerca de medio mill\u00f3n de personas visitaron la Fiesta de la Cerveza de M\u00fanich en el primer fin de semana, la mitad que el a\u00f1o pasado, informaron los organizadores. La lluvia y las temperaturas frescas que pusieron fin al verano no acompa\u00f1aron el arranque de la tradicional &quot;Oktoberfest&quot;. &quot;Pero el\" \/>\n\t\t<meta property=\"og:url\" content=\"https:\/\/www.eldigitaldeasturias.com\/noticias\/descenso-de-visitantes-en-la-fiesta-de-la-cerveza-de-munich\/\" \/>\n\t\t<meta property=\"og:image\" content=\"https:\/\/www.eldigitaldeasturias.com\/noticias\/wp-content\/uploads\/2014\/11\/Aromas-de-la-cerveza.jpg\" \/>\n\t\t<meta property=\"og:image:secure_url\" content=\"https:\/\/www.eldigitaldeasturias.com\/noticias\/wp-content\/uploads\/2014\/11\/Aromas-de-la-cerveza.jpg\" \/>\n\t\t<meta property=\"og:image:width\" content=\"570\" \/>\n\t\t<meta property=\"og:image:height\" content=\"380\" \/>\n\t\t<meta property=\"article:tag\" content=\"revista de ocio\" \/>\n\t\t<meta property=\"article:published_time\" content=\"2016-09-19T23:14:43+00:00\" \/>\n\t\t<meta property=\"article:modified_time\" content=\"2016-09-19T23:14:43+00:00\" \/>\n\t\t<meta property=\"article:publisher\" content=\"https:\/\/facebook.com\/eldigitaldeasturias\" \/>\n\t\t<meta name=\"twitter:card\" content=\"summary_large_image\" \/>\n\t\t<meta name=\"twitter:title\" content=\"Descenso de visitantes en la Fiesta de la Cerveza de M\u00fanich - El Digital de Asturias\" \/>\n\t\t<meta name=\"twitter:description\" content=\"M\u00fanich, 19 sep (dpa) - Cerca de medio mill\u00f3n de personas visitaron la Fiesta de la Cerveza de M\u00fanich en el primer fin de semana, la mitad que el a\u00f1o pasado, informaron los organizadores. La lluvia y las temperaturas frescas que pusieron fin al verano no acompa\u00f1aron el arranque de la tradicional &quot;Oktoberfest&quot;. &quot;Pero el\" \/>\n\t\t<meta name=\"twitter:image\" content=\"https:\/\/www.eldigitaldeasturias.com\/noticias\/wp-content\/uploads\/2014\/11\/Aromas-de-la-cerveza.jpg\" \/>\n\t\t<meta name=\"twitter:label1\" content=\"Escrito por\" \/>\n\t\t<meta name=\"twitter:data1\" content=\"El Digital de Asturias\" \/>\n\t\t<meta name=\"twitter:label2\" content=\"Tiempo de lectura estimado\" \/>\n\t\t<meta name=\"twitter:data2\" content=\"1 minuto\" \/>\n\t\t<script type=\"application\/ld+json\" class=\"aioseo-schema\">\n\t\t\t{\"@context\":\"https:\\\/\\\/schema.org\",\"@graph\":[{\"@type\":\"BlogPosting\",\"@id\":\"https:\\\/\\\/www.eldigitaldeasturias.com\\\/noticias\\\/descenso-de-visitantes-en-la-fiesta-de-la-cerveza-de-munich\\\/#blogposting\",\"name\":\"Descenso de visitantes en la Fiesta de la Cerveza de M\\u00fanich - El Digital de Asturias\",\"headline\":\"Descenso de visitantes en la Fiesta de la Cerveza de M\\u00fanich\",\"author\":{\"@id\":\"https:\\\/\\\/www.eldigitaldeasturias.com\\\/noticias\\\/author\\\/admin\\\/#author\"},\"publisher\":{\"@id\":\"https:\\\/\\\/www.eldigitaldeasturias.com\\\/noticias\\\/#organization\"},\"image\":{\"@type\":\"ImageObject\",\"url\":\"https:\\\/\\\/www.eldigitaldeasturias.com\\\/noticias\\\/wp-content\\\/uploads\\\/2014\\\/11\\\/Aromas-de-la-cerveza.jpg\",\"width\":570,\"height\":380},\"datePublished\":\"2016-09-20T00:14:43+02:00\",\"dateModified\":\"2016-09-20T00:14:43+02:00\",\"inLanguage\":\"es-ES\",\"mainEntityOfPage\":{\"@id\":\"https:\\\/\\\/www.eldigitaldeasturias.com\\\/noticias\\\/descenso-de-visitantes-en-la-fiesta-de-la-cerveza-de-munich\\\/#webpage\"},\"isPartOf\":{\"@id\":\"https:\\\/\\\/www.eldigitaldeasturias.com\\\/noticias\\\/descenso-de-visitantes-en-la-fiesta-de-la-cerveza-de-munich\\\/#webpage\"},\"articleSection\":\"Revista de Ocio\"},{\"@type\":\"BreadcrumbList\",\"@id\":\"https:\\\/\\\/www.eldigitaldeasturias.com\\\/noticias\\\/descenso-de-visitantes-en-la-fiesta-de-la-cerveza-de-munich\\\/#breadcrumblist\",\"itemListElement\":[{\"@type\":\"ListItem\",\"@id\":\"https:\\\/\\\/www.eldigitaldeasturias.com\\\/noticias#listItem\",\"position\":1,\"name\":\"Home\",\"item\":\"https:\\\/\\\/www.eldigitaldeasturias.com\\\/noticias\",\"nextItem\":{\"@type\":\"ListItem\",\"@id\":\"https:\\\/\\\/www.eldigitaldeasturias.com\\\/noticias\\\/category\\\/revista-de-ocio\\\/#listItem\",\"name\":\"Revista de Ocio\"}},{\"@type\":\"ListItem\",\"@id\":\"https:\\\/\\\/www.eldigitaldeasturias.com\\\/noticias\\\/category\\\/revista-de-ocio\\\/#listItem\",\"position\":2,\"name\":\"Revista de Ocio\",\"item\":\"https:\\\/\\\/www.eldigitaldeasturias.com\\\/noticias\\\/category\\\/revista-de-ocio\\\/\",\"nextItem\":{\"@type\":\"ListItem\",\"@id\":\"https:\\\/\\\/www.eldigitaldeasturias.com\\\/noticias\\\/descenso-de-visitantes-en-la-fiesta-de-la-cerveza-de-munich\\\/#listItem\",\"name\":\"Descenso de visitantes en la Fiesta de la Cerveza de M\\u00fanich\"},\"previousItem\":{\"@type\":\"ListItem\",\"@id\":\"https:\\\/\\\/www.eldigitaldeasturias.com\\\/noticias#listItem\",\"name\":\"Home\"}},{\"@type\":\"ListItem\",\"@id\":\"https:\\\/\\\/www.eldigitaldeasturias.com\\\/noticias\\\/descenso-de-visitantes-en-la-fiesta-de-la-cerveza-de-munich\\\/#listItem\",\"position\":3,\"name\":\"Descenso de visitantes en la Fiesta de la Cerveza de M\\u00fanich\",\"previousItem\":{\"@type\":\"ListItem\",\"@id\":\"https:\\\/\\\/www.eldigitaldeasturias.com\\\/noticias\\\/category\\\/revista-de-ocio\\\/#listItem\",\"name\":\"Revista de Ocio\"}}]},{\"@type\":\"Organization\",\"@id\":\"https:\\\/\\\/www.eldigitaldeasturias.com\\\/noticias\\\/#organization\",\"name\":\"El Digital de Asturias\",\"description\":\"Hemeroteca\",\"url\":\"https:\\\/\\\/www.eldigitaldeasturias.com\\\/noticias\\\/\",\"email\":\"info@eldigitaldeasturias.com\",\"telephone\":\"+34652131393\",\"logo\":{\"@type\":\"ImageObject\",\"url\":\"https:\\\/\\\/www.eldigitaldeasturias.com\\\/noticias\\\/wp-content\\\/uploads\\\/2020\\\/12\\\/EDA.jpg\",\"@id\":\"https:\\\/\\\/www.eldigitaldeasturias.com\\\/noticias\\\/descenso-de-visitantes-en-la-fiesta-de-la-cerveza-de-munich\\\/#organizationLogo\",\"width\":649,\"height\":297},\"image\":{\"@id\":\"https:\\\/\\\/www.eldigitaldeasturias.com\\\/noticias\\\/descenso-de-visitantes-en-la-fiesta-de-la-cerveza-de-munich\\\/#organizationLogo\"},\"sameAs\":[\"https:\\\/\\\/facebook.com\\\/eldigitaldeasturias\",\"https:\\\/\\\/www.youtube.com\\\/channel\\\/UCZP-2wLEB9Rv6erhFmqVnvg\"],\"address\":{\"@id\":\"https:\\\/\\\/www.eldigitaldeasturias.com\\\/noticias\\\/#postaladdress\",\"@type\":\"PostalAddress\",\"streetAddress\":\"san antonio 4,\",\"postalCode\":\"33430\",\"addressLocality\":\"Cand\\u00e1s\",\"addressRegion\":\"Asturias\",\"addressCountry\":\"ES\"}},{\"@type\":\"Person\",\"@id\":\"https:\\\/\\\/www.eldigitaldeasturias.com\\\/noticias\\\/author\\\/admin\\\/#author\",\"url\":\"https:\\\/\\\/www.eldigitaldeasturias.com\\\/noticias\\\/author\\\/admin\\\/\",\"name\":\"El Digital de Asturias\",\"image\":{\"@type\":\"ImageObject\",\"@id\":\"https:\\\/\\\/www.eldigitaldeasturias.com\\\/noticias\\\/descenso-de-visitantes-en-la-fiesta-de-la-cerveza-de-munich\\\/#authorImage\",\"url\":\"https:\\\/\\\/www.eldigitaldeasturias.com\\\/noticias\\\/wp-content\\\/litespeed\\\/avatar\\\/18677e78aa0546b92d9dbf31ec7d7668.jpg?ver=1777290358\",\"width\":96,\"height\":96,\"caption\":\"El Digital de Asturias\"}},{\"@type\":\"WebPage\",\"@id\":\"https:\\\/\\\/www.eldigitaldeasturias.com\\\/noticias\\\/descenso-de-visitantes-en-la-fiesta-de-la-cerveza-de-munich\\\/#webpage\",\"url\":\"https:\\\/\\\/www.eldigitaldeasturias.com\\\/noticias\\\/descenso-de-visitantes-en-la-fiesta-de-la-cerveza-de-munich\\\/\",\"name\":\"Descenso de visitantes en la Fiesta de la Cerveza de M\\u00fanich - El Digital de Asturias\",\"description\":\"M\\u00fanich, 19 sep (dpa) - Cerca de medio mill\\u00f3n de personas visitaron la Fiesta de la Cerveza de M\\u00fanich en el primer fin de semana, la mitad que el a\\u00f1o pasado, informaron los organizadores. La lluvia y las temperaturas frescas que pusieron fin al verano no acompa\\u00f1aron el arranque de la tradicional \\\"Oktoberfest\\\". \\\"Pero el\",\"inLanguage\":\"es-ES\",\"isPartOf\":{\"@id\":\"https:\\\/\\\/www.eldigitaldeasturias.com\\\/noticias\\\/#website\"},\"breadcrumb\":{\"@id\":\"https:\\\/\\\/www.eldigitaldeasturias.com\\\/noticias\\\/descenso-de-visitantes-en-la-fiesta-de-la-cerveza-de-munich\\\/#breadcrumblist\"},\"author\":{\"@id\":\"https:\\\/\\\/www.eldigitaldeasturias.com\\\/noticias\\\/author\\\/admin\\\/#author\"},\"creator\":{\"@id\":\"https:\\\/\\\/www.eldigitaldeasturias.com\\\/noticias\\\/author\\\/admin\\\/#author\"},\"image\":{\"@type\":\"ImageObject\",\"url\":\"https:\\\/\\\/www.eldigitaldeasturias.com\\\/noticias\\\/wp-content\\\/uploads\\\/2014\\\/11\\\/Aromas-de-la-cerveza.jpg\",\"@id\":\"https:\\\/\\\/www.eldigitaldeasturias.com\\\/noticias\\\/descenso-de-visitantes-en-la-fiesta-de-la-cerveza-de-munich\\\/#mainImage\",\"width\":570,\"height\":380},\"primaryImageOfPage\":{\"@id\":\"https:\\\/\\\/www.eldigitaldeasturias.com\\\/noticias\\\/descenso-de-visitantes-en-la-fiesta-de-la-cerveza-de-munich\\\/#mainImage\"},\"datePublished\":\"2016-09-20T00:14:43+02:00\",\"dateModified\":\"2016-09-20T00:14:43+02:00\"},{\"@type\":\"WebSite\",\"@id\":\"https:\\\/\\\/www.eldigitaldeasturias.com\\\/noticias\\\/#website\",\"url\":\"https:\\\/\\\/www.eldigitaldeasturias.com\\\/noticias\\\/\",\"name\":\"El Digital de Asturias - Diario de actualidad y noticias\",\"alternateName\":\"El Digital de Asturias - Diario de actualidad y noticias\",\"description\":\"Hemeroteca\",\"inLanguage\":\"es-ES\",\"publisher\":{\"@id\":\"https:\\\/\\\/www.eldigitaldeasturias.com\\\/noticias\\\/#organization\"}}]}\n\t\t<\/script>\n\t\t<!-- All in One SEO Pro -->\r\n\t\t<title>Descenso de visitantes en la Fiesta de la Cerveza de M\u00fanich - El Digital de Asturias<\/title>\n\n","aioseo_head_json":{"title":"Descenso de visitantes en la Fiesta de la Cerveza de M\u00fanich - El Digital de Asturias","description":"M\u00fanich, 19 sep (dpa) - Cerca de medio mill\u00f3n de personas visitaron la Fiesta de la Cerveza de M\u00fanich en el primer fin de semana, la mitad que el a\u00f1o pasado, informaron los organizadores. La lluvia y las temperaturas frescas que pusieron fin al verano no acompa\u00f1aron el arranque de la tradicional \"Oktoberfest\". \"Pero el","canonical_url":"https:\/\/www.eldigitaldeasturias.com\/noticias\/descenso-de-visitantes-en-la-fiesta-de-la-cerveza-de-munich\/","robots":"max-image-preview:large","keywords":"revista de ocio","webmasterTools":{"google-site-verification":"UA-38556648-1","msvalidate.01":"7dfe9f3f1b24437ab69f4f2559babe99","miscellaneous":""},"schema":{"@context":"https:\/\/schema.org","@graph":[{"@type":"BlogPosting","@id":"https:\/\/www.eldigitaldeasturias.com\/noticias\/descenso-de-visitantes-en-la-fiesta-de-la-cerveza-de-munich\/#blogposting","name":"Descenso de visitantes en la Fiesta de la Cerveza de M\u00fanich - El Digital de Asturias","headline":"Descenso de visitantes en la Fiesta de la Cerveza de M\u00fanich","author":{"@id":"https:\/\/www.eldigitaldeasturias.com\/noticias\/author\/admin\/#author"},"publisher":{"@id":"https:\/\/www.eldigitaldeasturias.com\/noticias\/#organization"},"image":{"@type":"ImageObject","url":"https:\/\/www.eldigitaldeasturias.com\/noticias\/wp-content\/uploads\/2014\/11\/Aromas-de-la-cerveza.jpg","width":570,"height":380},"datePublished":"2016-09-20T00:14:43+02:00","dateModified":"2016-09-20T00:14:43+02:00","inLanguage":"es-ES","mainEntityOfPage":{"@id":"https:\/\/www.eldigitaldeasturias.com\/noticias\/descenso-de-visitantes-en-la-fiesta-de-la-cerveza-de-munich\/#webpage"},"isPartOf":{"@id":"https:\/\/www.eldigitaldeasturias.com\/noticias\/descenso-de-visitantes-en-la-fiesta-de-la-cerveza-de-munich\/#webpage"},"articleSection":"Revista de Ocio"},{"@type":"BreadcrumbList","@id":"https:\/\/www.eldigitaldeasturias.com\/noticias\/descenso-de-visitantes-en-la-fiesta-de-la-cerveza-de-munich\/#breadcrumblist","itemListElement":[{"@type":"ListItem","@id":"https:\/\/www.eldigitaldeasturias.com\/noticias#listItem","position":1,"name":"Home","item":"https:\/\/www.eldigitaldeasturias.com\/noticias","nextItem":{"@type":"ListItem","@id":"https:\/\/www.eldigitaldeasturias.com\/noticias\/category\/revista-de-ocio\/#listItem","name":"Revista de Ocio"}},{"@type":"ListItem","@id":"https:\/\/www.eldigitaldeasturias.com\/noticias\/category\/revista-de-ocio\/#listItem","position":2,"name":"Revista de Ocio","item":"https:\/\/www.eldigitaldeasturias.com\/noticias\/category\/revista-de-ocio\/","nextItem":{"@type":"ListItem","@id":"https:\/\/www.eldigitaldeasturias.com\/noticias\/descenso-de-visitantes-en-la-fiesta-de-la-cerveza-de-munich\/#listItem","name":"Descenso de visitantes en la Fiesta de la Cerveza de M\u00fanich"},"previousItem":{"@type":"ListItem","@id":"https:\/\/www.eldigitaldeasturias.com\/noticias#listItem","name":"Home"}},{"@type":"ListItem","@id":"https:\/\/www.eldigitaldeasturias.com\/noticias\/descenso-de-visitantes-en-la-fiesta-de-la-cerveza-de-munich\/#listItem","position":3,"name":"Descenso de visitantes en la Fiesta de la Cerveza de M\u00fanich","previousItem":{"@type":"ListItem","@id":"https:\/\/www.eldigitaldeasturias.com\/noticias\/category\/revista-de-ocio\/#listItem","name":"Revista de Ocio"}}]},{"@type":"Organization","@id":"https:\/\/www.eldigitaldeasturias.com\/noticias\/#organization","name":"El Digital de Asturias","description":"Hemeroteca","url":"https:\/\/www.eldigitaldeasturias.com\/noticias\/","email":"info@eldigitaldeasturias.com","telephone":"+34652131393","logo":{"@type":"ImageObject","url":"https:\/\/www.eldigitaldeasturias.com\/noticias\/wp-content\/uploads\/2020\/12\/EDA.jpg","@id":"https:\/\/www.eldigitaldeasturias.com\/noticias\/descenso-de-visitantes-en-la-fiesta-de-la-cerveza-de-munich\/#organizationLogo","width":649,"height":297},"image":{"@id":"https:\/\/www.eldigitaldeasturias.com\/noticias\/descenso-de-visitantes-en-la-fiesta-de-la-cerveza-de-munich\/#organizationLogo"},"sameAs":["https:\/\/facebook.com\/eldigitaldeasturias","https:\/\/www.youtube.com\/channel\/UCZP-2wLEB9Rv6erhFmqVnvg"],"address":{"@id":"https:\/\/www.eldigitaldeasturias.com\/noticias\/#postaladdress","@type":"PostalAddress","streetAddress":"san antonio 4,","postalCode":"33430","addressLocality":"Cand\u00e1s","addressRegion":"Asturias","addressCountry":"ES"}},{"@type":"Person","@id":"https:\/\/www.eldigitaldeasturias.com\/noticias\/author\/admin\/#author","url":"https:\/\/www.eldigitaldeasturias.com\/noticias\/author\/admin\/","name":"El Digital de Asturias","image":{"@type":"ImageObject","@id":"https:\/\/www.eldigitaldeasturias.com\/noticias\/descenso-de-visitantes-en-la-fiesta-de-la-cerveza-de-munich\/#authorImage","url":"https:\/\/www.eldigitaldeasturias.com\/noticias\/wp-content\/litespeed\/avatar\/18677e78aa0546b92d9dbf31ec7d7668.jpg?ver=1777290358","width":96,"height":96,"caption":"El Digital de Asturias"}},{"@type":"WebPage","@id":"https:\/\/www.eldigitaldeasturias.com\/noticias\/descenso-de-visitantes-en-la-fiesta-de-la-cerveza-de-munich\/#webpage","url":"https:\/\/www.eldigitaldeasturias.com\/noticias\/descenso-de-visitantes-en-la-fiesta-de-la-cerveza-de-munich\/","name":"Descenso de visitantes en la Fiesta de la Cerveza de M\u00fanich - El Digital de Asturias","description":"M\u00fanich, 19 sep (dpa) - Cerca de medio mill\u00f3n de personas visitaron la Fiesta de la Cerveza de M\u00fanich en el primer fin de semana, la mitad que el a\u00f1o pasado, informaron los organizadores. La lluvia y las temperaturas frescas que pusieron fin al verano no acompa\u00f1aron el arranque de la tradicional \"Oktoberfest\". \"Pero el","inLanguage":"es-ES","isPartOf":{"@id":"https:\/\/www.eldigitaldeasturias.com\/noticias\/#website"},"breadcrumb":{"@id":"https:\/\/www.eldigitaldeasturias.com\/noticias\/descenso-de-visitantes-en-la-fiesta-de-la-cerveza-de-munich\/#breadcrumblist"},"author":{"@id":"https:\/\/www.eldigitaldeasturias.com\/noticias\/author\/admin\/#author"},"creator":{"@id":"https:\/\/www.eldigitaldeasturias.com\/noticias\/author\/admin\/#author"},"image":{"@type":"ImageObject","url":"https:\/\/www.eldigitaldeasturias.com\/noticias\/wp-content\/uploads\/2014\/11\/Aromas-de-la-cerveza.jpg","@id":"https:\/\/www.eldigitaldeasturias.com\/noticias\/descenso-de-visitantes-en-la-fiesta-de-la-cerveza-de-munich\/#mainImage","width":570,"height":380},"primaryImageOfPage":{"@id":"https:\/\/www.eldigitaldeasturias.com\/noticias\/descenso-de-visitantes-en-la-fiesta-de-la-cerveza-de-munich\/#mainImage"},"datePublished":"2016-09-20T00:14:43+02:00","dateModified":"2016-09-20T00:14:43+02:00"},{"@type":"WebSite","@id":"https:\/\/www.eldigitaldeasturias.com\/noticias\/#website","url":"https:\/\/www.eldigitaldeasturias.com\/noticias\/","name":"El Digital de Asturias - Diario de actualidad y noticias","alternateName":"El Digital de Asturias - Diario de actualidad y noticias","description":"Hemeroteca","inLanguage":"es-ES","publisher":{"@id":"https:\/\/www.eldigitaldeasturias.com\/noticias\/#organization"}}]},"og:locale":"es_ES","og:site_name":"El Digital de Asturias","og:type":"article","og:title":"Descenso de visitantes en la Fiesta de la Cerveza de M\u00fanich - El Digital de Asturias","og:description":"M\u00fanich, 19 sep (dpa) - Cerca de medio mill\u00f3n de personas visitaron la Fiesta de la Cerveza de M\u00fanich en el primer fin de semana, la mitad que el a\u00f1o pasado, informaron los organizadores. La lluvia y las temperaturas frescas que pusieron fin al verano no acompa\u00f1aron el arranque de la tradicional &quot;Oktoberfest&quot;. &quot;Pero el","og:url":"https:\/\/www.eldigitaldeasturias.com\/noticias\/descenso-de-visitantes-en-la-fiesta-de-la-cerveza-de-munich\/","og:image":"https:\/\/www.eldigitaldeasturias.com\/noticias\/wp-content\/uploads\/2014\/11\/Aromas-de-la-cerveza.jpg","og:image:secure_url":"https:\/\/www.eldigitaldeasturias.com\/noticias\/wp-content\/uploads\/2014\/11\/Aromas-de-la-cerveza.jpg","og:image:width":570,"og:image:height":380,"article:tag":["revista de ocio"],"article:published_time":"2016-09-19T23:14:43+00:00","article:modified_time":"2016-09-19T23:14:43+00:00","article:publisher":"https:\/\/facebook.com\/eldigitaldeasturias","twitter:card":"summary_large_image","twitter:title":"Descenso de visitantes en la Fiesta de la Cerveza de M\u00fanich - El Digital de Asturias","twitter:description":"M\u00fanich, 19 sep (dpa) - Cerca de medio mill\u00f3n de personas visitaron la Fiesta de la Cerveza de M\u00fanich en el primer fin de semana, la mitad que el a\u00f1o pasado, informaron los organizadores. La lluvia y las temperaturas frescas que pusieron fin al verano no acompa\u00f1aron el arranque de la tradicional &quot;Oktoberfest&quot;. &quot;Pero el","twitter:image":"https:\/\/www.eldigitaldeasturias.com\/noticias\/wp-content\/uploads\/2014\/11\/Aromas-de-la-cerveza.jpg","twitter:label1":"Escrito por","twitter:data1":"El Digital de Asturias","twitter:label2":"Tiempo de lectura estimado","twitter:data2":"1 minuto"},"aioseo_meta_data":{"post_id":"908558","title":null,"description":null,"keywords":null,"keyphrases":null,"primary_term":null,"canonical_url":null,"og_title":null,"og_description":null,"og_object_type":"default","og_image_type":"default","og_image_url":null,"og_image_width":null,"og_image_height":null,"og_image_custom_url":null,"og_image_custom_fields":null,"og_video":null,"og_custom_url":null,"og_article_section":null,"og_article_tags":null,"twitter_use_og":false,"twitter_card":"default","twitter_image_type":"default","twitter_image_url":null,"twitter_image_custom_url":null,"twitter_image_custom_fields":null,"twitter_title":null,"twitter_description":null,"schema":{"blockGraphs":[],"customGraphs":[],"default":{"data":{"Article":[],"Course":[],"Dataset":[],"FAQPage":[],"Movie":[],"Person":[],"Product":[],"ProductReview":[],"Car":[],"Recipe":[],"Service":[],"SoftwareApplication":[],"WebPage":[]},"graphName":"","isEnabled":true},"graphs":[],"defaultGraph":"","defaultPostTypeGraph":""},"schema_type":null,"schema_type_options":null,"pillar_content":false,"robots_default":true,"robots_noindex":false,"robots_noarchive":false,"robots_nosnippet":false,"robots_nofollow":false,"robots_noimageindex":false,"robots_noodp":false,"robots_notranslate":false,"robots_max_snippet":null,"robots_max_videopreview":null,"robots_max_imagepreview":"large","priority":null,"frequency":null,"local_seo":null,"seo_analyzer_scan_date":"2025-11-30 16:33:18","breadcrumb_settings":null,"limit_modified_date":false,"open_ai":null,"ai":null,"created":"2020-12-21 14:00:05","updated":"2025-11-30 16:33:18"},"aioseo_breadcrumb":"<div class=\"aioseo-breadcrumbs\"><span class=\"aioseo-breadcrumb\">\n\t<a href=\"https:\/\/www.eldigitaldeasturias.com\/noticias\" title=\"Home\">Home<\/a>\n<\/span><span class=\"aioseo-breadcrumb-separator\">\u2013<\/span><span class=\"aioseo-breadcrumb\">\n\t<a href=\"https:\/\/www.eldigitaldeasturias.com\/noticias\/category\/revista-de-ocio\/\" title=\"Revista de Ocio\">Revista de Ocio<\/a>\n<\/span><span class=\"aioseo-breadcrumb-separator\">\u2013<\/span><span class=\"aioseo-breadcrumb\">\n\t<a href=\"https:\/\/www.eldigitaldeasturias.com\/noticias\/descenso-de-visitantes-en-la-fiesta-de-la-cerveza-de-munich\/\" title=\"Descenso de visitantes en la Fiesta de la Cerveza de M\u00fanich\">Descenso de visitantes en la Fiesta de la Cerveza de M\u00fanich<\/a>\n<\/span><\/div>","aioseo_breadcrumb_json":[{"label":"Home","link":"https:\/\/www.eldigitaldeasturias.com\/noticias"},{"label":"Revista de Ocio","link":"https:\/\/www.eldigitaldeasturias.com\/noticias\/category\/revista-de-ocio\/"},{"label":"Descenso de visitantes en la Fiesta de la Cerveza de M\u00fanich","link":"https:\/\/www.eldigitaldeasturias.com\/noticias\/descenso-de-visitantes-en-la-fiesta-de-la-cerveza-de-munich\/"}],"_links":{"self":[{"href":"https:\/\/www.eldigitaldeasturias.com\/noticias\/wp-json\/wp\/v2\/posts\/908558","targetHints":{"allow":["GET"]}}],"collection":[{"href":"https:\/\/www.eldigitaldeasturias.com\/noticias\/wp-json\/wp\/v2\/posts"}],"about":[{"href":"https:\/\/www.eldigitaldeasturias.com\/noticias\/wp-json\/wp\/v2\/types\/post"}],"author":[{"embeddable":true,"href":"https:\/\/www.eldigitaldeasturias.com\/noticias\/wp-json\/wp\/v2\/users\/1"}],"replies":[{"embeddable":true,"href":"https:\/\/www.eldigitaldeasturias.com\/noticias\/wp-json\/wp\/v2\/comments?post=908558"}],"version-history":[{"count":0,"href":"https:\/\/www.eldigitaldeasturias.com\/noticias\/wp-json\/wp\/v2\/posts\/908558\/revisions"}],"wp:featuredmedia":[{"embeddable":true,"href":"https:\/\/www.eldigitaldeasturias.com\/noticias\/wp-json\/wp\/v2\/media\/672157"}],"wp:attachment":[{"href":"https:\/\/www.eldigitaldeasturias.com\/noticias\/wp-json\/wp\/v2\/media?parent=908558"}],"wp:term":[{"taxonomy":"category","embeddable":true,"href":"https:\/\/www.eldigitaldeasturias.com\/noticias\/wp-json\/wp\/v2\/categories?post=908558"},{"taxonomy":"post_tag","embeddable":true,"href":"https:\/\/www.eldigitaldeasturias.com\/noticias\/wp-json\/wp\/v2\/tags?post=908558"}],"curies":[{"name":"wp","href":"https:\/\/api.w.org\/{rel}","templated":true}]}}