{"id":908555,"date":"2016-09-20T00:12:20","date_gmt":"2016-09-19T23:12:20","guid":{"rendered":"http:\/\/www.eldigitaldeasturias.com\/noticias\/?p=908555"},"modified":"2016-09-20T00:12:20","modified_gmt":"2016-09-19T23:12:20","slug":"quini-cualquier-sintoma-por-poco-que-sea-merece-la-pena-acudir-al-medico","status":"publish","type":"post","link":"https:\/\/www.eldigitaldeasturias.com\/noticias\/quini-cualquier-sintoma-por-poco-que-sea-merece-la-pena-acudir-al-medico\/","title":{"rendered":"Quini: \u00abCualquier s\u00edntoma, por poco que sea, merece la pena acudir al m\u00e9dico\u00bb"},"content":{"rendered":"<p><img loading=\"lazy\" decoding=\"async\" class=\"alignleft size-medium wp-image-908556\" src=\"https:\/\/www.eldigitaldeasturias.com\/noticias\/wp-content\/uploads\/2016\/09\/fotonoticia_20160919142026_800-360x299.jpg\" alt=\"fotonoticia_20160919142026_800\" width=\"360\" height=\"299\" srcset=\"https:\/\/www.eldigitaldeasturias.com\/noticias\/wp-content\/uploads\/2016\/09\/fotonoticia_20160919142026_800-360x299.jpg 360w, https:\/\/www.eldigitaldeasturias.com\/noticias\/wp-content\/uploads\/2016\/09\/fotonoticia_20160919142026_800-768x637.jpg 768w, https:\/\/www.eldigitaldeasturias.com\/noticias\/wp-content\/uploads\/2016\/09\/fotonoticia_20160919142026_800-650x540.jpg 650w, https:\/\/www.eldigitaldeasturias.com\/noticias\/wp-content\/uploads\/2016\/09\/fotonoticia_20160919142026_800-265x220.jpg 265w, https:\/\/www.eldigitaldeasturias.com\/noticias\/wp-content\/uploads\/2016\/09\/fotonoticia_20160919142026_800.jpg 800w\" sizes=\"auto, (max-width: 360px) 100vw, 360px\" \/>El exfutbolista espa\u00f1ol Enrique Castro \u00abQuini\u00bb ha reconocido este lunes que \u00absiempre hay que intentar salir adelante\u00bb, tras serle diagnosticado en 2006 un tumor en la garganta del que fue operado en dos ocasiones, por lo que aconseja que con \u00abcualquier s\u00edntoma, por poco que sea, merece la pena acudir al m\u00e9dico\u00bb.<\/p>\n<p>\u00abCualquier s\u00edntoma por poco que sea, merece la pena ir al m\u00e9dico. Cogi\u00e9ndolo a tiempo, la mayor\u00eda de los c\u00e1nceres son curables y hay un porcentaje elevado de salir sanos cogi\u00e9ndolo a tiempo. Cuando no hay soluci\u00f3n, no la hay, pero siempre hay que intentar salir adelante\u00bb, reconoci\u00f3 el exjugador asturiano del Sporting de Gij\u00f3n y FC Barcelona en el acto enmarcado dentro de la Semana Europea de C\u00e1ncer de Cabeza y Cuello (EHNS) que tuvo lugar en el restaurante madrile\u00f1o &#8216;La Tasquer\u00eda&#8217;.<\/p>\n<p>El evento fue organizado por la Fundaci\u00f3n Merck Salud y participaron el Jefe del Servicio de Oncolog\u00eda M\u00e9dica del Hospital Universitario de Salamanca, el doctor Juan Jes\u00fas Cruz, la Jefa del Servicio de Oncolog\u00eda M\u00e9dica del Hospital General Universitario Gregorio Mara\u00f1\u00f3n de Madrid, la doctora Yolanda Escobar y la Presidenta Ejecutiva de la Fundaci\u00f3n Merck Salud, Carmen Gonz\u00e1lez Madrid.<\/p>\n<p>\u00abMe empez\u00f3 a salir como un pelo atravesado en la garganta y no se me quitaba. Un especialista me dijo que hab\u00eda que quitarlo lo antes posible. Lo que menos pensaba es que la infecci\u00f3n ser\u00eda de un c\u00e1ncer. Despu\u00e9s, tuve que estar enganchado a una m\u00e1quina en un hospital en Barcelona durante 33 semanas, donde me operaron y gracias a Dios estoy aqu\u00ed\u00bb, declar\u00f3 la leyenda sportinguista, cinco veces m\u00e1ximo goleador de la Primera Divisi\u00f3n.<\/p>\n<p>&#8216;Quini&#8217; confes\u00f3 que le apareci\u00f3 \u00abun pelo\u00bb que no se le quitaba tras tomar durante m\u00e1s de una semana \u00abantibi\u00f3tico de lunes a viernes\u00bb. \u00abEl especialista me dijo que hab\u00eda que quitarlo lo antes posible, que era urgente., pero lo que menos pensaba es que la infecci\u00f3n ser\u00eda de un c\u00e1ncer. Me oper\u00f3 el Doctor Carlos Su\u00e1rez, que, para m\u00ed, siempre ser\u00e1 un fen\u00f3meno\u00bb, manifest\u00f3.<\/p>\n<p>Del mismo modo, el asturiano se\u00f1al\u00f3 que al \u00aba\u00f1o y medio\u00bb de la intervenci\u00f3n, en una de las visitas que hac\u00eda cada tres meses, el m\u00e9dico le se\u00f1al\u00f3 que hab\u00eda que \u00aboperar otra vez\u00bb y que la \u00absegunda operaci\u00f3n iba a ser m\u00e1s complicada\u00bb.<\/p>\n<p>\u00abNo duele lo que tiene que doler para que uno sabe. Ahora, a la menor cosa que me duele, voy al m\u00e9dico. Yo llevo una vida normal, cada seis meses voy a Barcelona a revisi\u00f3n y una vez al a\u00f1o voy a Oviedo\u00bb, se\u00f1al\u00f3 &#8216;Quini&#8217;, para asegurar que se deben de solucionar lo \u00abantes posible\u00bb los problemas de salud.<\/p>\n<p>&nbsp;<\/p>\n","protected":false},"excerpt":{"rendered":"<p>El exfutbolista espa\u00f1ol Enrique Castro \u00abQuini\u00bb ha reconocido este lunes que \u00absiempre hay que intentar salir adelante\u00bb, tras serle diagnosticado en 2006 un tumor en la garganta del que fue operado en dos ocasiones, por lo que aconseja que con \u00abcualquier s\u00edntoma, por poco que sea, merece la pena acudir al m\u00e9dico\u00bb. \u00abCualquier s\u00edntoma por [&hellip;]<\/p>\n","protected":false},"author":1,"featured_media":908556,"comment_status":"closed","ping_status":"closed","sticky":false,"template":"","format":"standard","meta":{"footnotes":""},"categories":[28],"tags":[],"class_list":["post-908555","post","type-post","status-publish","format-standard","has-post-thumbnail","hentry","category-sociedad"],"aioseo_notices":[],"aioseo_head":"\n\t\t<!-- All in One SEO Pro 4.9.6.2 - aioseo.com -->\n\t<meta name=\"description\" content=\"El exfutbolista espa\u00f1ol Enrique Castro &quot;Quini&quot; ha reconocido este lunes que &quot;siempre hay que intentar salir adelante&quot;, tras serle diagnosticado en 2006 un tumor en la garganta del que fue operado en dos ocasiones, por lo que aconseja que con &quot;cualquier s\u00edntoma, por poco que sea, merece la pena acudir al m\u00e9dico&quot;. &quot;Cualquier s\u00edntoma por\" \/>\n\t<meta name=\"robots\" content=\"max-image-preview:large\" \/>\n\t<meta name=\"author\" content=\"El Digital de Asturias\"\/>\n\t<meta name=\"google-site-verification\" content=\"UA-38556648-1\" \/>\n\t<meta name=\"msvalidate.01\" content=\"7dfe9f3f1b24437ab69f4f2559babe99\" \/>\n\t<meta name=\"keywords\" content=\"sociedad\" \/>\n\t<link rel=\"canonical\" href=\"https:\/\/www.eldigitaldeasturias.com\/noticias\/quini-cualquier-sintoma-por-poco-que-sea-merece-la-pena-acudir-al-medico\/\" \/>\n\t<meta name=\"generator\" content=\"All in One SEO Pro (AIOSEO) 4.9.6.2\" \/>\n\t\t<meta property=\"og:locale\" content=\"es_ES\" \/>\n\t\t<meta property=\"og:site_name\" content=\"El Digital de Asturias\" \/>\n\t\t<meta property=\"og:type\" content=\"article\" \/>\n\t\t<meta property=\"og:title\" content=\"Quini: \u00abCualquier s\u00edntoma, por poco que sea, merece la pena acudir al m\u00e9dico\u00bb - El Digital de Asturias\" \/>\n\t\t<meta property=\"og:description\" content=\"El exfutbolista espa\u00f1ol Enrique Castro &quot;Quini&quot; ha reconocido este lunes que &quot;siempre hay que intentar salir adelante&quot;, tras serle diagnosticado en 2006 un tumor en la garganta del que fue operado en dos ocasiones, por lo que aconseja que con &quot;cualquier s\u00edntoma, por poco que sea, merece la pena acudir al m\u00e9dico&quot;. &quot;Cualquier s\u00edntoma por\" \/>\n\t\t<meta property=\"og:url\" content=\"https:\/\/www.eldigitaldeasturias.com\/noticias\/quini-cualquier-sintoma-por-poco-que-sea-merece-la-pena-acudir-al-medico\/\" \/>\n\t\t<meta property=\"og:image\" content=\"https:\/\/www.eldigitaldeasturias.com\/noticias\/wp-content\/uploads\/2016\/09\/fotonoticia_20160919142026_800.jpg\" \/>\n\t\t<meta property=\"og:image:secure_url\" content=\"https:\/\/www.eldigitaldeasturias.com\/noticias\/wp-content\/uploads\/2016\/09\/fotonoticia_20160919142026_800.jpg\" \/>\n\t\t<meta property=\"og:image:width\" content=\"800\" \/>\n\t\t<meta property=\"og:image:height\" content=\"664\" \/>\n\t\t<meta property=\"article:tag\" content=\"sociedad\" \/>\n\t\t<meta property=\"article:published_time\" content=\"2016-09-19T23:12:20+00:00\" \/>\n\t\t<meta property=\"article:modified_time\" content=\"2016-09-19T23:12:20+00:00\" \/>\n\t\t<meta property=\"article:publisher\" content=\"https:\/\/facebook.com\/eldigitaldeasturias\" \/>\n\t\t<meta name=\"twitter:card\" content=\"summary_large_image\" \/>\n\t\t<meta name=\"twitter:title\" content=\"Quini: \u00abCualquier s\u00edntoma, por poco que sea, merece la pena acudir al m\u00e9dico\u00bb - El Digital de Asturias\" \/>\n\t\t<meta name=\"twitter:description\" content=\"El exfutbolista espa\u00f1ol Enrique Castro &quot;Quini&quot; ha reconocido este lunes que &quot;siempre hay que intentar salir adelante&quot;, tras serle diagnosticado en 2006 un tumor en la garganta del que fue operado en dos ocasiones, por lo que aconseja que con &quot;cualquier s\u00edntoma, por poco que sea, merece la pena acudir al m\u00e9dico&quot;. &quot;Cualquier s\u00edntoma por\" \/>\n\t\t<meta name=\"twitter:image\" content=\"https:\/\/www.eldigitaldeasturias.com\/noticias\/wp-content\/uploads\/2016\/09\/fotonoticia_20160919142026_800.jpg\" \/>\n\t\t<meta name=\"twitter:label1\" content=\"Escrito por\" \/>\n\t\t<meta name=\"twitter:data1\" content=\"El Digital de Asturias\" \/>\n\t\t<meta name=\"twitter:label2\" content=\"Tiempo de lectura estimado\" \/>\n\t\t<meta name=\"twitter:data2\" content=\"2 minutos\" \/>\n\t\t<script type=\"application\/ld+json\" class=\"aioseo-schema\">\n\t\t\t{\"@context\":\"https:\\\/\\\/schema.org\",\"@graph\":[{\"@type\":\"BlogPosting\",\"@id\":\"https:\\\/\\\/www.eldigitaldeasturias.com\\\/noticias\\\/quini-cualquier-sintoma-por-poco-que-sea-merece-la-pena-acudir-al-medico\\\/#blogposting\",\"name\":\"Quini: \\u00abCualquier s\\u00edntoma, por poco que sea, merece la pena acudir al m\\u00e9dico\\u00bb - El Digital de Asturias\",\"headline\":\"Quini: \\u00abCualquier s\\u00edntoma, por poco que sea, merece la pena acudir al m\\u00e9dico\\u00bb\",\"author\":{\"@id\":\"https:\\\/\\\/www.eldigitaldeasturias.com\\\/noticias\\\/author\\\/admin\\\/#author\"},\"publisher\":{\"@id\":\"https:\\\/\\\/www.eldigitaldeasturias.com\\\/noticias\\\/#organization\"},\"image\":{\"@type\":\"ImageObject\",\"url\":\"https:\\\/\\\/www.eldigitaldeasturias.com\\\/noticias\\\/wp-content\\\/uploads\\\/2016\\\/09\\\/fotonoticia_20160919142026_800.jpg\",\"width\":800,\"height\":664},\"datePublished\":\"2016-09-20T00:12:20+02:00\",\"dateModified\":\"2016-09-20T00:12:20+02:00\",\"inLanguage\":\"es-ES\",\"mainEntityOfPage\":{\"@id\":\"https:\\\/\\\/www.eldigitaldeasturias.com\\\/noticias\\\/quini-cualquier-sintoma-por-poco-que-sea-merece-la-pena-acudir-al-medico\\\/#webpage\"},\"isPartOf\":{\"@id\":\"https:\\\/\\\/www.eldigitaldeasturias.com\\\/noticias\\\/quini-cualquier-sintoma-por-poco-que-sea-merece-la-pena-acudir-al-medico\\\/#webpage\"},\"articleSection\":\"Sociedad\"},{\"@type\":\"BreadcrumbList\",\"@id\":\"https:\\\/\\\/www.eldigitaldeasturias.com\\\/noticias\\\/quini-cualquier-sintoma-por-poco-que-sea-merece-la-pena-acudir-al-medico\\\/#breadcrumblist\",\"itemListElement\":[{\"@type\":\"ListItem\",\"@id\":\"https:\\\/\\\/www.eldigitaldeasturias.com\\\/noticias#listItem\",\"position\":1,\"name\":\"Home\",\"item\":\"https:\\\/\\\/www.eldigitaldeasturias.com\\\/noticias\",\"nextItem\":{\"@type\":\"ListItem\",\"@id\":\"https:\\\/\\\/www.eldigitaldeasturias.com\\\/noticias\\\/category\\\/sociedad\\\/#listItem\",\"name\":\"Sociedad\"}},{\"@type\":\"ListItem\",\"@id\":\"https:\\\/\\\/www.eldigitaldeasturias.com\\\/noticias\\\/category\\\/sociedad\\\/#listItem\",\"position\":2,\"name\":\"Sociedad\",\"item\":\"https:\\\/\\\/www.eldigitaldeasturias.com\\\/noticias\\\/category\\\/sociedad\\\/\",\"nextItem\":{\"@type\":\"ListItem\",\"@id\":\"https:\\\/\\\/www.eldigitaldeasturias.com\\\/noticias\\\/quini-cualquier-sintoma-por-poco-que-sea-merece-la-pena-acudir-al-medico\\\/#listItem\",\"name\":\"Quini: \\u00abCualquier s\\u00edntoma, por poco que sea, merece la pena acudir al m\\u00e9dico\\u00bb\"},\"previousItem\":{\"@type\":\"ListItem\",\"@id\":\"https:\\\/\\\/www.eldigitaldeasturias.com\\\/noticias#listItem\",\"name\":\"Home\"}},{\"@type\":\"ListItem\",\"@id\":\"https:\\\/\\\/www.eldigitaldeasturias.com\\\/noticias\\\/quini-cualquier-sintoma-por-poco-que-sea-merece-la-pena-acudir-al-medico\\\/#listItem\",\"position\":3,\"name\":\"Quini: \\u00abCualquier s\\u00edntoma, por poco que sea, merece la pena acudir al m\\u00e9dico\\u00bb\",\"previousItem\":{\"@type\":\"ListItem\",\"@id\":\"https:\\\/\\\/www.eldigitaldeasturias.com\\\/noticias\\\/category\\\/sociedad\\\/#listItem\",\"name\":\"Sociedad\"}}]},{\"@type\":\"Organization\",\"@id\":\"https:\\\/\\\/www.eldigitaldeasturias.com\\\/noticias\\\/#organization\",\"name\":\"El Digital de Asturias\",\"description\":\"Hemeroteca\",\"url\":\"https:\\\/\\\/www.eldigitaldeasturias.com\\\/noticias\\\/\",\"email\":\"info@eldigitaldeasturias.com\",\"telephone\":\"+34652131393\",\"logo\":{\"@type\":\"ImageObject\",\"url\":\"https:\\\/\\\/www.eldigitaldeasturias.com\\\/noticias\\\/wp-content\\\/uploads\\\/2020\\\/12\\\/EDA.jpg\",\"@id\":\"https:\\\/\\\/www.eldigitaldeasturias.com\\\/noticias\\\/quini-cualquier-sintoma-por-poco-que-sea-merece-la-pena-acudir-al-medico\\\/#organizationLogo\",\"width\":649,\"height\":297},\"image\":{\"@id\":\"https:\\\/\\\/www.eldigitaldeasturias.com\\\/noticias\\\/quini-cualquier-sintoma-por-poco-que-sea-merece-la-pena-acudir-al-medico\\\/#organizationLogo\"},\"sameAs\":[\"https:\\\/\\\/facebook.com\\\/eldigitaldeasturias\",\"https:\\\/\\\/www.youtube.com\\\/channel\\\/UCZP-2wLEB9Rv6erhFmqVnvg\"],\"address\":{\"@id\":\"https:\\\/\\\/www.eldigitaldeasturias.com\\\/noticias\\\/#postaladdress\",\"@type\":\"PostalAddress\",\"streetAddress\":\"san antonio 4,\",\"postalCode\":\"33430\",\"addressLocality\":\"Cand\\u00e1s\",\"addressRegion\":\"Asturias\",\"addressCountry\":\"ES\"}},{\"@type\":\"Person\",\"@id\":\"https:\\\/\\\/www.eldigitaldeasturias.com\\\/noticias\\\/author\\\/admin\\\/#author\",\"url\":\"https:\\\/\\\/www.eldigitaldeasturias.com\\\/noticias\\\/author\\\/admin\\\/\",\"name\":\"El Digital de Asturias\",\"image\":{\"@type\":\"ImageObject\",\"@id\":\"https:\\\/\\\/www.eldigitaldeasturias.com\\\/noticias\\\/quini-cualquier-sintoma-por-poco-que-sea-merece-la-pena-acudir-al-medico\\\/#authorImage\",\"url\":\"https:\\\/\\\/www.eldigitaldeasturias.com\\\/noticias\\\/wp-content\\\/litespeed\\\/avatar\\\/18677e78aa0546b92d9dbf31ec7d7668.jpg?ver=1777290358\",\"width\":96,\"height\":96,\"caption\":\"El Digital de Asturias\"}},{\"@type\":\"WebPage\",\"@id\":\"https:\\\/\\\/www.eldigitaldeasturias.com\\\/noticias\\\/quini-cualquier-sintoma-por-poco-que-sea-merece-la-pena-acudir-al-medico\\\/#webpage\",\"url\":\"https:\\\/\\\/www.eldigitaldeasturias.com\\\/noticias\\\/quini-cualquier-sintoma-por-poco-que-sea-merece-la-pena-acudir-al-medico\\\/\",\"name\":\"Quini: \\u00abCualquier s\\u00edntoma, por poco que sea, merece la pena acudir al m\\u00e9dico\\u00bb - El Digital de Asturias\",\"description\":\"El exfutbolista espa\\u00f1ol Enrique Castro \\\"Quini\\\" ha reconocido este lunes que \\\"siempre hay que intentar salir adelante\\\", tras serle diagnosticado en 2006 un tumor en la garganta del que fue operado en dos ocasiones, por lo que aconseja que con \\\"cualquier s\\u00edntoma, por poco que sea, merece la pena acudir al m\\u00e9dico\\\". \\\"Cualquier s\\u00edntoma por\",\"inLanguage\":\"es-ES\",\"isPartOf\":{\"@id\":\"https:\\\/\\\/www.eldigitaldeasturias.com\\\/noticias\\\/#website\"},\"breadcrumb\":{\"@id\":\"https:\\\/\\\/www.eldigitaldeasturias.com\\\/noticias\\\/quini-cualquier-sintoma-por-poco-que-sea-merece-la-pena-acudir-al-medico\\\/#breadcrumblist\"},\"author\":{\"@id\":\"https:\\\/\\\/www.eldigitaldeasturias.com\\\/noticias\\\/author\\\/admin\\\/#author\"},\"creator\":{\"@id\":\"https:\\\/\\\/www.eldigitaldeasturias.com\\\/noticias\\\/author\\\/admin\\\/#author\"},\"image\":{\"@type\":\"ImageObject\",\"url\":\"https:\\\/\\\/www.eldigitaldeasturias.com\\\/noticias\\\/wp-content\\\/uploads\\\/2016\\\/09\\\/fotonoticia_20160919142026_800.jpg\",\"@id\":\"https:\\\/\\\/www.eldigitaldeasturias.com\\\/noticias\\\/quini-cualquier-sintoma-por-poco-que-sea-merece-la-pena-acudir-al-medico\\\/#mainImage\",\"width\":800,\"height\":664},\"primaryImageOfPage\":{\"@id\":\"https:\\\/\\\/www.eldigitaldeasturias.com\\\/noticias\\\/quini-cualquier-sintoma-por-poco-que-sea-merece-la-pena-acudir-al-medico\\\/#mainImage\"},\"datePublished\":\"2016-09-20T00:12:20+02:00\",\"dateModified\":\"2016-09-20T00:12:20+02:00\"},{\"@type\":\"WebSite\",\"@id\":\"https:\\\/\\\/www.eldigitaldeasturias.com\\\/noticias\\\/#website\",\"url\":\"https:\\\/\\\/www.eldigitaldeasturias.com\\\/noticias\\\/\",\"name\":\"El Digital de Asturias - Diario de actualidad y noticias\",\"alternateName\":\"El Digital de Asturias - Diario de actualidad y noticias\",\"description\":\"Hemeroteca\",\"inLanguage\":\"es-ES\",\"publisher\":{\"@id\":\"https:\\\/\\\/www.eldigitaldeasturias.com\\\/noticias\\\/#organization\"}}]}\n\t\t<\/script>\n\t\t<!-- All in One SEO Pro -->\r\n\t\t<title>Quini: \u00abCualquier s\u00edntoma, por poco que sea, merece la pena acudir al m\u00e9dico\u00bb - El Digital de Asturias<\/title>\n\n","aioseo_head_json":{"title":"Quini: \u00abCualquier s\u00edntoma, por poco que sea, merece la pena acudir al m\u00e9dico\u00bb - El Digital de Asturias","description":"El exfutbolista espa\u00f1ol Enrique Castro \"Quini\" ha reconocido este lunes que \"siempre hay que intentar salir adelante\", tras serle diagnosticado en 2006 un tumor en la garganta del que fue operado en dos ocasiones, por lo que aconseja que con \"cualquier s\u00edntoma, por poco que sea, merece la pena acudir al m\u00e9dico\". \"Cualquier s\u00edntoma por","canonical_url":"https:\/\/www.eldigitaldeasturias.com\/noticias\/quini-cualquier-sintoma-por-poco-que-sea-merece-la-pena-acudir-al-medico\/","robots":"max-image-preview:large","keywords":"sociedad","webmasterTools":{"google-site-verification":"UA-38556648-1","msvalidate.01":"7dfe9f3f1b24437ab69f4f2559babe99","miscellaneous":""},"schema":{"@context":"https:\/\/schema.org","@graph":[{"@type":"BlogPosting","@id":"https:\/\/www.eldigitaldeasturias.com\/noticias\/quini-cualquier-sintoma-por-poco-que-sea-merece-la-pena-acudir-al-medico\/#blogposting","name":"Quini: \u00abCualquier s\u00edntoma, por poco que sea, merece la pena acudir al m\u00e9dico\u00bb - El Digital de Asturias","headline":"Quini: \u00abCualquier s\u00edntoma, por poco que sea, merece la pena acudir al m\u00e9dico\u00bb","author":{"@id":"https:\/\/www.eldigitaldeasturias.com\/noticias\/author\/admin\/#author"},"publisher":{"@id":"https:\/\/www.eldigitaldeasturias.com\/noticias\/#organization"},"image":{"@type":"ImageObject","url":"https:\/\/www.eldigitaldeasturias.com\/noticias\/wp-content\/uploads\/2016\/09\/fotonoticia_20160919142026_800.jpg","width":800,"height":664},"datePublished":"2016-09-20T00:12:20+02:00","dateModified":"2016-09-20T00:12:20+02:00","inLanguage":"es-ES","mainEntityOfPage":{"@id":"https:\/\/www.eldigitaldeasturias.com\/noticias\/quini-cualquier-sintoma-por-poco-que-sea-merece-la-pena-acudir-al-medico\/#webpage"},"isPartOf":{"@id":"https:\/\/www.eldigitaldeasturias.com\/noticias\/quini-cualquier-sintoma-por-poco-que-sea-merece-la-pena-acudir-al-medico\/#webpage"},"articleSection":"Sociedad"},{"@type":"BreadcrumbList","@id":"https:\/\/www.eldigitaldeasturias.com\/noticias\/quini-cualquier-sintoma-por-poco-que-sea-merece-la-pena-acudir-al-medico\/#breadcrumblist","itemListElement":[{"@type":"ListItem","@id":"https:\/\/www.eldigitaldeasturias.com\/noticias#listItem","position":1,"name":"Home","item":"https:\/\/www.eldigitaldeasturias.com\/noticias","nextItem":{"@type":"ListItem","@id":"https:\/\/www.eldigitaldeasturias.com\/noticias\/category\/sociedad\/#listItem","name":"Sociedad"}},{"@type":"ListItem","@id":"https:\/\/www.eldigitaldeasturias.com\/noticias\/category\/sociedad\/#listItem","position":2,"name":"Sociedad","item":"https:\/\/www.eldigitaldeasturias.com\/noticias\/category\/sociedad\/","nextItem":{"@type":"ListItem","@id":"https:\/\/www.eldigitaldeasturias.com\/noticias\/quini-cualquier-sintoma-por-poco-que-sea-merece-la-pena-acudir-al-medico\/#listItem","name":"Quini: \u00abCualquier s\u00edntoma, por poco que sea, merece la pena acudir al m\u00e9dico\u00bb"},"previousItem":{"@type":"ListItem","@id":"https:\/\/www.eldigitaldeasturias.com\/noticias#listItem","name":"Home"}},{"@type":"ListItem","@id":"https:\/\/www.eldigitaldeasturias.com\/noticias\/quini-cualquier-sintoma-por-poco-que-sea-merece-la-pena-acudir-al-medico\/#listItem","position":3,"name":"Quini: \u00abCualquier s\u00edntoma, por poco que sea, merece la pena acudir al m\u00e9dico\u00bb","previousItem":{"@type":"ListItem","@id":"https:\/\/www.eldigitaldeasturias.com\/noticias\/category\/sociedad\/#listItem","name":"Sociedad"}}]},{"@type":"Organization","@id":"https:\/\/www.eldigitaldeasturias.com\/noticias\/#organization","name":"El Digital de Asturias","description":"Hemeroteca","url":"https:\/\/www.eldigitaldeasturias.com\/noticias\/","email":"info@eldigitaldeasturias.com","telephone":"+34652131393","logo":{"@type":"ImageObject","url":"https:\/\/www.eldigitaldeasturias.com\/noticias\/wp-content\/uploads\/2020\/12\/EDA.jpg","@id":"https:\/\/www.eldigitaldeasturias.com\/noticias\/quini-cualquier-sintoma-por-poco-que-sea-merece-la-pena-acudir-al-medico\/#organizationLogo","width":649,"height":297},"image":{"@id":"https:\/\/www.eldigitaldeasturias.com\/noticias\/quini-cualquier-sintoma-por-poco-que-sea-merece-la-pena-acudir-al-medico\/#organizationLogo"},"sameAs":["https:\/\/facebook.com\/eldigitaldeasturias","https:\/\/www.youtube.com\/channel\/UCZP-2wLEB9Rv6erhFmqVnvg"],"address":{"@id":"https:\/\/www.eldigitaldeasturias.com\/noticias\/#postaladdress","@type":"PostalAddress","streetAddress":"san antonio 4,","postalCode":"33430","addressLocality":"Cand\u00e1s","addressRegion":"Asturias","addressCountry":"ES"}},{"@type":"Person","@id":"https:\/\/www.eldigitaldeasturias.com\/noticias\/author\/admin\/#author","url":"https:\/\/www.eldigitaldeasturias.com\/noticias\/author\/admin\/","name":"El Digital de Asturias","image":{"@type":"ImageObject","@id":"https:\/\/www.eldigitaldeasturias.com\/noticias\/quini-cualquier-sintoma-por-poco-que-sea-merece-la-pena-acudir-al-medico\/#authorImage","url":"https:\/\/www.eldigitaldeasturias.com\/noticias\/wp-content\/litespeed\/avatar\/18677e78aa0546b92d9dbf31ec7d7668.jpg?ver=1777290358","width":96,"height":96,"caption":"El Digital de Asturias"}},{"@type":"WebPage","@id":"https:\/\/www.eldigitaldeasturias.com\/noticias\/quini-cualquier-sintoma-por-poco-que-sea-merece-la-pena-acudir-al-medico\/#webpage","url":"https:\/\/www.eldigitaldeasturias.com\/noticias\/quini-cualquier-sintoma-por-poco-que-sea-merece-la-pena-acudir-al-medico\/","name":"Quini: \u00abCualquier s\u00edntoma, por poco que sea, merece la pena acudir al m\u00e9dico\u00bb - El Digital de Asturias","description":"El exfutbolista espa\u00f1ol Enrique Castro \"Quini\" ha reconocido este lunes que \"siempre hay que intentar salir adelante\", tras serle diagnosticado en 2006 un tumor en la garganta del que fue operado en dos ocasiones, por lo que aconseja que con \"cualquier s\u00edntoma, por poco que sea, merece la pena acudir al m\u00e9dico\". \"Cualquier s\u00edntoma por","inLanguage":"es-ES","isPartOf":{"@id":"https:\/\/www.eldigitaldeasturias.com\/noticias\/#website"},"breadcrumb":{"@id":"https:\/\/www.eldigitaldeasturias.com\/noticias\/quini-cualquier-sintoma-por-poco-que-sea-merece-la-pena-acudir-al-medico\/#breadcrumblist"},"author":{"@id":"https:\/\/www.eldigitaldeasturias.com\/noticias\/author\/admin\/#author"},"creator":{"@id":"https:\/\/www.eldigitaldeasturias.com\/noticias\/author\/admin\/#author"},"image":{"@type":"ImageObject","url":"https:\/\/www.eldigitaldeasturias.com\/noticias\/wp-content\/uploads\/2016\/09\/fotonoticia_20160919142026_800.jpg","@id":"https:\/\/www.eldigitaldeasturias.com\/noticias\/quini-cualquier-sintoma-por-poco-que-sea-merece-la-pena-acudir-al-medico\/#mainImage","width":800,"height":664},"primaryImageOfPage":{"@id":"https:\/\/www.eldigitaldeasturias.com\/noticias\/quini-cualquier-sintoma-por-poco-que-sea-merece-la-pena-acudir-al-medico\/#mainImage"},"datePublished":"2016-09-20T00:12:20+02:00","dateModified":"2016-09-20T00:12:20+02:00"},{"@type":"WebSite","@id":"https:\/\/www.eldigitaldeasturias.com\/noticias\/#website","url":"https:\/\/www.eldigitaldeasturias.com\/noticias\/","name":"El Digital de Asturias - Diario de actualidad y noticias","alternateName":"El Digital de Asturias - Diario de actualidad y noticias","description":"Hemeroteca","inLanguage":"es-ES","publisher":{"@id":"https:\/\/www.eldigitaldeasturias.com\/noticias\/#organization"}}]},"og:locale":"es_ES","og:site_name":"El Digital de Asturias","og:type":"article","og:title":"Quini: \u00abCualquier s\u00edntoma, por poco que sea, merece la pena acudir al m\u00e9dico\u00bb - El Digital de Asturias","og:description":"El exfutbolista espa\u00f1ol Enrique Castro &quot;Quini&quot; ha reconocido este lunes que &quot;siempre hay que intentar salir adelante&quot;, tras serle diagnosticado en 2006 un tumor en la garganta del que fue operado en dos ocasiones, por lo que aconseja que con &quot;cualquier s\u00edntoma, por poco que sea, merece la pena acudir al m\u00e9dico&quot;. &quot;Cualquier s\u00edntoma por","og:url":"https:\/\/www.eldigitaldeasturias.com\/noticias\/quini-cualquier-sintoma-por-poco-que-sea-merece-la-pena-acudir-al-medico\/","og:image":"https:\/\/www.eldigitaldeasturias.com\/noticias\/wp-content\/uploads\/2016\/09\/fotonoticia_20160919142026_800.jpg","og:image:secure_url":"https:\/\/www.eldigitaldeasturias.com\/noticias\/wp-content\/uploads\/2016\/09\/fotonoticia_20160919142026_800.jpg","og:image:width":800,"og:image:height":664,"article:tag":["sociedad"],"article:published_time":"2016-09-19T23:12:20+00:00","article:modified_time":"2016-09-19T23:12:20+00:00","article:publisher":"https:\/\/facebook.com\/eldigitaldeasturias","twitter:card":"summary_large_image","twitter:title":"Quini: \u00abCualquier s\u00edntoma, por poco que sea, merece la pena acudir al m\u00e9dico\u00bb - El Digital de Asturias","twitter:description":"El exfutbolista espa\u00f1ol Enrique Castro &quot;Quini&quot; ha reconocido este lunes que &quot;siempre hay que intentar salir adelante&quot;, tras serle diagnosticado en 2006 un tumor en la garganta del que fue operado en dos ocasiones, por lo que aconseja que con &quot;cualquier s\u00edntoma, por poco que sea, merece la pena acudir al m\u00e9dico&quot;. &quot;Cualquier s\u00edntoma por","twitter:image":"https:\/\/www.eldigitaldeasturias.com\/noticias\/wp-content\/uploads\/2016\/09\/fotonoticia_20160919142026_800.jpg","twitter:label1":"Escrito por","twitter:data1":"El Digital de Asturias","twitter:label2":"Tiempo de lectura estimado","twitter:data2":"2 minutos"},"aioseo_meta_data":{"post_id":"908555","title":null,"description":null,"keywords":null,"keyphrases":null,"primary_term":null,"canonical_url":null,"og_title":null,"og_description":null,"og_object_type":"default","og_image_type":"default","og_image_url":null,"og_image_width":null,"og_image_height":null,"og_image_custom_url":null,"og_image_custom_fields":null,"og_video":null,"og_custom_url":null,"og_article_section":null,"og_article_tags":null,"twitter_use_og":false,"twitter_card":"default","twitter_image_type":"default","twitter_image_url":null,"twitter_image_custom_url":null,"twitter_image_custom_fields":null,"twitter_title":null,"twitter_description":null,"schema":{"blockGraphs":[],"customGraphs":[],"default":{"data":{"Article":[],"Course":[],"Dataset":[],"FAQPage":[],"Movie":[],"Person":[],"Product":[],"ProductReview":[],"Car":[],"Recipe":[],"Service":[],"SoftwareApplication":[],"WebPage":[]},"graphName":"","isEnabled":true},"graphs":[],"defaultGraph":"","defaultPostTypeGraph":""},"schema_type":null,"schema_type_options":null,"pillar_content":false,"robots_default":true,"robots_noindex":false,"robots_noarchive":false,"robots_nosnippet":false,"robots_nofollow":false,"robots_noimageindex":false,"robots_noodp":false,"robots_notranslate":false,"robots_max_snippet":null,"robots_max_videopreview":null,"robots_max_imagepreview":"large","priority":null,"frequency":null,"local_seo":null,"seo_analyzer_scan_date":"2025-11-30 16:33:18","breadcrumb_settings":null,"limit_modified_date":false,"open_ai":null,"ai":null,"created":"2020-12-21 14:00:05","updated":"2025-11-30 16:33:18"},"aioseo_breadcrumb":"<div class=\"aioseo-breadcrumbs\"><span class=\"aioseo-breadcrumb\">\n\t<a href=\"https:\/\/www.eldigitaldeasturias.com\/noticias\" title=\"Home\">Home<\/a>\n<\/span><span class=\"aioseo-breadcrumb-separator\">\u2013<\/span><span class=\"aioseo-breadcrumb\">\n\t<a href=\"https:\/\/www.eldigitaldeasturias.com\/noticias\/category\/sociedad\/\" title=\"Sociedad\">Sociedad<\/a>\n<\/span><span class=\"aioseo-breadcrumb-separator\">\u2013<\/span><span class=\"aioseo-breadcrumb\">\n\t<a href=\"https:\/\/www.eldigitaldeasturias.com\/noticias\/quini-cualquier-sintoma-por-poco-que-sea-merece-la-pena-acudir-al-medico\/\" title=\"Quini: \u00abCualquier s\u00edntoma, por poco que sea, merece la pena acudir al m\u00e9dico\u00bb\">Quini: \u00abCualquier s\u00edntoma, por poco que sea, merece la pena acudir al m\u00e9dico\u00bb<\/a>\n<\/span><\/div>","aioseo_breadcrumb_json":[{"label":"Home","link":"https:\/\/www.eldigitaldeasturias.com\/noticias"},{"label":"Sociedad","link":"https:\/\/www.eldigitaldeasturias.com\/noticias\/category\/sociedad\/"},{"label":"Quini: \u00abCualquier s\u00edntoma, por poco que sea, merece la pena acudir al m\u00e9dico\u00bb","link":"https:\/\/www.eldigitaldeasturias.com\/noticias\/quini-cualquier-sintoma-por-poco-que-sea-merece-la-pena-acudir-al-medico\/"}],"_links":{"self":[{"href":"https:\/\/www.eldigitaldeasturias.com\/noticias\/wp-json\/wp\/v2\/posts\/908555","targetHints":{"allow":["GET"]}}],"collection":[{"href":"https:\/\/www.eldigitaldeasturias.com\/noticias\/wp-json\/wp\/v2\/posts"}],"about":[{"href":"https:\/\/www.eldigitaldeasturias.com\/noticias\/wp-json\/wp\/v2\/types\/post"}],"author":[{"embeddable":true,"href":"https:\/\/www.eldigitaldeasturias.com\/noticias\/wp-json\/wp\/v2\/users\/1"}],"replies":[{"embeddable":true,"href":"https:\/\/www.eldigitaldeasturias.com\/noticias\/wp-json\/wp\/v2\/comments?post=908555"}],"version-history":[{"count":0,"href":"https:\/\/www.eldigitaldeasturias.com\/noticias\/wp-json\/wp\/v2\/posts\/908555\/revisions"}],"wp:featuredmedia":[{"embeddable":true,"href":"https:\/\/www.eldigitaldeasturias.com\/noticias\/wp-json\/wp\/v2\/media\/908556"}],"wp:attachment":[{"href":"https:\/\/www.eldigitaldeasturias.com\/noticias\/wp-json\/wp\/v2\/media?parent=908555"}],"wp:term":[{"taxonomy":"category","embeddable":true,"href":"https:\/\/www.eldigitaldeasturias.com\/noticias\/wp-json\/wp\/v2\/categories?post=908555"},{"taxonomy":"post_tag","embeddable":true,"href":"https:\/\/www.eldigitaldeasturias.com\/noticias\/wp-json\/wp\/v2\/tags?post=908555"}],"curies":[{"name":"wp","href":"https:\/\/api.w.org\/{rel}","templated":true}]}}