{"id":908551,"date":"2016-09-20T00:06:51","date_gmt":"2016-09-19T23:06:51","guid":{"rendered":"http:\/\/www.eldigitaldeasturias.com\/noticias\/?p=908551"},"modified":"2016-09-20T00:06:51","modified_gmt":"2016-09-19T23:06:51","slug":"el-hundimiento-de-merkel-en-berlin","status":"publish","type":"post","link":"https:\/\/www.eldigitaldeasturias.com\/noticias\/el-hundimiento-de-merkel-en-berlin\/","title":{"rendered":"El \u201chundimiento\u201d de Merkel en Berl\u00edn"},"content":{"rendered":"<p><img loading=\"lazy\" decoding=\"async\" class=\"alignleft size-full wp-image-469165\" src=\"https:\/\/www.eldigitaldeasturias.com\/noticias\/wp-content\/uploads\/2014\/01\/merkel2.jpg\" alt=\"merkel2\" width=\"239\" height=\"320\" \/>Berl\u00edn, (dpa) &#8211; El partido dem\u00f3cratacristiano (CDU) que preside la canciller Angela Merkel sell\u00f3 hoy su peor resultado electoral en la capital germana desde el final de la Segunda Guerra Mundial coincidiendo con un nuevo \u00e9xito electoral del partido populista de derechas Alternativa para Alemania (AfD).<\/p>\n<p>Con un 13,8 por ciento de los votos, seg\u00fan resultados provisionales, la formaci\u00f3n de tinte xen\u00f3fobo entr\u00f3 este domingo en el d\u00e9cimo parlamento regional de los 16 que hay en el pa\u00eds, confirmando que viene pisando fuerte de cara a las elecciones federales que se celebrar\u00e1n en Alemania en oto\u00f1o del pr\u00f3ximo a\u00f1o.<\/p>\n<p>\u00abEl verdadero ganador es AfD. Lo que hemos conseguido hoy en Berl\u00edn es \u00fanico\u00bb, dijo exultante el l\u00edder de la formaci\u00f3n ultraconservadora en la capital alemana, Georg Pazderski.<\/p>\n<p>El co-presidente del partido, J\u00f6rg Meuthen, comparti\u00f3 tambi\u00e9n esta visi\u00f3n triunfalista se\u00f1alando que, con m\u00e1s de un 10 por ciento del apoyo, AfD demuestra que ya es un partido establecido en el panorama pol\u00edtico germano.<\/p>\n<p>Las elecciones de Berl\u00edn muestran, de nuevo, que la p\u00e9rdida de apoyos a la formaci\u00f3n que lidera Angela Merkel no es pasajera. Con un 17,7 por ciento de los apoyos, la CDU registr\u00f3 una ca\u00edda de casi seis puntos porcentuales en relaci\u00f3n a los comicios de 2011.<\/p>\n<p>No en vano, este nuevo rev\u00e9s registrado en unos comicios regionales, un m\u00ednimo hist\u00f3rico en Berl\u00edn, confirma la tendencia que viene acompa\u00f1ando a la CDU durante todo 2016: cada vez que hay una cita electoral, la formaci\u00f3n de Merkel sufre una nueva sangr\u00eda de votos.<\/p>\n<p>En esta ocasi\u00f3n, al descenso de apoyos, la Uni\u00f3n Cristianodem\u00f3crata debe sumar tambi\u00e9n la p\u00e9rdida de un Gobierno, dado que hasta ahora el partido de Merkel reg\u00eda en coalici\u00f3n con los socialdem\u00f3cratas (SPD) en la ciudad-Estado, pero su ca\u00edda en las urnas le impide jugar un papel destacado en la formaci\u00f3n de un nuevo Ejecutivo.<\/p>\n<p>Tambi\u00e9n sufre una importante ca\u00edda el partido socialdem\u00f3crata (SPD), que pese a ello, se mantiene como la fuerza m\u00e1s votada en Berl\u00edn y logra seguir gobernando. As\u00ed, su respaldo en las urnas descendi\u00f3 del 28,3 por ciento registrado en 2011 al 21,9 por ciento, seg\u00fan datos provisionales.<\/p>\n<p>Por lo dem\u00e1s, Los Verdes se situar\u00e1n como tercera fuerza pol\u00edtica en Berl\u00edn durante los pr\u00f3ximos cinco a\u00f1os, con un 15,3 por ciento del apoyo.<\/p>\n<p>La Izquierda, un partido integrado por comunistas de la antigua Alemania del este, logr\u00f3 aumentar su respaldo en relaci\u00f3n a los comicios del 2011. As\u00ed, hace cinco a\u00f1os lograba un 11,7 por ciento de los votos y hoy sub\u00eda hasta el 15,6 por ciento. Los Liberales lograron un 6,7 por ciento del sufragio.<\/p>\n<p>Otro dato destacado de la jornada fue la desaparici\u00f3n de la c\u00e1mara regional del Partido Pirata, que hace cinco a\u00f1os lograba ilusionar a casi un nueve por ciento de los votantes con propuestas innovadoras sobre Internet.<\/p>\n<p>As\u00ed las cosas, tal y como avanzaban la pasada semana los sondeos, parece claro que el SPD se mantendr\u00e1 en el Gobierno de la ciudad-Estado aunque deber\u00e1 buscar nuevos socios para integrar un tripartito.<\/p>\n<p>Los expertos apuntan a una coalici\u00f3n roji-roji-verde liderada por el actual alcalde, el socialdem\u00f3crata Michael M\u00fcller, y en la que tambi\u00e9n estar\u00edan Los Verdes y la formaci\u00f3n La Izquierda, como la opci\u00f3n m\u00e1s probable.<\/p>\n<p>Algunos analistas, adem\u00e1s, ya ven en esta nueva f\u00f3rmula con tres partidos una especie de experimento de cara a las elecciones federales del pr\u00f3ximo a\u00f1o, momento en el que se pondr\u00eda de manifiesto la necesidad de apostar por nuevas constelaciones de Gobierno y se confirmar\u00eda el fin del sistema bipartidista en Alemania.<\/p>\n<p>Justo un a\u00f1o despu\u00e9s de la hist\u00f3rica decisi\u00f3n de abrir las fronteras a los ciudadanos sirios que hu\u00edan de la guerra y cuando resta tambi\u00e9n un a\u00f1o para los comicios federales, Merkel ve como los populistas de derechas le van comiendo terreno con un discurso fundamentalmente centrado en la cr\u00edtica a su gesti\u00f3n de la crisis migratoria.<\/p>\n<p>El partido ultraconservador, nacido en 2013 como un partido euroesc\u00e9ptico y que algunos ya daban por muerto hace poco m\u00e1s de un a\u00f1o, ha sellado durante este a\u00f1o sus mejores resultados electorales gracias a su postura anti-refugiados y de tintes xen\u00f3fobos.<\/p>\n<p>Hace tan solo dos semanas, AfD logr\u00f3 desbancar a la CDU de Merkel como segunda fuerza pol\u00edtica en Mecklemburgo-Pomerania Occidental, la regi\u00f3n en la que se encuentra el distrito electoral de la canciller.<\/p>\n<p>En ese entonces, la mandataria asumi\u00f3 la responsabilidad por la derrota de su formaci\u00f3n y reconoci\u00f3 que los resultados arrojados en las urnas estaban relacionados con la pol\u00edtica de refugiados.<\/p>\n<p>Cerca de 2,48 millones de personas estaban llamadas hoy a las urnas en Berl\u00edn. La participaci\u00f3n aument\u00f3 este a\u00f1o de forma notable en relaci\u00f3n a 2011. As\u00ed, del 60, 2 por ciento de hace cinco a\u00f1os pas\u00f3 al 67,3 por ciento en estas elecciones.<\/p>\n<p><span class=\" readonly\" title=\"\"><em>Por Mar\u00eda Prieto <\/em><\/span><\/p>\n<p>&nbsp;<\/p>\n","protected":false},"excerpt":{"rendered":"<p>Berl\u00edn, (dpa) &#8211; El partido dem\u00f3cratacristiano (CDU) que preside la canciller Angela Merkel sell\u00f3 hoy su peor resultado electoral en la capital germana desde el final de la Segunda Guerra Mundial coincidiendo con un nuevo \u00e9xito electoral del partido populista de derechas Alternativa para Alemania (AfD). Con un 13,8 por ciento de los votos, seg\u00fan [&hellip;]<\/p>\n","protected":false},"author":1,"featured_media":785345,"comment_status":"closed","ping_status":"closed","sticky":false,"template":"","format":"standard","meta":{"footnotes":""},"categories":[1],"tags":[],"class_list":["post-908551","post","type-post","status-publish","format-standard","has-post-thumbnail","hentry","category-actualidad"],"aioseo_notices":[],"aioseo_head":"\n\t\t<!-- All in One SEO Pro 4.9.6.2 - aioseo.com -->\n\t<meta name=\"description\" content=\"Berl\u00edn, (dpa) - El partido dem\u00f3cratacristiano (CDU) que preside la canciller Angela Merkel sell\u00f3 hoy su peor resultado electoral en la capital germana desde el final de la Segunda Guerra Mundial coincidiendo con un nuevo \u00e9xito electoral del partido populista de derechas Alternativa para Alemania (AfD). Con un 13,8 por ciento de los votos, seg\u00fan\" \/>\n\t<meta name=\"robots\" content=\"max-image-preview:large\" \/>\n\t<meta name=\"author\" content=\"El Digital de Asturias\"\/>\n\t<meta name=\"google-site-verification\" content=\"UA-38556648-1\" \/>\n\t<meta name=\"msvalidate.01\" content=\"7dfe9f3f1b24437ab69f4f2559babe99\" \/>\n\t<meta name=\"keywords\" content=\"actualidad\" \/>\n\t<link rel=\"canonical\" href=\"https:\/\/www.eldigitaldeasturias.com\/noticias\/el-hundimiento-de-merkel-en-berlin\/\" \/>\n\t<meta name=\"generator\" content=\"All in One SEO Pro (AIOSEO) 4.9.6.2\" \/>\n\t\t<meta property=\"og:locale\" content=\"es_ES\" \/>\n\t\t<meta property=\"og:site_name\" content=\"El Digital de Asturias\" \/>\n\t\t<meta property=\"og:type\" content=\"article\" \/>\n\t\t<meta property=\"og:title\" content=\"El \u201chundimiento\u201d de Merkel en Berl\u00edn - El Digital de Asturias\" \/>\n\t\t<meta property=\"og:description\" content=\"Berl\u00edn, (dpa) - El partido dem\u00f3cratacristiano (CDU) que preside la canciller Angela Merkel sell\u00f3 hoy su peor resultado electoral en la capital germana desde el final de la Segunda Guerra Mundial coincidiendo con un nuevo \u00e9xito electoral del partido populista de derechas Alternativa para Alemania (AfD). Con un 13,8 por ciento de los votos, seg\u00fan\" \/>\n\t\t<meta property=\"og:url\" content=\"https:\/\/www.eldigitaldeasturias.com\/noticias\/el-hundimiento-de-merkel-en-berlin\/\" \/>\n\t\t<meta property=\"og:image\" content=\"https:\/\/www.eldigitaldeasturias.com\/noticias\/wp-content\/uploads\/2015\/05\/urnas.jpg\" \/>\n\t\t<meta property=\"og:image:secure_url\" content=\"https:\/\/www.eldigitaldeasturias.com\/noticias\/wp-content\/uploads\/2015\/05\/urnas.jpg\" \/>\n\t\t<meta property=\"og:image:width\" content=\"800\" \/>\n\t\t<meta property=\"og:image:height\" content=\"675\" \/>\n\t\t<meta property=\"article:tag\" content=\"actualidad\" \/>\n\t\t<meta property=\"article:published_time\" content=\"2016-09-19T23:06:51+00:00\" \/>\n\t\t<meta property=\"article:modified_time\" content=\"2016-09-19T23:06:51+00:00\" \/>\n\t\t<meta property=\"article:publisher\" content=\"https:\/\/facebook.com\/eldigitaldeasturias\" \/>\n\t\t<meta name=\"twitter:card\" content=\"summary_large_image\" \/>\n\t\t<meta name=\"twitter:title\" content=\"El \u201chundimiento\u201d de Merkel en Berl\u00edn - El Digital de Asturias\" \/>\n\t\t<meta name=\"twitter:description\" content=\"Berl\u00edn, (dpa) - El partido dem\u00f3cratacristiano (CDU) que preside la canciller Angela Merkel sell\u00f3 hoy su peor resultado electoral en la capital germana desde el final de la Segunda Guerra Mundial coincidiendo con un nuevo \u00e9xito electoral del partido populista de derechas Alternativa para Alemania (AfD). Con un 13,8 por ciento de los votos, seg\u00fan\" \/>\n\t\t<meta name=\"twitter:image\" content=\"https:\/\/www.eldigitaldeasturias.com\/noticias\/wp-content\/uploads\/2015\/05\/urnas.jpg\" \/>\n\t\t<meta name=\"twitter:label1\" content=\"Escrito por\" \/>\n\t\t<meta name=\"twitter:data1\" content=\"El Digital de Asturias\" \/>\n\t\t<meta name=\"twitter:label2\" content=\"Tiempo de lectura estimado\" \/>\n\t\t<meta name=\"twitter:data2\" content=\"4 minutos\" \/>\n\t\t<script type=\"application\/ld+json\" class=\"aioseo-schema\">\n\t\t\t{\"@context\":\"https:\\\/\\\/schema.org\",\"@graph\":[{\"@type\":\"BlogPosting\",\"@id\":\"https:\\\/\\\/www.eldigitaldeasturias.com\\\/noticias\\\/el-hundimiento-de-merkel-en-berlin\\\/#blogposting\",\"name\":\"El \\u201chundimiento\\u201d de Merkel en Berl\\u00edn - El Digital de Asturias\",\"headline\":\"El \\u201chundimiento\\u201d de Merkel en Berl\\u00edn\",\"author\":{\"@id\":\"https:\\\/\\\/www.eldigitaldeasturias.com\\\/noticias\\\/author\\\/admin\\\/#author\"},\"publisher\":{\"@id\":\"https:\\\/\\\/www.eldigitaldeasturias.com\\\/noticias\\\/#organization\"},\"image\":{\"@type\":\"ImageObject\",\"url\":\"https:\\\/\\\/www.eldigitaldeasturias.com\\\/noticias\\\/wp-content\\\/uploads\\\/2015\\\/05\\\/urnas.jpg\",\"width\":800,\"height\":675},\"datePublished\":\"2016-09-20T00:06:51+02:00\",\"dateModified\":\"2016-09-20T00:06:51+02:00\",\"inLanguage\":\"es-ES\",\"mainEntityOfPage\":{\"@id\":\"https:\\\/\\\/www.eldigitaldeasturias.com\\\/noticias\\\/el-hundimiento-de-merkel-en-berlin\\\/#webpage\"},\"isPartOf\":{\"@id\":\"https:\\\/\\\/www.eldigitaldeasturias.com\\\/noticias\\\/el-hundimiento-de-merkel-en-berlin\\\/#webpage\"},\"articleSection\":\"Actualidad\"},{\"@type\":\"BreadcrumbList\",\"@id\":\"https:\\\/\\\/www.eldigitaldeasturias.com\\\/noticias\\\/el-hundimiento-de-merkel-en-berlin\\\/#breadcrumblist\",\"itemListElement\":[{\"@type\":\"ListItem\",\"@id\":\"https:\\\/\\\/www.eldigitaldeasturias.com\\\/noticias#listItem\",\"position\":1,\"name\":\"Home\",\"item\":\"https:\\\/\\\/www.eldigitaldeasturias.com\\\/noticias\",\"nextItem\":{\"@type\":\"ListItem\",\"@id\":\"https:\\\/\\\/www.eldigitaldeasturias.com\\\/noticias\\\/category\\\/actualidad\\\/#listItem\",\"name\":\"Actualidad\"}},{\"@type\":\"ListItem\",\"@id\":\"https:\\\/\\\/www.eldigitaldeasturias.com\\\/noticias\\\/category\\\/actualidad\\\/#listItem\",\"position\":2,\"name\":\"Actualidad\",\"item\":\"https:\\\/\\\/www.eldigitaldeasturias.com\\\/noticias\\\/category\\\/actualidad\\\/\",\"nextItem\":{\"@type\":\"ListItem\",\"@id\":\"https:\\\/\\\/www.eldigitaldeasturias.com\\\/noticias\\\/el-hundimiento-de-merkel-en-berlin\\\/#listItem\",\"name\":\"El \\u201chundimiento\\u201d de Merkel en Berl\\u00edn\"},\"previousItem\":{\"@type\":\"ListItem\",\"@id\":\"https:\\\/\\\/www.eldigitaldeasturias.com\\\/noticias#listItem\",\"name\":\"Home\"}},{\"@type\":\"ListItem\",\"@id\":\"https:\\\/\\\/www.eldigitaldeasturias.com\\\/noticias\\\/el-hundimiento-de-merkel-en-berlin\\\/#listItem\",\"position\":3,\"name\":\"El \\u201chundimiento\\u201d de Merkel en Berl\\u00edn\",\"previousItem\":{\"@type\":\"ListItem\",\"@id\":\"https:\\\/\\\/www.eldigitaldeasturias.com\\\/noticias\\\/category\\\/actualidad\\\/#listItem\",\"name\":\"Actualidad\"}}]},{\"@type\":\"Organization\",\"@id\":\"https:\\\/\\\/www.eldigitaldeasturias.com\\\/noticias\\\/#organization\",\"name\":\"El Digital de Asturias\",\"description\":\"Hemeroteca\",\"url\":\"https:\\\/\\\/www.eldigitaldeasturias.com\\\/noticias\\\/\",\"email\":\"info@eldigitaldeasturias.com\",\"telephone\":\"+34652131393\",\"logo\":{\"@type\":\"ImageObject\",\"url\":\"https:\\\/\\\/www.eldigitaldeasturias.com\\\/noticias\\\/wp-content\\\/uploads\\\/2020\\\/12\\\/EDA.jpg\",\"@id\":\"https:\\\/\\\/www.eldigitaldeasturias.com\\\/noticias\\\/el-hundimiento-de-merkel-en-berlin\\\/#organizationLogo\",\"width\":649,\"height\":297},\"image\":{\"@id\":\"https:\\\/\\\/www.eldigitaldeasturias.com\\\/noticias\\\/el-hundimiento-de-merkel-en-berlin\\\/#organizationLogo\"},\"sameAs\":[\"https:\\\/\\\/facebook.com\\\/eldigitaldeasturias\",\"https:\\\/\\\/www.youtube.com\\\/channel\\\/UCZP-2wLEB9Rv6erhFmqVnvg\"],\"address\":{\"@id\":\"https:\\\/\\\/www.eldigitaldeasturias.com\\\/noticias\\\/#postaladdress\",\"@type\":\"PostalAddress\",\"streetAddress\":\"san antonio 4,\",\"postalCode\":\"33430\",\"addressLocality\":\"Cand\\u00e1s\",\"addressRegion\":\"Asturias\",\"addressCountry\":\"ES\"}},{\"@type\":\"Person\",\"@id\":\"https:\\\/\\\/www.eldigitaldeasturias.com\\\/noticias\\\/author\\\/admin\\\/#author\",\"url\":\"https:\\\/\\\/www.eldigitaldeasturias.com\\\/noticias\\\/author\\\/admin\\\/\",\"name\":\"El Digital de Asturias\",\"image\":{\"@type\":\"ImageObject\",\"@id\":\"https:\\\/\\\/www.eldigitaldeasturias.com\\\/noticias\\\/el-hundimiento-de-merkel-en-berlin\\\/#authorImage\",\"url\":\"https:\\\/\\\/www.eldigitaldeasturias.com\\\/noticias\\\/wp-content\\\/litespeed\\\/avatar\\\/18677e78aa0546b92d9dbf31ec7d7668.jpg?ver=1777290358\",\"width\":96,\"height\":96,\"caption\":\"El Digital de Asturias\"}},{\"@type\":\"WebPage\",\"@id\":\"https:\\\/\\\/www.eldigitaldeasturias.com\\\/noticias\\\/el-hundimiento-de-merkel-en-berlin\\\/#webpage\",\"url\":\"https:\\\/\\\/www.eldigitaldeasturias.com\\\/noticias\\\/el-hundimiento-de-merkel-en-berlin\\\/\",\"name\":\"El \\u201chundimiento\\u201d de Merkel en Berl\\u00edn - El Digital de Asturias\",\"description\":\"Berl\\u00edn, (dpa) - El partido dem\\u00f3cratacristiano (CDU) que preside la canciller Angela Merkel sell\\u00f3 hoy su peor resultado electoral en la capital germana desde el final de la Segunda Guerra Mundial coincidiendo con un nuevo \\u00e9xito electoral del partido populista de derechas Alternativa para Alemania (AfD). Con un 13,8 por ciento de los votos, seg\\u00fan\",\"inLanguage\":\"es-ES\",\"isPartOf\":{\"@id\":\"https:\\\/\\\/www.eldigitaldeasturias.com\\\/noticias\\\/#website\"},\"breadcrumb\":{\"@id\":\"https:\\\/\\\/www.eldigitaldeasturias.com\\\/noticias\\\/el-hundimiento-de-merkel-en-berlin\\\/#breadcrumblist\"},\"author\":{\"@id\":\"https:\\\/\\\/www.eldigitaldeasturias.com\\\/noticias\\\/author\\\/admin\\\/#author\"},\"creator\":{\"@id\":\"https:\\\/\\\/www.eldigitaldeasturias.com\\\/noticias\\\/author\\\/admin\\\/#author\"},\"image\":{\"@type\":\"ImageObject\",\"url\":\"https:\\\/\\\/www.eldigitaldeasturias.com\\\/noticias\\\/wp-content\\\/uploads\\\/2015\\\/05\\\/urnas.jpg\",\"@id\":\"https:\\\/\\\/www.eldigitaldeasturias.com\\\/noticias\\\/el-hundimiento-de-merkel-en-berlin\\\/#mainImage\",\"width\":800,\"height\":675},\"primaryImageOfPage\":{\"@id\":\"https:\\\/\\\/www.eldigitaldeasturias.com\\\/noticias\\\/el-hundimiento-de-merkel-en-berlin\\\/#mainImage\"},\"datePublished\":\"2016-09-20T00:06:51+02:00\",\"dateModified\":\"2016-09-20T00:06:51+02:00\"},{\"@type\":\"WebSite\",\"@id\":\"https:\\\/\\\/www.eldigitaldeasturias.com\\\/noticias\\\/#website\",\"url\":\"https:\\\/\\\/www.eldigitaldeasturias.com\\\/noticias\\\/\",\"name\":\"El Digital de Asturias - Diario de actualidad y noticias\",\"alternateName\":\"El Digital de Asturias - Diario de actualidad y noticias\",\"description\":\"Hemeroteca\",\"inLanguage\":\"es-ES\",\"publisher\":{\"@id\":\"https:\\\/\\\/www.eldigitaldeasturias.com\\\/noticias\\\/#organization\"}}]}\n\t\t<\/script>\n\t\t<!-- All in One SEO Pro -->\r\n\t\t<title>El \u201chundimiento\u201d de Merkel en Berl\u00edn - El Digital de Asturias<\/title>\n\n","aioseo_head_json":{"title":"El \u201chundimiento\u201d de Merkel en Berl\u00edn - El Digital de Asturias","description":"Berl\u00edn, (dpa) - El partido dem\u00f3cratacristiano (CDU) que preside la canciller Angela Merkel sell\u00f3 hoy su peor resultado electoral en la capital germana desde el final de la Segunda Guerra Mundial coincidiendo con un nuevo \u00e9xito electoral del partido populista de derechas Alternativa para Alemania (AfD). Con un 13,8 por ciento de los votos, seg\u00fan","canonical_url":"https:\/\/www.eldigitaldeasturias.com\/noticias\/el-hundimiento-de-merkel-en-berlin\/","robots":"max-image-preview:large","keywords":"actualidad","webmasterTools":{"google-site-verification":"UA-38556648-1","msvalidate.01":"7dfe9f3f1b24437ab69f4f2559babe99","miscellaneous":""},"schema":{"@context":"https:\/\/schema.org","@graph":[{"@type":"BlogPosting","@id":"https:\/\/www.eldigitaldeasturias.com\/noticias\/el-hundimiento-de-merkel-en-berlin\/#blogposting","name":"El \u201chundimiento\u201d de Merkel en Berl\u00edn - El Digital de Asturias","headline":"El \u201chundimiento\u201d de Merkel en Berl\u00edn","author":{"@id":"https:\/\/www.eldigitaldeasturias.com\/noticias\/author\/admin\/#author"},"publisher":{"@id":"https:\/\/www.eldigitaldeasturias.com\/noticias\/#organization"},"image":{"@type":"ImageObject","url":"https:\/\/www.eldigitaldeasturias.com\/noticias\/wp-content\/uploads\/2015\/05\/urnas.jpg","width":800,"height":675},"datePublished":"2016-09-20T00:06:51+02:00","dateModified":"2016-09-20T00:06:51+02:00","inLanguage":"es-ES","mainEntityOfPage":{"@id":"https:\/\/www.eldigitaldeasturias.com\/noticias\/el-hundimiento-de-merkel-en-berlin\/#webpage"},"isPartOf":{"@id":"https:\/\/www.eldigitaldeasturias.com\/noticias\/el-hundimiento-de-merkel-en-berlin\/#webpage"},"articleSection":"Actualidad"},{"@type":"BreadcrumbList","@id":"https:\/\/www.eldigitaldeasturias.com\/noticias\/el-hundimiento-de-merkel-en-berlin\/#breadcrumblist","itemListElement":[{"@type":"ListItem","@id":"https:\/\/www.eldigitaldeasturias.com\/noticias#listItem","position":1,"name":"Home","item":"https:\/\/www.eldigitaldeasturias.com\/noticias","nextItem":{"@type":"ListItem","@id":"https:\/\/www.eldigitaldeasturias.com\/noticias\/category\/actualidad\/#listItem","name":"Actualidad"}},{"@type":"ListItem","@id":"https:\/\/www.eldigitaldeasturias.com\/noticias\/category\/actualidad\/#listItem","position":2,"name":"Actualidad","item":"https:\/\/www.eldigitaldeasturias.com\/noticias\/category\/actualidad\/","nextItem":{"@type":"ListItem","@id":"https:\/\/www.eldigitaldeasturias.com\/noticias\/el-hundimiento-de-merkel-en-berlin\/#listItem","name":"El \u201chundimiento\u201d de Merkel en Berl\u00edn"},"previousItem":{"@type":"ListItem","@id":"https:\/\/www.eldigitaldeasturias.com\/noticias#listItem","name":"Home"}},{"@type":"ListItem","@id":"https:\/\/www.eldigitaldeasturias.com\/noticias\/el-hundimiento-de-merkel-en-berlin\/#listItem","position":3,"name":"El \u201chundimiento\u201d de Merkel en Berl\u00edn","previousItem":{"@type":"ListItem","@id":"https:\/\/www.eldigitaldeasturias.com\/noticias\/category\/actualidad\/#listItem","name":"Actualidad"}}]},{"@type":"Organization","@id":"https:\/\/www.eldigitaldeasturias.com\/noticias\/#organization","name":"El Digital de Asturias","description":"Hemeroteca","url":"https:\/\/www.eldigitaldeasturias.com\/noticias\/","email":"info@eldigitaldeasturias.com","telephone":"+34652131393","logo":{"@type":"ImageObject","url":"https:\/\/www.eldigitaldeasturias.com\/noticias\/wp-content\/uploads\/2020\/12\/EDA.jpg","@id":"https:\/\/www.eldigitaldeasturias.com\/noticias\/el-hundimiento-de-merkel-en-berlin\/#organizationLogo","width":649,"height":297},"image":{"@id":"https:\/\/www.eldigitaldeasturias.com\/noticias\/el-hundimiento-de-merkel-en-berlin\/#organizationLogo"},"sameAs":["https:\/\/facebook.com\/eldigitaldeasturias","https:\/\/www.youtube.com\/channel\/UCZP-2wLEB9Rv6erhFmqVnvg"],"address":{"@id":"https:\/\/www.eldigitaldeasturias.com\/noticias\/#postaladdress","@type":"PostalAddress","streetAddress":"san antonio 4,","postalCode":"33430","addressLocality":"Cand\u00e1s","addressRegion":"Asturias","addressCountry":"ES"}},{"@type":"Person","@id":"https:\/\/www.eldigitaldeasturias.com\/noticias\/author\/admin\/#author","url":"https:\/\/www.eldigitaldeasturias.com\/noticias\/author\/admin\/","name":"El Digital de Asturias","image":{"@type":"ImageObject","@id":"https:\/\/www.eldigitaldeasturias.com\/noticias\/el-hundimiento-de-merkel-en-berlin\/#authorImage","url":"https:\/\/www.eldigitaldeasturias.com\/noticias\/wp-content\/litespeed\/avatar\/18677e78aa0546b92d9dbf31ec7d7668.jpg?ver=1777290358","width":96,"height":96,"caption":"El Digital de Asturias"}},{"@type":"WebPage","@id":"https:\/\/www.eldigitaldeasturias.com\/noticias\/el-hundimiento-de-merkel-en-berlin\/#webpage","url":"https:\/\/www.eldigitaldeasturias.com\/noticias\/el-hundimiento-de-merkel-en-berlin\/","name":"El \u201chundimiento\u201d de Merkel en Berl\u00edn - El Digital de Asturias","description":"Berl\u00edn, (dpa) - El partido dem\u00f3cratacristiano (CDU) que preside la canciller Angela Merkel sell\u00f3 hoy su peor resultado electoral en la capital germana desde el final de la Segunda Guerra Mundial coincidiendo con un nuevo \u00e9xito electoral del partido populista de derechas Alternativa para Alemania (AfD). Con un 13,8 por ciento de los votos, seg\u00fan","inLanguage":"es-ES","isPartOf":{"@id":"https:\/\/www.eldigitaldeasturias.com\/noticias\/#website"},"breadcrumb":{"@id":"https:\/\/www.eldigitaldeasturias.com\/noticias\/el-hundimiento-de-merkel-en-berlin\/#breadcrumblist"},"author":{"@id":"https:\/\/www.eldigitaldeasturias.com\/noticias\/author\/admin\/#author"},"creator":{"@id":"https:\/\/www.eldigitaldeasturias.com\/noticias\/author\/admin\/#author"},"image":{"@type":"ImageObject","url":"https:\/\/www.eldigitaldeasturias.com\/noticias\/wp-content\/uploads\/2015\/05\/urnas.jpg","@id":"https:\/\/www.eldigitaldeasturias.com\/noticias\/el-hundimiento-de-merkel-en-berlin\/#mainImage","width":800,"height":675},"primaryImageOfPage":{"@id":"https:\/\/www.eldigitaldeasturias.com\/noticias\/el-hundimiento-de-merkel-en-berlin\/#mainImage"},"datePublished":"2016-09-20T00:06:51+02:00","dateModified":"2016-09-20T00:06:51+02:00"},{"@type":"WebSite","@id":"https:\/\/www.eldigitaldeasturias.com\/noticias\/#website","url":"https:\/\/www.eldigitaldeasturias.com\/noticias\/","name":"El Digital de Asturias - Diario de actualidad y noticias","alternateName":"El Digital de Asturias - Diario de actualidad y noticias","description":"Hemeroteca","inLanguage":"es-ES","publisher":{"@id":"https:\/\/www.eldigitaldeasturias.com\/noticias\/#organization"}}]},"og:locale":"es_ES","og:site_name":"El Digital de Asturias","og:type":"article","og:title":"El \u201chundimiento\u201d de Merkel en Berl\u00edn - El Digital de Asturias","og:description":"Berl\u00edn, (dpa) - El partido dem\u00f3cratacristiano (CDU) que preside la canciller Angela Merkel sell\u00f3 hoy su peor resultado electoral en la capital germana desde el final de la Segunda Guerra Mundial coincidiendo con un nuevo \u00e9xito electoral del partido populista de derechas Alternativa para Alemania (AfD). Con un 13,8 por ciento de los votos, seg\u00fan","og:url":"https:\/\/www.eldigitaldeasturias.com\/noticias\/el-hundimiento-de-merkel-en-berlin\/","og:image":"https:\/\/www.eldigitaldeasturias.com\/noticias\/wp-content\/uploads\/2015\/05\/urnas.jpg","og:image:secure_url":"https:\/\/www.eldigitaldeasturias.com\/noticias\/wp-content\/uploads\/2015\/05\/urnas.jpg","og:image:width":800,"og:image:height":675,"article:tag":["actualidad"],"article:published_time":"2016-09-19T23:06:51+00:00","article:modified_time":"2016-09-19T23:06:51+00:00","article:publisher":"https:\/\/facebook.com\/eldigitaldeasturias","twitter:card":"summary_large_image","twitter:title":"El \u201chundimiento\u201d de Merkel en Berl\u00edn - El Digital de Asturias","twitter:description":"Berl\u00edn, (dpa) - El partido dem\u00f3cratacristiano (CDU) que preside la canciller Angela Merkel sell\u00f3 hoy su peor resultado electoral en la capital germana desde el final de la Segunda Guerra Mundial coincidiendo con un nuevo \u00e9xito electoral del partido populista de derechas Alternativa para Alemania (AfD). Con un 13,8 por ciento de los votos, seg\u00fan","twitter:image":"https:\/\/www.eldigitaldeasturias.com\/noticias\/wp-content\/uploads\/2015\/05\/urnas.jpg","twitter:label1":"Escrito por","twitter:data1":"El Digital de Asturias","twitter:label2":"Tiempo de lectura estimado","twitter:data2":"4 minutos"},"aioseo_meta_data":{"post_id":"908551","title":null,"description":null,"keywords":null,"keyphrases":null,"primary_term":null,"canonical_url":null,"og_title":null,"og_description":null,"og_object_type":"default","og_image_type":"default","og_image_url":null,"og_image_width":null,"og_image_height":null,"og_image_custom_url":null,"og_image_custom_fields":null,"og_video":null,"og_custom_url":null,"og_article_section":null,"og_article_tags":null,"twitter_use_og":false,"twitter_card":"default","twitter_image_type":"default","twitter_image_url":null,"twitter_image_custom_url":null,"twitter_image_custom_fields":null,"twitter_title":null,"twitter_description":null,"schema":{"blockGraphs":[],"customGraphs":[],"default":{"data":{"Article":[],"Course":[],"Dataset":[],"FAQPage":[],"Movie":[],"Person":[],"Product":[],"ProductReview":[],"Car":[],"Recipe":[],"Service":[],"SoftwareApplication":[],"WebPage":[]},"graphName":"","isEnabled":true},"graphs":[],"defaultGraph":"","defaultPostTypeGraph":""},"schema_type":null,"schema_type_options":null,"pillar_content":false,"robots_default":true,"robots_noindex":false,"robots_noarchive":false,"robots_nosnippet":false,"robots_nofollow":false,"robots_noimageindex":false,"robots_noodp":false,"robots_notranslate":false,"robots_max_snippet":null,"robots_max_videopreview":null,"robots_max_imagepreview":"large","priority":null,"frequency":null,"local_seo":null,"seo_analyzer_scan_date":"2025-11-30 16:31:25","breadcrumb_settings":null,"limit_modified_date":false,"open_ai":null,"ai":null,"created":"2020-12-21 14:00:05","updated":"2025-11-30 16:31:25"},"aioseo_breadcrumb":"<div class=\"aioseo-breadcrumbs\"><span class=\"aioseo-breadcrumb\">\n\t<a href=\"https:\/\/www.eldigitaldeasturias.com\/noticias\" title=\"Home\">Home<\/a>\n<\/span><span class=\"aioseo-breadcrumb-separator\">\u2013<\/span><span class=\"aioseo-breadcrumb\">\n\t<a href=\"https:\/\/www.eldigitaldeasturias.com\/noticias\/category\/actualidad\/\" title=\"Actualidad\">Actualidad<\/a>\n<\/span><span class=\"aioseo-breadcrumb-separator\">\u2013<\/span><span class=\"aioseo-breadcrumb\">\n\t<a href=\"https:\/\/www.eldigitaldeasturias.com\/noticias\/el-hundimiento-de-merkel-en-berlin\/\" title=\"El \u201chundimiento\u201d de Merkel en Berl\u00edn\">El \u201chundimiento\u201d de Merkel en Berl\u00edn<\/a>\n<\/span><\/div>","aioseo_breadcrumb_json":[{"label":"Home","link":"https:\/\/www.eldigitaldeasturias.com\/noticias"},{"label":"Actualidad","link":"https:\/\/www.eldigitaldeasturias.com\/noticias\/category\/actualidad\/"},{"label":"El \u201chundimiento\u201d de Merkel en Berl\u00edn","link":"https:\/\/www.eldigitaldeasturias.com\/noticias\/el-hundimiento-de-merkel-en-berlin\/"}],"_links":{"self":[{"href":"https:\/\/www.eldigitaldeasturias.com\/noticias\/wp-json\/wp\/v2\/posts\/908551","targetHints":{"allow":["GET"]}}],"collection":[{"href":"https:\/\/www.eldigitaldeasturias.com\/noticias\/wp-json\/wp\/v2\/posts"}],"about":[{"href":"https:\/\/www.eldigitaldeasturias.com\/noticias\/wp-json\/wp\/v2\/types\/post"}],"author":[{"embeddable":true,"href":"https:\/\/www.eldigitaldeasturias.com\/noticias\/wp-json\/wp\/v2\/users\/1"}],"replies":[{"embeddable":true,"href":"https:\/\/www.eldigitaldeasturias.com\/noticias\/wp-json\/wp\/v2\/comments?post=908551"}],"version-history":[{"count":0,"href":"https:\/\/www.eldigitaldeasturias.com\/noticias\/wp-json\/wp\/v2\/posts\/908551\/revisions"}],"wp:featuredmedia":[{"embeddable":true,"href":"https:\/\/www.eldigitaldeasturias.com\/noticias\/wp-json\/wp\/v2\/media\/785345"}],"wp:attachment":[{"href":"https:\/\/www.eldigitaldeasturias.com\/noticias\/wp-json\/wp\/v2\/media?parent=908551"}],"wp:term":[{"taxonomy":"category","embeddable":true,"href":"https:\/\/www.eldigitaldeasturias.com\/noticias\/wp-json\/wp\/v2\/categories?post=908551"},{"taxonomy":"post_tag","embeddable":true,"href":"https:\/\/www.eldigitaldeasturias.com\/noticias\/wp-json\/wp\/v2\/tags?post=908551"}],"curies":[{"name":"wp","href":"https:\/\/api.w.org\/{rel}","templated":true}]}}