{"id":908549,"date":"2016-09-20T00:04:23","date_gmt":"2016-09-19T23:04:23","guid":{"rendered":"http:\/\/www.eldigitaldeasturias.com\/noticias\/?p=908549"},"modified":"2016-09-20T00:04:23","modified_gmt":"2016-09-19T23:04:23","slug":"hertha-berlin-bate-al-schalke-por-2-0","status":"publish","type":"post","link":"https:\/\/www.eldigitaldeasturias.com\/noticias\/hertha-berlin-bate-al-schalke-por-2-0\/","title":{"rendered":"Hertha Berl\u00edn bate al Schalke por 2-0"},"content":{"rendered":"<p>(dpa) &#8211; El Hertha Berl\u00edn bati\u00f3 hoy por 2-0 al visitante Schalke y encaden\u00f3 la tercera victoria consecutiva para ubicarse en el segundo puesto de la tabla detr\u00e1s del puntero Bayern al completarse la tercera fecha del campeonato alem\u00e1n de f\u00fatbol.<\/p>\n<p>En el otro encuentro de la jornada, el Mainz super\u00f3 por 3-1 al local Augsburgo en un partido que acab\u00f3 con estupor generalizado por una seria lesi\u00f3n sufrida por Dominik Kohr del Augsburgo tras una brutal entrada del espa\u00f1ol Jos\u00e9 Rodr\u00edguez.<\/p>\n<p>En Berl\u00edn, Mitchell Weiser marc\u00f3 el primer gol para los anfitriones de la capital germana a los 64 minutos aprovechando un pase fallido de Benjamin Stambouli en el campo del Schalke.<\/p>\n<p>Nabil Bentaleb perdi\u00f3 el bal\u00f3n en el mediocampo diez minutos m\u00e1s tarde y Valentin Stocker coron\u00f3 un soberbio contragolpe del Hertha para sellar el 2-0.<\/p>\n<p>El Hertha tiene ahora nueve puntos y est\u00e1 detr\u00e1s del Bayern M\u00fanich, al que se enfrentar\u00e1 en M\u00fanich el mi\u00e9rcoles en fecha entre semana. El Schalke ha perdido todos sus duelos y est\u00e1 pen\u00faltimo.<\/p>\n<p>Con goles tard\u00edos de Yunus Malli y Yoshinori Muto, el Mainz se impuso 3-1 en su visita al Augsburgo y logr\u00f3 sus primeros tres puntos de la temporada en la Liga alemana de f\u00fatbol.<\/p>\n<p>Malli cabece\u00f3 a los 75 a las redes del Augsburgo para recuperar la ventaja para el Mainz dos minutos despu\u00e9s de que el griego Konstantinos Stafylidis firmara el empate para los locales.<\/p>\n<p>El colombiano Jhon C\u00f3rdoba abri\u00f3 el marcador a los siete minutos de cabeza y el suplente Muto asegur\u00f3 los puntos a los 81 antes de que el espa\u00f1ol Jos\u00e9 Rodr\u00edguez recibiera la tarjeta roja por una falta fuerte a Dominik Kohr en el descuento.<\/p>\n<p>La victoria permiti\u00f3 al Mainz avanzar al noveno puesto de la tabla, pero supo amarga por la falta de Rodr\u00edguez a Kohr, quien fue trasladado al hospital con una herida abierta en la tibia y el peron\u00e9 y probablemente sea baja por mucho tiempo.<\/p>\n<p>\u00abS\u00f3lo puedo pedir todas las disculpas posibles, tambi\u00e9n en nombre del equipo\u00bb, dijo el t\u00e9cnico del Mainz, Martin Schmidt. El jugador recibir\u00e1 la sanci\u00f3n adecuada, asegur\u00f3. M\u00e1s tarde, el Mainz public\u00f3 una disculpa de Rodr\u00edguez en su p\u00e1gina en la red social Facebook.<\/p>\n<p>El s\u00e1bado, el Bayern M\u00fanich remont\u00f3 una desventaja inicial para superar por 3-1 al vecino Ingolstadt y recuperar la cima del f\u00fatbol germano.<\/p>\n<p>&nbsp;<\/p>\n","protected":false},"excerpt":{"rendered":"<p>(dpa) &#8211; El Hertha Berl\u00edn bati\u00f3 hoy por 2-0 al visitante Schalke y encaden\u00f3 la tercera victoria consecutiva para ubicarse en el segundo puesto de la tabla detr\u00e1s del puntero Bayern al completarse la tercera fecha del campeonato alem\u00e1n de f\u00fatbol. En el otro encuentro de la jornada, el Mainz super\u00f3 por 3-1 al local [&hellip;]<\/p>\n","protected":false},"author":1,"featured_media":886231,"comment_status":"closed","ping_status":"closed","sticky":false,"template":"","format":"standard","meta":{"footnotes":""},"categories":[1],"tags":[],"class_list":["post-908549","post","type-post","status-publish","format-standard","has-post-thumbnail","hentry","category-actualidad"],"aioseo_notices":[],"aioseo_head":"\n\t\t<!-- All in One SEO Pro 4.9.6.2 - aioseo.com -->\n\t<meta name=\"description\" content=\"(dpa) - El Hertha Berl\u00edn bati\u00f3 hoy por 2-0 al visitante Schalke y encaden\u00f3 la tercera victoria consecutiva para ubicarse en el segundo puesto de la tabla detr\u00e1s del puntero Bayern al completarse la tercera fecha del campeonato alem\u00e1n de f\u00fatbol. En el otro encuentro de la jornada, el Mainz super\u00f3 por 3-1 al local\" \/>\n\t<meta name=\"robots\" content=\"max-image-preview:large\" \/>\n\t<meta name=\"author\" content=\"El Digital de Asturias\"\/>\n\t<meta name=\"google-site-verification\" content=\"UA-38556648-1\" \/>\n\t<meta name=\"msvalidate.01\" content=\"7dfe9f3f1b24437ab69f4f2559babe99\" \/>\n\t<meta name=\"keywords\" content=\"actualidad\" \/>\n\t<link rel=\"canonical\" href=\"https:\/\/www.eldigitaldeasturias.com\/noticias\/hertha-berlin-bate-al-schalke-por-2-0\/\" \/>\n\t<meta name=\"generator\" content=\"All in One SEO Pro (AIOSEO) 4.9.6.2\" \/>\n\t\t<meta property=\"og:locale\" content=\"es_ES\" \/>\n\t\t<meta property=\"og:site_name\" content=\"El Digital de Asturias\" \/>\n\t\t<meta property=\"og:type\" content=\"article\" \/>\n\t\t<meta property=\"og:title\" content=\"Hertha Berl\u00edn bate al Schalke por 2-0 - El Digital de Asturias\" \/>\n\t\t<meta property=\"og:description\" content=\"(dpa) - El Hertha Berl\u00edn bati\u00f3 hoy por 2-0 al visitante Schalke y encaden\u00f3 la tercera victoria consecutiva para ubicarse en el segundo puesto de la tabla detr\u00e1s del puntero Bayern al completarse la tercera fecha del campeonato alem\u00e1n de f\u00fatbol. En el otro encuentro de la jornada, el Mainz super\u00f3 por 3-1 al local\" \/>\n\t\t<meta property=\"og:url\" content=\"https:\/\/www.eldigitaldeasturias.com\/noticias\/hertha-berlin-bate-al-schalke-por-2-0\/\" \/>\n\t\t<meta property=\"og:image\" content=\"https:\/\/www.eldigitaldeasturias.com\/noticias\/wp-content\/uploads\/2016\/05\/internet1-655x360.jpg\" \/>\n\t\t<meta property=\"og:image:secure_url\" content=\"https:\/\/www.eldigitaldeasturias.com\/noticias\/wp-content\/uploads\/2016\/05\/internet1-655x360.jpg\" \/>\n\t\t<meta property=\"og:image:width\" content=\"655\" \/>\n\t\t<meta property=\"og:image:height\" content=\"360\" \/>\n\t\t<meta property=\"article:tag\" content=\"actualidad\" \/>\n\t\t<meta property=\"article:published_time\" content=\"2016-09-19T23:04:23+00:00\" \/>\n\t\t<meta property=\"article:modified_time\" content=\"2016-09-19T23:04:23+00:00\" \/>\n\t\t<meta property=\"article:publisher\" content=\"https:\/\/facebook.com\/eldigitaldeasturias\" \/>\n\t\t<meta name=\"twitter:card\" content=\"summary_large_image\" \/>\n\t\t<meta name=\"twitter:title\" content=\"Hertha Berl\u00edn bate al Schalke por 2-0 - El Digital de Asturias\" \/>\n\t\t<meta name=\"twitter:description\" content=\"(dpa) - El Hertha Berl\u00edn bati\u00f3 hoy por 2-0 al visitante Schalke y encaden\u00f3 la tercera victoria consecutiva para ubicarse en el segundo puesto de la tabla detr\u00e1s del puntero Bayern al completarse la tercera fecha del campeonato alem\u00e1n de f\u00fatbol. En el otro encuentro de la jornada, el Mainz super\u00f3 por 3-1 al local\" \/>\n\t\t<meta name=\"twitter:image\" content=\"https:\/\/www.eldigitaldeasturias.com\/noticias\/wp-content\/uploads\/2016\/05\/internet1-655x360.jpg\" \/>\n\t\t<meta name=\"twitter:label1\" content=\"Escrito por\" \/>\n\t\t<meta name=\"twitter:data1\" content=\"El Digital de Asturias\" \/>\n\t\t<meta name=\"twitter:label2\" content=\"Tiempo de lectura estimado\" \/>\n\t\t<meta name=\"twitter:data2\" content=\"2 minutos\" \/>\n\t\t<script type=\"application\/ld+json\" class=\"aioseo-schema\">\n\t\t\t{\"@context\":\"https:\\\/\\\/schema.org\",\"@graph\":[{\"@type\":\"BlogPosting\",\"@id\":\"https:\\\/\\\/www.eldigitaldeasturias.com\\\/noticias\\\/hertha-berlin-bate-al-schalke-por-2-0\\\/#blogposting\",\"name\":\"Hertha Berl\\u00edn bate al Schalke por 2-0 - El Digital de Asturias\",\"headline\":\"Hertha Berl\\u00edn bate al Schalke por 2-0\",\"author\":{\"@id\":\"https:\\\/\\\/www.eldigitaldeasturias.com\\\/noticias\\\/author\\\/admin\\\/#author\"},\"publisher\":{\"@id\":\"https:\\\/\\\/www.eldigitaldeasturias.com\\\/noticias\\\/#organization\"},\"image\":{\"@type\":\"ImageObject\",\"url\":\"https:\\\/\\\/www.eldigitaldeasturias.com\\\/noticias\\\/wp-content\\\/uploads\\\/2016\\\/05\\\/internet1-655x360.jpg\",\"width\":655,\"height\":360},\"datePublished\":\"2016-09-20T00:04:23+02:00\",\"dateModified\":\"2016-09-20T00:04:23+02:00\",\"inLanguage\":\"es-ES\",\"mainEntityOfPage\":{\"@id\":\"https:\\\/\\\/www.eldigitaldeasturias.com\\\/noticias\\\/hertha-berlin-bate-al-schalke-por-2-0\\\/#webpage\"},\"isPartOf\":{\"@id\":\"https:\\\/\\\/www.eldigitaldeasturias.com\\\/noticias\\\/hertha-berlin-bate-al-schalke-por-2-0\\\/#webpage\"},\"articleSection\":\"Actualidad\"},{\"@type\":\"BreadcrumbList\",\"@id\":\"https:\\\/\\\/www.eldigitaldeasturias.com\\\/noticias\\\/hertha-berlin-bate-al-schalke-por-2-0\\\/#breadcrumblist\",\"itemListElement\":[{\"@type\":\"ListItem\",\"@id\":\"https:\\\/\\\/www.eldigitaldeasturias.com\\\/noticias#listItem\",\"position\":1,\"name\":\"Home\",\"item\":\"https:\\\/\\\/www.eldigitaldeasturias.com\\\/noticias\",\"nextItem\":{\"@type\":\"ListItem\",\"@id\":\"https:\\\/\\\/www.eldigitaldeasturias.com\\\/noticias\\\/category\\\/actualidad\\\/#listItem\",\"name\":\"Actualidad\"}},{\"@type\":\"ListItem\",\"@id\":\"https:\\\/\\\/www.eldigitaldeasturias.com\\\/noticias\\\/category\\\/actualidad\\\/#listItem\",\"position\":2,\"name\":\"Actualidad\",\"item\":\"https:\\\/\\\/www.eldigitaldeasturias.com\\\/noticias\\\/category\\\/actualidad\\\/\",\"nextItem\":{\"@type\":\"ListItem\",\"@id\":\"https:\\\/\\\/www.eldigitaldeasturias.com\\\/noticias\\\/hertha-berlin-bate-al-schalke-por-2-0\\\/#listItem\",\"name\":\"Hertha Berl\\u00edn bate al Schalke por 2-0\"},\"previousItem\":{\"@type\":\"ListItem\",\"@id\":\"https:\\\/\\\/www.eldigitaldeasturias.com\\\/noticias#listItem\",\"name\":\"Home\"}},{\"@type\":\"ListItem\",\"@id\":\"https:\\\/\\\/www.eldigitaldeasturias.com\\\/noticias\\\/hertha-berlin-bate-al-schalke-por-2-0\\\/#listItem\",\"position\":3,\"name\":\"Hertha Berl\\u00edn bate al Schalke por 2-0\",\"previousItem\":{\"@type\":\"ListItem\",\"@id\":\"https:\\\/\\\/www.eldigitaldeasturias.com\\\/noticias\\\/category\\\/actualidad\\\/#listItem\",\"name\":\"Actualidad\"}}]},{\"@type\":\"Organization\",\"@id\":\"https:\\\/\\\/www.eldigitaldeasturias.com\\\/noticias\\\/#organization\",\"name\":\"El Digital de Asturias\",\"description\":\"Hemeroteca\",\"url\":\"https:\\\/\\\/www.eldigitaldeasturias.com\\\/noticias\\\/\",\"email\":\"info@eldigitaldeasturias.com\",\"telephone\":\"+34652131393\",\"logo\":{\"@type\":\"ImageObject\",\"url\":\"https:\\\/\\\/www.eldigitaldeasturias.com\\\/noticias\\\/wp-content\\\/uploads\\\/2020\\\/12\\\/EDA.jpg\",\"@id\":\"https:\\\/\\\/www.eldigitaldeasturias.com\\\/noticias\\\/hertha-berlin-bate-al-schalke-por-2-0\\\/#organizationLogo\",\"width\":649,\"height\":297},\"image\":{\"@id\":\"https:\\\/\\\/www.eldigitaldeasturias.com\\\/noticias\\\/hertha-berlin-bate-al-schalke-por-2-0\\\/#organizationLogo\"},\"sameAs\":[\"https:\\\/\\\/facebook.com\\\/eldigitaldeasturias\",\"https:\\\/\\\/www.youtube.com\\\/channel\\\/UCZP-2wLEB9Rv6erhFmqVnvg\"],\"address\":{\"@id\":\"https:\\\/\\\/www.eldigitaldeasturias.com\\\/noticias\\\/#postaladdress\",\"@type\":\"PostalAddress\",\"streetAddress\":\"san antonio 4,\",\"postalCode\":\"33430\",\"addressLocality\":\"Cand\\u00e1s\",\"addressRegion\":\"Asturias\",\"addressCountry\":\"ES\"}},{\"@type\":\"Person\",\"@id\":\"https:\\\/\\\/www.eldigitaldeasturias.com\\\/noticias\\\/author\\\/admin\\\/#author\",\"url\":\"https:\\\/\\\/www.eldigitaldeasturias.com\\\/noticias\\\/author\\\/admin\\\/\",\"name\":\"El Digital de Asturias\",\"image\":{\"@type\":\"ImageObject\",\"@id\":\"https:\\\/\\\/www.eldigitaldeasturias.com\\\/noticias\\\/hertha-berlin-bate-al-schalke-por-2-0\\\/#authorImage\",\"url\":\"https:\\\/\\\/www.eldigitaldeasturias.com\\\/noticias\\\/wp-content\\\/litespeed\\\/avatar\\\/18677e78aa0546b92d9dbf31ec7d7668.jpg?ver=1777290358\",\"width\":96,\"height\":96,\"caption\":\"El Digital de Asturias\"}},{\"@type\":\"WebPage\",\"@id\":\"https:\\\/\\\/www.eldigitaldeasturias.com\\\/noticias\\\/hertha-berlin-bate-al-schalke-por-2-0\\\/#webpage\",\"url\":\"https:\\\/\\\/www.eldigitaldeasturias.com\\\/noticias\\\/hertha-berlin-bate-al-schalke-por-2-0\\\/\",\"name\":\"Hertha Berl\\u00edn bate al Schalke por 2-0 - El Digital de Asturias\",\"description\":\"(dpa) - El Hertha Berl\\u00edn bati\\u00f3 hoy por 2-0 al visitante Schalke y encaden\\u00f3 la tercera victoria consecutiva para ubicarse en el segundo puesto de la tabla detr\\u00e1s del puntero Bayern al completarse la tercera fecha del campeonato alem\\u00e1n de f\\u00fatbol. En el otro encuentro de la jornada, el Mainz super\\u00f3 por 3-1 al local\",\"inLanguage\":\"es-ES\",\"isPartOf\":{\"@id\":\"https:\\\/\\\/www.eldigitaldeasturias.com\\\/noticias\\\/#website\"},\"breadcrumb\":{\"@id\":\"https:\\\/\\\/www.eldigitaldeasturias.com\\\/noticias\\\/hertha-berlin-bate-al-schalke-por-2-0\\\/#breadcrumblist\"},\"author\":{\"@id\":\"https:\\\/\\\/www.eldigitaldeasturias.com\\\/noticias\\\/author\\\/admin\\\/#author\"},\"creator\":{\"@id\":\"https:\\\/\\\/www.eldigitaldeasturias.com\\\/noticias\\\/author\\\/admin\\\/#author\"},\"image\":{\"@type\":\"ImageObject\",\"url\":\"https:\\\/\\\/www.eldigitaldeasturias.com\\\/noticias\\\/wp-content\\\/uploads\\\/2016\\\/05\\\/internet1-655x360.jpg\",\"@id\":\"https:\\\/\\\/www.eldigitaldeasturias.com\\\/noticias\\\/hertha-berlin-bate-al-schalke-por-2-0\\\/#mainImage\",\"width\":655,\"height\":360},\"primaryImageOfPage\":{\"@id\":\"https:\\\/\\\/www.eldigitaldeasturias.com\\\/noticias\\\/hertha-berlin-bate-al-schalke-por-2-0\\\/#mainImage\"},\"datePublished\":\"2016-09-20T00:04:23+02:00\",\"dateModified\":\"2016-09-20T00:04:23+02:00\"},{\"@type\":\"WebSite\",\"@id\":\"https:\\\/\\\/www.eldigitaldeasturias.com\\\/noticias\\\/#website\",\"url\":\"https:\\\/\\\/www.eldigitaldeasturias.com\\\/noticias\\\/\",\"name\":\"El Digital de Asturias - Diario de actualidad y noticias\",\"alternateName\":\"El Digital de Asturias - Diario de actualidad y noticias\",\"description\":\"Hemeroteca\",\"inLanguage\":\"es-ES\",\"publisher\":{\"@id\":\"https:\\\/\\\/www.eldigitaldeasturias.com\\\/noticias\\\/#organization\"}}]}\n\t\t<\/script>\n\t\t<!-- All in One SEO Pro -->\r\n\t\t<title>Hertha Berl\u00edn bate al Schalke por 2-0 - El Digital de Asturias<\/title>\n\n","aioseo_head_json":{"title":"Hertha Berl\u00edn bate al Schalke por 2-0 - El Digital de Asturias","description":"(dpa) - El Hertha Berl\u00edn bati\u00f3 hoy por 2-0 al visitante Schalke y encaden\u00f3 la tercera victoria consecutiva para ubicarse en el segundo puesto de la tabla detr\u00e1s del puntero Bayern al completarse la tercera fecha del campeonato alem\u00e1n de f\u00fatbol. En el otro encuentro de la jornada, el Mainz super\u00f3 por 3-1 al local","canonical_url":"https:\/\/www.eldigitaldeasturias.com\/noticias\/hertha-berlin-bate-al-schalke-por-2-0\/","robots":"max-image-preview:large","keywords":"actualidad","webmasterTools":{"google-site-verification":"UA-38556648-1","msvalidate.01":"7dfe9f3f1b24437ab69f4f2559babe99","miscellaneous":""},"schema":{"@context":"https:\/\/schema.org","@graph":[{"@type":"BlogPosting","@id":"https:\/\/www.eldigitaldeasturias.com\/noticias\/hertha-berlin-bate-al-schalke-por-2-0\/#blogposting","name":"Hertha Berl\u00edn bate al Schalke por 2-0 - El Digital de Asturias","headline":"Hertha Berl\u00edn bate al Schalke por 2-0","author":{"@id":"https:\/\/www.eldigitaldeasturias.com\/noticias\/author\/admin\/#author"},"publisher":{"@id":"https:\/\/www.eldigitaldeasturias.com\/noticias\/#organization"},"image":{"@type":"ImageObject","url":"https:\/\/www.eldigitaldeasturias.com\/noticias\/wp-content\/uploads\/2016\/05\/internet1-655x360.jpg","width":655,"height":360},"datePublished":"2016-09-20T00:04:23+02:00","dateModified":"2016-09-20T00:04:23+02:00","inLanguage":"es-ES","mainEntityOfPage":{"@id":"https:\/\/www.eldigitaldeasturias.com\/noticias\/hertha-berlin-bate-al-schalke-por-2-0\/#webpage"},"isPartOf":{"@id":"https:\/\/www.eldigitaldeasturias.com\/noticias\/hertha-berlin-bate-al-schalke-por-2-0\/#webpage"},"articleSection":"Actualidad"},{"@type":"BreadcrumbList","@id":"https:\/\/www.eldigitaldeasturias.com\/noticias\/hertha-berlin-bate-al-schalke-por-2-0\/#breadcrumblist","itemListElement":[{"@type":"ListItem","@id":"https:\/\/www.eldigitaldeasturias.com\/noticias#listItem","position":1,"name":"Home","item":"https:\/\/www.eldigitaldeasturias.com\/noticias","nextItem":{"@type":"ListItem","@id":"https:\/\/www.eldigitaldeasturias.com\/noticias\/category\/actualidad\/#listItem","name":"Actualidad"}},{"@type":"ListItem","@id":"https:\/\/www.eldigitaldeasturias.com\/noticias\/category\/actualidad\/#listItem","position":2,"name":"Actualidad","item":"https:\/\/www.eldigitaldeasturias.com\/noticias\/category\/actualidad\/","nextItem":{"@type":"ListItem","@id":"https:\/\/www.eldigitaldeasturias.com\/noticias\/hertha-berlin-bate-al-schalke-por-2-0\/#listItem","name":"Hertha Berl\u00edn bate al Schalke por 2-0"},"previousItem":{"@type":"ListItem","@id":"https:\/\/www.eldigitaldeasturias.com\/noticias#listItem","name":"Home"}},{"@type":"ListItem","@id":"https:\/\/www.eldigitaldeasturias.com\/noticias\/hertha-berlin-bate-al-schalke-por-2-0\/#listItem","position":3,"name":"Hertha Berl\u00edn bate al Schalke por 2-0","previousItem":{"@type":"ListItem","@id":"https:\/\/www.eldigitaldeasturias.com\/noticias\/category\/actualidad\/#listItem","name":"Actualidad"}}]},{"@type":"Organization","@id":"https:\/\/www.eldigitaldeasturias.com\/noticias\/#organization","name":"El Digital de Asturias","description":"Hemeroteca","url":"https:\/\/www.eldigitaldeasturias.com\/noticias\/","email":"info@eldigitaldeasturias.com","telephone":"+34652131393","logo":{"@type":"ImageObject","url":"https:\/\/www.eldigitaldeasturias.com\/noticias\/wp-content\/uploads\/2020\/12\/EDA.jpg","@id":"https:\/\/www.eldigitaldeasturias.com\/noticias\/hertha-berlin-bate-al-schalke-por-2-0\/#organizationLogo","width":649,"height":297},"image":{"@id":"https:\/\/www.eldigitaldeasturias.com\/noticias\/hertha-berlin-bate-al-schalke-por-2-0\/#organizationLogo"},"sameAs":["https:\/\/facebook.com\/eldigitaldeasturias","https:\/\/www.youtube.com\/channel\/UCZP-2wLEB9Rv6erhFmqVnvg"],"address":{"@id":"https:\/\/www.eldigitaldeasturias.com\/noticias\/#postaladdress","@type":"PostalAddress","streetAddress":"san antonio 4,","postalCode":"33430","addressLocality":"Cand\u00e1s","addressRegion":"Asturias","addressCountry":"ES"}},{"@type":"Person","@id":"https:\/\/www.eldigitaldeasturias.com\/noticias\/author\/admin\/#author","url":"https:\/\/www.eldigitaldeasturias.com\/noticias\/author\/admin\/","name":"El Digital de Asturias","image":{"@type":"ImageObject","@id":"https:\/\/www.eldigitaldeasturias.com\/noticias\/hertha-berlin-bate-al-schalke-por-2-0\/#authorImage","url":"https:\/\/www.eldigitaldeasturias.com\/noticias\/wp-content\/litespeed\/avatar\/18677e78aa0546b92d9dbf31ec7d7668.jpg?ver=1777290358","width":96,"height":96,"caption":"El Digital de Asturias"}},{"@type":"WebPage","@id":"https:\/\/www.eldigitaldeasturias.com\/noticias\/hertha-berlin-bate-al-schalke-por-2-0\/#webpage","url":"https:\/\/www.eldigitaldeasturias.com\/noticias\/hertha-berlin-bate-al-schalke-por-2-0\/","name":"Hertha Berl\u00edn bate al Schalke por 2-0 - El Digital de Asturias","description":"(dpa) - El Hertha Berl\u00edn bati\u00f3 hoy por 2-0 al visitante Schalke y encaden\u00f3 la tercera victoria consecutiva para ubicarse en el segundo puesto de la tabla detr\u00e1s del puntero Bayern al completarse la tercera fecha del campeonato alem\u00e1n de f\u00fatbol. En el otro encuentro de la jornada, el Mainz super\u00f3 por 3-1 al local","inLanguage":"es-ES","isPartOf":{"@id":"https:\/\/www.eldigitaldeasturias.com\/noticias\/#website"},"breadcrumb":{"@id":"https:\/\/www.eldigitaldeasturias.com\/noticias\/hertha-berlin-bate-al-schalke-por-2-0\/#breadcrumblist"},"author":{"@id":"https:\/\/www.eldigitaldeasturias.com\/noticias\/author\/admin\/#author"},"creator":{"@id":"https:\/\/www.eldigitaldeasturias.com\/noticias\/author\/admin\/#author"},"image":{"@type":"ImageObject","url":"https:\/\/www.eldigitaldeasturias.com\/noticias\/wp-content\/uploads\/2016\/05\/internet1-655x360.jpg","@id":"https:\/\/www.eldigitaldeasturias.com\/noticias\/hertha-berlin-bate-al-schalke-por-2-0\/#mainImage","width":655,"height":360},"primaryImageOfPage":{"@id":"https:\/\/www.eldigitaldeasturias.com\/noticias\/hertha-berlin-bate-al-schalke-por-2-0\/#mainImage"},"datePublished":"2016-09-20T00:04:23+02:00","dateModified":"2016-09-20T00:04:23+02:00"},{"@type":"WebSite","@id":"https:\/\/www.eldigitaldeasturias.com\/noticias\/#website","url":"https:\/\/www.eldigitaldeasturias.com\/noticias\/","name":"El Digital de Asturias - Diario de actualidad y noticias","alternateName":"El Digital de Asturias - Diario de actualidad y noticias","description":"Hemeroteca","inLanguage":"es-ES","publisher":{"@id":"https:\/\/www.eldigitaldeasturias.com\/noticias\/#organization"}}]},"og:locale":"es_ES","og:site_name":"El Digital de Asturias","og:type":"article","og:title":"Hertha Berl\u00edn bate al Schalke por 2-0 - El Digital de Asturias","og:description":"(dpa) - El Hertha Berl\u00edn bati\u00f3 hoy por 2-0 al visitante Schalke y encaden\u00f3 la tercera victoria consecutiva para ubicarse en el segundo puesto de la tabla detr\u00e1s del puntero Bayern al completarse la tercera fecha del campeonato alem\u00e1n de f\u00fatbol. En el otro encuentro de la jornada, el Mainz super\u00f3 por 3-1 al local","og:url":"https:\/\/www.eldigitaldeasturias.com\/noticias\/hertha-berlin-bate-al-schalke-por-2-0\/","og:image":"https:\/\/www.eldigitaldeasturias.com\/noticias\/wp-content\/uploads\/2016\/05\/internet1-655x360.jpg","og:image:secure_url":"https:\/\/www.eldigitaldeasturias.com\/noticias\/wp-content\/uploads\/2016\/05\/internet1-655x360.jpg","og:image:width":655,"og:image:height":360,"article:tag":["actualidad"],"article:published_time":"2016-09-19T23:04:23+00:00","article:modified_time":"2016-09-19T23:04:23+00:00","article:publisher":"https:\/\/facebook.com\/eldigitaldeasturias","twitter:card":"summary_large_image","twitter:title":"Hertha Berl\u00edn bate al Schalke por 2-0 - El Digital de Asturias","twitter:description":"(dpa) - El Hertha Berl\u00edn bati\u00f3 hoy por 2-0 al visitante Schalke y encaden\u00f3 la tercera victoria consecutiva para ubicarse en el segundo puesto de la tabla detr\u00e1s del puntero Bayern al completarse la tercera fecha del campeonato alem\u00e1n de f\u00fatbol. En el otro encuentro de la jornada, el Mainz super\u00f3 por 3-1 al local","twitter:image":"https:\/\/www.eldigitaldeasturias.com\/noticias\/wp-content\/uploads\/2016\/05\/internet1-655x360.jpg","twitter:label1":"Escrito por","twitter:data1":"El Digital de Asturias","twitter:label2":"Tiempo de lectura estimado","twitter:data2":"2 minutos"},"aioseo_meta_data":{"post_id":"908549","title":null,"description":null,"keywords":null,"keyphrases":null,"primary_term":null,"canonical_url":null,"og_title":null,"og_description":null,"og_object_type":"default","og_image_type":"default","og_image_url":null,"og_image_width":null,"og_image_height":null,"og_image_custom_url":null,"og_image_custom_fields":null,"og_video":null,"og_custom_url":null,"og_article_section":null,"og_article_tags":null,"twitter_use_og":false,"twitter_card":"default","twitter_image_type":"default","twitter_image_url":null,"twitter_image_custom_url":null,"twitter_image_custom_fields":null,"twitter_title":null,"twitter_description":null,"schema":{"blockGraphs":[],"customGraphs":[],"default":{"data":{"Article":[],"Course":[],"Dataset":[],"FAQPage":[],"Movie":[],"Person":[],"Product":[],"ProductReview":[],"Car":[],"Recipe":[],"Service":[],"SoftwareApplication":[],"WebPage":[]},"graphName":"","isEnabled":true},"graphs":[],"defaultGraph":"","defaultPostTypeGraph":""},"schema_type":null,"schema_type_options":null,"pillar_content":false,"robots_default":true,"robots_noindex":false,"robots_noarchive":false,"robots_nosnippet":false,"robots_nofollow":false,"robots_noimageindex":false,"robots_noodp":false,"robots_notranslate":false,"robots_max_snippet":null,"robots_max_videopreview":null,"robots_max_imagepreview":"large","priority":null,"frequency":null,"local_seo":null,"seo_analyzer_scan_date":"2025-11-30 16:31:24","breadcrumb_settings":null,"limit_modified_date":false,"open_ai":null,"ai":null,"created":"2020-12-21 13:30:05","updated":"2025-11-30 16:31:24"},"aioseo_breadcrumb":"<div class=\"aioseo-breadcrumbs\"><span class=\"aioseo-breadcrumb\">\n\t<a href=\"https:\/\/www.eldigitaldeasturias.com\/noticias\" title=\"Home\">Home<\/a>\n<\/span><span class=\"aioseo-breadcrumb-separator\">\u2013<\/span><span class=\"aioseo-breadcrumb\">\n\t<a href=\"https:\/\/www.eldigitaldeasturias.com\/noticias\/category\/actualidad\/\" title=\"Actualidad\">Actualidad<\/a>\n<\/span><span class=\"aioseo-breadcrumb-separator\">\u2013<\/span><span class=\"aioseo-breadcrumb\">\n\t<a href=\"https:\/\/www.eldigitaldeasturias.com\/noticias\/hertha-berlin-bate-al-schalke-por-2-0\/\" title=\"Hertha Berl\u00edn bate al Schalke por 2-0\">Hertha Berl\u00edn bate al Schalke por 2-0<\/a>\n<\/span><\/div>","aioseo_breadcrumb_json":[{"label":"Home","link":"https:\/\/www.eldigitaldeasturias.com\/noticias"},{"label":"Actualidad","link":"https:\/\/www.eldigitaldeasturias.com\/noticias\/category\/actualidad\/"},{"label":"Hertha Berl\u00edn bate al Schalke por 2-0","link":"https:\/\/www.eldigitaldeasturias.com\/noticias\/hertha-berlin-bate-al-schalke-por-2-0\/"}],"_links":{"self":[{"href":"https:\/\/www.eldigitaldeasturias.com\/noticias\/wp-json\/wp\/v2\/posts\/908549","targetHints":{"allow":["GET"]}}],"collection":[{"href":"https:\/\/www.eldigitaldeasturias.com\/noticias\/wp-json\/wp\/v2\/posts"}],"about":[{"href":"https:\/\/www.eldigitaldeasturias.com\/noticias\/wp-json\/wp\/v2\/types\/post"}],"author":[{"embeddable":true,"href":"https:\/\/www.eldigitaldeasturias.com\/noticias\/wp-json\/wp\/v2\/users\/1"}],"replies":[{"embeddable":true,"href":"https:\/\/www.eldigitaldeasturias.com\/noticias\/wp-json\/wp\/v2\/comments?post=908549"}],"version-history":[{"count":0,"href":"https:\/\/www.eldigitaldeasturias.com\/noticias\/wp-json\/wp\/v2\/posts\/908549\/revisions"}],"wp:featuredmedia":[{"embeddable":true,"href":"https:\/\/www.eldigitaldeasturias.com\/noticias\/wp-json\/wp\/v2\/media\/886231"}],"wp:attachment":[{"href":"https:\/\/www.eldigitaldeasturias.com\/noticias\/wp-json\/wp\/v2\/media?parent=908549"}],"wp:term":[{"taxonomy":"category","embeddable":true,"href":"https:\/\/www.eldigitaldeasturias.com\/noticias\/wp-json\/wp\/v2\/categories?post=908549"},{"taxonomy":"post_tag","embeddable":true,"href":"https:\/\/www.eldigitaldeasturias.com\/noticias\/wp-json\/wp\/v2\/tags?post=908549"}],"curies":[{"name":"wp","href":"https:\/\/api.w.org\/{rel}","templated":true}]}}