{"id":908544,"date":"2016-09-20T00:00:09","date_gmt":"2016-09-19T23:00:09","guid":{"rendered":"http:\/\/www.eldigitaldeasturias.com\/noticias\/?p=908544"},"modified":"2016-09-20T00:00:09","modified_gmt":"2016-09-19T23:00:09","slug":"abierto-el-plazo-para-optar-al-premio-empresa-teruel-2016","status":"publish","type":"post","link":"https:\/\/www.eldigitaldeasturias.com\/noticias\/abierto-el-plazo-para-optar-al-premio-empresa-teruel-2016\/","title":{"rendered":"Abierto el plazo para optar al Premio Empresa Teruel 2016"},"content":{"rendered":"<p><img loading=\"lazy\" decoding=\"async\" class=\"alignleft size-medium wp-image-908545\" src=\"https:\/\/www.eldigitaldeasturias.com\/noticias\/wp-content\/uploads\/2016\/09\/Premio_Empresa_Teruel-360x159.jpg\" alt=\"Premio_Empresa_Teruel\" width=\"360\" height=\"159\" srcset=\"https:\/\/www.eldigitaldeasturias.com\/noticias\/wp-content\/uploads\/2016\/09\/Premio_Empresa_Teruel-360x159.jpg 360w, https:\/\/www.eldigitaldeasturias.com\/noticias\/wp-content\/uploads\/2016\/09\/Premio_Empresa_Teruel-650x288.jpg 650w, https:\/\/www.eldigitaldeasturias.com\/noticias\/wp-content\/uploads\/2016\/09\/Premio_Empresa_Teruel.jpg 700w\" sizes=\"auto, (max-width: 360px) 100vw, 360px\" \/>El periodo para presentar candidaturas al Premio Empresa Teruel 2016 ya ha comenzado. Hasta el 3 de octubre, los empresarios de esta provincia pueden optar a este galard\u00f3n promovido por el Departamento de Econom\u00eda, Industria y Empleo, a trav\u00e9s del Programa Arag\u00f3n Empresa del Instituto Aragon\u00e9s de Fomento, en colaboraci\u00f3n con las organizaciones empresariales de la zona. Un premio que ya se ha consolidado como referente del impulso de los empresarios turolenses.<\/p>\n<p>La convocatoria est\u00e1 dirigida en exclusiva a los empresarios de la provincia de Teruel, y en ella colaboran las organizaciones empresariales turolenses (CEOE Teruel y CEPYME Teruel), as\u00ed como con la C\u00e1mara de Comercio, Industria y Servicios de la provincia. El objetivo es reconocer la trayectoria, relevancia y el buen hacer en el \u00e1mbito econ\u00f3mico y en el ejercicio de la actividad empresarial. Para ello se tendr\u00e1n en cuenta tanto variables socioecon\u00f3micas que afectan a esta zona geogr\u00e1fica como la mejora de la gesti\u00f3n empresarial, buscando con ello, alcanzar el progreso mediante la excelencia.<\/p>\n<p>La entrega del Premio Empresa Teruel 2016 tendr\u00e1 lugar el 14 de noviembre. Ser\u00e1 una de las actividades que se realizar\u00e1n en esta provincia en el marco del Mes de la Excelencia Empresarial, con actuaciones previstas en toda la Comunidad para conmemorar las 20 ediciones del Premio a la Excelencia Empresarial en Arag\u00f3n.<\/p>\n<p>Todas las empresas de la provincia, sea cual sea su campo de actividad, optan a las diversas categor\u00edas. Las distinciones, que se mantienen como en ediciones anteriores, ser\u00e1n las siguientes:<\/p>\n<p>Premio EMPRESA Teruel: Premio a la gesti\u00f3n, relevancia y buen hacer en el \u00e1mbito econ\u00f3mico y en el ejercicio de la actividad en la Provincia de Teruel.<\/p>\n<p>Premio a la Innovaci\u00f3n: Reconocimiento al proyecto, producto o ideas innovadoras relevantes y con \u00e9xito en el mercado.<\/p>\n<p>Premio a la Trayectoria Empresarial: Reconocimiento a la labor personal, profesional o social de extraordinaria relevancia en el \u00e1mbito econ\u00f3mico o ejercicio de la actividad empresarial.<\/p>\n<p>Premio a la Internacionalizaci\u00f3n: Reconocimiento a la labor exportadora de las empresas de la provincia, contribuyendo a fomentar el esp\u00edritu de internacionalizaci\u00f3n del tejido empresarial e incrementando la presencia de los productos de Teruel en los principales mercados del mundo.<\/p>\n<p>&nbsp;<\/p>\n<p>&nbsp;<\/p>\n","protected":false},"excerpt":{"rendered":"<p>El periodo para presentar candidaturas al Premio Empresa Teruel 2016 ya ha comenzado. Hasta el 3 de octubre, los empresarios de esta provincia pueden optar a este galard\u00f3n promovido por el Departamento de Econom\u00eda, Industria y Empleo, a trav\u00e9s del Programa Arag\u00f3n Empresa del Instituto Aragon\u00e9s de Fomento, en colaboraci\u00f3n con las organizaciones empresariales de [&hellip;]<\/p>\n","protected":false},"author":1,"featured_media":908545,"comment_status":"closed","ping_status":"closed","sticky":false,"template":"","format":"standard","meta":{"footnotes":""},"categories":[1],"tags":[],"class_list":["post-908544","post","type-post","status-publish","format-standard","has-post-thumbnail","hentry","category-actualidad"],"aioseo_notices":[],"aioseo_head":"\n\t\t<!-- All in One SEO Pro 4.9.6.2 - aioseo.com -->\n\t<meta name=\"description\" content=\"El periodo para presentar candidaturas al Premio Empresa Teruel 2016 ya ha comenzado. Hasta el 3 de octubre, los empresarios de esta provincia pueden optar a este galard\u00f3n promovido por el Departamento de Econom\u00eda, Industria y Empleo, a trav\u00e9s del Programa Arag\u00f3n Empresa del Instituto Aragon\u00e9s de Fomento, en colaboraci\u00f3n con las organizaciones empresariales de\" \/>\n\t<meta name=\"robots\" content=\"max-image-preview:large\" \/>\n\t<meta name=\"author\" content=\"El Digital de Asturias\"\/>\n\t<meta name=\"google-site-verification\" content=\"UA-38556648-1\" \/>\n\t<meta name=\"msvalidate.01\" content=\"7dfe9f3f1b24437ab69f4f2559babe99\" \/>\n\t<meta name=\"keywords\" content=\"actualidad\" \/>\n\t<link rel=\"canonical\" href=\"https:\/\/www.eldigitaldeasturias.com\/noticias\/abierto-el-plazo-para-optar-al-premio-empresa-teruel-2016\/\" \/>\n\t<meta name=\"generator\" content=\"All in One SEO Pro (AIOSEO) 4.9.6.2\" \/>\n\t\t<meta property=\"og:locale\" content=\"es_ES\" \/>\n\t\t<meta property=\"og:site_name\" content=\"El Digital de Asturias\" \/>\n\t\t<meta property=\"og:type\" content=\"article\" \/>\n\t\t<meta property=\"og:title\" content=\"Abierto el plazo para optar al Premio Empresa Teruel 2016 - El Digital de Asturias\" \/>\n\t\t<meta property=\"og:description\" content=\"El periodo para presentar candidaturas al Premio Empresa Teruel 2016 ya ha comenzado. Hasta el 3 de octubre, los empresarios de esta provincia pueden optar a este galard\u00f3n promovido por el Departamento de Econom\u00eda, Industria y Empleo, a trav\u00e9s del Programa Arag\u00f3n Empresa del Instituto Aragon\u00e9s de Fomento, en colaboraci\u00f3n con las organizaciones empresariales de\" \/>\n\t\t<meta property=\"og:url\" content=\"https:\/\/www.eldigitaldeasturias.com\/noticias\/abierto-el-plazo-para-optar-al-premio-empresa-teruel-2016\/\" \/>\n\t\t<meta property=\"og:image\" content=\"https:\/\/www.eldigitaldeasturias.com\/noticias\/wp-content\/uploads\/2016\/09\/Premio_Empresa_Teruel.jpg\" \/>\n\t\t<meta property=\"og:image:secure_url\" content=\"https:\/\/www.eldigitaldeasturias.com\/noticias\/wp-content\/uploads\/2016\/09\/Premio_Empresa_Teruel.jpg\" \/>\n\t\t<meta property=\"og:image:width\" content=\"700\" \/>\n\t\t<meta property=\"og:image:height\" content=\"310\" \/>\n\t\t<meta property=\"article:tag\" content=\"actualidad\" \/>\n\t\t<meta property=\"article:published_time\" content=\"2016-09-19T23:00:09+00:00\" \/>\n\t\t<meta property=\"article:modified_time\" content=\"2016-09-19T23:00:09+00:00\" \/>\n\t\t<meta property=\"article:publisher\" content=\"https:\/\/facebook.com\/eldigitaldeasturias\" \/>\n\t\t<meta name=\"twitter:card\" content=\"summary_large_image\" \/>\n\t\t<meta name=\"twitter:title\" content=\"Abierto el plazo para optar al Premio Empresa Teruel 2016 - El Digital de Asturias\" \/>\n\t\t<meta name=\"twitter:description\" content=\"El periodo para presentar candidaturas al Premio Empresa Teruel 2016 ya ha comenzado. Hasta el 3 de octubre, los empresarios de esta provincia pueden optar a este galard\u00f3n promovido por el Departamento de Econom\u00eda, Industria y Empleo, a trav\u00e9s del Programa Arag\u00f3n Empresa del Instituto Aragon\u00e9s de Fomento, en colaboraci\u00f3n con las organizaciones empresariales de\" \/>\n\t\t<meta name=\"twitter:image\" content=\"https:\/\/www.eldigitaldeasturias.com\/noticias\/wp-content\/uploads\/2016\/09\/Premio_Empresa_Teruel.jpg\" \/>\n\t\t<meta name=\"twitter:label1\" content=\"Escrito por\" \/>\n\t\t<meta name=\"twitter:data1\" content=\"El Digital de Asturias\" \/>\n\t\t<meta name=\"twitter:label2\" content=\"Tiempo de lectura estimado\" \/>\n\t\t<meta name=\"twitter:data2\" content=\"2 minutos\" \/>\n\t\t<script type=\"application\/ld+json\" class=\"aioseo-schema\">\n\t\t\t{\"@context\":\"https:\\\/\\\/schema.org\",\"@graph\":[{\"@type\":\"BlogPosting\",\"@id\":\"https:\\\/\\\/www.eldigitaldeasturias.com\\\/noticias\\\/abierto-el-plazo-para-optar-al-premio-empresa-teruel-2016\\\/#blogposting\",\"name\":\"Abierto el plazo para optar al Premio Empresa Teruel 2016 - El Digital de Asturias\",\"headline\":\"Abierto el plazo para optar al Premio Empresa Teruel 2016\",\"author\":{\"@id\":\"https:\\\/\\\/www.eldigitaldeasturias.com\\\/noticias\\\/author\\\/admin\\\/#author\"},\"publisher\":{\"@id\":\"https:\\\/\\\/www.eldigitaldeasturias.com\\\/noticias\\\/#organization\"},\"image\":{\"@type\":\"ImageObject\",\"url\":\"https:\\\/\\\/www.eldigitaldeasturias.com\\\/noticias\\\/wp-content\\\/uploads\\\/2016\\\/09\\\/Premio_Empresa_Teruel.jpg\",\"width\":700,\"height\":310},\"datePublished\":\"2016-09-20T00:00:09+02:00\",\"dateModified\":\"2016-09-20T00:00:09+02:00\",\"inLanguage\":\"es-ES\",\"mainEntityOfPage\":{\"@id\":\"https:\\\/\\\/www.eldigitaldeasturias.com\\\/noticias\\\/abierto-el-plazo-para-optar-al-premio-empresa-teruel-2016\\\/#webpage\"},\"isPartOf\":{\"@id\":\"https:\\\/\\\/www.eldigitaldeasturias.com\\\/noticias\\\/abierto-el-plazo-para-optar-al-premio-empresa-teruel-2016\\\/#webpage\"},\"articleSection\":\"Actualidad\"},{\"@type\":\"BreadcrumbList\",\"@id\":\"https:\\\/\\\/www.eldigitaldeasturias.com\\\/noticias\\\/abierto-el-plazo-para-optar-al-premio-empresa-teruel-2016\\\/#breadcrumblist\",\"itemListElement\":[{\"@type\":\"ListItem\",\"@id\":\"https:\\\/\\\/www.eldigitaldeasturias.com\\\/noticias#listItem\",\"position\":1,\"name\":\"Home\",\"item\":\"https:\\\/\\\/www.eldigitaldeasturias.com\\\/noticias\",\"nextItem\":{\"@type\":\"ListItem\",\"@id\":\"https:\\\/\\\/www.eldigitaldeasturias.com\\\/noticias\\\/category\\\/actualidad\\\/#listItem\",\"name\":\"Actualidad\"}},{\"@type\":\"ListItem\",\"@id\":\"https:\\\/\\\/www.eldigitaldeasturias.com\\\/noticias\\\/category\\\/actualidad\\\/#listItem\",\"position\":2,\"name\":\"Actualidad\",\"item\":\"https:\\\/\\\/www.eldigitaldeasturias.com\\\/noticias\\\/category\\\/actualidad\\\/\",\"nextItem\":{\"@type\":\"ListItem\",\"@id\":\"https:\\\/\\\/www.eldigitaldeasturias.com\\\/noticias\\\/abierto-el-plazo-para-optar-al-premio-empresa-teruel-2016\\\/#listItem\",\"name\":\"Abierto el plazo para optar al Premio Empresa Teruel 2016\"},\"previousItem\":{\"@type\":\"ListItem\",\"@id\":\"https:\\\/\\\/www.eldigitaldeasturias.com\\\/noticias#listItem\",\"name\":\"Home\"}},{\"@type\":\"ListItem\",\"@id\":\"https:\\\/\\\/www.eldigitaldeasturias.com\\\/noticias\\\/abierto-el-plazo-para-optar-al-premio-empresa-teruel-2016\\\/#listItem\",\"position\":3,\"name\":\"Abierto el plazo para optar al Premio Empresa Teruel 2016\",\"previousItem\":{\"@type\":\"ListItem\",\"@id\":\"https:\\\/\\\/www.eldigitaldeasturias.com\\\/noticias\\\/category\\\/actualidad\\\/#listItem\",\"name\":\"Actualidad\"}}]},{\"@type\":\"Organization\",\"@id\":\"https:\\\/\\\/www.eldigitaldeasturias.com\\\/noticias\\\/#organization\",\"name\":\"El Digital de Asturias\",\"description\":\"Hemeroteca\",\"url\":\"https:\\\/\\\/www.eldigitaldeasturias.com\\\/noticias\\\/\",\"email\":\"info@eldigitaldeasturias.com\",\"telephone\":\"+34652131393\",\"logo\":{\"@type\":\"ImageObject\",\"url\":\"https:\\\/\\\/www.eldigitaldeasturias.com\\\/noticias\\\/wp-content\\\/uploads\\\/2020\\\/12\\\/EDA.jpg\",\"@id\":\"https:\\\/\\\/www.eldigitaldeasturias.com\\\/noticias\\\/abierto-el-plazo-para-optar-al-premio-empresa-teruel-2016\\\/#organizationLogo\",\"width\":649,\"height\":297},\"image\":{\"@id\":\"https:\\\/\\\/www.eldigitaldeasturias.com\\\/noticias\\\/abierto-el-plazo-para-optar-al-premio-empresa-teruel-2016\\\/#organizationLogo\"},\"sameAs\":[\"https:\\\/\\\/facebook.com\\\/eldigitaldeasturias\",\"https:\\\/\\\/www.youtube.com\\\/channel\\\/UCZP-2wLEB9Rv6erhFmqVnvg\"],\"address\":{\"@id\":\"https:\\\/\\\/www.eldigitaldeasturias.com\\\/noticias\\\/#postaladdress\",\"@type\":\"PostalAddress\",\"streetAddress\":\"san antonio 4,\",\"postalCode\":\"33430\",\"addressLocality\":\"Cand\\u00e1s\",\"addressRegion\":\"Asturias\",\"addressCountry\":\"ES\"}},{\"@type\":\"Person\",\"@id\":\"https:\\\/\\\/www.eldigitaldeasturias.com\\\/noticias\\\/author\\\/admin\\\/#author\",\"url\":\"https:\\\/\\\/www.eldigitaldeasturias.com\\\/noticias\\\/author\\\/admin\\\/\",\"name\":\"El Digital de Asturias\",\"image\":{\"@type\":\"ImageObject\",\"@id\":\"https:\\\/\\\/www.eldigitaldeasturias.com\\\/noticias\\\/abierto-el-plazo-para-optar-al-premio-empresa-teruel-2016\\\/#authorImage\",\"url\":\"https:\\\/\\\/www.eldigitaldeasturias.com\\\/noticias\\\/wp-content\\\/litespeed\\\/avatar\\\/18677e78aa0546b92d9dbf31ec7d7668.jpg?ver=1777290358\",\"width\":96,\"height\":96,\"caption\":\"El Digital de Asturias\"}},{\"@type\":\"WebPage\",\"@id\":\"https:\\\/\\\/www.eldigitaldeasturias.com\\\/noticias\\\/abierto-el-plazo-para-optar-al-premio-empresa-teruel-2016\\\/#webpage\",\"url\":\"https:\\\/\\\/www.eldigitaldeasturias.com\\\/noticias\\\/abierto-el-plazo-para-optar-al-premio-empresa-teruel-2016\\\/\",\"name\":\"Abierto el plazo para optar al Premio Empresa Teruel 2016 - El Digital de Asturias\",\"description\":\"El periodo para presentar candidaturas al Premio Empresa Teruel 2016 ya ha comenzado. Hasta el 3 de octubre, los empresarios de esta provincia pueden optar a este galard\\u00f3n promovido por el Departamento de Econom\\u00eda, Industria y Empleo, a trav\\u00e9s del Programa Arag\\u00f3n Empresa del Instituto Aragon\\u00e9s de Fomento, en colaboraci\\u00f3n con las organizaciones empresariales de\",\"inLanguage\":\"es-ES\",\"isPartOf\":{\"@id\":\"https:\\\/\\\/www.eldigitaldeasturias.com\\\/noticias\\\/#website\"},\"breadcrumb\":{\"@id\":\"https:\\\/\\\/www.eldigitaldeasturias.com\\\/noticias\\\/abierto-el-plazo-para-optar-al-premio-empresa-teruel-2016\\\/#breadcrumblist\"},\"author\":{\"@id\":\"https:\\\/\\\/www.eldigitaldeasturias.com\\\/noticias\\\/author\\\/admin\\\/#author\"},\"creator\":{\"@id\":\"https:\\\/\\\/www.eldigitaldeasturias.com\\\/noticias\\\/author\\\/admin\\\/#author\"},\"image\":{\"@type\":\"ImageObject\",\"url\":\"https:\\\/\\\/www.eldigitaldeasturias.com\\\/noticias\\\/wp-content\\\/uploads\\\/2016\\\/09\\\/Premio_Empresa_Teruel.jpg\",\"@id\":\"https:\\\/\\\/www.eldigitaldeasturias.com\\\/noticias\\\/abierto-el-plazo-para-optar-al-premio-empresa-teruel-2016\\\/#mainImage\",\"width\":700,\"height\":310},\"primaryImageOfPage\":{\"@id\":\"https:\\\/\\\/www.eldigitaldeasturias.com\\\/noticias\\\/abierto-el-plazo-para-optar-al-premio-empresa-teruel-2016\\\/#mainImage\"},\"datePublished\":\"2016-09-20T00:00:09+02:00\",\"dateModified\":\"2016-09-20T00:00:09+02:00\"},{\"@type\":\"WebSite\",\"@id\":\"https:\\\/\\\/www.eldigitaldeasturias.com\\\/noticias\\\/#website\",\"url\":\"https:\\\/\\\/www.eldigitaldeasturias.com\\\/noticias\\\/\",\"name\":\"El Digital de Asturias - Diario de actualidad y noticias\",\"alternateName\":\"El Digital de Asturias - Diario de actualidad y noticias\",\"description\":\"Hemeroteca\",\"inLanguage\":\"es-ES\",\"publisher\":{\"@id\":\"https:\\\/\\\/www.eldigitaldeasturias.com\\\/noticias\\\/#organization\"}}]}\n\t\t<\/script>\n\t\t<!-- All in One SEO Pro -->\r\n\t\t<title>Abierto el plazo para optar al Premio Empresa Teruel 2016 - El Digital de Asturias<\/title>\n\n","aioseo_head_json":{"title":"Abierto el plazo para optar al Premio Empresa Teruel 2016 - El Digital de Asturias","description":"El periodo para presentar candidaturas al Premio Empresa Teruel 2016 ya ha comenzado. Hasta el 3 de octubre, los empresarios de esta provincia pueden optar a este galard\u00f3n promovido por el Departamento de Econom\u00eda, Industria y Empleo, a trav\u00e9s del Programa Arag\u00f3n Empresa del Instituto Aragon\u00e9s de Fomento, en colaboraci\u00f3n con las organizaciones empresariales de","canonical_url":"https:\/\/www.eldigitaldeasturias.com\/noticias\/abierto-el-plazo-para-optar-al-premio-empresa-teruel-2016\/","robots":"max-image-preview:large","keywords":"actualidad","webmasterTools":{"google-site-verification":"UA-38556648-1","msvalidate.01":"7dfe9f3f1b24437ab69f4f2559babe99","miscellaneous":""},"schema":{"@context":"https:\/\/schema.org","@graph":[{"@type":"BlogPosting","@id":"https:\/\/www.eldigitaldeasturias.com\/noticias\/abierto-el-plazo-para-optar-al-premio-empresa-teruel-2016\/#blogposting","name":"Abierto el plazo para optar al Premio Empresa Teruel 2016 - El Digital de Asturias","headline":"Abierto el plazo para optar al Premio Empresa Teruel 2016","author":{"@id":"https:\/\/www.eldigitaldeasturias.com\/noticias\/author\/admin\/#author"},"publisher":{"@id":"https:\/\/www.eldigitaldeasturias.com\/noticias\/#organization"},"image":{"@type":"ImageObject","url":"https:\/\/www.eldigitaldeasturias.com\/noticias\/wp-content\/uploads\/2016\/09\/Premio_Empresa_Teruel.jpg","width":700,"height":310},"datePublished":"2016-09-20T00:00:09+02:00","dateModified":"2016-09-20T00:00:09+02:00","inLanguage":"es-ES","mainEntityOfPage":{"@id":"https:\/\/www.eldigitaldeasturias.com\/noticias\/abierto-el-plazo-para-optar-al-premio-empresa-teruel-2016\/#webpage"},"isPartOf":{"@id":"https:\/\/www.eldigitaldeasturias.com\/noticias\/abierto-el-plazo-para-optar-al-premio-empresa-teruel-2016\/#webpage"},"articleSection":"Actualidad"},{"@type":"BreadcrumbList","@id":"https:\/\/www.eldigitaldeasturias.com\/noticias\/abierto-el-plazo-para-optar-al-premio-empresa-teruel-2016\/#breadcrumblist","itemListElement":[{"@type":"ListItem","@id":"https:\/\/www.eldigitaldeasturias.com\/noticias#listItem","position":1,"name":"Home","item":"https:\/\/www.eldigitaldeasturias.com\/noticias","nextItem":{"@type":"ListItem","@id":"https:\/\/www.eldigitaldeasturias.com\/noticias\/category\/actualidad\/#listItem","name":"Actualidad"}},{"@type":"ListItem","@id":"https:\/\/www.eldigitaldeasturias.com\/noticias\/category\/actualidad\/#listItem","position":2,"name":"Actualidad","item":"https:\/\/www.eldigitaldeasturias.com\/noticias\/category\/actualidad\/","nextItem":{"@type":"ListItem","@id":"https:\/\/www.eldigitaldeasturias.com\/noticias\/abierto-el-plazo-para-optar-al-premio-empresa-teruel-2016\/#listItem","name":"Abierto el plazo para optar al Premio Empresa Teruel 2016"},"previousItem":{"@type":"ListItem","@id":"https:\/\/www.eldigitaldeasturias.com\/noticias#listItem","name":"Home"}},{"@type":"ListItem","@id":"https:\/\/www.eldigitaldeasturias.com\/noticias\/abierto-el-plazo-para-optar-al-premio-empresa-teruel-2016\/#listItem","position":3,"name":"Abierto el plazo para optar al Premio Empresa Teruel 2016","previousItem":{"@type":"ListItem","@id":"https:\/\/www.eldigitaldeasturias.com\/noticias\/category\/actualidad\/#listItem","name":"Actualidad"}}]},{"@type":"Organization","@id":"https:\/\/www.eldigitaldeasturias.com\/noticias\/#organization","name":"El Digital de Asturias","description":"Hemeroteca","url":"https:\/\/www.eldigitaldeasturias.com\/noticias\/","email":"info@eldigitaldeasturias.com","telephone":"+34652131393","logo":{"@type":"ImageObject","url":"https:\/\/www.eldigitaldeasturias.com\/noticias\/wp-content\/uploads\/2020\/12\/EDA.jpg","@id":"https:\/\/www.eldigitaldeasturias.com\/noticias\/abierto-el-plazo-para-optar-al-premio-empresa-teruel-2016\/#organizationLogo","width":649,"height":297},"image":{"@id":"https:\/\/www.eldigitaldeasturias.com\/noticias\/abierto-el-plazo-para-optar-al-premio-empresa-teruel-2016\/#organizationLogo"},"sameAs":["https:\/\/facebook.com\/eldigitaldeasturias","https:\/\/www.youtube.com\/channel\/UCZP-2wLEB9Rv6erhFmqVnvg"],"address":{"@id":"https:\/\/www.eldigitaldeasturias.com\/noticias\/#postaladdress","@type":"PostalAddress","streetAddress":"san antonio 4,","postalCode":"33430","addressLocality":"Cand\u00e1s","addressRegion":"Asturias","addressCountry":"ES"}},{"@type":"Person","@id":"https:\/\/www.eldigitaldeasturias.com\/noticias\/author\/admin\/#author","url":"https:\/\/www.eldigitaldeasturias.com\/noticias\/author\/admin\/","name":"El Digital de Asturias","image":{"@type":"ImageObject","@id":"https:\/\/www.eldigitaldeasturias.com\/noticias\/abierto-el-plazo-para-optar-al-premio-empresa-teruel-2016\/#authorImage","url":"https:\/\/www.eldigitaldeasturias.com\/noticias\/wp-content\/litespeed\/avatar\/18677e78aa0546b92d9dbf31ec7d7668.jpg?ver=1777290358","width":96,"height":96,"caption":"El Digital de Asturias"}},{"@type":"WebPage","@id":"https:\/\/www.eldigitaldeasturias.com\/noticias\/abierto-el-plazo-para-optar-al-premio-empresa-teruel-2016\/#webpage","url":"https:\/\/www.eldigitaldeasturias.com\/noticias\/abierto-el-plazo-para-optar-al-premio-empresa-teruel-2016\/","name":"Abierto el plazo para optar al Premio Empresa Teruel 2016 - El Digital de Asturias","description":"El periodo para presentar candidaturas al Premio Empresa Teruel 2016 ya ha comenzado. Hasta el 3 de octubre, los empresarios de esta provincia pueden optar a este galard\u00f3n promovido por el Departamento de Econom\u00eda, Industria y Empleo, a trav\u00e9s del Programa Arag\u00f3n Empresa del Instituto Aragon\u00e9s de Fomento, en colaboraci\u00f3n con las organizaciones empresariales de","inLanguage":"es-ES","isPartOf":{"@id":"https:\/\/www.eldigitaldeasturias.com\/noticias\/#website"},"breadcrumb":{"@id":"https:\/\/www.eldigitaldeasturias.com\/noticias\/abierto-el-plazo-para-optar-al-premio-empresa-teruel-2016\/#breadcrumblist"},"author":{"@id":"https:\/\/www.eldigitaldeasturias.com\/noticias\/author\/admin\/#author"},"creator":{"@id":"https:\/\/www.eldigitaldeasturias.com\/noticias\/author\/admin\/#author"},"image":{"@type":"ImageObject","url":"https:\/\/www.eldigitaldeasturias.com\/noticias\/wp-content\/uploads\/2016\/09\/Premio_Empresa_Teruel.jpg","@id":"https:\/\/www.eldigitaldeasturias.com\/noticias\/abierto-el-plazo-para-optar-al-premio-empresa-teruel-2016\/#mainImage","width":700,"height":310},"primaryImageOfPage":{"@id":"https:\/\/www.eldigitaldeasturias.com\/noticias\/abierto-el-plazo-para-optar-al-premio-empresa-teruel-2016\/#mainImage"},"datePublished":"2016-09-20T00:00:09+02:00","dateModified":"2016-09-20T00:00:09+02:00"},{"@type":"WebSite","@id":"https:\/\/www.eldigitaldeasturias.com\/noticias\/#website","url":"https:\/\/www.eldigitaldeasturias.com\/noticias\/","name":"El Digital de Asturias - Diario de actualidad y noticias","alternateName":"El Digital de Asturias - Diario de actualidad y noticias","description":"Hemeroteca","inLanguage":"es-ES","publisher":{"@id":"https:\/\/www.eldigitaldeasturias.com\/noticias\/#organization"}}]},"og:locale":"es_ES","og:site_name":"El Digital de Asturias","og:type":"article","og:title":"Abierto el plazo para optar al Premio Empresa Teruel 2016 - El Digital de Asturias","og:description":"El periodo para presentar candidaturas al Premio Empresa Teruel 2016 ya ha comenzado. Hasta el 3 de octubre, los empresarios de esta provincia pueden optar a este galard\u00f3n promovido por el Departamento de Econom\u00eda, Industria y Empleo, a trav\u00e9s del Programa Arag\u00f3n Empresa del Instituto Aragon\u00e9s de Fomento, en colaboraci\u00f3n con las organizaciones empresariales de","og:url":"https:\/\/www.eldigitaldeasturias.com\/noticias\/abierto-el-plazo-para-optar-al-premio-empresa-teruel-2016\/","og:image":"https:\/\/www.eldigitaldeasturias.com\/noticias\/wp-content\/uploads\/2016\/09\/Premio_Empresa_Teruel.jpg","og:image:secure_url":"https:\/\/www.eldigitaldeasturias.com\/noticias\/wp-content\/uploads\/2016\/09\/Premio_Empresa_Teruel.jpg","og:image:width":700,"og:image:height":310,"article:tag":["actualidad"],"article:published_time":"2016-09-19T23:00:09+00:00","article:modified_time":"2016-09-19T23:00:09+00:00","article:publisher":"https:\/\/facebook.com\/eldigitaldeasturias","twitter:card":"summary_large_image","twitter:title":"Abierto el plazo para optar al Premio Empresa Teruel 2016 - El Digital de Asturias","twitter:description":"El periodo para presentar candidaturas al Premio Empresa Teruel 2016 ya ha comenzado. Hasta el 3 de octubre, los empresarios de esta provincia pueden optar a este galard\u00f3n promovido por el Departamento de Econom\u00eda, Industria y Empleo, a trav\u00e9s del Programa Arag\u00f3n Empresa del Instituto Aragon\u00e9s de Fomento, en colaboraci\u00f3n con las organizaciones empresariales de","twitter:image":"https:\/\/www.eldigitaldeasturias.com\/noticias\/wp-content\/uploads\/2016\/09\/Premio_Empresa_Teruel.jpg","twitter:label1":"Escrito por","twitter:data1":"El Digital de Asturias","twitter:label2":"Tiempo de lectura estimado","twitter:data2":"2 minutos"},"aioseo_meta_data":{"post_id":"908544","title":null,"description":null,"keywords":null,"keyphrases":null,"primary_term":null,"canonical_url":null,"og_title":null,"og_description":null,"og_object_type":"default","og_image_type":"default","og_image_url":null,"og_image_width":null,"og_image_height":null,"og_image_custom_url":null,"og_image_custom_fields":null,"og_video":null,"og_custom_url":null,"og_article_section":null,"og_article_tags":null,"twitter_use_og":false,"twitter_card":"default","twitter_image_type":"default","twitter_image_url":null,"twitter_image_custom_url":null,"twitter_image_custom_fields":null,"twitter_title":null,"twitter_description":null,"schema":{"blockGraphs":[],"customGraphs":[],"default":{"data":{"Article":[],"Course":[],"Dataset":[],"FAQPage":[],"Movie":[],"Person":[],"Product":[],"ProductReview":[],"Car":[],"Recipe":[],"Service":[],"SoftwareApplication":[],"WebPage":[]},"graphName":"","isEnabled":true},"graphs":[],"defaultGraph":"","defaultPostTypeGraph":""},"schema_type":null,"schema_type_options":null,"pillar_content":false,"robots_default":true,"robots_noindex":false,"robots_noarchive":false,"robots_nosnippet":false,"robots_nofollow":false,"robots_noimageindex":false,"robots_noodp":false,"robots_notranslate":false,"robots_max_snippet":null,"robots_max_videopreview":null,"robots_max_imagepreview":"large","priority":null,"frequency":null,"local_seo":null,"seo_analyzer_scan_date":"2025-11-30 16:31:23","breadcrumb_settings":null,"limit_modified_date":false,"open_ai":null,"ai":null,"created":"2020-12-21 14:00:05","updated":"2025-11-30 16:31:23"},"aioseo_breadcrumb":"<div class=\"aioseo-breadcrumbs\"><span class=\"aioseo-breadcrumb\">\n\t<a href=\"https:\/\/www.eldigitaldeasturias.com\/noticias\" title=\"Home\">Home<\/a>\n<\/span><span class=\"aioseo-breadcrumb-separator\">\u2013<\/span><span class=\"aioseo-breadcrumb\">\n\t<a href=\"https:\/\/www.eldigitaldeasturias.com\/noticias\/category\/actualidad\/\" title=\"Actualidad\">Actualidad<\/a>\n<\/span><span class=\"aioseo-breadcrumb-separator\">\u2013<\/span><span class=\"aioseo-breadcrumb\">\n\t<a href=\"https:\/\/www.eldigitaldeasturias.com\/noticias\/abierto-el-plazo-para-optar-al-premio-empresa-teruel-2016\/\" title=\"Abierto el plazo para optar al Premio Empresa Teruel 2016\">Abierto el plazo para optar al Premio Empresa Teruel 2016<\/a>\n<\/span><\/div>","aioseo_breadcrumb_json":[{"label":"Home","link":"https:\/\/www.eldigitaldeasturias.com\/noticias"},{"label":"Actualidad","link":"https:\/\/www.eldigitaldeasturias.com\/noticias\/category\/actualidad\/"},{"label":"Abierto el plazo para optar al Premio Empresa Teruel 2016","link":"https:\/\/www.eldigitaldeasturias.com\/noticias\/abierto-el-plazo-para-optar-al-premio-empresa-teruel-2016\/"}],"_links":{"self":[{"href":"https:\/\/www.eldigitaldeasturias.com\/noticias\/wp-json\/wp\/v2\/posts\/908544","targetHints":{"allow":["GET"]}}],"collection":[{"href":"https:\/\/www.eldigitaldeasturias.com\/noticias\/wp-json\/wp\/v2\/posts"}],"about":[{"href":"https:\/\/www.eldigitaldeasturias.com\/noticias\/wp-json\/wp\/v2\/types\/post"}],"author":[{"embeddable":true,"href":"https:\/\/www.eldigitaldeasturias.com\/noticias\/wp-json\/wp\/v2\/users\/1"}],"replies":[{"embeddable":true,"href":"https:\/\/www.eldigitaldeasturias.com\/noticias\/wp-json\/wp\/v2\/comments?post=908544"}],"version-history":[{"count":0,"href":"https:\/\/www.eldigitaldeasturias.com\/noticias\/wp-json\/wp\/v2\/posts\/908544\/revisions"}],"wp:featuredmedia":[{"embeddable":true,"href":"https:\/\/www.eldigitaldeasturias.com\/noticias\/wp-json\/wp\/v2\/media\/908545"}],"wp:attachment":[{"href":"https:\/\/www.eldigitaldeasturias.com\/noticias\/wp-json\/wp\/v2\/media?parent=908544"}],"wp:term":[{"taxonomy":"category","embeddable":true,"href":"https:\/\/www.eldigitaldeasturias.com\/noticias\/wp-json\/wp\/v2\/categories?post=908544"},{"taxonomy":"post_tag","embeddable":true,"href":"https:\/\/www.eldigitaldeasturias.com\/noticias\/wp-json\/wp\/v2\/tags?post=908544"}],"curies":[{"name":"wp","href":"https:\/\/api.w.org\/{rel}","templated":true}]}}