{"id":908540,"date":"2016-09-19T23:41:07","date_gmt":"2016-09-19T22:41:07","guid":{"rendered":"http:\/\/www.eldigitaldeasturias.com\/noticias\/?p=908540"},"modified":"2016-09-19T23:50:31","modified_gmt":"2016-09-19T22:50:31","slug":"la-fiscalia-pide-cuatro-anos-de-prision-para-los-dos-acusados-de-robar-en-una-casa-de-gijon","status":"publish","type":"post","link":"https:\/\/www.eldigitaldeasturias.com\/noticias\/la-fiscalia-pide-cuatro-anos-de-prision-para-los-dos-acusados-de-robar-en-una-casa-de-gijon\/","title":{"rendered":"La Fiscal\u00eda pide cuatro a\u00f1os de prisi\u00f3n para los dos acusados de robar en una casa de Gij\u00f3n"},"content":{"rendered":"<p><img loading=\"lazy\" decoding=\"async\" class=\"alignleft size-medium wp-image-811982\" src=\"https:\/\/www.eldigitaldeasturias.com\/noticias\/wp-content\/uploads\/2015\/10\/juzgado-360x241.jpg\" alt=\"juzgado\" width=\"360\" height=\"241\" srcset=\"https:\/\/www.eldigitaldeasturias.com\/noticias\/wp-content\/uploads\/2015\/10\/juzgado-360x241.jpg 360w, https:\/\/www.eldigitaldeasturias.com\/noticias\/wp-content\/uploads\/2015\/10\/juzgado-650x436.jpg 650w, https:\/\/www.eldigitaldeasturias.com\/noticias\/wp-content\/uploads\/2015\/10\/juzgado.jpg 800w\" sizes=\"auto, (max-width: 360px) 100vw, 360px\" \/>La Fiscal\u00eda de \u00c1rea de Gij\u00f3n solicita la condena de cuatro a\u00f1os de prisi\u00f3n para cada uno de los dos acusados de robar en una casa de Gij\u00f3n, a la que accedieron fingiendo ser polic\u00edas. La vista oral est\u00e1 se\u00f1alada para este martes, 20 de septiembre de 2016, en el Juzgado de lo Penal n\u00famero 2 de Gij\u00f3n, a las 13.00 horas. Las v\u00edctimas no reclaman y han renunciado a cuantas acciones civiles o penales pudieran corresponderles.<\/p>\n<p>El Ministerio Fiscal sostiene que, sobre las 22.30 horas del d\u00eda 31 de enero de 2015, los acusados se dirigieron a un domicilio de la calle Ana Mar\u00eda de Gij\u00f3n, en el barrio de El Llano donde viv\u00eda una pareja.<\/p>\n<p>Despu\u00e9s de llamar a la puerta y decir que eran polic\u00edas mostrando un carn\u00e9 que portaba uno de los acusados, la mujer les facilit\u00f3 la entrada. Una vez dentro del domicilio, uno de los acusados permaneci\u00f3 en el sal\u00f3n de la casa con ella, mientras que el otro acusado llev\u00f3 al hombre a una de las habitaciones del piso, donde tras repetirle que era polic\u00eda, le pidi\u00f3 la documentaci\u00f3n, le dijo que no hablara y que se sentara, al tiempo que le ped\u00eda que vaciara los bolsillos.<\/p>\n<p>Ante el temor de que le hicieran algo a \u00e9l o a la mujer, le entreg\u00f3 dos tel\u00e9fonos m\u00f3viles, un juego de llaves y 33 euros en efectivo. A continuaci\u00f3n, el acusado registr\u00f3 la habitaci\u00f3n, encontrando en un caj\u00f3n 900 euros m\u00e1s, de los que se apoder\u00f3.<\/p>\n<p>Mientras tanto, en el sal\u00f3n de la casa, el otro acusado registr\u00f3 el bolso de la mujer y se apoder\u00f3 de 415 euros que guardaba en su interior. Despu\u00e9s le pregunt\u00f3 si ten\u00edan caja fuerte y, al contestarle ella que no, la amenaz\u00f3 con llevarla a comisar\u00eda y con quitarle a su hijo de seis meses. A continuaci\u00f3n, ambos acusados salieron del domicilio y huyeron corriendo.<\/p>\n<p>La Fiscal\u00eda considera que los hechos son constitutivos de un delito de robo con intimidaci\u00f3n en casa habitada y solicita que se condene a cada uno de los acusados a cuatro a\u00f1os de prisi\u00f3n e inhabilitaci\u00f3n especial para el derecho de sufragio pasivo durante el tiempo de la condena.<\/p>\n<p>&nbsp;<\/p>\n","protected":false},"excerpt":{"rendered":"<p>La Fiscal\u00eda de \u00c1rea de Gij\u00f3n solicita la condena de cuatro a\u00f1os de prisi\u00f3n para cada uno de los dos acusados de robar en una casa de Gij\u00f3n, a la que accedieron fingiendo ser polic\u00edas. La vista oral est\u00e1 se\u00f1alada para este martes, 20 de septiembre de 2016, en el Juzgado de lo Penal n\u00famero [&hellip;]<\/p>\n","protected":false},"author":1,"featured_media":811982,"comment_status":"closed","ping_status":"closed","sticky":false,"template":"","format":"standard","meta":{"footnotes":""},"categories":[5],"tags":[],"class_list":["post-908540","post","type-post","status-publish","format-standard","has-post-thumbnail","hentry","category-sucesos"],"aioseo_notices":[],"aioseo_head":"\n\t\t<!-- All in One SEO Pro 4.9.6.2 - aioseo.com -->\n\t<meta name=\"description\" content=\"La Fiscal\u00eda de \u00c1rea de Gij\u00f3n solicita la condena de cuatro a\u00f1os de prisi\u00f3n para cada uno de los dos acusados de robar en una casa de Gij\u00f3n, a la que accedieron fingiendo ser polic\u00edas. La vista oral est\u00e1 se\u00f1alada para este martes, 20 de septiembre de 2016, en el Juzgado de lo Penal n\u00famero\" \/>\n\t<meta name=\"robots\" content=\"max-image-preview:large\" \/>\n\t<meta name=\"author\" content=\"El Digital de Asturias\"\/>\n\t<meta name=\"google-site-verification\" content=\"UA-38556648-1\" \/>\n\t<meta name=\"msvalidate.01\" content=\"7dfe9f3f1b24437ab69f4f2559babe99\" \/>\n\t<meta name=\"keywords\" content=\"sucesos\" \/>\n\t<link rel=\"canonical\" href=\"https:\/\/www.eldigitaldeasturias.com\/noticias\/la-fiscalia-pide-cuatro-anos-de-prision-para-los-dos-acusados-de-robar-en-una-casa-de-gijon\/\" \/>\n\t<meta name=\"generator\" content=\"All in One SEO Pro (AIOSEO) 4.9.6.2\" \/>\n\t\t<meta property=\"og:locale\" content=\"es_ES\" \/>\n\t\t<meta property=\"og:site_name\" content=\"El Digital de Asturias\" \/>\n\t\t<meta property=\"og:type\" content=\"article\" \/>\n\t\t<meta property=\"og:title\" content=\"La Fiscal\u00eda pide cuatro a\u00f1os de prisi\u00f3n para los dos acusados de robar en una casa de Gij\u00f3n - El Digital de Asturias\" \/>\n\t\t<meta property=\"og:description\" content=\"La Fiscal\u00eda de \u00c1rea de Gij\u00f3n solicita la condena de cuatro a\u00f1os de prisi\u00f3n para cada uno de los dos acusados de robar en una casa de Gij\u00f3n, a la que accedieron fingiendo ser polic\u00edas. La vista oral est\u00e1 se\u00f1alada para este martes, 20 de septiembre de 2016, en el Juzgado de lo Penal n\u00famero\" \/>\n\t\t<meta property=\"og:url\" content=\"https:\/\/www.eldigitaldeasturias.com\/noticias\/la-fiscalia-pide-cuatro-anos-de-prision-para-los-dos-acusados-de-robar-en-una-casa-de-gijon\/\" \/>\n\t\t<meta property=\"og:image\" content=\"https:\/\/www.eldigitaldeasturias.com\/noticias\/wp-content\/uploads\/2015\/10\/juzgado.jpg\" \/>\n\t\t<meta property=\"og:image:secure_url\" content=\"https:\/\/www.eldigitaldeasturias.com\/noticias\/wp-content\/uploads\/2015\/10\/juzgado.jpg\" \/>\n\t\t<meta property=\"og:image:width\" content=\"800\" \/>\n\t\t<meta property=\"og:image:height\" content=\"536\" \/>\n\t\t<meta property=\"article:tag\" content=\"sucesos\" \/>\n\t\t<meta property=\"article:published_time\" content=\"2016-09-19T22:41:07+00:00\" \/>\n\t\t<meta property=\"article:modified_time\" content=\"2016-09-19T22:50:31+00:00\" \/>\n\t\t<meta property=\"article:publisher\" content=\"https:\/\/facebook.com\/eldigitaldeasturias\" \/>\n\t\t<meta name=\"twitter:card\" content=\"summary_large_image\" \/>\n\t\t<meta name=\"twitter:title\" content=\"La Fiscal\u00eda pide cuatro a\u00f1os de prisi\u00f3n para los dos acusados de robar en una casa de Gij\u00f3n - El Digital de Asturias\" \/>\n\t\t<meta name=\"twitter:description\" content=\"La Fiscal\u00eda de \u00c1rea de Gij\u00f3n solicita la condena de cuatro a\u00f1os de prisi\u00f3n para cada uno de los dos acusados de robar en una casa de Gij\u00f3n, a la que accedieron fingiendo ser polic\u00edas. La vista oral est\u00e1 se\u00f1alada para este martes, 20 de septiembre de 2016, en el Juzgado de lo Penal n\u00famero\" \/>\n\t\t<meta name=\"twitter:image\" content=\"https:\/\/www.eldigitaldeasturias.com\/noticias\/wp-content\/uploads\/2015\/10\/juzgado.jpg\" \/>\n\t\t<meta name=\"twitter:label1\" content=\"Escrito por\" \/>\n\t\t<meta name=\"twitter:data1\" content=\"El Digital de Asturias\" \/>\n\t\t<meta name=\"twitter:label2\" content=\"Tiempo de lectura estimado\" \/>\n\t\t<meta name=\"twitter:data2\" content=\"2 minutos\" \/>\n\t\t<script type=\"application\/ld+json\" class=\"aioseo-schema\">\n\t\t\t{\"@context\":\"https:\\\/\\\/schema.org\",\"@graph\":[{\"@type\":\"BlogPosting\",\"@id\":\"https:\\\/\\\/www.eldigitaldeasturias.com\\\/noticias\\\/la-fiscalia-pide-cuatro-anos-de-prision-para-los-dos-acusados-de-robar-en-una-casa-de-gijon\\\/#blogposting\",\"name\":\"La Fiscal\\u00eda pide cuatro a\\u00f1os de prisi\\u00f3n para los dos acusados de robar en una casa de Gij\\u00f3n - El Digital de Asturias\",\"headline\":\"La Fiscal\\u00eda pide cuatro a\\u00f1os de prisi\\u00f3n para los dos acusados de robar en una casa de Gij\\u00f3n\",\"author\":{\"@id\":\"https:\\\/\\\/www.eldigitaldeasturias.com\\\/noticias\\\/author\\\/admin\\\/#author\"},\"publisher\":{\"@id\":\"https:\\\/\\\/www.eldigitaldeasturias.com\\\/noticias\\\/#organization\"},\"image\":{\"@type\":\"ImageObject\",\"url\":\"https:\\\/\\\/www.eldigitaldeasturias.com\\\/noticias\\\/wp-content\\\/uploads\\\/2015\\\/10\\\/juzgado.jpg\",\"width\":800,\"height\":536},\"datePublished\":\"2016-09-19T23:41:07+02:00\",\"dateModified\":\"2016-09-19T23:50:31+02:00\",\"inLanguage\":\"es-ES\",\"mainEntityOfPage\":{\"@id\":\"https:\\\/\\\/www.eldigitaldeasturias.com\\\/noticias\\\/la-fiscalia-pide-cuatro-anos-de-prision-para-los-dos-acusados-de-robar-en-una-casa-de-gijon\\\/#webpage\"},\"isPartOf\":{\"@id\":\"https:\\\/\\\/www.eldigitaldeasturias.com\\\/noticias\\\/la-fiscalia-pide-cuatro-anos-de-prision-para-los-dos-acusados-de-robar-en-una-casa-de-gijon\\\/#webpage\"},\"articleSection\":\"Sucesos\"},{\"@type\":\"BreadcrumbList\",\"@id\":\"https:\\\/\\\/www.eldigitaldeasturias.com\\\/noticias\\\/la-fiscalia-pide-cuatro-anos-de-prision-para-los-dos-acusados-de-robar-en-una-casa-de-gijon\\\/#breadcrumblist\",\"itemListElement\":[{\"@type\":\"ListItem\",\"@id\":\"https:\\\/\\\/www.eldigitaldeasturias.com\\\/noticias#listItem\",\"position\":1,\"name\":\"Home\",\"item\":\"https:\\\/\\\/www.eldigitaldeasturias.com\\\/noticias\",\"nextItem\":{\"@type\":\"ListItem\",\"@id\":\"https:\\\/\\\/www.eldigitaldeasturias.com\\\/noticias\\\/category\\\/sucesos\\\/#listItem\",\"name\":\"Sucesos\"}},{\"@type\":\"ListItem\",\"@id\":\"https:\\\/\\\/www.eldigitaldeasturias.com\\\/noticias\\\/category\\\/sucesos\\\/#listItem\",\"position\":2,\"name\":\"Sucesos\",\"item\":\"https:\\\/\\\/www.eldigitaldeasturias.com\\\/noticias\\\/category\\\/sucesos\\\/\",\"nextItem\":{\"@type\":\"ListItem\",\"@id\":\"https:\\\/\\\/www.eldigitaldeasturias.com\\\/noticias\\\/la-fiscalia-pide-cuatro-anos-de-prision-para-los-dos-acusados-de-robar-en-una-casa-de-gijon\\\/#listItem\",\"name\":\"La Fiscal\\u00eda pide cuatro a\\u00f1os de prisi\\u00f3n para los dos acusados de robar en una casa de Gij\\u00f3n\"},\"previousItem\":{\"@type\":\"ListItem\",\"@id\":\"https:\\\/\\\/www.eldigitaldeasturias.com\\\/noticias#listItem\",\"name\":\"Home\"}},{\"@type\":\"ListItem\",\"@id\":\"https:\\\/\\\/www.eldigitaldeasturias.com\\\/noticias\\\/la-fiscalia-pide-cuatro-anos-de-prision-para-los-dos-acusados-de-robar-en-una-casa-de-gijon\\\/#listItem\",\"position\":3,\"name\":\"La Fiscal\\u00eda pide cuatro a\\u00f1os de prisi\\u00f3n para los dos acusados de robar en una casa de Gij\\u00f3n\",\"previousItem\":{\"@type\":\"ListItem\",\"@id\":\"https:\\\/\\\/www.eldigitaldeasturias.com\\\/noticias\\\/category\\\/sucesos\\\/#listItem\",\"name\":\"Sucesos\"}}]},{\"@type\":\"Organization\",\"@id\":\"https:\\\/\\\/www.eldigitaldeasturias.com\\\/noticias\\\/#organization\",\"name\":\"El Digital de Asturias\",\"description\":\"Hemeroteca\",\"url\":\"https:\\\/\\\/www.eldigitaldeasturias.com\\\/noticias\\\/\",\"email\":\"info@eldigitaldeasturias.com\",\"telephone\":\"+34652131393\",\"logo\":{\"@type\":\"ImageObject\",\"url\":\"https:\\\/\\\/www.eldigitaldeasturias.com\\\/noticias\\\/wp-content\\\/uploads\\\/2020\\\/12\\\/EDA.jpg\",\"@id\":\"https:\\\/\\\/www.eldigitaldeasturias.com\\\/noticias\\\/la-fiscalia-pide-cuatro-anos-de-prision-para-los-dos-acusados-de-robar-en-una-casa-de-gijon\\\/#organizationLogo\",\"width\":649,\"height\":297},\"image\":{\"@id\":\"https:\\\/\\\/www.eldigitaldeasturias.com\\\/noticias\\\/la-fiscalia-pide-cuatro-anos-de-prision-para-los-dos-acusados-de-robar-en-una-casa-de-gijon\\\/#organizationLogo\"},\"sameAs\":[\"https:\\\/\\\/facebook.com\\\/eldigitaldeasturias\",\"https:\\\/\\\/www.youtube.com\\\/channel\\\/UCZP-2wLEB9Rv6erhFmqVnvg\"],\"address\":{\"@id\":\"https:\\\/\\\/www.eldigitaldeasturias.com\\\/noticias\\\/#postaladdress\",\"@type\":\"PostalAddress\",\"streetAddress\":\"san antonio 4,\",\"postalCode\":\"33430\",\"addressLocality\":\"Cand\\u00e1s\",\"addressRegion\":\"Asturias\",\"addressCountry\":\"ES\"}},{\"@type\":\"Person\",\"@id\":\"https:\\\/\\\/www.eldigitaldeasturias.com\\\/noticias\\\/author\\\/admin\\\/#author\",\"url\":\"https:\\\/\\\/www.eldigitaldeasturias.com\\\/noticias\\\/author\\\/admin\\\/\",\"name\":\"El Digital de Asturias\",\"image\":{\"@type\":\"ImageObject\",\"@id\":\"https:\\\/\\\/www.eldigitaldeasturias.com\\\/noticias\\\/la-fiscalia-pide-cuatro-anos-de-prision-para-los-dos-acusados-de-robar-en-una-casa-de-gijon\\\/#authorImage\",\"url\":\"https:\\\/\\\/www.eldigitaldeasturias.com\\\/noticias\\\/wp-content\\\/litespeed\\\/avatar\\\/18677e78aa0546b92d9dbf31ec7d7668.jpg?ver=1777290358\",\"width\":96,\"height\":96,\"caption\":\"El Digital de Asturias\"}},{\"@type\":\"WebPage\",\"@id\":\"https:\\\/\\\/www.eldigitaldeasturias.com\\\/noticias\\\/la-fiscalia-pide-cuatro-anos-de-prision-para-los-dos-acusados-de-robar-en-una-casa-de-gijon\\\/#webpage\",\"url\":\"https:\\\/\\\/www.eldigitaldeasturias.com\\\/noticias\\\/la-fiscalia-pide-cuatro-anos-de-prision-para-los-dos-acusados-de-robar-en-una-casa-de-gijon\\\/\",\"name\":\"La Fiscal\\u00eda pide cuatro a\\u00f1os de prisi\\u00f3n para los dos acusados de robar en una casa de Gij\\u00f3n - El Digital de Asturias\",\"description\":\"La Fiscal\\u00eda de \\u00c1rea de Gij\\u00f3n solicita la condena de cuatro a\\u00f1os de prisi\\u00f3n para cada uno de los dos acusados de robar en una casa de Gij\\u00f3n, a la que accedieron fingiendo ser polic\\u00edas. La vista oral est\\u00e1 se\\u00f1alada para este martes, 20 de septiembre de 2016, en el Juzgado de lo Penal n\\u00famero\",\"inLanguage\":\"es-ES\",\"isPartOf\":{\"@id\":\"https:\\\/\\\/www.eldigitaldeasturias.com\\\/noticias\\\/#website\"},\"breadcrumb\":{\"@id\":\"https:\\\/\\\/www.eldigitaldeasturias.com\\\/noticias\\\/la-fiscalia-pide-cuatro-anos-de-prision-para-los-dos-acusados-de-robar-en-una-casa-de-gijon\\\/#breadcrumblist\"},\"author\":{\"@id\":\"https:\\\/\\\/www.eldigitaldeasturias.com\\\/noticias\\\/author\\\/admin\\\/#author\"},\"creator\":{\"@id\":\"https:\\\/\\\/www.eldigitaldeasturias.com\\\/noticias\\\/author\\\/admin\\\/#author\"},\"image\":{\"@type\":\"ImageObject\",\"url\":\"https:\\\/\\\/www.eldigitaldeasturias.com\\\/noticias\\\/wp-content\\\/uploads\\\/2015\\\/10\\\/juzgado.jpg\",\"@id\":\"https:\\\/\\\/www.eldigitaldeasturias.com\\\/noticias\\\/la-fiscalia-pide-cuatro-anos-de-prision-para-los-dos-acusados-de-robar-en-una-casa-de-gijon\\\/#mainImage\",\"width\":800,\"height\":536},\"primaryImageOfPage\":{\"@id\":\"https:\\\/\\\/www.eldigitaldeasturias.com\\\/noticias\\\/la-fiscalia-pide-cuatro-anos-de-prision-para-los-dos-acusados-de-robar-en-una-casa-de-gijon\\\/#mainImage\"},\"datePublished\":\"2016-09-19T23:41:07+02:00\",\"dateModified\":\"2016-09-19T23:50:31+02:00\"},{\"@type\":\"WebSite\",\"@id\":\"https:\\\/\\\/www.eldigitaldeasturias.com\\\/noticias\\\/#website\",\"url\":\"https:\\\/\\\/www.eldigitaldeasturias.com\\\/noticias\\\/\",\"name\":\"El Digital de Asturias - Diario de actualidad y noticias\",\"alternateName\":\"El Digital de Asturias - Diario de actualidad y noticias\",\"description\":\"Hemeroteca\",\"inLanguage\":\"es-ES\",\"publisher\":{\"@id\":\"https:\\\/\\\/www.eldigitaldeasturias.com\\\/noticias\\\/#organization\"}}]}\n\t\t<\/script>\n\t\t<!-- All in One SEO Pro -->\r\n\t\t<title>La Fiscal\u00eda pide cuatro a\u00f1os de prisi\u00f3n para los dos acusados de robar en una casa de Gij\u00f3n - El Digital de Asturias<\/title>\n\n","aioseo_head_json":{"title":"La Fiscal\u00eda pide cuatro a\u00f1os de prisi\u00f3n para los dos acusados de robar en una casa de Gij\u00f3n - El Digital de Asturias","description":"La Fiscal\u00eda de \u00c1rea de Gij\u00f3n solicita la condena de cuatro a\u00f1os de prisi\u00f3n para cada uno de los dos acusados de robar en una casa de Gij\u00f3n, a la que accedieron fingiendo ser polic\u00edas. La vista oral est\u00e1 se\u00f1alada para este martes, 20 de septiembre de 2016, en el Juzgado de lo Penal n\u00famero","canonical_url":"https:\/\/www.eldigitaldeasturias.com\/noticias\/la-fiscalia-pide-cuatro-anos-de-prision-para-los-dos-acusados-de-robar-en-una-casa-de-gijon\/","robots":"max-image-preview:large","keywords":"sucesos","webmasterTools":{"google-site-verification":"UA-38556648-1","msvalidate.01":"7dfe9f3f1b24437ab69f4f2559babe99","miscellaneous":""},"schema":{"@context":"https:\/\/schema.org","@graph":[{"@type":"BlogPosting","@id":"https:\/\/www.eldigitaldeasturias.com\/noticias\/la-fiscalia-pide-cuatro-anos-de-prision-para-los-dos-acusados-de-robar-en-una-casa-de-gijon\/#blogposting","name":"La Fiscal\u00eda pide cuatro a\u00f1os de prisi\u00f3n para los dos acusados de robar en una casa de Gij\u00f3n - El Digital de Asturias","headline":"La Fiscal\u00eda pide cuatro a\u00f1os de prisi\u00f3n para los dos acusados de robar en una casa de Gij\u00f3n","author":{"@id":"https:\/\/www.eldigitaldeasturias.com\/noticias\/author\/admin\/#author"},"publisher":{"@id":"https:\/\/www.eldigitaldeasturias.com\/noticias\/#organization"},"image":{"@type":"ImageObject","url":"https:\/\/www.eldigitaldeasturias.com\/noticias\/wp-content\/uploads\/2015\/10\/juzgado.jpg","width":800,"height":536},"datePublished":"2016-09-19T23:41:07+02:00","dateModified":"2016-09-19T23:50:31+02:00","inLanguage":"es-ES","mainEntityOfPage":{"@id":"https:\/\/www.eldigitaldeasturias.com\/noticias\/la-fiscalia-pide-cuatro-anos-de-prision-para-los-dos-acusados-de-robar-en-una-casa-de-gijon\/#webpage"},"isPartOf":{"@id":"https:\/\/www.eldigitaldeasturias.com\/noticias\/la-fiscalia-pide-cuatro-anos-de-prision-para-los-dos-acusados-de-robar-en-una-casa-de-gijon\/#webpage"},"articleSection":"Sucesos"},{"@type":"BreadcrumbList","@id":"https:\/\/www.eldigitaldeasturias.com\/noticias\/la-fiscalia-pide-cuatro-anos-de-prision-para-los-dos-acusados-de-robar-en-una-casa-de-gijon\/#breadcrumblist","itemListElement":[{"@type":"ListItem","@id":"https:\/\/www.eldigitaldeasturias.com\/noticias#listItem","position":1,"name":"Home","item":"https:\/\/www.eldigitaldeasturias.com\/noticias","nextItem":{"@type":"ListItem","@id":"https:\/\/www.eldigitaldeasturias.com\/noticias\/category\/sucesos\/#listItem","name":"Sucesos"}},{"@type":"ListItem","@id":"https:\/\/www.eldigitaldeasturias.com\/noticias\/category\/sucesos\/#listItem","position":2,"name":"Sucesos","item":"https:\/\/www.eldigitaldeasturias.com\/noticias\/category\/sucesos\/","nextItem":{"@type":"ListItem","@id":"https:\/\/www.eldigitaldeasturias.com\/noticias\/la-fiscalia-pide-cuatro-anos-de-prision-para-los-dos-acusados-de-robar-en-una-casa-de-gijon\/#listItem","name":"La Fiscal\u00eda pide cuatro a\u00f1os de prisi\u00f3n para los dos acusados de robar en una casa de Gij\u00f3n"},"previousItem":{"@type":"ListItem","@id":"https:\/\/www.eldigitaldeasturias.com\/noticias#listItem","name":"Home"}},{"@type":"ListItem","@id":"https:\/\/www.eldigitaldeasturias.com\/noticias\/la-fiscalia-pide-cuatro-anos-de-prision-para-los-dos-acusados-de-robar-en-una-casa-de-gijon\/#listItem","position":3,"name":"La Fiscal\u00eda pide cuatro a\u00f1os de prisi\u00f3n para los dos acusados de robar en una casa de Gij\u00f3n","previousItem":{"@type":"ListItem","@id":"https:\/\/www.eldigitaldeasturias.com\/noticias\/category\/sucesos\/#listItem","name":"Sucesos"}}]},{"@type":"Organization","@id":"https:\/\/www.eldigitaldeasturias.com\/noticias\/#organization","name":"El Digital de Asturias","description":"Hemeroteca","url":"https:\/\/www.eldigitaldeasturias.com\/noticias\/","email":"info@eldigitaldeasturias.com","telephone":"+34652131393","logo":{"@type":"ImageObject","url":"https:\/\/www.eldigitaldeasturias.com\/noticias\/wp-content\/uploads\/2020\/12\/EDA.jpg","@id":"https:\/\/www.eldigitaldeasturias.com\/noticias\/la-fiscalia-pide-cuatro-anos-de-prision-para-los-dos-acusados-de-robar-en-una-casa-de-gijon\/#organizationLogo","width":649,"height":297},"image":{"@id":"https:\/\/www.eldigitaldeasturias.com\/noticias\/la-fiscalia-pide-cuatro-anos-de-prision-para-los-dos-acusados-de-robar-en-una-casa-de-gijon\/#organizationLogo"},"sameAs":["https:\/\/facebook.com\/eldigitaldeasturias","https:\/\/www.youtube.com\/channel\/UCZP-2wLEB9Rv6erhFmqVnvg"],"address":{"@id":"https:\/\/www.eldigitaldeasturias.com\/noticias\/#postaladdress","@type":"PostalAddress","streetAddress":"san antonio 4,","postalCode":"33430","addressLocality":"Cand\u00e1s","addressRegion":"Asturias","addressCountry":"ES"}},{"@type":"Person","@id":"https:\/\/www.eldigitaldeasturias.com\/noticias\/author\/admin\/#author","url":"https:\/\/www.eldigitaldeasturias.com\/noticias\/author\/admin\/","name":"El Digital de Asturias","image":{"@type":"ImageObject","@id":"https:\/\/www.eldigitaldeasturias.com\/noticias\/la-fiscalia-pide-cuatro-anos-de-prision-para-los-dos-acusados-de-robar-en-una-casa-de-gijon\/#authorImage","url":"https:\/\/www.eldigitaldeasturias.com\/noticias\/wp-content\/litespeed\/avatar\/18677e78aa0546b92d9dbf31ec7d7668.jpg?ver=1777290358","width":96,"height":96,"caption":"El Digital de Asturias"}},{"@type":"WebPage","@id":"https:\/\/www.eldigitaldeasturias.com\/noticias\/la-fiscalia-pide-cuatro-anos-de-prision-para-los-dos-acusados-de-robar-en-una-casa-de-gijon\/#webpage","url":"https:\/\/www.eldigitaldeasturias.com\/noticias\/la-fiscalia-pide-cuatro-anos-de-prision-para-los-dos-acusados-de-robar-en-una-casa-de-gijon\/","name":"La Fiscal\u00eda pide cuatro a\u00f1os de prisi\u00f3n para los dos acusados de robar en una casa de Gij\u00f3n - El Digital de Asturias","description":"La Fiscal\u00eda de \u00c1rea de Gij\u00f3n solicita la condena de cuatro a\u00f1os de prisi\u00f3n para cada uno de los dos acusados de robar en una casa de Gij\u00f3n, a la que accedieron fingiendo ser polic\u00edas. La vista oral est\u00e1 se\u00f1alada para este martes, 20 de septiembre de 2016, en el Juzgado de lo Penal n\u00famero","inLanguage":"es-ES","isPartOf":{"@id":"https:\/\/www.eldigitaldeasturias.com\/noticias\/#website"},"breadcrumb":{"@id":"https:\/\/www.eldigitaldeasturias.com\/noticias\/la-fiscalia-pide-cuatro-anos-de-prision-para-los-dos-acusados-de-robar-en-una-casa-de-gijon\/#breadcrumblist"},"author":{"@id":"https:\/\/www.eldigitaldeasturias.com\/noticias\/author\/admin\/#author"},"creator":{"@id":"https:\/\/www.eldigitaldeasturias.com\/noticias\/author\/admin\/#author"},"image":{"@type":"ImageObject","url":"https:\/\/www.eldigitaldeasturias.com\/noticias\/wp-content\/uploads\/2015\/10\/juzgado.jpg","@id":"https:\/\/www.eldigitaldeasturias.com\/noticias\/la-fiscalia-pide-cuatro-anos-de-prision-para-los-dos-acusados-de-robar-en-una-casa-de-gijon\/#mainImage","width":800,"height":536},"primaryImageOfPage":{"@id":"https:\/\/www.eldigitaldeasturias.com\/noticias\/la-fiscalia-pide-cuatro-anos-de-prision-para-los-dos-acusados-de-robar-en-una-casa-de-gijon\/#mainImage"},"datePublished":"2016-09-19T23:41:07+02:00","dateModified":"2016-09-19T23:50:31+02:00"},{"@type":"WebSite","@id":"https:\/\/www.eldigitaldeasturias.com\/noticias\/#website","url":"https:\/\/www.eldigitaldeasturias.com\/noticias\/","name":"El Digital de Asturias - Diario de actualidad y noticias","alternateName":"El Digital de Asturias - Diario de actualidad y noticias","description":"Hemeroteca","inLanguage":"es-ES","publisher":{"@id":"https:\/\/www.eldigitaldeasturias.com\/noticias\/#organization"}}]},"og:locale":"es_ES","og:site_name":"El Digital de Asturias","og:type":"article","og:title":"La Fiscal\u00eda pide cuatro a\u00f1os de prisi\u00f3n para los dos acusados de robar en una casa de Gij\u00f3n - El Digital de Asturias","og:description":"La Fiscal\u00eda de \u00c1rea de Gij\u00f3n solicita la condena de cuatro a\u00f1os de prisi\u00f3n para cada uno de los dos acusados de robar en una casa de Gij\u00f3n, a la que accedieron fingiendo ser polic\u00edas. La vista oral est\u00e1 se\u00f1alada para este martes, 20 de septiembre de 2016, en el Juzgado de lo Penal n\u00famero","og:url":"https:\/\/www.eldigitaldeasturias.com\/noticias\/la-fiscalia-pide-cuatro-anos-de-prision-para-los-dos-acusados-de-robar-en-una-casa-de-gijon\/","og:image":"https:\/\/www.eldigitaldeasturias.com\/noticias\/wp-content\/uploads\/2015\/10\/juzgado.jpg","og:image:secure_url":"https:\/\/www.eldigitaldeasturias.com\/noticias\/wp-content\/uploads\/2015\/10\/juzgado.jpg","og:image:width":800,"og:image:height":536,"article:tag":["sucesos"],"article:published_time":"2016-09-19T22:41:07+00:00","article:modified_time":"2016-09-19T22:50:31+00:00","article:publisher":"https:\/\/facebook.com\/eldigitaldeasturias","twitter:card":"summary_large_image","twitter:title":"La Fiscal\u00eda pide cuatro a\u00f1os de prisi\u00f3n para los dos acusados de robar en una casa de Gij\u00f3n - El Digital de Asturias","twitter:description":"La Fiscal\u00eda de \u00c1rea de Gij\u00f3n solicita la condena de cuatro a\u00f1os de prisi\u00f3n para cada uno de los dos acusados de robar en una casa de Gij\u00f3n, a la que accedieron fingiendo ser polic\u00edas. La vista oral est\u00e1 se\u00f1alada para este martes, 20 de septiembre de 2016, en el Juzgado de lo Penal n\u00famero","twitter:image":"https:\/\/www.eldigitaldeasturias.com\/noticias\/wp-content\/uploads\/2015\/10\/juzgado.jpg","twitter:label1":"Escrito por","twitter:data1":"El Digital de Asturias","twitter:label2":"Tiempo de lectura estimado","twitter:data2":"2 minutos"},"aioseo_meta_data":{"post_id":"908540","title":null,"description":null,"keywords":null,"keyphrases":null,"primary_term":null,"canonical_url":null,"og_title":null,"og_description":null,"og_object_type":"default","og_image_type":"default","og_image_url":null,"og_image_width":null,"og_image_height":null,"og_image_custom_url":null,"og_image_custom_fields":null,"og_video":null,"og_custom_url":null,"og_article_section":null,"og_article_tags":null,"twitter_use_og":false,"twitter_card":"default","twitter_image_type":"default","twitter_image_url":null,"twitter_image_custom_url":null,"twitter_image_custom_fields":null,"twitter_title":null,"twitter_description":null,"schema":{"blockGraphs":[],"customGraphs":[],"default":{"data":{"Article":[],"Course":[],"Dataset":[],"FAQPage":[],"Movie":[],"Person":[],"Product":[],"ProductReview":[],"Car":[],"Recipe":[],"Service":[],"SoftwareApplication":[],"WebPage":[]},"graphName":"","isEnabled":true},"graphs":[],"defaultGraph":"","defaultPostTypeGraph":""},"schema_type":null,"schema_type_options":null,"pillar_content":false,"robots_default":true,"robots_noindex":false,"robots_noarchive":false,"robots_nosnippet":false,"robots_nofollow":false,"robots_noimageindex":false,"robots_noodp":false,"robots_notranslate":false,"robots_max_snippet":null,"robots_max_videopreview":null,"robots_max_imagepreview":"large","priority":null,"frequency":null,"local_seo":null,"seo_analyzer_scan_date":"2025-11-30 16:29:13","breadcrumb_settings":null,"limit_modified_date":false,"open_ai":null,"ai":null,"created":"2020-12-21 14:00:05","updated":"2025-11-30 16:29:13"},"aioseo_breadcrumb":"<div class=\"aioseo-breadcrumbs\"><span class=\"aioseo-breadcrumb\">\n\t<a href=\"https:\/\/www.eldigitaldeasturias.com\/noticias\" title=\"Home\">Home<\/a>\n<\/span><span class=\"aioseo-breadcrumb-separator\">\u2013<\/span><span class=\"aioseo-breadcrumb\">\n\t<a href=\"https:\/\/www.eldigitaldeasturias.com\/noticias\/category\/sucesos\/\" title=\"Sucesos\">Sucesos<\/a>\n<\/span><span class=\"aioseo-breadcrumb-separator\">\u2013<\/span><span class=\"aioseo-breadcrumb\">\n\t<a href=\"https:\/\/www.eldigitaldeasturias.com\/noticias\/la-fiscalia-pide-cuatro-anos-de-prision-para-los-dos-acusados-de-robar-en-una-casa-de-gijon\/\" title=\"La Fiscal\u00eda pide cuatro a\u00f1os de prisi\u00f3n para los dos acusados de robar en una casa de Gij\u00f3n\">La Fiscal\u00eda pide cuatro a\u00f1os de prisi\u00f3n para los dos acusados de robar en una casa de Gij\u00f3n<\/a>\n<\/span><\/div>","aioseo_breadcrumb_json":[{"label":"Home","link":"https:\/\/www.eldigitaldeasturias.com\/noticias"},{"label":"Sucesos","link":"https:\/\/www.eldigitaldeasturias.com\/noticias\/category\/sucesos\/"},{"label":"La Fiscal\u00eda pide cuatro a\u00f1os de prisi\u00f3n para los dos acusados de robar en una casa de Gij\u00f3n","link":"https:\/\/www.eldigitaldeasturias.com\/noticias\/la-fiscalia-pide-cuatro-anos-de-prision-para-los-dos-acusados-de-robar-en-una-casa-de-gijon\/"}],"_links":{"self":[{"href":"https:\/\/www.eldigitaldeasturias.com\/noticias\/wp-json\/wp\/v2\/posts\/908540","targetHints":{"allow":["GET"]}}],"collection":[{"href":"https:\/\/www.eldigitaldeasturias.com\/noticias\/wp-json\/wp\/v2\/posts"}],"about":[{"href":"https:\/\/www.eldigitaldeasturias.com\/noticias\/wp-json\/wp\/v2\/types\/post"}],"author":[{"embeddable":true,"href":"https:\/\/www.eldigitaldeasturias.com\/noticias\/wp-json\/wp\/v2\/users\/1"}],"replies":[{"embeddable":true,"href":"https:\/\/www.eldigitaldeasturias.com\/noticias\/wp-json\/wp\/v2\/comments?post=908540"}],"version-history":[{"count":0,"href":"https:\/\/www.eldigitaldeasturias.com\/noticias\/wp-json\/wp\/v2\/posts\/908540\/revisions"}],"wp:featuredmedia":[{"embeddable":true,"href":"https:\/\/www.eldigitaldeasturias.com\/noticias\/wp-json\/wp\/v2\/media\/811982"}],"wp:attachment":[{"href":"https:\/\/www.eldigitaldeasturias.com\/noticias\/wp-json\/wp\/v2\/media?parent=908540"}],"wp:term":[{"taxonomy":"category","embeddable":true,"href":"https:\/\/www.eldigitaldeasturias.com\/noticias\/wp-json\/wp\/v2\/categories?post=908540"},{"taxonomy":"post_tag","embeddable":true,"href":"https:\/\/www.eldigitaldeasturias.com\/noticias\/wp-json\/wp\/v2\/tags?post=908540"}],"curies":[{"name":"wp","href":"https:\/\/api.w.org\/{rel}","templated":true}]}}