{"id":908537,"date":"2016-09-19T23:37:26","date_gmt":"2016-09-19T22:37:26","guid":{"rendered":"http:\/\/www.eldigitaldeasturias.com\/noticias\/?p=908537"},"modified":"2016-09-19T23:37:26","modified_gmt":"2016-09-19T22:37:26","slug":"el-debate-sobre-el-estado-de-asturias-se-celebrara-a-partir-del-24-de-octubre","status":"publish","type":"post","link":"https:\/\/www.eldigitaldeasturias.com\/noticias\/el-debate-sobre-el-estado-de-asturias-se-celebrara-a-partir-del-24-de-octubre\/","title":{"rendered":"El Debate sobre el Estado de Asturias se celebrar\u00e1 a partir del 24 de octubre"},"content":{"rendered":"<p><img loading=\"lazy\" decoding=\"async\" class=\"alignleft size-medium wp-image-908538\" src=\"https:\/\/www.eldigitaldeasturias.com\/noticias\/wp-content\/uploads\/2016\/09\/fotonoticia_20160919140309_800-360x270.jpg\" alt=\"fotonoticia_20160919140309_800\" width=\"360\" height=\"270\" srcset=\"https:\/\/www.eldigitaldeasturias.com\/noticias\/wp-content\/uploads\/2016\/09\/fotonoticia_20160919140309_800-360x270.jpg 360w, https:\/\/www.eldigitaldeasturias.com\/noticias\/wp-content\/uploads\/2016\/09\/fotonoticia_20160919140309_800-768x576.jpg 768w, https:\/\/www.eldigitaldeasturias.com\/noticias\/wp-content\/uploads\/2016\/09\/fotonoticia_20160919140309_800-650x488.jpg 650w, https:\/\/www.eldigitaldeasturias.com\/noticias\/wp-content\/uploads\/2016\/09\/fotonoticia_20160919140309_800-125x95.jpg 125w, https:\/\/www.eldigitaldeasturias.com\/noticias\/wp-content\/uploads\/2016\/09\/fotonoticia_20160919140309_800-100x75.jpg 100w, https:\/\/www.eldigitaldeasturias.com\/noticias\/wp-content\/uploads\/2016\/09\/fotonoticia_20160919140309_800.jpg 800w\" sizes=\"auto, (max-width: 360px) 100vw, 360px\" \/>La Junta de Portavoces del parlamento asturiano ha acordado celebrar el Debate sobre el Estado de la Regi\u00f3n los d\u00edas 24, 25 y 27 de octubre. Se aplaza hasta esa fecha debido a la coincidencia de la fiesta del Pilar el 12 de octubre y la semana de los Premios Princesa de Asturias la siguiente semana.<\/p>\n<p>En esta ocasi\u00f3n ha habido consenso pr\u00e1cticamente entre todos los grupos, a excepci\u00f3n del PP, que ha criticado que se retrase tanto. Para la presidenta del PP, Mercedes Fern\u00e1ndez, era \u00abrazonable\u00bb que se celebrase la primera semana de octubre para separarlo del debate presupuestario, pero el resto de grupos consideraban que la primera semana \u00abera muy pronto\u00bb.<\/p>\n<p>Adem\u00e1s, ha criticado la actitud del portavoz socialista, Fernando Lastra, al entender que \u00abdesde el minuto uno\u00bb hab\u00eda defendido que el debate se celebrase la \u00faltima semana de octubre. \u00abLo posponen todo lo posible para despejar el panorama nacional y que as\u00ed Javier Fern\u00e1ndez no tenga que ser valiente\u00bb, ha criticado, al tiempo que ha lamentado que el Gobierno asturiano \u00abno est\u00e9 a gusto\u00bb en la Junta General.<\/p>\n<p>Lastra, por su parte, ha argumentado que el resto de grupos \u00abno quisieron\u00bb que se celebrase la primera semana de octubre, y ha explicado que las dos siguientes, con un festivo y los Premios de por medio, \u00abhac\u00edan dif\u00edcil\u00bb el desarrollo del debate al tener que celebrarse en tres d\u00edas.<\/p>\n<p>Desde Podemos, su portavoz Emilio Le\u00f3n ha resaltado que la fecha de los plenos \u00abno es la prioridad\u00bb de su grupo parlamentario. \u00abLa actividad parlamentaria es m\u00e1s rica que el cara a cara entre el PP y el PSOE, pero el PP prefiere los focos y las luces del Debate\u00bb, ha criticado.<\/p>\n<p>Por su parte, el portavoz de IU, Gaspar Llamazares, ha indicado que la fecha se ha decidido \u00abcon una mayor\u00eda de sentido com\u00fan\u00bb. \u00abEl debate hay que hacerlo bien, y hay fiestas de por medio que impiden su desarrollo normal\u00bb, ha explicado.<\/p>\n<p>Desde Ciudadanos y Foro, sus portavoces Nicanor Garc\u00eda y Cristina Coto, han mostrado el acuerdo de ambos grupos por celebrar el debate la \u00faltima semana. Coto ha explicado que a su grupo le parece adecuado puesto que \u00abhay que prepararlo bien\u00bb.<\/p>\n<p>&nbsp;<\/p>\n","protected":false},"excerpt":{"rendered":"<p>La Junta de Portavoces del parlamento asturiano ha acordado celebrar el Debate sobre el Estado de la Regi\u00f3n los d\u00edas 24, 25 y 27 de octubre. Se aplaza hasta esa fecha debido a la coincidencia de la fiesta del Pilar el 12 de octubre y la semana de los Premios Princesa de Asturias la siguiente [&hellip;]<\/p>\n","protected":false},"author":1,"featured_media":908538,"comment_status":"closed","ping_status":"closed","sticky":false,"template":"","format":"standard","meta":{"footnotes":""},"categories":[12],"tags":[],"class_list":["post-908537","post","type-post","status-publish","format-standard","has-post-thumbnail","hentry","category-actualidad-asturias"],"aioseo_notices":[],"aioseo_head":"\n\t\t<!-- All in One SEO Pro 4.9.6.2 - aioseo.com -->\n\t<meta name=\"description\" content=\"La Junta de Portavoces del parlamento asturiano ha acordado celebrar el Debate sobre el Estado de la Regi\u00f3n los d\u00edas 24, 25 y 27 de octubre. Se aplaza hasta esa fecha debido a la coincidencia de la fiesta del Pilar el 12 de octubre y la semana de los Premios Princesa de Asturias la siguiente\" \/>\n\t<meta name=\"robots\" content=\"max-image-preview:large\" \/>\n\t<meta name=\"author\" content=\"El Digital de Asturias\"\/>\n\t<meta name=\"google-site-verification\" content=\"UA-38556648-1\" \/>\n\t<meta name=\"msvalidate.01\" content=\"7dfe9f3f1b24437ab69f4f2559babe99\" \/>\n\t<meta name=\"keywords\" content=\"actualidad asturias\" \/>\n\t<link rel=\"canonical\" href=\"https:\/\/www.eldigitaldeasturias.com\/noticias\/el-debate-sobre-el-estado-de-asturias-se-celebrara-a-partir-del-24-de-octubre\/\" \/>\n\t<meta name=\"generator\" content=\"All in One SEO Pro (AIOSEO) 4.9.6.2\" \/>\n\t\t<meta property=\"og:locale\" content=\"es_ES\" \/>\n\t\t<meta property=\"og:site_name\" content=\"El Digital de Asturias\" \/>\n\t\t<meta property=\"og:type\" content=\"article\" \/>\n\t\t<meta property=\"og:title\" content=\"El Debate sobre el Estado de Asturias se celebrar\u00e1 a partir del 24 de octubre - El Digital de Asturias\" \/>\n\t\t<meta property=\"og:description\" content=\"La Junta de Portavoces del parlamento asturiano ha acordado celebrar el Debate sobre el Estado de la Regi\u00f3n los d\u00edas 24, 25 y 27 de octubre. Se aplaza hasta esa fecha debido a la coincidencia de la fiesta del Pilar el 12 de octubre y la semana de los Premios Princesa de Asturias la siguiente\" \/>\n\t\t<meta property=\"og:url\" content=\"https:\/\/www.eldigitaldeasturias.com\/noticias\/el-debate-sobre-el-estado-de-asturias-se-celebrara-a-partir-del-24-de-octubre\/\" \/>\n\t\t<meta property=\"og:image\" content=\"https:\/\/www.eldigitaldeasturias.com\/noticias\/wp-content\/uploads\/2016\/09\/fotonoticia_20160919140309_800.jpg\" \/>\n\t\t<meta property=\"og:image:secure_url\" content=\"https:\/\/www.eldigitaldeasturias.com\/noticias\/wp-content\/uploads\/2016\/09\/fotonoticia_20160919140309_800.jpg\" \/>\n\t\t<meta property=\"og:image:width\" content=\"800\" \/>\n\t\t<meta property=\"og:image:height\" content=\"600\" \/>\n\t\t<meta property=\"article:tag\" content=\"actualidad asturias\" \/>\n\t\t<meta property=\"article:published_time\" content=\"2016-09-19T22:37:26+00:00\" \/>\n\t\t<meta property=\"article:modified_time\" content=\"2016-09-19T22:37:26+00:00\" \/>\n\t\t<meta property=\"article:publisher\" content=\"https:\/\/facebook.com\/eldigitaldeasturias\" \/>\n\t\t<meta name=\"twitter:card\" content=\"summary_large_image\" \/>\n\t\t<meta name=\"twitter:title\" content=\"El Debate sobre el Estado de Asturias se celebrar\u00e1 a partir del 24 de octubre - El Digital de Asturias\" \/>\n\t\t<meta name=\"twitter:description\" content=\"La Junta de Portavoces del parlamento asturiano ha acordado celebrar el Debate sobre el Estado de la Regi\u00f3n los d\u00edas 24, 25 y 27 de octubre. Se aplaza hasta esa fecha debido a la coincidencia de la fiesta del Pilar el 12 de octubre y la semana de los Premios Princesa de Asturias la siguiente\" \/>\n\t\t<meta name=\"twitter:image\" content=\"https:\/\/www.eldigitaldeasturias.com\/noticias\/wp-content\/uploads\/2016\/09\/fotonoticia_20160919140309_800.jpg\" \/>\n\t\t<meta name=\"twitter:label1\" content=\"Escrito por\" \/>\n\t\t<meta name=\"twitter:data1\" content=\"El Digital de Asturias\" \/>\n\t\t<meta name=\"twitter:label2\" content=\"Tiempo de lectura estimado\" \/>\n\t\t<meta name=\"twitter:data2\" content=\"2 minutos\" \/>\n\t\t<script type=\"application\/ld+json\" class=\"aioseo-schema\">\n\t\t\t{\"@context\":\"https:\\\/\\\/schema.org\",\"@graph\":[{\"@type\":\"BlogPosting\",\"@id\":\"https:\\\/\\\/www.eldigitaldeasturias.com\\\/noticias\\\/el-debate-sobre-el-estado-de-asturias-se-celebrara-a-partir-del-24-de-octubre\\\/#blogposting\",\"name\":\"El Debate sobre el Estado de Asturias se celebrar\\u00e1 a partir del 24 de octubre - El Digital de Asturias\",\"headline\":\"El Debate sobre el Estado de Asturias se celebrar\\u00e1 a partir del 24 de octubre\",\"author\":{\"@id\":\"https:\\\/\\\/www.eldigitaldeasturias.com\\\/noticias\\\/author\\\/admin\\\/#author\"},\"publisher\":{\"@id\":\"https:\\\/\\\/www.eldigitaldeasturias.com\\\/noticias\\\/#organization\"},\"image\":{\"@type\":\"ImageObject\",\"url\":\"https:\\\/\\\/www.eldigitaldeasturias.com\\\/noticias\\\/wp-content\\\/uploads\\\/2016\\\/09\\\/fotonoticia_20160919140309_800.jpg\",\"width\":800,\"height\":600},\"datePublished\":\"2016-09-19T23:37:26+02:00\",\"dateModified\":\"2016-09-19T23:37:26+02:00\",\"inLanguage\":\"es-ES\",\"mainEntityOfPage\":{\"@id\":\"https:\\\/\\\/www.eldigitaldeasturias.com\\\/noticias\\\/el-debate-sobre-el-estado-de-asturias-se-celebrara-a-partir-del-24-de-octubre\\\/#webpage\"},\"isPartOf\":{\"@id\":\"https:\\\/\\\/www.eldigitaldeasturias.com\\\/noticias\\\/el-debate-sobre-el-estado-de-asturias-se-celebrara-a-partir-del-24-de-octubre\\\/#webpage\"},\"articleSection\":\"Actualidad Asturias\"},{\"@type\":\"BreadcrumbList\",\"@id\":\"https:\\\/\\\/www.eldigitaldeasturias.com\\\/noticias\\\/el-debate-sobre-el-estado-de-asturias-se-celebrara-a-partir-del-24-de-octubre\\\/#breadcrumblist\",\"itemListElement\":[{\"@type\":\"ListItem\",\"@id\":\"https:\\\/\\\/www.eldigitaldeasturias.com\\\/noticias#listItem\",\"position\":1,\"name\":\"Home\",\"item\":\"https:\\\/\\\/www.eldigitaldeasturias.com\\\/noticias\",\"nextItem\":{\"@type\":\"ListItem\",\"@id\":\"https:\\\/\\\/www.eldigitaldeasturias.com\\\/noticias\\\/category\\\/actualidad-asturias\\\/#listItem\",\"name\":\"Actualidad Asturias\"}},{\"@type\":\"ListItem\",\"@id\":\"https:\\\/\\\/www.eldigitaldeasturias.com\\\/noticias\\\/category\\\/actualidad-asturias\\\/#listItem\",\"position\":2,\"name\":\"Actualidad Asturias\",\"item\":\"https:\\\/\\\/www.eldigitaldeasturias.com\\\/noticias\\\/category\\\/actualidad-asturias\\\/\",\"nextItem\":{\"@type\":\"ListItem\",\"@id\":\"https:\\\/\\\/www.eldigitaldeasturias.com\\\/noticias\\\/el-debate-sobre-el-estado-de-asturias-se-celebrara-a-partir-del-24-de-octubre\\\/#listItem\",\"name\":\"El Debate sobre el Estado de Asturias se celebrar\\u00e1 a partir del 24 de octubre\"},\"previousItem\":{\"@type\":\"ListItem\",\"@id\":\"https:\\\/\\\/www.eldigitaldeasturias.com\\\/noticias#listItem\",\"name\":\"Home\"}},{\"@type\":\"ListItem\",\"@id\":\"https:\\\/\\\/www.eldigitaldeasturias.com\\\/noticias\\\/el-debate-sobre-el-estado-de-asturias-se-celebrara-a-partir-del-24-de-octubre\\\/#listItem\",\"position\":3,\"name\":\"El Debate sobre el Estado de Asturias se celebrar\\u00e1 a partir del 24 de octubre\",\"previousItem\":{\"@type\":\"ListItem\",\"@id\":\"https:\\\/\\\/www.eldigitaldeasturias.com\\\/noticias\\\/category\\\/actualidad-asturias\\\/#listItem\",\"name\":\"Actualidad Asturias\"}}]},{\"@type\":\"Organization\",\"@id\":\"https:\\\/\\\/www.eldigitaldeasturias.com\\\/noticias\\\/#organization\",\"name\":\"El Digital de Asturias\",\"description\":\"Hemeroteca\",\"url\":\"https:\\\/\\\/www.eldigitaldeasturias.com\\\/noticias\\\/\",\"email\":\"info@eldigitaldeasturias.com\",\"telephone\":\"+34652131393\",\"logo\":{\"@type\":\"ImageObject\",\"url\":\"https:\\\/\\\/www.eldigitaldeasturias.com\\\/noticias\\\/wp-content\\\/uploads\\\/2020\\\/12\\\/EDA.jpg\",\"@id\":\"https:\\\/\\\/www.eldigitaldeasturias.com\\\/noticias\\\/el-debate-sobre-el-estado-de-asturias-se-celebrara-a-partir-del-24-de-octubre\\\/#organizationLogo\",\"width\":649,\"height\":297},\"image\":{\"@id\":\"https:\\\/\\\/www.eldigitaldeasturias.com\\\/noticias\\\/el-debate-sobre-el-estado-de-asturias-se-celebrara-a-partir-del-24-de-octubre\\\/#organizationLogo\"},\"sameAs\":[\"https:\\\/\\\/facebook.com\\\/eldigitaldeasturias\",\"https:\\\/\\\/www.youtube.com\\\/channel\\\/UCZP-2wLEB9Rv6erhFmqVnvg\"],\"address\":{\"@id\":\"https:\\\/\\\/www.eldigitaldeasturias.com\\\/noticias\\\/#postaladdress\",\"@type\":\"PostalAddress\",\"streetAddress\":\"san antonio 4,\",\"postalCode\":\"33430\",\"addressLocality\":\"Cand\\u00e1s\",\"addressRegion\":\"Asturias\",\"addressCountry\":\"ES\"}},{\"@type\":\"Person\",\"@id\":\"https:\\\/\\\/www.eldigitaldeasturias.com\\\/noticias\\\/author\\\/admin\\\/#author\",\"url\":\"https:\\\/\\\/www.eldigitaldeasturias.com\\\/noticias\\\/author\\\/admin\\\/\",\"name\":\"El Digital de Asturias\",\"image\":{\"@type\":\"ImageObject\",\"@id\":\"https:\\\/\\\/www.eldigitaldeasturias.com\\\/noticias\\\/el-debate-sobre-el-estado-de-asturias-se-celebrara-a-partir-del-24-de-octubre\\\/#authorImage\",\"url\":\"https:\\\/\\\/www.eldigitaldeasturias.com\\\/noticias\\\/wp-content\\\/litespeed\\\/avatar\\\/18677e78aa0546b92d9dbf31ec7d7668.jpg?ver=1777290358\",\"width\":96,\"height\":96,\"caption\":\"El Digital de Asturias\"}},{\"@type\":\"WebPage\",\"@id\":\"https:\\\/\\\/www.eldigitaldeasturias.com\\\/noticias\\\/el-debate-sobre-el-estado-de-asturias-se-celebrara-a-partir-del-24-de-octubre\\\/#webpage\",\"url\":\"https:\\\/\\\/www.eldigitaldeasturias.com\\\/noticias\\\/el-debate-sobre-el-estado-de-asturias-se-celebrara-a-partir-del-24-de-octubre\\\/\",\"name\":\"El Debate sobre el Estado de Asturias se celebrar\\u00e1 a partir del 24 de octubre - El Digital de Asturias\",\"description\":\"La Junta de Portavoces del parlamento asturiano ha acordado celebrar el Debate sobre el Estado de la Regi\\u00f3n los d\\u00edas 24, 25 y 27 de octubre. Se aplaza hasta esa fecha debido a la coincidencia de la fiesta del Pilar el 12 de octubre y la semana de los Premios Princesa de Asturias la siguiente\",\"inLanguage\":\"es-ES\",\"isPartOf\":{\"@id\":\"https:\\\/\\\/www.eldigitaldeasturias.com\\\/noticias\\\/#website\"},\"breadcrumb\":{\"@id\":\"https:\\\/\\\/www.eldigitaldeasturias.com\\\/noticias\\\/el-debate-sobre-el-estado-de-asturias-se-celebrara-a-partir-del-24-de-octubre\\\/#breadcrumblist\"},\"author\":{\"@id\":\"https:\\\/\\\/www.eldigitaldeasturias.com\\\/noticias\\\/author\\\/admin\\\/#author\"},\"creator\":{\"@id\":\"https:\\\/\\\/www.eldigitaldeasturias.com\\\/noticias\\\/author\\\/admin\\\/#author\"},\"image\":{\"@type\":\"ImageObject\",\"url\":\"https:\\\/\\\/www.eldigitaldeasturias.com\\\/noticias\\\/wp-content\\\/uploads\\\/2016\\\/09\\\/fotonoticia_20160919140309_800.jpg\",\"@id\":\"https:\\\/\\\/www.eldigitaldeasturias.com\\\/noticias\\\/el-debate-sobre-el-estado-de-asturias-se-celebrara-a-partir-del-24-de-octubre\\\/#mainImage\",\"width\":800,\"height\":600},\"primaryImageOfPage\":{\"@id\":\"https:\\\/\\\/www.eldigitaldeasturias.com\\\/noticias\\\/el-debate-sobre-el-estado-de-asturias-se-celebrara-a-partir-del-24-de-octubre\\\/#mainImage\"},\"datePublished\":\"2016-09-19T23:37:26+02:00\",\"dateModified\":\"2016-09-19T23:37:26+02:00\"},{\"@type\":\"WebSite\",\"@id\":\"https:\\\/\\\/www.eldigitaldeasturias.com\\\/noticias\\\/#website\",\"url\":\"https:\\\/\\\/www.eldigitaldeasturias.com\\\/noticias\\\/\",\"name\":\"El Digital de Asturias - Diario de actualidad y noticias\",\"alternateName\":\"El Digital de Asturias - Diario de actualidad y noticias\",\"description\":\"Hemeroteca\",\"inLanguage\":\"es-ES\",\"publisher\":{\"@id\":\"https:\\\/\\\/www.eldigitaldeasturias.com\\\/noticias\\\/#organization\"}}]}\n\t\t<\/script>\n\t\t<!-- All in One SEO Pro -->\r\n\t\t<title>El Debate sobre el Estado de Asturias se celebrar\u00e1 a partir del 24 de octubre - El Digital de Asturias<\/title>\n\n","aioseo_head_json":{"title":"El Debate sobre el Estado de Asturias se celebrar\u00e1 a partir del 24 de octubre - El Digital de Asturias","description":"La Junta de Portavoces del parlamento asturiano ha acordado celebrar el Debate sobre el Estado de la Regi\u00f3n los d\u00edas 24, 25 y 27 de octubre. Se aplaza hasta esa fecha debido a la coincidencia de la fiesta del Pilar el 12 de octubre y la semana de los Premios Princesa de Asturias la siguiente","canonical_url":"https:\/\/www.eldigitaldeasturias.com\/noticias\/el-debate-sobre-el-estado-de-asturias-se-celebrara-a-partir-del-24-de-octubre\/","robots":"max-image-preview:large","keywords":"actualidad asturias","webmasterTools":{"google-site-verification":"UA-38556648-1","msvalidate.01":"7dfe9f3f1b24437ab69f4f2559babe99","miscellaneous":""},"schema":{"@context":"https:\/\/schema.org","@graph":[{"@type":"BlogPosting","@id":"https:\/\/www.eldigitaldeasturias.com\/noticias\/el-debate-sobre-el-estado-de-asturias-se-celebrara-a-partir-del-24-de-octubre\/#blogposting","name":"El Debate sobre el Estado de Asturias se celebrar\u00e1 a partir del 24 de octubre - El Digital de Asturias","headline":"El Debate sobre el Estado de Asturias se celebrar\u00e1 a partir del 24 de octubre","author":{"@id":"https:\/\/www.eldigitaldeasturias.com\/noticias\/author\/admin\/#author"},"publisher":{"@id":"https:\/\/www.eldigitaldeasturias.com\/noticias\/#organization"},"image":{"@type":"ImageObject","url":"https:\/\/www.eldigitaldeasturias.com\/noticias\/wp-content\/uploads\/2016\/09\/fotonoticia_20160919140309_800.jpg","width":800,"height":600},"datePublished":"2016-09-19T23:37:26+02:00","dateModified":"2016-09-19T23:37:26+02:00","inLanguage":"es-ES","mainEntityOfPage":{"@id":"https:\/\/www.eldigitaldeasturias.com\/noticias\/el-debate-sobre-el-estado-de-asturias-se-celebrara-a-partir-del-24-de-octubre\/#webpage"},"isPartOf":{"@id":"https:\/\/www.eldigitaldeasturias.com\/noticias\/el-debate-sobre-el-estado-de-asturias-se-celebrara-a-partir-del-24-de-octubre\/#webpage"},"articleSection":"Actualidad Asturias"},{"@type":"BreadcrumbList","@id":"https:\/\/www.eldigitaldeasturias.com\/noticias\/el-debate-sobre-el-estado-de-asturias-se-celebrara-a-partir-del-24-de-octubre\/#breadcrumblist","itemListElement":[{"@type":"ListItem","@id":"https:\/\/www.eldigitaldeasturias.com\/noticias#listItem","position":1,"name":"Home","item":"https:\/\/www.eldigitaldeasturias.com\/noticias","nextItem":{"@type":"ListItem","@id":"https:\/\/www.eldigitaldeasturias.com\/noticias\/category\/actualidad-asturias\/#listItem","name":"Actualidad Asturias"}},{"@type":"ListItem","@id":"https:\/\/www.eldigitaldeasturias.com\/noticias\/category\/actualidad-asturias\/#listItem","position":2,"name":"Actualidad Asturias","item":"https:\/\/www.eldigitaldeasturias.com\/noticias\/category\/actualidad-asturias\/","nextItem":{"@type":"ListItem","@id":"https:\/\/www.eldigitaldeasturias.com\/noticias\/el-debate-sobre-el-estado-de-asturias-se-celebrara-a-partir-del-24-de-octubre\/#listItem","name":"El Debate sobre el Estado de Asturias se celebrar\u00e1 a partir del 24 de octubre"},"previousItem":{"@type":"ListItem","@id":"https:\/\/www.eldigitaldeasturias.com\/noticias#listItem","name":"Home"}},{"@type":"ListItem","@id":"https:\/\/www.eldigitaldeasturias.com\/noticias\/el-debate-sobre-el-estado-de-asturias-se-celebrara-a-partir-del-24-de-octubre\/#listItem","position":3,"name":"El Debate sobre el Estado de Asturias se celebrar\u00e1 a partir del 24 de octubre","previousItem":{"@type":"ListItem","@id":"https:\/\/www.eldigitaldeasturias.com\/noticias\/category\/actualidad-asturias\/#listItem","name":"Actualidad Asturias"}}]},{"@type":"Organization","@id":"https:\/\/www.eldigitaldeasturias.com\/noticias\/#organization","name":"El Digital de Asturias","description":"Hemeroteca","url":"https:\/\/www.eldigitaldeasturias.com\/noticias\/","email":"info@eldigitaldeasturias.com","telephone":"+34652131393","logo":{"@type":"ImageObject","url":"https:\/\/www.eldigitaldeasturias.com\/noticias\/wp-content\/uploads\/2020\/12\/EDA.jpg","@id":"https:\/\/www.eldigitaldeasturias.com\/noticias\/el-debate-sobre-el-estado-de-asturias-se-celebrara-a-partir-del-24-de-octubre\/#organizationLogo","width":649,"height":297},"image":{"@id":"https:\/\/www.eldigitaldeasturias.com\/noticias\/el-debate-sobre-el-estado-de-asturias-se-celebrara-a-partir-del-24-de-octubre\/#organizationLogo"},"sameAs":["https:\/\/facebook.com\/eldigitaldeasturias","https:\/\/www.youtube.com\/channel\/UCZP-2wLEB9Rv6erhFmqVnvg"],"address":{"@id":"https:\/\/www.eldigitaldeasturias.com\/noticias\/#postaladdress","@type":"PostalAddress","streetAddress":"san antonio 4,","postalCode":"33430","addressLocality":"Cand\u00e1s","addressRegion":"Asturias","addressCountry":"ES"}},{"@type":"Person","@id":"https:\/\/www.eldigitaldeasturias.com\/noticias\/author\/admin\/#author","url":"https:\/\/www.eldigitaldeasturias.com\/noticias\/author\/admin\/","name":"El Digital de Asturias","image":{"@type":"ImageObject","@id":"https:\/\/www.eldigitaldeasturias.com\/noticias\/el-debate-sobre-el-estado-de-asturias-se-celebrara-a-partir-del-24-de-octubre\/#authorImage","url":"https:\/\/www.eldigitaldeasturias.com\/noticias\/wp-content\/litespeed\/avatar\/18677e78aa0546b92d9dbf31ec7d7668.jpg?ver=1777290358","width":96,"height":96,"caption":"El Digital de Asturias"}},{"@type":"WebPage","@id":"https:\/\/www.eldigitaldeasturias.com\/noticias\/el-debate-sobre-el-estado-de-asturias-se-celebrara-a-partir-del-24-de-octubre\/#webpage","url":"https:\/\/www.eldigitaldeasturias.com\/noticias\/el-debate-sobre-el-estado-de-asturias-se-celebrara-a-partir-del-24-de-octubre\/","name":"El Debate sobre el Estado de Asturias se celebrar\u00e1 a partir del 24 de octubre - El Digital de Asturias","description":"La Junta de Portavoces del parlamento asturiano ha acordado celebrar el Debate sobre el Estado de la Regi\u00f3n los d\u00edas 24, 25 y 27 de octubre. Se aplaza hasta esa fecha debido a la coincidencia de la fiesta del Pilar el 12 de octubre y la semana de los Premios Princesa de Asturias la siguiente","inLanguage":"es-ES","isPartOf":{"@id":"https:\/\/www.eldigitaldeasturias.com\/noticias\/#website"},"breadcrumb":{"@id":"https:\/\/www.eldigitaldeasturias.com\/noticias\/el-debate-sobre-el-estado-de-asturias-se-celebrara-a-partir-del-24-de-octubre\/#breadcrumblist"},"author":{"@id":"https:\/\/www.eldigitaldeasturias.com\/noticias\/author\/admin\/#author"},"creator":{"@id":"https:\/\/www.eldigitaldeasturias.com\/noticias\/author\/admin\/#author"},"image":{"@type":"ImageObject","url":"https:\/\/www.eldigitaldeasturias.com\/noticias\/wp-content\/uploads\/2016\/09\/fotonoticia_20160919140309_800.jpg","@id":"https:\/\/www.eldigitaldeasturias.com\/noticias\/el-debate-sobre-el-estado-de-asturias-se-celebrara-a-partir-del-24-de-octubre\/#mainImage","width":800,"height":600},"primaryImageOfPage":{"@id":"https:\/\/www.eldigitaldeasturias.com\/noticias\/el-debate-sobre-el-estado-de-asturias-se-celebrara-a-partir-del-24-de-octubre\/#mainImage"},"datePublished":"2016-09-19T23:37:26+02:00","dateModified":"2016-09-19T23:37:26+02:00"},{"@type":"WebSite","@id":"https:\/\/www.eldigitaldeasturias.com\/noticias\/#website","url":"https:\/\/www.eldigitaldeasturias.com\/noticias\/","name":"El Digital de Asturias - Diario de actualidad y noticias","alternateName":"El Digital de Asturias - Diario de actualidad y noticias","description":"Hemeroteca","inLanguage":"es-ES","publisher":{"@id":"https:\/\/www.eldigitaldeasturias.com\/noticias\/#organization"}}]},"og:locale":"es_ES","og:site_name":"El Digital de Asturias","og:type":"article","og:title":"El Debate sobre el Estado de Asturias se celebrar\u00e1 a partir del 24 de octubre - El Digital de Asturias","og:description":"La Junta de Portavoces del parlamento asturiano ha acordado celebrar el Debate sobre el Estado de la Regi\u00f3n los d\u00edas 24, 25 y 27 de octubre. Se aplaza hasta esa fecha debido a la coincidencia de la fiesta del Pilar el 12 de octubre y la semana de los Premios Princesa de Asturias la siguiente","og:url":"https:\/\/www.eldigitaldeasturias.com\/noticias\/el-debate-sobre-el-estado-de-asturias-se-celebrara-a-partir-del-24-de-octubre\/","og:image":"https:\/\/www.eldigitaldeasturias.com\/noticias\/wp-content\/uploads\/2016\/09\/fotonoticia_20160919140309_800.jpg","og:image:secure_url":"https:\/\/www.eldigitaldeasturias.com\/noticias\/wp-content\/uploads\/2016\/09\/fotonoticia_20160919140309_800.jpg","og:image:width":800,"og:image:height":600,"article:tag":["actualidad asturias"],"article:published_time":"2016-09-19T22:37:26+00:00","article:modified_time":"2016-09-19T22:37:26+00:00","article:publisher":"https:\/\/facebook.com\/eldigitaldeasturias","twitter:card":"summary_large_image","twitter:title":"El Debate sobre el Estado de Asturias se celebrar\u00e1 a partir del 24 de octubre - El Digital de Asturias","twitter:description":"La Junta de Portavoces del parlamento asturiano ha acordado celebrar el Debate sobre el Estado de la Regi\u00f3n los d\u00edas 24, 25 y 27 de octubre. Se aplaza hasta esa fecha debido a la coincidencia de la fiesta del Pilar el 12 de octubre y la semana de los Premios Princesa de Asturias la siguiente","twitter:image":"https:\/\/www.eldigitaldeasturias.com\/noticias\/wp-content\/uploads\/2016\/09\/fotonoticia_20160919140309_800.jpg","twitter:label1":"Escrito por","twitter:data1":"El Digital de Asturias","twitter:label2":"Tiempo de lectura estimado","twitter:data2":"2 minutos"},"aioseo_meta_data":{"post_id":"908537","title":null,"description":null,"keywords":null,"keyphrases":null,"primary_term":null,"canonical_url":null,"og_title":null,"og_description":null,"og_object_type":"default","og_image_type":"default","og_image_url":null,"og_image_width":null,"og_image_height":null,"og_image_custom_url":null,"og_image_custom_fields":null,"og_video":null,"og_custom_url":null,"og_article_section":null,"og_article_tags":null,"twitter_use_og":false,"twitter_card":"default","twitter_image_type":"default","twitter_image_url":null,"twitter_image_custom_url":null,"twitter_image_custom_fields":null,"twitter_title":null,"twitter_description":null,"schema":{"blockGraphs":[],"customGraphs":[],"default":{"data":{"Article":[],"Course":[],"Dataset":[],"FAQPage":[],"Movie":[],"Person":[],"Product":[],"ProductReview":[],"Car":[],"Recipe":[],"Service":[],"SoftwareApplication":[],"WebPage":[]},"graphName":"","isEnabled":true},"graphs":[],"defaultGraph":"","defaultPostTypeGraph":""},"schema_type":null,"schema_type_options":null,"pillar_content":false,"robots_default":true,"robots_noindex":false,"robots_noarchive":false,"robots_nosnippet":false,"robots_nofollow":false,"robots_noimageindex":false,"robots_noodp":false,"robots_notranslate":false,"robots_max_snippet":null,"robots_max_videopreview":null,"robots_max_imagepreview":"large","priority":null,"frequency":null,"local_seo":null,"seo_analyzer_scan_date":"2025-11-30 16:29:12","breadcrumb_settings":null,"limit_modified_date":false,"open_ai":null,"ai":null,"created":"2020-12-21 14:00:05","updated":"2025-11-30 16:29:12"},"aioseo_breadcrumb":"<div class=\"aioseo-breadcrumbs\"><span class=\"aioseo-breadcrumb\">\n\t<a href=\"https:\/\/www.eldigitaldeasturias.com\/noticias\" title=\"Home\">Home<\/a>\n<\/span><span class=\"aioseo-breadcrumb-separator\">\u2013<\/span><span class=\"aioseo-breadcrumb\">\n\t<a href=\"https:\/\/www.eldigitaldeasturias.com\/noticias\/category\/actualidad-asturias\/\" title=\"Actualidad Asturias\">Actualidad Asturias<\/a>\n<\/span><span class=\"aioseo-breadcrumb-separator\">\u2013<\/span><span class=\"aioseo-breadcrumb\">\n\t<a href=\"https:\/\/www.eldigitaldeasturias.com\/noticias\/el-debate-sobre-el-estado-de-asturias-se-celebrara-a-partir-del-24-de-octubre\/\" title=\"El Debate sobre el Estado de Asturias se celebrar\u00e1 a partir del 24 de octubre\">El Debate sobre el Estado de Asturias se celebrar\u00e1 a partir del 24 de octubre<\/a>\n<\/span><\/div>","aioseo_breadcrumb_json":[{"label":"Home","link":"https:\/\/www.eldigitaldeasturias.com\/noticias"},{"label":"Actualidad Asturias","link":"https:\/\/www.eldigitaldeasturias.com\/noticias\/category\/actualidad-asturias\/"},{"label":"El Debate sobre el Estado de Asturias se celebrar\u00e1 a partir del 24 de octubre","link":"https:\/\/www.eldigitaldeasturias.com\/noticias\/el-debate-sobre-el-estado-de-asturias-se-celebrara-a-partir-del-24-de-octubre\/"}],"_links":{"self":[{"href":"https:\/\/www.eldigitaldeasturias.com\/noticias\/wp-json\/wp\/v2\/posts\/908537","targetHints":{"allow":["GET"]}}],"collection":[{"href":"https:\/\/www.eldigitaldeasturias.com\/noticias\/wp-json\/wp\/v2\/posts"}],"about":[{"href":"https:\/\/www.eldigitaldeasturias.com\/noticias\/wp-json\/wp\/v2\/types\/post"}],"author":[{"embeddable":true,"href":"https:\/\/www.eldigitaldeasturias.com\/noticias\/wp-json\/wp\/v2\/users\/1"}],"replies":[{"embeddable":true,"href":"https:\/\/www.eldigitaldeasturias.com\/noticias\/wp-json\/wp\/v2\/comments?post=908537"}],"version-history":[{"count":0,"href":"https:\/\/www.eldigitaldeasturias.com\/noticias\/wp-json\/wp\/v2\/posts\/908537\/revisions"}],"wp:featuredmedia":[{"embeddable":true,"href":"https:\/\/www.eldigitaldeasturias.com\/noticias\/wp-json\/wp\/v2\/media\/908538"}],"wp:attachment":[{"href":"https:\/\/www.eldigitaldeasturias.com\/noticias\/wp-json\/wp\/v2\/media?parent=908537"}],"wp:term":[{"taxonomy":"category","embeddable":true,"href":"https:\/\/www.eldigitaldeasturias.com\/noticias\/wp-json\/wp\/v2\/categories?post=908537"},{"taxonomy":"post_tag","embeddable":true,"href":"https:\/\/www.eldigitaldeasturias.com\/noticias\/wp-json\/wp\/v2\/tags?post=908537"}],"curies":[{"name":"wp","href":"https:\/\/api.w.org\/{rel}","templated":true}]}}