{"id":908529,"date":"2016-09-19T23:27:01","date_gmt":"2016-09-19T22:27:01","guid":{"rendered":"http:\/\/www.eldigitaldeasturias.com\/noticias\/?p=908529"},"modified":"2016-09-19T23:27:01","modified_gmt":"2016-09-19T22:27:01","slug":"mercedes-fernandez-javier-fernandez-escapa-del-debate-parlamentario","status":"publish","type":"post","link":"https:\/\/www.eldigitaldeasturias.com\/noticias\/mercedes-fernandez-javier-fernandez-escapa-del-debate-parlamentario\/","title":{"rendered":"Mercedes Fern\u00e1ndez: \u201cJavier Fern\u00e1ndez escapa del debate parlamentario\u201d"},"content":{"rendered":"<p><img loading=\"lazy\" decoding=\"async\" class=\"alignleft size-medium wp-image-908530\" src=\"https:\/\/www.eldigitaldeasturias.com\/noticias\/wp-content\/uploads\/2016\/09\/fotonoticia_20160919135149_800-360x252.jpg\" alt=\"fotonoticia_20160919135149_800\" width=\"360\" height=\"252\" srcset=\"https:\/\/www.eldigitaldeasturias.com\/noticias\/wp-content\/uploads\/2016\/09\/fotonoticia_20160919135149_800-360x252.jpg 360w, https:\/\/www.eldigitaldeasturias.com\/noticias\/wp-content\/uploads\/2016\/09\/fotonoticia_20160919135149_800-768x539.jpg 768w, https:\/\/www.eldigitaldeasturias.com\/noticias\/wp-content\/uploads\/2016\/09\/fotonoticia_20160919135149_800-650x456.jpg 650w, https:\/\/www.eldigitaldeasturias.com\/noticias\/wp-content\/uploads\/2016\/09\/fotonoticia_20160919135149_800-430x300.jpg 430w, https:\/\/www.eldigitaldeasturias.com\/noticias\/wp-content\/uploads\/2016\/09\/fotonoticia_20160919135149_800.jpg 800w\" sizes=\"auto, (max-width: 360px) 100vw, 360px\" \/>Los grupos parlamentarios del PP, Foro y Ciudadanos han afeado este lunes al presidente de Principado, el socialista Javier Fern\u00e1ndez, que no acuda esta semana a la Junta General a responder a las cuestiones que los parlamentarios le planteen como es habitual cada quince d\u00edas en la sesi\u00f3n de control. Las tres fuerzas han coincidido en criticar la ausencia de Fern\u00e1ndez al no dar explicaciones \u00abm\u00e1s all\u00e1 de problemas de agenda\u00bb para comparecer el jueves.<\/p>\n<p>La jornada del viernes es en la que el dirigente deber\u00eda responder a las preguntas que los diferentes portavoces formulasen sobre cuestiones de actualidad, pero en esta ocasi\u00f3n no se celebrar\u00e1 la sesi\u00f3n plenaria por coincidir con una reuni\u00f3n de la Comisi\u00f3n Civex del Comit\u00e9 de las Regiones de la Uni\u00f3n Europea que se celebrar\u00e1 en Oviedo el jueves y el viernes.<\/p>\n<p>Ante la relevancia de esta reuni\u00f3n, a la que asistir\u00e1n la mayor\u00eda de los diputados asturianos, se ha decidido suspender la sesi\u00f3n, con los votos favorables de PSOE, Podemos e IU, la abstenci\u00f3n de Ciudadanos y los votos en contra de PP y Foro.<\/p>\n<p>La soluci\u00f3n inicial a la supresi\u00f3n de la sesi\u00f3n del viernes, seg\u00fan han explicado los diputados a la salida de la Junta de Portavoces, pasaba por trasladar al jueves las preguntas al presidente. Sin embargo, el portavoz del PSOE, Fernando Lastra, ha aducido problemas de agenda que impiden al presidente acudir el jueves.<\/p>\n<p>Las explicaciones, en cambio, no han sido bien recibidas por el PP. Su portavoz y presidenta regional, Mercedes Fern\u00e1ndez, ha criticado el \u00abdesaire\u00bb que el presidente ha realizado a la Junta y el \u00abmenosprecio\u00bb al mayor grupo de la oposici\u00f3n. Con esta decisi\u00f3n, ha explicado, se pone de manifiesto una \u00abnueva mayor\u00eda\u00bb en el parlamento asturiano, formada por Podemos y el PSOE, que ha \u00abnegado\u00bb la comparecencia del dirigente socialista.<\/p>\n<p>La \u00faltima ocasi\u00f3n en la que hubo preguntas al presidente fue el 8 de junio, seg\u00fan recuerda la l\u00edder del PP. \u00abJavier Fern\u00e1ndez escapa del debate parlamentario, en la era de la transparencia no se sabe d\u00f3nde va a estar y no habr\u00e1 pleno por problemas de agenda\u00bb, ha criticado.<\/p>\n<p>Por su parte, la portavoz de Foro Asturias, Cristina Coto, ha reprochado la ausencia del presidente asturiano, y ha criticado que no se den las suficientes explicaciones. \u00abPuede haber razones fundadas para que no comparezca, pero no es de recibo que las causas sean secretas\u00bb, ha argumentado, criticando la \u00abopacidad\u00bb del Gobierno en este asunto.<\/p>\n<p>El portavoz de Ciudadanos, Nicanor Garc\u00eda, ha mostrado tambi\u00e9n su \u00absorpresa\u00bb por que Fern\u00e1ndez no acuda el jueves al pleno, y ha lamentado que no hayan salido adelante otras propuestas como celebrar una sesi\u00f3n plenaria el viernes en la que \u00fanicamente se formulasen las preguntas. \u00abHay que tener rigor en este tipo de decisiones\u00bb, ha aconsejado.<\/p>\n<p>&nbsp;<\/p>\n","protected":false},"excerpt":{"rendered":"<p>Los grupos parlamentarios del PP, Foro y Ciudadanos han afeado este lunes al presidente de Principado, el socialista Javier Fern\u00e1ndez, que no acuda esta semana a la Junta General a responder a las cuestiones que los parlamentarios le planteen como es habitual cada quince d\u00edas en la sesi\u00f3n de control. Las tres fuerzas han coincidido [&hellip;]<\/p>\n","protected":false},"author":1,"featured_media":908530,"comment_status":"closed","ping_status":"closed","sticky":false,"template":"","format":"standard","meta":{"footnotes":""},"categories":[12],"tags":[],"class_list":["post-908529","post","type-post","status-publish","format-standard","has-post-thumbnail","hentry","category-actualidad-asturias"],"aioseo_notices":[],"aioseo_head":"\n\t\t<!-- All in One SEO Pro 4.9.6.2 - aioseo.com -->\n\t<meta name=\"description\" content=\"Los grupos parlamentarios del PP, Foro y Ciudadanos han afeado este lunes al presidente de Principado, el socialista Javier Fern\u00e1ndez, que no acuda esta semana a la Junta General a responder a las cuestiones que los parlamentarios le planteen como es habitual cada quince d\u00edas en la sesi\u00f3n de control. Las tres fuerzas han coincidido\" \/>\n\t<meta name=\"robots\" content=\"max-image-preview:large\" \/>\n\t<meta name=\"author\" content=\"El Digital de Asturias\"\/>\n\t<meta name=\"google-site-verification\" content=\"UA-38556648-1\" \/>\n\t<meta name=\"msvalidate.01\" content=\"7dfe9f3f1b24437ab69f4f2559babe99\" \/>\n\t<meta name=\"keywords\" content=\"actualidad asturias\" \/>\n\t<link rel=\"canonical\" href=\"https:\/\/www.eldigitaldeasturias.com\/noticias\/mercedes-fernandez-javier-fernandez-escapa-del-debate-parlamentario\/\" \/>\n\t<meta name=\"generator\" content=\"All in One SEO Pro (AIOSEO) 4.9.6.2\" \/>\n\t\t<meta property=\"og:locale\" content=\"es_ES\" \/>\n\t\t<meta property=\"og:site_name\" content=\"El Digital de Asturias\" \/>\n\t\t<meta property=\"og:type\" content=\"article\" \/>\n\t\t<meta property=\"og:title\" content=\"Mercedes Fern\u00e1ndez: \u201cJavier Fern\u00e1ndez escapa del debate parlamentario\u201d - El Digital de Asturias\" \/>\n\t\t<meta property=\"og:description\" content=\"Los grupos parlamentarios del PP, Foro y Ciudadanos han afeado este lunes al presidente de Principado, el socialista Javier Fern\u00e1ndez, que no acuda esta semana a la Junta General a responder a las cuestiones que los parlamentarios le planteen como es habitual cada quince d\u00edas en la sesi\u00f3n de control. Las tres fuerzas han coincidido\" \/>\n\t\t<meta property=\"og:url\" content=\"https:\/\/www.eldigitaldeasturias.com\/noticias\/mercedes-fernandez-javier-fernandez-escapa-del-debate-parlamentario\/\" \/>\n\t\t<meta property=\"og:image\" content=\"https:\/\/www.eldigitaldeasturias.com\/noticias\/wp-content\/uploads\/2016\/09\/fotonoticia_20160919135149_800.jpg\" \/>\n\t\t<meta property=\"og:image:secure_url\" content=\"https:\/\/www.eldigitaldeasturias.com\/noticias\/wp-content\/uploads\/2016\/09\/fotonoticia_20160919135149_800.jpg\" \/>\n\t\t<meta property=\"og:image:width\" content=\"800\" \/>\n\t\t<meta property=\"og:image:height\" content=\"561\" \/>\n\t\t<meta property=\"article:tag\" content=\"actualidad asturias\" \/>\n\t\t<meta property=\"article:published_time\" content=\"2016-09-19T22:27:01+00:00\" \/>\n\t\t<meta property=\"article:modified_time\" content=\"2016-09-19T22:27:01+00:00\" \/>\n\t\t<meta property=\"article:publisher\" content=\"https:\/\/facebook.com\/eldigitaldeasturias\" \/>\n\t\t<meta name=\"twitter:card\" content=\"summary_large_image\" \/>\n\t\t<meta name=\"twitter:title\" content=\"Mercedes Fern\u00e1ndez: \u201cJavier Fern\u00e1ndez escapa del debate parlamentario\u201d - El Digital de Asturias\" \/>\n\t\t<meta name=\"twitter:description\" content=\"Los grupos parlamentarios del PP, Foro y Ciudadanos han afeado este lunes al presidente de Principado, el socialista Javier Fern\u00e1ndez, que no acuda esta semana a la Junta General a responder a las cuestiones que los parlamentarios le planteen como es habitual cada quince d\u00edas en la sesi\u00f3n de control. Las tres fuerzas han coincidido\" \/>\n\t\t<meta name=\"twitter:image\" content=\"https:\/\/www.eldigitaldeasturias.com\/noticias\/wp-content\/uploads\/2016\/09\/fotonoticia_20160919135149_800.jpg\" \/>\n\t\t<meta name=\"twitter:label1\" content=\"Escrito por\" \/>\n\t\t<meta name=\"twitter:data1\" content=\"El Digital de Asturias\" \/>\n\t\t<meta name=\"twitter:label2\" content=\"Tiempo de lectura estimado\" \/>\n\t\t<meta name=\"twitter:data2\" content=\"2 minutos\" \/>\n\t\t<script type=\"application\/ld+json\" class=\"aioseo-schema\">\n\t\t\t{\"@context\":\"https:\\\/\\\/schema.org\",\"@graph\":[{\"@type\":\"BlogPosting\",\"@id\":\"https:\\\/\\\/www.eldigitaldeasturias.com\\\/noticias\\\/mercedes-fernandez-javier-fernandez-escapa-del-debate-parlamentario\\\/#blogposting\",\"name\":\"Mercedes Fern\\u00e1ndez: \\u201cJavier Fern\\u00e1ndez escapa del debate parlamentario\\u201d - El Digital de Asturias\",\"headline\":\"Mercedes Fern\\u00e1ndez: \\u201cJavier Fern\\u00e1ndez escapa del debate parlamentario\\u201d\",\"author\":{\"@id\":\"https:\\\/\\\/www.eldigitaldeasturias.com\\\/noticias\\\/author\\\/admin\\\/#author\"},\"publisher\":{\"@id\":\"https:\\\/\\\/www.eldigitaldeasturias.com\\\/noticias\\\/#organization\"},\"image\":{\"@type\":\"ImageObject\",\"url\":\"https:\\\/\\\/www.eldigitaldeasturias.com\\\/noticias\\\/wp-content\\\/uploads\\\/2016\\\/09\\\/fotonoticia_20160919135149_800.jpg\",\"width\":800,\"height\":561},\"datePublished\":\"2016-09-19T23:27:01+02:00\",\"dateModified\":\"2016-09-19T23:27:01+02:00\",\"inLanguage\":\"es-ES\",\"mainEntityOfPage\":{\"@id\":\"https:\\\/\\\/www.eldigitaldeasturias.com\\\/noticias\\\/mercedes-fernandez-javier-fernandez-escapa-del-debate-parlamentario\\\/#webpage\"},\"isPartOf\":{\"@id\":\"https:\\\/\\\/www.eldigitaldeasturias.com\\\/noticias\\\/mercedes-fernandez-javier-fernandez-escapa-del-debate-parlamentario\\\/#webpage\"},\"articleSection\":\"Actualidad Asturias\"},{\"@type\":\"BreadcrumbList\",\"@id\":\"https:\\\/\\\/www.eldigitaldeasturias.com\\\/noticias\\\/mercedes-fernandez-javier-fernandez-escapa-del-debate-parlamentario\\\/#breadcrumblist\",\"itemListElement\":[{\"@type\":\"ListItem\",\"@id\":\"https:\\\/\\\/www.eldigitaldeasturias.com\\\/noticias#listItem\",\"position\":1,\"name\":\"Home\",\"item\":\"https:\\\/\\\/www.eldigitaldeasturias.com\\\/noticias\",\"nextItem\":{\"@type\":\"ListItem\",\"@id\":\"https:\\\/\\\/www.eldigitaldeasturias.com\\\/noticias\\\/category\\\/actualidad-asturias\\\/#listItem\",\"name\":\"Actualidad Asturias\"}},{\"@type\":\"ListItem\",\"@id\":\"https:\\\/\\\/www.eldigitaldeasturias.com\\\/noticias\\\/category\\\/actualidad-asturias\\\/#listItem\",\"position\":2,\"name\":\"Actualidad Asturias\",\"item\":\"https:\\\/\\\/www.eldigitaldeasturias.com\\\/noticias\\\/category\\\/actualidad-asturias\\\/\",\"nextItem\":{\"@type\":\"ListItem\",\"@id\":\"https:\\\/\\\/www.eldigitaldeasturias.com\\\/noticias\\\/mercedes-fernandez-javier-fernandez-escapa-del-debate-parlamentario\\\/#listItem\",\"name\":\"Mercedes Fern\\u00e1ndez: \\u201cJavier Fern\\u00e1ndez escapa del debate parlamentario\\u201d\"},\"previousItem\":{\"@type\":\"ListItem\",\"@id\":\"https:\\\/\\\/www.eldigitaldeasturias.com\\\/noticias#listItem\",\"name\":\"Home\"}},{\"@type\":\"ListItem\",\"@id\":\"https:\\\/\\\/www.eldigitaldeasturias.com\\\/noticias\\\/mercedes-fernandez-javier-fernandez-escapa-del-debate-parlamentario\\\/#listItem\",\"position\":3,\"name\":\"Mercedes Fern\\u00e1ndez: \\u201cJavier Fern\\u00e1ndez escapa del debate parlamentario\\u201d\",\"previousItem\":{\"@type\":\"ListItem\",\"@id\":\"https:\\\/\\\/www.eldigitaldeasturias.com\\\/noticias\\\/category\\\/actualidad-asturias\\\/#listItem\",\"name\":\"Actualidad Asturias\"}}]},{\"@type\":\"Organization\",\"@id\":\"https:\\\/\\\/www.eldigitaldeasturias.com\\\/noticias\\\/#organization\",\"name\":\"El Digital de Asturias\",\"description\":\"Hemeroteca\",\"url\":\"https:\\\/\\\/www.eldigitaldeasturias.com\\\/noticias\\\/\",\"email\":\"info@eldigitaldeasturias.com\",\"telephone\":\"+34652131393\",\"logo\":{\"@type\":\"ImageObject\",\"url\":\"https:\\\/\\\/www.eldigitaldeasturias.com\\\/noticias\\\/wp-content\\\/uploads\\\/2020\\\/12\\\/EDA.jpg\",\"@id\":\"https:\\\/\\\/www.eldigitaldeasturias.com\\\/noticias\\\/mercedes-fernandez-javier-fernandez-escapa-del-debate-parlamentario\\\/#organizationLogo\",\"width\":649,\"height\":297},\"image\":{\"@id\":\"https:\\\/\\\/www.eldigitaldeasturias.com\\\/noticias\\\/mercedes-fernandez-javier-fernandez-escapa-del-debate-parlamentario\\\/#organizationLogo\"},\"sameAs\":[\"https:\\\/\\\/facebook.com\\\/eldigitaldeasturias\",\"https:\\\/\\\/www.youtube.com\\\/channel\\\/UCZP-2wLEB9Rv6erhFmqVnvg\"],\"address\":{\"@id\":\"https:\\\/\\\/www.eldigitaldeasturias.com\\\/noticias\\\/#postaladdress\",\"@type\":\"PostalAddress\",\"streetAddress\":\"san antonio 4,\",\"postalCode\":\"33430\",\"addressLocality\":\"Cand\\u00e1s\",\"addressRegion\":\"Asturias\",\"addressCountry\":\"ES\"}},{\"@type\":\"Person\",\"@id\":\"https:\\\/\\\/www.eldigitaldeasturias.com\\\/noticias\\\/author\\\/admin\\\/#author\",\"url\":\"https:\\\/\\\/www.eldigitaldeasturias.com\\\/noticias\\\/author\\\/admin\\\/\",\"name\":\"El Digital de Asturias\",\"image\":{\"@type\":\"ImageObject\",\"@id\":\"https:\\\/\\\/www.eldigitaldeasturias.com\\\/noticias\\\/mercedes-fernandez-javier-fernandez-escapa-del-debate-parlamentario\\\/#authorImage\",\"url\":\"https:\\\/\\\/www.eldigitaldeasturias.com\\\/noticias\\\/wp-content\\\/litespeed\\\/avatar\\\/18677e78aa0546b92d9dbf31ec7d7668.jpg?ver=1777290358\",\"width\":96,\"height\":96,\"caption\":\"El Digital de Asturias\"}},{\"@type\":\"WebPage\",\"@id\":\"https:\\\/\\\/www.eldigitaldeasturias.com\\\/noticias\\\/mercedes-fernandez-javier-fernandez-escapa-del-debate-parlamentario\\\/#webpage\",\"url\":\"https:\\\/\\\/www.eldigitaldeasturias.com\\\/noticias\\\/mercedes-fernandez-javier-fernandez-escapa-del-debate-parlamentario\\\/\",\"name\":\"Mercedes Fern\\u00e1ndez: \\u201cJavier Fern\\u00e1ndez escapa del debate parlamentario\\u201d - El Digital de Asturias\",\"description\":\"Los grupos parlamentarios del PP, Foro y Ciudadanos han afeado este lunes al presidente de Principado, el socialista Javier Fern\\u00e1ndez, que no acuda esta semana a la Junta General a responder a las cuestiones que los parlamentarios le planteen como es habitual cada quince d\\u00edas en la sesi\\u00f3n de control. Las tres fuerzas han coincidido\",\"inLanguage\":\"es-ES\",\"isPartOf\":{\"@id\":\"https:\\\/\\\/www.eldigitaldeasturias.com\\\/noticias\\\/#website\"},\"breadcrumb\":{\"@id\":\"https:\\\/\\\/www.eldigitaldeasturias.com\\\/noticias\\\/mercedes-fernandez-javier-fernandez-escapa-del-debate-parlamentario\\\/#breadcrumblist\"},\"author\":{\"@id\":\"https:\\\/\\\/www.eldigitaldeasturias.com\\\/noticias\\\/author\\\/admin\\\/#author\"},\"creator\":{\"@id\":\"https:\\\/\\\/www.eldigitaldeasturias.com\\\/noticias\\\/author\\\/admin\\\/#author\"},\"image\":{\"@type\":\"ImageObject\",\"url\":\"https:\\\/\\\/www.eldigitaldeasturias.com\\\/noticias\\\/wp-content\\\/uploads\\\/2016\\\/09\\\/fotonoticia_20160919135149_800.jpg\",\"@id\":\"https:\\\/\\\/www.eldigitaldeasturias.com\\\/noticias\\\/mercedes-fernandez-javier-fernandez-escapa-del-debate-parlamentario\\\/#mainImage\",\"width\":800,\"height\":561},\"primaryImageOfPage\":{\"@id\":\"https:\\\/\\\/www.eldigitaldeasturias.com\\\/noticias\\\/mercedes-fernandez-javier-fernandez-escapa-del-debate-parlamentario\\\/#mainImage\"},\"datePublished\":\"2016-09-19T23:27:01+02:00\",\"dateModified\":\"2016-09-19T23:27:01+02:00\"},{\"@type\":\"WebSite\",\"@id\":\"https:\\\/\\\/www.eldigitaldeasturias.com\\\/noticias\\\/#website\",\"url\":\"https:\\\/\\\/www.eldigitaldeasturias.com\\\/noticias\\\/\",\"name\":\"El Digital de Asturias - Diario de actualidad y noticias\",\"alternateName\":\"El Digital de Asturias - Diario de actualidad y noticias\",\"description\":\"Hemeroteca\",\"inLanguage\":\"es-ES\",\"publisher\":{\"@id\":\"https:\\\/\\\/www.eldigitaldeasturias.com\\\/noticias\\\/#organization\"}}]}\n\t\t<\/script>\n\t\t<!-- All in One SEO Pro -->\r\n\t\t<title>Mercedes Fern\u00e1ndez: \u201cJavier Fern\u00e1ndez escapa del debate parlamentario\u201d - El Digital de Asturias<\/title>\n\n","aioseo_head_json":{"title":"Mercedes Fern\u00e1ndez: \u201cJavier Fern\u00e1ndez escapa del debate parlamentario\u201d - El Digital de Asturias","description":"Los grupos parlamentarios del PP, Foro y Ciudadanos han afeado este lunes al presidente de Principado, el socialista Javier Fern\u00e1ndez, que no acuda esta semana a la Junta General a responder a las cuestiones que los parlamentarios le planteen como es habitual cada quince d\u00edas en la sesi\u00f3n de control. Las tres fuerzas han coincidido","canonical_url":"https:\/\/www.eldigitaldeasturias.com\/noticias\/mercedes-fernandez-javier-fernandez-escapa-del-debate-parlamentario\/","robots":"max-image-preview:large","keywords":"actualidad asturias","webmasterTools":{"google-site-verification":"UA-38556648-1","msvalidate.01":"7dfe9f3f1b24437ab69f4f2559babe99","miscellaneous":""},"schema":{"@context":"https:\/\/schema.org","@graph":[{"@type":"BlogPosting","@id":"https:\/\/www.eldigitaldeasturias.com\/noticias\/mercedes-fernandez-javier-fernandez-escapa-del-debate-parlamentario\/#blogposting","name":"Mercedes Fern\u00e1ndez: \u201cJavier Fern\u00e1ndez escapa del debate parlamentario\u201d - El Digital de Asturias","headline":"Mercedes Fern\u00e1ndez: \u201cJavier Fern\u00e1ndez escapa del debate parlamentario\u201d","author":{"@id":"https:\/\/www.eldigitaldeasturias.com\/noticias\/author\/admin\/#author"},"publisher":{"@id":"https:\/\/www.eldigitaldeasturias.com\/noticias\/#organization"},"image":{"@type":"ImageObject","url":"https:\/\/www.eldigitaldeasturias.com\/noticias\/wp-content\/uploads\/2016\/09\/fotonoticia_20160919135149_800.jpg","width":800,"height":561},"datePublished":"2016-09-19T23:27:01+02:00","dateModified":"2016-09-19T23:27:01+02:00","inLanguage":"es-ES","mainEntityOfPage":{"@id":"https:\/\/www.eldigitaldeasturias.com\/noticias\/mercedes-fernandez-javier-fernandez-escapa-del-debate-parlamentario\/#webpage"},"isPartOf":{"@id":"https:\/\/www.eldigitaldeasturias.com\/noticias\/mercedes-fernandez-javier-fernandez-escapa-del-debate-parlamentario\/#webpage"},"articleSection":"Actualidad Asturias"},{"@type":"BreadcrumbList","@id":"https:\/\/www.eldigitaldeasturias.com\/noticias\/mercedes-fernandez-javier-fernandez-escapa-del-debate-parlamentario\/#breadcrumblist","itemListElement":[{"@type":"ListItem","@id":"https:\/\/www.eldigitaldeasturias.com\/noticias#listItem","position":1,"name":"Home","item":"https:\/\/www.eldigitaldeasturias.com\/noticias","nextItem":{"@type":"ListItem","@id":"https:\/\/www.eldigitaldeasturias.com\/noticias\/category\/actualidad-asturias\/#listItem","name":"Actualidad Asturias"}},{"@type":"ListItem","@id":"https:\/\/www.eldigitaldeasturias.com\/noticias\/category\/actualidad-asturias\/#listItem","position":2,"name":"Actualidad Asturias","item":"https:\/\/www.eldigitaldeasturias.com\/noticias\/category\/actualidad-asturias\/","nextItem":{"@type":"ListItem","@id":"https:\/\/www.eldigitaldeasturias.com\/noticias\/mercedes-fernandez-javier-fernandez-escapa-del-debate-parlamentario\/#listItem","name":"Mercedes Fern\u00e1ndez: \u201cJavier Fern\u00e1ndez escapa del debate parlamentario\u201d"},"previousItem":{"@type":"ListItem","@id":"https:\/\/www.eldigitaldeasturias.com\/noticias#listItem","name":"Home"}},{"@type":"ListItem","@id":"https:\/\/www.eldigitaldeasturias.com\/noticias\/mercedes-fernandez-javier-fernandez-escapa-del-debate-parlamentario\/#listItem","position":3,"name":"Mercedes Fern\u00e1ndez: \u201cJavier Fern\u00e1ndez escapa del debate parlamentario\u201d","previousItem":{"@type":"ListItem","@id":"https:\/\/www.eldigitaldeasturias.com\/noticias\/category\/actualidad-asturias\/#listItem","name":"Actualidad Asturias"}}]},{"@type":"Organization","@id":"https:\/\/www.eldigitaldeasturias.com\/noticias\/#organization","name":"El Digital de Asturias","description":"Hemeroteca","url":"https:\/\/www.eldigitaldeasturias.com\/noticias\/","email":"info@eldigitaldeasturias.com","telephone":"+34652131393","logo":{"@type":"ImageObject","url":"https:\/\/www.eldigitaldeasturias.com\/noticias\/wp-content\/uploads\/2020\/12\/EDA.jpg","@id":"https:\/\/www.eldigitaldeasturias.com\/noticias\/mercedes-fernandez-javier-fernandez-escapa-del-debate-parlamentario\/#organizationLogo","width":649,"height":297},"image":{"@id":"https:\/\/www.eldigitaldeasturias.com\/noticias\/mercedes-fernandez-javier-fernandez-escapa-del-debate-parlamentario\/#organizationLogo"},"sameAs":["https:\/\/facebook.com\/eldigitaldeasturias","https:\/\/www.youtube.com\/channel\/UCZP-2wLEB9Rv6erhFmqVnvg"],"address":{"@id":"https:\/\/www.eldigitaldeasturias.com\/noticias\/#postaladdress","@type":"PostalAddress","streetAddress":"san antonio 4,","postalCode":"33430","addressLocality":"Cand\u00e1s","addressRegion":"Asturias","addressCountry":"ES"}},{"@type":"Person","@id":"https:\/\/www.eldigitaldeasturias.com\/noticias\/author\/admin\/#author","url":"https:\/\/www.eldigitaldeasturias.com\/noticias\/author\/admin\/","name":"El Digital de Asturias","image":{"@type":"ImageObject","@id":"https:\/\/www.eldigitaldeasturias.com\/noticias\/mercedes-fernandez-javier-fernandez-escapa-del-debate-parlamentario\/#authorImage","url":"https:\/\/www.eldigitaldeasturias.com\/noticias\/wp-content\/litespeed\/avatar\/18677e78aa0546b92d9dbf31ec7d7668.jpg?ver=1777290358","width":96,"height":96,"caption":"El Digital de Asturias"}},{"@type":"WebPage","@id":"https:\/\/www.eldigitaldeasturias.com\/noticias\/mercedes-fernandez-javier-fernandez-escapa-del-debate-parlamentario\/#webpage","url":"https:\/\/www.eldigitaldeasturias.com\/noticias\/mercedes-fernandez-javier-fernandez-escapa-del-debate-parlamentario\/","name":"Mercedes Fern\u00e1ndez: \u201cJavier Fern\u00e1ndez escapa del debate parlamentario\u201d - El Digital de Asturias","description":"Los grupos parlamentarios del PP, Foro y Ciudadanos han afeado este lunes al presidente de Principado, el socialista Javier Fern\u00e1ndez, que no acuda esta semana a la Junta General a responder a las cuestiones que los parlamentarios le planteen como es habitual cada quince d\u00edas en la sesi\u00f3n de control. Las tres fuerzas han coincidido","inLanguage":"es-ES","isPartOf":{"@id":"https:\/\/www.eldigitaldeasturias.com\/noticias\/#website"},"breadcrumb":{"@id":"https:\/\/www.eldigitaldeasturias.com\/noticias\/mercedes-fernandez-javier-fernandez-escapa-del-debate-parlamentario\/#breadcrumblist"},"author":{"@id":"https:\/\/www.eldigitaldeasturias.com\/noticias\/author\/admin\/#author"},"creator":{"@id":"https:\/\/www.eldigitaldeasturias.com\/noticias\/author\/admin\/#author"},"image":{"@type":"ImageObject","url":"https:\/\/www.eldigitaldeasturias.com\/noticias\/wp-content\/uploads\/2016\/09\/fotonoticia_20160919135149_800.jpg","@id":"https:\/\/www.eldigitaldeasturias.com\/noticias\/mercedes-fernandez-javier-fernandez-escapa-del-debate-parlamentario\/#mainImage","width":800,"height":561},"primaryImageOfPage":{"@id":"https:\/\/www.eldigitaldeasturias.com\/noticias\/mercedes-fernandez-javier-fernandez-escapa-del-debate-parlamentario\/#mainImage"},"datePublished":"2016-09-19T23:27:01+02:00","dateModified":"2016-09-19T23:27:01+02:00"},{"@type":"WebSite","@id":"https:\/\/www.eldigitaldeasturias.com\/noticias\/#website","url":"https:\/\/www.eldigitaldeasturias.com\/noticias\/","name":"El Digital de Asturias - Diario de actualidad y noticias","alternateName":"El Digital de Asturias - Diario de actualidad y noticias","description":"Hemeroteca","inLanguage":"es-ES","publisher":{"@id":"https:\/\/www.eldigitaldeasturias.com\/noticias\/#organization"}}]},"og:locale":"es_ES","og:site_name":"El Digital de Asturias","og:type":"article","og:title":"Mercedes Fern\u00e1ndez: \u201cJavier Fern\u00e1ndez escapa del debate parlamentario\u201d - El Digital de Asturias","og:description":"Los grupos parlamentarios del PP, Foro y Ciudadanos han afeado este lunes al presidente de Principado, el socialista Javier Fern\u00e1ndez, que no acuda esta semana a la Junta General a responder a las cuestiones que los parlamentarios le planteen como es habitual cada quince d\u00edas en la sesi\u00f3n de control. Las tres fuerzas han coincidido","og:url":"https:\/\/www.eldigitaldeasturias.com\/noticias\/mercedes-fernandez-javier-fernandez-escapa-del-debate-parlamentario\/","og:image":"https:\/\/www.eldigitaldeasturias.com\/noticias\/wp-content\/uploads\/2016\/09\/fotonoticia_20160919135149_800.jpg","og:image:secure_url":"https:\/\/www.eldigitaldeasturias.com\/noticias\/wp-content\/uploads\/2016\/09\/fotonoticia_20160919135149_800.jpg","og:image:width":800,"og:image:height":561,"article:tag":["actualidad asturias"],"article:published_time":"2016-09-19T22:27:01+00:00","article:modified_time":"2016-09-19T22:27:01+00:00","article:publisher":"https:\/\/facebook.com\/eldigitaldeasturias","twitter:card":"summary_large_image","twitter:title":"Mercedes Fern\u00e1ndez: \u201cJavier Fern\u00e1ndez escapa del debate parlamentario\u201d - El Digital de Asturias","twitter:description":"Los grupos parlamentarios del PP, Foro y Ciudadanos han afeado este lunes al presidente de Principado, el socialista Javier Fern\u00e1ndez, que no acuda esta semana a la Junta General a responder a las cuestiones que los parlamentarios le planteen como es habitual cada quince d\u00edas en la sesi\u00f3n de control. Las tres fuerzas han coincidido","twitter:image":"https:\/\/www.eldigitaldeasturias.com\/noticias\/wp-content\/uploads\/2016\/09\/fotonoticia_20160919135149_800.jpg","twitter:label1":"Escrito por","twitter:data1":"El Digital de Asturias","twitter:label2":"Tiempo de lectura estimado","twitter:data2":"2 minutos"},"aioseo_meta_data":{"post_id":"908529","title":null,"description":null,"keywords":null,"keyphrases":null,"primary_term":null,"canonical_url":null,"og_title":null,"og_description":null,"og_object_type":"default","og_image_type":"default","og_image_url":null,"og_image_width":null,"og_image_height":null,"og_image_custom_url":null,"og_image_custom_fields":null,"og_video":null,"og_custom_url":null,"og_article_section":null,"og_article_tags":null,"twitter_use_og":false,"twitter_card":"default","twitter_image_type":"default","twitter_image_url":null,"twitter_image_custom_url":null,"twitter_image_custom_fields":null,"twitter_title":null,"twitter_description":null,"schema":{"blockGraphs":[],"customGraphs":[],"default":{"data":{"Article":[],"Course":[],"Dataset":[],"FAQPage":[],"Movie":[],"Person":[],"Product":[],"ProductReview":[],"Car":[],"Recipe":[],"Service":[],"SoftwareApplication":[],"WebPage":[]},"graphName":"","isEnabled":true},"graphs":[],"defaultGraph":"","defaultPostTypeGraph":""},"schema_type":null,"schema_type_options":null,"pillar_content":false,"robots_default":true,"robots_noindex":false,"robots_noarchive":false,"robots_nosnippet":false,"robots_nofollow":false,"robots_noimageindex":false,"robots_noodp":false,"robots_notranslate":false,"robots_max_snippet":null,"robots_max_videopreview":null,"robots_max_imagepreview":"large","priority":null,"frequency":null,"local_seo":null,"seo_analyzer_scan_date":"2025-11-30 16:26:20","breadcrumb_settings":null,"limit_modified_date":false,"open_ai":null,"ai":null,"created":"2020-12-21 14:00:05","updated":"2025-11-30 16:26:20"},"aioseo_breadcrumb":"<div class=\"aioseo-breadcrumbs\"><span class=\"aioseo-breadcrumb\">\n\t<a href=\"https:\/\/www.eldigitaldeasturias.com\/noticias\" title=\"Home\">Home<\/a>\n<\/span><span class=\"aioseo-breadcrumb-separator\">\u2013<\/span><span class=\"aioseo-breadcrumb\">\n\t<a href=\"https:\/\/www.eldigitaldeasturias.com\/noticias\/category\/actualidad-asturias\/\" title=\"Actualidad Asturias\">Actualidad Asturias<\/a>\n<\/span><span class=\"aioseo-breadcrumb-separator\">\u2013<\/span><span class=\"aioseo-breadcrumb\">\n\t<a href=\"https:\/\/www.eldigitaldeasturias.com\/noticias\/mercedes-fernandez-javier-fernandez-escapa-del-debate-parlamentario\/\" title=\"Mercedes Fern\u00e1ndez: \u201cJavier Fern\u00e1ndez escapa del debate parlamentario\u201d\">Mercedes Fern\u00e1ndez: \u201cJavier Fern\u00e1ndez escapa del debate parlamentario\u201d<\/a>\n<\/span><\/div>","aioseo_breadcrumb_json":[{"label":"Home","link":"https:\/\/www.eldigitaldeasturias.com\/noticias"},{"label":"Actualidad Asturias","link":"https:\/\/www.eldigitaldeasturias.com\/noticias\/category\/actualidad-asturias\/"},{"label":"Mercedes Fern\u00e1ndez: \u201cJavier Fern\u00e1ndez escapa del debate parlamentario\u201d","link":"https:\/\/www.eldigitaldeasturias.com\/noticias\/mercedes-fernandez-javier-fernandez-escapa-del-debate-parlamentario\/"}],"_links":{"self":[{"href":"https:\/\/www.eldigitaldeasturias.com\/noticias\/wp-json\/wp\/v2\/posts\/908529","targetHints":{"allow":["GET"]}}],"collection":[{"href":"https:\/\/www.eldigitaldeasturias.com\/noticias\/wp-json\/wp\/v2\/posts"}],"about":[{"href":"https:\/\/www.eldigitaldeasturias.com\/noticias\/wp-json\/wp\/v2\/types\/post"}],"author":[{"embeddable":true,"href":"https:\/\/www.eldigitaldeasturias.com\/noticias\/wp-json\/wp\/v2\/users\/1"}],"replies":[{"embeddable":true,"href":"https:\/\/www.eldigitaldeasturias.com\/noticias\/wp-json\/wp\/v2\/comments?post=908529"}],"version-history":[{"count":0,"href":"https:\/\/www.eldigitaldeasturias.com\/noticias\/wp-json\/wp\/v2\/posts\/908529\/revisions"}],"wp:featuredmedia":[{"embeddable":true,"href":"https:\/\/www.eldigitaldeasturias.com\/noticias\/wp-json\/wp\/v2\/media\/908530"}],"wp:attachment":[{"href":"https:\/\/www.eldigitaldeasturias.com\/noticias\/wp-json\/wp\/v2\/media?parent=908529"}],"wp:term":[{"taxonomy":"category","embeddable":true,"href":"https:\/\/www.eldigitaldeasturias.com\/noticias\/wp-json\/wp\/v2\/categories?post=908529"},{"taxonomy":"post_tag","embeddable":true,"href":"https:\/\/www.eldigitaldeasturias.com\/noticias\/wp-json\/wp\/v2\/tags?post=908529"}],"curies":[{"name":"wp","href":"https:\/\/api.w.org\/{rel}","templated":true}]}}