{"id":908526,"date":"2016-09-19T23:19:36","date_gmt":"2016-09-19T22:19:36","guid":{"rendered":"http:\/\/www.eldigitaldeasturias.com\/noticias\/?p=908526"},"modified":"2016-09-19T23:19:36","modified_gmt":"2016-09-19T22:19:36","slug":"el-oso-pardo-de-moal-murio-debido-a-un-disparo","status":"publish","type":"post","link":"https:\/\/www.eldigitaldeasturias.com\/noticias\/el-oso-pardo-de-moal-murio-debido-a-un-disparo\/","title":{"rendered":"El oso pardo de Moal muri\u00f3 debido a un disparo"},"content":{"rendered":"<p><img loading=\"lazy\" decoding=\"async\" class=\"alignleft size-medium wp-image-908527\" src=\"https:\/\/www.eldigitaldeasturias.com\/noticias\/wp-content\/uploads\/2016\/09\/fotonoticia_20160919134240_800-360x270.jpg\" alt=\"fotonoticia_20160919134240_800\" width=\"360\" height=\"270\" srcset=\"https:\/\/www.eldigitaldeasturias.com\/noticias\/wp-content\/uploads\/2016\/09\/fotonoticia_20160919134240_800-360x270.jpg 360w, https:\/\/www.eldigitaldeasturias.com\/noticias\/wp-content\/uploads\/2016\/09\/fotonoticia_20160919134240_800-768x576.jpg 768w, https:\/\/www.eldigitaldeasturias.com\/noticias\/wp-content\/uploads\/2016\/09\/fotonoticia_20160919134240_800-650x488.jpg 650w, https:\/\/www.eldigitaldeasturias.com\/noticias\/wp-content\/uploads\/2016\/09\/fotonoticia_20160919134240_800-125x95.jpg 125w, https:\/\/www.eldigitaldeasturias.com\/noticias\/wp-content\/uploads\/2016\/09\/fotonoticia_20160919134240_800-100x75.jpg 100w, https:\/\/www.eldigitaldeasturias.com\/noticias\/wp-content\/uploads\/2016\/09\/fotonoticia_20160919134240_800.jpg 800w\" sizes=\"auto, (max-width: 360px) 100vw, 360px\" \/>La necropsia practicada al oso pardo cant\u00e1brico hallado en Moal (Cangas del Narcea) confirma que su muerte se produjo por una intensa hemorragia interna causada por un disparo de arma de fuego.<\/p>\n<p>El examen, dirigido por Juan Francisco Garc\u00eda Mar\u00edn, catedr\u00e1tico de Anatom\u00eda Patol\u00f3gica de la Facultad de Veterinaria de la Universidad de Le\u00f3n, se\u00f1ala que el proyectil penetr\u00f3 por el costado izquierdo del ejemplar, a la altura de la duod\u00e9cima costilla, y se aloj\u00f3 en el h\u00edgado \u00abprovocando una intensa hemorragia interna, que se producir\u00eda de forma progresiva, y posible shock hipovol\u00e9mico\u00bb.<\/p>\n<p>El cad\u00e1ver del animal, un adulto macho joven de 102 kilos de peso, fue hallado en la tarde del 9 de septiembre y la necropsia se llev\u00f3 a cabo durante la ma\u00f1ana siguiente, el 10 de septiembre, en la Facultad de Veterinaria de Le\u00f3n. Los especialistas consideran que el plant\u00edgrado muri\u00f3 entre las 6.00 y las 13.00 horas del d\u00eda 9.<\/p>\n<p>El estudio, en el que tambi\u00e9n participaron veterinarios de la Direcci\u00f3n General de Recursos Naturales y del Servicio Regional de Investigaci\u00f3n y Desarrollo Alimentario (Serida), refleja que el oso falleci\u00f3 entre una y dos horas despu\u00e9s de recibir el disparo.<\/p>\n<p>&nbsp;<\/p>\n<p>&nbsp;<\/p>\n","protected":false},"excerpt":{"rendered":"<p>La necropsia practicada al oso pardo cant\u00e1brico hallado en Moal (Cangas del Narcea) confirma que su muerte se produjo por una intensa hemorragia interna causada por un disparo de arma de fuego. El examen, dirigido por Juan Francisco Garc\u00eda Mar\u00edn, catedr\u00e1tico de Anatom\u00eda Patol\u00f3gica de la Facultad de Veterinaria de la Universidad de Le\u00f3n, se\u00f1ala [&hellip;]<\/p>\n","protected":false},"author":1,"featured_media":908527,"comment_status":"closed","ping_status":"closed","sticky":false,"template":"","format":"standard","meta":{"footnotes":""},"categories":[28],"tags":[],"class_list":["post-908526","post","type-post","status-publish","format-standard","has-post-thumbnail","hentry","category-sociedad"],"aioseo_notices":[],"aioseo_head":"\n\t\t<!-- All in One SEO Pro 4.9.6.2 - aioseo.com -->\n\t<meta name=\"description\" content=\"La necropsia practicada al oso pardo cant\u00e1brico hallado en Moal (Cangas del Narcea) confirma que su muerte se produjo por una intensa hemorragia interna causada por un disparo de arma de fuego. El examen, dirigido por Juan Francisco Garc\u00eda Mar\u00edn, catedr\u00e1tico de Anatom\u00eda Patol\u00f3gica de la Facultad de Veterinaria de la Universidad de Le\u00f3n, se\u00f1ala\" \/>\n\t<meta name=\"robots\" content=\"max-image-preview:large\" \/>\n\t<meta name=\"author\" content=\"El Digital de Asturias\"\/>\n\t<meta name=\"google-site-verification\" content=\"UA-38556648-1\" \/>\n\t<meta name=\"msvalidate.01\" content=\"7dfe9f3f1b24437ab69f4f2559babe99\" \/>\n\t<meta name=\"keywords\" content=\"sociedad\" \/>\n\t<link rel=\"canonical\" href=\"https:\/\/www.eldigitaldeasturias.com\/noticias\/el-oso-pardo-de-moal-murio-debido-a-un-disparo\/\" \/>\n\t<meta name=\"generator\" content=\"All in One SEO Pro (AIOSEO) 4.9.6.2\" \/>\n\t\t<meta property=\"og:locale\" content=\"es_ES\" \/>\n\t\t<meta property=\"og:site_name\" content=\"El Digital de Asturias\" \/>\n\t\t<meta property=\"og:type\" content=\"article\" \/>\n\t\t<meta property=\"og:title\" content=\"El oso pardo de Moal muri\u00f3 debido a un disparo - El Digital de Asturias\" \/>\n\t\t<meta property=\"og:description\" content=\"La necropsia practicada al oso pardo cant\u00e1brico hallado en Moal (Cangas del Narcea) confirma que su muerte se produjo por una intensa hemorragia interna causada por un disparo de arma de fuego. El examen, dirigido por Juan Francisco Garc\u00eda Mar\u00edn, catedr\u00e1tico de Anatom\u00eda Patol\u00f3gica de la Facultad de Veterinaria de la Universidad de Le\u00f3n, se\u00f1ala\" \/>\n\t\t<meta property=\"og:url\" content=\"https:\/\/www.eldigitaldeasturias.com\/noticias\/el-oso-pardo-de-moal-murio-debido-a-un-disparo\/\" \/>\n\t\t<meta property=\"og:image\" content=\"https:\/\/www.eldigitaldeasturias.com\/noticias\/wp-content\/uploads\/2016\/09\/fotonoticia_20160919134240_800.jpg\" \/>\n\t\t<meta property=\"og:image:secure_url\" content=\"https:\/\/www.eldigitaldeasturias.com\/noticias\/wp-content\/uploads\/2016\/09\/fotonoticia_20160919134240_800.jpg\" \/>\n\t\t<meta property=\"og:image:width\" content=\"800\" \/>\n\t\t<meta property=\"og:image:height\" content=\"600\" \/>\n\t\t<meta property=\"article:tag\" content=\"sociedad\" \/>\n\t\t<meta property=\"article:published_time\" content=\"2016-09-19T22:19:36+00:00\" \/>\n\t\t<meta property=\"article:modified_time\" content=\"2016-09-19T22:19:36+00:00\" \/>\n\t\t<meta property=\"article:publisher\" content=\"https:\/\/facebook.com\/eldigitaldeasturias\" \/>\n\t\t<meta name=\"twitter:card\" content=\"summary_large_image\" \/>\n\t\t<meta name=\"twitter:title\" content=\"El oso pardo de Moal muri\u00f3 debido a un disparo - El Digital de Asturias\" \/>\n\t\t<meta name=\"twitter:description\" content=\"La necropsia practicada al oso pardo cant\u00e1brico hallado en Moal (Cangas del Narcea) confirma que su muerte se produjo por una intensa hemorragia interna causada por un disparo de arma de fuego. El examen, dirigido por Juan Francisco Garc\u00eda Mar\u00edn, catedr\u00e1tico de Anatom\u00eda Patol\u00f3gica de la Facultad de Veterinaria de la Universidad de Le\u00f3n, se\u00f1ala\" \/>\n\t\t<meta name=\"twitter:image\" content=\"https:\/\/www.eldigitaldeasturias.com\/noticias\/wp-content\/uploads\/2016\/09\/fotonoticia_20160919134240_800.jpg\" \/>\n\t\t<meta name=\"twitter:label1\" content=\"Escrito por\" \/>\n\t\t<meta name=\"twitter:data1\" content=\"El Digital de Asturias\" \/>\n\t\t<meta name=\"twitter:label2\" content=\"Tiempo de lectura estimado\" \/>\n\t\t<meta name=\"twitter:data2\" content=\"1 minuto\" \/>\n\t\t<script type=\"application\/ld+json\" class=\"aioseo-schema\">\n\t\t\t{\"@context\":\"https:\\\/\\\/schema.org\",\"@graph\":[{\"@type\":\"BlogPosting\",\"@id\":\"https:\\\/\\\/www.eldigitaldeasturias.com\\\/noticias\\\/el-oso-pardo-de-moal-murio-debido-a-un-disparo\\\/#blogposting\",\"name\":\"El oso pardo de Moal muri\\u00f3 debido a un disparo - El Digital de Asturias\",\"headline\":\"El oso pardo de Moal muri\\u00f3 debido a un disparo\",\"author\":{\"@id\":\"https:\\\/\\\/www.eldigitaldeasturias.com\\\/noticias\\\/author\\\/admin\\\/#author\"},\"publisher\":{\"@id\":\"https:\\\/\\\/www.eldigitaldeasturias.com\\\/noticias\\\/#organization\"},\"image\":{\"@type\":\"ImageObject\",\"url\":\"https:\\\/\\\/www.eldigitaldeasturias.com\\\/noticias\\\/wp-content\\\/uploads\\\/2016\\\/09\\\/fotonoticia_20160919134240_800.jpg\",\"width\":800,\"height\":600},\"datePublished\":\"2016-09-19T23:19:36+02:00\",\"dateModified\":\"2016-09-19T23:19:36+02:00\",\"inLanguage\":\"es-ES\",\"mainEntityOfPage\":{\"@id\":\"https:\\\/\\\/www.eldigitaldeasturias.com\\\/noticias\\\/el-oso-pardo-de-moal-murio-debido-a-un-disparo\\\/#webpage\"},\"isPartOf\":{\"@id\":\"https:\\\/\\\/www.eldigitaldeasturias.com\\\/noticias\\\/el-oso-pardo-de-moal-murio-debido-a-un-disparo\\\/#webpage\"},\"articleSection\":\"Sociedad\"},{\"@type\":\"BreadcrumbList\",\"@id\":\"https:\\\/\\\/www.eldigitaldeasturias.com\\\/noticias\\\/el-oso-pardo-de-moal-murio-debido-a-un-disparo\\\/#breadcrumblist\",\"itemListElement\":[{\"@type\":\"ListItem\",\"@id\":\"https:\\\/\\\/www.eldigitaldeasturias.com\\\/noticias#listItem\",\"position\":1,\"name\":\"Home\",\"item\":\"https:\\\/\\\/www.eldigitaldeasturias.com\\\/noticias\",\"nextItem\":{\"@type\":\"ListItem\",\"@id\":\"https:\\\/\\\/www.eldigitaldeasturias.com\\\/noticias\\\/category\\\/sociedad\\\/#listItem\",\"name\":\"Sociedad\"}},{\"@type\":\"ListItem\",\"@id\":\"https:\\\/\\\/www.eldigitaldeasturias.com\\\/noticias\\\/category\\\/sociedad\\\/#listItem\",\"position\":2,\"name\":\"Sociedad\",\"item\":\"https:\\\/\\\/www.eldigitaldeasturias.com\\\/noticias\\\/category\\\/sociedad\\\/\",\"nextItem\":{\"@type\":\"ListItem\",\"@id\":\"https:\\\/\\\/www.eldigitaldeasturias.com\\\/noticias\\\/el-oso-pardo-de-moal-murio-debido-a-un-disparo\\\/#listItem\",\"name\":\"El oso pardo de Moal muri\\u00f3 debido a un disparo\"},\"previousItem\":{\"@type\":\"ListItem\",\"@id\":\"https:\\\/\\\/www.eldigitaldeasturias.com\\\/noticias#listItem\",\"name\":\"Home\"}},{\"@type\":\"ListItem\",\"@id\":\"https:\\\/\\\/www.eldigitaldeasturias.com\\\/noticias\\\/el-oso-pardo-de-moal-murio-debido-a-un-disparo\\\/#listItem\",\"position\":3,\"name\":\"El oso pardo de Moal muri\\u00f3 debido a un disparo\",\"previousItem\":{\"@type\":\"ListItem\",\"@id\":\"https:\\\/\\\/www.eldigitaldeasturias.com\\\/noticias\\\/category\\\/sociedad\\\/#listItem\",\"name\":\"Sociedad\"}}]},{\"@type\":\"Organization\",\"@id\":\"https:\\\/\\\/www.eldigitaldeasturias.com\\\/noticias\\\/#organization\",\"name\":\"El Digital de Asturias\",\"description\":\"Hemeroteca\",\"url\":\"https:\\\/\\\/www.eldigitaldeasturias.com\\\/noticias\\\/\",\"email\":\"info@eldigitaldeasturias.com\",\"telephone\":\"+34652131393\",\"logo\":{\"@type\":\"ImageObject\",\"url\":\"https:\\\/\\\/www.eldigitaldeasturias.com\\\/noticias\\\/wp-content\\\/uploads\\\/2020\\\/12\\\/EDA.jpg\",\"@id\":\"https:\\\/\\\/www.eldigitaldeasturias.com\\\/noticias\\\/el-oso-pardo-de-moal-murio-debido-a-un-disparo\\\/#organizationLogo\",\"width\":649,\"height\":297},\"image\":{\"@id\":\"https:\\\/\\\/www.eldigitaldeasturias.com\\\/noticias\\\/el-oso-pardo-de-moal-murio-debido-a-un-disparo\\\/#organizationLogo\"},\"sameAs\":[\"https:\\\/\\\/facebook.com\\\/eldigitaldeasturias\",\"https:\\\/\\\/www.youtube.com\\\/channel\\\/UCZP-2wLEB9Rv6erhFmqVnvg\"],\"address\":{\"@id\":\"https:\\\/\\\/www.eldigitaldeasturias.com\\\/noticias\\\/#postaladdress\",\"@type\":\"PostalAddress\",\"streetAddress\":\"san antonio 4,\",\"postalCode\":\"33430\",\"addressLocality\":\"Cand\\u00e1s\",\"addressRegion\":\"Asturias\",\"addressCountry\":\"ES\"}},{\"@type\":\"Person\",\"@id\":\"https:\\\/\\\/www.eldigitaldeasturias.com\\\/noticias\\\/author\\\/admin\\\/#author\",\"url\":\"https:\\\/\\\/www.eldigitaldeasturias.com\\\/noticias\\\/author\\\/admin\\\/\",\"name\":\"El Digital de Asturias\",\"image\":{\"@type\":\"ImageObject\",\"@id\":\"https:\\\/\\\/www.eldigitaldeasturias.com\\\/noticias\\\/el-oso-pardo-de-moal-murio-debido-a-un-disparo\\\/#authorImage\",\"url\":\"https:\\\/\\\/www.eldigitaldeasturias.com\\\/noticias\\\/wp-content\\\/litespeed\\\/avatar\\\/18677e78aa0546b92d9dbf31ec7d7668.jpg?ver=1777290358\",\"width\":96,\"height\":96,\"caption\":\"El Digital de Asturias\"}},{\"@type\":\"WebPage\",\"@id\":\"https:\\\/\\\/www.eldigitaldeasturias.com\\\/noticias\\\/el-oso-pardo-de-moal-murio-debido-a-un-disparo\\\/#webpage\",\"url\":\"https:\\\/\\\/www.eldigitaldeasturias.com\\\/noticias\\\/el-oso-pardo-de-moal-murio-debido-a-un-disparo\\\/\",\"name\":\"El oso pardo de Moal muri\\u00f3 debido a un disparo - El Digital de Asturias\",\"description\":\"La necropsia practicada al oso pardo cant\\u00e1brico hallado en Moal (Cangas del Narcea) confirma que su muerte se produjo por una intensa hemorragia interna causada por un disparo de arma de fuego. El examen, dirigido por Juan Francisco Garc\\u00eda Mar\\u00edn, catedr\\u00e1tico de Anatom\\u00eda Patol\\u00f3gica de la Facultad de Veterinaria de la Universidad de Le\\u00f3n, se\\u00f1ala\",\"inLanguage\":\"es-ES\",\"isPartOf\":{\"@id\":\"https:\\\/\\\/www.eldigitaldeasturias.com\\\/noticias\\\/#website\"},\"breadcrumb\":{\"@id\":\"https:\\\/\\\/www.eldigitaldeasturias.com\\\/noticias\\\/el-oso-pardo-de-moal-murio-debido-a-un-disparo\\\/#breadcrumblist\"},\"author\":{\"@id\":\"https:\\\/\\\/www.eldigitaldeasturias.com\\\/noticias\\\/author\\\/admin\\\/#author\"},\"creator\":{\"@id\":\"https:\\\/\\\/www.eldigitaldeasturias.com\\\/noticias\\\/author\\\/admin\\\/#author\"},\"image\":{\"@type\":\"ImageObject\",\"url\":\"https:\\\/\\\/www.eldigitaldeasturias.com\\\/noticias\\\/wp-content\\\/uploads\\\/2016\\\/09\\\/fotonoticia_20160919134240_800.jpg\",\"@id\":\"https:\\\/\\\/www.eldigitaldeasturias.com\\\/noticias\\\/el-oso-pardo-de-moal-murio-debido-a-un-disparo\\\/#mainImage\",\"width\":800,\"height\":600},\"primaryImageOfPage\":{\"@id\":\"https:\\\/\\\/www.eldigitaldeasturias.com\\\/noticias\\\/el-oso-pardo-de-moal-murio-debido-a-un-disparo\\\/#mainImage\"},\"datePublished\":\"2016-09-19T23:19:36+02:00\",\"dateModified\":\"2016-09-19T23:19:36+02:00\"},{\"@type\":\"WebSite\",\"@id\":\"https:\\\/\\\/www.eldigitaldeasturias.com\\\/noticias\\\/#website\",\"url\":\"https:\\\/\\\/www.eldigitaldeasturias.com\\\/noticias\\\/\",\"name\":\"El Digital de Asturias - Diario de actualidad y noticias\",\"alternateName\":\"El Digital de Asturias - Diario de actualidad y noticias\",\"description\":\"Hemeroteca\",\"inLanguage\":\"es-ES\",\"publisher\":{\"@id\":\"https:\\\/\\\/www.eldigitaldeasturias.com\\\/noticias\\\/#organization\"}}]}\n\t\t<\/script>\n\t\t<!-- All in One SEO Pro -->\r\n\t\t<title>El oso pardo de Moal muri\u00f3 debido a un disparo - El Digital de Asturias<\/title>\n\n","aioseo_head_json":{"title":"El oso pardo de Moal muri\u00f3 debido a un disparo - El Digital de Asturias","description":"La necropsia practicada al oso pardo cant\u00e1brico hallado en Moal (Cangas del Narcea) confirma que su muerte se produjo por una intensa hemorragia interna causada por un disparo de arma de fuego. El examen, dirigido por Juan Francisco Garc\u00eda Mar\u00edn, catedr\u00e1tico de Anatom\u00eda Patol\u00f3gica de la Facultad de Veterinaria de la Universidad de Le\u00f3n, se\u00f1ala","canonical_url":"https:\/\/www.eldigitaldeasturias.com\/noticias\/el-oso-pardo-de-moal-murio-debido-a-un-disparo\/","robots":"max-image-preview:large","keywords":"sociedad","webmasterTools":{"google-site-verification":"UA-38556648-1","msvalidate.01":"7dfe9f3f1b24437ab69f4f2559babe99","miscellaneous":""},"schema":{"@context":"https:\/\/schema.org","@graph":[{"@type":"BlogPosting","@id":"https:\/\/www.eldigitaldeasturias.com\/noticias\/el-oso-pardo-de-moal-murio-debido-a-un-disparo\/#blogposting","name":"El oso pardo de Moal muri\u00f3 debido a un disparo - El Digital de Asturias","headline":"El oso pardo de Moal muri\u00f3 debido a un disparo","author":{"@id":"https:\/\/www.eldigitaldeasturias.com\/noticias\/author\/admin\/#author"},"publisher":{"@id":"https:\/\/www.eldigitaldeasturias.com\/noticias\/#organization"},"image":{"@type":"ImageObject","url":"https:\/\/www.eldigitaldeasturias.com\/noticias\/wp-content\/uploads\/2016\/09\/fotonoticia_20160919134240_800.jpg","width":800,"height":600},"datePublished":"2016-09-19T23:19:36+02:00","dateModified":"2016-09-19T23:19:36+02:00","inLanguage":"es-ES","mainEntityOfPage":{"@id":"https:\/\/www.eldigitaldeasturias.com\/noticias\/el-oso-pardo-de-moal-murio-debido-a-un-disparo\/#webpage"},"isPartOf":{"@id":"https:\/\/www.eldigitaldeasturias.com\/noticias\/el-oso-pardo-de-moal-murio-debido-a-un-disparo\/#webpage"},"articleSection":"Sociedad"},{"@type":"BreadcrumbList","@id":"https:\/\/www.eldigitaldeasturias.com\/noticias\/el-oso-pardo-de-moal-murio-debido-a-un-disparo\/#breadcrumblist","itemListElement":[{"@type":"ListItem","@id":"https:\/\/www.eldigitaldeasturias.com\/noticias#listItem","position":1,"name":"Home","item":"https:\/\/www.eldigitaldeasturias.com\/noticias","nextItem":{"@type":"ListItem","@id":"https:\/\/www.eldigitaldeasturias.com\/noticias\/category\/sociedad\/#listItem","name":"Sociedad"}},{"@type":"ListItem","@id":"https:\/\/www.eldigitaldeasturias.com\/noticias\/category\/sociedad\/#listItem","position":2,"name":"Sociedad","item":"https:\/\/www.eldigitaldeasturias.com\/noticias\/category\/sociedad\/","nextItem":{"@type":"ListItem","@id":"https:\/\/www.eldigitaldeasturias.com\/noticias\/el-oso-pardo-de-moal-murio-debido-a-un-disparo\/#listItem","name":"El oso pardo de Moal muri\u00f3 debido a un disparo"},"previousItem":{"@type":"ListItem","@id":"https:\/\/www.eldigitaldeasturias.com\/noticias#listItem","name":"Home"}},{"@type":"ListItem","@id":"https:\/\/www.eldigitaldeasturias.com\/noticias\/el-oso-pardo-de-moal-murio-debido-a-un-disparo\/#listItem","position":3,"name":"El oso pardo de Moal muri\u00f3 debido a un disparo","previousItem":{"@type":"ListItem","@id":"https:\/\/www.eldigitaldeasturias.com\/noticias\/category\/sociedad\/#listItem","name":"Sociedad"}}]},{"@type":"Organization","@id":"https:\/\/www.eldigitaldeasturias.com\/noticias\/#organization","name":"El Digital de Asturias","description":"Hemeroteca","url":"https:\/\/www.eldigitaldeasturias.com\/noticias\/","email":"info@eldigitaldeasturias.com","telephone":"+34652131393","logo":{"@type":"ImageObject","url":"https:\/\/www.eldigitaldeasturias.com\/noticias\/wp-content\/uploads\/2020\/12\/EDA.jpg","@id":"https:\/\/www.eldigitaldeasturias.com\/noticias\/el-oso-pardo-de-moal-murio-debido-a-un-disparo\/#organizationLogo","width":649,"height":297},"image":{"@id":"https:\/\/www.eldigitaldeasturias.com\/noticias\/el-oso-pardo-de-moal-murio-debido-a-un-disparo\/#organizationLogo"},"sameAs":["https:\/\/facebook.com\/eldigitaldeasturias","https:\/\/www.youtube.com\/channel\/UCZP-2wLEB9Rv6erhFmqVnvg"],"address":{"@id":"https:\/\/www.eldigitaldeasturias.com\/noticias\/#postaladdress","@type":"PostalAddress","streetAddress":"san antonio 4,","postalCode":"33430","addressLocality":"Cand\u00e1s","addressRegion":"Asturias","addressCountry":"ES"}},{"@type":"Person","@id":"https:\/\/www.eldigitaldeasturias.com\/noticias\/author\/admin\/#author","url":"https:\/\/www.eldigitaldeasturias.com\/noticias\/author\/admin\/","name":"El Digital de Asturias","image":{"@type":"ImageObject","@id":"https:\/\/www.eldigitaldeasturias.com\/noticias\/el-oso-pardo-de-moal-murio-debido-a-un-disparo\/#authorImage","url":"https:\/\/www.eldigitaldeasturias.com\/noticias\/wp-content\/litespeed\/avatar\/18677e78aa0546b92d9dbf31ec7d7668.jpg?ver=1777290358","width":96,"height":96,"caption":"El Digital de Asturias"}},{"@type":"WebPage","@id":"https:\/\/www.eldigitaldeasturias.com\/noticias\/el-oso-pardo-de-moal-murio-debido-a-un-disparo\/#webpage","url":"https:\/\/www.eldigitaldeasturias.com\/noticias\/el-oso-pardo-de-moal-murio-debido-a-un-disparo\/","name":"El oso pardo de Moal muri\u00f3 debido a un disparo - El Digital de Asturias","description":"La necropsia practicada al oso pardo cant\u00e1brico hallado en Moal (Cangas del Narcea) confirma que su muerte se produjo por una intensa hemorragia interna causada por un disparo de arma de fuego. El examen, dirigido por Juan Francisco Garc\u00eda Mar\u00edn, catedr\u00e1tico de Anatom\u00eda Patol\u00f3gica de la Facultad de Veterinaria de la Universidad de Le\u00f3n, se\u00f1ala","inLanguage":"es-ES","isPartOf":{"@id":"https:\/\/www.eldigitaldeasturias.com\/noticias\/#website"},"breadcrumb":{"@id":"https:\/\/www.eldigitaldeasturias.com\/noticias\/el-oso-pardo-de-moal-murio-debido-a-un-disparo\/#breadcrumblist"},"author":{"@id":"https:\/\/www.eldigitaldeasturias.com\/noticias\/author\/admin\/#author"},"creator":{"@id":"https:\/\/www.eldigitaldeasturias.com\/noticias\/author\/admin\/#author"},"image":{"@type":"ImageObject","url":"https:\/\/www.eldigitaldeasturias.com\/noticias\/wp-content\/uploads\/2016\/09\/fotonoticia_20160919134240_800.jpg","@id":"https:\/\/www.eldigitaldeasturias.com\/noticias\/el-oso-pardo-de-moal-murio-debido-a-un-disparo\/#mainImage","width":800,"height":600},"primaryImageOfPage":{"@id":"https:\/\/www.eldigitaldeasturias.com\/noticias\/el-oso-pardo-de-moal-murio-debido-a-un-disparo\/#mainImage"},"datePublished":"2016-09-19T23:19:36+02:00","dateModified":"2016-09-19T23:19:36+02:00"},{"@type":"WebSite","@id":"https:\/\/www.eldigitaldeasturias.com\/noticias\/#website","url":"https:\/\/www.eldigitaldeasturias.com\/noticias\/","name":"El Digital de Asturias - Diario de actualidad y noticias","alternateName":"El Digital de Asturias - Diario de actualidad y noticias","description":"Hemeroteca","inLanguage":"es-ES","publisher":{"@id":"https:\/\/www.eldigitaldeasturias.com\/noticias\/#organization"}}]},"og:locale":"es_ES","og:site_name":"El Digital de Asturias","og:type":"article","og:title":"El oso pardo de Moal muri\u00f3 debido a un disparo - El Digital de Asturias","og:description":"La necropsia practicada al oso pardo cant\u00e1brico hallado en Moal (Cangas del Narcea) confirma que su muerte se produjo por una intensa hemorragia interna causada por un disparo de arma de fuego. El examen, dirigido por Juan Francisco Garc\u00eda Mar\u00edn, catedr\u00e1tico de Anatom\u00eda Patol\u00f3gica de la Facultad de Veterinaria de la Universidad de Le\u00f3n, se\u00f1ala","og:url":"https:\/\/www.eldigitaldeasturias.com\/noticias\/el-oso-pardo-de-moal-murio-debido-a-un-disparo\/","og:image":"https:\/\/www.eldigitaldeasturias.com\/noticias\/wp-content\/uploads\/2016\/09\/fotonoticia_20160919134240_800.jpg","og:image:secure_url":"https:\/\/www.eldigitaldeasturias.com\/noticias\/wp-content\/uploads\/2016\/09\/fotonoticia_20160919134240_800.jpg","og:image:width":800,"og:image:height":600,"article:tag":["sociedad"],"article:published_time":"2016-09-19T22:19:36+00:00","article:modified_time":"2016-09-19T22:19:36+00:00","article:publisher":"https:\/\/facebook.com\/eldigitaldeasturias","twitter:card":"summary_large_image","twitter:title":"El oso pardo de Moal muri\u00f3 debido a un disparo - El Digital de Asturias","twitter:description":"La necropsia practicada al oso pardo cant\u00e1brico hallado en Moal (Cangas del Narcea) confirma que su muerte se produjo por una intensa hemorragia interna causada por un disparo de arma de fuego. El examen, dirigido por Juan Francisco Garc\u00eda Mar\u00edn, catedr\u00e1tico de Anatom\u00eda Patol\u00f3gica de la Facultad de Veterinaria de la Universidad de Le\u00f3n, se\u00f1ala","twitter:image":"https:\/\/www.eldigitaldeasturias.com\/noticias\/wp-content\/uploads\/2016\/09\/fotonoticia_20160919134240_800.jpg","twitter:label1":"Escrito por","twitter:data1":"El Digital de Asturias","twitter:label2":"Tiempo de lectura estimado","twitter:data2":"1 minuto"},"aioseo_meta_data":{"post_id":"908526","title":null,"description":null,"keywords":null,"keyphrases":null,"primary_term":null,"canonical_url":null,"og_title":null,"og_description":null,"og_object_type":"default","og_image_type":"default","og_image_url":null,"og_image_width":null,"og_image_height":null,"og_image_custom_url":null,"og_image_custom_fields":null,"og_video":null,"og_custom_url":null,"og_article_section":null,"og_article_tags":null,"twitter_use_og":false,"twitter_card":"default","twitter_image_type":"default","twitter_image_url":null,"twitter_image_custom_url":null,"twitter_image_custom_fields":null,"twitter_title":null,"twitter_description":null,"schema":{"blockGraphs":[],"customGraphs":[],"default":{"data":{"Article":[],"Course":[],"Dataset":[],"FAQPage":[],"Movie":[],"Person":[],"Product":[],"ProductReview":[],"Car":[],"Recipe":[],"Service":[],"SoftwareApplication":[],"WebPage":[]},"graphName":"","isEnabled":true},"graphs":[],"defaultGraph":"","defaultPostTypeGraph":""},"schema_type":null,"schema_type_options":null,"pillar_content":false,"robots_default":true,"robots_noindex":false,"robots_noarchive":false,"robots_nosnippet":false,"robots_nofollow":false,"robots_noimageindex":false,"robots_noodp":false,"robots_notranslate":false,"robots_max_snippet":null,"robots_max_videopreview":null,"robots_max_imagepreview":"large","priority":null,"frequency":null,"local_seo":null,"seo_analyzer_scan_date":"2025-11-30 16:26:19","breadcrumb_settings":null,"limit_modified_date":false,"open_ai":null,"ai":null,"created":"2020-12-21 14:00:05","updated":"2025-11-30 16:26:19"},"aioseo_breadcrumb":"<div class=\"aioseo-breadcrumbs\"><span class=\"aioseo-breadcrumb\">\n\t<a href=\"https:\/\/www.eldigitaldeasturias.com\/noticias\" title=\"Home\">Home<\/a>\n<\/span><span class=\"aioseo-breadcrumb-separator\">\u2013<\/span><span class=\"aioseo-breadcrumb\">\n\t<a href=\"https:\/\/www.eldigitaldeasturias.com\/noticias\/category\/sociedad\/\" title=\"Sociedad\">Sociedad<\/a>\n<\/span><span class=\"aioseo-breadcrumb-separator\">\u2013<\/span><span class=\"aioseo-breadcrumb\">\n\t<a href=\"https:\/\/www.eldigitaldeasturias.com\/noticias\/el-oso-pardo-de-moal-murio-debido-a-un-disparo\/\" title=\"El oso pardo de Moal muri\u00f3 debido a un disparo\">El oso pardo de Moal muri\u00f3 debido a un disparo<\/a>\n<\/span><\/div>","aioseo_breadcrumb_json":[{"label":"Home","link":"https:\/\/www.eldigitaldeasturias.com\/noticias"},{"label":"Sociedad","link":"https:\/\/www.eldigitaldeasturias.com\/noticias\/category\/sociedad\/"},{"label":"El oso pardo de Moal muri\u00f3 debido a un disparo","link":"https:\/\/www.eldigitaldeasturias.com\/noticias\/el-oso-pardo-de-moal-murio-debido-a-un-disparo\/"}],"_links":{"self":[{"href":"https:\/\/www.eldigitaldeasturias.com\/noticias\/wp-json\/wp\/v2\/posts\/908526","targetHints":{"allow":["GET"]}}],"collection":[{"href":"https:\/\/www.eldigitaldeasturias.com\/noticias\/wp-json\/wp\/v2\/posts"}],"about":[{"href":"https:\/\/www.eldigitaldeasturias.com\/noticias\/wp-json\/wp\/v2\/types\/post"}],"author":[{"embeddable":true,"href":"https:\/\/www.eldigitaldeasturias.com\/noticias\/wp-json\/wp\/v2\/users\/1"}],"replies":[{"embeddable":true,"href":"https:\/\/www.eldigitaldeasturias.com\/noticias\/wp-json\/wp\/v2\/comments?post=908526"}],"version-history":[{"count":0,"href":"https:\/\/www.eldigitaldeasturias.com\/noticias\/wp-json\/wp\/v2\/posts\/908526\/revisions"}],"wp:featuredmedia":[{"embeddable":true,"href":"https:\/\/www.eldigitaldeasturias.com\/noticias\/wp-json\/wp\/v2\/media\/908527"}],"wp:attachment":[{"href":"https:\/\/www.eldigitaldeasturias.com\/noticias\/wp-json\/wp\/v2\/media?parent=908526"}],"wp:term":[{"taxonomy":"category","embeddable":true,"href":"https:\/\/www.eldigitaldeasturias.com\/noticias\/wp-json\/wp\/v2\/categories?post=908526"},{"taxonomy":"post_tag","embeddable":true,"href":"https:\/\/www.eldigitaldeasturias.com\/noticias\/wp-json\/wp\/v2\/tags?post=908526"}],"curies":[{"name":"wp","href":"https:\/\/api.w.org\/{rel}","templated":true}]}}