{"id":908522,"date":"2016-09-19T23:14:39","date_gmt":"2016-09-19T22:14:39","guid":{"rendered":"http:\/\/www.eldigitaldeasturias.com\/noticias\/?p=908522"},"modified":"2016-09-19T23:14:39","modified_gmt":"2016-09-19T22:14:39","slug":"festival-musical-miranda-portugal-en-aviles","status":"publish","type":"post","link":"https:\/\/www.eldigitaldeasturias.com\/noticias\/festival-musical-miranda-portugal-en-aviles\/","title":{"rendered":"Festival \u201cMusical Miranda-Portugal\u201d en Avil\u00e9s"},"content":{"rendered":"<p><img loading=\"lazy\" decoding=\"async\" class=\"alignleft size-medium wp-image-785778\" src=\"https:\/\/www.eldigitaldeasturias.com\/noticias\/wp-content\/uploads\/2015\/05\/aviles1-360x241.jpg\" alt=\"aviles\" width=\"360\" height=\"241\" srcset=\"https:\/\/www.eldigitaldeasturias.com\/noticias\/wp-content\/uploads\/2015\/05\/aviles1-360x241.jpg 360w, https:\/\/www.eldigitaldeasturias.com\/noticias\/wp-content\/uploads\/2015\/05\/aviles1-768x515.jpg 768w, https:\/\/www.eldigitaldeasturias.com\/noticias\/wp-content\/uploads\/2015\/05\/aviles1-650x436.jpg 650w, https:\/\/www.eldigitaldeasturias.com\/noticias\/wp-content\/uploads\/2015\/05\/aviles1.jpg 800w\" sizes=\"auto, (max-width: 360px) 100vw, 360px\" \/>La Casa de Cultura de Avil\u00e9s acoger\u00e1 el pr\u00f3ximo s\u00e1bado, desde las 20 horas, el festival &#8216;Musical Miranda-Portugal&#8217;, organizado por el Grupo de Canto &#8216;Amigos de Miranda, en que participar\u00e1n dos bandas portuguesas, dos avilesinas y la propia entidad organizadora. Por la ma\u00f1ana, ese mismo d\u00eda, las formaciones del pa\u00eds vecino ser\u00e1n recibidas en el Ayuntamiento por la concejal de Cultura, Yolanda Alonso, encargada de presentar este lunes el evento junto a miembros de la directiva de &#8216;Amigos de Miranda&#8217;.<\/p>\n<p>El festival nace a modo de intercambio cultural tras el viaje que &#8216;Amigos de Miranda&#8217; realiz\u00f3 el pasado mes de abril a Portugal donde actu\u00f3, junto con los tambi\u00e9n avilesinos m\u00fasicos de &#8216;La Garrapiella&#8217;, en la localidad de \u00c1gueda. Fueron invitados por la Asociaci\u00f3n Recreativa y Cultural de Arcel &#8216;Espinhel&#8217;.<\/p>\n<p>Como respuesta a aquella invitaci\u00f3n en Avil\u00e9s actuar\u00e1n el s\u00e1bado los portugueses &#8216;Animatus Band&#8217; y &#8216;Coro Jovem&#8217;, adem\u00e1s de &#8216;Bandina La Garrapiella&#8217;, &#8216;Grupo Nostalgi&#8217;a y el propio Grupo de Canto &#8216;Amigos de Miranda&#8217;. La entrada es libre y gratuita<\/p>\n<p>&nbsp;<\/p>\n","protected":false},"excerpt":{"rendered":"<p>La Casa de Cultura de Avil\u00e9s acoger\u00e1 el pr\u00f3ximo s\u00e1bado, desde las 20 horas, el festival &#8216;Musical Miranda-Portugal&#8217;, organizado por el Grupo de Canto &#8216;Amigos de Miranda, en que participar\u00e1n dos bandas portuguesas, dos avilesinas y la propia entidad organizadora. Por la ma\u00f1ana, ese mismo d\u00eda, las formaciones del pa\u00eds vecino ser\u00e1n recibidas en el [&hellip;]<\/p>\n","protected":false},"author":1,"featured_media":785778,"comment_status":"closed","ping_status":"closed","sticky":false,"template":"","format":"standard","meta":{"footnotes":""},"categories":[50],"tags":[],"class_list":["post-908522","post","type-post","status-publish","format-standard","has-post-thumbnail","hentry","category-revista-de-ocio"],"aioseo_notices":[],"aioseo_head":"\n\t\t<!-- All in One SEO Pro 4.9.6.2 - aioseo.com -->\n\t<meta name=\"description\" content=\"La Casa de Cultura de Avil\u00e9s acoger\u00e1 el pr\u00f3ximo s\u00e1bado, desde las 20 horas, el festival &#039;Musical Miranda-Portugal&#039;, organizado por el Grupo de Canto &#039;Amigos de Miranda, en que participar\u00e1n dos bandas portuguesas, dos avilesinas y la propia entidad organizadora. Por la ma\u00f1ana, ese mismo d\u00eda, las formaciones del pa\u00eds vecino ser\u00e1n recibidas en el\" \/>\n\t<meta name=\"robots\" content=\"max-image-preview:large\" \/>\n\t<meta name=\"author\" content=\"El Digital de Asturias\"\/>\n\t<meta name=\"google-site-verification\" content=\"UA-38556648-1\" \/>\n\t<meta name=\"msvalidate.01\" content=\"7dfe9f3f1b24437ab69f4f2559babe99\" \/>\n\t<meta name=\"keywords\" content=\"revista de ocio\" \/>\n\t<link rel=\"canonical\" href=\"https:\/\/www.eldigitaldeasturias.com\/noticias\/festival-musical-miranda-portugal-en-aviles\/\" \/>\n\t<meta name=\"generator\" content=\"All in One SEO Pro (AIOSEO) 4.9.6.2\" \/>\n\t\t<meta property=\"og:locale\" content=\"es_ES\" \/>\n\t\t<meta property=\"og:site_name\" content=\"El Digital de Asturias\" \/>\n\t\t<meta property=\"og:type\" content=\"article\" \/>\n\t\t<meta property=\"og:title\" content=\"Festival \u201cMusical Miranda-Portugal\u201d en Avil\u00e9s - El Digital de Asturias\" \/>\n\t\t<meta property=\"og:description\" content=\"La Casa de Cultura de Avil\u00e9s acoger\u00e1 el pr\u00f3ximo s\u00e1bado, desde las 20 horas, el festival &#039;Musical Miranda-Portugal&#039;, organizado por el Grupo de Canto &#039;Amigos de Miranda, en que participar\u00e1n dos bandas portuguesas, dos avilesinas y la propia entidad organizadora. Por la ma\u00f1ana, ese mismo d\u00eda, las formaciones del pa\u00eds vecino ser\u00e1n recibidas en el\" \/>\n\t\t<meta property=\"og:url\" content=\"https:\/\/www.eldigitaldeasturias.com\/noticias\/festival-musical-miranda-portugal-en-aviles\/\" \/>\n\t\t<meta property=\"og:image\" content=\"https:\/\/www.eldigitaldeasturias.com\/noticias\/wp-content\/uploads\/2015\/05\/aviles1.jpg\" \/>\n\t\t<meta property=\"og:image:secure_url\" content=\"https:\/\/www.eldigitaldeasturias.com\/noticias\/wp-content\/uploads\/2015\/05\/aviles1.jpg\" \/>\n\t\t<meta property=\"og:image:width\" content=\"800\" \/>\n\t\t<meta property=\"og:image:height\" content=\"536\" \/>\n\t\t<meta property=\"article:tag\" content=\"revista de ocio\" \/>\n\t\t<meta property=\"article:published_time\" content=\"2016-09-19T22:14:39+00:00\" \/>\n\t\t<meta property=\"article:modified_time\" content=\"2016-09-19T22:14:39+00:00\" \/>\n\t\t<meta property=\"article:publisher\" content=\"https:\/\/facebook.com\/eldigitaldeasturias\" \/>\n\t\t<meta name=\"twitter:card\" content=\"summary_large_image\" \/>\n\t\t<meta name=\"twitter:title\" content=\"Festival \u201cMusical Miranda-Portugal\u201d en Avil\u00e9s - El Digital de Asturias\" \/>\n\t\t<meta name=\"twitter:description\" content=\"La Casa de Cultura de Avil\u00e9s acoger\u00e1 el pr\u00f3ximo s\u00e1bado, desde las 20 horas, el festival &#039;Musical Miranda-Portugal&#039;, organizado por el Grupo de Canto &#039;Amigos de Miranda, en que participar\u00e1n dos bandas portuguesas, dos avilesinas y la propia entidad organizadora. Por la ma\u00f1ana, ese mismo d\u00eda, las formaciones del pa\u00eds vecino ser\u00e1n recibidas en el\" \/>\n\t\t<meta name=\"twitter:image\" content=\"https:\/\/www.eldigitaldeasturias.com\/noticias\/wp-content\/uploads\/2015\/05\/aviles1.jpg\" \/>\n\t\t<meta name=\"twitter:label1\" content=\"Escrito por\" \/>\n\t\t<meta name=\"twitter:data1\" content=\"El Digital de Asturias\" \/>\n\t\t<meta name=\"twitter:label2\" content=\"Tiempo de lectura estimado\" \/>\n\t\t<meta name=\"twitter:data2\" content=\"1 minuto\" \/>\n\t\t<script type=\"application\/ld+json\" class=\"aioseo-schema\">\n\t\t\t{\"@context\":\"https:\\\/\\\/schema.org\",\"@graph\":[{\"@type\":\"BlogPosting\",\"@id\":\"https:\\\/\\\/www.eldigitaldeasturias.com\\\/noticias\\\/festival-musical-miranda-portugal-en-aviles\\\/#blogposting\",\"name\":\"Festival \\u201cMusical Miranda-Portugal\\u201d en Avil\\u00e9s - El Digital de Asturias\",\"headline\":\"Festival \\u201cMusical Miranda-Portugal\\u201d en Avil\\u00e9s\",\"author\":{\"@id\":\"https:\\\/\\\/www.eldigitaldeasturias.com\\\/noticias\\\/author\\\/admin\\\/#author\"},\"publisher\":{\"@id\":\"https:\\\/\\\/www.eldigitaldeasturias.com\\\/noticias\\\/#organization\"},\"image\":{\"@type\":\"ImageObject\",\"url\":\"https:\\\/\\\/www.eldigitaldeasturias.com\\\/noticias\\\/wp-content\\\/uploads\\\/2015\\\/05\\\/aviles1.jpg\",\"width\":800,\"height\":536},\"datePublished\":\"2016-09-19T23:14:39+02:00\",\"dateModified\":\"2016-09-19T23:14:39+02:00\",\"inLanguage\":\"es-ES\",\"mainEntityOfPage\":{\"@id\":\"https:\\\/\\\/www.eldigitaldeasturias.com\\\/noticias\\\/festival-musical-miranda-portugal-en-aviles\\\/#webpage\"},\"isPartOf\":{\"@id\":\"https:\\\/\\\/www.eldigitaldeasturias.com\\\/noticias\\\/festival-musical-miranda-portugal-en-aviles\\\/#webpage\"},\"articleSection\":\"Revista de Ocio\"},{\"@type\":\"BreadcrumbList\",\"@id\":\"https:\\\/\\\/www.eldigitaldeasturias.com\\\/noticias\\\/festival-musical-miranda-portugal-en-aviles\\\/#breadcrumblist\",\"itemListElement\":[{\"@type\":\"ListItem\",\"@id\":\"https:\\\/\\\/www.eldigitaldeasturias.com\\\/noticias#listItem\",\"position\":1,\"name\":\"Home\",\"item\":\"https:\\\/\\\/www.eldigitaldeasturias.com\\\/noticias\",\"nextItem\":{\"@type\":\"ListItem\",\"@id\":\"https:\\\/\\\/www.eldigitaldeasturias.com\\\/noticias\\\/category\\\/revista-de-ocio\\\/#listItem\",\"name\":\"Revista de Ocio\"}},{\"@type\":\"ListItem\",\"@id\":\"https:\\\/\\\/www.eldigitaldeasturias.com\\\/noticias\\\/category\\\/revista-de-ocio\\\/#listItem\",\"position\":2,\"name\":\"Revista de Ocio\",\"item\":\"https:\\\/\\\/www.eldigitaldeasturias.com\\\/noticias\\\/category\\\/revista-de-ocio\\\/\",\"nextItem\":{\"@type\":\"ListItem\",\"@id\":\"https:\\\/\\\/www.eldigitaldeasturias.com\\\/noticias\\\/festival-musical-miranda-portugal-en-aviles\\\/#listItem\",\"name\":\"Festival \\u201cMusical Miranda-Portugal\\u201d en Avil\\u00e9s\"},\"previousItem\":{\"@type\":\"ListItem\",\"@id\":\"https:\\\/\\\/www.eldigitaldeasturias.com\\\/noticias#listItem\",\"name\":\"Home\"}},{\"@type\":\"ListItem\",\"@id\":\"https:\\\/\\\/www.eldigitaldeasturias.com\\\/noticias\\\/festival-musical-miranda-portugal-en-aviles\\\/#listItem\",\"position\":3,\"name\":\"Festival \\u201cMusical Miranda-Portugal\\u201d en Avil\\u00e9s\",\"previousItem\":{\"@type\":\"ListItem\",\"@id\":\"https:\\\/\\\/www.eldigitaldeasturias.com\\\/noticias\\\/category\\\/revista-de-ocio\\\/#listItem\",\"name\":\"Revista de Ocio\"}}]},{\"@type\":\"Organization\",\"@id\":\"https:\\\/\\\/www.eldigitaldeasturias.com\\\/noticias\\\/#organization\",\"name\":\"El Digital de Asturias\",\"description\":\"Hemeroteca\",\"url\":\"https:\\\/\\\/www.eldigitaldeasturias.com\\\/noticias\\\/\",\"email\":\"info@eldigitaldeasturias.com\",\"telephone\":\"+34652131393\",\"logo\":{\"@type\":\"ImageObject\",\"url\":\"https:\\\/\\\/www.eldigitaldeasturias.com\\\/noticias\\\/wp-content\\\/uploads\\\/2020\\\/12\\\/EDA.jpg\",\"@id\":\"https:\\\/\\\/www.eldigitaldeasturias.com\\\/noticias\\\/festival-musical-miranda-portugal-en-aviles\\\/#organizationLogo\",\"width\":649,\"height\":297},\"image\":{\"@id\":\"https:\\\/\\\/www.eldigitaldeasturias.com\\\/noticias\\\/festival-musical-miranda-portugal-en-aviles\\\/#organizationLogo\"},\"sameAs\":[\"https:\\\/\\\/facebook.com\\\/eldigitaldeasturias\",\"https:\\\/\\\/www.youtube.com\\\/channel\\\/UCZP-2wLEB9Rv6erhFmqVnvg\"],\"address\":{\"@id\":\"https:\\\/\\\/www.eldigitaldeasturias.com\\\/noticias\\\/#postaladdress\",\"@type\":\"PostalAddress\",\"streetAddress\":\"san antonio 4,\",\"postalCode\":\"33430\",\"addressLocality\":\"Cand\\u00e1s\",\"addressRegion\":\"Asturias\",\"addressCountry\":\"ES\"}},{\"@type\":\"Person\",\"@id\":\"https:\\\/\\\/www.eldigitaldeasturias.com\\\/noticias\\\/author\\\/admin\\\/#author\",\"url\":\"https:\\\/\\\/www.eldigitaldeasturias.com\\\/noticias\\\/author\\\/admin\\\/\",\"name\":\"El Digital de Asturias\",\"image\":{\"@type\":\"ImageObject\",\"@id\":\"https:\\\/\\\/www.eldigitaldeasturias.com\\\/noticias\\\/festival-musical-miranda-portugal-en-aviles\\\/#authorImage\",\"url\":\"https:\\\/\\\/www.eldigitaldeasturias.com\\\/noticias\\\/wp-content\\\/litespeed\\\/avatar\\\/18677e78aa0546b92d9dbf31ec7d7668.jpg?ver=1777290358\",\"width\":96,\"height\":96,\"caption\":\"El Digital de Asturias\"}},{\"@type\":\"WebPage\",\"@id\":\"https:\\\/\\\/www.eldigitaldeasturias.com\\\/noticias\\\/festival-musical-miranda-portugal-en-aviles\\\/#webpage\",\"url\":\"https:\\\/\\\/www.eldigitaldeasturias.com\\\/noticias\\\/festival-musical-miranda-portugal-en-aviles\\\/\",\"name\":\"Festival \\u201cMusical Miranda-Portugal\\u201d en Avil\\u00e9s - El Digital de Asturias\",\"description\":\"La Casa de Cultura de Avil\\u00e9s acoger\\u00e1 el pr\\u00f3ximo s\\u00e1bado, desde las 20 horas, el festival 'Musical Miranda-Portugal', organizado por el Grupo de Canto 'Amigos de Miranda, en que participar\\u00e1n dos bandas portuguesas, dos avilesinas y la propia entidad organizadora. Por la ma\\u00f1ana, ese mismo d\\u00eda, las formaciones del pa\\u00eds vecino ser\\u00e1n recibidas en el\",\"inLanguage\":\"es-ES\",\"isPartOf\":{\"@id\":\"https:\\\/\\\/www.eldigitaldeasturias.com\\\/noticias\\\/#website\"},\"breadcrumb\":{\"@id\":\"https:\\\/\\\/www.eldigitaldeasturias.com\\\/noticias\\\/festival-musical-miranda-portugal-en-aviles\\\/#breadcrumblist\"},\"author\":{\"@id\":\"https:\\\/\\\/www.eldigitaldeasturias.com\\\/noticias\\\/author\\\/admin\\\/#author\"},\"creator\":{\"@id\":\"https:\\\/\\\/www.eldigitaldeasturias.com\\\/noticias\\\/author\\\/admin\\\/#author\"},\"image\":{\"@type\":\"ImageObject\",\"url\":\"https:\\\/\\\/www.eldigitaldeasturias.com\\\/noticias\\\/wp-content\\\/uploads\\\/2015\\\/05\\\/aviles1.jpg\",\"@id\":\"https:\\\/\\\/www.eldigitaldeasturias.com\\\/noticias\\\/festival-musical-miranda-portugal-en-aviles\\\/#mainImage\",\"width\":800,\"height\":536},\"primaryImageOfPage\":{\"@id\":\"https:\\\/\\\/www.eldigitaldeasturias.com\\\/noticias\\\/festival-musical-miranda-portugal-en-aviles\\\/#mainImage\"},\"datePublished\":\"2016-09-19T23:14:39+02:00\",\"dateModified\":\"2016-09-19T23:14:39+02:00\"},{\"@type\":\"WebSite\",\"@id\":\"https:\\\/\\\/www.eldigitaldeasturias.com\\\/noticias\\\/#website\",\"url\":\"https:\\\/\\\/www.eldigitaldeasturias.com\\\/noticias\\\/\",\"name\":\"El Digital de Asturias - Diario de actualidad y noticias\",\"alternateName\":\"El Digital de Asturias - Diario de actualidad y noticias\",\"description\":\"Hemeroteca\",\"inLanguage\":\"es-ES\",\"publisher\":{\"@id\":\"https:\\\/\\\/www.eldigitaldeasturias.com\\\/noticias\\\/#organization\"}}]}\n\t\t<\/script>\n\t\t<!-- All in One SEO Pro -->\r\n\t\t<title>Festival \u201cMusical Miranda-Portugal\u201d en Avil\u00e9s - El Digital de Asturias<\/title>\n\n","aioseo_head_json":{"title":"Festival \u201cMusical Miranda-Portugal\u201d en Avil\u00e9s - El Digital de Asturias","description":"La Casa de Cultura de Avil\u00e9s acoger\u00e1 el pr\u00f3ximo s\u00e1bado, desde las 20 horas, el festival 'Musical Miranda-Portugal', organizado por el Grupo de Canto 'Amigos de Miranda, en que participar\u00e1n dos bandas portuguesas, dos avilesinas y la propia entidad organizadora. Por la ma\u00f1ana, ese mismo d\u00eda, las formaciones del pa\u00eds vecino ser\u00e1n recibidas en el","canonical_url":"https:\/\/www.eldigitaldeasturias.com\/noticias\/festival-musical-miranda-portugal-en-aviles\/","robots":"max-image-preview:large","keywords":"revista de ocio","webmasterTools":{"google-site-verification":"UA-38556648-1","msvalidate.01":"7dfe9f3f1b24437ab69f4f2559babe99","miscellaneous":""},"schema":{"@context":"https:\/\/schema.org","@graph":[{"@type":"BlogPosting","@id":"https:\/\/www.eldigitaldeasturias.com\/noticias\/festival-musical-miranda-portugal-en-aviles\/#blogposting","name":"Festival \u201cMusical Miranda-Portugal\u201d en Avil\u00e9s - El Digital de Asturias","headline":"Festival \u201cMusical Miranda-Portugal\u201d en Avil\u00e9s","author":{"@id":"https:\/\/www.eldigitaldeasturias.com\/noticias\/author\/admin\/#author"},"publisher":{"@id":"https:\/\/www.eldigitaldeasturias.com\/noticias\/#organization"},"image":{"@type":"ImageObject","url":"https:\/\/www.eldigitaldeasturias.com\/noticias\/wp-content\/uploads\/2015\/05\/aviles1.jpg","width":800,"height":536},"datePublished":"2016-09-19T23:14:39+02:00","dateModified":"2016-09-19T23:14:39+02:00","inLanguage":"es-ES","mainEntityOfPage":{"@id":"https:\/\/www.eldigitaldeasturias.com\/noticias\/festival-musical-miranda-portugal-en-aviles\/#webpage"},"isPartOf":{"@id":"https:\/\/www.eldigitaldeasturias.com\/noticias\/festival-musical-miranda-portugal-en-aviles\/#webpage"},"articleSection":"Revista de Ocio"},{"@type":"BreadcrumbList","@id":"https:\/\/www.eldigitaldeasturias.com\/noticias\/festival-musical-miranda-portugal-en-aviles\/#breadcrumblist","itemListElement":[{"@type":"ListItem","@id":"https:\/\/www.eldigitaldeasturias.com\/noticias#listItem","position":1,"name":"Home","item":"https:\/\/www.eldigitaldeasturias.com\/noticias","nextItem":{"@type":"ListItem","@id":"https:\/\/www.eldigitaldeasturias.com\/noticias\/category\/revista-de-ocio\/#listItem","name":"Revista de Ocio"}},{"@type":"ListItem","@id":"https:\/\/www.eldigitaldeasturias.com\/noticias\/category\/revista-de-ocio\/#listItem","position":2,"name":"Revista de Ocio","item":"https:\/\/www.eldigitaldeasturias.com\/noticias\/category\/revista-de-ocio\/","nextItem":{"@type":"ListItem","@id":"https:\/\/www.eldigitaldeasturias.com\/noticias\/festival-musical-miranda-portugal-en-aviles\/#listItem","name":"Festival \u201cMusical Miranda-Portugal\u201d en Avil\u00e9s"},"previousItem":{"@type":"ListItem","@id":"https:\/\/www.eldigitaldeasturias.com\/noticias#listItem","name":"Home"}},{"@type":"ListItem","@id":"https:\/\/www.eldigitaldeasturias.com\/noticias\/festival-musical-miranda-portugal-en-aviles\/#listItem","position":3,"name":"Festival \u201cMusical Miranda-Portugal\u201d en Avil\u00e9s","previousItem":{"@type":"ListItem","@id":"https:\/\/www.eldigitaldeasturias.com\/noticias\/category\/revista-de-ocio\/#listItem","name":"Revista de Ocio"}}]},{"@type":"Organization","@id":"https:\/\/www.eldigitaldeasturias.com\/noticias\/#organization","name":"El Digital de Asturias","description":"Hemeroteca","url":"https:\/\/www.eldigitaldeasturias.com\/noticias\/","email":"info@eldigitaldeasturias.com","telephone":"+34652131393","logo":{"@type":"ImageObject","url":"https:\/\/www.eldigitaldeasturias.com\/noticias\/wp-content\/uploads\/2020\/12\/EDA.jpg","@id":"https:\/\/www.eldigitaldeasturias.com\/noticias\/festival-musical-miranda-portugal-en-aviles\/#organizationLogo","width":649,"height":297},"image":{"@id":"https:\/\/www.eldigitaldeasturias.com\/noticias\/festival-musical-miranda-portugal-en-aviles\/#organizationLogo"},"sameAs":["https:\/\/facebook.com\/eldigitaldeasturias","https:\/\/www.youtube.com\/channel\/UCZP-2wLEB9Rv6erhFmqVnvg"],"address":{"@id":"https:\/\/www.eldigitaldeasturias.com\/noticias\/#postaladdress","@type":"PostalAddress","streetAddress":"san antonio 4,","postalCode":"33430","addressLocality":"Cand\u00e1s","addressRegion":"Asturias","addressCountry":"ES"}},{"@type":"Person","@id":"https:\/\/www.eldigitaldeasturias.com\/noticias\/author\/admin\/#author","url":"https:\/\/www.eldigitaldeasturias.com\/noticias\/author\/admin\/","name":"El Digital de Asturias","image":{"@type":"ImageObject","@id":"https:\/\/www.eldigitaldeasturias.com\/noticias\/festival-musical-miranda-portugal-en-aviles\/#authorImage","url":"https:\/\/www.eldigitaldeasturias.com\/noticias\/wp-content\/litespeed\/avatar\/18677e78aa0546b92d9dbf31ec7d7668.jpg?ver=1777290358","width":96,"height":96,"caption":"El Digital de Asturias"}},{"@type":"WebPage","@id":"https:\/\/www.eldigitaldeasturias.com\/noticias\/festival-musical-miranda-portugal-en-aviles\/#webpage","url":"https:\/\/www.eldigitaldeasturias.com\/noticias\/festival-musical-miranda-portugal-en-aviles\/","name":"Festival \u201cMusical Miranda-Portugal\u201d en Avil\u00e9s - El Digital de Asturias","description":"La Casa de Cultura de Avil\u00e9s acoger\u00e1 el pr\u00f3ximo s\u00e1bado, desde las 20 horas, el festival 'Musical Miranda-Portugal', organizado por el Grupo de Canto 'Amigos de Miranda, en que participar\u00e1n dos bandas portuguesas, dos avilesinas y la propia entidad organizadora. Por la ma\u00f1ana, ese mismo d\u00eda, las formaciones del pa\u00eds vecino ser\u00e1n recibidas en el","inLanguage":"es-ES","isPartOf":{"@id":"https:\/\/www.eldigitaldeasturias.com\/noticias\/#website"},"breadcrumb":{"@id":"https:\/\/www.eldigitaldeasturias.com\/noticias\/festival-musical-miranda-portugal-en-aviles\/#breadcrumblist"},"author":{"@id":"https:\/\/www.eldigitaldeasturias.com\/noticias\/author\/admin\/#author"},"creator":{"@id":"https:\/\/www.eldigitaldeasturias.com\/noticias\/author\/admin\/#author"},"image":{"@type":"ImageObject","url":"https:\/\/www.eldigitaldeasturias.com\/noticias\/wp-content\/uploads\/2015\/05\/aviles1.jpg","@id":"https:\/\/www.eldigitaldeasturias.com\/noticias\/festival-musical-miranda-portugal-en-aviles\/#mainImage","width":800,"height":536},"primaryImageOfPage":{"@id":"https:\/\/www.eldigitaldeasturias.com\/noticias\/festival-musical-miranda-portugal-en-aviles\/#mainImage"},"datePublished":"2016-09-19T23:14:39+02:00","dateModified":"2016-09-19T23:14:39+02:00"},{"@type":"WebSite","@id":"https:\/\/www.eldigitaldeasturias.com\/noticias\/#website","url":"https:\/\/www.eldigitaldeasturias.com\/noticias\/","name":"El Digital de Asturias - Diario de actualidad y noticias","alternateName":"El Digital de Asturias - Diario de actualidad y noticias","description":"Hemeroteca","inLanguage":"es-ES","publisher":{"@id":"https:\/\/www.eldigitaldeasturias.com\/noticias\/#organization"}}]},"og:locale":"es_ES","og:site_name":"El Digital de Asturias","og:type":"article","og:title":"Festival \u201cMusical Miranda-Portugal\u201d en Avil\u00e9s - El Digital de Asturias","og:description":"La Casa de Cultura de Avil\u00e9s acoger\u00e1 el pr\u00f3ximo s\u00e1bado, desde las 20 horas, el festival 'Musical Miranda-Portugal', organizado por el Grupo de Canto 'Amigos de Miranda, en que participar\u00e1n dos bandas portuguesas, dos avilesinas y la propia entidad organizadora. Por la ma\u00f1ana, ese mismo d\u00eda, las formaciones del pa\u00eds vecino ser\u00e1n recibidas en el","og:url":"https:\/\/www.eldigitaldeasturias.com\/noticias\/festival-musical-miranda-portugal-en-aviles\/","og:image":"https:\/\/www.eldigitaldeasturias.com\/noticias\/wp-content\/uploads\/2015\/05\/aviles1.jpg","og:image:secure_url":"https:\/\/www.eldigitaldeasturias.com\/noticias\/wp-content\/uploads\/2015\/05\/aviles1.jpg","og:image:width":800,"og:image:height":536,"article:tag":["revista de ocio"],"article:published_time":"2016-09-19T22:14:39+00:00","article:modified_time":"2016-09-19T22:14:39+00:00","article:publisher":"https:\/\/facebook.com\/eldigitaldeasturias","twitter:card":"summary_large_image","twitter:title":"Festival \u201cMusical Miranda-Portugal\u201d en Avil\u00e9s - El Digital de Asturias","twitter:description":"La Casa de Cultura de Avil\u00e9s acoger\u00e1 el pr\u00f3ximo s\u00e1bado, desde las 20 horas, el festival 'Musical Miranda-Portugal', organizado por el Grupo de Canto 'Amigos de Miranda, en que participar\u00e1n dos bandas portuguesas, dos avilesinas y la propia entidad organizadora. Por la ma\u00f1ana, ese mismo d\u00eda, las formaciones del pa\u00eds vecino ser\u00e1n recibidas en el","twitter:image":"https:\/\/www.eldigitaldeasturias.com\/noticias\/wp-content\/uploads\/2015\/05\/aviles1.jpg","twitter:label1":"Escrito por","twitter:data1":"El Digital de Asturias","twitter:label2":"Tiempo de lectura estimado","twitter:data2":"1 minuto"},"aioseo_meta_data":{"post_id":"908522","title":null,"description":null,"keywords":null,"keyphrases":null,"primary_term":null,"canonical_url":null,"og_title":null,"og_description":null,"og_object_type":"default","og_image_type":"default","og_image_url":null,"og_image_width":null,"og_image_height":null,"og_image_custom_url":null,"og_image_custom_fields":null,"og_video":null,"og_custom_url":null,"og_article_section":null,"og_article_tags":null,"twitter_use_og":false,"twitter_card":"default","twitter_image_type":"default","twitter_image_url":null,"twitter_image_custom_url":null,"twitter_image_custom_fields":null,"twitter_title":null,"twitter_description":null,"schema":{"blockGraphs":[],"customGraphs":[],"default":{"data":{"Article":[],"Course":[],"Dataset":[],"FAQPage":[],"Movie":[],"Person":[],"Product":[],"ProductReview":[],"Car":[],"Recipe":[],"Service":[],"SoftwareApplication":[],"WebPage":[]},"graphName":"","isEnabled":true},"graphs":[],"defaultGraph":"","defaultPostTypeGraph":""},"schema_type":null,"schema_type_options":null,"pillar_content":false,"robots_default":true,"robots_noindex":false,"robots_noarchive":false,"robots_nosnippet":false,"robots_nofollow":false,"robots_noimageindex":false,"robots_noodp":false,"robots_notranslate":false,"robots_max_snippet":null,"robots_max_videopreview":null,"robots_max_imagepreview":"large","priority":null,"frequency":null,"local_seo":null,"seo_analyzer_scan_date":"2025-11-30 16:23:20","breadcrumb_settings":null,"limit_modified_date":false,"open_ai":null,"ai":null,"created":"2020-12-21 14:00:05","updated":"2025-11-30 16:23:20"},"aioseo_breadcrumb":"<div class=\"aioseo-breadcrumbs\"><span class=\"aioseo-breadcrumb\">\n\t<a href=\"https:\/\/www.eldigitaldeasturias.com\/noticias\" title=\"Home\">Home<\/a>\n<\/span><span class=\"aioseo-breadcrumb-separator\">\u2013<\/span><span class=\"aioseo-breadcrumb\">\n\t<a href=\"https:\/\/www.eldigitaldeasturias.com\/noticias\/category\/revista-de-ocio\/\" title=\"Revista de Ocio\">Revista de Ocio<\/a>\n<\/span><span class=\"aioseo-breadcrumb-separator\">\u2013<\/span><span class=\"aioseo-breadcrumb\">\n\t<a href=\"https:\/\/www.eldigitaldeasturias.com\/noticias\/festival-musical-miranda-portugal-en-aviles\/\" title=\"Festival \u201cMusical Miranda-Portugal\u201d en Avil\u00e9s\">Festival \u201cMusical Miranda-Portugal\u201d en Avil\u00e9s<\/a>\n<\/span><\/div>","aioseo_breadcrumb_json":[{"label":"Home","link":"https:\/\/www.eldigitaldeasturias.com\/noticias"},{"label":"Revista de Ocio","link":"https:\/\/www.eldigitaldeasturias.com\/noticias\/category\/revista-de-ocio\/"},{"label":"Festival \u201cMusical Miranda-Portugal\u201d en Avil\u00e9s","link":"https:\/\/www.eldigitaldeasturias.com\/noticias\/festival-musical-miranda-portugal-en-aviles\/"}],"_links":{"self":[{"href":"https:\/\/www.eldigitaldeasturias.com\/noticias\/wp-json\/wp\/v2\/posts\/908522","targetHints":{"allow":["GET"]}}],"collection":[{"href":"https:\/\/www.eldigitaldeasturias.com\/noticias\/wp-json\/wp\/v2\/posts"}],"about":[{"href":"https:\/\/www.eldigitaldeasturias.com\/noticias\/wp-json\/wp\/v2\/types\/post"}],"author":[{"embeddable":true,"href":"https:\/\/www.eldigitaldeasturias.com\/noticias\/wp-json\/wp\/v2\/users\/1"}],"replies":[{"embeddable":true,"href":"https:\/\/www.eldigitaldeasturias.com\/noticias\/wp-json\/wp\/v2\/comments?post=908522"}],"version-history":[{"count":0,"href":"https:\/\/www.eldigitaldeasturias.com\/noticias\/wp-json\/wp\/v2\/posts\/908522\/revisions"}],"wp:featuredmedia":[{"embeddable":true,"href":"https:\/\/www.eldigitaldeasturias.com\/noticias\/wp-json\/wp\/v2\/media\/785778"}],"wp:attachment":[{"href":"https:\/\/www.eldigitaldeasturias.com\/noticias\/wp-json\/wp\/v2\/media?parent=908522"}],"wp:term":[{"taxonomy":"category","embeddable":true,"href":"https:\/\/www.eldigitaldeasturias.com\/noticias\/wp-json\/wp\/v2\/categories?post=908522"},{"taxonomy":"post_tag","embeddable":true,"href":"https:\/\/www.eldigitaldeasturias.com\/noticias\/wp-json\/wp\/v2\/tags?post=908522"}],"curies":[{"name":"wp","href":"https:\/\/api.w.org\/{rel}","templated":true}]}}