{"id":908513,"date":"2016-09-19T23:02:30","date_gmt":"2016-09-19T22:02:30","guid":{"rendered":"http:\/\/www.eldigitaldeasturias.com\/noticias\/?p=908513"},"modified":"2016-09-19T23:02:30","modified_gmt":"2016-09-19T22:02:30","slug":"fernandez-sarasola-ve-necesario-un-nuevo-plan-local-de-ordenacion-comercial","status":"publish","type":"post","link":"https:\/\/www.eldigitaldeasturias.com\/noticias\/fernandez-sarasola-ve-necesario-un-nuevo-plan-local-de-ordenacion-comercial\/","title":{"rendered":"Fern\u00e1ndez Sarasola ve necesario un nuevo Plan Local de Ordenaci\u00f3n Comercial"},"content":{"rendered":"<p><img loading=\"lazy\" decoding=\"async\" class=\"alignleft size-medium wp-image-908514\" src=\"https:\/\/www.eldigitaldeasturias.com\/noticias\/wp-content\/uploads\/2016\/09\/fotonoticia_20160919125526_800-240x320.jpg\" alt=\"fotonoticia_20160919125526_800\" width=\"240\" height=\"320\" srcset=\"https:\/\/www.eldigitaldeasturias.com\/noticias\/wp-content\/uploads\/2016\/09\/fotonoticia_20160919125526_800-240x320.jpg 240w, https:\/\/www.eldigitaldeasturias.com\/noticias\/wp-content\/uploads\/2016\/09\/fotonoticia_20160919125526_800-768x1024.jpg 768w, https:\/\/www.eldigitaldeasturias.com\/noticias\/wp-content\/uploads\/2016\/09\/fotonoticia_20160919125526_800-487x650.jpg 487w, https:\/\/www.eldigitaldeasturias.com\/noticias\/wp-content\/uploads\/2016\/09\/fotonoticia_20160919125526_800.jpg 800w\" sizes=\"auto, (max-width: 240px) 100vw, 240px\" \/>El portavoz del Grupo Municipal de Ciudadanos (C&#8217;s) en el Ayuntamiento de Gij\u00f3n, Jos\u00e9 Carlos Fern\u00e1ndez Sarasola, preguntar\u00e1 en la Comisi\u00f3n de Hacienda por la elaboraci\u00f3n de un nuevo Plan Local de Ordenaci\u00f3n Comercial.<\/p>\n<p>Sarasola, a trav\u00e9s de una nota de prensa, ha visto necesario este Plan como instrumento esencial para que este sector siga teniendo posibilidades de desarrollo en Gij\u00f3n y as\u00ed ser capaz de generar empleo estable en la ciudad. A esto ha sumado la funci\u00f3n social del comercio como principal elemento vertebrador y dinamizador de los diferentes barrios de la ciudad.<\/p>\n<p>En este sentido, ha abogado por que se elabore en estrecha colaboraci\u00f3n con la Uni\u00f3n de Comerciantes y que se parta de la elaboraci\u00f3n de un diagn\u00f3stico serio y riguroso de la situaci\u00f3n del comercio local.<\/p>\n<p>\u00abDebemos conocer los problemas y dificultades reales del comercio local para a partir de ah\u00ed elaborar este plan donde se recojan medidas para solventarlos y poner a disposici\u00f3n del comercio instrumentos como la dinamizaci\u00f3n, la formaci\u00f3n, la gesti\u00f3n de la calidad y la incorporaci\u00f3n de las nuevas tecnolog\u00edas, con el objetivo de mejorar su competitividad\u00bb, ha opinado.<\/p>\n<p>Unido a ello, ha visto preciso revisar la regulaci\u00f3n para la celebraci\u00f3n de mercadillos en la ciudad, para poner coto a la generalizaci\u00f3n y proliferaci\u00f3n de estos. \u00abDefendemos un modelo comercial de calidad, en el que s\u00ed tienen cabida los mercadillos, pero siempre que estos sean especializados, aporten diferenciaci\u00f3n y no supongan una competencia desleal para aquellos comerciantes que desarrollan su actividad todo el a\u00f1o\u00bb, ha apuntado.<\/p>\n<p>&nbsp;<\/p>\n","protected":false},"excerpt":{"rendered":"<p>El portavoz del Grupo Municipal de Ciudadanos (C&#8217;s) en el Ayuntamiento de Gij\u00f3n, Jos\u00e9 Carlos Fern\u00e1ndez Sarasola, preguntar\u00e1 en la Comisi\u00f3n de Hacienda por la elaboraci\u00f3n de un nuevo Plan Local de Ordenaci\u00f3n Comercial. Sarasola, a trav\u00e9s de una nota de prensa, ha visto necesario este Plan como instrumento esencial para que este sector siga [&hellip;]<\/p>\n","protected":false},"author":1,"featured_media":908514,"comment_status":"closed","ping_status":"closed","sticky":false,"template":"","format":"standard","meta":{"footnotes":""},"categories":[12],"tags":[],"class_list":["post-908513","post","type-post","status-publish","format-standard","has-post-thumbnail","hentry","category-actualidad-asturias"],"aioseo_notices":[],"aioseo_head":"\n\t\t<!-- All in One SEO Pro 4.9.6.2 - aioseo.com -->\n\t<meta name=\"description\" content=\"El portavoz del Grupo Municipal de Ciudadanos (C&#039;s) en el Ayuntamiento de Gij\u00f3n, Jos\u00e9 Carlos Fern\u00e1ndez Sarasola, preguntar\u00e1 en la Comisi\u00f3n de Hacienda por la elaboraci\u00f3n de un nuevo Plan Local de Ordenaci\u00f3n Comercial. Sarasola, a trav\u00e9s de una nota de prensa, ha visto necesario este Plan como instrumento esencial para que este sector siga\" \/>\n\t<meta name=\"robots\" content=\"max-image-preview:large\" \/>\n\t<meta name=\"author\" content=\"El Digital de Asturias\"\/>\n\t<meta name=\"google-site-verification\" content=\"UA-38556648-1\" \/>\n\t<meta name=\"msvalidate.01\" content=\"7dfe9f3f1b24437ab69f4f2559babe99\" \/>\n\t<meta name=\"keywords\" content=\"actualidad asturias\" \/>\n\t<link rel=\"canonical\" href=\"https:\/\/www.eldigitaldeasturias.com\/noticias\/fernandez-sarasola-ve-necesario-un-nuevo-plan-local-de-ordenacion-comercial\/\" \/>\n\t<meta name=\"generator\" content=\"All in One SEO Pro (AIOSEO) 4.9.6.2\" \/>\n\t\t<meta property=\"og:locale\" content=\"es_ES\" \/>\n\t\t<meta property=\"og:site_name\" content=\"El Digital de Asturias\" \/>\n\t\t<meta property=\"og:type\" content=\"article\" \/>\n\t\t<meta property=\"og:title\" content=\"Fern\u00e1ndez Sarasola ve necesario un nuevo Plan Local de Ordenaci\u00f3n Comercial - El Digital de Asturias\" \/>\n\t\t<meta property=\"og:description\" content=\"El portavoz del Grupo Municipal de Ciudadanos (C&#039;s) en el Ayuntamiento de Gij\u00f3n, Jos\u00e9 Carlos Fern\u00e1ndez Sarasola, preguntar\u00e1 en la Comisi\u00f3n de Hacienda por la elaboraci\u00f3n de un nuevo Plan Local de Ordenaci\u00f3n Comercial. Sarasola, a trav\u00e9s de una nota de prensa, ha visto necesario este Plan como instrumento esencial para que este sector siga\" \/>\n\t\t<meta property=\"og:url\" content=\"https:\/\/www.eldigitaldeasturias.com\/noticias\/fernandez-sarasola-ve-necesario-un-nuevo-plan-local-de-ordenacion-comercial\/\" \/>\n\t\t<meta property=\"og:image\" content=\"https:\/\/www.eldigitaldeasturias.com\/noticias\/wp-content\/uploads\/2016\/09\/fotonoticia_20160919125526_800.jpg\" \/>\n\t\t<meta property=\"og:image:secure_url\" content=\"https:\/\/www.eldigitaldeasturias.com\/noticias\/wp-content\/uploads\/2016\/09\/fotonoticia_20160919125526_800.jpg\" \/>\n\t\t<meta property=\"og:image:width\" content=\"800\" \/>\n\t\t<meta property=\"og:image:height\" content=\"1067\" \/>\n\t\t<meta property=\"article:tag\" content=\"actualidad asturias\" \/>\n\t\t<meta property=\"article:published_time\" content=\"2016-09-19T22:02:30+00:00\" \/>\n\t\t<meta property=\"article:modified_time\" content=\"2016-09-19T22:02:30+00:00\" \/>\n\t\t<meta property=\"article:publisher\" content=\"https:\/\/facebook.com\/eldigitaldeasturias\" \/>\n\t\t<meta name=\"twitter:card\" content=\"summary_large_image\" \/>\n\t\t<meta name=\"twitter:title\" content=\"Fern\u00e1ndez Sarasola ve necesario un nuevo Plan Local de Ordenaci\u00f3n Comercial - El Digital de Asturias\" \/>\n\t\t<meta name=\"twitter:description\" content=\"El portavoz del Grupo Municipal de Ciudadanos (C&#039;s) en el Ayuntamiento de Gij\u00f3n, Jos\u00e9 Carlos Fern\u00e1ndez Sarasola, preguntar\u00e1 en la Comisi\u00f3n de Hacienda por la elaboraci\u00f3n de un nuevo Plan Local de Ordenaci\u00f3n Comercial. Sarasola, a trav\u00e9s de una nota de prensa, ha visto necesario este Plan como instrumento esencial para que este sector siga\" \/>\n\t\t<meta name=\"twitter:image\" content=\"https:\/\/www.eldigitaldeasturias.com\/noticias\/wp-content\/uploads\/2016\/09\/fotonoticia_20160919125526_800.jpg\" \/>\n\t\t<meta name=\"twitter:label1\" content=\"Escrito por\" \/>\n\t\t<meta name=\"twitter:data1\" content=\"El Digital de Asturias\" \/>\n\t\t<meta name=\"twitter:label2\" content=\"Tiempo de lectura estimado\" \/>\n\t\t<meta name=\"twitter:data2\" content=\"1 minuto\" \/>\n\t\t<script type=\"application\/ld+json\" class=\"aioseo-schema\">\n\t\t\t{\"@context\":\"https:\\\/\\\/schema.org\",\"@graph\":[{\"@type\":\"BlogPosting\",\"@id\":\"https:\\\/\\\/www.eldigitaldeasturias.com\\\/noticias\\\/fernandez-sarasola-ve-necesario-un-nuevo-plan-local-de-ordenacion-comercial\\\/#blogposting\",\"name\":\"Fern\\u00e1ndez Sarasola ve necesario un nuevo Plan Local de Ordenaci\\u00f3n Comercial - El Digital de Asturias\",\"headline\":\"Fern\\u00e1ndez Sarasola ve necesario un nuevo Plan Local de Ordenaci\\u00f3n Comercial\",\"author\":{\"@id\":\"https:\\\/\\\/www.eldigitaldeasturias.com\\\/noticias\\\/author\\\/admin\\\/#author\"},\"publisher\":{\"@id\":\"https:\\\/\\\/www.eldigitaldeasturias.com\\\/noticias\\\/#organization\"},\"image\":{\"@type\":\"ImageObject\",\"url\":\"https:\\\/\\\/www.eldigitaldeasturias.com\\\/noticias\\\/wp-content\\\/uploads\\\/2016\\\/09\\\/fotonoticia_20160919125526_800.jpg\",\"width\":800,\"height\":1067},\"datePublished\":\"2016-09-19T23:02:30+02:00\",\"dateModified\":\"2016-09-19T23:02:30+02:00\",\"inLanguage\":\"es-ES\",\"mainEntityOfPage\":{\"@id\":\"https:\\\/\\\/www.eldigitaldeasturias.com\\\/noticias\\\/fernandez-sarasola-ve-necesario-un-nuevo-plan-local-de-ordenacion-comercial\\\/#webpage\"},\"isPartOf\":{\"@id\":\"https:\\\/\\\/www.eldigitaldeasturias.com\\\/noticias\\\/fernandez-sarasola-ve-necesario-un-nuevo-plan-local-de-ordenacion-comercial\\\/#webpage\"},\"articleSection\":\"Actualidad Asturias\"},{\"@type\":\"BreadcrumbList\",\"@id\":\"https:\\\/\\\/www.eldigitaldeasturias.com\\\/noticias\\\/fernandez-sarasola-ve-necesario-un-nuevo-plan-local-de-ordenacion-comercial\\\/#breadcrumblist\",\"itemListElement\":[{\"@type\":\"ListItem\",\"@id\":\"https:\\\/\\\/www.eldigitaldeasturias.com\\\/noticias#listItem\",\"position\":1,\"name\":\"Home\",\"item\":\"https:\\\/\\\/www.eldigitaldeasturias.com\\\/noticias\",\"nextItem\":{\"@type\":\"ListItem\",\"@id\":\"https:\\\/\\\/www.eldigitaldeasturias.com\\\/noticias\\\/category\\\/actualidad-asturias\\\/#listItem\",\"name\":\"Actualidad Asturias\"}},{\"@type\":\"ListItem\",\"@id\":\"https:\\\/\\\/www.eldigitaldeasturias.com\\\/noticias\\\/category\\\/actualidad-asturias\\\/#listItem\",\"position\":2,\"name\":\"Actualidad Asturias\",\"item\":\"https:\\\/\\\/www.eldigitaldeasturias.com\\\/noticias\\\/category\\\/actualidad-asturias\\\/\",\"nextItem\":{\"@type\":\"ListItem\",\"@id\":\"https:\\\/\\\/www.eldigitaldeasturias.com\\\/noticias\\\/fernandez-sarasola-ve-necesario-un-nuevo-plan-local-de-ordenacion-comercial\\\/#listItem\",\"name\":\"Fern\\u00e1ndez Sarasola ve necesario un nuevo Plan Local de Ordenaci\\u00f3n Comercial\"},\"previousItem\":{\"@type\":\"ListItem\",\"@id\":\"https:\\\/\\\/www.eldigitaldeasturias.com\\\/noticias#listItem\",\"name\":\"Home\"}},{\"@type\":\"ListItem\",\"@id\":\"https:\\\/\\\/www.eldigitaldeasturias.com\\\/noticias\\\/fernandez-sarasola-ve-necesario-un-nuevo-plan-local-de-ordenacion-comercial\\\/#listItem\",\"position\":3,\"name\":\"Fern\\u00e1ndez Sarasola ve necesario un nuevo Plan Local de Ordenaci\\u00f3n Comercial\",\"previousItem\":{\"@type\":\"ListItem\",\"@id\":\"https:\\\/\\\/www.eldigitaldeasturias.com\\\/noticias\\\/category\\\/actualidad-asturias\\\/#listItem\",\"name\":\"Actualidad Asturias\"}}]},{\"@type\":\"Organization\",\"@id\":\"https:\\\/\\\/www.eldigitaldeasturias.com\\\/noticias\\\/#organization\",\"name\":\"El Digital de Asturias\",\"description\":\"Hemeroteca\",\"url\":\"https:\\\/\\\/www.eldigitaldeasturias.com\\\/noticias\\\/\",\"email\":\"info@eldigitaldeasturias.com\",\"telephone\":\"+34652131393\",\"logo\":{\"@type\":\"ImageObject\",\"url\":\"https:\\\/\\\/www.eldigitaldeasturias.com\\\/noticias\\\/wp-content\\\/uploads\\\/2020\\\/12\\\/EDA.jpg\",\"@id\":\"https:\\\/\\\/www.eldigitaldeasturias.com\\\/noticias\\\/fernandez-sarasola-ve-necesario-un-nuevo-plan-local-de-ordenacion-comercial\\\/#organizationLogo\",\"width\":649,\"height\":297},\"image\":{\"@id\":\"https:\\\/\\\/www.eldigitaldeasturias.com\\\/noticias\\\/fernandez-sarasola-ve-necesario-un-nuevo-plan-local-de-ordenacion-comercial\\\/#organizationLogo\"},\"sameAs\":[\"https:\\\/\\\/facebook.com\\\/eldigitaldeasturias\",\"https:\\\/\\\/www.youtube.com\\\/channel\\\/UCZP-2wLEB9Rv6erhFmqVnvg\"],\"address\":{\"@id\":\"https:\\\/\\\/www.eldigitaldeasturias.com\\\/noticias\\\/#postaladdress\",\"@type\":\"PostalAddress\",\"streetAddress\":\"san antonio 4,\",\"postalCode\":\"33430\",\"addressLocality\":\"Cand\\u00e1s\",\"addressRegion\":\"Asturias\",\"addressCountry\":\"ES\"}},{\"@type\":\"Person\",\"@id\":\"https:\\\/\\\/www.eldigitaldeasturias.com\\\/noticias\\\/author\\\/admin\\\/#author\",\"url\":\"https:\\\/\\\/www.eldigitaldeasturias.com\\\/noticias\\\/author\\\/admin\\\/\",\"name\":\"El Digital de Asturias\",\"image\":{\"@type\":\"ImageObject\",\"@id\":\"https:\\\/\\\/www.eldigitaldeasturias.com\\\/noticias\\\/fernandez-sarasola-ve-necesario-un-nuevo-plan-local-de-ordenacion-comercial\\\/#authorImage\",\"url\":\"https:\\\/\\\/www.eldigitaldeasturias.com\\\/noticias\\\/wp-content\\\/litespeed\\\/avatar\\\/18677e78aa0546b92d9dbf31ec7d7668.jpg?ver=1777290358\",\"width\":96,\"height\":96,\"caption\":\"El Digital de Asturias\"}},{\"@type\":\"WebPage\",\"@id\":\"https:\\\/\\\/www.eldigitaldeasturias.com\\\/noticias\\\/fernandez-sarasola-ve-necesario-un-nuevo-plan-local-de-ordenacion-comercial\\\/#webpage\",\"url\":\"https:\\\/\\\/www.eldigitaldeasturias.com\\\/noticias\\\/fernandez-sarasola-ve-necesario-un-nuevo-plan-local-de-ordenacion-comercial\\\/\",\"name\":\"Fern\\u00e1ndez Sarasola ve necesario un nuevo Plan Local de Ordenaci\\u00f3n Comercial - El Digital de Asturias\",\"description\":\"El portavoz del Grupo Municipal de Ciudadanos (C's) en el Ayuntamiento de Gij\\u00f3n, Jos\\u00e9 Carlos Fern\\u00e1ndez Sarasola, preguntar\\u00e1 en la Comisi\\u00f3n de Hacienda por la elaboraci\\u00f3n de un nuevo Plan Local de Ordenaci\\u00f3n Comercial. Sarasola, a trav\\u00e9s de una nota de prensa, ha visto necesario este Plan como instrumento esencial para que este sector siga\",\"inLanguage\":\"es-ES\",\"isPartOf\":{\"@id\":\"https:\\\/\\\/www.eldigitaldeasturias.com\\\/noticias\\\/#website\"},\"breadcrumb\":{\"@id\":\"https:\\\/\\\/www.eldigitaldeasturias.com\\\/noticias\\\/fernandez-sarasola-ve-necesario-un-nuevo-plan-local-de-ordenacion-comercial\\\/#breadcrumblist\"},\"author\":{\"@id\":\"https:\\\/\\\/www.eldigitaldeasturias.com\\\/noticias\\\/author\\\/admin\\\/#author\"},\"creator\":{\"@id\":\"https:\\\/\\\/www.eldigitaldeasturias.com\\\/noticias\\\/author\\\/admin\\\/#author\"},\"image\":{\"@type\":\"ImageObject\",\"url\":\"https:\\\/\\\/www.eldigitaldeasturias.com\\\/noticias\\\/wp-content\\\/uploads\\\/2016\\\/09\\\/fotonoticia_20160919125526_800.jpg\",\"@id\":\"https:\\\/\\\/www.eldigitaldeasturias.com\\\/noticias\\\/fernandez-sarasola-ve-necesario-un-nuevo-plan-local-de-ordenacion-comercial\\\/#mainImage\",\"width\":800,\"height\":1067},\"primaryImageOfPage\":{\"@id\":\"https:\\\/\\\/www.eldigitaldeasturias.com\\\/noticias\\\/fernandez-sarasola-ve-necesario-un-nuevo-plan-local-de-ordenacion-comercial\\\/#mainImage\"},\"datePublished\":\"2016-09-19T23:02:30+02:00\",\"dateModified\":\"2016-09-19T23:02:30+02:00\"},{\"@type\":\"WebSite\",\"@id\":\"https:\\\/\\\/www.eldigitaldeasturias.com\\\/noticias\\\/#website\",\"url\":\"https:\\\/\\\/www.eldigitaldeasturias.com\\\/noticias\\\/\",\"name\":\"El Digital de Asturias - Diario de actualidad y noticias\",\"alternateName\":\"El Digital de Asturias - Diario de actualidad y noticias\",\"description\":\"Hemeroteca\",\"inLanguage\":\"es-ES\",\"publisher\":{\"@id\":\"https:\\\/\\\/www.eldigitaldeasturias.com\\\/noticias\\\/#organization\"}}]}\n\t\t<\/script>\n\t\t<!-- All in One SEO Pro -->\r\n\t\t<title>Fern\u00e1ndez Sarasola ve necesario un nuevo Plan Local de Ordenaci\u00f3n Comercial - El Digital de Asturias<\/title>\n\n","aioseo_head_json":{"title":"Fern\u00e1ndez Sarasola ve necesario un nuevo Plan Local de Ordenaci\u00f3n Comercial - El Digital de Asturias","description":"El portavoz del Grupo Municipal de Ciudadanos (C's) en el Ayuntamiento de Gij\u00f3n, Jos\u00e9 Carlos Fern\u00e1ndez Sarasola, preguntar\u00e1 en la Comisi\u00f3n de Hacienda por la elaboraci\u00f3n de un nuevo Plan Local de Ordenaci\u00f3n Comercial. Sarasola, a trav\u00e9s de una nota de prensa, ha visto necesario este Plan como instrumento esencial para que este sector siga","canonical_url":"https:\/\/www.eldigitaldeasturias.com\/noticias\/fernandez-sarasola-ve-necesario-un-nuevo-plan-local-de-ordenacion-comercial\/","robots":"max-image-preview:large","keywords":"actualidad asturias","webmasterTools":{"google-site-verification":"UA-38556648-1","msvalidate.01":"7dfe9f3f1b24437ab69f4f2559babe99","miscellaneous":""},"schema":{"@context":"https:\/\/schema.org","@graph":[{"@type":"BlogPosting","@id":"https:\/\/www.eldigitaldeasturias.com\/noticias\/fernandez-sarasola-ve-necesario-un-nuevo-plan-local-de-ordenacion-comercial\/#blogposting","name":"Fern\u00e1ndez Sarasola ve necesario un nuevo Plan Local de Ordenaci\u00f3n Comercial - El Digital de Asturias","headline":"Fern\u00e1ndez Sarasola ve necesario un nuevo Plan Local de Ordenaci\u00f3n Comercial","author":{"@id":"https:\/\/www.eldigitaldeasturias.com\/noticias\/author\/admin\/#author"},"publisher":{"@id":"https:\/\/www.eldigitaldeasturias.com\/noticias\/#organization"},"image":{"@type":"ImageObject","url":"https:\/\/www.eldigitaldeasturias.com\/noticias\/wp-content\/uploads\/2016\/09\/fotonoticia_20160919125526_800.jpg","width":800,"height":1067},"datePublished":"2016-09-19T23:02:30+02:00","dateModified":"2016-09-19T23:02:30+02:00","inLanguage":"es-ES","mainEntityOfPage":{"@id":"https:\/\/www.eldigitaldeasturias.com\/noticias\/fernandez-sarasola-ve-necesario-un-nuevo-plan-local-de-ordenacion-comercial\/#webpage"},"isPartOf":{"@id":"https:\/\/www.eldigitaldeasturias.com\/noticias\/fernandez-sarasola-ve-necesario-un-nuevo-plan-local-de-ordenacion-comercial\/#webpage"},"articleSection":"Actualidad Asturias"},{"@type":"BreadcrumbList","@id":"https:\/\/www.eldigitaldeasturias.com\/noticias\/fernandez-sarasola-ve-necesario-un-nuevo-plan-local-de-ordenacion-comercial\/#breadcrumblist","itemListElement":[{"@type":"ListItem","@id":"https:\/\/www.eldigitaldeasturias.com\/noticias#listItem","position":1,"name":"Home","item":"https:\/\/www.eldigitaldeasturias.com\/noticias","nextItem":{"@type":"ListItem","@id":"https:\/\/www.eldigitaldeasturias.com\/noticias\/category\/actualidad-asturias\/#listItem","name":"Actualidad Asturias"}},{"@type":"ListItem","@id":"https:\/\/www.eldigitaldeasturias.com\/noticias\/category\/actualidad-asturias\/#listItem","position":2,"name":"Actualidad Asturias","item":"https:\/\/www.eldigitaldeasturias.com\/noticias\/category\/actualidad-asturias\/","nextItem":{"@type":"ListItem","@id":"https:\/\/www.eldigitaldeasturias.com\/noticias\/fernandez-sarasola-ve-necesario-un-nuevo-plan-local-de-ordenacion-comercial\/#listItem","name":"Fern\u00e1ndez Sarasola ve necesario un nuevo Plan Local de Ordenaci\u00f3n Comercial"},"previousItem":{"@type":"ListItem","@id":"https:\/\/www.eldigitaldeasturias.com\/noticias#listItem","name":"Home"}},{"@type":"ListItem","@id":"https:\/\/www.eldigitaldeasturias.com\/noticias\/fernandez-sarasola-ve-necesario-un-nuevo-plan-local-de-ordenacion-comercial\/#listItem","position":3,"name":"Fern\u00e1ndez Sarasola ve necesario un nuevo Plan Local de Ordenaci\u00f3n Comercial","previousItem":{"@type":"ListItem","@id":"https:\/\/www.eldigitaldeasturias.com\/noticias\/category\/actualidad-asturias\/#listItem","name":"Actualidad Asturias"}}]},{"@type":"Organization","@id":"https:\/\/www.eldigitaldeasturias.com\/noticias\/#organization","name":"El Digital de Asturias","description":"Hemeroteca","url":"https:\/\/www.eldigitaldeasturias.com\/noticias\/","email":"info@eldigitaldeasturias.com","telephone":"+34652131393","logo":{"@type":"ImageObject","url":"https:\/\/www.eldigitaldeasturias.com\/noticias\/wp-content\/uploads\/2020\/12\/EDA.jpg","@id":"https:\/\/www.eldigitaldeasturias.com\/noticias\/fernandez-sarasola-ve-necesario-un-nuevo-plan-local-de-ordenacion-comercial\/#organizationLogo","width":649,"height":297},"image":{"@id":"https:\/\/www.eldigitaldeasturias.com\/noticias\/fernandez-sarasola-ve-necesario-un-nuevo-plan-local-de-ordenacion-comercial\/#organizationLogo"},"sameAs":["https:\/\/facebook.com\/eldigitaldeasturias","https:\/\/www.youtube.com\/channel\/UCZP-2wLEB9Rv6erhFmqVnvg"],"address":{"@id":"https:\/\/www.eldigitaldeasturias.com\/noticias\/#postaladdress","@type":"PostalAddress","streetAddress":"san antonio 4,","postalCode":"33430","addressLocality":"Cand\u00e1s","addressRegion":"Asturias","addressCountry":"ES"}},{"@type":"Person","@id":"https:\/\/www.eldigitaldeasturias.com\/noticias\/author\/admin\/#author","url":"https:\/\/www.eldigitaldeasturias.com\/noticias\/author\/admin\/","name":"El Digital de Asturias","image":{"@type":"ImageObject","@id":"https:\/\/www.eldigitaldeasturias.com\/noticias\/fernandez-sarasola-ve-necesario-un-nuevo-plan-local-de-ordenacion-comercial\/#authorImage","url":"https:\/\/www.eldigitaldeasturias.com\/noticias\/wp-content\/litespeed\/avatar\/18677e78aa0546b92d9dbf31ec7d7668.jpg?ver=1777290358","width":96,"height":96,"caption":"El Digital de Asturias"}},{"@type":"WebPage","@id":"https:\/\/www.eldigitaldeasturias.com\/noticias\/fernandez-sarasola-ve-necesario-un-nuevo-plan-local-de-ordenacion-comercial\/#webpage","url":"https:\/\/www.eldigitaldeasturias.com\/noticias\/fernandez-sarasola-ve-necesario-un-nuevo-plan-local-de-ordenacion-comercial\/","name":"Fern\u00e1ndez Sarasola ve necesario un nuevo Plan Local de Ordenaci\u00f3n Comercial - El Digital de Asturias","description":"El portavoz del Grupo Municipal de Ciudadanos (C's) en el Ayuntamiento de Gij\u00f3n, Jos\u00e9 Carlos Fern\u00e1ndez Sarasola, preguntar\u00e1 en la Comisi\u00f3n de Hacienda por la elaboraci\u00f3n de un nuevo Plan Local de Ordenaci\u00f3n Comercial. Sarasola, a trav\u00e9s de una nota de prensa, ha visto necesario este Plan como instrumento esencial para que este sector siga","inLanguage":"es-ES","isPartOf":{"@id":"https:\/\/www.eldigitaldeasturias.com\/noticias\/#website"},"breadcrumb":{"@id":"https:\/\/www.eldigitaldeasturias.com\/noticias\/fernandez-sarasola-ve-necesario-un-nuevo-plan-local-de-ordenacion-comercial\/#breadcrumblist"},"author":{"@id":"https:\/\/www.eldigitaldeasturias.com\/noticias\/author\/admin\/#author"},"creator":{"@id":"https:\/\/www.eldigitaldeasturias.com\/noticias\/author\/admin\/#author"},"image":{"@type":"ImageObject","url":"https:\/\/www.eldigitaldeasturias.com\/noticias\/wp-content\/uploads\/2016\/09\/fotonoticia_20160919125526_800.jpg","@id":"https:\/\/www.eldigitaldeasturias.com\/noticias\/fernandez-sarasola-ve-necesario-un-nuevo-plan-local-de-ordenacion-comercial\/#mainImage","width":800,"height":1067},"primaryImageOfPage":{"@id":"https:\/\/www.eldigitaldeasturias.com\/noticias\/fernandez-sarasola-ve-necesario-un-nuevo-plan-local-de-ordenacion-comercial\/#mainImage"},"datePublished":"2016-09-19T23:02:30+02:00","dateModified":"2016-09-19T23:02:30+02:00"},{"@type":"WebSite","@id":"https:\/\/www.eldigitaldeasturias.com\/noticias\/#website","url":"https:\/\/www.eldigitaldeasturias.com\/noticias\/","name":"El Digital de Asturias - Diario de actualidad y noticias","alternateName":"El Digital de Asturias - Diario de actualidad y noticias","description":"Hemeroteca","inLanguage":"es-ES","publisher":{"@id":"https:\/\/www.eldigitaldeasturias.com\/noticias\/#organization"}}]},"og:locale":"es_ES","og:site_name":"El Digital de Asturias","og:type":"article","og:title":"Fern\u00e1ndez Sarasola ve necesario un nuevo Plan Local de Ordenaci\u00f3n Comercial - El Digital de Asturias","og:description":"El portavoz del Grupo Municipal de Ciudadanos (C's) en el Ayuntamiento de Gij\u00f3n, Jos\u00e9 Carlos Fern\u00e1ndez Sarasola, preguntar\u00e1 en la Comisi\u00f3n de Hacienda por la elaboraci\u00f3n de un nuevo Plan Local de Ordenaci\u00f3n Comercial. Sarasola, a trav\u00e9s de una nota de prensa, ha visto necesario este Plan como instrumento esencial para que este sector siga","og:url":"https:\/\/www.eldigitaldeasturias.com\/noticias\/fernandez-sarasola-ve-necesario-un-nuevo-plan-local-de-ordenacion-comercial\/","og:image":"https:\/\/www.eldigitaldeasturias.com\/noticias\/wp-content\/uploads\/2016\/09\/fotonoticia_20160919125526_800.jpg","og:image:secure_url":"https:\/\/www.eldigitaldeasturias.com\/noticias\/wp-content\/uploads\/2016\/09\/fotonoticia_20160919125526_800.jpg","og:image:width":800,"og:image:height":1067,"article:tag":["actualidad asturias"],"article:published_time":"2016-09-19T22:02:30+00:00","article:modified_time":"2016-09-19T22:02:30+00:00","article:publisher":"https:\/\/facebook.com\/eldigitaldeasturias","twitter:card":"summary_large_image","twitter:title":"Fern\u00e1ndez Sarasola ve necesario un nuevo Plan Local de Ordenaci\u00f3n Comercial - El Digital de Asturias","twitter:description":"El portavoz del Grupo Municipal de Ciudadanos (C's) en el Ayuntamiento de Gij\u00f3n, Jos\u00e9 Carlos Fern\u00e1ndez Sarasola, preguntar\u00e1 en la Comisi\u00f3n de Hacienda por la elaboraci\u00f3n de un nuevo Plan Local de Ordenaci\u00f3n Comercial. Sarasola, a trav\u00e9s de una nota de prensa, ha visto necesario este Plan como instrumento esencial para que este sector siga","twitter:image":"https:\/\/www.eldigitaldeasturias.com\/noticias\/wp-content\/uploads\/2016\/09\/fotonoticia_20160919125526_800.jpg","twitter:label1":"Escrito por","twitter:data1":"El Digital de Asturias","twitter:label2":"Tiempo de lectura estimado","twitter:data2":"1 minuto"},"aioseo_meta_data":{"post_id":"908513","title":null,"description":null,"keywords":null,"keyphrases":null,"primary_term":null,"canonical_url":null,"og_title":null,"og_description":null,"og_object_type":"default","og_image_type":"default","og_image_url":null,"og_image_width":null,"og_image_height":null,"og_image_custom_url":null,"og_image_custom_fields":null,"og_video":null,"og_custom_url":null,"og_article_section":null,"og_article_tags":null,"twitter_use_og":false,"twitter_card":"default","twitter_image_type":"default","twitter_image_url":null,"twitter_image_custom_url":null,"twitter_image_custom_fields":null,"twitter_title":null,"twitter_description":null,"schema":{"blockGraphs":[],"customGraphs":[],"default":{"data":{"Article":[],"Course":[],"Dataset":[],"FAQPage":[],"Movie":[],"Person":[],"Product":[],"ProductReview":[],"Car":[],"Recipe":[],"Service":[],"SoftwareApplication":[],"WebPage":[]},"graphName":"","isEnabled":true},"graphs":[],"defaultGraph":"","defaultPostTypeGraph":""},"schema_type":null,"schema_type_options":null,"pillar_content":false,"robots_default":true,"robots_noindex":false,"robots_noarchive":false,"robots_nosnippet":false,"robots_nofollow":false,"robots_noimageindex":false,"robots_noodp":false,"robots_notranslate":false,"robots_max_snippet":null,"robots_max_videopreview":null,"robots_max_imagepreview":"large","priority":null,"frequency":null,"local_seo":null,"seo_analyzer_scan_date":"2025-11-30 16:23:18","breadcrumb_settings":null,"limit_modified_date":false,"open_ai":null,"ai":null,"created":"2020-12-21 14:00:05","updated":"2025-11-30 16:23:18"},"aioseo_breadcrumb":"<div class=\"aioseo-breadcrumbs\"><span class=\"aioseo-breadcrumb\">\n\t<a href=\"https:\/\/www.eldigitaldeasturias.com\/noticias\" title=\"Home\">Home<\/a>\n<\/span><span class=\"aioseo-breadcrumb-separator\">\u2013<\/span><span class=\"aioseo-breadcrumb\">\n\t<a href=\"https:\/\/www.eldigitaldeasturias.com\/noticias\/category\/actualidad-asturias\/\" title=\"Actualidad Asturias\">Actualidad Asturias<\/a>\n<\/span><span class=\"aioseo-breadcrumb-separator\">\u2013<\/span><span class=\"aioseo-breadcrumb\">\n\t<a href=\"https:\/\/www.eldigitaldeasturias.com\/noticias\/fernandez-sarasola-ve-necesario-un-nuevo-plan-local-de-ordenacion-comercial\/\" title=\"Fern\u00e1ndez Sarasola ve necesario un nuevo Plan Local de Ordenaci\u00f3n Comercial\">Fern\u00e1ndez Sarasola ve necesario un nuevo Plan Local de Ordenaci\u00f3n Comercial<\/a>\n<\/span><\/div>","aioseo_breadcrumb_json":[{"label":"Home","link":"https:\/\/www.eldigitaldeasturias.com\/noticias"},{"label":"Actualidad Asturias","link":"https:\/\/www.eldigitaldeasturias.com\/noticias\/category\/actualidad-asturias\/"},{"label":"Fern\u00e1ndez Sarasola ve necesario un nuevo Plan Local de Ordenaci\u00f3n Comercial","link":"https:\/\/www.eldigitaldeasturias.com\/noticias\/fernandez-sarasola-ve-necesario-un-nuevo-plan-local-de-ordenacion-comercial\/"}],"_links":{"self":[{"href":"https:\/\/www.eldigitaldeasturias.com\/noticias\/wp-json\/wp\/v2\/posts\/908513","targetHints":{"allow":["GET"]}}],"collection":[{"href":"https:\/\/www.eldigitaldeasturias.com\/noticias\/wp-json\/wp\/v2\/posts"}],"about":[{"href":"https:\/\/www.eldigitaldeasturias.com\/noticias\/wp-json\/wp\/v2\/types\/post"}],"author":[{"embeddable":true,"href":"https:\/\/www.eldigitaldeasturias.com\/noticias\/wp-json\/wp\/v2\/users\/1"}],"replies":[{"embeddable":true,"href":"https:\/\/www.eldigitaldeasturias.com\/noticias\/wp-json\/wp\/v2\/comments?post=908513"}],"version-history":[{"count":0,"href":"https:\/\/www.eldigitaldeasturias.com\/noticias\/wp-json\/wp\/v2\/posts\/908513\/revisions"}],"wp:featuredmedia":[{"embeddable":true,"href":"https:\/\/www.eldigitaldeasturias.com\/noticias\/wp-json\/wp\/v2\/media\/908514"}],"wp:attachment":[{"href":"https:\/\/www.eldigitaldeasturias.com\/noticias\/wp-json\/wp\/v2\/media?parent=908513"}],"wp:term":[{"taxonomy":"category","embeddable":true,"href":"https:\/\/www.eldigitaldeasturias.com\/noticias\/wp-json\/wp\/v2\/categories?post=908513"},{"taxonomy":"post_tag","embeddable":true,"href":"https:\/\/www.eldigitaldeasturias.com\/noticias\/wp-json\/wp\/v2\/tags?post=908513"}],"curies":[{"name":"wp","href":"https:\/\/api.w.org\/{rel}","templated":true}]}}