{"id":908511,"date":"2016-09-19T22:21:25","date_gmt":"2016-09-19T21:21:25","guid":{"rendered":"http:\/\/www.eldigitaldeasturias.com\/noticias\/?p=908511"},"modified":"2016-09-19T22:21:25","modified_gmt":"2016-09-19T21:21:25","slug":"cataluna-madrid-y-andalucia-lideran-la-implantacion-de-la-factura-electronica","status":"publish","type":"post","link":"https:\/\/www.eldigitaldeasturias.com\/noticias\/cataluna-madrid-y-andalucia-lideran-la-implantacion-de-la-factura-electronica\/","title":{"rendered":"Catalu\u00f1a, Madrid y Andaluc\u00eda lideran la implantaci\u00f3n de la factura electr\u00f3nica"},"content":{"rendered":"<p><img loading=\"lazy\" decoding=\"async\" class=\"alignleft size-medium wp-image-780683\" src=\"https:\/\/www.eldigitaldeasturias.com\/noticias\/wp-content\/uploads\/2015\/04\/euros1-360x198.jpg\" alt=\"euros\" width=\"360\" height=\"198\" srcset=\"https:\/\/www.eldigitaldeasturias.com\/noticias\/wp-content\/uploads\/2015\/04\/euros1-360x198.jpg 360w, https:\/\/www.eldigitaldeasturias.com\/noticias\/wp-content\/uploads\/2015\/04\/euros1-480x264.jpg 480w, https:\/\/www.eldigitaldeasturias.com\/noticias\/wp-content\/uploads\/2015\/04\/euros1-20x11.jpg 20w, https:\/\/www.eldigitaldeasturias.com\/noticias\/wp-content\/uploads\/2015\/04\/euros1.jpg 655w\" sizes=\"auto, (max-width: 360px) 100vw, 360px\" \/>Asturias ocupa el und\u00e9cimo puesto en el ranking de Comunidades Aut\u00f3nomas con mayor implantaci\u00f3n de la factura electr\u00f3nica, que lideran Catalu\u00f1a, Madrid, Andaluc\u00eda, Valencia y Galicia, por este orden, seg\u00fan el &#8216;Estudio de implantaci\u00f3n de la factura electr\u00f3nica en Espa\u00f1a&#8217;, realizado por Seres.<\/p>\n<p>El trabajo, que analiza el intercambio de facturas electr\u00f3nicas entre empresas relacionando los datos del primer semestre de 2015 con los de 2014, se\u00f1ala que Asturias increment\u00f3 en 2015 la recepci\u00f3n de facturas electr\u00f3nicas un 0,40% con respecto al a\u00f1o anterior, pero disminuy\u00f3 la emisi\u00f3n un 0,74%.<\/p>\n<p>Seg\u00fan el informe, el Principado de Asturias aumenta su ratio del total de las e-facturas recibidas en Espa\u00f1a, alcanzando el 1,13%, mientras que el ratio de facturas electr\u00f3nicas emitidas se sit\u00faa en un 0,35 %.<\/p>\n<p>Por otra parte, el porcentaje de empresas asturianas que emiten e-factura ha experimentado un descenso del 2,38%, obteniendo el 0,96% del total de toda Espa\u00f1a, al igual que las receptoras, que, con una bajada del 1,32%, alcanza el 0,56% del global espa\u00f1ol.<\/p>\n<p>A nivel nacional, las Administraciones P\u00fablicas intercambiaron con sus proveedores cerca de diez millones de facturas electr\u00f3nicas durante el primer semestre de 2015, con las que se ahorraron casi 50 millones de euros en su recepci\u00f3n y m\u00e1s de 28 millones en su emisi\u00f3n, seg\u00fan el estudio.<\/p>\n<p>La entrada en vigor de la Ley 25\/2013 el 15 de enero del a\u00f1o pasado oblig\u00f3 a los proveedores de las Administraciones P\u00fablicas a utilizar la factura electr\u00f3nica.<\/p>\n<p>De esta manera, diez millones de facturas electr\u00f3nicas emitidas por los proveedores de las AAPP se sumaron a las intercambiadas por las compa\u00f1\u00edas espa\u00f1olas, que alcanzaron los 77,7 millones en este periodo, un 15,8% m\u00e1s que en el mismo semestre del a\u00f1o anterior.<\/p>\n<p>Seg\u00fan el estudio, las empresas y las Administraciones P\u00fablicas ahorraron m\u00e1s de 434 millones de euros en la recepci\u00f3n de facturas durante el periodo analizado y casi 247 millones de euros en su emisi\u00f3n.<\/p>\n<p>&nbsp;<\/p>\n","protected":false},"excerpt":{"rendered":"<p>Asturias ocupa el und\u00e9cimo puesto en el ranking de Comunidades Aut\u00f3nomas con mayor implantaci\u00f3n de la factura electr\u00f3nica, que lideran Catalu\u00f1a, Madrid, Andaluc\u00eda, Valencia y Galicia, por este orden, seg\u00fan el &#8216;Estudio de implantaci\u00f3n de la factura electr\u00f3nica en Espa\u00f1a&#8217;, realizado por Seres. El trabajo, que analiza el intercambio de facturas electr\u00f3nicas entre empresas relacionando [&hellip;]<\/p>\n","protected":false},"author":1,"featured_media":780683,"comment_status":"closed","ping_status":"closed","sticky":false,"template":"","format":"standard","meta":{"footnotes":""},"categories":[1],"tags":[],"class_list":["post-908511","post","type-post","status-publish","format-standard","has-post-thumbnail","hentry","category-actualidad"],"aioseo_notices":[],"aioseo_head":"\n\t\t<!-- All in One SEO Pro 4.9.6.2 - aioseo.com -->\n\t<meta name=\"description\" content=\"Asturias ocupa el und\u00e9cimo puesto en el ranking de Comunidades Aut\u00f3nomas con mayor implantaci\u00f3n de la factura electr\u00f3nica, que lideran Catalu\u00f1a, Madrid, Andaluc\u00eda, Valencia y Galicia, por este orden, seg\u00fan el &#039;Estudio de implantaci\u00f3n de la factura electr\u00f3nica en Espa\u00f1a&#039;, realizado por Seres. El trabajo, que analiza el intercambio de facturas electr\u00f3nicas entre empresas relacionando\" \/>\n\t<meta name=\"robots\" content=\"max-image-preview:large\" \/>\n\t<meta name=\"author\" content=\"El Digital de Asturias\"\/>\n\t<meta name=\"google-site-verification\" content=\"UA-38556648-1\" \/>\n\t<meta name=\"msvalidate.01\" content=\"7dfe9f3f1b24437ab69f4f2559babe99\" \/>\n\t<meta name=\"keywords\" content=\"actualidad\" \/>\n\t<link rel=\"canonical\" href=\"https:\/\/www.eldigitaldeasturias.com\/noticias\/cataluna-madrid-y-andalucia-lideran-la-implantacion-de-la-factura-electronica\/\" \/>\n\t<meta name=\"generator\" content=\"All in One SEO Pro (AIOSEO) 4.9.6.2\" \/>\n\t\t<meta property=\"og:locale\" content=\"es_ES\" \/>\n\t\t<meta property=\"og:site_name\" content=\"El Digital de Asturias\" \/>\n\t\t<meta property=\"og:type\" content=\"article\" \/>\n\t\t<meta property=\"og:title\" content=\"Catalu\u00f1a, Madrid y Andaluc\u00eda lideran la implantaci\u00f3n de la factura electr\u00f3nica - El Digital de Asturias\" \/>\n\t\t<meta property=\"og:description\" content=\"Asturias ocupa el und\u00e9cimo puesto en el ranking de Comunidades Aut\u00f3nomas con mayor implantaci\u00f3n de la factura electr\u00f3nica, que lideran Catalu\u00f1a, Madrid, Andaluc\u00eda, Valencia y Galicia, por este orden, seg\u00fan el &#039;Estudio de implantaci\u00f3n de la factura electr\u00f3nica en Espa\u00f1a&#039;, realizado por Seres. El trabajo, que analiza el intercambio de facturas electr\u00f3nicas entre empresas relacionando\" \/>\n\t\t<meta property=\"og:url\" content=\"https:\/\/www.eldigitaldeasturias.com\/noticias\/cataluna-madrid-y-andalucia-lideran-la-implantacion-de-la-factura-electronica\/\" \/>\n\t\t<meta property=\"og:image\" content=\"https:\/\/www.eldigitaldeasturias.com\/noticias\/wp-content\/uploads\/2015\/04\/euros1.jpg\" \/>\n\t\t<meta property=\"og:image:secure_url\" content=\"https:\/\/www.eldigitaldeasturias.com\/noticias\/wp-content\/uploads\/2015\/04\/euros1.jpg\" \/>\n\t\t<meta property=\"og:image:width\" content=\"655\" \/>\n\t\t<meta property=\"og:image:height\" content=\"360\" \/>\n\t\t<meta property=\"article:tag\" content=\"actualidad\" \/>\n\t\t<meta property=\"article:published_time\" content=\"2016-09-19T21:21:25+00:00\" \/>\n\t\t<meta property=\"article:modified_time\" content=\"2016-09-19T21:21:25+00:00\" \/>\n\t\t<meta property=\"article:publisher\" content=\"https:\/\/facebook.com\/eldigitaldeasturias\" \/>\n\t\t<meta name=\"twitter:card\" content=\"summary_large_image\" \/>\n\t\t<meta name=\"twitter:title\" content=\"Catalu\u00f1a, Madrid y Andaluc\u00eda lideran la implantaci\u00f3n de la factura electr\u00f3nica - El Digital de Asturias\" \/>\n\t\t<meta name=\"twitter:description\" content=\"Asturias ocupa el und\u00e9cimo puesto en el ranking de Comunidades Aut\u00f3nomas con mayor implantaci\u00f3n de la factura electr\u00f3nica, que lideran Catalu\u00f1a, Madrid, Andaluc\u00eda, Valencia y Galicia, por este orden, seg\u00fan el &#039;Estudio de implantaci\u00f3n de la factura electr\u00f3nica en Espa\u00f1a&#039;, realizado por Seres. El trabajo, que analiza el intercambio de facturas electr\u00f3nicas entre empresas relacionando\" \/>\n\t\t<meta name=\"twitter:image\" content=\"https:\/\/www.eldigitaldeasturias.com\/noticias\/wp-content\/uploads\/2015\/04\/euros1.jpg\" \/>\n\t\t<meta name=\"twitter:label1\" content=\"Escrito por\" \/>\n\t\t<meta name=\"twitter:data1\" content=\"El Digital de Asturias\" \/>\n\t\t<meta name=\"twitter:label2\" content=\"Tiempo de lectura estimado\" \/>\n\t\t<meta name=\"twitter:data2\" content=\"2 minutos\" \/>\n\t\t<script type=\"application\/ld+json\" class=\"aioseo-schema\">\n\t\t\t{\"@context\":\"https:\\\/\\\/schema.org\",\"@graph\":[{\"@type\":\"BlogPosting\",\"@id\":\"https:\\\/\\\/www.eldigitaldeasturias.com\\\/noticias\\\/cataluna-madrid-y-andalucia-lideran-la-implantacion-de-la-factura-electronica\\\/#blogposting\",\"name\":\"Catalu\\u00f1a, Madrid y Andaluc\\u00eda lideran la implantaci\\u00f3n de la factura electr\\u00f3nica - El Digital de Asturias\",\"headline\":\"Catalu\\u00f1a, Madrid y Andaluc\\u00eda lideran la implantaci\\u00f3n de la factura electr\\u00f3nica\",\"author\":{\"@id\":\"https:\\\/\\\/www.eldigitaldeasturias.com\\\/noticias\\\/author\\\/admin\\\/#author\"},\"publisher\":{\"@id\":\"https:\\\/\\\/www.eldigitaldeasturias.com\\\/noticias\\\/#organization\"},\"image\":{\"@type\":\"ImageObject\",\"url\":\"https:\\\/\\\/www.eldigitaldeasturias.com\\\/noticias\\\/wp-content\\\/uploads\\\/2015\\\/04\\\/euros1.jpg\",\"width\":655,\"height\":360,\"caption\":\"euros\"},\"datePublished\":\"2016-09-19T22:21:25+02:00\",\"dateModified\":\"2016-09-19T22:21:25+02:00\",\"inLanguage\":\"es-ES\",\"mainEntityOfPage\":{\"@id\":\"https:\\\/\\\/www.eldigitaldeasturias.com\\\/noticias\\\/cataluna-madrid-y-andalucia-lideran-la-implantacion-de-la-factura-electronica\\\/#webpage\"},\"isPartOf\":{\"@id\":\"https:\\\/\\\/www.eldigitaldeasturias.com\\\/noticias\\\/cataluna-madrid-y-andalucia-lideran-la-implantacion-de-la-factura-electronica\\\/#webpage\"},\"articleSection\":\"Actualidad\"},{\"@type\":\"BreadcrumbList\",\"@id\":\"https:\\\/\\\/www.eldigitaldeasturias.com\\\/noticias\\\/cataluna-madrid-y-andalucia-lideran-la-implantacion-de-la-factura-electronica\\\/#breadcrumblist\",\"itemListElement\":[{\"@type\":\"ListItem\",\"@id\":\"https:\\\/\\\/www.eldigitaldeasturias.com\\\/noticias#listItem\",\"position\":1,\"name\":\"Home\",\"item\":\"https:\\\/\\\/www.eldigitaldeasturias.com\\\/noticias\",\"nextItem\":{\"@type\":\"ListItem\",\"@id\":\"https:\\\/\\\/www.eldigitaldeasturias.com\\\/noticias\\\/category\\\/actualidad\\\/#listItem\",\"name\":\"Actualidad\"}},{\"@type\":\"ListItem\",\"@id\":\"https:\\\/\\\/www.eldigitaldeasturias.com\\\/noticias\\\/category\\\/actualidad\\\/#listItem\",\"position\":2,\"name\":\"Actualidad\",\"item\":\"https:\\\/\\\/www.eldigitaldeasturias.com\\\/noticias\\\/category\\\/actualidad\\\/\",\"nextItem\":{\"@type\":\"ListItem\",\"@id\":\"https:\\\/\\\/www.eldigitaldeasturias.com\\\/noticias\\\/cataluna-madrid-y-andalucia-lideran-la-implantacion-de-la-factura-electronica\\\/#listItem\",\"name\":\"Catalu\\u00f1a, Madrid y Andaluc\\u00eda lideran la implantaci\\u00f3n de la factura electr\\u00f3nica\"},\"previousItem\":{\"@type\":\"ListItem\",\"@id\":\"https:\\\/\\\/www.eldigitaldeasturias.com\\\/noticias#listItem\",\"name\":\"Home\"}},{\"@type\":\"ListItem\",\"@id\":\"https:\\\/\\\/www.eldigitaldeasturias.com\\\/noticias\\\/cataluna-madrid-y-andalucia-lideran-la-implantacion-de-la-factura-electronica\\\/#listItem\",\"position\":3,\"name\":\"Catalu\\u00f1a, Madrid y Andaluc\\u00eda lideran la implantaci\\u00f3n de la factura electr\\u00f3nica\",\"previousItem\":{\"@type\":\"ListItem\",\"@id\":\"https:\\\/\\\/www.eldigitaldeasturias.com\\\/noticias\\\/category\\\/actualidad\\\/#listItem\",\"name\":\"Actualidad\"}}]},{\"@type\":\"Organization\",\"@id\":\"https:\\\/\\\/www.eldigitaldeasturias.com\\\/noticias\\\/#organization\",\"name\":\"El Digital de Asturias\",\"description\":\"Hemeroteca\",\"url\":\"https:\\\/\\\/www.eldigitaldeasturias.com\\\/noticias\\\/\",\"email\":\"info@eldigitaldeasturias.com\",\"telephone\":\"+34652131393\",\"logo\":{\"@type\":\"ImageObject\",\"url\":\"https:\\\/\\\/www.eldigitaldeasturias.com\\\/noticias\\\/wp-content\\\/uploads\\\/2020\\\/12\\\/EDA.jpg\",\"@id\":\"https:\\\/\\\/www.eldigitaldeasturias.com\\\/noticias\\\/cataluna-madrid-y-andalucia-lideran-la-implantacion-de-la-factura-electronica\\\/#organizationLogo\",\"width\":649,\"height\":297},\"image\":{\"@id\":\"https:\\\/\\\/www.eldigitaldeasturias.com\\\/noticias\\\/cataluna-madrid-y-andalucia-lideran-la-implantacion-de-la-factura-electronica\\\/#organizationLogo\"},\"sameAs\":[\"https:\\\/\\\/facebook.com\\\/eldigitaldeasturias\",\"https:\\\/\\\/www.youtube.com\\\/channel\\\/UCZP-2wLEB9Rv6erhFmqVnvg\"],\"address\":{\"@id\":\"https:\\\/\\\/www.eldigitaldeasturias.com\\\/noticias\\\/#postaladdress\",\"@type\":\"PostalAddress\",\"streetAddress\":\"san antonio 4,\",\"postalCode\":\"33430\",\"addressLocality\":\"Cand\\u00e1s\",\"addressRegion\":\"Asturias\",\"addressCountry\":\"ES\"}},{\"@type\":\"Person\",\"@id\":\"https:\\\/\\\/www.eldigitaldeasturias.com\\\/noticias\\\/author\\\/admin\\\/#author\",\"url\":\"https:\\\/\\\/www.eldigitaldeasturias.com\\\/noticias\\\/author\\\/admin\\\/\",\"name\":\"El Digital de Asturias\",\"image\":{\"@type\":\"ImageObject\",\"@id\":\"https:\\\/\\\/www.eldigitaldeasturias.com\\\/noticias\\\/cataluna-madrid-y-andalucia-lideran-la-implantacion-de-la-factura-electronica\\\/#authorImage\",\"url\":\"https:\\\/\\\/www.eldigitaldeasturias.com\\\/noticias\\\/wp-content\\\/litespeed\\\/avatar\\\/18677e78aa0546b92d9dbf31ec7d7668.jpg?ver=1777290358\",\"width\":96,\"height\":96,\"caption\":\"El Digital de Asturias\"}},{\"@type\":\"WebPage\",\"@id\":\"https:\\\/\\\/www.eldigitaldeasturias.com\\\/noticias\\\/cataluna-madrid-y-andalucia-lideran-la-implantacion-de-la-factura-electronica\\\/#webpage\",\"url\":\"https:\\\/\\\/www.eldigitaldeasturias.com\\\/noticias\\\/cataluna-madrid-y-andalucia-lideran-la-implantacion-de-la-factura-electronica\\\/\",\"name\":\"Catalu\\u00f1a, Madrid y Andaluc\\u00eda lideran la implantaci\\u00f3n de la factura electr\\u00f3nica - El Digital de Asturias\",\"description\":\"Asturias ocupa el und\\u00e9cimo puesto en el ranking de Comunidades Aut\\u00f3nomas con mayor implantaci\\u00f3n de la factura electr\\u00f3nica, que lideran Catalu\\u00f1a, Madrid, Andaluc\\u00eda, Valencia y Galicia, por este orden, seg\\u00fan el 'Estudio de implantaci\\u00f3n de la factura electr\\u00f3nica en Espa\\u00f1a', realizado por Seres. El trabajo, que analiza el intercambio de facturas electr\\u00f3nicas entre empresas relacionando\",\"inLanguage\":\"es-ES\",\"isPartOf\":{\"@id\":\"https:\\\/\\\/www.eldigitaldeasturias.com\\\/noticias\\\/#website\"},\"breadcrumb\":{\"@id\":\"https:\\\/\\\/www.eldigitaldeasturias.com\\\/noticias\\\/cataluna-madrid-y-andalucia-lideran-la-implantacion-de-la-factura-electronica\\\/#breadcrumblist\"},\"author\":{\"@id\":\"https:\\\/\\\/www.eldigitaldeasturias.com\\\/noticias\\\/author\\\/admin\\\/#author\"},\"creator\":{\"@id\":\"https:\\\/\\\/www.eldigitaldeasturias.com\\\/noticias\\\/author\\\/admin\\\/#author\"},\"image\":{\"@type\":\"ImageObject\",\"url\":\"https:\\\/\\\/www.eldigitaldeasturias.com\\\/noticias\\\/wp-content\\\/uploads\\\/2015\\\/04\\\/euros1.jpg\",\"@id\":\"https:\\\/\\\/www.eldigitaldeasturias.com\\\/noticias\\\/cataluna-madrid-y-andalucia-lideran-la-implantacion-de-la-factura-electronica\\\/#mainImage\",\"width\":655,\"height\":360,\"caption\":\"euros\"},\"primaryImageOfPage\":{\"@id\":\"https:\\\/\\\/www.eldigitaldeasturias.com\\\/noticias\\\/cataluna-madrid-y-andalucia-lideran-la-implantacion-de-la-factura-electronica\\\/#mainImage\"},\"datePublished\":\"2016-09-19T22:21:25+02:00\",\"dateModified\":\"2016-09-19T22:21:25+02:00\"},{\"@type\":\"WebSite\",\"@id\":\"https:\\\/\\\/www.eldigitaldeasturias.com\\\/noticias\\\/#website\",\"url\":\"https:\\\/\\\/www.eldigitaldeasturias.com\\\/noticias\\\/\",\"name\":\"El Digital de Asturias - Diario de actualidad y noticias\",\"alternateName\":\"El Digital de Asturias - Diario de actualidad y noticias\",\"description\":\"Hemeroteca\",\"inLanguage\":\"es-ES\",\"publisher\":{\"@id\":\"https:\\\/\\\/www.eldigitaldeasturias.com\\\/noticias\\\/#organization\"}}]}\n\t\t<\/script>\n\t\t<!-- All in One SEO Pro -->\r\n\t\t<title>Catalu\u00f1a, Madrid y Andaluc\u00eda lideran la implantaci\u00f3n de la factura electr\u00f3nica - El Digital de Asturias<\/title>\n\n","aioseo_head_json":{"title":"Catalu\u00f1a, Madrid y Andaluc\u00eda lideran la implantaci\u00f3n de la factura electr\u00f3nica - El Digital de Asturias","description":"Asturias ocupa el und\u00e9cimo puesto en el ranking de Comunidades Aut\u00f3nomas con mayor implantaci\u00f3n de la factura electr\u00f3nica, que lideran Catalu\u00f1a, Madrid, Andaluc\u00eda, Valencia y Galicia, por este orden, seg\u00fan el 'Estudio de implantaci\u00f3n de la factura electr\u00f3nica en Espa\u00f1a', realizado por Seres. El trabajo, que analiza el intercambio de facturas electr\u00f3nicas entre empresas relacionando","canonical_url":"https:\/\/www.eldigitaldeasturias.com\/noticias\/cataluna-madrid-y-andalucia-lideran-la-implantacion-de-la-factura-electronica\/","robots":"max-image-preview:large","keywords":"actualidad","webmasterTools":{"google-site-verification":"UA-38556648-1","msvalidate.01":"7dfe9f3f1b24437ab69f4f2559babe99","miscellaneous":""},"schema":{"@context":"https:\/\/schema.org","@graph":[{"@type":"BlogPosting","@id":"https:\/\/www.eldigitaldeasturias.com\/noticias\/cataluna-madrid-y-andalucia-lideran-la-implantacion-de-la-factura-electronica\/#blogposting","name":"Catalu\u00f1a, Madrid y Andaluc\u00eda lideran la implantaci\u00f3n de la factura electr\u00f3nica - El Digital de Asturias","headline":"Catalu\u00f1a, Madrid y Andaluc\u00eda lideran la implantaci\u00f3n de la factura electr\u00f3nica","author":{"@id":"https:\/\/www.eldigitaldeasturias.com\/noticias\/author\/admin\/#author"},"publisher":{"@id":"https:\/\/www.eldigitaldeasturias.com\/noticias\/#organization"},"image":{"@type":"ImageObject","url":"https:\/\/www.eldigitaldeasturias.com\/noticias\/wp-content\/uploads\/2015\/04\/euros1.jpg","width":655,"height":360,"caption":"euros"},"datePublished":"2016-09-19T22:21:25+02:00","dateModified":"2016-09-19T22:21:25+02:00","inLanguage":"es-ES","mainEntityOfPage":{"@id":"https:\/\/www.eldigitaldeasturias.com\/noticias\/cataluna-madrid-y-andalucia-lideran-la-implantacion-de-la-factura-electronica\/#webpage"},"isPartOf":{"@id":"https:\/\/www.eldigitaldeasturias.com\/noticias\/cataluna-madrid-y-andalucia-lideran-la-implantacion-de-la-factura-electronica\/#webpage"},"articleSection":"Actualidad"},{"@type":"BreadcrumbList","@id":"https:\/\/www.eldigitaldeasturias.com\/noticias\/cataluna-madrid-y-andalucia-lideran-la-implantacion-de-la-factura-electronica\/#breadcrumblist","itemListElement":[{"@type":"ListItem","@id":"https:\/\/www.eldigitaldeasturias.com\/noticias#listItem","position":1,"name":"Home","item":"https:\/\/www.eldigitaldeasturias.com\/noticias","nextItem":{"@type":"ListItem","@id":"https:\/\/www.eldigitaldeasturias.com\/noticias\/category\/actualidad\/#listItem","name":"Actualidad"}},{"@type":"ListItem","@id":"https:\/\/www.eldigitaldeasturias.com\/noticias\/category\/actualidad\/#listItem","position":2,"name":"Actualidad","item":"https:\/\/www.eldigitaldeasturias.com\/noticias\/category\/actualidad\/","nextItem":{"@type":"ListItem","@id":"https:\/\/www.eldigitaldeasturias.com\/noticias\/cataluna-madrid-y-andalucia-lideran-la-implantacion-de-la-factura-electronica\/#listItem","name":"Catalu\u00f1a, Madrid y Andaluc\u00eda lideran la implantaci\u00f3n de la factura electr\u00f3nica"},"previousItem":{"@type":"ListItem","@id":"https:\/\/www.eldigitaldeasturias.com\/noticias#listItem","name":"Home"}},{"@type":"ListItem","@id":"https:\/\/www.eldigitaldeasturias.com\/noticias\/cataluna-madrid-y-andalucia-lideran-la-implantacion-de-la-factura-electronica\/#listItem","position":3,"name":"Catalu\u00f1a, Madrid y Andaluc\u00eda lideran la implantaci\u00f3n de la factura electr\u00f3nica","previousItem":{"@type":"ListItem","@id":"https:\/\/www.eldigitaldeasturias.com\/noticias\/category\/actualidad\/#listItem","name":"Actualidad"}}]},{"@type":"Organization","@id":"https:\/\/www.eldigitaldeasturias.com\/noticias\/#organization","name":"El Digital de Asturias","description":"Hemeroteca","url":"https:\/\/www.eldigitaldeasturias.com\/noticias\/","email":"info@eldigitaldeasturias.com","telephone":"+34652131393","logo":{"@type":"ImageObject","url":"https:\/\/www.eldigitaldeasturias.com\/noticias\/wp-content\/uploads\/2020\/12\/EDA.jpg","@id":"https:\/\/www.eldigitaldeasturias.com\/noticias\/cataluna-madrid-y-andalucia-lideran-la-implantacion-de-la-factura-electronica\/#organizationLogo","width":649,"height":297},"image":{"@id":"https:\/\/www.eldigitaldeasturias.com\/noticias\/cataluna-madrid-y-andalucia-lideran-la-implantacion-de-la-factura-electronica\/#organizationLogo"},"sameAs":["https:\/\/facebook.com\/eldigitaldeasturias","https:\/\/www.youtube.com\/channel\/UCZP-2wLEB9Rv6erhFmqVnvg"],"address":{"@id":"https:\/\/www.eldigitaldeasturias.com\/noticias\/#postaladdress","@type":"PostalAddress","streetAddress":"san antonio 4,","postalCode":"33430","addressLocality":"Cand\u00e1s","addressRegion":"Asturias","addressCountry":"ES"}},{"@type":"Person","@id":"https:\/\/www.eldigitaldeasturias.com\/noticias\/author\/admin\/#author","url":"https:\/\/www.eldigitaldeasturias.com\/noticias\/author\/admin\/","name":"El Digital de Asturias","image":{"@type":"ImageObject","@id":"https:\/\/www.eldigitaldeasturias.com\/noticias\/cataluna-madrid-y-andalucia-lideran-la-implantacion-de-la-factura-electronica\/#authorImage","url":"https:\/\/www.eldigitaldeasturias.com\/noticias\/wp-content\/litespeed\/avatar\/18677e78aa0546b92d9dbf31ec7d7668.jpg?ver=1777290358","width":96,"height":96,"caption":"El Digital de Asturias"}},{"@type":"WebPage","@id":"https:\/\/www.eldigitaldeasturias.com\/noticias\/cataluna-madrid-y-andalucia-lideran-la-implantacion-de-la-factura-electronica\/#webpage","url":"https:\/\/www.eldigitaldeasturias.com\/noticias\/cataluna-madrid-y-andalucia-lideran-la-implantacion-de-la-factura-electronica\/","name":"Catalu\u00f1a, Madrid y Andaluc\u00eda lideran la implantaci\u00f3n de la factura electr\u00f3nica - El Digital de Asturias","description":"Asturias ocupa el und\u00e9cimo puesto en el ranking de Comunidades Aut\u00f3nomas con mayor implantaci\u00f3n de la factura electr\u00f3nica, que lideran Catalu\u00f1a, Madrid, Andaluc\u00eda, Valencia y Galicia, por este orden, seg\u00fan el 'Estudio de implantaci\u00f3n de la factura electr\u00f3nica en Espa\u00f1a', realizado por Seres. El trabajo, que analiza el intercambio de facturas electr\u00f3nicas entre empresas relacionando","inLanguage":"es-ES","isPartOf":{"@id":"https:\/\/www.eldigitaldeasturias.com\/noticias\/#website"},"breadcrumb":{"@id":"https:\/\/www.eldigitaldeasturias.com\/noticias\/cataluna-madrid-y-andalucia-lideran-la-implantacion-de-la-factura-electronica\/#breadcrumblist"},"author":{"@id":"https:\/\/www.eldigitaldeasturias.com\/noticias\/author\/admin\/#author"},"creator":{"@id":"https:\/\/www.eldigitaldeasturias.com\/noticias\/author\/admin\/#author"},"image":{"@type":"ImageObject","url":"https:\/\/www.eldigitaldeasturias.com\/noticias\/wp-content\/uploads\/2015\/04\/euros1.jpg","@id":"https:\/\/www.eldigitaldeasturias.com\/noticias\/cataluna-madrid-y-andalucia-lideran-la-implantacion-de-la-factura-electronica\/#mainImage","width":655,"height":360,"caption":"euros"},"primaryImageOfPage":{"@id":"https:\/\/www.eldigitaldeasturias.com\/noticias\/cataluna-madrid-y-andalucia-lideran-la-implantacion-de-la-factura-electronica\/#mainImage"},"datePublished":"2016-09-19T22:21:25+02:00","dateModified":"2016-09-19T22:21:25+02:00"},{"@type":"WebSite","@id":"https:\/\/www.eldigitaldeasturias.com\/noticias\/#website","url":"https:\/\/www.eldigitaldeasturias.com\/noticias\/","name":"El Digital de Asturias - Diario de actualidad y noticias","alternateName":"El Digital de Asturias - Diario de actualidad y noticias","description":"Hemeroteca","inLanguage":"es-ES","publisher":{"@id":"https:\/\/www.eldigitaldeasturias.com\/noticias\/#organization"}}]},"og:locale":"es_ES","og:site_name":"El Digital de Asturias","og:type":"article","og:title":"Catalu\u00f1a, Madrid y Andaluc\u00eda lideran la implantaci\u00f3n de la factura electr\u00f3nica - El Digital de Asturias","og:description":"Asturias ocupa el und\u00e9cimo puesto en el ranking de Comunidades Aut\u00f3nomas con mayor implantaci\u00f3n de la factura electr\u00f3nica, que lideran Catalu\u00f1a, Madrid, Andaluc\u00eda, Valencia y Galicia, por este orden, seg\u00fan el 'Estudio de implantaci\u00f3n de la factura electr\u00f3nica en Espa\u00f1a', realizado por Seres. El trabajo, que analiza el intercambio de facturas electr\u00f3nicas entre empresas relacionando","og:url":"https:\/\/www.eldigitaldeasturias.com\/noticias\/cataluna-madrid-y-andalucia-lideran-la-implantacion-de-la-factura-electronica\/","og:image":"https:\/\/www.eldigitaldeasturias.com\/noticias\/wp-content\/uploads\/2015\/04\/euros1.jpg","og:image:secure_url":"https:\/\/www.eldigitaldeasturias.com\/noticias\/wp-content\/uploads\/2015\/04\/euros1.jpg","og:image:width":655,"og:image:height":360,"article:tag":["actualidad"],"article:published_time":"2016-09-19T21:21:25+00:00","article:modified_time":"2016-09-19T21:21:25+00:00","article:publisher":"https:\/\/facebook.com\/eldigitaldeasturias","twitter:card":"summary_large_image","twitter:title":"Catalu\u00f1a, Madrid y Andaluc\u00eda lideran la implantaci\u00f3n de la factura electr\u00f3nica - El Digital de Asturias","twitter:description":"Asturias ocupa el und\u00e9cimo puesto en el ranking de Comunidades Aut\u00f3nomas con mayor implantaci\u00f3n de la factura electr\u00f3nica, que lideran Catalu\u00f1a, Madrid, Andaluc\u00eda, Valencia y Galicia, por este orden, seg\u00fan el 'Estudio de implantaci\u00f3n de la factura electr\u00f3nica en Espa\u00f1a', realizado por Seres. El trabajo, que analiza el intercambio de facturas electr\u00f3nicas entre empresas relacionando","twitter:image":"https:\/\/www.eldigitaldeasturias.com\/noticias\/wp-content\/uploads\/2015\/04\/euros1.jpg","twitter:label1":"Escrito por","twitter:data1":"El Digital de Asturias","twitter:label2":"Tiempo de lectura estimado","twitter:data2":"2 minutos"},"aioseo_meta_data":{"post_id":"908511","title":null,"description":null,"keywords":null,"keyphrases":null,"primary_term":null,"canonical_url":null,"og_title":null,"og_description":null,"og_object_type":"default","og_image_type":"default","og_image_url":null,"og_image_width":null,"og_image_height":null,"og_image_custom_url":null,"og_image_custom_fields":null,"og_video":null,"og_custom_url":null,"og_article_section":null,"og_article_tags":null,"twitter_use_og":false,"twitter_card":"default","twitter_image_type":"default","twitter_image_url":null,"twitter_image_custom_url":null,"twitter_image_custom_fields":null,"twitter_title":null,"twitter_description":null,"schema":{"blockGraphs":[],"customGraphs":[],"default":{"data":{"Article":[],"Course":[],"Dataset":[],"FAQPage":[],"Movie":[],"Person":[],"Product":[],"ProductReview":[],"Car":[],"Recipe":[],"Service":[],"SoftwareApplication":[],"WebPage":[]},"graphName":"","isEnabled":true},"graphs":[],"defaultGraph":"","defaultPostTypeGraph":""},"schema_type":null,"schema_type_options":null,"pillar_content":false,"robots_default":true,"robots_noindex":false,"robots_noarchive":false,"robots_nosnippet":false,"robots_nofollow":false,"robots_noimageindex":false,"robots_noodp":false,"robots_notranslate":false,"robots_max_snippet":null,"robots_max_videopreview":null,"robots_max_imagepreview":"large","priority":null,"frequency":null,"local_seo":null,"seo_analyzer_scan_date":"2025-11-30 16:21:13","breadcrumb_settings":null,"limit_modified_date":false,"open_ai":null,"ai":null,"created":"2020-12-21 14:00:05","updated":"2025-11-30 16:21:13"},"aioseo_breadcrumb":"<div class=\"aioseo-breadcrumbs\"><span class=\"aioseo-breadcrumb\">\n\t<a href=\"https:\/\/www.eldigitaldeasturias.com\/noticias\" title=\"Home\">Home<\/a>\n<\/span><span class=\"aioseo-breadcrumb-separator\">\u2013<\/span><span class=\"aioseo-breadcrumb\">\n\t<a href=\"https:\/\/www.eldigitaldeasturias.com\/noticias\/category\/actualidad\/\" title=\"Actualidad\">Actualidad<\/a>\n<\/span><span class=\"aioseo-breadcrumb-separator\">\u2013<\/span><span class=\"aioseo-breadcrumb\">\n\t<a href=\"https:\/\/www.eldigitaldeasturias.com\/noticias\/cataluna-madrid-y-andalucia-lideran-la-implantacion-de-la-factura-electronica\/\" title=\"Catalu\u00f1a, Madrid y Andaluc\u00eda lideran la implantaci\u00f3n de la factura electr\u00f3nica\">Catalu\u00f1a, Madrid y Andaluc\u00eda lideran la implantaci\u00f3n de la factura electr\u00f3nica<\/a>\n<\/span><\/div>","aioseo_breadcrumb_json":[{"label":"Home","link":"https:\/\/www.eldigitaldeasturias.com\/noticias"},{"label":"Actualidad","link":"https:\/\/www.eldigitaldeasturias.com\/noticias\/category\/actualidad\/"},{"label":"Catalu\u00f1a, Madrid y Andaluc\u00eda lideran la implantaci\u00f3n de la factura electr\u00f3nica","link":"https:\/\/www.eldigitaldeasturias.com\/noticias\/cataluna-madrid-y-andalucia-lideran-la-implantacion-de-la-factura-electronica\/"}],"_links":{"self":[{"href":"https:\/\/www.eldigitaldeasturias.com\/noticias\/wp-json\/wp\/v2\/posts\/908511","targetHints":{"allow":["GET"]}}],"collection":[{"href":"https:\/\/www.eldigitaldeasturias.com\/noticias\/wp-json\/wp\/v2\/posts"}],"about":[{"href":"https:\/\/www.eldigitaldeasturias.com\/noticias\/wp-json\/wp\/v2\/types\/post"}],"author":[{"embeddable":true,"href":"https:\/\/www.eldigitaldeasturias.com\/noticias\/wp-json\/wp\/v2\/users\/1"}],"replies":[{"embeddable":true,"href":"https:\/\/www.eldigitaldeasturias.com\/noticias\/wp-json\/wp\/v2\/comments?post=908511"}],"version-history":[{"count":0,"href":"https:\/\/www.eldigitaldeasturias.com\/noticias\/wp-json\/wp\/v2\/posts\/908511\/revisions"}],"wp:featuredmedia":[{"embeddable":true,"href":"https:\/\/www.eldigitaldeasturias.com\/noticias\/wp-json\/wp\/v2\/media\/780683"}],"wp:attachment":[{"href":"https:\/\/www.eldigitaldeasturias.com\/noticias\/wp-json\/wp\/v2\/media?parent=908511"}],"wp:term":[{"taxonomy":"category","embeddable":true,"href":"https:\/\/www.eldigitaldeasturias.com\/noticias\/wp-json\/wp\/v2\/categories?post=908511"},{"taxonomy":"post_tag","embeddable":true,"href":"https:\/\/www.eldigitaldeasturias.com\/noticias\/wp-json\/wp\/v2\/tags?post=908511"}],"curies":[{"name":"wp","href":"https:\/\/api.w.org\/{rel}","templated":true}]}}