{"id":908507,"date":"2016-09-19T22:10:59","date_gmt":"2016-09-19T21:10:59","guid":{"rendered":"http:\/\/www.eldigitaldeasturias.com\/noticias\/?p=908507"},"modified":"2016-09-19T22:10:59","modified_gmt":"2016-09-19T21:10:59","slug":"presentada-en-gijon-la-campana-ponte-en-mi-lugar-no-en-mi-sitio","status":"publish","type":"post","link":"https:\/\/www.eldigitaldeasturias.com\/noticias\/presentada-en-gijon-la-campana-ponte-en-mi-lugar-no-en-mi-sitio\/","title":{"rendered":"Presentada en Gij\u00f3n la campa\u00f1a \u201cPonte en mi lugar, no en mi sitio\u201d"},"content":{"rendered":"<p><img loading=\"lazy\" decoding=\"async\" class=\"alignleft size-medium wp-image-908508\" src=\"https:\/\/www.eldigitaldeasturias.com\/noticias\/wp-content\/uploads\/2016\/09\/fotonoticia_20160919125107_800-360x270.jpg\" alt=\"fotonoticia_20160919125107_800\" width=\"360\" height=\"270\" srcset=\"https:\/\/www.eldigitaldeasturias.com\/noticias\/wp-content\/uploads\/2016\/09\/fotonoticia_20160919125107_800-360x270.jpg 360w, https:\/\/www.eldigitaldeasturias.com\/noticias\/wp-content\/uploads\/2016\/09\/fotonoticia_20160919125107_800-768x576.jpg 768w, https:\/\/www.eldigitaldeasturias.com\/noticias\/wp-content\/uploads\/2016\/09\/fotonoticia_20160919125107_800-650x488.jpg 650w, https:\/\/www.eldigitaldeasturias.com\/noticias\/wp-content\/uploads\/2016\/09\/fotonoticia_20160919125107_800-125x95.jpg 125w, https:\/\/www.eldigitaldeasturias.com\/noticias\/wp-content\/uploads\/2016\/09\/fotonoticia_20160919125107_800-100x75.jpg 100w, https:\/\/www.eldigitaldeasturias.com\/noticias\/wp-content\/uploads\/2016\/09\/fotonoticia_20160919125107_800.jpg 800w\" sizes=\"auto, (max-width: 360px) 100vw, 360px\" \/>Agentes de la Polic\u00eda Local de Gij\u00f3n intensificar\u00e1n la vigilancia a plazas de aparcamiento reservadas para personas con movilidad reducida durante una campa\u00f1a de sanciones a veh\u00edculos indebidamente estacionados en las mismas, as\u00ed como en los pasos de cebra rebajados y paradas de autob\u00fas, con el objetivo de concienciar a los ciudadanos de la importancia de respetar estas plazas. La campa\u00f1a, cuyo inicio coincide con la Semana Europea de Movilidad, se desarrollar\u00e1 la \u00faltima semana de cada mes.<\/p>\n<p>La sanci\u00f3n es de 200 euros y posibilidad de retirada del veh\u00edculo, mientras que en el caso de un uso indebido de la tarjeta que permite aparcar en esas plazas se proceder\u00eda a la retirada de la misma. As\u00ed se ha indicado durante la presentaci\u00f3n de la campa\u00f1a &#8216;Ponte en mi lugar, no en mi sitio&#8217;, a cargo de la edil de Bienestar Social, Eva Ill\u00e1n, el secretario de Organizaci\u00f3n de Cocemfe, Segifredo Lena, y el t\u00e9cnico de Accesibilidad de Cocemfe, David Fern\u00e1ndez.<\/p>\n<p>Ill\u00e1n, por su lado, ha lamentado la falta de sensibilidad y concienciaci\u00f3n de algunas personas y llamado la atenci\u00f3n sobre que cuando se estaciona indebidamente en estas plazas no es un comportamiento \u00abinocuo\u00bb, sino que puede acarrear graves trastornos a personas con movilidad reducida. Y aunque ha reconocido que no es lo mejor el inculcar un comportamiento mediante la sanci\u00f3n, ha visto necesario que los ciudadanos se vayan concienciando poco a poco.<\/p>\n<p>Tambi\u00e9n ha anunciado, tras un debate sobre el uso de las tarjetas de movilidad reducido durante la presentaci\u00f3n del acto, que se celebrar\u00e1 un Consejo Sectorial de Discapacidad espec\u00edfico donde se aborde exclusivamente sobre este tema, tanto desde la valoraci\u00f3n para la concesi\u00f3n de las tarjetas, su uso y el n\u00famero de plazas conveniente en la ciudad. Eso s\u00ed, ha recordado que aunque la solicitud de las tarjetas las gestiona el Ayuntamiento, es el Principado quien da la autorizaci\u00f3n.<\/p>\n<p>Por parte de Cocemfe, Lena ha se\u00f1alado que la campa\u00f1a obedece a la petici\u00f3n de las 26 asociaciones que pertenecen a esta organizaci\u00f3n, ya que las campa\u00f1as que hubo en 2014 y 2015 no tuvieron mucho \u00e9xito. Fern\u00e1ndez, por su lado, ha incidido en que estas plazas son b\u00e1sicas para poder llevar una vida como el resto de las personas.<\/p>\n<p>Tras la presentaci\u00f3n de la campa\u00f1a, la presidenta de Amdas La Fonte, Sila Murillo, ha opinado que por muchas plazas que se pongan van a ser pocas, dado el mal uso de las tarjetas de aparcamiento para movilidad reducida que concede el Ayuntamiento. A su juicio, se dan tarjetas no bien valoradas, y ha puesto el ejemplo de personas con ictus y que est\u00e1n recuperadas pero a\u00fan disponen de esta. \u00abDesde mi punto de vista es fatal\u00bb, ha incidido.<\/p>\n<p>Por parte de otra de las participantes en el acto, ha habido quejas porque la tarjeta es por cinco a\u00f1os y no se controla su devoluci\u00f3n si muere el beneficiario de la misma -algo que se desarrollar\u00e1 en una nueva normativa auton\u00f3mica&#8211;. Tambi\u00e9n ha reprochado a las personas usuarias de esta tarjeta que utilizan la plaza como si fuera un garaje, en lugar para paradas ocasionales. Tambi\u00e9n han pedido m\u00e1s plazas para personas de edad y de movilidad reducida en los autobuses.<\/p>\n<p>&nbsp;<\/p>\n<p>&nbsp;<\/p>\n","protected":false},"excerpt":{"rendered":"<p>Agentes de la Polic\u00eda Local de Gij\u00f3n intensificar\u00e1n la vigilancia a plazas de aparcamiento reservadas para personas con movilidad reducida durante una campa\u00f1a de sanciones a veh\u00edculos indebidamente estacionados en las mismas, as\u00ed como en los pasos de cebra rebajados y paradas de autob\u00fas, con el objetivo de concienciar a los ciudadanos de la importancia [&hellip;]<\/p>\n","protected":false},"author":1,"featured_media":908508,"comment_status":"closed","ping_status":"closed","sticky":false,"template":"","format":"standard","meta":{"footnotes":""},"categories":[12],"tags":[],"class_list":["post-908507","post","type-post","status-publish","format-standard","has-post-thumbnail","hentry","category-actualidad-asturias"],"aioseo_notices":[],"aioseo_head":"\n\t\t<!-- All in One SEO Pro 4.9.6.2 - aioseo.com -->\n\t<meta name=\"description\" content=\"Agentes de la Polic\u00eda Local de Gij\u00f3n intensificar\u00e1n la vigilancia a plazas de aparcamiento reservadas para personas con movilidad reducida durante una campa\u00f1a de sanciones a veh\u00edculos indebidamente estacionados en las mismas, as\u00ed como en los pasos de cebra rebajados y paradas de autob\u00fas, con el objetivo de concienciar a los ciudadanos de la importancia\" \/>\n\t<meta name=\"robots\" content=\"max-image-preview:large\" \/>\n\t<meta name=\"author\" content=\"El Digital de Asturias\"\/>\n\t<meta name=\"google-site-verification\" content=\"UA-38556648-1\" \/>\n\t<meta name=\"msvalidate.01\" content=\"7dfe9f3f1b24437ab69f4f2559babe99\" \/>\n\t<meta name=\"keywords\" content=\"actualidad asturias\" \/>\n\t<link rel=\"canonical\" href=\"https:\/\/www.eldigitaldeasturias.com\/noticias\/presentada-en-gijon-la-campana-ponte-en-mi-lugar-no-en-mi-sitio\/\" \/>\n\t<meta name=\"generator\" content=\"All in One SEO Pro (AIOSEO) 4.9.6.2\" \/>\n\t\t<meta property=\"og:locale\" content=\"es_ES\" \/>\n\t\t<meta property=\"og:site_name\" content=\"El Digital de Asturias\" \/>\n\t\t<meta property=\"og:type\" content=\"article\" \/>\n\t\t<meta property=\"og:title\" content=\"Presentada en Gij\u00f3n la campa\u00f1a \u201cPonte en mi lugar, no en mi sitio\u201d - El Digital de Asturias\" \/>\n\t\t<meta property=\"og:description\" content=\"Agentes de la Polic\u00eda Local de Gij\u00f3n intensificar\u00e1n la vigilancia a plazas de aparcamiento reservadas para personas con movilidad reducida durante una campa\u00f1a de sanciones a veh\u00edculos indebidamente estacionados en las mismas, as\u00ed como en los pasos de cebra rebajados y paradas de autob\u00fas, con el objetivo de concienciar a los ciudadanos de la importancia\" \/>\n\t\t<meta property=\"og:url\" content=\"https:\/\/www.eldigitaldeasturias.com\/noticias\/presentada-en-gijon-la-campana-ponte-en-mi-lugar-no-en-mi-sitio\/\" \/>\n\t\t<meta property=\"og:image\" content=\"https:\/\/www.eldigitaldeasturias.com\/noticias\/wp-content\/uploads\/2016\/09\/fotonoticia_20160919125107_800.jpg\" \/>\n\t\t<meta property=\"og:image:secure_url\" content=\"https:\/\/www.eldigitaldeasturias.com\/noticias\/wp-content\/uploads\/2016\/09\/fotonoticia_20160919125107_800.jpg\" \/>\n\t\t<meta property=\"og:image:width\" content=\"800\" \/>\n\t\t<meta property=\"og:image:height\" content=\"600\" \/>\n\t\t<meta property=\"article:tag\" content=\"actualidad asturias\" \/>\n\t\t<meta property=\"article:published_time\" content=\"2016-09-19T21:10:59+00:00\" \/>\n\t\t<meta property=\"article:modified_time\" content=\"2016-09-19T21:10:59+00:00\" \/>\n\t\t<meta property=\"article:publisher\" content=\"https:\/\/facebook.com\/eldigitaldeasturias\" \/>\n\t\t<meta name=\"twitter:card\" content=\"summary_large_image\" \/>\n\t\t<meta name=\"twitter:title\" content=\"Presentada en Gij\u00f3n la campa\u00f1a \u201cPonte en mi lugar, no en mi sitio\u201d - El Digital de Asturias\" \/>\n\t\t<meta name=\"twitter:description\" content=\"Agentes de la Polic\u00eda Local de Gij\u00f3n intensificar\u00e1n la vigilancia a plazas de aparcamiento reservadas para personas con movilidad reducida durante una campa\u00f1a de sanciones a veh\u00edculos indebidamente estacionados en las mismas, as\u00ed como en los pasos de cebra rebajados y paradas de autob\u00fas, con el objetivo de concienciar a los ciudadanos de la importancia\" \/>\n\t\t<meta name=\"twitter:image\" content=\"https:\/\/www.eldigitaldeasturias.com\/noticias\/wp-content\/uploads\/2016\/09\/fotonoticia_20160919125107_800.jpg\" \/>\n\t\t<meta name=\"twitter:label1\" content=\"Escrito por\" \/>\n\t\t<meta name=\"twitter:data1\" content=\"El Digital de Asturias\" \/>\n\t\t<meta name=\"twitter:label2\" content=\"Tiempo de lectura estimado\" \/>\n\t\t<meta name=\"twitter:data2\" content=\"3 minutos\" \/>\n\t\t<script type=\"application\/ld+json\" class=\"aioseo-schema\">\n\t\t\t{\"@context\":\"https:\\\/\\\/schema.org\",\"@graph\":[{\"@type\":\"BlogPosting\",\"@id\":\"https:\\\/\\\/www.eldigitaldeasturias.com\\\/noticias\\\/presentada-en-gijon-la-campana-ponte-en-mi-lugar-no-en-mi-sitio\\\/#blogposting\",\"name\":\"Presentada en Gij\\u00f3n la campa\\u00f1a \\u201cPonte en mi lugar, no en mi sitio\\u201d - El Digital de Asturias\",\"headline\":\"Presentada en Gij\\u00f3n la campa\\u00f1a \\u201cPonte en mi lugar, no en mi sitio\\u201d\",\"author\":{\"@id\":\"https:\\\/\\\/www.eldigitaldeasturias.com\\\/noticias\\\/author\\\/admin\\\/#author\"},\"publisher\":{\"@id\":\"https:\\\/\\\/www.eldigitaldeasturias.com\\\/noticias\\\/#organization\"},\"image\":{\"@type\":\"ImageObject\",\"url\":\"https:\\\/\\\/www.eldigitaldeasturias.com\\\/noticias\\\/wp-content\\\/uploads\\\/2016\\\/09\\\/fotonoticia_20160919125107_800.jpg\",\"width\":800,\"height\":600},\"datePublished\":\"2016-09-19T22:10:59+02:00\",\"dateModified\":\"2016-09-19T22:10:59+02:00\",\"inLanguage\":\"es-ES\",\"mainEntityOfPage\":{\"@id\":\"https:\\\/\\\/www.eldigitaldeasturias.com\\\/noticias\\\/presentada-en-gijon-la-campana-ponte-en-mi-lugar-no-en-mi-sitio\\\/#webpage\"},\"isPartOf\":{\"@id\":\"https:\\\/\\\/www.eldigitaldeasturias.com\\\/noticias\\\/presentada-en-gijon-la-campana-ponte-en-mi-lugar-no-en-mi-sitio\\\/#webpage\"},\"articleSection\":\"Actualidad Asturias\"},{\"@type\":\"BreadcrumbList\",\"@id\":\"https:\\\/\\\/www.eldigitaldeasturias.com\\\/noticias\\\/presentada-en-gijon-la-campana-ponte-en-mi-lugar-no-en-mi-sitio\\\/#breadcrumblist\",\"itemListElement\":[{\"@type\":\"ListItem\",\"@id\":\"https:\\\/\\\/www.eldigitaldeasturias.com\\\/noticias#listItem\",\"position\":1,\"name\":\"Home\",\"item\":\"https:\\\/\\\/www.eldigitaldeasturias.com\\\/noticias\",\"nextItem\":{\"@type\":\"ListItem\",\"@id\":\"https:\\\/\\\/www.eldigitaldeasturias.com\\\/noticias\\\/category\\\/actualidad-asturias\\\/#listItem\",\"name\":\"Actualidad Asturias\"}},{\"@type\":\"ListItem\",\"@id\":\"https:\\\/\\\/www.eldigitaldeasturias.com\\\/noticias\\\/category\\\/actualidad-asturias\\\/#listItem\",\"position\":2,\"name\":\"Actualidad Asturias\",\"item\":\"https:\\\/\\\/www.eldigitaldeasturias.com\\\/noticias\\\/category\\\/actualidad-asturias\\\/\",\"nextItem\":{\"@type\":\"ListItem\",\"@id\":\"https:\\\/\\\/www.eldigitaldeasturias.com\\\/noticias\\\/presentada-en-gijon-la-campana-ponte-en-mi-lugar-no-en-mi-sitio\\\/#listItem\",\"name\":\"Presentada en Gij\\u00f3n la campa\\u00f1a \\u201cPonte en mi lugar, no en mi sitio\\u201d\"},\"previousItem\":{\"@type\":\"ListItem\",\"@id\":\"https:\\\/\\\/www.eldigitaldeasturias.com\\\/noticias#listItem\",\"name\":\"Home\"}},{\"@type\":\"ListItem\",\"@id\":\"https:\\\/\\\/www.eldigitaldeasturias.com\\\/noticias\\\/presentada-en-gijon-la-campana-ponte-en-mi-lugar-no-en-mi-sitio\\\/#listItem\",\"position\":3,\"name\":\"Presentada en Gij\\u00f3n la campa\\u00f1a \\u201cPonte en mi lugar, no en mi sitio\\u201d\",\"previousItem\":{\"@type\":\"ListItem\",\"@id\":\"https:\\\/\\\/www.eldigitaldeasturias.com\\\/noticias\\\/category\\\/actualidad-asturias\\\/#listItem\",\"name\":\"Actualidad Asturias\"}}]},{\"@type\":\"Organization\",\"@id\":\"https:\\\/\\\/www.eldigitaldeasturias.com\\\/noticias\\\/#organization\",\"name\":\"El Digital de Asturias\",\"description\":\"Hemeroteca\",\"url\":\"https:\\\/\\\/www.eldigitaldeasturias.com\\\/noticias\\\/\",\"email\":\"info@eldigitaldeasturias.com\",\"telephone\":\"+34652131393\",\"logo\":{\"@type\":\"ImageObject\",\"url\":\"https:\\\/\\\/www.eldigitaldeasturias.com\\\/noticias\\\/wp-content\\\/uploads\\\/2020\\\/12\\\/EDA.jpg\",\"@id\":\"https:\\\/\\\/www.eldigitaldeasturias.com\\\/noticias\\\/presentada-en-gijon-la-campana-ponte-en-mi-lugar-no-en-mi-sitio\\\/#organizationLogo\",\"width\":649,\"height\":297},\"image\":{\"@id\":\"https:\\\/\\\/www.eldigitaldeasturias.com\\\/noticias\\\/presentada-en-gijon-la-campana-ponte-en-mi-lugar-no-en-mi-sitio\\\/#organizationLogo\"},\"sameAs\":[\"https:\\\/\\\/facebook.com\\\/eldigitaldeasturias\",\"https:\\\/\\\/www.youtube.com\\\/channel\\\/UCZP-2wLEB9Rv6erhFmqVnvg\"],\"address\":{\"@id\":\"https:\\\/\\\/www.eldigitaldeasturias.com\\\/noticias\\\/#postaladdress\",\"@type\":\"PostalAddress\",\"streetAddress\":\"san antonio 4,\",\"postalCode\":\"33430\",\"addressLocality\":\"Cand\\u00e1s\",\"addressRegion\":\"Asturias\",\"addressCountry\":\"ES\"}},{\"@type\":\"Person\",\"@id\":\"https:\\\/\\\/www.eldigitaldeasturias.com\\\/noticias\\\/author\\\/admin\\\/#author\",\"url\":\"https:\\\/\\\/www.eldigitaldeasturias.com\\\/noticias\\\/author\\\/admin\\\/\",\"name\":\"El Digital de Asturias\",\"image\":{\"@type\":\"ImageObject\",\"@id\":\"https:\\\/\\\/www.eldigitaldeasturias.com\\\/noticias\\\/presentada-en-gijon-la-campana-ponte-en-mi-lugar-no-en-mi-sitio\\\/#authorImage\",\"url\":\"https:\\\/\\\/www.eldigitaldeasturias.com\\\/noticias\\\/wp-content\\\/litespeed\\\/avatar\\\/18677e78aa0546b92d9dbf31ec7d7668.jpg?ver=1777290358\",\"width\":96,\"height\":96,\"caption\":\"El Digital de Asturias\"}},{\"@type\":\"WebPage\",\"@id\":\"https:\\\/\\\/www.eldigitaldeasturias.com\\\/noticias\\\/presentada-en-gijon-la-campana-ponte-en-mi-lugar-no-en-mi-sitio\\\/#webpage\",\"url\":\"https:\\\/\\\/www.eldigitaldeasturias.com\\\/noticias\\\/presentada-en-gijon-la-campana-ponte-en-mi-lugar-no-en-mi-sitio\\\/\",\"name\":\"Presentada en Gij\\u00f3n la campa\\u00f1a \\u201cPonte en mi lugar, no en mi sitio\\u201d - El Digital de Asturias\",\"description\":\"Agentes de la Polic\\u00eda Local de Gij\\u00f3n intensificar\\u00e1n la vigilancia a plazas de aparcamiento reservadas para personas con movilidad reducida durante una campa\\u00f1a de sanciones a veh\\u00edculos indebidamente estacionados en las mismas, as\\u00ed como en los pasos de cebra rebajados y paradas de autob\\u00fas, con el objetivo de concienciar a los ciudadanos de la importancia\",\"inLanguage\":\"es-ES\",\"isPartOf\":{\"@id\":\"https:\\\/\\\/www.eldigitaldeasturias.com\\\/noticias\\\/#website\"},\"breadcrumb\":{\"@id\":\"https:\\\/\\\/www.eldigitaldeasturias.com\\\/noticias\\\/presentada-en-gijon-la-campana-ponte-en-mi-lugar-no-en-mi-sitio\\\/#breadcrumblist\"},\"author\":{\"@id\":\"https:\\\/\\\/www.eldigitaldeasturias.com\\\/noticias\\\/author\\\/admin\\\/#author\"},\"creator\":{\"@id\":\"https:\\\/\\\/www.eldigitaldeasturias.com\\\/noticias\\\/author\\\/admin\\\/#author\"},\"image\":{\"@type\":\"ImageObject\",\"url\":\"https:\\\/\\\/www.eldigitaldeasturias.com\\\/noticias\\\/wp-content\\\/uploads\\\/2016\\\/09\\\/fotonoticia_20160919125107_800.jpg\",\"@id\":\"https:\\\/\\\/www.eldigitaldeasturias.com\\\/noticias\\\/presentada-en-gijon-la-campana-ponte-en-mi-lugar-no-en-mi-sitio\\\/#mainImage\",\"width\":800,\"height\":600},\"primaryImageOfPage\":{\"@id\":\"https:\\\/\\\/www.eldigitaldeasturias.com\\\/noticias\\\/presentada-en-gijon-la-campana-ponte-en-mi-lugar-no-en-mi-sitio\\\/#mainImage\"},\"datePublished\":\"2016-09-19T22:10:59+02:00\",\"dateModified\":\"2016-09-19T22:10:59+02:00\"},{\"@type\":\"WebSite\",\"@id\":\"https:\\\/\\\/www.eldigitaldeasturias.com\\\/noticias\\\/#website\",\"url\":\"https:\\\/\\\/www.eldigitaldeasturias.com\\\/noticias\\\/\",\"name\":\"El Digital de Asturias - Diario de actualidad y noticias\",\"alternateName\":\"El Digital de Asturias - Diario de actualidad y noticias\",\"description\":\"Hemeroteca\",\"inLanguage\":\"es-ES\",\"publisher\":{\"@id\":\"https:\\\/\\\/www.eldigitaldeasturias.com\\\/noticias\\\/#organization\"}}]}\n\t\t<\/script>\n\t\t<!-- All in One SEO Pro -->\r\n\t\t<title>Presentada en Gij\u00f3n la campa\u00f1a \u201cPonte en mi lugar, no en mi sitio\u201d - El Digital de Asturias<\/title>\n\n","aioseo_head_json":{"title":"Presentada en Gij\u00f3n la campa\u00f1a \u201cPonte en mi lugar, no en mi sitio\u201d - El Digital de Asturias","description":"Agentes de la Polic\u00eda Local de Gij\u00f3n intensificar\u00e1n la vigilancia a plazas de aparcamiento reservadas para personas con movilidad reducida durante una campa\u00f1a de sanciones a veh\u00edculos indebidamente estacionados en las mismas, as\u00ed como en los pasos de cebra rebajados y paradas de autob\u00fas, con el objetivo de concienciar a los ciudadanos de la importancia","canonical_url":"https:\/\/www.eldigitaldeasturias.com\/noticias\/presentada-en-gijon-la-campana-ponte-en-mi-lugar-no-en-mi-sitio\/","robots":"max-image-preview:large","keywords":"actualidad asturias","webmasterTools":{"google-site-verification":"UA-38556648-1","msvalidate.01":"7dfe9f3f1b24437ab69f4f2559babe99","miscellaneous":""},"schema":{"@context":"https:\/\/schema.org","@graph":[{"@type":"BlogPosting","@id":"https:\/\/www.eldigitaldeasturias.com\/noticias\/presentada-en-gijon-la-campana-ponte-en-mi-lugar-no-en-mi-sitio\/#blogposting","name":"Presentada en Gij\u00f3n la campa\u00f1a \u201cPonte en mi lugar, no en mi sitio\u201d - El Digital de Asturias","headline":"Presentada en Gij\u00f3n la campa\u00f1a \u201cPonte en mi lugar, no en mi sitio\u201d","author":{"@id":"https:\/\/www.eldigitaldeasturias.com\/noticias\/author\/admin\/#author"},"publisher":{"@id":"https:\/\/www.eldigitaldeasturias.com\/noticias\/#organization"},"image":{"@type":"ImageObject","url":"https:\/\/www.eldigitaldeasturias.com\/noticias\/wp-content\/uploads\/2016\/09\/fotonoticia_20160919125107_800.jpg","width":800,"height":600},"datePublished":"2016-09-19T22:10:59+02:00","dateModified":"2016-09-19T22:10:59+02:00","inLanguage":"es-ES","mainEntityOfPage":{"@id":"https:\/\/www.eldigitaldeasturias.com\/noticias\/presentada-en-gijon-la-campana-ponte-en-mi-lugar-no-en-mi-sitio\/#webpage"},"isPartOf":{"@id":"https:\/\/www.eldigitaldeasturias.com\/noticias\/presentada-en-gijon-la-campana-ponte-en-mi-lugar-no-en-mi-sitio\/#webpage"},"articleSection":"Actualidad Asturias"},{"@type":"BreadcrumbList","@id":"https:\/\/www.eldigitaldeasturias.com\/noticias\/presentada-en-gijon-la-campana-ponte-en-mi-lugar-no-en-mi-sitio\/#breadcrumblist","itemListElement":[{"@type":"ListItem","@id":"https:\/\/www.eldigitaldeasturias.com\/noticias#listItem","position":1,"name":"Home","item":"https:\/\/www.eldigitaldeasturias.com\/noticias","nextItem":{"@type":"ListItem","@id":"https:\/\/www.eldigitaldeasturias.com\/noticias\/category\/actualidad-asturias\/#listItem","name":"Actualidad Asturias"}},{"@type":"ListItem","@id":"https:\/\/www.eldigitaldeasturias.com\/noticias\/category\/actualidad-asturias\/#listItem","position":2,"name":"Actualidad Asturias","item":"https:\/\/www.eldigitaldeasturias.com\/noticias\/category\/actualidad-asturias\/","nextItem":{"@type":"ListItem","@id":"https:\/\/www.eldigitaldeasturias.com\/noticias\/presentada-en-gijon-la-campana-ponte-en-mi-lugar-no-en-mi-sitio\/#listItem","name":"Presentada en Gij\u00f3n la campa\u00f1a \u201cPonte en mi lugar, no en mi sitio\u201d"},"previousItem":{"@type":"ListItem","@id":"https:\/\/www.eldigitaldeasturias.com\/noticias#listItem","name":"Home"}},{"@type":"ListItem","@id":"https:\/\/www.eldigitaldeasturias.com\/noticias\/presentada-en-gijon-la-campana-ponte-en-mi-lugar-no-en-mi-sitio\/#listItem","position":3,"name":"Presentada en Gij\u00f3n la campa\u00f1a \u201cPonte en mi lugar, no en mi sitio\u201d","previousItem":{"@type":"ListItem","@id":"https:\/\/www.eldigitaldeasturias.com\/noticias\/category\/actualidad-asturias\/#listItem","name":"Actualidad Asturias"}}]},{"@type":"Organization","@id":"https:\/\/www.eldigitaldeasturias.com\/noticias\/#organization","name":"El Digital de Asturias","description":"Hemeroteca","url":"https:\/\/www.eldigitaldeasturias.com\/noticias\/","email":"info@eldigitaldeasturias.com","telephone":"+34652131393","logo":{"@type":"ImageObject","url":"https:\/\/www.eldigitaldeasturias.com\/noticias\/wp-content\/uploads\/2020\/12\/EDA.jpg","@id":"https:\/\/www.eldigitaldeasturias.com\/noticias\/presentada-en-gijon-la-campana-ponte-en-mi-lugar-no-en-mi-sitio\/#organizationLogo","width":649,"height":297},"image":{"@id":"https:\/\/www.eldigitaldeasturias.com\/noticias\/presentada-en-gijon-la-campana-ponte-en-mi-lugar-no-en-mi-sitio\/#organizationLogo"},"sameAs":["https:\/\/facebook.com\/eldigitaldeasturias","https:\/\/www.youtube.com\/channel\/UCZP-2wLEB9Rv6erhFmqVnvg"],"address":{"@id":"https:\/\/www.eldigitaldeasturias.com\/noticias\/#postaladdress","@type":"PostalAddress","streetAddress":"san antonio 4,","postalCode":"33430","addressLocality":"Cand\u00e1s","addressRegion":"Asturias","addressCountry":"ES"}},{"@type":"Person","@id":"https:\/\/www.eldigitaldeasturias.com\/noticias\/author\/admin\/#author","url":"https:\/\/www.eldigitaldeasturias.com\/noticias\/author\/admin\/","name":"El Digital de Asturias","image":{"@type":"ImageObject","@id":"https:\/\/www.eldigitaldeasturias.com\/noticias\/presentada-en-gijon-la-campana-ponte-en-mi-lugar-no-en-mi-sitio\/#authorImage","url":"https:\/\/www.eldigitaldeasturias.com\/noticias\/wp-content\/litespeed\/avatar\/18677e78aa0546b92d9dbf31ec7d7668.jpg?ver=1777290358","width":96,"height":96,"caption":"El Digital de Asturias"}},{"@type":"WebPage","@id":"https:\/\/www.eldigitaldeasturias.com\/noticias\/presentada-en-gijon-la-campana-ponte-en-mi-lugar-no-en-mi-sitio\/#webpage","url":"https:\/\/www.eldigitaldeasturias.com\/noticias\/presentada-en-gijon-la-campana-ponte-en-mi-lugar-no-en-mi-sitio\/","name":"Presentada en Gij\u00f3n la campa\u00f1a \u201cPonte en mi lugar, no en mi sitio\u201d - El Digital de Asturias","description":"Agentes de la Polic\u00eda Local de Gij\u00f3n intensificar\u00e1n la vigilancia a plazas de aparcamiento reservadas para personas con movilidad reducida durante una campa\u00f1a de sanciones a veh\u00edculos indebidamente estacionados en las mismas, as\u00ed como en los pasos de cebra rebajados y paradas de autob\u00fas, con el objetivo de concienciar a los ciudadanos de la importancia","inLanguage":"es-ES","isPartOf":{"@id":"https:\/\/www.eldigitaldeasturias.com\/noticias\/#website"},"breadcrumb":{"@id":"https:\/\/www.eldigitaldeasturias.com\/noticias\/presentada-en-gijon-la-campana-ponte-en-mi-lugar-no-en-mi-sitio\/#breadcrumblist"},"author":{"@id":"https:\/\/www.eldigitaldeasturias.com\/noticias\/author\/admin\/#author"},"creator":{"@id":"https:\/\/www.eldigitaldeasturias.com\/noticias\/author\/admin\/#author"},"image":{"@type":"ImageObject","url":"https:\/\/www.eldigitaldeasturias.com\/noticias\/wp-content\/uploads\/2016\/09\/fotonoticia_20160919125107_800.jpg","@id":"https:\/\/www.eldigitaldeasturias.com\/noticias\/presentada-en-gijon-la-campana-ponte-en-mi-lugar-no-en-mi-sitio\/#mainImage","width":800,"height":600},"primaryImageOfPage":{"@id":"https:\/\/www.eldigitaldeasturias.com\/noticias\/presentada-en-gijon-la-campana-ponte-en-mi-lugar-no-en-mi-sitio\/#mainImage"},"datePublished":"2016-09-19T22:10:59+02:00","dateModified":"2016-09-19T22:10:59+02:00"},{"@type":"WebSite","@id":"https:\/\/www.eldigitaldeasturias.com\/noticias\/#website","url":"https:\/\/www.eldigitaldeasturias.com\/noticias\/","name":"El Digital de Asturias - Diario de actualidad y noticias","alternateName":"El Digital de Asturias - Diario de actualidad y noticias","description":"Hemeroteca","inLanguage":"es-ES","publisher":{"@id":"https:\/\/www.eldigitaldeasturias.com\/noticias\/#organization"}}]},"og:locale":"es_ES","og:site_name":"El Digital de Asturias","og:type":"article","og:title":"Presentada en Gij\u00f3n la campa\u00f1a \u201cPonte en mi lugar, no en mi sitio\u201d - El Digital de Asturias","og:description":"Agentes de la Polic\u00eda Local de Gij\u00f3n intensificar\u00e1n la vigilancia a plazas de aparcamiento reservadas para personas con movilidad reducida durante una campa\u00f1a de sanciones a veh\u00edculos indebidamente estacionados en las mismas, as\u00ed como en los pasos de cebra rebajados y paradas de autob\u00fas, con el objetivo de concienciar a los ciudadanos de la importancia","og:url":"https:\/\/www.eldigitaldeasturias.com\/noticias\/presentada-en-gijon-la-campana-ponte-en-mi-lugar-no-en-mi-sitio\/","og:image":"https:\/\/www.eldigitaldeasturias.com\/noticias\/wp-content\/uploads\/2016\/09\/fotonoticia_20160919125107_800.jpg","og:image:secure_url":"https:\/\/www.eldigitaldeasturias.com\/noticias\/wp-content\/uploads\/2016\/09\/fotonoticia_20160919125107_800.jpg","og:image:width":800,"og:image:height":600,"article:tag":["actualidad asturias"],"article:published_time":"2016-09-19T21:10:59+00:00","article:modified_time":"2016-09-19T21:10:59+00:00","article:publisher":"https:\/\/facebook.com\/eldigitaldeasturias","twitter:card":"summary_large_image","twitter:title":"Presentada en Gij\u00f3n la campa\u00f1a \u201cPonte en mi lugar, no en mi sitio\u201d - El Digital de Asturias","twitter:description":"Agentes de la Polic\u00eda Local de Gij\u00f3n intensificar\u00e1n la vigilancia a plazas de aparcamiento reservadas para personas con movilidad reducida durante una campa\u00f1a de sanciones a veh\u00edculos indebidamente estacionados en las mismas, as\u00ed como en los pasos de cebra rebajados y paradas de autob\u00fas, con el objetivo de concienciar a los ciudadanos de la importancia","twitter:image":"https:\/\/www.eldigitaldeasturias.com\/noticias\/wp-content\/uploads\/2016\/09\/fotonoticia_20160919125107_800.jpg","twitter:label1":"Escrito por","twitter:data1":"El Digital de Asturias","twitter:label2":"Tiempo de lectura estimado","twitter:data2":"3 minutos"},"aioseo_meta_data":{"post_id":"908507","title":null,"description":null,"keywords":null,"keyphrases":null,"primary_term":null,"canonical_url":null,"og_title":null,"og_description":null,"og_object_type":"default","og_image_type":"default","og_image_url":null,"og_image_width":null,"og_image_height":null,"og_image_custom_url":null,"og_image_custom_fields":null,"og_video":null,"og_custom_url":null,"og_article_section":null,"og_article_tags":null,"twitter_use_og":false,"twitter_card":"default","twitter_image_type":"default","twitter_image_url":null,"twitter_image_custom_url":null,"twitter_image_custom_fields":null,"twitter_title":null,"twitter_description":null,"schema":{"blockGraphs":[],"customGraphs":[],"default":{"data":{"Article":[],"Course":[],"Dataset":[],"FAQPage":[],"Movie":[],"Person":[],"Product":[],"ProductReview":[],"Car":[],"Recipe":[],"Service":[],"SoftwareApplication":[],"WebPage":[]},"graphName":"","isEnabled":true},"graphs":[],"defaultGraph":"","defaultPostTypeGraph":""},"schema_type":null,"schema_type_options":null,"pillar_content":false,"robots_default":true,"robots_noindex":false,"robots_noarchive":false,"robots_nosnippet":false,"robots_nofollow":false,"robots_noimageindex":false,"robots_noodp":false,"robots_notranslate":false,"robots_max_snippet":null,"robots_max_videopreview":null,"robots_max_imagepreview":"large","priority":null,"frequency":null,"local_seo":null,"seo_analyzer_scan_date":"2025-11-30 16:21:12","breadcrumb_settings":null,"limit_modified_date":false,"open_ai":null,"ai":null,"created":"2020-12-21 14:00:13","updated":"2025-11-30 16:21:12"},"aioseo_breadcrumb":"<div class=\"aioseo-breadcrumbs\"><span class=\"aioseo-breadcrumb\">\n\t<a href=\"https:\/\/www.eldigitaldeasturias.com\/noticias\" title=\"Home\">Home<\/a>\n<\/span><span class=\"aioseo-breadcrumb-separator\">\u2013<\/span><span class=\"aioseo-breadcrumb\">\n\t<a href=\"https:\/\/www.eldigitaldeasturias.com\/noticias\/category\/actualidad-asturias\/\" title=\"Actualidad Asturias\">Actualidad Asturias<\/a>\n<\/span><span class=\"aioseo-breadcrumb-separator\">\u2013<\/span><span class=\"aioseo-breadcrumb\">\n\t<a href=\"https:\/\/www.eldigitaldeasturias.com\/noticias\/presentada-en-gijon-la-campana-ponte-en-mi-lugar-no-en-mi-sitio\/\" title=\"Presentada en Gij\u00f3n la campa\u00f1a \u201cPonte en mi lugar, no en mi sitio\u201d\">Presentada en Gij\u00f3n la campa\u00f1a \u201cPonte en mi lugar, no en mi sitio\u201d<\/a>\n<\/span><\/div>","aioseo_breadcrumb_json":[{"label":"Home","link":"https:\/\/www.eldigitaldeasturias.com\/noticias"},{"label":"Actualidad Asturias","link":"https:\/\/www.eldigitaldeasturias.com\/noticias\/category\/actualidad-asturias\/"},{"label":"Presentada en Gij\u00f3n la campa\u00f1a \u201cPonte en mi lugar, no en mi sitio\u201d","link":"https:\/\/www.eldigitaldeasturias.com\/noticias\/presentada-en-gijon-la-campana-ponte-en-mi-lugar-no-en-mi-sitio\/"}],"_links":{"self":[{"href":"https:\/\/www.eldigitaldeasturias.com\/noticias\/wp-json\/wp\/v2\/posts\/908507","targetHints":{"allow":["GET"]}}],"collection":[{"href":"https:\/\/www.eldigitaldeasturias.com\/noticias\/wp-json\/wp\/v2\/posts"}],"about":[{"href":"https:\/\/www.eldigitaldeasturias.com\/noticias\/wp-json\/wp\/v2\/types\/post"}],"author":[{"embeddable":true,"href":"https:\/\/www.eldigitaldeasturias.com\/noticias\/wp-json\/wp\/v2\/users\/1"}],"replies":[{"embeddable":true,"href":"https:\/\/www.eldigitaldeasturias.com\/noticias\/wp-json\/wp\/v2\/comments?post=908507"}],"version-history":[{"count":0,"href":"https:\/\/www.eldigitaldeasturias.com\/noticias\/wp-json\/wp\/v2\/posts\/908507\/revisions"}],"wp:featuredmedia":[{"embeddable":true,"href":"https:\/\/www.eldigitaldeasturias.com\/noticias\/wp-json\/wp\/v2\/media\/908508"}],"wp:attachment":[{"href":"https:\/\/www.eldigitaldeasturias.com\/noticias\/wp-json\/wp\/v2\/media?parent=908507"}],"wp:term":[{"taxonomy":"category","embeddable":true,"href":"https:\/\/www.eldigitaldeasturias.com\/noticias\/wp-json\/wp\/v2\/categories?post=908507"},{"taxonomy":"post_tag","embeddable":true,"href":"https:\/\/www.eldigitaldeasturias.com\/noticias\/wp-json\/wp\/v2\/tags?post=908507"}],"curies":[{"name":"wp","href":"https:\/\/api.w.org\/{rel}","templated":true}]}}