{"id":908501,"date":"2016-09-19T22:03:23","date_gmt":"2016-09-19T21:03:23","guid":{"rendered":"http:\/\/www.eldigitaldeasturias.com\/noticias\/?p=908501"},"modified":"2016-09-19T22:03:23","modified_gmt":"2016-09-19T21:03:23","slug":"desfile-de-america-en-asturias-en-oviedo","status":"publish","type":"post","link":"https:\/\/www.eldigitaldeasturias.com\/noticias\/desfile-de-america-en-asturias-en-oviedo\/","title":{"rendered":"Desfile de Am\u00e9rica en Asturias en Oviedo"},"content":{"rendered":"<p><img loading=\"lazy\" decoding=\"async\" class=\"alignleft size-medium wp-image-908502\" src=\"https:\/\/www.eldigitaldeasturias.com\/noticias\/wp-content\/uploads\/2016\/09\/fotonoticia_20160919122121_800-360x294.jpg\" alt=\"fotonoticia_20160919122121_800\" width=\"360\" height=\"294\" srcset=\"https:\/\/www.eldigitaldeasturias.com\/noticias\/wp-content\/uploads\/2016\/09\/fotonoticia_20160919122121_800-360x294.jpg 360w, https:\/\/www.eldigitaldeasturias.com\/noticias\/wp-content\/uploads\/2016\/09\/fotonoticia_20160919122121_800-768x627.jpg 768w, https:\/\/www.eldigitaldeasturias.com\/noticias\/wp-content\/uploads\/2016\/09\/fotonoticia_20160919122121_800-650x531.jpg 650w, https:\/\/www.eldigitaldeasturias.com\/noticias\/wp-content\/uploads\/2016\/09\/fotonoticia_20160919122121_800.jpg 800w\" sizes=\"auto, (max-width: 360px) 100vw, 360px\" \/>El m\u00fasico Rodrigo Cuevas y la percusi\u00f3n de la Banda de Gaitas El Trasno ser\u00e1n los encargados de cerrar este lunes en Oviedo el 66 Desfile de Am\u00e9rica en Asturias.<\/p>\n<p>Seg\u00fan consta en el gui\u00f3n del tradicional evento que se celebra en el marco de las fiestas de San Mateo, Cuevas interpretar\u00e1 el tema &#8216;Verdiciu&#8217; con sonido en directo, sobre una base electr\u00f3nica.<\/p>\n<p>La 66 edici\u00f3n del Desfile de Am\u00e9rica en Asturias estar\u00e1 dedicado, en buena parte, al Camino Primitivo a Santiago y a la tradici\u00f3n peregrina. Abrir\u00e1n la comitiva los Gigantes y cabezudos de los famosos personajes creados por Alfonso Iglesias, Pin\u00f3n, Telva y Pin\u00edn, que portar\u00e1n un cartel en el que se leer\u00e1 &#8217;66 a\u00f1os despu\u00e9s&#8217;.<\/p>\n<p>Las figuras fueron adquiridas, en los a\u00f1os 40 por el Ayuntamiento de Oviedo a la Casa Miguel Insa, de Valencia, por algo m\u00e1s de cinco mil pesetas, la misma empresa que a\u00f1os despu\u00e9s propondr\u00eda la celebraci\u00f3n de este Desfile, compuesto este a\u00f1o por 14 carrozas, 11 pasos a pie, 3 motorizados y m\u00e1s de 2.500 figurantes, seg\u00fan ha informado el Ayuntamiento a trav\u00e9s de una nota de prensa.<\/p>\n<p>&nbsp;<\/p>\n","protected":false},"excerpt":{"rendered":"<p>El m\u00fasico Rodrigo Cuevas y la percusi\u00f3n de la Banda de Gaitas El Trasno ser\u00e1n los encargados de cerrar este lunes en Oviedo el 66 Desfile de Am\u00e9rica en Asturias. Seg\u00fan consta en el gui\u00f3n del tradicional evento que se celebra en el marco de las fiestas de San Mateo, Cuevas interpretar\u00e1 el tema &#8216;Verdiciu&#8217; [&hellip;]<\/p>\n","protected":false},"author":1,"featured_media":908502,"comment_status":"closed","ping_status":"closed","sticky":false,"template":"","format":"standard","meta":{"footnotes":""},"categories":[2],"tags":[],"class_list":["post-908501","post","type-post","status-publish","format-standard","has-post-thumbnail","hentry","category-agenda"],"aioseo_notices":[],"aioseo_head":"\n\t\t<!-- All in One SEO Pro 4.9.6.2 - aioseo.com -->\n\t<meta name=\"description\" content=\"El m\u00fasico Rodrigo Cuevas y la percusi\u00f3n de la Banda de Gaitas El Trasno ser\u00e1n los encargados de cerrar este lunes en Oviedo el 66 Desfile de Am\u00e9rica en Asturias. Seg\u00fan consta en el gui\u00f3n del tradicional evento que se celebra en el marco de las fiestas de San Mateo, Cuevas interpretar\u00e1 el tema &#039;Verdiciu&#039;\" \/>\n\t<meta name=\"robots\" content=\"max-image-preview:large\" \/>\n\t<meta name=\"author\" content=\"El Digital de Asturias\"\/>\n\t<meta name=\"google-site-verification\" content=\"UA-38556648-1\" \/>\n\t<meta name=\"msvalidate.01\" content=\"7dfe9f3f1b24437ab69f4f2559babe99\" \/>\n\t<meta name=\"keywords\" content=\"agenda\" \/>\n\t<link rel=\"canonical\" href=\"https:\/\/www.eldigitaldeasturias.com\/noticias\/desfile-de-america-en-asturias-en-oviedo\/\" \/>\n\t<meta name=\"generator\" content=\"All in One SEO Pro (AIOSEO) 4.9.6.2\" \/>\n\t\t<meta property=\"og:locale\" content=\"es_ES\" \/>\n\t\t<meta property=\"og:site_name\" content=\"El Digital de Asturias\" \/>\n\t\t<meta property=\"og:type\" content=\"article\" \/>\n\t\t<meta property=\"og:title\" content=\"Desfile de Am\u00e9rica en Asturias en Oviedo - El Digital de Asturias\" \/>\n\t\t<meta property=\"og:description\" content=\"El m\u00fasico Rodrigo Cuevas y la percusi\u00f3n de la Banda de Gaitas El Trasno ser\u00e1n los encargados de cerrar este lunes en Oviedo el 66 Desfile de Am\u00e9rica en Asturias. Seg\u00fan consta en el gui\u00f3n del tradicional evento que se celebra en el marco de las fiestas de San Mateo, Cuevas interpretar\u00e1 el tema &#039;Verdiciu&#039;\" \/>\n\t\t<meta property=\"og:url\" content=\"https:\/\/www.eldigitaldeasturias.com\/noticias\/desfile-de-america-en-asturias-en-oviedo\/\" \/>\n\t\t<meta property=\"og:image\" content=\"https:\/\/www.eldigitaldeasturias.com\/noticias\/wp-content\/uploads\/2016\/09\/fotonoticia_20160919122121_800.jpg\" \/>\n\t\t<meta property=\"og:image:secure_url\" content=\"https:\/\/www.eldigitaldeasturias.com\/noticias\/wp-content\/uploads\/2016\/09\/fotonoticia_20160919122121_800.jpg\" \/>\n\t\t<meta property=\"og:image:width\" content=\"800\" \/>\n\t\t<meta property=\"og:image:height\" content=\"653\" \/>\n\t\t<meta property=\"article:tag\" content=\"agenda\" \/>\n\t\t<meta property=\"article:published_time\" content=\"2016-09-19T21:03:23+00:00\" \/>\n\t\t<meta property=\"article:modified_time\" content=\"2016-09-19T21:03:23+00:00\" \/>\n\t\t<meta property=\"article:publisher\" content=\"https:\/\/facebook.com\/eldigitaldeasturias\" \/>\n\t\t<meta name=\"twitter:card\" content=\"summary_large_image\" \/>\n\t\t<meta name=\"twitter:title\" content=\"Desfile de Am\u00e9rica en Asturias en Oviedo - El Digital de Asturias\" \/>\n\t\t<meta name=\"twitter:description\" content=\"El m\u00fasico Rodrigo Cuevas y la percusi\u00f3n de la Banda de Gaitas El Trasno ser\u00e1n los encargados de cerrar este lunes en Oviedo el 66 Desfile de Am\u00e9rica en Asturias. Seg\u00fan consta en el gui\u00f3n del tradicional evento que se celebra en el marco de las fiestas de San Mateo, Cuevas interpretar\u00e1 el tema &#039;Verdiciu&#039;\" \/>\n\t\t<meta name=\"twitter:image\" content=\"https:\/\/www.eldigitaldeasturias.com\/noticias\/wp-content\/uploads\/2016\/09\/fotonoticia_20160919122121_800.jpg\" \/>\n\t\t<meta name=\"twitter:label1\" content=\"Escrito por\" \/>\n\t\t<meta name=\"twitter:data1\" content=\"El Digital de Asturias\" \/>\n\t\t<meta name=\"twitter:label2\" content=\"Tiempo de lectura estimado\" \/>\n\t\t<meta name=\"twitter:data2\" content=\"1 minuto\" \/>\n\t\t<script type=\"application\/ld+json\" class=\"aioseo-schema\">\n\t\t\t{\"@context\":\"https:\\\/\\\/schema.org\",\"@graph\":[{\"@type\":\"BlogPosting\",\"@id\":\"https:\\\/\\\/www.eldigitaldeasturias.com\\\/noticias\\\/desfile-de-america-en-asturias-en-oviedo\\\/#blogposting\",\"name\":\"Desfile de Am\\u00e9rica en Asturias en Oviedo - El Digital de Asturias\",\"headline\":\"Desfile de Am\\u00e9rica en Asturias en Oviedo\",\"author\":{\"@id\":\"https:\\\/\\\/www.eldigitaldeasturias.com\\\/noticias\\\/author\\\/admin\\\/#author\"},\"publisher\":{\"@id\":\"https:\\\/\\\/www.eldigitaldeasturias.com\\\/noticias\\\/#organization\"},\"image\":{\"@type\":\"ImageObject\",\"url\":\"https:\\\/\\\/www.eldigitaldeasturias.com\\\/noticias\\\/wp-content\\\/uploads\\\/2016\\\/09\\\/fotonoticia_20160919122121_800.jpg\",\"width\":800,\"height\":653},\"datePublished\":\"2016-09-19T22:03:23+02:00\",\"dateModified\":\"2016-09-19T22:03:23+02:00\",\"inLanguage\":\"es-ES\",\"mainEntityOfPage\":{\"@id\":\"https:\\\/\\\/www.eldigitaldeasturias.com\\\/noticias\\\/desfile-de-america-en-asturias-en-oviedo\\\/#webpage\"},\"isPartOf\":{\"@id\":\"https:\\\/\\\/www.eldigitaldeasturias.com\\\/noticias\\\/desfile-de-america-en-asturias-en-oviedo\\\/#webpage\"},\"articleSection\":\"Agenda\"},{\"@type\":\"BreadcrumbList\",\"@id\":\"https:\\\/\\\/www.eldigitaldeasturias.com\\\/noticias\\\/desfile-de-america-en-asturias-en-oviedo\\\/#breadcrumblist\",\"itemListElement\":[{\"@type\":\"ListItem\",\"@id\":\"https:\\\/\\\/www.eldigitaldeasturias.com\\\/noticias#listItem\",\"position\":1,\"name\":\"Home\",\"item\":\"https:\\\/\\\/www.eldigitaldeasturias.com\\\/noticias\",\"nextItem\":{\"@type\":\"ListItem\",\"@id\":\"https:\\\/\\\/www.eldigitaldeasturias.com\\\/noticias\\\/category\\\/agenda\\\/#listItem\",\"name\":\"Agenda\"}},{\"@type\":\"ListItem\",\"@id\":\"https:\\\/\\\/www.eldigitaldeasturias.com\\\/noticias\\\/category\\\/agenda\\\/#listItem\",\"position\":2,\"name\":\"Agenda\",\"item\":\"https:\\\/\\\/www.eldigitaldeasturias.com\\\/noticias\\\/category\\\/agenda\\\/\",\"nextItem\":{\"@type\":\"ListItem\",\"@id\":\"https:\\\/\\\/www.eldigitaldeasturias.com\\\/noticias\\\/desfile-de-america-en-asturias-en-oviedo\\\/#listItem\",\"name\":\"Desfile de Am\\u00e9rica en Asturias en Oviedo\"},\"previousItem\":{\"@type\":\"ListItem\",\"@id\":\"https:\\\/\\\/www.eldigitaldeasturias.com\\\/noticias#listItem\",\"name\":\"Home\"}},{\"@type\":\"ListItem\",\"@id\":\"https:\\\/\\\/www.eldigitaldeasturias.com\\\/noticias\\\/desfile-de-america-en-asturias-en-oviedo\\\/#listItem\",\"position\":3,\"name\":\"Desfile de Am\\u00e9rica en Asturias en Oviedo\",\"previousItem\":{\"@type\":\"ListItem\",\"@id\":\"https:\\\/\\\/www.eldigitaldeasturias.com\\\/noticias\\\/category\\\/agenda\\\/#listItem\",\"name\":\"Agenda\"}}]},{\"@type\":\"Organization\",\"@id\":\"https:\\\/\\\/www.eldigitaldeasturias.com\\\/noticias\\\/#organization\",\"name\":\"El Digital de Asturias\",\"description\":\"Hemeroteca\",\"url\":\"https:\\\/\\\/www.eldigitaldeasturias.com\\\/noticias\\\/\",\"email\":\"info@eldigitaldeasturias.com\",\"telephone\":\"+34652131393\",\"logo\":{\"@type\":\"ImageObject\",\"url\":\"https:\\\/\\\/www.eldigitaldeasturias.com\\\/noticias\\\/wp-content\\\/uploads\\\/2020\\\/12\\\/EDA.jpg\",\"@id\":\"https:\\\/\\\/www.eldigitaldeasturias.com\\\/noticias\\\/desfile-de-america-en-asturias-en-oviedo\\\/#organizationLogo\",\"width\":649,\"height\":297},\"image\":{\"@id\":\"https:\\\/\\\/www.eldigitaldeasturias.com\\\/noticias\\\/desfile-de-america-en-asturias-en-oviedo\\\/#organizationLogo\"},\"sameAs\":[\"https:\\\/\\\/facebook.com\\\/eldigitaldeasturias\",\"https:\\\/\\\/www.youtube.com\\\/channel\\\/UCZP-2wLEB9Rv6erhFmqVnvg\"],\"address\":{\"@id\":\"https:\\\/\\\/www.eldigitaldeasturias.com\\\/noticias\\\/#postaladdress\",\"@type\":\"PostalAddress\",\"streetAddress\":\"san antonio 4,\",\"postalCode\":\"33430\",\"addressLocality\":\"Cand\\u00e1s\",\"addressRegion\":\"Asturias\",\"addressCountry\":\"ES\"}},{\"@type\":\"Person\",\"@id\":\"https:\\\/\\\/www.eldigitaldeasturias.com\\\/noticias\\\/author\\\/admin\\\/#author\",\"url\":\"https:\\\/\\\/www.eldigitaldeasturias.com\\\/noticias\\\/author\\\/admin\\\/\",\"name\":\"El Digital de Asturias\",\"image\":{\"@type\":\"ImageObject\",\"@id\":\"https:\\\/\\\/www.eldigitaldeasturias.com\\\/noticias\\\/desfile-de-america-en-asturias-en-oviedo\\\/#authorImage\",\"url\":\"https:\\\/\\\/www.eldigitaldeasturias.com\\\/noticias\\\/wp-content\\\/litespeed\\\/avatar\\\/18677e78aa0546b92d9dbf31ec7d7668.jpg?ver=1777290358\",\"width\":96,\"height\":96,\"caption\":\"El Digital de Asturias\"}},{\"@type\":\"WebPage\",\"@id\":\"https:\\\/\\\/www.eldigitaldeasturias.com\\\/noticias\\\/desfile-de-america-en-asturias-en-oviedo\\\/#webpage\",\"url\":\"https:\\\/\\\/www.eldigitaldeasturias.com\\\/noticias\\\/desfile-de-america-en-asturias-en-oviedo\\\/\",\"name\":\"Desfile de Am\\u00e9rica en Asturias en Oviedo - El Digital de Asturias\",\"description\":\"El m\\u00fasico Rodrigo Cuevas y la percusi\\u00f3n de la Banda de Gaitas El Trasno ser\\u00e1n los encargados de cerrar este lunes en Oviedo el 66 Desfile de Am\\u00e9rica en Asturias. Seg\\u00fan consta en el gui\\u00f3n del tradicional evento que se celebra en el marco de las fiestas de San Mateo, Cuevas interpretar\\u00e1 el tema 'Verdiciu'\",\"inLanguage\":\"es-ES\",\"isPartOf\":{\"@id\":\"https:\\\/\\\/www.eldigitaldeasturias.com\\\/noticias\\\/#website\"},\"breadcrumb\":{\"@id\":\"https:\\\/\\\/www.eldigitaldeasturias.com\\\/noticias\\\/desfile-de-america-en-asturias-en-oviedo\\\/#breadcrumblist\"},\"author\":{\"@id\":\"https:\\\/\\\/www.eldigitaldeasturias.com\\\/noticias\\\/author\\\/admin\\\/#author\"},\"creator\":{\"@id\":\"https:\\\/\\\/www.eldigitaldeasturias.com\\\/noticias\\\/author\\\/admin\\\/#author\"},\"image\":{\"@type\":\"ImageObject\",\"url\":\"https:\\\/\\\/www.eldigitaldeasturias.com\\\/noticias\\\/wp-content\\\/uploads\\\/2016\\\/09\\\/fotonoticia_20160919122121_800.jpg\",\"@id\":\"https:\\\/\\\/www.eldigitaldeasturias.com\\\/noticias\\\/desfile-de-america-en-asturias-en-oviedo\\\/#mainImage\",\"width\":800,\"height\":653},\"primaryImageOfPage\":{\"@id\":\"https:\\\/\\\/www.eldigitaldeasturias.com\\\/noticias\\\/desfile-de-america-en-asturias-en-oviedo\\\/#mainImage\"},\"datePublished\":\"2016-09-19T22:03:23+02:00\",\"dateModified\":\"2016-09-19T22:03:23+02:00\"},{\"@type\":\"WebSite\",\"@id\":\"https:\\\/\\\/www.eldigitaldeasturias.com\\\/noticias\\\/#website\",\"url\":\"https:\\\/\\\/www.eldigitaldeasturias.com\\\/noticias\\\/\",\"name\":\"El Digital de Asturias - Diario de actualidad y noticias\",\"alternateName\":\"El Digital de Asturias - Diario de actualidad y noticias\",\"description\":\"Hemeroteca\",\"inLanguage\":\"es-ES\",\"publisher\":{\"@id\":\"https:\\\/\\\/www.eldigitaldeasturias.com\\\/noticias\\\/#organization\"}}]}\n\t\t<\/script>\n\t\t<!-- All in One SEO Pro -->\r\n\t\t<title>Desfile de Am\u00e9rica en Asturias en Oviedo - El Digital de Asturias<\/title>\n\n","aioseo_head_json":{"title":"Desfile de Am\u00e9rica en Asturias en Oviedo - El Digital de Asturias","description":"El m\u00fasico Rodrigo Cuevas y la percusi\u00f3n de la Banda de Gaitas El Trasno ser\u00e1n los encargados de cerrar este lunes en Oviedo el 66 Desfile de Am\u00e9rica en Asturias. Seg\u00fan consta en el gui\u00f3n del tradicional evento que se celebra en el marco de las fiestas de San Mateo, Cuevas interpretar\u00e1 el tema 'Verdiciu'","canonical_url":"https:\/\/www.eldigitaldeasturias.com\/noticias\/desfile-de-america-en-asturias-en-oviedo\/","robots":"max-image-preview:large","keywords":"agenda","webmasterTools":{"google-site-verification":"UA-38556648-1","msvalidate.01":"7dfe9f3f1b24437ab69f4f2559babe99","miscellaneous":""},"schema":{"@context":"https:\/\/schema.org","@graph":[{"@type":"BlogPosting","@id":"https:\/\/www.eldigitaldeasturias.com\/noticias\/desfile-de-america-en-asturias-en-oviedo\/#blogposting","name":"Desfile de Am\u00e9rica en Asturias en Oviedo - El Digital de Asturias","headline":"Desfile de Am\u00e9rica en Asturias en Oviedo","author":{"@id":"https:\/\/www.eldigitaldeasturias.com\/noticias\/author\/admin\/#author"},"publisher":{"@id":"https:\/\/www.eldigitaldeasturias.com\/noticias\/#organization"},"image":{"@type":"ImageObject","url":"https:\/\/www.eldigitaldeasturias.com\/noticias\/wp-content\/uploads\/2016\/09\/fotonoticia_20160919122121_800.jpg","width":800,"height":653},"datePublished":"2016-09-19T22:03:23+02:00","dateModified":"2016-09-19T22:03:23+02:00","inLanguage":"es-ES","mainEntityOfPage":{"@id":"https:\/\/www.eldigitaldeasturias.com\/noticias\/desfile-de-america-en-asturias-en-oviedo\/#webpage"},"isPartOf":{"@id":"https:\/\/www.eldigitaldeasturias.com\/noticias\/desfile-de-america-en-asturias-en-oviedo\/#webpage"},"articleSection":"Agenda"},{"@type":"BreadcrumbList","@id":"https:\/\/www.eldigitaldeasturias.com\/noticias\/desfile-de-america-en-asturias-en-oviedo\/#breadcrumblist","itemListElement":[{"@type":"ListItem","@id":"https:\/\/www.eldigitaldeasturias.com\/noticias#listItem","position":1,"name":"Home","item":"https:\/\/www.eldigitaldeasturias.com\/noticias","nextItem":{"@type":"ListItem","@id":"https:\/\/www.eldigitaldeasturias.com\/noticias\/category\/agenda\/#listItem","name":"Agenda"}},{"@type":"ListItem","@id":"https:\/\/www.eldigitaldeasturias.com\/noticias\/category\/agenda\/#listItem","position":2,"name":"Agenda","item":"https:\/\/www.eldigitaldeasturias.com\/noticias\/category\/agenda\/","nextItem":{"@type":"ListItem","@id":"https:\/\/www.eldigitaldeasturias.com\/noticias\/desfile-de-america-en-asturias-en-oviedo\/#listItem","name":"Desfile de Am\u00e9rica en Asturias en Oviedo"},"previousItem":{"@type":"ListItem","@id":"https:\/\/www.eldigitaldeasturias.com\/noticias#listItem","name":"Home"}},{"@type":"ListItem","@id":"https:\/\/www.eldigitaldeasturias.com\/noticias\/desfile-de-america-en-asturias-en-oviedo\/#listItem","position":3,"name":"Desfile de Am\u00e9rica en Asturias en Oviedo","previousItem":{"@type":"ListItem","@id":"https:\/\/www.eldigitaldeasturias.com\/noticias\/category\/agenda\/#listItem","name":"Agenda"}}]},{"@type":"Organization","@id":"https:\/\/www.eldigitaldeasturias.com\/noticias\/#organization","name":"El Digital de Asturias","description":"Hemeroteca","url":"https:\/\/www.eldigitaldeasturias.com\/noticias\/","email":"info@eldigitaldeasturias.com","telephone":"+34652131393","logo":{"@type":"ImageObject","url":"https:\/\/www.eldigitaldeasturias.com\/noticias\/wp-content\/uploads\/2020\/12\/EDA.jpg","@id":"https:\/\/www.eldigitaldeasturias.com\/noticias\/desfile-de-america-en-asturias-en-oviedo\/#organizationLogo","width":649,"height":297},"image":{"@id":"https:\/\/www.eldigitaldeasturias.com\/noticias\/desfile-de-america-en-asturias-en-oviedo\/#organizationLogo"},"sameAs":["https:\/\/facebook.com\/eldigitaldeasturias","https:\/\/www.youtube.com\/channel\/UCZP-2wLEB9Rv6erhFmqVnvg"],"address":{"@id":"https:\/\/www.eldigitaldeasturias.com\/noticias\/#postaladdress","@type":"PostalAddress","streetAddress":"san antonio 4,","postalCode":"33430","addressLocality":"Cand\u00e1s","addressRegion":"Asturias","addressCountry":"ES"}},{"@type":"Person","@id":"https:\/\/www.eldigitaldeasturias.com\/noticias\/author\/admin\/#author","url":"https:\/\/www.eldigitaldeasturias.com\/noticias\/author\/admin\/","name":"El Digital de Asturias","image":{"@type":"ImageObject","@id":"https:\/\/www.eldigitaldeasturias.com\/noticias\/desfile-de-america-en-asturias-en-oviedo\/#authorImage","url":"https:\/\/www.eldigitaldeasturias.com\/noticias\/wp-content\/litespeed\/avatar\/18677e78aa0546b92d9dbf31ec7d7668.jpg?ver=1777290358","width":96,"height":96,"caption":"El Digital de Asturias"}},{"@type":"WebPage","@id":"https:\/\/www.eldigitaldeasturias.com\/noticias\/desfile-de-america-en-asturias-en-oviedo\/#webpage","url":"https:\/\/www.eldigitaldeasturias.com\/noticias\/desfile-de-america-en-asturias-en-oviedo\/","name":"Desfile de Am\u00e9rica en Asturias en Oviedo - El Digital de Asturias","description":"El m\u00fasico Rodrigo Cuevas y la percusi\u00f3n de la Banda de Gaitas El Trasno ser\u00e1n los encargados de cerrar este lunes en Oviedo el 66 Desfile de Am\u00e9rica en Asturias. Seg\u00fan consta en el gui\u00f3n del tradicional evento que se celebra en el marco de las fiestas de San Mateo, Cuevas interpretar\u00e1 el tema 'Verdiciu'","inLanguage":"es-ES","isPartOf":{"@id":"https:\/\/www.eldigitaldeasturias.com\/noticias\/#website"},"breadcrumb":{"@id":"https:\/\/www.eldigitaldeasturias.com\/noticias\/desfile-de-america-en-asturias-en-oviedo\/#breadcrumblist"},"author":{"@id":"https:\/\/www.eldigitaldeasturias.com\/noticias\/author\/admin\/#author"},"creator":{"@id":"https:\/\/www.eldigitaldeasturias.com\/noticias\/author\/admin\/#author"},"image":{"@type":"ImageObject","url":"https:\/\/www.eldigitaldeasturias.com\/noticias\/wp-content\/uploads\/2016\/09\/fotonoticia_20160919122121_800.jpg","@id":"https:\/\/www.eldigitaldeasturias.com\/noticias\/desfile-de-america-en-asturias-en-oviedo\/#mainImage","width":800,"height":653},"primaryImageOfPage":{"@id":"https:\/\/www.eldigitaldeasturias.com\/noticias\/desfile-de-america-en-asturias-en-oviedo\/#mainImage"},"datePublished":"2016-09-19T22:03:23+02:00","dateModified":"2016-09-19T22:03:23+02:00"},{"@type":"WebSite","@id":"https:\/\/www.eldigitaldeasturias.com\/noticias\/#website","url":"https:\/\/www.eldigitaldeasturias.com\/noticias\/","name":"El Digital de Asturias - Diario de actualidad y noticias","alternateName":"El Digital de Asturias - Diario de actualidad y noticias","description":"Hemeroteca","inLanguage":"es-ES","publisher":{"@id":"https:\/\/www.eldigitaldeasturias.com\/noticias\/#organization"}}]},"og:locale":"es_ES","og:site_name":"El Digital de Asturias","og:type":"article","og:title":"Desfile de Am\u00e9rica en Asturias en Oviedo - El Digital de Asturias","og:description":"El m\u00fasico Rodrigo Cuevas y la percusi\u00f3n de la Banda de Gaitas El Trasno ser\u00e1n los encargados de cerrar este lunes en Oviedo el 66 Desfile de Am\u00e9rica en Asturias. Seg\u00fan consta en el gui\u00f3n del tradicional evento que se celebra en el marco de las fiestas de San Mateo, Cuevas interpretar\u00e1 el tema 'Verdiciu'","og:url":"https:\/\/www.eldigitaldeasturias.com\/noticias\/desfile-de-america-en-asturias-en-oviedo\/","og:image":"https:\/\/www.eldigitaldeasturias.com\/noticias\/wp-content\/uploads\/2016\/09\/fotonoticia_20160919122121_800.jpg","og:image:secure_url":"https:\/\/www.eldigitaldeasturias.com\/noticias\/wp-content\/uploads\/2016\/09\/fotonoticia_20160919122121_800.jpg","og:image:width":800,"og:image:height":653,"article:tag":["agenda"],"article:published_time":"2016-09-19T21:03:23+00:00","article:modified_time":"2016-09-19T21:03:23+00:00","article:publisher":"https:\/\/facebook.com\/eldigitaldeasturias","twitter:card":"summary_large_image","twitter:title":"Desfile de Am\u00e9rica en Asturias en Oviedo - El Digital de Asturias","twitter:description":"El m\u00fasico Rodrigo Cuevas y la percusi\u00f3n de la Banda de Gaitas El Trasno ser\u00e1n los encargados de cerrar este lunes en Oviedo el 66 Desfile de Am\u00e9rica en Asturias. Seg\u00fan consta en el gui\u00f3n del tradicional evento que se celebra en el marco de las fiestas de San Mateo, Cuevas interpretar\u00e1 el tema 'Verdiciu'","twitter:image":"https:\/\/www.eldigitaldeasturias.com\/noticias\/wp-content\/uploads\/2016\/09\/fotonoticia_20160919122121_800.jpg","twitter:label1":"Escrito por","twitter:data1":"El Digital de Asturias","twitter:label2":"Tiempo de lectura estimado","twitter:data2":"1 minuto"},"aioseo_meta_data":{"post_id":"908501","title":null,"description":null,"keywords":null,"keyphrases":null,"primary_term":null,"canonical_url":null,"og_title":null,"og_description":null,"og_object_type":"default","og_image_type":"default","og_image_url":null,"og_image_width":null,"og_image_height":null,"og_image_custom_url":null,"og_image_custom_fields":null,"og_video":null,"og_custom_url":null,"og_article_section":null,"og_article_tags":null,"twitter_use_og":false,"twitter_card":"default","twitter_image_type":"default","twitter_image_url":null,"twitter_image_custom_url":null,"twitter_image_custom_fields":null,"twitter_title":null,"twitter_description":null,"schema":{"blockGraphs":[],"customGraphs":[],"default":{"data":{"Article":[],"Course":[],"Dataset":[],"FAQPage":[],"Movie":[],"Person":[],"Product":[],"ProductReview":[],"Car":[],"Recipe":[],"Service":[],"SoftwareApplication":[],"WebPage":[]},"graphName":"","isEnabled":true},"graphs":[],"defaultGraph":"","defaultPostTypeGraph":""},"schema_type":null,"schema_type_options":null,"pillar_content":false,"robots_default":true,"robots_noindex":false,"robots_noarchive":false,"robots_nosnippet":false,"robots_nofollow":false,"robots_noimageindex":false,"robots_noodp":false,"robots_notranslate":false,"robots_max_snippet":null,"robots_max_videopreview":null,"robots_max_imagepreview":"large","priority":null,"frequency":null,"local_seo":null,"seo_analyzer_scan_date":"2025-11-30 16:21:11","breadcrumb_settings":null,"limit_modified_date":false,"open_ai":null,"ai":null,"created":"2020-12-21 14:00:13","updated":"2025-11-30 16:21:11"},"aioseo_breadcrumb":"<div class=\"aioseo-breadcrumbs\"><span class=\"aioseo-breadcrumb\">\n\t<a href=\"https:\/\/www.eldigitaldeasturias.com\/noticias\" title=\"Home\">Home<\/a>\n<\/span><span class=\"aioseo-breadcrumb-separator\">\u2013<\/span><span class=\"aioseo-breadcrumb\">\n\t<a href=\"https:\/\/www.eldigitaldeasturias.com\/noticias\/category\/agenda\/\" title=\"Agenda\">Agenda<\/a>\n<\/span><span class=\"aioseo-breadcrumb-separator\">\u2013<\/span><span class=\"aioseo-breadcrumb\">\n\t<a href=\"https:\/\/www.eldigitaldeasturias.com\/noticias\/desfile-de-america-en-asturias-en-oviedo\/\" title=\"Desfile de Am\u00e9rica en Asturias en Oviedo\">Desfile de Am\u00e9rica en Asturias en Oviedo<\/a>\n<\/span><\/div>","aioseo_breadcrumb_json":[{"label":"Home","link":"https:\/\/www.eldigitaldeasturias.com\/noticias"},{"label":"Agenda","link":"https:\/\/www.eldigitaldeasturias.com\/noticias\/category\/agenda\/"},{"label":"Desfile de Am\u00e9rica en Asturias en Oviedo","link":"https:\/\/www.eldigitaldeasturias.com\/noticias\/desfile-de-america-en-asturias-en-oviedo\/"}],"_links":{"self":[{"href":"https:\/\/www.eldigitaldeasturias.com\/noticias\/wp-json\/wp\/v2\/posts\/908501","targetHints":{"allow":["GET"]}}],"collection":[{"href":"https:\/\/www.eldigitaldeasturias.com\/noticias\/wp-json\/wp\/v2\/posts"}],"about":[{"href":"https:\/\/www.eldigitaldeasturias.com\/noticias\/wp-json\/wp\/v2\/types\/post"}],"author":[{"embeddable":true,"href":"https:\/\/www.eldigitaldeasturias.com\/noticias\/wp-json\/wp\/v2\/users\/1"}],"replies":[{"embeddable":true,"href":"https:\/\/www.eldigitaldeasturias.com\/noticias\/wp-json\/wp\/v2\/comments?post=908501"}],"version-history":[{"count":0,"href":"https:\/\/www.eldigitaldeasturias.com\/noticias\/wp-json\/wp\/v2\/posts\/908501\/revisions"}],"wp:featuredmedia":[{"embeddable":true,"href":"https:\/\/www.eldigitaldeasturias.com\/noticias\/wp-json\/wp\/v2\/media\/908502"}],"wp:attachment":[{"href":"https:\/\/www.eldigitaldeasturias.com\/noticias\/wp-json\/wp\/v2\/media?parent=908501"}],"wp:term":[{"taxonomy":"category","embeddable":true,"href":"https:\/\/www.eldigitaldeasturias.com\/noticias\/wp-json\/wp\/v2\/categories?post=908501"},{"taxonomy":"post_tag","embeddable":true,"href":"https:\/\/www.eldigitaldeasturias.com\/noticias\/wp-json\/wp\/v2\/tags?post=908501"}],"curies":[{"name":"wp","href":"https:\/\/api.w.org\/{rel}","templated":true}]}}