{"id":908498,"date":"2016-09-19T21:59:51","date_gmt":"2016-09-19T20:59:51","guid":{"rendered":"http:\/\/www.eldigitaldeasturias.com\/noticias\/?p=908498"},"modified":"2016-09-19T21:59:51","modified_gmt":"2016-09-19T20:59:51","slug":"tabaco-y-depresion-una-mala-combinacion-para-la-salud","status":"publish","type":"post","link":"https:\/\/www.eldigitaldeasturias.com\/noticias\/tabaco-y-depresion-una-mala-combinacion-para-la-salud\/","title":{"rendered":"Tabaco y depresi\u00f3n, una mala combinaci\u00f3n para la salud"},"content":{"rendered":"<p><img loading=\"lazy\" decoding=\"async\" class=\"alignleft size-medium wp-image-908499\" src=\"https:\/\/www.eldigitaldeasturias.com\/noticias\/wp-content\/uploads\/2016\/09\/fotonoticia_20160919120623_800-360x240.jpg\" alt=\"fotonoticia_20160919120623_800\" width=\"360\" height=\"240\" srcset=\"https:\/\/www.eldigitaldeasturias.com\/noticias\/wp-content\/uploads\/2016\/09\/fotonoticia_20160919120623_800-360x240.jpg 360w, https:\/\/www.eldigitaldeasturias.com\/noticias\/wp-content\/uploads\/2016\/09\/fotonoticia_20160919120623_800-768x512.jpg 768w, https:\/\/www.eldigitaldeasturias.com\/noticias\/wp-content\/uploads\/2016\/09\/fotonoticia_20160919120623_800-650x433.jpg 650w, https:\/\/www.eldigitaldeasturias.com\/noticias\/wp-content\/uploads\/2016\/09\/fotonoticia_20160919120623_800-84x55.jpg 84w, https:\/\/www.eldigitaldeasturias.com\/noticias\/wp-content\/uploads\/2016\/09\/fotonoticia_20160919120623_800-49x32.jpg 49w, https:\/\/www.eldigitaldeasturias.com\/noticias\/wp-content\/uploads\/2016\/09\/fotonoticia_20160919120623_800.jpg 800w\" sizes=\"auto, (max-width: 360px) 100vw, 360px\" \/>M\u00e1s de la mitad de los pacientes fumadores con depresi\u00f3n o s\u00edntomas de depresi\u00f3n consiguen dejar el tabaco tras seguir una terapia psicol\u00f3gica espec\u00edfica. As\u00ed lo avalan los resultados obtenidos hasta ahora por la Unidad Cl\u00ednica de Conductas Adictivas dependiente de la Facultad de Psicolog\u00eda de la Universidad de Oviedo.<\/p>\n<p>Los primeros datos, tras tratar a 59 pacientes con sintomatolog\u00eda depresiva grave, revelan que la tasa de abstinencia del tabaco se eleva hasta el 71,2% al acabar la terapia, si sit\u00faa en el 61,2% un mes despu\u00e9s y supera el 52,9% a los dos meses. Los psic\u00f3logos de la Unidad Cl\u00ednica de Conductas Adictivas subrayan que estas tasas son significativamente superiores a las reportadas en el contexto internacional con muestras similares.<\/p>\n<p>Esta unidad desarrolla un proyecto de investigaci\u00f3n para dar soluciones a uno de los trastornos de salud mental de mayor prevalencia en Espa\u00f1a: la concurrencia del consumo de tabaco y la depresi\u00f3n.<\/p>\n<p>En nuestro pa\u00eds, la depresi\u00f3n afecta a entre el 5% y el 12% de la poblaci\u00f3n adulta, es decir, a entre dos y cuatro millones de personas. Este trastorno psicol\u00f3gico se caracteriza principalmente por la presencia continua de un estado de \u00e1nimo depresivo o humor triste y la p\u00e9rdida de inter\u00e9s o placer por actividades de la vida diaria que anteriormente resultaban gratificantes.<\/p>\n<p>La evidencia cient\u00edfica, cl\u00ednica y asistencial constata cada vez con m\u00e1s frecuencia la presencia de depresi\u00f3n entre las personas que demandan tratamientos para dejar de fumar. Se estima de hecho que las personas con s\u00edntomas depresivos tienen el doble de probabilidades de ser fumadoras que aquellas que no los padecen y que aproximadamente el 30% de los fumadores sufre s\u00edntomas depresivos en el momento en el que dejan el tabaco.<\/p>\n<p>El perfil de los pacientes que demandan tratamiento para dejar de fumar y que presentan depresi\u00f3n se caracteriza por un consumo m\u00e1s alto de cigarrillos que la poblaci\u00f3n general, una mayor dependencia de la nicotina y m\u00e1s s\u00edntomas de abstinencia durante el proceso de cesaci\u00f3n tab\u00e1quica.<\/p>\n<p>La experiencia de la Unidad Cl\u00ednica de Conductas Adictivas recoge que, hasta el momento, es mayor el porcentaje de mujeres que de hombres entre los participantes de su programa. Este hecho no es sorprendente por cuanto la relaci\u00f3n entre tabaquismo y depresi\u00f3n es m\u00e1s frecuente en las mujeres.<\/p>\n<p>Los psic\u00f3logos de la Universidad de Oviedo apuntan que, a pesar de la creencia popular de que el paciente depresivo o con diagn\u00f3stico psiqui\u00e1trico no puede perseguir la abstinencia total como objetivo terap\u00e9utico, existen evidencias que indican lo contrario. La abstinencia del tabaco mejora de hecho el estado de \u00e1nimo de las personas depresivas.<\/p>\n<p>&nbsp;<\/p>\n","protected":false},"excerpt":{"rendered":"<p>M\u00e1s de la mitad de los pacientes fumadores con depresi\u00f3n o s\u00edntomas de depresi\u00f3n consiguen dejar el tabaco tras seguir una terapia psicol\u00f3gica espec\u00edfica. As\u00ed lo avalan los resultados obtenidos hasta ahora por la Unidad Cl\u00ednica de Conductas Adictivas dependiente de la Facultad de Psicolog\u00eda de la Universidad de Oviedo. Los primeros datos, tras tratar [&hellip;]<\/p>\n","protected":false},"author":1,"featured_media":908499,"comment_status":"closed","ping_status":"closed","sticky":false,"template":"","format":"standard","meta":{"footnotes":""},"categories":[28],"tags":[],"class_list":["post-908498","post","type-post","status-publish","format-standard","has-post-thumbnail","hentry","category-sociedad"],"aioseo_notices":[],"aioseo_head":"\n\t\t<!-- All in One SEO Pro 4.9.6.2 - aioseo.com -->\n\t<meta name=\"description\" content=\"M\u00e1s de la mitad de los pacientes fumadores con depresi\u00f3n o s\u00edntomas de depresi\u00f3n consiguen dejar el tabaco tras seguir una terapia psicol\u00f3gica espec\u00edfica. As\u00ed lo avalan los resultados obtenidos hasta ahora por la Unidad Cl\u00ednica de Conductas Adictivas dependiente de la Facultad de Psicolog\u00eda de la Universidad de Oviedo. Los primeros datos, tras tratar\" \/>\n\t<meta name=\"robots\" content=\"max-image-preview:large\" \/>\n\t<meta name=\"author\" content=\"El Digital de Asturias\"\/>\n\t<meta name=\"google-site-verification\" content=\"UA-38556648-1\" \/>\n\t<meta name=\"msvalidate.01\" content=\"7dfe9f3f1b24437ab69f4f2559babe99\" \/>\n\t<meta name=\"keywords\" content=\"sociedad\" \/>\n\t<link rel=\"canonical\" href=\"https:\/\/www.eldigitaldeasturias.com\/noticias\/tabaco-y-depresion-una-mala-combinacion-para-la-salud\/\" \/>\n\t<meta name=\"generator\" content=\"All in One SEO Pro (AIOSEO) 4.9.6.2\" \/>\n\t\t<meta property=\"og:locale\" content=\"es_ES\" \/>\n\t\t<meta property=\"og:site_name\" content=\"El Digital de Asturias\" \/>\n\t\t<meta property=\"og:type\" content=\"article\" \/>\n\t\t<meta property=\"og:title\" content=\"Tabaco y depresi\u00f3n, una mala combinaci\u00f3n para la salud - El Digital de Asturias\" \/>\n\t\t<meta property=\"og:description\" content=\"M\u00e1s de la mitad de los pacientes fumadores con depresi\u00f3n o s\u00edntomas de depresi\u00f3n consiguen dejar el tabaco tras seguir una terapia psicol\u00f3gica espec\u00edfica. As\u00ed lo avalan los resultados obtenidos hasta ahora por la Unidad Cl\u00ednica de Conductas Adictivas dependiente de la Facultad de Psicolog\u00eda de la Universidad de Oviedo. Los primeros datos, tras tratar\" \/>\n\t\t<meta property=\"og:url\" content=\"https:\/\/www.eldigitaldeasturias.com\/noticias\/tabaco-y-depresion-una-mala-combinacion-para-la-salud\/\" \/>\n\t\t<meta property=\"og:image\" content=\"https:\/\/www.eldigitaldeasturias.com\/noticias\/wp-content\/uploads\/2016\/09\/fotonoticia_20160919120623_800.jpg\" \/>\n\t\t<meta property=\"og:image:secure_url\" content=\"https:\/\/www.eldigitaldeasturias.com\/noticias\/wp-content\/uploads\/2016\/09\/fotonoticia_20160919120623_800.jpg\" \/>\n\t\t<meta property=\"og:image:width\" content=\"800\" \/>\n\t\t<meta property=\"og:image:height\" content=\"533\" \/>\n\t\t<meta property=\"article:tag\" content=\"sociedad\" \/>\n\t\t<meta property=\"article:published_time\" content=\"2016-09-19T20:59:51+00:00\" \/>\n\t\t<meta property=\"article:modified_time\" content=\"2016-09-19T20:59:51+00:00\" \/>\n\t\t<meta property=\"article:publisher\" content=\"https:\/\/facebook.com\/eldigitaldeasturias\" \/>\n\t\t<meta name=\"twitter:card\" content=\"summary_large_image\" \/>\n\t\t<meta name=\"twitter:title\" content=\"Tabaco y depresi\u00f3n, una mala combinaci\u00f3n para la salud - El Digital de Asturias\" \/>\n\t\t<meta name=\"twitter:description\" content=\"M\u00e1s de la mitad de los pacientes fumadores con depresi\u00f3n o s\u00edntomas de depresi\u00f3n consiguen dejar el tabaco tras seguir una terapia psicol\u00f3gica espec\u00edfica. As\u00ed lo avalan los resultados obtenidos hasta ahora por la Unidad Cl\u00ednica de Conductas Adictivas dependiente de la Facultad de Psicolog\u00eda de la Universidad de Oviedo. Los primeros datos, tras tratar\" \/>\n\t\t<meta name=\"twitter:image\" content=\"https:\/\/www.eldigitaldeasturias.com\/noticias\/wp-content\/uploads\/2016\/09\/fotonoticia_20160919120623_800.jpg\" \/>\n\t\t<meta name=\"twitter:label1\" content=\"Escrito por\" \/>\n\t\t<meta name=\"twitter:data1\" content=\"El Digital de Asturias\" \/>\n\t\t<meta name=\"twitter:label2\" content=\"Tiempo de lectura estimado\" \/>\n\t\t<meta name=\"twitter:data2\" content=\"2 minutos\" \/>\n\t\t<script type=\"application\/ld+json\" class=\"aioseo-schema\">\n\t\t\t{\"@context\":\"https:\\\/\\\/schema.org\",\"@graph\":[{\"@type\":\"BlogPosting\",\"@id\":\"https:\\\/\\\/www.eldigitaldeasturias.com\\\/noticias\\\/tabaco-y-depresion-una-mala-combinacion-para-la-salud\\\/#blogposting\",\"name\":\"Tabaco y depresi\\u00f3n, una mala combinaci\\u00f3n para la salud - El Digital de Asturias\",\"headline\":\"Tabaco y depresi\\u00f3n, una mala combinaci\\u00f3n para la salud\",\"author\":{\"@id\":\"https:\\\/\\\/www.eldigitaldeasturias.com\\\/noticias\\\/author\\\/admin\\\/#author\"},\"publisher\":{\"@id\":\"https:\\\/\\\/www.eldigitaldeasturias.com\\\/noticias\\\/#organization\"},\"image\":{\"@type\":\"ImageObject\",\"url\":\"https:\\\/\\\/www.eldigitaldeasturias.com\\\/noticias\\\/wp-content\\\/uploads\\\/2016\\\/09\\\/fotonoticia_20160919120623_800.jpg\",\"width\":800,\"height\":533},\"datePublished\":\"2016-09-19T21:59:51+02:00\",\"dateModified\":\"2016-09-19T21:59:51+02:00\",\"inLanguage\":\"es-ES\",\"mainEntityOfPage\":{\"@id\":\"https:\\\/\\\/www.eldigitaldeasturias.com\\\/noticias\\\/tabaco-y-depresion-una-mala-combinacion-para-la-salud\\\/#webpage\"},\"isPartOf\":{\"@id\":\"https:\\\/\\\/www.eldigitaldeasturias.com\\\/noticias\\\/tabaco-y-depresion-una-mala-combinacion-para-la-salud\\\/#webpage\"},\"articleSection\":\"Sociedad\"},{\"@type\":\"BreadcrumbList\",\"@id\":\"https:\\\/\\\/www.eldigitaldeasturias.com\\\/noticias\\\/tabaco-y-depresion-una-mala-combinacion-para-la-salud\\\/#breadcrumblist\",\"itemListElement\":[{\"@type\":\"ListItem\",\"@id\":\"https:\\\/\\\/www.eldigitaldeasturias.com\\\/noticias#listItem\",\"position\":1,\"name\":\"Home\",\"item\":\"https:\\\/\\\/www.eldigitaldeasturias.com\\\/noticias\",\"nextItem\":{\"@type\":\"ListItem\",\"@id\":\"https:\\\/\\\/www.eldigitaldeasturias.com\\\/noticias\\\/category\\\/sociedad\\\/#listItem\",\"name\":\"Sociedad\"}},{\"@type\":\"ListItem\",\"@id\":\"https:\\\/\\\/www.eldigitaldeasturias.com\\\/noticias\\\/category\\\/sociedad\\\/#listItem\",\"position\":2,\"name\":\"Sociedad\",\"item\":\"https:\\\/\\\/www.eldigitaldeasturias.com\\\/noticias\\\/category\\\/sociedad\\\/\",\"nextItem\":{\"@type\":\"ListItem\",\"@id\":\"https:\\\/\\\/www.eldigitaldeasturias.com\\\/noticias\\\/tabaco-y-depresion-una-mala-combinacion-para-la-salud\\\/#listItem\",\"name\":\"Tabaco y depresi\\u00f3n, una mala combinaci\\u00f3n para la salud\"},\"previousItem\":{\"@type\":\"ListItem\",\"@id\":\"https:\\\/\\\/www.eldigitaldeasturias.com\\\/noticias#listItem\",\"name\":\"Home\"}},{\"@type\":\"ListItem\",\"@id\":\"https:\\\/\\\/www.eldigitaldeasturias.com\\\/noticias\\\/tabaco-y-depresion-una-mala-combinacion-para-la-salud\\\/#listItem\",\"position\":3,\"name\":\"Tabaco y depresi\\u00f3n, una mala combinaci\\u00f3n para la salud\",\"previousItem\":{\"@type\":\"ListItem\",\"@id\":\"https:\\\/\\\/www.eldigitaldeasturias.com\\\/noticias\\\/category\\\/sociedad\\\/#listItem\",\"name\":\"Sociedad\"}}]},{\"@type\":\"Organization\",\"@id\":\"https:\\\/\\\/www.eldigitaldeasturias.com\\\/noticias\\\/#organization\",\"name\":\"El Digital de Asturias\",\"description\":\"Hemeroteca\",\"url\":\"https:\\\/\\\/www.eldigitaldeasturias.com\\\/noticias\\\/\",\"email\":\"info@eldigitaldeasturias.com\",\"telephone\":\"+34652131393\",\"logo\":{\"@type\":\"ImageObject\",\"url\":\"https:\\\/\\\/www.eldigitaldeasturias.com\\\/noticias\\\/wp-content\\\/uploads\\\/2020\\\/12\\\/EDA.jpg\",\"@id\":\"https:\\\/\\\/www.eldigitaldeasturias.com\\\/noticias\\\/tabaco-y-depresion-una-mala-combinacion-para-la-salud\\\/#organizationLogo\",\"width\":649,\"height\":297},\"image\":{\"@id\":\"https:\\\/\\\/www.eldigitaldeasturias.com\\\/noticias\\\/tabaco-y-depresion-una-mala-combinacion-para-la-salud\\\/#organizationLogo\"},\"sameAs\":[\"https:\\\/\\\/facebook.com\\\/eldigitaldeasturias\",\"https:\\\/\\\/www.youtube.com\\\/channel\\\/UCZP-2wLEB9Rv6erhFmqVnvg\"],\"address\":{\"@id\":\"https:\\\/\\\/www.eldigitaldeasturias.com\\\/noticias\\\/#postaladdress\",\"@type\":\"PostalAddress\",\"streetAddress\":\"san antonio 4,\",\"postalCode\":\"33430\",\"addressLocality\":\"Cand\\u00e1s\",\"addressRegion\":\"Asturias\",\"addressCountry\":\"ES\"}},{\"@type\":\"Person\",\"@id\":\"https:\\\/\\\/www.eldigitaldeasturias.com\\\/noticias\\\/author\\\/admin\\\/#author\",\"url\":\"https:\\\/\\\/www.eldigitaldeasturias.com\\\/noticias\\\/author\\\/admin\\\/\",\"name\":\"El Digital de Asturias\",\"image\":{\"@type\":\"ImageObject\",\"@id\":\"https:\\\/\\\/www.eldigitaldeasturias.com\\\/noticias\\\/tabaco-y-depresion-una-mala-combinacion-para-la-salud\\\/#authorImage\",\"url\":\"https:\\\/\\\/www.eldigitaldeasturias.com\\\/noticias\\\/wp-content\\\/litespeed\\\/avatar\\\/18677e78aa0546b92d9dbf31ec7d7668.jpg?ver=1777290358\",\"width\":96,\"height\":96,\"caption\":\"El Digital de Asturias\"}},{\"@type\":\"WebPage\",\"@id\":\"https:\\\/\\\/www.eldigitaldeasturias.com\\\/noticias\\\/tabaco-y-depresion-una-mala-combinacion-para-la-salud\\\/#webpage\",\"url\":\"https:\\\/\\\/www.eldigitaldeasturias.com\\\/noticias\\\/tabaco-y-depresion-una-mala-combinacion-para-la-salud\\\/\",\"name\":\"Tabaco y depresi\\u00f3n, una mala combinaci\\u00f3n para la salud - El Digital de Asturias\",\"description\":\"M\\u00e1s de la mitad de los pacientes fumadores con depresi\\u00f3n o s\\u00edntomas de depresi\\u00f3n consiguen dejar el tabaco tras seguir una terapia psicol\\u00f3gica espec\\u00edfica. As\\u00ed lo avalan los resultados obtenidos hasta ahora por la Unidad Cl\\u00ednica de Conductas Adictivas dependiente de la Facultad de Psicolog\\u00eda de la Universidad de Oviedo. Los primeros datos, tras tratar\",\"inLanguage\":\"es-ES\",\"isPartOf\":{\"@id\":\"https:\\\/\\\/www.eldigitaldeasturias.com\\\/noticias\\\/#website\"},\"breadcrumb\":{\"@id\":\"https:\\\/\\\/www.eldigitaldeasturias.com\\\/noticias\\\/tabaco-y-depresion-una-mala-combinacion-para-la-salud\\\/#breadcrumblist\"},\"author\":{\"@id\":\"https:\\\/\\\/www.eldigitaldeasturias.com\\\/noticias\\\/author\\\/admin\\\/#author\"},\"creator\":{\"@id\":\"https:\\\/\\\/www.eldigitaldeasturias.com\\\/noticias\\\/author\\\/admin\\\/#author\"},\"image\":{\"@type\":\"ImageObject\",\"url\":\"https:\\\/\\\/www.eldigitaldeasturias.com\\\/noticias\\\/wp-content\\\/uploads\\\/2016\\\/09\\\/fotonoticia_20160919120623_800.jpg\",\"@id\":\"https:\\\/\\\/www.eldigitaldeasturias.com\\\/noticias\\\/tabaco-y-depresion-una-mala-combinacion-para-la-salud\\\/#mainImage\",\"width\":800,\"height\":533},\"primaryImageOfPage\":{\"@id\":\"https:\\\/\\\/www.eldigitaldeasturias.com\\\/noticias\\\/tabaco-y-depresion-una-mala-combinacion-para-la-salud\\\/#mainImage\"},\"datePublished\":\"2016-09-19T21:59:51+02:00\",\"dateModified\":\"2016-09-19T21:59:51+02:00\"},{\"@type\":\"WebSite\",\"@id\":\"https:\\\/\\\/www.eldigitaldeasturias.com\\\/noticias\\\/#website\",\"url\":\"https:\\\/\\\/www.eldigitaldeasturias.com\\\/noticias\\\/\",\"name\":\"El Digital de Asturias - Diario de actualidad y noticias\",\"alternateName\":\"El Digital de Asturias - Diario de actualidad y noticias\",\"description\":\"Hemeroteca\",\"inLanguage\":\"es-ES\",\"publisher\":{\"@id\":\"https:\\\/\\\/www.eldigitaldeasturias.com\\\/noticias\\\/#organization\"}}]}\n\t\t<\/script>\n\t\t<!-- All in One SEO Pro -->\r\n\t\t<title>Tabaco y depresi\u00f3n, una mala combinaci\u00f3n para la salud - El Digital de Asturias<\/title>\n\n","aioseo_head_json":{"title":"Tabaco y depresi\u00f3n, una mala combinaci\u00f3n para la salud - El Digital de Asturias","description":"M\u00e1s de la mitad de los pacientes fumadores con depresi\u00f3n o s\u00edntomas de depresi\u00f3n consiguen dejar el tabaco tras seguir una terapia psicol\u00f3gica espec\u00edfica. As\u00ed lo avalan los resultados obtenidos hasta ahora por la Unidad Cl\u00ednica de Conductas Adictivas dependiente de la Facultad de Psicolog\u00eda de la Universidad de Oviedo. Los primeros datos, tras tratar","canonical_url":"https:\/\/www.eldigitaldeasturias.com\/noticias\/tabaco-y-depresion-una-mala-combinacion-para-la-salud\/","robots":"max-image-preview:large","keywords":"sociedad","webmasterTools":{"google-site-verification":"UA-38556648-1","msvalidate.01":"7dfe9f3f1b24437ab69f4f2559babe99","miscellaneous":""},"schema":{"@context":"https:\/\/schema.org","@graph":[{"@type":"BlogPosting","@id":"https:\/\/www.eldigitaldeasturias.com\/noticias\/tabaco-y-depresion-una-mala-combinacion-para-la-salud\/#blogposting","name":"Tabaco y depresi\u00f3n, una mala combinaci\u00f3n para la salud - El Digital de Asturias","headline":"Tabaco y depresi\u00f3n, una mala combinaci\u00f3n para la salud","author":{"@id":"https:\/\/www.eldigitaldeasturias.com\/noticias\/author\/admin\/#author"},"publisher":{"@id":"https:\/\/www.eldigitaldeasturias.com\/noticias\/#organization"},"image":{"@type":"ImageObject","url":"https:\/\/www.eldigitaldeasturias.com\/noticias\/wp-content\/uploads\/2016\/09\/fotonoticia_20160919120623_800.jpg","width":800,"height":533},"datePublished":"2016-09-19T21:59:51+02:00","dateModified":"2016-09-19T21:59:51+02:00","inLanguage":"es-ES","mainEntityOfPage":{"@id":"https:\/\/www.eldigitaldeasturias.com\/noticias\/tabaco-y-depresion-una-mala-combinacion-para-la-salud\/#webpage"},"isPartOf":{"@id":"https:\/\/www.eldigitaldeasturias.com\/noticias\/tabaco-y-depresion-una-mala-combinacion-para-la-salud\/#webpage"},"articleSection":"Sociedad"},{"@type":"BreadcrumbList","@id":"https:\/\/www.eldigitaldeasturias.com\/noticias\/tabaco-y-depresion-una-mala-combinacion-para-la-salud\/#breadcrumblist","itemListElement":[{"@type":"ListItem","@id":"https:\/\/www.eldigitaldeasturias.com\/noticias#listItem","position":1,"name":"Home","item":"https:\/\/www.eldigitaldeasturias.com\/noticias","nextItem":{"@type":"ListItem","@id":"https:\/\/www.eldigitaldeasturias.com\/noticias\/category\/sociedad\/#listItem","name":"Sociedad"}},{"@type":"ListItem","@id":"https:\/\/www.eldigitaldeasturias.com\/noticias\/category\/sociedad\/#listItem","position":2,"name":"Sociedad","item":"https:\/\/www.eldigitaldeasturias.com\/noticias\/category\/sociedad\/","nextItem":{"@type":"ListItem","@id":"https:\/\/www.eldigitaldeasturias.com\/noticias\/tabaco-y-depresion-una-mala-combinacion-para-la-salud\/#listItem","name":"Tabaco y depresi\u00f3n, una mala combinaci\u00f3n para la salud"},"previousItem":{"@type":"ListItem","@id":"https:\/\/www.eldigitaldeasturias.com\/noticias#listItem","name":"Home"}},{"@type":"ListItem","@id":"https:\/\/www.eldigitaldeasturias.com\/noticias\/tabaco-y-depresion-una-mala-combinacion-para-la-salud\/#listItem","position":3,"name":"Tabaco y depresi\u00f3n, una mala combinaci\u00f3n para la salud","previousItem":{"@type":"ListItem","@id":"https:\/\/www.eldigitaldeasturias.com\/noticias\/category\/sociedad\/#listItem","name":"Sociedad"}}]},{"@type":"Organization","@id":"https:\/\/www.eldigitaldeasturias.com\/noticias\/#organization","name":"El Digital de Asturias","description":"Hemeroteca","url":"https:\/\/www.eldigitaldeasturias.com\/noticias\/","email":"info@eldigitaldeasturias.com","telephone":"+34652131393","logo":{"@type":"ImageObject","url":"https:\/\/www.eldigitaldeasturias.com\/noticias\/wp-content\/uploads\/2020\/12\/EDA.jpg","@id":"https:\/\/www.eldigitaldeasturias.com\/noticias\/tabaco-y-depresion-una-mala-combinacion-para-la-salud\/#organizationLogo","width":649,"height":297},"image":{"@id":"https:\/\/www.eldigitaldeasturias.com\/noticias\/tabaco-y-depresion-una-mala-combinacion-para-la-salud\/#organizationLogo"},"sameAs":["https:\/\/facebook.com\/eldigitaldeasturias","https:\/\/www.youtube.com\/channel\/UCZP-2wLEB9Rv6erhFmqVnvg"],"address":{"@id":"https:\/\/www.eldigitaldeasturias.com\/noticias\/#postaladdress","@type":"PostalAddress","streetAddress":"san antonio 4,","postalCode":"33430","addressLocality":"Cand\u00e1s","addressRegion":"Asturias","addressCountry":"ES"}},{"@type":"Person","@id":"https:\/\/www.eldigitaldeasturias.com\/noticias\/author\/admin\/#author","url":"https:\/\/www.eldigitaldeasturias.com\/noticias\/author\/admin\/","name":"El Digital de Asturias","image":{"@type":"ImageObject","@id":"https:\/\/www.eldigitaldeasturias.com\/noticias\/tabaco-y-depresion-una-mala-combinacion-para-la-salud\/#authorImage","url":"https:\/\/www.eldigitaldeasturias.com\/noticias\/wp-content\/litespeed\/avatar\/18677e78aa0546b92d9dbf31ec7d7668.jpg?ver=1777290358","width":96,"height":96,"caption":"El Digital de Asturias"}},{"@type":"WebPage","@id":"https:\/\/www.eldigitaldeasturias.com\/noticias\/tabaco-y-depresion-una-mala-combinacion-para-la-salud\/#webpage","url":"https:\/\/www.eldigitaldeasturias.com\/noticias\/tabaco-y-depresion-una-mala-combinacion-para-la-salud\/","name":"Tabaco y depresi\u00f3n, una mala combinaci\u00f3n para la salud - El Digital de Asturias","description":"M\u00e1s de la mitad de los pacientes fumadores con depresi\u00f3n o s\u00edntomas de depresi\u00f3n consiguen dejar el tabaco tras seguir una terapia psicol\u00f3gica espec\u00edfica. As\u00ed lo avalan los resultados obtenidos hasta ahora por la Unidad Cl\u00ednica de Conductas Adictivas dependiente de la Facultad de Psicolog\u00eda de la Universidad de Oviedo. Los primeros datos, tras tratar","inLanguage":"es-ES","isPartOf":{"@id":"https:\/\/www.eldigitaldeasturias.com\/noticias\/#website"},"breadcrumb":{"@id":"https:\/\/www.eldigitaldeasturias.com\/noticias\/tabaco-y-depresion-una-mala-combinacion-para-la-salud\/#breadcrumblist"},"author":{"@id":"https:\/\/www.eldigitaldeasturias.com\/noticias\/author\/admin\/#author"},"creator":{"@id":"https:\/\/www.eldigitaldeasturias.com\/noticias\/author\/admin\/#author"},"image":{"@type":"ImageObject","url":"https:\/\/www.eldigitaldeasturias.com\/noticias\/wp-content\/uploads\/2016\/09\/fotonoticia_20160919120623_800.jpg","@id":"https:\/\/www.eldigitaldeasturias.com\/noticias\/tabaco-y-depresion-una-mala-combinacion-para-la-salud\/#mainImage","width":800,"height":533},"primaryImageOfPage":{"@id":"https:\/\/www.eldigitaldeasturias.com\/noticias\/tabaco-y-depresion-una-mala-combinacion-para-la-salud\/#mainImage"},"datePublished":"2016-09-19T21:59:51+02:00","dateModified":"2016-09-19T21:59:51+02:00"},{"@type":"WebSite","@id":"https:\/\/www.eldigitaldeasturias.com\/noticias\/#website","url":"https:\/\/www.eldigitaldeasturias.com\/noticias\/","name":"El Digital de Asturias - Diario de actualidad y noticias","alternateName":"El Digital de Asturias - Diario de actualidad y noticias","description":"Hemeroteca","inLanguage":"es-ES","publisher":{"@id":"https:\/\/www.eldigitaldeasturias.com\/noticias\/#organization"}}]},"og:locale":"es_ES","og:site_name":"El Digital de Asturias","og:type":"article","og:title":"Tabaco y depresi\u00f3n, una mala combinaci\u00f3n para la salud - El Digital de Asturias","og:description":"M\u00e1s de la mitad de los pacientes fumadores con depresi\u00f3n o s\u00edntomas de depresi\u00f3n consiguen dejar el tabaco tras seguir una terapia psicol\u00f3gica espec\u00edfica. As\u00ed lo avalan los resultados obtenidos hasta ahora por la Unidad Cl\u00ednica de Conductas Adictivas dependiente de la Facultad de Psicolog\u00eda de la Universidad de Oviedo. Los primeros datos, tras tratar","og:url":"https:\/\/www.eldigitaldeasturias.com\/noticias\/tabaco-y-depresion-una-mala-combinacion-para-la-salud\/","og:image":"https:\/\/www.eldigitaldeasturias.com\/noticias\/wp-content\/uploads\/2016\/09\/fotonoticia_20160919120623_800.jpg","og:image:secure_url":"https:\/\/www.eldigitaldeasturias.com\/noticias\/wp-content\/uploads\/2016\/09\/fotonoticia_20160919120623_800.jpg","og:image:width":800,"og:image:height":533,"article:tag":["sociedad"],"article:published_time":"2016-09-19T20:59:51+00:00","article:modified_time":"2016-09-19T20:59:51+00:00","article:publisher":"https:\/\/facebook.com\/eldigitaldeasturias","twitter:card":"summary_large_image","twitter:title":"Tabaco y depresi\u00f3n, una mala combinaci\u00f3n para la salud - El Digital de Asturias","twitter:description":"M\u00e1s de la mitad de los pacientes fumadores con depresi\u00f3n o s\u00edntomas de depresi\u00f3n consiguen dejar el tabaco tras seguir una terapia psicol\u00f3gica espec\u00edfica. As\u00ed lo avalan los resultados obtenidos hasta ahora por la Unidad Cl\u00ednica de Conductas Adictivas dependiente de la Facultad de Psicolog\u00eda de la Universidad de Oviedo. Los primeros datos, tras tratar","twitter:image":"https:\/\/www.eldigitaldeasturias.com\/noticias\/wp-content\/uploads\/2016\/09\/fotonoticia_20160919120623_800.jpg","twitter:label1":"Escrito por","twitter:data1":"El Digital de Asturias","twitter:label2":"Tiempo de lectura estimado","twitter:data2":"2 minutos"},"aioseo_meta_data":{"post_id":"908498","title":null,"description":null,"keywords":null,"keyphrases":null,"primary_term":null,"canonical_url":null,"og_title":null,"og_description":null,"og_object_type":"default","og_image_type":"default","og_image_url":null,"og_image_width":null,"og_image_height":null,"og_image_custom_url":null,"og_image_custom_fields":null,"og_video":null,"og_custom_url":null,"og_article_section":null,"og_article_tags":null,"twitter_use_og":false,"twitter_card":"default","twitter_image_type":"default","twitter_image_url":null,"twitter_image_custom_url":null,"twitter_image_custom_fields":null,"twitter_title":null,"twitter_description":null,"schema":{"blockGraphs":[],"customGraphs":[],"default":{"data":{"Article":[],"Course":[],"Dataset":[],"FAQPage":[],"Movie":[],"Person":[],"Product":[],"ProductReview":[],"Car":[],"Recipe":[],"Service":[],"SoftwareApplication":[],"WebPage":[]},"graphName":"","isEnabled":true},"graphs":[],"defaultGraph":"","defaultPostTypeGraph":""},"schema_type":null,"schema_type_options":null,"pillar_content":false,"robots_default":true,"robots_noindex":false,"robots_noarchive":false,"robots_nosnippet":false,"robots_nofollow":false,"robots_noimageindex":false,"robots_noodp":false,"robots_notranslate":false,"robots_max_snippet":null,"robots_max_videopreview":null,"robots_max_imagepreview":"large","priority":null,"frequency":null,"local_seo":null,"seo_analyzer_scan_date":"2025-11-30 16:19:17","breadcrumb_settings":null,"limit_modified_date":false,"open_ai":null,"ai":null,"created":"2020-12-21 14:00:13","updated":"2025-11-30 16:19:17"},"aioseo_breadcrumb":"<div class=\"aioseo-breadcrumbs\"><span class=\"aioseo-breadcrumb\">\n\t<a href=\"https:\/\/www.eldigitaldeasturias.com\/noticias\" title=\"Home\">Home<\/a>\n<\/span><span class=\"aioseo-breadcrumb-separator\">\u2013<\/span><span class=\"aioseo-breadcrumb\">\n\t<a href=\"https:\/\/www.eldigitaldeasturias.com\/noticias\/category\/sociedad\/\" title=\"Sociedad\">Sociedad<\/a>\n<\/span><span class=\"aioseo-breadcrumb-separator\">\u2013<\/span><span class=\"aioseo-breadcrumb\">\n\t<a href=\"https:\/\/www.eldigitaldeasturias.com\/noticias\/tabaco-y-depresion-una-mala-combinacion-para-la-salud\/\" title=\"Tabaco y depresi\u00f3n, una mala combinaci\u00f3n para la salud\">Tabaco y depresi\u00f3n, una mala combinaci\u00f3n para la salud<\/a>\n<\/span><\/div>","aioseo_breadcrumb_json":[{"label":"Home","link":"https:\/\/www.eldigitaldeasturias.com\/noticias"},{"label":"Sociedad","link":"https:\/\/www.eldigitaldeasturias.com\/noticias\/category\/sociedad\/"},{"label":"Tabaco y depresi\u00f3n, una mala combinaci\u00f3n para la salud","link":"https:\/\/www.eldigitaldeasturias.com\/noticias\/tabaco-y-depresion-una-mala-combinacion-para-la-salud\/"}],"_links":{"self":[{"href":"https:\/\/www.eldigitaldeasturias.com\/noticias\/wp-json\/wp\/v2\/posts\/908498","targetHints":{"allow":["GET"]}}],"collection":[{"href":"https:\/\/www.eldigitaldeasturias.com\/noticias\/wp-json\/wp\/v2\/posts"}],"about":[{"href":"https:\/\/www.eldigitaldeasturias.com\/noticias\/wp-json\/wp\/v2\/types\/post"}],"author":[{"embeddable":true,"href":"https:\/\/www.eldigitaldeasturias.com\/noticias\/wp-json\/wp\/v2\/users\/1"}],"replies":[{"embeddable":true,"href":"https:\/\/www.eldigitaldeasturias.com\/noticias\/wp-json\/wp\/v2\/comments?post=908498"}],"version-history":[{"count":0,"href":"https:\/\/www.eldigitaldeasturias.com\/noticias\/wp-json\/wp\/v2\/posts\/908498\/revisions"}],"wp:featuredmedia":[{"embeddable":true,"href":"https:\/\/www.eldigitaldeasturias.com\/noticias\/wp-json\/wp\/v2\/media\/908499"}],"wp:attachment":[{"href":"https:\/\/www.eldigitaldeasturias.com\/noticias\/wp-json\/wp\/v2\/media?parent=908498"}],"wp:term":[{"taxonomy":"category","embeddable":true,"href":"https:\/\/www.eldigitaldeasturias.com\/noticias\/wp-json\/wp\/v2\/categories?post=908498"},{"taxonomy":"post_tag","embeddable":true,"href":"https:\/\/www.eldigitaldeasturias.com\/noticias\/wp-json\/wp\/v2\/tags?post=908498"}],"curies":[{"name":"wp","href":"https:\/\/api.w.org\/{rel}","templated":true}]}}