{"id":908494,"date":"2016-09-19T21:52:16","date_gmt":"2016-09-19T20:52:16","guid":{"rendered":"http:\/\/www.eldigitaldeasturias.com\/noticias\/?p=908494"},"modified":"2016-09-19T21:52:16","modified_gmt":"2016-09-19T20:52:16","slug":"carmen-fernandez-pide-que-se-ponga-fin-al-abandono-de-la-residencia-de-perlora","status":"publish","type":"post","link":"https:\/\/www.eldigitaldeasturias.com\/noticias\/carmen-fernandez-pide-que-se-ponga-fin-al-abandono-de-la-residencia-de-perlora\/","title":{"rendered":"Carmen Fern\u00e1ndez pide que se ponga fin al abandono de la \u201cResidencia\u201d de Perlora"},"content":{"rendered":"<p><img loading=\"lazy\" decoding=\"async\" class=\"alignleft size-medium wp-image-705109\" src=\"https:\/\/www.eldigitaldeasturias.com\/noticias\/wp-content\/uploads\/2014\/11\/perlora-360x266.jpg\" alt=\"perlora\" width=\"360\" height=\"266\" srcset=\"https:\/\/www.eldigitaldeasturias.com\/noticias\/wp-content\/uploads\/2014\/11\/perlora-360x266.jpg 360w, https:\/\/www.eldigitaldeasturias.com\/noticias\/wp-content\/uploads\/2014\/11\/perlora-650x481.jpg 650w, https:\/\/www.eldigitaldeasturias.com\/noticias\/wp-content\/uploads\/2014\/11\/perlora-102x75.jpg 102w, https:\/\/www.eldigitaldeasturias.com\/noticias\/wp-content\/uploads\/2014\/11\/perlora-100x75.jpg 100w, https:\/\/www.eldigitaldeasturias.com\/noticias\/wp-content\/uploads\/2014\/11\/perlora.jpg 995w\" sizes=\"auto, (max-width: 360px) 100vw, 360px\" \/>La diputada de Foro Asturias en la Junta General Carmen Fern\u00e1ndez reclamado este lunes un plan de actuaci\u00f3n para terminar con el \u00ababandono\u00bb de la Ciudad de Vacaciones. Su grupo parlamentario plantear\u00e1 una iniciativa referida a este asunto en el pleno de la c\u00e1mara.<\/p>\n<p>Seg\u00fan ha indicado en una nota de prensa, ha sido una respuesta del Gobierno sobre la ciudad de vacaciones la que ha \u00abdado pie\u00bb a la iniciativa que presentan. \u00abEn aquella intervenci\u00f3n Francisco Blanco apunt\u00f3 que hab\u00eda sobre la mesa varios proyectos derivados de reuniones que se hab\u00edan desarrollado en la Consejer\u00eda, por ello es necesario que el gobierno haga publica su postura ante todas las iniciativas ciudadanas y empresariales que ha recibido y lo plasme en un documento donde se pueda conocer el futuro de la Ciudad de Vacaciones\u00bb, ha explicado la diputada.<\/p>\n<p>Fern\u00e1ndez ha lamentado que \u00absigan pasando los a\u00f1os\u00bb sin que el Gobierno del PSOE \u00abmueva un dedo\u00bb por la Ciudad de Vacaciones de Perlora a pesar del \u00abclamor de ciudadanos y empresarios por reabrir las instalaciones\u00bb.<\/p>\n<p>&nbsp;<\/p>\n","protected":false},"excerpt":{"rendered":"<p>La diputada de Foro Asturias en la Junta General Carmen Fern\u00e1ndez reclamado este lunes un plan de actuaci\u00f3n para terminar con el \u00ababandono\u00bb de la Ciudad de Vacaciones. Su grupo parlamentario plantear\u00e1 una iniciativa referida a este asunto en el pleno de la c\u00e1mara. Seg\u00fan ha indicado en una nota de prensa, ha sido una [&hellip;]<\/p>\n","protected":false},"author":1,"featured_media":705109,"comment_status":"closed","ping_status":"closed","sticky":false,"template":"","format":"standard","meta":{"footnotes":""},"categories":[12],"tags":[],"class_list":["post-908494","post","type-post","status-publish","format-standard","has-post-thumbnail","hentry","category-actualidad-asturias"],"aioseo_notices":[],"aioseo_head":"\n\t\t<!-- All in One SEO Pro 4.9.6.2 - aioseo.com -->\n\t<meta name=\"description\" content=\"La diputada de Foro Asturias en la Junta General Carmen Fern\u00e1ndez reclamado este lunes un plan de actuaci\u00f3n para terminar con el &quot;abandono&quot; de la Ciudad de Vacaciones. Su grupo parlamentario plantear\u00e1 una iniciativa referida a este asunto en el pleno de la c\u00e1mara. Seg\u00fan ha indicado en una nota de prensa, ha sido una\" \/>\n\t<meta name=\"robots\" content=\"max-image-preview:large\" \/>\n\t<meta name=\"author\" content=\"El Digital de Asturias\"\/>\n\t<meta name=\"google-site-verification\" content=\"UA-38556648-1\" \/>\n\t<meta name=\"msvalidate.01\" content=\"7dfe9f3f1b24437ab69f4f2559babe99\" \/>\n\t<meta name=\"keywords\" content=\"actualidad asturias\" \/>\n\t<link rel=\"canonical\" href=\"https:\/\/www.eldigitaldeasturias.com\/noticias\/carmen-fernandez-pide-que-se-ponga-fin-al-abandono-de-la-residencia-de-perlora\/\" \/>\n\t<meta name=\"generator\" content=\"All in One SEO Pro (AIOSEO) 4.9.6.2\" \/>\n\t\t<meta property=\"og:locale\" content=\"es_ES\" \/>\n\t\t<meta property=\"og:site_name\" content=\"El Digital de Asturias\" \/>\n\t\t<meta property=\"og:type\" content=\"article\" \/>\n\t\t<meta property=\"og:title\" content=\"Carmen Fern\u00e1ndez pide que se ponga fin al abandono de la \u201cResidencia\u201d de Perlora - El Digital de Asturias\" \/>\n\t\t<meta property=\"og:description\" content=\"La diputada de Foro Asturias en la Junta General Carmen Fern\u00e1ndez reclamado este lunes un plan de actuaci\u00f3n para terminar con el &quot;abandono&quot; de la Ciudad de Vacaciones. Su grupo parlamentario plantear\u00e1 una iniciativa referida a este asunto en el pleno de la c\u00e1mara. Seg\u00fan ha indicado en una nota de prensa, ha sido una\" \/>\n\t\t<meta property=\"og:url\" content=\"https:\/\/www.eldigitaldeasturias.com\/noticias\/carmen-fernandez-pide-que-se-ponga-fin-al-abandono-de-la-residencia-de-perlora\/\" \/>\n\t\t<meta property=\"og:image\" content=\"https:\/\/www.eldigitaldeasturias.com\/noticias\/wp-content\/uploads\/2014\/11\/perlora.jpg\" \/>\n\t\t<meta property=\"og:image:secure_url\" content=\"https:\/\/www.eldigitaldeasturias.com\/noticias\/wp-content\/uploads\/2014\/11\/perlora.jpg\" \/>\n\t\t<meta property=\"og:image:width\" content=\"995\" \/>\n\t\t<meta property=\"og:image:height\" content=\"737\" \/>\n\t\t<meta property=\"article:tag\" content=\"actualidad asturias\" \/>\n\t\t<meta property=\"article:published_time\" content=\"2016-09-19T20:52:16+00:00\" \/>\n\t\t<meta property=\"article:modified_time\" content=\"2016-09-19T20:52:16+00:00\" \/>\n\t\t<meta property=\"article:publisher\" content=\"https:\/\/facebook.com\/eldigitaldeasturias\" \/>\n\t\t<meta name=\"twitter:card\" content=\"summary_large_image\" \/>\n\t\t<meta name=\"twitter:title\" content=\"Carmen Fern\u00e1ndez pide que se ponga fin al abandono de la \u201cResidencia\u201d de Perlora - El Digital de Asturias\" \/>\n\t\t<meta name=\"twitter:description\" content=\"La diputada de Foro Asturias en la Junta General Carmen Fern\u00e1ndez reclamado este lunes un plan de actuaci\u00f3n para terminar con el &quot;abandono&quot; de la Ciudad de Vacaciones. Su grupo parlamentario plantear\u00e1 una iniciativa referida a este asunto en el pleno de la c\u00e1mara. Seg\u00fan ha indicado en una nota de prensa, ha sido una\" \/>\n\t\t<meta name=\"twitter:image\" content=\"https:\/\/www.eldigitaldeasturias.com\/noticias\/wp-content\/uploads\/2014\/11\/perlora.jpg\" \/>\n\t\t<meta name=\"twitter:label1\" content=\"Escrito por\" \/>\n\t\t<meta name=\"twitter:data1\" content=\"El Digital de Asturias\" \/>\n\t\t<meta name=\"twitter:label2\" content=\"Tiempo de lectura estimado\" \/>\n\t\t<meta name=\"twitter:data2\" content=\"1 minuto\" \/>\n\t\t<script type=\"application\/ld+json\" class=\"aioseo-schema\">\n\t\t\t{\"@context\":\"https:\\\/\\\/schema.org\",\"@graph\":[{\"@type\":\"BlogPosting\",\"@id\":\"https:\\\/\\\/www.eldigitaldeasturias.com\\\/noticias\\\/carmen-fernandez-pide-que-se-ponga-fin-al-abandono-de-la-residencia-de-perlora\\\/#blogposting\",\"name\":\"Carmen Fern\\u00e1ndez pide que se ponga fin al abandono de la \\u201cResidencia\\u201d de Perlora - El Digital de Asturias\",\"headline\":\"Carmen Fern\\u00e1ndez pide que se ponga fin al abandono de la \\u201cResidencia\\u201d de Perlora\",\"author\":{\"@id\":\"https:\\\/\\\/www.eldigitaldeasturias.com\\\/noticias\\\/author\\\/admin\\\/#author\"},\"publisher\":{\"@id\":\"https:\\\/\\\/www.eldigitaldeasturias.com\\\/noticias\\\/#organization\"},\"image\":{\"@type\":\"ImageObject\",\"url\":\"https:\\\/\\\/www.eldigitaldeasturias.com\\\/noticias\\\/wp-content\\\/uploads\\\/2014\\\/11\\\/perlora.jpg\",\"width\":995,\"height\":737},\"datePublished\":\"2016-09-19T21:52:16+02:00\",\"dateModified\":\"2016-09-19T21:52:16+02:00\",\"inLanguage\":\"es-ES\",\"mainEntityOfPage\":{\"@id\":\"https:\\\/\\\/www.eldigitaldeasturias.com\\\/noticias\\\/carmen-fernandez-pide-que-se-ponga-fin-al-abandono-de-la-residencia-de-perlora\\\/#webpage\"},\"isPartOf\":{\"@id\":\"https:\\\/\\\/www.eldigitaldeasturias.com\\\/noticias\\\/carmen-fernandez-pide-que-se-ponga-fin-al-abandono-de-la-residencia-de-perlora\\\/#webpage\"},\"articleSection\":\"Actualidad Asturias\"},{\"@type\":\"BreadcrumbList\",\"@id\":\"https:\\\/\\\/www.eldigitaldeasturias.com\\\/noticias\\\/carmen-fernandez-pide-que-se-ponga-fin-al-abandono-de-la-residencia-de-perlora\\\/#breadcrumblist\",\"itemListElement\":[{\"@type\":\"ListItem\",\"@id\":\"https:\\\/\\\/www.eldigitaldeasturias.com\\\/noticias#listItem\",\"position\":1,\"name\":\"Home\",\"item\":\"https:\\\/\\\/www.eldigitaldeasturias.com\\\/noticias\",\"nextItem\":{\"@type\":\"ListItem\",\"@id\":\"https:\\\/\\\/www.eldigitaldeasturias.com\\\/noticias\\\/category\\\/actualidad-asturias\\\/#listItem\",\"name\":\"Actualidad Asturias\"}},{\"@type\":\"ListItem\",\"@id\":\"https:\\\/\\\/www.eldigitaldeasturias.com\\\/noticias\\\/category\\\/actualidad-asturias\\\/#listItem\",\"position\":2,\"name\":\"Actualidad Asturias\",\"item\":\"https:\\\/\\\/www.eldigitaldeasturias.com\\\/noticias\\\/category\\\/actualidad-asturias\\\/\",\"nextItem\":{\"@type\":\"ListItem\",\"@id\":\"https:\\\/\\\/www.eldigitaldeasturias.com\\\/noticias\\\/carmen-fernandez-pide-que-se-ponga-fin-al-abandono-de-la-residencia-de-perlora\\\/#listItem\",\"name\":\"Carmen Fern\\u00e1ndez pide que se ponga fin al abandono de la \\u201cResidencia\\u201d de Perlora\"},\"previousItem\":{\"@type\":\"ListItem\",\"@id\":\"https:\\\/\\\/www.eldigitaldeasturias.com\\\/noticias#listItem\",\"name\":\"Home\"}},{\"@type\":\"ListItem\",\"@id\":\"https:\\\/\\\/www.eldigitaldeasturias.com\\\/noticias\\\/carmen-fernandez-pide-que-se-ponga-fin-al-abandono-de-la-residencia-de-perlora\\\/#listItem\",\"position\":3,\"name\":\"Carmen Fern\\u00e1ndez pide que se ponga fin al abandono de la \\u201cResidencia\\u201d de Perlora\",\"previousItem\":{\"@type\":\"ListItem\",\"@id\":\"https:\\\/\\\/www.eldigitaldeasturias.com\\\/noticias\\\/category\\\/actualidad-asturias\\\/#listItem\",\"name\":\"Actualidad Asturias\"}}]},{\"@type\":\"Organization\",\"@id\":\"https:\\\/\\\/www.eldigitaldeasturias.com\\\/noticias\\\/#organization\",\"name\":\"El Digital de Asturias\",\"description\":\"Hemeroteca\",\"url\":\"https:\\\/\\\/www.eldigitaldeasturias.com\\\/noticias\\\/\",\"email\":\"info@eldigitaldeasturias.com\",\"telephone\":\"+34652131393\",\"logo\":{\"@type\":\"ImageObject\",\"url\":\"https:\\\/\\\/www.eldigitaldeasturias.com\\\/noticias\\\/wp-content\\\/uploads\\\/2020\\\/12\\\/EDA.jpg\",\"@id\":\"https:\\\/\\\/www.eldigitaldeasturias.com\\\/noticias\\\/carmen-fernandez-pide-que-se-ponga-fin-al-abandono-de-la-residencia-de-perlora\\\/#organizationLogo\",\"width\":649,\"height\":297},\"image\":{\"@id\":\"https:\\\/\\\/www.eldigitaldeasturias.com\\\/noticias\\\/carmen-fernandez-pide-que-se-ponga-fin-al-abandono-de-la-residencia-de-perlora\\\/#organizationLogo\"},\"sameAs\":[\"https:\\\/\\\/facebook.com\\\/eldigitaldeasturias\",\"https:\\\/\\\/www.youtube.com\\\/channel\\\/UCZP-2wLEB9Rv6erhFmqVnvg\"],\"address\":{\"@id\":\"https:\\\/\\\/www.eldigitaldeasturias.com\\\/noticias\\\/#postaladdress\",\"@type\":\"PostalAddress\",\"streetAddress\":\"san antonio 4,\",\"postalCode\":\"33430\",\"addressLocality\":\"Cand\\u00e1s\",\"addressRegion\":\"Asturias\",\"addressCountry\":\"ES\"}},{\"@type\":\"Person\",\"@id\":\"https:\\\/\\\/www.eldigitaldeasturias.com\\\/noticias\\\/author\\\/admin\\\/#author\",\"url\":\"https:\\\/\\\/www.eldigitaldeasturias.com\\\/noticias\\\/author\\\/admin\\\/\",\"name\":\"El Digital de Asturias\",\"image\":{\"@type\":\"ImageObject\",\"@id\":\"https:\\\/\\\/www.eldigitaldeasturias.com\\\/noticias\\\/carmen-fernandez-pide-que-se-ponga-fin-al-abandono-de-la-residencia-de-perlora\\\/#authorImage\",\"url\":\"https:\\\/\\\/www.eldigitaldeasturias.com\\\/noticias\\\/wp-content\\\/litespeed\\\/avatar\\\/18677e78aa0546b92d9dbf31ec7d7668.jpg?ver=1777290358\",\"width\":96,\"height\":96,\"caption\":\"El Digital de Asturias\"}},{\"@type\":\"WebPage\",\"@id\":\"https:\\\/\\\/www.eldigitaldeasturias.com\\\/noticias\\\/carmen-fernandez-pide-que-se-ponga-fin-al-abandono-de-la-residencia-de-perlora\\\/#webpage\",\"url\":\"https:\\\/\\\/www.eldigitaldeasturias.com\\\/noticias\\\/carmen-fernandez-pide-que-se-ponga-fin-al-abandono-de-la-residencia-de-perlora\\\/\",\"name\":\"Carmen Fern\\u00e1ndez pide que se ponga fin al abandono de la \\u201cResidencia\\u201d de Perlora - El Digital de Asturias\",\"description\":\"La diputada de Foro Asturias en la Junta General Carmen Fern\\u00e1ndez reclamado este lunes un plan de actuaci\\u00f3n para terminar con el \\\"abandono\\\" de la Ciudad de Vacaciones. Su grupo parlamentario plantear\\u00e1 una iniciativa referida a este asunto en el pleno de la c\\u00e1mara. Seg\\u00fan ha indicado en una nota de prensa, ha sido una\",\"inLanguage\":\"es-ES\",\"isPartOf\":{\"@id\":\"https:\\\/\\\/www.eldigitaldeasturias.com\\\/noticias\\\/#website\"},\"breadcrumb\":{\"@id\":\"https:\\\/\\\/www.eldigitaldeasturias.com\\\/noticias\\\/carmen-fernandez-pide-que-se-ponga-fin-al-abandono-de-la-residencia-de-perlora\\\/#breadcrumblist\"},\"author\":{\"@id\":\"https:\\\/\\\/www.eldigitaldeasturias.com\\\/noticias\\\/author\\\/admin\\\/#author\"},\"creator\":{\"@id\":\"https:\\\/\\\/www.eldigitaldeasturias.com\\\/noticias\\\/author\\\/admin\\\/#author\"},\"image\":{\"@type\":\"ImageObject\",\"url\":\"https:\\\/\\\/www.eldigitaldeasturias.com\\\/noticias\\\/wp-content\\\/uploads\\\/2014\\\/11\\\/perlora.jpg\",\"@id\":\"https:\\\/\\\/www.eldigitaldeasturias.com\\\/noticias\\\/carmen-fernandez-pide-que-se-ponga-fin-al-abandono-de-la-residencia-de-perlora\\\/#mainImage\",\"width\":995,\"height\":737},\"primaryImageOfPage\":{\"@id\":\"https:\\\/\\\/www.eldigitaldeasturias.com\\\/noticias\\\/carmen-fernandez-pide-que-se-ponga-fin-al-abandono-de-la-residencia-de-perlora\\\/#mainImage\"},\"datePublished\":\"2016-09-19T21:52:16+02:00\",\"dateModified\":\"2016-09-19T21:52:16+02:00\"},{\"@type\":\"WebSite\",\"@id\":\"https:\\\/\\\/www.eldigitaldeasturias.com\\\/noticias\\\/#website\",\"url\":\"https:\\\/\\\/www.eldigitaldeasturias.com\\\/noticias\\\/\",\"name\":\"El Digital de Asturias - Diario de actualidad y noticias\",\"alternateName\":\"El Digital de Asturias - Diario de actualidad y noticias\",\"description\":\"Hemeroteca\",\"inLanguage\":\"es-ES\",\"publisher\":{\"@id\":\"https:\\\/\\\/www.eldigitaldeasturias.com\\\/noticias\\\/#organization\"}}]}\n\t\t<\/script>\n\t\t<!-- All in One SEO Pro -->\r\n\t\t<title>Carmen Fern\u00e1ndez pide que se ponga fin al abandono de la \u201cResidencia\u201d de Perlora - El Digital de Asturias<\/title>\n\n","aioseo_head_json":{"title":"Carmen Fern\u00e1ndez pide que se ponga fin al abandono de la \u201cResidencia\u201d de Perlora - El Digital de Asturias","description":"La diputada de Foro Asturias en la Junta General Carmen Fern\u00e1ndez reclamado este lunes un plan de actuaci\u00f3n para terminar con el \"abandono\" de la Ciudad de Vacaciones. Su grupo parlamentario plantear\u00e1 una iniciativa referida a este asunto en el pleno de la c\u00e1mara. Seg\u00fan ha indicado en una nota de prensa, ha sido una","canonical_url":"https:\/\/www.eldigitaldeasturias.com\/noticias\/carmen-fernandez-pide-que-se-ponga-fin-al-abandono-de-la-residencia-de-perlora\/","robots":"max-image-preview:large","keywords":"actualidad asturias","webmasterTools":{"google-site-verification":"UA-38556648-1","msvalidate.01":"7dfe9f3f1b24437ab69f4f2559babe99","miscellaneous":""},"schema":{"@context":"https:\/\/schema.org","@graph":[{"@type":"BlogPosting","@id":"https:\/\/www.eldigitaldeasturias.com\/noticias\/carmen-fernandez-pide-que-se-ponga-fin-al-abandono-de-la-residencia-de-perlora\/#blogposting","name":"Carmen Fern\u00e1ndez pide que se ponga fin al abandono de la \u201cResidencia\u201d de Perlora - El Digital de Asturias","headline":"Carmen Fern\u00e1ndez pide que se ponga fin al abandono de la \u201cResidencia\u201d de Perlora","author":{"@id":"https:\/\/www.eldigitaldeasturias.com\/noticias\/author\/admin\/#author"},"publisher":{"@id":"https:\/\/www.eldigitaldeasturias.com\/noticias\/#organization"},"image":{"@type":"ImageObject","url":"https:\/\/www.eldigitaldeasturias.com\/noticias\/wp-content\/uploads\/2014\/11\/perlora.jpg","width":995,"height":737},"datePublished":"2016-09-19T21:52:16+02:00","dateModified":"2016-09-19T21:52:16+02:00","inLanguage":"es-ES","mainEntityOfPage":{"@id":"https:\/\/www.eldigitaldeasturias.com\/noticias\/carmen-fernandez-pide-que-se-ponga-fin-al-abandono-de-la-residencia-de-perlora\/#webpage"},"isPartOf":{"@id":"https:\/\/www.eldigitaldeasturias.com\/noticias\/carmen-fernandez-pide-que-se-ponga-fin-al-abandono-de-la-residencia-de-perlora\/#webpage"},"articleSection":"Actualidad Asturias"},{"@type":"BreadcrumbList","@id":"https:\/\/www.eldigitaldeasturias.com\/noticias\/carmen-fernandez-pide-que-se-ponga-fin-al-abandono-de-la-residencia-de-perlora\/#breadcrumblist","itemListElement":[{"@type":"ListItem","@id":"https:\/\/www.eldigitaldeasturias.com\/noticias#listItem","position":1,"name":"Home","item":"https:\/\/www.eldigitaldeasturias.com\/noticias","nextItem":{"@type":"ListItem","@id":"https:\/\/www.eldigitaldeasturias.com\/noticias\/category\/actualidad-asturias\/#listItem","name":"Actualidad Asturias"}},{"@type":"ListItem","@id":"https:\/\/www.eldigitaldeasturias.com\/noticias\/category\/actualidad-asturias\/#listItem","position":2,"name":"Actualidad Asturias","item":"https:\/\/www.eldigitaldeasturias.com\/noticias\/category\/actualidad-asturias\/","nextItem":{"@type":"ListItem","@id":"https:\/\/www.eldigitaldeasturias.com\/noticias\/carmen-fernandez-pide-que-se-ponga-fin-al-abandono-de-la-residencia-de-perlora\/#listItem","name":"Carmen Fern\u00e1ndez pide que se ponga fin al abandono de la \u201cResidencia\u201d de Perlora"},"previousItem":{"@type":"ListItem","@id":"https:\/\/www.eldigitaldeasturias.com\/noticias#listItem","name":"Home"}},{"@type":"ListItem","@id":"https:\/\/www.eldigitaldeasturias.com\/noticias\/carmen-fernandez-pide-que-se-ponga-fin-al-abandono-de-la-residencia-de-perlora\/#listItem","position":3,"name":"Carmen Fern\u00e1ndez pide que se ponga fin al abandono de la \u201cResidencia\u201d de Perlora","previousItem":{"@type":"ListItem","@id":"https:\/\/www.eldigitaldeasturias.com\/noticias\/category\/actualidad-asturias\/#listItem","name":"Actualidad Asturias"}}]},{"@type":"Organization","@id":"https:\/\/www.eldigitaldeasturias.com\/noticias\/#organization","name":"El Digital de Asturias","description":"Hemeroteca","url":"https:\/\/www.eldigitaldeasturias.com\/noticias\/","email":"info@eldigitaldeasturias.com","telephone":"+34652131393","logo":{"@type":"ImageObject","url":"https:\/\/www.eldigitaldeasturias.com\/noticias\/wp-content\/uploads\/2020\/12\/EDA.jpg","@id":"https:\/\/www.eldigitaldeasturias.com\/noticias\/carmen-fernandez-pide-que-se-ponga-fin-al-abandono-de-la-residencia-de-perlora\/#organizationLogo","width":649,"height":297},"image":{"@id":"https:\/\/www.eldigitaldeasturias.com\/noticias\/carmen-fernandez-pide-que-se-ponga-fin-al-abandono-de-la-residencia-de-perlora\/#organizationLogo"},"sameAs":["https:\/\/facebook.com\/eldigitaldeasturias","https:\/\/www.youtube.com\/channel\/UCZP-2wLEB9Rv6erhFmqVnvg"],"address":{"@id":"https:\/\/www.eldigitaldeasturias.com\/noticias\/#postaladdress","@type":"PostalAddress","streetAddress":"san antonio 4,","postalCode":"33430","addressLocality":"Cand\u00e1s","addressRegion":"Asturias","addressCountry":"ES"}},{"@type":"Person","@id":"https:\/\/www.eldigitaldeasturias.com\/noticias\/author\/admin\/#author","url":"https:\/\/www.eldigitaldeasturias.com\/noticias\/author\/admin\/","name":"El Digital de Asturias","image":{"@type":"ImageObject","@id":"https:\/\/www.eldigitaldeasturias.com\/noticias\/carmen-fernandez-pide-que-se-ponga-fin-al-abandono-de-la-residencia-de-perlora\/#authorImage","url":"https:\/\/www.eldigitaldeasturias.com\/noticias\/wp-content\/litespeed\/avatar\/18677e78aa0546b92d9dbf31ec7d7668.jpg?ver=1777290358","width":96,"height":96,"caption":"El Digital de Asturias"}},{"@type":"WebPage","@id":"https:\/\/www.eldigitaldeasturias.com\/noticias\/carmen-fernandez-pide-que-se-ponga-fin-al-abandono-de-la-residencia-de-perlora\/#webpage","url":"https:\/\/www.eldigitaldeasturias.com\/noticias\/carmen-fernandez-pide-que-se-ponga-fin-al-abandono-de-la-residencia-de-perlora\/","name":"Carmen Fern\u00e1ndez pide que se ponga fin al abandono de la \u201cResidencia\u201d de Perlora - El Digital de Asturias","description":"La diputada de Foro Asturias en la Junta General Carmen Fern\u00e1ndez reclamado este lunes un plan de actuaci\u00f3n para terminar con el \"abandono\" de la Ciudad de Vacaciones. Su grupo parlamentario plantear\u00e1 una iniciativa referida a este asunto en el pleno de la c\u00e1mara. Seg\u00fan ha indicado en una nota de prensa, ha sido una","inLanguage":"es-ES","isPartOf":{"@id":"https:\/\/www.eldigitaldeasturias.com\/noticias\/#website"},"breadcrumb":{"@id":"https:\/\/www.eldigitaldeasturias.com\/noticias\/carmen-fernandez-pide-que-se-ponga-fin-al-abandono-de-la-residencia-de-perlora\/#breadcrumblist"},"author":{"@id":"https:\/\/www.eldigitaldeasturias.com\/noticias\/author\/admin\/#author"},"creator":{"@id":"https:\/\/www.eldigitaldeasturias.com\/noticias\/author\/admin\/#author"},"image":{"@type":"ImageObject","url":"https:\/\/www.eldigitaldeasturias.com\/noticias\/wp-content\/uploads\/2014\/11\/perlora.jpg","@id":"https:\/\/www.eldigitaldeasturias.com\/noticias\/carmen-fernandez-pide-que-se-ponga-fin-al-abandono-de-la-residencia-de-perlora\/#mainImage","width":995,"height":737},"primaryImageOfPage":{"@id":"https:\/\/www.eldigitaldeasturias.com\/noticias\/carmen-fernandez-pide-que-se-ponga-fin-al-abandono-de-la-residencia-de-perlora\/#mainImage"},"datePublished":"2016-09-19T21:52:16+02:00","dateModified":"2016-09-19T21:52:16+02:00"},{"@type":"WebSite","@id":"https:\/\/www.eldigitaldeasturias.com\/noticias\/#website","url":"https:\/\/www.eldigitaldeasturias.com\/noticias\/","name":"El Digital de Asturias - Diario de actualidad y noticias","alternateName":"El Digital de Asturias - Diario de actualidad y noticias","description":"Hemeroteca","inLanguage":"es-ES","publisher":{"@id":"https:\/\/www.eldigitaldeasturias.com\/noticias\/#organization"}}]},"og:locale":"es_ES","og:site_name":"El Digital de Asturias","og:type":"article","og:title":"Carmen Fern\u00e1ndez pide que se ponga fin al abandono de la \u201cResidencia\u201d de Perlora - El Digital de Asturias","og:description":"La diputada de Foro Asturias en la Junta General Carmen Fern\u00e1ndez reclamado este lunes un plan de actuaci\u00f3n para terminar con el &quot;abandono&quot; de la Ciudad de Vacaciones. Su grupo parlamentario plantear\u00e1 una iniciativa referida a este asunto en el pleno de la c\u00e1mara. Seg\u00fan ha indicado en una nota de prensa, ha sido una","og:url":"https:\/\/www.eldigitaldeasturias.com\/noticias\/carmen-fernandez-pide-que-se-ponga-fin-al-abandono-de-la-residencia-de-perlora\/","og:image":"https:\/\/www.eldigitaldeasturias.com\/noticias\/wp-content\/uploads\/2014\/11\/perlora.jpg","og:image:secure_url":"https:\/\/www.eldigitaldeasturias.com\/noticias\/wp-content\/uploads\/2014\/11\/perlora.jpg","og:image:width":995,"og:image:height":737,"article:tag":["actualidad asturias"],"article:published_time":"2016-09-19T20:52:16+00:00","article:modified_time":"2016-09-19T20:52:16+00:00","article:publisher":"https:\/\/facebook.com\/eldigitaldeasturias","twitter:card":"summary_large_image","twitter:title":"Carmen Fern\u00e1ndez pide que se ponga fin al abandono de la \u201cResidencia\u201d de Perlora - El Digital de Asturias","twitter:description":"La diputada de Foro Asturias en la Junta General Carmen Fern\u00e1ndez reclamado este lunes un plan de actuaci\u00f3n para terminar con el &quot;abandono&quot; de la Ciudad de Vacaciones. Su grupo parlamentario plantear\u00e1 una iniciativa referida a este asunto en el pleno de la c\u00e1mara. Seg\u00fan ha indicado en una nota de prensa, ha sido una","twitter:image":"https:\/\/www.eldigitaldeasturias.com\/noticias\/wp-content\/uploads\/2014\/11\/perlora.jpg","twitter:label1":"Escrito por","twitter:data1":"El Digital de Asturias","twitter:label2":"Tiempo de lectura estimado","twitter:data2":"1 minuto"},"aioseo_meta_data":{"post_id":"908494","title":null,"description":null,"keywords":null,"keyphrases":null,"primary_term":null,"canonical_url":null,"og_title":null,"og_description":null,"og_object_type":"default","og_image_type":"default","og_image_url":null,"og_image_width":null,"og_image_height":null,"og_image_custom_url":null,"og_image_custom_fields":null,"og_video":null,"og_custom_url":null,"og_article_section":null,"og_article_tags":null,"twitter_use_og":false,"twitter_card":"default","twitter_image_type":"default","twitter_image_url":null,"twitter_image_custom_url":null,"twitter_image_custom_fields":null,"twitter_title":null,"twitter_description":null,"schema":{"blockGraphs":[],"customGraphs":[],"default":{"data":{"Article":[],"Course":[],"Dataset":[],"FAQPage":[],"Movie":[],"Person":[],"Product":[],"ProductReview":[],"Car":[],"Recipe":[],"Service":[],"SoftwareApplication":[],"WebPage":[]},"graphName":"","isEnabled":true},"graphs":[],"defaultGraph":"","defaultPostTypeGraph":""},"schema_type":null,"schema_type_options":null,"pillar_content":false,"robots_default":true,"robots_noindex":false,"robots_noarchive":false,"robots_nosnippet":false,"robots_nofollow":false,"robots_noimageindex":false,"robots_noodp":false,"robots_notranslate":false,"robots_max_snippet":null,"robots_max_videopreview":null,"robots_max_imagepreview":"large","priority":null,"frequency":null,"local_seo":null,"seo_analyzer_scan_date":"2025-11-30 16:19:15","breadcrumb_settings":null,"limit_modified_date":false,"open_ai":null,"ai":null,"created":"2020-12-21 14:00:13","updated":"2025-11-30 16:19:15"},"aioseo_breadcrumb":"<div class=\"aioseo-breadcrumbs\"><span class=\"aioseo-breadcrumb\">\n\t<a href=\"https:\/\/www.eldigitaldeasturias.com\/noticias\" title=\"Home\">Home<\/a>\n<\/span><span class=\"aioseo-breadcrumb-separator\">\u2013<\/span><span class=\"aioseo-breadcrumb\">\n\t<a href=\"https:\/\/www.eldigitaldeasturias.com\/noticias\/category\/actualidad-asturias\/\" title=\"Actualidad Asturias\">Actualidad Asturias<\/a>\n<\/span><span class=\"aioseo-breadcrumb-separator\">\u2013<\/span><span class=\"aioseo-breadcrumb\">\n\t<a href=\"https:\/\/www.eldigitaldeasturias.com\/noticias\/carmen-fernandez-pide-que-se-ponga-fin-al-abandono-de-la-residencia-de-perlora\/\" title=\"Carmen Fern\u00e1ndez pide que se ponga fin al abandono de la \u201cResidencia\u201d de Perlora\">Carmen Fern\u00e1ndez pide que se ponga fin al abandono de la \u201cResidencia\u201d de Perlora<\/a>\n<\/span><\/div>","aioseo_breadcrumb_json":[{"label":"Home","link":"https:\/\/www.eldigitaldeasturias.com\/noticias"},{"label":"Actualidad Asturias","link":"https:\/\/www.eldigitaldeasturias.com\/noticias\/category\/actualidad-asturias\/"},{"label":"Carmen Fern\u00e1ndez pide que se ponga fin al abandono de la \u201cResidencia\u201d de Perlora","link":"https:\/\/www.eldigitaldeasturias.com\/noticias\/carmen-fernandez-pide-que-se-ponga-fin-al-abandono-de-la-residencia-de-perlora\/"}],"_links":{"self":[{"href":"https:\/\/www.eldigitaldeasturias.com\/noticias\/wp-json\/wp\/v2\/posts\/908494","targetHints":{"allow":["GET"]}}],"collection":[{"href":"https:\/\/www.eldigitaldeasturias.com\/noticias\/wp-json\/wp\/v2\/posts"}],"about":[{"href":"https:\/\/www.eldigitaldeasturias.com\/noticias\/wp-json\/wp\/v2\/types\/post"}],"author":[{"embeddable":true,"href":"https:\/\/www.eldigitaldeasturias.com\/noticias\/wp-json\/wp\/v2\/users\/1"}],"replies":[{"embeddable":true,"href":"https:\/\/www.eldigitaldeasturias.com\/noticias\/wp-json\/wp\/v2\/comments?post=908494"}],"version-history":[{"count":0,"href":"https:\/\/www.eldigitaldeasturias.com\/noticias\/wp-json\/wp\/v2\/posts\/908494\/revisions"}],"wp:featuredmedia":[{"embeddable":true,"href":"https:\/\/www.eldigitaldeasturias.com\/noticias\/wp-json\/wp\/v2\/media\/705109"}],"wp:attachment":[{"href":"https:\/\/www.eldigitaldeasturias.com\/noticias\/wp-json\/wp\/v2\/media?parent=908494"}],"wp:term":[{"taxonomy":"category","embeddable":true,"href":"https:\/\/www.eldigitaldeasturias.com\/noticias\/wp-json\/wp\/v2\/categories?post=908494"},{"taxonomy":"post_tag","embeddable":true,"href":"https:\/\/www.eldigitaldeasturias.com\/noticias\/wp-json\/wp\/v2\/tags?post=908494"}],"curies":[{"name":"wp","href":"https:\/\/api.w.org\/{rel}","templated":true}]}}