{"id":908492,"date":"2016-09-19T21:46:53","date_gmt":"2016-09-19T20:46:53","guid":{"rendered":"http:\/\/www.eldigitaldeasturias.com\/noticias\/?p=908492"},"modified":"2016-09-19T21:46:53","modified_gmt":"2016-09-19T20:46:53","slug":"carcedo-abre-las-puertas-para-modificar-la-relacion-de-puestos-de-trabajo-de-asturias","status":"publish","type":"post","link":"https:\/\/www.eldigitaldeasturias.com\/noticias\/carcedo-abre-las-puertas-para-modificar-la-relacion-de-puestos-de-trabajo-de-asturias\/","title":{"rendered":"Carcedo abre las puertas para modificar la Relaci\u00f3n de Puestos de Trabajo de Asturias"},"content":{"rendered":"<p><img loading=\"lazy\" decoding=\"async\" class=\"alignleft size-medium wp-image-908490\" src=\"https:\/\/www.eldigitaldeasturias.com\/noticias\/wp-content\/uploads\/2016\/09\/fotonoticia_20160919105016_800-360x264.jpg\" alt=\"fotonoticia_20160919105016_800\" width=\"360\" height=\"264\" srcset=\"https:\/\/www.eldigitaldeasturias.com\/noticias\/wp-content\/uploads\/2016\/09\/fotonoticia_20160919105016_800-360x264.jpg 360w, https:\/\/www.eldigitaldeasturias.com\/noticias\/wp-content\/uploads\/2016\/09\/fotonoticia_20160919105016_800-768x564.jpg 768w, https:\/\/www.eldigitaldeasturias.com\/noticias\/wp-content\/uploads\/2016\/09\/fotonoticia_20160919105016_800-650x477.jpg 650w, https:\/\/www.eldigitaldeasturias.com\/noticias\/wp-content\/uploads\/2016\/09\/fotonoticia_20160919105016_800.jpg 800w\" sizes=\"auto, (max-width: 360px) 100vw, 360px\" \/>El Gobierno asturiano est\u00e1 impulsando un proceso para convertir a personal laboral fijo en funcionarios de la Administraci\u00f3n regional, seg\u00fan ha confirmado este lunes la consejera de Hacienda y Sector P\u00fablico asturiana, la socialista Dolores Carcedo, que ha se\u00f1alado que el sistema repercutir\u00e1 en unas mejores condiciones de los trabajadores y que el acceso se har\u00e1 por concurso-oposici\u00f3n.<\/p>\n<p>En una comisi\u00f3n parlamentaria la dirigente regional he explicado que se tendr\u00e1n en cuenta los servicios y prestados y las puestas selectivas. Ya existen 45 plazas de promoci\u00f3n interna de funcionarios que est\u00e1n abiertas a personal laboral. La oferta fue aprobada por el Consejo de Gobierno asturiano el pasado 20 de julio.<\/p>\n<p>Pero adem\u00e1s, Carcedo ha dicho que tienen previsto negociar con los diferentes sindicatos para modificar la Relaci\u00f3n de Puestos de Trabajo (RPT) de Asturias. Las discusiones comenzar\u00e1n ya este a\u00f1o y en ese marco se determinar\u00e1n los puestos de personal laboral que podr\u00edan estar desempe\u00f1ando labores de funcionarios.<\/p>\n<p>Fue el diputado de Podemos Enrique L\u00f3pez el que llev\u00f3 este asunto a la comisi\u00f3n y pregunt\u00f3 por las previsiones del Gobierno. En su intervenci\u00f3n, L\u00f3pez se\u00f1al\u00f3 que en Asturias ya hubo en su d\u00eda un proceso de &#8216;funcionarizaci\u00f3n&#8217; de personal laboral fijo, pero que sirvi\u00f3 para que dirigentes del PSOE consiguiesen entrar \u00abpor la puerta de atr\u00e1s\u00bb en la Administraci\u00f3n y accediesen a un puesto \u00abde por vida\u00bb.<\/p>\n<p>Esas palabras no sentaron bien a la consejera, que critic\u00f3 a L\u00f3pez por pedir que el proceso se ponga en marcha, por un lado, y criticarlo, por otro. \u00abSi el proceso vale ahora, \u00bfpor qu\u00e9 no val\u00eda entonces? \u00bfTengo que pensar que me lo est\u00e1 pidiendo por alguna raz\u00f3n?\u00bb, le ha preguntado a L\u00f3pez. Para Carcedo, este acceso a la plaza de funcionarios de personal laboral fijo servir\u00e1 tambi\u00e9n para \u00abuna mejor organizaci\u00f3n\u00bb.<\/p>\n<p>&nbsp;<\/p>\n<p>&nbsp;<\/p>\n","protected":false},"excerpt":{"rendered":"<p>El Gobierno asturiano est\u00e1 impulsando un proceso para convertir a personal laboral fijo en funcionarios de la Administraci\u00f3n regional, seg\u00fan ha confirmado este lunes la consejera de Hacienda y Sector P\u00fablico asturiana, la socialista Dolores Carcedo, que ha se\u00f1alado que el sistema repercutir\u00e1 en unas mejores condiciones de los trabajadores y que el acceso se [&hellip;]<\/p>\n","protected":false},"author":1,"featured_media":908490,"comment_status":"closed","ping_status":"closed","sticky":false,"template":"","format":"standard","meta":{"footnotes":""},"categories":[12],"tags":[],"class_list":["post-908492","post","type-post","status-publish","format-standard","has-post-thumbnail","hentry","category-actualidad-asturias"],"aioseo_notices":[],"aioseo_head":"\n\t\t<!-- All in One SEO Pro 4.9.6.2 - aioseo.com -->\n\t<meta name=\"description\" content=\"El Gobierno asturiano est\u00e1 impulsando un proceso para convertir a personal laboral fijo en funcionarios de la Administraci\u00f3n regional, seg\u00fan ha confirmado este lunes la consejera de Hacienda y Sector P\u00fablico asturiana, la socialista Dolores Carcedo, que ha se\u00f1alado que el sistema repercutir\u00e1 en unas mejores condiciones de los trabajadores y que el acceso se\" \/>\n\t<meta name=\"robots\" content=\"max-image-preview:large\" \/>\n\t<meta name=\"author\" content=\"El Digital de Asturias\"\/>\n\t<meta name=\"google-site-verification\" content=\"UA-38556648-1\" \/>\n\t<meta name=\"msvalidate.01\" content=\"7dfe9f3f1b24437ab69f4f2559babe99\" \/>\n\t<meta name=\"keywords\" content=\"actualidad asturias\" \/>\n\t<link rel=\"canonical\" href=\"https:\/\/www.eldigitaldeasturias.com\/noticias\/carcedo-abre-las-puertas-para-modificar-la-relacion-de-puestos-de-trabajo-de-asturias\/\" \/>\n\t<meta name=\"generator\" content=\"All in One SEO Pro (AIOSEO) 4.9.6.2\" \/>\n\t\t<meta property=\"og:locale\" content=\"es_ES\" \/>\n\t\t<meta property=\"og:site_name\" content=\"El Digital de Asturias\" \/>\n\t\t<meta property=\"og:type\" content=\"article\" \/>\n\t\t<meta property=\"og:title\" content=\"Carcedo abre las puertas para modificar la Relaci\u00f3n de Puestos de Trabajo de Asturias - El Digital de Asturias\" \/>\n\t\t<meta property=\"og:description\" content=\"El Gobierno asturiano est\u00e1 impulsando un proceso para convertir a personal laboral fijo en funcionarios de la Administraci\u00f3n regional, seg\u00fan ha confirmado este lunes la consejera de Hacienda y Sector P\u00fablico asturiana, la socialista Dolores Carcedo, que ha se\u00f1alado que el sistema repercutir\u00e1 en unas mejores condiciones de los trabajadores y que el acceso se\" \/>\n\t\t<meta property=\"og:url\" content=\"https:\/\/www.eldigitaldeasturias.com\/noticias\/carcedo-abre-las-puertas-para-modificar-la-relacion-de-puestos-de-trabajo-de-asturias\/\" \/>\n\t\t<meta property=\"og:image\" content=\"https:\/\/www.eldigitaldeasturias.com\/noticias\/wp-content\/uploads\/2016\/09\/fotonoticia_20160919105016_800.jpg\" \/>\n\t\t<meta property=\"og:image:secure_url\" content=\"https:\/\/www.eldigitaldeasturias.com\/noticias\/wp-content\/uploads\/2016\/09\/fotonoticia_20160919105016_800.jpg\" \/>\n\t\t<meta property=\"og:image:width\" content=\"800\" \/>\n\t\t<meta property=\"og:image:height\" content=\"587\" \/>\n\t\t<meta property=\"article:tag\" content=\"actualidad asturias\" \/>\n\t\t<meta property=\"article:published_time\" content=\"2016-09-19T20:46:53+00:00\" \/>\n\t\t<meta property=\"article:modified_time\" content=\"2016-09-19T20:46:53+00:00\" \/>\n\t\t<meta property=\"article:publisher\" content=\"https:\/\/facebook.com\/eldigitaldeasturias\" \/>\n\t\t<meta name=\"twitter:card\" content=\"summary_large_image\" \/>\n\t\t<meta name=\"twitter:title\" content=\"Carcedo abre las puertas para modificar la Relaci\u00f3n de Puestos de Trabajo de Asturias - El Digital de Asturias\" \/>\n\t\t<meta name=\"twitter:description\" content=\"El Gobierno asturiano est\u00e1 impulsando un proceso para convertir a personal laboral fijo en funcionarios de la Administraci\u00f3n regional, seg\u00fan ha confirmado este lunes la consejera de Hacienda y Sector P\u00fablico asturiana, la socialista Dolores Carcedo, que ha se\u00f1alado que el sistema repercutir\u00e1 en unas mejores condiciones de los trabajadores y que el acceso se\" \/>\n\t\t<meta name=\"twitter:image\" content=\"https:\/\/www.eldigitaldeasturias.com\/noticias\/wp-content\/uploads\/2016\/09\/fotonoticia_20160919105016_800.jpg\" \/>\n\t\t<meta name=\"twitter:label1\" content=\"Escrito por\" \/>\n\t\t<meta name=\"twitter:data1\" content=\"El Digital de Asturias\" \/>\n\t\t<meta name=\"twitter:label2\" content=\"Tiempo de lectura estimado\" \/>\n\t\t<meta name=\"twitter:data2\" content=\"2 minutos\" \/>\n\t\t<script type=\"application\/ld+json\" class=\"aioseo-schema\">\n\t\t\t{\"@context\":\"https:\\\/\\\/schema.org\",\"@graph\":[{\"@type\":\"BlogPosting\",\"@id\":\"https:\\\/\\\/www.eldigitaldeasturias.com\\\/noticias\\\/carcedo-abre-las-puertas-para-modificar-la-relacion-de-puestos-de-trabajo-de-asturias\\\/#blogposting\",\"name\":\"Carcedo abre las puertas para modificar la Relaci\\u00f3n de Puestos de Trabajo de Asturias - El Digital de Asturias\",\"headline\":\"Carcedo abre las puertas para modificar la Relaci\\u00f3n de Puestos de Trabajo de Asturias\",\"author\":{\"@id\":\"https:\\\/\\\/www.eldigitaldeasturias.com\\\/noticias\\\/author\\\/admin\\\/#author\"},\"publisher\":{\"@id\":\"https:\\\/\\\/www.eldigitaldeasturias.com\\\/noticias\\\/#organization\"},\"image\":{\"@type\":\"ImageObject\",\"url\":\"https:\\\/\\\/www.eldigitaldeasturias.com\\\/noticias\\\/wp-content\\\/uploads\\\/2016\\\/09\\\/fotonoticia_20160919105016_800.jpg\",\"width\":800,\"height\":587},\"datePublished\":\"2016-09-19T21:46:53+02:00\",\"dateModified\":\"2016-09-19T21:46:53+02:00\",\"inLanguage\":\"es-ES\",\"mainEntityOfPage\":{\"@id\":\"https:\\\/\\\/www.eldigitaldeasturias.com\\\/noticias\\\/carcedo-abre-las-puertas-para-modificar-la-relacion-de-puestos-de-trabajo-de-asturias\\\/#webpage\"},\"isPartOf\":{\"@id\":\"https:\\\/\\\/www.eldigitaldeasturias.com\\\/noticias\\\/carcedo-abre-las-puertas-para-modificar-la-relacion-de-puestos-de-trabajo-de-asturias\\\/#webpage\"},\"articleSection\":\"Actualidad Asturias\"},{\"@type\":\"BreadcrumbList\",\"@id\":\"https:\\\/\\\/www.eldigitaldeasturias.com\\\/noticias\\\/carcedo-abre-las-puertas-para-modificar-la-relacion-de-puestos-de-trabajo-de-asturias\\\/#breadcrumblist\",\"itemListElement\":[{\"@type\":\"ListItem\",\"@id\":\"https:\\\/\\\/www.eldigitaldeasturias.com\\\/noticias#listItem\",\"position\":1,\"name\":\"Home\",\"item\":\"https:\\\/\\\/www.eldigitaldeasturias.com\\\/noticias\",\"nextItem\":{\"@type\":\"ListItem\",\"@id\":\"https:\\\/\\\/www.eldigitaldeasturias.com\\\/noticias\\\/category\\\/actualidad-asturias\\\/#listItem\",\"name\":\"Actualidad Asturias\"}},{\"@type\":\"ListItem\",\"@id\":\"https:\\\/\\\/www.eldigitaldeasturias.com\\\/noticias\\\/category\\\/actualidad-asturias\\\/#listItem\",\"position\":2,\"name\":\"Actualidad Asturias\",\"item\":\"https:\\\/\\\/www.eldigitaldeasturias.com\\\/noticias\\\/category\\\/actualidad-asturias\\\/\",\"nextItem\":{\"@type\":\"ListItem\",\"@id\":\"https:\\\/\\\/www.eldigitaldeasturias.com\\\/noticias\\\/carcedo-abre-las-puertas-para-modificar-la-relacion-de-puestos-de-trabajo-de-asturias\\\/#listItem\",\"name\":\"Carcedo abre las puertas para modificar la Relaci\\u00f3n de Puestos de Trabajo de Asturias\"},\"previousItem\":{\"@type\":\"ListItem\",\"@id\":\"https:\\\/\\\/www.eldigitaldeasturias.com\\\/noticias#listItem\",\"name\":\"Home\"}},{\"@type\":\"ListItem\",\"@id\":\"https:\\\/\\\/www.eldigitaldeasturias.com\\\/noticias\\\/carcedo-abre-las-puertas-para-modificar-la-relacion-de-puestos-de-trabajo-de-asturias\\\/#listItem\",\"position\":3,\"name\":\"Carcedo abre las puertas para modificar la Relaci\\u00f3n de Puestos de Trabajo de Asturias\",\"previousItem\":{\"@type\":\"ListItem\",\"@id\":\"https:\\\/\\\/www.eldigitaldeasturias.com\\\/noticias\\\/category\\\/actualidad-asturias\\\/#listItem\",\"name\":\"Actualidad Asturias\"}}]},{\"@type\":\"Organization\",\"@id\":\"https:\\\/\\\/www.eldigitaldeasturias.com\\\/noticias\\\/#organization\",\"name\":\"El Digital de Asturias\",\"description\":\"Hemeroteca\",\"url\":\"https:\\\/\\\/www.eldigitaldeasturias.com\\\/noticias\\\/\",\"email\":\"info@eldigitaldeasturias.com\",\"telephone\":\"+34652131393\",\"logo\":{\"@type\":\"ImageObject\",\"url\":\"https:\\\/\\\/www.eldigitaldeasturias.com\\\/noticias\\\/wp-content\\\/uploads\\\/2020\\\/12\\\/EDA.jpg\",\"@id\":\"https:\\\/\\\/www.eldigitaldeasturias.com\\\/noticias\\\/carcedo-abre-las-puertas-para-modificar-la-relacion-de-puestos-de-trabajo-de-asturias\\\/#organizationLogo\",\"width\":649,\"height\":297},\"image\":{\"@id\":\"https:\\\/\\\/www.eldigitaldeasturias.com\\\/noticias\\\/carcedo-abre-las-puertas-para-modificar-la-relacion-de-puestos-de-trabajo-de-asturias\\\/#organizationLogo\"},\"sameAs\":[\"https:\\\/\\\/facebook.com\\\/eldigitaldeasturias\",\"https:\\\/\\\/www.youtube.com\\\/channel\\\/UCZP-2wLEB9Rv6erhFmqVnvg\"],\"address\":{\"@id\":\"https:\\\/\\\/www.eldigitaldeasturias.com\\\/noticias\\\/#postaladdress\",\"@type\":\"PostalAddress\",\"streetAddress\":\"san antonio 4,\",\"postalCode\":\"33430\",\"addressLocality\":\"Cand\\u00e1s\",\"addressRegion\":\"Asturias\",\"addressCountry\":\"ES\"}},{\"@type\":\"Person\",\"@id\":\"https:\\\/\\\/www.eldigitaldeasturias.com\\\/noticias\\\/author\\\/admin\\\/#author\",\"url\":\"https:\\\/\\\/www.eldigitaldeasturias.com\\\/noticias\\\/author\\\/admin\\\/\",\"name\":\"El Digital de Asturias\",\"image\":{\"@type\":\"ImageObject\",\"@id\":\"https:\\\/\\\/www.eldigitaldeasturias.com\\\/noticias\\\/carcedo-abre-las-puertas-para-modificar-la-relacion-de-puestos-de-trabajo-de-asturias\\\/#authorImage\",\"url\":\"https:\\\/\\\/www.eldigitaldeasturias.com\\\/noticias\\\/wp-content\\\/litespeed\\\/avatar\\\/18677e78aa0546b92d9dbf31ec7d7668.jpg?ver=1777290358\",\"width\":96,\"height\":96,\"caption\":\"El Digital de Asturias\"}},{\"@type\":\"WebPage\",\"@id\":\"https:\\\/\\\/www.eldigitaldeasturias.com\\\/noticias\\\/carcedo-abre-las-puertas-para-modificar-la-relacion-de-puestos-de-trabajo-de-asturias\\\/#webpage\",\"url\":\"https:\\\/\\\/www.eldigitaldeasturias.com\\\/noticias\\\/carcedo-abre-las-puertas-para-modificar-la-relacion-de-puestos-de-trabajo-de-asturias\\\/\",\"name\":\"Carcedo abre las puertas para modificar la Relaci\\u00f3n de Puestos de Trabajo de Asturias - El Digital de Asturias\",\"description\":\"El Gobierno asturiano est\\u00e1 impulsando un proceso para convertir a personal laboral fijo en funcionarios de la Administraci\\u00f3n regional, seg\\u00fan ha confirmado este lunes la consejera de Hacienda y Sector P\\u00fablico asturiana, la socialista Dolores Carcedo, que ha se\\u00f1alado que el sistema repercutir\\u00e1 en unas mejores condiciones de los trabajadores y que el acceso se\",\"inLanguage\":\"es-ES\",\"isPartOf\":{\"@id\":\"https:\\\/\\\/www.eldigitaldeasturias.com\\\/noticias\\\/#website\"},\"breadcrumb\":{\"@id\":\"https:\\\/\\\/www.eldigitaldeasturias.com\\\/noticias\\\/carcedo-abre-las-puertas-para-modificar-la-relacion-de-puestos-de-trabajo-de-asturias\\\/#breadcrumblist\"},\"author\":{\"@id\":\"https:\\\/\\\/www.eldigitaldeasturias.com\\\/noticias\\\/author\\\/admin\\\/#author\"},\"creator\":{\"@id\":\"https:\\\/\\\/www.eldigitaldeasturias.com\\\/noticias\\\/author\\\/admin\\\/#author\"},\"image\":{\"@type\":\"ImageObject\",\"url\":\"https:\\\/\\\/www.eldigitaldeasturias.com\\\/noticias\\\/wp-content\\\/uploads\\\/2016\\\/09\\\/fotonoticia_20160919105016_800.jpg\",\"@id\":\"https:\\\/\\\/www.eldigitaldeasturias.com\\\/noticias\\\/carcedo-abre-las-puertas-para-modificar-la-relacion-de-puestos-de-trabajo-de-asturias\\\/#mainImage\",\"width\":800,\"height\":587},\"primaryImageOfPage\":{\"@id\":\"https:\\\/\\\/www.eldigitaldeasturias.com\\\/noticias\\\/carcedo-abre-las-puertas-para-modificar-la-relacion-de-puestos-de-trabajo-de-asturias\\\/#mainImage\"},\"datePublished\":\"2016-09-19T21:46:53+02:00\",\"dateModified\":\"2016-09-19T21:46:53+02:00\"},{\"@type\":\"WebSite\",\"@id\":\"https:\\\/\\\/www.eldigitaldeasturias.com\\\/noticias\\\/#website\",\"url\":\"https:\\\/\\\/www.eldigitaldeasturias.com\\\/noticias\\\/\",\"name\":\"El Digital de Asturias - Diario de actualidad y noticias\",\"alternateName\":\"El Digital de Asturias - Diario de actualidad y noticias\",\"description\":\"Hemeroteca\",\"inLanguage\":\"es-ES\",\"publisher\":{\"@id\":\"https:\\\/\\\/www.eldigitaldeasturias.com\\\/noticias\\\/#organization\"}}]}\n\t\t<\/script>\n\t\t<!-- All in One SEO Pro -->\r\n\t\t<title>Carcedo abre las puertas para modificar la Relaci\u00f3n de Puestos de Trabajo de Asturias - El Digital de Asturias<\/title>\n\n","aioseo_head_json":{"title":"Carcedo abre las puertas para modificar la Relaci\u00f3n de Puestos de Trabajo de Asturias - El Digital de Asturias","description":"El Gobierno asturiano est\u00e1 impulsando un proceso para convertir a personal laboral fijo en funcionarios de la Administraci\u00f3n regional, seg\u00fan ha confirmado este lunes la consejera de Hacienda y Sector P\u00fablico asturiana, la socialista Dolores Carcedo, que ha se\u00f1alado que el sistema repercutir\u00e1 en unas mejores condiciones de los trabajadores y que el acceso se","canonical_url":"https:\/\/www.eldigitaldeasturias.com\/noticias\/carcedo-abre-las-puertas-para-modificar-la-relacion-de-puestos-de-trabajo-de-asturias\/","robots":"max-image-preview:large","keywords":"actualidad asturias","webmasterTools":{"google-site-verification":"UA-38556648-1","msvalidate.01":"7dfe9f3f1b24437ab69f4f2559babe99","miscellaneous":""},"schema":{"@context":"https:\/\/schema.org","@graph":[{"@type":"BlogPosting","@id":"https:\/\/www.eldigitaldeasturias.com\/noticias\/carcedo-abre-las-puertas-para-modificar-la-relacion-de-puestos-de-trabajo-de-asturias\/#blogposting","name":"Carcedo abre las puertas para modificar la Relaci\u00f3n de Puestos de Trabajo de Asturias - El Digital de Asturias","headline":"Carcedo abre las puertas para modificar la Relaci\u00f3n de Puestos de Trabajo de Asturias","author":{"@id":"https:\/\/www.eldigitaldeasturias.com\/noticias\/author\/admin\/#author"},"publisher":{"@id":"https:\/\/www.eldigitaldeasturias.com\/noticias\/#organization"},"image":{"@type":"ImageObject","url":"https:\/\/www.eldigitaldeasturias.com\/noticias\/wp-content\/uploads\/2016\/09\/fotonoticia_20160919105016_800.jpg","width":800,"height":587},"datePublished":"2016-09-19T21:46:53+02:00","dateModified":"2016-09-19T21:46:53+02:00","inLanguage":"es-ES","mainEntityOfPage":{"@id":"https:\/\/www.eldigitaldeasturias.com\/noticias\/carcedo-abre-las-puertas-para-modificar-la-relacion-de-puestos-de-trabajo-de-asturias\/#webpage"},"isPartOf":{"@id":"https:\/\/www.eldigitaldeasturias.com\/noticias\/carcedo-abre-las-puertas-para-modificar-la-relacion-de-puestos-de-trabajo-de-asturias\/#webpage"},"articleSection":"Actualidad Asturias"},{"@type":"BreadcrumbList","@id":"https:\/\/www.eldigitaldeasturias.com\/noticias\/carcedo-abre-las-puertas-para-modificar-la-relacion-de-puestos-de-trabajo-de-asturias\/#breadcrumblist","itemListElement":[{"@type":"ListItem","@id":"https:\/\/www.eldigitaldeasturias.com\/noticias#listItem","position":1,"name":"Home","item":"https:\/\/www.eldigitaldeasturias.com\/noticias","nextItem":{"@type":"ListItem","@id":"https:\/\/www.eldigitaldeasturias.com\/noticias\/category\/actualidad-asturias\/#listItem","name":"Actualidad Asturias"}},{"@type":"ListItem","@id":"https:\/\/www.eldigitaldeasturias.com\/noticias\/category\/actualidad-asturias\/#listItem","position":2,"name":"Actualidad Asturias","item":"https:\/\/www.eldigitaldeasturias.com\/noticias\/category\/actualidad-asturias\/","nextItem":{"@type":"ListItem","@id":"https:\/\/www.eldigitaldeasturias.com\/noticias\/carcedo-abre-las-puertas-para-modificar-la-relacion-de-puestos-de-trabajo-de-asturias\/#listItem","name":"Carcedo abre las puertas para modificar la Relaci\u00f3n de Puestos de Trabajo de Asturias"},"previousItem":{"@type":"ListItem","@id":"https:\/\/www.eldigitaldeasturias.com\/noticias#listItem","name":"Home"}},{"@type":"ListItem","@id":"https:\/\/www.eldigitaldeasturias.com\/noticias\/carcedo-abre-las-puertas-para-modificar-la-relacion-de-puestos-de-trabajo-de-asturias\/#listItem","position":3,"name":"Carcedo abre las puertas para modificar la Relaci\u00f3n de Puestos de Trabajo de Asturias","previousItem":{"@type":"ListItem","@id":"https:\/\/www.eldigitaldeasturias.com\/noticias\/category\/actualidad-asturias\/#listItem","name":"Actualidad Asturias"}}]},{"@type":"Organization","@id":"https:\/\/www.eldigitaldeasturias.com\/noticias\/#organization","name":"El Digital de Asturias","description":"Hemeroteca","url":"https:\/\/www.eldigitaldeasturias.com\/noticias\/","email":"info@eldigitaldeasturias.com","telephone":"+34652131393","logo":{"@type":"ImageObject","url":"https:\/\/www.eldigitaldeasturias.com\/noticias\/wp-content\/uploads\/2020\/12\/EDA.jpg","@id":"https:\/\/www.eldigitaldeasturias.com\/noticias\/carcedo-abre-las-puertas-para-modificar-la-relacion-de-puestos-de-trabajo-de-asturias\/#organizationLogo","width":649,"height":297},"image":{"@id":"https:\/\/www.eldigitaldeasturias.com\/noticias\/carcedo-abre-las-puertas-para-modificar-la-relacion-de-puestos-de-trabajo-de-asturias\/#organizationLogo"},"sameAs":["https:\/\/facebook.com\/eldigitaldeasturias","https:\/\/www.youtube.com\/channel\/UCZP-2wLEB9Rv6erhFmqVnvg"],"address":{"@id":"https:\/\/www.eldigitaldeasturias.com\/noticias\/#postaladdress","@type":"PostalAddress","streetAddress":"san antonio 4,","postalCode":"33430","addressLocality":"Cand\u00e1s","addressRegion":"Asturias","addressCountry":"ES"}},{"@type":"Person","@id":"https:\/\/www.eldigitaldeasturias.com\/noticias\/author\/admin\/#author","url":"https:\/\/www.eldigitaldeasturias.com\/noticias\/author\/admin\/","name":"El Digital de Asturias","image":{"@type":"ImageObject","@id":"https:\/\/www.eldigitaldeasturias.com\/noticias\/carcedo-abre-las-puertas-para-modificar-la-relacion-de-puestos-de-trabajo-de-asturias\/#authorImage","url":"https:\/\/www.eldigitaldeasturias.com\/noticias\/wp-content\/litespeed\/avatar\/18677e78aa0546b92d9dbf31ec7d7668.jpg?ver=1777290358","width":96,"height":96,"caption":"El Digital de Asturias"}},{"@type":"WebPage","@id":"https:\/\/www.eldigitaldeasturias.com\/noticias\/carcedo-abre-las-puertas-para-modificar-la-relacion-de-puestos-de-trabajo-de-asturias\/#webpage","url":"https:\/\/www.eldigitaldeasturias.com\/noticias\/carcedo-abre-las-puertas-para-modificar-la-relacion-de-puestos-de-trabajo-de-asturias\/","name":"Carcedo abre las puertas para modificar la Relaci\u00f3n de Puestos de Trabajo de Asturias - El Digital de Asturias","description":"El Gobierno asturiano est\u00e1 impulsando un proceso para convertir a personal laboral fijo en funcionarios de la Administraci\u00f3n regional, seg\u00fan ha confirmado este lunes la consejera de Hacienda y Sector P\u00fablico asturiana, la socialista Dolores Carcedo, que ha se\u00f1alado que el sistema repercutir\u00e1 en unas mejores condiciones de los trabajadores y que el acceso se","inLanguage":"es-ES","isPartOf":{"@id":"https:\/\/www.eldigitaldeasturias.com\/noticias\/#website"},"breadcrumb":{"@id":"https:\/\/www.eldigitaldeasturias.com\/noticias\/carcedo-abre-las-puertas-para-modificar-la-relacion-de-puestos-de-trabajo-de-asturias\/#breadcrumblist"},"author":{"@id":"https:\/\/www.eldigitaldeasturias.com\/noticias\/author\/admin\/#author"},"creator":{"@id":"https:\/\/www.eldigitaldeasturias.com\/noticias\/author\/admin\/#author"},"image":{"@type":"ImageObject","url":"https:\/\/www.eldigitaldeasturias.com\/noticias\/wp-content\/uploads\/2016\/09\/fotonoticia_20160919105016_800.jpg","@id":"https:\/\/www.eldigitaldeasturias.com\/noticias\/carcedo-abre-las-puertas-para-modificar-la-relacion-de-puestos-de-trabajo-de-asturias\/#mainImage","width":800,"height":587},"primaryImageOfPage":{"@id":"https:\/\/www.eldigitaldeasturias.com\/noticias\/carcedo-abre-las-puertas-para-modificar-la-relacion-de-puestos-de-trabajo-de-asturias\/#mainImage"},"datePublished":"2016-09-19T21:46:53+02:00","dateModified":"2016-09-19T21:46:53+02:00"},{"@type":"WebSite","@id":"https:\/\/www.eldigitaldeasturias.com\/noticias\/#website","url":"https:\/\/www.eldigitaldeasturias.com\/noticias\/","name":"El Digital de Asturias - Diario de actualidad y noticias","alternateName":"El Digital de Asturias - Diario de actualidad y noticias","description":"Hemeroteca","inLanguage":"es-ES","publisher":{"@id":"https:\/\/www.eldigitaldeasturias.com\/noticias\/#organization"}}]},"og:locale":"es_ES","og:site_name":"El Digital de Asturias","og:type":"article","og:title":"Carcedo abre las puertas para modificar la Relaci\u00f3n de Puestos de Trabajo de Asturias - El Digital de Asturias","og:description":"El Gobierno asturiano est\u00e1 impulsando un proceso para convertir a personal laboral fijo en funcionarios de la Administraci\u00f3n regional, seg\u00fan ha confirmado este lunes la consejera de Hacienda y Sector P\u00fablico asturiana, la socialista Dolores Carcedo, que ha se\u00f1alado que el sistema repercutir\u00e1 en unas mejores condiciones de los trabajadores y que el acceso se","og:url":"https:\/\/www.eldigitaldeasturias.com\/noticias\/carcedo-abre-las-puertas-para-modificar-la-relacion-de-puestos-de-trabajo-de-asturias\/","og:image":"https:\/\/www.eldigitaldeasturias.com\/noticias\/wp-content\/uploads\/2016\/09\/fotonoticia_20160919105016_800.jpg","og:image:secure_url":"https:\/\/www.eldigitaldeasturias.com\/noticias\/wp-content\/uploads\/2016\/09\/fotonoticia_20160919105016_800.jpg","og:image:width":800,"og:image:height":587,"article:tag":["actualidad asturias"],"article:published_time":"2016-09-19T20:46:53+00:00","article:modified_time":"2016-09-19T20:46:53+00:00","article:publisher":"https:\/\/facebook.com\/eldigitaldeasturias","twitter:card":"summary_large_image","twitter:title":"Carcedo abre las puertas para modificar la Relaci\u00f3n de Puestos de Trabajo de Asturias - El Digital de Asturias","twitter:description":"El Gobierno asturiano est\u00e1 impulsando un proceso para convertir a personal laboral fijo en funcionarios de la Administraci\u00f3n regional, seg\u00fan ha confirmado este lunes la consejera de Hacienda y Sector P\u00fablico asturiana, la socialista Dolores Carcedo, que ha se\u00f1alado que el sistema repercutir\u00e1 en unas mejores condiciones de los trabajadores y que el acceso se","twitter:image":"https:\/\/www.eldigitaldeasturias.com\/noticias\/wp-content\/uploads\/2016\/09\/fotonoticia_20160919105016_800.jpg","twitter:label1":"Escrito por","twitter:data1":"El Digital de Asturias","twitter:label2":"Tiempo de lectura estimado","twitter:data2":"2 minutos"},"aioseo_meta_data":{"post_id":"908492","title":null,"description":null,"keywords":null,"keyphrases":null,"primary_term":null,"canonical_url":null,"og_title":null,"og_description":null,"og_object_type":"default","og_image_type":"default","og_image_url":null,"og_image_width":null,"og_image_height":null,"og_image_custom_url":null,"og_image_custom_fields":null,"og_video":null,"og_custom_url":null,"og_article_section":null,"og_article_tags":null,"twitter_use_og":false,"twitter_card":"default","twitter_image_type":"default","twitter_image_url":null,"twitter_image_custom_url":null,"twitter_image_custom_fields":null,"twitter_title":null,"twitter_description":null,"schema":{"blockGraphs":[],"customGraphs":[],"default":{"data":{"Article":[],"Course":[],"Dataset":[],"FAQPage":[],"Movie":[],"Person":[],"Product":[],"ProductReview":[],"Car":[],"Recipe":[],"Service":[],"SoftwareApplication":[],"WebPage":[]},"graphName":"","isEnabled":true},"graphs":[],"defaultGraph":"","defaultPostTypeGraph":""},"schema_type":null,"schema_type_options":null,"pillar_content":false,"robots_default":true,"robots_noindex":false,"robots_noarchive":false,"robots_nosnippet":false,"robots_nofollow":false,"robots_noimageindex":false,"robots_noodp":false,"robots_notranslate":false,"robots_max_snippet":null,"robots_max_videopreview":null,"robots_max_imagepreview":"large","priority":null,"frequency":null,"local_seo":null,"seo_analyzer_scan_date":"2025-11-30 16:19:15","breadcrumb_settings":null,"limit_modified_date":false,"open_ai":null,"ai":null,"created":"2020-12-21 14:00:13","updated":"2025-11-30 16:19:15"},"aioseo_breadcrumb":"<div class=\"aioseo-breadcrumbs\"><span class=\"aioseo-breadcrumb\">\n\t<a href=\"https:\/\/www.eldigitaldeasturias.com\/noticias\" title=\"Home\">Home<\/a>\n<\/span><span class=\"aioseo-breadcrumb-separator\">\u2013<\/span><span class=\"aioseo-breadcrumb\">\n\t<a href=\"https:\/\/www.eldigitaldeasturias.com\/noticias\/category\/actualidad-asturias\/\" title=\"Actualidad Asturias\">Actualidad Asturias<\/a>\n<\/span><span class=\"aioseo-breadcrumb-separator\">\u2013<\/span><span class=\"aioseo-breadcrumb\">\n\t<a href=\"https:\/\/www.eldigitaldeasturias.com\/noticias\/carcedo-abre-las-puertas-para-modificar-la-relacion-de-puestos-de-trabajo-de-asturias\/\" title=\"Carcedo abre las puertas para modificar la Relaci\u00f3n de Puestos de Trabajo de Asturias\">Carcedo abre las puertas para modificar la Relaci\u00f3n de Puestos de Trabajo de Asturias<\/a>\n<\/span><\/div>","aioseo_breadcrumb_json":[{"label":"Home","link":"https:\/\/www.eldigitaldeasturias.com\/noticias"},{"label":"Actualidad Asturias","link":"https:\/\/www.eldigitaldeasturias.com\/noticias\/category\/actualidad-asturias\/"},{"label":"Carcedo abre las puertas para modificar la Relaci\u00f3n de Puestos de Trabajo de Asturias","link":"https:\/\/www.eldigitaldeasturias.com\/noticias\/carcedo-abre-las-puertas-para-modificar-la-relacion-de-puestos-de-trabajo-de-asturias\/"}],"_links":{"self":[{"href":"https:\/\/www.eldigitaldeasturias.com\/noticias\/wp-json\/wp\/v2\/posts\/908492","targetHints":{"allow":["GET"]}}],"collection":[{"href":"https:\/\/www.eldigitaldeasturias.com\/noticias\/wp-json\/wp\/v2\/posts"}],"about":[{"href":"https:\/\/www.eldigitaldeasturias.com\/noticias\/wp-json\/wp\/v2\/types\/post"}],"author":[{"embeddable":true,"href":"https:\/\/www.eldigitaldeasturias.com\/noticias\/wp-json\/wp\/v2\/users\/1"}],"replies":[{"embeddable":true,"href":"https:\/\/www.eldigitaldeasturias.com\/noticias\/wp-json\/wp\/v2\/comments?post=908492"}],"version-history":[{"count":0,"href":"https:\/\/www.eldigitaldeasturias.com\/noticias\/wp-json\/wp\/v2\/posts\/908492\/revisions"}],"wp:featuredmedia":[{"embeddable":true,"href":"https:\/\/www.eldigitaldeasturias.com\/noticias\/wp-json\/wp\/v2\/media\/908490"}],"wp:attachment":[{"href":"https:\/\/www.eldigitaldeasturias.com\/noticias\/wp-json\/wp\/v2\/media?parent=908492"}],"wp:term":[{"taxonomy":"category","embeddable":true,"href":"https:\/\/www.eldigitaldeasturias.com\/noticias\/wp-json\/wp\/v2\/categories?post=908492"},{"taxonomy":"post_tag","embeddable":true,"href":"https:\/\/www.eldigitaldeasturias.com\/noticias\/wp-json\/wp\/v2\/tags?post=908492"}],"curies":[{"name":"wp","href":"https:\/\/api.w.org\/{rel}","templated":true}]}}