{"id":908489,"date":"2016-09-19T21:43:55","date_gmt":"2016-09-19T20:43:55","guid":{"rendered":"http:\/\/www.eldigitaldeasturias.com\/noticias\/?p=908489"},"modified":"2016-09-19T21:43:55","modified_gmt":"2016-09-19T20:43:55","slug":"dolores-carcedo-a-la-defensiva-es-mas-facil-decir-que-hacer","status":"publish","type":"post","link":"https:\/\/www.eldigitaldeasturias.com\/noticias\/dolores-carcedo-a-la-defensiva-es-mas-facil-decir-que-hacer\/","title":{"rendered":"Dolores Carcedo a la defensiva: \u00abEs m\u00e1s f\u00e1cil decir que hacer\u00bb"},"content":{"rendered":"<p><img loading=\"lazy\" decoding=\"async\" class=\"alignleft size-medium wp-image-908490\" src=\"https:\/\/www.eldigitaldeasturias.com\/noticias\/wp-content\/uploads\/2016\/09\/fotonoticia_20160919105016_800-360x264.jpg\" alt=\"fotonoticia_20160919105016_800\" width=\"360\" height=\"264\" srcset=\"https:\/\/www.eldigitaldeasturias.com\/noticias\/wp-content\/uploads\/2016\/09\/fotonoticia_20160919105016_800-360x264.jpg 360w, https:\/\/www.eldigitaldeasturias.com\/noticias\/wp-content\/uploads\/2016\/09\/fotonoticia_20160919105016_800-768x564.jpg 768w, https:\/\/www.eldigitaldeasturias.com\/noticias\/wp-content\/uploads\/2016\/09\/fotonoticia_20160919105016_800-650x477.jpg 650w, https:\/\/www.eldigitaldeasturias.com\/noticias\/wp-content\/uploads\/2016\/09\/fotonoticia_20160919105016_800.jpg 800w\" sizes=\"auto, (max-width: 360px) 100vw, 360px\" \/>La consejera de Hacienda y Sector P\u00fablico del Gobierno asturiano, la socialista Dolores Carcedo, ha salido al paso este lunes a las continuas cr\u00edticas de la oposici\u00f3n sobre el incumplimiento del Ejecutivo regional de las iniciativas parlamentarias. \u00abNo se puede hacer todo lo que esta C\u00e1mara dice y todo a la vez\u00bb, ha dicho.<\/p>\n<p>En una comisi\u00f3n parlamentaria, Carcedo ha dicho adem\u00e1s que en el Parlamento asturiano la oposici\u00f3n plantea cuestiones que suponen m\u00e1s gasto y a la vez quieren que se ingrese menos. \u00abY cuando hay que ponerle n\u00famero a esa letra es dif\u00edcil\u00bb, se ha justificado.<\/p>\n<p>\u00abEs m\u00e1s f\u00e1cil decir que hacer\u00bb, les ha dicho a los diputados la consejera, record\u00e1ndoles adem\u00e1s que en una administraci\u00f3n los procedimientos \u00abllevan su tiempo\u00bb y que siempre es algo m\u00e1s laborioso que \u00abhacer discursos\u00bb.<\/p>\n<p>Despu\u00e9s de que la diputada del PP Emma Ramos le criticase por falta de transparencia al no contestar en tiempo y forma sus preguntas, Carcedo ha replicado que para hacer esa afirmaci\u00f3n deber\u00eda tener en cuenta el porcentaje de preguntas contestadas.<\/p>\n<p>\u00abNo da tiempo a contestar a todas las preguntas y llevar a la vez la gesti\u00f3n de las diferentes consejer\u00edas\u00bb, ha a\u00f1adido de la dirigente regional, que ha dicho que el Ejecutivo nunca pone inconvenientes en acudir a la Junta General a explicar lo que sea necesario si as\u00ed lo requieren desde la oposici\u00f3n.<\/p>\n<p><strong>NEGOCIACI\u00d3N PRESUPUESTARIA<\/strong><\/p>\n<p>Ya en los pasillos de la C\u00e1mara, y a preguntas de los periodistas, Carcedo ha repetido que la negociaci\u00f3n para elaborar unos presupuestos para 2016 sigue en la misma fase. La de una documentaci\u00f3n que el Gobierno regional remiti\u00f3 sobre asuntos fiscales a Podemos e IU y que esos grupos estar\u00edan estudiando. \u00abEs dif\u00edcil que estemos de acuerdo en todo, pero m\u00e1s dif\u00edcil es que no estemos de acuerdo en nada\u00bb, ha apuntado la socialista, que ha dicho que los grupos tienen la documentaci\u00f3n en su poder desde el 7 de septiembre.<\/p>\n<p>Mientras, por lo que se refiere a la oferta del PP para que el PSOE, que tiene 14 diputados de 45, pueda aprobar las cuentas con el \u00fanico requisito de eliminar el impuesto de Sucesiones, Carcedo ha dicho que por lo que ella tiene entendido, la idea de los &#8216;populares&#8217; no es suprimir el impuesto, sino eliminarlo en l\u00ednea directa. De todas formas, ha explicado que la idea que tiene el Gobierno no es suprimirlo tampoco en l\u00ednea directa, sino de \u00abmejorarlo\u00bb, suprimiendo el denominado &#8216;error de salto&#8217; o cambios en la transmisi\u00f3n de empresas o viviendas.<\/p>\n<p>&nbsp;<\/p>\n","protected":false},"excerpt":{"rendered":"<p>La consejera de Hacienda y Sector P\u00fablico del Gobierno asturiano, la socialista Dolores Carcedo, ha salido al paso este lunes a las continuas cr\u00edticas de la oposici\u00f3n sobre el incumplimiento del Ejecutivo regional de las iniciativas parlamentarias. \u00abNo se puede hacer todo lo que esta C\u00e1mara dice y todo a la vez\u00bb, ha dicho. En [&hellip;]<\/p>\n","protected":false},"author":1,"featured_media":908490,"comment_status":"closed","ping_status":"closed","sticky":false,"template":"","format":"standard","meta":{"footnotes":""},"categories":[12],"tags":[],"class_list":["post-908489","post","type-post","status-publish","format-standard","has-post-thumbnail","hentry","category-actualidad-asturias"],"aioseo_notices":[],"aioseo_head":"\n\t\t<!-- All in One SEO Pro 4.9.6.2 - aioseo.com -->\n\t<meta name=\"description\" content=\"La consejera de Hacienda y Sector P\u00fablico del Gobierno asturiano, la socialista Dolores Carcedo, ha salido al paso este lunes a las continuas cr\u00edticas de la oposici\u00f3n sobre el incumplimiento del Ejecutivo regional de las iniciativas parlamentarias. &quot;No se puede hacer todo lo que esta C\u00e1mara dice y todo a la vez&quot;, ha dicho. En\" \/>\n\t<meta name=\"robots\" content=\"max-image-preview:large\" \/>\n\t<meta name=\"author\" content=\"El Digital de Asturias\"\/>\n\t<meta name=\"google-site-verification\" content=\"UA-38556648-1\" \/>\n\t<meta name=\"msvalidate.01\" content=\"7dfe9f3f1b24437ab69f4f2559babe99\" \/>\n\t<meta name=\"keywords\" content=\"actualidad asturias\" \/>\n\t<link rel=\"canonical\" href=\"https:\/\/www.eldigitaldeasturias.com\/noticias\/dolores-carcedo-a-la-defensiva-es-mas-facil-decir-que-hacer\/\" \/>\n\t<meta name=\"generator\" content=\"All in One SEO Pro (AIOSEO) 4.9.6.2\" \/>\n\t\t<meta property=\"og:locale\" content=\"es_ES\" \/>\n\t\t<meta property=\"og:site_name\" content=\"El Digital de Asturias\" \/>\n\t\t<meta property=\"og:type\" content=\"article\" \/>\n\t\t<meta property=\"og:title\" content=\"Dolores Carcedo a la defensiva: \u00abEs m\u00e1s f\u00e1cil decir que hacer\u00bb - El Digital de Asturias\" \/>\n\t\t<meta property=\"og:description\" content=\"La consejera de Hacienda y Sector P\u00fablico del Gobierno asturiano, la socialista Dolores Carcedo, ha salido al paso este lunes a las continuas cr\u00edticas de la oposici\u00f3n sobre el incumplimiento del Ejecutivo regional de las iniciativas parlamentarias. &quot;No se puede hacer todo lo que esta C\u00e1mara dice y todo a la vez&quot;, ha dicho. En\" \/>\n\t\t<meta property=\"og:url\" content=\"https:\/\/www.eldigitaldeasturias.com\/noticias\/dolores-carcedo-a-la-defensiva-es-mas-facil-decir-que-hacer\/\" \/>\n\t\t<meta property=\"og:image\" content=\"https:\/\/www.eldigitaldeasturias.com\/noticias\/wp-content\/uploads\/2016\/09\/fotonoticia_20160919105016_800.jpg\" \/>\n\t\t<meta property=\"og:image:secure_url\" content=\"https:\/\/www.eldigitaldeasturias.com\/noticias\/wp-content\/uploads\/2016\/09\/fotonoticia_20160919105016_800.jpg\" \/>\n\t\t<meta property=\"og:image:width\" content=\"800\" \/>\n\t\t<meta property=\"og:image:height\" content=\"587\" \/>\n\t\t<meta property=\"article:tag\" content=\"actualidad asturias\" \/>\n\t\t<meta property=\"article:published_time\" content=\"2016-09-19T20:43:55+00:00\" \/>\n\t\t<meta property=\"article:modified_time\" content=\"2016-09-19T20:43:55+00:00\" \/>\n\t\t<meta property=\"article:publisher\" content=\"https:\/\/facebook.com\/eldigitaldeasturias\" \/>\n\t\t<meta name=\"twitter:card\" content=\"summary_large_image\" \/>\n\t\t<meta name=\"twitter:title\" content=\"Dolores Carcedo a la defensiva: \u00abEs m\u00e1s f\u00e1cil decir que hacer\u00bb - El Digital de Asturias\" \/>\n\t\t<meta name=\"twitter:description\" content=\"La consejera de Hacienda y Sector P\u00fablico del Gobierno asturiano, la socialista Dolores Carcedo, ha salido al paso este lunes a las continuas cr\u00edticas de la oposici\u00f3n sobre el incumplimiento del Ejecutivo regional de las iniciativas parlamentarias. &quot;No se puede hacer todo lo que esta C\u00e1mara dice y todo a la vez&quot;, ha dicho. En\" \/>\n\t\t<meta name=\"twitter:image\" content=\"https:\/\/www.eldigitaldeasturias.com\/noticias\/wp-content\/uploads\/2016\/09\/fotonoticia_20160919105016_800.jpg\" \/>\n\t\t<meta name=\"twitter:label1\" content=\"Escrito por\" \/>\n\t\t<meta name=\"twitter:data1\" content=\"El Digital de Asturias\" \/>\n\t\t<meta name=\"twitter:label2\" content=\"Tiempo de lectura estimado\" \/>\n\t\t<meta name=\"twitter:data2\" content=\"2 minutos\" \/>\n\t\t<script type=\"application\/ld+json\" class=\"aioseo-schema\">\n\t\t\t{\"@context\":\"https:\\\/\\\/schema.org\",\"@graph\":[{\"@type\":\"BlogPosting\",\"@id\":\"https:\\\/\\\/www.eldigitaldeasturias.com\\\/noticias\\\/dolores-carcedo-a-la-defensiva-es-mas-facil-decir-que-hacer\\\/#blogposting\",\"name\":\"Dolores Carcedo a la defensiva: \\u00abEs m\\u00e1s f\\u00e1cil decir que hacer\\u00bb - El Digital de Asturias\",\"headline\":\"Dolores Carcedo a la defensiva: \\u00abEs m\\u00e1s f\\u00e1cil decir que hacer\\u00bb\",\"author\":{\"@id\":\"https:\\\/\\\/www.eldigitaldeasturias.com\\\/noticias\\\/author\\\/admin\\\/#author\"},\"publisher\":{\"@id\":\"https:\\\/\\\/www.eldigitaldeasturias.com\\\/noticias\\\/#organization\"},\"image\":{\"@type\":\"ImageObject\",\"url\":\"https:\\\/\\\/www.eldigitaldeasturias.com\\\/noticias\\\/wp-content\\\/uploads\\\/2016\\\/09\\\/fotonoticia_20160919105016_800.jpg\",\"width\":800,\"height\":587},\"datePublished\":\"2016-09-19T21:43:55+02:00\",\"dateModified\":\"2016-09-19T21:43:55+02:00\",\"inLanguage\":\"es-ES\",\"mainEntityOfPage\":{\"@id\":\"https:\\\/\\\/www.eldigitaldeasturias.com\\\/noticias\\\/dolores-carcedo-a-la-defensiva-es-mas-facil-decir-que-hacer\\\/#webpage\"},\"isPartOf\":{\"@id\":\"https:\\\/\\\/www.eldigitaldeasturias.com\\\/noticias\\\/dolores-carcedo-a-la-defensiva-es-mas-facil-decir-que-hacer\\\/#webpage\"},\"articleSection\":\"Actualidad Asturias\"},{\"@type\":\"BreadcrumbList\",\"@id\":\"https:\\\/\\\/www.eldigitaldeasturias.com\\\/noticias\\\/dolores-carcedo-a-la-defensiva-es-mas-facil-decir-que-hacer\\\/#breadcrumblist\",\"itemListElement\":[{\"@type\":\"ListItem\",\"@id\":\"https:\\\/\\\/www.eldigitaldeasturias.com\\\/noticias#listItem\",\"position\":1,\"name\":\"Home\",\"item\":\"https:\\\/\\\/www.eldigitaldeasturias.com\\\/noticias\",\"nextItem\":{\"@type\":\"ListItem\",\"@id\":\"https:\\\/\\\/www.eldigitaldeasturias.com\\\/noticias\\\/category\\\/actualidad-asturias\\\/#listItem\",\"name\":\"Actualidad Asturias\"}},{\"@type\":\"ListItem\",\"@id\":\"https:\\\/\\\/www.eldigitaldeasturias.com\\\/noticias\\\/category\\\/actualidad-asturias\\\/#listItem\",\"position\":2,\"name\":\"Actualidad Asturias\",\"item\":\"https:\\\/\\\/www.eldigitaldeasturias.com\\\/noticias\\\/category\\\/actualidad-asturias\\\/\",\"nextItem\":{\"@type\":\"ListItem\",\"@id\":\"https:\\\/\\\/www.eldigitaldeasturias.com\\\/noticias\\\/dolores-carcedo-a-la-defensiva-es-mas-facil-decir-que-hacer\\\/#listItem\",\"name\":\"Dolores Carcedo a la defensiva: \\u00abEs m\\u00e1s f\\u00e1cil decir que hacer\\u00bb\"},\"previousItem\":{\"@type\":\"ListItem\",\"@id\":\"https:\\\/\\\/www.eldigitaldeasturias.com\\\/noticias#listItem\",\"name\":\"Home\"}},{\"@type\":\"ListItem\",\"@id\":\"https:\\\/\\\/www.eldigitaldeasturias.com\\\/noticias\\\/dolores-carcedo-a-la-defensiva-es-mas-facil-decir-que-hacer\\\/#listItem\",\"position\":3,\"name\":\"Dolores Carcedo a la defensiva: \\u00abEs m\\u00e1s f\\u00e1cil decir que hacer\\u00bb\",\"previousItem\":{\"@type\":\"ListItem\",\"@id\":\"https:\\\/\\\/www.eldigitaldeasturias.com\\\/noticias\\\/category\\\/actualidad-asturias\\\/#listItem\",\"name\":\"Actualidad Asturias\"}}]},{\"@type\":\"Organization\",\"@id\":\"https:\\\/\\\/www.eldigitaldeasturias.com\\\/noticias\\\/#organization\",\"name\":\"El Digital de Asturias\",\"description\":\"Hemeroteca\",\"url\":\"https:\\\/\\\/www.eldigitaldeasturias.com\\\/noticias\\\/\",\"email\":\"info@eldigitaldeasturias.com\",\"telephone\":\"+34652131393\",\"logo\":{\"@type\":\"ImageObject\",\"url\":\"https:\\\/\\\/www.eldigitaldeasturias.com\\\/noticias\\\/wp-content\\\/uploads\\\/2020\\\/12\\\/EDA.jpg\",\"@id\":\"https:\\\/\\\/www.eldigitaldeasturias.com\\\/noticias\\\/dolores-carcedo-a-la-defensiva-es-mas-facil-decir-que-hacer\\\/#organizationLogo\",\"width\":649,\"height\":297},\"image\":{\"@id\":\"https:\\\/\\\/www.eldigitaldeasturias.com\\\/noticias\\\/dolores-carcedo-a-la-defensiva-es-mas-facil-decir-que-hacer\\\/#organizationLogo\"},\"sameAs\":[\"https:\\\/\\\/facebook.com\\\/eldigitaldeasturias\",\"https:\\\/\\\/www.youtube.com\\\/channel\\\/UCZP-2wLEB9Rv6erhFmqVnvg\"],\"address\":{\"@id\":\"https:\\\/\\\/www.eldigitaldeasturias.com\\\/noticias\\\/#postaladdress\",\"@type\":\"PostalAddress\",\"streetAddress\":\"san antonio 4,\",\"postalCode\":\"33430\",\"addressLocality\":\"Cand\\u00e1s\",\"addressRegion\":\"Asturias\",\"addressCountry\":\"ES\"}},{\"@type\":\"Person\",\"@id\":\"https:\\\/\\\/www.eldigitaldeasturias.com\\\/noticias\\\/author\\\/admin\\\/#author\",\"url\":\"https:\\\/\\\/www.eldigitaldeasturias.com\\\/noticias\\\/author\\\/admin\\\/\",\"name\":\"El Digital de Asturias\",\"image\":{\"@type\":\"ImageObject\",\"@id\":\"https:\\\/\\\/www.eldigitaldeasturias.com\\\/noticias\\\/dolores-carcedo-a-la-defensiva-es-mas-facil-decir-que-hacer\\\/#authorImage\",\"url\":\"https:\\\/\\\/www.eldigitaldeasturias.com\\\/noticias\\\/wp-content\\\/litespeed\\\/avatar\\\/18677e78aa0546b92d9dbf31ec7d7668.jpg?ver=1777290358\",\"width\":96,\"height\":96,\"caption\":\"El Digital de Asturias\"}},{\"@type\":\"WebPage\",\"@id\":\"https:\\\/\\\/www.eldigitaldeasturias.com\\\/noticias\\\/dolores-carcedo-a-la-defensiva-es-mas-facil-decir-que-hacer\\\/#webpage\",\"url\":\"https:\\\/\\\/www.eldigitaldeasturias.com\\\/noticias\\\/dolores-carcedo-a-la-defensiva-es-mas-facil-decir-que-hacer\\\/\",\"name\":\"Dolores Carcedo a la defensiva: \\u00abEs m\\u00e1s f\\u00e1cil decir que hacer\\u00bb - El Digital de Asturias\",\"description\":\"La consejera de Hacienda y Sector P\\u00fablico del Gobierno asturiano, la socialista Dolores Carcedo, ha salido al paso este lunes a las continuas cr\\u00edticas de la oposici\\u00f3n sobre el incumplimiento del Ejecutivo regional de las iniciativas parlamentarias. \\\"No se puede hacer todo lo que esta C\\u00e1mara dice y todo a la vez\\\", ha dicho. En\",\"inLanguage\":\"es-ES\",\"isPartOf\":{\"@id\":\"https:\\\/\\\/www.eldigitaldeasturias.com\\\/noticias\\\/#website\"},\"breadcrumb\":{\"@id\":\"https:\\\/\\\/www.eldigitaldeasturias.com\\\/noticias\\\/dolores-carcedo-a-la-defensiva-es-mas-facil-decir-que-hacer\\\/#breadcrumblist\"},\"author\":{\"@id\":\"https:\\\/\\\/www.eldigitaldeasturias.com\\\/noticias\\\/author\\\/admin\\\/#author\"},\"creator\":{\"@id\":\"https:\\\/\\\/www.eldigitaldeasturias.com\\\/noticias\\\/author\\\/admin\\\/#author\"},\"image\":{\"@type\":\"ImageObject\",\"url\":\"https:\\\/\\\/www.eldigitaldeasturias.com\\\/noticias\\\/wp-content\\\/uploads\\\/2016\\\/09\\\/fotonoticia_20160919105016_800.jpg\",\"@id\":\"https:\\\/\\\/www.eldigitaldeasturias.com\\\/noticias\\\/dolores-carcedo-a-la-defensiva-es-mas-facil-decir-que-hacer\\\/#mainImage\",\"width\":800,\"height\":587},\"primaryImageOfPage\":{\"@id\":\"https:\\\/\\\/www.eldigitaldeasturias.com\\\/noticias\\\/dolores-carcedo-a-la-defensiva-es-mas-facil-decir-que-hacer\\\/#mainImage\"},\"datePublished\":\"2016-09-19T21:43:55+02:00\",\"dateModified\":\"2016-09-19T21:43:55+02:00\"},{\"@type\":\"WebSite\",\"@id\":\"https:\\\/\\\/www.eldigitaldeasturias.com\\\/noticias\\\/#website\",\"url\":\"https:\\\/\\\/www.eldigitaldeasturias.com\\\/noticias\\\/\",\"name\":\"El Digital de Asturias - Diario de actualidad y noticias\",\"alternateName\":\"El Digital de Asturias - Diario de actualidad y noticias\",\"description\":\"Hemeroteca\",\"inLanguage\":\"es-ES\",\"publisher\":{\"@id\":\"https:\\\/\\\/www.eldigitaldeasturias.com\\\/noticias\\\/#organization\"}}]}\n\t\t<\/script>\n\t\t<!-- All in One SEO Pro -->\r\n\t\t<title>Dolores Carcedo a la defensiva: \u00abEs m\u00e1s f\u00e1cil decir que hacer\u00bb - El Digital de Asturias<\/title>\n\n","aioseo_head_json":{"title":"Dolores Carcedo a la defensiva: \u00abEs m\u00e1s f\u00e1cil decir que hacer\u00bb - El Digital de Asturias","description":"La consejera de Hacienda y Sector P\u00fablico del Gobierno asturiano, la socialista Dolores Carcedo, ha salido al paso este lunes a las continuas cr\u00edticas de la oposici\u00f3n sobre el incumplimiento del Ejecutivo regional de las iniciativas parlamentarias. \"No se puede hacer todo lo que esta C\u00e1mara dice y todo a la vez\", ha dicho. En","canonical_url":"https:\/\/www.eldigitaldeasturias.com\/noticias\/dolores-carcedo-a-la-defensiva-es-mas-facil-decir-que-hacer\/","robots":"max-image-preview:large","keywords":"actualidad asturias","webmasterTools":{"google-site-verification":"UA-38556648-1","msvalidate.01":"7dfe9f3f1b24437ab69f4f2559babe99","miscellaneous":""},"schema":{"@context":"https:\/\/schema.org","@graph":[{"@type":"BlogPosting","@id":"https:\/\/www.eldigitaldeasturias.com\/noticias\/dolores-carcedo-a-la-defensiva-es-mas-facil-decir-que-hacer\/#blogposting","name":"Dolores Carcedo a la defensiva: \u00abEs m\u00e1s f\u00e1cil decir que hacer\u00bb - El Digital de Asturias","headline":"Dolores Carcedo a la defensiva: \u00abEs m\u00e1s f\u00e1cil decir que hacer\u00bb","author":{"@id":"https:\/\/www.eldigitaldeasturias.com\/noticias\/author\/admin\/#author"},"publisher":{"@id":"https:\/\/www.eldigitaldeasturias.com\/noticias\/#organization"},"image":{"@type":"ImageObject","url":"https:\/\/www.eldigitaldeasturias.com\/noticias\/wp-content\/uploads\/2016\/09\/fotonoticia_20160919105016_800.jpg","width":800,"height":587},"datePublished":"2016-09-19T21:43:55+02:00","dateModified":"2016-09-19T21:43:55+02:00","inLanguage":"es-ES","mainEntityOfPage":{"@id":"https:\/\/www.eldigitaldeasturias.com\/noticias\/dolores-carcedo-a-la-defensiva-es-mas-facil-decir-que-hacer\/#webpage"},"isPartOf":{"@id":"https:\/\/www.eldigitaldeasturias.com\/noticias\/dolores-carcedo-a-la-defensiva-es-mas-facil-decir-que-hacer\/#webpage"},"articleSection":"Actualidad Asturias"},{"@type":"BreadcrumbList","@id":"https:\/\/www.eldigitaldeasturias.com\/noticias\/dolores-carcedo-a-la-defensiva-es-mas-facil-decir-que-hacer\/#breadcrumblist","itemListElement":[{"@type":"ListItem","@id":"https:\/\/www.eldigitaldeasturias.com\/noticias#listItem","position":1,"name":"Home","item":"https:\/\/www.eldigitaldeasturias.com\/noticias","nextItem":{"@type":"ListItem","@id":"https:\/\/www.eldigitaldeasturias.com\/noticias\/category\/actualidad-asturias\/#listItem","name":"Actualidad Asturias"}},{"@type":"ListItem","@id":"https:\/\/www.eldigitaldeasturias.com\/noticias\/category\/actualidad-asturias\/#listItem","position":2,"name":"Actualidad Asturias","item":"https:\/\/www.eldigitaldeasturias.com\/noticias\/category\/actualidad-asturias\/","nextItem":{"@type":"ListItem","@id":"https:\/\/www.eldigitaldeasturias.com\/noticias\/dolores-carcedo-a-la-defensiva-es-mas-facil-decir-que-hacer\/#listItem","name":"Dolores Carcedo a la defensiva: \u00abEs m\u00e1s f\u00e1cil decir que hacer\u00bb"},"previousItem":{"@type":"ListItem","@id":"https:\/\/www.eldigitaldeasturias.com\/noticias#listItem","name":"Home"}},{"@type":"ListItem","@id":"https:\/\/www.eldigitaldeasturias.com\/noticias\/dolores-carcedo-a-la-defensiva-es-mas-facil-decir-que-hacer\/#listItem","position":3,"name":"Dolores Carcedo a la defensiva: \u00abEs m\u00e1s f\u00e1cil decir que hacer\u00bb","previousItem":{"@type":"ListItem","@id":"https:\/\/www.eldigitaldeasturias.com\/noticias\/category\/actualidad-asturias\/#listItem","name":"Actualidad Asturias"}}]},{"@type":"Organization","@id":"https:\/\/www.eldigitaldeasturias.com\/noticias\/#organization","name":"El Digital de Asturias","description":"Hemeroteca","url":"https:\/\/www.eldigitaldeasturias.com\/noticias\/","email":"info@eldigitaldeasturias.com","telephone":"+34652131393","logo":{"@type":"ImageObject","url":"https:\/\/www.eldigitaldeasturias.com\/noticias\/wp-content\/uploads\/2020\/12\/EDA.jpg","@id":"https:\/\/www.eldigitaldeasturias.com\/noticias\/dolores-carcedo-a-la-defensiva-es-mas-facil-decir-que-hacer\/#organizationLogo","width":649,"height":297},"image":{"@id":"https:\/\/www.eldigitaldeasturias.com\/noticias\/dolores-carcedo-a-la-defensiva-es-mas-facil-decir-que-hacer\/#organizationLogo"},"sameAs":["https:\/\/facebook.com\/eldigitaldeasturias","https:\/\/www.youtube.com\/channel\/UCZP-2wLEB9Rv6erhFmqVnvg"],"address":{"@id":"https:\/\/www.eldigitaldeasturias.com\/noticias\/#postaladdress","@type":"PostalAddress","streetAddress":"san antonio 4,","postalCode":"33430","addressLocality":"Cand\u00e1s","addressRegion":"Asturias","addressCountry":"ES"}},{"@type":"Person","@id":"https:\/\/www.eldigitaldeasturias.com\/noticias\/author\/admin\/#author","url":"https:\/\/www.eldigitaldeasturias.com\/noticias\/author\/admin\/","name":"El Digital de Asturias","image":{"@type":"ImageObject","@id":"https:\/\/www.eldigitaldeasturias.com\/noticias\/dolores-carcedo-a-la-defensiva-es-mas-facil-decir-que-hacer\/#authorImage","url":"https:\/\/www.eldigitaldeasturias.com\/noticias\/wp-content\/litespeed\/avatar\/18677e78aa0546b92d9dbf31ec7d7668.jpg?ver=1777290358","width":96,"height":96,"caption":"El Digital de Asturias"}},{"@type":"WebPage","@id":"https:\/\/www.eldigitaldeasturias.com\/noticias\/dolores-carcedo-a-la-defensiva-es-mas-facil-decir-que-hacer\/#webpage","url":"https:\/\/www.eldigitaldeasturias.com\/noticias\/dolores-carcedo-a-la-defensiva-es-mas-facil-decir-que-hacer\/","name":"Dolores Carcedo a la defensiva: \u00abEs m\u00e1s f\u00e1cil decir que hacer\u00bb - El Digital de Asturias","description":"La consejera de Hacienda y Sector P\u00fablico del Gobierno asturiano, la socialista Dolores Carcedo, ha salido al paso este lunes a las continuas cr\u00edticas de la oposici\u00f3n sobre el incumplimiento del Ejecutivo regional de las iniciativas parlamentarias. \"No se puede hacer todo lo que esta C\u00e1mara dice y todo a la vez\", ha dicho. En","inLanguage":"es-ES","isPartOf":{"@id":"https:\/\/www.eldigitaldeasturias.com\/noticias\/#website"},"breadcrumb":{"@id":"https:\/\/www.eldigitaldeasturias.com\/noticias\/dolores-carcedo-a-la-defensiva-es-mas-facil-decir-que-hacer\/#breadcrumblist"},"author":{"@id":"https:\/\/www.eldigitaldeasturias.com\/noticias\/author\/admin\/#author"},"creator":{"@id":"https:\/\/www.eldigitaldeasturias.com\/noticias\/author\/admin\/#author"},"image":{"@type":"ImageObject","url":"https:\/\/www.eldigitaldeasturias.com\/noticias\/wp-content\/uploads\/2016\/09\/fotonoticia_20160919105016_800.jpg","@id":"https:\/\/www.eldigitaldeasturias.com\/noticias\/dolores-carcedo-a-la-defensiva-es-mas-facil-decir-que-hacer\/#mainImage","width":800,"height":587},"primaryImageOfPage":{"@id":"https:\/\/www.eldigitaldeasturias.com\/noticias\/dolores-carcedo-a-la-defensiva-es-mas-facil-decir-que-hacer\/#mainImage"},"datePublished":"2016-09-19T21:43:55+02:00","dateModified":"2016-09-19T21:43:55+02:00"},{"@type":"WebSite","@id":"https:\/\/www.eldigitaldeasturias.com\/noticias\/#website","url":"https:\/\/www.eldigitaldeasturias.com\/noticias\/","name":"El Digital de Asturias - Diario de actualidad y noticias","alternateName":"El Digital de Asturias - Diario de actualidad y noticias","description":"Hemeroteca","inLanguage":"es-ES","publisher":{"@id":"https:\/\/www.eldigitaldeasturias.com\/noticias\/#organization"}}]},"og:locale":"es_ES","og:site_name":"El Digital de Asturias","og:type":"article","og:title":"Dolores Carcedo a la defensiva: \u00abEs m\u00e1s f\u00e1cil decir que hacer\u00bb - El Digital de Asturias","og:description":"La consejera de Hacienda y Sector P\u00fablico del Gobierno asturiano, la socialista Dolores Carcedo, ha salido al paso este lunes a las continuas cr\u00edticas de la oposici\u00f3n sobre el incumplimiento del Ejecutivo regional de las iniciativas parlamentarias. &quot;No se puede hacer todo lo que esta C\u00e1mara dice y todo a la vez&quot;, ha dicho. En","og:url":"https:\/\/www.eldigitaldeasturias.com\/noticias\/dolores-carcedo-a-la-defensiva-es-mas-facil-decir-que-hacer\/","og:image":"https:\/\/www.eldigitaldeasturias.com\/noticias\/wp-content\/uploads\/2016\/09\/fotonoticia_20160919105016_800.jpg","og:image:secure_url":"https:\/\/www.eldigitaldeasturias.com\/noticias\/wp-content\/uploads\/2016\/09\/fotonoticia_20160919105016_800.jpg","og:image:width":800,"og:image:height":587,"article:tag":["actualidad asturias"],"article:published_time":"2016-09-19T20:43:55+00:00","article:modified_time":"2016-09-19T20:43:55+00:00","article:publisher":"https:\/\/facebook.com\/eldigitaldeasturias","twitter:card":"summary_large_image","twitter:title":"Dolores Carcedo a la defensiva: \u00abEs m\u00e1s f\u00e1cil decir que hacer\u00bb - El Digital de Asturias","twitter:description":"La consejera de Hacienda y Sector P\u00fablico del Gobierno asturiano, la socialista Dolores Carcedo, ha salido al paso este lunes a las continuas cr\u00edticas de la oposici\u00f3n sobre el incumplimiento del Ejecutivo regional de las iniciativas parlamentarias. &quot;No se puede hacer todo lo que esta C\u00e1mara dice y todo a la vez&quot;, ha dicho. En","twitter:image":"https:\/\/www.eldigitaldeasturias.com\/noticias\/wp-content\/uploads\/2016\/09\/fotonoticia_20160919105016_800.jpg","twitter:label1":"Escrito por","twitter:data1":"El Digital de Asturias","twitter:label2":"Tiempo de lectura estimado","twitter:data2":"2 minutos"},"aioseo_meta_data":{"post_id":"908489","title":null,"description":null,"keywords":null,"keyphrases":null,"primary_term":null,"canonical_url":null,"og_title":null,"og_description":null,"og_object_type":"default","og_image_type":"default","og_image_url":null,"og_image_width":null,"og_image_height":null,"og_image_custom_url":null,"og_image_custom_fields":null,"og_video":null,"og_custom_url":null,"og_article_section":null,"og_article_tags":null,"twitter_use_og":false,"twitter_card":"default","twitter_image_type":"default","twitter_image_url":null,"twitter_image_custom_url":null,"twitter_image_custom_fields":null,"twitter_title":null,"twitter_description":null,"schema":{"blockGraphs":[],"customGraphs":[],"default":{"data":{"Article":[],"Course":[],"Dataset":[],"FAQPage":[],"Movie":[],"Person":[],"Product":[],"ProductReview":[],"Car":[],"Recipe":[],"Service":[],"SoftwareApplication":[],"WebPage":[]},"graphName":"","isEnabled":true},"graphs":[],"defaultGraph":"","defaultPostTypeGraph":""},"schema_type":null,"schema_type_options":null,"pillar_content":false,"robots_default":true,"robots_noindex":false,"robots_noarchive":false,"robots_nosnippet":false,"robots_nofollow":false,"robots_noimageindex":false,"robots_noodp":false,"robots_notranslate":false,"robots_max_snippet":null,"robots_max_videopreview":null,"robots_max_imagepreview":"large","priority":null,"frequency":null,"local_seo":null,"seo_analyzer_scan_date":"2025-11-30 16:17:15","breadcrumb_settings":null,"limit_modified_date":false,"open_ai":null,"ai":null,"created":"2020-12-21 13:02:58","updated":"2025-11-30 16:17:15"},"aioseo_breadcrumb":"<div class=\"aioseo-breadcrumbs\"><span class=\"aioseo-breadcrumb\">\n\t<a href=\"https:\/\/www.eldigitaldeasturias.com\/noticias\" title=\"Home\">Home<\/a>\n<\/span><span class=\"aioseo-breadcrumb-separator\">\u2013<\/span><span class=\"aioseo-breadcrumb\">\n\t<a href=\"https:\/\/www.eldigitaldeasturias.com\/noticias\/category\/actualidad-asturias\/\" title=\"Actualidad Asturias\">Actualidad Asturias<\/a>\n<\/span><span class=\"aioseo-breadcrumb-separator\">\u2013<\/span><span class=\"aioseo-breadcrumb\">\n\t<a href=\"https:\/\/www.eldigitaldeasturias.com\/noticias\/dolores-carcedo-a-la-defensiva-es-mas-facil-decir-que-hacer\/\" title=\"Dolores Carcedo a la defensiva: \u00abEs m\u00e1s f\u00e1cil decir que hacer\u00bb\">Dolores Carcedo a la defensiva: \u00abEs m\u00e1s f\u00e1cil decir que hacer\u00bb<\/a>\n<\/span><\/div>","aioseo_breadcrumb_json":[{"label":"Home","link":"https:\/\/www.eldigitaldeasturias.com\/noticias"},{"label":"Actualidad Asturias","link":"https:\/\/www.eldigitaldeasturias.com\/noticias\/category\/actualidad-asturias\/"},{"label":"Dolores Carcedo a la defensiva: \u00abEs m\u00e1s f\u00e1cil decir que hacer\u00bb","link":"https:\/\/www.eldigitaldeasturias.com\/noticias\/dolores-carcedo-a-la-defensiva-es-mas-facil-decir-que-hacer\/"}],"_links":{"self":[{"href":"https:\/\/www.eldigitaldeasturias.com\/noticias\/wp-json\/wp\/v2\/posts\/908489","targetHints":{"allow":["GET"]}}],"collection":[{"href":"https:\/\/www.eldigitaldeasturias.com\/noticias\/wp-json\/wp\/v2\/posts"}],"about":[{"href":"https:\/\/www.eldigitaldeasturias.com\/noticias\/wp-json\/wp\/v2\/types\/post"}],"author":[{"embeddable":true,"href":"https:\/\/www.eldigitaldeasturias.com\/noticias\/wp-json\/wp\/v2\/users\/1"}],"replies":[{"embeddable":true,"href":"https:\/\/www.eldigitaldeasturias.com\/noticias\/wp-json\/wp\/v2\/comments?post=908489"}],"version-history":[{"count":0,"href":"https:\/\/www.eldigitaldeasturias.com\/noticias\/wp-json\/wp\/v2\/posts\/908489\/revisions"}],"wp:featuredmedia":[{"embeddable":true,"href":"https:\/\/www.eldigitaldeasturias.com\/noticias\/wp-json\/wp\/v2\/media\/908490"}],"wp:attachment":[{"href":"https:\/\/www.eldigitaldeasturias.com\/noticias\/wp-json\/wp\/v2\/media?parent=908489"}],"wp:term":[{"taxonomy":"category","embeddable":true,"href":"https:\/\/www.eldigitaldeasturias.com\/noticias\/wp-json\/wp\/v2\/categories?post=908489"},{"taxonomy":"post_tag","embeddable":true,"href":"https:\/\/www.eldigitaldeasturias.com\/noticias\/wp-json\/wp\/v2\/tags?post=908489"}],"curies":[{"name":"wp","href":"https:\/\/api.w.org\/{rel}","templated":true}]}}