{"id":908456,"date":"2016-09-18T23:03:28","date_gmt":"2016-09-18T22:03:28","guid":{"rendered":"http:\/\/www.eldigitaldeasturias.com\/noticias\/?p=908456"},"modified":"2016-09-18T23:03:28","modified_gmt":"2016-09-18T22:03:28","slug":"el-ciclo-palabra-regresara-al-centro-niemeyer-de-aviles","status":"publish","type":"post","link":"https:\/\/www.eldigitaldeasturias.com\/noticias\/el-ciclo-palabra-regresara-al-centro-niemeyer-de-aviles\/","title":{"rendered":"El Ciclo Palabra regresar\u00e1 al Centro Niemeyer de Avil\u00e9s"},"content":{"rendered":"<p><img loading=\"lazy\" decoding=\"async\" class=\"alignleft size-medium wp-image-908457\" src=\"https:\/\/www.eldigitaldeasturias.com\/noticias\/wp-content\/uploads\/2016\/09\/fotonoticia_20160918192338_800-360x297.jpg\" alt=\"fotonoticia_20160918192338_800\" width=\"360\" height=\"297\" srcset=\"https:\/\/www.eldigitaldeasturias.com\/noticias\/wp-content\/uploads\/2016\/09\/fotonoticia_20160918192338_800-360x297.jpg 360w, https:\/\/www.eldigitaldeasturias.com\/noticias\/wp-content\/uploads\/2016\/09\/fotonoticia_20160918192338_800-768x634.jpg 768w, https:\/\/www.eldigitaldeasturias.com\/noticias\/wp-content\/uploads\/2016\/09\/fotonoticia_20160918192338_800-650x536.jpg 650w, https:\/\/www.eldigitaldeasturias.com\/noticias\/wp-content\/uploads\/2016\/09\/fotonoticia_20160918192338_800-265x220.jpg 265w, https:\/\/www.eldigitaldeasturias.com\/noticias\/wp-content\/uploads\/2016\/09\/fotonoticia_20160918192338_800.jpg 800w\" sizes=\"auto, (max-width: 360px) 100vw, 360px\" \/>El Ciclo Palabra regresar\u00e1 al Centro Niemeyer durante el \u00faltimo trimestre del a\u00f1o con un invitado por cada mes: el humorista gr\u00e1fico Antonio Fraguas &#8216;Forges&#8217; el 27 de octubre; el escritor de origen asturiano Rafael Reig, el 17 de noviembre y el escritor y acad\u00e9mico de la Real Academia de la Lengua Arturo P\u00e9rez-Reverte, el 16 de diciembre.<\/p>\n<p>Todos los eventos tendr\u00e1n lugar a las 20.00 y las entradas estar\u00e1n a la venta al precio de 1 \u20ac desde el s\u00e1bado, 17 de noviembre. Con este tr\u00edo protagonista concluir\u00e1 un a\u00f1o en el que habr\u00e1n pasado por el Ciclo Palabra: Bernardo Atxaga, Ray Loriga, Almudena Grandes, Goyo Jim\u00e9nez, Juan Jos\u00e9 Mill\u00e1s y Dar\u00edo Villanueva. Por otra parte, el formato Palabra e Imagen, que comenz\u00f3 su andadura en el mes de marzo, reuni\u00f3 a: Ant\u00f3n Reixa, Miriam Reyes, Agust\u00edn Fern\u00e1ndez Mallo y Mercedes D\u00edaz Villar\u00edas.<\/p>\n<p><strong>INVITADOS<\/strong><\/p>\n<p>Antonio Fraguas &#8216;Forges&#8217; es hijo de madre catalana y padre gallego, el escritor y periodista Antonio Fraguas Saavedra. En 1956, a la edad de 14 a\u00f1os comienza a trabajar como t\u00e9cnico de telecine en Televisi\u00f3n Espa\u00f1ola. Abandon\u00f3 la plantilla de TVE para dedicarse profesionalmente al humor gr\u00e1fico. En 1970 comienza a colaborar en Diez Minutos y trabaja en las revistas de humor Hermano Lobo, Por Favor y El Jueves, as\u00ed como en los semanario S\u00e1bado Gr\u00e1fico, Intervi\u00fa, Lecturas, etc.<\/p>\n<p>Desde 1982 publica el chiste editorial en Diario 16 y posteriormente en El Mundo, pero decide dejar este peri\u00f3dico despu\u00e9s de haber sido uno de sus siete fundadores y, en 1995 pasa a firmar el chiste editorial de El Pa\u00eds. En 1992 aparece su novela \u00abDoce de Babilonia\u00bb. Ha dirigido dos pel\u00edculas (\u00abPa\u00eds S.A.\u00bb y \u00abEl vengador gusticiero y su pastelera madre\u00bb) y cuatro series de humor en televisi\u00f3n. En radio ha participado en programas como Protagonistas, de Luis del Olmo, y La Ventana, de Javier Sard\u00e1 y Gemma Nierga.<\/p>\n<p>Rafael Reig nace en Cangas de On\u00eds en 1963. Es novelista, columnista de prensa, profesor en el proyecto de educaci\u00f3n Hotel Kafka y librero. Estudi\u00f3 en la Universidad Aut\u00f3noma de Madrid y se doctor\u00f3 en Estados Unidos, pa\u00eds en el que fue profesor durante a\u00f1os. Desde 1990 es autor de una docena de novelas que han recibido el aplauso del p\u00fablico y el reconocimiento de la cr\u00edtica. Su \u00faltima obra publicada es \u00abSe\u00f1ales de humo (manual de literatura para can\u00edbales I).<\/p>\n<p>Arturo P\u00e9rez-Reverte (Cartagena 1951) se dedica en exclusiva a la literatura, tras vivir 21 a\u00f1os (1973-1994) como reportero de prensa, radio y televisi\u00f3n, cubriendo informativamente los conflictos internacionales en ese periodo. Trabaj\u00f3 doce a\u00f1os como reportero en el diario Pueblo, y nueve en los servicios informativos de Televisi\u00f3n Espa\u00f1ola (TVE) como especialista en conflictos armados.*Desde 1991 escribe una p\u00e1gina de opini\u00f3n en la revista XLSemanal. Algunas de sus novelas m\u00e1s destacadas son: \u00abEl maestro de esgrima\u00bb, \u00abLa tabla de Flandes\u00bb, la colecci\u00f3n \u00abLas aventuras del Capit\u00e1n Alatriste\u00bb, \u00abTerritorio comanche\u00bb, \u00abLa carta esf\u00e9rica\u00bb o \u00abLa Reina del Sur\u00bb. Su \u00faltima publicaci\u00f3n lleva por t\u00edtulo \u00abLa guerra civil contada a los j\u00f3venes\u00bb.<\/p>\n<p>Arturo P\u00e9rez-Reverte ingres\u00f3 en la Real Academia Espa\u00f1ola el 12 de junio de 2003, leyendo un discurso titulado \u00abEl habla de un bravo del siglo XVII\u00bb. Desde abril de 2016 es editor y cofundador de la web de libros y autores Zenda.<\/p>\n<p>&nbsp;<\/p>\n","protected":false},"excerpt":{"rendered":"<p>El Ciclo Palabra regresar\u00e1 al Centro Niemeyer durante el \u00faltimo trimestre del a\u00f1o con un invitado por cada mes: el humorista gr\u00e1fico Antonio Fraguas &#8216;Forges&#8217; el 27 de octubre; el escritor de origen asturiano Rafael Reig, el 17 de noviembre y el escritor y acad\u00e9mico de la Real Academia de la Lengua Arturo P\u00e9rez-Reverte, el [&hellip;]<\/p>\n","protected":false},"author":1,"featured_media":908457,"comment_status":"closed","ping_status":"closed","sticky":false,"template":"","format":"standard","meta":{"footnotes":""},"categories":[50],"tags":[],"class_list":["post-908456","post","type-post","status-publish","format-standard","has-post-thumbnail","hentry","category-revista-de-ocio"],"aioseo_notices":[],"aioseo_head":"\n\t\t<!-- All in One SEO Pro 4.9.6.2 - aioseo.com -->\n\t<meta name=\"description\" content=\"El Ciclo Palabra regresar\u00e1 al Centro Niemeyer durante el \u00faltimo trimestre del a\u00f1o con un invitado por cada mes: el humorista gr\u00e1fico Antonio Fraguas &#039;Forges&#039; el 27 de octubre; el escritor de origen asturiano Rafael Reig, el 17 de noviembre y el escritor y acad\u00e9mico de la Real Academia de la Lengua Arturo P\u00e9rez-Reverte, el\" \/>\n\t<meta name=\"robots\" content=\"max-image-preview:large\" \/>\n\t<meta name=\"author\" content=\"El Digital de Asturias\"\/>\n\t<meta name=\"google-site-verification\" content=\"UA-38556648-1\" \/>\n\t<meta name=\"msvalidate.01\" content=\"7dfe9f3f1b24437ab69f4f2559babe99\" \/>\n\t<meta name=\"keywords\" content=\"revista de ocio\" \/>\n\t<link rel=\"canonical\" href=\"https:\/\/www.eldigitaldeasturias.com\/noticias\/el-ciclo-palabra-regresara-al-centro-niemeyer-de-aviles\/\" \/>\n\t<meta name=\"generator\" content=\"All in One SEO Pro (AIOSEO) 4.9.6.2\" \/>\n\t\t<meta property=\"og:locale\" content=\"es_ES\" \/>\n\t\t<meta property=\"og:site_name\" content=\"El Digital de Asturias\" \/>\n\t\t<meta property=\"og:type\" content=\"article\" \/>\n\t\t<meta property=\"og:title\" content=\"El Ciclo Palabra regresar\u00e1 al Centro Niemeyer de Avil\u00e9s - El Digital de Asturias\" \/>\n\t\t<meta property=\"og:description\" content=\"El Ciclo Palabra regresar\u00e1 al Centro Niemeyer durante el \u00faltimo trimestre del a\u00f1o con un invitado por cada mes: el humorista gr\u00e1fico Antonio Fraguas &#039;Forges&#039; el 27 de octubre; el escritor de origen asturiano Rafael Reig, el 17 de noviembre y el escritor y acad\u00e9mico de la Real Academia de la Lengua Arturo P\u00e9rez-Reverte, el\" \/>\n\t\t<meta property=\"og:url\" content=\"https:\/\/www.eldigitaldeasturias.com\/noticias\/el-ciclo-palabra-regresara-al-centro-niemeyer-de-aviles\/\" \/>\n\t\t<meta property=\"og:image\" content=\"https:\/\/www.eldigitaldeasturias.com\/noticias\/wp-content\/uploads\/2016\/09\/fotonoticia_20160918192338_800.jpg\" \/>\n\t\t<meta property=\"og:image:secure_url\" content=\"https:\/\/www.eldigitaldeasturias.com\/noticias\/wp-content\/uploads\/2016\/09\/fotonoticia_20160918192338_800.jpg\" \/>\n\t\t<meta property=\"og:image:width\" content=\"800\" \/>\n\t\t<meta property=\"og:image:height\" content=\"660\" \/>\n\t\t<meta property=\"article:tag\" content=\"revista de ocio\" \/>\n\t\t<meta property=\"article:published_time\" content=\"2016-09-18T22:03:28+00:00\" \/>\n\t\t<meta property=\"article:modified_time\" content=\"2016-09-18T22:03:28+00:00\" \/>\n\t\t<meta property=\"article:publisher\" content=\"https:\/\/facebook.com\/eldigitaldeasturias\" \/>\n\t\t<meta name=\"twitter:card\" content=\"summary_large_image\" \/>\n\t\t<meta name=\"twitter:title\" content=\"El Ciclo Palabra regresar\u00e1 al Centro Niemeyer de Avil\u00e9s - El Digital de Asturias\" \/>\n\t\t<meta name=\"twitter:description\" content=\"El Ciclo Palabra regresar\u00e1 al Centro Niemeyer durante el \u00faltimo trimestre del a\u00f1o con un invitado por cada mes: el humorista gr\u00e1fico Antonio Fraguas &#039;Forges&#039; el 27 de octubre; el escritor de origen asturiano Rafael Reig, el 17 de noviembre y el escritor y acad\u00e9mico de la Real Academia de la Lengua Arturo P\u00e9rez-Reverte, el\" \/>\n\t\t<meta name=\"twitter:image\" content=\"https:\/\/www.eldigitaldeasturias.com\/noticias\/wp-content\/uploads\/2016\/09\/fotonoticia_20160918192338_800.jpg\" \/>\n\t\t<meta name=\"twitter:label1\" content=\"Escrito por\" \/>\n\t\t<meta name=\"twitter:data1\" content=\"El Digital de Asturias\" \/>\n\t\t<meta name=\"twitter:label2\" content=\"Tiempo de lectura estimado\" \/>\n\t\t<meta name=\"twitter:data2\" content=\"3 minutos\" \/>\n\t\t<script type=\"application\/ld+json\" class=\"aioseo-schema\">\n\t\t\t{\"@context\":\"https:\\\/\\\/schema.org\",\"@graph\":[{\"@type\":\"BlogPosting\",\"@id\":\"https:\\\/\\\/www.eldigitaldeasturias.com\\\/noticias\\\/el-ciclo-palabra-regresara-al-centro-niemeyer-de-aviles\\\/#blogposting\",\"name\":\"El Ciclo Palabra regresar\\u00e1 al Centro Niemeyer de Avil\\u00e9s - El Digital de Asturias\",\"headline\":\"El Ciclo Palabra regresar\\u00e1 al Centro Niemeyer de Avil\\u00e9s\",\"author\":{\"@id\":\"https:\\\/\\\/www.eldigitaldeasturias.com\\\/noticias\\\/author\\\/admin\\\/#author\"},\"publisher\":{\"@id\":\"https:\\\/\\\/www.eldigitaldeasturias.com\\\/noticias\\\/#organization\"},\"image\":{\"@type\":\"ImageObject\",\"url\":\"https:\\\/\\\/www.eldigitaldeasturias.com\\\/noticias\\\/wp-content\\\/uploads\\\/2016\\\/09\\\/fotonoticia_20160918192338_800.jpg\",\"width\":800,\"height\":660},\"datePublished\":\"2016-09-18T23:03:28+02:00\",\"dateModified\":\"2016-09-18T23:03:28+02:00\",\"inLanguage\":\"es-ES\",\"mainEntityOfPage\":{\"@id\":\"https:\\\/\\\/www.eldigitaldeasturias.com\\\/noticias\\\/el-ciclo-palabra-regresara-al-centro-niemeyer-de-aviles\\\/#webpage\"},\"isPartOf\":{\"@id\":\"https:\\\/\\\/www.eldigitaldeasturias.com\\\/noticias\\\/el-ciclo-palabra-regresara-al-centro-niemeyer-de-aviles\\\/#webpage\"},\"articleSection\":\"Revista de Ocio\"},{\"@type\":\"BreadcrumbList\",\"@id\":\"https:\\\/\\\/www.eldigitaldeasturias.com\\\/noticias\\\/el-ciclo-palabra-regresara-al-centro-niemeyer-de-aviles\\\/#breadcrumblist\",\"itemListElement\":[{\"@type\":\"ListItem\",\"@id\":\"https:\\\/\\\/www.eldigitaldeasturias.com\\\/noticias#listItem\",\"position\":1,\"name\":\"Home\",\"item\":\"https:\\\/\\\/www.eldigitaldeasturias.com\\\/noticias\",\"nextItem\":{\"@type\":\"ListItem\",\"@id\":\"https:\\\/\\\/www.eldigitaldeasturias.com\\\/noticias\\\/category\\\/revista-de-ocio\\\/#listItem\",\"name\":\"Revista de Ocio\"}},{\"@type\":\"ListItem\",\"@id\":\"https:\\\/\\\/www.eldigitaldeasturias.com\\\/noticias\\\/category\\\/revista-de-ocio\\\/#listItem\",\"position\":2,\"name\":\"Revista de Ocio\",\"item\":\"https:\\\/\\\/www.eldigitaldeasturias.com\\\/noticias\\\/category\\\/revista-de-ocio\\\/\",\"nextItem\":{\"@type\":\"ListItem\",\"@id\":\"https:\\\/\\\/www.eldigitaldeasturias.com\\\/noticias\\\/el-ciclo-palabra-regresara-al-centro-niemeyer-de-aviles\\\/#listItem\",\"name\":\"El Ciclo Palabra regresar\\u00e1 al Centro Niemeyer de Avil\\u00e9s\"},\"previousItem\":{\"@type\":\"ListItem\",\"@id\":\"https:\\\/\\\/www.eldigitaldeasturias.com\\\/noticias#listItem\",\"name\":\"Home\"}},{\"@type\":\"ListItem\",\"@id\":\"https:\\\/\\\/www.eldigitaldeasturias.com\\\/noticias\\\/el-ciclo-palabra-regresara-al-centro-niemeyer-de-aviles\\\/#listItem\",\"position\":3,\"name\":\"El Ciclo Palabra regresar\\u00e1 al Centro Niemeyer de Avil\\u00e9s\",\"previousItem\":{\"@type\":\"ListItem\",\"@id\":\"https:\\\/\\\/www.eldigitaldeasturias.com\\\/noticias\\\/category\\\/revista-de-ocio\\\/#listItem\",\"name\":\"Revista de Ocio\"}}]},{\"@type\":\"Organization\",\"@id\":\"https:\\\/\\\/www.eldigitaldeasturias.com\\\/noticias\\\/#organization\",\"name\":\"El Digital de Asturias\",\"description\":\"Hemeroteca\",\"url\":\"https:\\\/\\\/www.eldigitaldeasturias.com\\\/noticias\\\/\",\"email\":\"info@eldigitaldeasturias.com\",\"telephone\":\"+34652131393\",\"logo\":{\"@type\":\"ImageObject\",\"url\":\"https:\\\/\\\/www.eldigitaldeasturias.com\\\/noticias\\\/wp-content\\\/uploads\\\/2020\\\/12\\\/EDA.jpg\",\"@id\":\"https:\\\/\\\/www.eldigitaldeasturias.com\\\/noticias\\\/el-ciclo-palabra-regresara-al-centro-niemeyer-de-aviles\\\/#organizationLogo\",\"width\":649,\"height\":297},\"image\":{\"@id\":\"https:\\\/\\\/www.eldigitaldeasturias.com\\\/noticias\\\/el-ciclo-palabra-regresara-al-centro-niemeyer-de-aviles\\\/#organizationLogo\"},\"sameAs\":[\"https:\\\/\\\/facebook.com\\\/eldigitaldeasturias\",\"https:\\\/\\\/www.youtube.com\\\/channel\\\/UCZP-2wLEB9Rv6erhFmqVnvg\"],\"address\":{\"@id\":\"https:\\\/\\\/www.eldigitaldeasturias.com\\\/noticias\\\/#postaladdress\",\"@type\":\"PostalAddress\",\"streetAddress\":\"san antonio 4,\",\"postalCode\":\"33430\",\"addressLocality\":\"Cand\\u00e1s\",\"addressRegion\":\"Asturias\",\"addressCountry\":\"ES\"}},{\"@type\":\"Person\",\"@id\":\"https:\\\/\\\/www.eldigitaldeasturias.com\\\/noticias\\\/author\\\/admin\\\/#author\",\"url\":\"https:\\\/\\\/www.eldigitaldeasturias.com\\\/noticias\\\/author\\\/admin\\\/\",\"name\":\"El Digital de Asturias\",\"image\":{\"@type\":\"ImageObject\",\"@id\":\"https:\\\/\\\/www.eldigitaldeasturias.com\\\/noticias\\\/el-ciclo-palabra-regresara-al-centro-niemeyer-de-aviles\\\/#authorImage\",\"url\":\"https:\\\/\\\/www.eldigitaldeasturias.com\\\/noticias\\\/wp-content\\\/litespeed\\\/avatar\\\/18677e78aa0546b92d9dbf31ec7d7668.jpg?ver=1777290358\",\"width\":96,\"height\":96,\"caption\":\"El Digital de Asturias\"}},{\"@type\":\"WebPage\",\"@id\":\"https:\\\/\\\/www.eldigitaldeasturias.com\\\/noticias\\\/el-ciclo-palabra-regresara-al-centro-niemeyer-de-aviles\\\/#webpage\",\"url\":\"https:\\\/\\\/www.eldigitaldeasturias.com\\\/noticias\\\/el-ciclo-palabra-regresara-al-centro-niemeyer-de-aviles\\\/\",\"name\":\"El Ciclo Palabra regresar\\u00e1 al Centro Niemeyer de Avil\\u00e9s - El Digital de Asturias\",\"description\":\"El Ciclo Palabra regresar\\u00e1 al Centro Niemeyer durante el \\u00faltimo trimestre del a\\u00f1o con un invitado por cada mes: el humorista gr\\u00e1fico Antonio Fraguas 'Forges' el 27 de octubre; el escritor de origen asturiano Rafael Reig, el 17 de noviembre y el escritor y acad\\u00e9mico de la Real Academia de la Lengua Arturo P\\u00e9rez-Reverte, el\",\"inLanguage\":\"es-ES\",\"isPartOf\":{\"@id\":\"https:\\\/\\\/www.eldigitaldeasturias.com\\\/noticias\\\/#website\"},\"breadcrumb\":{\"@id\":\"https:\\\/\\\/www.eldigitaldeasturias.com\\\/noticias\\\/el-ciclo-palabra-regresara-al-centro-niemeyer-de-aviles\\\/#breadcrumblist\"},\"author\":{\"@id\":\"https:\\\/\\\/www.eldigitaldeasturias.com\\\/noticias\\\/author\\\/admin\\\/#author\"},\"creator\":{\"@id\":\"https:\\\/\\\/www.eldigitaldeasturias.com\\\/noticias\\\/author\\\/admin\\\/#author\"},\"image\":{\"@type\":\"ImageObject\",\"url\":\"https:\\\/\\\/www.eldigitaldeasturias.com\\\/noticias\\\/wp-content\\\/uploads\\\/2016\\\/09\\\/fotonoticia_20160918192338_800.jpg\",\"@id\":\"https:\\\/\\\/www.eldigitaldeasturias.com\\\/noticias\\\/el-ciclo-palabra-regresara-al-centro-niemeyer-de-aviles\\\/#mainImage\",\"width\":800,\"height\":660},\"primaryImageOfPage\":{\"@id\":\"https:\\\/\\\/www.eldigitaldeasturias.com\\\/noticias\\\/el-ciclo-palabra-regresara-al-centro-niemeyer-de-aviles\\\/#mainImage\"},\"datePublished\":\"2016-09-18T23:03:28+02:00\",\"dateModified\":\"2016-09-18T23:03:28+02:00\"},{\"@type\":\"WebSite\",\"@id\":\"https:\\\/\\\/www.eldigitaldeasturias.com\\\/noticias\\\/#website\",\"url\":\"https:\\\/\\\/www.eldigitaldeasturias.com\\\/noticias\\\/\",\"name\":\"El Digital de Asturias - Diario de actualidad y noticias\",\"alternateName\":\"El Digital de Asturias - Diario de actualidad y noticias\",\"description\":\"Hemeroteca\",\"inLanguage\":\"es-ES\",\"publisher\":{\"@id\":\"https:\\\/\\\/www.eldigitaldeasturias.com\\\/noticias\\\/#organization\"}}]}\n\t\t<\/script>\n\t\t<!-- All in One SEO Pro -->\r\n\t\t<title>El Ciclo Palabra regresar\u00e1 al Centro Niemeyer de Avil\u00e9s - El Digital de Asturias<\/title>\n\n","aioseo_head_json":{"title":"El Ciclo Palabra regresar\u00e1 al Centro Niemeyer de Avil\u00e9s - El Digital de Asturias","description":"El Ciclo Palabra regresar\u00e1 al Centro Niemeyer durante el \u00faltimo trimestre del a\u00f1o con un invitado por cada mes: el humorista gr\u00e1fico Antonio Fraguas 'Forges' el 27 de octubre; el escritor de origen asturiano Rafael Reig, el 17 de noviembre y el escritor y acad\u00e9mico de la Real Academia de la Lengua Arturo P\u00e9rez-Reverte, el","canonical_url":"https:\/\/www.eldigitaldeasturias.com\/noticias\/el-ciclo-palabra-regresara-al-centro-niemeyer-de-aviles\/","robots":"max-image-preview:large","keywords":"revista de ocio","webmasterTools":{"google-site-verification":"UA-38556648-1","msvalidate.01":"7dfe9f3f1b24437ab69f4f2559babe99","miscellaneous":""},"schema":{"@context":"https:\/\/schema.org","@graph":[{"@type":"BlogPosting","@id":"https:\/\/www.eldigitaldeasturias.com\/noticias\/el-ciclo-palabra-regresara-al-centro-niemeyer-de-aviles\/#blogposting","name":"El Ciclo Palabra regresar\u00e1 al Centro Niemeyer de Avil\u00e9s - El Digital de Asturias","headline":"El Ciclo Palabra regresar\u00e1 al Centro Niemeyer de Avil\u00e9s","author":{"@id":"https:\/\/www.eldigitaldeasturias.com\/noticias\/author\/admin\/#author"},"publisher":{"@id":"https:\/\/www.eldigitaldeasturias.com\/noticias\/#organization"},"image":{"@type":"ImageObject","url":"https:\/\/www.eldigitaldeasturias.com\/noticias\/wp-content\/uploads\/2016\/09\/fotonoticia_20160918192338_800.jpg","width":800,"height":660},"datePublished":"2016-09-18T23:03:28+02:00","dateModified":"2016-09-18T23:03:28+02:00","inLanguage":"es-ES","mainEntityOfPage":{"@id":"https:\/\/www.eldigitaldeasturias.com\/noticias\/el-ciclo-palabra-regresara-al-centro-niemeyer-de-aviles\/#webpage"},"isPartOf":{"@id":"https:\/\/www.eldigitaldeasturias.com\/noticias\/el-ciclo-palabra-regresara-al-centro-niemeyer-de-aviles\/#webpage"},"articleSection":"Revista de Ocio"},{"@type":"BreadcrumbList","@id":"https:\/\/www.eldigitaldeasturias.com\/noticias\/el-ciclo-palabra-regresara-al-centro-niemeyer-de-aviles\/#breadcrumblist","itemListElement":[{"@type":"ListItem","@id":"https:\/\/www.eldigitaldeasturias.com\/noticias#listItem","position":1,"name":"Home","item":"https:\/\/www.eldigitaldeasturias.com\/noticias","nextItem":{"@type":"ListItem","@id":"https:\/\/www.eldigitaldeasturias.com\/noticias\/category\/revista-de-ocio\/#listItem","name":"Revista de Ocio"}},{"@type":"ListItem","@id":"https:\/\/www.eldigitaldeasturias.com\/noticias\/category\/revista-de-ocio\/#listItem","position":2,"name":"Revista de Ocio","item":"https:\/\/www.eldigitaldeasturias.com\/noticias\/category\/revista-de-ocio\/","nextItem":{"@type":"ListItem","@id":"https:\/\/www.eldigitaldeasturias.com\/noticias\/el-ciclo-palabra-regresara-al-centro-niemeyer-de-aviles\/#listItem","name":"El Ciclo Palabra regresar\u00e1 al Centro Niemeyer de Avil\u00e9s"},"previousItem":{"@type":"ListItem","@id":"https:\/\/www.eldigitaldeasturias.com\/noticias#listItem","name":"Home"}},{"@type":"ListItem","@id":"https:\/\/www.eldigitaldeasturias.com\/noticias\/el-ciclo-palabra-regresara-al-centro-niemeyer-de-aviles\/#listItem","position":3,"name":"El Ciclo Palabra regresar\u00e1 al Centro Niemeyer de Avil\u00e9s","previousItem":{"@type":"ListItem","@id":"https:\/\/www.eldigitaldeasturias.com\/noticias\/category\/revista-de-ocio\/#listItem","name":"Revista de Ocio"}}]},{"@type":"Organization","@id":"https:\/\/www.eldigitaldeasturias.com\/noticias\/#organization","name":"El Digital de Asturias","description":"Hemeroteca","url":"https:\/\/www.eldigitaldeasturias.com\/noticias\/","email":"info@eldigitaldeasturias.com","telephone":"+34652131393","logo":{"@type":"ImageObject","url":"https:\/\/www.eldigitaldeasturias.com\/noticias\/wp-content\/uploads\/2020\/12\/EDA.jpg","@id":"https:\/\/www.eldigitaldeasturias.com\/noticias\/el-ciclo-palabra-regresara-al-centro-niemeyer-de-aviles\/#organizationLogo","width":649,"height":297},"image":{"@id":"https:\/\/www.eldigitaldeasturias.com\/noticias\/el-ciclo-palabra-regresara-al-centro-niemeyer-de-aviles\/#organizationLogo"},"sameAs":["https:\/\/facebook.com\/eldigitaldeasturias","https:\/\/www.youtube.com\/channel\/UCZP-2wLEB9Rv6erhFmqVnvg"],"address":{"@id":"https:\/\/www.eldigitaldeasturias.com\/noticias\/#postaladdress","@type":"PostalAddress","streetAddress":"san antonio 4,","postalCode":"33430","addressLocality":"Cand\u00e1s","addressRegion":"Asturias","addressCountry":"ES"}},{"@type":"Person","@id":"https:\/\/www.eldigitaldeasturias.com\/noticias\/author\/admin\/#author","url":"https:\/\/www.eldigitaldeasturias.com\/noticias\/author\/admin\/","name":"El Digital de Asturias","image":{"@type":"ImageObject","@id":"https:\/\/www.eldigitaldeasturias.com\/noticias\/el-ciclo-palabra-regresara-al-centro-niemeyer-de-aviles\/#authorImage","url":"https:\/\/www.eldigitaldeasturias.com\/noticias\/wp-content\/litespeed\/avatar\/18677e78aa0546b92d9dbf31ec7d7668.jpg?ver=1777290358","width":96,"height":96,"caption":"El Digital de Asturias"}},{"@type":"WebPage","@id":"https:\/\/www.eldigitaldeasturias.com\/noticias\/el-ciclo-palabra-regresara-al-centro-niemeyer-de-aviles\/#webpage","url":"https:\/\/www.eldigitaldeasturias.com\/noticias\/el-ciclo-palabra-regresara-al-centro-niemeyer-de-aviles\/","name":"El Ciclo Palabra regresar\u00e1 al Centro Niemeyer de Avil\u00e9s - El Digital de Asturias","description":"El Ciclo Palabra regresar\u00e1 al Centro Niemeyer durante el \u00faltimo trimestre del a\u00f1o con un invitado por cada mes: el humorista gr\u00e1fico Antonio Fraguas 'Forges' el 27 de octubre; el escritor de origen asturiano Rafael Reig, el 17 de noviembre y el escritor y acad\u00e9mico de la Real Academia de la Lengua Arturo P\u00e9rez-Reverte, el","inLanguage":"es-ES","isPartOf":{"@id":"https:\/\/www.eldigitaldeasturias.com\/noticias\/#website"},"breadcrumb":{"@id":"https:\/\/www.eldigitaldeasturias.com\/noticias\/el-ciclo-palabra-regresara-al-centro-niemeyer-de-aviles\/#breadcrumblist"},"author":{"@id":"https:\/\/www.eldigitaldeasturias.com\/noticias\/author\/admin\/#author"},"creator":{"@id":"https:\/\/www.eldigitaldeasturias.com\/noticias\/author\/admin\/#author"},"image":{"@type":"ImageObject","url":"https:\/\/www.eldigitaldeasturias.com\/noticias\/wp-content\/uploads\/2016\/09\/fotonoticia_20160918192338_800.jpg","@id":"https:\/\/www.eldigitaldeasturias.com\/noticias\/el-ciclo-palabra-regresara-al-centro-niemeyer-de-aviles\/#mainImage","width":800,"height":660},"primaryImageOfPage":{"@id":"https:\/\/www.eldigitaldeasturias.com\/noticias\/el-ciclo-palabra-regresara-al-centro-niemeyer-de-aviles\/#mainImage"},"datePublished":"2016-09-18T23:03:28+02:00","dateModified":"2016-09-18T23:03:28+02:00"},{"@type":"WebSite","@id":"https:\/\/www.eldigitaldeasturias.com\/noticias\/#website","url":"https:\/\/www.eldigitaldeasturias.com\/noticias\/","name":"El Digital de Asturias - Diario de actualidad y noticias","alternateName":"El Digital de Asturias - Diario de actualidad y noticias","description":"Hemeroteca","inLanguage":"es-ES","publisher":{"@id":"https:\/\/www.eldigitaldeasturias.com\/noticias\/#organization"}}]},"og:locale":"es_ES","og:site_name":"El Digital de Asturias","og:type":"article","og:title":"El Ciclo Palabra regresar\u00e1 al Centro Niemeyer de Avil\u00e9s - El Digital de Asturias","og:description":"El Ciclo Palabra regresar\u00e1 al Centro Niemeyer durante el \u00faltimo trimestre del a\u00f1o con un invitado por cada mes: el humorista gr\u00e1fico Antonio Fraguas 'Forges' el 27 de octubre; el escritor de origen asturiano Rafael Reig, el 17 de noviembre y el escritor y acad\u00e9mico de la Real Academia de la Lengua Arturo P\u00e9rez-Reverte, el","og:url":"https:\/\/www.eldigitaldeasturias.com\/noticias\/el-ciclo-palabra-regresara-al-centro-niemeyer-de-aviles\/","og:image":"https:\/\/www.eldigitaldeasturias.com\/noticias\/wp-content\/uploads\/2016\/09\/fotonoticia_20160918192338_800.jpg","og:image:secure_url":"https:\/\/www.eldigitaldeasturias.com\/noticias\/wp-content\/uploads\/2016\/09\/fotonoticia_20160918192338_800.jpg","og:image:width":800,"og:image:height":660,"article:tag":["revista de ocio"],"article:published_time":"2016-09-18T22:03:28+00:00","article:modified_time":"2016-09-18T22:03:28+00:00","article:publisher":"https:\/\/facebook.com\/eldigitaldeasturias","twitter:card":"summary_large_image","twitter:title":"El Ciclo Palabra regresar\u00e1 al Centro Niemeyer de Avil\u00e9s - El Digital de Asturias","twitter:description":"El Ciclo Palabra regresar\u00e1 al Centro Niemeyer durante el \u00faltimo trimestre del a\u00f1o con un invitado por cada mes: el humorista gr\u00e1fico Antonio Fraguas 'Forges' el 27 de octubre; el escritor de origen asturiano Rafael Reig, el 17 de noviembre y el escritor y acad\u00e9mico de la Real Academia de la Lengua Arturo P\u00e9rez-Reverte, el","twitter:image":"https:\/\/www.eldigitaldeasturias.com\/noticias\/wp-content\/uploads\/2016\/09\/fotonoticia_20160918192338_800.jpg","twitter:label1":"Escrito por","twitter:data1":"El Digital de Asturias","twitter:label2":"Tiempo de lectura estimado","twitter:data2":"3 minutos"},"aioseo_meta_data":{"post_id":"908456","title":null,"description":null,"keywords":null,"keyphrases":null,"primary_term":null,"canonical_url":null,"og_title":null,"og_description":null,"og_object_type":"default","og_image_type":"default","og_image_url":null,"og_image_width":null,"og_image_height":null,"og_image_custom_url":null,"og_image_custom_fields":null,"og_video":null,"og_custom_url":null,"og_article_section":null,"og_article_tags":null,"twitter_use_og":false,"twitter_card":"default","twitter_image_type":"default","twitter_image_url":null,"twitter_image_custom_url":null,"twitter_image_custom_fields":null,"twitter_title":null,"twitter_description":null,"schema":{"blockGraphs":[],"customGraphs":[],"default":{"data":{"Article":[],"Course":[],"Dataset":[],"FAQPage":[],"Movie":[],"Person":[],"Product":[],"ProductReview":[],"Car":[],"Recipe":[],"Service":[],"SoftwareApplication":[],"WebPage":[]},"graphName":"","isEnabled":true},"graphs":[],"defaultGraph":"","defaultPostTypeGraph":""},"schema_type":null,"schema_type_options":null,"pillar_content":false,"robots_default":true,"robots_noindex":false,"robots_noarchive":false,"robots_nosnippet":false,"robots_nofollow":false,"robots_noimageindex":false,"robots_noodp":false,"robots_notranslate":false,"robots_max_snippet":null,"robots_max_videopreview":null,"robots_max_imagepreview":"large","priority":null,"frequency":null,"local_seo":null,"seo_analyzer_scan_date":"2025-11-30 16:11:14","breadcrumb_settings":null,"limit_modified_date":false,"open_ai":null,"ai":null,"created":"2020-12-21 14:00:13","updated":"2025-11-30 16:11:14"},"aioseo_breadcrumb":"<div class=\"aioseo-breadcrumbs\"><span class=\"aioseo-breadcrumb\">\n\t<a href=\"https:\/\/www.eldigitaldeasturias.com\/noticias\" title=\"Home\">Home<\/a>\n<\/span><span class=\"aioseo-breadcrumb-separator\">\u2013<\/span><span class=\"aioseo-breadcrumb\">\n\t<a href=\"https:\/\/www.eldigitaldeasturias.com\/noticias\/category\/revista-de-ocio\/\" title=\"Revista de Ocio\">Revista de Ocio<\/a>\n<\/span><span class=\"aioseo-breadcrumb-separator\">\u2013<\/span><span class=\"aioseo-breadcrumb\">\n\t<a href=\"https:\/\/www.eldigitaldeasturias.com\/noticias\/el-ciclo-palabra-regresara-al-centro-niemeyer-de-aviles\/\" title=\"El Ciclo Palabra regresar\u00e1 al Centro Niemeyer de Avil\u00e9s\">El Ciclo Palabra regresar\u00e1 al Centro Niemeyer de Avil\u00e9s<\/a>\n<\/span><\/div>","aioseo_breadcrumb_json":[{"label":"Home","link":"https:\/\/www.eldigitaldeasturias.com\/noticias"},{"label":"Revista de Ocio","link":"https:\/\/www.eldigitaldeasturias.com\/noticias\/category\/revista-de-ocio\/"},{"label":"El Ciclo Palabra regresar\u00e1 al Centro Niemeyer de Avil\u00e9s","link":"https:\/\/www.eldigitaldeasturias.com\/noticias\/el-ciclo-palabra-regresara-al-centro-niemeyer-de-aviles\/"}],"_links":{"self":[{"href":"https:\/\/www.eldigitaldeasturias.com\/noticias\/wp-json\/wp\/v2\/posts\/908456","targetHints":{"allow":["GET"]}}],"collection":[{"href":"https:\/\/www.eldigitaldeasturias.com\/noticias\/wp-json\/wp\/v2\/posts"}],"about":[{"href":"https:\/\/www.eldigitaldeasturias.com\/noticias\/wp-json\/wp\/v2\/types\/post"}],"author":[{"embeddable":true,"href":"https:\/\/www.eldigitaldeasturias.com\/noticias\/wp-json\/wp\/v2\/users\/1"}],"replies":[{"embeddable":true,"href":"https:\/\/www.eldigitaldeasturias.com\/noticias\/wp-json\/wp\/v2\/comments?post=908456"}],"version-history":[{"count":0,"href":"https:\/\/www.eldigitaldeasturias.com\/noticias\/wp-json\/wp\/v2\/posts\/908456\/revisions"}],"wp:featuredmedia":[{"embeddable":true,"href":"https:\/\/www.eldigitaldeasturias.com\/noticias\/wp-json\/wp\/v2\/media\/908457"}],"wp:attachment":[{"href":"https:\/\/www.eldigitaldeasturias.com\/noticias\/wp-json\/wp\/v2\/media?parent=908456"}],"wp:term":[{"taxonomy":"category","embeddable":true,"href":"https:\/\/www.eldigitaldeasturias.com\/noticias\/wp-json\/wp\/v2\/categories?post=908456"},{"taxonomy":"post_tag","embeddable":true,"href":"https:\/\/www.eldigitaldeasturias.com\/noticias\/wp-json\/wp\/v2\/tags?post=908456"}],"curies":[{"name":"wp","href":"https:\/\/api.w.org\/{rel}","templated":true}]}}