{"id":908453,"date":"2016-09-18T23:01:16","date_gmt":"2016-09-18T22:01:16","guid":{"rendered":"http:\/\/www.eldigitaldeasturias.com\/noticias\/?p=908453"},"modified":"2016-09-18T23:01:16","modified_gmt":"2016-09-18T22:01:16","slug":"small-things-in-silence-en-el-centro-niemeyer-de-aviles","status":"publish","type":"post","link":"https:\/\/www.eldigitaldeasturias.com\/noticias\/small-things-in-silence-en-el-centro-niemeyer-de-aviles\/","title":{"rendered":"\u00abSmall Things in Silence\u00bb en el Centro Niemeyer de Avil\u00e9s"},"content":{"rendered":"<p><img loading=\"lazy\" decoding=\"async\" class=\"alignleft size-medium wp-image-908454\" src=\"https:\/\/www.eldigitaldeasturias.com\/noticias\/wp-content\/uploads\/2016\/09\/fotonoticia_20160918191603_800-360x239.jpg\" alt=\"fotonoticia_20160918191603_800\" width=\"360\" height=\"239\" srcset=\"https:\/\/www.eldigitaldeasturias.com\/noticias\/wp-content\/uploads\/2016\/09\/fotonoticia_20160918191603_800-360x239.jpg 360w, https:\/\/www.eldigitaldeasturias.com\/noticias\/wp-content\/uploads\/2016\/09\/fotonoticia_20160918191603_800-768x509.jpg 768w, https:\/\/www.eldigitaldeasturias.com\/noticias\/wp-content\/uploads\/2016\/09\/fotonoticia_20160918191603_800-650x431.jpg 650w, https:\/\/www.eldigitaldeasturias.com\/noticias\/wp-content\/uploads\/2016\/09\/fotonoticia_20160918191603_800-84x55.jpg 84w, https:\/\/www.eldigitaldeasturias.com\/noticias\/wp-content\/uploads\/2016\/09\/fotonoticia_20160918191603_800-49x32.jpg 49w, https:\/\/www.eldigitaldeasturias.com\/noticias\/wp-content\/uploads\/2016\/09\/fotonoticia_20160918191603_800.jpg 800w\" sizes=\"auto, (max-width: 360px) 100vw, 360px\" \/>El fot\u00f3grafo japon\u00e9s, Masao Yamamoto (Aichi, Jap\u00f3n, 1957), expondr\u00e1 las obras de su muestra &#8216;Small Things in Silence&#8217; en el Centro Niemeyer de Avil\u00e9s a partir del 23 de septiembre. La inauguraci\u00f3n tendr\u00e1 lugar a la 18.00 horas tendr\u00e1 acceso libre y gratuito para todo el p\u00fablico.<\/p>\n<p>Yamamoto est\u00e1 considerado uno de los fot\u00f3grafos m\u00e1s importantes en la actualidad dentro del panorama internacional. La exposici\u00f3n \u00abSmall Things in Silence\u00bb est\u00e1 compuesta por 90 fotograf\u00edas de peque\u00f1o tama\u00f1o en la que el artista japon\u00e9s realiza un recorrido por sus veinte a\u00f1os de trabajo a trav\u00e9s de obras previas como \u00abBox of Ku\u00bb, \u00abNakazora\u00bb, \u00abKawa\u00bb y \u00abShizuka\u00bb. Yamamoto individualiza las fotograf\u00edas como objetos \u00fanicos y busca con ellas transmitir estados de \u00e1nimo en el espectador como la serenidad, la quietud o el respeto por la naturaleza. Sensaciones estas que \u00e9l mismo obtiene al realizar su trabajo, buscando los temas de sus fotograf\u00edas en los bosques cercanos a su casa, donde encuentra \u00abtesoros respirando calmadamente en la naturaleza\u00bb.<\/p>\n<p>Yamamoto llama a esta sensaci\u00f3n \u00abshizuka\u00bb. El autor camina por el bosque tratando de encontrar estos \u00abshizuka\u00bb para, a continuaci\u00f3n, captar la luz que emanan tanto con sus ojos como con su c\u00e1mara. Esta luz la plasma posteriormente haciendo uso de bodegones, paisajes o desnudos para reflejar a trav\u00e9s de ellos la serenidad, la quietud y el amor por la naturaleza.<\/p>\n<p>Tras comenzar sus estudios de arte como pintor, estudiando pintura al \u00f3leo bajo la supervisi\u00f3n de Goro Saito en su ciudad natal, Yamamoto se decant\u00f3 finalmente por la fotograf\u00eda. Actualmente, usa este arte para capturar im\u00e1genes que puedan evocar recuerdos. Desdibuja el l\u00edmite entre la pintura y la fotograf\u00eda experimentando con las superficies impresas. Ti\u00f1e y vira (con t\u00e9), pinta y rasga sus fotograf\u00edas. Sus temas incluyen bodegones, desnudos, y paisajes, pero tambi\u00e9n hace instalaciones de arte con sus peque\u00f1as im\u00e1genes para mostrar c\u00f3mo cada imagen es parte de una realidad mayor.<\/p>\n<p>\u00abCapturar la luz es la esencia de la fotograf\u00eda\u00bb, asegura el japon\u00e9s, \u00abestoy m\u00e1s convencido que nunca de que la fotograf\u00eda se cre\u00f3 cuando los humanos quisieron capturar la luz\u00bb. Con la exposici\u00f3n \u00abSmall Things in Silence\u00bb, Yamamoto realiza, junto con el espectador, una reflexi\u00f3n sobre la luz, el amor por la naturaleza, la serenidad y la conciencia del momento presente.<\/p>\n<p>En Educa Niemeyer, la tienda y librer\u00eda del Centro Niemeyer, se podr\u00e1 adquirir el cat\u00e1logo de la exposici\u00f3n, que incluir\u00e1 diez reproducciones de sendas obras expuestas.<\/p>\n<p>La exposici\u00f3n se inaugurar\u00e1 oficialmente el viernes 23 de septiembre a las 18.00 en un acto abierto al p\u00fablico de forma libre y gratuita. A continuaci\u00f3n, \u00abSmall Things in Silence\u00bb podr\u00e1 verse de mi\u00e9rcoles a domingo entre las 11:00 y las 14:00 y entre las 16:00 y 19:00. El acceso a la exposici\u00f3n tendr\u00e1 un precio de 3 \u20ac (2,50 \u20ac con entrada reducida).<\/p>\n<p>&nbsp;<\/p>\n","protected":false},"excerpt":{"rendered":"<p>El fot\u00f3grafo japon\u00e9s, Masao Yamamoto (Aichi, Jap\u00f3n, 1957), expondr\u00e1 las obras de su muestra &#8216;Small Things in Silence&#8217; en el Centro Niemeyer de Avil\u00e9s a partir del 23 de septiembre. La inauguraci\u00f3n tendr\u00e1 lugar a la 18.00 horas tendr\u00e1 acceso libre y gratuito para todo el p\u00fablico. Yamamoto est\u00e1 considerado uno de los fot\u00f3grafos m\u00e1s [&hellip;]<\/p>\n","protected":false},"author":1,"featured_media":839051,"comment_status":"closed","ping_status":"closed","sticky":false,"template":"","format":"standard","meta":{"footnotes":""},"categories":[50],"tags":[],"class_list":["post-908453","post","type-post","status-publish","format-standard","has-post-thumbnail","hentry","category-revista-de-ocio"],"aioseo_notices":[],"aioseo_head":"\n\t\t<!-- All in One SEO Pro 4.9.6.2 - aioseo.com -->\n\t<meta name=\"description\" content=\"El fot\u00f3grafo japon\u00e9s, Masao Yamamoto (Aichi, Jap\u00f3n, 1957), expondr\u00e1 las obras de su muestra &#039;Small Things in Silence&#039; en el Centro Niemeyer de Avil\u00e9s a partir del 23 de septiembre. La inauguraci\u00f3n tendr\u00e1 lugar a la 18.00 horas tendr\u00e1 acceso libre y gratuito para todo el p\u00fablico. Yamamoto est\u00e1 considerado uno de los fot\u00f3grafos m\u00e1s\" \/>\n\t<meta name=\"robots\" content=\"max-image-preview:large\" \/>\n\t<meta name=\"author\" content=\"El Digital de Asturias\"\/>\n\t<meta name=\"google-site-verification\" content=\"UA-38556648-1\" \/>\n\t<meta name=\"msvalidate.01\" content=\"7dfe9f3f1b24437ab69f4f2559babe99\" \/>\n\t<meta name=\"keywords\" content=\"revista de ocio\" \/>\n\t<link rel=\"canonical\" href=\"https:\/\/www.eldigitaldeasturias.com\/noticias\/small-things-in-silence-en-el-centro-niemeyer-de-aviles\/\" \/>\n\t<meta name=\"generator\" content=\"All in One SEO Pro (AIOSEO) 4.9.6.2\" \/>\n\t\t<meta property=\"og:locale\" content=\"es_ES\" \/>\n\t\t<meta property=\"og:site_name\" content=\"El Digital de Asturias\" \/>\n\t\t<meta property=\"og:type\" content=\"article\" \/>\n\t\t<meta property=\"og:title\" content=\"\u00abSmall Things in Silence\u00bb en el Centro Niemeyer de Avil\u00e9s - El Digital de Asturias\" \/>\n\t\t<meta property=\"og:description\" content=\"El fot\u00f3grafo japon\u00e9s, Masao Yamamoto (Aichi, Jap\u00f3n, 1957), expondr\u00e1 las obras de su muestra &#039;Small Things in Silence&#039; en el Centro Niemeyer de Avil\u00e9s a partir del 23 de septiembre. La inauguraci\u00f3n tendr\u00e1 lugar a la 18.00 horas tendr\u00e1 acceso libre y gratuito para todo el p\u00fablico. Yamamoto est\u00e1 considerado uno de los fot\u00f3grafos m\u00e1s\" \/>\n\t\t<meta property=\"og:url\" content=\"https:\/\/www.eldigitaldeasturias.com\/noticias\/small-things-in-silence-en-el-centro-niemeyer-de-aviles\/\" \/>\n\t\t<meta property=\"og:image\" content=\"https:\/\/www.eldigitaldeasturias.com\/noticias\/wp-content\/uploads\/2015\/12\/niemeyer.jpg\" \/>\n\t\t<meta property=\"og:image:secure_url\" content=\"https:\/\/www.eldigitaldeasturias.com\/noticias\/wp-content\/uploads\/2015\/12\/niemeyer.jpg\" \/>\n\t\t<meta property=\"og:image:width\" content=\"800\" \/>\n\t\t<meta property=\"og:image:height\" content=\"600\" \/>\n\t\t<meta property=\"article:tag\" content=\"revista de ocio\" \/>\n\t\t<meta property=\"article:published_time\" content=\"2016-09-18T22:01:16+00:00\" \/>\n\t\t<meta property=\"article:modified_time\" content=\"2016-09-18T22:01:16+00:00\" \/>\n\t\t<meta property=\"article:publisher\" content=\"https:\/\/facebook.com\/eldigitaldeasturias\" \/>\n\t\t<meta name=\"twitter:card\" content=\"summary_large_image\" \/>\n\t\t<meta name=\"twitter:title\" content=\"\u00abSmall Things in Silence\u00bb en el Centro Niemeyer de Avil\u00e9s - El Digital de Asturias\" \/>\n\t\t<meta name=\"twitter:description\" content=\"El fot\u00f3grafo japon\u00e9s, Masao Yamamoto (Aichi, Jap\u00f3n, 1957), expondr\u00e1 las obras de su muestra &#039;Small Things in Silence&#039; en el Centro Niemeyer de Avil\u00e9s a partir del 23 de septiembre. La inauguraci\u00f3n tendr\u00e1 lugar a la 18.00 horas tendr\u00e1 acceso libre y gratuito para todo el p\u00fablico. Yamamoto est\u00e1 considerado uno de los fot\u00f3grafos m\u00e1s\" \/>\n\t\t<meta name=\"twitter:image\" content=\"https:\/\/www.eldigitaldeasturias.com\/noticias\/wp-content\/uploads\/2015\/12\/niemeyer.jpg\" \/>\n\t\t<meta name=\"twitter:label1\" content=\"Escrito por\" \/>\n\t\t<meta name=\"twitter:data1\" content=\"El Digital de Asturias\" \/>\n\t\t<meta name=\"twitter:label2\" content=\"Tiempo de lectura estimado\" \/>\n\t\t<meta name=\"twitter:data2\" content=\"3 minutos\" \/>\n\t\t<script type=\"application\/ld+json\" class=\"aioseo-schema\">\n\t\t\t{\"@context\":\"https:\\\/\\\/schema.org\",\"@graph\":[{\"@type\":\"BlogPosting\",\"@id\":\"https:\\\/\\\/www.eldigitaldeasturias.com\\\/noticias\\\/small-things-in-silence-en-el-centro-niemeyer-de-aviles\\\/#blogposting\",\"name\":\"\\u00abSmall Things in Silence\\u00bb en el Centro Niemeyer de Avil\\u00e9s - El Digital de Asturias\",\"headline\":\"\\u00abSmall Things in Silence\\u00bb en el Centro Niemeyer de Avil\\u00e9s\",\"author\":{\"@id\":\"https:\\\/\\\/www.eldigitaldeasturias.com\\\/noticias\\\/author\\\/admin\\\/#author\"},\"publisher\":{\"@id\":\"https:\\\/\\\/www.eldigitaldeasturias.com\\\/noticias\\\/#organization\"},\"image\":{\"@type\":\"ImageObject\",\"url\":\"https:\\\/\\\/www.eldigitaldeasturias.com\\\/noticias\\\/wp-content\\\/uploads\\\/2015\\\/12\\\/niemeyer.jpg\",\"width\":800,\"height\":600},\"datePublished\":\"2016-09-18T23:01:16+02:00\",\"dateModified\":\"2016-09-18T23:01:16+02:00\",\"inLanguage\":\"es-ES\",\"mainEntityOfPage\":{\"@id\":\"https:\\\/\\\/www.eldigitaldeasturias.com\\\/noticias\\\/small-things-in-silence-en-el-centro-niemeyer-de-aviles\\\/#webpage\"},\"isPartOf\":{\"@id\":\"https:\\\/\\\/www.eldigitaldeasturias.com\\\/noticias\\\/small-things-in-silence-en-el-centro-niemeyer-de-aviles\\\/#webpage\"},\"articleSection\":\"Revista de Ocio\"},{\"@type\":\"BreadcrumbList\",\"@id\":\"https:\\\/\\\/www.eldigitaldeasturias.com\\\/noticias\\\/small-things-in-silence-en-el-centro-niemeyer-de-aviles\\\/#breadcrumblist\",\"itemListElement\":[{\"@type\":\"ListItem\",\"@id\":\"https:\\\/\\\/www.eldigitaldeasturias.com\\\/noticias#listItem\",\"position\":1,\"name\":\"Home\",\"item\":\"https:\\\/\\\/www.eldigitaldeasturias.com\\\/noticias\",\"nextItem\":{\"@type\":\"ListItem\",\"@id\":\"https:\\\/\\\/www.eldigitaldeasturias.com\\\/noticias\\\/category\\\/revista-de-ocio\\\/#listItem\",\"name\":\"Revista de Ocio\"}},{\"@type\":\"ListItem\",\"@id\":\"https:\\\/\\\/www.eldigitaldeasturias.com\\\/noticias\\\/category\\\/revista-de-ocio\\\/#listItem\",\"position\":2,\"name\":\"Revista de Ocio\",\"item\":\"https:\\\/\\\/www.eldigitaldeasturias.com\\\/noticias\\\/category\\\/revista-de-ocio\\\/\",\"nextItem\":{\"@type\":\"ListItem\",\"@id\":\"https:\\\/\\\/www.eldigitaldeasturias.com\\\/noticias\\\/small-things-in-silence-en-el-centro-niemeyer-de-aviles\\\/#listItem\",\"name\":\"\\u00abSmall Things in Silence\\u00bb en el Centro Niemeyer de Avil\\u00e9s\"},\"previousItem\":{\"@type\":\"ListItem\",\"@id\":\"https:\\\/\\\/www.eldigitaldeasturias.com\\\/noticias#listItem\",\"name\":\"Home\"}},{\"@type\":\"ListItem\",\"@id\":\"https:\\\/\\\/www.eldigitaldeasturias.com\\\/noticias\\\/small-things-in-silence-en-el-centro-niemeyer-de-aviles\\\/#listItem\",\"position\":3,\"name\":\"\\u00abSmall Things in Silence\\u00bb en el Centro Niemeyer de Avil\\u00e9s\",\"previousItem\":{\"@type\":\"ListItem\",\"@id\":\"https:\\\/\\\/www.eldigitaldeasturias.com\\\/noticias\\\/category\\\/revista-de-ocio\\\/#listItem\",\"name\":\"Revista de Ocio\"}}]},{\"@type\":\"Organization\",\"@id\":\"https:\\\/\\\/www.eldigitaldeasturias.com\\\/noticias\\\/#organization\",\"name\":\"El Digital de Asturias\",\"description\":\"Hemeroteca\",\"url\":\"https:\\\/\\\/www.eldigitaldeasturias.com\\\/noticias\\\/\",\"email\":\"info@eldigitaldeasturias.com\",\"telephone\":\"+34652131393\",\"logo\":{\"@type\":\"ImageObject\",\"url\":\"https:\\\/\\\/www.eldigitaldeasturias.com\\\/noticias\\\/wp-content\\\/uploads\\\/2020\\\/12\\\/EDA.jpg\",\"@id\":\"https:\\\/\\\/www.eldigitaldeasturias.com\\\/noticias\\\/small-things-in-silence-en-el-centro-niemeyer-de-aviles\\\/#organizationLogo\",\"width\":649,\"height\":297},\"image\":{\"@id\":\"https:\\\/\\\/www.eldigitaldeasturias.com\\\/noticias\\\/small-things-in-silence-en-el-centro-niemeyer-de-aviles\\\/#organizationLogo\"},\"sameAs\":[\"https:\\\/\\\/facebook.com\\\/eldigitaldeasturias\",\"https:\\\/\\\/www.youtube.com\\\/channel\\\/UCZP-2wLEB9Rv6erhFmqVnvg\"],\"address\":{\"@id\":\"https:\\\/\\\/www.eldigitaldeasturias.com\\\/noticias\\\/#postaladdress\",\"@type\":\"PostalAddress\",\"streetAddress\":\"san antonio 4,\",\"postalCode\":\"33430\",\"addressLocality\":\"Cand\\u00e1s\",\"addressRegion\":\"Asturias\",\"addressCountry\":\"ES\"}},{\"@type\":\"Person\",\"@id\":\"https:\\\/\\\/www.eldigitaldeasturias.com\\\/noticias\\\/author\\\/admin\\\/#author\",\"url\":\"https:\\\/\\\/www.eldigitaldeasturias.com\\\/noticias\\\/author\\\/admin\\\/\",\"name\":\"El Digital de Asturias\",\"image\":{\"@type\":\"ImageObject\",\"@id\":\"https:\\\/\\\/www.eldigitaldeasturias.com\\\/noticias\\\/small-things-in-silence-en-el-centro-niemeyer-de-aviles\\\/#authorImage\",\"url\":\"https:\\\/\\\/www.eldigitaldeasturias.com\\\/noticias\\\/wp-content\\\/litespeed\\\/avatar\\\/18677e78aa0546b92d9dbf31ec7d7668.jpg?ver=1777290358\",\"width\":96,\"height\":96,\"caption\":\"El Digital de Asturias\"}},{\"@type\":\"WebPage\",\"@id\":\"https:\\\/\\\/www.eldigitaldeasturias.com\\\/noticias\\\/small-things-in-silence-en-el-centro-niemeyer-de-aviles\\\/#webpage\",\"url\":\"https:\\\/\\\/www.eldigitaldeasturias.com\\\/noticias\\\/small-things-in-silence-en-el-centro-niemeyer-de-aviles\\\/\",\"name\":\"\\u00abSmall Things in Silence\\u00bb en el Centro Niemeyer de Avil\\u00e9s - El Digital de Asturias\",\"description\":\"El fot\\u00f3grafo japon\\u00e9s, Masao Yamamoto (Aichi, Jap\\u00f3n, 1957), expondr\\u00e1 las obras de su muestra 'Small Things in Silence' en el Centro Niemeyer de Avil\\u00e9s a partir del 23 de septiembre. La inauguraci\\u00f3n tendr\\u00e1 lugar a la 18.00 horas tendr\\u00e1 acceso libre y gratuito para todo el p\\u00fablico. Yamamoto est\\u00e1 considerado uno de los fot\\u00f3grafos m\\u00e1s\",\"inLanguage\":\"es-ES\",\"isPartOf\":{\"@id\":\"https:\\\/\\\/www.eldigitaldeasturias.com\\\/noticias\\\/#website\"},\"breadcrumb\":{\"@id\":\"https:\\\/\\\/www.eldigitaldeasturias.com\\\/noticias\\\/small-things-in-silence-en-el-centro-niemeyer-de-aviles\\\/#breadcrumblist\"},\"author\":{\"@id\":\"https:\\\/\\\/www.eldigitaldeasturias.com\\\/noticias\\\/author\\\/admin\\\/#author\"},\"creator\":{\"@id\":\"https:\\\/\\\/www.eldigitaldeasturias.com\\\/noticias\\\/author\\\/admin\\\/#author\"},\"image\":{\"@type\":\"ImageObject\",\"url\":\"https:\\\/\\\/www.eldigitaldeasturias.com\\\/noticias\\\/wp-content\\\/uploads\\\/2015\\\/12\\\/niemeyer.jpg\",\"@id\":\"https:\\\/\\\/www.eldigitaldeasturias.com\\\/noticias\\\/small-things-in-silence-en-el-centro-niemeyer-de-aviles\\\/#mainImage\",\"width\":800,\"height\":600},\"primaryImageOfPage\":{\"@id\":\"https:\\\/\\\/www.eldigitaldeasturias.com\\\/noticias\\\/small-things-in-silence-en-el-centro-niemeyer-de-aviles\\\/#mainImage\"},\"datePublished\":\"2016-09-18T23:01:16+02:00\",\"dateModified\":\"2016-09-18T23:01:16+02:00\"},{\"@type\":\"WebSite\",\"@id\":\"https:\\\/\\\/www.eldigitaldeasturias.com\\\/noticias\\\/#website\",\"url\":\"https:\\\/\\\/www.eldigitaldeasturias.com\\\/noticias\\\/\",\"name\":\"El Digital de Asturias - Diario de actualidad y noticias\",\"alternateName\":\"El Digital de Asturias - Diario de actualidad y noticias\",\"description\":\"Hemeroteca\",\"inLanguage\":\"es-ES\",\"publisher\":{\"@id\":\"https:\\\/\\\/www.eldigitaldeasturias.com\\\/noticias\\\/#organization\"}}]}\n\t\t<\/script>\n\t\t<!-- All in One SEO Pro -->\r\n\t\t<title>\u00abSmall Things in Silence\u00bb en el Centro Niemeyer de Avil\u00e9s - El Digital de Asturias<\/title>\n\n","aioseo_head_json":{"title":"\u00abSmall Things in Silence\u00bb en el Centro Niemeyer de Avil\u00e9s - El Digital de Asturias","description":"El fot\u00f3grafo japon\u00e9s, Masao Yamamoto (Aichi, Jap\u00f3n, 1957), expondr\u00e1 las obras de su muestra 'Small Things in Silence' en el Centro Niemeyer de Avil\u00e9s a partir del 23 de septiembre. La inauguraci\u00f3n tendr\u00e1 lugar a la 18.00 horas tendr\u00e1 acceso libre y gratuito para todo el p\u00fablico. Yamamoto est\u00e1 considerado uno de los fot\u00f3grafos m\u00e1s","canonical_url":"https:\/\/www.eldigitaldeasturias.com\/noticias\/small-things-in-silence-en-el-centro-niemeyer-de-aviles\/","robots":"max-image-preview:large","keywords":"revista de ocio","webmasterTools":{"google-site-verification":"UA-38556648-1","msvalidate.01":"7dfe9f3f1b24437ab69f4f2559babe99","miscellaneous":""},"schema":{"@context":"https:\/\/schema.org","@graph":[{"@type":"BlogPosting","@id":"https:\/\/www.eldigitaldeasturias.com\/noticias\/small-things-in-silence-en-el-centro-niemeyer-de-aviles\/#blogposting","name":"\u00abSmall Things in Silence\u00bb en el Centro Niemeyer de Avil\u00e9s - El Digital de Asturias","headline":"\u00abSmall Things in Silence\u00bb en el Centro Niemeyer de Avil\u00e9s","author":{"@id":"https:\/\/www.eldigitaldeasturias.com\/noticias\/author\/admin\/#author"},"publisher":{"@id":"https:\/\/www.eldigitaldeasturias.com\/noticias\/#organization"},"image":{"@type":"ImageObject","url":"https:\/\/www.eldigitaldeasturias.com\/noticias\/wp-content\/uploads\/2015\/12\/niemeyer.jpg","width":800,"height":600},"datePublished":"2016-09-18T23:01:16+02:00","dateModified":"2016-09-18T23:01:16+02:00","inLanguage":"es-ES","mainEntityOfPage":{"@id":"https:\/\/www.eldigitaldeasturias.com\/noticias\/small-things-in-silence-en-el-centro-niemeyer-de-aviles\/#webpage"},"isPartOf":{"@id":"https:\/\/www.eldigitaldeasturias.com\/noticias\/small-things-in-silence-en-el-centro-niemeyer-de-aviles\/#webpage"},"articleSection":"Revista de Ocio"},{"@type":"BreadcrumbList","@id":"https:\/\/www.eldigitaldeasturias.com\/noticias\/small-things-in-silence-en-el-centro-niemeyer-de-aviles\/#breadcrumblist","itemListElement":[{"@type":"ListItem","@id":"https:\/\/www.eldigitaldeasturias.com\/noticias#listItem","position":1,"name":"Home","item":"https:\/\/www.eldigitaldeasturias.com\/noticias","nextItem":{"@type":"ListItem","@id":"https:\/\/www.eldigitaldeasturias.com\/noticias\/category\/revista-de-ocio\/#listItem","name":"Revista de Ocio"}},{"@type":"ListItem","@id":"https:\/\/www.eldigitaldeasturias.com\/noticias\/category\/revista-de-ocio\/#listItem","position":2,"name":"Revista de Ocio","item":"https:\/\/www.eldigitaldeasturias.com\/noticias\/category\/revista-de-ocio\/","nextItem":{"@type":"ListItem","@id":"https:\/\/www.eldigitaldeasturias.com\/noticias\/small-things-in-silence-en-el-centro-niemeyer-de-aviles\/#listItem","name":"\u00abSmall Things in Silence\u00bb en el Centro Niemeyer de Avil\u00e9s"},"previousItem":{"@type":"ListItem","@id":"https:\/\/www.eldigitaldeasturias.com\/noticias#listItem","name":"Home"}},{"@type":"ListItem","@id":"https:\/\/www.eldigitaldeasturias.com\/noticias\/small-things-in-silence-en-el-centro-niemeyer-de-aviles\/#listItem","position":3,"name":"\u00abSmall Things in Silence\u00bb en el Centro Niemeyer de Avil\u00e9s","previousItem":{"@type":"ListItem","@id":"https:\/\/www.eldigitaldeasturias.com\/noticias\/category\/revista-de-ocio\/#listItem","name":"Revista de Ocio"}}]},{"@type":"Organization","@id":"https:\/\/www.eldigitaldeasturias.com\/noticias\/#organization","name":"El Digital de Asturias","description":"Hemeroteca","url":"https:\/\/www.eldigitaldeasturias.com\/noticias\/","email":"info@eldigitaldeasturias.com","telephone":"+34652131393","logo":{"@type":"ImageObject","url":"https:\/\/www.eldigitaldeasturias.com\/noticias\/wp-content\/uploads\/2020\/12\/EDA.jpg","@id":"https:\/\/www.eldigitaldeasturias.com\/noticias\/small-things-in-silence-en-el-centro-niemeyer-de-aviles\/#organizationLogo","width":649,"height":297},"image":{"@id":"https:\/\/www.eldigitaldeasturias.com\/noticias\/small-things-in-silence-en-el-centro-niemeyer-de-aviles\/#organizationLogo"},"sameAs":["https:\/\/facebook.com\/eldigitaldeasturias","https:\/\/www.youtube.com\/channel\/UCZP-2wLEB9Rv6erhFmqVnvg"],"address":{"@id":"https:\/\/www.eldigitaldeasturias.com\/noticias\/#postaladdress","@type":"PostalAddress","streetAddress":"san antonio 4,","postalCode":"33430","addressLocality":"Cand\u00e1s","addressRegion":"Asturias","addressCountry":"ES"}},{"@type":"Person","@id":"https:\/\/www.eldigitaldeasturias.com\/noticias\/author\/admin\/#author","url":"https:\/\/www.eldigitaldeasturias.com\/noticias\/author\/admin\/","name":"El Digital de Asturias","image":{"@type":"ImageObject","@id":"https:\/\/www.eldigitaldeasturias.com\/noticias\/small-things-in-silence-en-el-centro-niemeyer-de-aviles\/#authorImage","url":"https:\/\/www.eldigitaldeasturias.com\/noticias\/wp-content\/litespeed\/avatar\/18677e78aa0546b92d9dbf31ec7d7668.jpg?ver=1777290358","width":96,"height":96,"caption":"El Digital de Asturias"}},{"@type":"WebPage","@id":"https:\/\/www.eldigitaldeasturias.com\/noticias\/small-things-in-silence-en-el-centro-niemeyer-de-aviles\/#webpage","url":"https:\/\/www.eldigitaldeasturias.com\/noticias\/small-things-in-silence-en-el-centro-niemeyer-de-aviles\/","name":"\u00abSmall Things in Silence\u00bb en el Centro Niemeyer de Avil\u00e9s - El Digital de Asturias","description":"El fot\u00f3grafo japon\u00e9s, Masao Yamamoto (Aichi, Jap\u00f3n, 1957), expondr\u00e1 las obras de su muestra 'Small Things in Silence' en el Centro Niemeyer de Avil\u00e9s a partir del 23 de septiembre. La inauguraci\u00f3n tendr\u00e1 lugar a la 18.00 horas tendr\u00e1 acceso libre y gratuito para todo el p\u00fablico. Yamamoto est\u00e1 considerado uno de los fot\u00f3grafos m\u00e1s","inLanguage":"es-ES","isPartOf":{"@id":"https:\/\/www.eldigitaldeasturias.com\/noticias\/#website"},"breadcrumb":{"@id":"https:\/\/www.eldigitaldeasturias.com\/noticias\/small-things-in-silence-en-el-centro-niemeyer-de-aviles\/#breadcrumblist"},"author":{"@id":"https:\/\/www.eldigitaldeasturias.com\/noticias\/author\/admin\/#author"},"creator":{"@id":"https:\/\/www.eldigitaldeasturias.com\/noticias\/author\/admin\/#author"},"image":{"@type":"ImageObject","url":"https:\/\/www.eldigitaldeasturias.com\/noticias\/wp-content\/uploads\/2015\/12\/niemeyer.jpg","@id":"https:\/\/www.eldigitaldeasturias.com\/noticias\/small-things-in-silence-en-el-centro-niemeyer-de-aviles\/#mainImage","width":800,"height":600},"primaryImageOfPage":{"@id":"https:\/\/www.eldigitaldeasturias.com\/noticias\/small-things-in-silence-en-el-centro-niemeyer-de-aviles\/#mainImage"},"datePublished":"2016-09-18T23:01:16+02:00","dateModified":"2016-09-18T23:01:16+02:00"},{"@type":"WebSite","@id":"https:\/\/www.eldigitaldeasturias.com\/noticias\/#website","url":"https:\/\/www.eldigitaldeasturias.com\/noticias\/","name":"El Digital de Asturias - Diario de actualidad y noticias","alternateName":"El Digital de Asturias - Diario de actualidad y noticias","description":"Hemeroteca","inLanguage":"es-ES","publisher":{"@id":"https:\/\/www.eldigitaldeasturias.com\/noticias\/#organization"}}]},"og:locale":"es_ES","og:site_name":"El Digital de Asturias","og:type":"article","og:title":"\u00abSmall Things in Silence\u00bb en el Centro Niemeyer de Avil\u00e9s - El Digital de Asturias","og:description":"El fot\u00f3grafo japon\u00e9s, Masao Yamamoto (Aichi, Jap\u00f3n, 1957), expondr\u00e1 las obras de su muestra 'Small Things in Silence' en el Centro Niemeyer de Avil\u00e9s a partir del 23 de septiembre. La inauguraci\u00f3n tendr\u00e1 lugar a la 18.00 horas tendr\u00e1 acceso libre y gratuito para todo el p\u00fablico. Yamamoto est\u00e1 considerado uno de los fot\u00f3grafos m\u00e1s","og:url":"https:\/\/www.eldigitaldeasturias.com\/noticias\/small-things-in-silence-en-el-centro-niemeyer-de-aviles\/","og:image":"https:\/\/www.eldigitaldeasturias.com\/noticias\/wp-content\/uploads\/2015\/12\/niemeyer.jpg","og:image:secure_url":"https:\/\/www.eldigitaldeasturias.com\/noticias\/wp-content\/uploads\/2015\/12\/niemeyer.jpg","og:image:width":800,"og:image:height":600,"article:tag":["revista de ocio"],"article:published_time":"2016-09-18T22:01:16+00:00","article:modified_time":"2016-09-18T22:01:16+00:00","article:publisher":"https:\/\/facebook.com\/eldigitaldeasturias","twitter:card":"summary_large_image","twitter:title":"\u00abSmall Things in Silence\u00bb en el Centro Niemeyer de Avil\u00e9s - El Digital de Asturias","twitter:description":"El fot\u00f3grafo japon\u00e9s, Masao Yamamoto (Aichi, Jap\u00f3n, 1957), expondr\u00e1 las obras de su muestra 'Small Things in Silence' en el Centro Niemeyer de Avil\u00e9s a partir del 23 de septiembre. La inauguraci\u00f3n tendr\u00e1 lugar a la 18.00 horas tendr\u00e1 acceso libre y gratuito para todo el p\u00fablico. Yamamoto est\u00e1 considerado uno de los fot\u00f3grafos m\u00e1s","twitter:image":"https:\/\/www.eldigitaldeasturias.com\/noticias\/wp-content\/uploads\/2015\/12\/niemeyer.jpg","twitter:label1":"Escrito por","twitter:data1":"El Digital de Asturias","twitter:label2":"Tiempo de lectura estimado","twitter:data2":"3 minutos"},"aioseo_meta_data":{"post_id":"908453","title":null,"description":null,"keywords":null,"keyphrases":null,"primary_term":null,"canonical_url":null,"og_title":null,"og_description":null,"og_object_type":"default","og_image_type":"default","og_image_url":null,"og_image_width":null,"og_image_height":null,"og_image_custom_url":null,"og_image_custom_fields":null,"og_video":null,"og_custom_url":null,"og_article_section":null,"og_article_tags":null,"twitter_use_og":false,"twitter_card":"default","twitter_image_type":"default","twitter_image_url":null,"twitter_image_custom_url":null,"twitter_image_custom_fields":null,"twitter_title":null,"twitter_description":null,"schema":{"blockGraphs":[],"customGraphs":[],"default":{"data":{"Article":[],"Course":[],"Dataset":[],"FAQPage":[],"Movie":[],"Person":[],"Product":[],"ProductReview":[],"Car":[],"Recipe":[],"Service":[],"SoftwareApplication":[],"WebPage":[]},"graphName":"","isEnabled":true},"graphs":[],"defaultGraph":"","defaultPostTypeGraph":""},"schema_type":null,"schema_type_options":null,"pillar_content":false,"robots_default":true,"robots_noindex":false,"robots_noarchive":false,"robots_nosnippet":false,"robots_nofollow":false,"robots_noimageindex":false,"robots_noodp":false,"robots_notranslate":false,"robots_max_snippet":null,"robots_max_videopreview":null,"robots_max_imagepreview":"large","priority":null,"frequency":null,"local_seo":null,"seo_analyzer_scan_date":"2025-11-30 16:11:14","breadcrumb_settings":null,"limit_modified_date":false,"open_ai":null,"ai":null,"created":"2020-12-21 14:00:13","updated":"2025-11-30 16:11:14"},"aioseo_breadcrumb":"<div class=\"aioseo-breadcrumbs\"><span class=\"aioseo-breadcrumb\">\n\t<a href=\"https:\/\/www.eldigitaldeasturias.com\/noticias\" title=\"Home\">Home<\/a>\n<\/span><span class=\"aioseo-breadcrumb-separator\">\u2013<\/span><span class=\"aioseo-breadcrumb\">\n\t<a href=\"https:\/\/www.eldigitaldeasturias.com\/noticias\/category\/revista-de-ocio\/\" title=\"Revista de Ocio\">Revista de Ocio<\/a>\n<\/span><span class=\"aioseo-breadcrumb-separator\">\u2013<\/span><span class=\"aioseo-breadcrumb\">\n\t<a href=\"https:\/\/www.eldigitaldeasturias.com\/noticias\/small-things-in-silence-en-el-centro-niemeyer-de-aviles\/\" title=\"\u00abSmall Things in Silence\u00bb en el Centro Niemeyer de Avil\u00e9s\">\u00abSmall Things in Silence\u00bb en el Centro Niemeyer de Avil\u00e9s<\/a>\n<\/span><\/div>","aioseo_breadcrumb_json":[{"label":"Home","link":"https:\/\/www.eldigitaldeasturias.com\/noticias"},{"label":"Revista de Ocio","link":"https:\/\/www.eldigitaldeasturias.com\/noticias\/category\/revista-de-ocio\/"},{"label":"\u00abSmall Things in Silence\u00bb en el Centro Niemeyer de Avil\u00e9s","link":"https:\/\/www.eldigitaldeasturias.com\/noticias\/small-things-in-silence-en-el-centro-niemeyer-de-aviles\/"}],"_links":{"self":[{"href":"https:\/\/www.eldigitaldeasturias.com\/noticias\/wp-json\/wp\/v2\/posts\/908453","targetHints":{"allow":["GET"]}}],"collection":[{"href":"https:\/\/www.eldigitaldeasturias.com\/noticias\/wp-json\/wp\/v2\/posts"}],"about":[{"href":"https:\/\/www.eldigitaldeasturias.com\/noticias\/wp-json\/wp\/v2\/types\/post"}],"author":[{"embeddable":true,"href":"https:\/\/www.eldigitaldeasturias.com\/noticias\/wp-json\/wp\/v2\/users\/1"}],"replies":[{"embeddable":true,"href":"https:\/\/www.eldigitaldeasturias.com\/noticias\/wp-json\/wp\/v2\/comments?post=908453"}],"version-history":[{"count":0,"href":"https:\/\/www.eldigitaldeasturias.com\/noticias\/wp-json\/wp\/v2\/posts\/908453\/revisions"}],"wp:featuredmedia":[{"embeddable":true,"href":"https:\/\/www.eldigitaldeasturias.com\/noticias\/wp-json\/wp\/v2\/media\/839051"}],"wp:attachment":[{"href":"https:\/\/www.eldigitaldeasturias.com\/noticias\/wp-json\/wp\/v2\/media?parent=908453"}],"wp:term":[{"taxonomy":"category","embeddable":true,"href":"https:\/\/www.eldigitaldeasturias.com\/noticias\/wp-json\/wp\/v2\/categories?post=908453"},{"taxonomy":"post_tag","embeddable":true,"href":"https:\/\/www.eldigitaldeasturias.com\/noticias\/wp-json\/wp\/v2\/tags?post=908453"}],"curies":[{"name":"wp","href":"https:\/\/api.w.org\/{rel}","templated":true}]}}