{"id":908451,"date":"2016-09-18T22:58:55","date_gmt":"2016-09-18T21:58:55","guid":{"rendered":"http:\/\/www.eldigitaldeasturias.com\/noticias\/?p=908451"},"modified":"2016-09-18T22:58:55","modified_gmt":"2016-09-18T21:58:55","slug":"las-empresas-asturianas-podran-beneficiarse-de-las-ayudas-para-su-internalizacion","status":"publish","type":"post","link":"https:\/\/www.eldigitaldeasturias.com\/noticias\/las-empresas-asturianas-podran-beneficiarse-de-las-ayudas-para-su-internalizacion\/","title":{"rendered":"Las empresas asturianas podr\u00e1n beneficiarse de las ayudas para su internalizaci\u00f3n"},"content":{"rendered":"<p><img loading=\"lazy\" decoding=\"async\" class=\"alignleft size-medium wp-image-801348\" src=\"https:\/\/www.eldigitaldeasturias.com\/noticias\/wp-content\/uploads\/2015\/08\/industria-360x270.jpg\" alt=\"industria\" width=\"360\" height=\"270\" srcset=\"https:\/\/www.eldigitaldeasturias.com\/noticias\/wp-content\/uploads\/2015\/08\/industria-360x270.jpg 360w, https:\/\/www.eldigitaldeasturias.com\/noticias\/wp-content\/uploads\/2015\/08\/industria-768x576.jpg 768w, https:\/\/www.eldigitaldeasturias.com\/noticias\/wp-content\/uploads\/2015\/08\/industria-650x488.jpg 650w, https:\/\/www.eldigitaldeasturias.com\/noticias\/wp-content\/uploads\/2015\/08\/industria-90x67.jpg 90w, https:\/\/www.eldigitaldeasturias.com\/noticias\/wp-content\/uploads\/2015\/08\/industria-100x75.jpg 100w, https:\/\/www.eldigitaldeasturias.com\/noticias\/wp-content\/uploads\/2015\/08\/industria.jpg 800w\" sizes=\"auto, (max-width: 360px) 100vw, 360px\" \/>La Consejer\u00eda de Empleo, Industria y Turismo celebrar\u00e1 este martes una jornada informativa para presentar las medidas de apoyo a la internacionalizaci\u00f3n que el Gobierno de Asturias ofrece a las empresas a trav\u00e9s del Instituto de Desarrollo Econ\u00f3mico del Principado (IDEPA) y la Sociedad de Promoci\u00f3n Exterior (Asturex).<\/p>\n<p>Durante la jornada, la directora del IDEPA, Eva Pando, explicar\u00e1 las dos convocatorias de ayudas de la entidad que permanecen abiertas. La primera es el programa de subvenciones dirigidas a la promoci\u00f3n internacional de las empresas y tiene dos l\u00edneas diferentes, con una dotaci\u00f3n total de 1.300.000 euros.<\/p>\n<p>La primera es la l\u00ednea de Promoci\u00f3n Internacional, con un presupuesto de 800.000 euros, que se dirige a los proyectos que las empresas aborden de manera individual. La segunda, Asturias Coopera, tiene un presupuesto de 500.000 euros y se dirige a proyectos de cooperaci\u00f3n, tutelados por Asturex, en las modalidades de consorcio o estructura no constituida formalmente.<\/p>\n<p>La otra convocatoria que el IDEPA tiene abierta actualmente es la de subvenciones para la contrataci\u00f3n de t\u00e9cnicos especializados en comercio exterior, con un presupuesto de 200.000 euros. Con esta medida, se apoya la contrataci\u00f3n de profesionales titulados y con experiencia durante un a\u00f1o.<\/p>\n<p>Asimismo, Pando presentar\u00e1 los instrumentos financieros de Sociedad Regional de Promoci\u00f3n (SRP) y la Sociedad de Garant\u00eda Rec\u00edproca (Asturgar) para apoyar los procesos de internacionalizaci\u00f3n empresarial.<\/p>\n<p>Por su parte, el director de Asturex, Alfonso del R\u00edo, expondr\u00e1 los diferentes programas que la sociedad ofrece a las empresas: inicio y consolidaci\u00f3n de la exportaci\u00f3n, misiones comerciales directas e inversas, asistencia a ferias, contratos individuales de introducci\u00f3n comercial en mercados, contratos de asistencia jur\u00eddica en origen y destino, constituci\u00f3n de consorcios de exportaci\u00f3n y red de colaboradores en el exterior, entre otros.<\/p>\n<p>La jornada contar\u00e1 tambi\u00e9n con la participaci\u00f3n de la Federaci\u00f3n Asturiana de Empresarios (FADE) por su implicaci\u00f3n en la promoci\u00f3n internacional de las empresas asturianas. La entidad estar\u00e1 representada por su vicepresidente Constantino Mart\u00ednez.<\/p>\n<p>Adem\u00e1s, habr\u00e1 una exposici\u00f3n de dos experiencias empresariales distintas. El coordinador del Consorcio de Exportaci\u00f3n IberasturIndustry and HeatConsortia, Santiago Rebollo, mostrar\u00e1 el proceso seguido para la constituci\u00f3n del consorcio, la actividad que desarrolla y las ventajas que ha supuesto para las empresas participantes. Por su parte, el director comercial de Ferjovi, Fernando Arg\u00fcelles, presentar\u00e1 la amplia experiencia internacional de su empresa del sector metalmec\u00e1nico.<\/p>\n<p>La jornada tendr\u00e1 lugar, a las 12:30 horas, en el sal\u00f3n de actos de la Consejer\u00eda de Hacienda y Sector P\u00fablico. La inscripci\u00f3n puede realizarse a trav\u00e9s de la p\u00e1gina web del Instituto de Desarrollo Econ\u00f3mico: www.idepa.es.<\/p>\n<p>&nbsp;<\/p>\n<p>&nbsp;<\/p>\n<p>&nbsp;<\/p>\n","protected":false},"excerpt":{"rendered":"<p>La Consejer\u00eda de Empleo, Industria y Turismo celebrar\u00e1 este martes una jornada informativa para presentar las medidas de apoyo a la internacionalizaci\u00f3n que el Gobierno de Asturias ofrece a las empresas a trav\u00e9s del Instituto de Desarrollo Econ\u00f3mico del Principado (IDEPA) y la Sociedad de Promoci\u00f3n Exterior (Asturex). Durante la jornada, la directora del IDEPA, [&hellip;]<\/p>\n","protected":false},"author":1,"featured_media":801348,"comment_status":"closed","ping_status":"closed","sticky":false,"template":"","format":"standard","meta":{"footnotes":""},"categories":[12],"tags":[],"class_list":["post-908451","post","type-post","status-publish","format-standard","has-post-thumbnail","hentry","category-actualidad-asturias"],"aioseo_notices":[],"aioseo_head":"\n\t\t<!-- All in One SEO Pro 4.9.6.2 - aioseo.com -->\n\t<meta name=\"description\" content=\"La Consejer\u00eda de Empleo, Industria y Turismo celebrar\u00e1 este martes una jornada informativa para presentar las medidas de apoyo a la internacionalizaci\u00f3n que el Gobierno de Asturias ofrece a las empresas a trav\u00e9s del Instituto de Desarrollo Econ\u00f3mico del Principado (IDEPA) y la Sociedad de Promoci\u00f3n Exterior (Asturex). Durante la jornada, la directora del IDEPA,\" \/>\n\t<meta name=\"robots\" content=\"max-image-preview:large\" \/>\n\t<meta name=\"author\" content=\"El Digital de Asturias\"\/>\n\t<meta name=\"google-site-verification\" content=\"UA-38556648-1\" \/>\n\t<meta name=\"msvalidate.01\" content=\"7dfe9f3f1b24437ab69f4f2559babe99\" \/>\n\t<meta name=\"keywords\" content=\"actualidad asturias\" \/>\n\t<link rel=\"canonical\" href=\"https:\/\/www.eldigitaldeasturias.com\/noticias\/las-empresas-asturianas-podran-beneficiarse-de-las-ayudas-para-su-internalizacion\/\" \/>\n\t<meta name=\"generator\" content=\"All in One SEO Pro (AIOSEO) 4.9.6.2\" \/>\n\t\t<meta property=\"og:locale\" content=\"es_ES\" \/>\n\t\t<meta property=\"og:site_name\" content=\"El Digital de Asturias\" \/>\n\t\t<meta property=\"og:type\" content=\"article\" \/>\n\t\t<meta property=\"og:title\" content=\"Las empresas asturianas podr\u00e1n beneficiarse de las ayudas para su internalizaci\u00f3n - El Digital de Asturias\" \/>\n\t\t<meta property=\"og:description\" content=\"La Consejer\u00eda de Empleo, Industria y Turismo celebrar\u00e1 este martes una jornada informativa para presentar las medidas de apoyo a la internacionalizaci\u00f3n que el Gobierno de Asturias ofrece a las empresas a trav\u00e9s del Instituto de Desarrollo Econ\u00f3mico del Principado (IDEPA) y la Sociedad de Promoci\u00f3n Exterior (Asturex). Durante la jornada, la directora del IDEPA,\" \/>\n\t\t<meta property=\"og:url\" content=\"https:\/\/www.eldigitaldeasturias.com\/noticias\/las-empresas-asturianas-podran-beneficiarse-de-las-ayudas-para-su-internalizacion\/\" \/>\n\t\t<meta property=\"og:image\" content=\"https:\/\/www.eldigitaldeasturias.com\/noticias\/wp-content\/uploads\/2015\/08\/industria.jpg\" \/>\n\t\t<meta property=\"og:image:secure_url\" content=\"https:\/\/www.eldigitaldeasturias.com\/noticias\/wp-content\/uploads\/2015\/08\/industria.jpg\" \/>\n\t\t<meta property=\"og:image:width\" content=\"800\" \/>\n\t\t<meta property=\"og:image:height\" content=\"600\" \/>\n\t\t<meta property=\"article:tag\" content=\"actualidad asturias\" \/>\n\t\t<meta property=\"article:published_time\" content=\"2016-09-18T21:58:55+00:00\" \/>\n\t\t<meta property=\"article:modified_time\" content=\"2016-09-18T21:58:55+00:00\" \/>\n\t\t<meta property=\"article:publisher\" content=\"https:\/\/facebook.com\/eldigitaldeasturias\" \/>\n\t\t<meta name=\"twitter:card\" content=\"summary_large_image\" \/>\n\t\t<meta name=\"twitter:title\" content=\"Las empresas asturianas podr\u00e1n beneficiarse de las ayudas para su internalizaci\u00f3n - El Digital de Asturias\" \/>\n\t\t<meta name=\"twitter:description\" content=\"La Consejer\u00eda de Empleo, Industria y Turismo celebrar\u00e1 este martes una jornada informativa para presentar las medidas de apoyo a la internacionalizaci\u00f3n que el Gobierno de Asturias ofrece a las empresas a trav\u00e9s del Instituto de Desarrollo Econ\u00f3mico del Principado (IDEPA) y la Sociedad de Promoci\u00f3n Exterior (Asturex). Durante la jornada, la directora del IDEPA,\" \/>\n\t\t<meta name=\"twitter:image\" content=\"https:\/\/www.eldigitaldeasturias.com\/noticias\/wp-content\/uploads\/2015\/08\/industria.jpg\" \/>\n\t\t<meta name=\"twitter:label1\" content=\"Escrito por\" \/>\n\t\t<meta name=\"twitter:data1\" content=\"El Digital de Asturias\" \/>\n\t\t<meta name=\"twitter:label2\" content=\"Tiempo de lectura estimado\" \/>\n\t\t<meta name=\"twitter:data2\" content=\"2 minutos\" \/>\n\t\t<script type=\"application\/ld+json\" class=\"aioseo-schema\">\n\t\t\t{\"@context\":\"https:\\\/\\\/schema.org\",\"@graph\":[{\"@type\":\"BlogPosting\",\"@id\":\"https:\\\/\\\/www.eldigitaldeasturias.com\\\/noticias\\\/las-empresas-asturianas-podran-beneficiarse-de-las-ayudas-para-su-internalizacion\\\/#blogposting\",\"name\":\"Las empresas asturianas podr\\u00e1n beneficiarse de las ayudas para su internalizaci\\u00f3n - El Digital de Asturias\",\"headline\":\"Las empresas asturianas podr\\u00e1n beneficiarse de las ayudas para su internalizaci\\u00f3n\",\"author\":{\"@id\":\"https:\\\/\\\/www.eldigitaldeasturias.com\\\/noticias\\\/author\\\/admin\\\/#author\"},\"publisher\":{\"@id\":\"https:\\\/\\\/www.eldigitaldeasturias.com\\\/noticias\\\/#organization\"},\"image\":{\"@type\":\"ImageObject\",\"url\":\"https:\\\/\\\/www.eldigitaldeasturias.com\\\/noticias\\\/wp-content\\\/uploads\\\/2015\\\/08\\\/industria.jpg\",\"width\":800,\"height\":600},\"datePublished\":\"2016-09-18T22:58:55+02:00\",\"dateModified\":\"2016-09-18T22:58:55+02:00\",\"inLanguage\":\"es-ES\",\"mainEntityOfPage\":{\"@id\":\"https:\\\/\\\/www.eldigitaldeasturias.com\\\/noticias\\\/las-empresas-asturianas-podran-beneficiarse-de-las-ayudas-para-su-internalizacion\\\/#webpage\"},\"isPartOf\":{\"@id\":\"https:\\\/\\\/www.eldigitaldeasturias.com\\\/noticias\\\/las-empresas-asturianas-podran-beneficiarse-de-las-ayudas-para-su-internalizacion\\\/#webpage\"},\"articleSection\":\"Actualidad Asturias\"},{\"@type\":\"BreadcrumbList\",\"@id\":\"https:\\\/\\\/www.eldigitaldeasturias.com\\\/noticias\\\/las-empresas-asturianas-podran-beneficiarse-de-las-ayudas-para-su-internalizacion\\\/#breadcrumblist\",\"itemListElement\":[{\"@type\":\"ListItem\",\"@id\":\"https:\\\/\\\/www.eldigitaldeasturias.com\\\/noticias#listItem\",\"position\":1,\"name\":\"Home\",\"item\":\"https:\\\/\\\/www.eldigitaldeasturias.com\\\/noticias\",\"nextItem\":{\"@type\":\"ListItem\",\"@id\":\"https:\\\/\\\/www.eldigitaldeasturias.com\\\/noticias\\\/category\\\/actualidad-asturias\\\/#listItem\",\"name\":\"Actualidad Asturias\"}},{\"@type\":\"ListItem\",\"@id\":\"https:\\\/\\\/www.eldigitaldeasturias.com\\\/noticias\\\/category\\\/actualidad-asturias\\\/#listItem\",\"position\":2,\"name\":\"Actualidad Asturias\",\"item\":\"https:\\\/\\\/www.eldigitaldeasturias.com\\\/noticias\\\/category\\\/actualidad-asturias\\\/\",\"nextItem\":{\"@type\":\"ListItem\",\"@id\":\"https:\\\/\\\/www.eldigitaldeasturias.com\\\/noticias\\\/las-empresas-asturianas-podran-beneficiarse-de-las-ayudas-para-su-internalizacion\\\/#listItem\",\"name\":\"Las empresas asturianas podr\\u00e1n beneficiarse de las ayudas para su internalizaci\\u00f3n\"},\"previousItem\":{\"@type\":\"ListItem\",\"@id\":\"https:\\\/\\\/www.eldigitaldeasturias.com\\\/noticias#listItem\",\"name\":\"Home\"}},{\"@type\":\"ListItem\",\"@id\":\"https:\\\/\\\/www.eldigitaldeasturias.com\\\/noticias\\\/las-empresas-asturianas-podran-beneficiarse-de-las-ayudas-para-su-internalizacion\\\/#listItem\",\"position\":3,\"name\":\"Las empresas asturianas podr\\u00e1n beneficiarse de las ayudas para su internalizaci\\u00f3n\",\"previousItem\":{\"@type\":\"ListItem\",\"@id\":\"https:\\\/\\\/www.eldigitaldeasturias.com\\\/noticias\\\/category\\\/actualidad-asturias\\\/#listItem\",\"name\":\"Actualidad Asturias\"}}]},{\"@type\":\"Organization\",\"@id\":\"https:\\\/\\\/www.eldigitaldeasturias.com\\\/noticias\\\/#organization\",\"name\":\"El Digital de Asturias\",\"description\":\"Hemeroteca\",\"url\":\"https:\\\/\\\/www.eldigitaldeasturias.com\\\/noticias\\\/\",\"email\":\"info@eldigitaldeasturias.com\",\"telephone\":\"+34652131393\",\"logo\":{\"@type\":\"ImageObject\",\"url\":\"https:\\\/\\\/www.eldigitaldeasturias.com\\\/noticias\\\/wp-content\\\/uploads\\\/2020\\\/12\\\/EDA.jpg\",\"@id\":\"https:\\\/\\\/www.eldigitaldeasturias.com\\\/noticias\\\/las-empresas-asturianas-podran-beneficiarse-de-las-ayudas-para-su-internalizacion\\\/#organizationLogo\",\"width\":649,\"height\":297},\"image\":{\"@id\":\"https:\\\/\\\/www.eldigitaldeasturias.com\\\/noticias\\\/las-empresas-asturianas-podran-beneficiarse-de-las-ayudas-para-su-internalizacion\\\/#organizationLogo\"},\"sameAs\":[\"https:\\\/\\\/facebook.com\\\/eldigitaldeasturias\",\"https:\\\/\\\/www.youtube.com\\\/channel\\\/UCZP-2wLEB9Rv6erhFmqVnvg\"],\"address\":{\"@id\":\"https:\\\/\\\/www.eldigitaldeasturias.com\\\/noticias\\\/#postaladdress\",\"@type\":\"PostalAddress\",\"streetAddress\":\"san antonio 4,\",\"postalCode\":\"33430\",\"addressLocality\":\"Cand\\u00e1s\",\"addressRegion\":\"Asturias\",\"addressCountry\":\"ES\"}},{\"@type\":\"Person\",\"@id\":\"https:\\\/\\\/www.eldigitaldeasturias.com\\\/noticias\\\/author\\\/admin\\\/#author\",\"url\":\"https:\\\/\\\/www.eldigitaldeasturias.com\\\/noticias\\\/author\\\/admin\\\/\",\"name\":\"El Digital de Asturias\",\"image\":{\"@type\":\"ImageObject\",\"@id\":\"https:\\\/\\\/www.eldigitaldeasturias.com\\\/noticias\\\/las-empresas-asturianas-podran-beneficiarse-de-las-ayudas-para-su-internalizacion\\\/#authorImage\",\"url\":\"https:\\\/\\\/www.eldigitaldeasturias.com\\\/noticias\\\/wp-content\\\/litespeed\\\/avatar\\\/18677e78aa0546b92d9dbf31ec7d7668.jpg?ver=1777290358\",\"width\":96,\"height\":96,\"caption\":\"El Digital de Asturias\"}},{\"@type\":\"WebPage\",\"@id\":\"https:\\\/\\\/www.eldigitaldeasturias.com\\\/noticias\\\/las-empresas-asturianas-podran-beneficiarse-de-las-ayudas-para-su-internalizacion\\\/#webpage\",\"url\":\"https:\\\/\\\/www.eldigitaldeasturias.com\\\/noticias\\\/las-empresas-asturianas-podran-beneficiarse-de-las-ayudas-para-su-internalizacion\\\/\",\"name\":\"Las empresas asturianas podr\\u00e1n beneficiarse de las ayudas para su internalizaci\\u00f3n - El Digital de Asturias\",\"description\":\"La Consejer\\u00eda de Empleo, Industria y Turismo celebrar\\u00e1 este martes una jornada informativa para presentar las medidas de apoyo a la internacionalizaci\\u00f3n que el Gobierno de Asturias ofrece a las empresas a trav\\u00e9s del Instituto de Desarrollo Econ\\u00f3mico del Principado (IDEPA) y la Sociedad de Promoci\\u00f3n Exterior (Asturex). Durante la jornada, la directora del IDEPA,\",\"inLanguage\":\"es-ES\",\"isPartOf\":{\"@id\":\"https:\\\/\\\/www.eldigitaldeasturias.com\\\/noticias\\\/#website\"},\"breadcrumb\":{\"@id\":\"https:\\\/\\\/www.eldigitaldeasturias.com\\\/noticias\\\/las-empresas-asturianas-podran-beneficiarse-de-las-ayudas-para-su-internalizacion\\\/#breadcrumblist\"},\"author\":{\"@id\":\"https:\\\/\\\/www.eldigitaldeasturias.com\\\/noticias\\\/author\\\/admin\\\/#author\"},\"creator\":{\"@id\":\"https:\\\/\\\/www.eldigitaldeasturias.com\\\/noticias\\\/author\\\/admin\\\/#author\"},\"image\":{\"@type\":\"ImageObject\",\"url\":\"https:\\\/\\\/www.eldigitaldeasturias.com\\\/noticias\\\/wp-content\\\/uploads\\\/2015\\\/08\\\/industria.jpg\",\"@id\":\"https:\\\/\\\/www.eldigitaldeasturias.com\\\/noticias\\\/las-empresas-asturianas-podran-beneficiarse-de-las-ayudas-para-su-internalizacion\\\/#mainImage\",\"width\":800,\"height\":600},\"primaryImageOfPage\":{\"@id\":\"https:\\\/\\\/www.eldigitaldeasturias.com\\\/noticias\\\/las-empresas-asturianas-podran-beneficiarse-de-las-ayudas-para-su-internalizacion\\\/#mainImage\"},\"datePublished\":\"2016-09-18T22:58:55+02:00\",\"dateModified\":\"2016-09-18T22:58:55+02:00\"},{\"@type\":\"WebSite\",\"@id\":\"https:\\\/\\\/www.eldigitaldeasturias.com\\\/noticias\\\/#website\",\"url\":\"https:\\\/\\\/www.eldigitaldeasturias.com\\\/noticias\\\/\",\"name\":\"El Digital de Asturias - Diario de actualidad y noticias\",\"alternateName\":\"El Digital de Asturias - Diario de actualidad y noticias\",\"description\":\"Hemeroteca\",\"inLanguage\":\"es-ES\",\"publisher\":{\"@id\":\"https:\\\/\\\/www.eldigitaldeasturias.com\\\/noticias\\\/#organization\"}}]}\n\t\t<\/script>\n\t\t<!-- All in One SEO Pro -->\r\n\t\t<title>Las empresas asturianas podr\u00e1n beneficiarse de las ayudas para su internalizaci\u00f3n - El Digital de Asturias<\/title>\n\n","aioseo_head_json":{"title":"Las empresas asturianas podr\u00e1n beneficiarse de las ayudas para su internalizaci\u00f3n - El Digital de Asturias","description":"La Consejer\u00eda de Empleo, Industria y Turismo celebrar\u00e1 este martes una jornada informativa para presentar las medidas de apoyo a la internacionalizaci\u00f3n que el Gobierno de Asturias ofrece a las empresas a trav\u00e9s del Instituto de Desarrollo Econ\u00f3mico del Principado (IDEPA) y la Sociedad de Promoci\u00f3n Exterior (Asturex). Durante la jornada, la directora del IDEPA,","canonical_url":"https:\/\/www.eldigitaldeasturias.com\/noticias\/las-empresas-asturianas-podran-beneficiarse-de-las-ayudas-para-su-internalizacion\/","robots":"max-image-preview:large","keywords":"actualidad asturias","webmasterTools":{"google-site-verification":"UA-38556648-1","msvalidate.01":"7dfe9f3f1b24437ab69f4f2559babe99","miscellaneous":""},"schema":{"@context":"https:\/\/schema.org","@graph":[{"@type":"BlogPosting","@id":"https:\/\/www.eldigitaldeasturias.com\/noticias\/las-empresas-asturianas-podran-beneficiarse-de-las-ayudas-para-su-internalizacion\/#blogposting","name":"Las empresas asturianas podr\u00e1n beneficiarse de las ayudas para su internalizaci\u00f3n - El Digital de Asturias","headline":"Las empresas asturianas podr\u00e1n beneficiarse de las ayudas para su internalizaci\u00f3n","author":{"@id":"https:\/\/www.eldigitaldeasturias.com\/noticias\/author\/admin\/#author"},"publisher":{"@id":"https:\/\/www.eldigitaldeasturias.com\/noticias\/#organization"},"image":{"@type":"ImageObject","url":"https:\/\/www.eldigitaldeasturias.com\/noticias\/wp-content\/uploads\/2015\/08\/industria.jpg","width":800,"height":600},"datePublished":"2016-09-18T22:58:55+02:00","dateModified":"2016-09-18T22:58:55+02:00","inLanguage":"es-ES","mainEntityOfPage":{"@id":"https:\/\/www.eldigitaldeasturias.com\/noticias\/las-empresas-asturianas-podran-beneficiarse-de-las-ayudas-para-su-internalizacion\/#webpage"},"isPartOf":{"@id":"https:\/\/www.eldigitaldeasturias.com\/noticias\/las-empresas-asturianas-podran-beneficiarse-de-las-ayudas-para-su-internalizacion\/#webpage"},"articleSection":"Actualidad Asturias"},{"@type":"BreadcrumbList","@id":"https:\/\/www.eldigitaldeasturias.com\/noticias\/las-empresas-asturianas-podran-beneficiarse-de-las-ayudas-para-su-internalizacion\/#breadcrumblist","itemListElement":[{"@type":"ListItem","@id":"https:\/\/www.eldigitaldeasturias.com\/noticias#listItem","position":1,"name":"Home","item":"https:\/\/www.eldigitaldeasturias.com\/noticias","nextItem":{"@type":"ListItem","@id":"https:\/\/www.eldigitaldeasturias.com\/noticias\/category\/actualidad-asturias\/#listItem","name":"Actualidad Asturias"}},{"@type":"ListItem","@id":"https:\/\/www.eldigitaldeasturias.com\/noticias\/category\/actualidad-asturias\/#listItem","position":2,"name":"Actualidad Asturias","item":"https:\/\/www.eldigitaldeasturias.com\/noticias\/category\/actualidad-asturias\/","nextItem":{"@type":"ListItem","@id":"https:\/\/www.eldigitaldeasturias.com\/noticias\/las-empresas-asturianas-podran-beneficiarse-de-las-ayudas-para-su-internalizacion\/#listItem","name":"Las empresas asturianas podr\u00e1n beneficiarse de las ayudas para su internalizaci\u00f3n"},"previousItem":{"@type":"ListItem","@id":"https:\/\/www.eldigitaldeasturias.com\/noticias#listItem","name":"Home"}},{"@type":"ListItem","@id":"https:\/\/www.eldigitaldeasturias.com\/noticias\/las-empresas-asturianas-podran-beneficiarse-de-las-ayudas-para-su-internalizacion\/#listItem","position":3,"name":"Las empresas asturianas podr\u00e1n beneficiarse de las ayudas para su internalizaci\u00f3n","previousItem":{"@type":"ListItem","@id":"https:\/\/www.eldigitaldeasturias.com\/noticias\/category\/actualidad-asturias\/#listItem","name":"Actualidad Asturias"}}]},{"@type":"Organization","@id":"https:\/\/www.eldigitaldeasturias.com\/noticias\/#organization","name":"El Digital de Asturias","description":"Hemeroteca","url":"https:\/\/www.eldigitaldeasturias.com\/noticias\/","email":"info@eldigitaldeasturias.com","telephone":"+34652131393","logo":{"@type":"ImageObject","url":"https:\/\/www.eldigitaldeasturias.com\/noticias\/wp-content\/uploads\/2020\/12\/EDA.jpg","@id":"https:\/\/www.eldigitaldeasturias.com\/noticias\/las-empresas-asturianas-podran-beneficiarse-de-las-ayudas-para-su-internalizacion\/#organizationLogo","width":649,"height":297},"image":{"@id":"https:\/\/www.eldigitaldeasturias.com\/noticias\/las-empresas-asturianas-podran-beneficiarse-de-las-ayudas-para-su-internalizacion\/#organizationLogo"},"sameAs":["https:\/\/facebook.com\/eldigitaldeasturias","https:\/\/www.youtube.com\/channel\/UCZP-2wLEB9Rv6erhFmqVnvg"],"address":{"@id":"https:\/\/www.eldigitaldeasturias.com\/noticias\/#postaladdress","@type":"PostalAddress","streetAddress":"san antonio 4,","postalCode":"33430","addressLocality":"Cand\u00e1s","addressRegion":"Asturias","addressCountry":"ES"}},{"@type":"Person","@id":"https:\/\/www.eldigitaldeasturias.com\/noticias\/author\/admin\/#author","url":"https:\/\/www.eldigitaldeasturias.com\/noticias\/author\/admin\/","name":"El Digital de Asturias","image":{"@type":"ImageObject","@id":"https:\/\/www.eldigitaldeasturias.com\/noticias\/las-empresas-asturianas-podran-beneficiarse-de-las-ayudas-para-su-internalizacion\/#authorImage","url":"https:\/\/www.eldigitaldeasturias.com\/noticias\/wp-content\/litespeed\/avatar\/18677e78aa0546b92d9dbf31ec7d7668.jpg?ver=1777290358","width":96,"height":96,"caption":"El Digital de Asturias"}},{"@type":"WebPage","@id":"https:\/\/www.eldigitaldeasturias.com\/noticias\/las-empresas-asturianas-podran-beneficiarse-de-las-ayudas-para-su-internalizacion\/#webpage","url":"https:\/\/www.eldigitaldeasturias.com\/noticias\/las-empresas-asturianas-podran-beneficiarse-de-las-ayudas-para-su-internalizacion\/","name":"Las empresas asturianas podr\u00e1n beneficiarse de las ayudas para su internalizaci\u00f3n - El Digital de Asturias","description":"La Consejer\u00eda de Empleo, Industria y Turismo celebrar\u00e1 este martes una jornada informativa para presentar las medidas de apoyo a la internacionalizaci\u00f3n que el Gobierno de Asturias ofrece a las empresas a trav\u00e9s del Instituto de Desarrollo Econ\u00f3mico del Principado (IDEPA) y la Sociedad de Promoci\u00f3n Exterior (Asturex). Durante la jornada, la directora del IDEPA,","inLanguage":"es-ES","isPartOf":{"@id":"https:\/\/www.eldigitaldeasturias.com\/noticias\/#website"},"breadcrumb":{"@id":"https:\/\/www.eldigitaldeasturias.com\/noticias\/las-empresas-asturianas-podran-beneficiarse-de-las-ayudas-para-su-internalizacion\/#breadcrumblist"},"author":{"@id":"https:\/\/www.eldigitaldeasturias.com\/noticias\/author\/admin\/#author"},"creator":{"@id":"https:\/\/www.eldigitaldeasturias.com\/noticias\/author\/admin\/#author"},"image":{"@type":"ImageObject","url":"https:\/\/www.eldigitaldeasturias.com\/noticias\/wp-content\/uploads\/2015\/08\/industria.jpg","@id":"https:\/\/www.eldigitaldeasturias.com\/noticias\/las-empresas-asturianas-podran-beneficiarse-de-las-ayudas-para-su-internalizacion\/#mainImage","width":800,"height":600},"primaryImageOfPage":{"@id":"https:\/\/www.eldigitaldeasturias.com\/noticias\/las-empresas-asturianas-podran-beneficiarse-de-las-ayudas-para-su-internalizacion\/#mainImage"},"datePublished":"2016-09-18T22:58:55+02:00","dateModified":"2016-09-18T22:58:55+02:00"},{"@type":"WebSite","@id":"https:\/\/www.eldigitaldeasturias.com\/noticias\/#website","url":"https:\/\/www.eldigitaldeasturias.com\/noticias\/","name":"El Digital de Asturias - Diario de actualidad y noticias","alternateName":"El Digital de Asturias - Diario de actualidad y noticias","description":"Hemeroteca","inLanguage":"es-ES","publisher":{"@id":"https:\/\/www.eldigitaldeasturias.com\/noticias\/#organization"}}]},"og:locale":"es_ES","og:site_name":"El Digital de Asturias","og:type":"article","og:title":"Las empresas asturianas podr\u00e1n beneficiarse de las ayudas para su internalizaci\u00f3n - El Digital de Asturias","og:description":"La Consejer\u00eda de Empleo, Industria y Turismo celebrar\u00e1 este martes una jornada informativa para presentar las medidas de apoyo a la internacionalizaci\u00f3n que el Gobierno de Asturias ofrece a las empresas a trav\u00e9s del Instituto de Desarrollo Econ\u00f3mico del Principado (IDEPA) y la Sociedad de Promoci\u00f3n Exterior (Asturex). Durante la jornada, la directora del IDEPA,","og:url":"https:\/\/www.eldigitaldeasturias.com\/noticias\/las-empresas-asturianas-podran-beneficiarse-de-las-ayudas-para-su-internalizacion\/","og:image":"https:\/\/www.eldigitaldeasturias.com\/noticias\/wp-content\/uploads\/2015\/08\/industria.jpg","og:image:secure_url":"https:\/\/www.eldigitaldeasturias.com\/noticias\/wp-content\/uploads\/2015\/08\/industria.jpg","og:image:width":800,"og:image:height":600,"article:tag":["actualidad asturias"],"article:published_time":"2016-09-18T21:58:55+00:00","article:modified_time":"2016-09-18T21:58:55+00:00","article:publisher":"https:\/\/facebook.com\/eldigitaldeasturias","twitter:card":"summary_large_image","twitter:title":"Las empresas asturianas podr\u00e1n beneficiarse de las ayudas para su internalizaci\u00f3n - El Digital de Asturias","twitter:description":"La Consejer\u00eda de Empleo, Industria y Turismo celebrar\u00e1 este martes una jornada informativa para presentar las medidas de apoyo a la internacionalizaci\u00f3n que el Gobierno de Asturias ofrece a las empresas a trav\u00e9s del Instituto de Desarrollo Econ\u00f3mico del Principado (IDEPA) y la Sociedad de Promoci\u00f3n Exterior (Asturex). Durante la jornada, la directora del IDEPA,","twitter:image":"https:\/\/www.eldigitaldeasturias.com\/noticias\/wp-content\/uploads\/2015\/08\/industria.jpg","twitter:label1":"Escrito por","twitter:data1":"El Digital de Asturias","twitter:label2":"Tiempo de lectura estimado","twitter:data2":"2 minutos"},"aioseo_meta_data":{"post_id":"908451","title":null,"description":null,"keywords":null,"keyphrases":null,"primary_term":null,"canonical_url":null,"og_title":null,"og_description":null,"og_object_type":"default","og_image_type":"default","og_image_url":null,"og_image_width":null,"og_image_height":null,"og_image_custom_url":null,"og_image_custom_fields":null,"og_video":null,"og_custom_url":null,"og_article_section":null,"og_article_tags":null,"twitter_use_og":false,"twitter_card":"default","twitter_image_type":"default","twitter_image_url":null,"twitter_image_custom_url":null,"twitter_image_custom_fields":null,"twitter_title":null,"twitter_description":null,"schema":{"blockGraphs":[],"customGraphs":[],"default":{"data":{"Article":[],"Course":[],"Dataset":[],"FAQPage":[],"Movie":[],"Person":[],"Product":[],"ProductReview":[],"Car":[],"Recipe":[],"Service":[],"SoftwareApplication":[],"WebPage":[]},"graphName":"","isEnabled":true},"graphs":[],"defaultGraph":"","defaultPostTypeGraph":""},"schema_type":null,"schema_type_options":null,"pillar_content":false,"robots_default":true,"robots_noindex":false,"robots_noarchive":false,"robots_nosnippet":false,"robots_nofollow":false,"robots_noimageindex":false,"robots_noodp":false,"robots_notranslate":false,"robots_max_snippet":null,"robots_max_videopreview":null,"robots_max_imagepreview":"large","priority":null,"frequency":null,"local_seo":null,"seo_analyzer_scan_date":"2025-11-30 16:09:22","breadcrumb_settings":null,"limit_modified_date":false,"open_ai":null,"ai":null,"created":"2020-12-21 14:00:13","updated":"2025-11-30 16:09:22"},"aioseo_breadcrumb":"<div class=\"aioseo-breadcrumbs\"><span class=\"aioseo-breadcrumb\">\n\t<a href=\"https:\/\/www.eldigitaldeasturias.com\/noticias\" title=\"Home\">Home<\/a>\n<\/span><span class=\"aioseo-breadcrumb-separator\">\u2013<\/span><span class=\"aioseo-breadcrumb\">\n\t<a href=\"https:\/\/www.eldigitaldeasturias.com\/noticias\/category\/actualidad-asturias\/\" title=\"Actualidad Asturias\">Actualidad Asturias<\/a>\n<\/span><span class=\"aioseo-breadcrumb-separator\">\u2013<\/span><span class=\"aioseo-breadcrumb\">\n\t<a href=\"https:\/\/www.eldigitaldeasturias.com\/noticias\/las-empresas-asturianas-podran-beneficiarse-de-las-ayudas-para-su-internalizacion\/\" title=\"Las empresas asturianas podr\u00e1n beneficiarse de las ayudas para su internalizaci\u00f3n\">Las empresas asturianas podr\u00e1n beneficiarse de las ayudas para su internalizaci\u00f3n<\/a>\n<\/span><\/div>","aioseo_breadcrumb_json":[{"label":"Home","link":"https:\/\/www.eldigitaldeasturias.com\/noticias"},{"label":"Actualidad Asturias","link":"https:\/\/www.eldigitaldeasturias.com\/noticias\/category\/actualidad-asturias\/"},{"label":"Las empresas asturianas podr\u00e1n beneficiarse de las ayudas para su internalizaci\u00f3n","link":"https:\/\/www.eldigitaldeasturias.com\/noticias\/las-empresas-asturianas-podran-beneficiarse-de-las-ayudas-para-su-internalizacion\/"}],"_links":{"self":[{"href":"https:\/\/www.eldigitaldeasturias.com\/noticias\/wp-json\/wp\/v2\/posts\/908451","targetHints":{"allow":["GET"]}}],"collection":[{"href":"https:\/\/www.eldigitaldeasturias.com\/noticias\/wp-json\/wp\/v2\/posts"}],"about":[{"href":"https:\/\/www.eldigitaldeasturias.com\/noticias\/wp-json\/wp\/v2\/types\/post"}],"author":[{"embeddable":true,"href":"https:\/\/www.eldigitaldeasturias.com\/noticias\/wp-json\/wp\/v2\/users\/1"}],"replies":[{"embeddable":true,"href":"https:\/\/www.eldigitaldeasturias.com\/noticias\/wp-json\/wp\/v2\/comments?post=908451"}],"version-history":[{"count":0,"href":"https:\/\/www.eldigitaldeasturias.com\/noticias\/wp-json\/wp\/v2\/posts\/908451\/revisions"}],"wp:featuredmedia":[{"embeddable":true,"href":"https:\/\/www.eldigitaldeasturias.com\/noticias\/wp-json\/wp\/v2\/media\/801348"}],"wp:attachment":[{"href":"https:\/\/www.eldigitaldeasturias.com\/noticias\/wp-json\/wp\/v2\/media?parent=908451"}],"wp:term":[{"taxonomy":"category","embeddable":true,"href":"https:\/\/www.eldigitaldeasturias.com\/noticias\/wp-json\/wp\/v2\/categories?post=908451"},{"taxonomy":"post_tag","embeddable":true,"href":"https:\/\/www.eldigitaldeasturias.com\/noticias\/wp-json\/wp\/v2\/tags?post=908451"}],"curies":[{"name":"wp","href":"https:\/\/api.w.org\/{rel}","templated":true}]}}