{"id":908443,"date":"2016-09-18T22:45:53","date_gmt":"2016-09-18T21:45:53","guid":{"rendered":"http:\/\/www.eldigitaldeasturias.com\/noticias\/?p=908443"},"modified":"2016-09-18T22:45:53","modified_gmt":"2016-09-18T21:45:53","slug":"el-paseo-en-bici-por-oviedo-reune-a-unos-350-participantes","status":"publish","type":"post","link":"https:\/\/www.eldigitaldeasturias.com\/noticias\/el-paseo-en-bici-por-oviedo-reune-a-unos-350-participantes\/","title":{"rendered":"El &#8216;Paseo en bici&#8217; por Oviedo re\u00fane a unos 350 participantes"},"content":{"rendered":"<p><img loading=\"lazy\" decoding=\"async\" class=\"alignleft size-medium wp-image-908444\" src=\"https:\/\/www.eldigitaldeasturias.com\/noticias\/wp-content\/uploads\/2016\/09\/fotonoticia_20160918190605_800-360x202.jpg\" alt=\"fotonoticia_20160918190605_800\" width=\"360\" height=\"202\" srcset=\"https:\/\/www.eldigitaldeasturias.com\/noticias\/wp-content\/uploads\/2016\/09\/fotonoticia_20160918190605_800-360x202.jpg 360w, https:\/\/www.eldigitaldeasturias.com\/noticias\/wp-content\/uploads\/2016\/09\/fotonoticia_20160918190605_800-768x431.jpg 768w, https:\/\/www.eldigitaldeasturias.com\/noticias\/wp-content\/uploads\/2016\/09\/fotonoticia_20160918190605_800-650x365.jpg 650w, https:\/\/www.eldigitaldeasturias.com\/noticias\/wp-content\/uploads\/2016\/09\/fotonoticia_20160918190605_800.jpg 800w\" sizes=\"auto, (max-width: 360px) 100vw, 360px\" \/>M\u00e1s de 350 ciclistas han recorrido este domingo las calles de la ciudad en el \u00abPaseo en Bici\u00bb organizado por el Ayuntamiento de Oviedo dentro de la Semana Europea de Movilidad.<\/p>\n<p>La actividad se consolida, siendo este a\u00f1o especialmente relevante el n\u00famero de ni\u00f1os y ni\u00f1as que han recorrido las principales v\u00edas urbanas de la ciudad, desde la Plaza de los Ferroviarios, desde donde parti\u00f3 el paseo a las 12:00 horas, hasta Ventanielles, a trav\u00e9s del Bulevar de Santullano, seg\u00fan ha destacado el Ayuntamiento en una nota de prensa.<\/p>\n<p>Este a\u00f1o la marcha ha tenido que desviarse en su recorrido por el entorno del Campo San Francisco al coincidir con el I Torneo &#8216;Ciudad de Oviedo&#8217; de patinaje alpino en l\u00ednea y la Copa de Espa\u00f1a de esta modalidad, que se han desarrollado en la calle Marqu\u00e9s de Santa Cruz.<\/p>\n<p>El concejal de Urbanismo y Medio Ambiente, Ignacio Fern\u00e1ndez del P\u00e1ramo, que ha participado en la marcha, ha agradecido a todas las personas que a\u00f1o a a\u00f1o, y pedaleo a pedaleo, consolidan y demuestran con esta actividad que la bicicleta es un estupendo modo de desplazamiento por Oviedo. El edil ha agradecido especialmente el trabajo que la Polic\u00eda Local y la asociaci\u00f3n Asturias ConBici han realizado para llevar a cabo este paseo por la ciudad.<\/p>\n<p>&nbsp;<\/p>\n<p>&nbsp;<\/p>\n","protected":false},"excerpt":{"rendered":"<p>M\u00e1s de 350 ciclistas han recorrido este domingo las calles de la ciudad en el \u00abPaseo en Bici\u00bb organizado por el Ayuntamiento de Oviedo dentro de la Semana Europea de Movilidad. La actividad se consolida, siendo este a\u00f1o especialmente relevante el n\u00famero de ni\u00f1os y ni\u00f1as que han recorrido las principales v\u00edas urbanas de la [&hellip;]<\/p>\n","protected":false},"author":1,"featured_media":908444,"comment_status":"closed","ping_status":"closed","sticky":false,"template":"","format":"standard","meta":{"footnotes":""},"categories":[12],"tags":[],"class_list":["post-908443","post","type-post","status-publish","format-standard","has-post-thumbnail","hentry","category-actualidad-asturias"],"aioseo_notices":[],"aioseo_head":"\n\t\t<!-- All in One SEO Pro 4.9.6.2 - aioseo.com -->\n\t<meta name=\"description\" content=\"M\u00e1s de 350 ciclistas han recorrido este domingo las calles de la ciudad en el &quot;Paseo en Bici&quot; organizado por el Ayuntamiento de Oviedo dentro de la Semana Europea de Movilidad. La actividad se consolida, siendo este a\u00f1o especialmente relevante el n\u00famero de ni\u00f1os y ni\u00f1as que han recorrido las principales v\u00edas urbanas de la\" \/>\n\t<meta name=\"robots\" content=\"max-image-preview:large\" \/>\n\t<meta name=\"author\" content=\"El Digital de Asturias\"\/>\n\t<meta name=\"google-site-verification\" content=\"UA-38556648-1\" \/>\n\t<meta name=\"msvalidate.01\" content=\"7dfe9f3f1b24437ab69f4f2559babe99\" \/>\n\t<meta name=\"keywords\" content=\"actualidad asturias\" \/>\n\t<link rel=\"canonical\" href=\"https:\/\/www.eldigitaldeasturias.com\/noticias\/el-paseo-en-bici-por-oviedo-reune-a-unos-350-participantes\/\" \/>\n\t<meta name=\"generator\" content=\"All in One SEO Pro (AIOSEO) 4.9.6.2\" \/>\n\t\t<meta property=\"og:locale\" content=\"es_ES\" \/>\n\t\t<meta property=\"og:site_name\" content=\"El Digital de Asturias\" \/>\n\t\t<meta property=\"og:type\" content=\"article\" \/>\n\t\t<meta property=\"og:title\" content=\"El \u2018Paseo en bici\u2019 por Oviedo re\u00fane a unos 350 participantes - El Digital de Asturias\" \/>\n\t\t<meta property=\"og:description\" content=\"M\u00e1s de 350 ciclistas han recorrido este domingo las calles de la ciudad en el &quot;Paseo en Bici&quot; organizado por el Ayuntamiento de Oviedo dentro de la Semana Europea de Movilidad. La actividad se consolida, siendo este a\u00f1o especialmente relevante el n\u00famero de ni\u00f1os y ni\u00f1as que han recorrido las principales v\u00edas urbanas de la\" \/>\n\t\t<meta property=\"og:url\" content=\"https:\/\/www.eldigitaldeasturias.com\/noticias\/el-paseo-en-bici-por-oviedo-reune-a-unos-350-participantes\/\" \/>\n\t\t<meta property=\"og:image\" content=\"https:\/\/www.eldigitaldeasturias.com\/noticias\/wp-content\/uploads\/2016\/09\/fotonoticia_20160918190605_800.jpg\" \/>\n\t\t<meta property=\"og:image:secure_url\" content=\"https:\/\/www.eldigitaldeasturias.com\/noticias\/wp-content\/uploads\/2016\/09\/fotonoticia_20160918190605_800.jpg\" \/>\n\t\t<meta property=\"og:image:width\" content=\"800\" \/>\n\t\t<meta property=\"og:image:height\" content=\"449\" \/>\n\t\t<meta property=\"article:tag\" content=\"actualidad asturias\" \/>\n\t\t<meta property=\"article:published_time\" content=\"2016-09-18T21:45:53+00:00\" \/>\n\t\t<meta property=\"article:modified_time\" content=\"2016-09-18T21:45:53+00:00\" \/>\n\t\t<meta property=\"article:publisher\" content=\"https:\/\/facebook.com\/eldigitaldeasturias\" \/>\n\t\t<meta name=\"twitter:card\" content=\"summary_large_image\" \/>\n\t\t<meta name=\"twitter:title\" content=\"El \u2018Paseo en bici\u2019 por Oviedo re\u00fane a unos 350 participantes - El Digital de Asturias\" \/>\n\t\t<meta name=\"twitter:description\" content=\"M\u00e1s de 350 ciclistas han recorrido este domingo las calles de la ciudad en el &quot;Paseo en Bici&quot; organizado por el Ayuntamiento de Oviedo dentro de la Semana Europea de Movilidad. La actividad se consolida, siendo este a\u00f1o especialmente relevante el n\u00famero de ni\u00f1os y ni\u00f1as que han recorrido las principales v\u00edas urbanas de la\" \/>\n\t\t<meta name=\"twitter:image\" content=\"https:\/\/www.eldigitaldeasturias.com\/noticias\/wp-content\/uploads\/2016\/09\/fotonoticia_20160918190605_800.jpg\" \/>\n\t\t<meta name=\"twitter:label1\" content=\"Escrito por\" \/>\n\t\t<meta name=\"twitter:data1\" content=\"El Digital de Asturias\" \/>\n\t\t<meta name=\"twitter:label2\" content=\"Tiempo de lectura estimado\" \/>\n\t\t<meta name=\"twitter:data2\" content=\"1 minuto\" \/>\n\t\t<script type=\"application\/ld+json\" class=\"aioseo-schema\">\n\t\t\t{\"@context\":\"https:\\\/\\\/schema.org\",\"@graph\":[{\"@type\":\"BlogPosting\",\"@id\":\"https:\\\/\\\/www.eldigitaldeasturias.com\\\/noticias\\\/el-paseo-en-bici-por-oviedo-reune-a-unos-350-participantes\\\/#blogposting\",\"name\":\"El \\u2018Paseo en bici\\u2019 por Oviedo re\\u00fane a unos 350 participantes - El Digital de Asturias\",\"headline\":\"El &#8216;Paseo en bici&#8217; por Oviedo re\\u00fane a unos 350 participantes\",\"author\":{\"@id\":\"https:\\\/\\\/www.eldigitaldeasturias.com\\\/noticias\\\/author\\\/admin\\\/#author\"},\"publisher\":{\"@id\":\"https:\\\/\\\/www.eldigitaldeasturias.com\\\/noticias\\\/#organization\"},\"image\":{\"@type\":\"ImageObject\",\"url\":\"https:\\\/\\\/www.eldigitaldeasturias.com\\\/noticias\\\/wp-content\\\/uploads\\\/2016\\\/09\\\/fotonoticia_20160918190605_800.jpg\",\"width\":800,\"height\":449},\"datePublished\":\"2016-09-18T22:45:53+02:00\",\"dateModified\":\"2016-09-18T22:45:53+02:00\",\"inLanguage\":\"es-ES\",\"mainEntityOfPage\":{\"@id\":\"https:\\\/\\\/www.eldigitaldeasturias.com\\\/noticias\\\/el-paseo-en-bici-por-oviedo-reune-a-unos-350-participantes\\\/#webpage\"},\"isPartOf\":{\"@id\":\"https:\\\/\\\/www.eldigitaldeasturias.com\\\/noticias\\\/el-paseo-en-bici-por-oviedo-reune-a-unos-350-participantes\\\/#webpage\"},\"articleSection\":\"Actualidad Asturias\"},{\"@type\":\"BreadcrumbList\",\"@id\":\"https:\\\/\\\/www.eldigitaldeasturias.com\\\/noticias\\\/el-paseo-en-bici-por-oviedo-reune-a-unos-350-participantes\\\/#breadcrumblist\",\"itemListElement\":[{\"@type\":\"ListItem\",\"@id\":\"https:\\\/\\\/www.eldigitaldeasturias.com\\\/noticias#listItem\",\"position\":1,\"name\":\"Home\",\"item\":\"https:\\\/\\\/www.eldigitaldeasturias.com\\\/noticias\",\"nextItem\":{\"@type\":\"ListItem\",\"@id\":\"https:\\\/\\\/www.eldigitaldeasturias.com\\\/noticias\\\/category\\\/actualidad-asturias\\\/#listItem\",\"name\":\"Actualidad Asturias\"}},{\"@type\":\"ListItem\",\"@id\":\"https:\\\/\\\/www.eldigitaldeasturias.com\\\/noticias\\\/category\\\/actualidad-asturias\\\/#listItem\",\"position\":2,\"name\":\"Actualidad Asturias\",\"item\":\"https:\\\/\\\/www.eldigitaldeasturias.com\\\/noticias\\\/category\\\/actualidad-asturias\\\/\",\"nextItem\":{\"@type\":\"ListItem\",\"@id\":\"https:\\\/\\\/www.eldigitaldeasturias.com\\\/noticias\\\/el-paseo-en-bici-por-oviedo-reune-a-unos-350-participantes\\\/#listItem\",\"name\":\"El &#8216;Paseo en bici&#8217; por Oviedo re\\u00fane a unos 350 participantes\"},\"previousItem\":{\"@type\":\"ListItem\",\"@id\":\"https:\\\/\\\/www.eldigitaldeasturias.com\\\/noticias#listItem\",\"name\":\"Home\"}},{\"@type\":\"ListItem\",\"@id\":\"https:\\\/\\\/www.eldigitaldeasturias.com\\\/noticias\\\/el-paseo-en-bici-por-oviedo-reune-a-unos-350-participantes\\\/#listItem\",\"position\":3,\"name\":\"El &#8216;Paseo en bici&#8217; por Oviedo re\\u00fane a unos 350 participantes\",\"previousItem\":{\"@type\":\"ListItem\",\"@id\":\"https:\\\/\\\/www.eldigitaldeasturias.com\\\/noticias\\\/category\\\/actualidad-asturias\\\/#listItem\",\"name\":\"Actualidad Asturias\"}}]},{\"@type\":\"Organization\",\"@id\":\"https:\\\/\\\/www.eldigitaldeasturias.com\\\/noticias\\\/#organization\",\"name\":\"El Digital de Asturias\",\"description\":\"Hemeroteca\",\"url\":\"https:\\\/\\\/www.eldigitaldeasturias.com\\\/noticias\\\/\",\"email\":\"info@eldigitaldeasturias.com\",\"telephone\":\"+34652131393\",\"logo\":{\"@type\":\"ImageObject\",\"url\":\"https:\\\/\\\/www.eldigitaldeasturias.com\\\/noticias\\\/wp-content\\\/uploads\\\/2020\\\/12\\\/EDA.jpg\",\"@id\":\"https:\\\/\\\/www.eldigitaldeasturias.com\\\/noticias\\\/el-paseo-en-bici-por-oviedo-reune-a-unos-350-participantes\\\/#organizationLogo\",\"width\":649,\"height\":297},\"image\":{\"@id\":\"https:\\\/\\\/www.eldigitaldeasturias.com\\\/noticias\\\/el-paseo-en-bici-por-oviedo-reune-a-unos-350-participantes\\\/#organizationLogo\"},\"sameAs\":[\"https:\\\/\\\/facebook.com\\\/eldigitaldeasturias\",\"https:\\\/\\\/www.youtube.com\\\/channel\\\/UCZP-2wLEB9Rv6erhFmqVnvg\"],\"address\":{\"@id\":\"https:\\\/\\\/www.eldigitaldeasturias.com\\\/noticias\\\/#postaladdress\",\"@type\":\"PostalAddress\",\"streetAddress\":\"san antonio 4,\",\"postalCode\":\"33430\",\"addressLocality\":\"Cand\\u00e1s\",\"addressRegion\":\"Asturias\",\"addressCountry\":\"ES\"}},{\"@type\":\"Person\",\"@id\":\"https:\\\/\\\/www.eldigitaldeasturias.com\\\/noticias\\\/author\\\/admin\\\/#author\",\"url\":\"https:\\\/\\\/www.eldigitaldeasturias.com\\\/noticias\\\/author\\\/admin\\\/\",\"name\":\"El Digital de Asturias\",\"image\":{\"@type\":\"ImageObject\",\"@id\":\"https:\\\/\\\/www.eldigitaldeasturias.com\\\/noticias\\\/el-paseo-en-bici-por-oviedo-reune-a-unos-350-participantes\\\/#authorImage\",\"url\":\"https:\\\/\\\/www.eldigitaldeasturias.com\\\/noticias\\\/wp-content\\\/litespeed\\\/avatar\\\/18677e78aa0546b92d9dbf31ec7d7668.jpg?ver=1777290358\",\"width\":96,\"height\":96,\"caption\":\"El Digital de Asturias\"}},{\"@type\":\"WebPage\",\"@id\":\"https:\\\/\\\/www.eldigitaldeasturias.com\\\/noticias\\\/el-paseo-en-bici-por-oviedo-reune-a-unos-350-participantes\\\/#webpage\",\"url\":\"https:\\\/\\\/www.eldigitaldeasturias.com\\\/noticias\\\/el-paseo-en-bici-por-oviedo-reune-a-unos-350-participantes\\\/\",\"name\":\"El \\u2018Paseo en bici\\u2019 por Oviedo re\\u00fane a unos 350 participantes - El Digital de Asturias\",\"description\":\"M\\u00e1s de 350 ciclistas han recorrido este domingo las calles de la ciudad en el \\\"Paseo en Bici\\\" organizado por el Ayuntamiento de Oviedo dentro de la Semana Europea de Movilidad. La actividad se consolida, siendo este a\\u00f1o especialmente relevante el n\\u00famero de ni\\u00f1os y ni\\u00f1as que han recorrido las principales v\\u00edas urbanas de la\",\"inLanguage\":\"es-ES\",\"isPartOf\":{\"@id\":\"https:\\\/\\\/www.eldigitaldeasturias.com\\\/noticias\\\/#website\"},\"breadcrumb\":{\"@id\":\"https:\\\/\\\/www.eldigitaldeasturias.com\\\/noticias\\\/el-paseo-en-bici-por-oviedo-reune-a-unos-350-participantes\\\/#breadcrumblist\"},\"author\":{\"@id\":\"https:\\\/\\\/www.eldigitaldeasturias.com\\\/noticias\\\/author\\\/admin\\\/#author\"},\"creator\":{\"@id\":\"https:\\\/\\\/www.eldigitaldeasturias.com\\\/noticias\\\/author\\\/admin\\\/#author\"},\"image\":{\"@type\":\"ImageObject\",\"url\":\"https:\\\/\\\/www.eldigitaldeasturias.com\\\/noticias\\\/wp-content\\\/uploads\\\/2016\\\/09\\\/fotonoticia_20160918190605_800.jpg\",\"@id\":\"https:\\\/\\\/www.eldigitaldeasturias.com\\\/noticias\\\/el-paseo-en-bici-por-oviedo-reune-a-unos-350-participantes\\\/#mainImage\",\"width\":800,\"height\":449},\"primaryImageOfPage\":{\"@id\":\"https:\\\/\\\/www.eldigitaldeasturias.com\\\/noticias\\\/el-paseo-en-bici-por-oviedo-reune-a-unos-350-participantes\\\/#mainImage\"},\"datePublished\":\"2016-09-18T22:45:53+02:00\",\"dateModified\":\"2016-09-18T22:45:53+02:00\"},{\"@type\":\"WebSite\",\"@id\":\"https:\\\/\\\/www.eldigitaldeasturias.com\\\/noticias\\\/#website\",\"url\":\"https:\\\/\\\/www.eldigitaldeasturias.com\\\/noticias\\\/\",\"name\":\"El Digital de Asturias - Diario de actualidad y noticias\",\"alternateName\":\"El Digital de Asturias - Diario de actualidad y noticias\",\"description\":\"Hemeroteca\",\"inLanguage\":\"es-ES\",\"publisher\":{\"@id\":\"https:\\\/\\\/www.eldigitaldeasturias.com\\\/noticias\\\/#organization\"}}]}\n\t\t<\/script>\n\t\t<!-- All in One SEO Pro -->\r\n\t\t<title>El \u2018Paseo en bici\u2019 por Oviedo re\u00fane a unos 350 participantes - El Digital de Asturias<\/title>\n\n","aioseo_head_json":{"title":"El \u2018Paseo en bici\u2019 por Oviedo re\u00fane a unos 350 participantes - El Digital de Asturias","description":"M\u00e1s de 350 ciclistas han recorrido este domingo las calles de la ciudad en el \"Paseo en Bici\" organizado por el Ayuntamiento de Oviedo dentro de la Semana Europea de Movilidad. La actividad se consolida, siendo este a\u00f1o especialmente relevante el n\u00famero de ni\u00f1os y ni\u00f1as que han recorrido las principales v\u00edas urbanas de la","canonical_url":"https:\/\/www.eldigitaldeasturias.com\/noticias\/el-paseo-en-bici-por-oviedo-reune-a-unos-350-participantes\/","robots":"max-image-preview:large","keywords":"actualidad asturias","webmasterTools":{"google-site-verification":"UA-38556648-1","msvalidate.01":"7dfe9f3f1b24437ab69f4f2559babe99","miscellaneous":""},"schema":{"@context":"https:\/\/schema.org","@graph":[{"@type":"BlogPosting","@id":"https:\/\/www.eldigitaldeasturias.com\/noticias\/el-paseo-en-bici-por-oviedo-reune-a-unos-350-participantes\/#blogposting","name":"El \u2018Paseo en bici\u2019 por Oviedo re\u00fane a unos 350 participantes - El Digital de Asturias","headline":"El &#8216;Paseo en bici&#8217; por Oviedo re\u00fane a unos 350 participantes","author":{"@id":"https:\/\/www.eldigitaldeasturias.com\/noticias\/author\/admin\/#author"},"publisher":{"@id":"https:\/\/www.eldigitaldeasturias.com\/noticias\/#organization"},"image":{"@type":"ImageObject","url":"https:\/\/www.eldigitaldeasturias.com\/noticias\/wp-content\/uploads\/2016\/09\/fotonoticia_20160918190605_800.jpg","width":800,"height":449},"datePublished":"2016-09-18T22:45:53+02:00","dateModified":"2016-09-18T22:45:53+02:00","inLanguage":"es-ES","mainEntityOfPage":{"@id":"https:\/\/www.eldigitaldeasturias.com\/noticias\/el-paseo-en-bici-por-oviedo-reune-a-unos-350-participantes\/#webpage"},"isPartOf":{"@id":"https:\/\/www.eldigitaldeasturias.com\/noticias\/el-paseo-en-bici-por-oviedo-reune-a-unos-350-participantes\/#webpage"},"articleSection":"Actualidad Asturias"},{"@type":"BreadcrumbList","@id":"https:\/\/www.eldigitaldeasturias.com\/noticias\/el-paseo-en-bici-por-oviedo-reune-a-unos-350-participantes\/#breadcrumblist","itemListElement":[{"@type":"ListItem","@id":"https:\/\/www.eldigitaldeasturias.com\/noticias#listItem","position":1,"name":"Home","item":"https:\/\/www.eldigitaldeasturias.com\/noticias","nextItem":{"@type":"ListItem","@id":"https:\/\/www.eldigitaldeasturias.com\/noticias\/category\/actualidad-asturias\/#listItem","name":"Actualidad Asturias"}},{"@type":"ListItem","@id":"https:\/\/www.eldigitaldeasturias.com\/noticias\/category\/actualidad-asturias\/#listItem","position":2,"name":"Actualidad Asturias","item":"https:\/\/www.eldigitaldeasturias.com\/noticias\/category\/actualidad-asturias\/","nextItem":{"@type":"ListItem","@id":"https:\/\/www.eldigitaldeasturias.com\/noticias\/el-paseo-en-bici-por-oviedo-reune-a-unos-350-participantes\/#listItem","name":"El &#8216;Paseo en bici&#8217; por Oviedo re\u00fane a unos 350 participantes"},"previousItem":{"@type":"ListItem","@id":"https:\/\/www.eldigitaldeasturias.com\/noticias#listItem","name":"Home"}},{"@type":"ListItem","@id":"https:\/\/www.eldigitaldeasturias.com\/noticias\/el-paseo-en-bici-por-oviedo-reune-a-unos-350-participantes\/#listItem","position":3,"name":"El &#8216;Paseo en bici&#8217; por Oviedo re\u00fane a unos 350 participantes","previousItem":{"@type":"ListItem","@id":"https:\/\/www.eldigitaldeasturias.com\/noticias\/category\/actualidad-asturias\/#listItem","name":"Actualidad Asturias"}}]},{"@type":"Organization","@id":"https:\/\/www.eldigitaldeasturias.com\/noticias\/#organization","name":"El Digital de Asturias","description":"Hemeroteca","url":"https:\/\/www.eldigitaldeasturias.com\/noticias\/","email":"info@eldigitaldeasturias.com","telephone":"+34652131393","logo":{"@type":"ImageObject","url":"https:\/\/www.eldigitaldeasturias.com\/noticias\/wp-content\/uploads\/2020\/12\/EDA.jpg","@id":"https:\/\/www.eldigitaldeasturias.com\/noticias\/el-paseo-en-bici-por-oviedo-reune-a-unos-350-participantes\/#organizationLogo","width":649,"height":297},"image":{"@id":"https:\/\/www.eldigitaldeasturias.com\/noticias\/el-paseo-en-bici-por-oviedo-reune-a-unos-350-participantes\/#organizationLogo"},"sameAs":["https:\/\/facebook.com\/eldigitaldeasturias","https:\/\/www.youtube.com\/channel\/UCZP-2wLEB9Rv6erhFmqVnvg"],"address":{"@id":"https:\/\/www.eldigitaldeasturias.com\/noticias\/#postaladdress","@type":"PostalAddress","streetAddress":"san antonio 4,","postalCode":"33430","addressLocality":"Cand\u00e1s","addressRegion":"Asturias","addressCountry":"ES"}},{"@type":"Person","@id":"https:\/\/www.eldigitaldeasturias.com\/noticias\/author\/admin\/#author","url":"https:\/\/www.eldigitaldeasturias.com\/noticias\/author\/admin\/","name":"El Digital de Asturias","image":{"@type":"ImageObject","@id":"https:\/\/www.eldigitaldeasturias.com\/noticias\/el-paseo-en-bici-por-oviedo-reune-a-unos-350-participantes\/#authorImage","url":"https:\/\/www.eldigitaldeasturias.com\/noticias\/wp-content\/litespeed\/avatar\/18677e78aa0546b92d9dbf31ec7d7668.jpg?ver=1777290358","width":96,"height":96,"caption":"El Digital de Asturias"}},{"@type":"WebPage","@id":"https:\/\/www.eldigitaldeasturias.com\/noticias\/el-paseo-en-bici-por-oviedo-reune-a-unos-350-participantes\/#webpage","url":"https:\/\/www.eldigitaldeasturias.com\/noticias\/el-paseo-en-bici-por-oviedo-reune-a-unos-350-participantes\/","name":"El \u2018Paseo en bici\u2019 por Oviedo re\u00fane a unos 350 participantes - El Digital de Asturias","description":"M\u00e1s de 350 ciclistas han recorrido este domingo las calles de la ciudad en el \"Paseo en Bici\" organizado por el Ayuntamiento de Oviedo dentro de la Semana Europea de Movilidad. La actividad se consolida, siendo este a\u00f1o especialmente relevante el n\u00famero de ni\u00f1os y ni\u00f1as que han recorrido las principales v\u00edas urbanas de la","inLanguage":"es-ES","isPartOf":{"@id":"https:\/\/www.eldigitaldeasturias.com\/noticias\/#website"},"breadcrumb":{"@id":"https:\/\/www.eldigitaldeasturias.com\/noticias\/el-paseo-en-bici-por-oviedo-reune-a-unos-350-participantes\/#breadcrumblist"},"author":{"@id":"https:\/\/www.eldigitaldeasturias.com\/noticias\/author\/admin\/#author"},"creator":{"@id":"https:\/\/www.eldigitaldeasturias.com\/noticias\/author\/admin\/#author"},"image":{"@type":"ImageObject","url":"https:\/\/www.eldigitaldeasturias.com\/noticias\/wp-content\/uploads\/2016\/09\/fotonoticia_20160918190605_800.jpg","@id":"https:\/\/www.eldigitaldeasturias.com\/noticias\/el-paseo-en-bici-por-oviedo-reune-a-unos-350-participantes\/#mainImage","width":800,"height":449},"primaryImageOfPage":{"@id":"https:\/\/www.eldigitaldeasturias.com\/noticias\/el-paseo-en-bici-por-oviedo-reune-a-unos-350-participantes\/#mainImage"},"datePublished":"2016-09-18T22:45:53+02:00","dateModified":"2016-09-18T22:45:53+02:00"},{"@type":"WebSite","@id":"https:\/\/www.eldigitaldeasturias.com\/noticias\/#website","url":"https:\/\/www.eldigitaldeasturias.com\/noticias\/","name":"El Digital de Asturias - Diario de actualidad y noticias","alternateName":"El Digital de Asturias - Diario de actualidad y noticias","description":"Hemeroteca","inLanguage":"es-ES","publisher":{"@id":"https:\/\/www.eldigitaldeasturias.com\/noticias\/#organization"}}]},"og:locale":"es_ES","og:site_name":"El Digital de Asturias","og:type":"article","og:title":"El \u2018Paseo en bici\u2019 por Oviedo re\u00fane a unos 350 participantes - El Digital de Asturias","og:description":"M\u00e1s de 350 ciclistas han recorrido este domingo las calles de la ciudad en el &quot;Paseo en Bici&quot; organizado por el Ayuntamiento de Oviedo dentro de la Semana Europea de Movilidad. La actividad se consolida, siendo este a\u00f1o especialmente relevante el n\u00famero de ni\u00f1os y ni\u00f1as que han recorrido las principales v\u00edas urbanas de la","og:url":"https:\/\/www.eldigitaldeasturias.com\/noticias\/el-paseo-en-bici-por-oviedo-reune-a-unos-350-participantes\/","og:image":"https:\/\/www.eldigitaldeasturias.com\/noticias\/wp-content\/uploads\/2016\/09\/fotonoticia_20160918190605_800.jpg","og:image:secure_url":"https:\/\/www.eldigitaldeasturias.com\/noticias\/wp-content\/uploads\/2016\/09\/fotonoticia_20160918190605_800.jpg","og:image:width":800,"og:image:height":449,"article:tag":["actualidad asturias"],"article:published_time":"2016-09-18T21:45:53+00:00","article:modified_time":"2016-09-18T21:45:53+00:00","article:publisher":"https:\/\/facebook.com\/eldigitaldeasturias","twitter:card":"summary_large_image","twitter:title":"El \u2018Paseo en bici\u2019 por Oviedo re\u00fane a unos 350 participantes - El Digital de Asturias","twitter:description":"M\u00e1s de 350 ciclistas han recorrido este domingo las calles de la ciudad en el &quot;Paseo en Bici&quot; organizado por el Ayuntamiento de Oviedo dentro de la Semana Europea de Movilidad. La actividad se consolida, siendo este a\u00f1o especialmente relevante el n\u00famero de ni\u00f1os y ni\u00f1as que han recorrido las principales v\u00edas urbanas de la","twitter:image":"https:\/\/www.eldigitaldeasturias.com\/noticias\/wp-content\/uploads\/2016\/09\/fotonoticia_20160918190605_800.jpg","twitter:label1":"Escrito por","twitter:data1":"El Digital de Asturias","twitter:label2":"Tiempo de lectura estimado","twitter:data2":"1 minuto"},"aioseo_meta_data":{"post_id":"908443","title":null,"description":null,"keywords":null,"keyphrases":null,"primary_term":null,"canonical_url":null,"og_title":null,"og_description":null,"og_object_type":"default","og_image_type":"default","og_image_url":null,"og_image_width":null,"og_image_height":null,"og_image_custom_url":null,"og_image_custom_fields":null,"og_video":null,"og_custom_url":null,"og_article_section":null,"og_article_tags":null,"twitter_use_og":false,"twitter_card":"default","twitter_image_type":"default","twitter_image_url":null,"twitter_image_custom_url":null,"twitter_image_custom_fields":null,"twitter_title":null,"twitter_description":null,"schema":{"blockGraphs":[],"customGraphs":[],"default":{"data":{"Article":[],"Course":[],"Dataset":[],"FAQPage":[],"Movie":[],"Person":[],"Product":[],"ProductReview":[],"Car":[],"Recipe":[],"Service":[],"SoftwareApplication":[],"WebPage":[]},"graphName":"","isEnabled":true},"graphs":[],"defaultGraph":"","defaultPostTypeGraph":""},"schema_type":null,"schema_type_options":null,"pillar_content":false,"robots_default":true,"robots_noindex":false,"robots_noarchive":false,"robots_nosnippet":false,"robots_nofollow":false,"robots_noimageindex":false,"robots_noodp":false,"robots_notranslate":false,"robots_max_snippet":null,"robots_max_videopreview":null,"robots_max_imagepreview":"large","priority":null,"frequency":null,"local_seo":null,"seo_analyzer_scan_date":"2025-11-30 16:09:20","breadcrumb_settings":null,"limit_modified_date":false,"open_ai":null,"ai":null,"created":"2020-12-21 14:00:13","updated":"2025-11-30 16:09:20"},"aioseo_breadcrumb":"<div class=\"aioseo-breadcrumbs\"><span class=\"aioseo-breadcrumb\">\n\t<a href=\"https:\/\/www.eldigitaldeasturias.com\/noticias\" title=\"Home\">Home<\/a>\n<\/span><span class=\"aioseo-breadcrumb-separator\">\u2013<\/span><span class=\"aioseo-breadcrumb\">\n\t<a href=\"https:\/\/www.eldigitaldeasturias.com\/noticias\/category\/actualidad-asturias\/\" title=\"Actualidad Asturias\">Actualidad Asturias<\/a>\n<\/span><span class=\"aioseo-breadcrumb-separator\">\u2013<\/span><span class=\"aioseo-breadcrumb\">\n\t<a href=\"https:\/\/www.eldigitaldeasturias.com\/noticias\/el-paseo-en-bici-por-oviedo-reune-a-unos-350-participantes\/\" title=\"El \u2018Paseo en bici\u2019 por Oviedo re\u00fane a unos 350 participantes\">El \u2018Paseo en bici\u2019 por Oviedo re\u00fane a unos 350 participantes<\/a>\n<\/span><\/div>","aioseo_breadcrumb_json":[{"label":"Home","link":"https:\/\/www.eldigitaldeasturias.com\/noticias"},{"label":"Actualidad Asturias","link":"https:\/\/www.eldigitaldeasturias.com\/noticias\/category\/actualidad-asturias\/"},{"label":"El &#8216;Paseo en bici&#8217; por Oviedo re\u00fane a unos 350 participantes","link":"https:\/\/www.eldigitaldeasturias.com\/noticias\/el-paseo-en-bici-por-oviedo-reune-a-unos-350-participantes\/"}],"_links":{"self":[{"href":"https:\/\/www.eldigitaldeasturias.com\/noticias\/wp-json\/wp\/v2\/posts\/908443","targetHints":{"allow":["GET"]}}],"collection":[{"href":"https:\/\/www.eldigitaldeasturias.com\/noticias\/wp-json\/wp\/v2\/posts"}],"about":[{"href":"https:\/\/www.eldigitaldeasturias.com\/noticias\/wp-json\/wp\/v2\/types\/post"}],"author":[{"embeddable":true,"href":"https:\/\/www.eldigitaldeasturias.com\/noticias\/wp-json\/wp\/v2\/users\/1"}],"replies":[{"embeddable":true,"href":"https:\/\/www.eldigitaldeasturias.com\/noticias\/wp-json\/wp\/v2\/comments?post=908443"}],"version-history":[{"count":0,"href":"https:\/\/www.eldigitaldeasturias.com\/noticias\/wp-json\/wp\/v2\/posts\/908443\/revisions"}],"wp:featuredmedia":[{"embeddable":true,"href":"https:\/\/www.eldigitaldeasturias.com\/noticias\/wp-json\/wp\/v2\/media\/908444"}],"wp:attachment":[{"href":"https:\/\/www.eldigitaldeasturias.com\/noticias\/wp-json\/wp\/v2\/media?parent=908443"}],"wp:term":[{"taxonomy":"category","embeddable":true,"href":"https:\/\/www.eldigitaldeasturias.com\/noticias\/wp-json\/wp\/v2\/categories?post=908443"},{"taxonomy":"post_tag","embeddable":true,"href":"https:\/\/www.eldigitaldeasturias.com\/noticias\/wp-json\/wp\/v2\/tags?post=908443"}],"curies":[{"name":"wp","href":"https:\/\/api.w.org\/{rel}","templated":true}]}}