{"id":908436,"date":"2016-09-18T18:27:35","date_gmt":"2016-09-18T17:27:35","guid":{"rendered":"http:\/\/www.eldigitaldeasturias.com\/noticias\/?p=908436"},"modified":"2016-09-18T18:27:35","modified_gmt":"2016-09-18T17:27:35","slug":"el-estres-celular-activa-una-importante-proteina-anticancerosa","status":"publish","type":"post","link":"https:\/\/www.eldigitaldeasturias.com\/noticias\/el-estres-celular-activa-una-importante-proteina-anticancerosa\/","title":{"rendered":"El estr\u00e9s celular activa una importante prote\u00edna anticancerosa"},"content":{"rendered":"<p><img loading=\"lazy\" decoding=\"async\" class=\"alignleft size-medium wp-image-659697\" src=\"https:\/\/www.eldigitaldeasturias.com\/noticias\/wp-content\/uploads\/2014\/10\/6837097w-215x320.jpg\" alt=\"gente\" width=\"215\" height=\"320\" srcset=\"https:\/\/www.eldigitaldeasturias.com\/noticias\/wp-content\/uploads\/2014\/10\/6837097w-215x320.jpg 215w, https:\/\/www.eldigitaldeasturias.com\/noticias\/wp-content\/uploads\/2014\/10\/6837097w-436x650.jpg 436w, https:\/\/www.eldigitaldeasturias.com\/noticias\/wp-content\/uploads\/2014\/10\/6837097w.jpg 700w\" sizes=\"auto, (max-width: 215px) 100vw, 215px\" \/>Un trabajo realizado por investigadores de la Universidad Pompeu Fabra (UPF) revela que la prote\u00edna RB, encargada de detener la proliferaci\u00f3n celular y, por tanto, de impedir la formaci\u00f3n de tumores, se activa en situaciones de estr\u00e9s celular.<\/p>\n<p>El estudio, liderado por Eul\u00e0lia de Nadal y Francesc Posas, jefes del grupo de investigaci\u00f3n en Se\u00f1alizaci\u00f3n Celular, en colaboraci\u00f3n con los grupos de Baldo Oliva (UPF) y Francisco X. Real (UPF \/ CNIO), aparece en la edici\u00f3n de septiembre de la revista Molecular Cell.<\/p>\n<p>La RB (retinoblastoma) es una prote\u00edna supresora de tumores que se encuentra alterada en muchos tipos de c\u00e1ncer, como el de pulm\u00f3n, el melanoma, el c\u00e1ncer de pr\u00f3stata o el c\u00e1ncer de mama. Originalmente esta alteraci\u00f3n se detect\u00f3 en c\u00e1ncer de retina, de donde deriva su nombre.<\/p>\n<p>Una de las funciones principales de RB es inhibir la progresi\u00f3n del ciclo celular antes de la duplicaci\u00f3n del genoma, de modo que la c\u00e9lula no entra en divisi\u00f3n hasta que no se dan las condiciones adecuadas.<\/p>\n<p>Por lo tanto, RB impide la proliferaci\u00f3n celular en condiciones fisiol\u00f3gicas. Es por ello que la inactivaci\u00f3n de RB puede suponer la aparici\u00f3n de un c\u00e1ncer, ya que la proliferaci\u00f3n celular descontrolada da lugar a la formaci\u00f3n de tumores.<\/p>\n<p>La investigaci\u00f3n realizada por cient\u00edficos de la UPF ha descubierto que RB tambi\u00e9n es importante para detener la progresi\u00f3n celular en respuesta a estr\u00e9s celular. En estas condiciones, el freno es esencial para la supervivencia de la c\u00e9lula. Un hecho muy destacable es que este nuevo mecanismo predomina a los dem\u00e1s que regulan normalmente la actividad de RB. Por lo tanto, la activaci\u00f3n de forma externa de este mecanismo podr\u00eda servir para bloquear la divisi\u00f3n celular.<\/p>\n<p>Tal y como comenta el col\u00edder del estudio, Francesc Posas, \u00abeste hallazgo puede ser relevante en la biolog\u00eda del c\u00e1ncer porque RB es una prote\u00edna clave en la proliferaci\u00f3n de las c\u00e9lulas y muchos tipos de tumor confluyen su acci\u00f3n sobre esta prote\u00edna inactiv\u00e1ndola. Si conseguimos revertir esta inhibici\u00f3n, podr\u00edamos detener la proliferaci\u00f3n\u00bb.<\/p>\n<p>De hecho, la expresi\u00f3n de una prote\u00edna RB mutada que imita el efecto activador de RB es capaz de detener la proliferaci\u00f3n celular en c\u00e9lulas cancerosas. \u00abPara llevar a cabo nuestro estudio, hemos expresado una forma mutante de RB que se comporta como un s\u00faperrepresor y bloquea la actividad proliferativa de las c\u00e9lulas. Ahora el reto es expresar este s\u00faperrepresor en las c\u00e9lulas malignas y que as\u00ed no se alteren las otras c\u00e9lulas del organismo\u00bb, comenta Eulalia de Nadal, col\u00edder del art\u00edculo.<\/p>\n<p><strong>Diana para nuevos f\u00e1rmacos<\/strong><\/p>\n<p>Este descubrimiento permite reconsiderar la prote\u00edna RB como una diana para el descubrimiento de nuevos f\u00e1rmacos. Aquellas mol\u00e9culas capaces de mimetizar esta regulaci\u00f3n podr\u00edan ser de gran inter\u00e9s para bloquear la proliferaci\u00f3n celular de los procesos cancerosos y, por tanto, se podr\u00edan usar como posibles agentes terap\u00e9uticos.<\/p>\n<p>Uno de los aspectos m\u00e1s interesantes de este descubrimiento es el potencial de la RB como diana para el tratamiento de varios tipos de c\u00e1nceres. \u00abLos estudios iniciales realizados en c\u00e9lulas de diferentes tipos de c\u00e1nceres parecen indicar que, en la mayor\u00eda de ellos, se puede bloquear su proliferaci\u00f3n a trav\u00e9s de este mecanismo\u00bb, afirman los autores.<\/p>\n<p>&nbsp;<\/p>\n<p>&nbsp;<\/p>\n","protected":false},"excerpt":{"rendered":"<p>Un trabajo realizado por investigadores de la Universidad Pompeu Fabra (UPF) revela que la prote\u00edna RB, encargada de detener la proliferaci\u00f3n celular y, por tanto, de impedir la formaci\u00f3n de tumores, se activa en situaciones de estr\u00e9s celular. El estudio, liderado por Eul\u00e0lia de Nadal y Francesc Posas, jefes del grupo de investigaci\u00f3n en Se\u00f1alizaci\u00f3n [&hellip;]<\/p>\n","protected":false},"author":1,"featured_media":659697,"comment_status":"closed","ping_status":"closed","sticky":false,"template":"","format":"standard","meta":{"footnotes":""},"categories":[28],"tags":[],"class_list":["post-908436","post","type-post","status-publish","format-standard","has-post-thumbnail","hentry","category-sociedad"],"aioseo_notices":[],"aioseo_head":"\n\t\t<!-- All in One SEO Pro 4.9.6.2 - aioseo.com -->\n\t<meta name=\"description\" content=\"Un trabajo realizado por investigadores de la Universidad Pompeu Fabra (UPF) revela que la prote\u00edna RB, encargada de detener la proliferaci\u00f3n celular y, por tanto, de impedir la formaci\u00f3n de tumores, se activa en situaciones de estr\u00e9s celular. El estudio, liderado por Eul\u00e0lia de Nadal y Francesc Posas, jefes del grupo de investigaci\u00f3n en Se\u00f1alizaci\u00f3n\" \/>\n\t<meta name=\"robots\" content=\"max-image-preview:large\" \/>\n\t<meta name=\"author\" content=\"El Digital de Asturias\"\/>\n\t<meta name=\"google-site-verification\" content=\"UA-38556648-1\" \/>\n\t<meta name=\"msvalidate.01\" content=\"7dfe9f3f1b24437ab69f4f2559babe99\" \/>\n\t<meta name=\"keywords\" content=\"sociedad\" \/>\n\t<link rel=\"canonical\" href=\"https:\/\/www.eldigitaldeasturias.com\/noticias\/el-estres-celular-activa-una-importante-proteina-anticancerosa\/\" \/>\n\t<meta name=\"generator\" content=\"All in One SEO Pro (AIOSEO) 4.9.6.2\" \/>\n\t\t<meta property=\"og:locale\" content=\"es_ES\" \/>\n\t\t<meta property=\"og:site_name\" content=\"El Digital de Asturias\" \/>\n\t\t<meta property=\"og:type\" content=\"article\" \/>\n\t\t<meta property=\"og:title\" content=\"El estr\u00e9s celular activa una importante prote\u00edna anticancerosa - El Digital de Asturias\" \/>\n\t\t<meta property=\"og:description\" content=\"Un trabajo realizado por investigadores de la Universidad Pompeu Fabra (UPF) revela que la prote\u00edna RB, encargada de detener la proliferaci\u00f3n celular y, por tanto, de impedir la formaci\u00f3n de tumores, se activa en situaciones de estr\u00e9s celular. El estudio, liderado por Eul\u00e0lia de Nadal y Francesc Posas, jefes del grupo de investigaci\u00f3n en Se\u00f1alizaci\u00f3n\" \/>\n\t\t<meta property=\"og:url\" content=\"https:\/\/www.eldigitaldeasturias.com\/noticias\/el-estres-celular-activa-una-importante-proteina-anticancerosa\/\" \/>\n\t\t<meta property=\"og:image\" content=\"https:\/\/www.eldigitaldeasturias.com\/noticias\/wp-content\/uploads\/2014\/10\/6837097w.jpg\" \/>\n\t\t<meta property=\"og:image:secure_url\" content=\"https:\/\/www.eldigitaldeasturias.com\/noticias\/wp-content\/uploads\/2014\/10\/6837097w.jpg\" \/>\n\t\t<meta property=\"og:image:width\" content=\"700\" \/>\n\t\t<meta property=\"og:image:height\" content=\"1044\" \/>\n\t\t<meta property=\"article:tag\" content=\"sociedad\" \/>\n\t\t<meta property=\"article:published_time\" content=\"2016-09-18T17:27:35+00:00\" \/>\n\t\t<meta property=\"article:modified_time\" content=\"2016-09-18T17:27:35+00:00\" \/>\n\t\t<meta property=\"article:publisher\" content=\"https:\/\/facebook.com\/eldigitaldeasturias\" \/>\n\t\t<meta name=\"twitter:card\" content=\"summary_large_image\" \/>\n\t\t<meta name=\"twitter:title\" content=\"El estr\u00e9s celular activa una importante prote\u00edna anticancerosa - El Digital de Asturias\" \/>\n\t\t<meta name=\"twitter:description\" content=\"Un trabajo realizado por investigadores de la Universidad Pompeu Fabra (UPF) revela que la prote\u00edna RB, encargada de detener la proliferaci\u00f3n celular y, por tanto, de impedir la formaci\u00f3n de tumores, se activa en situaciones de estr\u00e9s celular. El estudio, liderado por Eul\u00e0lia de Nadal y Francesc Posas, jefes del grupo de investigaci\u00f3n en Se\u00f1alizaci\u00f3n\" \/>\n\t\t<meta name=\"twitter:image\" content=\"https:\/\/www.eldigitaldeasturias.com\/noticias\/wp-content\/uploads\/2014\/10\/6837097w.jpg\" \/>\n\t\t<meta name=\"twitter:label1\" content=\"Escrito por\" \/>\n\t\t<meta name=\"twitter:data1\" content=\"El Digital de Asturias\" \/>\n\t\t<meta name=\"twitter:label2\" content=\"Tiempo de lectura estimado\" \/>\n\t\t<meta name=\"twitter:data2\" content=\"3 minutos\" \/>\n\t\t<script type=\"application\/ld+json\" class=\"aioseo-schema\">\n\t\t\t{\"@context\":\"https:\\\/\\\/schema.org\",\"@graph\":[{\"@type\":\"BlogPosting\",\"@id\":\"https:\\\/\\\/www.eldigitaldeasturias.com\\\/noticias\\\/el-estres-celular-activa-una-importante-proteina-anticancerosa\\\/#blogposting\",\"name\":\"El estr\\u00e9s celular activa una importante prote\\u00edna anticancerosa - El Digital de Asturias\",\"headline\":\"El estr\\u00e9s celular activa una importante prote\\u00edna anticancerosa\",\"author\":{\"@id\":\"https:\\\/\\\/www.eldigitaldeasturias.com\\\/noticias\\\/author\\\/admin\\\/#author\"},\"publisher\":{\"@id\":\"https:\\\/\\\/www.eldigitaldeasturias.com\\\/noticias\\\/#organization\"},\"image\":{\"@type\":\"ImageObject\",\"url\":\"https:\\\/\\\/www.eldigitaldeasturias.com\\\/noticias\\\/wp-content\\\/uploads\\\/2014\\\/10\\\/6837097w.jpg\",\"width\":700,\"height\":1044},\"datePublished\":\"2016-09-18T18:27:35+02:00\",\"dateModified\":\"2016-09-18T18:27:35+02:00\",\"inLanguage\":\"es-ES\",\"mainEntityOfPage\":{\"@id\":\"https:\\\/\\\/www.eldigitaldeasturias.com\\\/noticias\\\/el-estres-celular-activa-una-importante-proteina-anticancerosa\\\/#webpage\"},\"isPartOf\":{\"@id\":\"https:\\\/\\\/www.eldigitaldeasturias.com\\\/noticias\\\/el-estres-celular-activa-una-importante-proteina-anticancerosa\\\/#webpage\"},\"articleSection\":\"Sociedad\"},{\"@type\":\"BreadcrumbList\",\"@id\":\"https:\\\/\\\/www.eldigitaldeasturias.com\\\/noticias\\\/el-estres-celular-activa-una-importante-proteina-anticancerosa\\\/#breadcrumblist\",\"itemListElement\":[{\"@type\":\"ListItem\",\"@id\":\"https:\\\/\\\/www.eldigitaldeasturias.com\\\/noticias#listItem\",\"position\":1,\"name\":\"Home\",\"item\":\"https:\\\/\\\/www.eldigitaldeasturias.com\\\/noticias\",\"nextItem\":{\"@type\":\"ListItem\",\"@id\":\"https:\\\/\\\/www.eldigitaldeasturias.com\\\/noticias\\\/category\\\/sociedad\\\/#listItem\",\"name\":\"Sociedad\"}},{\"@type\":\"ListItem\",\"@id\":\"https:\\\/\\\/www.eldigitaldeasturias.com\\\/noticias\\\/category\\\/sociedad\\\/#listItem\",\"position\":2,\"name\":\"Sociedad\",\"item\":\"https:\\\/\\\/www.eldigitaldeasturias.com\\\/noticias\\\/category\\\/sociedad\\\/\",\"nextItem\":{\"@type\":\"ListItem\",\"@id\":\"https:\\\/\\\/www.eldigitaldeasturias.com\\\/noticias\\\/el-estres-celular-activa-una-importante-proteina-anticancerosa\\\/#listItem\",\"name\":\"El estr\\u00e9s celular activa una importante prote\\u00edna anticancerosa\"},\"previousItem\":{\"@type\":\"ListItem\",\"@id\":\"https:\\\/\\\/www.eldigitaldeasturias.com\\\/noticias#listItem\",\"name\":\"Home\"}},{\"@type\":\"ListItem\",\"@id\":\"https:\\\/\\\/www.eldigitaldeasturias.com\\\/noticias\\\/el-estres-celular-activa-una-importante-proteina-anticancerosa\\\/#listItem\",\"position\":3,\"name\":\"El estr\\u00e9s celular activa una importante prote\\u00edna anticancerosa\",\"previousItem\":{\"@type\":\"ListItem\",\"@id\":\"https:\\\/\\\/www.eldigitaldeasturias.com\\\/noticias\\\/category\\\/sociedad\\\/#listItem\",\"name\":\"Sociedad\"}}]},{\"@type\":\"Organization\",\"@id\":\"https:\\\/\\\/www.eldigitaldeasturias.com\\\/noticias\\\/#organization\",\"name\":\"El Digital de Asturias\",\"description\":\"Hemeroteca\",\"url\":\"https:\\\/\\\/www.eldigitaldeasturias.com\\\/noticias\\\/\",\"email\":\"info@eldigitaldeasturias.com\",\"telephone\":\"+34652131393\",\"logo\":{\"@type\":\"ImageObject\",\"url\":\"https:\\\/\\\/www.eldigitaldeasturias.com\\\/noticias\\\/wp-content\\\/uploads\\\/2020\\\/12\\\/EDA.jpg\",\"@id\":\"https:\\\/\\\/www.eldigitaldeasturias.com\\\/noticias\\\/el-estres-celular-activa-una-importante-proteina-anticancerosa\\\/#organizationLogo\",\"width\":649,\"height\":297},\"image\":{\"@id\":\"https:\\\/\\\/www.eldigitaldeasturias.com\\\/noticias\\\/el-estres-celular-activa-una-importante-proteina-anticancerosa\\\/#organizationLogo\"},\"sameAs\":[\"https:\\\/\\\/facebook.com\\\/eldigitaldeasturias\",\"https:\\\/\\\/www.youtube.com\\\/channel\\\/UCZP-2wLEB9Rv6erhFmqVnvg\"],\"address\":{\"@id\":\"https:\\\/\\\/www.eldigitaldeasturias.com\\\/noticias\\\/#postaladdress\",\"@type\":\"PostalAddress\",\"streetAddress\":\"san antonio 4,\",\"postalCode\":\"33430\",\"addressLocality\":\"Cand\\u00e1s\",\"addressRegion\":\"Asturias\",\"addressCountry\":\"ES\"}},{\"@type\":\"Person\",\"@id\":\"https:\\\/\\\/www.eldigitaldeasturias.com\\\/noticias\\\/author\\\/admin\\\/#author\",\"url\":\"https:\\\/\\\/www.eldigitaldeasturias.com\\\/noticias\\\/author\\\/admin\\\/\",\"name\":\"El Digital de Asturias\",\"image\":{\"@type\":\"ImageObject\",\"@id\":\"https:\\\/\\\/www.eldigitaldeasturias.com\\\/noticias\\\/el-estres-celular-activa-una-importante-proteina-anticancerosa\\\/#authorImage\",\"url\":\"https:\\\/\\\/www.eldigitaldeasturias.com\\\/noticias\\\/wp-content\\\/litespeed\\\/avatar\\\/18677e78aa0546b92d9dbf31ec7d7668.jpg?ver=1777290358\",\"width\":96,\"height\":96,\"caption\":\"El Digital de Asturias\"}},{\"@type\":\"WebPage\",\"@id\":\"https:\\\/\\\/www.eldigitaldeasturias.com\\\/noticias\\\/el-estres-celular-activa-una-importante-proteina-anticancerosa\\\/#webpage\",\"url\":\"https:\\\/\\\/www.eldigitaldeasturias.com\\\/noticias\\\/el-estres-celular-activa-una-importante-proteina-anticancerosa\\\/\",\"name\":\"El estr\\u00e9s celular activa una importante prote\\u00edna anticancerosa - El Digital de Asturias\",\"description\":\"Un trabajo realizado por investigadores de la Universidad Pompeu Fabra (UPF) revela que la prote\\u00edna RB, encargada de detener la proliferaci\\u00f3n celular y, por tanto, de impedir la formaci\\u00f3n de tumores, se activa en situaciones de estr\\u00e9s celular. El estudio, liderado por Eul\\u00e0lia de Nadal y Francesc Posas, jefes del grupo de investigaci\\u00f3n en Se\\u00f1alizaci\\u00f3n\",\"inLanguage\":\"es-ES\",\"isPartOf\":{\"@id\":\"https:\\\/\\\/www.eldigitaldeasturias.com\\\/noticias\\\/#website\"},\"breadcrumb\":{\"@id\":\"https:\\\/\\\/www.eldigitaldeasturias.com\\\/noticias\\\/el-estres-celular-activa-una-importante-proteina-anticancerosa\\\/#breadcrumblist\"},\"author\":{\"@id\":\"https:\\\/\\\/www.eldigitaldeasturias.com\\\/noticias\\\/author\\\/admin\\\/#author\"},\"creator\":{\"@id\":\"https:\\\/\\\/www.eldigitaldeasturias.com\\\/noticias\\\/author\\\/admin\\\/#author\"},\"image\":{\"@type\":\"ImageObject\",\"url\":\"https:\\\/\\\/www.eldigitaldeasturias.com\\\/noticias\\\/wp-content\\\/uploads\\\/2014\\\/10\\\/6837097w.jpg\",\"@id\":\"https:\\\/\\\/www.eldigitaldeasturias.com\\\/noticias\\\/el-estres-celular-activa-una-importante-proteina-anticancerosa\\\/#mainImage\",\"width\":700,\"height\":1044},\"primaryImageOfPage\":{\"@id\":\"https:\\\/\\\/www.eldigitaldeasturias.com\\\/noticias\\\/el-estres-celular-activa-una-importante-proteina-anticancerosa\\\/#mainImage\"},\"datePublished\":\"2016-09-18T18:27:35+02:00\",\"dateModified\":\"2016-09-18T18:27:35+02:00\"},{\"@type\":\"WebSite\",\"@id\":\"https:\\\/\\\/www.eldigitaldeasturias.com\\\/noticias\\\/#website\",\"url\":\"https:\\\/\\\/www.eldigitaldeasturias.com\\\/noticias\\\/\",\"name\":\"El Digital de Asturias - Diario de actualidad y noticias\",\"alternateName\":\"El Digital de Asturias - Diario de actualidad y noticias\",\"description\":\"Hemeroteca\",\"inLanguage\":\"es-ES\",\"publisher\":{\"@id\":\"https:\\\/\\\/www.eldigitaldeasturias.com\\\/noticias\\\/#organization\"}}]}\n\t\t<\/script>\n\t\t<!-- All in One SEO Pro -->\r\n\t\t<title>El estr\u00e9s celular activa una importante prote\u00edna anticancerosa - El Digital de Asturias<\/title>\n\n","aioseo_head_json":{"title":"El estr\u00e9s celular activa una importante prote\u00edna anticancerosa - El Digital de Asturias","description":"Un trabajo realizado por investigadores de la Universidad Pompeu Fabra (UPF) revela que la prote\u00edna RB, encargada de detener la proliferaci\u00f3n celular y, por tanto, de impedir la formaci\u00f3n de tumores, se activa en situaciones de estr\u00e9s celular. El estudio, liderado por Eul\u00e0lia de Nadal y Francesc Posas, jefes del grupo de investigaci\u00f3n en Se\u00f1alizaci\u00f3n","canonical_url":"https:\/\/www.eldigitaldeasturias.com\/noticias\/el-estres-celular-activa-una-importante-proteina-anticancerosa\/","robots":"max-image-preview:large","keywords":"sociedad","webmasterTools":{"google-site-verification":"UA-38556648-1","msvalidate.01":"7dfe9f3f1b24437ab69f4f2559babe99","miscellaneous":""},"schema":{"@context":"https:\/\/schema.org","@graph":[{"@type":"BlogPosting","@id":"https:\/\/www.eldigitaldeasturias.com\/noticias\/el-estres-celular-activa-una-importante-proteina-anticancerosa\/#blogposting","name":"El estr\u00e9s celular activa una importante prote\u00edna anticancerosa - El Digital de Asturias","headline":"El estr\u00e9s celular activa una importante prote\u00edna anticancerosa","author":{"@id":"https:\/\/www.eldigitaldeasturias.com\/noticias\/author\/admin\/#author"},"publisher":{"@id":"https:\/\/www.eldigitaldeasturias.com\/noticias\/#organization"},"image":{"@type":"ImageObject","url":"https:\/\/www.eldigitaldeasturias.com\/noticias\/wp-content\/uploads\/2014\/10\/6837097w.jpg","width":700,"height":1044},"datePublished":"2016-09-18T18:27:35+02:00","dateModified":"2016-09-18T18:27:35+02:00","inLanguage":"es-ES","mainEntityOfPage":{"@id":"https:\/\/www.eldigitaldeasturias.com\/noticias\/el-estres-celular-activa-una-importante-proteina-anticancerosa\/#webpage"},"isPartOf":{"@id":"https:\/\/www.eldigitaldeasturias.com\/noticias\/el-estres-celular-activa-una-importante-proteina-anticancerosa\/#webpage"},"articleSection":"Sociedad"},{"@type":"BreadcrumbList","@id":"https:\/\/www.eldigitaldeasturias.com\/noticias\/el-estres-celular-activa-una-importante-proteina-anticancerosa\/#breadcrumblist","itemListElement":[{"@type":"ListItem","@id":"https:\/\/www.eldigitaldeasturias.com\/noticias#listItem","position":1,"name":"Home","item":"https:\/\/www.eldigitaldeasturias.com\/noticias","nextItem":{"@type":"ListItem","@id":"https:\/\/www.eldigitaldeasturias.com\/noticias\/category\/sociedad\/#listItem","name":"Sociedad"}},{"@type":"ListItem","@id":"https:\/\/www.eldigitaldeasturias.com\/noticias\/category\/sociedad\/#listItem","position":2,"name":"Sociedad","item":"https:\/\/www.eldigitaldeasturias.com\/noticias\/category\/sociedad\/","nextItem":{"@type":"ListItem","@id":"https:\/\/www.eldigitaldeasturias.com\/noticias\/el-estres-celular-activa-una-importante-proteina-anticancerosa\/#listItem","name":"El estr\u00e9s celular activa una importante prote\u00edna anticancerosa"},"previousItem":{"@type":"ListItem","@id":"https:\/\/www.eldigitaldeasturias.com\/noticias#listItem","name":"Home"}},{"@type":"ListItem","@id":"https:\/\/www.eldigitaldeasturias.com\/noticias\/el-estres-celular-activa-una-importante-proteina-anticancerosa\/#listItem","position":3,"name":"El estr\u00e9s celular activa una importante prote\u00edna anticancerosa","previousItem":{"@type":"ListItem","@id":"https:\/\/www.eldigitaldeasturias.com\/noticias\/category\/sociedad\/#listItem","name":"Sociedad"}}]},{"@type":"Organization","@id":"https:\/\/www.eldigitaldeasturias.com\/noticias\/#organization","name":"El Digital de Asturias","description":"Hemeroteca","url":"https:\/\/www.eldigitaldeasturias.com\/noticias\/","email":"info@eldigitaldeasturias.com","telephone":"+34652131393","logo":{"@type":"ImageObject","url":"https:\/\/www.eldigitaldeasturias.com\/noticias\/wp-content\/uploads\/2020\/12\/EDA.jpg","@id":"https:\/\/www.eldigitaldeasturias.com\/noticias\/el-estres-celular-activa-una-importante-proteina-anticancerosa\/#organizationLogo","width":649,"height":297},"image":{"@id":"https:\/\/www.eldigitaldeasturias.com\/noticias\/el-estres-celular-activa-una-importante-proteina-anticancerosa\/#organizationLogo"},"sameAs":["https:\/\/facebook.com\/eldigitaldeasturias","https:\/\/www.youtube.com\/channel\/UCZP-2wLEB9Rv6erhFmqVnvg"],"address":{"@id":"https:\/\/www.eldigitaldeasturias.com\/noticias\/#postaladdress","@type":"PostalAddress","streetAddress":"san antonio 4,","postalCode":"33430","addressLocality":"Cand\u00e1s","addressRegion":"Asturias","addressCountry":"ES"}},{"@type":"Person","@id":"https:\/\/www.eldigitaldeasturias.com\/noticias\/author\/admin\/#author","url":"https:\/\/www.eldigitaldeasturias.com\/noticias\/author\/admin\/","name":"El Digital de Asturias","image":{"@type":"ImageObject","@id":"https:\/\/www.eldigitaldeasturias.com\/noticias\/el-estres-celular-activa-una-importante-proteina-anticancerosa\/#authorImage","url":"https:\/\/www.eldigitaldeasturias.com\/noticias\/wp-content\/litespeed\/avatar\/18677e78aa0546b92d9dbf31ec7d7668.jpg?ver=1777290358","width":96,"height":96,"caption":"El Digital de Asturias"}},{"@type":"WebPage","@id":"https:\/\/www.eldigitaldeasturias.com\/noticias\/el-estres-celular-activa-una-importante-proteina-anticancerosa\/#webpage","url":"https:\/\/www.eldigitaldeasturias.com\/noticias\/el-estres-celular-activa-una-importante-proteina-anticancerosa\/","name":"El estr\u00e9s celular activa una importante prote\u00edna anticancerosa - El Digital de Asturias","description":"Un trabajo realizado por investigadores de la Universidad Pompeu Fabra (UPF) revela que la prote\u00edna RB, encargada de detener la proliferaci\u00f3n celular y, por tanto, de impedir la formaci\u00f3n de tumores, se activa en situaciones de estr\u00e9s celular. El estudio, liderado por Eul\u00e0lia de Nadal y Francesc Posas, jefes del grupo de investigaci\u00f3n en Se\u00f1alizaci\u00f3n","inLanguage":"es-ES","isPartOf":{"@id":"https:\/\/www.eldigitaldeasturias.com\/noticias\/#website"},"breadcrumb":{"@id":"https:\/\/www.eldigitaldeasturias.com\/noticias\/el-estres-celular-activa-una-importante-proteina-anticancerosa\/#breadcrumblist"},"author":{"@id":"https:\/\/www.eldigitaldeasturias.com\/noticias\/author\/admin\/#author"},"creator":{"@id":"https:\/\/www.eldigitaldeasturias.com\/noticias\/author\/admin\/#author"},"image":{"@type":"ImageObject","url":"https:\/\/www.eldigitaldeasturias.com\/noticias\/wp-content\/uploads\/2014\/10\/6837097w.jpg","@id":"https:\/\/www.eldigitaldeasturias.com\/noticias\/el-estres-celular-activa-una-importante-proteina-anticancerosa\/#mainImage","width":700,"height":1044},"primaryImageOfPage":{"@id":"https:\/\/www.eldigitaldeasturias.com\/noticias\/el-estres-celular-activa-una-importante-proteina-anticancerosa\/#mainImage"},"datePublished":"2016-09-18T18:27:35+02:00","dateModified":"2016-09-18T18:27:35+02:00"},{"@type":"WebSite","@id":"https:\/\/www.eldigitaldeasturias.com\/noticias\/#website","url":"https:\/\/www.eldigitaldeasturias.com\/noticias\/","name":"El Digital de Asturias - Diario de actualidad y noticias","alternateName":"El Digital de Asturias - Diario de actualidad y noticias","description":"Hemeroteca","inLanguage":"es-ES","publisher":{"@id":"https:\/\/www.eldigitaldeasturias.com\/noticias\/#organization"}}]},"og:locale":"es_ES","og:site_name":"El Digital de Asturias","og:type":"article","og:title":"El estr\u00e9s celular activa una importante prote\u00edna anticancerosa - El Digital de Asturias","og:description":"Un trabajo realizado por investigadores de la Universidad Pompeu Fabra (UPF) revela que la prote\u00edna RB, encargada de detener la proliferaci\u00f3n celular y, por tanto, de impedir la formaci\u00f3n de tumores, se activa en situaciones de estr\u00e9s celular. El estudio, liderado por Eul\u00e0lia de Nadal y Francesc Posas, jefes del grupo de investigaci\u00f3n en Se\u00f1alizaci\u00f3n","og:url":"https:\/\/www.eldigitaldeasturias.com\/noticias\/el-estres-celular-activa-una-importante-proteina-anticancerosa\/","og:image":"https:\/\/www.eldigitaldeasturias.com\/noticias\/wp-content\/uploads\/2014\/10\/6837097w.jpg","og:image:secure_url":"https:\/\/www.eldigitaldeasturias.com\/noticias\/wp-content\/uploads\/2014\/10\/6837097w.jpg","og:image:width":700,"og:image:height":1044,"article:tag":["sociedad"],"article:published_time":"2016-09-18T17:27:35+00:00","article:modified_time":"2016-09-18T17:27:35+00:00","article:publisher":"https:\/\/facebook.com\/eldigitaldeasturias","twitter:card":"summary_large_image","twitter:title":"El estr\u00e9s celular activa una importante prote\u00edna anticancerosa - El Digital de Asturias","twitter:description":"Un trabajo realizado por investigadores de la Universidad Pompeu Fabra (UPF) revela que la prote\u00edna RB, encargada de detener la proliferaci\u00f3n celular y, por tanto, de impedir la formaci\u00f3n de tumores, se activa en situaciones de estr\u00e9s celular. El estudio, liderado por Eul\u00e0lia de Nadal y Francesc Posas, jefes del grupo de investigaci\u00f3n en Se\u00f1alizaci\u00f3n","twitter:image":"https:\/\/www.eldigitaldeasturias.com\/noticias\/wp-content\/uploads\/2014\/10\/6837097w.jpg","twitter:label1":"Escrito por","twitter:data1":"El Digital de Asturias","twitter:label2":"Tiempo de lectura estimado","twitter:data2":"3 minutos"},"aioseo_meta_data":{"post_id":"908436","title":null,"description":null,"keywords":null,"keyphrases":null,"primary_term":null,"canonical_url":null,"og_title":null,"og_description":null,"og_object_type":"default","og_image_type":"default","og_image_url":null,"og_image_width":null,"og_image_height":null,"og_image_custom_url":null,"og_image_custom_fields":null,"og_video":null,"og_custom_url":null,"og_article_section":null,"og_article_tags":null,"twitter_use_og":false,"twitter_card":"default","twitter_image_type":"default","twitter_image_url":null,"twitter_image_custom_url":null,"twitter_image_custom_fields":null,"twitter_title":null,"twitter_description":null,"schema":{"blockGraphs":[],"customGraphs":[],"default":{"data":{"Article":[],"Course":[],"Dataset":[],"FAQPage":[],"Movie":[],"Person":[],"Product":[],"ProductReview":[],"Car":[],"Recipe":[],"Service":[],"SoftwareApplication":[],"WebPage":[]},"graphName":"","isEnabled":true},"graphs":[],"defaultGraph":"","defaultPostTypeGraph":""},"schema_type":null,"schema_type_options":null,"pillar_content":false,"robots_default":true,"robots_noindex":false,"robots_noarchive":false,"robots_nosnippet":false,"robots_nofollow":false,"robots_noimageindex":false,"robots_noodp":false,"robots_notranslate":false,"robots_max_snippet":null,"robots_max_videopreview":null,"robots_max_imagepreview":"large","priority":null,"frequency":null,"local_seo":null,"seo_analyzer_scan_date":"2025-11-30 16:07:10","breadcrumb_settings":null,"limit_modified_date":false,"open_ai":null,"ai":null,"created":"2020-12-21 14:00:13","updated":"2025-11-30 16:07:10"},"aioseo_breadcrumb":"<div class=\"aioseo-breadcrumbs\"><span class=\"aioseo-breadcrumb\">\n\t<a href=\"https:\/\/www.eldigitaldeasturias.com\/noticias\" title=\"Home\">Home<\/a>\n<\/span><span class=\"aioseo-breadcrumb-separator\">\u2013<\/span><span class=\"aioseo-breadcrumb\">\n\t<a href=\"https:\/\/www.eldigitaldeasturias.com\/noticias\/category\/sociedad\/\" title=\"Sociedad\">Sociedad<\/a>\n<\/span><span class=\"aioseo-breadcrumb-separator\">\u2013<\/span><span class=\"aioseo-breadcrumb\">\n\t<a href=\"https:\/\/www.eldigitaldeasturias.com\/noticias\/el-estres-celular-activa-una-importante-proteina-anticancerosa\/\" title=\"El estr\u00e9s celular activa una importante prote\u00edna anticancerosa\">El estr\u00e9s celular activa una importante prote\u00edna anticancerosa<\/a>\n<\/span><\/div>","aioseo_breadcrumb_json":[{"label":"Home","link":"https:\/\/www.eldigitaldeasturias.com\/noticias"},{"label":"Sociedad","link":"https:\/\/www.eldigitaldeasturias.com\/noticias\/category\/sociedad\/"},{"label":"El estr\u00e9s celular activa una importante prote\u00edna anticancerosa","link":"https:\/\/www.eldigitaldeasturias.com\/noticias\/el-estres-celular-activa-una-importante-proteina-anticancerosa\/"}],"_links":{"self":[{"href":"https:\/\/www.eldigitaldeasturias.com\/noticias\/wp-json\/wp\/v2\/posts\/908436","targetHints":{"allow":["GET"]}}],"collection":[{"href":"https:\/\/www.eldigitaldeasturias.com\/noticias\/wp-json\/wp\/v2\/posts"}],"about":[{"href":"https:\/\/www.eldigitaldeasturias.com\/noticias\/wp-json\/wp\/v2\/types\/post"}],"author":[{"embeddable":true,"href":"https:\/\/www.eldigitaldeasturias.com\/noticias\/wp-json\/wp\/v2\/users\/1"}],"replies":[{"embeddable":true,"href":"https:\/\/www.eldigitaldeasturias.com\/noticias\/wp-json\/wp\/v2\/comments?post=908436"}],"version-history":[{"count":0,"href":"https:\/\/www.eldigitaldeasturias.com\/noticias\/wp-json\/wp\/v2\/posts\/908436\/revisions"}],"wp:featuredmedia":[{"embeddable":true,"href":"https:\/\/www.eldigitaldeasturias.com\/noticias\/wp-json\/wp\/v2\/media\/659697"}],"wp:attachment":[{"href":"https:\/\/www.eldigitaldeasturias.com\/noticias\/wp-json\/wp\/v2\/media?parent=908436"}],"wp:term":[{"taxonomy":"category","embeddable":true,"href":"https:\/\/www.eldigitaldeasturias.com\/noticias\/wp-json\/wp\/v2\/categories?post=908436"},{"taxonomy":"post_tag","embeddable":true,"href":"https:\/\/www.eldigitaldeasturias.com\/noticias\/wp-json\/wp\/v2\/tags?post=908436"}],"curies":[{"name":"wp","href":"https:\/\/api.w.org\/{rel}","templated":true}]}}