{"id":908431,"date":"2016-09-18T18:19:27","date_gmt":"2016-09-18T17:19:27","guid":{"rendered":"http:\/\/www.eldigitaldeasturias.com\/noticias\/?p=908431"},"modified":"2016-09-18T18:19:27","modified_gmt":"2016-09-18T17:19:27","slug":"izquierda-unida-propondra-un-plan-contra-la-evasion-fiscal-en-asturias","status":"publish","type":"post","link":"https:\/\/www.eldigitaldeasturias.com\/noticias\/izquierda-unida-propondra-un-plan-contra-la-evasion-fiscal-en-asturias\/","title":{"rendered":"Izquierda unida propondr\u00e1 un plan contra la evasi\u00f3n fiscal en Asturias"},"content":{"rendered":"<p><img loading=\"lazy\" decoding=\"async\" class=\"alignleft size-medium wp-image-908432\" src=\"https:\/\/www.eldigitaldeasturias.com\/noticias\/wp-content\/uploads\/2016\/09\/fotonoticia_20160918173522_800-360x270.jpg\" alt=\"fotonoticia_20160918173522_800\" width=\"360\" height=\"270\" srcset=\"https:\/\/www.eldigitaldeasturias.com\/noticias\/wp-content\/uploads\/2016\/09\/fotonoticia_20160918173522_800-360x270.jpg 360w, https:\/\/www.eldigitaldeasturias.com\/noticias\/wp-content\/uploads\/2016\/09\/fotonoticia_20160918173522_800-768x576.jpg 768w, https:\/\/www.eldigitaldeasturias.com\/noticias\/wp-content\/uploads\/2016\/09\/fotonoticia_20160918173522_800-650x488.jpg 650w, https:\/\/www.eldigitaldeasturias.com\/noticias\/wp-content\/uploads\/2016\/09\/fotonoticia_20160918173522_800-125x95.jpg 125w, https:\/\/www.eldigitaldeasturias.com\/noticias\/wp-content\/uploads\/2016\/09\/fotonoticia_20160918173522_800-100x75.jpg 100w, https:\/\/www.eldigitaldeasturias.com\/noticias\/wp-content\/uploads\/2016\/09\/fotonoticia_20160918173522_800.jpg 800w\" sizes=\"auto, (max-width: 360px) 100vw, 360px\" \/>Izquierda unida propondr\u00e1 este lunes en la Comisi\u00f3n de Hacienda que el Principado impulse medidas contra la evasi\u00f3n fiscal, seg\u00fan ha avanzado este domingo el portavoz de la formaci\u00f3n en el Parlamento de Asturias, Gaspar Llamazares, quien enmarc\u00f3 esta reivindicaci\u00f3n dentro de las bases para la negociaci\u00f3n presupuestaria.<\/p>\n<p>En una nota de prensa, IU ha informado de que pedir\u00e1 a la Consejera de Hacienda que incluya como parte de las reformas en la materia, la puesta en marcha de un plan de lucha contra el fraude, incorporando la inspecci\u00f3n fiscal y que mejore la situaci\u00f3n del ente tributario, tanto en lo relativo a medios y recursos materiales como humanos.<\/p>\n<p>Llamazares ha anunciado tambi\u00e9n que IU \u00abpropondr\u00e1 a la Consejera de Hacienda, en relaci\u00f3n a las cuestiones de personal, la presentaci\u00f3n de un calendario para la recuperaci\u00f3n de los derechos del personal al servicio de las administraciones p\u00fablicas\u00bb. \u00abCreemos que eso es imprescindible, que esa recuperaci\u00f3n de los derechos tiene que tener lugar y tiene que tener lugar negociar\u00e1 con los propios representantes de los trabajadores, con sus representantes sindicales\u00bb, concluye la nota.<\/p>\n<p>&nbsp;<\/p>\n","protected":false},"excerpt":{"rendered":"<p>Izquierda unida propondr\u00e1 este lunes en la Comisi\u00f3n de Hacienda que el Principado impulse medidas contra la evasi\u00f3n fiscal, seg\u00fan ha avanzado este domingo el portavoz de la formaci\u00f3n en el Parlamento de Asturias, Gaspar Llamazares, quien enmarc\u00f3 esta reivindicaci\u00f3n dentro de las bases para la negociaci\u00f3n presupuestaria. En una nota de prensa, IU ha [&hellip;]<\/p>\n","protected":false},"author":1,"featured_media":908432,"comment_status":"closed","ping_status":"closed","sticky":false,"template":"","format":"standard","meta":{"footnotes":""},"categories":[12],"tags":[],"class_list":["post-908431","post","type-post","status-publish","format-standard","has-post-thumbnail","hentry","category-actualidad-asturias"],"aioseo_notices":[],"aioseo_head":"\n\t\t<!-- All in One SEO Pro 4.9.6.2 - aioseo.com -->\n\t<meta name=\"description\" content=\"Izquierda unida propondr\u00e1 este lunes en la Comisi\u00f3n de Hacienda que el Principado impulse medidas contra la evasi\u00f3n fiscal, seg\u00fan ha avanzado este domingo el portavoz de la formaci\u00f3n en el Parlamento de Asturias, Gaspar Llamazares, quien enmarc\u00f3 esta reivindicaci\u00f3n dentro de las bases para la negociaci\u00f3n presupuestaria. En una nota de prensa, IU ha\" \/>\n\t<meta name=\"robots\" content=\"max-image-preview:large\" \/>\n\t<meta name=\"author\" content=\"El Digital de Asturias\"\/>\n\t<meta name=\"google-site-verification\" content=\"UA-38556648-1\" \/>\n\t<meta name=\"msvalidate.01\" content=\"7dfe9f3f1b24437ab69f4f2559babe99\" \/>\n\t<meta name=\"keywords\" content=\"actualidad asturias\" \/>\n\t<link rel=\"canonical\" href=\"https:\/\/www.eldigitaldeasturias.com\/noticias\/izquierda-unida-propondra-un-plan-contra-la-evasion-fiscal-en-asturias\/\" \/>\n\t<meta name=\"generator\" content=\"All in One SEO Pro (AIOSEO) 4.9.6.2\" \/>\n\t\t<meta property=\"og:locale\" content=\"es_ES\" \/>\n\t\t<meta property=\"og:site_name\" content=\"El Digital de Asturias\" \/>\n\t\t<meta property=\"og:type\" content=\"article\" \/>\n\t\t<meta property=\"og:title\" content=\"Izquierda unida propondr\u00e1 un plan contra la evasi\u00f3n fiscal en Asturias - El Digital de Asturias\" \/>\n\t\t<meta property=\"og:description\" content=\"Izquierda unida propondr\u00e1 este lunes en la Comisi\u00f3n de Hacienda que el Principado impulse medidas contra la evasi\u00f3n fiscal, seg\u00fan ha avanzado este domingo el portavoz de la formaci\u00f3n en el Parlamento de Asturias, Gaspar Llamazares, quien enmarc\u00f3 esta reivindicaci\u00f3n dentro de las bases para la negociaci\u00f3n presupuestaria. En una nota de prensa, IU ha\" \/>\n\t\t<meta property=\"og:url\" content=\"https:\/\/www.eldigitaldeasturias.com\/noticias\/izquierda-unida-propondra-un-plan-contra-la-evasion-fiscal-en-asturias\/\" \/>\n\t\t<meta property=\"og:image\" content=\"https:\/\/www.eldigitaldeasturias.com\/noticias\/wp-content\/uploads\/2016\/09\/fotonoticia_20160918173522_800.jpg\" \/>\n\t\t<meta property=\"og:image:secure_url\" content=\"https:\/\/www.eldigitaldeasturias.com\/noticias\/wp-content\/uploads\/2016\/09\/fotonoticia_20160918173522_800.jpg\" \/>\n\t\t<meta property=\"og:image:width\" content=\"800\" \/>\n\t\t<meta property=\"og:image:height\" content=\"600\" \/>\n\t\t<meta property=\"article:tag\" content=\"actualidad asturias\" \/>\n\t\t<meta property=\"article:published_time\" content=\"2016-09-18T17:19:27+00:00\" \/>\n\t\t<meta property=\"article:modified_time\" content=\"2016-09-18T17:19:27+00:00\" \/>\n\t\t<meta property=\"article:publisher\" content=\"https:\/\/facebook.com\/eldigitaldeasturias\" \/>\n\t\t<meta name=\"twitter:card\" content=\"summary_large_image\" \/>\n\t\t<meta name=\"twitter:title\" content=\"Izquierda unida propondr\u00e1 un plan contra la evasi\u00f3n fiscal en Asturias - El Digital de Asturias\" \/>\n\t\t<meta name=\"twitter:description\" content=\"Izquierda unida propondr\u00e1 este lunes en la Comisi\u00f3n de Hacienda que el Principado impulse medidas contra la evasi\u00f3n fiscal, seg\u00fan ha avanzado este domingo el portavoz de la formaci\u00f3n en el Parlamento de Asturias, Gaspar Llamazares, quien enmarc\u00f3 esta reivindicaci\u00f3n dentro de las bases para la negociaci\u00f3n presupuestaria. En una nota de prensa, IU ha\" \/>\n\t\t<meta name=\"twitter:image\" content=\"https:\/\/www.eldigitaldeasturias.com\/noticias\/wp-content\/uploads\/2016\/09\/fotonoticia_20160918173522_800.jpg\" \/>\n\t\t<meta name=\"twitter:label1\" content=\"Escrito por\" \/>\n\t\t<meta name=\"twitter:data1\" content=\"El Digital de Asturias\" \/>\n\t\t<meta name=\"twitter:label2\" content=\"Tiempo de lectura estimado\" \/>\n\t\t<meta name=\"twitter:data2\" content=\"1 minuto\" \/>\n\t\t<script type=\"application\/ld+json\" class=\"aioseo-schema\">\n\t\t\t{\"@context\":\"https:\\\/\\\/schema.org\",\"@graph\":[{\"@type\":\"BlogPosting\",\"@id\":\"https:\\\/\\\/www.eldigitaldeasturias.com\\\/noticias\\\/izquierda-unida-propondra-un-plan-contra-la-evasion-fiscal-en-asturias\\\/#blogposting\",\"name\":\"Izquierda unida propondr\\u00e1 un plan contra la evasi\\u00f3n fiscal en Asturias - El Digital de Asturias\",\"headline\":\"Izquierda unida propondr\\u00e1 un plan contra la evasi\\u00f3n fiscal en Asturias\",\"author\":{\"@id\":\"https:\\\/\\\/www.eldigitaldeasturias.com\\\/noticias\\\/author\\\/admin\\\/#author\"},\"publisher\":{\"@id\":\"https:\\\/\\\/www.eldigitaldeasturias.com\\\/noticias\\\/#organization\"},\"image\":{\"@type\":\"ImageObject\",\"url\":\"https:\\\/\\\/www.eldigitaldeasturias.com\\\/noticias\\\/wp-content\\\/uploads\\\/2016\\\/09\\\/fotonoticia_20160918173522_800.jpg\",\"width\":800,\"height\":600},\"datePublished\":\"2016-09-18T18:19:27+02:00\",\"dateModified\":\"2016-09-18T18:19:27+02:00\",\"inLanguage\":\"es-ES\",\"mainEntityOfPage\":{\"@id\":\"https:\\\/\\\/www.eldigitaldeasturias.com\\\/noticias\\\/izquierda-unida-propondra-un-plan-contra-la-evasion-fiscal-en-asturias\\\/#webpage\"},\"isPartOf\":{\"@id\":\"https:\\\/\\\/www.eldigitaldeasturias.com\\\/noticias\\\/izquierda-unida-propondra-un-plan-contra-la-evasion-fiscal-en-asturias\\\/#webpage\"},\"articleSection\":\"Actualidad Asturias\"},{\"@type\":\"BreadcrumbList\",\"@id\":\"https:\\\/\\\/www.eldigitaldeasturias.com\\\/noticias\\\/izquierda-unida-propondra-un-plan-contra-la-evasion-fiscal-en-asturias\\\/#breadcrumblist\",\"itemListElement\":[{\"@type\":\"ListItem\",\"@id\":\"https:\\\/\\\/www.eldigitaldeasturias.com\\\/noticias#listItem\",\"position\":1,\"name\":\"Home\",\"item\":\"https:\\\/\\\/www.eldigitaldeasturias.com\\\/noticias\",\"nextItem\":{\"@type\":\"ListItem\",\"@id\":\"https:\\\/\\\/www.eldigitaldeasturias.com\\\/noticias\\\/category\\\/actualidad-asturias\\\/#listItem\",\"name\":\"Actualidad Asturias\"}},{\"@type\":\"ListItem\",\"@id\":\"https:\\\/\\\/www.eldigitaldeasturias.com\\\/noticias\\\/category\\\/actualidad-asturias\\\/#listItem\",\"position\":2,\"name\":\"Actualidad Asturias\",\"item\":\"https:\\\/\\\/www.eldigitaldeasturias.com\\\/noticias\\\/category\\\/actualidad-asturias\\\/\",\"nextItem\":{\"@type\":\"ListItem\",\"@id\":\"https:\\\/\\\/www.eldigitaldeasturias.com\\\/noticias\\\/izquierda-unida-propondra-un-plan-contra-la-evasion-fiscal-en-asturias\\\/#listItem\",\"name\":\"Izquierda unida propondr\\u00e1 un plan contra la evasi\\u00f3n fiscal en Asturias\"},\"previousItem\":{\"@type\":\"ListItem\",\"@id\":\"https:\\\/\\\/www.eldigitaldeasturias.com\\\/noticias#listItem\",\"name\":\"Home\"}},{\"@type\":\"ListItem\",\"@id\":\"https:\\\/\\\/www.eldigitaldeasturias.com\\\/noticias\\\/izquierda-unida-propondra-un-plan-contra-la-evasion-fiscal-en-asturias\\\/#listItem\",\"position\":3,\"name\":\"Izquierda unida propondr\\u00e1 un plan contra la evasi\\u00f3n fiscal en Asturias\",\"previousItem\":{\"@type\":\"ListItem\",\"@id\":\"https:\\\/\\\/www.eldigitaldeasturias.com\\\/noticias\\\/category\\\/actualidad-asturias\\\/#listItem\",\"name\":\"Actualidad Asturias\"}}]},{\"@type\":\"Organization\",\"@id\":\"https:\\\/\\\/www.eldigitaldeasturias.com\\\/noticias\\\/#organization\",\"name\":\"El Digital de Asturias\",\"description\":\"Hemeroteca\",\"url\":\"https:\\\/\\\/www.eldigitaldeasturias.com\\\/noticias\\\/\",\"email\":\"info@eldigitaldeasturias.com\",\"telephone\":\"+34652131393\",\"logo\":{\"@type\":\"ImageObject\",\"url\":\"https:\\\/\\\/www.eldigitaldeasturias.com\\\/noticias\\\/wp-content\\\/uploads\\\/2020\\\/12\\\/EDA.jpg\",\"@id\":\"https:\\\/\\\/www.eldigitaldeasturias.com\\\/noticias\\\/izquierda-unida-propondra-un-plan-contra-la-evasion-fiscal-en-asturias\\\/#organizationLogo\",\"width\":649,\"height\":297},\"image\":{\"@id\":\"https:\\\/\\\/www.eldigitaldeasturias.com\\\/noticias\\\/izquierda-unida-propondra-un-plan-contra-la-evasion-fiscal-en-asturias\\\/#organizationLogo\"},\"sameAs\":[\"https:\\\/\\\/facebook.com\\\/eldigitaldeasturias\",\"https:\\\/\\\/www.youtube.com\\\/channel\\\/UCZP-2wLEB9Rv6erhFmqVnvg\"],\"address\":{\"@id\":\"https:\\\/\\\/www.eldigitaldeasturias.com\\\/noticias\\\/#postaladdress\",\"@type\":\"PostalAddress\",\"streetAddress\":\"san antonio 4,\",\"postalCode\":\"33430\",\"addressLocality\":\"Cand\\u00e1s\",\"addressRegion\":\"Asturias\",\"addressCountry\":\"ES\"}},{\"@type\":\"Person\",\"@id\":\"https:\\\/\\\/www.eldigitaldeasturias.com\\\/noticias\\\/author\\\/admin\\\/#author\",\"url\":\"https:\\\/\\\/www.eldigitaldeasturias.com\\\/noticias\\\/author\\\/admin\\\/\",\"name\":\"El Digital de Asturias\",\"image\":{\"@type\":\"ImageObject\",\"@id\":\"https:\\\/\\\/www.eldigitaldeasturias.com\\\/noticias\\\/izquierda-unida-propondra-un-plan-contra-la-evasion-fiscal-en-asturias\\\/#authorImage\",\"url\":\"https:\\\/\\\/www.eldigitaldeasturias.com\\\/noticias\\\/wp-content\\\/litespeed\\\/avatar\\\/18677e78aa0546b92d9dbf31ec7d7668.jpg?ver=1777290358\",\"width\":96,\"height\":96,\"caption\":\"El Digital de Asturias\"}},{\"@type\":\"WebPage\",\"@id\":\"https:\\\/\\\/www.eldigitaldeasturias.com\\\/noticias\\\/izquierda-unida-propondra-un-plan-contra-la-evasion-fiscal-en-asturias\\\/#webpage\",\"url\":\"https:\\\/\\\/www.eldigitaldeasturias.com\\\/noticias\\\/izquierda-unida-propondra-un-plan-contra-la-evasion-fiscal-en-asturias\\\/\",\"name\":\"Izquierda unida propondr\\u00e1 un plan contra la evasi\\u00f3n fiscal en Asturias - El Digital de Asturias\",\"description\":\"Izquierda unida propondr\\u00e1 este lunes en la Comisi\\u00f3n de Hacienda que el Principado impulse medidas contra la evasi\\u00f3n fiscal, seg\\u00fan ha avanzado este domingo el portavoz de la formaci\\u00f3n en el Parlamento de Asturias, Gaspar Llamazares, quien enmarc\\u00f3 esta reivindicaci\\u00f3n dentro de las bases para la negociaci\\u00f3n presupuestaria. En una nota de prensa, IU ha\",\"inLanguage\":\"es-ES\",\"isPartOf\":{\"@id\":\"https:\\\/\\\/www.eldigitaldeasturias.com\\\/noticias\\\/#website\"},\"breadcrumb\":{\"@id\":\"https:\\\/\\\/www.eldigitaldeasturias.com\\\/noticias\\\/izquierda-unida-propondra-un-plan-contra-la-evasion-fiscal-en-asturias\\\/#breadcrumblist\"},\"author\":{\"@id\":\"https:\\\/\\\/www.eldigitaldeasturias.com\\\/noticias\\\/author\\\/admin\\\/#author\"},\"creator\":{\"@id\":\"https:\\\/\\\/www.eldigitaldeasturias.com\\\/noticias\\\/author\\\/admin\\\/#author\"},\"image\":{\"@type\":\"ImageObject\",\"url\":\"https:\\\/\\\/www.eldigitaldeasturias.com\\\/noticias\\\/wp-content\\\/uploads\\\/2016\\\/09\\\/fotonoticia_20160918173522_800.jpg\",\"@id\":\"https:\\\/\\\/www.eldigitaldeasturias.com\\\/noticias\\\/izquierda-unida-propondra-un-plan-contra-la-evasion-fiscal-en-asturias\\\/#mainImage\",\"width\":800,\"height\":600},\"primaryImageOfPage\":{\"@id\":\"https:\\\/\\\/www.eldigitaldeasturias.com\\\/noticias\\\/izquierda-unida-propondra-un-plan-contra-la-evasion-fiscal-en-asturias\\\/#mainImage\"},\"datePublished\":\"2016-09-18T18:19:27+02:00\",\"dateModified\":\"2016-09-18T18:19:27+02:00\"},{\"@type\":\"WebSite\",\"@id\":\"https:\\\/\\\/www.eldigitaldeasturias.com\\\/noticias\\\/#website\",\"url\":\"https:\\\/\\\/www.eldigitaldeasturias.com\\\/noticias\\\/\",\"name\":\"El Digital de Asturias - Diario de actualidad y noticias\",\"alternateName\":\"El Digital de Asturias - Diario de actualidad y noticias\",\"description\":\"Hemeroteca\",\"inLanguage\":\"es-ES\",\"publisher\":{\"@id\":\"https:\\\/\\\/www.eldigitaldeasturias.com\\\/noticias\\\/#organization\"}}]}\n\t\t<\/script>\n\t\t<!-- All in One SEO Pro -->\r\n\t\t<title>Izquierda unida propondr\u00e1 un plan contra la evasi\u00f3n fiscal en Asturias - El Digital de Asturias<\/title>\n\n","aioseo_head_json":{"title":"Izquierda unida propondr\u00e1 un plan contra la evasi\u00f3n fiscal en Asturias - El Digital de Asturias","description":"Izquierda unida propondr\u00e1 este lunes en la Comisi\u00f3n de Hacienda que el Principado impulse medidas contra la evasi\u00f3n fiscal, seg\u00fan ha avanzado este domingo el portavoz de la formaci\u00f3n en el Parlamento de Asturias, Gaspar Llamazares, quien enmarc\u00f3 esta reivindicaci\u00f3n dentro de las bases para la negociaci\u00f3n presupuestaria. En una nota de prensa, IU ha","canonical_url":"https:\/\/www.eldigitaldeasturias.com\/noticias\/izquierda-unida-propondra-un-plan-contra-la-evasion-fiscal-en-asturias\/","robots":"max-image-preview:large","keywords":"actualidad asturias","webmasterTools":{"google-site-verification":"UA-38556648-1","msvalidate.01":"7dfe9f3f1b24437ab69f4f2559babe99","miscellaneous":""},"schema":{"@context":"https:\/\/schema.org","@graph":[{"@type":"BlogPosting","@id":"https:\/\/www.eldigitaldeasturias.com\/noticias\/izquierda-unida-propondra-un-plan-contra-la-evasion-fiscal-en-asturias\/#blogposting","name":"Izquierda unida propondr\u00e1 un plan contra la evasi\u00f3n fiscal en Asturias - El Digital de Asturias","headline":"Izquierda unida propondr\u00e1 un plan contra la evasi\u00f3n fiscal en Asturias","author":{"@id":"https:\/\/www.eldigitaldeasturias.com\/noticias\/author\/admin\/#author"},"publisher":{"@id":"https:\/\/www.eldigitaldeasturias.com\/noticias\/#organization"},"image":{"@type":"ImageObject","url":"https:\/\/www.eldigitaldeasturias.com\/noticias\/wp-content\/uploads\/2016\/09\/fotonoticia_20160918173522_800.jpg","width":800,"height":600},"datePublished":"2016-09-18T18:19:27+02:00","dateModified":"2016-09-18T18:19:27+02:00","inLanguage":"es-ES","mainEntityOfPage":{"@id":"https:\/\/www.eldigitaldeasturias.com\/noticias\/izquierda-unida-propondra-un-plan-contra-la-evasion-fiscal-en-asturias\/#webpage"},"isPartOf":{"@id":"https:\/\/www.eldigitaldeasturias.com\/noticias\/izquierda-unida-propondra-un-plan-contra-la-evasion-fiscal-en-asturias\/#webpage"},"articleSection":"Actualidad Asturias"},{"@type":"BreadcrumbList","@id":"https:\/\/www.eldigitaldeasturias.com\/noticias\/izquierda-unida-propondra-un-plan-contra-la-evasion-fiscal-en-asturias\/#breadcrumblist","itemListElement":[{"@type":"ListItem","@id":"https:\/\/www.eldigitaldeasturias.com\/noticias#listItem","position":1,"name":"Home","item":"https:\/\/www.eldigitaldeasturias.com\/noticias","nextItem":{"@type":"ListItem","@id":"https:\/\/www.eldigitaldeasturias.com\/noticias\/category\/actualidad-asturias\/#listItem","name":"Actualidad Asturias"}},{"@type":"ListItem","@id":"https:\/\/www.eldigitaldeasturias.com\/noticias\/category\/actualidad-asturias\/#listItem","position":2,"name":"Actualidad Asturias","item":"https:\/\/www.eldigitaldeasturias.com\/noticias\/category\/actualidad-asturias\/","nextItem":{"@type":"ListItem","@id":"https:\/\/www.eldigitaldeasturias.com\/noticias\/izquierda-unida-propondra-un-plan-contra-la-evasion-fiscal-en-asturias\/#listItem","name":"Izquierda unida propondr\u00e1 un plan contra la evasi\u00f3n fiscal en Asturias"},"previousItem":{"@type":"ListItem","@id":"https:\/\/www.eldigitaldeasturias.com\/noticias#listItem","name":"Home"}},{"@type":"ListItem","@id":"https:\/\/www.eldigitaldeasturias.com\/noticias\/izquierda-unida-propondra-un-plan-contra-la-evasion-fiscal-en-asturias\/#listItem","position":3,"name":"Izquierda unida propondr\u00e1 un plan contra la evasi\u00f3n fiscal en Asturias","previousItem":{"@type":"ListItem","@id":"https:\/\/www.eldigitaldeasturias.com\/noticias\/category\/actualidad-asturias\/#listItem","name":"Actualidad Asturias"}}]},{"@type":"Organization","@id":"https:\/\/www.eldigitaldeasturias.com\/noticias\/#organization","name":"El Digital de Asturias","description":"Hemeroteca","url":"https:\/\/www.eldigitaldeasturias.com\/noticias\/","email":"info@eldigitaldeasturias.com","telephone":"+34652131393","logo":{"@type":"ImageObject","url":"https:\/\/www.eldigitaldeasturias.com\/noticias\/wp-content\/uploads\/2020\/12\/EDA.jpg","@id":"https:\/\/www.eldigitaldeasturias.com\/noticias\/izquierda-unida-propondra-un-plan-contra-la-evasion-fiscal-en-asturias\/#organizationLogo","width":649,"height":297},"image":{"@id":"https:\/\/www.eldigitaldeasturias.com\/noticias\/izquierda-unida-propondra-un-plan-contra-la-evasion-fiscal-en-asturias\/#organizationLogo"},"sameAs":["https:\/\/facebook.com\/eldigitaldeasturias","https:\/\/www.youtube.com\/channel\/UCZP-2wLEB9Rv6erhFmqVnvg"],"address":{"@id":"https:\/\/www.eldigitaldeasturias.com\/noticias\/#postaladdress","@type":"PostalAddress","streetAddress":"san antonio 4,","postalCode":"33430","addressLocality":"Cand\u00e1s","addressRegion":"Asturias","addressCountry":"ES"}},{"@type":"Person","@id":"https:\/\/www.eldigitaldeasturias.com\/noticias\/author\/admin\/#author","url":"https:\/\/www.eldigitaldeasturias.com\/noticias\/author\/admin\/","name":"El Digital de Asturias","image":{"@type":"ImageObject","@id":"https:\/\/www.eldigitaldeasturias.com\/noticias\/izquierda-unida-propondra-un-plan-contra-la-evasion-fiscal-en-asturias\/#authorImage","url":"https:\/\/www.eldigitaldeasturias.com\/noticias\/wp-content\/litespeed\/avatar\/18677e78aa0546b92d9dbf31ec7d7668.jpg?ver=1777290358","width":96,"height":96,"caption":"El Digital de Asturias"}},{"@type":"WebPage","@id":"https:\/\/www.eldigitaldeasturias.com\/noticias\/izquierda-unida-propondra-un-plan-contra-la-evasion-fiscal-en-asturias\/#webpage","url":"https:\/\/www.eldigitaldeasturias.com\/noticias\/izquierda-unida-propondra-un-plan-contra-la-evasion-fiscal-en-asturias\/","name":"Izquierda unida propondr\u00e1 un plan contra la evasi\u00f3n fiscal en Asturias - El Digital de Asturias","description":"Izquierda unida propondr\u00e1 este lunes en la Comisi\u00f3n de Hacienda que el Principado impulse medidas contra la evasi\u00f3n fiscal, seg\u00fan ha avanzado este domingo el portavoz de la formaci\u00f3n en el Parlamento de Asturias, Gaspar Llamazares, quien enmarc\u00f3 esta reivindicaci\u00f3n dentro de las bases para la negociaci\u00f3n presupuestaria. En una nota de prensa, IU ha","inLanguage":"es-ES","isPartOf":{"@id":"https:\/\/www.eldigitaldeasturias.com\/noticias\/#website"},"breadcrumb":{"@id":"https:\/\/www.eldigitaldeasturias.com\/noticias\/izquierda-unida-propondra-un-plan-contra-la-evasion-fiscal-en-asturias\/#breadcrumblist"},"author":{"@id":"https:\/\/www.eldigitaldeasturias.com\/noticias\/author\/admin\/#author"},"creator":{"@id":"https:\/\/www.eldigitaldeasturias.com\/noticias\/author\/admin\/#author"},"image":{"@type":"ImageObject","url":"https:\/\/www.eldigitaldeasturias.com\/noticias\/wp-content\/uploads\/2016\/09\/fotonoticia_20160918173522_800.jpg","@id":"https:\/\/www.eldigitaldeasturias.com\/noticias\/izquierda-unida-propondra-un-plan-contra-la-evasion-fiscal-en-asturias\/#mainImage","width":800,"height":600},"primaryImageOfPage":{"@id":"https:\/\/www.eldigitaldeasturias.com\/noticias\/izquierda-unida-propondra-un-plan-contra-la-evasion-fiscal-en-asturias\/#mainImage"},"datePublished":"2016-09-18T18:19:27+02:00","dateModified":"2016-09-18T18:19:27+02:00"},{"@type":"WebSite","@id":"https:\/\/www.eldigitaldeasturias.com\/noticias\/#website","url":"https:\/\/www.eldigitaldeasturias.com\/noticias\/","name":"El Digital de Asturias - Diario de actualidad y noticias","alternateName":"El Digital de Asturias - Diario de actualidad y noticias","description":"Hemeroteca","inLanguage":"es-ES","publisher":{"@id":"https:\/\/www.eldigitaldeasturias.com\/noticias\/#organization"}}]},"og:locale":"es_ES","og:site_name":"El Digital de Asturias","og:type":"article","og:title":"Izquierda unida propondr\u00e1 un plan contra la evasi\u00f3n fiscal en Asturias - El Digital de Asturias","og:description":"Izquierda unida propondr\u00e1 este lunes en la Comisi\u00f3n de Hacienda que el Principado impulse medidas contra la evasi\u00f3n fiscal, seg\u00fan ha avanzado este domingo el portavoz de la formaci\u00f3n en el Parlamento de Asturias, Gaspar Llamazares, quien enmarc\u00f3 esta reivindicaci\u00f3n dentro de las bases para la negociaci\u00f3n presupuestaria. En una nota de prensa, IU ha","og:url":"https:\/\/www.eldigitaldeasturias.com\/noticias\/izquierda-unida-propondra-un-plan-contra-la-evasion-fiscal-en-asturias\/","og:image":"https:\/\/www.eldigitaldeasturias.com\/noticias\/wp-content\/uploads\/2016\/09\/fotonoticia_20160918173522_800.jpg","og:image:secure_url":"https:\/\/www.eldigitaldeasturias.com\/noticias\/wp-content\/uploads\/2016\/09\/fotonoticia_20160918173522_800.jpg","og:image:width":800,"og:image:height":600,"article:tag":["actualidad asturias"],"article:published_time":"2016-09-18T17:19:27+00:00","article:modified_time":"2016-09-18T17:19:27+00:00","article:publisher":"https:\/\/facebook.com\/eldigitaldeasturias","twitter:card":"summary_large_image","twitter:title":"Izquierda unida propondr\u00e1 un plan contra la evasi\u00f3n fiscal en Asturias - El Digital de Asturias","twitter:description":"Izquierda unida propondr\u00e1 este lunes en la Comisi\u00f3n de Hacienda que el Principado impulse medidas contra la evasi\u00f3n fiscal, seg\u00fan ha avanzado este domingo el portavoz de la formaci\u00f3n en el Parlamento de Asturias, Gaspar Llamazares, quien enmarc\u00f3 esta reivindicaci\u00f3n dentro de las bases para la negociaci\u00f3n presupuestaria. En una nota de prensa, IU ha","twitter:image":"https:\/\/www.eldigitaldeasturias.com\/noticias\/wp-content\/uploads\/2016\/09\/fotonoticia_20160918173522_800.jpg","twitter:label1":"Escrito por","twitter:data1":"El Digital de Asturias","twitter:label2":"Tiempo de lectura estimado","twitter:data2":"1 minuto"},"aioseo_meta_data":{"post_id":"908431","title":null,"description":null,"keywords":null,"keyphrases":null,"primary_term":null,"canonical_url":null,"og_title":null,"og_description":null,"og_object_type":"default","og_image_type":"default","og_image_url":null,"og_image_width":null,"og_image_height":null,"og_image_custom_url":null,"og_image_custom_fields":null,"og_video":null,"og_custom_url":null,"og_article_section":null,"og_article_tags":null,"twitter_use_og":false,"twitter_card":"default","twitter_image_type":"default","twitter_image_url":null,"twitter_image_custom_url":null,"twitter_image_custom_fields":null,"twitter_title":null,"twitter_description":null,"schema":{"blockGraphs":[],"customGraphs":[],"default":{"data":{"Article":[],"Course":[],"Dataset":[],"FAQPage":[],"Movie":[],"Person":[],"Product":[],"ProductReview":[],"Car":[],"Recipe":[],"Service":[],"SoftwareApplication":[],"WebPage":[]},"graphName":"","isEnabled":true},"graphs":[],"defaultGraph":"","defaultPostTypeGraph":""},"schema_type":null,"schema_type_options":null,"pillar_content":false,"robots_default":true,"robots_noindex":false,"robots_noarchive":false,"robots_nosnippet":false,"robots_nofollow":false,"robots_noimageindex":false,"robots_noodp":false,"robots_notranslate":false,"robots_max_snippet":null,"robots_max_videopreview":null,"robots_max_imagepreview":"large","priority":null,"frequency":null,"local_seo":null,"seo_analyzer_scan_date":"2025-11-30 16:07:09","breadcrumb_settings":null,"limit_modified_date":false,"open_ai":null,"ai":null,"created":"2020-12-21 14:00:13","updated":"2025-11-30 16:07:09"},"aioseo_breadcrumb":"<div class=\"aioseo-breadcrumbs\"><span class=\"aioseo-breadcrumb\">\n\t<a href=\"https:\/\/www.eldigitaldeasturias.com\/noticias\" title=\"Home\">Home<\/a>\n<\/span><span class=\"aioseo-breadcrumb-separator\">\u2013<\/span><span class=\"aioseo-breadcrumb\">\n\t<a href=\"https:\/\/www.eldigitaldeasturias.com\/noticias\/category\/actualidad-asturias\/\" title=\"Actualidad Asturias\">Actualidad Asturias<\/a>\n<\/span><span class=\"aioseo-breadcrumb-separator\">\u2013<\/span><span class=\"aioseo-breadcrumb\">\n\t<a href=\"https:\/\/www.eldigitaldeasturias.com\/noticias\/izquierda-unida-propondra-un-plan-contra-la-evasion-fiscal-en-asturias\/\" title=\"Izquierda unida propondr\u00e1 un plan contra la evasi\u00f3n fiscal en Asturias\">Izquierda unida propondr\u00e1 un plan contra la evasi\u00f3n fiscal en Asturias<\/a>\n<\/span><\/div>","aioseo_breadcrumb_json":[{"label":"Home","link":"https:\/\/www.eldigitaldeasturias.com\/noticias"},{"label":"Actualidad Asturias","link":"https:\/\/www.eldigitaldeasturias.com\/noticias\/category\/actualidad-asturias\/"},{"label":"Izquierda unida propondr\u00e1 un plan contra la evasi\u00f3n fiscal en Asturias","link":"https:\/\/www.eldigitaldeasturias.com\/noticias\/izquierda-unida-propondra-un-plan-contra-la-evasion-fiscal-en-asturias\/"}],"_links":{"self":[{"href":"https:\/\/www.eldigitaldeasturias.com\/noticias\/wp-json\/wp\/v2\/posts\/908431","targetHints":{"allow":["GET"]}}],"collection":[{"href":"https:\/\/www.eldigitaldeasturias.com\/noticias\/wp-json\/wp\/v2\/posts"}],"about":[{"href":"https:\/\/www.eldigitaldeasturias.com\/noticias\/wp-json\/wp\/v2\/types\/post"}],"author":[{"embeddable":true,"href":"https:\/\/www.eldigitaldeasturias.com\/noticias\/wp-json\/wp\/v2\/users\/1"}],"replies":[{"embeddable":true,"href":"https:\/\/www.eldigitaldeasturias.com\/noticias\/wp-json\/wp\/v2\/comments?post=908431"}],"version-history":[{"count":0,"href":"https:\/\/www.eldigitaldeasturias.com\/noticias\/wp-json\/wp\/v2\/posts\/908431\/revisions"}],"wp:featuredmedia":[{"embeddable":true,"href":"https:\/\/www.eldigitaldeasturias.com\/noticias\/wp-json\/wp\/v2\/media\/908432"}],"wp:attachment":[{"href":"https:\/\/www.eldigitaldeasturias.com\/noticias\/wp-json\/wp\/v2\/media?parent=908431"}],"wp:term":[{"taxonomy":"category","embeddable":true,"href":"https:\/\/www.eldigitaldeasturias.com\/noticias\/wp-json\/wp\/v2\/categories?post=908431"},{"taxonomy":"post_tag","embeddable":true,"href":"https:\/\/www.eldigitaldeasturias.com\/noticias\/wp-json\/wp\/v2\/tags?post=908431"}],"curies":[{"name":"wp","href":"https:\/\/api.w.org\/{rel}","templated":true}]}}