{"id":908425,"date":"2016-09-18T18:01:54","date_gmt":"2016-09-18T17:01:54","guid":{"rendered":"http:\/\/www.eldigitaldeasturias.com\/noticias\/?p=908425"},"modified":"2016-09-18T18:01:54","modified_gmt":"2016-09-18T17:01:54","slug":"un-estudio-avisa-de-la-necesidad-de-desinfectar-las-ambulancias","status":"publish","type":"post","link":"https:\/\/www.eldigitaldeasturias.com\/noticias\/un-estudio-avisa-de-la-necesidad-de-desinfectar-las-ambulancias\/","title":{"rendered":"Un estudio avisa de la necesidad de desinfectar las ambulancias"},"content":{"rendered":"<p><img loading=\"lazy\" decoding=\"async\" class=\"alignleft size-medium wp-image-908426\" src=\"https:\/\/www.eldigitaldeasturias.com\/noticias\/wp-content\/uploads\/2016\/09\/Las-ambulancias-pueden-representar-un-riesgo-de-infeccion_image_380-360x270.jpg\" alt=\"OLYMPUS DIGITAL CAMERA\" width=\"360\" height=\"270\" srcset=\"https:\/\/www.eldigitaldeasturias.com\/noticias\/wp-content\/uploads\/2016\/09\/Las-ambulancias-pueden-representar-un-riesgo-de-infeccion_image_380-360x270.jpg 360w, https:\/\/www.eldigitaldeasturias.com\/noticias\/wp-content\/uploads\/2016\/09\/Las-ambulancias-pueden-representar-un-riesgo-de-infeccion_image_380-125x95.jpg 125w, https:\/\/www.eldigitaldeasturias.com\/noticias\/wp-content\/uploads\/2016\/09\/Las-ambulancias-pueden-representar-un-riesgo-de-infeccion_image_380-100x75.jpg 100w, https:\/\/www.eldigitaldeasturias.com\/noticias\/wp-content\/uploads\/2016\/09\/Las-ambulancias-pueden-representar-un-riesgo-de-infeccion_image_380.jpg 507w\" sizes=\"auto, (max-width: 360px) 100vw, 360px\" \/>Las ambulancias pueden ser una fuente de microorganismos que originen o desarrollen enfermedades transmisibles a pacientes o personal sanitario. Estos organismos pat\u00f3genos son, en ocasiones, resistentes a m\u00faltiples f\u00e1rmacos; y las manos, el principal origen de transmisi\u00f3n.<\/p>\n<p>As\u00ed lo describe un equipo de profesionales de Enfermer\u00eda, Medicina, y Biolog\u00eda \u2014coordinado por Guillermo Quind\u00f3s, autor principal y catedr\u00e1tico en Microbiolog\u00eda de la Universidad del Pa\u00eds Vasco (UPV\/EHU)\u2014, que ha efectuado un estudio transversal para analizar la contaminaci\u00f3n de microbios o bacterias en las ambulancias.<\/p>\n<p>Es la primera vez que se realiza en Espa\u00f1a una investigaci\u00f3n de este tipo circunscrita a los veh\u00edculos de soporte vital b\u00e1sico. Los resultados, publicados en American Journal of Infection Control, revelan que la contaminaci\u00f3n microbiana de las ambulancias del \u00e1rea metropolitana de Bilbao fue mucho menor que la encontrada en estudios similares realizados en EE UU.<\/p>\n<p>La recogida de muestras se llev\u00f3 a cabo en julio de 2012 en 10 de las 17 ambulancias de soporte vital b\u00e1sico del \u00e1rea metropolitana de Bilbao. Los veh\u00edculos sanitarios realizaron una media de 225 intervenciones en los 30 d\u00edas anteriores al estudio microbiol\u00f3gico. El equipo universitario utiliz\u00f3 t\u00e9cnicas de enmascaramiento ciego para no alterar las condiciones habituales del veh\u00edculo y evitar posibles sesgos en el muestreo, an\u00e1lisis e interpretaci\u00f3n.<\/p>\n<p>Durante la toma de las muestras, se detect\u00f3 que ninguna de las diez unidades de emergencias dispon\u00eda de lavabo (no es obligatorio) para lavarse las manos, aunque ocho de ellas s\u00ed llevaban un gel hidroalc\u00f3holico, un sustituto del agua y jab\u00f3n. Tambi\u00e9n se observ\u00f3 que no dispon\u00edan de un protocolo escrito sobre la manera de limpiar y desinfectar la ambulancia.<\/p>\n<blockquote><p><strong>\u201cLa existencia de un protocolo es deseable porque facilita la realizaci\u00f3n de una correcta desinfecci\u00f3n al aparecer con detalle los pasos a dar\u201d, apunta Quind\u00f3s.<\/strong><\/p><\/blockquote>\n<p>El trabajo alerta sobre la necesidad de elaborar protocolos de desinfecci\u00f3n y concienciar al personal sanitario sobre higiene<\/p>\n<p><strong>Contaminaci\u00f3n cruzada<\/strong><\/p>\n<p>Tras el an\u00e1lisis de las diferentes muestras, el equipo de la UPV\/EHU observ\u00f3 la existencia de Staphylococcus aureus, estafilocos coagulasa negativa y otros cocos Gram-positivos, enterobacterias y otros bacilos Gram-negativos que, aunque no alcanzaron niveles alarmantes, s\u00ed alertan sobre la posibilidad de una contaminaci\u00f3n cruzada entre el espacio interior y exterior del hospital a trav\u00e9s de los traslados que se realizan en ambulancias.<\/p>\n<p>En cada ambulancia se analizaron seis puntos: dos en la cabina de conducci\u00f3n y cuatro en el \u00e1rea de pacientes. En el 73% de las 60 muestras tomadas hab\u00eda una mayor presencia de microbios en el volante, en la manilla interior de la puerta del pasajero y los asideros de la camilla.<\/p>\n<p>Estos datos confirman contaminaci\u00f3n cruzada entre el \u00e1rea del paciente y la cabina del conductor provocada por h\u00e1bitos inadecuados como, por ejemplo, conducir con las manos enguantadas despu\u00e9s de proporcionar asistencia o no lavarse las manos.<\/p>\n<p>Quind\u00f3s destaca que entre las personas que trabajan en la sanidad \u201cel h\u00e1bito de lavarse las manos es deficiente y ser\u00eda necesario concienciar sobre la importancia que esta medida de higiene tiene para evitar la contaminaci\u00f3n microbiana\u201d.<\/p>\n<p>A\u00fan as\u00ed, los niveles de contaminaci\u00f3n encontrados en los veh\u00edculos sanitarios fueron bajos. De hecho, solo en dos ambulancias se encontraron tres cultivos de Staphyloccocus aureus, agentes infecciosos m\u00e1s agresivos que, aunque pueden estar presentes en las personas sanas, son causa de infecciones hospitalarias, sobre todo en personas enfermas<\/p>\n<p>SINC<\/p>\n<p>&nbsp;<\/p>\n","protected":false},"excerpt":{"rendered":"<p>Las ambulancias pueden ser una fuente de microorganismos que originen o desarrollen enfermedades transmisibles a pacientes o personal sanitario. Estos organismos pat\u00f3genos son, en ocasiones, resistentes a m\u00faltiples f\u00e1rmacos; y las manos, el principal origen de transmisi\u00f3n. As\u00ed lo describe un equipo de profesionales de Enfermer\u00eda, Medicina, y Biolog\u00eda \u2014coordinado por Guillermo Quind\u00f3s, autor principal [&hellip;]<\/p>\n","protected":false},"author":1,"featured_media":908426,"comment_status":"closed","ping_status":"closed","sticky":false,"template":"","format":"standard","meta":{"footnotes":""},"categories":[28],"tags":[],"class_list":["post-908425","post","type-post","status-publish","format-standard","has-post-thumbnail","hentry","category-sociedad"],"aioseo_notices":[],"aioseo_head":"\n\t\t<!-- All in One SEO Pro 4.9.6.2 - aioseo.com -->\n\t<meta name=\"description\" content=\"Las ambulancias pueden ser una fuente de microorganismos que originen o desarrollen enfermedades transmisibles a pacientes o personal sanitario. Estos organismos pat\u00f3genos son, en ocasiones, resistentes a m\u00faltiples f\u00e1rmacos; y las manos, el principal origen de transmisi\u00f3n. As\u00ed lo describe un equipo de profesionales de Enfermer\u00eda, Medicina, y Biolog\u00eda \u2014coordinado por Guillermo Quind\u00f3s, autor principal\" \/>\n\t<meta name=\"robots\" content=\"max-image-preview:large\" \/>\n\t<meta name=\"author\" content=\"El Digital de Asturias\"\/>\n\t<meta name=\"google-site-verification\" content=\"UA-38556648-1\" \/>\n\t<meta name=\"msvalidate.01\" content=\"7dfe9f3f1b24437ab69f4f2559babe99\" \/>\n\t<meta name=\"keywords\" content=\"sociedad\" \/>\n\t<link rel=\"canonical\" href=\"https:\/\/www.eldigitaldeasturias.com\/noticias\/un-estudio-avisa-de-la-necesidad-de-desinfectar-las-ambulancias\/\" \/>\n\t<meta name=\"generator\" content=\"All in One SEO Pro (AIOSEO) 4.9.6.2\" \/>\n\t\t<meta property=\"og:locale\" content=\"es_ES\" \/>\n\t\t<meta property=\"og:site_name\" content=\"El Digital de Asturias\" \/>\n\t\t<meta property=\"og:type\" content=\"article\" \/>\n\t\t<meta property=\"og:title\" content=\"Un estudio avisa de la necesidad de desinfectar las ambulancias - El Digital de Asturias\" \/>\n\t\t<meta property=\"og:description\" content=\"Las ambulancias pueden ser una fuente de microorganismos que originen o desarrollen enfermedades transmisibles a pacientes o personal sanitario. Estos organismos pat\u00f3genos son, en ocasiones, resistentes a m\u00faltiples f\u00e1rmacos; y las manos, el principal origen de transmisi\u00f3n. As\u00ed lo describe un equipo de profesionales de Enfermer\u00eda, Medicina, y Biolog\u00eda \u2014coordinado por Guillermo Quind\u00f3s, autor principal\" \/>\n\t\t<meta property=\"og:url\" content=\"https:\/\/www.eldigitaldeasturias.com\/noticias\/un-estudio-avisa-de-la-necesidad-de-desinfectar-las-ambulancias\/\" \/>\n\t\t<meta property=\"og:image\" content=\"https:\/\/www.eldigitaldeasturias.com\/noticias\/wp-content\/uploads\/2016\/09\/Las-ambulancias-pueden-representar-un-riesgo-de-infeccion_image_380.jpg\" \/>\n\t\t<meta property=\"og:image:secure_url\" content=\"https:\/\/www.eldigitaldeasturias.com\/noticias\/wp-content\/uploads\/2016\/09\/Las-ambulancias-pueden-representar-un-riesgo-de-infeccion_image_380.jpg\" \/>\n\t\t<meta property=\"og:image:width\" content=\"507\" \/>\n\t\t<meta property=\"og:image:height\" content=\"380\" \/>\n\t\t<meta property=\"article:tag\" content=\"sociedad\" \/>\n\t\t<meta property=\"article:published_time\" content=\"2016-09-18T17:01:54+00:00\" \/>\n\t\t<meta property=\"article:modified_time\" content=\"2016-09-18T17:01:54+00:00\" \/>\n\t\t<meta property=\"article:publisher\" content=\"https:\/\/facebook.com\/eldigitaldeasturias\" \/>\n\t\t<meta name=\"twitter:card\" content=\"summary_large_image\" \/>\n\t\t<meta name=\"twitter:title\" content=\"Un estudio avisa de la necesidad de desinfectar las ambulancias - El Digital de Asturias\" \/>\n\t\t<meta name=\"twitter:description\" content=\"Las ambulancias pueden ser una fuente de microorganismos que originen o desarrollen enfermedades transmisibles a pacientes o personal sanitario. Estos organismos pat\u00f3genos son, en ocasiones, resistentes a m\u00faltiples f\u00e1rmacos; y las manos, el principal origen de transmisi\u00f3n. As\u00ed lo describe un equipo de profesionales de Enfermer\u00eda, Medicina, y Biolog\u00eda \u2014coordinado por Guillermo Quind\u00f3s, autor principal\" \/>\n\t\t<meta name=\"twitter:image\" content=\"https:\/\/www.eldigitaldeasturias.com\/noticias\/wp-content\/uploads\/2016\/09\/Las-ambulancias-pueden-representar-un-riesgo-de-infeccion_image_380.jpg\" \/>\n\t\t<meta name=\"twitter:label1\" content=\"Escrito por\" \/>\n\t\t<meta name=\"twitter:data1\" content=\"El Digital de Asturias\" \/>\n\t\t<meta name=\"twitter:label2\" content=\"Tiempo de lectura estimado\" \/>\n\t\t<meta name=\"twitter:data2\" content=\"3 minutos\" \/>\n\t\t<script type=\"application\/ld+json\" class=\"aioseo-schema\">\n\t\t\t{\"@context\":\"https:\\\/\\\/schema.org\",\"@graph\":[{\"@type\":\"BlogPosting\",\"@id\":\"https:\\\/\\\/www.eldigitaldeasturias.com\\\/noticias\\\/un-estudio-avisa-de-la-necesidad-de-desinfectar-las-ambulancias\\\/#blogposting\",\"name\":\"Un estudio avisa de la necesidad de desinfectar las ambulancias - El Digital de Asturias\",\"headline\":\"Un estudio avisa de la necesidad de desinfectar las ambulancias\",\"author\":{\"@id\":\"https:\\\/\\\/www.eldigitaldeasturias.com\\\/noticias\\\/author\\\/admin\\\/#author\"},\"publisher\":{\"@id\":\"https:\\\/\\\/www.eldigitaldeasturias.com\\\/noticias\\\/#organization\"},\"image\":{\"@type\":\"ImageObject\",\"url\":\"https:\\\/\\\/www.eldigitaldeasturias.com\\\/noticias\\\/wp-content\\\/uploads\\\/2016\\\/09\\\/Las-ambulancias-pueden-representar-un-riesgo-de-infeccion_image_380.jpg\",\"width\":507,\"height\":380,\"caption\":\"OLYMPUS DIGITAL CAMERA\"},\"datePublished\":\"2016-09-18T18:01:54+02:00\",\"dateModified\":\"2016-09-18T18:01:54+02:00\",\"inLanguage\":\"es-ES\",\"mainEntityOfPage\":{\"@id\":\"https:\\\/\\\/www.eldigitaldeasturias.com\\\/noticias\\\/un-estudio-avisa-de-la-necesidad-de-desinfectar-las-ambulancias\\\/#webpage\"},\"isPartOf\":{\"@id\":\"https:\\\/\\\/www.eldigitaldeasturias.com\\\/noticias\\\/un-estudio-avisa-de-la-necesidad-de-desinfectar-las-ambulancias\\\/#webpage\"},\"articleSection\":\"Sociedad\"},{\"@type\":\"BreadcrumbList\",\"@id\":\"https:\\\/\\\/www.eldigitaldeasturias.com\\\/noticias\\\/un-estudio-avisa-de-la-necesidad-de-desinfectar-las-ambulancias\\\/#breadcrumblist\",\"itemListElement\":[{\"@type\":\"ListItem\",\"@id\":\"https:\\\/\\\/www.eldigitaldeasturias.com\\\/noticias#listItem\",\"position\":1,\"name\":\"Home\",\"item\":\"https:\\\/\\\/www.eldigitaldeasturias.com\\\/noticias\",\"nextItem\":{\"@type\":\"ListItem\",\"@id\":\"https:\\\/\\\/www.eldigitaldeasturias.com\\\/noticias\\\/category\\\/sociedad\\\/#listItem\",\"name\":\"Sociedad\"}},{\"@type\":\"ListItem\",\"@id\":\"https:\\\/\\\/www.eldigitaldeasturias.com\\\/noticias\\\/category\\\/sociedad\\\/#listItem\",\"position\":2,\"name\":\"Sociedad\",\"item\":\"https:\\\/\\\/www.eldigitaldeasturias.com\\\/noticias\\\/category\\\/sociedad\\\/\",\"nextItem\":{\"@type\":\"ListItem\",\"@id\":\"https:\\\/\\\/www.eldigitaldeasturias.com\\\/noticias\\\/un-estudio-avisa-de-la-necesidad-de-desinfectar-las-ambulancias\\\/#listItem\",\"name\":\"Un estudio avisa de la necesidad de desinfectar las ambulancias\"},\"previousItem\":{\"@type\":\"ListItem\",\"@id\":\"https:\\\/\\\/www.eldigitaldeasturias.com\\\/noticias#listItem\",\"name\":\"Home\"}},{\"@type\":\"ListItem\",\"@id\":\"https:\\\/\\\/www.eldigitaldeasturias.com\\\/noticias\\\/un-estudio-avisa-de-la-necesidad-de-desinfectar-las-ambulancias\\\/#listItem\",\"position\":3,\"name\":\"Un estudio avisa de la necesidad de desinfectar las ambulancias\",\"previousItem\":{\"@type\":\"ListItem\",\"@id\":\"https:\\\/\\\/www.eldigitaldeasturias.com\\\/noticias\\\/category\\\/sociedad\\\/#listItem\",\"name\":\"Sociedad\"}}]},{\"@type\":\"Organization\",\"@id\":\"https:\\\/\\\/www.eldigitaldeasturias.com\\\/noticias\\\/#organization\",\"name\":\"El Digital de Asturias\",\"description\":\"Hemeroteca\",\"url\":\"https:\\\/\\\/www.eldigitaldeasturias.com\\\/noticias\\\/\",\"email\":\"info@eldigitaldeasturias.com\",\"telephone\":\"+34652131393\",\"logo\":{\"@type\":\"ImageObject\",\"url\":\"https:\\\/\\\/www.eldigitaldeasturias.com\\\/noticias\\\/wp-content\\\/uploads\\\/2020\\\/12\\\/EDA.jpg\",\"@id\":\"https:\\\/\\\/www.eldigitaldeasturias.com\\\/noticias\\\/un-estudio-avisa-de-la-necesidad-de-desinfectar-las-ambulancias\\\/#organizationLogo\",\"width\":649,\"height\":297},\"image\":{\"@id\":\"https:\\\/\\\/www.eldigitaldeasturias.com\\\/noticias\\\/un-estudio-avisa-de-la-necesidad-de-desinfectar-las-ambulancias\\\/#organizationLogo\"},\"sameAs\":[\"https:\\\/\\\/facebook.com\\\/eldigitaldeasturias\",\"https:\\\/\\\/www.youtube.com\\\/channel\\\/UCZP-2wLEB9Rv6erhFmqVnvg\"],\"address\":{\"@id\":\"https:\\\/\\\/www.eldigitaldeasturias.com\\\/noticias\\\/#postaladdress\",\"@type\":\"PostalAddress\",\"streetAddress\":\"san antonio 4,\",\"postalCode\":\"33430\",\"addressLocality\":\"Cand\\u00e1s\",\"addressRegion\":\"Asturias\",\"addressCountry\":\"ES\"}},{\"@type\":\"Person\",\"@id\":\"https:\\\/\\\/www.eldigitaldeasturias.com\\\/noticias\\\/author\\\/admin\\\/#author\",\"url\":\"https:\\\/\\\/www.eldigitaldeasturias.com\\\/noticias\\\/author\\\/admin\\\/\",\"name\":\"El Digital de Asturias\",\"image\":{\"@type\":\"ImageObject\",\"@id\":\"https:\\\/\\\/www.eldigitaldeasturias.com\\\/noticias\\\/un-estudio-avisa-de-la-necesidad-de-desinfectar-las-ambulancias\\\/#authorImage\",\"url\":\"https:\\\/\\\/www.eldigitaldeasturias.com\\\/noticias\\\/wp-content\\\/litespeed\\\/avatar\\\/18677e78aa0546b92d9dbf31ec7d7668.jpg?ver=1777290358\",\"width\":96,\"height\":96,\"caption\":\"El Digital de Asturias\"}},{\"@type\":\"WebPage\",\"@id\":\"https:\\\/\\\/www.eldigitaldeasturias.com\\\/noticias\\\/un-estudio-avisa-de-la-necesidad-de-desinfectar-las-ambulancias\\\/#webpage\",\"url\":\"https:\\\/\\\/www.eldigitaldeasturias.com\\\/noticias\\\/un-estudio-avisa-de-la-necesidad-de-desinfectar-las-ambulancias\\\/\",\"name\":\"Un estudio avisa de la necesidad de desinfectar las ambulancias - El Digital de Asturias\",\"description\":\"Las ambulancias pueden ser una fuente de microorganismos que originen o desarrollen enfermedades transmisibles a pacientes o personal sanitario. Estos organismos pat\\u00f3genos son, en ocasiones, resistentes a m\\u00faltiples f\\u00e1rmacos; y las manos, el principal origen de transmisi\\u00f3n. As\\u00ed lo describe un equipo de profesionales de Enfermer\\u00eda, Medicina, y Biolog\\u00eda \\u2014coordinado por Guillermo Quind\\u00f3s, autor principal\",\"inLanguage\":\"es-ES\",\"isPartOf\":{\"@id\":\"https:\\\/\\\/www.eldigitaldeasturias.com\\\/noticias\\\/#website\"},\"breadcrumb\":{\"@id\":\"https:\\\/\\\/www.eldigitaldeasturias.com\\\/noticias\\\/un-estudio-avisa-de-la-necesidad-de-desinfectar-las-ambulancias\\\/#breadcrumblist\"},\"author\":{\"@id\":\"https:\\\/\\\/www.eldigitaldeasturias.com\\\/noticias\\\/author\\\/admin\\\/#author\"},\"creator\":{\"@id\":\"https:\\\/\\\/www.eldigitaldeasturias.com\\\/noticias\\\/author\\\/admin\\\/#author\"},\"image\":{\"@type\":\"ImageObject\",\"url\":\"https:\\\/\\\/www.eldigitaldeasturias.com\\\/noticias\\\/wp-content\\\/uploads\\\/2016\\\/09\\\/Las-ambulancias-pueden-representar-un-riesgo-de-infeccion_image_380.jpg\",\"@id\":\"https:\\\/\\\/www.eldigitaldeasturias.com\\\/noticias\\\/un-estudio-avisa-de-la-necesidad-de-desinfectar-las-ambulancias\\\/#mainImage\",\"width\":507,\"height\":380,\"caption\":\"OLYMPUS DIGITAL CAMERA\"},\"primaryImageOfPage\":{\"@id\":\"https:\\\/\\\/www.eldigitaldeasturias.com\\\/noticias\\\/un-estudio-avisa-de-la-necesidad-de-desinfectar-las-ambulancias\\\/#mainImage\"},\"datePublished\":\"2016-09-18T18:01:54+02:00\",\"dateModified\":\"2016-09-18T18:01:54+02:00\"},{\"@type\":\"WebSite\",\"@id\":\"https:\\\/\\\/www.eldigitaldeasturias.com\\\/noticias\\\/#website\",\"url\":\"https:\\\/\\\/www.eldigitaldeasturias.com\\\/noticias\\\/\",\"name\":\"El Digital de Asturias - Diario de actualidad y noticias\",\"alternateName\":\"El Digital de Asturias - Diario de actualidad y noticias\",\"description\":\"Hemeroteca\",\"inLanguage\":\"es-ES\",\"publisher\":{\"@id\":\"https:\\\/\\\/www.eldigitaldeasturias.com\\\/noticias\\\/#organization\"}}]}\n\t\t<\/script>\n\t\t<!-- All in One SEO Pro -->\r\n\t\t<title>Un estudio avisa de la necesidad de desinfectar las ambulancias - El Digital de Asturias<\/title>\n\n","aioseo_head_json":{"title":"Un estudio avisa de la necesidad de desinfectar las ambulancias - El Digital de Asturias","description":"Las ambulancias pueden ser una fuente de microorganismos que originen o desarrollen enfermedades transmisibles a pacientes o personal sanitario. Estos organismos pat\u00f3genos son, en ocasiones, resistentes a m\u00faltiples f\u00e1rmacos; y las manos, el principal origen de transmisi\u00f3n. As\u00ed lo describe un equipo de profesionales de Enfermer\u00eda, Medicina, y Biolog\u00eda \u2014coordinado por Guillermo Quind\u00f3s, autor principal","canonical_url":"https:\/\/www.eldigitaldeasturias.com\/noticias\/un-estudio-avisa-de-la-necesidad-de-desinfectar-las-ambulancias\/","robots":"max-image-preview:large","keywords":"sociedad","webmasterTools":{"google-site-verification":"UA-38556648-1","msvalidate.01":"7dfe9f3f1b24437ab69f4f2559babe99","miscellaneous":""},"schema":{"@context":"https:\/\/schema.org","@graph":[{"@type":"BlogPosting","@id":"https:\/\/www.eldigitaldeasturias.com\/noticias\/un-estudio-avisa-de-la-necesidad-de-desinfectar-las-ambulancias\/#blogposting","name":"Un estudio avisa de la necesidad de desinfectar las ambulancias - El Digital de Asturias","headline":"Un estudio avisa de la necesidad de desinfectar las ambulancias","author":{"@id":"https:\/\/www.eldigitaldeasturias.com\/noticias\/author\/admin\/#author"},"publisher":{"@id":"https:\/\/www.eldigitaldeasturias.com\/noticias\/#organization"},"image":{"@type":"ImageObject","url":"https:\/\/www.eldigitaldeasturias.com\/noticias\/wp-content\/uploads\/2016\/09\/Las-ambulancias-pueden-representar-un-riesgo-de-infeccion_image_380.jpg","width":507,"height":380,"caption":"OLYMPUS DIGITAL CAMERA"},"datePublished":"2016-09-18T18:01:54+02:00","dateModified":"2016-09-18T18:01:54+02:00","inLanguage":"es-ES","mainEntityOfPage":{"@id":"https:\/\/www.eldigitaldeasturias.com\/noticias\/un-estudio-avisa-de-la-necesidad-de-desinfectar-las-ambulancias\/#webpage"},"isPartOf":{"@id":"https:\/\/www.eldigitaldeasturias.com\/noticias\/un-estudio-avisa-de-la-necesidad-de-desinfectar-las-ambulancias\/#webpage"},"articleSection":"Sociedad"},{"@type":"BreadcrumbList","@id":"https:\/\/www.eldigitaldeasturias.com\/noticias\/un-estudio-avisa-de-la-necesidad-de-desinfectar-las-ambulancias\/#breadcrumblist","itemListElement":[{"@type":"ListItem","@id":"https:\/\/www.eldigitaldeasturias.com\/noticias#listItem","position":1,"name":"Home","item":"https:\/\/www.eldigitaldeasturias.com\/noticias","nextItem":{"@type":"ListItem","@id":"https:\/\/www.eldigitaldeasturias.com\/noticias\/category\/sociedad\/#listItem","name":"Sociedad"}},{"@type":"ListItem","@id":"https:\/\/www.eldigitaldeasturias.com\/noticias\/category\/sociedad\/#listItem","position":2,"name":"Sociedad","item":"https:\/\/www.eldigitaldeasturias.com\/noticias\/category\/sociedad\/","nextItem":{"@type":"ListItem","@id":"https:\/\/www.eldigitaldeasturias.com\/noticias\/un-estudio-avisa-de-la-necesidad-de-desinfectar-las-ambulancias\/#listItem","name":"Un estudio avisa de la necesidad de desinfectar las ambulancias"},"previousItem":{"@type":"ListItem","@id":"https:\/\/www.eldigitaldeasturias.com\/noticias#listItem","name":"Home"}},{"@type":"ListItem","@id":"https:\/\/www.eldigitaldeasturias.com\/noticias\/un-estudio-avisa-de-la-necesidad-de-desinfectar-las-ambulancias\/#listItem","position":3,"name":"Un estudio avisa de la necesidad de desinfectar las ambulancias","previousItem":{"@type":"ListItem","@id":"https:\/\/www.eldigitaldeasturias.com\/noticias\/category\/sociedad\/#listItem","name":"Sociedad"}}]},{"@type":"Organization","@id":"https:\/\/www.eldigitaldeasturias.com\/noticias\/#organization","name":"El Digital de Asturias","description":"Hemeroteca","url":"https:\/\/www.eldigitaldeasturias.com\/noticias\/","email":"info@eldigitaldeasturias.com","telephone":"+34652131393","logo":{"@type":"ImageObject","url":"https:\/\/www.eldigitaldeasturias.com\/noticias\/wp-content\/uploads\/2020\/12\/EDA.jpg","@id":"https:\/\/www.eldigitaldeasturias.com\/noticias\/un-estudio-avisa-de-la-necesidad-de-desinfectar-las-ambulancias\/#organizationLogo","width":649,"height":297},"image":{"@id":"https:\/\/www.eldigitaldeasturias.com\/noticias\/un-estudio-avisa-de-la-necesidad-de-desinfectar-las-ambulancias\/#organizationLogo"},"sameAs":["https:\/\/facebook.com\/eldigitaldeasturias","https:\/\/www.youtube.com\/channel\/UCZP-2wLEB9Rv6erhFmqVnvg"],"address":{"@id":"https:\/\/www.eldigitaldeasturias.com\/noticias\/#postaladdress","@type":"PostalAddress","streetAddress":"san antonio 4,","postalCode":"33430","addressLocality":"Cand\u00e1s","addressRegion":"Asturias","addressCountry":"ES"}},{"@type":"Person","@id":"https:\/\/www.eldigitaldeasturias.com\/noticias\/author\/admin\/#author","url":"https:\/\/www.eldigitaldeasturias.com\/noticias\/author\/admin\/","name":"El Digital de Asturias","image":{"@type":"ImageObject","@id":"https:\/\/www.eldigitaldeasturias.com\/noticias\/un-estudio-avisa-de-la-necesidad-de-desinfectar-las-ambulancias\/#authorImage","url":"https:\/\/www.eldigitaldeasturias.com\/noticias\/wp-content\/litespeed\/avatar\/18677e78aa0546b92d9dbf31ec7d7668.jpg?ver=1777290358","width":96,"height":96,"caption":"El Digital de Asturias"}},{"@type":"WebPage","@id":"https:\/\/www.eldigitaldeasturias.com\/noticias\/un-estudio-avisa-de-la-necesidad-de-desinfectar-las-ambulancias\/#webpage","url":"https:\/\/www.eldigitaldeasturias.com\/noticias\/un-estudio-avisa-de-la-necesidad-de-desinfectar-las-ambulancias\/","name":"Un estudio avisa de la necesidad de desinfectar las ambulancias - El Digital de Asturias","description":"Las ambulancias pueden ser una fuente de microorganismos que originen o desarrollen enfermedades transmisibles a pacientes o personal sanitario. Estos organismos pat\u00f3genos son, en ocasiones, resistentes a m\u00faltiples f\u00e1rmacos; y las manos, el principal origen de transmisi\u00f3n. As\u00ed lo describe un equipo de profesionales de Enfermer\u00eda, Medicina, y Biolog\u00eda \u2014coordinado por Guillermo Quind\u00f3s, autor principal","inLanguage":"es-ES","isPartOf":{"@id":"https:\/\/www.eldigitaldeasturias.com\/noticias\/#website"},"breadcrumb":{"@id":"https:\/\/www.eldigitaldeasturias.com\/noticias\/un-estudio-avisa-de-la-necesidad-de-desinfectar-las-ambulancias\/#breadcrumblist"},"author":{"@id":"https:\/\/www.eldigitaldeasturias.com\/noticias\/author\/admin\/#author"},"creator":{"@id":"https:\/\/www.eldigitaldeasturias.com\/noticias\/author\/admin\/#author"},"image":{"@type":"ImageObject","url":"https:\/\/www.eldigitaldeasturias.com\/noticias\/wp-content\/uploads\/2016\/09\/Las-ambulancias-pueden-representar-un-riesgo-de-infeccion_image_380.jpg","@id":"https:\/\/www.eldigitaldeasturias.com\/noticias\/un-estudio-avisa-de-la-necesidad-de-desinfectar-las-ambulancias\/#mainImage","width":507,"height":380,"caption":"OLYMPUS DIGITAL CAMERA"},"primaryImageOfPage":{"@id":"https:\/\/www.eldigitaldeasturias.com\/noticias\/un-estudio-avisa-de-la-necesidad-de-desinfectar-las-ambulancias\/#mainImage"},"datePublished":"2016-09-18T18:01:54+02:00","dateModified":"2016-09-18T18:01:54+02:00"},{"@type":"WebSite","@id":"https:\/\/www.eldigitaldeasturias.com\/noticias\/#website","url":"https:\/\/www.eldigitaldeasturias.com\/noticias\/","name":"El Digital de Asturias - Diario de actualidad y noticias","alternateName":"El Digital de Asturias - Diario de actualidad y noticias","description":"Hemeroteca","inLanguage":"es-ES","publisher":{"@id":"https:\/\/www.eldigitaldeasturias.com\/noticias\/#organization"}}]},"og:locale":"es_ES","og:site_name":"El Digital de Asturias","og:type":"article","og:title":"Un estudio avisa de la necesidad de desinfectar las ambulancias - El Digital de Asturias","og:description":"Las ambulancias pueden ser una fuente de microorganismos que originen o desarrollen enfermedades transmisibles a pacientes o personal sanitario. Estos organismos pat\u00f3genos son, en ocasiones, resistentes a m\u00faltiples f\u00e1rmacos; y las manos, el principal origen de transmisi\u00f3n. As\u00ed lo describe un equipo de profesionales de Enfermer\u00eda, Medicina, y Biolog\u00eda \u2014coordinado por Guillermo Quind\u00f3s, autor principal","og:url":"https:\/\/www.eldigitaldeasturias.com\/noticias\/un-estudio-avisa-de-la-necesidad-de-desinfectar-las-ambulancias\/","og:image":"https:\/\/www.eldigitaldeasturias.com\/noticias\/wp-content\/uploads\/2016\/09\/Las-ambulancias-pueden-representar-un-riesgo-de-infeccion_image_380.jpg","og:image:secure_url":"https:\/\/www.eldigitaldeasturias.com\/noticias\/wp-content\/uploads\/2016\/09\/Las-ambulancias-pueden-representar-un-riesgo-de-infeccion_image_380.jpg","og:image:width":507,"og:image:height":380,"article:tag":["sociedad"],"article:published_time":"2016-09-18T17:01:54+00:00","article:modified_time":"2016-09-18T17:01:54+00:00","article:publisher":"https:\/\/facebook.com\/eldigitaldeasturias","twitter:card":"summary_large_image","twitter:title":"Un estudio avisa de la necesidad de desinfectar las ambulancias - El Digital de Asturias","twitter:description":"Las ambulancias pueden ser una fuente de microorganismos que originen o desarrollen enfermedades transmisibles a pacientes o personal sanitario. Estos organismos pat\u00f3genos son, en ocasiones, resistentes a m\u00faltiples f\u00e1rmacos; y las manos, el principal origen de transmisi\u00f3n. As\u00ed lo describe un equipo de profesionales de Enfermer\u00eda, Medicina, y Biolog\u00eda \u2014coordinado por Guillermo Quind\u00f3s, autor principal","twitter:image":"https:\/\/www.eldigitaldeasturias.com\/noticias\/wp-content\/uploads\/2016\/09\/Las-ambulancias-pueden-representar-un-riesgo-de-infeccion_image_380.jpg","twitter:label1":"Escrito por","twitter:data1":"El Digital de Asturias","twitter:label2":"Tiempo de lectura estimado","twitter:data2":"3 minutos"},"aioseo_meta_data":{"post_id":"908425","title":null,"description":null,"keywords":null,"keyphrases":null,"primary_term":null,"canonical_url":null,"og_title":null,"og_description":null,"og_object_type":"default","og_image_type":"default","og_image_url":null,"og_image_width":null,"og_image_height":null,"og_image_custom_url":null,"og_image_custom_fields":null,"og_video":null,"og_custom_url":null,"og_article_section":null,"og_article_tags":null,"twitter_use_og":false,"twitter_card":"default","twitter_image_type":"default","twitter_image_url":null,"twitter_image_custom_url":null,"twitter_image_custom_fields":null,"twitter_title":null,"twitter_description":null,"schema":{"blockGraphs":[],"customGraphs":[],"default":{"data":{"Article":[],"Course":[],"Dataset":[],"FAQPage":[],"Movie":[],"Person":[],"Product":[],"ProductReview":[],"Car":[],"Recipe":[],"Service":[],"SoftwareApplication":[],"WebPage":[]},"graphName":"","isEnabled":true},"graphs":[],"defaultGraph":"","defaultPostTypeGraph":""},"schema_type":null,"schema_type_options":null,"pillar_content":false,"robots_default":true,"robots_noindex":false,"robots_noarchive":false,"robots_nosnippet":false,"robots_nofollow":false,"robots_noimageindex":false,"robots_noodp":false,"robots_notranslate":false,"robots_max_snippet":null,"robots_max_videopreview":null,"robots_max_imagepreview":"large","priority":null,"frequency":null,"local_seo":null,"seo_analyzer_scan_date":"2025-11-30 16:05:11","breadcrumb_settings":null,"limit_modified_date":false,"open_ai":null,"ai":null,"created":"2020-12-21 14:00:13","updated":"2025-11-30 16:05:11"},"aioseo_breadcrumb":"<div class=\"aioseo-breadcrumbs\"><span class=\"aioseo-breadcrumb\">\n\t<a href=\"https:\/\/www.eldigitaldeasturias.com\/noticias\" title=\"Home\">Home<\/a>\n<\/span><span class=\"aioseo-breadcrumb-separator\">\u2013<\/span><span class=\"aioseo-breadcrumb\">\n\t<a href=\"https:\/\/www.eldigitaldeasturias.com\/noticias\/category\/sociedad\/\" title=\"Sociedad\">Sociedad<\/a>\n<\/span><span class=\"aioseo-breadcrumb-separator\">\u2013<\/span><span class=\"aioseo-breadcrumb\">\n\t<a href=\"https:\/\/www.eldigitaldeasturias.com\/noticias\/un-estudio-avisa-de-la-necesidad-de-desinfectar-las-ambulancias\/\" title=\"Un estudio avisa de la necesidad de desinfectar las ambulancias\">Un estudio avisa de la necesidad de desinfectar las ambulancias<\/a>\n<\/span><\/div>","aioseo_breadcrumb_json":[{"label":"Home","link":"https:\/\/www.eldigitaldeasturias.com\/noticias"},{"label":"Sociedad","link":"https:\/\/www.eldigitaldeasturias.com\/noticias\/category\/sociedad\/"},{"label":"Un estudio avisa de la necesidad de desinfectar las ambulancias","link":"https:\/\/www.eldigitaldeasturias.com\/noticias\/un-estudio-avisa-de-la-necesidad-de-desinfectar-las-ambulancias\/"}],"_links":{"self":[{"href":"https:\/\/www.eldigitaldeasturias.com\/noticias\/wp-json\/wp\/v2\/posts\/908425","targetHints":{"allow":["GET"]}}],"collection":[{"href":"https:\/\/www.eldigitaldeasturias.com\/noticias\/wp-json\/wp\/v2\/posts"}],"about":[{"href":"https:\/\/www.eldigitaldeasturias.com\/noticias\/wp-json\/wp\/v2\/types\/post"}],"author":[{"embeddable":true,"href":"https:\/\/www.eldigitaldeasturias.com\/noticias\/wp-json\/wp\/v2\/users\/1"}],"replies":[{"embeddable":true,"href":"https:\/\/www.eldigitaldeasturias.com\/noticias\/wp-json\/wp\/v2\/comments?post=908425"}],"version-history":[{"count":0,"href":"https:\/\/www.eldigitaldeasturias.com\/noticias\/wp-json\/wp\/v2\/posts\/908425\/revisions"}],"wp:featuredmedia":[{"embeddable":true,"href":"https:\/\/www.eldigitaldeasturias.com\/noticias\/wp-json\/wp\/v2\/media\/908426"}],"wp:attachment":[{"href":"https:\/\/www.eldigitaldeasturias.com\/noticias\/wp-json\/wp\/v2\/media?parent=908425"}],"wp:term":[{"taxonomy":"category","embeddable":true,"href":"https:\/\/www.eldigitaldeasturias.com\/noticias\/wp-json\/wp\/v2\/categories?post=908425"},{"taxonomy":"post_tag","embeddable":true,"href":"https:\/\/www.eldigitaldeasturias.com\/noticias\/wp-json\/wp\/v2\/tags?post=908425"}],"curies":[{"name":"wp","href":"https:\/\/api.w.org\/{rel}","templated":true}]}}