{"id":908419,"date":"2016-09-18T17:55:00","date_gmt":"2016-09-18T16:55:00","guid":{"rendered":"http:\/\/www.eldigitaldeasturias.com\/noticias\/?p=908419"},"modified":"2016-09-18T17:55:00","modified_gmt":"2016-09-18T16:55:00","slug":"sentir-portugal-del-22-al-25-de-septiembre-en-trascorrales","status":"publish","type":"post","link":"https:\/\/www.eldigitaldeasturias.com\/noticias\/sentir-portugal-del-22-al-25-de-septiembre-en-trascorrales\/","title":{"rendered":"\u201cSentir Portugal\u201d del 22 al 25 de septiembre en Trascorrales"},"content":{"rendered":"<p><img loading=\"lazy\" decoding=\"async\" class=\"alignleft size-medium wp-image-674639\" src=\"https:\/\/www.eldigitaldeasturias.com\/noticias\/wp-content\/uploads\/2014\/11\/oviedo-360x270.jpg\" alt=\"oviedo\" width=\"360\" height=\"270\" srcset=\"https:\/\/www.eldigitaldeasturias.com\/noticias\/wp-content\/uploads\/2014\/11\/oviedo-360x270.jpg 360w, https:\/\/www.eldigitaldeasturias.com\/noticias\/wp-content\/uploads\/2014\/11\/oviedo-400x300.jpg 400w, https:\/\/www.eldigitaldeasturias.com\/noticias\/wp-content\/uploads\/2014\/11\/oviedo-768x576.jpg 768w, https:\/\/www.eldigitaldeasturias.com\/noticias\/wp-content\/uploads\/2014\/11\/oviedo-640x480.jpg 640w, https:\/\/www.eldigitaldeasturias.com\/noticias\/wp-content\/uploads\/2014\/11\/oviedo-20x15.jpg 20w, https:\/\/www.eldigitaldeasturias.com\/noticias\/wp-content\/uploads\/2014\/11\/oviedo.jpg 800w\" sizes=\"auto, (max-width: 360px) 100vw, 360px\" \/>Rub\u00e9n Ros\u00f3n y el representante de Progestur, H\u00e9lder Ferreira, anunciaron en rueda de prensa que Oviedo estar\u00e1 presente en la Feria Internacional M\u00e1scara Ib\u00e9rica que se celebrar\u00e1 el segundo fin de semana del mes de mayo de 2017.<\/p>\n<p>Este anuncio se realiz\u00f3 durante la presentaci\u00f3n del evento \u2018Sentir Portugal&#8217;, que se celebrar\u00e1 del jueves 22 al domingo 25 de septiembre en la antigua plaza del Pescado en Trascorrales. El evento incluye la degustaci\u00f3n y venta de productos gastron\u00f3micos lusos adem\u00e1s de presentarse diferentes expresiones art\u00edsticas del pa\u00eds vecino.<\/p>\n<p>En opini\u00f3n del concejal de Econom\u00eda y Turismo, la presencia de Oviedo en este Festival ser\u00e1 una plataforma que permita a la ciudad y a Asturias \u00abacercarnos todav\u00eda m\u00e1s a Portugal, hacer promoci\u00f3n tur\u00edstica y, ampliar los lazos pol\u00edticos y comerciales con nuestros vecinos\u00bb.<\/p>\n<p>Respecto a \u2018Sentir Portugal&#8217;, el edil indic\u00f3 que la celebraci\u00f3n de este evento \u00abes un primer paso de una relaci\u00f3n m\u00e1s intensa en lo tur\u00edstico, lo gastron\u00f3mico, lo social o lo cultura con Lisboa y con Portugal\u00bb.<\/p>\n<p>Por su parte, el representante de Progestur asegur\u00f3 que su objetivo es \u00abcrear un puente institucional, empresarial y cultural\u00bb entre la capital de Portugal y Oviedo.<\/p>\n<p>Entre los productos que estar\u00e1n presentes en el evento cit\u00f3, vinos, quesos artesanos, bacalao, dulces, etc \u00abtodo ello mezclado con la cultura, por lo que las noches del viernes y el s\u00e1bado habr\u00e1 cenas con actuaciones de Fado\u00bb.<\/p>\n<p>&nbsp;<\/p>\n","protected":false},"excerpt":{"rendered":"<p>Rub\u00e9n Ros\u00f3n y el representante de Progestur, H\u00e9lder Ferreira, anunciaron en rueda de prensa que Oviedo estar\u00e1 presente en la Feria Internacional M\u00e1scara Ib\u00e9rica que se celebrar\u00e1 el segundo fin de semana del mes de mayo de 2017. Este anuncio se realiz\u00f3 durante la presentaci\u00f3n del evento \u2018Sentir Portugal&#8217;, que se celebrar\u00e1 del jueves 22 [&hellip;]<\/p>\n","protected":false},"author":1,"featured_media":674639,"comment_status":"closed","ping_status":"closed","sticky":false,"template":"","format":"standard","meta":{"footnotes":""},"categories":[50],"tags":[],"class_list":["post-908419","post","type-post","status-publish","format-standard","has-post-thumbnail","hentry","category-revista-de-ocio"],"aioseo_notices":[],"aioseo_head":"\n\t\t<!-- All in One SEO Pro 4.9.6.2 - aioseo.com -->\n\t<meta name=\"description\" content=\"Rub\u00e9n Ros\u00f3n y el representante de Progestur, H\u00e9lder Ferreira, anunciaron en rueda de prensa que Oviedo estar\u00e1 presente en la Feria Internacional M\u00e1scara Ib\u00e9rica que se celebrar\u00e1 el segundo fin de semana del mes de mayo de 2017. Este anuncio se realiz\u00f3 durante la presentaci\u00f3n del evento \u2018Sentir Portugal&#039;, que se celebrar\u00e1 del jueves 22\" \/>\n\t<meta name=\"robots\" content=\"max-image-preview:large\" \/>\n\t<meta name=\"author\" content=\"El Digital de Asturias\"\/>\n\t<meta name=\"google-site-verification\" content=\"UA-38556648-1\" \/>\n\t<meta name=\"msvalidate.01\" content=\"7dfe9f3f1b24437ab69f4f2559babe99\" \/>\n\t<meta name=\"keywords\" content=\"revista de ocio\" \/>\n\t<link rel=\"canonical\" href=\"https:\/\/www.eldigitaldeasturias.com\/noticias\/sentir-portugal-del-22-al-25-de-septiembre-en-trascorrales\/\" \/>\n\t<meta name=\"generator\" content=\"All in One SEO Pro (AIOSEO) 4.9.6.2\" \/>\n\t\t<meta property=\"og:locale\" content=\"es_ES\" \/>\n\t\t<meta property=\"og:site_name\" content=\"El Digital de Asturias\" \/>\n\t\t<meta property=\"og:type\" content=\"article\" \/>\n\t\t<meta property=\"og:title\" content=\"\u201cSentir Portugal\u201d del 22 al 25 de septiembre en Trascorrales - El Digital de Asturias\" \/>\n\t\t<meta property=\"og:description\" content=\"Rub\u00e9n Ros\u00f3n y el representante de Progestur, H\u00e9lder Ferreira, anunciaron en rueda de prensa que Oviedo estar\u00e1 presente en la Feria Internacional M\u00e1scara Ib\u00e9rica que se celebrar\u00e1 el segundo fin de semana del mes de mayo de 2017. Este anuncio se realiz\u00f3 durante la presentaci\u00f3n del evento \u2018Sentir Portugal&#039;, que se celebrar\u00e1 del jueves 22\" \/>\n\t\t<meta property=\"og:url\" content=\"https:\/\/www.eldigitaldeasturias.com\/noticias\/sentir-portugal-del-22-al-25-de-septiembre-en-trascorrales\/\" \/>\n\t\t<meta property=\"og:image\" content=\"https:\/\/www.eldigitaldeasturias.com\/noticias\/wp-content\/uploads\/2014\/11\/oviedo.jpg\" \/>\n\t\t<meta property=\"og:image:secure_url\" content=\"https:\/\/www.eldigitaldeasturias.com\/noticias\/wp-content\/uploads\/2014\/11\/oviedo.jpg\" \/>\n\t\t<meta property=\"og:image:width\" content=\"800\" \/>\n\t\t<meta property=\"og:image:height\" content=\"600\" \/>\n\t\t<meta property=\"article:tag\" content=\"revista de ocio\" \/>\n\t\t<meta property=\"article:published_time\" content=\"2016-09-18T16:55:00+00:00\" \/>\n\t\t<meta property=\"article:modified_time\" content=\"2016-09-18T16:55:00+00:00\" \/>\n\t\t<meta property=\"article:publisher\" content=\"https:\/\/facebook.com\/eldigitaldeasturias\" \/>\n\t\t<meta name=\"twitter:card\" content=\"summary_large_image\" \/>\n\t\t<meta name=\"twitter:title\" content=\"\u201cSentir Portugal\u201d del 22 al 25 de septiembre en Trascorrales - El Digital de Asturias\" \/>\n\t\t<meta name=\"twitter:description\" content=\"Rub\u00e9n Ros\u00f3n y el representante de Progestur, H\u00e9lder Ferreira, anunciaron en rueda de prensa que Oviedo estar\u00e1 presente en la Feria Internacional M\u00e1scara Ib\u00e9rica que se celebrar\u00e1 el segundo fin de semana del mes de mayo de 2017. Este anuncio se realiz\u00f3 durante la presentaci\u00f3n del evento \u2018Sentir Portugal&#039;, que se celebrar\u00e1 del jueves 22\" \/>\n\t\t<meta name=\"twitter:image\" content=\"https:\/\/www.eldigitaldeasturias.com\/noticias\/wp-content\/uploads\/2014\/11\/oviedo.jpg\" \/>\n\t\t<meta name=\"twitter:label1\" content=\"Escrito por\" \/>\n\t\t<meta name=\"twitter:data1\" content=\"El Digital de Asturias\" \/>\n\t\t<meta name=\"twitter:label2\" content=\"Tiempo de lectura estimado\" \/>\n\t\t<meta name=\"twitter:data2\" content=\"1 minuto\" \/>\n\t\t<script type=\"application\/ld+json\" class=\"aioseo-schema\">\n\t\t\t{\"@context\":\"https:\\\/\\\/schema.org\",\"@graph\":[{\"@type\":\"BlogPosting\",\"@id\":\"https:\\\/\\\/www.eldigitaldeasturias.com\\\/noticias\\\/sentir-portugal-del-22-al-25-de-septiembre-en-trascorrales\\\/#blogposting\",\"name\":\"\\u201cSentir Portugal\\u201d del 22 al 25 de septiembre en Trascorrales - El Digital de Asturias\",\"headline\":\"\\u201cSentir Portugal\\u201d del 22 al 25 de septiembre en Trascorrales\",\"author\":{\"@id\":\"https:\\\/\\\/www.eldigitaldeasturias.com\\\/noticias\\\/author\\\/admin\\\/#author\"},\"publisher\":{\"@id\":\"https:\\\/\\\/www.eldigitaldeasturias.com\\\/noticias\\\/#organization\"},\"image\":{\"@type\":\"ImageObject\",\"url\":\"https:\\\/\\\/www.eldigitaldeasturias.com\\\/noticias\\\/wp-content\\\/uploads\\\/2014\\\/11\\\/oviedo.jpg\",\"width\":800,\"height\":600},\"datePublished\":\"2016-09-18T17:55:00+02:00\",\"dateModified\":\"2016-09-18T17:55:00+02:00\",\"inLanguage\":\"es-ES\",\"mainEntityOfPage\":{\"@id\":\"https:\\\/\\\/www.eldigitaldeasturias.com\\\/noticias\\\/sentir-portugal-del-22-al-25-de-septiembre-en-trascorrales\\\/#webpage\"},\"isPartOf\":{\"@id\":\"https:\\\/\\\/www.eldigitaldeasturias.com\\\/noticias\\\/sentir-portugal-del-22-al-25-de-septiembre-en-trascorrales\\\/#webpage\"},\"articleSection\":\"Revista de Ocio\"},{\"@type\":\"BreadcrumbList\",\"@id\":\"https:\\\/\\\/www.eldigitaldeasturias.com\\\/noticias\\\/sentir-portugal-del-22-al-25-de-septiembre-en-trascorrales\\\/#breadcrumblist\",\"itemListElement\":[{\"@type\":\"ListItem\",\"@id\":\"https:\\\/\\\/www.eldigitaldeasturias.com\\\/noticias#listItem\",\"position\":1,\"name\":\"Home\",\"item\":\"https:\\\/\\\/www.eldigitaldeasturias.com\\\/noticias\",\"nextItem\":{\"@type\":\"ListItem\",\"@id\":\"https:\\\/\\\/www.eldigitaldeasturias.com\\\/noticias\\\/category\\\/revista-de-ocio\\\/#listItem\",\"name\":\"Revista de Ocio\"}},{\"@type\":\"ListItem\",\"@id\":\"https:\\\/\\\/www.eldigitaldeasturias.com\\\/noticias\\\/category\\\/revista-de-ocio\\\/#listItem\",\"position\":2,\"name\":\"Revista de Ocio\",\"item\":\"https:\\\/\\\/www.eldigitaldeasturias.com\\\/noticias\\\/category\\\/revista-de-ocio\\\/\",\"nextItem\":{\"@type\":\"ListItem\",\"@id\":\"https:\\\/\\\/www.eldigitaldeasturias.com\\\/noticias\\\/sentir-portugal-del-22-al-25-de-septiembre-en-trascorrales\\\/#listItem\",\"name\":\"\\u201cSentir Portugal\\u201d del 22 al 25 de septiembre en Trascorrales\"},\"previousItem\":{\"@type\":\"ListItem\",\"@id\":\"https:\\\/\\\/www.eldigitaldeasturias.com\\\/noticias#listItem\",\"name\":\"Home\"}},{\"@type\":\"ListItem\",\"@id\":\"https:\\\/\\\/www.eldigitaldeasturias.com\\\/noticias\\\/sentir-portugal-del-22-al-25-de-septiembre-en-trascorrales\\\/#listItem\",\"position\":3,\"name\":\"\\u201cSentir Portugal\\u201d del 22 al 25 de septiembre en Trascorrales\",\"previousItem\":{\"@type\":\"ListItem\",\"@id\":\"https:\\\/\\\/www.eldigitaldeasturias.com\\\/noticias\\\/category\\\/revista-de-ocio\\\/#listItem\",\"name\":\"Revista de Ocio\"}}]},{\"@type\":\"Organization\",\"@id\":\"https:\\\/\\\/www.eldigitaldeasturias.com\\\/noticias\\\/#organization\",\"name\":\"El Digital de Asturias\",\"description\":\"Hemeroteca\",\"url\":\"https:\\\/\\\/www.eldigitaldeasturias.com\\\/noticias\\\/\",\"email\":\"info@eldigitaldeasturias.com\",\"telephone\":\"+34652131393\",\"logo\":{\"@type\":\"ImageObject\",\"url\":\"https:\\\/\\\/www.eldigitaldeasturias.com\\\/noticias\\\/wp-content\\\/uploads\\\/2020\\\/12\\\/EDA.jpg\",\"@id\":\"https:\\\/\\\/www.eldigitaldeasturias.com\\\/noticias\\\/sentir-portugal-del-22-al-25-de-septiembre-en-trascorrales\\\/#organizationLogo\",\"width\":649,\"height\":297},\"image\":{\"@id\":\"https:\\\/\\\/www.eldigitaldeasturias.com\\\/noticias\\\/sentir-portugal-del-22-al-25-de-septiembre-en-trascorrales\\\/#organizationLogo\"},\"sameAs\":[\"https:\\\/\\\/facebook.com\\\/eldigitaldeasturias\",\"https:\\\/\\\/www.youtube.com\\\/channel\\\/UCZP-2wLEB9Rv6erhFmqVnvg\"],\"address\":{\"@id\":\"https:\\\/\\\/www.eldigitaldeasturias.com\\\/noticias\\\/#postaladdress\",\"@type\":\"PostalAddress\",\"streetAddress\":\"san antonio 4,\",\"postalCode\":\"33430\",\"addressLocality\":\"Cand\\u00e1s\",\"addressRegion\":\"Asturias\",\"addressCountry\":\"ES\"}},{\"@type\":\"Person\",\"@id\":\"https:\\\/\\\/www.eldigitaldeasturias.com\\\/noticias\\\/author\\\/admin\\\/#author\",\"url\":\"https:\\\/\\\/www.eldigitaldeasturias.com\\\/noticias\\\/author\\\/admin\\\/\",\"name\":\"El Digital de Asturias\",\"image\":{\"@type\":\"ImageObject\",\"@id\":\"https:\\\/\\\/www.eldigitaldeasturias.com\\\/noticias\\\/sentir-portugal-del-22-al-25-de-septiembre-en-trascorrales\\\/#authorImage\",\"url\":\"https:\\\/\\\/www.eldigitaldeasturias.com\\\/noticias\\\/wp-content\\\/litespeed\\\/avatar\\\/18677e78aa0546b92d9dbf31ec7d7668.jpg?ver=1777290358\",\"width\":96,\"height\":96,\"caption\":\"El Digital de Asturias\"}},{\"@type\":\"WebPage\",\"@id\":\"https:\\\/\\\/www.eldigitaldeasturias.com\\\/noticias\\\/sentir-portugal-del-22-al-25-de-septiembre-en-trascorrales\\\/#webpage\",\"url\":\"https:\\\/\\\/www.eldigitaldeasturias.com\\\/noticias\\\/sentir-portugal-del-22-al-25-de-septiembre-en-trascorrales\\\/\",\"name\":\"\\u201cSentir Portugal\\u201d del 22 al 25 de septiembre en Trascorrales - El Digital de Asturias\",\"description\":\"Rub\\u00e9n Ros\\u00f3n y el representante de Progestur, H\\u00e9lder Ferreira, anunciaron en rueda de prensa que Oviedo estar\\u00e1 presente en la Feria Internacional M\\u00e1scara Ib\\u00e9rica que se celebrar\\u00e1 el segundo fin de semana del mes de mayo de 2017. Este anuncio se realiz\\u00f3 durante la presentaci\\u00f3n del evento \\u2018Sentir Portugal', que se celebrar\\u00e1 del jueves 22\",\"inLanguage\":\"es-ES\",\"isPartOf\":{\"@id\":\"https:\\\/\\\/www.eldigitaldeasturias.com\\\/noticias\\\/#website\"},\"breadcrumb\":{\"@id\":\"https:\\\/\\\/www.eldigitaldeasturias.com\\\/noticias\\\/sentir-portugal-del-22-al-25-de-septiembre-en-trascorrales\\\/#breadcrumblist\"},\"author\":{\"@id\":\"https:\\\/\\\/www.eldigitaldeasturias.com\\\/noticias\\\/author\\\/admin\\\/#author\"},\"creator\":{\"@id\":\"https:\\\/\\\/www.eldigitaldeasturias.com\\\/noticias\\\/author\\\/admin\\\/#author\"},\"image\":{\"@type\":\"ImageObject\",\"url\":\"https:\\\/\\\/www.eldigitaldeasturias.com\\\/noticias\\\/wp-content\\\/uploads\\\/2014\\\/11\\\/oviedo.jpg\",\"@id\":\"https:\\\/\\\/www.eldigitaldeasturias.com\\\/noticias\\\/sentir-portugal-del-22-al-25-de-septiembre-en-trascorrales\\\/#mainImage\",\"width\":800,\"height\":600},\"primaryImageOfPage\":{\"@id\":\"https:\\\/\\\/www.eldigitaldeasturias.com\\\/noticias\\\/sentir-portugal-del-22-al-25-de-septiembre-en-trascorrales\\\/#mainImage\"},\"datePublished\":\"2016-09-18T17:55:00+02:00\",\"dateModified\":\"2016-09-18T17:55:00+02:00\"},{\"@type\":\"WebSite\",\"@id\":\"https:\\\/\\\/www.eldigitaldeasturias.com\\\/noticias\\\/#website\",\"url\":\"https:\\\/\\\/www.eldigitaldeasturias.com\\\/noticias\\\/\",\"name\":\"El Digital de Asturias - Diario de actualidad y noticias\",\"alternateName\":\"El Digital de Asturias - Diario de actualidad y noticias\",\"description\":\"Hemeroteca\",\"inLanguage\":\"es-ES\",\"publisher\":{\"@id\":\"https:\\\/\\\/www.eldigitaldeasturias.com\\\/noticias\\\/#organization\"}}]}\n\t\t<\/script>\n\t\t<!-- All in One SEO Pro -->\r\n\t\t<title>\u201cSentir Portugal\u201d del 22 al 25 de septiembre en Trascorrales - El Digital de Asturias<\/title>\n\n","aioseo_head_json":{"title":"\u201cSentir Portugal\u201d del 22 al 25 de septiembre en Trascorrales - El Digital de Asturias","description":"Rub\u00e9n Ros\u00f3n y el representante de Progestur, H\u00e9lder Ferreira, anunciaron en rueda de prensa que Oviedo estar\u00e1 presente en la Feria Internacional M\u00e1scara Ib\u00e9rica que se celebrar\u00e1 el segundo fin de semana del mes de mayo de 2017. Este anuncio se realiz\u00f3 durante la presentaci\u00f3n del evento \u2018Sentir Portugal', que se celebrar\u00e1 del jueves 22","canonical_url":"https:\/\/www.eldigitaldeasturias.com\/noticias\/sentir-portugal-del-22-al-25-de-septiembre-en-trascorrales\/","robots":"max-image-preview:large","keywords":"revista de ocio","webmasterTools":{"google-site-verification":"UA-38556648-1","msvalidate.01":"7dfe9f3f1b24437ab69f4f2559babe99","miscellaneous":""},"schema":{"@context":"https:\/\/schema.org","@graph":[{"@type":"BlogPosting","@id":"https:\/\/www.eldigitaldeasturias.com\/noticias\/sentir-portugal-del-22-al-25-de-septiembre-en-trascorrales\/#blogposting","name":"\u201cSentir Portugal\u201d del 22 al 25 de septiembre en Trascorrales - El Digital de Asturias","headline":"\u201cSentir Portugal\u201d del 22 al 25 de septiembre en Trascorrales","author":{"@id":"https:\/\/www.eldigitaldeasturias.com\/noticias\/author\/admin\/#author"},"publisher":{"@id":"https:\/\/www.eldigitaldeasturias.com\/noticias\/#organization"},"image":{"@type":"ImageObject","url":"https:\/\/www.eldigitaldeasturias.com\/noticias\/wp-content\/uploads\/2014\/11\/oviedo.jpg","width":800,"height":600},"datePublished":"2016-09-18T17:55:00+02:00","dateModified":"2016-09-18T17:55:00+02:00","inLanguage":"es-ES","mainEntityOfPage":{"@id":"https:\/\/www.eldigitaldeasturias.com\/noticias\/sentir-portugal-del-22-al-25-de-septiembre-en-trascorrales\/#webpage"},"isPartOf":{"@id":"https:\/\/www.eldigitaldeasturias.com\/noticias\/sentir-portugal-del-22-al-25-de-septiembre-en-trascorrales\/#webpage"},"articleSection":"Revista de Ocio"},{"@type":"BreadcrumbList","@id":"https:\/\/www.eldigitaldeasturias.com\/noticias\/sentir-portugal-del-22-al-25-de-septiembre-en-trascorrales\/#breadcrumblist","itemListElement":[{"@type":"ListItem","@id":"https:\/\/www.eldigitaldeasturias.com\/noticias#listItem","position":1,"name":"Home","item":"https:\/\/www.eldigitaldeasturias.com\/noticias","nextItem":{"@type":"ListItem","@id":"https:\/\/www.eldigitaldeasturias.com\/noticias\/category\/revista-de-ocio\/#listItem","name":"Revista de Ocio"}},{"@type":"ListItem","@id":"https:\/\/www.eldigitaldeasturias.com\/noticias\/category\/revista-de-ocio\/#listItem","position":2,"name":"Revista de Ocio","item":"https:\/\/www.eldigitaldeasturias.com\/noticias\/category\/revista-de-ocio\/","nextItem":{"@type":"ListItem","@id":"https:\/\/www.eldigitaldeasturias.com\/noticias\/sentir-portugal-del-22-al-25-de-septiembre-en-trascorrales\/#listItem","name":"\u201cSentir Portugal\u201d del 22 al 25 de septiembre en Trascorrales"},"previousItem":{"@type":"ListItem","@id":"https:\/\/www.eldigitaldeasturias.com\/noticias#listItem","name":"Home"}},{"@type":"ListItem","@id":"https:\/\/www.eldigitaldeasturias.com\/noticias\/sentir-portugal-del-22-al-25-de-septiembre-en-trascorrales\/#listItem","position":3,"name":"\u201cSentir Portugal\u201d del 22 al 25 de septiembre en Trascorrales","previousItem":{"@type":"ListItem","@id":"https:\/\/www.eldigitaldeasturias.com\/noticias\/category\/revista-de-ocio\/#listItem","name":"Revista de Ocio"}}]},{"@type":"Organization","@id":"https:\/\/www.eldigitaldeasturias.com\/noticias\/#organization","name":"El Digital de Asturias","description":"Hemeroteca","url":"https:\/\/www.eldigitaldeasturias.com\/noticias\/","email":"info@eldigitaldeasturias.com","telephone":"+34652131393","logo":{"@type":"ImageObject","url":"https:\/\/www.eldigitaldeasturias.com\/noticias\/wp-content\/uploads\/2020\/12\/EDA.jpg","@id":"https:\/\/www.eldigitaldeasturias.com\/noticias\/sentir-portugal-del-22-al-25-de-septiembre-en-trascorrales\/#organizationLogo","width":649,"height":297},"image":{"@id":"https:\/\/www.eldigitaldeasturias.com\/noticias\/sentir-portugal-del-22-al-25-de-septiembre-en-trascorrales\/#organizationLogo"},"sameAs":["https:\/\/facebook.com\/eldigitaldeasturias","https:\/\/www.youtube.com\/channel\/UCZP-2wLEB9Rv6erhFmqVnvg"],"address":{"@id":"https:\/\/www.eldigitaldeasturias.com\/noticias\/#postaladdress","@type":"PostalAddress","streetAddress":"san antonio 4,","postalCode":"33430","addressLocality":"Cand\u00e1s","addressRegion":"Asturias","addressCountry":"ES"}},{"@type":"Person","@id":"https:\/\/www.eldigitaldeasturias.com\/noticias\/author\/admin\/#author","url":"https:\/\/www.eldigitaldeasturias.com\/noticias\/author\/admin\/","name":"El Digital de Asturias","image":{"@type":"ImageObject","@id":"https:\/\/www.eldigitaldeasturias.com\/noticias\/sentir-portugal-del-22-al-25-de-septiembre-en-trascorrales\/#authorImage","url":"https:\/\/www.eldigitaldeasturias.com\/noticias\/wp-content\/litespeed\/avatar\/18677e78aa0546b92d9dbf31ec7d7668.jpg?ver=1777290358","width":96,"height":96,"caption":"El Digital de Asturias"}},{"@type":"WebPage","@id":"https:\/\/www.eldigitaldeasturias.com\/noticias\/sentir-portugal-del-22-al-25-de-septiembre-en-trascorrales\/#webpage","url":"https:\/\/www.eldigitaldeasturias.com\/noticias\/sentir-portugal-del-22-al-25-de-septiembre-en-trascorrales\/","name":"\u201cSentir Portugal\u201d del 22 al 25 de septiembre en Trascorrales - El Digital de Asturias","description":"Rub\u00e9n Ros\u00f3n y el representante de Progestur, H\u00e9lder Ferreira, anunciaron en rueda de prensa que Oviedo estar\u00e1 presente en la Feria Internacional M\u00e1scara Ib\u00e9rica que se celebrar\u00e1 el segundo fin de semana del mes de mayo de 2017. Este anuncio se realiz\u00f3 durante la presentaci\u00f3n del evento \u2018Sentir Portugal', que se celebrar\u00e1 del jueves 22","inLanguage":"es-ES","isPartOf":{"@id":"https:\/\/www.eldigitaldeasturias.com\/noticias\/#website"},"breadcrumb":{"@id":"https:\/\/www.eldigitaldeasturias.com\/noticias\/sentir-portugal-del-22-al-25-de-septiembre-en-trascorrales\/#breadcrumblist"},"author":{"@id":"https:\/\/www.eldigitaldeasturias.com\/noticias\/author\/admin\/#author"},"creator":{"@id":"https:\/\/www.eldigitaldeasturias.com\/noticias\/author\/admin\/#author"},"image":{"@type":"ImageObject","url":"https:\/\/www.eldigitaldeasturias.com\/noticias\/wp-content\/uploads\/2014\/11\/oviedo.jpg","@id":"https:\/\/www.eldigitaldeasturias.com\/noticias\/sentir-portugal-del-22-al-25-de-septiembre-en-trascorrales\/#mainImage","width":800,"height":600},"primaryImageOfPage":{"@id":"https:\/\/www.eldigitaldeasturias.com\/noticias\/sentir-portugal-del-22-al-25-de-septiembre-en-trascorrales\/#mainImage"},"datePublished":"2016-09-18T17:55:00+02:00","dateModified":"2016-09-18T17:55:00+02:00"},{"@type":"WebSite","@id":"https:\/\/www.eldigitaldeasturias.com\/noticias\/#website","url":"https:\/\/www.eldigitaldeasturias.com\/noticias\/","name":"El Digital de Asturias - Diario de actualidad y noticias","alternateName":"El Digital de Asturias - Diario de actualidad y noticias","description":"Hemeroteca","inLanguage":"es-ES","publisher":{"@id":"https:\/\/www.eldigitaldeasturias.com\/noticias\/#organization"}}]},"og:locale":"es_ES","og:site_name":"El Digital de Asturias","og:type":"article","og:title":"\u201cSentir Portugal\u201d del 22 al 25 de septiembre en Trascorrales - El Digital de Asturias","og:description":"Rub\u00e9n Ros\u00f3n y el representante de Progestur, H\u00e9lder Ferreira, anunciaron en rueda de prensa que Oviedo estar\u00e1 presente en la Feria Internacional M\u00e1scara Ib\u00e9rica que se celebrar\u00e1 el segundo fin de semana del mes de mayo de 2017. Este anuncio se realiz\u00f3 durante la presentaci\u00f3n del evento \u2018Sentir Portugal', que se celebrar\u00e1 del jueves 22","og:url":"https:\/\/www.eldigitaldeasturias.com\/noticias\/sentir-portugal-del-22-al-25-de-septiembre-en-trascorrales\/","og:image":"https:\/\/www.eldigitaldeasturias.com\/noticias\/wp-content\/uploads\/2014\/11\/oviedo.jpg","og:image:secure_url":"https:\/\/www.eldigitaldeasturias.com\/noticias\/wp-content\/uploads\/2014\/11\/oviedo.jpg","og:image:width":800,"og:image:height":600,"article:tag":["revista de ocio"],"article:published_time":"2016-09-18T16:55:00+00:00","article:modified_time":"2016-09-18T16:55:00+00:00","article:publisher":"https:\/\/facebook.com\/eldigitaldeasturias","twitter:card":"summary_large_image","twitter:title":"\u201cSentir Portugal\u201d del 22 al 25 de septiembre en Trascorrales - El Digital de Asturias","twitter:description":"Rub\u00e9n Ros\u00f3n y el representante de Progestur, H\u00e9lder Ferreira, anunciaron en rueda de prensa que Oviedo estar\u00e1 presente en la Feria Internacional M\u00e1scara Ib\u00e9rica que se celebrar\u00e1 el segundo fin de semana del mes de mayo de 2017. Este anuncio se realiz\u00f3 durante la presentaci\u00f3n del evento \u2018Sentir Portugal', que se celebrar\u00e1 del jueves 22","twitter:image":"https:\/\/www.eldigitaldeasturias.com\/noticias\/wp-content\/uploads\/2014\/11\/oviedo.jpg","twitter:label1":"Escrito por","twitter:data1":"El Digital de Asturias","twitter:label2":"Tiempo de lectura estimado","twitter:data2":"1 minuto"},"aioseo_meta_data":{"post_id":"908419","title":null,"description":null,"keywords":null,"keyphrases":null,"primary_term":null,"canonical_url":null,"og_title":null,"og_description":null,"og_object_type":"default","og_image_type":"default","og_image_url":null,"og_image_width":null,"og_image_height":null,"og_image_custom_url":null,"og_image_custom_fields":null,"og_video":null,"og_custom_url":null,"og_article_section":null,"og_article_tags":null,"twitter_use_og":false,"twitter_card":"default","twitter_image_type":"default","twitter_image_url":null,"twitter_image_custom_url":null,"twitter_image_custom_fields":null,"twitter_title":null,"twitter_description":null,"schema":{"blockGraphs":[],"customGraphs":[],"default":{"data":{"Article":[],"Course":[],"Dataset":[],"FAQPage":[],"Movie":[],"Person":[],"Product":[],"ProductReview":[],"Car":[],"Recipe":[],"Service":[],"SoftwareApplication":[],"WebPage":[]},"graphName":"","isEnabled":true},"graphs":[],"defaultGraph":"","defaultPostTypeGraph":""},"schema_type":null,"schema_type_options":null,"pillar_content":false,"robots_default":true,"robots_noindex":false,"robots_noarchive":false,"robots_nosnippet":false,"robots_nofollow":false,"robots_noimageindex":false,"robots_noodp":false,"robots_notranslate":false,"robots_max_snippet":null,"robots_max_videopreview":null,"robots_max_imagepreview":"large","priority":null,"frequency":null,"local_seo":null,"seo_analyzer_scan_date":"2025-11-30 16:05:10","breadcrumb_settings":null,"limit_modified_date":false,"open_ai":null,"ai":null,"created":"2020-12-21 14:00:13","updated":"2025-11-30 16:05:10"},"aioseo_breadcrumb":"<div class=\"aioseo-breadcrumbs\"><span class=\"aioseo-breadcrumb\">\n\t<a href=\"https:\/\/www.eldigitaldeasturias.com\/noticias\" title=\"Home\">Home<\/a>\n<\/span><span class=\"aioseo-breadcrumb-separator\">\u2013<\/span><span class=\"aioseo-breadcrumb\">\n\t<a href=\"https:\/\/www.eldigitaldeasturias.com\/noticias\/category\/revista-de-ocio\/\" title=\"Revista de Ocio\">Revista de Ocio<\/a>\n<\/span><span class=\"aioseo-breadcrumb-separator\">\u2013<\/span><span class=\"aioseo-breadcrumb\">\n\t<a href=\"https:\/\/www.eldigitaldeasturias.com\/noticias\/sentir-portugal-del-22-al-25-de-septiembre-en-trascorrales\/\" title=\"\u201cSentir Portugal\u201d del 22 al 25 de septiembre en Trascorrales\">\u201cSentir Portugal\u201d del 22 al 25 de septiembre en Trascorrales<\/a>\n<\/span><\/div>","aioseo_breadcrumb_json":[{"label":"Home","link":"https:\/\/www.eldigitaldeasturias.com\/noticias"},{"label":"Revista de Ocio","link":"https:\/\/www.eldigitaldeasturias.com\/noticias\/category\/revista-de-ocio\/"},{"label":"\u201cSentir Portugal\u201d del 22 al 25 de septiembre en Trascorrales","link":"https:\/\/www.eldigitaldeasturias.com\/noticias\/sentir-portugal-del-22-al-25-de-septiembre-en-trascorrales\/"}],"_links":{"self":[{"href":"https:\/\/www.eldigitaldeasturias.com\/noticias\/wp-json\/wp\/v2\/posts\/908419","targetHints":{"allow":["GET"]}}],"collection":[{"href":"https:\/\/www.eldigitaldeasturias.com\/noticias\/wp-json\/wp\/v2\/posts"}],"about":[{"href":"https:\/\/www.eldigitaldeasturias.com\/noticias\/wp-json\/wp\/v2\/types\/post"}],"author":[{"embeddable":true,"href":"https:\/\/www.eldigitaldeasturias.com\/noticias\/wp-json\/wp\/v2\/users\/1"}],"replies":[{"embeddable":true,"href":"https:\/\/www.eldigitaldeasturias.com\/noticias\/wp-json\/wp\/v2\/comments?post=908419"}],"version-history":[{"count":0,"href":"https:\/\/www.eldigitaldeasturias.com\/noticias\/wp-json\/wp\/v2\/posts\/908419\/revisions"}],"wp:featuredmedia":[{"embeddable":true,"href":"https:\/\/www.eldigitaldeasturias.com\/noticias\/wp-json\/wp\/v2\/media\/674639"}],"wp:attachment":[{"href":"https:\/\/www.eldigitaldeasturias.com\/noticias\/wp-json\/wp\/v2\/media?parent=908419"}],"wp:term":[{"taxonomy":"category","embeddable":true,"href":"https:\/\/www.eldigitaldeasturias.com\/noticias\/wp-json\/wp\/v2\/categories?post=908419"},{"taxonomy":"post_tag","embeddable":true,"href":"https:\/\/www.eldigitaldeasturias.com\/noticias\/wp-json\/wp\/v2\/tags?post=908419"}],"curies":[{"name":"wp","href":"https:\/\/api.w.org\/{rel}","templated":true}]}}