{"id":908417,"date":"2016-09-18T17:43:07","date_gmt":"2016-09-18T16:43:07","guid":{"rendered":"http:\/\/www.eldigitaldeasturias.com\/noticias\/?p=908417"},"modified":"2016-09-18T17:43:07","modified_gmt":"2016-09-18T16:43:07","slug":"desfile-de-america-en-asturias-el-lunes-en-oviedo","status":"publish","type":"post","link":"https:\/\/www.eldigitaldeasturias.com\/noticias\/desfile-de-america-en-asturias-el-lunes-en-oviedo\/","title":{"rendered":"Desfile de Am\u00e9rica en Asturias, el lunes en Oviedo"},"content":{"rendered":"<p><img loading=\"lazy\" decoding=\"async\" class=\"alignleft size-medium wp-image-908415\" src=\"https:\/\/www.eldigitaldeasturias.com\/noticias\/wp-content\/uploads\/2016\/09\/foto-carrozas-desfile-360x240.jpg\" alt=\"foto carrozas desfile\" width=\"360\" height=\"240\" srcset=\"https:\/\/www.eldigitaldeasturias.com\/noticias\/wp-content\/uploads\/2016\/09\/foto-carrozas-desfile-360x240.jpg 360w, https:\/\/www.eldigitaldeasturias.com\/noticias\/wp-content\/uploads\/2016\/09\/foto-carrozas-desfile-768x512.jpg 768w, https:\/\/www.eldigitaldeasturias.com\/noticias\/wp-content\/uploads\/2016\/09\/foto-carrozas-desfile-650x433.jpg 650w, https:\/\/www.eldigitaldeasturias.com\/noticias\/wp-content\/uploads\/2016\/09\/foto-carrozas-desfile-84x55.jpg 84w, https:\/\/www.eldigitaldeasturias.com\/noticias\/wp-content\/uploads\/2016\/09\/foto-carrozas-desfile-49x32.jpg 49w, https:\/\/www.eldigitaldeasturias.com\/noticias\/wp-content\/uploads\/2016\/09\/foto-carrozas-desfile.jpg 2048w\" sizes=\"auto, (max-width: 360px) 100vw, 360px\" \/>Hoy domingo se ha presentado a las 14 carrozas que participar\u00e1n ma\u00f1ana, junto a 11 pasos a pie, 3 motorizados y 2.500 figurantes, en el 66 Desfile de Am\u00e9rica en Asturias. En el acto, tambi\u00e9n han participado los concejales Isabel Bermejo y Diego Vali\u00f1o, adem\u00e1s del director art\u00edstico del evento, Luis Su\u00e1rez, quien ha subrayado que \u00abeste espect\u00e1culo es el m\u00e1s multitudinario y participativo de San Mateo, ya que el p\u00fablico cada vez est\u00e1 en m\u00e1s consonancia con lo que est\u00e1 desfilando\u00bb.<\/p>\n<p>Esta edici\u00f3n est\u00e1 dedicada, en buena parte, al Camino Primitivo a Santiago y a la tradici\u00f3n peregrina. Prueba de ello es que cuatro pasos de la comitiva har\u00e1n referencia a esta tem\u00e1tica. Unos peregrinos, que recrear\u00e1n escenas t\u00edpicas del Camino, iniciar\u00e1n este homenaje. A este paso del Mercau Astur, que saldr\u00e1 en octavo lugar, le seguir\u00e1 la carroza \u2018Camino del Salvador&#8217;, sobre la que desfilar\u00e1 el grupo Tejedor en directo. Esta estructura est\u00e1 inspirada en el cartel de las pasadas Fiestas de la Ascensi\u00f3n y rematada, en la parte superior, por la figura de San Salvador, similar a la que alberga la Catedral. Desde Llanes, el Bando de San Roque, desfilar\u00e1 recreando la Danza peregrina, y la carroza de Tineo, titulada \u00abUn alto en el Camino\u00bb, incluir\u00e1 la reproducci\u00f3n de una de las ermitas del occidente asturiano con mayor n\u00famero de peregrinos hacia Santiago.<\/p>\n<p>Abrir\u00e1 el desfile la comitiva formada por los gigantes, cabezudos y los famosos personajes de Alfonso Iglesias; Pin\u00f3n, Telva y Pin\u00edn, que portar\u00e1n un cartel en el que se leer\u00e1 \u00bb 66 a\u00f1os despu\u00e9s\u2026\u00bb haciendo referencia a que las figuras fueron adquiridas en los a\u00f1os 40 por el Ayuntamiento de Oviedo. El espect\u00e1culo se cerrar\u00e1 con una de las carrozas m\u00e1s esperadas de la cita de este a\u00f1o: la de Asturias, sobre la que actuar\u00e1 Rodrigo Cuevas y la Banda de Gaitas El Trasno.<\/p>\n<p>&nbsp;<\/p>\n<p>&nbsp;<\/p>\n<p>&nbsp;<\/p>\n","protected":false},"excerpt":{"rendered":"<p>Hoy domingo se ha presentado a las 14 carrozas que participar\u00e1n ma\u00f1ana, junto a 11 pasos a pie, 3 motorizados y 2.500 figurantes, en el 66 Desfile de Am\u00e9rica en Asturias. En el acto, tambi\u00e9n han participado los concejales Isabel Bermejo y Diego Vali\u00f1o, adem\u00e1s del director art\u00edstico del evento, Luis Su\u00e1rez, quien ha subrayado [&hellip;]<\/p>\n","protected":false},"author":1,"featured_media":908415,"comment_status":"closed","ping_status":"closed","sticky":false,"template":"","format":"standard","meta":{"footnotes":""},"categories":[2],"tags":[],"class_list":["post-908417","post","type-post","status-publish","format-standard","has-post-thumbnail","hentry","category-agenda"],"aioseo_notices":[],"aioseo_head":"\n\t\t<!-- All in One SEO Pro 4.9.6.2 - aioseo.com -->\n\t<meta name=\"description\" content=\"Hoy domingo se ha presentado a las 14 carrozas que participar\u00e1n ma\u00f1ana, junto a 11 pasos a pie, 3 motorizados y 2.500 figurantes, en el 66 Desfile de Am\u00e9rica en Asturias. En el acto, tambi\u00e9n han participado los concejales Isabel Bermejo y Diego Vali\u00f1o, adem\u00e1s del director art\u00edstico del evento, Luis Su\u00e1rez, quien ha subrayado\" \/>\n\t<meta name=\"robots\" content=\"max-image-preview:large\" \/>\n\t<meta name=\"author\" content=\"El Digital de Asturias\"\/>\n\t<meta name=\"google-site-verification\" content=\"UA-38556648-1\" \/>\n\t<meta name=\"msvalidate.01\" content=\"7dfe9f3f1b24437ab69f4f2559babe99\" \/>\n\t<meta name=\"keywords\" content=\"agenda\" \/>\n\t<link rel=\"canonical\" href=\"https:\/\/www.eldigitaldeasturias.com\/noticias\/desfile-de-america-en-asturias-el-lunes-en-oviedo\/\" \/>\n\t<meta name=\"generator\" content=\"All in One SEO Pro (AIOSEO) 4.9.6.2\" \/>\n\t\t<meta property=\"og:locale\" content=\"es_ES\" \/>\n\t\t<meta property=\"og:site_name\" content=\"El Digital de Asturias\" \/>\n\t\t<meta property=\"og:type\" content=\"article\" \/>\n\t\t<meta property=\"og:title\" content=\"Desfile de Am\u00e9rica en Asturias, el lunes en Oviedo - El Digital de Asturias\" \/>\n\t\t<meta property=\"og:description\" content=\"Hoy domingo se ha presentado a las 14 carrozas que participar\u00e1n ma\u00f1ana, junto a 11 pasos a pie, 3 motorizados y 2.500 figurantes, en el 66 Desfile de Am\u00e9rica en Asturias. En el acto, tambi\u00e9n han participado los concejales Isabel Bermejo y Diego Vali\u00f1o, adem\u00e1s del director art\u00edstico del evento, Luis Su\u00e1rez, quien ha subrayado\" \/>\n\t\t<meta property=\"og:url\" content=\"https:\/\/www.eldigitaldeasturias.com\/noticias\/desfile-de-america-en-asturias-el-lunes-en-oviedo\/\" \/>\n\t\t<meta property=\"og:image\" content=\"https:\/\/www.eldigitaldeasturias.com\/noticias\/wp-content\/uploads\/2016\/09\/foto-carrozas-desfile.jpg\" \/>\n\t\t<meta property=\"og:image:secure_url\" content=\"https:\/\/www.eldigitaldeasturias.com\/noticias\/wp-content\/uploads\/2016\/09\/foto-carrozas-desfile.jpg\" \/>\n\t\t<meta property=\"og:image:width\" content=\"2048\" \/>\n\t\t<meta property=\"og:image:height\" content=\"1365\" \/>\n\t\t<meta property=\"article:tag\" content=\"agenda\" \/>\n\t\t<meta property=\"article:published_time\" content=\"2016-09-18T16:43:07+00:00\" \/>\n\t\t<meta property=\"article:modified_time\" content=\"2016-09-18T16:43:07+00:00\" \/>\n\t\t<meta property=\"article:publisher\" content=\"https:\/\/facebook.com\/eldigitaldeasturias\" \/>\n\t\t<meta name=\"twitter:card\" content=\"summary_large_image\" \/>\n\t\t<meta name=\"twitter:title\" content=\"Desfile de Am\u00e9rica en Asturias, el lunes en Oviedo - El Digital de Asturias\" \/>\n\t\t<meta name=\"twitter:description\" content=\"Hoy domingo se ha presentado a las 14 carrozas que participar\u00e1n ma\u00f1ana, junto a 11 pasos a pie, 3 motorizados y 2.500 figurantes, en el 66 Desfile de Am\u00e9rica en Asturias. En el acto, tambi\u00e9n han participado los concejales Isabel Bermejo y Diego Vali\u00f1o, adem\u00e1s del director art\u00edstico del evento, Luis Su\u00e1rez, quien ha subrayado\" \/>\n\t\t<meta name=\"twitter:image\" content=\"https:\/\/www.eldigitaldeasturias.com\/noticias\/wp-content\/uploads\/2016\/09\/foto-carrozas-desfile.jpg\" \/>\n\t\t<meta name=\"twitter:label1\" content=\"Escrito por\" \/>\n\t\t<meta name=\"twitter:data1\" content=\"El Digital de Asturias\" \/>\n\t\t<meta name=\"twitter:label2\" content=\"Tiempo de lectura estimado\" \/>\n\t\t<meta name=\"twitter:data2\" content=\"2 minutos\" \/>\n\t\t<script type=\"application\/ld+json\" class=\"aioseo-schema\">\n\t\t\t{\"@context\":\"https:\\\/\\\/schema.org\",\"@graph\":[{\"@type\":\"BlogPosting\",\"@id\":\"https:\\\/\\\/www.eldigitaldeasturias.com\\\/noticias\\\/desfile-de-america-en-asturias-el-lunes-en-oviedo\\\/#blogposting\",\"name\":\"Desfile de Am\\u00e9rica en Asturias, el lunes en Oviedo - El Digital de Asturias\",\"headline\":\"Desfile de Am\\u00e9rica en Asturias, el lunes en Oviedo\",\"author\":{\"@id\":\"https:\\\/\\\/www.eldigitaldeasturias.com\\\/noticias\\\/author\\\/admin\\\/#author\"},\"publisher\":{\"@id\":\"https:\\\/\\\/www.eldigitaldeasturias.com\\\/noticias\\\/#organization\"},\"image\":{\"@type\":\"ImageObject\",\"url\":\"https:\\\/\\\/www.eldigitaldeasturias.com\\\/noticias\\\/wp-content\\\/uploads\\\/2016\\\/09\\\/foto-carrozas-desfile.jpg\",\"width\":2048,\"height\":1365},\"datePublished\":\"2016-09-18T17:43:07+02:00\",\"dateModified\":\"2016-09-18T17:43:07+02:00\",\"inLanguage\":\"es-ES\",\"mainEntityOfPage\":{\"@id\":\"https:\\\/\\\/www.eldigitaldeasturias.com\\\/noticias\\\/desfile-de-america-en-asturias-el-lunes-en-oviedo\\\/#webpage\"},\"isPartOf\":{\"@id\":\"https:\\\/\\\/www.eldigitaldeasturias.com\\\/noticias\\\/desfile-de-america-en-asturias-el-lunes-en-oviedo\\\/#webpage\"},\"articleSection\":\"Agenda\"},{\"@type\":\"BreadcrumbList\",\"@id\":\"https:\\\/\\\/www.eldigitaldeasturias.com\\\/noticias\\\/desfile-de-america-en-asturias-el-lunes-en-oviedo\\\/#breadcrumblist\",\"itemListElement\":[{\"@type\":\"ListItem\",\"@id\":\"https:\\\/\\\/www.eldigitaldeasturias.com\\\/noticias#listItem\",\"position\":1,\"name\":\"Home\",\"item\":\"https:\\\/\\\/www.eldigitaldeasturias.com\\\/noticias\",\"nextItem\":{\"@type\":\"ListItem\",\"@id\":\"https:\\\/\\\/www.eldigitaldeasturias.com\\\/noticias\\\/category\\\/agenda\\\/#listItem\",\"name\":\"Agenda\"}},{\"@type\":\"ListItem\",\"@id\":\"https:\\\/\\\/www.eldigitaldeasturias.com\\\/noticias\\\/category\\\/agenda\\\/#listItem\",\"position\":2,\"name\":\"Agenda\",\"item\":\"https:\\\/\\\/www.eldigitaldeasturias.com\\\/noticias\\\/category\\\/agenda\\\/\",\"nextItem\":{\"@type\":\"ListItem\",\"@id\":\"https:\\\/\\\/www.eldigitaldeasturias.com\\\/noticias\\\/desfile-de-america-en-asturias-el-lunes-en-oviedo\\\/#listItem\",\"name\":\"Desfile de Am\\u00e9rica en Asturias, el lunes en Oviedo\"},\"previousItem\":{\"@type\":\"ListItem\",\"@id\":\"https:\\\/\\\/www.eldigitaldeasturias.com\\\/noticias#listItem\",\"name\":\"Home\"}},{\"@type\":\"ListItem\",\"@id\":\"https:\\\/\\\/www.eldigitaldeasturias.com\\\/noticias\\\/desfile-de-america-en-asturias-el-lunes-en-oviedo\\\/#listItem\",\"position\":3,\"name\":\"Desfile de Am\\u00e9rica en Asturias, el lunes en Oviedo\",\"previousItem\":{\"@type\":\"ListItem\",\"@id\":\"https:\\\/\\\/www.eldigitaldeasturias.com\\\/noticias\\\/category\\\/agenda\\\/#listItem\",\"name\":\"Agenda\"}}]},{\"@type\":\"Organization\",\"@id\":\"https:\\\/\\\/www.eldigitaldeasturias.com\\\/noticias\\\/#organization\",\"name\":\"El Digital de Asturias\",\"description\":\"Hemeroteca\",\"url\":\"https:\\\/\\\/www.eldigitaldeasturias.com\\\/noticias\\\/\",\"email\":\"info@eldigitaldeasturias.com\",\"telephone\":\"+34652131393\",\"logo\":{\"@type\":\"ImageObject\",\"url\":\"https:\\\/\\\/www.eldigitaldeasturias.com\\\/noticias\\\/wp-content\\\/uploads\\\/2020\\\/12\\\/EDA.jpg\",\"@id\":\"https:\\\/\\\/www.eldigitaldeasturias.com\\\/noticias\\\/desfile-de-america-en-asturias-el-lunes-en-oviedo\\\/#organizationLogo\",\"width\":649,\"height\":297},\"image\":{\"@id\":\"https:\\\/\\\/www.eldigitaldeasturias.com\\\/noticias\\\/desfile-de-america-en-asturias-el-lunes-en-oviedo\\\/#organizationLogo\"},\"sameAs\":[\"https:\\\/\\\/facebook.com\\\/eldigitaldeasturias\",\"https:\\\/\\\/www.youtube.com\\\/channel\\\/UCZP-2wLEB9Rv6erhFmqVnvg\"],\"address\":{\"@id\":\"https:\\\/\\\/www.eldigitaldeasturias.com\\\/noticias\\\/#postaladdress\",\"@type\":\"PostalAddress\",\"streetAddress\":\"san antonio 4,\",\"postalCode\":\"33430\",\"addressLocality\":\"Cand\\u00e1s\",\"addressRegion\":\"Asturias\",\"addressCountry\":\"ES\"}},{\"@type\":\"Person\",\"@id\":\"https:\\\/\\\/www.eldigitaldeasturias.com\\\/noticias\\\/author\\\/admin\\\/#author\",\"url\":\"https:\\\/\\\/www.eldigitaldeasturias.com\\\/noticias\\\/author\\\/admin\\\/\",\"name\":\"El Digital de Asturias\",\"image\":{\"@type\":\"ImageObject\",\"@id\":\"https:\\\/\\\/www.eldigitaldeasturias.com\\\/noticias\\\/desfile-de-america-en-asturias-el-lunes-en-oviedo\\\/#authorImage\",\"url\":\"https:\\\/\\\/www.eldigitaldeasturias.com\\\/noticias\\\/wp-content\\\/litespeed\\\/avatar\\\/18677e78aa0546b92d9dbf31ec7d7668.jpg?ver=1777290358\",\"width\":96,\"height\":96,\"caption\":\"El Digital de Asturias\"}},{\"@type\":\"WebPage\",\"@id\":\"https:\\\/\\\/www.eldigitaldeasturias.com\\\/noticias\\\/desfile-de-america-en-asturias-el-lunes-en-oviedo\\\/#webpage\",\"url\":\"https:\\\/\\\/www.eldigitaldeasturias.com\\\/noticias\\\/desfile-de-america-en-asturias-el-lunes-en-oviedo\\\/\",\"name\":\"Desfile de Am\\u00e9rica en Asturias, el lunes en Oviedo - El Digital de Asturias\",\"description\":\"Hoy domingo se ha presentado a las 14 carrozas que participar\\u00e1n ma\\u00f1ana, junto a 11 pasos a pie, 3 motorizados y 2.500 figurantes, en el 66 Desfile de Am\\u00e9rica en Asturias. En el acto, tambi\\u00e9n han participado los concejales Isabel Bermejo y Diego Vali\\u00f1o, adem\\u00e1s del director art\\u00edstico del evento, Luis Su\\u00e1rez, quien ha subrayado\",\"inLanguage\":\"es-ES\",\"isPartOf\":{\"@id\":\"https:\\\/\\\/www.eldigitaldeasturias.com\\\/noticias\\\/#website\"},\"breadcrumb\":{\"@id\":\"https:\\\/\\\/www.eldigitaldeasturias.com\\\/noticias\\\/desfile-de-america-en-asturias-el-lunes-en-oviedo\\\/#breadcrumblist\"},\"author\":{\"@id\":\"https:\\\/\\\/www.eldigitaldeasturias.com\\\/noticias\\\/author\\\/admin\\\/#author\"},\"creator\":{\"@id\":\"https:\\\/\\\/www.eldigitaldeasturias.com\\\/noticias\\\/author\\\/admin\\\/#author\"},\"image\":{\"@type\":\"ImageObject\",\"url\":\"https:\\\/\\\/www.eldigitaldeasturias.com\\\/noticias\\\/wp-content\\\/uploads\\\/2016\\\/09\\\/foto-carrozas-desfile.jpg\",\"@id\":\"https:\\\/\\\/www.eldigitaldeasturias.com\\\/noticias\\\/desfile-de-america-en-asturias-el-lunes-en-oviedo\\\/#mainImage\",\"width\":2048,\"height\":1365},\"primaryImageOfPage\":{\"@id\":\"https:\\\/\\\/www.eldigitaldeasturias.com\\\/noticias\\\/desfile-de-america-en-asturias-el-lunes-en-oviedo\\\/#mainImage\"},\"datePublished\":\"2016-09-18T17:43:07+02:00\",\"dateModified\":\"2016-09-18T17:43:07+02:00\"},{\"@type\":\"WebSite\",\"@id\":\"https:\\\/\\\/www.eldigitaldeasturias.com\\\/noticias\\\/#website\",\"url\":\"https:\\\/\\\/www.eldigitaldeasturias.com\\\/noticias\\\/\",\"name\":\"El Digital de Asturias - Diario de actualidad y noticias\",\"alternateName\":\"El Digital de Asturias - Diario de actualidad y noticias\",\"description\":\"Hemeroteca\",\"inLanguage\":\"es-ES\",\"publisher\":{\"@id\":\"https:\\\/\\\/www.eldigitaldeasturias.com\\\/noticias\\\/#organization\"}}]}\n\t\t<\/script>\n\t\t<!-- All in One SEO Pro -->\r\n\t\t<title>Desfile de Am\u00e9rica en Asturias, el lunes en Oviedo - El Digital de Asturias<\/title>\n\n","aioseo_head_json":{"title":"Desfile de Am\u00e9rica en Asturias, el lunes en Oviedo - El Digital de Asturias","description":"Hoy domingo se ha presentado a las 14 carrozas que participar\u00e1n ma\u00f1ana, junto a 11 pasos a pie, 3 motorizados y 2.500 figurantes, en el 66 Desfile de Am\u00e9rica en Asturias. En el acto, tambi\u00e9n han participado los concejales Isabel Bermejo y Diego Vali\u00f1o, adem\u00e1s del director art\u00edstico del evento, Luis Su\u00e1rez, quien ha subrayado","canonical_url":"https:\/\/www.eldigitaldeasturias.com\/noticias\/desfile-de-america-en-asturias-el-lunes-en-oviedo\/","robots":"max-image-preview:large","keywords":"agenda","webmasterTools":{"google-site-verification":"UA-38556648-1","msvalidate.01":"7dfe9f3f1b24437ab69f4f2559babe99","miscellaneous":""},"schema":{"@context":"https:\/\/schema.org","@graph":[{"@type":"BlogPosting","@id":"https:\/\/www.eldigitaldeasturias.com\/noticias\/desfile-de-america-en-asturias-el-lunes-en-oviedo\/#blogposting","name":"Desfile de Am\u00e9rica en Asturias, el lunes en Oviedo - El Digital de Asturias","headline":"Desfile de Am\u00e9rica en Asturias, el lunes en Oviedo","author":{"@id":"https:\/\/www.eldigitaldeasturias.com\/noticias\/author\/admin\/#author"},"publisher":{"@id":"https:\/\/www.eldigitaldeasturias.com\/noticias\/#organization"},"image":{"@type":"ImageObject","url":"https:\/\/www.eldigitaldeasturias.com\/noticias\/wp-content\/uploads\/2016\/09\/foto-carrozas-desfile.jpg","width":2048,"height":1365},"datePublished":"2016-09-18T17:43:07+02:00","dateModified":"2016-09-18T17:43:07+02:00","inLanguage":"es-ES","mainEntityOfPage":{"@id":"https:\/\/www.eldigitaldeasturias.com\/noticias\/desfile-de-america-en-asturias-el-lunes-en-oviedo\/#webpage"},"isPartOf":{"@id":"https:\/\/www.eldigitaldeasturias.com\/noticias\/desfile-de-america-en-asturias-el-lunes-en-oviedo\/#webpage"},"articleSection":"Agenda"},{"@type":"BreadcrumbList","@id":"https:\/\/www.eldigitaldeasturias.com\/noticias\/desfile-de-america-en-asturias-el-lunes-en-oviedo\/#breadcrumblist","itemListElement":[{"@type":"ListItem","@id":"https:\/\/www.eldigitaldeasturias.com\/noticias#listItem","position":1,"name":"Home","item":"https:\/\/www.eldigitaldeasturias.com\/noticias","nextItem":{"@type":"ListItem","@id":"https:\/\/www.eldigitaldeasturias.com\/noticias\/category\/agenda\/#listItem","name":"Agenda"}},{"@type":"ListItem","@id":"https:\/\/www.eldigitaldeasturias.com\/noticias\/category\/agenda\/#listItem","position":2,"name":"Agenda","item":"https:\/\/www.eldigitaldeasturias.com\/noticias\/category\/agenda\/","nextItem":{"@type":"ListItem","@id":"https:\/\/www.eldigitaldeasturias.com\/noticias\/desfile-de-america-en-asturias-el-lunes-en-oviedo\/#listItem","name":"Desfile de Am\u00e9rica en Asturias, el lunes en Oviedo"},"previousItem":{"@type":"ListItem","@id":"https:\/\/www.eldigitaldeasturias.com\/noticias#listItem","name":"Home"}},{"@type":"ListItem","@id":"https:\/\/www.eldigitaldeasturias.com\/noticias\/desfile-de-america-en-asturias-el-lunes-en-oviedo\/#listItem","position":3,"name":"Desfile de Am\u00e9rica en Asturias, el lunes en Oviedo","previousItem":{"@type":"ListItem","@id":"https:\/\/www.eldigitaldeasturias.com\/noticias\/category\/agenda\/#listItem","name":"Agenda"}}]},{"@type":"Organization","@id":"https:\/\/www.eldigitaldeasturias.com\/noticias\/#organization","name":"El Digital de Asturias","description":"Hemeroteca","url":"https:\/\/www.eldigitaldeasturias.com\/noticias\/","email":"info@eldigitaldeasturias.com","telephone":"+34652131393","logo":{"@type":"ImageObject","url":"https:\/\/www.eldigitaldeasturias.com\/noticias\/wp-content\/uploads\/2020\/12\/EDA.jpg","@id":"https:\/\/www.eldigitaldeasturias.com\/noticias\/desfile-de-america-en-asturias-el-lunes-en-oviedo\/#organizationLogo","width":649,"height":297},"image":{"@id":"https:\/\/www.eldigitaldeasturias.com\/noticias\/desfile-de-america-en-asturias-el-lunes-en-oviedo\/#organizationLogo"},"sameAs":["https:\/\/facebook.com\/eldigitaldeasturias","https:\/\/www.youtube.com\/channel\/UCZP-2wLEB9Rv6erhFmqVnvg"],"address":{"@id":"https:\/\/www.eldigitaldeasturias.com\/noticias\/#postaladdress","@type":"PostalAddress","streetAddress":"san antonio 4,","postalCode":"33430","addressLocality":"Cand\u00e1s","addressRegion":"Asturias","addressCountry":"ES"}},{"@type":"Person","@id":"https:\/\/www.eldigitaldeasturias.com\/noticias\/author\/admin\/#author","url":"https:\/\/www.eldigitaldeasturias.com\/noticias\/author\/admin\/","name":"El Digital de Asturias","image":{"@type":"ImageObject","@id":"https:\/\/www.eldigitaldeasturias.com\/noticias\/desfile-de-america-en-asturias-el-lunes-en-oviedo\/#authorImage","url":"https:\/\/www.eldigitaldeasturias.com\/noticias\/wp-content\/litespeed\/avatar\/18677e78aa0546b92d9dbf31ec7d7668.jpg?ver=1777290358","width":96,"height":96,"caption":"El Digital de Asturias"}},{"@type":"WebPage","@id":"https:\/\/www.eldigitaldeasturias.com\/noticias\/desfile-de-america-en-asturias-el-lunes-en-oviedo\/#webpage","url":"https:\/\/www.eldigitaldeasturias.com\/noticias\/desfile-de-america-en-asturias-el-lunes-en-oviedo\/","name":"Desfile de Am\u00e9rica en Asturias, el lunes en Oviedo - El Digital de Asturias","description":"Hoy domingo se ha presentado a las 14 carrozas que participar\u00e1n ma\u00f1ana, junto a 11 pasos a pie, 3 motorizados y 2.500 figurantes, en el 66 Desfile de Am\u00e9rica en Asturias. En el acto, tambi\u00e9n han participado los concejales Isabel Bermejo y Diego Vali\u00f1o, adem\u00e1s del director art\u00edstico del evento, Luis Su\u00e1rez, quien ha subrayado","inLanguage":"es-ES","isPartOf":{"@id":"https:\/\/www.eldigitaldeasturias.com\/noticias\/#website"},"breadcrumb":{"@id":"https:\/\/www.eldigitaldeasturias.com\/noticias\/desfile-de-america-en-asturias-el-lunes-en-oviedo\/#breadcrumblist"},"author":{"@id":"https:\/\/www.eldigitaldeasturias.com\/noticias\/author\/admin\/#author"},"creator":{"@id":"https:\/\/www.eldigitaldeasturias.com\/noticias\/author\/admin\/#author"},"image":{"@type":"ImageObject","url":"https:\/\/www.eldigitaldeasturias.com\/noticias\/wp-content\/uploads\/2016\/09\/foto-carrozas-desfile.jpg","@id":"https:\/\/www.eldigitaldeasturias.com\/noticias\/desfile-de-america-en-asturias-el-lunes-en-oviedo\/#mainImage","width":2048,"height":1365},"primaryImageOfPage":{"@id":"https:\/\/www.eldigitaldeasturias.com\/noticias\/desfile-de-america-en-asturias-el-lunes-en-oviedo\/#mainImage"},"datePublished":"2016-09-18T17:43:07+02:00","dateModified":"2016-09-18T17:43:07+02:00"},{"@type":"WebSite","@id":"https:\/\/www.eldigitaldeasturias.com\/noticias\/#website","url":"https:\/\/www.eldigitaldeasturias.com\/noticias\/","name":"El Digital de Asturias - Diario de actualidad y noticias","alternateName":"El Digital de Asturias - Diario de actualidad y noticias","description":"Hemeroteca","inLanguage":"es-ES","publisher":{"@id":"https:\/\/www.eldigitaldeasturias.com\/noticias\/#organization"}}]},"og:locale":"es_ES","og:site_name":"El Digital de Asturias","og:type":"article","og:title":"Desfile de Am\u00e9rica en Asturias, el lunes en Oviedo - El Digital de Asturias","og:description":"Hoy domingo se ha presentado a las 14 carrozas que participar\u00e1n ma\u00f1ana, junto a 11 pasos a pie, 3 motorizados y 2.500 figurantes, en el 66 Desfile de Am\u00e9rica en Asturias. En el acto, tambi\u00e9n han participado los concejales Isabel Bermejo y Diego Vali\u00f1o, adem\u00e1s del director art\u00edstico del evento, Luis Su\u00e1rez, quien ha subrayado","og:url":"https:\/\/www.eldigitaldeasturias.com\/noticias\/desfile-de-america-en-asturias-el-lunes-en-oviedo\/","og:image":"https:\/\/www.eldigitaldeasturias.com\/noticias\/wp-content\/uploads\/2016\/09\/foto-carrozas-desfile.jpg","og:image:secure_url":"https:\/\/www.eldigitaldeasturias.com\/noticias\/wp-content\/uploads\/2016\/09\/foto-carrozas-desfile.jpg","og:image:width":2048,"og:image:height":1365,"article:tag":["agenda"],"article:published_time":"2016-09-18T16:43:07+00:00","article:modified_time":"2016-09-18T16:43:07+00:00","article:publisher":"https:\/\/facebook.com\/eldigitaldeasturias","twitter:card":"summary_large_image","twitter:title":"Desfile de Am\u00e9rica en Asturias, el lunes en Oviedo - El Digital de Asturias","twitter:description":"Hoy domingo se ha presentado a las 14 carrozas que participar\u00e1n ma\u00f1ana, junto a 11 pasos a pie, 3 motorizados y 2.500 figurantes, en el 66 Desfile de Am\u00e9rica en Asturias. En el acto, tambi\u00e9n han participado los concejales Isabel Bermejo y Diego Vali\u00f1o, adem\u00e1s del director art\u00edstico del evento, Luis Su\u00e1rez, quien ha subrayado","twitter:image":"https:\/\/www.eldigitaldeasturias.com\/noticias\/wp-content\/uploads\/2016\/09\/foto-carrozas-desfile.jpg","twitter:label1":"Escrito por","twitter:data1":"El Digital de Asturias","twitter:label2":"Tiempo de lectura estimado","twitter:data2":"2 minutos"},"aioseo_meta_data":{"post_id":"908417","title":null,"description":null,"keywords":null,"keyphrases":null,"primary_term":null,"canonical_url":null,"og_title":null,"og_description":null,"og_object_type":"default","og_image_type":"default","og_image_url":null,"og_image_width":null,"og_image_height":null,"og_image_custom_url":null,"og_image_custom_fields":null,"og_video":null,"og_custom_url":null,"og_article_section":null,"og_article_tags":null,"twitter_use_og":false,"twitter_card":"default","twitter_image_type":"default","twitter_image_url":null,"twitter_image_custom_url":null,"twitter_image_custom_fields":null,"twitter_title":null,"twitter_description":null,"schema":{"blockGraphs":[],"customGraphs":[],"default":{"data":{"Article":[],"Course":[],"Dataset":[],"FAQPage":[],"Movie":[],"Person":[],"Product":[],"ProductReview":[],"Car":[],"Recipe":[],"Service":[],"SoftwareApplication":[],"WebPage":[]},"graphName":"","isEnabled":true},"graphs":[],"defaultGraph":"","defaultPostTypeGraph":""},"schema_type":null,"schema_type_options":null,"pillar_content":false,"robots_default":true,"robots_noindex":false,"robots_noarchive":false,"robots_nosnippet":false,"robots_nofollow":false,"robots_noimageindex":false,"robots_noodp":false,"robots_notranslate":false,"robots_max_snippet":null,"robots_max_videopreview":null,"robots_max_imagepreview":"large","priority":null,"frequency":null,"local_seo":null,"seo_analyzer_scan_date":"2025-11-30 16:03:16","breadcrumb_settings":null,"limit_modified_date":false,"open_ai":null,"ai":null,"created":"2020-12-21 14:00:13","updated":"2025-11-30 16:03:16"},"aioseo_breadcrumb":"<div class=\"aioseo-breadcrumbs\"><span class=\"aioseo-breadcrumb\">\n\t<a href=\"https:\/\/www.eldigitaldeasturias.com\/noticias\" title=\"Home\">Home<\/a>\n<\/span><span class=\"aioseo-breadcrumb-separator\">\u2013<\/span><span class=\"aioseo-breadcrumb\">\n\t<a href=\"https:\/\/www.eldigitaldeasturias.com\/noticias\/category\/agenda\/\" title=\"Agenda\">Agenda<\/a>\n<\/span><span class=\"aioseo-breadcrumb-separator\">\u2013<\/span><span class=\"aioseo-breadcrumb\">\n\t<a href=\"https:\/\/www.eldigitaldeasturias.com\/noticias\/desfile-de-america-en-asturias-el-lunes-en-oviedo\/\" title=\"Desfile de Am\u00e9rica en Asturias, el lunes en Oviedo\">Desfile de Am\u00e9rica en Asturias, el lunes en Oviedo<\/a>\n<\/span><\/div>","aioseo_breadcrumb_json":[{"label":"Home","link":"https:\/\/www.eldigitaldeasturias.com\/noticias"},{"label":"Agenda","link":"https:\/\/www.eldigitaldeasturias.com\/noticias\/category\/agenda\/"},{"label":"Desfile de Am\u00e9rica en Asturias, el lunes en Oviedo","link":"https:\/\/www.eldigitaldeasturias.com\/noticias\/desfile-de-america-en-asturias-el-lunes-en-oviedo\/"}],"_links":{"self":[{"href":"https:\/\/www.eldigitaldeasturias.com\/noticias\/wp-json\/wp\/v2\/posts\/908417","targetHints":{"allow":["GET"]}}],"collection":[{"href":"https:\/\/www.eldigitaldeasturias.com\/noticias\/wp-json\/wp\/v2\/posts"}],"about":[{"href":"https:\/\/www.eldigitaldeasturias.com\/noticias\/wp-json\/wp\/v2\/types\/post"}],"author":[{"embeddable":true,"href":"https:\/\/www.eldigitaldeasturias.com\/noticias\/wp-json\/wp\/v2\/users\/1"}],"replies":[{"embeddable":true,"href":"https:\/\/www.eldigitaldeasturias.com\/noticias\/wp-json\/wp\/v2\/comments?post=908417"}],"version-history":[{"count":0,"href":"https:\/\/www.eldigitaldeasturias.com\/noticias\/wp-json\/wp\/v2\/posts\/908417\/revisions"}],"wp:featuredmedia":[{"embeddable":true,"href":"https:\/\/www.eldigitaldeasturias.com\/noticias\/wp-json\/wp\/v2\/media\/908415"}],"wp:attachment":[{"href":"https:\/\/www.eldigitaldeasturias.com\/noticias\/wp-json\/wp\/v2\/media?parent=908417"}],"wp:term":[{"taxonomy":"category","embeddable":true,"href":"https:\/\/www.eldigitaldeasturias.com\/noticias\/wp-json\/wp\/v2\/categories?post=908417"},{"taxonomy":"post_tag","embeddable":true,"href":"https:\/\/www.eldigitaldeasturias.com\/noticias\/wp-json\/wp\/v2\/tags?post=908417"}],"curies":[{"name":"wp","href":"https:\/\/api.w.org\/{rel}","templated":true}]}}