{"id":908414,"date":"2016-09-18T17:38:42","date_gmt":"2016-09-18T16:38:42","guid":{"rendered":"http:\/\/www.eldigitaldeasturias.com\/noticias\/?p=908414"},"modified":"2016-09-18T17:38:42","modified_gmt":"2016-09-18T16:38:42","slug":"tino-casal-mas-cerca-de-ser-hijo-predilecto-de-oviedo","status":"publish","type":"post","link":"https:\/\/www.eldigitaldeasturias.com\/noticias\/tino-casal-mas-cerca-de-ser-hijo-predilecto-de-oviedo\/","title":{"rendered":"Tino Casal m\u00e1s cerca de ser hijo predilecto de Oviedo"},"content":{"rendered":"<p><img loading=\"lazy\" decoding=\"async\" class=\"alignleft size-medium wp-image-908415\" src=\"https:\/\/www.eldigitaldeasturias.com\/noticias\/wp-content\/uploads\/2016\/09\/foto-carrozas-desfile-360x240.jpg\" alt=\"foto carrozas desfile\" width=\"360\" height=\"240\" srcset=\"https:\/\/www.eldigitaldeasturias.com\/noticias\/wp-content\/uploads\/2016\/09\/foto-carrozas-desfile-360x240.jpg 360w, https:\/\/www.eldigitaldeasturias.com\/noticias\/wp-content\/uploads\/2016\/09\/foto-carrozas-desfile-768x512.jpg 768w, https:\/\/www.eldigitaldeasturias.com\/noticias\/wp-content\/uploads\/2016\/09\/foto-carrozas-desfile-650x433.jpg 650w, https:\/\/www.eldigitaldeasturias.com\/noticias\/wp-content\/uploads\/2016\/09\/foto-carrozas-desfile-84x55.jpg 84w, https:\/\/www.eldigitaldeasturias.com\/noticias\/wp-content\/uploads\/2016\/09\/foto-carrozas-desfile-49x32.jpg 49w, https:\/\/www.eldigitaldeasturias.com\/noticias\/wp-content\/uploads\/2016\/09\/foto-carrozas-desfile.jpg 2048w\" sizes=\"auto, (max-width: 360px) 100vw, 360px\" \/>La SOF propondr\u00e1 este martes, a Tino Casal como hijo predilecto de la ciudad. As\u00ed lo ha anunciado el presidente de la SOF, Roberto S\u00e1nchez Ramos, quien se ha mostrado convencido de que la propuesta saldr\u00e1 adelante por unanimidad ya que \u00abun ovetense de vanguardia como Tino merece esta distinci\u00f3n\u00bb y es que este artista, ha continuado el tambi\u00e9n concejal de Cultura, \u00abno s\u00f3lo destac\u00f3 en el \u00e1mbito musical sino tambi\u00e9n en el pict\u00f3rico. Era adem\u00e1s un gran escultor y dise\u00f1ador\u00bb.<\/p>\n<p>El edil ha recordado que ese mismo d\u00eda, a las 12:30 horas, el Edificio Hist\u00f3rico de la Universidad de Oviedo, acoger\u00e1 la conferencia- coloquio &#8216;La m\u00fasica de los 80: Tino Casal una referencia ineludible&#8217; en la que m\u00fasicos como Loquillo, los componentes de Los Secretos, V\u00edctor Garc\u00eda de Warcry, Igor Pascual y familiares del artista debatir\u00e1n sobre su obra. Ya por la noche, el homenaje se retomar\u00e1 con los conciertos en la Plaza de la Catedral de Los Secretos, Loquillo y el grupo Assia.<\/p>\n<p>&nbsp;<\/p>\n","protected":false},"excerpt":{"rendered":"<p>La SOF propondr\u00e1 este martes, a Tino Casal como hijo predilecto de la ciudad. As\u00ed lo ha anunciado el presidente de la SOF, Roberto S\u00e1nchez Ramos, quien se ha mostrado convencido de que la propuesta saldr\u00e1 adelante por unanimidad ya que \u00abun ovetense de vanguardia como Tino merece esta distinci\u00f3n\u00bb y es que este artista, [&hellip;]<\/p>\n","protected":false},"author":1,"featured_media":908415,"comment_status":"closed","ping_status":"closed","sticky":false,"template":"","format":"standard","meta":{"footnotes":""},"categories":[50],"tags":[],"class_list":["post-908414","post","type-post","status-publish","format-standard","has-post-thumbnail","hentry","category-revista-de-ocio"],"aioseo_notices":[],"aioseo_head":"\n\t\t<!-- All in One SEO Pro 4.9.6.2 - aioseo.com -->\n\t<meta name=\"description\" content=\"La SOF propondr\u00e1 este martes, a Tino Casal como hijo predilecto de la ciudad. As\u00ed lo ha anunciado el presidente de la SOF, Roberto S\u00e1nchez Ramos, quien se ha mostrado convencido de que la propuesta saldr\u00e1 adelante por unanimidad ya que &quot;un ovetense de vanguardia como Tino merece esta distinci\u00f3n&quot; y es que este artista,\" \/>\n\t<meta name=\"robots\" content=\"max-image-preview:large\" \/>\n\t<meta name=\"author\" content=\"El Digital de Asturias\"\/>\n\t<meta name=\"google-site-verification\" content=\"UA-38556648-1\" \/>\n\t<meta name=\"msvalidate.01\" content=\"7dfe9f3f1b24437ab69f4f2559babe99\" \/>\n\t<meta name=\"keywords\" content=\"revista de ocio\" \/>\n\t<link rel=\"canonical\" href=\"https:\/\/www.eldigitaldeasturias.com\/noticias\/tino-casal-mas-cerca-de-ser-hijo-predilecto-de-oviedo\/\" \/>\n\t<meta name=\"generator\" content=\"All in One SEO Pro (AIOSEO) 4.9.6.2\" \/>\n\t\t<meta property=\"og:locale\" content=\"es_ES\" \/>\n\t\t<meta property=\"og:site_name\" content=\"El Digital de Asturias\" \/>\n\t\t<meta property=\"og:type\" content=\"article\" \/>\n\t\t<meta property=\"og:title\" content=\"Tino Casal m\u00e1s cerca de ser hijo predilecto de Oviedo - El Digital de Asturias\" \/>\n\t\t<meta property=\"og:description\" content=\"La SOF propondr\u00e1 este martes, a Tino Casal como hijo predilecto de la ciudad. As\u00ed lo ha anunciado el presidente de la SOF, Roberto S\u00e1nchez Ramos, quien se ha mostrado convencido de que la propuesta saldr\u00e1 adelante por unanimidad ya que &quot;un ovetense de vanguardia como Tino merece esta distinci\u00f3n&quot; y es que este artista,\" \/>\n\t\t<meta property=\"og:url\" content=\"https:\/\/www.eldigitaldeasturias.com\/noticias\/tino-casal-mas-cerca-de-ser-hijo-predilecto-de-oviedo\/\" \/>\n\t\t<meta property=\"og:image\" content=\"https:\/\/www.eldigitaldeasturias.com\/noticias\/wp-content\/uploads\/2016\/09\/foto-carrozas-desfile.jpg\" \/>\n\t\t<meta property=\"og:image:secure_url\" content=\"https:\/\/www.eldigitaldeasturias.com\/noticias\/wp-content\/uploads\/2016\/09\/foto-carrozas-desfile.jpg\" \/>\n\t\t<meta property=\"og:image:width\" content=\"2048\" \/>\n\t\t<meta property=\"og:image:height\" content=\"1365\" \/>\n\t\t<meta property=\"article:tag\" content=\"revista de ocio\" \/>\n\t\t<meta property=\"article:published_time\" content=\"2016-09-18T16:38:42+00:00\" \/>\n\t\t<meta property=\"article:modified_time\" content=\"2016-09-18T16:38:42+00:00\" \/>\n\t\t<meta property=\"article:publisher\" content=\"https:\/\/facebook.com\/eldigitaldeasturias\" \/>\n\t\t<meta name=\"twitter:card\" content=\"summary_large_image\" \/>\n\t\t<meta name=\"twitter:title\" content=\"Tino Casal m\u00e1s cerca de ser hijo predilecto de Oviedo - El Digital de Asturias\" \/>\n\t\t<meta name=\"twitter:description\" content=\"La SOF propondr\u00e1 este martes, a Tino Casal como hijo predilecto de la ciudad. As\u00ed lo ha anunciado el presidente de la SOF, Roberto S\u00e1nchez Ramos, quien se ha mostrado convencido de que la propuesta saldr\u00e1 adelante por unanimidad ya que &quot;un ovetense de vanguardia como Tino merece esta distinci\u00f3n&quot; y es que este artista,\" \/>\n\t\t<meta name=\"twitter:image\" content=\"https:\/\/www.eldigitaldeasturias.com\/noticias\/wp-content\/uploads\/2016\/09\/foto-carrozas-desfile.jpg\" \/>\n\t\t<meta name=\"twitter:label1\" content=\"Escrito por\" \/>\n\t\t<meta name=\"twitter:data1\" content=\"El Digital de Asturias\" \/>\n\t\t<meta name=\"twitter:label2\" content=\"Tiempo de lectura estimado\" \/>\n\t\t<meta name=\"twitter:data2\" content=\"1 minuto\" \/>\n\t\t<script type=\"application\/ld+json\" class=\"aioseo-schema\">\n\t\t\t{\"@context\":\"https:\\\/\\\/schema.org\",\"@graph\":[{\"@type\":\"BlogPosting\",\"@id\":\"https:\\\/\\\/www.eldigitaldeasturias.com\\\/noticias\\\/tino-casal-mas-cerca-de-ser-hijo-predilecto-de-oviedo\\\/#blogposting\",\"name\":\"Tino Casal m\\u00e1s cerca de ser hijo predilecto de Oviedo - El Digital de Asturias\",\"headline\":\"Tino Casal m\\u00e1s cerca de ser hijo predilecto de Oviedo\",\"author\":{\"@id\":\"https:\\\/\\\/www.eldigitaldeasturias.com\\\/noticias\\\/author\\\/admin\\\/#author\"},\"publisher\":{\"@id\":\"https:\\\/\\\/www.eldigitaldeasturias.com\\\/noticias\\\/#organization\"},\"image\":{\"@type\":\"ImageObject\",\"url\":\"https:\\\/\\\/www.eldigitaldeasturias.com\\\/noticias\\\/wp-content\\\/uploads\\\/2016\\\/09\\\/foto-carrozas-desfile.jpg\",\"width\":2048,\"height\":1365},\"datePublished\":\"2016-09-18T17:38:42+02:00\",\"dateModified\":\"2016-09-18T17:38:42+02:00\",\"inLanguage\":\"es-ES\",\"mainEntityOfPage\":{\"@id\":\"https:\\\/\\\/www.eldigitaldeasturias.com\\\/noticias\\\/tino-casal-mas-cerca-de-ser-hijo-predilecto-de-oviedo\\\/#webpage\"},\"isPartOf\":{\"@id\":\"https:\\\/\\\/www.eldigitaldeasturias.com\\\/noticias\\\/tino-casal-mas-cerca-de-ser-hijo-predilecto-de-oviedo\\\/#webpage\"},\"articleSection\":\"Revista de Ocio\"},{\"@type\":\"BreadcrumbList\",\"@id\":\"https:\\\/\\\/www.eldigitaldeasturias.com\\\/noticias\\\/tino-casal-mas-cerca-de-ser-hijo-predilecto-de-oviedo\\\/#breadcrumblist\",\"itemListElement\":[{\"@type\":\"ListItem\",\"@id\":\"https:\\\/\\\/www.eldigitaldeasturias.com\\\/noticias#listItem\",\"position\":1,\"name\":\"Home\",\"item\":\"https:\\\/\\\/www.eldigitaldeasturias.com\\\/noticias\",\"nextItem\":{\"@type\":\"ListItem\",\"@id\":\"https:\\\/\\\/www.eldigitaldeasturias.com\\\/noticias\\\/category\\\/revista-de-ocio\\\/#listItem\",\"name\":\"Revista de Ocio\"}},{\"@type\":\"ListItem\",\"@id\":\"https:\\\/\\\/www.eldigitaldeasturias.com\\\/noticias\\\/category\\\/revista-de-ocio\\\/#listItem\",\"position\":2,\"name\":\"Revista de Ocio\",\"item\":\"https:\\\/\\\/www.eldigitaldeasturias.com\\\/noticias\\\/category\\\/revista-de-ocio\\\/\",\"nextItem\":{\"@type\":\"ListItem\",\"@id\":\"https:\\\/\\\/www.eldigitaldeasturias.com\\\/noticias\\\/tino-casal-mas-cerca-de-ser-hijo-predilecto-de-oviedo\\\/#listItem\",\"name\":\"Tino Casal m\\u00e1s cerca de ser hijo predilecto de Oviedo\"},\"previousItem\":{\"@type\":\"ListItem\",\"@id\":\"https:\\\/\\\/www.eldigitaldeasturias.com\\\/noticias#listItem\",\"name\":\"Home\"}},{\"@type\":\"ListItem\",\"@id\":\"https:\\\/\\\/www.eldigitaldeasturias.com\\\/noticias\\\/tino-casal-mas-cerca-de-ser-hijo-predilecto-de-oviedo\\\/#listItem\",\"position\":3,\"name\":\"Tino Casal m\\u00e1s cerca de ser hijo predilecto de Oviedo\",\"previousItem\":{\"@type\":\"ListItem\",\"@id\":\"https:\\\/\\\/www.eldigitaldeasturias.com\\\/noticias\\\/category\\\/revista-de-ocio\\\/#listItem\",\"name\":\"Revista de Ocio\"}}]},{\"@type\":\"Organization\",\"@id\":\"https:\\\/\\\/www.eldigitaldeasturias.com\\\/noticias\\\/#organization\",\"name\":\"El Digital de Asturias\",\"description\":\"Hemeroteca\",\"url\":\"https:\\\/\\\/www.eldigitaldeasturias.com\\\/noticias\\\/\",\"email\":\"info@eldigitaldeasturias.com\",\"telephone\":\"+34652131393\",\"logo\":{\"@type\":\"ImageObject\",\"url\":\"https:\\\/\\\/www.eldigitaldeasturias.com\\\/noticias\\\/wp-content\\\/uploads\\\/2020\\\/12\\\/EDA.jpg\",\"@id\":\"https:\\\/\\\/www.eldigitaldeasturias.com\\\/noticias\\\/tino-casal-mas-cerca-de-ser-hijo-predilecto-de-oviedo\\\/#organizationLogo\",\"width\":649,\"height\":297},\"image\":{\"@id\":\"https:\\\/\\\/www.eldigitaldeasturias.com\\\/noticias\\\/tino-casal-mas-cerca-de-ser-hijo-predilecto-de-oviedo\\\/#organizationLogo\"},\"sameAs\":[\"https:\\\/\\\/facebook.com\\\/eldigitaldeasturias\",\"https:\\\/\\\/www.youtube.com\\\/channel\\\/UCZP-2wLEB9Rv6erhFmqVnvg\"],\"address\":{\"@id\":\"https:\\\/\\\/www.eldigitaldeasturias.com\\\/noticias\\\/#postaladdress\",\"@type\":\"PostalAddress\",\"streetAddress\":\"san antonio 4,\",\"postalCode\":\"33430\",\"addressLocality\":\"Cand\\u00e1s\",\"addressRegion\":\"Asturias\",\"addressCountry\":\"ES\"}},{\"@type\":\"Person\",\"@id\":\"https:\\\/\\\/www.eldigitaldeasturias.com\\\/noticias\\\/author\\\/admin\\\/#author\",\"url\":\"https:\\\/\\\/www.eldigitaldeasturias.com\\\/noticias\\\/author\\\/admin\\\/\",\"name\":\"El Digital de Asturias\",\"image\":{\"@type\":\"ImageObject\",\"@id\":\"https:\\\/\\\/www.eldigitaldeasturias.com\\\/noticias\\\/tino-casal-mas-cerca-de-ser-hijo-predilecto-de-oviedo\\\/#authorImage\",\"url\":\"https:\\\/\\\/www.eldigitaldeasturias.com\\\/noticias\\\/wp-content\\\/litespeed\\\/avatar\\\/18677e78aa0546b92d9dbf31ec7d7668.jpg?ver=1777290358\",\"width\":96,\"height\":96,\"caption\":\"El Digital de Asturias\"}},{\"@type\":\"WebPage\",\"@id\":\"https:\\\/\\\/www.eldigitaldeasturias.com\\\/noticias\\\/tino-casal-mas-cerca-de-ser-hijo-predilecto-de-oviedo\\\/#webpage\",\"url\":\"https:\\\/\\\/www.eldigitaldeasturias.com\\\/noticias\\\/tino-casal-mas-cerca-de-ser-hijo-predilecto-de-oviedo\\\/\",\"name\":\"Tino Casal m\\u00e1s cerca de ser hijo predilecto de Oviedo - El Digital de Asturias\",\"description\":\"La SOF propondr\\u00e1 este martes, a Tino Casal como hijo predilecto de la ciudad. As\\u00ed lo ha anunciado el presidente de la SOF, Roberto S\\u00e1nchez Ramos, quien se ha mostrado convencido de que la propuesta saldr\\u00e1 adelante por unanimidad ya que \\\"un ovetense de vanguardia como Tino merece esta distinci\\u00f3n\\\" y es que este artista,\",\"inLanguage\":\"es-ES\",\"isPartOf\":{\"@id\":\"https:\\\/\\\/www.eldigitaldeasturias.com\\\/noticias\\\/#website\"},\"breadcrumb\":{\"@id\":\"https:\\\/\\\/www.eldigitaldeasturias.com\\\/noticias\\\/tino-casal-mas-cerca-de-ser-hijo-predilecto-de-oviedo\\\/#breadcrumblist\"},\"author\":{\"@id\":\"https:\\\/\\\/www.eldigitaldeasturias.com\\\/noticias\\\/author\\\/admin\\\/#author\"},\"creator\":{\"@id\":\"https:\\\/\\\/www.eldigitaldeasturias.com\\\/noticias\\\/author\\\/admin\\\/#author\"},\"image\":{\"@type\":\"ImageObject\",\"url\":\"https:\\\/\\\/www.eldigitaldeasturias.com\\\/noticias\\\/wp-content\\\/uploads\\\/2016\\\/09\\\/foto-carrozas-desfile.jpg\",\"@id\":\"https:\\\/\\\/www.eldigitaldeasturias.com\\\/noticias\\\/tino-casal-mas-cerca-de-ser-hijo-predilecto-de-oviedo\\\/#mainImage\",\"width\":2048,\"height\":1365},\"primaryImageOfPage\":{\"@id\":\"https:\\\/\\\/www.eldigitaldeasturias.com\\\/noticias\\\/tino-casal-mas-cerca-de-ser-hijo-predilecto-de-oviedo\\\/#mainImage\"},\"datePublished\":\"2016-09-18T17:38:42+02:00\",\"dateModified\":\"2016-09-18T17:38:42+02:00\"},{\"@type\":\"WebSite\",\"@id\":\"https:\\\/\\\/www.eldigitaldeasturias.com\\\/noticias\\\/#website\",\"url\":\"https:\\\/\\\/www.eldigitaldeasturias.com\\\/noticias\\\/\",\"name\":\"El Digital de Asturias - Diario de actualidad y noticias\",\"alternateName\":\"El Digital de Asturias - Diario de actualidad y noticias\",\"description\":\"Hemeroteca\",\"inLanguage\":\"es-ES\",\"publisher\":{\"@id\":\"https:\\\/\\\/www.eldigitaldeasturias.com\\\/noticias\\\/#organization\"}}]}\n\t\t<\/script>\n\t\t<!-- All in One SEO Pro -->\r\n\t\t<title>Tino Casal m\u00e1s cerca de ser hijo predilecto de Oviedo - El Digital de Asturias<\/title>\n\n","aioseo_head_json":{"title":"Tino Casal m\u00e1s cerca de ser hijo predilecto de Oviedo - El Digital de Asturias","description":"La SOF propondr\u00e1 este martes, a Tino Casal como hijo predilecto de la ciudad. As\u00ed lo ha anunciado el presidente de la SOF, Roberto S\u00e1nchez Ramos, quien se ha mostrado convencido de que la propuesta saldr\u00e1 adelante por unanimidad ya que \"un ovetense de vanguardia como Tino merece esta distinci\u00f3n\" y es que este artista,","canonical_url":"https:\/\/www.eldigitaldeasturias.com\/noticias\/tino-casal-mas-cerca-de-ser-hijo-predilecto-de-oviedo\/","robots":"max-image-preview:large","keywords":"revista de ocio","webmasterTools":{"google-site-verification":"UA-38556648-1","msvalidate.01":"7dfe9f3f1b24437ab69f4f2559babe99","miscellaneous":""},"schema":{"@context":"https:\/\/schema.org","@graph":[{"@type":"BlogPosting","@id":"https:\/\/www.eldigitaldeasturias.com\/noticias\/tino-casal-mas-cerca-de-ser-hijo-predilecto-de-oviedo\/#blogposting","name":"Tino Casal m\u00e1s cerca de ser hijo predilecto de Oviedo - El Digital de Asturias","headline":"Tino Casal m\u00e1s cerca de ser hijo predilecto de Oviedo","author":{"@id":"https:\/\/www.eldigitaldeasturias.com\/noticias\/author\/admin\/#author"},"publisher":{"@id":"https:\/\/www.eldigitaldeasturias.com\/noticias\/#organization"},"image":{"@type":"ImageObject","url":"https:\/\/www.eldigitaldeasturias.com\/noticias\/wp-content\/uploads\/2016\/09\/foto-carrozas-desfile.jpg","width":2048,"height":1365},"datePublished":"2016-09-18T17:38:42+02:00","dateModified":"2016-09-18T17:38:42+02:00","inLanguage":"es-ES","mainEntityOfPage":{"@id":"https:\/\/www.eldigitaldeasturias.com\/noticias\/tino-casal-mas-cerca-de-ser-hijo-predilecto-de-oviedo\/#webpage"},"isPartOf":{"@id":"https:\/\/www.eldigitaldeasturias.com\/noticias\/tino-casal-mas-cerca-de-ser-hijo-predilecto-de-oviedo\/#webpage"},"articleSection":"Revista de Ocio"},{"@type":"BreadcrumbList","@id":"https:\/\/www.eldigitaldeasturias.com\/noticias\/tino-casal-mas-cerca-de-ser-hijo-predilecto-de-oviedo\/#breadcrumblist","itemListElement":[{"@type":"ListItem","@id":"https:\/\/www.eldigitaldeasturias.com\/noticias#listItem","position":1,"name":"Home","item":"https:\/\/www.eldigitaldeasturias.com\/noticias","nextItem":{"@type":"ListItem","@id":"https:\/\/www.eldigitaldeasturias.com\/noticias\/category\/revista-de-ocio\/#listItem","name":"Revista de Ocio"}},{"@type":"ListItem","@id":"https:\/\/www.eldigitaldeasturias.com\/noticias\/category\/revista-de-ocio\/#listItem","position":2,"name":"Revista de Ocio","item":"https:\/\/www.eldigitaldeasturias.com\/noticias\/category\/revista-de-ocio\/","nextItem":{"@type":"ListItem","@id":"https:\/\/www.eldigitaldeasturias.com\/noticias\/tino-casal-mas-cerca-de-ser-hijo-predilecto-de-oviedo\/#listItem","name":"Tino Casal m\u00e1s cerca de ser hijo predilecto de Oviedo"},"previousItem":{"@type":"ListItem","@id":"https:\/\/www.eldigitaldeasturias.com\/noticias#listItem","name":"Home"}},{"@type":"ListItem","@id":"https:\/\/www.eldigitaldeasturias.com\/noticias\/tino-casal-mas-cerca-de-ser-hijo-predilecto-de-oviedo\/#listItem","position":3,"name":"Tino Casal m\u00e1s cerca de ser hijo predilecto de Oviedo","previousItem":{"@type":"ListItem","@id":"https:\/\/www.eldigitaldeasturias.com\/noticias\/category\/revista-de-ocio\/#listItem","name":"Revista de Ocio"}}]},{"@type":"Organization","@id":"https:\/\/www.eldigitaldeasturias.com\/noticias\/#organization","name":"El Digital de Asturias","description":"Hemeroteca","url":"https:\/\/www.eldigitaldeasturias.com\/noticias\/","email":"info@eldigitaldeasturias.com","telephone":"+34652131393","logo":{"@type":"ImageObject","url":"https:\/\/www.eldigitaldeasturias.com\/noticias\/wp-content\/uploads\/2020\/12\/EDA.jpg","@id":"https:\/\/www.eldigitaldeasturias.com\/noticias\/tino-casal-mas-cerca-de-ser-hijo-predilecto-de-oviedo\/#organizationLogo","width":649,"height":297},"image":{"@id":"https:\/\/www.eldigitaldeasturias.com\/noticias\/tino-casal-mas-cerca-de-ser-hijo-predilecto-de-oviedo\/#organizationLogo"},"sameAs":["https:\/\/facebook.com\/eldigitaldeasturias","https:\/\/www.youtube.com\/channel\/UCZP-2wLEB9Rv6erhFmqVnvg"],"address":{"@id":"https:\/\/www.eldigitaldeasturias.com\/noticias\/#postaladdress","@type":"PostalAddress","streetAddress":"san antonio 4,","postalCode":"33430","addressLocality":"Cand\u00e1s","addressRegion":"Asturias","addressCountry":"ES"}},{"@type":"Person","@id":"https:\/\/www.eldigitaldeasturias.com\/noticias\/author\/admin\/#author","url":"https:\/\/www.eldigitaldeasturias.com\/noticias\/author\/admin\/","name":"El Digital de Asturias","image":{"@type":"ImageObject","@id":"https:\/\/www.eldigitaldeasturias.com\/noticias\/tino-casal-mas-cerca-de-ser-hijo-predilecto-de-oviedo\/#authorImage","url":"https:\/\/www.eldigitaldeasturias.com\/noticias\/wp-content\/litespeed\/avatar\/18677e78aa0546b92d9dbf31ec7d7668.jpg?ver=1777290358","width":96,"height":96,"caption":"El Digital de Asturias"}},{"@type":"WebPage","@id":"https:\/\/www.eldigitaldeasturias.com\/noticias\/tino-casal-mas-cerca-de-ser-hijo-predilecto-de-oviedo\/#webpage","url":"https:\/\/www.eldigitaldeasturias.com\/noticias\/tino-casal-mas-cerca-de-ser-hijo-predilecto-de-oviedo\/","name":"Tino Casal m\u00e1s cerca de ser hijo predilecto de Oviedo - El Digital de Asturias","description":"La SOF propondr\u00e1 este martes, a Tino Casal como hijo predilecto de la ciudad. As\u00ed lo ha anunciado el presidente de la SOF, Roberto S\u00e1nchez Ramos, quien se ha mostrado convencido de que la propuesta saldr\u00e1 adelante por unanimidad ya que \"un ovetense de vanguardia como Tino merece esta distinci\u00f3n\" y es que este artista,","inLanguage":"es-ES","isPartOf":{"@id":"https:\/\/www.eldigitaldeasturias.com\/noticias\/#website"},"breadcrumb":{"@id":"https:\/\/www.eldigitaldeasturias.com\/noticias\/tino-casal-mas-cerca-de-ser-hijo-predilecto-de-oviedo\/#breadcrumblist"},"author":{"@id":"https:\/\/www.eldigitaldeasturias.com\/noticias\/author\/admin\/#author"},"creator":{"@id":"https:\/\/www.eldigitaldeasturias.com\/noticias\/author\/admin\/#author"},"image":{"@type":"ImageObject","url":"https:\/\/www.eldigitaldeasturias.com\/noticias\/wp-content\/uploads\/2016\/09\/foto-carrozas-desfile.jpg","@id":"https:\/\/www.eldigitaldeasturias.com\/noticias\/tino-casal-mas-cerca-de-ser-hijo-predilecto-de-oviedo\/#mainImage","width":2048,"height":1365},"primaryImageOfPage":{"@id":"https:\/\/www.eldigitaldeasturias.com\/noticias\/tino-casal-mas-cerca-de-ser-hijo-predilecto-de-oviedo\/#mainImage"},"datePublished":"2016-09-18T17:38:42+02:00","dateModified":"2016-09-18T17:38:42+02:00"},{"@type":"WebSite","@id":"https:\/\/www.eldigitaldeasturias.com\/noticias\/#website","url":"https:\/\/www.eldigitaldeasturias.com\/noticias\/","name":"El Digital de Asturias - Diario de actualidad y noticias","alternateName":"El Digital de Asturias - Diario de actualidad y noticias","description":"Hemeroteca","inLanguage":"es-ES","publisher":{"@id":"https:\/\/www.eldigitaldeasturias.com\/noticias\/#organization"}}]},"og:locale":"es_ES","og:site_name":"El Digital de Asturias","og:type":"article","og:title":"Tino Casal m\u00e1s cerca de ser hijo predilecto de Oviedo - El Digital de Asturias","og:description":"La SOF propondr\u00e1 este martes, a Tino Casal como hijo predilecto de la ciudad. As\u00ed lo ha anunciado el presidente de la SOF, Roberto S\u00e1nchez Ramos, quien se ha mostrado convencido de que la propuesta saldr\u00e1 adelante por unanimidad ya que &quot;un ovetense de vanguardia como Tino merece esta distinci\u00f3n&quot; y es que este artista,","og:url":"https:\/\/www.eldigitaldeasturias.com\/noticias\/tino-casal-mas-cerca-de-ser-hijo-predilecto-de-oviedo\/","og:image":"https:\/\/www.eldigitaldeasturias.com\/noticias\/wp-content\/uploads\/2016\/09\/foto-carrozas-desfile.jpg","og:image:secure_url":"https:\/\/www.eldigitaldeasturias.com\/noticias\/wp-content\/uploads\/2016\/09\/foto-carrozas-desfile.jpg","og:image:width":2048,"og:image:height":1365,"article:tag":["revista de ocio"],"article:published_time":"2016-09-18T16:38:42+00:00","article:modified_time":"2016-09-18T16:38:42+00:00","article:publisher":"https:\/\/facebook.com\/eldigitaldeasturias","twitter:card":"summary_large_image","twitter:title":"Tino Casal m\u00e1s cerca de ser hijo predilecto de Oviedo - El Digital de Asturias","twitter:description":"La SOF propondr\u00e1 este martes, a Tino Casal como hijo predilecto de la ciudad. As\u00ed lo ha anunciado el presidente de la SOF, Roberto S\u00e1nchez Ramos, quien se ha mostrado convencido de que la propuesta saldr\u00e1 adelante por unanimidad ya que &quot;un ovetense de vanguardia como Tino merece esta distinci\u00f3n&quot; y es que este artista,","twitter:image":"https:\/\/www.eldigitaldeasturias.com\/noticias\/wp-content\/uploads\/2016\/09\/foto-carrozas-desfile.jpg","twitter:label1":"Escrito por","twitter:data1":"El Digital de Asturias","twitter:label2":"Tiempo de lectura estimado","twitter:data2":"1 minuto"},"aioseo_meta_data":{"post_id":"908414","title":null,"description":null,"keywords":null,"keyphrases":null,"primary_term":null,"canonical_url":null,"og_title":null,"og_description":null,"og_object_type":"default","og_image_type":"default","og_image_url":null,"og_image_width":null,"og_image_height":null,"og_image_custom_url":null,"og_image_custom_fields":null,"og_video":null,"og_custom_url":null,"og_article_section":null,"og_article_tags":null,"twitter_use_og":false,"twitter_card":"default","twitter_image_type":"default","twitter_image_url":null,"twitter_image_custom_url":null,"twitter_image_custom_fields":null,"twitter_title":null,"twitter_description":null,"schema":{"blockGraphs":[],"customGraphs":[],"default":{"data":{"Article":[],"Course":[],"Dataset":[],"FAQPage":[],"Movie":[],"Person":[],"Product":[],"ProductReview":[],"Car":[],"Recipe":[],"Service":[],"SoftwareApplication":[],"WebPage":[]},"graphName":"","isEnabled":true},"graphs":[],"defaultGraph":"","defaultPostTypeGraph":""},"schema_type":null,"schema_type_options":null,"pillar_content":false,"robots_default":true,"robots_noindex":false,"robots_noarchive":false,"robots_nosnippet":false,"robots_nofollow":false,"robots_noimageindex":false,"robots_noodp":false,"robots_notranslate":false,"robots_max_snippet":null,"robots_max_videopreview":null,"robots_max_imagepreview":"large","priority":null,"frequency":null,"local_seo":null,"seo_analyzer_scan_date":"2025-11-30 16:03:15","breadcrumb_settings":null,"limit_modified_date":false,"open_ai":null,"ai":null,"created":"2020-12-21 14:00:13","updated":"2025-11-30 16:03:15"},"aioseo_breadcrumb":"<div class=\"aioseo-breadcrumbs\"><span class=\"aioseo-breadcrumb\">\n\t<a href=\"https:\/\/www.eldigitaldeasturias.com\/noticias\" title=\"Home\">Home<\/a>\n<\/span><span class=\"aioseo-breadcrumb-separator\">\u2013<\/span><span class=\"aioseo-breadcrumb\">\n\t<a href=\"https:\/\/www.eldigitaldeasturias.com\/noticias\/category\/revista-de-ocio\/\" title=\"Revista de Ocio\">Revista de Ocio<\/a>\n<\/span><span class=\"aioseo-breadcrumb-separator\">\u2013<\/span><span class=\"aioseo-breadcrumb\">\n\t<a href=\"https:\/\/www.eldigitaldeasturias.com\/noticias\/tino-casal-mas-cerca-de-ser-hijo-predilecto-de-oviedo\/\" title=\"Tino Casal m\u00e1s cerca de ser hijo predilecto de Oviedo\">Tino Casal m\u00e1s cerca de ser hijo predilecto de Oviedo<\/a>\n<\/span><\/div>","aioseo_breadcrumb_json":[{"label":"Home","link":"https:\/\/www.eldigitaldeasturias.com\/noticias"},{"label":"Revista de Ocio","link":"https:\/\/www.eldigitaldeasturias.com\/noticias\/category\/revista-de-ocio\/"},{"label":"Tino Casal m\u00e1s cerca de ser hijo predilecto de Oviedo","link":"https:\/\/www.eldigitaldeasturias.com\/noticias\/tino-casal-mas-cerca-de-ser-hijo-predilecto-de-oviedo\/"}],"_links":{"self":[{"href":"https:\/\/www.eldigitaldeasturias.com\/noticias\/wp-json\/wp\/v2\/posts\/908414","targetHints":{"allow":["GET"]}}],"collection":[{"href":"https:\/\/www.eldigitaldeasturias.com\/noticias\/wp-json\/wp\/v2\/posts"}],"about":[{"href":"https:\/\/www.eldigitaldeasturias.com\/noticias\/wp-json\/wp\/v2\/types\/post"}],"author":[{"embeddable":true,"href":"https:\/\/www.eldigitaldeasturias.com\/noticias\/wp-json\/wp\/v2\/users\/1"}],"replies":[{"embeddable":true,"href":"https:\/\/www.eldigitaldeasturias.com\/noticias\/wp-json\/wp\/v2\/comments?post=908414"}],"version-history":[{"count":0,"href":"https:\/\/www.eldigitaldeasturias.com\/noticias\/wp-json\/wp\/v2\/posts\/908414\/revisions"}],"wp:featuredmedia":[{"embeddable":true,"href":"https:\/\/www.eldigitaldeasturias.com\/noticias\/wp-json\/wp\/v2\/media\/908415"}],"wp:attachment":[{"href":"https:\/\/www.eldigitaldeasturias.com\/noticias\/wp-json\/wp\/v2\/media?parent=908414"}],"wp:term":[{"taxonomy":"category","embeddable":true,"href":"https:\/\/www.eldigitaldeasturias.com\/noticias\/wp-json\/wp\/v2\/categories?post=908414"},{"taxonomy":"post_tag","embeddable":true,"href":"https:\/\/www.eldigitaldeasturias.com\/noticias\/wp-json\/wp\/v2\/tags?post=908414"}],"curies":[{"name":"wp","href":"https:\/\/api.w.org\/{rel}","templated":true}]}}