{"id":908411,"date":"2016-09-18T17:31:46","date_gmt":"2016-09-18T16:31:46","guid":{"rendered":"http:\/\/www.eldigitaldeasturias.com\/noticias\/?p=908411"},"modified":"2016-09-18T17:31:46","modified_gmt":"2016-09-18T16:31:46","slug":"mas-de-350-ciclistas-toman-las-calles-de-oviedo","status":"publish","type":"post","link":"https:\/\/www.eldigitaldeasturias.com\/noticias\/mas-de-350-ciclistas-toman-las-calles-de-oviedo\/","title":{"rendered":"M\u00e1s de 350 ciclistas toman las calles de Oviedo"},"content":{"rendered":"<p><img loading=\"lazy\" decoding=\"async\" class=\"alignleft size-medium wp-image-908412\" src=\"https:\/\/www.eldigitaldeasturias.com\/noticias\/wp-content\/uploads\/2016\/09\/WhatsApp-Image-2016-09-18-at-14_24_32-360x270.jpeg\" alt=\"WhatsApp Image 2016-09-18 at 14_24_32\" width=\"360\" height=\"270\" srcset=\"https:\/\/www.eldigitaldeasturias.com\/noticias\/wp-content\/uploads\/2016\/09\/WhatsApp-Image-2016-09-18-at-14_24_32-360x270.jpeg 360w, https:\/\/www.eldigitaldeasturias.com\/noticias\/wp-content\/uploads\/2016\/09\/WhatsApp-Image-2016-09-18-at-14_24_32-768x576.jpeg 768w, https:\/\/www.eldigitaldeasturias.com\/noticias\/wp-content\/uploads\/2016\/09\/WhatsApp-Image-2016-09-18-at-14_24_32-650x488.jpeg 650w, https:\/\/www.eldigitaldeasturias.com\/noticias\/wp-content\/uploads\/2016\/09\/WhatsApp-Image-2016-09-18-at-14_24_32-125x95.jpeg 125w, https:\/\/www.eldigitaldeasturias.com\/noticias\/wp-content\/uploads\/2016\/09\/WhatsApp-Image-2016-09-18-at-14_24_32-100x75.jpeg 100w, https:\/\/www.eldigitaldeasturias.com\/noticias\/wp-content\/uploads\/2016\/09\/WhatsApp-Image-2016-09-18-at-14_24_32.jpeg 1600w\" sizes=\"auto, (max-width: 360px) 100vw, 360px\" \/>M\u00e1s de 350 ciclistas han recorrido esta ma\u00f1ana las calles de la ciudad en el \u201cPaseo en Bici\u201d organizado por el Ayuntamiento de Oviedo dentro de la Semana Europea de Movilidad. La actividad se consolida siendo este a\u00f1o especialmente relevante el n\u00famero de ni\u00f1os y ni\u00f1as que han recorrido las principales v\u00edas urbanas de la ciudad, desde la Plaza de los Ferroviarios, desde donde parti\u00f3 el paseo a las 12:00 horas, hasta Ventanielles, a trav\u00e9s del Bulevar de Santullano. Este a\u00f1o la marcha ha tenido que desviarse en su recorrido por el entorno del Campo San Francisco al coincidir con el I Torneo \u2018Ciudad de Oviedo\u2019 de patinaje alpino en l\u00ednea y la Copa de Espa\u00f1a de esta modalidad, que se han desarrollado en la calle Marqu\u00e9s de Santa Cruz.<\/p>\n<p>El concejal de Urbanismo y Medio Ambiente, Ignacio Fern\u00e1ndez del P\u00e1ramo, que ha participado en la marcha, ha agradecido a todas las personas que a\u00f1o a a\u00f1o, y pedaleo a pedaleo, consolidan y demuestran con esta actividad que la bicicleta es un estupendo modo de desplazamiento por Oviedo. El edil ha agradecido especialmente el trabajo que la Polic\u00eda Local y la asociaci\u00f3n Asturias ConBici han realizado para llevar a cabo este paseo por la ciudad.<\/p>\n<p>&nbsp;<\/p>\n","protected":false},"excerpt":{"rendered":"<p>M\u00e1s de 350 ciclistas han recorrido esta ma\u00f1ana las calles de la ciudad en el \u201cPaseo en Bici\u201d organizado por el Ayuntamiento de Oviedo dentro de la Semana Europea de Movilidad. La actividad se consolida siendo este a\u00f1o especialmente relevante el n\u00famero de ni\u00f1os y ni\u00f1as que han recorrido las principales v\u00edas urbanas de la [&hellip;]<\/p>\n","protected":false},"author":1,"featured_media":908412,"comment_status":"closed","ping_status":"closed","sticky":false,"template":"","format":"standard","meta":{"footnotes":""},"categories":[1],"tags":[],"class_list":["post-908411","post","type-post","status-publish","format-standard","has-post-thumbnail","hentry","category-actualidad"],"aioseo_notices":[],"aioseo_head":"\n\t\t<!-- All in One SEO Pro 4.9.6.2 - aioseo.com -->\n\t<meta name=\"description\" content=\"M\u00e1s de 350 ciclistas han recorrido esta ma\u00f1ana las calles de la ciudad en el \u201cPaseo en Bici\u201d organizado por el Ayuntamiento de Oviedo dentro de la Semana Europea de Movilidad. La actividad se consolida siendo este a\u00f1o especialmente relevante el n\u00famero de ni\u00f1os y ni\u00f1as que han recorrido las principales v\u00edas urbanas de la\" \/>\n\t<meta name=\"robots\" content=\"max-image-preview:large\" \/>\n\t<meta name=\"author\" content=\"El Digital de Asturias\"\/>\n\t<meta name=\"google-site-verification\" content=\"UA-38556648-1\" \/>\n\t<meta name=\"msvalidate.01\" content=\"7dfe9f3f1b24437ab69f4f2559babe99\" \/>\n\t<meta name=\"keywords\" content=\"actualidad\" \/>\n\t<link rel=\"canonical\" href=\"https:\/\/www.eldigitaldeasturias.com\/noticias\/mas-de-350-ciclistas-toman-las-calles-de-oviedo\/\" \/>\n\t<meta name=\"generator\" content=\"All in One SEO Pro (AIOSEO) 4.9.6.2\" \/>\n\t\t<meta property=\"og:locale\" content=\"es_ES\" \/>\n\t\t<meta property=\"og:site_name\" content=\"El Digital de Asturias\" \/>\n\t\t<meta property=\"og:type\" content=\"article\" \/>\n\t\t<meta property=\"og:title\" content=\"M\u00e1s de 350 ciclistas toman las calles de Oviedo - El Digital de Asturias\" \/>\n\t\t<meta property=\"og:description\" content=\"M\u00e1s de 350 ciclistas han recorrido esta ma\u00f1ana las calles de la ciudad en el \u201cPaseo en Bici\u201d organizado por el Ayuntamiento de Oviedo dentro de la Semana Europea de Movilidad. La actividad se consolida siendo este a\u00f1o especialmente relevante el n\u00famero de ni\u00f1os y ni\u00f1as que han recorrido las principales v\u00edas urbanas de la\" \/>\n\t\t<meta property=\"og:url\" content=\"https:\/\/www.eldigitaldeasturias.com\/noticias\/mas-de-350-ciclistas-toman-las-calles-de-oviedo\/\" \/>\n\t\t<meta property=\"og:image\" content=\"https:\/\/www.eldigitaldeasturias.com\/noticias\/wp-content\/uploads\/2016\/09\/WhatsApp-Image-2016-09-18-at-14_24_32.jpeg\" \/>\n\t\t<meta property=\"og:image:secure_url\" content=\"https:\/\/www.eldigitaldeasturias.com\/noticias\/wp-content\/uploads\/2016\/09\/WhatsApp-Image-2016-09-18-at-14_24_32.jpeg\" \/>\n\t\t<meta property=\"og:image:width\" content=\"1600\" \/>\n\t\t<meta property=\"og:image:height\" content=\"1200\" \/>\n\t\t<meta property=\"article:tag\" content=\"actualidad\" \/>\n\t\t<meta property=\"article:published_time\" content=\"2016-09-18T16:31:46+00:00\" \/>\n\t\t<meta property=\"article:modified_time\" content=\"2016-09-18T16:31:46+00:00\" \/>\n\t\t<meta property=\"article:publisher\" content=\"https:\/\/facebook.com\/eldigitaldeasturias\" \/>\n\t\t<meta name=\"twitter:card\" content=\"summary_large_image\" \/>\n\t\t<meta name=\"twitter:title\" content=\"M\u00e1s de 350 ciclistas toman las calles de Oviedo - El Digital de Asturias\" \/>\n\t\t<meta name=\"twitter:description\" content=\"M\u00e1s de 350 ciclistas han recorrido esta ma\u00f1ana las calles de la ciudad en el \u201cPaseo en Bici\u201d organizado por el Ayuntamiento de Oviedo dentro de la Semana Europea de Movilidad. La actividad se consolida siendo este a\u00f1o especialmente relevante el n\u00famero de ni\u00f1os y ni\u00f1as que han recorrido las principales v\u00edas urbanas de la\" \/>\n\t\t<meta name=\"twitter:image\" content=\"https:\/\/www.eldigitaldeasturias.com\/noticias\/wp-content\/uploads\/2016\/09\/WhatsApp-Image-2016-09-18-at-14_24_32.jpeg\" \/>\n\t\t<meta name=\"twitter:label1\" content=\"Escrito por\" \/>\n\t\t<meta name=\"twitter:data1\" content=\"El Digital de Asturias\" \/>\n\t\t<meta name=\"twitter:label2\" content=\"Tiempo de lectura estimado\" \/>\n\t\t<meta name=\"twitter:data2\" content=\"1 minuto\" \/>\n\t\t<script type=\"application\/ld+json\" class=\"aioseo-schema\">\n\t\t\t{\"@context\":\"https:\\\/\\\/schema.org\",\"@graph\":[{\"@type\":\"BlogPosting\",\"@id\":\"https:\\\/\\\/www.eldigitaldeasturias.com\\\/noticias\\\/mas-de-350-ciclistas-toman-las-calles-de-oviedo\\\/#blogposting\",\"name\":\"M\\u00e1s de 350 ciclistas toman las calles de Oviedo - El Digital de Asturias\",\"headline\":\"M\\u00e1s de 350 ciclistas toman las calles de Oviedo\",\"author\":{\"@id\":\"https:\\\/\\\/www.eldigitaldeasturias.com\\\/noticias\\\/author\\\/admin\\\/#author\"},\"publisher\":{\"@id\":\"https:\\\/\\\/www.eldigitaldeasturias.com\\\/noticias\\\/#organization\"},\"image\":{\"@type\":\"ImageObject\",\"url\":\"https:\\\/\\\/www.eldigitaldeasturias.com\\\/noticias\\\/wp-content\\\/uploads\\\/2016\\\/09\\\/WhatsApp-Image-2016-09-18-at-14_24_32.jpeg\",\"width\":1600,\"height\":1200},\"datePublished\":\"2016-09-18T17:31:46+02:00\",\"dateModified\":\"2016-09-18T17:31:46+02:00\",\"inLanguage\":\"es-ES\",\"mainEntityOfPage\":{\"@id\":\"https:\\\/\\\/www.eldigitaldeasturias.com\\\/noticias\\\/mas-de-350-ciclistas-toman-las-calles-de-oviedo\\\/#webpage\"},\"isPartOf\":{\"@id\":\"https:\\\/\\\/www.eldigitaldeasturias.com\\\/noticias\\\/mas-de-350-ciclistas-toman-las-calles-de-oviedo\\\/#webpage\"},\"articleSection\":\"Actualidad\"},{\"@type\":\"BreadcrumbList\",\"@id\":\"https:\\\/\\\/www.eldigitaldeasturias.com\\\/noticias\\\/mas-de-350-ciclistas-toman-las-calles-de-oviedo\\\/#breadcrumblist\",\"itemListElement\":[{\"@type\":\"ListItem\",\"@id\":\"https:\\\/\\\/www.eldigitaldeasturias.com\\\/noticias#listItem\",\"position\":1,\"name\":\"Home\",\"item\":\"https:\\\/\\\/www.eldigitaldeasturias.com\\\/noticias\",\"nextItem\":{\"@type\":\"ListItem\",\"@id\":\"https:\\\/\\\/www.eldigitaldeasturias.com\\\/noticias\\\/category\\\/actualidad\\\/#listItem\",\"name\":\"Actualidad\"}},{\"@type\":\"ListItem\",\"@id\":\"https:\\\/\\\/www.eldigitaldeasturias.com\\\/noticias\\\/category\\\/actualidad\\\/#listItem\",\"position\":2,\"name\":\"Actualidad\",\"item\":\"https:\\\/\\\/www.eldigitaldeasturias.com\\\/noticias\\\/category\\\/actualidad\\\/\",\"nextItem\":{\"@type\":\"ListItem\",\"@id\":\"https:\\\/\\\/www.eldigitaldeasturias.com\\\/noticias\\\/mas-de-350-ciclistas-toman-las-calles-de-oviedo\\\/#listItem\",\"name\":\"M\\u00e1s de 350 ciclistas toman las calles de Oviedo\"},\"previousItem\":{\"@type\":\"ListItem\",\"@id\":\"https:\\\/\\\/www.eldigitaldeasturias.com\\\/noticias#listItem\",\"name\":\"Home\"}},{\"@type\":\"ListItem\",\"@id\":\"https:\\\/\\\/www.eldigitaldeasturias.com\\\/noticias\\\/mas-de-350-ciclistas-toman-las-calles-de-oviedo\\\/#listItem\",\"position\":3,\"name\":\"M\\u00e1s de 350 ciclistas toman las calles de Oviedo\",\"previousItem\":{\"@type\":\"ListItem\",\"@id\":\"https:\\\/\\\/www.eldigitaldeasturias.com\\\/noticias\\\/category\\\/actualidad\\\/#listItem\",\"name\":\"Actualidad\"}}]},{\"@type\":\"Organization\",\"@id\":\"https:\\\/\\\/www.eldigitaldeasturias.com\\\/noticias\\\/#organization\",\"name\":\"El Digital de Asturias\",\"description\":\"Hemeroteca\",\"url\":\"https:\\\/\\\/www.eldigitaldeasturias.com\\\/noticias\\\/\",\"email\":\"info@eldigitaldeasturias.com\",\"telephone\":\"+34652131393\",\"logo\":{\"@type\":\"ImageObject\",\"url\":\"https:\\\/\\\/www.eldigitaldeasturias.com\\\/noticias\\\/wp-content\\\/uploads\\\/2020\\\/12\\\/EDA.jpg\",\"@id\":\"https:\\\/\\\/www.eldigitaldeasturias.com\\\/noticias\\\/mas-de-350-ciclistas-toman-las-calles-de-oviedo\\\/#organizationLogo\",\"width\":649,\"height\":297},\"image\":{\"@id\":\"https:\\\/\\\/www.eldigitaldeasturias.com\\\/noticias\\\/mas-de-350-ciclistas-toman-las-calles-de-oviedo\\\/#organizationLogo\"},\"sameAs\":[\"https:\\\/\\\/facebook.com\\\/eldigitaldeasturias\",\"https:\\\/\\\/www.youtube.com\\\/channel\\\/UCZP-2wLEB9Rv6erhFmqVnvg\"],\"address\":{\"@id\":\"https:\\\/\\\/www.eldigitaldeasturias.com\\\/noticias\\\/#postaladdress\",\"@type\":\"PostalAddress\",\"streetAddress\":\"san antonio 4,\",\"postalCode\":\"33430\",\"addressLocality\":\"Cand\\u00e1s\",\"addressRegion\":\"Asturias\",\"addressCountry\":\"ES\"}},{\"@type\":\"Person\",\"@id\":\"https:\\\/\\\/www.eldigitaldeasturias.com\\\/noticias\\\/author\\\/admin\\\/#author\",\"url\":\"https:\\\/\\\/www.eldigitaldeasturias.com\\\/noticias\\\/author\\\/admin\\\/\",\"name\":\"El Digital de Asturias\",\"image\":{\"@type\":\"ImageObject\",\"@id\":\"https:\\\/\\\/www.eldigitaldeasturias.com\\\/noticias\\\/mas-de-350-ciclistas-toman-las-calles-de-oviedo\\\/#authorImage\",\"url\":\"https:\\\/\\\/www.eldigitaldeasturias.com\\\/noticias\\\/wp-content\\\/litespeed\\\/avatar\\\/18677e78aa0546b92d9dbf31ec7d7668.jpg?ver=1777290358\",\"width\":96,\"height\":96,\"caption\":\"El Digital de Asturias\"}},{\"@type\":\"WebPage\",\"@id\":\"https:\\\/\\\/www.eldigitaldeasturias.com\\\/noticias\\\/mas-de-350-ciclistas-toman-las-calles-de-oviedo\\\/#webpage\",\"url\":\"https:\\\/\\\/www.eldigitaldeasturias.com\\\/noticias\\\/mas-de-350-ciclistas-toman-las-calles-de-oviedo\\\/\",\"name\":\"M\\u00e1s de 350 ciclistas toman las calles de Oviedo - El Digital de Asturias\",\"description\":\"M\\u00e1s de 350 ciclistas han recorrido esta ma\\u00f1ana las calles de la ciudad en el \\u201cPaseo en Bici\\u201d organizado por el Ayuntamiento de Oviedo dentro de la Semana Europea de Movilidad. La actividad se consolida siendo este a\\u00f1o especialmente relevante el n\\u00famero de ni\\u00f1os y ni\\u00f1as que han recorrido las principales v\\u00edas urbanas de la\",\"inLanguage\":\"es-ES\",\"isPartOf\":{\"@id\":\"https:\\\/\\\/www.eldigitaldeasturias.com\\\/noticias\\\/#website\"},\"breadcrumb\":{\"@id\":\"https:\\\/\\\/www.eldigitaldeasturias.com\\\/noticias\\\/mas-de-350-ciclistas-toman-las-calles-de-oviedo\\\/#breadcrumblist\"},\"author\":{\"@id\":\"https:\\\/\\\/www.eldigitaldeasturias.com\\\/noticias\\\/author\\\/admin\\\/#author\"},\"creator\":{\"@id\":\"https:\\\/\\\/www.eldigitaldeasturias.com\\\/noticias\\\/author\\\/admin\\\/#author\"},\"image\":{\"@type\":\"ImageObject\",\"url\":\"https:\\\/\\\/www.eldigitaldeasturias.com\\\/noticias\\\/wp-content\\\/uploads\\\/2016\\\/09\\\/WhatsApp-Image-2016-09-18-at-14_24_32.jpeg\",\"@id\":\"https:\\\/\\\/www.eldigitaldeasturias.com\\\/noticias\\\/mas-de-350-ciclistas-toman-las-calles-de-oviedo\\\/#mainImage\",\"width\":1600,\"height\":1200},\"primaryImageOfPage\":{\"@id\":\"https:\\\/\\\/www.eldigitaldeasturias.com\\\/noticias\\\/mas-de-350-ciclistas-toman-las-calles-de-oviedo\\\/#mainImage\"},\"datePublished\":\"2016-09-18T17:31:46+02:00\",\"dateModified\":\"2016-09-18T17:31:46+02:00\"},{\"@type\":\"WebSite\",\"@id\":\"https:\\\/\\\/www.eldigitaldeasturias.com\\\/noticias\\\/#website\",\"url\":\"https:\\\/\\\/www.eldigitaldeasturias.com\\\/noticias\\\/\",\"name\":\"El Digital de Asturias - Diario de actualidad y noticias\",\"alternateName\":\"El Digital de Asturias - Diario de actualidad y noticias\",\"description\":\"Hemeroteca\",\"inLanguage\":\"es-ES\",\"publisher\":{\"@id\":\"https:\\\/\\\/www.eldigitaldeasturias.com\\\/noticias\\\/#organization\"}}]}\n\t\t<\/script>\n\t\t<!-- All in One SEO Pro -->\r\n\t\t<title>M\u00e1s de 350 ciclistas toman las calles de Oviedo - El Digital de Asturias<\/title>\n\n","aioseo_head_json":{"title":"M\u00e1s de 350 ciclistas toman las calles de Oviedo - El Digital de Asturias","description":"M\u00e1s de 350 ciclistas han recorrido esta ma\u00f1ana las calles de la ciudad en el \u201cPaseo en Bici\u201d organizado por el Ayuntamiento de Oviedo dentro de la Semana Europea de Movilidad. La actividad se consolida siendo este a\u00f1o especialmente relevante el n\u00famero de ni\u00f1os y ni\u00f1as que han recorrido las principales v\u00edas urbanas de la","canonical_url":"https:\/\/www.eldigitaldeasturias.com\/noticias\/mas-de-350-ciclistas-toman-las-calles-de-oviedo\/","robots":"max-image-preview:large","keywords":"actualidad","webmasterTools":{"google-site-verification":"UA-38556648-1","msvalidate.01":"7dfe9f3f1b24437ab69f4f2559babe99","miscellaneous":""},"schema":{"@context":"https:\/\/schema.org","@graph":[{"@type":"BlogPosting","@id":"https:\/\/www.eldigitaldeasturias.com\/noticias\/mas-de-350-ciclistas-toman-las-calles-de-oviedo\/#blogposting","name":"M\u00e1s de 350 ciclistas toman las calles de Oviedo - El Digital de Asturias","headline":"M\u00e1s de 350 ciclistas toman las calles de Oviedo","author":{"@id":"https:\/\/www.eldigitaldeasturias.com\/noticias\/author\/admin\/#author"},"publisher":{"@id":"https:\/\/www.eldigitaldeasturias.com\/noticias\/#organization"},"image":{"@type":"ImageObject","url":"https:\/\/www.eldigitaldeasturias.com\/noticias\/wp-content\/uploads\/2016\/09\/WhatsApp-Image-2016-09-18-at-14_24_32.jpeg","width":1600,"height":1200},"datePublished":"2016-09-18T17:31:46+02:00","dateModified":"2016-09-18T17:31:46+02:00","inLanguage":"es-ES","mainEntityOfPage":{"@id":"https:\/\/www.eldigitaldeasturias.com\/noticias\/mas-de-350-ciclistas-toman-las-calles-de-oviedo\/#webpage"},"isPartOf":{"@id":"https:\/\/www.eldigitaldeasturias.com\/noticias\/mas-de-350-ciclistas-toman-las-calles-de-oviedo\/#webpage"},"articleSection":"Actualidad"},{"@type":"BreadcrumbList","@id":"https:\/\/www.eldigitaldeasturias.com\/noticias\/mas-de-350-ciclistas-toman-las-calles-de-oviedo\/#breadcrumblist","itemListElement":[{"@type":"ListItem","@id":"https:\/\/www.eldigitaldeasturias.com\/noticias#listItem","position":1,"name":"Home","item":"https:\/\/www.eldigitaldeasturias.com\/noticias","nextItem":{"@type":"ListItem","@id":"https:\/\/www.eldigitaldeasturias.com\/noticias\/category\/actualidad\/#listItem","name":"Actualidad"}},{"@type":"ListItem","@id":"https:\/\/www.eldigitaldeasturias.com\/noticias\/category\/actualidad\/#listItem","position":2,"name":"Actualidad","item":"https:\/\/www.eldigitaldeasturias.com\/noticias\/category\/actualidad\/","nextItem":{"@type":"ListItem","@id":"https:\/\/www.eldigitaldeasturias.com\/noticias\/mas-de-350-ciclistas-toman-las-calles-de-oviedo\/#listItem","name":"M\u00e1s de 350 ciclistas toman las calles de Oviedo"},"previousItem":{"@type":"ListItem","@id":"https:\/\/www.eldigitaldeasturias.com\/noticias#listItem","name":"Home"}},{"@type":"ListItem","@id":"https:\/\/www.eldigitaldeasturias.com\/noticias\/mas-de-350-ciclistas-toman-las-calles-de-oviedo\/#listItem","position":3,"name":"M\u00e1s de 350 ciclistas toman las calles de Oviedo","previousItem":{"@type":"ListItem","@id":"https:\/\/www.eldigitaldeasturias.com\/noticias\/category\/actualidad\/#listItem","name":"Actualidad"}}]},{"@type":"Organization","@id":"https:\/\/www.eldigitaldeasturias.com\/noticias\/#organization","name":"El Digital de Asturias","description":"Hemeroteca","url":"https:\/\/www.eldigitaldeasturias.com\/noticias\/","email":"info@eldigitaldeasturias.com","telephone":"+34652131393","logo":{"@type":"ImageObject","url":"https:\/\/www.eldigitaldeasturias.com\/noticias\/wp-content\/uploads\/2020\/12\/EDA.jpg","@id":"https:\/\/www.eldigitaldeasturias.com\/noticias\/mas-de-350-ciclistas-toman-las-calles-de-oviedo\/#organizationLogo","width":649,"height":297},"image":{"@id":"https:\/\/www.eldigitaldeasturias.com\/noticias\/mas-de-350-ciclistas-toman-las-calles-de-oviedo\/#organizationLogo"},"sameAs":["https:\/\/facebook.com\/eldigitaldeasturias","https:\/\/www.youtube.com\/channel\/UCZP-2wLEB9Rv6erhFmqVnvg"],"address":{"@id":"https:\/\/www.eldigitaldeasturias.com\/noticias\/#postaladdress","@type":"PostalAddress","streetAddress":"san antonio 4,","postalCode":"33430","addressLocality":"Cand\u00e1s","addressRegion":"Asturias","addressCountry":"ES"}},{"@type":"Person","@id":"https:\/\/www.eldigitaldeasturias.com\/noticias\/author\/admin\/#author","url":"https:\/\/www.eldigitaldeasturias.com\/noticias\/author\/admin\/","name":"El Digital de Asturias","image":{"@type":"ImageObject","@id":"https:\/\/www.eldigitaldeasturias.com\/noticias\/mas-de-350-ciclistas-toman-las-calles-de-oviedo\/#authorImage","url":"https:\/\/www.eldigitaldeasturias.com\/noticias\/wp-content\/litespeed\/avatar\/18677e78aa0546b92d9dbf31ec7d7668.jpg?ver=1777290358","width":96,"height":96,"caption":"El Digital de Asturias"}},{"@type":"WebPage","@id":"https:\/\/www.eldigitaldeasturias.com\/noticias\/mas-de-350-ciclistas-toman-las-calles-de-oviedo\/#webpage","url":"https:\/\/www.eldigitaldeasturias.com\/noticias\/mas-de-350-ciclistas-toman-las-calles-de-oviedo\/","name":"M\u00e1s de 350 ciclistas toman las calles de Oviedo - El Digital de Asturias","description":"M\u00e1s de 350 ciclistas han recorrido esta ma\u00f1ana las calles de la ciudad en el \u201cPaseo en Bici\u201d organizado por el Ayuntamiento de Oviedo dentro de la Semana Europea de Movilidad. La actividad se consolida siendo este a\u00f1o especialmente relevante el n\u00famero de ni\u00f1os y ni\u00f1as que han recorrido las principales v\u00edas urbanas de la","inLanguage":"es-ES","isPartOf":{"@id":"https:\/\/www.eldigitaldeasturias.com\/noticias\/#website"},"breadcrumb":{"@id":"https:\/\/www.eldigitaldeasturias.com\/noticias\/mas-de-350-ciclistas-toman-las-calles-de-oviedo\/#breadcrumblist"},"author":{"@id":"https:\/\/www.eldigitaldeasturias.com\/noticias\/author\/admin\/#author"},"creator":{"@id":"https:\/\/www.eldigitaldeasturias.com\/noticias\/author\/admin\/#author"},"image":{"@type":"ImageObject","url":"https:\/\/www.eldigitaldeasturias.com\/noticias\/wp-content\/uploads\/2016\/09\/WhatsApp-Image-2016-09-18-at-14_24_32.jpeg","@id":"https:\/\/www.eldigitaldeasturias.com\/noticias\/mas-de-350-ciclistas-toman-las-calles-de-oviedo\/#mainImage","width":1600,"height":1200},"primaryImageOfPage":{"@id":"https:\/\/www.eldigitaldeasturias.com\/noticias\/mas-de-350-ciclistas-toman-las-calles-de-oviedo\/#mainImage"},"datePublished":"2016-09-18T17:31:46+02:00","dateModified":"2016-09-18T17:31:46+02:00"},{"@type":"WebSite","@id":"https:\/\/www.eldigitaldeasturias.com\/noticias\/#website","url":"https:\/\/www.eldigitaldeasturias.com\/noticias\/","name":"El Digital de Asturias - Diario de actualidad y noticias","alternateName":"El Digital de Asturias - Diario de actualidad y noticias","description":"Hemeroteca","inLanguage":"es-ES","publisher":{"@id":"https:\/\/www.eldigitaldeasturias.com\/noticias\/#organization"}}]},"og:locale":"es_ES","og:site_name":"El Digital de Asturias","og:type":"article","og:title":"M\u00e1s de 350 ciclistas toman las calles de Oviedo - El Digital de Asturias","og:description":"M\u00e1s de 350 ciclistas han recorrido esta ma\u00f1ana las calles de la ciudad en el \u201cPaseo en Bici\u201d organizado por el Ayuntamiento de Oviedo dentro de la Semana Europea de Movilidad. La actividad se consolida siendo este a\u00f1o especialmente relevante el n\u00famero de ni\u00f1os y ni\u00f1as que han recorrido las principales v\u00edas urbanas de la","og:url":"https:\/\/www.eldigitaldeasturias.com\/noticias\/mas-de-350-ciclistas-toman-las-calles-de-oviedo\/","og:image":"https:\/\/www.eldigitaldeasturias.com\/noticias\/wp-content\/uploads\/2016\/09\/WhatsApp-Image-2016-09-18-at-14_24_32.jpeg","og:image:secure_url":"https:\/\/www.eldigitaldeasturias.com\/noticias\/wp-content\/uploads\/2016\/09\/WhatsApp-Image-2016-09-18-at-14_24_32.jpeg","og:image:width":1600,"og:image:height":1200,"article:tag":["actualidad"],"article:published_time":"2016-09-18T16:31:46+00:00","article:modified_time":"2016-09-18T16:31:46+00:00","article:publisher":"https:\/\/facebook.com\/eldigitaldeasturias","twitter:card":"summary_large_image","twitter:title":"M\u00e1s de 350 ciclistas toman las calles de Oviedo - El Digital de Asturias","twitter:description":"M\u00e1s de 350 ciclistas han recorrido esta ma\u00f1ana las calles de la ciudad en el \u201cPaseo en Bici\u201d organizado por el Ayuntamiento de Oviedo dentro de la Semana Europea de Movilidad. La actividad se consolida siendo este a\u00f1o especialmente relevante el n\u00famero de ni\u00f1os y ni\u00f1as que han recorrido las principales v\u00edas urbanas de la","twitter:image":"https:\/\/www.eldigitaldeasturias.com\/noticias\/wp-content\/uploads\/2016\/09\/WhatsApp-Image-2016-09-18-at-14_24_32.jpeg","twitter:label1":"Escrito por","twitter:data1":"El Digital de Asturias","twitter:label2":"Tiempo de lectura estimado","twitter:data2":"1 minuto"},"aioseo_meta_data":{"post_id":"908411","title":null,"description":null,"keywords":null,"keyphrases":null,"primary_term":null,"canonical_url":null,"og_title":null,"og_description":null,"og_object_type":"default","og_image_type":"default","og_image_url":null,"og_image_width":null,"og_image_height":null,"og_image_custom_url":null,"og_image_custom_fields":null,"og_video":null,"og_custom_url":null,"og_article_section":null,"og_article_tags":null,"twitter_use_og":false,"twitter_card":"default","twitter_image_type":"default","twitter_image_url":null,"twitter_image_custom_url":null,"twitter_image_custom_fields":null,"twitter_title":null,"twitter_description":null,"schema":{"blockGraphs":[],"customGraphs":[],"default":{"data":{"Article":[],"Course":[],"Dataset":[],"FAQPage":[],"Movie":[],"Person":[],"Product":[],"ProductReview":[],"Car":[],"Recipe":[],"Service":[],"SoftwareApplication":[],"WebPage":[]},"graphName":"","isEnabled":true},"graphs":[],"defaultGraph":"","defaultPostTypeGraph":""},"schema_type":null,"schema_type_options":null,"pillar_content":false,"robots_default":true,"robots_noindex":false,"robots_noarchive":false,"robots_nosnippet":false,"robots_nofollow":false,"robots_noimageindex":false,"robots_noodp":false,"robots_notranslate":false,"robots_max_snippet":null,"robots_max_videopreview":null,"robots_max_imagepreview":"large","priority":null,"frequency":null,"local_seo":null,"seo_analyzer_scan_date":"2025-11-30 16:03:15","breadcrumb_settings":null,"limit_modified_date":false,"open_ai":null,"ai":null,"created":"2020-12-21 14:00:13","updated":"2025-11-30 16:03:15"},"aioseo_breadcrumb":"<div class=\"aioseo-breadcrumbs\"><span class=\"aioseo-breadcrumb\">\n\t<a href=\"https:\/\/www.eldigitaldeasturias.com\/noticias\" title=\"Home\">Home<\/a>\n<\/span><span class=\"aioseo-breadcrumb-separator\">\u2013<\/span><span class=\"aioseo-breadcrumb\">\n\t<a href=\"https:\/\/www.eldigitaldeasturias.com\/noticias\/category\/actualidad\/\" title=\"Actualidad\">Actualidad<\/a>\n<\/span><span class=\"aioseo-breadcrumb-separator\">\u2013<\/span><span class=\"aioseo-breadcrumb\">\n\t<a href=\"https:\/\/www.eldigitaldeasturias.com\/noticias\/mas-de-350-ciclistas-toman-las-calles-de-oviedo\/\" title=\"M\u00e1s de 350 ciclistas toman las calles de Oviedo\">M\u00e1s de 350 ciclistas toman las calles de Oviedo<\/a>\n<\/span><\/div>","aioseo_breadcrumb_json":[{"label":"Home","link":"https:\/\/www.eldigitaldeasturias.com\/noticias"},{"label":"Actualidad","link":"https:\/\/www.eldigitaldeasturias.com\/noticias\/category\/actualidad\/"},{"label":"M\u00e1s de 350 ciclistas toman las calles de Oviedo","link":"https:\/\/www.eldigitaldeasturias.com\/noticias\/mas-de-350-ciclistas-toman-las-calles-de-oviedo\/"}],"_links":{"self":[{"href":"https:\/\/www.eldigitaldeasturias.com\/noticias\/wp-json\/wp\/v2\/posts\/908411","targetHints":{"allow":["GET"]}}],"collection":[{"href":"https:\/\/www.eldigitaldeasturias.com\/noticias\/wp-json\/wp\/v2\/posts"}],"about":[{"href":"https:\/\/www.eldigitaldeasturias.com\/noticias\/wp-json\/wp\/v2\/types\/post"}],"author":[{"embeddable":true,"href":"https:\/\/www.eldigitaldeasturias.com\/noticias\/wp-json\/wp\/v2\/users\/1"}],"replies":[{"embeddable":true,"href":"https:\/\/www.eldigitaldeasturias.com\/noticias\/wp-json\/wp\/v2\/comments?post=908411"}],"version-history":[{"count":0,"href":"https:\/\/www.eldigitaldeasturias.com\/noticias\/wp-json\/wp\/v2\/posts\/908411\/revisions"}],"wp:featuredmedia":[{"embeddable":true,"href":"https:\/\/www.eldigitaldeasturias.com\/noticias\/wp-json\/wp\/v2\/media\/908412"}],"wp:attachment":[{"href":"https:\/\/www.eldigitaldeasturias.com\/noticias\/wp-json\/wp\/v2\/media?parent=908411"}],"wp:term":[{"taxonomy":"category","embeddable":true,"href":"https:\/\/www.eldigitaldeasturias.com\/noticias\/wp-json\/wp\/v2\/categories?post=908411"},{"taxonomy":"post_tag","embeddable":true,"href":"https:\/\/www.eldigitaldeasturias.com\/noticias\/wp-json\/wp\/v2\/tags?post=908411"}],"curies":[{"name":"wp","href":"https:\/\/api.w.org\/{rel}","templated":true}]}}