{"id":908407,"date":"2016-09-18T17:25:38","date_gmt":"2016-09-18T16:25:38","guid":{"rendered":"http:\/\/www.eldigitaldeasturias.com\/noticias\/?p=908407"},"modified":"2016-09-18T17:25:38","modified_gmt":"2016-09-18T16:25:38","slug":"confirman-el-ataque-contra-el-coche-de-la-lider-de-afd","status":"publish","type":"post","link":"https:\/\/www.eldigitaldeasturias.com\/noticias\/confirman-el-ataque-contra-el-coche-de-la-lider-de-afd\/","title":{"rendered":"Confirman el ataque contra el coche de la l\u00edder de AfD"},"content":{"rendered":"<p><img loading=\"lazy\" decoding=\"async\" class=\"alignleft size-medium wp-image-907738\" src=\"https:\/\/www.eldigitaldeasturias.com\/noticias\/wp-content\/uploads\/2016\/09\/Petry-360x198.jpg\" alt=\"Petry\" width=\"360\" height=\"198\" srcset=\"https:\/\/www.eldigitaldeasturias.com\/noticias\/wp-content\/uploads\/2016\/09\/Petry-360x198.jpg 360w, https:\/\/www.eldigitaldeasturias.com\/noticias\/wp-content\/uploads\/2016\/09\/Petry-650x357.jpg 650w, https:\/\/www.eldigitaldeasturias.com\/noticias\/wp-content\/uploads\/2016\/09\/Petry.jpg 655w\" sizes=\"auto, (max-width: 360px) 100vw, 360px\" \/>Leipzig (Alemania), 18 sep (dpa) &#8211; El autom\u00f3vil de la l\u00edder populista de derechas alemana Frauke Petry fue objeto de un ataque incendiario, confirm\u00f3 hoy la polic\u00eda de la ciudad de Leipzig.<\/p>\n<p>El incendio se produjo en la noche del viernes y no hubo heridos que lamentar. Seg\u00fan comunic\u00f3 la copresidenta de Alternativa para Alemania (AfD) a trav\u00e9s de la red social Twitter, el coche qued\u00f3 completamente calcinado.<\/p>\n<p>Petry reproch\u00f3 a las autoridades de Leipzig que se negaran hasta la semana pasada a bloquear el acceso a informaci\u00f3n sobre su persona que figura en el registro municipal alegando que no exist\u00eda peligro.<\/p>\n<p>\u00abLos ataques a los miembros de la AfD han alcanzado en los \u00faltimos meses una magnitud rayana al terrorismo\u00bb, sostuvo la l\u00edder populista.<\/p>\n<p>La AfD viene encadenando \u00e9xitos electorales con su discurso anti-inmigraci\u00f3n y cr\u00edticas airadas a la decisi\u00f3n de la canciller Angela Merkel de abrir las fronteras a casi un mill\u00f3n de refugiados el a\u00f1o pasado.<\/p>\n<p>&nbsp;<\/p>\n<p>&nbsp;<\/p>\n","protected":false},"excerpt":{"rendered":"<p>Leipzig (Alemania), 18 sep (dpa) &#8211; El autom\u00f3vil de la l\u00edder populista de derechas alemana Frauke Petry fue objeto de un ataque incendiario, confirm\u00f3 hoy la polic\u00eda de la ciudad de Leipzig. El incendio se produjo en la noche del viernes y no hubo heridos que lamentar. Seg\u00fan comunic\u00f3 la copresidenta de Alternativa para Alemania [&hellip;]<\/p>\n","protected":false},"author":1,"featured_media":907738,"comment_status":"closed","ping_status":"closed","sticky":false,"template":"","format":"standard","meta":{"footnotes":""},"categories":[1],"tags":[],"class_list":["post-908407","post","type-post","status-publish","format-standard","has-post-thumbnail","hentry","category-actualidad"],"aioseo_notices":[],"aioseo_head":"\n\t\t<!-- All in One SEO Pro 4.9.6.2 - aioseo.com -->\n\t<meta name=\"description\" content=\"Leipzig (Alemania), 18 sep (dpa) - El autom\u00f3vil de la l\u00edder populista de derechas alemana Frauke Petry fue objeto de un ataque incendiario, confirm\u00f3 hoy la polic\u00eda de la ciudad de Leipzig. El incendio se produjo en la noche del viernes y no hubo heridos que lamentar. Seg\u00fan comunic\u00f3 la copresidenta de Alternativa para Alemania\" \/>\n\t<meta name=\"robots\" content=\"max-image-preview:large\" \/>\n\t<meta name=\"author\" content=\"El Digital de Asturias\"\/>\n\t<meta name=\"google-site-verification\" content=\"UA-38556648-1\" \/>\n\t<meta name=\"msvalidate.01\" content=\"7dfe9f3f1b24437ab69f4f2559babe99\" \/>\n\t<meta name=\"keywords\" content=\"actualidad\" \/>\n\t<link rel=\"canonical\" href=\"https:\/\/www.eldigitaldeasturias.com\/noticias\/confirman-el-ataque-contra-el-coche-de-la-lider-de-afd\/\" \/>\n\t<meta name=\"generator\" content=\"All in One SEO Pro (AIOSEO) 4.9.6.2\" \/>\n\t\t<meta property=\"og:locale\" content=\"es_ES\" \/>\n\t\t<meta property=\"og:site_name\" content=\"El Digital de Asturias\" \/>\n\t\t<meta property=\"og:type\" content=\"article\" \/>\n\t\t<meta property=\"og:title\" content=\"Confirman el ataque contra el coche de la l\u00edder de AfD - El Digital de Asturias\" \/>\n\t\t<meta property=\"og:description\" content=\"Leipzig (Alemania), 18 sep (dpa) - El autom\u00f3vil de la l\u00edder populista de derechas alemana Frauke Petry fue objeto de un ataque incendiario, confirm\u00f3 hoy la polic\u00eda de la ciudad de Leipzig. El incendio se produjo en la noche del viernes y no hubo heridos que lamentar. Seg\u00fan comunic\u00f3 la copresidenta de Alternativa para Alemania\" \/>\n\t\t<meta property=\"og:url\" content=\"https:\/\/www.eldigitaldeasturias.com\/noticias\/confirman-el-ataque-contra-el-coche-de-la-lider-de-afd\/\" \/>\n\t\t<meta property=\"og:image\" content=\"https:\/\/www.eldigitaldeasturias.com\/noticias\/wp-content\/uploads\/2016\/09\/Petry.jpg\" \/>\n\t\t<meta property=\"og:image:secure_url\" content=\"https:\/\/www.eldigitaldeasturias.com\/noticias\/wp-content\/uploads\/2016\/09\/Petry.jpg\" \/>\n\t\t<meta property=\"og:image:width\" content=\"655\" \/>\n\t\t<meta property=\"og:image:height\" content=\"360\" \/>\n\t\t<meta property=\"article:tag\" content=\"actualidad\" \/>\n\t\t<meta property=\"article:published_time\" content=\"2016-09-18T16:25:38+00:00\" \/>\n\t\t<meta property=\"article:modified_time\" content=\"2016-09-18T16:25:38+00:00\" \/>\n\t\t<meta property=\"article:publisher\" content=\"https:\/\/facebook.com\/eldigitaldeasturias\" \/>\n\t\t<meta name=\"twitter:card\" content=\"summary_large_image\" \/>\n\t\t<meta name=\"twitter:title\" content=\"Confirman el ataque contra el coche de la l\u00edder de AfD - El Digital de Asturias\" \/>\n\t\t<meta name=\"twitter:description\" content=\"Leipzig (Alemania), 18 sep (dpa) - El autom\u00f3vil de la l\u00edder populista de derechas alemana Frauke Petry fue objeto de un ataque incendiario, confirm\u00f3 hoy la polic\u00eda de la ciudad de Leipzig. El incendio se produjo en la noche del viernes y no hubo heridos que lamentar. Seg\u00fan comunic\u00f3 la copresidenta de Alternativa para Alemania\" \/>\n\t\t<meta name=\"twitter:image\" content=\"https:\/\/www.eldigitaldeasturias.com\/noticias\/wp-content\/uploads\/2016\/09\/Petry.jpg\" \/>\n\t\t<meta name=\"twitter:label1\" content=\"Escrito por\" \/>\n\t\t<meta name=\"twitter:data1\" content=\"El Digital de Asturias\" \/>\n\t\t<meta name=\"twitter:label2\" content=\"Tiempo de lectura estimado\" \/>\n\t\t<meta name=\"twitter:data2\" content=\"1 minuto\" \/>\n\t\t<script type=\"application\/ld+json\" class=\"aioseo-schema\">\n\t\t\t{\"@context\":\"https:\\\/\\\/schema.org\",\"@graph\":[{\"@type\":\"BlogPosting\",\"@id\":\"https:\\\/\\\/www.eldigitaldeasturias.com\\\/noticias\\\/confirman-el-ataque-contra-el-coche-de-la-lider-de-afd\\\/#blogposting\",\"name\":\"Confirman el ataque contra el coche de la l\\u00edder de AfD - El Digital de Asturias\",\"headline\":\"Confirman el ataque contra el coche de la l\\u00edder de AfD\",\"author\":{\"@id\":\"https:\\\/\\\/www.eldigitaldeasturias.com\\\/noticias\\\/author\\\/admin\\\/#author\"},\"publisher\":{\"@id\":\"https:\\\/\\\/www.eldigitaldeasturias.com\\\/noticias\\\/#organization\"},\"image\":{\"@type\":\"ImageObject\",\"url\":\"https:\\\/\\\/www.eldigitaldeasturias.com\\\/noticias\\\/wp-content\\\/uploads\\\/2016\\\/09\\\/Petry.jpg\",\"width\":655,\"height\":360},\"datePublished\":\"2016-09-18T17:25:38+02:00\",\"dateModified\":\"2016-09-18T17:25:38+02:00\",\"inLanguage\":\"es-ES\",\"mainEntityOfPage\":{\"@id\":\"https:\\\/\\\/www.eldigitaldeasturias.com\\\/noticias\\\/confirman-el-ataque-contra-el-coche-de-la-lider-de-afd\\\/#webpage\"},\"isPartOf\":{\"@id\":\"https:\\\/\\\/www.eldigitaldeasturias.com\\\/noticias\\\/confirman-el-ataque-contra-el-coche-de-la-lider-de-afd\\\/#webpage\"},\"articleSection\":\"Actualidad\"},{\"@type\":\"BreadcrumbList\",\"@id\":\"https:\\\/\\\/www.eldigitaldeasturias.com\\\/noticias\\\/confirman-el-ataque-contra-el-coche-de-la-lider-de-afd\\\/#breadcrumblist\",\"itemListElement\":[{\"@type\":\"ListItem\",\"@id\":\"https:\\\/\\\/www.eldigitaldeasturias.com\\\/noticias#listItem\",\"position\":1,\"name\":\"Home\",\"item\":\"https:\\\/\\\/www.eldigitaldeasturias.com\\\/noticias\",\"nextItem\":{\"@type\":\"ListItem\",\"@id\":\"https:\\\/\\\/www.eldigitaldeasturias.com\\\/noticias\\\/category\\\/actualidad\\\/#listItem\",\"name\":\"Actualidad\"}},{\"@type\":\"ListItem\",\"@id\":\"https:\\\/\\\/www.eldigitaldeasturias.com\\\/noticias\\\/category\\\/actualidad\\\/#listItem\",\"position\":2,\"name\":\"Actualidad\",\"item\":\"https:\\\/\\\/www.eldigitaldeasturias.com\\\/noticias\\\/category\\\/actualidad\\\/\",\"nextItem\":{\"@type\":\"ListItem\",\"@id\":\"https:\\\/\\\/www.eldigitaldeasturias.com\\\/noticias\\\/confirman-el-ataque-contra-el-coche-de-la-lider-de-afd\\\/#listItem\",\"name\":\"Confirman el ataque contra el coche de la l\\u00edder de AfD\"},\"previousItem\":{\"@type\":\"ListItem\",\"@id\":\"https:\\\/\\\/www.eldigitaldeasturias.com\\\/noticias#listItem\",\"name\":\"Home\"}},{\"@type\":\"ListItem\",\"@id\":\"https:\\\/\\\/www.eldigitaldeasturias.com\\\/noticias\\\/confirman-el-ataque-contra-el-coche-de-la-lider-de-afd\\\/#listItem\",\"position\":3,\"name\":\"Confirman el ataque contra el coche de la l\\u00edder de AfD\",\"previousItem\":{\"@type\":\"ListItem\",\"@id\":\"https:\\\/\\\/www.eldigitaldeasturias.com\\\/noticias\\\/category\\\/actualidad\\\/#listItem\",\"name\":\"Actualidad\"}}]},{\"@type\":\"Organization\",\"@id\":\"https:\\\/\\\/www.eldigitaldeasturias.com\\\/noticias\\\/#organization\",\"name\":\"El Digital de Asturias\",\"description\":\"Hemeroteca\",\"url\":\"https:\\\/\\\/www.eldigitaldeasturias.com\\\/noticias\\\/\",\"email\":\"info@eldigitaldeasturias.com\",\"telephone\":\"+34652131393\",\"logo\":{\"@type\":\"ImageObject\",\"url\":\"https:\\\/\\\/www.eldigitaldeasturias.com\\\/noticias\\\/wp-content\\\/uploads\\\/2020\\\/12\\\/EDA.jpg\",\"@id\":\"https:\\\/\\\/www.eldigitaldeasturias.com\\\/noticias\\\/confirman-el-ataque-contra-el-coche-de-la-lider-de-afd\\\/#organizationLogo\",\"width\":649,\"height\":297},\"image\":{\"@id\":\"https:\\\/\\\/www.eldigitaldeasturias.com\\\/noticias\\\/confirman-el-ataque-contra-el-coche-de-la-lider-de-afd\\\/#organizationLogo\"},\"sameAs\":[\"https:\\\/\\\/facebook.com\\\/eldigitaldeasturias\",\"https:\\\/\\\/www.youtube.com\\\/channel\\\/UCZP-2wLEB9Rv6erhFmqVnvg\"],\"address\":{\"@id\":\"https:\\\/\\\/www.eldigitaldeasturias.com\\\/noticias\\\/#postaladdress\",\"@type\":\"PostalAddress\",\"streetAddress\":\"san antonio 4,\",\"postalCode\":\"33430\",\"addressLocality\":\"Cand\\u00e1s\",\"addressRegion\":\"Asturias\",\"addressCountry\":\"ES\"}},{\"@type\":\"Person\",\"@id\":\"https:\\\/\\\/www.eldigitaldeasturias.com\\\/noticias\\\/author\\\/admin\\\/#author\",\"url\":\"https:\\\/\\\/www.eldigitaldeasturias.com\\\/noticias\\\/author\\\/admin\\\/\",\"name\":\"El Digital de Asturias\",\"image\":{\"@type\":\"ImageObject\",\"@id\":\"https:\\\/\\\/www.eldigitaldeasturias.com\\\/noticias\\\/confirman-el-ataque-contra-el-coche-de-la-lider-de-afd\\\/#authorImage\",\"url\":\"https:\\\/\\\/www.eldigitaldeasturias.com\\\/noticias\\\/wp-content\\\/litespeed\\\/avatar\\\/18677e78aa0546b92d9dbf31ec7d7668.jpg?ver=1777290358\",\"width\":96,\"height\":96,\"caption\":\"El Digital de Asturias\"}},{\"@type\":\"WebPage\",\"@id\":\"https:\\\/\\\/www.eldigitaldeasturias.com\\\/noticias\\\/confirman-el-ataque-contra-el-coche-de-la-lider-de-afd\\\/#webpage\",\"url\":\"https:\\\/\\\/www.eldigitaldeasturias.com\\\/noticias\\\/confirman-el-ataque-contra-el-coche-de-la-lider-de-afd\\\/\",\"name\":\"Confirman el ataque contra el coche de la l\\u00edder de AfD - El Digital de Asturias\",\"description\":\"Leipzig (Alemania), 18 sep (dpa) - El autom\\u00f3vil de la l\\u00edder populista de derechas alemana Frauke Petry fue objeto de un ataque incendiario, confirm\\u00f3 hoy la polic\\u00eda de la ciudad de Leipzig. El incendio se produjo en la noche del viernes y no hubo heridos que lamentar. Seg\\u00fan comunic\\u00f3 la copresidenta de Alternativa para Alemania\",\"inLanguage\":\"es-ES\",\"isPartOf\":{\"@id\":\"https:\\\/\\\/www.eldigitaldeasturias.com\\\/noticias\\\/#website\"},\"breadcrumb\":{\"@id\":\"https:\\\/\\\/www.eldigitaldeasturias.com\\\/noticias\\\/confirman-el-ataque-contra-el-coche-de-la-lider-de-afd\\\/#breadcrumblist\"},\"author\":{\"@id\":\"https:\\\/\\\/www.eldigitaldeasturias.com\\\/noticias\\\/author\\\/admin\\\/#author\"},\"creator\":{\"@id\":\"https:\\\/\\\/www.eldigitaldeasturias.com\\\/noticias\\\/author\\\/admin\\\/#author\"},\"image\":{\"@type\":\"ImageObject\",\"url\":\"https:\\\/\\\/www.eldigitaldeasturias.com\\\/noticias\\\/wp-content\\\/uploads\\\/2016\\\/09\\\/Petry.jpg\",\"@id\":\"https:\\\/\\\/www.eldigitaldeasturias.com\\\/noticias\\\/confirman-el-ataque-contra-el-coche-de-la-lider-de-afd\\\/#mainImage\",\"width\":655,\"height\":360},\"primaryImageOfPage\":{\"@id\":\"https:\\\/\\\/www.eldigitaldeasturias.com\\\/noticias\\\/confirman-el-ataque-contra-el-coche-de-la-lider-de-afd\\\/#mainImage\"},\"datePublished\":\"2016-09-18T17:25:38+02:00\",\"dateModified\":\"2016-09-18T17:25:38+02:00\"},{\"@type\":\"WebSite\",\"@id\":\"https:\\\/\\\/www.eldigitaldeasturias.com\\\/noticias\\\/#website\",\"url\":\"https:\\\/\\\/www.eldigitaldeasturias.com\\\/noticias\\\/\",\"name\":\"El Digital de Asturias - Diario de actualidad y noticias\",\"alternateName\":\"El Digital de Asturias - Diario de actualidad y noticias\",\"description\":\"Hemeroteca\",\"inLanguage\":\"es-ES\",\"publisher\":{\"@id\":\"https:\\\/\\\/www.eldigitaldeasturias.com\\\/noticias\\\/#organization\"}}]}\n\t\t<\/script>\n\t\t<!-- All in One SEO Pro -->\r\n\t\t<title>Confirman el ataque contra el coche de la l\u00edder de AfD - El Digital de Asturias<\/title>\n\n","aioseo_head_json":{"title":"Confirman el ataque contra el coche de la l\u00edder de AfD - El Digital de Asturias","description":"Leipzig (Alemania), 18 sep (dpa) - El autom\u00f3vil de la l\u00edder populista de derechas alemana Frauke Petry fue objeto de un ataque incendiario, confirm\u00f3 hoy la polic\u00eda de la ciudad de Leipzig. El incendio se produjo en la noche del viernes y no hubo heridos que lamentar. Seg\u00fan comunic\u00f3 la copresidenta de Alternativa para Alemania","canonical_url":"https:\/\/www.eldigitaldeasturias.com\/noticias\/confirman-el-ataque-contra-el-coche-de-la-lider-de-afd\/","robots":"max-image-preview:large","keywords":"actualidad","webmasterTools":{"google-site-verification":"UA-38556648-1","msvalidate.01":"7dfe9f3f1b24437ab69f4f2559babe99","miscellaneous":""},"schema":{"@context":"https:\/\/schema.org","@graph":[{"@type":"BlogPosting","@id":"https:\/\/www.eldigitaldeasturias.com\/noticias\/confirman-el-ataque-contra-el-coche-de-la-lider-de-afd\/#blogposting","name":"Confirman el ataque contra el coche de la l\u00edder de AfD - El Digital de Asturias","headline":"Confirman el ataque contra el coche de la l\u00edder de AfD","author":{"@id":"https:\/\/www.eldigitaldeasturias.com\/noticias\/author\/admin\/#author"},"publisher":{"@id":"https:\/\/www.eldigitaldeasturias.com\/noticias\/#organization"},"image":{"@type":"ImageObject","url":"https:\/\/www.eldigitaldeasturias.com\/noticias\/wp-content\/uploads\/2016\/09\/Petry.jpg","width":655,"height":360},"datePublished":"2016-09-18T17:25:38+02:00","dateModified":"2016-09-18T17:25:38+02:00","inLanguage":"es-ES","mainEntityOfPage":{"@id":"https:\/\/www.eldigitaldeasturias.com\/noticias\/confirman-el-ataque-contra-el-coche-de-la-lider-de-afd\/#webpage"},"isPartOf":{"@id":"https:\/\/www.eldigitaldeasturias.com\/noticias\/confirman-el-ataque-contra-el-coche-de-la-lider-de-afd\/#webpage"},"articleSection":"Actualidad"},{"@type":"BreadcrumbList","@id":"https:\/\/www.eldigitaldeasturias.com\/noticias\/confirman-el-ataque-contra-el-coche-de-la-lider-de-afd\/#breadcrumblist","itemListElement":[{"@type":"ListItem","@id":"https:\/\/www.eldigitaldeasturias.com\/noticias#listItem","position":1,"name":"Home","item":"https:\/\/www.eldigitaldeasturias.com\/noticias","nextItem":{"@type":"ListItem","@id":"https:\/\/www.eldigitaldeasturias.com\/noticias\/category\/actualidad\/#listItem","name":"Actualidad"}},{"@type":"ListItem","@id":"https:\/\/www.eldigitaldeasturias.com\/noticias\/category\/actualidad\/#listItem","position":2,"name":"Actualidad","item":"https:\/\/www.eldigitaldeasturias.com\/noticias\/category\/actualidad\/","nextItem":{"@type":"ListItem","@id":"https:\/\/www.eldigitaldeasturias.com\/noticias\/confirman-el-ataque-contra-el-coche-de-la-lider-de-afd\/#listItem","name":"Confirman el ataque contra el coche de la l\u00edder de AfD"},"previousItem":{"@type":"ListItem","@id":"https:\/\/www.eldigitaldeasturias.com\/noticias#listItem","name":"Home"}},{"@type":"ListItem","@id":"https:\/\/www.eldigitaldeasturias.com\/noticias\/confirman-el-ataque-contra-el-coche-de-la-lider-de-afd\/#listItem","position":3,"name":"Confirman el ataque contra el coche de la l\u00edder de AfD","previousItem":{"@type":"ListItem","@id":"https:\/\/www.eldigitaldeasturias.com\/noticias\/category\/actualidad\/#listItem","name":"Actualidad"}}]},{"@type":"Organization","@id":"https:\/\/www.eldigitaldeasturias.com\/noticias\/#organization","name":"El Digital de Asturias","description":"Hemeroteca","url":"https:\/\/www.eldigitaldeasturias.com\/noticias\/","email":"info@eldigitaldeasturias.com","telephone":"+34652131393","logo":{"@type":"ImageObject","url":"https:\/\/www.eldigitaldeasturias.com\/noticias\/wp-content\/uploads\/2020\/12\/EDA.jpg","@id":"https:\/\/www.eldigitaldeasturias.com\/noticias\/confirman-el-ataque-contra-el-coche-de-la-lider-de-afd\/#organizationLogo","width":649,"height":297},"image":{"@id":"https:\/\/www.eldigitaldeasturias.com\/noticias\/confirman-el-ataque-contra-el-coche-de-la-lider-de-afd\/#organizationLogo"},"sameAs":["https:\/\/facebook.com\/eldigitaldeasturias","https:\/\/www.youtube.com\/channel\/UCZP-2wLEB9Rv6erhFmqVnvg"],"address":{"@id":"https:\/\/www.eldigitaldeasturias.com\/noticias\/#postaladdress","@type":"PostalAddress","streetAddress":"san antonio 4,","postalCode":"33430","addressLocality":"Cand\u00e1s","addressRegion":"Asturias","addressCountry":"ES"}},{"@type":"Person","@id":"https:\/\/www.eldigitaldeasturias.com\/noticias\/author\/admin\/#author","url":"https:\/\/www.eldigitaldeasturias.com\/noticias\/author\/admin\/","name":"El Digital de Asturias","image":{"@type":"ImageObject","@id":"https:\/\/www.eldigitaldeasturias.com\/noticias\/confirman-el-ataque-contra-el-coche-de-la-lider-de-afd\/#authorImage","url":"https:\/\/www.eldigitaldeasturias.com\/noticias\/wp-content\/litespeed\/avatar\/18677e78aa0546b92d9dbf31ec7d7668.jpg?ver=1777290358","width":96,"height":96,"caption":"El Digital de Asturias"}},{"@type":"WebPage","@id":"https:\/\/www.eldigitaldeasturias.com\/noticias\/confirman-el-ataque-contra-el-coche-de-la-lider-de-afd\/#webpage","url":"https:\/\/www.eldigitaldeasturias.com\/noticias\/confirman-el-ataque-contra-el-coche-de-la-lider-de-afd\/","name":"Confirman el ataque contra el coche de la l\u00edder de AfD - El Digital de Asturias","description":"Leipzig (Alemania), 18 sep (dpa) - El autom\u00f3vil de la l\u00edder populista de derechas alemana Frauke Petry fue objeto de un ataque incendiario, confirm\u00f3 hoy la polic\u00eda de la ciudad de Leipzig. El incendio se produjo en la noche del viernes y no hubo heridos que lamentar. Seg\u00fan comunic\u00f3 la copresidenta de Alternativa para Alemania","inLanguage":"es-ES","isPartOf":{"@id":"https:\/\/www.eldigitaldeasturias.com\/noticias\/#website"},"breadcrumb":{"@id":"https:\/\/www.eldigitaldeasturias.com\/noticias\/confirman-el-ataque-contra-el-coche-de-la-lider-de-afd\/#breadcrumblist"},"author":{"@id":"https:\/\/www.eldigitaldeasturias.com\/noticias\/author\/admin\/#author"},"creator":{"@id":"https:\/\/www.eldigitaldeasturias.com\/noticias\/author\/admin\/#author"},"image":{"@type":"ImageObject","url":"https:\/\/www.eldigitaldeasturias.com\/noticias\/wp-content\/uploads\/2016\/09\/Petry.jpg","@id":"https:\/\/www.eldigitaldeasturias.com\/noticias\/confirman-el-ataque-contra-el-coche-de-la-lider-de-afd\/#mainImage","width":655,"height":360},"primaryImageOfPage":{"@id":"https:\/\/www.eldigitaldeasturias.com\/noticias\/confirman-el-ataque-contra-el-coche-de-la-lider-de-afd\/#mainImage"},"datePublished":"2016-09-18T17:25:38+02:00","dateModified":"2016-09-18T17:25:38+02:00"},{"@type":"WebSite","@id":"https:\/\/www.eldigitaldeasturias.com\/noticias\/#website","url":"https:\/\/www.eldigitaldeasturias.com\/noticias\/","name":"El Digital de Asturias - Diario de actualidad y noticias","alternateName":"El Digital de Asturias - Diario de actualidad y noticias","description":"Hemeroteca","inLanguage":"es-ES","publisher":{"@id":"https:\/\/www.eldigitaldeasturias.com\/noticias\/#organization"}}]},"og:locale":"es_ES","og:site_name":"El Digital de Asturias","og:type":"article","og:title":"Confirman el ataque contra el coche de la l\u00edder de AfD - El Digital de Asturias","og:description":"Leipzig (Alemania), 18 sep (dpa) - El autom\u00f3vil de la l\u00edder populista de derechas alemana Frauke Petry fue objeto de un ataque incendiario, confirm\u00f3 hoy la polic\u00eda de la ciudad de Leipzig. El incendio se produjo en la noche del viernes y no hubo heridos que lamentar. Seg\u00fan comunic\u00f3 la copresidenta de Alternativa para Alemania","og:url":"https:\/\/www.eldigitaldeasturias.com\/noticias\/confirman-el-ataque-contra-el-coche-de-la-lider-de-afd\/","og:image":"https:\/\/www.eldigitaldeasturias.com\/noticias\/wp-content\/uploads\/2016\/09\/Petry.jpg","og:image:secure_url":"https:\/\/www.eldigitaldeasturias.com\/noticias\/wp-content\/uploads\/2016\/09\/Petry.jpg","og:image:width":655,"og:image:height":360,"article:tag":["actualidad"],"article:published_time":"2016-09-18T16:25:38+00:00","article:modified_time":"2016-09-18T16:25:38+00:00","article:publisher":"https:\/\/facebook.com\/eldigitaldeasturias","twitter:card":"summary_large_image","twitter:title":"Confirman el ataque contra el coche de la l\u00edder de AfD - El Digital de Asturias","twitter:description":"Leipzig (Alemania), 18 sep (dpa) - El autom\u00f3vil de la l\u00edder populista de derechas alemana Frauke Petry fue objeto de un ataque incendiario, confirm\u00f3 hoy la polic\u00eda de la ciudad de Leipzig. El incendio se produjo en la noche del viernes y no hubo heridos que lamentar. Seg\u00fan comunic\u00f3 la copresidenta de Alternativa para Alemania","twitter:image":"https:\/\/www.eldigitaldeasturias.com\/noticias\/wp-content\/uploads\/2016\/09\/Petry.jpg","twitter:label1":"Escrito por","twitter:data1":"El Digital de Asturias","twitter:label2":"Tiempo de lectura estimado","twitter:data2":"1 minuto"},"aioseo_meta_data":{"post_id":"908407","title":null,"description":null,"keywords":null,"keyphrases":null,"primary_term":null,"canonical_url":null,"og_title":null,"og_description":null,"og_object_type":"default","og_image_type":"default","og_image_url":null,"og_image_width":null,"og_image_height":null,"og_image_custom_url":null,"og_image_custom_fields":null,"og_video":null,"og_custom_url":null,"og_article_section":null,"og_article_tags":null,"twitter_use_og":false,"twitter_card":"default","twitter_image_type":"default","twitter_image_url":null,"twitter_image_custom_url":null,"twitter_image_custom_fields":null,"twitter_title":null,"twitter_description":null,"schema":{"blockGraphs":[],"customGraphs":[],"default":{"data":{"Article":[],"Course":[],"Dataset":[],"FAQPage":[],"Movie":[],"Person":[],"Product":[],"ProductReview":[],"Car":[],"Recipe":[],"Service":[],"SoftwareApplication":[],"WebPage":[]},"graphName":"","isEnabled":true},"graphs":[],"defaultGraph":"","defaultPostTypeGraph":""},"schema_type":null,"schema_type_options":null,"pillar_content":false,"robots_default":true,"robots_noindex":false,"robots_noarchive":false,"robots_nosnippet":false,"robots_nofollow":false,"robots_noimageindex":false,"robots_noodp":false,"robots_notranslate":false,"robots_max_snippet":null,"robots_max_videopreview":null,"robots_max_imagepreview":"large","priority":null,"frequency":null,"local_seo":null,"seo_analyzer_scan_date":"2025-11-30 16:01:18","breadcrumb_settings":null,"limit_modified_date":false,"open_ai":null,"ai":null,"created":"2020-12-21 14:00:13","updated":"2025-11-30 16:01:18"},"aioseo_breadcrumb":"<div class=\"aioseo-breadcrumbs\"><span class=\"aioseo-breadcrumb\">\n\t<a href=\"https:\/\/www.eldigitaldeasturias.com\/noticias\" title=\"Home\">Home<\/a>\n<\/span><span class=\"aioseo-breadcrumb-separator\">\u2013<\/span><span class=\"aioseo-breadcrumb\">\n\t<a href=\"https:\/\/www.eldigitaldeasturias.com\/noticias\/category\/actualidad\/\" title=\"Actualidad\">Actualidad<\/a>\n<\/span><span class=\"aioseo-breadcrumb-separator\">\u2013<\/span><span class=\"aioseo-breadcrumb\">\n\t<a href=\"https:\/\/www.eldigitaldeasturias.com\/noticias\/confirman-el-ataque-contra-el-coche-de-la-lider-de-afd\/\" title=\"Confirman el ataque contra el coche de la l\u00edder de AfD\">Confirman el ataque contra el coche de la l\u00edder de AfD<\/a>\n<\/span><\/div>","aioseo_breadcrumb_json":[{"label":"Home","link":"https:\/\/www.eldigitaldeasturias.com\/noticias"},{"label":"Actualidad","link":"https:\/\/www.eldigitaldeasturias.com\/noticias\/category\/actualidad\/"},{"label":"Confirman el ataque contra el coche de la l\u00edder de AfD","link":"https:\/\/www.eldigitaldeasturias.com\/noticias\/confirman-el-ataque-contra-el-coche-de-la-lider-de-afd\/"}],"_links":{"self":[{"href":"https:\/\/www.eldigitaldeasturias.com\/noticias\/wp-json\/wp\/v2\/posts\/908407","targetHints":{"allow":["GET"]}}],"collection":[{"href":"https:\/\/www.eldigitaldeasturias.com\/noticias\/wp-json\/wp\/v2\/posts"}],"about":[{"href":"https:\/\/www.eldigitaldeasturias.com\/noticias\/wp-json\/wp\/v2\/types\/post"}],"author":[{"embeddable":true,"href":"https:\/\/www.eldigitaldeasturias.com\/noticias\/wp-json\/wp\/v2\/users\/1"}],"replies":[{"embeddable":true,"href":"https:\/\/www.eldigitaldeasturias.com\/noticias\/wp-json\/wp\/v2\/comments?post=908407"}],"version-history":[{"count":0,"href":"https:\/\/www.eldigitaldeasturias.com\/noticias\/wp-json\/wp\/v2\/posts\/908407\/revisions"}],"wp:featuredmedia":[{"embeddable":true,"href":"https:\/\/www.eldigitaldeasturias.com\/noticias\/wp-json\/wp\/v2\/media\/907738"}],"wp:attachment":[{"href":"https:\/\/www.eldigitaldeasturias.com\/noticias\/wp-json\/wp\/v2\/media?parent=908407"}],"wp:term":[{"taxonomy":"category","embeddable":true,"href":"https:\/\/www.eldigitaldeasturias.com\/noticias\/wp-json\/wp\/v2\/categories?post=908407"},{"taxonomy":"post_tag","embeddable":true,"href":"https:\/\/www.eldigitaldeasturias.com\/noticias\/wp-json\/wp\/v2\/tags?post=908407"}],"curies":[{"name":"wp","href":"https:\/\/api.w.org\/{rel}","templated":true}]}}