{"id":908402,"date":"2016-09-18T17:20:50","date_gmt":"2016-09-18T16:20:50","guid":{"rendered":"http:\/\/www.eldigitaldeasturias.com\/noticias\/?p=908402"},"modified":"2016-09-18T17:20:50","modified_gmt":"2016-09-18T16:20:50","slug":"audi-destituye-a-un-alto-ejecutivo-por-el-fraude-de-los-motores","status":"publish","type":"post","link":"https:\/\/www.eldigitaldeasturias.com\/noticias\/audi-destituye-a-un-alto-ejecutivo-por-el-fraude-de-los-motores\/","title":{"rendered":"Audi destituye a un alto ejecutivo por el fraude de los motores"},"content":{"rendered":"<p><img loading=\"lazy\" decoding=\"async\" class=\"alignleft size-medium wp-image-814976\" src=\"https:\/\/www.eldigitaldeasturias.com\/noticias\/wp-content\/uploads\/2015\/10\/vw2-360x240.jpg\" alt=\"vw2\" width=\"360\" height=\"240\" srcset=\"https:\/\/www.eldigitaldeasturias.com\/noticias\/wp-content\/uploads\/2015\/10\/vw2-360x240.jpg 360w, https:\/\/www.eldigitaldeasturias.com\/noticias\/wp-content\/uploads\/2015\/10\/vw2-650x433.jpg 650w, https:\/\/www.eldigitaldeasturias.com\/noticias\/wp-content\/uploads\/2015\/10\/vw2.jpg 800w\" sizes=\"auto, (max-width: 360px) 100vw, 360px\" \/>Ingolstadt (Alemania), 18 sep (dpa) &#8211; El fraude por la manipulaci\u00f3n de motores costar\u00e1 el puesto a otro alto ejecutivo del grupo Volkswagen, se\u00f1al\u00f3 hoy el dominical alem\u00e1n \u00abBild am Sonntag\u00bb.<\/p>\n<p>Se trata de Stefan Kirsch, miembro de la junta directiva del fabricante de coches de alta gama Audi, precis\u00f3 el rotativo sin mencionar fuentes.<\/p>\n<p>Kirsch asumi\u00f3 en enero el cargo de responsable de desarrollo en reemplazo de Ulrich Hackenberg, quien fue separado de sus funciones por su implicaci\u00f3n en el esc\u00e1ndalo de la manipulaci\u00f3n de motores di\u00e9sel para simular menores emisiones de gases.<\/p>\n<p>Al parecer, las investigaciones encargadas por Volkswagen al despacho legal Jones Day arrojaron que Knirsch estaba al tanto del dispositivo ilegal montado en los motores de 3,0 litros de Audi y minti\u00f3 en una declaraci\u00f3n jurada al respecto.<\/p>\n<p>Knirsch trabaj\u00f3 durante a\u00f1os para Audi y Porsche y dirigi\u00f3 desde 2013 el desarrollo de motores para Audi.<\/p>\n<p>La noticia de su destituci\u00f3n coincidi\u00f3 con el primer aniversario del estallido del esc\u00e1ndalo. Volkswagen admiti\u00f3 el 18 de septiembre de 2015 haber manipulado los motores de once millones de autom\u00f3viles en todo el mundo para ocultar que sus emisiones de gases contaminantes superaban los l\u00edmites permitidos.<\/p>\n<p>El \u00abDieselgate\u00bb surgi\u00f3 en Estados Unidos, donde el mayor fabricante de autom\u00f3viles del mundo afronta demandas multimillonarias del Estado y de particulares.<\/p>\n<p>Analistas como Frank Schwope, del banco semip\u00fablico germano NordLB, creen que la debacle ocasionada a ra\u00edz del esc\u00e1ndalo de manipulaci\u00f3n le podr\u00e1 costar al productor automovil\u00edstico hasta 35.000 millones de euros (39.280 millones de d\u00f3lares), adem\u00e1s de incertidumbre durante a\u00f1os.<\/p>\n<p>&nbsp;<\/p>\n","protected":false},"excerpt":{"rendered":"<p>Ingolstadt (Alemania), 18 sep (dpa) &#8211; El fraude por la manipulaci\u00f3n de motores costar\u00e1 el puesto a otro alto ejecutivo del grupo Volkswagen, se\u00f1al\u00f3 hoy el dominical alem\u00e1n \u00abBild am Sonntag\u00bb. Se trata de Stefan Kirsch, miembro de la junta directiva del fabricante de coches de alta gama Audi, precis\u00f3 el rotativo sin mencionar fuentes. [&hellip;]<\/p>\n","protected":false},"author":1,"featured_media":814976,"comment_status":"closed","ping_status":"closed","sticky":false,"template":"","format":"standard","meta":{"footnotes":""},"categories":[1],"tags":[],"class_list":["post-908402","post","type-post","status-publish","format-standard","has-post-thumbnail","hentry","category-actualidad"],"aioseo_notices":[],"aioseo_head":"\n\t\t<!-- All in One SEO Pro 4.9.6.2 - aioseo.com -->\n\t<meta name=\"description\" content=\"Ingolstadt (Alemania), 18 sep (dpa) - El fraude por la manipulaci\u00f3n de motores costar\u00e1 el puesto a otro alto ejecutivo del grupo Volkswagen, se\u00f1al\u00f3 hoy el dominical alem\u00e1n &quot;Bild am Sonntag&quot;. Se trata de Stefan Kirsch, miembro de la junta directiva del fabricante de coches de alta gama Audi, precis\u00f3 el rotativo sin mencionar fuentes.\" \/>\n\t<meta name=\"robots\" content=\"max-image-preview:large\" \/>\n\t<meta name=\"author\" content=\"El Digital de Asturias\"\/>\n\t<meta name=\"google-site-verification\" content=\"UA-38556648-1\" \/>\n\t<meta name=\"msvalidate.01\" content=\"7dfe9f3f1b24437ab69f4f2559babe99\" \/>\n\t<meta name=\"keywords\" content=\"actualidad\" \/>\n\t<link rel=\"canonical\" href=\"https:\/\/www.eldigitaldeasturias.com\/noticias\/audi-destituye-a-un-alto-ejecutivo-por-el-fraude-de-los-motores\/\" \/>\n\t<meta name=\"generator\" content=\"All in One SEO Pro (AIOSEO) 4.9.6.2\" \/>\n\t\t<meta property=\"og:locale\" content=\"es_ES\" \/>\n\t\t<meta property=\"og:site_name\" content=\"El Digital de Asturias\" \/>\n\t\t<meta property=\"og:type\" content=\"article\" \/>\n\t\t<meta property=\"og:title\" content=\"Audi destituye a un alto ejecutivo por el fraude de los motores - El Digital de Asturias\" \/>\n\t\t<meta property=\"og:description\" content=\"Ingolstadt (Alemania), 18 sep (dpa) - El fraude por la manipulaci\u00f3n de motores costar\u00e1 el puesto a otro alto ejecutivo del grupo Volkswagen, se\u00f1al\u00f3 hoy el dominical alem\u00e1n &quot;Bild am Sonntag&quot;. Se trata de Stefan Kirsch, miembro de la junta directiva del fabricante de coches de alta gama Audi, precis\u00f3 el rotativo sin mencionar fuentes.\" \/>\n\t\t<meta property=\"og:url\" content=\"https:\/\/www.eldigitaldeasturias.com\/noticias\/audi-destituye-a-un-alto-ejecutivo-por-el-fraude-de-los-motores\/\" \/>\n\t\t<meta property=\"og:image\" content=\"https:\/\/www.eldigitaldeasturias.com\/noticias\/wp-content\/uploads\/2015\/10\/vw2.jpg\" \/>\n\t\t<meta property=\"og:image:secure_url\" content=\"https:\/\/www.eldigitaldeasturias.com\/noticias\/wp-content\/uploads\/2015\/10\/vw2.jpg\" \/>\n\t\t<meta property=\"og:image:width\" content=\"800\" \/>\n\t\t<meta property=\"og:image:height\" content=\"533\" \/>\n\t\t<meta property=\"article:tag\" content=\"actualidad\" \/>\n\t\t<meta property=\"article:published_time\" content=\"2016-09-18T16:20:50+00:00\" \/>\n\t\t<meta property=\"article:modified_time\" content=\"2016-09-18T16:20:50+00:00\" \/>\n\t\t<meta property=\"article:publisher\" content=\"https:\/\/facebook.com\/eldigitaldeasturias\" \/>\n\t\t<meta name=\"twitter:card\" content=\"summary_large_image\" \/>\n\t\t<meta name=\"twitter:title\" content=\"Audi destituye a un alto ejecutivo por el fraude de los motores - El Digital de Asturias\" \/>\n\t\t<meta name=\"twitter:description\" content=\"Ingolstadt (Alemania), 18 sep (dpa) - El fraude por la manipulaci\u00f3n de motores costar\u00e1 el puesto a otro alto ejecutivo del grupo Volkswagen, se\u00f1al\u00f3 hoy el dominical alem\u00e1n &quot;Bild am Sonntag&quot;. Se trata de Stefan Kirsch, miembro de la junta directiva del fabricante de coches de alta gama Audi, precis\u00f3 el rotativo sin mencionar fuentes.\" \/>\n\t\t<meta name=\"twitter:image\" content=\"https:\/\/www.eldigitaldeasturias.com\/noticias\/wp-content\/uploads\/2015\/10\/vw2.jpg\" \/>\n\t\t<meta name=\"twitter:label1\" content=\"Escrito por\" \/>\n\t\t<meta name=\"twitter:data1\" content=\"El Digital de Asturias\" \/>\n\t\t<meta name=\"twitter:label2\" content=\"Tiempo de lectura estimado\" \/>\n\t\t<meta name=\"twitter:data2\" content=\"1 minuto\" \/>\n\t\t<script type=\"application\/ld+json\" class=\"aioseo-schema\">\n\t\t\t{\"@context\":\"https:\\\/\\\/schema.org\",\"@graph\":[{\"@type\":\"BlogPosting\",\"@id\":\"https:\\\/\\\/www.eldigitaldeasturias.com\\\/noticias\\\/audi-destituye-a-un-alto-ejecutivo-por-el-fraude-de-los-motores\\\/#blogposting\",\"name\":\"Audi destituye a un alto ejecutivo por el fraude de los motores - El Digital de Asturias\",\"headline\":\"Audi destituye a un alto ejecutivo por el fraude de los motores\",\"author\":{\"@id\":\"https:\\\/\\\/www.eldigitaldeasturias.com\\\/noticias\\\/author\\\/admin\\\/#author\"},\"publisher\":{\"@id\":\"https:\\\/\\\/www.eldigitaldeasturias.com\\\/noticias\\\/#organization\"},\"image\":{\"@type\":\"ImageObject\",\"url\":\"https:\\\/\\\/www.eldigitaldeasturias.com\\\/noticias\\\/wp-content\\\/uploads\\\/2015\\\/10\\\/vw2.jpg\",\"width\":800,\"height\":533},\"datePublished\":\"2016-09-18T17:20:50+02:00\",\"dateModified\":\"2016-09-18T17:20:50+02:00\",\"inLanguage\":\"es-ES\",\"mainEntityOfPage\":{\"@id\":\"https:\\\/\\\/www.eldigitaldeasturias.com\\\/noticias\\\/audi-destituye-a-un-alto-ejecutivo-por-el-fraude-de-los-motores\\\/#webpage\"},\"isPartOf\":{\"@id\":\"https:\\\/\\\/www.eldigitaldeasturias.com\\\/noticias\\\/audi-destituye-a-un-alto-ejecutivo-por-el-fraude-de-los-motores\\\/#webpage\"},\"articleSection\":\"Actualidad\"},{\"@type\":\"BreadcrumbList\",\"@id\":\"https:\\\/\\\/www.eldigitaldeasturias.com\\\/noticias\\\/audi-destituye-a-un-alto-ejecutivo-por-el-fraude-de-los-motores\\\/#breadcrumblist\",\"itemListElement\":[{\"@type\":\"ListItem\",\"@id\":\"https:\\\/\\\/www.eldigitaldeasturias.com\\\/noticias#listItem\",\"position\":1,\"name\":\"Home\",\"item\":\"https:\\\/\\\/www.eldigitaldeasturias.com\\\/noticias\",\"nextItem\":{\"@type\":\"ListItem\",\"@id\":\"https:\\\/\\\/www.eldigitaldeasturias.com\\\/noticias\\\/category\\\/actualidad\\\/#listItem\",\"name\":\"Actualidad\"}},{\"@type\":\"ListItem\",\"@id\":\"https:\\\/\\\/www.eldigitaldeasturias.com\\\/noticias\\\/category\\\/actualidad\\\/#listItem\",\"position\":2,\"name\":\"Actualidad\",\"item\":\"https:\\\/\\\/www.eldigitaldeasturias.com\\\/noticias\\\/category\\\/actualidad\\\/\",\"nextItem\":{\"@type\":\"ListItem\",\"@id\":\"https:\\\/\\\/www.eldigitaldeasturias.com\\\/noticias\\\/audi-destituye-a-un-alto-ejecutivo-por-el-fraude-de-los-motores\\\/#listItem\",\"name\":\"Audi destituye a un alto ejecutivo por el fraude de los motores\"},\"previousItem\":{\"@type\":\"ListItem\",\"@id\":\"https:\\\/\\\/www.eldigitaldeasturias.com\\\/noticias#listItem\",\"name\":\"Home\"}},{\"@type\":\"ListItem\",\"@id\":\"https:\\\/\\\/www.eldigitaldeasturias.com\\\/noticias\\\/audi-destituye-a-un-alto-ejecutivo-por-el-fraude-de-los-motores\\\/#listItem\",\"position\":3,\"name\":\"Audi destituye a un alto ejecutivo por el fraude de los motores\",\"previousItem\":{\"@type\":\"ListItem\",\"@id\":\"https:\\\/\\\/www.eldigitaldeasturias.com\\\/noticias\\\/category\\\/actualidad\\\/#listItem\",\"name\":\"Actualidad\"}}]},{\"@type\":\"Organization\",\"@id\":\"https:\\\/\\\/www.eldigitaldeasturias.com\\\/noticias\\\/#organization\",\"name\":\"El Digital de Asturias\",\"description\":\"Hemeroteca\",\"url\":\"https:\\\/\\\/www.eldigitaldeasturias.com\\\/noticias\\\/\",\"email\":\"info@eldigitaldeasturias.com\",\"telephone\":\"+34652131393\",\"logo\":{\"@type\":\"ImageObject\",\"url\":\"https:\\\/\\\/www.eldigitaldeasturias.com\\\/noticias\\\/wp-content\\\/uploads\\\/2020\\\/12\\\/EDA.jpg\",\"@id\":\"https:\\\/\\\/www.eldigitaldeasturias.com\\\/noticias\\\/audi-destituye-a-un-alto-ejecutivo-por-el-fraude-de-los-motores\\\/#organizationLogo\",\"width\":649,\"height\":297},\"image\":{\"@id\":\"https:\\\/\\\/www.eldigitaldeasturias.com\\\/noticias\\\/audi-destituye-a-un-alto-ejecutivo-por-el-fraude-de-los-motores\\\/#organizationLogo\"},\"sameAs\":[\"https:\\\/\\\/facebook.com\\\/eldigitaldeasturias\",\"https:\\\/\\\/www.youtube.com\\\/channel\\\/UCZP-2wLEB9Rv6erhFmqVnvg\"],\"address\":{\"@id\":\"https:\\\/\\\/www.eldigitaldeasturias.com\\\/noticias\\\/#postaladdress\",\"@type\":\"PostalAddress\",\"streetAddress\":\"san antonio 4,\",\"postalCode\":\"33430\",\"addressLocality\":\"Cand\\u00e1s\",\"addressRegion\":\"Asturias\",\"addressCountry\":\"ES\"}},{\"@type\":\"Person\",\"@id\":\"https:\\\/\\\/www.eldigitaldeasturias.com\\\/noticias\\\/author\\\/admin\\\/#author\",\"url\":\"https:\\\/\\\/www.eldigitaldeasturias.com\\\/noticias\\\/author\\\/admin\\\/\",\"name\":\"El Digital de Asturias\",\"image\":{\"@type\":\"ImageObject\",\"@id\":\"https:\\\/\\\/www.eldigitaldeasturias.com\\\/noticias\\\/audi-destituye-a-un-alto-ejecutivo-por-el-fraude-de-los-motores\\\/#authorImage\",\"url\":\"https:\\\/\\\/www.eldigitaldeasturias.com\\\/noticias\\\/wp-content\\\/litespeed\\\/avatar\\\/18677e78aa0546b92d9dbf31ec7d7668.jpg?ver=1777290358\",\"width\":96,\"height\":96,\"caption\":\"El Digital de Asturias\"}},{\"@type\":\"WebPage\",\"@id\":\"https:\\\/\\\/www.eldigitaldeasturias.com\\\/noticias\\\/audi-destituye-a-un-alto-ejecutivo-por-el-fraude-de-los-motores\\\/#webpage\",\"url\":\"https:\\\/\\\/www.eldigitaldeasturias.com\\\/noticias\\\/audi-destituye-a-un-alto-ejecutivo-por-el-fraude-de-los-motores\\\/\",\"name\":\"Audi destituye a un alto ejecutivo por el fraude de los motores - El Digital de Asturias\",\"description\":\"Ingolstadt (Alemania), 18 sep (dpa) - El fraude por la manipulaci\\u00f3n de motores costar\\u00e1 el puesto a otro alto ejecutivo del grupo Volkswagen, se\\u00f1al\\u00f3 hoy el dominical alem\\u00e1n \\\"Bild am Sonntag\\\". Se trata de Stefan Kirsch, miembro de la junta directiva del fabricante de coches de alta gama Audi, precis\\u00f3 el rotativo sin mencionar fuentes.\",\"inLanguage\":\"es-ES\",\"isPartOf\":{\"@id\":\"https:\\\/\\\/www.eldigitaldeasturias.com\\\/noticias\\\/#website\"},\"breadcrumb\":{\"@id\":\"https:\\\/\\\/www.eldigitaldeasturias.com\\\/noticias\\\/audi-destituye-a-un-alto-ejecutivo-por-el-fraude-de-los-motores\\\/#breadcrumblist\"},\"author\":{\"@id\":\"https:\\\/\\\/www.eldigitaldeasturias.com\\\/noticias\\\/author\\\/admin\\\/#author\"},\"creator\":{\"@id\":\"https:\\\/\\\/www.eldigitaldeasturias.com\\\/noticias\\\/author\\\/admin\\\/#author\"},\"image\":{\"@type\":\"ImageObject\",\"url\":\"https:\\\/\\\/www.eldigitaldeasturias.com\\\/noticias\\\/wp-content\\\/uploads\\\/2015\\\/10\\\/vw2.jpg\",\"@id\":\"https:\\\/\\\/www.eldigitaldeasturias.com\\\/noticias\\\/audi-destituye-a-un-alto-ejecutivo-por-el-fraude-de-los-motores\\\/#mainImage\",\"width\":800,\"height\":533},\"primaryImageOfPage\":{\"@id\":\"https:\\\/\\\/www.eldigitaldeasturias.com\\\/noticias\\\/audi-destituye-a-un-alto-ejecutivo-por-el-fraude-de-los-motores\\\/#mainImage\"},\"datePublished\":\"2016-09-18T17:20:50+02:00\",\"dateModified\":\"2016-09-18T17:20:50+02:00\"},{\"@type\":\"WebSite\",\"@id\":\"https:\\\/\\\/www.eldigitaldeasturias.com\\\/noticias\\\/#website\",\"url\":\"https:\\\/\\\/www.eldigitaldeasturias.com\\\/noticias\\\/\",\"name\":\"El Digital de Asturias - Diario de actualidad y noticias\",\"alternateName\":\"El Digital de Asturias - Diario de actualidad y noticias\",\"description\":\"Hemeroteca\",\"inLanguage\":\"es-ES\",\"publisher\":{\"@id\":\"https:\\\/\\\/www.eldigitaldeasturias.com\\\/noticias\\\/#organization\"}}]}\n\t\t<\/script>\n\t\t<!-- All in One SEO Pro -->\r\n\t\t<title>Audi destituye a un alto ejecutivo por el fraude de los motores - El Digital de Asturias<\/title>\n\n","aioseo_head_json":{"title":"Audi destituye a un alto ejecutivo por el fraude de los motores - El Digital de Asturias","description":"Ingolstadt (Alemania), 18 sep (dpa) - El fraude por la manipulaci\u00f3n de motores costar\u00e1 el puesto a otro alto ejecutivo del grupo Volkswagen, se\u00f1al\u00f3 hoy el dominical alem\u00e1n \"Bild am Sonntag\". Se trata de Stefan Kirsch, miembro de la junta directiva del fabricante de coches de alta gama Audi, precis\u00f3 el rotativo sin mencionar fuentes.","canonical_url":"https:\/\/www.eldigitaldeasturias.com\/noticias\/audi-destituye-a-un-alto-ejecutivo-por-el-fraude-de-los-motores\/","robots":"max-image-preview:large","keywords":"actualidad","webmasterTools":{"google-site-verification":"UA-38556648-1","msvalidate.01":"7dfe9f3f1b24437ab69f4f2559babe99","miscellaneous":""},"schema":{"@context":"https:\/\/schema.org","@graph":[{"@type":"BlogPosting","@id":"https:\/\/www.eldigitaldeasturias.com\/noticias\/audi-destituye-a-un-alto-ejecutivo-por-el-fraude-de-los-motores\/#blogposting","name":"Audi destituye a un alto ejecutivo por el fraude de los motores - El Digital de Asturias","headline":"Audi destituye a un alto ejecutivo por el fraude de los motores","author":{"@id":"https:\/\/www.eldigitaldeasturias.com\/noticias\/author\/admin\/#author"},"publisher":{"@id":"https:\/\/www.eldigitaldeasturias.com\/noticias\/#organization"},"image":{"@type":"ImageObject","url":"https:\/\/www.eldigitaldeasturias.com\/noticias\/wp-content\/uploads\/2015\/10\/vw2.jpg","width":800,"height":533},"datePublished":"2016-09-18T17:20:50+02:00","dateModified":"2016-09-18T17:20:50+02:00","inLanguage":"es-ES","mainEntityOfPage":{"@id":"https:\/\/www.eldigitaldeasturias.com\/noticias\/audi-destituye-a-un-alto-ejecutivo-por-el-fraude-de-los-motores\/#webpage"},"isPartOf":{"@id":"https:\/\/www.eldigitaldeasturias.com\/noticias\/audi-destituye-a-un-alto-ejecutivo-por-el-fraude-de-los-motores\/#webpage"},"articleSection":"Actualidad"},{"@type":"BreadcrumbList","@id":"https:\/\/www.eldigitaldeasturias.com\/noticias\/audi-destituye-a-un-alto-ejecutivo-por-el-fraude-de-los-motores\/#breadcrumblist","itemListElement":[{"@type":"ListItem","@id":"https:\/\/www.eldigitaldeasturias.com\/noticias#listItem","position":1,"name":"Home","item":"https:\/\/www.eldigitaldeasturias.com\/noticias","nextItem":{"@type":"ListItem","@id":"https:\/\/www.eldigitaldeasturias.com\/noticias\/category\/actualidad\/#listItem","name":"Actualidad"}},{"@type":"ListItem","@id":"https:\/\/www.eldigitaldeasturias.com\/noticias\/category\/actualidad\/#listItem","position":2,"name":"Actualidad","item":"https:\/\/www.eldigitaldeasturias.com\/noticias\/category\/actualidad\/","nextItem":{"@type":"ListItem","@id":"https:\/\/www.eldigitaldeasturias.com\/noticias\/audi-destituye-a-un-alto-ejecutivo-por-el-fraude-de-los-motores\/#listItem","name":"Audi destituye a un alto ejecutivo por el fraude de los motores"},"previousItem":{"@type":"ListItem","@id":"https:\/\/www.eldigitaldeasturias.com\/noticias#listItem","name":"Home"}},{"@type":"ListItem","@id":"https:\/\/www.eldigitaldeasturias.com\/noticias\/audi-destituye-a-un-alto-ejecutivo-por-el-fraude-de-los-motores\/#listItem","position":3,"name":"Audi destituye a un alto ejecutivo por el fraude de los motores","previousItem":{"@type":"ListItem","@id":"https:\/\/www.eldigitaldeasturias.com\/noticias\/category\/actualidad\/#listItem","name":"Actualidad"}}]},{"@type":"Organization","@id":"https:\/\/www.eldigitaldeasturias.com\/noticias\/#organization","name":"El Digital de Asturias","description":"Hemeroteca","url":"https:\/\/www.eldigitaldeasturias.com\/noticias\/","email":"info@eldigitaldeasturias.com","telephone":"+34652131393","logo":{"@type":"ImageObject","url":"https:\/\/www.eldigitaldeasturias.com\/noticias\/wp-content\/uploads\/2020\/12\/EDA.jpg","@id":"https:\/\/www.eldigitaldeasturias.com\/noticias\/audi-destituye-a-un-alto-ejecutivo-por-el-fraude-de-los-motores\/#organizationLogo","width":649,"height":297},"image":{"@id":"https:\/\/www.eldigitaldeasturias.com\/noticias\/audi-destituye-a-un-alto-ejecutivo-por-el-fraude-de-los-motores\/#organizationLogo"},"sameAs":["https:\/\/facebook.com\/eldigitaldeasturias","https:\/\/www.youtube.com\/channel\/UCZP-2wLEB9Rv6erhFmqVnvg"],"address":{"@id":"https:\/\/www.eldigitaldeasturias.com\/noticias\/#postaladdress","@type":"PostalAddress","streetAddress":"san antonio 4,","postalCode":"33430","addressLocality":"Cand\u00e1s","addressRegion":"Asturias","addressCountry":"ES"}},{"@type":"Person","@id":"https:\/\/www.eldigitaldeasturias.com\/noticias\/author\/admin\/#author","url":"https:\/\/www.eldigitaldeasturias.com\/noticias\/author\/admin\/","name":"El Digital de Asturias","image":{"@type":"ImageObject","@id":"https:\/\/www.eldigitaldeasturias.com\/noticias\/audi-destituye-a-un-alto-ejecutivo-por-el-fraude-de-los-motores\/#authorImage","url":"https:\/\/www.eldigitaldeasturias.com\/noticias\/wp-content\/litespeed\/avatar\/18677e78aa0546b92d9dbf31ec7d7668.jpg?ver=1777290358","width":96,"height":96,"caption":"El Digital de Asturias"}},{"@type":"WebPage","@id":"https:\/\/www.eldigitaldeasturias.com\/noticias\/audi-destituye-a-un-alto-ejecutivo-por-el-fraude-de-los-motores\/#webpage","url":"https:\/\/www.eldigitaldeasturias.com\/noticias\/audi-destituye-a-un-alto-ejecutivo-por-el-fraude-de-los-motores\/","name":"Audi destituye a un alto ejecutivo por el fraude de los motores - El Digital de Asturias","description":"Ingolstadt (Alemania), 18 sep (dpa) - El fraude por la manipulaci\u00f3n de motores costar\u00e1 el puesto a otro alto ejecutivo del grupo Volkswagen, se\u00f1al\u00f3 hoy el dominical alem\u00e1n \"Bild am Sonntag\". Se trata de Stefan Kirsch, miembro de la junta directiva del fabricante de coches de alta gama Audi, precis\u00f3 el rotativo sin mencionar fuentes.","inLanguage":"es-ES","isPartOf":{"@id":"https:\/\/www.eldigitaldeasturias.com\/noticias\/#website"},"breadcrumb":{"@id":"https:\/\/www.eldigitaldeasturias.com\/noticias\/audi-destituye-a-un-alto-ejecutivo-por-el-fraude-de-los-motores\/#breadcrumblist"},"author":{"@id":"https:\/\/www.eldigitaldeasturias.com\/noticias\/author\/admin\/#author"},"creator":{"@id":"https:\/\/www.eldigitaldeasturias.com\/noticias\/author\/admin\/#author"},"image":{"@type":"ImageObject","url":"https:\/\/www.eldigitaldeasturias.com\/noticias\/wp-content\/uploads\/2015\/10\/vw2.jpg","@id":"https:\/\/www.eldigitaldeasturias.com\/noticias\/audi-destituye-a-un-alto-ejecutivo-por-el-fraude-de-los-motores\/#mainImage","width":800,"height":533},"primaryImageOfPage":{"@id":"https:\/\/www.eldigitaldeasturias.com\/noticias\/audi-destituye-a-un-alto-ejecutivo-por-el-fraude-de-los-motores\/#mainImage"},"datePublished":"2016-09-18T17:20:50+02:00","dateModified":"2016-09-18T17:20:50+02:00"},{"@type":"WebSite","@id":"https:\/\/www.eldigitaldeasturias.com\/noticias\/#website","url":"https:\/\/www.eldigitaldeasturias.com\/noticias\/","name":"El Digital de Asturias - Diario de actualidad y noticias","alternateName":"El Digital de Asturias - Diario de actualidad y noticias","description":"Hemeroteca","inLanguage":"es-ES","publisher":{"@id":"https:\/\/www.eldigitaldeasturias.com\/noticias\/#organization"}}]},"og:locale":"es_ES","og:site_name":"El Digital de Asturias","og:type":"article","og:title":"Audi destituye a un alto ejecutivo por el fraude de los motores - El Digital de Asturias","og:description":"Ingolstadt (Alemania), 18 sep (dpa) - El fraude por la manipulaci\u00f3n de motores costar\u00e1 el puesto a otro alto ejecutivo del grupo Volkswagen, se\u00f1al\u00f3 hoy el dominical alem\u00e1n &quot;Bild am Sonntag&quot;. Se trata de Stefan Kirsch, miembro de la junta directiva del fabricante de coches de alta gama Audi, precis\u00f3 el rotativo sin mencionar fuentes.","og:url":"https:\/\/www.eldigitaldeasturias.com\/noticias\/audi-destituye-a-un-alto-ejecutivo-por-el-fraude-de-los-motores\/","og:image":"https:\/\/www.eldigitaldeasturias.com\/noticias\/wp-content\/uploads\/2015\/10\/vw2.jpg","og:image:secure_url":"https:\/\/www.eldigitaldeasturias.com\/noticias\/wp-content\/uploads\/2015\/10\/vw2.jpg","og:image:width":800,"og:image:height":533,"article:tag":["actualidad"],"article:published_time":"2016-09-18T16:20:50+00:00","article:modified_time":"2016-09-18T16:20:50+00:00","article:publisher":"https:\/\/facebook.com\/eldigitaldeasturias","twitter:card":"summary_large_image","twitter:title":"Audi destituye a un alto ejecutivo por el fraude de los motores - El Digital de Asturias","twitter:description":"Ingolstadt (Alemania), 18 sep (dpa) - El fraude por la manipulaci\u00f3n de motores costar\u00e1 el puesto a otro alto ejecutivo del grupo Volkswagen, se\u00f1al\u00f3 hoy el dominical alem\u00e1n &quot;Bild am Sonntag&quot;. Se trata de Stefan Kirsch, miembro de la junta directiva del fabricante de coches de alta gama Audi, precis\u00f3 el rotativo sin mencionar fuentes.","twitter:image":"https:\/\/www.eldigitaldeasturias.com\/noticias\/wp-content\/uploads\/2015\/10\/vw2.jpg","twitter:label1":"Escrito por","twitter:data1":"El Digital de Asturias","twitter:label2":"Tiempo de lectura estimado","twitter:data2":"1 minuto"},"aioseo_meta_data":{"post_id":"908402","title":null,"description":null,"keywords":null,"keyphrases":null,"primary_term":null,"canonical_url":null,"og_title":null,"og_description":null,"og_object_type":"default","og_image_type":"default","og_image_url":null,"og_image_width":null,"og_image_height":null,"og_image_custom_url":null,"og_image_custom_fields":null,"og_video":null,"og_custom_url":null,"og_article_section":null,"og_article_tags":null,"twitter_use_og":false,"twitter_card":"default","twitter_image_type":"default","twitter_image_url":null,"twitter_image_custom_url":null,"twitter_image_custom_fields":null,"twitter_title":null,"twitter_description":null,"schema":{"blockGraphs":[],"customGraphs":[],"default":{"data":{"Article":[],"Course":[],"Dataset":[],"FAQPage":[],"Movie":[],"Person":[],"Product":[],"ProductReview":[],"Car":[],"Recipe":[],"Service":[],"SoftwareApplication":[],"WebPage":[]},"graphName":"","isEnabled":true},"graphs":[],"defaultGraph":"","defaultPostTypeGraph":""},"schema_type":null,"schema_type_options":null,"pillar_content":false,"robots_default":true,"robots_noindex":false,"robots_noarchive":false,"robots_nosnippet":false,"robots_nofollow":false,"robots_noimageindex":false,"robots_noodp":false,"robots_notranslate":false,"robots_max_snippet":null,"robots_max_videopreview":null,"robots_max_imagepreview":"large","priority":null,"frequency":null,"local_seo":null,"seo_analyzer_scan_date":"2025-11-30 16:01:17","breadcrumb_settings":null,"limit_modified_date":false,"open_ai":null,"ai":null,"created":"2020-12-21 14:00:13","updated":"2025-11-30 16:01:17"},"aioseo_breadcrumb":"<div class=\"aioseo-breadcrumbs\"><span class=\"aioseo-breadcrumb\">\n\t<a href=\"https:\/\/www.eldigitaldeasturias.com\/noticias\" title=\"Home\">Home<\/a>\n<\/span><span class=\"aioseo-breadcrumb-separator\">\u2013<\/span><span class=\"aioseo-breadcrumb\">\n\t<a href=\"https:\/\/www.eldigitaldeasturias.com\/noticias\/category\/actualidad\/\" title=\"Actualidad\">Actualidad<\/a>\n<\/span><span class=\"aioseo-breadcrumb-separator\">\u2013<\/span><span class=\"aioseo-breadcrumb\">\n\t<a href=\"https:\/\/www.eldigitaldeasturias.com\/noticias\/audi-destituye-a-un-alto-ejecutivo-por-el-fraude-de-los-motores\/\" title=\"Audi destituye a un alto ejecutivo por el fraude de los motores\">Audi destituye a un alto ejecutivo por el fraude de los motores<\/a>\n<\/span><\/div>","aioseo_breadcrumb_json":[{"label":"Home","link":"https:\/\/www.eldigitaldeasturias.com\/noticias"},{"label":"Actualidad","link":"https:\/\/www.eldigitaldeasturias.com\/noticias\/category\/actualidad\/"},{"label":"Audi destituye a un alto ejecutivo por el fraude de los motores","link":"https:\/\/www.eldigitaldeasturias.com\/noticias\/audi-destituye-a-un-alto-ejecutivo-por-el-fraude-de-los-motores\/"}],"_links":{"self":[{"href":"https:\/\/www.eldigitaldeasturias.com\/noticias\/wp-json\/wp\/v2\/posts\/908402","targetHints":{"allow":["GET"]}}],"collection":[{"href":"https:\/\/www.eldigitaldeasturias.com\/noticias\/wp-json\/wp\/v2\/posts"}],"about":[{"href":"https:\/\/www.eldigitaldeasturias.com\/noticias\/wp-json\/wp\/v2\/types\/post"}],"author":[{"embeddable":true,"href":"https:\/\/www.eldigitaldeasturias.com\/noticias\/wp-json\/wp\/v2\/users\/1"}],"replies":[{"embeddable":true,"href":"https:\/\/www.eldigitaldeasturias.com\/noticias\/wp-json\/wp\/v2\/comments?post=908402"}],"version-history":[{"count":0,"href":"https:\/\/www.eldigitaldeasturias.com\/noticias\/wp-json\/wp\/v2\/posts\/908402\/revisions"}],"wp:featuredmedia":[{"embeddable":true,"href":"https:\/\/www.eldigitaldeasturias.com\/noticias\/wp-json\/wp\/v2\/media\/814976"}],"wp:attachment":[{"href":"https:\/\/www.eldigitaldeasturias.com\/noticias\/wp-json\/wp\/v2\/media?parent=908402"}],"wp:term":[{"taxonomy":"category","embeddable":true,"href":"https:\/\/www.eldigitaldeasturias.com\/noticias\/wp-json\/wp\/v2\/categories?post=908402"},{"taxonomy":"post_tag","embeddable":true,"href":"https:\/\/www.eldigitaldeasturias.com\/noticias\/wp-json\/wp\/v2\/tags?post=908402"}],"curies":[{"name":"wp","href":"https:\/\/api.w.org\/{rel}","templated":true}]}}