{"id":908398,"date":"2016-09-18T17:16:11","date_gmt":"2016-09-18T16:16:11","guid":{"rendered":"http:\/\/www.eldigitaldeasturias.com\/noticias\/?p=908398"},"modified":"2016-09-18T17:16:11","modified_gmt":"2016-09-18T16:16:11","slug":"chicharito-hernandez-y-marco-fabian-marcan-en-la-bundesliga","status":"publish","type":"post","link":"https:\/\/www.eldigitaldeasturias.com\/noticias\/chicharito-hernandez-y-marco-fabian-marcan-en-la-bundesliga\/","title":{"rendered":"\u00abChicharito\u00bb Hern\u00e1ndez y Marco Fabi\u00e1n marcan en la Bundesliga"},"content":{"rendered":"<p>Fr\u00e1ncfort, 18 sep (dpa) &#8211; Los internacionales mexicanos Javier \u00abChicharito\u00bb Hern\u00e1ndez y Marco Fabi\u00e1n anotaron en el duelo entre el Bayer Leverkusen y el Eintracht Frankfurt, que se sald\u00f3 con un triunfo de 2-1 del Frankfurt, y depararon a la Bundesliga la novedad del primer choque en el que anotan dos mexicanos.<\/p>\n<p>\u00abEstoy muy contento por mi primer gol. Es un d\u00eda especial para m\u00ed\u00bb, dijo Fabi\u00e1n tras su debut como goleador del Frankfurt.<\/p>\n<p>El amigo y compa\u00f1ero de selecci\u00f3n \u00abChicharito\u00bb fue protagonista antes y despu\u00e9s del gol de Fabi\u00e1n (79&#8242;). El delantero del Leverkusen marc\u00f3 el tanto del empate sobre la hora de juego, poco despu\u00e9s de que Alexander Meier del Frankfurt abriera el marcador, asistido por Fabi\u00e1n (53&#8242;).<\/p>\n<p>Dos minutos antes del cierre reglamentario, \u00abChicharito\u00bb tuvo a su cargo la ejecuci\u00f3n de un penal, pero dispar\u00f3 el bal\u00f3n contra el poste, probablemente irritado por un puntero l\u00e1ser que le ilumin\u00f3 la frente en el momento de patear. As\u00ed dej\u00f3 escapar la oportunidad de dejar el partido igualado.<\/p>\n<p>\u00abEs mi mejor amigo, como un hermano para m\u00ed\u00bb, dijo antes del partido, Fabi\u00e1n sobre su ex compa\u00f1ero del Deportivo Guadalajara, con quien se fundi\u00f3 en un abrazo tras el cotejo.<\/p>\n","protected":false},"excerpt":{"rendered":"<p>Fr\u00e1ncfort, 18 sep (dpa) &#8211; Los internacionales mexicanos Javier \u00abChicharito\u00bb Hern\u00e1ndez y Marco Fabi\u00e1n anotaron en el duelo entre el Bayer Leverkusen y el Eintracht Frankfurt, que se sald\u00f3 con un triunfo de 2-1 del Frankfurt, y depararon a la Bundesliga la novedad del primer choque en el que anotan dos mexicanos. \u00abEstoy muy contento [&hellip;]<\/p>\n","protected":false},"author":1,"featured_media":886231,"comment_status":"closed","ping_status":"closed","sticky":false,"template":"","format":"standard","meta":{"footnotes":""},"categories":[1],"tags":[],"class_list":["post-908398","post","type-post","status-publish","format-standard","has-post-thumbnail","hentry","category-actualidad"],"aioseo_notices":[],"aioseo_head":"\n\t\t<!-- All in One SEO Pro 4.9.6.2 - aioseo.com -->\n\t<meta name=\"description\" content=\"Fr\u00e1ncfort, 18 sep (dpa) - Los internacionales mexicanos Javier &quot;Chicharito&quot; Hern\u00e1ndez y Marco Fabi\u00e1n anotaron en el duelo entre el Bayer Leverkusen y el Eintracht Frankfurt, que se sald\u00f3 con un triunfo de 2-1 del Frankfurt, y depararon a la Bundesliga la novedad del primer choque en el que anotan dos mexicanos. &quot;Estoy muy contento\" \/>\n\t<meta name=\"robots\" content=\"max-image-preview:large\" \/>\n\t<meta name=\"author\" content=\"El Digital de Asturias\"\/>\n\t<meta name=\"google-site-verification\" content=\"UA-38556648-1\" \/>\n\t<meta name=\"msvalidate.01\" content=\"7dfe9f3f1b24437ab69f4f2559babe99\" \/>\n\t<meta name=\"keywords\" content=\"actualidad\" \/>\n\t<link rel=\"canonical\" href=\"https:\/\/www.eldigitaldeasturias.com\/noticias\/chicharito-hernandez-y-marco-fabian-marcan-en-la-bundesliga\/\" \/>\n\t<meta name=\"generator\" content=\"All in One SEO Pro (AIOSEO) 4.9.6.2\" \/>\n\t\t<meta property=\"og:locale\" content=\"es_ES\" \/>\n\t\t<meta property=\"og:site_name\" content=\"El Digital de Asturias\" \/>\n\t\t<meta property=\"og:type\" content=\"article\" \/>\n\t\t<meta property=\"og:title\" content=\"\u00abChicharito\u00bb Hern\u00e1ndez y Marco Fabi\u00e1n marcan en la Bundesliga - El Digital de Asturias\" \/>\n\t\t<meta property=\"og:description\" content=\"Fr\u00e1ncfort, 18 sep (dpa) - Los internacionales mexicanos Javier &quot;Chicharito&quot; Hern\u00e1ndez y Marco Fabi\u00e1n anotaron en el duelo entre el Bayer Leverkusen y el Eintracht Frankfurt, que se sald\u00f3 con un triunfo de 2-1 del Frankfurt, y depararon a la Bundesliga la novedad del primer choque en el que anotan dos mexicanos. &quot;Estoy muy contento\" \/>\n\t\t<meta property=\"og:url\" content=\"https:\/\/www.eldigitaldeasturias.com\/noticias\/chicharito-hernandez-y-marco-fabian-marcan-en-la-bundesliga\/\" \/>\n\t\t<meta property=\"og:image\" content=\"https:\/\/www.eldigitaldeasturias.com\/noticias\/wp-content\/uploads\/2016\/05\/internet1-655x360.jpg\" \/>\n\t\t<meta property=\"og:image:secure_url\" content=\"https:\/\/www.eldigitaldeasturias.com\/noticias\/wp-content\/uploads\/2016\/05\/internet1-655x360.jpg\" \/>\n\t\t<meta property=\"og:image:width\" content=\"655\" \/>\n\t\t<meta property=\"og:image:height\" content=\"360\" \/>\n\t\t<meta property=\"article:tag\" content=\"actualidad\" \/>\n\t\t<meta property=\"article:published_time\" content=\"2016-09-18T16:16:11+00:00\" \/>\n\t\t<meta property=\"article:modified_time\" content=\"2016-09-18T16:16:11+00:00\" \/>\n\t\t<meta property=\"article:publisher\" content=\"https:\/\/facebook.com\/eldigitaldeasturias\" \/>\n\t\t<meta name=\"twitter:card\" content=\"summary_large_image\" \/>\n\t\t<meta name=\"twitter:title\" content=\"\u00abChicharito\u00bb Hern\u00e1ndez y Marco Fabi\u00e1n marcan en la Bundesliga - El Digital de Asturias\" \/>\n\t\t<meta name=\"twitter:description\" content=\"Fr\u00e1ncfort, 18 sep (dpa) - Los internacionales mexicanos Javier &quot;Chicharito&quot; Hern\u00e1ndez y Marco Fabi\u00e1n anotaron en el duelo entre el Bayer Leverkusen y el Eintracht Frankfurt, que se sald\u00f3 con un triunfo de 2-1 del Frankfurt, y depararon a la Bundesliga la novedad del primer choque en el que anotan dos mexicanos. &quot;Estoy muy contento\" \/>\n\t\t<meta name=\"twitter:image\" content=\"https:\/\/www.eldigitaldeasturias.com\/noticias\/wp-content\/uploads\/2016\/05\/internet1-655x360.jpg\" \/>\n\t\t<meta name=\"twitter:label1\" content=\"Escrito por\" \/>\n\t\t<meta name=\"twitter:data1\" content=\"El Digital de Asturias\" \/>\n\t\t<meta name=\"twitter:label2\" content=\"Tiempo de lectura estimado\" \/>\n\t\t<meta name=\"twitter:data2\" content=\"1 minuto\" \/>\n\t\t<script type=\"application\/ld+json\" class=\"aioseo-schema\">\n\t\t\t{\"@context\":\"https:\\\/\\\/schema.org\",\"@graph\":[{\"@type\":\"BlogPosting\",\"@id\":\"https:\\\/\\\/www.eldigitaldeasturias.com\\\/noticias\\\/chicharito-hernandez-y-marco-fabian-marcan-en-la-bundesliga\\\/#blogposting\",\"name\":\"\\u00abChicharito\\u00bb Hern\\u00e1ndez y Marco Fabi\\u00e1n marcan en la Bundesliga - El Digital de Asturias\",\"headline\":\"\\u00abChicharito\\u00bb Hern\\u00e1ndez y Marco Fabi\\u00e1n marcan en la Bundesliga\",\"author\":{\"@id\":\"https:\\\/\\\/www.eldigitaldeasturias.com\\\/noticias\\\/author\\\/admin\\\/#author\"},\"publisher\":{\"@id\":\"https:\\\/\\\/www.eldigitaldeasturias.com\\\/noticias\\\/#organization\"},\"image\":{\"@type\":\"ImageObject\",\"url\":\"https:\\\/\\\/www.eldigitaldeasturias.com\\\/noticias\\\/wp-content\\\/uploads\\\/2016\\\/05\\\/internet1-655x360.jpg\",\"width\":655,\"height\":360},\"datePublished\":\"2016-09-18T17:16:11+02:00\",\"dateModified\":\"2016-09-18T17:16:11+02:00\",\"inLanguage\":\"es-ES\",\"mainEntityOfPage\":{\"@id\":\"https:\\\/\\\/www.eldigitaldeasturias.com\\\/noticias\\\/chicharito-hernandez-y-marco-fabian-marcan-en-la-bundesliga\\\/#webpage\"},\"isPartOf\":{\"@id\":\"https:\\\/\\\/www.eldigitaldeasturias.com\\\/noticias\\\/chicharito-hernandez-y-marco-fabian-marcan-en-la-bundesliga\\\/#webpage\"},\"articleSection\":\"Actualidad\"},{\"@type\":\"BreadcrumbList\",\"@id\":\"https:\\\/\\\/www.eldigitaldeasturias.com\\\/noticias\\\/chicharito-hernandez-y-marco-fabian-marcan-en-la-bundesliga\\\/#breadcrumblist\",\"itemListElement\":[{\"@type\":\"ListItem\",\"@id\":\"https:\\\/\\\/www.eldigitaldeasturias.com\\\/noticias#listItem\",\"position\":1,\"name\":\"Home\",\"item\":\"https:\\\/\\\/www.eldigitaldeasturias.com\\\/noticias\",\"nextItem\":{\"@type\":\"ListItem\",\"@id\":\"https:\\\/\\\/www.eldigitaldeasturias.com\\\/noticias\\\/category\\\/actualidad\\\/#listItem\",\"name\":\"Actualidad\"}},{\"@type\":\"ListItem\",\"@id\":\"https:\\\/\\\/www.eldigitaldeasturias.com\\\/noticias\\\/category\\\/actualidad\\\/#listItem\",\"position\":2,\"name\":\"Actualidad\",\"item\":\"https:\\\/\\\/www.eldigitaldeasturias.com\\\/noticias\\\/category\\\/actualidad\\\/\",\"nextItem\":{\"@type\":\"ListItem\",\"@id\":\"https:\\\/\\\/www.eldigitaldeasturias.com\\\/noticias\\\/chicharito-hernandez-y-marco-fabian-marcan-en-la-bundesliga\\\/#listItem\",\"name\":\"\\u00abChicharito\\u00bb Hern\\u00e1ndez y Marco Fabi\\u00e1n marcan en la Bundesliga\"},\"previousItem\":{\"@type\":\"ListItem\",\"@id\":\"https:\\\/\\\/www.eldigitaldeasturias.com\\\/noticias#listItem\",\"name\":\"Home\"}},{\"@type\":\"ListItem\",\"@id\":\"https:\\\/\\\/www.eldigitaldeasturias.com\\\/noticias\\\/chicharito-hernandez-y-marco-fabian-marcan-en-la-bundesliga\\\/#listItem\",\"position\":3,\"name\":\"\\u00abChicharito\\u00bb Hern\\u00e1ndez y Marco Fabi\\u00e1n marcan en la Bundesliga\",\"previousItem\":{\"@type\":\"ListItem\",\"@id\":\"https:\\\/\\\/www.eldigitaldeasturias.com\\\/noticias\\\/category\\\/actualidad\\\/#listItem\",\"name\":\"Actualidad\"}}]},{\"@type\":\"Organization\",\"@id\":\"https:\\\/\\\/www.eldigitaldeasturias.com\\\/noticias\\\/#organization\",\"name\":\"El Digital de Asturias\",\"description\":\"Hemeroteca\",\"url\":\"https:\\\/\\\/www.eldigitaldeasturias.com\\\/noticias\\\/\",\"email\":\"info@eldigitaldeasturias.com\",\"telephone\":\"+34652131393\",\"logo\":{\"@type\":\"ImageObject\",\"url\":\"https:\\\/\\\/www.eldigitaldeasturias.com\\\/noticias\\\/wp-content\\\/uploads\\\/2020\\\/12\\\/EDA.jpg\",\"@id\":\"https:\\\/\\\/www.eldigitaldeasturias.com\\\/noticias\\\/chicharito-hernandez-y-marco-fabian-marcan-en-la-bundesliga\\\/#organizationLogo\",\"width\":649,\"height\":297},\"image\":{\"@id\":\"https:\\\/\\\/www.eldigitaldeasturias.com\\\/noticias\\\/chicharito-hernandez-y-marco-fabian-marcan-en-la-bundesliga\\\/#organizationLogo\"},\"sameAs\":[\"https:\\\/\\\/facebook.com\\\/eldigitaldeasturias\",\"https:\\\/\\\/www.youtube.com\\\/channel\\\/UCZP-2wLEB9Rv6erhFmqVnvg\"],\"address\":{\"@id\":\"https:\\\/\\\/www.eldigitaldeasturias.com\\\/noticias\\\/#postaladdress\",\"@type\":\"PostalAddress\",\"streetAddress\":\"san antonio 4,\",\"postalCode\":\"33430\",\"addressLocality\":\"Cand\\u00e1s\",\"addressRegion\":\"Asturias\",\"addressCountry\":\"ES\"}},{\"@type\":\"Person\",\"@id\":\"https:\\\/\\\/www.eldigitaldeasturias.com\\\/noticias\\\/author\\\/admin\\\/#author\",\"url\":\"https:\\\/\\\/www.eldigitaldeasturias.com\\\/noticias\\\/author\\\/admin\\\/\",\"name\":\"El Digital de Asturias\",\"image\":{\"@type\":\"ImageObject\",\"@id\":\"https:\\\/\\\/www.eldigitaldeasturias.com\\\/noticias\\\/chicharito-hernandez-y-marco-fabian-marcan-en-la-bundesliga\\\/#authorImage\",\"url\":\"https:\\\/\\\/www.eldigitaldeasturias.com\\\/noticias\\\/wp-content\\\/litespeed\\\/avatar\\\/18677e78aa0546b92d9dbf31ec7d7668.jpg?ver=1777290358\",\"width\":96,\"height\":96,\"caption\":\"El Digital de Asturias\"}},{\"@type\":\"WebPage\",\"@id\":\"https:\\\/\\\/www.eldigitaldeasturias.com\\\/noticias\\\/chicharito-hernandez-y-marco-fabian-marcan-en-la-bundesliga\\\/#webpage\",\"url\":\"https:\\\/\\\/www.eldigitaldeasturias.com\\\/noticias\\\/chicharito-hernandez-y-marco-fabian-marcan-en-la-bundesliga\\\/\",\"name\":\"\\u00abChicharito\\u00bb Hern\\u00e1ndez y Marco Fabi\\u00e1n marcan en la Bundesliga - El Digital de Asturias\",\"description\":\"Fr\\u00e1ncfort, 18 sep (dpa) - Los internacionales mexicanos Javier \\\"Chicharito\\\" Hern\\u00e1ndez y Marco Fabi\\u00e1n anotaron en el duelo entre el Bayer Leverkusen y el Eintracht Frankfurt, que se sald\\u00f3 con un triunfo de 2-1 del Frankfurt, y depararon a la Bundesliga la novedad del primer choque en el que anotan dos mexicanos. \\\"Estoy muy contento\",\"inLanguage\":\"es-ES\",\"isPartOf\":{\"@id\":\"https:\\\/\\\/www.eldigitaldeasturias.com\\\/noticias\\\/#website\"},\"breadcrumb\":{\"@id\":\"https:\\\/\\\/www.eldigitaldeasturias.com\\\/noticias\\\/chicharito-hernandez-y-marco-fabian-marcan-en-la-bundesliga\\\/#breadcrumblist\"},\"author\":{\"@id\":\"https:\\\/\\\/www.eldigitaldeasturias.com\\\/noticias\\\/author\\\/admin\\\/#author\"},\"creator\":{\"@id\":\"https:\\\/\\\/www.eldigitaldeasturias.com\\\/noticias\\\/author\\\/admin\\\/#author\"},\"image\":{\"@type\":\"ImageObject\",\"url\":\"https:\\\/\\\/www.eldigitaldeasturias.com\\\/noticias\\\/wp-content\\\/uploads\\\/2016\\\/05\\\/internet1-655x360.jpg\",\"@id\":\"https:\\\/\\\/www.eldigitaldeasturias.com\\\/noticias\\\/chicharito-hernandez-y-marco-fabian-marcan-en-la-bundesliga\\\/#mainImage\",\"width\":655,\"height\":360},\"primaryImageOfPage\":{\"@id\":\"https:\\\/\\\/www.eldigitaldeasturias.com\\\/noticias\\\/chicharito-hernandez-y-marco-fabian-marcan-en-la-bundesliga\\\/#mainImage\"},\"datePublished\":\"2016-09-18T17:16:11+02:00\",\"dateModified\":\"2016-09-18T17:16:11+02:00\"},{\"@type\":\"WebSite\",\"@id\":\"https:\\\/\\\/www.eldigitaldeasturias.com\\\/noticias\\\/#website\",\"url\":\"https:\\\/\\\/www.eldigitaldeasturias.com\\\/noticias\\\/\",\"name\":\"El Digital de Asturias - Diario de actualidad y noticias\",\"alternateName\":\"El Digital de Asturias - Diario de actualidad y noticias\",\"description\":\"Hemeroteca\",\"inLanguage\":\"es-ES\",\"publisher\":{\"@id\":\"https:\\\/\\\/www.eldigitaldeasturias.com\\\/noticias\\\/#organization\"}}]}\n\t\t<\/script>\n\t\t<!-- All in One SEO Pro -->\r\n\t\t<title>\u00abChicharito\u00bb Hern\u00e1ndez y Marco Fabi\u00e1n marcan en la Bundesliga - El Digital de Asturias<\/title>\n\n","aioseo_head_json":{"title":"\u00abChicharito\u00bb Hern\u00e1ndez y Marco Fabi\u00e1n marcan en la Bundesliga - El Digital de Asturias","description":"Fr\u00e1ncfort, 18 sep (dpa) - Los internacionales mexicanos Javier \"Chicharito\" Hern\u00e1ndez y Marco Fabi\u00e1n anotaron en el duelo entre el Bayer Leverkusen y el Eintracht Frankfurt, que se sald\u00f3 con un triunfo de 2-1 del Frankfurt, y depararon a la Bundesliga la novedad del primer choque en el que anotan dos mexicanos. \"Estoy muy contento","canonical_url":"https:\/\/www.eldigitaldeasturias.com\/noticias\/chicharito-hernandez-y-marco-fabian-marcan-en-la-bundesliga\/","robots":"max-image-preview:large","keywords":"actualidad","webmasterTools":{"google-site-verification":"UA-38556648-1","msvalidate.01":"7dfe9f3f1b24437ab69f4f2559babe99","miscellaneous":""},"schema":{"@context":"https:\/\/schema.org","@graph":[{"@type":"BlogPosting","@id":"https:\/\/www.eldigitaldeasturias.com\/noticias\/chicharito-hernandez-y-marco-fabian-marcan-en-la-bundesliga\/#blogposting","name":"\u00abChicharito\u00bb Hern\u00e1ndez y Marco Fabi\u00e1n marcan en la Bundesliga - El Digital de Asturias","headline":"\u00abChicharito\u00bb Hern\u00e1ndez y Marco Fabi\u00e1n marcan en la Bundesliga","author":{"@id":"https:\/\/www.eldigitaldeasturias.com\/noticias\/author\/admin\/#author"},"publisher":{"@id":"https:\/\/www.eldigitaldeasturias.com\/noticias\/#organization"},"image":{"@type":"ImageObject","url":"https:\/\/www.eldigitaldeasturias.com\/noticias\/wp-content\/uploads\/2016\/05\/internet1-655x360.jpg","width":655,"height":360},"datePublished":"2016-09-18T17:16:11+02:00","dateModified":"2016-09-18T17:16:11+02:00","inLanguage":"es-ES","mainEntityOfPage":{"@id":"https:\/\/www.eldigitaldeasturias.com\/noticias\/chicharito-hernandez-y-marco-fabian-marcan-en-la-bundesliga\/#webpage"},"isPartOf":{"@id":"https:\/\/www.eldigitaldeasturias.com\/noticias\/chicharito-hernandez-y-marco-fabian-marcan-en-la-bundesliga\/#webpage"},"articleSection":"Actualidad"},{"@type":"BreadcrumbList","@id":"https:\/\/www.eldigitaldeasturias.com\/noticias\/chicharito-hernandez-y-marco-fabian-marcan-en-la-bundesliga\/#breadcrumblist","itemListElement":[{"@type":"ListItem","@id":"https:\/\/www.eldigitaldeasturias.com\/noticias#listItem","position":1,"name":"Home","item":"https:\/\/www.eldigitaldeasturias.com\/noticias","nextItem":{"@type":"ListItem","@id":"https:\/\/www.eldigitaldeasturias.com\/noticias\/category\/actualidad\/#listItem","name":"Actualidad"}},{"@type":"ListItem","@id":"https:\/\/www.eldigitaldeasturias.com\/noticias\/category\/actualidad\/#listItem","position":2,"name":"Actualidad","item":"https:\/\/www.eldigitaldeasturias.com\/noticias\/category\/actualidad\/","nextItem":{"@type":"ListItem","@id":"https:\/\/www.eldigitaldeasturias.com\/noticias\/chicharito-hernandez-y-marco-fabian-marcan-en-la-bundesliga\/#listItem","name":"\u00abChicharito\u00bb Hern\u00e1ndez y Marco Fabi\u00e1n marcan en la Bundesliga"},"previousItem":{"@type":"ListItem","@id":"https:\/\/www.eldigitaldeasturias.com\/noticias#listItem","name":"Home"}},{"@type":"ListItem","@id":"https:\/\/www.eldigitaldeasturias.com\/noticias\/chicharito-hernandez-y-marco-fabian-marcan-en-la-bundesliga\/#listItem","position":3,"name":"\u00abChicharito\u00bb Hern\u00e1ndez y Marco Fabi\u00e1n marcan en la Bundesliga","previousItem":{"@type":"ListItem","@id":"https:\/\/www.eldigitaldeasturias.com\/noticias\/category\/actualidad\/#listItem","name":"Actualidad"}}]},{"@type":"Organization","@id":"https:\/\/www.eldigitaldeasturias.com\/noticias\/#organization","name":"El Digital de Asturias","description":"Hemeroteca","url":"https:\/\/www.eldigitaldeasturias.com\/noticias\/","email":"info@eldigitaldeasturias.com","telephone":"+34652131393","logo":{"@type":"ImageObject","url":"https:\/\/www.eldigitaldeasturias.com\/noticias\/wp-content\/uploads\/2020\/12\/EDA.jpg","@id":"https:\/\/www.eldigitaldeasturias.com\/noticias\/chicharito-hernandez-y-marco-fabian-marcan-en-la-bundesliga\/#organizationLogo","width":649,"height":297},"image":{"@id":"https:\/\/www.eldigitaldeasturias.com\/noticias\/chicharito-hernandez-y-marco-fabian-marcan-en-la-bundesliga\/#organizationLogo"},"sameAs":["https:\/\/facebook.com\/eldigitaldeasturias","https:\/\/www.youtube.com\/channel\/UCZP-2wLEB9Rv6erhFmqVnvg"],"address":{"@id":"https:\/\/www.eldigitaldeasturias.com\/noticias\/#postaladdress","@type":"PostalAddress","streetAddress":"san antonio 4,","postalCode":"33430","addressLocality":"Cand\u00e1s","addressRegion":"Asturias","addressCountry":"ES"}},{"@type":"Person","@id":"https:\/\/www.eldigitaldeasturias.com\/noticias\/author\/admin\/#author","url":"https:\/\/www.eldigitaldeasturias.com\/noticias\/author\/admin\/","name":"El Digital de Asturias","image":{"@type":"ImageObject","@id":"https:\/\/www.eldigitaldeasturias.com\/noticias\/chicharito-hernandez-y-marco-fabian-marcan-en-la-bundesliga\/#authorImage","url":"https:\/\/www.eldigitaldeasturias.com\/noticias\/wp-content\/litespeed\/avatar\/18677e78aa0546b92d9dbf31ec7d7668.jpg?ver=1777290358","width":96,"height":96,"caption":"El Digital de Asturias"}},{"@type":"WebPage","@id":"https:\/\/www.eldigitaldeasturias.com\/noticias\/chicharito-hernandez-y-marco-fabian-marcan-en-la-bundesliga\/#webpage","url":"https:\/\/www.eldigitaldeasturias.com\/noticias\/chicharito-hernandez-y-marco-fabian-marcan-en-la-bundesliga\/","name":"\u00abChicharito\u00bb Hern\u00e1ndez y Marco Fabi\u00e1n marcan en la Bundesliga - El Digital de Asturias","description":"Fr\u00e1ncfort, 18 sep (dpa) - Los internacionales mexicanos Javier \"Chicharito\" Hern\u00e1ndez y Marco Fabi\u00e1n anotaron en el duelo entre el Bayer Leverkusen y el Eintracht Frankfurt, que se sald\u00f3 con un triunfo de 2-1 del Frankfurt, y depararon a la Bundesliga la novedad del primer choque en el que anotan dos mexicanos. \"Estoy muy contento","inLanguage":"es-ES","isPartOf":{"@id":"https:\/\/www.eldigitaldeasturias.com\/noticias\/#website"},"breadcrumb":{"@id":"https:\/\/www.eldigitaldeasturias.com\/noticias\/chicharito-hernandez-y-marco-fabian-marcan-en-la-bundesliga\/#breadcrumblist"},"author":{"@id":"https:\/\/www.eldigitaldeasturias.com\/noticias\/author\/admin\/#author"},"creator":{"@id":"https:\/\/www.eldigitaldeasturias.com\/noticias\/author\/admin\/#author"},"image":{"@type":"ImageObject","url":"https:\/\/www.eldigitaldeasturias.com\/noticias\/wp-content\/uploads\/2016\/05\/internet1-655x360.jpg","@id":"https:\/\/www.eldigitaldeasturias.com\/noticias\/chicharito-hernandez-y-marco-fabian-marcan-en-la-bundesliga\/#mainImage","width":655,"height":360},"primaryImageOfPage":{"@id":"https:\/\/www.eldigitaldeasturias.com\/noticias\/chicharito-hernandez-y-marco-fabian-marcan-en-la-bundesliga\/#mainImage"},"datePublished":"2016-09-18T17:16:11+02:00","dateModified":"2016-09-18T17:16:11+02:00"},{"@type":"WebSite","@id":"https:\/\/www.eldigitaldeasturias.com\/noticias\/#website","url":"https:\/\/www.eldigitaldeasturias.com\/noticias\/","name":"El Digital de Asturias - Diario de actualidad y noticias","alternateName":"El Digital de Asturias - Diario de actualidad y noticias","description":"Hemeroteca","inLanguage":"es-ES","publisher":{"@id":"https:\/\/www.eldigitaldeasturias.com\/noticias\/#organization"}}]},"og:locale":"es_ES","og:site_name":"El Digital de Asturias","og:type":"article","og:title":"\u00abChicharito\u00bb Hern\u00e1ndez y Marco Fabi\u00e1n marcan en la Bundesliga - El Digital de Asturias","og:description":"Fr\u00e1ncfort, 18 sep (dpa) - Los internacionales mexicanos Javier &quot;Chicharito&quot; Hern\u00e1ndez y Marco Fabi\u00e1n anotaron en el duelo entre el Bayer Leverkusen y el Eintracht Frankfurt, que se sald\u00f3 con un triunfo de 2-1 del Frankfurt, y depararon a la Bundesliga la novedad del primer choque en el que anotan dos mexicanos. &quot;Estoy muy contento","og:url":"https:\/\/www.eldigitaldeasturias.com\/noticias\/chicharito-hernandez-y-marco-fabian-marcan-en-la-bundesliga\/","og:image":"https:\/\/www.eldigitaldeasturias.com\/noticias\/wp-content\/uploads\/2016\/05\/internet1-655x360.jpg","og:image:secure_url":"https:\/\/www.eldigitaldeasturias.com\/noticias\/wp-content\/uploads\/2016\/05\/internet1-655x360.jpg","og:image:width":655,"og:image:height":360,"article:tag":["actualidad"],"article:published_time":"2016-09-18T16:16:11+00:00","article:modified_time":"2016-09-18T16:16:11+00:00","article:publisher":"https:\/\/facebook.com\/eldigitaldeasturias","twitter:card":"summary_large_image","twitter:title":"\u00abChicharito\u00bb Hern\u00e1ndez y Marco Fabi\u00e1n marcan en la Bundesliga - El Digital de Asturias","twitter:description":"Fr\u00e1ncfort, 18 sep (dpa) - Los internacionales mexicanos Javier &quot;Chicharito&quot; Hern\u00e1ndez y Marco Fabi\u00e1n anotaron en el duelo entre el Bayer Leverkusen y el Eintracht Frankfurt, que se sald\u00f3 con un triunfo de 2-1 del Frankfurt, y depararon a la Bundesliga la novedad del primer choque en el que anotan dos mexicanos. &quot;Estoy muy contento","twitter:image":"https:\/\/www.eldigitaldeasturias.com\/noticias\/wp-content\/uploads\/2016\/05\/internet1-655x360.jpg","twitter:label1":"Escrito por","twitter:data1":"El Digital de Asturias","twitter:label2":"Tiempo de lectura estimado","twitter:data2":"1 minuto"},"aioseo_meta_data":{"post_id":"908398","title":null,"description":null,"keywords":null,"keyphrases":null,"primary_term":null,"canonical_url":null,"og_title":null,"og_description":null,"og_object_type":"default","og_image_type":"default","og_image_url":null,"og_image_width":null,"og_image_height":null,"og_image_custom_url":null,"og_image_custom_fields":null,"og_video":null,"og_custom_url":null,"og_article_section":null,"og_article_tags":null,"twitter_use_og":false,"twitter_card":"default","twitter_image_type":"default","twitter_image_url":null,"twitter_image_custom_url":null,"twitter_image_custom_fields":null,"twitter_title":null,"twitter_description":null,"schema":{"blockGraphs":[],"customGraphs":[],"default":{"data":{"Article":[],"Course":[],"Dataset":[],"FAQPage":[],"Movie":[],"Person":[],"Product":[],"ProductReview":[],"Car":[],"Recipe":[],"Service":[],"SoftwareApplication":[],"WebPage":[]},"graphName":"","isEnabled":true},"graphs":[],"defaultGraph":"","defaultPostTypeGraph":""},"schema_type":null,"schema_type_options":null,"pillar_content":false,"robots_default":true,"robots_noindex":false,"robots_noarchive":false,"robots_nosnippet":false,"robots_nofollow":false,"robots_noimageindex":false,"robots_noodp":false,"robots_notranslate":false,"robots_max_snippet":null,"robots_max_videopreview":null,"robots_max_imagepreview":"large","priority":null,"frequency":null,"local_seo":null,"seo_analyzer_scan_date":"2025-11-30 15:59:14","breadcrumb_settings":null,"limit_modified_date":false,"open_ai":null,"ai":null,"created":"2020-12-21 12:38:14","updated":"2025-11-30 15:59:14"},"aioseo_breadcrumb":"<div class=\"aioseo-breadcrumbs\"><span class=\"aioseo-breadcrumb\">\n\t<a href=\"https:\/\/www.eldigitaldeasturias.com\/noticias\" title=\"Home\">Home<\/a>\n<\/span><span class=\"aioseo-breadcrumb-separator\">\u2013<\/span><span class=\"aioseo-breadcrumb\">\n\t<a href=\"https:\/\/www.eldigitaldeasturias.com\/noticias\/category\/actualidad\/\" title=\"Actualidad\">Actualidad<\/a>\n<\/span><span class=\"aioseo-breadcrumb-separator\">\u2013<\/span><span class=\"aioseo-breadcrumb\">\n\t<a href=\"https:\/\/www.eldigitaldeasturias.com\/noticias\/chicharito-hernandez-y-marco-fabian-marcan-en-la-bundesliga\/\" title=\"\u00abChicharito\u00bb Hern\u00e1ndez y Marco Fabi\u00e1n marcan en la Bundesliga\">\u00abChicharito\u00bb Hern\u00e1ndez y Marco Fabi\u00e1n marcan en la Bundesliga<\/a>\n<\/span><\/div>","aioseo_breadcrumb_json":[{"label":"Home","link":"https:\/\/www.eldigitaldeasturias.com\/noticias"},{"label":"Actualidad","link":"https:\/\/www.eldigitaldeasturias.com\/noticias\/category\/actualidad\/"},{"label":"\u00abChicharito\u00bb Hern\u00e1ndez y Marco Fabi\u00e1n marcan en la Bundesliga","link":"https:\/\/www.eldigitaldeasturias.com\/noticias\/chicharito-hernandez-y-marco-fabian-marcan-en-la-bundesliga\/"}],"_links":{"self":[{"href":"https:\/\/www.eldigitaldeasturias.com\/noticias\/wp-json\/wp\/v2\/posts\/908398","targetHints":{"allow":["GET"]}}],"collection":[{"href":"https:\/\/www.eldigitaldeasturias.com\/noticias\/wp-json\/wp\/v2\/posts"}],"about":[{"href":"https:\/\/www.eldigitaldeasturias.com\/noticias\/wp-json\/wp\/v2\/types\/post"}],"author":[{"embeddable":true,"href":"https:\/\/www.eldigitaldeasturias.com\/noticias\/wp-json\/wp\/v2\/users\/1"}],"replies":[{"embeddable":true,"href":"https:\/\/www.eldigitaldeasturias.com\/noticias\/wp-json\/wp\/v2\/comments?post=908398"}],"version-history":[{"count":0,"href":"https:\/\/www.eldigitaldeasturias.com\/noticias\/wp-json\/wp\/v2\/posts\/908398\/revisions"}],"wp:featuredmedia":[{"embeddable":true,"href":"https:\/\/www.eldigitaldeasturias.com\/noticias\/wp-json\/wp\/v2\/media\/886231"}],"wp:attachment":[{"href":"https:\/\/www.eldigitaldeasturias.com\/noticias\/wp-json\/wp\/v2\/media?parent=908398"}],"wp:term":[{"taxonomy":"category","embeddable":true,"href":"https:\/\/www.eldigitaldeasturias.com\/noticias\/wp-json\/wp\/v2\/categories?post=908398"},{"taxonomy":"post_tag","embeddable":true,"href":"https:\/\/www.eldigitaldeasturias.com\/noticias\/wp-json\/wp\/v2\/tags?post=908398"}],"curies":[{"name":"wp","href":"https:\/\/api.w.org\/{rel}","templated":true}]}}