{"id":908396,"date":"2016-09-18T17:13:53","date_gmt":"2016-09-18T16:13:53","guid":{"rendered":"http:\/\/www.eldigitaldeasturias.com\/noticias\/?p=908396"},"modified":"2016-09-18T17:13:53","modified_gmt":"2016-09-18T16:13:53","slug":"el-werder-bremen-destituye-a-su-entrenador","status":"publish","type":"post","link":"https:\/\/www.eldigitaldeasturias.com\/noticias\/el-werder-bremen-destituye-a-su-entrenador\/","title":{"rendered":"El Werder Bremen destituye a su entrenador"},"content":{"rendered":"<p>Berl\u00edn, 18 sep (dpa) &#8211; El Werder Bremen de la primera divisi\u00f3n del f\u00fatbol alem\u00e1n destituy\u00f3 al t\u00e9cnico Viktor Skripnik como consecuencia de un flojo arranque de temporada, seg\u00fan comunic\u00f3 hoy el club.<\/p>\n<p>La directiva tom\u00f3 la decisi\u00f3n despu\u00e9s de que el equipo que integran el peruano Claudio Pizarro y el argentino Santiago Garc\u00eda fuese derrotado el s\u00e1bado por 4-1 en campo del Borussia M\u00f6nchengladbach.<\/p>\n<p>En reemplazo de Skripnik dirigir\u00e1 el plantel Alexander Nouri, actual entrenador de la divisi\u00f3n sub 23 del Bremen, inform\u00f3 la instituci\u00f3n del norte alem\u00e1n.<\/p>\n<p>El Bremen tuvo el peor comienzo de Liga de su historia, con tres derrotas en sendos partidos y fue eliminado en la primera ronda de la Copa Alemana por el Sportfreunde Lotte de tercera categor\u00eda.<\/p>\n<p>El rev\u00e9s sufrido el s\u00e1bado fue precedido por derrotas de 6-0 ante el Bayern M\u00fanich en el partido inaugural de la campa\u00f1a y una de 2-2 en propio campo ante el Augsburgo.<\/p>\n<p>El ucraniano Skripnik, que tambi\u00e9n milit\u00f3 en las filas del Bremen, deja el club junto con sus asistentes Florian Kohfeldt y Torsten Frings.<\/p>\n<p>\u00abDecidimos tomar esta medida tras el cotejo contra el Gladbach porque no estamos convencidos de poder conseguir un r\u00e1pido cambio positivo con este grupo (de t\u00e9cnicos)\u00bb, argument\u00f3 el director deportivo del Bremen, Frank Baumann.<\/p>\n<p>La tarea inmediata del nuevo entrenador ser\u00e1 la de preparar al equipo para los choques que librar\u00e1 el mi\u00e9rcoles en casa contra el Mainz y el s\u00e1bado contra el Wolfsburgo.<\/p>\n<p>A\u00fan no est\u00e1 claro si Pizarro podr\u00e1 sumarse al conjunto por persistentes problemas musculares.<\/p>\n<p>&nbsp;<\/p>\n","protected":false},"excerpt":{"rendered":"<p>Berl\u00edn, 18 sep (dpa) &#8211; El Werder Bremen de la primera divisi\u00f3n del f\u00fatbol alem\u00e1n destituy\u00f3 al t\u00e9cnico Viktor Skripnik como consecuencia de un flojo arranque de temporada, seg\u00fan comunic\u00f3 hoy el club. La directiva tom\u00f3 la decisi\u00f3n despu\u00e9s de que el equipo que integran el peruano Claudio Pizarro y el argentino Santiago Garc\u00eda fuese [&hellip;]<\/p>\n","protected":false},"author":1,"featured_media":886231,"comment_status":"closed","ping_status":"closed","sticky":false,"template":"","format":"standard","meta":{"footnotes":""},"categories":[1],"tags":[],"class_list":["post-908396","post","type-post","status-publish","format-standard","has-post-thumbnail","hentry","category-actualidad"],"aioseo_notices":[],"aioseo_head":"\n\t\t<!-- All in One SEO Pro 4.9.6.2 - aioseo.com -->\n\t<meta name=\"description\" content=\"Berl\u00edn, 18 sep (dpa) - El Werder Bremen de la primera divisi\u00f3n del f\u00fatbol alem\u00e1n destituy\u00f3 al t\u00e9cnico Viktor Skripnik como consecuencia de un flojo arranque de temporada, seg\u00fan comunic\u00f3 hoy el club. La directiva tom\u00f3 la decisi\u00f3n despu\u00e9s de que el equipo que integran el peruano Claudio Pizarro y el argentino Santiago Garc\u00eda fuese\" \/>\n\t<meta name=\"robots\" content=\"max-image-preview:large\" \/>\n\t<meta name=\"author\" content=\"El Digital de Asturias\"\/>\n\t<meta name=\"google-site-verification\" content=\"UA-38556648-1\" \/>\n\t<meta name=\"msvalidate.01\" content=\"7dfe9f3f1b24437ab69f4f2559babe99\" \/>\n\t<meta name=\"keywords\" content=\"actualidad\" \/>\n\t<link rel=\"canonical\" href=\"https:\/\/www.eldigitaldeasturias.com\/noticias\/el-werder-bremen-destituye-a-su-entrenador\/\" \/>\n\t<meta name=\"generator\" content=\"All in One SEO Pro (AIOSEO) 4.9.6.2\" \/>\n\t\t<meta property=\"og:locale\" content=\"es_ES\" \/>\n\t\t<meta property=\"og:site_name\" content=\"El Digital de Asturias\" \/>\n\t\t<meta property=\"og:type\" content=\"article\" \/>\n\t\t<meta property=\"og:title\" content=\"El Werder Bremen destituye a su entrenador - El Digital de Asturias\" \/>\n\t\t<meta property=\"og:description\" content=\"Berl\u00edn, 18 sep (dpa) - El Werder Bremen de la primera divisi\u00f3n del f\u00fatbol alem\u00e1n destituy\u00f3 al t\u00e9cnico Viktor Skripnik como consecuencia de un flojo arranque de temporada, seg\u00fan comunic\u00f3 hoy el club. La directiva tom\u00f3 la decisi\u00f3n despu\u00e9s de que el equipo que integran el peruano Claudio Pizarro y el argentino Santiago Garc\u00eda fuese\" \/>\n\t\t<meta property=\"og:url\" content=\"https:\/\/www.eldigitaldeasturias.com\/noticias\/el-werder-bremen-destituye-a-su-entrenador\/\" \/>\n\t\t<meta property=\"og:image\" content=\"https:\/\/www.eldigitaldeasturias.com\/noticias\/wp-content\/uploads\/2016\/05\/internet1-655x360.jpg\" \/>\n\t\t<meta property=\"og:image:secure_url\" content=\"https:\/\/www.eldigitaldeasturias.com\/noticias\/wp-content\/uploads\/2016\/05\/internet1-655x360.jpg\" \/>\n\t\t<meta property=\"og:image:width\" content=\"655\" \/>\n\t\t<meta property=\"og:image:height\" content=\"360\" \/>\n\t\t<meta property=\"article:tag\" content=\"actualidad\" \/>\n\t\t<meta property=\"article:published_time\" content=\"2016-09-18T16:13:53+00:00\" \/>\n\t\t<meta property=\"article:modified_time\" content=\"2016-09-18T16:13:53+00:00\" \/>\n\t\t<meta property=\"article:publisher\" content=\"https:\/\/facebook.com\/eldigitaldeasturias\" \/>\n\t\t<meta name=\"twitter:card\" content=\"summary_large_image\" \/>\n\t\t<meta name=\"twitter:title\" content=\"El Werder Bremen destituye a su entrenador - El Digital de Asturias\" \/>\n\t\t<meta name=\"twitter:description\" content=\"Berl\u00edn, 18 sep (dpa) - El Werder Bremen de la primera divisi\u00f3n del f\u00fatbol alem\u00e1n destituy\u00f3 al t\u00e9cnico Viktor Skripnik como consecuencia de un flojo arranque de temporada, seg\u00fan comunic\u00f3 hoy el club. La directiva tom\u00f3 la decisi\u00f3n despu\u00e9s de que el equipo que integran el peruano Claudio Pizarro y el argentino Santiago Garc\u00eda fuese\" \/>\n\t\t<meta name=\"twitter:image\" content=\"https:\/\/www.eldigitaldeasturias.com\/noticias\/wp-content\/uploads\/2016\/05\/internet1-655x360.jpg\" \/>\n\t\t<meta name=\"twitter:label1\" content=\"Escrito por\" \/>\n\t\t<meta name=\"twitter:data1\" content=\"El Digital de Asturias\" \/>\n\t\t<meta name=\"twitter:label2\" content=\"Tiempo de lectura estimado\" \/>\n\t\t<meta name=\"twitter:data2\" content=\"1 minuto\" \/>\n\t\t<script type=\"application\/ld+json\" class=\"aioseo-schema\">\n\t\t\t{\"@context\":\"https:\\\/\\\/schema.org\",\"@graph\":[{\"@type\":\"BlogPosting\",\"@id\":\"https:\\\/\\\/www.eldigitaldeasturias.com\\\/noticias\\\/el-werder-bremen-destituye-a-su-entrenador\\\/#blogposting\",\"name\":\"El Werder Bremen destituye a su entrenador - El Digital de Asturias\",\"headline\":\"El Werder Bremen destituye a su entrenador\",\"author\":{\"@id\":\"https:\\\/\\\/www.eldigitaldeasturias.com\\\/noticias\\\/author\\\/admin\\\/#author\"},\"publisher\":{\"@id\":\"https:\\\/\\\/www.eldigitaldeasturias.com\\\/noticias\\\/#organization\"},\"image\":{\"@type\":\"ImageObject\",\"url\":\"https:\\\/\\\/www.eldigitaldeasturias.com\\\/noticias\\\/wp-content\\\/uploads\\\/2016\\\/05\\\/internet1-655x360.jpg\",\"width\":655,\"height\":360},\"datePublished\":\"2016-09-18T17:13:53+02:00\",\"dateModified\":\"2016-09-18T17:13:53+02:00\",\"inLanguage\":\"es-ES\",\"mainEntityOfPage\":{\"@id\":\"https:\\\/\\\/www.eldigitaldeasturias.com\\\/noticias\\\/el-werder-bremen-destituye-a-su-entrenador\\\/#webpage\"},\"isPartOf\":{\"@id\":\"https:\\\/\\\/www.eldigitaldeasturias.com\\\/noticias\\\/el-werder-bremen-destituye-a-su-entrenador\\\/#webpage\"},\"articleSection\":\"Actualidad\"},{\"@type\":\"BreadcrumbList\",\"@id\":\"https:\\\/\\\/www.eldigitaldeasturias.com\\\/noticias\\\/el-werder-bremen-destituye-a-su-entrenador\\\/#breadcrumblist\",\"itemListElement\":[{\"@type\":\"ListItem\",\"@id\":\"https:\\\/\\\/www.eldigitaldeasturias.com\\\/noticias#listItem\",\"position\":1,\"name\":\"Home\",\"item\":\"https:\\\/\\\/www.eldigitaldeasturias.com\\\/noticias\",\"nextItem\":{\"@type\":\"ListItem\",\"@id\":\"https:\\\/\\\/www.eldigitaldeasturias.com\\\/noticias\\\/category\\\/actualidad\\\/#listItem\",\"name\":\"Actualidad\"}},{\"@type\":\"ListItem\",\"@id\":\"https:\\\/\\\/www.eldigitaldeasturias.com\\\/noticias\\\/category\\\/actualidad\\\/#listItem\",\"position\":2,\"name\":\"Actualidad\",\"item\":\"https:\\\/\\\/www.eldigitaldeasturias.com\\\/noticias\\\/category\\\/actualidad\\\/\",\"nextItem\":{\"@type\":\"ListItem\",\"@id\":\"https:\\\/\\\/www.eldigitaldeasturias.com\\\/noticias\\\/el-werder-bremen-destituye-a-su-entrenador\\\/#listItem\",\"name\":\"El Werder Bremen destituye a su entrenador\"},\"previousItem\":{\"@type\":\"ListItem\",\"@id\":\"https:\\\/\\\/www.eldigitaldeasturias.com\\\/noticias#listItem\",\"name\":\"Home\"}},{\"@type\":\"ListItem\",\"@id\":\"https:\\\/\\\/www.eldigitaldeasturias.com\\\/noticias\\\/el-werder-bremen-destituye-a-su-entrenador\\\/#listItem\",\"position\":3,\"name\":\"El Werder Bremen destituye a su entrenador\",\"previousItem\":{\"@type\":\"ListItem\",\"@id\":\"https:\\\/\\\/www.eldigitaldeasturias.com\\\/noticias\\\/category\\\/actualidad\\\/#listItem\",\"name\":\"Actualidad\"}}]},{\"@type\":\"Organization\",\"@id\":\"https:\\\/\\\/www.eldigitaldeasturias.com\\\/noticias\\\/#organization\",\"name\":\"El Digital de Asturias\",\"description\":\"Hemeroteca\",\"url\":\"https:\\\/\\\/www.eldigitaldeasturias.com\\\/noticias\\\/\",\"email\":\"info@eldigitaldeasturias.com\",\"telephone\":\"+34652131393\",\"logo\":{\"@type\":\"ImageObject\",\"url\":\"https:\\\/\\\/www.eldigitaldeasturias.com\\\/noticias\\\/wp-content\\\/uploads\\\/2020\\\/12\\\/EDA.jpg\",\"@id\":\"https:\\\/\\\/www.eldigitaldeasturias.com\\\/noticias\\\/el-werder-bremen-destituye-a-su-entrenador\\\/#organizationLogo\",\"width\":649,\"height\":297},\"image\":{\"@id\":\"https:\\\/\\\/www.eldigitaldeasturias.com\\\/noticias\\\/el-werder-bremen-destituye-a-su-entrenador\\\/#organizationLogo\"},\"sameAs\":[\"https:\\\/\\\/facebook.com\\\/eldigitaldeasturias\",\"https:\\\/\\\/www.youtube.com\\\/channel\\\/UCZP-2wLEB9Rv6erhFmqVnvg\"],\"address\":{\"@id\":\"https:\\\/\\\/www.eldigitaldeasturias.com\\\/noticias\\\/#postaladdress\",\"@type\":\"PostalAddress\",\"streetAddress\":\"san antonio 4,\",\"postalCode\":\"33430\",\"addressLocality\":\"Cand\\u00e1s\",\"addressRegion\":\"Asturias\",\"addressCountry\":\"ES\"}},{\"@type\":\"Person\",\"@id\":\"https:\\\/\\\/www.eldigitaldeasturias.com\\\/noticias\\\/author\\\/admin\\\/#author\",\"url\":\"https:\\\/\\\/www.eldigitaldeasturias.com\\\/noticias\\\/author\\\/admin\\\/\",\"name\":\"El Digital de Asturias\",\"image\":{\"@type\":\"ImageObject\",\"@id\":\"https:\\\/\\\/www.eldigitaldeasturias.com\\\/noticias\\\/el-werder-bremen-destituye-a-su-entrenador\\\/#authorImage\",\"url\":\"https:\\\/\\\/www.eldigitaldeasturias.com\\\/noticias\\\/wp-content\\\/litespeed\\\/avatar\\\/18677e78aa0546b92d9dbf31ec7d7668.jpg?ver=1777290358\",\"width\":96,\"height\":96,\"caption\":\"El Digital de Asturias\"}},{\"@type\":\"WebPage\",\"@id\":\"https:\\\/\\\/www.eldigitaldeasturias.com\\\/noticias\\\/el-werder-bremen-destituye-a-su-entrenador\\\/#webpage\",\"url\":\"https:\\\/\\\/www.eldigitaldeasturias.com\\\/noticias\\\/el-werder-bremen-destituye-a-su-entrenador\\\/\",\"name\":\"El Werder Bremen destituye a su entrenador - El Digital de Asturias\",\"description\":\"Berl\\u00edn, 18 sep (dpa) - El Werder Bremen de la primera divisi\\u00f3n del f\\u00fatbol alem\\u00e1n destituy\\u00f3 al t\\u00e9cnico Viktor Skripnik como consecuencia de un flojo arranque de temporada, seg\\u00fan comunic\\u00f3 hoy el club. La directiva tom\\u00f3 la decisi\\u00f3n despu\\u00e9s de que el equipo que integran el peruano Claudio Pizarro y el argentino Santiago Garc\\u00eda fuese\",\"inLanguage\":\"es-ES\",\"isPartOf\":{\"@id\":\"https:\\\/\\\/www.eldigitaldeasturias.com\\\/noticias\\\/#website\"},\"breadcrumb\":{\"@id\":\"https:\\\/\\\/www.eldigitaldeasturias.com\\\/noticias\\\/el-werder-bremen-destituye-a-su-entrenador\\\/#breadcrumblist\"},\"author\":{\"@id\":\"https:\\\/\\\/www.eldigitaldeasturias.com\\\/noticias\\\/author\\\/admin\\\/#author\"},\"creator\":{\"@id\":\"https:\\\/\\\/www.eldigitaldeasturias.com\\\/noticias\\\/author\\\/admin\\\/#author\"},\"image\":{\"@type\":\"ImageObject\",\"url\":\"https:\\\/\\\/www.eldigitaldeasturias.com\\\/noticias\\\/wp-content\\\/uploads\\\/2016\\\/05\\\/internet1-655x360.jpg\",\"@id\":\"https:\\\/\\\/www.eldigitaldeasturias.com\\\/noticias\\\/el-werder-bremen-destituye-a-su-entrenador\\\/#mainImage\",\"width\":655,\"height\":360},\"primaryImageOfPage\":{\"@id\":\"https:\\\/\\\/www.eldigitaldeasturias.com\\\/noticias\\\/el-werder-bremen-destituye-a-su-entrenador\\\/#mainImage\"},\"datePublished\":\"2016-09-18T17:13:53+02:00\",\"dateModified\":\"2016-09-18T17:13:53+02:00\"},{\"@type\":\"WebSite\",\"@id\":\"https:\\\/\\\/www.eldigitaldeasturias.com\\\/noticias\\\/#website\",\"url\":\"https:\\\/\\\/www.eldigitaldeasturias.com\\\/noticias\\\/\",\"name\":\"El Digital de Asturias - Diario de actualidad y noticias\",\"alternateName\":\"El Digital de Asturias - Diario de actualidad y noticias\",\"description\":\"Hemeroteca\",\"inLanguage\":\"es-ES\",\"publisher\":{\"@id\":\"https:\\\/\\\/www.eldigitaldeasturias.com\\\/noticias\\\/#organization\"}}]}\n\t\t<\/script>\n\t\t<!-- All in One SEO Pro -->\r\n\t\t<title>El Werder Bremen destituye a su entrenador - El Digital de Asturias<\/title>\n\n","aioseo_head_json":{"title":"El Werder Bremen destituye a su entrenador - El Digital de Asturias","description":"Berl\u00edn, 18 sep (dpa) - El Werder Bremen de la primera divisi\u00f3n del f\u00fatbol alem\u00e1n destituy\u00f3 al t\u00e9cnico Viktor Skripnik como consecuencia de un flojo arranque de temporada, seg\u00fan comunic\u00f3 hoy el club. La directiva tom\u00f3 la decisi\u00f3n despu\u00e9s de que el equipo que integran el peruano Claudio Pizarro y el argentino Santiago Garc\u00eda fuese","canonical_url":"https:\/\/www.eldigitaldeasturias.com\/noticias\/el-werder-bremen-destituye-a-su-entrenador\/","robots":"max-image-preview:large","keywords":"actualidad","webmasterTools":{"google-site-verification":"UA-38556648-1","msvalidate.01":"7dfe9f3f1b24437ab69f4f2559babe99","miscellaneous":""},"schema":{"@context":"https:\/\/schema.org","@graph":[{"@type":"BlogPosting","@id":"https:\/\/www.eldigitaldeasturias.com\/noticias\/el-werder-bremen-destituye-a-su-entrenador\/#blogposting","name":"El Werder Bremen destituye a su entrenador - El Digital de Asturias","headline":"El Werder Bremen destituye a su entrenador","author":{"@id":"https:\/\/www.eldigitaldeasturias.com\/noticias\/author\/admin\/#author"},"publisher":{"@id":"https:\/\/www.eldigitaldeasturias.com\/noticias\/#organization"},"image":{"@type":"ImageObject","url":"https:\/\/www.eldigitaldeasturias.com\/noticias\/wp-content\/uploads\/2016\/05\/internet1-655x360.jpg","width":655,"height":360},"datePublished":"2016-09-18T17:13:53+02:00","dateModified":"2016-09-18T17:13:53+02:00","inLanguage":"es-ES","mainEntityOfPage":{"@id":"https:\/\/www.eldigitaldeasturias.com\/noticias\/el-werder-bremen-destituye-a-su-entrenador\/#webpage"},"isPartOf":{"@id":"https:\/\/www.eldigitaldeasturias.com\/noticias\/el-werder-bremen-destituye-a-su-entrenador\/#webpage"},"articleSection":"Actualidad"},{"@type":"BreadcrumbList","@id":"https:\/\/www.eldigitaldeasturias.com\/noticias\/el-werder-bremen-destituye-a-su-entrenador\/#breadcrumblist","itemListElement":[{"@type":"ListItem","@id":"https:\/\/www.eldigitaldeasturias.com\/noticias#listItem","position":1,"name":"Home","item":"https:\/\/www.eldigitaldeasturias.com\/noticias","nextItem":{"@type":"ListItem","@id":"https:\/\/www.eldigitaldeasturias.com\/noticias\/category\/actualidad\/#listItem","name":"Actualidad"}},{"@type":"ListItem","@id":"https:\/\/www.eldigitaldeasturias.com\/noticias\/category\/actualidad\/#listItem","position":2,"name":"Actualidad","item":"https:\/\/www.eldigitaldeasturias.com\/noticias\/category\/actualidad\/","nextItem":{"@type":"ListItem","@id":"https:\/\/www.eldigitaldeasturias.com\/noticias\/el-werder-bremen-destituye-a-su-entrenador\/#listItem","name":"El Werder Bremen destituye a su entrenador"},"previousItem":{"@type":"ListItem","@id":"https:\/\/www.eldigitaldeasturias.com\/noticias#listItem","name":"Home"}},{"@type":"ListItem","@id":"https:\/\/www.eldigitaldeasturias.com\/noticias\/el-werder-bremen-destituye-a-su-entrenador\/#listItem","position":3,"name":"El Werder Bremen destituye a su entrenador","previousItem":{"@type":"ListItem","@id":"https:\/\/www.eldigitaldeasturias.com\/noticias\/category\/actualidad\/#listItem","name":"Actualidad"}}]},{"@type":"Organization","@id":"https:\/\/www.eldigitaldeasturias.com\/noticias\/#organization","name":"El Digital de Asturias","description":"Hemeroteca","url":"https:\/\/www.eldigitaldeasturias.com\/noticias\/","email":"info@eldigitaldeasturias.com","telephone":"+34652131393","logo":{"@type":"ImageObject","url":"https:\/\/www.eldigitaldeasturias.com\/noticias\/wp-content\/uploads\/2020\/12\/EDA.jpg","@id":"https:\/\/www.eldigitaldeasturias.com\/noticias\/el-werder-bremen-destituye-a-su-entrenador\/#organizationLogo","width":649,"height":297},"image":{"@id":"https:\/\/www.eldigitaldeasturias.com\/noticias\/el-werder-bremen-destituye-a-su-entrenador\/#organizationLogo"},"sameAs":["https:\/\/facebook.com\/eldigitaldeasturias","https:\/\/www.youtube.com\/channel\/UCZP-2wLEB9Rv6erhFmqVnvg"],"address":{"@id":"https:\/\/www.eldigitaldeasturias.com\/noticias\/#postaladdress","@type":"PostalAddress","streetAddress":"san antonio 4,","postalCode":"33430","addressLocality":"Cand\u00e1s","addressRegion":"Asturias","addressCountry":"ES"}},{"@type":"Person","@id":"https:\/\/www.eldigitaldeasturias.com\/noticias\/author\/admin\/#author","url":"https:\/\/www.eldigitaldeasturias.com\/noticias\/author\/admin\/","name":"El Digital de Asturias","image":{"@type":"ImageObject","@id":"https:\/\/www.eldigitaldeasturias.com\/noticias\/el-werder-bremen-destituye-a-su-entrenador\/#authorImage","url":"https:\/\/www.eldigitaldeasturias.com\/noticias\/wp-content\/litespeed\/avatar\/18677e78aa0546b92d9dbf31ec7d7668.jpg?ver=1777290358","width":96,"height":96,"caption":"El Digital de Asturias"}},{"@type":"WebPage","@id":"https:\/\/www.eldigitaldeasturias.com\/noticias\/el-werder-bremen-destituye-a-su-entrenador\/#webpage","url":"https:\/\/www.eldigitaldeasturias.com\/noticias\/el-werder-bremen-destituye-a-su-entrenador\/","name":"El Werder Bremen destituye a su entrenador - El Digital de Asturias","description":"Berl\u00edn, 18 sep (dpa) - El Werder Bremen de la primera divisi\u00f3n del f\u00fatbol alem\u00e1n destituy\u00f3 al t\u00e9cnico Viktor Skripnik como consecuencia de un flojo arranque de temporada, seg\u00fan comunic\u00f3 hoy el club. La directiva tom\u00f3 la decisi\u00f3n despu\u00e9s de que el equipo que integran el peruano Claudio Pizarro y el argentino Santiago Garc\u00eda fuese","inLanguage":"es-ES","isPartOf":{"@id":"https:\/\/www.eldigitaldeasturias.com\/noticias\/#website"},"breadcrumb":{"@id":"https:\/\/www.eldigitaldeasturias.com\/noticias\/el-werder-bremen-destituye-a-su-entrenador\/#breadcrumblist"},"author":{"@id":"https:\/\/www.eldigitaldeasturias.com\/noticias\/author\/admin\/#author"},"creator":{"@id":"https:\/\/www.eldigitaldeasturias.com\/noticias\/author\/admin\/#author"},"image":{"@type":"ImageObject","url":"https:\/\/www.eldigitaldeasturias.com\/noticias\/wp-content\/uploads\/2016\/05\/internet1-655x360.jpg","@id":"https:\/\/www.eldigitaldeasturias.com\/noticias\/el-werder-bremen-destituye-a-su-entrenador\/#mainImage","width":655,"height":360},"primaryImageOfPage":{"@id":"https:\/\/www.eldigitaldeasturias.com\/noticias\/el-werder-bremen-destituye-a-su-entrenador\/#mainImage"},"datePublished":"2016-09-18T17:13:53+02:00","dateModified":"2016-09-18T17:13:53+02:00"},{"@type":"WebSite","@id":"https:\/\/www.eldigitaldeasturias.com\/noticias\/#website","url":"https:\/\/www.eldigitaldeasturias.com\/noticias\/","name":"El Digital de Asturias - Diario de actualidad y noticias","alternateName":"El Digital de Asturias - Diario de actualidad y noticias","description":"Hemeroteca","inLanguage":"es-ES","publisher":{"@id":"https:\/\/www.eldigitaldeasturias.com\/noticias\/#organization"}}]},"og:locale":"es_ES","og:site_name":"El Digital de Asturias","og:type":"article","og:title":"El Werder Bremen destituye a su entrenador - El Digital de Asturias","og:description":"Berl\u00edn, 18 sep (dpa) - El Werder Bremen de la primera divisi\u00f3n del f\u00fatbol alem\u00e1n destituy\u00f3 al t\u00e9cnico Viktor Skripnik como consecuencia de un flojo arranque de temporada, seg\u00fan comunic\u00f3 hoy el club. La directiva tom\u00f3 la decisi\u00f3n despu\u00e9s de que el equipo que integran el peruano Claudio Pizarro y el argentino Santiago Garc\u00eda fuese","og:url":"https:\/\/www.eldigitaldeasturias.com\/noticias\/el-werder-bremen-destituye-a-su-entrenador\/","og:image":"https:\/\/www.eldigitaldeasturias.com\/noticias\/wp-content\/uploads\/2016\/05\/internet1-655x360.jpg","og:image:secure_url":"https:\/\/www.eldigitaldeasturias.com\/noticias\/wp-content\/uploads\/2016\/05\/internet1-655x360.jpg","og:image:width":655,"og:image:height":360,"article:tag":["actualidad"],"article:published_time":"2016-09-18T16:13:53+00:00","article:modified_time":"2016-09-18T16:13:53+00:00","article:publisher":"https:\/\/facebook.com\/eldigitaldeasturias","twitter:card":"summary_large_image","twitter:title":"El Werder Bremen destituye a su entrenador - El Digital de Asturias","twitter:description":"Berl\u00edn, 18 sep (dpa) - El Werder Bremen de la primera divisi\u00f3n del f\u00fatbol alem\u00e1n destituy\u00f3 al t\u00e9cnico Viktor Skripnik como consecuencia de un flojo arranque de temporada, seg\u00fan comunic\u00f3 hoy el club. La directiva tom\u00f3 la decisi\u00f3n despu\u00e9s de que el equipo que integran el peruano Claudio Pizarro y el argentino Santiago Garc\u00eda fuese","twitter:image":"https:\/\/www.eldigitaldeasturias.com\/noticias\/wp-content\/uploads\/2016\/05\/internet1-655x360.jpg","twitter:label1":"Escrito por","twitter:data1":"El Digital de Asturias","twitter:label2":"Tiempo de lectura estimado","twitter:data2":"1 minuto"},"aioseo_meta_data":{"post_id":"908396","title":null,"description":null,"keywords":null,"keyphrases":null,"primary_term":null,"canonical_url":null,"og_title":null,"og_description":null,"og_object_type":"default","og_image_type":"default","og_image_url":null,"og_image_width":null,"og_image_height":null,"og_image_custom_url":null,"og_image_custom_fields":null,"og_video":null,"og_custom_url":null,"og_article_section":null,"og_article_tags":null,"twitter_use_og":false,"twitter_card":"default","twitter_image_type":"default","twitter_image_url":null,"twitter_image_custom_url":null,"twitter_image_custom_fields":null,"twitter_title":null,"twitter_description":null,"schema":{"blockGraphs":[],"customGraphs":[],"default":{"data":{"Article":[],"Course":[],"Dataset":[],"FAQPage":[],"Movie":[],"Person":[],"Product":[],"ProductReview":[],"Car":[],"Recipe":[],"Service":[],"SoftwareApplication":[],"WebPage":[]},"graphName":"","isEnabled":true},"graphs":[],"defaultGraph":"","defaultPostTypeGraph":""},"schema_type":null,"schema_type_options":null,"pillar_content":false,"robots_default":true,"robots_noindex":false,"robots_noarchive":false,"robots_nosnippet":false,"robots_nofollow":false,"robots_noimageindex":false,"robots_noodp":false,"robots_notranslate":false,"robots_max_snippet":null,"robots_max_videopreview":null,"robots_max_imagepreview":"large","priority":null,"frequency":null,"local_seo":null,"seo_analyzer_scan_date":"2025-11-30 15:59:13","breadcrumb_settings":null,"limit_modified_date":false,"open_ai":null,"ai":null,"created":"2020-12-21 14:00:13","updated":"2025-11-30 15:59:13"},"aioseo_breadcrumb":"<div class=\"aioseo-breadcrumbs\"><span class=\"aioseo-breadcrumb\">\n\t<a href=\"https:\/\/www.eldigitaldeasturias.com\/noticias\" title=\"Home\">Home<\/a>\n<\/span><span class=\"aioseo-breadcrumb-separator\">\u2013<\/span><span class=\"aioseo-breadcrumb\">\n\t<a href=\"https:\/\/www.eldigitaldeasturias.com\/noticias\/category\/actualidad\/\" title=\"Actualidad\">Actualidad<\/a>\n<\/span><span class=\"aioseo-breadcrumb-separator\">\u2013<\/span><span class=\"aioseo-breadcrumb\">\n\t<a href=\"https:\/\/www.eldigitaldeasturias.com\/noticias\/el-werder-bremen-destituye-a-su-entrenador\/\" title=\"El Werder Bremen destituye a su entrenador\">El Werder Bremen destituye a su entrenador<\/a>\n<\/span><\/div>","aioseo_breadcrumb_json":[{"label":"Home","link":"https:\/\/www.eldigitaldeasturias.com\/noticias"},{"label":"Actualidad","link":"https:\/\/www.eldigitaldeasturias.com\/noticias\/category\/actualidad\/"},{"label":"El Werder Bremen destituye a su entrenador","link":"https:\/\/www.eldigitaldeasturias.com\/noticias\/el-werder-bremen-destituye-a-su-entrenador\/"}],"_links":{"self":[{"href":"https:\/\/www.eldigitaldeasturias.com\/noticias\/wp-json\/wp\/v2\/posts\/908396","targetHints":{"allow":["GET"]}}],"collection":[{"href":"https:\/\/www.eldigitaldeasturias.com\/noticias\/wp-json\/wp\/v2\/posts"}],"about":[{"href":"https:\/\/www.eldigitaldeasturias.com\/noticias\/wp-json\/wp\/v2\/types\/post"}],"author":[{"embeddable":true,"href":"https:\/\/www.eldigitaldeasturias.com\/noticias\/wp-json\/wp\/v2\/users\/1"}],"replies":[{"embeddable":true,"href":"https:\/\/www.eldigitaldeasturias.com\/noticias\/wp-json\/wp\/v2\/comments?post=908396"}],"version-history":[{"count":0,"href":"https:\/\/www.eldigitaldeasturias.com\/noticias\/wp-json\/wp\/v2\/posts\/908396\/revisions"}],"wp:featuredmedia":[{"embeddable":true,"href":"https:\/\/www.eldigitaldeasturias.com\/noticias\/wp-json\/wp\/v2\/media\/886231"}],"wp:attachment":[{"href":"https:\/\/www.eldigitaldeasturias.com\/noticias\/wp-json\/wp\/v2\/media?parent=908396"}],"wp:term":[{"taxonomy":"category","embeddable":true,"href":"https:\/\/www.eldigitaldeasturias.com\/noticias\/wp-json\/wp\/v2\/categories?post=908396"},{"taxonomy":"post_tag","embeddable":true,"href":"https:\/\/www.eldigitaldeasturias.com\/noticias\/wp-json\/wp\/v2\/tags?post=908396"}],"curies":[{"name":"wp","href":"https:\/\/api.w.org\/{rel}","templated":true}]}}