{"id":908394,"date":"2016-09-18T17:11:30","date_gmt":"2016-09-18T16:11:30","guid":{"rendered":"http:\/\/www.eldigitaldeasturias.com\/noticias\/?p=908394"},"modified":"2016-09-18T17:11:30","modified_gmt":"2016-09-18T16:11:30","slug":"mas-de-un-millon-de-trabajadores-alemanes-reciben-ayudas-sociales","status":"publish","type":"post","link":"https:\/\/www.eldigitaldeasturias.com\/noticias\/mas-de-un-millon-de-trabajadores-alemanes-reciben-ayudas-sociales\/","title":{"rendered":"M\u00e1s de un mill\u00f3n de trabajadores alemanes reciben ayudas sociales"},"content":{"rendered":"<p><img loading=\"lazy\" decoding=\"async\" class=\"alignleft size-medium wp-image-822740\" src=\"https:\/\/www.eldigitaldeasturias.com\/noticias\/wp-content\/uploads\/2015\/11\/euros-360x241.jpg\" alt=\"euros\" width=\"360\" height=\"241\" srcset=\"https:\/\/www.eldigitaldeasturias.com\/noticias\/wp-content\/uploads\/2015\/11\/euros-360x241.jpg 360w, https:\/\/www.eldigitaldeasturias.com\/noticias\/wp-content\/uploads\/2015\/11\/euros-696x466.jpg 696w, https:\/\/www.eldigitaldeasturias.com\/noticias\/wp-content\/uploads\/2015\/11\/euros-627x420.jpg 627w, https:\/\/www.eldigitaldeasturias.com\/noticias\/wp-content\/uploads\/2015\/11\/euros-768x515.jpg 768w, https:\/\/www.eldigitaldeasturias.com\/noticias\/wp-content\/uploads\/2015\/11\/euros-650x436.jpg 650w, https:\/\/www.eldigitaldeasturias.com\/noticias\/wp-content\/uploads\/2015\/11\/euros.jpg 800w\" sizes=\"auto, (max-width: 360px) 100vw, 360px\" \/>Berl\u00edn, 18 sep (dpa) &#8211; M\u00e1s de un mill\u00f3n de trabajadores alemanes reciben ayudas econ\u00f3micas del Estado para poder llegar a fin de mes, se\u00f1ala una estad\u00edstica publicada por la Oficina Federal de Empleo.<\/p>\n<p>As\u00ed, el organismo desembols\u00f3 el pasado a\u00f1o casi 10.000 millones de euros (11.236 millones de d\u00f3lares) en subsidios a personas que cuentan con una ocupaci\u00f3n laboral regular.<\/p>\n<p>El pasado a\u00f1o, un total de 1,03 millones de trabajadores solicitaron prestaciones sociales para complementar sus ingresos. Desde hace a\u00f1os, m\u00e1s de un mill\u00f3n de personas piden este tipo de ayudas en la primera econom\u00eda de Europa.<\/p>\n<p>No en vano, entre los a\u00f1os 2007 y 2015 las arcas del Estado destinaron un total de 87.500 millones de euros en ayudas a trabajadores en activo.<\/p>\n<p>Desde las filas de la oposici\u00f3n critican que en un pa\u00eds como Alemania las personas que cuentan con un empleo tengan que recurrir a prestaciones sociales para poder llegar a fin de mes.<\/p>\n<p>\u00abSe trata de una subvenci\u00f3n encubierta de dumping salarial\u00bb, critic\u00f3 la diputada de Los Verdes Sabine Zimmermann en declaraciones a dpa.<\/p>\n<p>En su opini\u00f3n, los bajos salarios, el trabajo a tiempo parcial y los \u00abminijobs\u00bb (contratos de baja remuneraci\u00f3n) son el origen de esta situaci\u00f3n. Por ello, la parlamentaria pide al Gobierno de Angela Merkel que ponga l\u00edmites al trabajo precario en el pa\u00eds.<\/p>\n<p>&nbsp;<\/p>\n","protected":false},"excerpt":{"rendered":"<p>Berl\u00edn, 18 sep (dpa) &#8211; M\u00e1s de un mill\u00f3n de trabajadores alemanes reciben ayudas econ\u00f3micas del Estado para poder llegar a fin de mes, se\u00f1ala una estad\u00edstica publicada por la Oficina Federal de Empleo. As\u00ed, el organismo desembols\u00f3 el pasado a\u00f1o casi 10.000 millones de euros (11.236 millones de d\u00f3lares) en subsidios a personas que [&hellip;]<\/p>\n","protected":false},"author":1,"featured_media":822740,"comment_status":"closed","ping_status":"closed","sticky":false,"template":"","format":"standard","meta":{"footnotes":""},"categories":[1],"tags":[],"class_list":["post-908394","post","type-post","status-publish","format-standard","has-post-thumbnail","hentry","category-actualidad"],"aioseo_notices":[],"aioseo_head":"\n\t\t<!-- All in One SEO Pro 4.9.6.2 - aioseo.com -->\n\t<meta name=\"description\" content=\"Berl\u00edn, 18 sep (dpa) - M\u00e1s de un mill\u00f3n de trabajadores alemanes reciben ayudas econ\u00f3micas del Estado para poder llegar a fin de mes, se\u00f1ala una estad\u00edstica publicada por la Oficina Federal de Empleo. As\u00ed, el organismo desembols\u00f3 el pasado a\u00f1o casi 10.000 millones de euros (11.236 millones de d\u00f3lares) en subsidios a personas que\" \/>\n\t<meta name=\"robots\" content=\"max-image-preview:large\" \/>\n\t<meta name=\"author\" content=\"El Digital de Asturias\"\/>\n\t<meta name=\"google-site-verification\" content=\"UA-38556648-1\" \/>\n\t<meta name=\"msvalidate.01\" content=\"7dfe9f3f1b24437ab69f4f2559babe99\" \/>\n\t<meta name=\"keywords\" content=\"actualidad\" \/>\n\t<link rel=\"canonical\" href=\"https:\/\/www.eldigitaldeasturias.com\/noticias\/mas-de-un-millon-de-trabajadores-alemanes-reciben-ayudas-sociales\/\" \/>\n\t<meta name=\"generator\" content=\"All in One SEO Pro (AIOSEO) 4.9.6.2\" \/>\n\t\t<meta property=\"og:locale\" content=\"es_ES\" \/>\n\t\t<meta property=\"og:site_name\" content=\"El Digital de Asturias\" \/>\n\t\t<meta property=\"og:type\" content=\"article\" \/>\n\t\t<meta property=\"og:title\" content=\"M\u00e1s de un mill\u00f3n de trabajadores alemanes reciben ayudas sociales - El Digital de Asturias\" \/>\n\t\t<meta property=\"og:description\" content=\"Berl\u00edn, 18 sep (dpa) - M\u00e1s de un mill\u00f3n de trabajadores alemanes reciben ayudas econ\u00f3micas del Estado para poder llegar a fin de mes, se\u00f1ala una estad\u00edstica publicada por la Oficina Federal de Empleo. As\u00ed, el organismo desembols\u00f3 el pasado a\u00f1o casi 10.000 millones de euros (11.236 millones de d\u00f3lares) en subsidios a personas que\" \/>\n\t\t<meta property=\"og:url\" content=\"https:\/\/www.eldigitaldeasturias.com\/noticias\/mas-de-un-millon-de-trabajadores-alemanes-reciben-ayudas-sociales\/\" \/>\n\t\t<meta property=\"og:image\" content=\"https:\/\/www.eldigitaldeasturias.com\/noticias\/wp-content\/uploads\/2015\/11\/euros.jpg\" \/>\n\t\t<meta property=\"og:image:secure_url\" content=\"https:\/\/www.eldigitaldeasturias.com\/noticias\/wp-content\/uploads\/2015\/11\/euros.jpg\" \/>\n\t\t<meta property=\"og:image:width\" content=\"800\" \/>\n\t\t<meta property=\"og:image:height\" content=\"536\" \/>\n\t\t<meta property=\"article:tag\" content=\"actualidad\" \/>\n\t\t<meta property=\"article:published_time\" content=\"2016-09-18T16:11:30+00:00\" \/>\n\t\t<meta property=\"article:modified_time\" content=\"2016-09-18T16:11:30+00:00\" \/>\n\t\t<meta property=\"article:publisher\" content=\"https:\/\/facebook.com\/eldigitaldeasturias\" \/>\n\t\t<meta name=\"twitter:card\" content=\"summary_large_image\" \/>\n\t\t<meta name=\"twitter:title\" content=\"M\u00e1s de un mill\u00f3n de trabajadores alemanes reciben ayudas sociales - El Digital de Asturias\" \/>\n\t\t<meta name=\"twitter:description\" content=\"Berl\u00edn, 18 sep (dpa) - M\u00e1s de un mill\u00f3n de trabajadores alemanes reciben ayudas econ\u00f3micas del Estado para poder llegar a fin de mes, se\u00f1ala una estad\u00edstica publicada por la Oficina Federal de Empleo. As\u00ed, el organismo desembols\u00f3 el pasado a\u00f1o casi 10.000 millones de euros (11.236 millones de d\u00f3lares) en subsidios a personas que\" \/>\n\t\t<meta name=\"twitter:image\" content=\"https:\/\/www.eldigitaldeasturias.com\/noticias\/wp-content\/uploads\/2015\/11\/euros.jpg\" \/>\n\t\t<meta name=\"twitter:label1\" content=\"Escrito por\" \/>\n\t\t<meta name=\"twitter:data1\" content=\"El Digital de Asturias\" \/>\n\t\t<meta name=\"twitter:label2\" content=\"Tiempo de lectura estimado\" \/>\n\t\t<meta name=\"twitter:data2\" content=\"1 minuto\" \/>\n\t\t<script type=\"application\/ld+json\" class=\"aioseo-schema\">\n\t\t\t{\"@context\":\"https:\\\/\\\/schema.org\",\"@graph\":[{\"@type\":\"BlogPosting\",\"@id\":\"https:\\\/\\\/www.eldigitaldeasturias.com\\\/noticias\\\/mas-de-un-millon-de-trabajadores-alemanes-reciben-ayudas-sociales\\\/#blogposting\",\"name\":\"M\\u00e1s de un mill\\u00f3n de trabajadores alemanes reciben ayudas sociales - El Digital de Asturias\",\"headline\":\"M\\u00e1s de un mill\\u00f3n de trabajadores alemanes reciben ayudas sociales\",\"author\":{\"@id\":\"https:\\\/\\\/www.eldigitaldeasturias.com\\\/noticias\\\/author\\\/admin\\\/#author\"},\"publisher\":{\"@id\":\"https:\\\/\\\/www.eldigitaldeasturias.com\\\/noticias\\\/#organization\"},\"image\":{\"@type\":\"ImageObject\",\"url\":\"https:\\\/\\\/www.eldigitaldeasturias.com\\\/noticias\\\/wp-content\\\/uploads\\\/2015\\\/11\\\/euros.jpg\",\"width\":800,\"height\":536,\"caption\":\"euros\"},\"datePublished\":\"2016-09-18T17:11:30+02:00\",\"dateModified\":\"2016-09-18T17:11:30+02:00\",\"inLanguage\":\"es-ES\",\"mainEntityOfPage\":{\"@id\":\"https:\\\/\\\/www.eldigitaldeasturias.com\\\/noticias\\\/mas-de-un-millon-de-trabajadores-alemanes-reciben-ayudas-sociales\\\/#webpage\"},\"isPartOf\":{\"@id\":\"https:\\\/\\\/www.eldigitaldeasturias.com\\\/noticias\\\/mas-de-un-millon-de-trabajadores-alemanes-reciben-ayudas-sociales\\\/#webpage\"},\"articleSection\":\"Actualidad\"},{\"@type\":\"BreadcrumbList\",\"@id\":\"https:\\\/\\\/www.eldigitaldeasturias.com\\\/noticias\\\/mas-de-un-millon-de-trabajadores-alemanes-reciben-ayudas-sociales\\\/#breadcrumblist\",\"itemListElement\":[{\"@type\":\"ListItem\",\"@id\":\"https:\\\/\\\/www.eldigitaldeasturias.com\\\/noticias#listItem\",\"position\":1,\"name\":\"Home\",\"item\":\"https:\\\/\\\/www.eldigitaldeasturias.com\\\/noticias\",\"nextItem\":{\"@type\":\"ListItem\",\"@id\":\"https:\\\/\\\/www.eldigitaldeasturias.com\\\/noticias\\\/category\\\/actualidad\\\/#listItem\",\"name\":\"Actualidad\"}},{\"@type\":\"ListItem\",\"@id\":\"https:\\\/\\\/www.eldigitaldeasturias.com\\\/noticias\\\/category\\\/actualidad\\\/#listItem\",\"position\":2,\"name\":\"Actualidad\",\"item\":\"https:\\\/\\\/www.eldigitaldeasturias.com\\\/noticias\\\/category\\\/actualidad\\\/\",\"nextItem\":{\"@type\":\"ListItem\",\"@id\":\"https:\\\/\\\/www.eldigitaldeasturias.com\\\/noticias\\\/mas-de-un-millon-de-trabajadores-alemanes-reciben-ayudas-sociales\\\/#listItem\",\"name\":\"M\\u00e1s de un mill\\u00f3n de trabajadores alemanes reciben ayudas sociales\"},\"previousItem\":{\"@type\":\"ListItem\",\"@id\":\"https:\\\/\\\/www.eldigitaldeasturias.com\\\/noticias#listItem\",\"name\":\"Home\"}},{\"@type\":\"ListItem\",\"@id\":\"https:\\\/\\\/www.eldigitaldeasturias.com\\\/noticias\\\/mas-de-un-millon-de-trabajadores-alemanes-reciben-ayudas-sociales\\\/#listItem\",\"position\":3,\"name\":\"M\\u00e1s de un mill\\u00f3n de trabajadores alemanes reciben ayudas sociales\",\"previousItem\":{\"@type\":\"ListItem\",\"@id\":\"https:\\\/\\\/www.eldigitaldeasturias.com\\\/noticias\\\/category\\\/actualidad\\\/#listItem\",\"name\":\"Actualidad\"}}]},{\"@type\":\"Organization\",\"@id\":\"https:\\\/\\\/www.eldigitaldeasturias.com\\\/noticias\\\/#organization\",\"name\":\"El Digital de Asturias\",\"description\":\"Hemeroteca\",\"url\":\"https:\\\/\\\/www.eldigitaldeasturias.com\\\/noticias\\\/\",\"email\":\"info@eldigitaldeasturias.com\",\"telephone\":\"+34652131393\",\"logo\":{\"@type\":\"ImageObject\",\"url\":\"https:\\\/\\\/www.eldigitaldeasturias.com\\\/noticias\\\/wp-content\\\/uploads\\\/2020\\\/12\\\/EDA.jpg\",\"@id\":\"https:\\\/\\\/www.eldigitaldeasturias.com\\\/noticias\\\/mas-de-un-millon-de-trabajadores-alemanes-reciben-ayudas-sociales\\\/#organizationLogo\",\"width\":649,\"height\":297},\"image\":{\"@id\":\"https:\\\/\\\/www.eldigitaldeasturias.com\\\/noticias\\\/mas-de-un-millon-de-trabajadores-alemanes-reciben-ayudas-sociales\\\/#organizationLogo\"},\"sameAs\":[\"https:\\\/\\\/facebook.com\\\/eldigitaldeasturias\",\"https:\\\/\\\/www.youtube.com\\\/channel\\\/UCZP-2wLEB9Rv6erhFmqVnvg\"],\"address\":{\"@id\":\"https:\\\/\\\/www.eldigitaldeasturias.com\\\/noticias\\\/#postaladdress\",\"@type\":\"PostalAddress\",\"streetAddress\":\"san antonio 4,\",\"postalCode\":\"33430\",\"addressLocality\":\"Cand\\u00e1s\",\"addressRegion\":\"Asturias\",\"addressCountry\":\"ES\"}},{\"@type\":\"Person\",\"@id\":\"https:\\\/\\\/www.eldigitaldeasturias.com\\\/noticias\\\/author\\\/admin\\\/#author\",\"url\":\"https:\\\/\\\/www.eldigitaldeasturias.com\\\/noticias\\\/author\\\/admin\\\/\",\"name\":\"El Digital de Asturias\",\"image\":{\"@type\":\"ImageObject\",\"@id\":\"https:\\\/\\\/www.eldigitaldeasturias.com\\\/noticias\\\/mas-de-un-millon-de-trabajadores-alemanes-reciben-ayudas-sociales\\\/#authorImage\",\"url\":\"https:\\\/\\\/www.eldigitaldeasturias.com\\\/noticias\\\/wp-content\\\/litespeed\\\/avatar\\\/18677e78aa0546b92d9dbf31ec7d7668.jpg?ver=1777290358\",\"width\":96,\"height\":96,\"caption\":\"El Digital de Asturias\"}},{\"@type\":\"WebPage\",\"@id\":\"https:\\\/\\\/www.eldigitaldeasturias.com\\\/noticias\\\/mas-de-un-millon-de-trabajadores-alemanes-reciben-ayudas-sociales\\\/#webpage\",\"url\":\"https:\\\/\\\/www.eldigitaldeasturias.com\\\/noticias\\\/mas-de-un-millon-de-trabajadores-alemanes-reciben-ayudas-sociales\\\/\",\"name\":\"M\\u00e1s de un mill\\u00f3n de trabajadores alemanes reciben ayudas sociales - El Digital de Asturias\",\"description\":\"Berl\\u00edn, 18 sep (dpa) - M\\u00e1s de un mill\\u00f3n de trabajadores alemanes reciben ayudas econ\\u00f3micas del Estado para poder llegar a fin de mes, se\\u00f1ala una estad\\u00edstica publicada por la Oficina Federal de Empleo. As\\u00ed, el organismo desembols\\u00f3 el pasado a\\u00f1o casi 10.000 millones de euros (11.236 millones de d\\u00f3lares) en subsidios a personas que\",\"inLanguage\":\"es-ES\",\"isPartOf\":{\"@id\":\"https:\\\/\\\/www.eldigitaldeasturias.com\\\/noticias\\\/#website\"},\"breadcrumb\":{\"@id\":\"https:\\\/\\\/www.eldigitaldeasturias.com\\\/noticias\\\/mas-de-un-millon-de-trabajadores-alemanes-reciben-ayudas-sociales\\\/#breadcrumblist\"},\"author\":{\"@id\":\"https:\\\/\\\/www.eldigitaldeasturias.com\\\/noticias\\\/author\\\/admin\\\/#author\"},\"creator\":{\"@id\":\"https:\\\/\\\/www.eldigitaldeasturias.com\\\/noticias\\\/author\\\/admin\\\/#author\"},\"image\":{\"@type\":\"ImageObject\",\"url\":\"https:\\\/\\\/www.eldigitaldeasturias.com\\\/noticias\\\/wp-content\\\/uploads\\\/2015\\\/11\\\/euros.jpg\",\"@id\":\"https:\\\/\\\/www.eldigitaldeasturias.com\\\/noticias\\\/mas-de-un-millon-de-trabajadores-alemanes-reciben-ayudas-sociales\\\/#mainImage\",\"width\":800,\"height\":536,\"caption\":\"euros\"},\"primaryImageOfPage\":{\"@id\":\"https:\\\/\\\/www.eldigitaldeasturias.com\\\/noticias\\\/mas-de-un-millon-de-trabajadores-alemanes-reciben-ayudas-sociales\\\/#mainImage\"},\"datePublished\":\"2016-09-18T17:11:30+02:00\",\"dateModified\":\"2016-09-18T17:11:30+02:00\"},{\"@type\":\"WebSite\",\"@id\":\"https:\\\/\\\/www.eldigitaldeasturias.com\\\/noticias\\\/#website\",\"url\":\"https:\\\/\\\/www.eldigitaldeasturias.com\\\/noticias\\\/\",\"name\":\"El Digital de Asturias - Diario de actualidad y noticias\",\"alternateName\":\"El Digital de Asturias - Diario de actualidad y noticias\",\"description\":\"Hemeroteca\",\"inLanguage\":\"es-ES\",\"publisher\":{\"@id\":\"https:\\\/\\\/www.eldigitaldeasturias.com\\\/noticias\\\/#organization\"}}]}\n\t\t<\/script>\n\t\t<!-- All in One SEO Pro -->\r\n\t\t<title>M\u00e1s de un mill\u00f3n de trabajadores alemanes reciben ayudas sociales - El Digital de Asturias<\/title>\n\n","aioseo_head_json":{"title":"M\u00e1s de un mill\u00f3n de trabajadores alemanes reciben ayudas sociales - El Digital de Asturias","description":"Berl\u00edn, 18 sep (dpa) - M\u00e1s de un mill\u00f3n de trabajadores alemanes reciben ayudas econ\u00f3micas del Estado para poder llegar a fin de mes, se\u00f1ala una estad\u00edstica publicada por la Oficina Federal de Empleo. As\u00ed, el organismo desembols\u00f3 el pasado a\u00f1o casi 10.000 millones de euros (11.236 millones de d\u00f3lares) en subsidios a personas que","canonical_url":"https:\/\/www.eldigitaldeasturias.com\/noticias\/mas-de-un-millon-de-trabajadores-alemanes-reciben-ayudas-sociales\/","robots":"max-image-preview:large","keywords":"actualidad","webmasterTools":{"google-site-verification":"UA-38556648-1","msvalidate.01":"7dfe9f3f1b24437ab69f4f2559babe99","miscellaneous":""},"schema":{"@context":"https:\/\/schema.org","@graph":[{"@type":"BlogPosting","@id":"https:\/\/www.eldigitaldeasturias.com\/noticias\/mas-de-un-millon-de-trabajadores-alemanes-reciben-ayudas-sociales\/#blogposting","name":"M\u00e1s de un mill\u00f3n de trabajadores alemanes reciben ayudas sociales - El Digital de Asturias","headline":"M\u00e1s de un mill\u00f3n de trabajadores alemanes reciben ayudas sociales","author":{"@id":"https:\/\/www.eldigitaldeasturias.com\/noticias\/author\/admin\/#author"},"publisher":{"@id":"https:\/\/www.eldigitaldeasturias.com\/noticias\/#organization"},"image":{"@type":"ImageObject","url":"https:\/\/www.eldigitaldeasturias.com\/noticias\/wp-content\/uploads\/2015\/11\/euros.jpg","width":800,"height":536,"caption":"euros"},"datePublished":"2016-09-18T17:11:30+02:00","dateModified":"2016-09-18T17:11:30+02:00","inLanguage":"es-ES","mainEntityOfPage":{"@id":"https:\/\/www.eldigitaldeasturias.com\/noticias\/mas-de-un-millon-de-trabajadores-alemanes-reciben-ayudas-sociales\/#webpage"},"isPartOf":{"@id":"https:\/\/www.eldigitaldeasturias.com\/noticias\/mas-de-un-millon-de-trabajadores-alemanes-reciben-ayudas-sociales\/#webpage"},"articleSection":"Actualidad"},{"@type":"BreadcrumbList","@id":"https:\/\/www.eldigitaldeasturias.com\/noticias\/mas-de-un-millon-de-trabajadores-alemanes-reciben-ayudas-sociales\/#breadcrumblist","itemListElement":[{"@type":"ListItem","@id":"https:\/\/www.eldigitaldeasturias.com\/noticias#listItem","position":1,"name":"Home","item":"https:\/\/www.eldigitaldeasturias.com\/noticias","nextItem":{"@type":"ListItem","@id":"https:\/\/www.eldigitaldeasturias.com\/noticias\/category\/actualidad\/#listItem","name":"Actualidad"}},{"@type":"ListItem","@id":"https:\/\/www.eldigitaldeasturias.com\/noticias\/category\/actualidad\/#listItem","position":2,"name":"Actualidad","item":"https:\/\/www.eldigitaldeasturias.com\/noticias\/category\/actualidad\/","nextItem":{"@type":"ListItem","@id":"https:\/\/www.eldigitaldeasturias.com\/noticias\/mas-de-un-millon-de-trabajadores-alemanes-reciben-ayudas-sociales\/#listItem","name":"M\u00e1s de un mill\u00f3n de trabajadores alemanes reciben ayudas sociales"},"previousItem":{"@type":"ListItem","@id":"https:\/\/www.eldigitaldeasturias.com\/noticias#listItem","name":"Home"}},{"@type":"ListItem","@id":"https:\/\/www.eldigitaldeasturias.com\/noticias\/mas-de-un-millon-de-trabajadores-alemanes-reciben-ayudas-sociales\/#listItem","position":3,"name":"M\u00e1s de un mill\u00f3n de trabajadores alemanes reciben ayudas sociales","previousItem":{"@type":"ListItem","@id":"https:\/\/www.eldigitaldeasturias.com\/noticias\/category\/actualidad\/#listItem","name":"Actualidad"}}]},{"@type":"Organization","@id":"https:\/\/www.eldigitaldeasturias.com\/noticias\/#organization","name":"El Digital de Asturias","description":"Hemeroteca","url":"https:\/\/www.eldigitaldeasturias.com\/noticias\/","email":"info@eldigitaldeasturias.com","telephone":"+34652131393","logo":{"@type":"ImageObject","url":"https:\/\/www.eldigitaldeasturias.com\/noticias\/wp-content\/uploads\/2020\/12\/EDA.jpg","@id":"https:\/\/www.eldigitaldeasturias.com\/noticias\/mas-de-un-millon-de-trabajadores-alemanes-reciben-ayudas-sociales\/#organizationLogo","width":649,"height":297},"image":{"@id":"https:\/\/www.eldigitaldeasturias.com\/noticias\/mas-de-un-millon-de-trabajadores-alemanes-reciben-ayudas-sociales\/#organizationLogo"},"sameAs":["https:\/\/facebook.com\/eldigitaldeasturias","https:\/\/www.youtube.com\/channel\/UCZP-2wLEB9Rv6erhFmqVnvg"],"address":{"@id":"https:\/\/www.eldigitaldeasturias.com\/noticias\/#postaladdress","@type":"PostalAddress","streetAddress":"san antonio 4,","postalCode":"33430","addressLocality":"Cand\u00e1s","addressRegion":"Asturias","addressCountry":"ES"}},{"@type":"Person","@id":"https:\/\/www.eldigitaldeasturias.com\/noticias\/author\/admin\/#author","url":"https:\/\/www.eldigitaldeasturias.com\/noticias\/author\/admin\/","name":"El Digital de Asturias","image":{"@type":"ImageObject","@id":"https:\/\/www.eldigitaldeasturias.com\/noticias\/mas-de-un-millon-de-trabajadores-alemanes-reciben-ayudas-sociales\/#authorImage","url":"https:\/\/www.eldigitaldeasturias.com\/noticias\/wp-content\/litespeed\/avatar\/18677e78aa0546b92d9dbf31ec7d7668.jpg?ver=1777290358","width":96,"height":96,"caption":"El Digital de Asturias"}},{"@type":"WebPage","@id":"https:\/\/www.eldigitaldeasturias.com\/noticias\/mas-de-un-millon-de-trabajadores-alemanes-reciben-ayudas-sociales\/#webpage","url":"https:\/\/www.eldigitaldeasturias.com\/noticias\/mas-de-un-millon-de-trabajadores-alemanes-reciben-ayudas-sociales\/","name":"M\u00e1s de un mill\u00f3n de trabajadores alemanes reciben ayudas sociales - El Digital de Asturias","description":"Berl\u00edn, 18 sep (dpa) - M\u00e1s de un mill\u00f3n de trabajadores alemanes reciben ayudas econ\u00f3micas del Estado para poder llegar a fin de mes, se\u00f1ala una estad\u00edstica publicada por la Oficina Federal de Empleo. As\u00ed, el organismo desembols\u00f3 el pasado a\u00f1o casi 10.000 millones de euros (11.236 millones de d\u00f3lares) en subsidios a personas que","inLanguage":"es-ES","isPartOf":{"@id":"https:\/\/www.eldigitaldeasturias.com\/noticias\/#website"},"breadcrumb":{"@id":"https:\/\/www.eldigitaldeasturias.com\/noticias\/mas-de-un-millon-de-trabajadores-alemanes-reciben-ayudas-sociales\/#breadcrumblist"},"author":{"@id":"https:\/\/www.eldigitaldeasturias.com\/noticias\/author\/admin\/#author"},"creator":{"@id":"https:\/\/www.eldigitaldeasturias.com\/noticias\/author\/admin\/#author"},"image":{"@type":"ImageObject","url":"https:\/\/www.eldigitaldeasturias.com\/noticias\/wp-content\/uploads\/2015\/11\/euros.jpg","@id":"https:\/\/www.eldigitaldeasturias.com\/noticias\/mas-de-un-millon-de-trabajadores-alemanes-reciben-ayudas-sociales\/#mainImage","width":800,"height":536,"caption":"euros"},"primaryImageOfPage":{"@id":"https:\/\/www.eldigitaldeasturias.com\/noticias\/mas-de-un-millon-de-trabajadores-alemanes-reciben-ayudas-sociales\/#mainImage"},"datePublished":"2016-09-18T17:11:30+02:00","dateModified":"2016-09-18T17:11:30+02:00"},{"@type":"WebSite","@id":"https:\/\/www.eldigitaldeasturias.com\/noticias\/#website","url":"https:\/\/www.eldigitaldeasturias.com\/noticias\/","name":"El Digital de Asturias - Diario de actualidad y noticias","alternateName":"El Digital de Asturias - Diario de actualidad y noticias","description":"Hemeroteca","inLanguage":"es-ES","publisher":{"@id":"https:\/\/www.eldigitaldeasturias.com\/noticias\/#organization"}}]},"og:locale":"es_ES","og:site_name":"El Digital de Asturias","og:type":"article","og:title":"M\u00e1s de un mill\u00f3n de trabajadores alemanes reciben ayudas sociales - El Digital de Asturias","og:description":"Berl\u00edn, 18 sep (dpa) - M\u00e1s de un mill\u00f3n de trabajadores alemanes reciben ayudas econ\u00f3micas del Estado para poder llegar a fin de mes, se\u00f1ala una estad\u00edstica publicada por la Oficina Federal de Empleo. As\u00ed, el organismo desembols\u00f3 el pasado a\u00f1o casi 10.000 millones de euros (11.236 millones de d\u00f3lares) en subsidios a personas que","og:url":"https:\/\/www.eldigitaldeasturias.com\/noticias\/mas-de-un-millon-de-trabajadores-alemanes-reciben-ayudas-sociales\/","og:image":"https:\/\/www.eldigitaldeasturias.com\/noticias\/wp-content\/uploads\/2015\/11\/euros.jpg","og:image:secure_url":"https:\/\/www.eldigitaldeasturias.com\/noticias\/wp-content\/uploads\/2015\/11\/euros.jpg","og:image:width":800,"og:image:height":536,"article:tag":["actualidad"],"article:published_time":"2016-09-18T16:11:30+00:00","article:modified_time":"2016-09-18T16:11:30+00:00","article:publisher":"https:\/\/facebook.com\/eldigitaldeasturias","twitter:card":"summary_large_image","twitter:title":"M\u00e1s de un mill\u00f3n de trabajadores alemanes reciben ayudas sociales - El Digital de Asturias","twitter:description":"Berl\u00edn, 18 sep (dpa) - M\u00e1s de un mill\u00f3n de trabajadores alemanes reciben ayudas econ\u00f3micas del Estado para poder llegar a fin de mes, se\u00f1ala una estad\u00edstica publicada por la Oficina Federal de Empleo. As\u00ed, el organismo desembols\u00f3 el pasado a\u00f1o casi 10.000 millones de euros (11.236 millones de d\u00f3lares) en subsidios a personas que","twitter:image":"https:\/\/www.eldigitaldeasturias.com\/noticias\/wp-content\/uploads\/2015\/11\/euros.jpg","twitter:label1":"Escrito por","twitter:data1":"El Digital de Asturias","twitter:label2":"Tiempo de lectura estimado","twitter:data2":"1 minuto"},"aioseo_meta_data":{"post_id":"908394","title":null,"description":null,"keywords":null,"keyphrases":null,"primary_term":null,"canonical_url":null,"og_title":null,"og_description":null,"og_object_type":"default","og_image_type":"default","og_image_url":null,"og_image_width":null,"og_image_height":null,"og_image_custom_url":null,"og_image_custom_fields":null,"og_video":null,"og_custom_url":null,"og_article_section":null,"og_article_tags":null,"twitter_use_og":false,"twitter_card":"default","twitter_image_type":"default","twitter_image_url":null,"twitter_image_custom_url":null,"twitter_image_custom_fields":null,"twitter_title":null,"twitter_description":null,"schema":{"blockGraphs":[],"customGraphs":[],"default":{"data":{"Article":[],"Course":[],"Dataset":[],"FAQPage":[],"Movie":[],"Person":[],"Product":[],"ProductReview":[],"Car":[],"Recipe":[],"Service":[],"SoftwareApplication":[],"WebPage":[]},"graphName":"","isEnabled":true},"graphs":[],"defaultGraph":"","defaultPostTypeGraph":""},"schema_type":null,"schema_type_options":null,"pillar_content":false,"robots_default":true,"robots_noindex":false,"robots_noarchive":false,"robots_nosnippet":false,"robots_nofollow":false,"robots_noimageindex":false,"robots_noodp":false,"robots_notranslate":false,"robots_max_snippet":null,"robots_max_videopreview":null,"robots_max_imagepreview":"large","priority":null,"frequency":null,"local_seo":null,"seo_analyzer_scan_date":"2025-11-30 15:59:13","breadcrumb_settings":null,"limit_modified_date":false,"open_ai":null,"ai":null,"created":"2020-12-21 14:00:13","updated":"2025-11-30 15:59:13"},"aioseo_breadcrumb":"<div class=\"aioseo-breadcrumbs\"><span class=\"aioseo-breadcrumb\">\n\t<a href=\"https:\/\/www.eldigitaldeasturias.com\/noticias\" title=\"Home\">Home<\/a>\n<\/span><span class=\"aioseo-breadcrumb-separator\">\u2013<\/span><span class=\"aioseo-breadcrumb\">\n\t<a href=\"https:\/\/www.eldigitaldeasturias.com\/noticias\/category\/actualidad\/\" title=\"Actualidad\">Actualidad<\/a>\n<\/span><span class=\"aioseo-breadcrumb-separator\">\u2013<\/span><span class=\"aioseo-breadcrumb\">\n\t<a href=\"https:\/\/www.eldigitaldeasturias.com\/noticias\/mas-de-un-millon-de-trabajadores-alemanes-reciben-ayudas-sociales\/\" title=\"M\u00e1s de un mill\u00f3n de trabajadores alemanes reciben ayudas sociales\">M\u00e1s de un mill\u00f3n de trabajadores alemanes reciben ayudas sociales<\/a>\n<\/span><\/div>","aioseo_breadcrumb_json":[{"label":"Home","link":"https:\/\/www.eldigitaldeasturias.com\/noticias"},{"label":"Actualidad","link":"https:\/\/www.eldigitaldeasturias.com\/noticias\/category\/actualidad\/"},{"label":"M\u00e1s de un mill\u00f3n de trabajadores alemanes reciben ayudas sociales","link":"https:\/\/www.eldigitaldeasturias.com\/noticias\/mas-de-un-millon-de-trabajadores-alemanes-reciben-ayudas-sociales\/"}],"_links":{"self":[{"href":"https:\/\/www.eldigitaldeasturias.com\/noticias\/wp-json\/wp\/v2\/posts\/908394","targetHints":{"allow":["GET"]}}],"collection":[{"href":"https:\/\/www.eldigitaldeasturias.com\/noticias\/wp-json\/wp\/v2\/posts"}],"about":[{"href":"https:\/\/www.eldigitaldeasturias.com\/noticias\/wp-json\/wp\/v2\/types\/post"}],"author":[{"embeddable":true,"href":"https:\/\/www.eldigitaldeasturias.com\/noticias\/wp-json\/wp\/v2\/users\/1"}],"replies":[{"embeddable":true,"href":"https:\/\/www.eldigitaldeasturias.com\/noticias\/wp-json\/wp\/v2\/comments?post=908394"}],"version-history":[{"count":0,"href":"https:\/\/www.eldigitaldeasturias.com\/noticias\/wp-json\/wp\/v2\/posts\/908394\/revisions"}],"wp:featuredmedia":[{"embeddable":true,"href":"https:\/\/www.eldigitaldeasturias.com\/noticias\/wp-json\/wp\/v2\/media\/822740"}],"wp:attachment":[{"href":"https:\/\/www.eldigitaldeasturias.com\/noticias\/wp-json\/wp\/v2\/media?parent=908394"}],"wp:term":[{"taxonomy":"category","embeddable":true,"href":"https:\/\/www.eldigitaldeasturias.com\/noticias\/wp-json\/wp\/v2\/categories?post=908394"},{"taxonomy":"post_tag","embeddable":true,"href":"https:\/\/www.eldigitaldeasturias.com\/noticias\/wp-json\/wp\/v2\/tags?post=908394"}],"curies":[{"name":"wp","href":"https:\/\/api.w.org\/{rel}","templated":true}]}}