{"id":908386,"date":"2016-09-18T17:03:33","date_gmt":"2016-09-18T16:03:33","guid":{"rendered":"http:\/\/www.eldigitaldeasturias.com\/noticias\/?p=908386"},"modified":"2016-09-18T17:03:33","modified_gmt":"2016-09-18T16:03:33","slug":"novena-edicion-de-madrid-corre-por-madrid","status":"publish","type":"post","link":"https:\/\/www.eldigitaldeasturias.com\/noticias\/novena-edicion-de-madrid-corre-por-madrid\/","title":{"rendered":"Novena edici\u00f3n de \u00abMadrid corre por Madrid\u00bb"},"content":{"rendered":"<p><img loading=\"lazy\" decoding=\"async\" class=\"alignleft size-medium wp-image-908387\" src=\"https:\/\/www.eldigitaldeasturias.com\/noticias\/wp-content\/uploads\/2016\/09\/foto-2-ALTA-360x270.jpg\" alt=\"foto 2 ALTA\" width=\"360\" height=\"270\" srcset=\"https:\/\/www.eldigitaldeasturias.com\/noticias\/wp-content\/uploads\/2016\/09\/foto-2-ALTA-360x270.jpg 360w, https:\/\/www.eldigitaldeasturias.com\/noticias\/wp-content\/uploads\/2016\/09\/foto-2-ALTA-768x576.jpg 768w, https:\/\/www.eldigitaldeasturias.com\/noticias\/wp-content\/uploads\/2016\/09\/foto-2-ALTA-650x488.jpg 650w, https:\/\/www.eldigitaldeasturias.com\/noticias\/wp-content\/uploads\/2016\/09\/foto-2-ALTA-125x95.jpg 125w, https:\/\/www.eldigitaldeasturias.com\/noticias\/wp-content\/uploads\/2016\/09\/foto-2-ALTA-100x75.jpg 100w, https:\/\/www.eldigitaldeasturias.com\/noticias\/wp-content\/uploads\/2016\/09\/foto-2-ALTA.jpg 1440w\" sizes=\"auto, (max-width: 360px) 100vw, 360px\" \/>Alrededor de 10.000 corredores han participado hoy en la IX edici\u00f3n de la carrera popular \u2018Madrid corre por Madrid\u2019, que se ha desarrollado en las calles y espacios m\u00e1s emblem\u00e1ticos de la capital. Esta iniciativa del Ejecutivo regional se ha ido convirtiendo en una cita ineludible para los aficionados al atletismo hasta convertirse en una prueba que forma parte del calendario nacional.<\/p>\n<p>La prueba, de 10 kil\u00f3metros de distancia y en la que ha participado el director general de Juventud y Deporte, Pablo Salazar, est\u00e1 promovida por la Comunidad de Madrid, a trav\u00e9s de la Fundaci\u00f3n Madrid por el Deporte, con el patrocinio de Banco Sabadell y organizada por la Asociaci\u00f3n Deportiva MAPOMA. Con esta actividad, el Gobierno madrile\u00f1o fomenta la pr\u00e1ctica del deporte y los h\u00e1bitos de vida saludables.<\/p>\n<p>La competici\u00f3n a las 9:00 desde la Avenida de Men\u00e9ndez Pelayo, y ha transcurrido por lugares representativos de Madrid como la calle Serrano, el Paseo de Recoletos, la Carrera de San Jer\u00f3nimo, la Puerta del Sol o la Gran V\u00eda, hasta llegar a la meta situada en el Paseo del Prado. De los 10.000 participantes en la prueba, m\u00e1s de 7.000 fueron hombres y cerca de 3.000 mujeres. Adem\u00e1s, 19 corredores con discapacidad han hecho el circuito en handbikes, demostrando que los valores del deporte favorecen la integraci\u00f3n y la tolerancia. Entre los participantes tambi\u00e9n se encontraban atletas como los madrile\u00f1os Arturo Casado y Azucena D\u00edaz, grandes figuras del atletismo espa\u00f1ol.<\/p>\n<p>Parte de la recaudaci\u00f3n por la inscripci\u00f3n en la carrera ir\u00e1 destinada a Bomberos Unidos Sin Fronteras, con lo que se convierte tambi\u00e9n en un acontecimiento solidario. La clasificaci\u00f3n y los tiempos de cada uno de los participantes se pueden consultar en la p\u00e1gina web www.madridcorrepormadrid.org.<\/p>\n<p>&nbsp;<\/p>\n<p>&nbsp;<\/p>\n","protected":false},"excerpt":{"rendered":"<p>Alrededor de 10.000 corredores han participado hoy en la IX edici\u00f3n de la carrera popular \u2018Madrid corre por Madrid\u2019, que se ha desarrollado en las calles y espacios m\u00e1s emblem\u00e1ticos de la capital. Esta iniciativa del Ejecutivo regional se ha ido convirtiendo en una cita ineludible para los aficionados al atletismo hasta convertirse en una [&hellip;]<\/p>\n","protected":false},"author":1,"featured_media":908387,"comment_status":"closed","ping_status":"closed","sticky":false,"template":"","format":"standard","meta":{"footnotes":""},"categories":[1],"tags":[],"class_list":["post-908386","post","type-post","status-publish","format-standard","has-post-thumbnail","hentry","category-actualidad"],"aioseo_notices":[],"aioseo_head":"\n\t\t<!-- All in One SEO Pro 4.9.6.2 - aioseo.com -->\n\t<meta name=\"description\" content=\"Alrededor de 10.000 corredores han participado hoy en la IX edici\u00f3n de la carrera popular \u2018Madrid corre por Madrid\u2019, que se ha desarrollado en las calles y espacios m\u00e1s emblem\u00e1ticos de la capital. Esta iniciativa del Ejecutivo regional se ha ido convirtiendo en una cita ineludible para los aficionados al atletismo hasta convertirse en una\" \/>\n\t<meta name=\"robots\" content=\"max-image-preview:large\" \/>\n\t<meta name=\"author\" content=\"El Digital de Asturias\"\/>\n\t<meta name=\"google-site-verification\" content=\"UA-38556648-1\" \/>\n\t<meta name=\"msvalidate.01\" content=\"7dfe9f3f1b24437ab69f4f2559babe99\" \/>\n\t<meta name=\"keywords\" content=\"actualidad\" \/>\n\t<link rel=\"canonical\" href=\"https:\/\/www.eldigitaldeasturias.com\/noticias\/novena-edicion-de-madrid-corre-por-madrid\/\" \/>\n\t<meta name=\"generator\" content=\"All in One SEO Pro (AIOSEO) 4.9.6.2\" \/>\n\t\t<meta property=\"og:locale\" content=\"es_ES\" \/>\n\t\t<meta property=\"og:site_name\" content=\"El Digital de Asturias\" \/>\n\t\t<meta property=\"og:type\" content=\"article\" \/>\n\t\t<meta property=\"og:title\" content=\"Novena edici\u00f3n de \u00abMadrid corre por Madrid\u00bb - El Digital de Asturias\" \/>\n\t\t<meta property=\"og:description\" content=\"Alrededor de 10.000 corredores han participado hoy en la IX edici\u00f3n de la carrera popular \u2018Madrid corre por Madrid\u2019, que se ha desarrollado en las calles y espacios m\u00e1s emblem\u00e1ticos de la capital. Esta iniciativa del Ejecutivo regional se ha ido convirtiendo en una cita ineludible para los aficionados al atletismo hasta convertirse en una\" \/>\n\t\t<meta property=\"og:url\" content=\"https:\/\/www.eldigitaldeasturias.com\/noticias\/novena-edicion-de-madrid-corre-por-madrid\/\" \/>\n\t\t<meta property=\"og:image\" content=\"https:\/\/www.eldigitaldeasturias.com\/noticias\/wp-content\/uploads\/2016\/09\/foto-2-ALTA.jpg\" \/>\n\t\t<meta property=\"og:image:secure_url\" content=\"https:\/\/www.eldigitaldeasturias.com\/noticias\/wp-content\/uploads\/2016\/09\/foto-2-ALTA.jpg\" \/>\n\t\t<meta property=\"og:image:width\" content=\"1440\" \/>\n\t\t<meta property=\"og:image:height\" content=\"1080\" \/>\n\t\t<meta property=\"article:tag\" content=\"actualidad\" \/>\n\t\t<meta property=\"article:published_time\" content=\"2016-09-18T16:03:33+00:00\" \/>\n\t\t<meta property=\"article:modified_time\" content=\"2016-09-18T16:03:33+00:00\" \/>\n\t\t<meta property=\"article:publisher\" content=\"https:\/\/facebook.com\/eldigitaldeasturias\" \/>\n\t\t<meta name=\"twitter:card\" content=\"summary_large_image\" \/>\n\t\t<meta name=\"twitter:title\" content=\"Novena edici\u00f3n de \u00abMadrid corre por Madrid\u00bb - El Digital de Asturias\" \/>\n\t\t<meta name=\"twitter:description\" content=\"Alrededor de 10.000 corredores han participado hoy en la IX edici\u00f3n de la carrera popular \u2018Madrid corre por Madrid\u2019, que se ha desarrollado en las calles y espacios m\u00e1s emblem\u00e1ticos de la capital. Esta iniciativa del Ejecutivo regional se ha ido convirtiendo en una cita ineludible para los aficionados al atletismo hasta convertirse en una\" \/>\n\t\t<meta name=\"twitter:image\" content=\"https:\/\/www.eldigitaldeasturias.com\/noticias\/wp-content\/uploads\/2016\/09\/foto-2-ALTA.jpg\" \/>\n\t\t<meta name=\"twitter:label1\" content=\"Escrito por\" \/>\n\t\t<meta name=\"twitter:data1\" content=\"El Digital de Asturias\" \/>\n\t\t<meta name=\"twitter:label2\" content=\"Tiempo de lectura estimado\" \/>\n\t\t<meta name=\"twitter:data2\" content=\"2 minutos\" \/>\n\t\t<script type=\"application\/ld+json\" class=\"aioseo-schema\">\n\t\t\t{\"@context\":\"https:\\\/\\\/schema.org\",\"@graph\":[{\"@type\":\"BlogPosting\",\"@id\":\"https:\\\/\\\/www.eldigitaldeasturias.com\\\/noticias\\\/novena-edicion-de-madrid-corre-por-madrid\\\/#blogposting\",\"name\":\"Novena edici\\u00f3n de \\u00abMadrid corre por Madrid\\u00bb - El Digital de Asturias\",\"headline\":\"Novena edici\\u00f3n de \\u00abMadrid corre por Madrid\\u00bb\",\"author\":{\"@id\":\"https:\\\/\\\/www.eldigitaldeasturias.com\\\/noticias\\\/author\\\/admin\\\/#author\"},\"publisher\":{\"@id\":\"https:\\\/\\\/www.eldigitaldeasturias.com\\\/noticias\\\/#organization\"},\"image\":{\"@type\":\"ImageObject\",\"url\":\"https:\\\/\\\/www.eldigitaldeasturias.com\\\/noticias\\\/wp-content\\\/uploads\\\/2016\\\/09\\\/foto-2-ALTA.jpg\",\"width\":1440,\"height\":1080},\"datePublished\":\"2016-09-18T17:03:33+02:00\",\"dateModified\":\"2016-09-18T17:03:33+02:00\",\"inLanguage\":\"es-ES\",\"mainEntityOfPage\":{\"@id\":\"https:\\\/\\\/www.eldigitaldeasturias.com\\\/noticias\\\/novena-edicion-de-madrid-corre-por-madrid\\\/#webpage\"},\"isPartOf\":{\"@id\":\"https:\\\/\\\/www.eldigitaldeasturias.com\\\/noticias\\\/novena-edicion-de-madrid-corre-por-madrid\\\/#webpage\"},\"articleSection\":\"Actualidad\"},{\"@type\":\"BreadcrumbList\",\"@id\":\"https:\\\/\\\/www.eldigitaldeasturias.com\\\/noticias\\\/novena-edicion-de-madrid-corre-por-madrid\\\/#breadcrumblist\",\"itemListElement\":[{\"@type\":\"ListItem\",\"@id\":\"https:\\\/\\\/www.eldigitaldeasturias.com\\\/noticias#listItem\",\"position\":1,\"name\":\"Home\",\"item\":\"https:\\\/\\\/www.eldigitaldeasturias.com\\\/noticias\",\"nextItem\":{\"@type\":\"ListItem\",\"@id\":\"https:\\\/\\\/www.eldigitaldeasturias.com\\\/noticias\\\/category\\\/actualidad\\\/#listItem\",\"name\":\"Actualidad\"}},{\"@type\":\"ListItem\",\"@id\":\"https:\\\/\\\/www.eldigitaldeasturias.com\\\/noticias\\\/category\\\/actualidad\\\/#listItem\",\"position\":2,\"name\":\"Actualidad\",\"item\":\"https:\\\/\\\/www.eldigitaldeasturias.com\\\/noticias\\\/category\\\/actualidad\\\/\",\"nextItem\":{\"@type\":\"ListItem\",\"@id\":\"https:\\\/\\\/www.eldigitaldeasturias.com\\\/noticias\\\/novena-edicion-de-madrid-corre-por-madrid\\\/#listItem\",\"name\":\"Novena edici\\u00f3n de \\u00abMadrid corre por Madrid\\u00bb\"},\"previousItem\":{\"@type\":\"ListItem\",\"@id\":\"https:\\\/\\\/www.eldigitaldeasturias.com\\\/noticias#listItem\",\"name\":\"Home\"}},{\"@type\":\"ListItem\",\"@id\":\"https:\\\/\\\/www.eldigitaldeasturias.com\\\/noticias\\\/novena-edicion-de-madrid-corre-por-madrid\\\/#listItem\",\"position\":3,\"name\":\"Novena edici\\u00f3n de \\u00abMadrid corre por Madrid\\u00bb\",\"previousItem\":{\"@type\":\"ListItem\",\"@id\":\"https:\\\/\\\/www.eldigitaldeasturias.com\\\/noticias\\\/category\\\/actualidad\\\/#listItem\",\"name\":\"Actualidad\"}}]},{\"@type\":\"Organization\",\"@id\":\"https:\\\/\\\/www.eldigitaldeasturias.com\\\/noticias\\\/#organization\",\"name\":\"El Digital de Asturias\",\"description\":\"Hemeroteca\",\"url\":\"https:\\\/\\\/www.eldigitaldeasturias.com\\\/noticias\\\/\",\"email\":\"info@eldigitaldeasturias.com\",\"telephone\":\"+34652131393\",\"logo\":{\"@type\":\"ImageObject\",\"url\":\"https:\\\/\\\/www.eldigitaldeasturias.com\\\/noticias\\\/wp-content\\\/uploads\\\/2020\\\/12\\\/EDA.jpg\",\"@id\":\"https:\\\/\\\/www.eldigitaldeasturias.com\\\/noticias\\\/novena-edicion-de-madrid-corre-por-madrid\\\/#organizationLogo\",\"width\":649,\"height\":297},\"image\":{\"@id\":\"https:\\\/\\\/www.eldigitaldeasturias.com\\\/noticias\\\/novena-edicion-de-madrid-corre-por-madrid\\\/#organizationLogo\"},\"sameAs\":[\"https:\\\/\\\/facebook.com\\\/eldigitaldeasturias\",\"https:\\\/\\\/www.youtube.com\\\/channel\\\/UCZP-2wLEB9Rv6erhFmqVnvg\"],\"address\":{\"@id\":\"https:\\\/\\\/www.eldigitaldeasturias.com\\\/noticias\\\/#postaladdress\",\"@type\":\"PostalAddress\",\"streetAddress\":\"san antonio 4,\",\"postalCode\":\"33430\",\"addressLocality\":\"Cand\\u00e1s\",\"addressRegion\":\"Asturias\",\"addressCountry\":\"ES\"}},{\"@type\":\"Person\",\"@id\":\"https:\\\/\\\/www.eldigitaldeasturias.com\\\/noticias\\\/author\\\/admin\\\/#author\",\"url\":\"https:\\\/\\\/www.eldigitaldeasturias.com\\\/noticias\\\/author\\\/admin\\\/\",\"name\":\"El Digital de Asturias\",\"image\":{\"@type\":\"ImageObject\",\"@id\":\"https:\\\/\\\/www.eldigitaldeasturias.com\\\/noticias\\\/novena-edicion-de-madrid-corre-por-madrid\\\/#authorImage\",\"url\":\"https:\\\/\\\/www.eldigitaldeasturias.com\\\/noticias\\\/wp-content\\\/litespeed\\\/avatar\\\/18677e78aa0546b92d9dbf31ec7d7668.jpg?ver=1777290358\",\"width\":96,\"height\":96,\"caption\":\"El Digital de Asturias\"}},{\"@type\":\"WebPage\",\"@id\":\"https:\\\/\\\/www.eldigitaldeasturias.com\\\/noticias\\\/novena-edicion-de-madrid-corre-por-madrid\\\/#webpage\",\"url\":\"https:\\\/\\\/www.eldigitaldeasturias.com\\\/noticias\\\/novena-edicion-de-madrid-corre-por-madrid\\\/\",\"name\":\"Novena edici\\u00f3n de \\u00abMadrid corre por Madrid\\u00bb - El Digital de Asturias\",\"description\":\"Alrededor de 10.000 corredores han participado hoy en la IX edici\\u00f3n de la carrera popular \\u2018Madrid corre por Madrid\\u2019, que se ha desarrollado en las calles y espacios m\\u00e1s emblem\\u00e1ticos de la capital. Esta iniciativa del Ejecutivo regional se ha ido convirtiendo en una cita ineludible para los aficionados al atletismo hasta convertirse en una\",\"inLanguage\":\"es-ES\",\"isPartOf\":{\"@id\":\"https:\\\/\\\/www.eldigitaldeasturias.com\\\/noticias\\\/#website\"},\"breadcrumb\":{\"@id\":\"https:\\\/\\\/www.eldigitaldeasturias.com\\\/noticias\\\/novena-edicion-de-madrid-corre-por-madrid\\\/#breadcrumblist\"},\"author\":{\"@id\":\"https:\\\/\\\/www.eldigitaldeasturias.com\\\/noticias\\\/author\\\/admin\\\/#author\"},\"creator\":{\"@id\":\"https:\\\/\\\/www.eldigitaldeasturias.com\\\/noticias\\\/author\\\/admin\\\/#author\"},\"image\":{\"@type\":\"ImageObject\",\"url\":\"https:\\\/\\\/www.eldigitaldeasturias.com\\\/noticias\\\/wp-content\\\/uploads\\\/2016\\\/09\\\/foto-2-ALTA.jpg\",\"@id\":\"https:\\\/\\\/www.eldigitaldeasturias.com\\\/noticias\\\/novena-edicion-de-madrid-corre-por-madrid\\\/#mainImage\",\"width\":1440,\"height\":1080},\"primaryImageOfPage\":{\"@id\":\"https:\\\/\\\/www.eldigitaldeasturias.com\\\/noticias\\\/novena-edicion-de-madrid-corre-por-madrid\\\/#mainImage\"},\"datePublished\":\"2016-09-18T17:03:33+02:00\",\"dateModified\":\"2016-09-18T17:03:33+02:00\"},{\"@type\":\"WebSite\",\"@id\":\"https:\\\/\\\/www.eldigitaldeasturias.com\\\/noticias\\\/#website\",\"url\":\"https:\\\/\\\/www.eldigitaldeasturias.com\\\/noticias\\\/\",\"name\":\"El Digital de Asturias - Diario de actualidad y noticias\",\"alternateName\":\"El Digital de Asturias - Diario de actualidad y noticias\",\"description\":\"Hemeroteca\",\"inLanguage\":\"es-ES\",\"publisher\":{\"@id\":\"https:\\\/\\\/www.eldigitaldeasturias.com\\\/noticias\\\/#organization\"}}]}\n\t\t<\/script>\n\t\t<!-- All in One SEO Pro -->\r\n\t\t<title>Novena edici\u00f3n de \u00abMadrid corre por Madrid\u00bb - El Digital de Asturias<\/title>\n\n","aioseo_head_json":{"title":"Novena edici\u00f3n de \u00abMadrid corre por Madrid\u00bb - El Digital de Asturias","description":"Alrededor de 10.000 corredores han participado hoy en la IX edici\u00f3n de la carrera popular \u2018Madrid corre por Madrid\u2019, que se ha desarrollado en las calles y espacios m\u00e1s emblem\u00e1ticos de la capital. Esta iniciativa del Ejecutivo regional se ha ido convirtiendo en una cita ineludible para los aficionados al atletismo hasta convertirse en una","canonical_url":"https:\/\/www.eldigitaldeasturias.com\/noticias\/novena-edicion-de-madrid-corre-por-madrid\/","robots":"max-image-preview:large","keywords":"actualidad","webmasterTools":{"google-site-verification":"UA-38556648-1","msvalidate.01":"7dfe9f3f1b24437ab69f4f2559babe99","miscellaneous":""},"schema":{"@context":"https:\/\/schema.org","@graph":[{"@type":"BlogPosting","@id":"https:\/\/www.eldigitaldeasturias.com\/noticias\/novena-edicion-de-madrid-corre-por-madrid\/#blogposting","name":"Novena edici\u00f3n de \u00abMadrid corre por Madrid\u00bb - El Digital de Asturias","headline":"Novena edici\u00f3n de \u00abMadrid corre por Madrid\u00bb","author":{"@id":"https:\/\/www.eldigitaldeasturias.com\/noticias\/author\/admin\/#author"},"publisher":{"@id":"https:\/\/www.eldigitaldeasturias.com\/noticias\/#organization"},"image":{"@type":"ImageObject","url":"https:\/\/www.eldigitaldeasturias.com\/noticias\/wp-content\/uploads\/2016\/09\/foto-2-ALTA.jpg","width":1440,"height":1080},"datePublished":"2016-09-18T17:03:33+02:00","dateModified":"2016-09-18T17:03:33+02:00","inLanguage":"es-ES","mainEntityOfPage":{"@id":"https:\/\/www.eldigitaldeasturias.com\/noticias\/novena-edicion-de-madrid-corre-por-madrid\/#webpage"},"isPartOf":{"@id":"https:\/\/www.eldigitaldeasturias.com\/noticias\/novena-edicion-de-madrid-corre-por-madrid\/#webpage"},"articleSection":"Actualidad"},{"@type":"BreadcrumbList","@id":"https:\/\/www.eldigitaldeasturias.com\/noticias\/novena-edicion-de-madrid-corre-por-madrid\/#breadcrumblist","itemListElement":[{"@type":"ListItem","@id":"https:\/\/www.eldigitaldeasturias.com\/noticias#listItem","position":1,"name":"Home","item":"https:\/\/www.eldigitaldeasturias.com\/noticias","nextItem":{"@type":"ListItem","@id":"https:\/\/www.eldigitaldeasturias.com\/noticias\/category\/actualidad\/#listItem","name":"Actualidad"}},{"@type":"ListItem","@id":"https:\/\/www.eldigitaldeasturias.com\/noticias\/category\/actualidad\/#listItem","position":2,"name":"Actualidad","item":"https:\/\/www.eldigitaldeasturias.com\/noticias\/category\/actualidad\/","nextItem":{"@type":"ListItem","@id":"https:\/\/www.eldigitaldeasturias.com\/noticias\/novena-edicion-de-madrid-corre-por-madrid\/#listItem","name":"Novena edici\u00f3n de \u00abMadrid corre por Madrid\u00bb"},"previousItem":{"@type":"ListItem","@id":"https:\/\/www.eldigitaldeasturias.com\/noticias#listItem","name":"Home"}},{"@type":"ListItem","@id":"https:\/\/www.eldigitaldeasturias.com\/noticias\/novena-edicion-de-madrid-corre-por-madrid\/#listItem","position":3,"name":"Novena edici\u00f3n de \u00abMadrid corre por Madrid\u00bb","previousItem":{"@type":"ListItem","@id":"https:\/\/www.eldigitaldeasturias.com\/noticias\/category\/actualidad\/#listItem","name":"Actualidad"}}]},{"@type":"Organization","@id":"https:\/\/www.eldigitaldeasturias.com\/noticias\/#organization","name":"El Digital de Asturias","description":"Hemeroteca","url":"https:\/\/www.eldigitaldeasturias.com\/noticias\/","email":"info@eldigitaldeasturias.com","telephone":"+34652131393","logo":{"@type":"ImageObject","url":"https:\/\/www.eldigitaldeasturias.com\/noticias\/wp-content\/uploads\/2020\/12\/EDA.jpg","@id":"https:\/\/www.eldigitaldeasturias.com\/noticias\/novena-edicion-de-madrid-corre-por-madrid\/#organizationLogo","width":649,"height":297},"image":{"@id":"https:\/\/www.eldigitaldeasturias.com\/noticias\/novena-edicion-de-madrid-corre-por-madrid\/#organizationLogo"},"sameAs":["https:\/\/facebook.com\/eldigitaldeasturias","https:\/\/www.youtube.com\/channel\/UCZP-2wLEB9Rv6erhFmqVnvg"],"address":{"@id":"https:\/\/www.eldigitaldeasturias.com\/noticias\/#postaladdress","@type":"PostalAddress","streetAddress":"san antonio 4,","postalCode":"33430","addressLocality":"Cand\u00e1s","addressRegion":"Asturias","addressCountry":"ES"}},{"@type":"Person","@id":"https:\/\/www.eldigitaldeasturias.com\/noticias\/author\/admin\/#author","url":"https:\/\/www.eldigitaldeasturias.com\/noticias\/author\/admin\/","name":"El Digital de Asturias","image":{"@type":"ImageObject","@id":"https:\/\/www.eldigitaldeasturias.com\/noticias\/novena-edicion-de-madrid-corre-por-madrid\/#authorImage","url":"https:\/\/www.eldigitaldeasturias.com\/noticias\/wp-content\/litespeed\/avatar\/18677e78aa0546b92d9dbf31ec7d7668.jpg?ver=1777290358","width":96,"height":96,"caption":"El Digital de Asturias"}},{"@type":"WebPage","@id":"https:\/\/www.eldigitaldeasturias.com\/noticias\/novena-edicion-de-madrid-corre-por-madrid\/#webpage","url":"https:\/\/www.eldigitaldeasturias.com\/noticias\/novena-edicion-de-madrid-corre-por-madrid\/","name":"Novena edici\u00f3n de \u00abMadrid corre por Madrid\u00bb - El Digital de Asturias","description":"Alrededor de 10.000 corredores han participado hoy en la IX edici\u00f3n de la carrera popular \u2018Madrid corre por Madrid\u2019, que se ha desarrollado en las calles y espacios m\u00e1s emblem\u00e1ticos de la capital. Esta iniciativa del Ejecutivo regional se ha ido convirtiendo en una cita ineludible para los aficionados al atletismo hasta convertirse en una","inLanguage":"es-ES","isPartOf":{"@id":"https:\/\/www.eldigitaldeasturias.com\/noticias\/#website"},"breadcrumb":{"@id":"https:\/\/www.eldigitaldeasturias.com\/noticias\/novena-edicion-de-madrid-corre-por-madrid\/#breadcrumblist"},"author":{"@id":"https:\/\/www.eldigitaldeasturias.com\/noticias\/author\/admin\/#author"},"creator":{"@id":"https:\/\/www.eldigitaldeasturias.com\/noticias\/author\/admin\/#author"},"image":{"@type":"ImageObject","url":"https:\/\/www.eldigitaldeasturias.com\/noticias\/wp-content\/uploads\/2016\/09\/foto-2-ALTA.jpg","@id":"https:\/\/www.eldigitaldeasturias.com\/noticias\/novena-edicion-de-madrid-corre-por-madrid\/#mainImage","width":1440,"height":1080},"primaryImageOfPage":{"@id":"https:\/\/www.eldigitaldeasturias.com\/noticias\/novena-edicion-de-madrid-corre-por-madrid\/#mainImage"},"datePublished":"2016-09-18T17:03:33+02:00","dateModified":"2016-09-18T17:03:33+02:00"},{"@type":"WebSite","@id":"https:\/\/www.eldigitaldeasturias.com\/noticias\/#website","url":"https:\/\/www.eldigitaldeasturias.com\/noticias\/","name":"El Digital de Asturias - Diario de actualidad y noticias","alternateName":"El Digital de Asturias - Diario de actualidad y noticias","description":"Hemeroteca","inLanguage":"es-ES","publisher":{"@id":"https:\/\/www.eldigitaldeasturias.com\/noticias\/#organization"}}]},"og:locale":"es_ES","og:site_name":"El Digital de Asturias","og:type":"article","og:title":"Novena edici\u00f3n de \u00abMadrid corre por Madrid\u00bb - El Digital de Asturias","og:description":"Alrededor de 10.000 corredores han participado hoy en la IX edici\u00f3n de la carrera popular \u2018Madrid corre por Madrid\u2019, que se ha desarrollado en las calles y espacios m\u00e1s emblem\u00e1ticos de la capital. Esta iniciativa del Ejecutivo regional se ha ido convirtiendo en una cita ineludible para los aficionados al atletismo hasta convertirse en una","og:url":"https:\/\/www.eldigitaldeasturias.com\/noticias\/novena-edicion-de-madrid-corre-por-madrid\/","og:image":"https:\/\/www.eldigitaldeasturias.com\/noticias\/wp-content\/uploads\/2016\/09\/foto-2-ALTA.jpg","og:image:secure_url":"https:\/\/www.eldigitaldeasturias.com\/noticias\/wp-content\/uploads\/2016\/09\/foto-2-ALTA.jpg","og:image:width":1440,"og:image:height":1080,"article:tag":["actualidad"],"article:published_time":"2016-09-18T16:03:33+00:00","article:modified_time":"2016-09-18T16:03:33+00:00","article:publisher":"https:\/\/facebook.com\/eldigitaldeasturias","twitter:card":"summary_large_image","twitter:title":"Novena edici\u00f3n de \u00abMadrid corre por Madrid\u00bb - El Digital de Asturias","twitter:description":"Alrededor de 10.000 corredores han participado hoy en la IX edici\u00f3n de la carrera popular \u2018Madrid corre por Madrid\u2019, que se ha desarrollado en las calles y espacios m\u00e1s emblem\u00e1ticos de la capital. Esta iniciativa del Ejecutivo regional se ha ido convirtiendo en una cita ineludible para los aficionados al atletismo hasta convertirse en una","twitter:image":"https:\/\/www.eldigitaldeasturias.com\/noticias\/wp-content\/uploads\/2016\/09\/foto-2-ALTA.jpg","twitter:label1":"Escrito por","twitter:data1":"El Digital de Asturias","twitter:label2":"Tiempo de lectura estimado","twitter:data2":"2 minutos"},"aioseo_meta_data":{"post_id":"908386","title":null,"description":null,"keywords":null,"keyphrases":null,"primary_term":null,"canonical_url":null,"og_title":null,"og_description":null,"og_object_type":"default","og_image_type":"default","og_image_url":null,"og_image_width":null,"og_image_height":null,"og_image_custom_url":null,"og_image_custom_fields":null,"og_video":null,"og_custom_url":null,"og_article_section":null,"og_article_tags":null,"twitter_use_og":false,"twitter_card":"default","twitter_image_type":"default","twitter_image_url":null,"twitter_image_custom_url":null,"twitter_image_custom_fields":null,"twitter_title":null,"twitter_description":null,"schema":{"blockGraphs":[],"customGraphs":[],"default":{"data":{"Article":[],"Course":[],"Dataset":[],"FAQPage":[],"Movie":[],"Person":[],"Product":[],"ProductReview":[],"Car":[],"Recipe":[],"Service":[],"SoftwareApplication":[],"WebPage":[]},"graphName":"","isEnabled":true},"graphs":[],"defaultGraph":"","defaultPostTypeGraph":""},"schema_type":null,"schema_type_options":null,"pillar_content":false,"robots_default":true,"robots_noindex":false,"robots_noarchive":false,"robots_nosnippet":false,"robots_nofollow":false,"robots_noimageindex":false,"robots_noodp":false,"robots_notranslate":false,"robots_max_snippet":null,"robots_max_videopreview":null,"robots_max_imagepreview":"large","priority":null,"frequency":null,"local_seo":null,"seo_analyzer_scan_date":"2025-11-30 15:57:16","breadcrumb_settings":null,"limit_modified_date":false,"open_ai":null,"ai":null,"created":"2020-12-21 14:00:13","updated":"2025-11-30 15:57:16"},"aioseo_breadcrumb":"<div class=\"aioseo-breadcrumbs\"><span class=\"aioseo-breadcrumb\">\n\t<a href=\"https:\/\/www.eldigitaldeasturias.com\/noticias\" title=\"Home\">Home<\/a>\n<\/span><span class=\"aioseo-breadcrumb-separator\">\u2013<\/span><span class=\"aioseo-breadcrumb\">\n\t<a href=\"https:\/\/www.eldigitaldeasturias.com\/noticias\/category\/actualidad\/\" title=\"Actualidad\">Actualidad<\/a>\n<\/span><span class=\"aioseo-breadcrumb-separator\">\u2013<\/span><span class=\"aioseo-breadcrumb\">\n\t<a href=\"https:\/\/www.eldigitaldeasturias.com\/noticias\/novena-edicion-de-madrid-corre-por-madrid\/\" title=\"Novena edici\u00f3n de \u00abMadrid corre por Madrid\u00bb\">Novena edici\u00f3n de \u00abMadrid corre por Madrid\u00bb<\/a>\n<\/span><\/div>","aioseo_breadcrumb_json":[{"label":"Home","link":"https:\/\/www.eldigitaldeasturias.com\/noticias"},{"label":"Actualidad","link":"https:\/\/www.eldigitaldeasturias.com\/noticias\/category\/actualidad\/"},{"label":"Novena edici\u00f3n de \u00abMadrid corre por Madrid\u00bb","link":"https:\/\/www.eldigitaldeasturias.com\/noticias\/novena-edicion-de-madrid-corre-por-madrid\/"}],"_links":{"self":[{"href":"https:\/\/www.eldigitaldeasturias.com\/noticias\/wp-json\/wp\/v2\/posts\/908386","targetHints":{"allow":["GET"]}}],"collection":[{"href":"https:\/\/www.eldigitaldeasturias.com\/noticias\/wp-json\/wp\/v2\/posts"}],"about":[{"href":"https:\/\/www.eldigitaldeasturias.com\/noticias\/wp-json\/wp\/v2\/types\/post"}],"author":[{"embeddable":true,"href":"https:\/\/www.eldigitaldeasturias.com\/noticias\/wp-json\/wp\/v2\/users\/1"}],"replies":[{"embeddable":true,"href":"https:\/\/www.eldigitaldeasturias.com\/noticias\/wp-json\/wp\/v2\/comments?post=908386"}],"version-history":[{"count":0,"href":"https:\/\/www.eldigitaldeasturias.com\/noticias\/wp-json\/wp\/v2\/posts\/908386\/revisions"}],"wp:featuredmedia":[{"embeddable":true,"href":"https:\/\/www.eldigitaldeasturias.com\/noticias\/wp-json\/wp\/v2\/media\/908387"}],"wp:attachment":[{"href":"https:\/\/www.eldigitaldeasturias.com\/noticias\/wp-json\/wp\/v2\/media?parent=908386"}],"wp:term":[{"taxonomy":"category","embeddable":true,"href":"https:\/\/www.eldigitaldeasturias.com\/noticias\/wp-json\/wp\/v2\/categories?post=908386"},{"taxonomy":"post_tag","embeddable":true,"href":"https:\/\/www.eldigitaldeasturias.com\/noticias\/wp-json\/wp\/v2\/tags?post=908386"}],"curies":[{"name":"wp","href":"https:\/\/api.w.org\/{rel}","templated":true}]}}