{"id":908384,"date":"2016-09-18T17:00:46","date_gmt":"2016-09-18T16:00:46","guid":{"rendered":"http:\/\/www.eldigitaldeasturias.com\/noticias\/?p=908384"},"modified":"2016-09-18T17:00:46","modified_gmt":"2016-09-18T16:00:46","slug":"recaten-a-una-persona-atrapada-na-sablera-llanisca-de-palombina","status":"publish","type":"post","link":"https:\/\/www.eldigitaldeasturias.com\/noticias\/recaten-a-una-persona-atrapada-na-sablera-llanisca-de-palombina\/","title":{"rendered":"Recaten a una persona atrapada na sablera llanisca de Palombina"},"content":{"rendered":"<p><img loading=\"lazy\" decoding=\"async\" class=\"alignleft size-medium wp-image-908382\" src=\"https:\/\/www.eldigitaldeasturias.com\/noticias\/wp-content\/uploads\/2016\/09\/2016.09.18-RESCATE-MARITIMO-EN-LLANES-1-360x216.jpg\" alt=\"2016.09.18 RESCATE MARITIMO EN LLANES 1\" width=\"360\" height=\"216\" srcset=\"https:\/\/www.eldigitaldeasturias.com\/noticias\/wp-content\/uploads\/2016\/09\/2016.09.18-RESCATE-MARITIMO-EN-LLANES-1-360x216.jpg 360w, https:\/\/www.eldigitaldeasturias.com\/noticias\/wp-content\/uploads\/2016\/09\/2016.09.18-RESCATE-MARITIMO-EN-LLANES-1-768x461.jpg 768w, https:\/\/www.eldigitaldeasturias.com\/noticias\/wp-content\/uploads\/2016\/09\/2016.09.18-RESCATE-MARITIMO-EN-LLANES-1-650x390.jpg 650w, https:\/\/www.eldigitaldeasturias.com\/noticias\/wp-content\/uploads\/2016\/09\/2016.09.18-RESCATE-MARITIMO-EN-LLANES-1.jpg 1600w\" sizes=\"auto, (max-width: 360px) 100vw, 360px\" \/>Efectivos de Bomberos del Serviciu d&#8217;Emerxencies del Princip\u00e1u d&#8217;Asturies (SEPA), con base nel parque de Llanes y el Grupu de Rescate, col helic\u00f3pteru medicalizado del organismu aut\u00f3nomu, rescataron a una persona que qued\u00f3 atrapada nuna roca na sablera llanisca de Palombina.<\/p>\n<p>L&#8217;afect\u00e1u, un var\u00f3n, de 80 a\u00f1o edad, foi sacup\u00e1u al Hospital de Les Arriondes con s\u00edntomes de hipotermia. Seg\u00fan datos facilitaos pol Serviciu d&#8217;Atenci\u00f3n M\u00e9dica Urxente (SAMU), por cuenta de m\u00e1s pruebes y hasta nueva valoraci\u00f3n m\u00e9dica, el so pron\u00f3sticu ye reserv\u00e1u.<\/p>\n<p>El Centru de Coordinaci\u00f3n d&#8217;Emerxencies recibi\u00f3 l&#8217;avisu a les 12.16 hores. Na llamada, realizada por un particular, se\u00f1alaba que taba viendo a cuatro persones nuna roca nel cit\u00e1u arenal. Paec\u00eda que ten\u00eden problemes pa salir porque la corriente llevar fa\u00eda dientro.<\/p>\n<p>La Sala 112 del SEPA moviliz\u00f3, per tierra, una dotaci\u00f3n de bomberos con base nel parque de Llanes y paralelamente activ\u00f3 l&#8217;helic\u00f3pteru medicalizado del SEPA col Grupu de Rescate del que forma parte un m\u00e9dicu-rescatador. Tami\u00e9n se comunic\u00f3 lo asoced\u00edo a Salvamentu Mar\u00edtimu, a la Guardia Civil, a la Polic\u00eda Local y al SAMU.<\/p>\n<p>A les 12.42 hores los bomberos mov\u00edos per tierra indiquen que tr\u00e9s de les persones que s&#8217;atopaben na zona yeren unos surfistas que taben intent\u00e1u ayudar a sacupar al \u00fanicu atrap\u00e1u. Parte de la dotaci\u00f3n, dos bomberos, forn\u00edos con traxes de neoprenu, apuerten hasta la zona onde s&#8217;atopa l&#8217;afect\u00e1u que presenta s\u00edntomes de hipotermia. Dende tierra los otros bomberos f\u00e1en-yos llegar un cobertor mientres llega a la zona&#8217;l Grupu de Rescate col helic\u00f3pteru medicalizado. D\u00e1u l&#8217;est\u00e1u nel que s&#8217;atopa&#8217;l manc\u00e1u consideren que ye la meyor opci\u00f3n pa la so evacuaci\u00f3n.<\/p>\n<p>L&#8217;home foi rescat\u00e1u por aciu una operaci\u00f3n de gr\u00faa cola aeronave del SEPA que lo tresllad\u00f3 al aparcamientu de Borizu onde&#8217;l SAMU unviara l&#8217;equipu d&#8217;Atenci\u00f3n Primaria de Llanes cola ambulancia de soporte vital b\u00e1sicu del llugar. En siendo estabiliz\u00e1u foi sacup\u00e1u na aeronave al hospital.<\/p>\n<p>Rematada la intervenci\u00f3n los efectivos de Bomberos del SEPA tornaron a les sos respectives bases. La dotaci\u00f3n movida dende&#8217;l parque llaniscu lleg\u00f3 a parque a les 13.48 hores y el Grupu de Rescate col helic\u00f3pteru a les 14.19 hores.<\/p>\n<p>&nbsp;<\/p>\n<p>&nbsp;<\/p>\n","protected":false},"excerpt":{"rendered":"<p>Efectivos de Bomberos del Serviciu d&#8217;Emerxencies del Princip\u00e1u d&#8217;Asturies (SEPA), con base nel parque de Llanes y el Grupu de Rescate, col helic\u00f3pteru medicalizado del organismu aut\u00f3nomu, rescataron a una persona que qued\u00f3 atrapada nuna roca na sablera llanisca de Palombina. L&#8217;afect\u00e1u, un var\u00f3n, de 80 a\u00f1o edad, foi sacup\u00e1u al Hospital de Les Arriondes [&hellip;]<\/p>\n","protected":false},"author":1,"featured_media":908382,"comment_status":"closed","ping_status":"closed","sticky":false,"template":"","format":"standard","meta":{"footnotes":""},"categories":[12],"tags":[],"class_list":["post-908384","post","type-post","status-publish","format-standard","has-post-thumbnail","hentry","category-actualidad-asturias"],"aioseo_notices":[],"aioseo_head":"\n\t\t<!-- All in One SEO Pro 4.9.6.2 - aioseo.com -->\n\t<meta name=\"description\" content=\"Efectivos de Bomberos del Serviciu d&#039;Emerxencies del Princip\u00e1u d&#039;Asturies (SEPA), con base nel parque de Llanes y el Grupu de Rescate, col helic\u00f3pteru medicalizado del organismu aut\u00f3nomu, rescataron a una persona que qued\u00f3 atrapada nuna roca na sablera llanisca de Palombina. L&#039;afect\u00e1u, un var\u00f3n, de 80 a\u00f1o edad, foi sacup\u00e1u al Hospital de Les Arriondes\" \/>\n\t<meta name=\"robots\" content=\"max-image-preview:large\" \/>\n\t<meta name=\"author\" content=\"El Digital de Asturias\"\/>\n\t<meta name=\"google-site-verification\" content=\"UA-38556648-1\" \/>\n\t<meta name=\"msvalidate.01\" content=\"7dfe9f3f1b24437ab69f4f2559babe99\" \/>\n\t<meta name=\"keywords\" content=\"actualidad asturias\" \/>\n\t<link rel=\"canonical\" href=\"https:\/\/www.eldigitaldeasturias.com\/noticias\/recaten-a-una-persona-atrapada-na-sablera-llanisca-de-palombina\/\" \/>\n\t<meta name=\"generator\" content=\"All in One SEO Pro (AIOSEO) 4.9.6.2\" \/>\n\t\t<meta property=\"og:locale\" content=\"es_ES\" \/>\n\t\t<meta property=\"og:site_name\" content=\"El Digital de Asturias\" \/>\n\t\t<meta property=\"og:type\" content=\"article\" \/>\n\t\t<meta property=\"og:title\" content=\"Recaten a una persona atrapada na sablera llanisca de Palombina - El Digital de Asturias\" \/>\n\t\t<meta property=\"og:description\" content=\"Efectivos de Bomberos del Serviciu d&#039;Emerxencies del Princip\u00e1u d&#039;Asturies (SEPA), con base nel parque de Llanes y el Grupu de Rescate, col helic\u00f3pteru medicalizado del organismu aut\u00f3nomu, rescataron a una persona que qued\u00f3 atrapada nuna roca na sablera llanisca de Palombina. L&#039;afect\u00e1u, un var\u00f3n, de 80 a\u00f1o edad, foi sacup\u00e1u al Hospital de Les Arriondes\" \/>\n\t\t<meta property=\"og:url\" content=\"https:\/\/www.eldigitaldeasturias.com\/noticias\/recaten-a-una-persona-atrapada-na-sablera-llanisca-de-palombina\/\" \/>\n\t\t<meta property=\"og:image\" content=\"https:\/\/www.eldigitaldeasturias.com\/noticias\/wp-content\/uploads\/2016\/09\/2016.09.18-RESCATE-MARITIMO-EN-LLANES-1.jpg\" \/>\n\t\t<meta property=\"og:image:secure_url\" content=\"https:\/\/www.eldigitaldeasturias.com\/noticias\/wp-content\/uploads\/2016\/09\/2016.09.18-RESCATE-MARITIMO-EN-LLANES-1.jpg\" \/>\n\t\t<meta property=\"og:image:width\" content=\"1600\" \/>\n\t\t<meta property=\"og:image:height\" content=\"960\" \/>\n\t\t<meta property=\"article:tag\" content=\"actualidad asturias\" \/>\n\t\t<meta property=\"article:published_time\" content=\"2016-09-18T16:00:46+00:00\" \/>\n\t\t<meta property=\"article:modified_time\" content=\"2016-09-18T16:00:46+00:00\" \/>\n\t\t<meta property=\"article:publisher\" content=\"https:\/\/facebook.com\/eldigitaldeasturias\" \/>\n\t\t<meta name=\"twitter:card\" content=\"summary_large_image\" \/>\n\t\t<meta name=\"twitter:title\" content=\"Recaten a una persona atrapada na sablera llanisca de Palombina - El Digital de Asturias\" \/>\n\t\t<meta name=\"twitter:description\" content=\"Efectivos de Bomberos del Serviciu d&#039;Emerxencies del Princip\u00e1u d&#039;Asturies (SEPA), con base nel parque de Llanes y el Grupu de Rescate, col helic\u00f3pteru medicalizado del organismu aut\u00f3nomu, rescataron a una persona que qued\u00f3 atrapada nuna roca na sablera llanisca de Palombina. L&#039;afect\u00e1u, un var\u00f3n, de 80 a\u00f1o edad, foi sacup\u00e1u al Hospital de Les Arriondes\" \/>\n\t\t<meta name=\"twitter:image\" content=\"https:\/\/www.eldigitaldeasturias.com\/noticias\/wp-content\/uploads\/2016\/09\/2016.09.18-RESCATE-MARITIMO-EN-LLANES-1.jpg\" \/>\n\t\t<meta name=\"twitter:label1\" content=\"Escrito por\" \/>\n\t\t<meta name=\"twitter:data1\" content=\"El Digital de Asturias\" \/>\n\t\t<meta name=\"twitter:label2\" content=\"Tiempo de lectura estimado\" \/>\n\t\t<meta name=\"twitter:data2\" content=\"2 minutos\" \/>\n\t\t<script type=\"application\/ld+json\" class=\"aioseo-schema\">\n\t\t\t{\"@context\":\"https:\\\/\\\/schema.org\",\"@graph\":[{\"@type\":\"BlogPosting\",\"@id\":\"https:\\\/\\\/www.eldigitaldeasturias.com\\\/noticias\\\/recaten-a-una-persona-atrapada-na-sablera-llanisca-de-palombina\\\/#blogposting\",\"name\":\"Recaten a una persona atrapada na sablera llanisca de Palombina - El Digital de Asturias\",\"headline\":\"Recaten a una persona atrapada na sablera llanisca de Palombina\",\"author\":{\"@id\":\"https:\\\/\\\/www.eldigitaldeasturias.com\\\/noticias\\\/author\\\/admin\\\/#author\"},\"publisher\":{\"@id\":\"https:\\\/\\\/www.eldigitaldeasturias.com\\\/noticias\\\/#organization\"},\"image\":{\"@type\":\"ImageObject\",\"url\":\"https:\\\/\\\/www.eldigitaldeasturias.com\\\/noticias\\\/wp-content\\\/uploads\\\/2016\\\/09\\\/2016.09.18-RESCATE-MARITIMO-EN-LLANES-1.jpg\",\"width\":1600,\"height\":960},\"datePublished\":\"2016-09-18T17:00:46+02:00\",\"dateModified\":\"2016-09-18T17:00:46+02:00\",\"inLanguage\":\"es-ES\",\"mainEntityOfPage\":{\"@id\":\"https:\\\/\\\/www.eldigitaldeasturias.com\\\/noticias\\\/recaten-a-una-persona-atrapada-na-sablera-llanisca-de-palombina\\\/#webpage\"},\"isPartOf\":{\"@id\":\"https:\\\/\\\/www.eldigitaldeasturias.com\\\/noticias\\\/recaten-a-una-persona-atrapada-na-sablera-llanisca-de-palombina\\\/#webpage\"},\"articleSection\":\"Actualidad Asturias\"},{\"@type\":\"BreadcrumbList\",\"@id\":\"https:\\\/\\\/www.eldigitaldeasturias.com\\\/noticias\\\/recaten-a-una-persona-atrapada-na-sablera-llanisca-de-palombina\\\/#breadcrumblist\",\"itemListElement\":[{\"@type\":\"ListItem\",\"@id\":\"https:\\\/\\\/www.eldigitaldeasturias.com\\\/noticias#listItem\",\"position\":1,\"name\":\"Home\",\"item\":\"https:\\\/\\\/www.eldigitaldeasturias.com\\\/noticias\",\"nextItem\":{\"@type\":\"ListItem\",\"@id\":\"https:\\\/\\\/www.eldigitaldeasturias.com\\\/noticias\\\/category\\\/actualidad-asturias\\\/#listItem\",\"name\":\"Actualidad Asturias\"}},{\"@type\":\"ListItem\",\"@id\":\"https:\\\/\\\/www.eldigitaldeasturias.com\\\/noticias\\\/category\\\/actualidad-asturias\\\/#listItem\",\"position\":2,\"name\":\"Actualidad Asturias\",\"item\":\"https:\\\/\\\/www.eldigitaldeasturias.com\\\/noticias\\\/category\\\/actualidad-asturias\\\/\",\"nextItem\":{\"@type\":\"ListItem\",\"@id\":\"https:\\\/\\\/www.eldigitaldeasturias.com\\\/noticias\\\/recaten-a-una-persona-atrapada-na-sablera-llanisca-de-palombina\\\/#listItem\",\"name\":\"Recaten a una persona atrapada na sablera llanisca de Palombina\"},\"previousItem\":{\"@type\":\"ListItem\",\"@id\":\"https:\\\/\\\/www.eldigitaldeasturias.com\\\/noticias#listItem\",\"name\":\"Home\"}},{\"@type\":\"ListItem\",\"@id\":\"https:\\\/\\\/www.eldigitaldeasturias.com\\\/noticias\\\/recaten-a-una-persona-atrapada-na-sablera-llanisca-de-palombina\\\/#listItem\",\"position\":3,\"name\":\"Recaten a una persona atrapada na sablera llanisca de Palombina\",\"previousItem\":{\"@type\":\"ListItem\",\"@id\":\"https:\\\/\\\/www.eldigitaldeasturias.com\\\/noticias\\\/category\\\/actualidad-asturias\\\/#listItem\",\"name\":\"Actualidad Asturias\"}}]},{\"@type\":\"Organization\",\"@id\":\"https:\\\/\\\/www.eldigitaldeasturias.com\\\/noticias\\\/#organization\",\"name\":\"El Digital de Asturias\",\"description\":\"Hemeroteca\",\"url\":\"https:\\\/\\\/www.eldigitaldeasturias.com\\\/noticias\\\/\",\"email\":\"info@eldigitaldeasturias.com\",\"telephone\":\"+34652131393\",\"logo\":{\"@type\":\"ImageObject\",\"url\":\"https:\\\/\\\/www.eldigitaldeasturias.com\\\/noticias\\\/wp-content\\\/uploads\\\/2020\\\/12\\\/EDA.jpg\",\"@id\":\"https:\\\/\\\/www.eldigitaldeasturias.com\\\/noticias\\\/recaten-a-una-persona-atrapada-na-sablera-llanisca-de-palombina\\\/#organizationLogo\",\"width\":649,\"height\":297},\"image\":{\"@id\":\"https:\\\/\\\/www.eldigitaldeasturias.com\\\/noticias\\\/recaten-a-una-persona-atrapada-na-sablera-llanisca-de-palombina\\\/#organizationLogo\"},\"sameAs\":[\"https:\\\/\\\/facebook.com\\\/eldigitaldeasturias\",\"https:\\\/\\\/www.youtube.com\\\/channel\\\/UCZP-2wLEB9Rv6erhFmqVnvg\"],\"address\":{\"@id\":\"https:\\\/\\\/www.eldigitaldeasturias.com\\\/noticias\\\/#postaladdress\",\"@type\":\"PostalAddress\",\"streetAddress\":\"san antonio 4,\",\"postalCode\":\"33430\",\"addressLocality\":\"Cand\\u00e1s\",\"addressRegion\":\"Asturias\",\"addressCountry\":\"ES\"}},{\"@type\":\"Person\",\"@id\":\"https:\\\/\\\/www.eldigitaldeasturias.com\\\/noticias\\\/author\\\/admin\\\/#author\",\"url\":\"https:\\\/\\\/www.eldigitaldeasturias.com\\\/noticias\\\/author\\\/admin\\\/\",\"name\":\"El Digital de Asturias\",\"image\":{\"@type\":\"ImageObject\",\"@id\":\"https:\\\/\\\/www.eldigitaldeasturias.com\\\/noticias\\\/recaten-a-una-persona-atrapada-na-sablera-llanisca-de-palombina\\\/#authorImage\",\"url\":\"https:\\\/\\\/www.eldigitaldeasturias.com\\\/noticias\\\/wp-content\\\/litespeed\\\/avatar\\\/18677e78aa0546b92d9dbf31ec7d7668.jpg?ver=1777290358\",\"width\":96,\"height\":96,\"caption\":\"El Digital de Asturias\"}},{\"@type\":\"WebPage\",\"@id\":\"https:\\\/\\\/www.eldigitaldeasturias.com\\\/noticias\\\/recaten-a-una-persona-atrapada-na-sablera-llanisca-de-palombina\\\/#webpage\",\"url\":\"https:\\\/\\\/www.eldigitaldeasturias.com\\\/noticias\\\/recaten-a-una-persona-atrapada-na-sablera-llanisca-de-palombina\\\/\",\"name\":\"Recaten a una persona atrapada na sablera llanisca de Palombina - El Digital de Asturias\",\"description\":\"Efectivos de Bomberos del Serviciu d'Emerxencies del Princip\\u00e1u d'Asturies (SEPA), con base nel parque de Llanes y el Grupu de Rescate, col helic\\u00f3pteru medicalizado del organismu aut\\u00f3nomu, rescataron a una persona que qued\\u00f3 atrapada nuna roca na sablera llanisca de Palombina. L'afect\\u00e1u, un var\\u00f3n, de 80 a\\u00f1o edad, foi sacup\\u00e1u al Hospital de Les Arriondes\",\"inLanguage\":\"es-ES\",\"isPartOf\":{\"@id\":\"https:\\\/\\\/www.eldigitaldeasturias.com\\\/noticias\\\/#website\"},\"breadcrumb\":{\"@id\":\"https:\\\/\\\/www.eldigitaldeasturias.com\\\/noticias\\\/recaten-a-una-persona-atrapada-na-sablera-llanisca-de-palombina\\\/#breadcrumblist\"},\"author\":{\"@id\":\"https:\\\/\\\/www.eldigitaldeasturias.com\\\/noticias\\\/author\\\/admin\\\/#author\"},\"creator\":{\"@id\":\"https:\\\/\\\/www.eldigitaldeasturias.com\\\/noticias\\\/author\\\/admin\\\/#author\"},\"image\":{\"@type\":\"ImageObject\",\"url\":\"https:\\\/\\\/www.eldigitaldeasturias.com\\\/noticias\\\/wp-content\\\/uploads\\\/2016\\\/09\\\/2016.09.18-RESCATE-MARITIMO-EN-LLANES-1.jpg\",\"@id\":\"https:\\\/\\\/www.eldigitaldeasturias.com\\\/noticias\\\/recaten-a-una-persona-atrapada-na-sablera-llanisca-de-palombina\\\/#mainImage\",\"width\":1600,\"height\":960},\"primaryImageOfPage\":{\"@id\":\"https:\\\/\\\/www.eldigitaldeasturias.com\\\/noticias\\\/recaten-a-una-persona-atrapada-na-sablera-llanisca-de-palombina\\\/#mainImage\"},\"datePublished\":\"2016-09-18T17:00:46+02:00\",\"dateModified\":\"2016-09-18T17:00:46+02:00\"},{\"@type\":\"WebSite\",\"@id\":\"https:\\\/\\\/www.eldigitaldeasturias.com\\\/noticias\\\/#website\",\"url\":\"https:\\\/\\\/www.eldigitaldeasturias.com\\\/noticias\\\/\",\"name\":\"El Digital de Asturias - Diario de actualidad y noticias\",\"alternateName\":\"El Digital de Asturias - Diario de actualidad y noticias\",\"description\":\"Hemeroteca\",\"inLanguage\":\"es-ES\",\"publisher\":{\"@id\":\"https:\\\/\\\/www.eldigitaldeasturias.com\\\/noticias\\\/#organization\"}}]}\n\t\t<\/script>\n\t\t<!-- All in One SEO Pro -->\r\n\t\t<title>Recaten a una persona atrapada na sablera llanisca de Palombina - El Digital de Asturias<\/title>\n\n","aioseo_head_json":{"title":"Recaten a una persona atrapada na sablera llanisca de Palombina - El Digital de Asturias","description":"Efectivos de Bomberos del Serviciu d'Emerxencies del Princip\u00e1u d'Asturies (SEPA), con base nel parque de Llanes y el Grupu de Rescate, col helic\u00f3pteru medicalizado del organismu aut\u00f3nomu, rescataron a una persona que qued\u00f3 atrapada nuna roca na sablera llanisca de Palombina. L'afect\u00e1u, un var\u00f3n, de 80 a\u00f1o edad, foi sacup\u00e1u al Hospital de Les Arriondes","canonical_url":"https:\/\/www.eldigitaldeasturias.com\/noticias\/recaten-a-una-persona-atrapada-na-sablera-llanisca-de-palombina\/","robots":"max-image-preview:large","keywords":"actualidad asturias","webmasterTools":{"google-site-verification":"UA-38556648-1","msvalidate.01":"7dfe9f3f1b24437ab69f4f2559babe99","miscellaneous":""},"schema":{"@context":"https:\/\/schema.org","@graph":[{"@type":"BlogPosting","@id":"https:\/\/www.eldigitaldeasturias.com\/noticias\/recaten-a-una-persona-atrapada-na-sablera-llanisca-de-palombina\/#blogposting","name":"Recaten a una persona atrapada na sablera llanisca de Palombina - El Digital de Asturias","headline":"Recaten a una persona atrapada na sablera llanisca de Palombina","author":{"@id":"https:\/\/www.eldigitaldeasturias.com\/noticias\/author\/admin\/#author"},"publisher":{"@id":"https:\/\/www.eldigitaldeasturias.com\/noticias\/#organization"},"image":{"@type":"ImageObject","url":"https:\/\/www.eldigitaldeasturias.com\/noticias\/wp-content\/uploads\/2016\/09\/2016.09.18-RESCATE-MARITIMO-EN-LLANES-1.jpg","width":1600,"height":960},"datePublished":"2016-09-18T17:00:46+02:00","dateModified":"2016-09-18T17:00:46+02:00","inLanguage":"es-ES","mainEntityOfPage":{"@id":"https:\/\/www.eldigitaldeasturias.com\/noticias\/recaten-a-una-persona-atrapada-na-sablera-llanisca-de-palombina\/#webpage"},"isPartOf":{"@id":"https:\/\/www.eldigitaldeasturias.com\/noticias\/recaten-a-una-persona-atrapada-na-sablera-llanisca-de-palombina\/#webpage"},"articleSection":"Actualidad Asturias"},{"@type":"BreadcrumbList","@id":"https:\/\/www.eldigitaldeasturias.com\/noticias\/recaten-a-una-persona-atrapada-na-sablera-llanisca-de-palombina\/#breadcrumblist","itemListElement":[{"@type":"ListItem","@id":"https:\/\/www.eldigitaldeasturias.com\/noticias#listItem","position":1,"name":"Home","item":"https:\/\/www.eldigitaldeasturias.com\/noticias","nextItem":{"@type":"ListItem","@id":"https:\/\/www.eldigitaldeasturias.com\/noticias\/category\/actualidad-asturias\/#listItem","name":"Actualidad Asturias"}},{"@type":"ListItem","@id":"https:\/\/www.eldigitaldeasturias.com\/noticias\/category\/actualidad-asturias\/#listItem","position":2,"name":"Actualidad Asturias","item":"https:\/\/www.eldigitaldeasturias.com\/noticias\/category\/actualidad-asturias\/","nextItem":{"@type":"ListItem","@id":"https:\/\/www.eldigitaldeasturias.com\/noticias\/recaten-a-una-persona-atrapada-na-sablera-llanisca-de-palombina\/#listItem","name":"Recaten a una persona atrapada na sablera llanisca de Palombina"},"previousItem":{"@type":"ListItem","@id":"https:\/\/www.eldigitaldeasturias.com\/noticias#listItem","name":"Home"}},{"@type":"ListItem","@id":"https:\/\/www.eldigitaldeasturias.com\/noticias\/recaten-a-una-persona-atrapada-na-sablera-llanisca-de-palombina\/#listItem","position":3,"name":"Recaten a una persona atrapada na sablera llanisca de Palombina","previousItem":{"@type":"ListItem","@id":"https:\/\/www.eldigitaldeasturias.com\/noticias\/category\/actualidad-asturias\/#listItem","name":"Actualidad Asturias"}}]},{"@type":"Organization","@id":"https:\/\/www.eldigitaldeasturias.com\/noticias\/#organization","name":"El Digital de Asturias","description":"Hemeroteca","url":"https:\/\/www.eldigitaldeasturias.com\/noticias\/","email":"info@eldigitaldeasturias.com","telephone":"+34652131393","logo":{"@type":"ImageObject","url":"https:\/\/www.eldigitaldeasturias.com\/noticias\/wp-content\/uploads\/2020\/12\/EDA.jpg","@id":"https:\/\/www.eldigitaldeasturias.com\/noticias\/recaten-a-una-persona-atrapada-na-sablera-llanisca-de-palombina\/#organizationLogo","width":649,"height":297},"image":{"@id":"https:\/\/www.eldigitaldeasturias.com\/noticias\/recaten-a-una-persona-atrapada-na-sablera-llanisca-de-palombina\/#organizationLogo"},"sameAs":["https:\/\/facebook.com\/eldigitaldeasturias","https:\/\/www.youtube.com\/channel\/UCZP-2wLEB9Rv6erhFmqVnvg"],"address":{"@id":"https:\/\/www.eldigitaldeasturias.com\/noticias\/#postaladdress","@type":"PostalAddress","streetAddress":"san antonio 4,","postalCode":"33430","addressLocality":"Cand\u00e1s","addressRegion":"Asturias","addressCountry":"ES"}},{"@type":"Person","@id":"https:\/\/www.eldigitaldeasturias.com\/noticias\/author\/admin\/#author","url":"https:\/\/www.eldigitaldeasturias.com\/noticias\/author\/admin\/","name":"El Digital de Asturias","image":{"@type":"ImageObject","@id":"https:\/\/www.eldigitaldeasturias.com\/noticias\/recaten-a-una-persona-atrapada-na-sablera-llanisca-de-palombina\/#authorImage","url":"https:\/\/www.eldigitaldeasturias.com\/noticias\/wp-content\/litespeed\/avatar\/18677e78aa0546b92d9dbf31ec7d7668.jpg?ver=1777290358","width":96,"height":96,"caption":"El Digital de Asturias"}},{"@type":"WebPage","@id":"https:\/\/www.eldigitaldeasturias.com\/noticias\/recaten-a-una-persona-atrapada-na-sablera-llanisca-de-palombina\/#webpage","url":"https:\/\/www.eldigitaldeasturias.com\/noticias\/recaten-a-una-persona-atrapada-na-sablera-llanisca-de-palombina\/","name":"Recaten a una persona atrapada na sablera llanisca de Palombina - El Digital de Asturias","description":"Efectivos de Bomberos del Serviciu d'Emerxencies del Princip\u00e1u d'Asturies (SEPA), con base nel parque de Llanes y el Grupu de Rescate, col helic\u00f3pteru medicalizado del organismu aut\u00f3nomu, rescataron a una persona que qued\u00f3 atrapada nuna roca na sablera llanisca de Palombina. L'afect\u00e1u, un var\u00f3n, de 80 a\u00f1o edad, foi sacup\u00e1u al Hospital de Les Arriondes","inLanguage":"es-ES","isPartOf":{"@id":"https:\/\/www.eldigitaldeasturias.com\/noticias\/#website"},"breadcrumb":{"@id":"https:\/\/www.eldigitaldeasturias.com\/noticias\/recaten-a-una-persona-atrapada-na-sablera-llanisca-de-palombina\/#breadcrumblist"},"author":{"@id":"https:\/\/www.eldigitaldeasturias.com\/noticias\/author\/admin\/#author"},"creator":{"@id":"https:\/\/www.eldigitaldeasturias.com\/noticias\/author\/admin\/#author"},"image":{"@type":"ImageObject","url":"https:\/\/www.eldigitaldeasturias.com\/noticias\/wp-content\/uploads\/2016\/09\/2016.09.18-RESCATE-MARITIMO-EN-LLANES-1.jpg","@id":"https:\/\/www.eldigitaldeasturias.com\/noticias\/recaten-a-una-persona-atrapada-na-sablera-llanisca-de-palombina\/#mainImage","width":1600,"height":960},"primaryImageOfPage":{"@id":"https:\/\/www.eldigitaldeasturias.com\/noticias\/recaten-a-una-persona-atrapada-na-sablera-llanisca-de-palombina\/#mainImage"},"datePublished":"2016-09-18T17:00:46+02:00","dateModified":"2016-09-18T17:00:46+02:00"},{"@type":"WebSite","@id":"https:\/\/www.eldigitaldeasturias.com\/noticias\/#website","url":"https:\/\/www.eldigitaldeasturias.com\/noticias\/","name":"El Digital de Asturias - Diario de actualidad y noticias","alternateName":"El Digital de Asturias - Diario de actualidad y noticias","description":"Hemeroteca","inLanguage":"es-ES","publisher":{"@id":"https:\/\/www.eldigitaldeasturias.com\/noticias\/#organization"}}]},"og:locale":"es_ES","og:site_name":"El Digital de Asturias","og:type":"article","og:title":"Recaten a una persona atrapada na sablera llanisca de Palombina - El Digital de Asturias","og:description":"Efectivos de Bomberos del Serviciu d'Emerxencies del Princip\u00e1u d'Asturies (SEPA), con base nel parque de Llanes y el Grupu de Rescate, col helic\u00f3pteru medicalizado del organismu aut\u00f3nomu, rescataron a una persona que qued\u00f3 atrapada nuna roca na sablera llanisca de Palombina. L'afect\u00e1u, un var\u00f3n, de 80 a\u00f1o edad, foi sacup\u00e1u al Hospital de Les Arriondes","og:url":"https:\/\/www.eldigitaldeasturias.com\/noticias\/recaten-a-una-persona-atrapada-na-sablera-llanisca-de-palombina\/","og:image":"https:\/\/www.eldigitaldeasturias.com\/noticias\/wp-content\/uploads\/2016\/09\/2016.09.18-RESCATE-MARITIMO-EN-LLANES-1.jpg","og:image:secure_url":"https:\/\/www.eldigitaldeasturias.com\/noticias\/wp-content\/uploads\/2016\/09\/2016.09.18-RESCATE-MARITIMO-EN-LLANES-1.jpg","og:image:width":1600,"og:image:height":960,"article:tag":["actualidad asturias"],"article:published_time":"2016-09-18T16:00:46+00:00","article:modified_time":"2016-09-18T16:00:46+00:00","article:publisher":"https:\/\/facebook.com\/eldigitaldeasturias","twitter:card":"summary_large_image","twitter:title":"Recaten a una persona atrapada na sablera llanisca de Palombina - El Digital de Asturias","twitter:description":"Efectivos de Bomberos del Serviciu d'Emerxencies del Princip\u00e1u d'Asturies (SEPA), con base nel parque de Llanes y el Grupu de Rescate, col helic\u00f3pteru medicalizado del organismu aut\u00f3nomu, rescataron a una persona que qued\u00f3 atrapada nuna roca na sablera llanisca de Palombina. L'afect\u00e1u, un var\u00f3n, de 80 a\u00f1o edad, foi sacup\u00e1u al Hospital de Les Arriondes","twitter:image":"https:\/\/www.eldigitaldeasturias.com\/noticias\/wp-content\/uploads\/2016\/09\/2016.09.18-RESCATE-MARITIMO-EN-LLANES-1.jpg","twitter:label1":"Escrito por","twitter:data1":"El Digital de Asturias","twitter:label2":"Tiempo de lectura estimado","twitter:data2":"2 minutos"},"aioseo_meta_data":{"post_id":"908384","title":null,"description":null,"keywords":null,"keyphrases":null,"primary_term":null,"canonical_url":null,"og_title":null,"og_description":null,"og_object_type":"default","og_image_type":"default","og_image_url":null,"og_image_width":null,"og_image_height":null,"og_image_custom_url":null,"og_image_custom_fields":null,"og_video":null,"og_custom_url":null,"og_article_section":null,"og_article_tags":null,"twitter_use_og":false,"twitter_card":"default","twitter_image_type":"default","twitter_image_url":null,"twitter_image_custom_url":null,"twitter_image_custom_fields":null,"twitter_title":null,"twitter_description":null,"schema":{"blockGraphs":[],"customGraphs":[],"default":{"data":{"Article":[],"Course":[],"Dataset":[],"FAQPage":[],"Movie":[],"Person":[],"Product":[],"ProductReview":[],"Car":[],"Recipe":[],"Service":[],"SoftwareApplication":[],"WebPage":[]},"graphName":"","isEnabled":true},"graphs":[],"defaultGraph":"","defaultPostTypeGraph":""},"schema_type":null,"schema_type_options":null,"pillar_content":false,"robots_default":true,"robots_noindex":false,"robots_noarchive":false,"robots_nosnippet":false,"robots_nofollow":false,"robots_noimageindex":false,"robots_noodp":false,"robots_notranslate":false,"robots_max_snippet":null,"robots_max_videopreview":null,"robots_max_imagepreview":"large","priority":null,"frequency":null,"local_seo":null,"seo_analyzer_scan_date":"2025-11-30 15:57:16","breadcrumb_settings":null,"limit_modified_date":false,"open_ai":null,"ai":null,"created":"2020-12-21 14:00:13","updated":"2025-11-30 15:57:16"},"aioseo_breadcrumb":"<div class=\"aioseo-breadcrumbs\"><span class=\"aioseo-breadcrumb\">\n\t<a href=\"https:\/\/www.eldigitaldeasturias.com\/noticias\" title=\"Home\">Home<\/a>\n<\/span><span class=\"aioseo-breadcrumb-separator\">\u2013<\/span><span class=\"aioseo-breadcrumb\">\n\t<a href=\"https:\/\/www.eldigitaldeasturias.com\/noticias\/category\/actualidad-asturias\/\" title=\"Actualidad Asturias\">Actualidad Asturias<\/a>\n<\/span><span class=\"aioseo-breadcrumb-separator\">\u2013<\/span><span class=\"aioseo-breadcrumb\">\n\t<a href=\"https:\/\/www.eldigitaldeasturias.com\/noticias\/recaten-a-una-persona-atrapada-na-sablera-llanisca-de-palombina\/\" title=\"Recaten a una persona atrapada na sablera llanisca de Palombina\">Recaten a una persona atrapada na sablera llanisca de Palombina<\/a>\n<\/span><\/div>","aioseo_breadcrumb_json":[{"label":"Home","link":"https:\/\/www.eldigitaldeasturias.com\/noticias"},{"label":"Actualidad Asturias","link":"https:\/\/www.eldigitaldeasturias.com\/noticias\/category\/actualidad-asturias\/"},{"label":"Recaten a una persona atrapada na sablera llanisca de Palombina","link":"https:\/\/www.eldigitaldeasturias.com\/noticias\/recaten-a-una-persona-atrapada-na-sablera-llanisca-de-palombina\/"}],"_links":{"self":[{"href":"https:\/\/www.eldigitaldeasturias.com\/noticias\/wp-json\/wp\/v2\/posts\/908384","targetHints":{"allow":["GET"]}}],"collection":[{"href":"https:\/\/www.eldigitaldeasturias.com\/noticias\/wp-json\/wp\/v2\/posts"}],"about":[{"href":"https:\/\/www.eldigitaldeasturias.com\/noticias\/wp-json\/wp\/v2\/types\/post"}],"author":[{"embeddable":true,"href":"https:\/\/www.eldigitaldeasturias.com\/noticias\/wp-json\/wp\/v2\/users\/1"}],"replies":[{"embeddable":true,"href":"https:\/\/www.eldigitaldeasturias.com\/noticias\/wp-json\/wp\/v2\/comments?post=908384"}],"version-history":[{"count":0,"href":"https:\/\/www.eldigitaldeasturias.com\/noticias\/wp-json\/wp\/v2\/posts\/908384\/revisions"}],"wp:featuredmedia":[{"embeddable":true,"href":"https:\/\/www.eldigitaldeasturias.com\/noticias\/wp-json\/wp\/v2\/media\/908382"}],"wp:attachment":[{"href":"https:\/\/www.eldigitaldeasturias.com\/noticias\/wp-json\/wp\/v2\/media?parent=908384"}],"wp:term":[{"taxonomy":"category","embeddable":true,"href":"https:\/\/www.eldigitaldeasturias.com\/noticias\/wp-json\/wp\/v2\/categories?post=908384"},{"taxonomy":"post_tag","embeddable":true,"href":"https:\/\/www.eldigitaldeasturias.com\/noticias\/wp-json\/wp\/v2\/tags?post=908384"}],"curies":[{"name":"wp","href":"https:\/\/api.w.org\/{rel}","templated":true}]}}