{"id":908381,"date":"2016-09-18T16:58:29","date_gmt":"2016-09-18T15:58:29","guid":{"rendered":"http:\/\/www.eldigitaldeasturias.com\/noticias\/?p=908381"},"modified":"2016-09-18T16:58:29","modified_gmt":"2016-09-18T15:58:29","slug":"recatan-a-una-persona-atrapada-en-la-playa-llanisca-de-palombina","status":"publish","type":"post","link":"https:\/\/www.eldigitaldeasturias.com\/noticias\/recatan-a-una-persona-atrapada-en-la-playa-llanisca-de-palombina\/","title":{"rendered":"Recatan a una persona atrapada en la playa llanisca de Palombina"},"content":{"rendered":"<p><img loading=\"lazy\" decoding=\"async\" class=\"alignleft size-medium wp-image-908382\" src=\"https:\/\/www.eldigitaldeasturias.com\/noticias\/wp-content\/uploads\/2016\/09\/2016.09.18-RESCATE-MARITIMO-EN-LLANES-1-360x216.jpg\" alt=\"2016.09.18 RESCATE MARITIMO EN LLANES 1\" width=\"360\" height=\"216\" srcset=\"https:\/\/www.eldigitaldeasturias.com\/noticias\/wp-content\/uploads\/2016\/09\/2016.09.18-RESCATE-MARITIMO-EN-LLANES-1-360x216.jpg 360w, https:\/\/www.eldigitaldeasturias.com\/noticias\/wp-content\/uploads\/2016\/09\/2016.09.18-RESCATE-MARITIMO-EN-LLANES-1-768x461.jpg 768w, https:\/\/www.eldigitaldeasturias.com\/noticias\/wp-content\/uploads\/2016\/09\/2016.09.18-RESCATE-MARITIMO-EN-LLANES-1-650x390.jpg 650w, https:\/\/www.eldigitaldeasturias.com\/noticias\/wp-content\/uploads\/2016\/09\/2016.09.18-RESCATE-MARITIMO-EN-LLANES-1.jpg 1600w\" sizes=\"auto, (max-width: 360px) 100vw, 360px\" \/>Efectivos de Bomberos del Servicio de Emergencias del Principado de Asturias (SEPA), con base en el parque de Llanes y el Grupo de Rescate, con el helic\u00f3ptero medicalizado del organismo aut\u00f3nomo, han rescatado a una persona que qued\u00f3 enriscada en una roca en la playa llanisca de Palombina.<\/p>\n<p>El afectado, un var\u00f3n, de 80 a\u00f1os edad, fue evacuado al Hospital de Arriondas con s\u00edntomas de hipotermia. Seg\u00fan datos facilitados por el Servicio de Atenci\u00f3n M\u00e9dica Urgente (SAMU), a expensas de m\u00e1s pruebas y hasta nueva valoraci\u00f3n m\u00e9dica, su pron\u00f3stico es reservado.<\/p>\n<p>El Centro de Coordinaci\u00f3n de Emergencias recibi\u00f3 el aviso a las 12.16 horas. En la llamada, realizada por un particular, se\u00f1alaba que estaba viendo a cuatro personas en una roca en el citado arenal. Parec\u00eda que ten\u00edan problemas para salir porque la corriente los llevaba hac\u00eda dentro.<\/p>\n<p>La Sala 112 del SEPA moviliz\u00f3, por tierra, una dotaci\u00f3n de bomberos con base en el parque de Llanes y paralelamente activ\u00f3 el helic\u00f3ptero medicalizado del SEPA con el Grupo de Rescate del que forma parte un m\u00e9dico-rescatador. Tambi\u00e9n se comunic\u00f3 lo sucedido a Salvamento Mar\u00edtimo, a la Guardia Civil, a la Polic\u00eda Local y al SAMU.<\/p>\n<p>A las 12.42 horas los bomberos desplazados por tierra indican que tres de las personas que se encontraban en la zona eran unos surfistas que estaban intentado ayudar a evacuar al \u00fanico atrapado. Parte de la dotaci\u00f3n, dos bomberos, equipados con trajes de neopreno, acceden hasta la zona donde se encuentra el afectado que presenta s\u00edntomas de hipotermia. Desde tierra los otros bomberos les hacen llegar una manta mientras llega a la zona el Grupo de Rescate con el helic\u00f3ptero medicalizado. Dado el estado en el que se encuentra el herido consideran que es la mejor opci\u00f3n para su evacuaci\u00f3n.<\/p>\n<p>El hombre fue rescatado mediante una operaci\u00f3n de gr\u00faa con la aeronave del SEPA que lo traslad\u00f3 al aparcamiento de Borizu donde el SAMU hab\u00eda enviado el equipo de Atenci\u00f3n Primaria de Llanes con la ambulancia de soporte vital b\u00e1sico del lugar. Tras ser estabilizado fue evacuado en la aeronave al hospital.<\/p>\n<p>&nbsp;<\/p>\n","protected":false},"excerpt":{"rendered":"<p>Efectivos de Bomberos del Servicio de Emergencias del Principado de Asturias (SEPA), con base en el parque de Llanes y el Grupo de Rescate, con el helic\u00f3ptero medicalizado del organismo aut\u00f3nomo, han rescatado a una persona que qued\u00f3 enriscada en una roca en la playa llanisca de Palombina. El afectado, un var\u00f3n, de 80 a\u00f1os [&hellip;]<\/p>\n","protected":false},"author":1,"featured_media":908382,"comment_status":"closed","ping_status":"closed","sticky":false,"template":"","format":"standard","meta":{"footnotes":""},"categories":[5],"tags":[],"class_list":["post-908381","post","type-post","status-publish","format-standard","has-post-thumbnail","hentry","category-sucesos"],"aioseo_notices":[],"aioseo_head":"\n\t\t<!-- All in One SEO Pro 4.9.6.2 - aioseo.com -->\n\t<meta name=\"description\" content=\"Efectivos de Bomberos del Servicio de Emergencias del Principado de Asturias (SEPA), con base en el parque de Llanes y el Grupo de Rescate, con el helic\u00f3ptero medicalizado del organismo aut\u00f3nomo, han rescatado a una persona que qued\u00f3 enriscada en una roca en la playa llanisca de Palombina. El afectado, un var\u00f3n, de 80 a\u00f1os\" \/>\n\t<meta name=\"robots\" content=\"max-image-preview:large\" \/>\n\t<meta name=\"author\" content=\"El Digital de Asturias\"\/>\n\t<meta name=\"google-site-verification\" content=\"UA-38556648-1\" \/>\n\t<meta name=\"msvalidate.01\" content=\"7dfe9f3f1b24437ab69f4f2559babe99\" \/>\n\t<meta name=\"keywords\" content=\"sucesos\" \/>\n\t<link rel=\"canonical\" href=\"https:\/\/www.eldigitaldeasturias.com\/noticias\/recatan-a-una-persona-atrapada-en-la-playa-llanisca-de-palombina\/\" \/>\n\t<meta name=\"generator\" content=\"All in One SEO Pro (AIOSEO) 4.9.6.2\" \/>\n\t\t<meta property=\"og:locale\" content=\"es_ES\" \/>\n\t\t<meta property=\"og:site_name\" content=\"El Digital de Asturias\" \/>\n\t\t<meta property=\"og:type\" content=\"article\" \/>\n\t\t<meta property=\"og:title\" content=\"Recatan a una persona atrapada en la playa llanisca de Palombina - El Digital de Asturias\" \/>\n\t\t<meta property=\"og:description\" content=\"Efectivos de Bomberos del Servicio de Emergencias del Principado de Asturias (SEPA), con base en el parque de Llanes y el Grupo de Rescate, con el helic\u00f3ptero medicalizado del organismo aut\u00f3nomo, han rescatado a una persona que qued\u00f3 enriscada en una roca en la playa llanisca de Palombina. El afectado, un var\u00f3n, de 80 a\u00f1os\" \/>\n\t\t<meta property=\"og:url\" content=\"https:\/\/www.eldigitaldeasturias.com\/noticias\/recatan-a-una-persona-atrapada-en-la-playa-llanisca-de-palombina\/\" \/>\n\t\t<meta property=\"og:image\" content=\"https:\/\/www.eldigitaldeasturias.com\/noticias\/wp-content\/uploads\/2016\/09\/2016.09.18-RESCATE-MARITIMO-EN-LLANES-1.jpg\" \/>\n\t\t<meta property=\"og:image:secure_url\" content=\"https:\/\/www.eldigitaldeasturias.com\/noticias\/wp-content\/uploads\/2016\/09\/2016.09.18-RESCATE-MARITIMO-EN-LLANES-1.jpg\" \/>\n\t\t<meta property=\"og:image:width\" content=\"1600\" \/>\n\t\t<meta property=\"og:image:height\" content=\"960\" \/>\n\t\t<meta property=\"article:tag\" content=\"sucesos\" \/>\n\t\t<meta property=\"article:published_time\" content=\"2016-09-18T15:58:29+00:00\" \/>\n\t\t<meta property=\"article:modified_time\" content=\"2016-09-18T15:58:29+00:00\" \/>\n\t\t<meta property=\"article:publisher\" content=\"https:\/\/facebook.com\/eldigitaldeasturias\" \/>\n\t\t<meta name=\"twitter:card\" content=\"summary_large_image\" \/>\n\t\t<meta name=\"twitter:title\" content=\"Recatan a una persona atrapada en la playa llanisca de Palombina - El Digital de Asturias\" \/>\n\t\t<meta name=\"twitter:description\" content=\"Efectivos de Bomberos del Servicio de Emergencias del Principado de Asturias (SEPA), con base en el parque de Llanes y el Grupo de Rescate, con el helic\u00f3ptero medicalizado del organismo aut\u00f3nomo, han rescatado a una persona que qued\u00f3 enriscada en una roca en la playa llanisca de Palombina. El afectado, un var\u00f3n, de 80 a\u00f1os\" \/>\n\t\t<meta name=\"twitter:image\" content=\"https:\/\/www.eldigitaldeasturias.com\/noticias\/wp-content\/uploads\/2016\/09\/2016.09.18-RESCATE-MARITIMO-EN-LLANES-1.jpg\" \/>\n\t\t<meta name=\"twitter:label1\" content=\"Escrito por\" \/>\n\t\t<meta name=\"twitter:data1\" content=\"El Digital de Asturias\" \/>\n\t\t<meta name=\"twitter:label2\" content=\"Tiempo de lectura estimado\" \/>\n\t\t<meta name=\"twitter:data2\" content=\"2 minutos\" \/>\n\t\t<script type=\"application\/ld+json\" class=\"aioseo-schema\">\n\t\t\t{\"@context\":\"https:\\\/\\\/schema.org\",\"@graph\":[{\"@type\":\"BlogPosting\",\"@id\":\"https:\\\/\\\/www.eldigitaldeasturias.com\\\/noticias\\\/recatan-a-una-persona-atrapada-en-la-playa-llanisca-de-palombina\\\/#blogposting\",\"name\":\"Recatan a una persona atrapada en la playa llanisca de Palombina - El Digital de Asturias\",\"headline\":\"Recatan a una persona atrapada en la playa llanisca de Palombina\",\"author\":{\"@id\":\"https:\\\/\\\/www.eldigitaldeasturias.com\\\/noticias\\\/author\\\/admin\\\/#author\"},\"publisher\":{\"@id\":\"https:\\\/\\\/www.eldigitaldeasturias.com\\\/noticias\\\/#organization\"},\"image\":{\"@type\":\"ImageObject\",\"url\":\"https:\\\/\\\/www.eldigitaldeasturias.com\\\/noticias\\\/wp-content\\\/uploads\\\/2016\\\/09\\\/2016.09.18-RESCATE-MARITIMO-EN-LLANES-1.jpg\",\"width\":1600,\"height\":960},\"datePublished\":\"2016-09-18T16:58:29+02:00\",\"dateModified\":\"2016-09-18T16:58:29+02:00\",\"inLanguage\":\"es-ES\",\"mainEntityOfPage\":{\"@id\":\"https:\\\/\\\/www.eldigitaldeasturias.com\\\/noticias\\\/recatan-a-una-persona-atrapada-en-la-playa-llanisca-de-palombina\\\/#webpage\"},\"isPartOf\":{\"@id\":\"https:\\\/\\\/www.eldigitaldeasturias.com\\\/noticias\\\/recatan-a-una-persona-atrapada-en-la-playa-llanisca-de-palombina\\\/#webpage\"},\"articleSection\":\"Sucesos\"},{\"@type\":\"BreadcrumbList\",\"@id\":\"https:\\\/\\\/www.eldigitaldeasturias.com\\\/noticias\\\/recatan-a-una-persona-atrapada-en-la-playa-llanisca-de-palombina\\\/#breadcrumblist\",\"itemListElement\":[{\"@type\":\"ListItem\",\"@id\":\"https:\\\/\\\/www.eldigitaldeasturias.com\\\/noticias#listItem\",\"position\":1,\"name\":\"Home\",\"item\":\"https:\\\/\\\/www.eldigitaldeasturias.com\\\/noticias\",\"nextItem\":{\"@type\":\"ListItem\",\"@id\":\"https:\\\/\\\/www.eldigitaldeasturias.com\\\/noticias\\\/category\\\/sucesos\\\/#listItem\",\"name\":\"Sucesos\"}},{\"@type\":\"ListItem\",\"@id\":\"https:\\\/\\\/www.eldigitaldeasturias.com\\\/noticias\\\/category\\\/sucesos\\\/#listItem\",\"position\":2,\"name\":\"Sucesos\",\"item\":\"https:\\\/\\\/www.eldigitaldeasturias.com\\\/noticias\\\/category\\\/sucesos\\\/\",\"nextItem\":{\"@type\":\"ListItem\",\"@id\":\"https:\\\/\\\/www.eldigitaldeasturias.com\\\/noticias\\\/recatan-a-una-persona-atrapada-en-la-playa-llanisca-de-palombina\\\/#listItem\",\"name\":\"Recatan a una persona atrapada en la playa llanisca de Palombina\"},\"previousItem\":{\"@type\":\"ListItem\",\"@id\":\"https:\\\/\\\/www.eldigitaldeasturias.com\\\/noticias#listItem\",\"name\":\"Home\"}},{\"@type\":\"ListItem\",\"@id\":\"https:\\\/\\\/www.eldigitaldeasturias.com\\\/noticias\\\/recatan-a-una-persona-atrapada-en-la-playa-llanisca-de-palombina\\\/#listItem\",\"position\":3,\"name\":\"Recatan a una persona atrapada en la playa llanisca de Palombina\",\"previousItem\":{\"@type\":\"ListItem\",\"@id\":\"https:\\\/\\\/www.eldigitaldeasturias.com\\\/noticias\\\/category\\\/sucesos\\\/#listItem\",\"name\":\"Sucesos\"}}]},{\"@type\":\"Organization\",\"@id\":\"https:\\\/\\\/www.eldigitaldeasturias.com\\\/noticias\\\/#organization\",\"name\":\"El Digital de Asturias\",\"description\":\"Hemeroteca\",\"url\":\"https:\\\/\\\/www.eldigitaldeasturias.com\\\/noticias\\\/\",\"email\":\"info@eldigitaldeasturias.com\",\"telephone\":\"+34652131393\",\"logo\":{\"@type\":\"ImageObject\",\"url\":\"https:\\\/\\\/www.eldigitaldeasturias.com\\\/noticias\\\/wp-content\\\/uploads\\\/2020\\\/12\\\/EDA.jpg\",\"@id\":\"https:\\\/\\\/www.eldigitaldeasturias.com\\\/noticias\\\/recatan-a-una-persona-atrapada-en-la-playa-llanisca-de-palombina\\\/#organizationLogo\",\"width\":649,\"height\":297},\"image\":{\"@id\":\"https:\\\/\\\/www.eldigitaldeasturias.com\\\/noticias\\\/recatan-a-una-persona-atrapada-en-la-playa-llanisca-de-palombina\\\/#organizationLogo\"},\"sameAs\":[\"https:\\\/\\\/facebook.com\\\/eldigitaldeasturias\",\"https:\\\/\\\/www.youtube.com\\\/channel\\\/UCZP-2wLEB9Rv6erhFmqVnvg\"],\"address\":{\"@id\":\"https:\\\/\\\/www.eldigitaldeasturias.com\\\/noticias\\\/#postaladdress\",\"@type\":\"PostalAddress\",\"streetAddress\":\"san antonio 4,\",\"postalCode\":\"33430\",\"addressLocality\":\"Cand\\u00e1s\",\"addressRegion\":\"Asturias\",\"addressCountry\":\"ES\"}},{\"@type\":\"Person\",\"@id\":\"https:\\\/\\\/www.eldigitaldeasturias.com\\\/noticias\\\/author\\\/admin\\\/#author\",\"url\":\"https:\\\/\\\/www.eldigitaldeasturias.com\\\/noticias\\\/author\\\/admin\\\/\",\"name\":\"El Digital de Asturias\",\"image\":{\"@type\":\"ImageObject\",\"@id\":\"https:\\\/\\\/www.eldigitaldeasturias.com\\\/noticias\\\/recatan-a-una-persona-atrapada-en-la-playa-llanisca-de-palombina\\\/#authorImage\",\"url\":\"https:\\\/\\\/www.eldigitaldeasturias.com\\\/noticias\\\/wp-content\\\/litespeed\\\/avatar\\\/18677e78aa0546b92d9dbf31ec7d7668.jpg?ver=1777290358\",\"width\":96,\"height\":96,\"caption\":\"El Digital de Asturias\"}},{\"@type\":\"WebPage\",\"@id\":\"https:\\\/\\\/www.eldigitaldeasturias.com\\\/noticias\\\/recatan-a-una-persona-atrapada-en-la-playa-llanisca-de-palombina\\\/#webpage\",\"url\":\"https:\\\/\\\/www.eldigitaldeasturias.com\\\/noticias\\\/recatan-a-una-persona-atrapada-en-la-playa-llanisca-de-palombina\\\/\",\"name\":\"Recatan a una persona atrapada en la playa llanisca de Palombina - El Digital de Asturias\",\"description\":\"Efectivos de Bomberos del Servicio de Emergencias del Principado de Asturias (SEPA), con base en el parque de Llanes y el Grupo de Rescate, con el helic\\u00f3ptero medicalizado del organismo aut\\u00f3nomo, han rescatado a una persona que qued\\u00f3 enriscada en una roca en la playa llanisca de Palombina. El afectado, un var\\u00f3n, de 80 a\\u00f1os\",\"inLanguage\":\"es-ES\",\"isPartOf\":{\"@id\":\"https:\\\/\\\/www.eldigitaldeasturias.com\\\/noticias\\\/#website\"},\"breadcrumb\":{\"@id\":\"https:\\\/\\\/www.eldigitaldeasturias.com\\\/noticias\\\/recatan-a-una-persona-atrapada-en-la-playa-llanisca-de-palombina\\\/#breadcrumblist\"},\"author\":{\"@id\":\"https:\\\/\\\/www.eldigitaldeasturias.com\\\/noticias\\\/author\\\/admin\\\/#author\"},\"creator\":{\"@id\":\"https:\\\/\\\/www.eldigitaldeasturias.com\\\/noticias\\\/author\\\/admin\\\/#author\"},\"image\":{\"@type\":\"ImageObject\",\"url\":\"https:\\\/\\\/www.eldigitaldeasturias.com\\\/noticias\\\/wp-content\\\/uploads\\\/2016\\\/09\\\/2016.09.18-RESCATE-MARITIMO-EN-LLANES-1.jpg\",\"@id\":\"https:\\\/\\\/www.eldigitaldeasturias.com\\\/noticias\\\/recatan-a-una-persona-atrapada-en-la-playa-llanisca-de-palombina\\\/#mainImage\",\"width\":1600,\"height\":960},\"primaryImageOfPage\":{\"@id\":\"https:\\\/\\\/www.eldigitaldeasturias.com\\\/noticias\\\/recatan-a-una-persona-atrapada-en-la-playa-llanisca-de-palombina\\\/#mainImage\"},\"datePublished\":\"2016-09-18T16:58:29+02:00\",\"dateModified\":\"2016-09-18T16:58:29+02:00\"},{\"@type\":\"WebSite\",\"@id\":\"https:\\\/\\\/www.eldigitaldeasturias.com\\\/noticias\\\/#website\",\"url\":\"https:\\\/\\\/www.eldigitaldeasturias.com\\\/noticias\\\/\",\"name\":\"El Digital de Asturias - Diario de actualidad y noticias\",\"alternateName\":\"El Digital de Asturias - Diario de actualidad y noticias\",\"description\":\"Hemeroteca\",\"inLanguage\":\"es-ES\",\"publisher\":{\"@id\":\"https:\\\/\\\/www.eldigitaldeasturias.com\\\/noticias\\\/#organization\"}}]}\n\t\t<\/script>\n\t\t<!-- All in One SEO Pro -->\r\n\t\t<title>Recatan a una persona atrapada en la playa llanisca de Palombina - El Digital de Asturias<\/title>\n\n","aioseo_head_json":{"title":"Recatan a una persona atrapada en la playa llanisca de Palombina - El Digital de Asturias","description":"Efectivos de Bomberos del Servicio de Emergencias del Principado de Asturias (SEPA), con base en el parque de Llanes y el Grupo de Rescate, con el helic\u00f3ptero medicalizado del organismo aut\u00f3nomo, han rescatado a una persona que qued\u00f3 enriscada en una roca en la playa llanisca de Palombina. El afectado, un var\u00f3n, de 80 a\u00f1os","canonical_url":"https:\/\/www.eldigitaldeasturias.com\/noticias\/recatan-a-una-persona-atrapada-en-la-playa-llanisca-de-palombina\/","robots":"max-image-preview:large","keywords":"sucesos","webmasterTools":{"google-site-verification":"UA-38556648-1","msvalidate.01":"7dfe9f3f1b24437ab69f4f2559babe99","miscellaneous":""},"schema":{"@context":"https:\/\/schema.org","@graph":[{"@type":"BlogPosting","@id":"https:\/\/www.eldigitaldeasturias.com\/noticias\/recatan-a-una-persona-atrapada-en-la-playa-llanisca-de-palombina\/#blogposting","name":"Recatan a una persona atrapada en la playa llanisca de Palombina - El Digital de Asturias","headline":"Recatan a una persona atrapada en la playa llanisca de Palombina","author":{"@id":"https:\/\/www.eldigitaldeasturias.com\/noticias\/author\/admin\/#author"},"publisher":{"@id":"https:\/\/www.eldigitaldeasturias.com\/noticias\/#organization"},"image":{"@type":"ImageObject","url":"https:\/\/www.eldigitaldeasturias.com\/noticias\/wp-content\/uploads\/2016\/09\/2016.09.18-RESCATE-MARITIMO-EN-LLANES-1.jpg","width":1600,"height":960},"datePublished":"2016-09-18T16:58:29+02:00","dateModified":"2016-09-18T16:58:29+02:00","inLanguage":"es-ES","mainEntityOfPage":{"@id":"https:\/\/www.eldigitaldeasturias.com\/noticias\/recatan-a-una-persona-atrapada-en-la-playa-llanisca-de-palombina\/#webpage"},"isPartOf":{"@id":"https:\/\/www.eldigitaldeasturias.com\/noticias\/recatan-a-una-persona-atrapada-en-la-playa-llanisca-de-palombina\/#webpage"},"articleSection":"Sucesos"},{"@type":"BreadcrumbList","@id":"https:\/\/www.eldigitaldeasturias.com\/noticias\/recatan-a-una-persona-atrapada-en-la-playa-llanisca-de-palombina\/#breadcrumblist","itemListElement":[{"@type":"ListItem","@id":"https:\/\/www.eldigitaldeasturias.com\/noticias#listItem","position":1,"name":"Home","item":"https:\/\/www.eldigitaldeasturias.com\/noticias","nextItem":{"@type":"ListItem","@id":"https:\/\/www.eldigitaldeasturias.com\/noticias\/category\/sucesos\/#listItem","name":"Sucesos"}},{"@type":"ListItem","@id":"https:\/\/www.eldigitaldeasturias.com\/noticias\/category\/sucesos\/#listItem","position":2,"name":"Sucesos","item":"https:\/\/www.eldigitaldeasturias.com\/noticias\/category\/sucesos\/","nextItem":{"@type":"ListItem","@id":"https:\/\/www.eldigitaldeasturias.com\/noticias\/recatan-a-una-persona-atrapada-en-la-playa-llanisca-de-palombina\/#listItem","name":"Recatan a una persona atrapada en la playa llanisca de Palombina"},"previousItem":{"@type":"ListItem","@id":"https:\/\/www.eldigitaldeasturias.com\/noticias#listItem","name":"Home"}},{"@type":"ListItem","@id":"https:\/\/www.eldigitaldeasturias.com\/noticias\/recatan-a-una-persona-atrapada-en-la-playa-llanisca-de-palombina\/#listItem","position":3,"name":"Recatan a una persona atrapada en la playa llanisca de Palombina","previousItem":{"@type":"ListItem","@id":"https:\/\/www.eldigitaldeasturias.com\/noticias\/category\/sucesos\/#listItem","name":"Sucesos"}}]},{"@type":"Organization","@id":"https:\/\/www.eldigitaldeasturias.com\/noticias\/#organization","name":"El Digital de Asturias","description":"Hemeroteca","url":"https:\/\/www.eldigitaldeasturias.com\/noticias\/","email":"info@eldigitaldeasturias.com","telephone":"+34652131393","logo":{"@type":"ImageObject","url":"https:\/\/www.eldigitaldeasturias.com\/noticias\/wp-content\/uploads\/2020\/12\/EDA.jpg","@id":"https:\/\/www.eldigitaldeasturias.com\/noticias\/recatan-a-una-persona-atrapada-en-la-playa-llanisca-de-palombina\/#organizationLogo","width":649,"height":297},"image":{"@id":"https:\/\/www.eldigitaldeasturias.com\/noticias\/recatan-a-una-persona-atrapada-en-la-playa-llanisca-de-palombina\/#organizationLogo"},"sameAs":["https:\/\/facebook.com\/eldigitaldeasturias","https:\/\/www.youtube.com\/channel\/UCZP-2wLEB9Rv6erhFmqVnvg"],"address":{"@id":"https:\/\/www.eldigitaldeasturias.com\/noticias\/#postaladdress","@type":"PostalAddress","streetAddress":"san antonio 4,","postalCode":"33430","addressLocality":"Cand\u00e1s","addressRegion":"Asturias","addressCountry":"ES"}},{"@type":"Person","@id":"https:\/\/www.eldigitaldeasturias.com\/noticias\/author\/admin\/#author","url":"https:\/\/www.eldigitaldeasturias.com\/noticias\/author\/admin\/","name":"El Digital de Asturias","image":{"@type":"ImageObject","@id":"https:\/\/www.eldigitaldeasturias.com\/noticias\/recatan-a-una-persona-atrapada-en-la-playa-llanisca-de-palombina\/#authorImage","url":"https:\/\/www.eldigitaldeasturias.com\/noticias\/wp-content\/litespeed\/avatar\/18677e78aa0546b92d9dbf31ec7d7668.jpg?ver=1777290358","width":96,"height":96,"caption":"El Digital de Asturias"}},{"@type":"WebPage","@id":"https:\/\/www.eldigitaldeasturias.com\/noticias\/recatan-a-una-persona-atrapada-en-la-playa-llanisca-de-palombina\/#webpage","url":"https:\/\/www.eldigitaldeasturias.com\/noticias\/recatan-a-una-persona-atrapada-en-la-playa-llanisca-de-palombina\/","name":"Recatan a una persona atrapada en la playa llanisca de Palombina - El Digital de Asturias","description":"Efectivos de Bomberos del Servicio de Emergencias del Principado de Asturias (SEPA), con base en el parque de Llanes y el Grupo de Rescate, con el helic\u00f3ptero medicalizado del organismo aut\u00f3nomo, han rescatado a una persona que qued\u00f3 enriscada en una roca en la playa llanisca de Palombina. El afectado, un var\u00f3n, de 80 a\u00f1os","inLanguage":"es-ES","isPartOf":{"@id":"https:\/\/www.eldigitaldeasturias.com\/noticias\/#website"},"breadcrumb":{"@id":"https:\/\/www.eldigitaldeasturias.com\/noticias\/recatan-a-una-persona-atrapada-en-la-playa-llanisca-de-palombina\/#breadcrumblist"},"author":{"@id":"https:\/\/www.eldigitaldeasturias.com\/noticias\/author\/admin\/#author"},"creator":{"@id":"https:\/\/www.eldigitaldeasturias.com\/noticias\/author\/admin\/#author"},"image":{"@type":"ImageObject","url":"https:\/\/www.eldigitaldeasturias.com\/noticias\/wp-content\/uploads\/2016\/09\/2016.09.18-RESCATE-MARITIMO-EN-LLANES-1.jpg","@id":"https:\/\/www.eldigitaldeasturias.com\/noticias\/recatan-a-una-persona-atrapada-en-la-playa-llanisca-de-palombina\/#mainImage","width":1600,"height":960},"primaryImageOfPage":{"@id":"https:\/\/www.eldigitaldeasturias.com\/noticias\/recatan-a-una-persona-atrapada-en-la-playa-llanisca-de-palombina\/#mainImage"},"datePublished":"2016-09-18T16:58:29+02:00","dateModified":"2016-09-18T16:58:29+02:00"},{"@type":"WebSite","@id":"https:\/\/www.eldigitaldeasturias.com\/noticias\/#website","url":"https:\/\/www.eldigitaldeasturias.com\/noticias\/","name":"El Digital de Asturias - Diario de actualidad y noticias","alternateName":"El Digital de Asturias - Diario de actualidad y noticias","description":"Hemeroteca","inLanguage":"es-ES","publisher":{"@id":"https:\/\/www.eldigitaldeasturias.com\/noticias\/#organization"}}]},"og:locale":"es_ES","og:site_name":"El Digital de Asturias","og:type":"article","og:title":"Recatan a una persona atrapada en la playa llanisca de Palombina - El Digital de Asturias","og:description":"Efectivos de Bomberos del Servicio de Emergencias del Principado de Asturias (SEPA), con base en el parque de Llanes y el Grupo de Rescate, con el helic\u00f3ptero medicalizado del organismo aut\u00f3nomo, han rescatado a una persona que qued\u00f3 enriscada en una roca en la playa llanisca de Palombina. El afectado, un var\u00f3n, de 80 a\u00f1os","og:url":"https:\/\/www.eldigitaldeasturias.com\/noticias\/recatan-a-una-persona-atrapada-en-la-playa-llanisca-de-palombina\/","og:image":"https:\/\/www.eldigitaldeasturias.com\/noticias\/wp-content\/uploads\/2016\/09\/2016.09.18-RESCATE-MARITIMO-EN-LLANES-1.jpg","og:image:secure_url":"https:\/\/www.eldigitaldeasturias.com\/noticias\/wp-content\/uploads\/2016\/09\/2016.09.18-RESCATE-MARITIMO-EN-LLANES-1.jpg","og:image:width":1600,"og:image:height":960,"article:tag":["sucesos"],"article:published_time":"2016-09-18T15:58:29+00:00","article:modified_time":"2016-09-18T15:58:29+00:00","article:publisher":"https:\/\/facebook.com\/eldigitaldeasturias","twitter:card":"summary_large_image","twitter:title":"Recatan a una persona atrapada en la playa llanisca de Palombina - El Digital de Asturias","twitter:description":"Efectivos de Bomberos del Servicio de Emergencias del Principado de Asturias (SEPA), con base en el parque de Llanes y el Grupo de Rescate, con el helic\u00f3ptero medicalizado del organismo aut\u00f3nomo, han rescatado a una persona que qued\u00f3 enriscada en una roca en la playa llanisca de Palombina. El afectado, un var\u00f3n, de 80 a\u00f1os","twitter:image":"https:\/\/www.eldigitaldeasturias.com\/noticias\/wp-content\/uploads\/2016\/09\/2016.09.18-RESCATE-MARITIMO-EN-LLANES-1.jpg","twitter:label1":"Escrito por","twitter:data1":"El Digital de Asturias","twitter:label2":"Tiempo de lectura estimado","twitter:data2":"2 minutos"},"aioseo_meta_data":{"post_id":"908381","title":null,"description":null,"keywords":null,"keyphrases":null,"primary_term":null,"canonical_url":null,"og_title":null,"og_description":null,"og_object_type":"default","og_image_type":"default","og_image_url":null,"og_image_width":null,"og_image_height":null,"og_image_custom_url":null,"og_image_custom_fields":null,"og_video":null,"og_custom_url":null,"og_article_section":null,"og_article_tags":null,"twitter_use_og":false,"twitter_card":"default","twitter_image_type":"default","twitter_image_url":null,"twitter_image_custom_url":null,"twitter_image_custom_fields":null,"twitter_title":null,"twitter_description":null,"schema":{"blockGraphs":[],"customGraphs":[],"default":{"data":{"Article":[],"Course":[],"Dataset":[],"FAQPage":[],"Movie":[],"Person":[],"Product":[],"ProductReview":[],"Car":[],"Recipe":[],"Service":[],"SoftwareApplication":[],"WebPage":[]},"graphName":"","isEnabled":true},"graphs":[],"defaultGraph":"","defaultPostTypeGraph":""},"schema_type":null,"schema_type_options":null,"pillar_content":false,"robots_default":true,"robots_noindex":false,"robots_noarchive":false,"robots_nosnippet":false,"robots_nofollow":false,"robots_noimageindex":false,"robots_noodp":false,"robots_notranslate":false,"robots_max_snippet":null,"robots_max_videopreview":null,"robots_max_imagepreview":"large","priority":null,"frequency":null,"local_seo":null,"seo_analyzer_scan_date":"2025-11-30 15:57:15","breadcrumb_settings":null,"limit_modified_date":false,"open_ai":null,"ai":null,"created":"2020-12-21 14:00:13","updated":"2025-11-30 15:57:15"},"aioseo_breadcrumb":"<div class=\"aioseo-breadcrumbs\"><span class=\"aioseo-breadcrumb\">\n\t<a href=\"https:\/\/www.eldigitaldeasturias.com\/noticias\" title=\"Home\">Home<\/a>\n<\/span><span class=\"aioseo-breadcrumb-separator\">\u2013<\/span><span class=\"aioseo-breadcrumb\">\n\t<a href=\"https:\/\/www.eldigitaldeasturias.com\/noticias\/category\/sucesos\/\" title=\"Sucesos\">Sucesos<\/a>\n<\/span><span class=\"aioseo-breadcrumb-separator\">\u2013<\/span><span class=\"aioseo-breadcrumb\">\n\t<a href=\"https:\/\/www.eldigitaldeasturias.com\/noticias\/recatan-a-una-persona-atrapada-en-la-playa-llanisca-de-palombina\/\" title=\"Recatan a una persona atrapada en la playa llanisca de Palombina\">Recatan a una persona atrapada en la playa llanisca de Palombina<\/a>\n<\/span><\/div>","aioseo_breadcrumb_json":[{"label":"Home","link":"https:\/\/www.eldigitaldeasturias.com\/noticias"},{"label":"Sucesos","link":"https:\/\/www.eldigitaldeasturias.com\/noticias\/category\/sucesos\/"},{"label":"Recatan a una persona atrapada en la playa llanisca de Palombina","link":"https:\/\/www.eldigitaldeasturias.com\/noticias\/recatan-a-una-persona-atrapada-en-la-playa-llanisca-de-palombina\/"}],"_links":{"self":[{"href":"https:\/\/www.eldigitaldeasturias.com\/noticias\/wp-json\/wp\/v2\/posts\/908381","targetHints":{"allow":["GET"]}}],"collection":[{"href":"https:\/\/www.eldigitaldeasturias.com\/noticias\/wp-json\/wp\/v2\/posts"}],"about":[{"href":"https:\/\/www.eldigitaldeasturias.com\/noticias\/wp-json\/wp\/v2\/types\/post"}],"author":[{"embeddable":true,"href":"https:\/\/www.eldigitaldeasturias.com\/noticias\/wp-json\/wp\/v2\/users\/1"}],"replies":[{"embeddable":true,"href":"https:\/\/www.eldigitaldeasturias.com\/noticias\/wp-json\/wp\/v2\/comments?post=908381"}],"version-history":[{"count":0,"href":"https:\/\/www.eldigitaldeasturias.com\/noticias\/wp-json\/wp\/v2\/posts\/908381\/revisions"}],"wp:featuredmedia":[{"embeddable":true,"href":"https:\/\/www.eldigitaldeasturias.com\/noticias\/wp-json\/wp\/v2\/media\/908382"}],"wp:attachment":[{"href":"https:\/\/www.eldigitaldeasturias.com\/noticias\/wp-json\/wp\/v2\/media?parent=908381"}],"wp:term":[{"taxonomy":"category","embeddable":true,"href":"https:\/\/www.eldigitaldeasturias.com\/noticias\/wp-json\/wp\/v2\/categories?post=908381"},{"taxonomy":"post_tag","embeddable":true,"href":"https:\/\/www.eldigitaldeasturias.com\/noticias\/wp-json\/wp\/v2\/tags?post=908381"}],"curies":[{"name":"wp","href":"https:\/\/api.w.org\/{rel}","templated":true}]}}