{"id":908370,"date":"2016-09-18T16:44:35","date_gmt":"2016-09-18T15:44:35","guid":{"rendered":"http:\/\/www.eldigitaldeasturias.com\/noticias\/?p=908370"},"modified":"2016-09-18T16:44:35","modified_gmt":"2016-09-18T15:44:35","slug":"xixon-si-puede-analiza-esta-semana-su-primer-ano-politico","status":"publish","type":"post","link":"https:\/\/www.eldigitaldeasturias.com\/noticias\/xixon-si-puede-analiza-esta-semana-su-primer-ano-politico\/","title":{"rendered":"Xix\u00f3n S\u00ed Puede analiza esta semana su primer a\u00f1o pol\u00edtico"},"content":{"rendered":"<p><img loading=\"lazy\" decoding=\"async\" class=\"alignleft size-medium wp-image-780460\" src=\"https:\/\/www.eldigitaldeasturias.com\/noticias\/wp-content\/uploads\/2015\/04\/xixon-si-puede-360x198.jpg\" alt=\"xixon si puede\" width=\"360\" height=\"198\" srcset=\"https:\/\/www.eldigitaldeasturias.com\/noticias\/wp-content\/uploads\/2015\/04\/xixon-si-puede-360x198.jpg 360w, https:\/\/www.eldigitaldeasturias.com\/noticias\/wp-content\/uploads\/2015\/04\/xixon-si-puede-650x357.jpg 650w, https:\/\/www.eldigitaldeasturias.com\/noticias\/wp-content\/uploads\/2015\/04\/xixon-si-puede.jpg 655w\" sizes=\"auto, (max-width: 360px) 100vw, 360px\" \/>Xix\u00f3n S\u00ed Puede celebra el martes, 20 de septiembre, una asamblea para hacer balance en com\u00fan de un a\u00f1o de la pol\u00edtica municipal. El acto tendr\u00e1 lugar una semana antes de la celebraci\u00f3n del debate sobre el estado del municipio que se realizar\u00e1 en el Pleno extraordinario del 28 de septiembre.<\/p>\n<p>Para este debate, XsP quiere recabar las valoraciones y puntos de vista de las personas simpatizantes e integrantes de la candidatura de unidad popular y las inscritas en Podemos y Equo. El sal\u00f3n de actos del colegio Jovellanos acoger\u00e1 esta asamblea que empezar\u00e1 a las 19:00 horas, seg\u00fan ha explicado la formaci\u00f3n en una nota de prensa.<\/p>\n<p>\u00abEste encuentro es una oportunidad para reflexionar sobre la situaci\u00f3n social, econ\u00f3mica y pol\u00edtica de Xix\u00f3n. Tambi\u00e9n ser\u00e1 el momento de analizar el rumbo de las pol\u00edticas municipales y apuntar l\u00edneas de orientaci\u00f3n pol\u00edtica de cara al curso que acaba de comenzar\u00bb, concluye XsP.<\/p>\n<p>&nbsp;<\/p>\n","protected":false},"excerpt":{"rendered":"<p>Xix\u00f3n S\u00ed Puede celebra el martes, 20 de septiembre, una asamblea para hacer balance en com\u00fan de un a\u00f1o de la pol\u00edtica municipal. El acto tendr\u00e1 lugar una semana antes de la celebraci\u00f3n del debate sobre el estado del municipio que se realizar\u00e1 en el Pleno extraordinario del 28 de septiembre. Para este debate, XsP [&hellip;]<\/p>\n","protected":false},"author":1,"featured_media":780460,"comment_status":"closed","ping_status":"closed","sticky":false,"template":"","format":"standard","meta":{"footnotes":""},"categories":[12],"tags":[],"class_list":["post-908370","post","type-post","status-publish","format-standard","has-post-thumbnail","hentry","category-actualidad-asturias"],"aioseo_notices":[],"aioseo_head":"\n\t\t<!-- All in One SEO Pro 4.9.6.2 - aioseo.com -->\n\t<meta name=\"description\" content=\"Xix\u00f3n S\u00ed Puede celebra el martes, 20 de septiembre, una asamblea para hacer balance en com\u00fan de un a\u00f1o de la pol\u00edtica municipal. El acto tendr\u00e1 lugar una semana antes de la celebraci\u00f3n del debate sobre el estado del municipio que se realizar\u00e1 en el Pleno extraordinario del 28 de septiembre. Para este debate, XsP\" \/>\n\t<meta name=\"robots\" content=\"max-image-preview:large\" \/>\n\t<meta name=\"author\" content=\"El Digital de Asturias\"\/>\n\t<meta name=\"google-site-verification\" content=\"UA-38556648-1\" \/>\n\t<meta name=\"msvalidate.01\" content=\"7dfe9f3f1b24437ab69f4f2559babe99\" \/>\n\t<meta name=\"keywords\" content=\"actualidad asturias\" \/>\n\t<link rel=\"canonical\" href=\"https:\/\/www.eldigitaldeasturias.com\/noticias\/xixon-si-puede-analiza-esta-semana-su-primer-ano-politico\/\" \/>\n\t<meta name=\"generator\" content=\"All in One SEO Pro (AIOSEO) 4.9.6.2\" \/>\n\t\t<meta property=\"og:locale\" content=\"es_ES\" \/>\n\t\t<meta property=\"og:site_name\" content=\"El Digital de Asturias\" \/>\n\t\t<meta property=\"og:type\" content=\"article\" \/>\n\t\t<meta property=\"og:title\" content=\"Xix\u00f3n S\u00ed Puede analiza esta semana su primer a\u00f1o pol\u00edtico - El Digital de Asturias\" \/>\n\t\t<meta property=\"og:description\" content=\"Xix\u00f3n S\u00ed Puede celebra el martes, 20 de septiembre, una asamblea para hacer balance en com\u00fan de un a\u00f1o de la pol\u00edtica municipal. El acto tendr\u00e1 lugar una semana antes de la celebraci\u00f3n del debate sobre el estado del municipio que se realizar\u00e1 en el Pleno extraordinario del 28 de septiembre. Para este debate, XsP\" \/>\n\t\t<meta property=\"og:url\" content=\"https:\/\/www.eldigitaldeasturias.com\/noticias\/xixon-si-puede-analiza-esta-semana-su-primer-ano-politico\/\" \/>\n\t\t<meta property=\"og:image\" content=\"https:\/\/www.eldigitaldeasturias.com\/noticias\/wp-content\/uploads\/2015\/04\/xixon-si-puede.jpg\" \/>\n\t\t<meta property=\"og:image:secure_url\" content=\"https:\/\/www.eldigitaldeasturias.com\/noticias\/wp-content\/uploads\/2015\/04\/xixon-si-puede.jpg\" \/>\n\t\t<meta property=\"og:image:width\" content=\"655\" \/>\n\t\t<meta property=\"og:image:height\" content=\"360\" \/>\n\t\t<meta property=\"article:tag\" content=\"actualidad asturias\" \/>\n\t\t<meta property=\"article:published_time\" content=\"2016-09-18T15:44:35+00:00\" \/>\n\t\t<meta property=\"article:modified_time\" content=\"2016-09-18T15:44:35+00:00\" \/>\n\t\t<meta property=\"article:publisher\" content=\"https:\/\/facebook.com\/eldigitaldeasturias\" \/>\n\t\t<meta name=\"twitter:card\" content=\"summary_large_image\" \/>\n\t\t<meta name=\"twitter:title\" content=\"Xix\u00f3n S\u00ed Puede analiza esta semana su primer a\u00f1o pol\u00edtico - El Digital de Asturias\" \/>\n\t\t<meta name=\"twitter:description\" content=\"Xix\u00f3n S\u00ed Puede celebra el martes, 20 de septiembre, una asamblea para hacer balance en com\u00fan de un a\u00f1o de la pol\u00edtica municipal. El acto tendr\u00e1 lugar una semana antes de la celebraci\u00f3n del debate sobre el estado del municipio que se realizar\u00e1 en el Pleno extraordinario del 28 de septiembre. Para este debate, XsP\" \/>\n\t\t<meta name=\"twitter:image\" content=\"https:\/\/www.eldigitaldeasturias.com\/noticias\/wp-content\/uploads\/2015\/04\/xixon-si-puede.jpg\" \/>\n\t\t<meta name=\"twitter:label1\" content=\"Escrito por\" \/>\n\t\t<meta name=\"twitter:data1\" content=\"El Digital de Asturias\" \/>\n\t\t<meta name=\"twitter:label2\" content=\"Tiempo de lectura estimado\" \/>\n\t\t<meta name=\"twitter:data2\" content=\"1 minuto\" \/>\n\t\t<script type=\"application\/ld+json\" class=\"aioseo-schema\">\n\t\t\t{\"@context\":\"https:\\\/\\\/schema.org\",\"@graph\":[{\"@type\":\"BlogPosting\",\"@id\":\"https:\\\/\\\/www.eldigitaldeasturias.com\\\/noticias\\\/xixon-si-puede-analiza-esta-semana-su-primer-ano-politico\\\/#blogposting\",\"name\":\"Xix\\u00f3n S\\u00ed Puede analiza esta semana su primer a\\u00f1o pol\\u00edtico - El Digital de Asturias\",\"headline\":\"Xix\\u00f3n S\\u00ed Puede analiza esta semana su primer a\\u00f1o pol\\u00edtico\",\"author\":{\"@id\":\"https:\\\/\\\/www.eldigitaldeasturias.com\\\/noticias\\\/author\\\/admin\\\/#author\"},\"publisher\":{\"@id\":\"https:\\\/\\\/www.eldigitaldeasturias.com\\\/noticias\\\/#organization\"},\"image\":{\"@type\":\"ImageObject\",\"url\":\"https:\\\/\\\/www.eldigitaldeasturias.com\\\/noticias\\\/wp-content\\\/uploads\\\/2015\\\/04\\\/xixon-si-puede.jpg\",\"width\":655,\"height\":360},\"datePublished\":\"2016-09-18T16:44:35+02:00\",\"dateModified\":\"2016-09-18T16:44:35+02:00\",\"inLanguage\":\"es-ES\",\"mainEntityOfPage\":{\"@id\":\"https:\\\/\\\/www.eldigitaldeasturias.com\\\/noticias\\\/xixon-si-puede-analiza-esta-semana-su-primer-ano-politico\\\/#webpage\"},\"isPartOf\":{\"@id\":\"https:\\\/\\\/www.eldigitaldeasturias.com\\\/noticias\\\/xixon-si-puede-analiza-esta-semana-su-primer-ano-politico\\\/#webpage\"},\"articleSection\":\"Actualidad Asturias\"},{\"@type\":\"BreadcrumbList\",\"@id\":\"https:\\\/\\\/www.eldigitaldeasturias.com\\\/noticias\\\/xixon-si-puede-analiza-esta-semana-su-primer-ano-politico\\\/#breadcrumblist\",\"itemListElement\":[{\"@type\":\"ListItem\",\"@id\":\"https:\\\/\\\/www.eldigitaldeasturias.com\\\/noticias#listItem\",\"position\":1,\"name\":\"Home\",\"item\":\"https:\\\/\\\/www.eldigitaldeasturias.com\\\/noticias\",\"nextItem\":{\"@type\":\"ListItem\",\"@id\":\"https:\\\/\\\/www.eldigitaldeasturias.com\\\/noticias\\\/category\\\/actualidad-asturias\\\/#listItem\",\"name\":\"Actualidad Asturias\"}},{\"@type\":\"ListItem\",\"@id\":\"https:\\\/\\\/www.eldigitaldeasturias.com\\\/noticias\\\/category\\\/actualidad-asturias\\\/#listItem\",\"position\":2,\"name\":\"Actualidad Asturias\",\"item\":\"https:\\\/\\\/www.eldigitaldeasturias.com\\\/noticias\\\/category\\\/actualidad-asturias\\\/\",\"nextItem\":{\"@type\":\"ListItem\",\"@id\":\"https:\\\/\\\/www.eldigitaldeasturias.com\\\/noticias\\\/xixon-si-puede-analiza-esta-semana-su-primer-ano-politico\\\/#listItem\",\"name\":\"Xix\\u00f3n S\\u00ed Puede analiza esta semana su primer a\\u00f1o pol\\u00edtico\"},\"previousItem\":{\"@type\":\"ListItem\",\"@id\":\"https:\\\/\\\/www.eldigitaldeasturias.com\\\/noticias#listItem\",\"name\":\"Home\"}},{\"@type\":\"ListItem\",\"@id\":\"https:\\\/\\\/www.eldigitaldeasturias.com\\\/noticias\\\/xixon-si-puede-analiza-esta-semana-su-primer-ano-politico\\\/#listItem\",\"position\":3,\"name\":\"Xix\\u00f3n S\\u00ed Puede analiza esta semana su primer a\\u00f1o pol\\u00edtico\",\"previousItem\":{\"@type\":\"ListItem\",\"@id\":\"https:\\\/\\\/www.eldigitaldeasturias.com\\\/noticias\\\/category\\\/actualidad-asturias\\\/#listItem\",\"name\":\"Actualidad Asturias\"}}]},{\"@type\":\"Organization\",\"@id\":\"https:\\\/\\\/www.eldigitaldeasturias.com\\\/noticias\\\/#organization\",\"name\":\"El Digital de Asturias\",\"description\":\"Hemeroteca\",\"url\":\"https:\\\/\\\/www.eldigitaldeasturias.com\\\/noticias\\\/\",\"email\":\"info@eldigitaldeasturias.com\",\"telephone\":\"+34652131393\",\"logo\":{\"@type\":\"ImageObject\",\"url\":\"https:\\\/\\\/www.eldigitaldeasturias.com\\\/noticias\\\/wp-content\\\/uploads\\\/2020\\\/12\\\/EDA.jpg\",\"@id\":\"https:\\\/\\\/www.eldigitaldeasturias.com\\\/noticias\\\/xixon-si-puede-analiza-esta-semana-su-primer-ano-politico\\\/#organizationLogo\",\"width\":649,\"height\":297},\"image\":{\"@id\":\"https:\\\/\\\/www.eldigitaldeasturias.com\\\/noticias\\\/xixon-si-puede-analiza-esta-semana-su-primer-ano-politico\\\/#organizationLogo\"},\"sameAs\":[\"https:\\\/\\\/facebook.com\\\/eldigitaldeasturias\",\"https:\\\/\\\/www.youtube.com\\\/channel\\\/UCZP-2wLEB9Rv6erhFmqVnvg\"],\"address\":{\"@id\":\"https:\\\/\\\/www.eldigitaldeasturias.com\\\/noticias\\\/#postaladdress\",\"@type\":\"PostalAddress\",\"streetAddress\":\"san antonio 4,\",\"postalCode\":\"33430\",\"addressLocality\":\"Cand\\u00e1s\",\"addressRegion\":\"Asturias\",\"addressCountry\":\"ES\"}},{\"@type\":\"Person\",\"@id\":\"https:\\\/\\\/www.eldigitaldeasturias.com\\\/noticias\\\/author\\\/admin\\\/#author\",\"url\":\"https:\\\/\\\/www.eldigitaldeasturias.com\\\/noticias\\\/author\\\/admin\\\/\",\"name\":\"El Digital de Asturias\",\"image\":{\"@type\":\"ImageObject\",\"@id\":\"https:\\\/\\\/www.eldigitaldeasturias.com\\\/noticias\\\/xixon-si-puede-analiza-esta-semana-su-primer-ano-politico\\\/#authorImage\",\"url\":\"https:\\\/\\\/www.eldigitaldeasturias.com\\\/noticias\\\/wp-content\\\/litespeed\\\/avatar\\\/18677e78aa0546b92d9dbf31ec7d7668.jpg?ver=1777290358\",\"width\":96,\"height\":96,\"caption\":\"El Digital de Asturias\"}},{\"@type\":\"WebPage\",\"@id\":\"https:\\\/\\\/www.eldigitaldeasturias.com\\\/noticias\\\/xixon-si-puede-analiza-esta-semana-su-primer-ano-politico\\\/#webpage\",\"url\":\"https:\\\/\\\/www.eldigitaldeasturias.com\\\/noticias\\\/xixon-si-puede-analiza-esta-semana-su-primer-ano-politico\\\/\",\"name\":\"Xix\\u00f3n S\\u00ed Puede analiza esta semana su primer a\\u00f1o pol\\u00edtico - El Digital de Asturias\",\"description\":\"Xix\\u00f3n S\\u00ed Puede celebra el martes, 20 de septiembre, una asamblea para hacer balance en com\\u00fan de un a\\u00f1o de la pol\\u00edtica municipal. El acto tendr\\u00e1 lugar una semana antes de la celebraci\\u00f3n del debate sobre el estado del municipio que se realizar\\u00e1 en el Pleno extraordinario del 28 de septiembre. Para este debate, XsP\",\"inLanguage\":\"es-ES\",\"isPartOf\":{\"@id\":\"https:\\\/\\\/www.eldigitaldeasturias.com\\\/noticias\\\/#website\"},\"breadcrumb\":{\"@id\":\"https:\\\/\\\/www.eldigitaldeasturias.com\\\/noticias\\\/xixon-si-puede-analiza-esta-semana-su-primer-ano-politico\\\/#breadcrumblist\"},\"author\":{\"@id\":\"https:\\\/\\\/www.eldigitaldeasturias.com\\\/noticias\\\/author\\\/admin\\\/#author\"},\"creator\":{\"@id\":\"https:\\\/\\\/www.eldigitaldeasturias.com\\\/noticias\\\/author\\\/admin\\\/#author\"},\"image\":{\"@type\":\"ImageObject\",\"url\":\"https:\\\/\\\/www.eldigitaldeasturias.com\\\/noticias\\\/wp-content\\\/uploads\\\/2015\\\/04\\\/xixon-si-puede.jpg\",\"@id\":\"https:\\\/\\\/www.eldigitaldeasturias.com\\\/noticias\\\/xixon-si-puede-analiza-esta-semana-su-primer-ano-politico\\\/#mainImage\",\"width\":655,\"height\":360},\"primaryImageOfPage\":{\"@id\":\"https:\\\/\\\/www.eldigitaldeasturias.com\\\/noticias\\\/xixon-si-puede-analiza-esta-semana-su-primer-ano-politico\\\/#mainImage\"},\"datePublished\":\"2016-09-18T16:44:35+02:00\",\"dateModified\":\"2016-09-18T16:44:35+02:00\"},{\"@type\":\"WebSite\",\"@id\":\"https:\\\/\\\/www.eldigitaldeasturias.com\\\/noticias\\\/#website\",\"url\":\"https:\\\/\\\/www.eldigitaldeasturias.com\\\/noticias\\\/\",\"name\":\"El Digital de Asturias - Diario de actualidad y noticias\",\"alternateName\":\"El Digital de Asturias - Diario de actualidad y noticias\",\"description\":\"Hemeroteca\",\"inLanguage\":\"es-ES\",\"publisher\":{\"@id\":\"https:\\\/\\\/www.eldigitaldeasturias.com\\\/noticias\\\/#organization\"}}]}\n\t\t<\/script>\n\t\t<!-- All in One SEO Pro -->\r\n\t\t<title>Xix\u00f3n S\u00ed Puede analiza esta semana su primer a\u00f1o pol\u00edtico - El Digital de Asturias<\/title>\n\n","aioseo_head_json":{"title":"Xix\u00f3n S\u00ed Puede analiza esta semana su primer a\u00f1o pol\u00edtico - El Digital de Asturias","description":"Xix\u00f3n S\u00ed Puede celebra el martes, 20 de septiembre, una asamblea para hacer balance en com\u00fan de un a\u00f1o de la pol\u00edtica municipal. El acto tendr\u00e1 lugar una semana antes de la celebraci\u00f3n del debate sobre el estado del municipio que se realizar\u00e1 en el Pleno extraordinario del 28 de septiembre. Para este debate, XsP","canonical_url":"https:\/\/www.eldigitaldeasturias.com\/noticias\/xixon-si-puede-analiza-esta-semana-su-primer-ano-politico\/","robots":"max-image-preview:large","keywords":"actualidad asturias","webmasterTools":{"google-site-verification":"UA-38556648-1","msvalidate.01":"7dfe9f3f1b24437ab69f4f2559babe99","miscellaneous":""},"schema":{"@context":"https:\/\/schema.org","@graph":[{"@type":"BlogPosting","@id":"https:\/\/www.eldigitaldeasturias.com\/noticias\/xixon-si-puede-analiza-esta-semana-su-primer-ano-politico\/#blogposting","name":"Xix\u00f3n S\u00ed Puede analiza esta semana su primer a\u00f1o pol\u00edtico - El Digital de Asturias","headline":"Xix\u00f3n S\u00ed Puede analiza esta semana su primer a\u00f1o pol\u00edtico","author":{"@id":"https:\/\/www.eldigitaldeasturias.com\/noticias\/author\/admin\/#author"},"publisher":{"@id":"https:\/\/www.eldigitaldeasturias.com\/noticias\/#organization"},"image":{"@type":"ImageObject","url":"https:\/\/www.eldigitaldeasturias.com\/noticias\/wp-content\/uploads\/2015\/04\/xixon-si-puede.jpg","width":655,"height":360},"datePublished":"2016-09-18T16:44:35+02:00","dateModified":"2016-09-18T16:44:35+02:00","inLanguage":"es-ES","mainEntityOfPage":{"@id":"https:\/\/www.eldigitaldeasturias.com\/noticias\/xixon-si-puede-analiza-esta-semana-su-primer-ano-politico\/#webpage"},"isPartOf":{"@id":"https:\/\/www.eldigitaldeasturias.com\/noticias\/xixon-si-puede-analiza-esta-semana-su-primer-ano-politico\/#webpage"},"articleSection":"Actualidad Asturias"},{"@type":"BreadcrumbList","@id":"https:\/\/www.eldigitaldeasturias.com\/noticias\/xixon-si-puede-analiza-esta-semana-su-primer-ano-politico\/#breadcrumblist","itemListElement":[{"@type":"ListItem","@id":"https:\/\/www.eldigitaldeasturias.com\/noticias#listItem","position":1,"name":"Home","item":"https:\/\/www.eldigitaldeasturias.com\/noticias","nextItem":{"@type":"ListItem","@id":"https:\/\/www.eldigitaldeasturias.com\/noticias\/category\/actualidad-asturias\/#listItem","name":"Actualidad Asturias"}},{"@type":"ListItem","@id":"https:\/\/www.eldigitaldeasturias.com\/noticias\/category\/actualidad-asturias\/#listItem","position":2,"name":"Actualidad Asturias","item":"https:\/\/www.eldigitaldeasturias.com\/noticias\/category\/actualidad-asturias\/","nextItem":{"@type":"ListItem","@id":"https:\/\/www.eldigitaldeasturias.com\/noticias\/xixon-si-puede-analiza-esta-semana-su-primer-ano-politico\/#listItem","name":"Xix\u00f3n S\u00ed Puede analiza esta semana su primer a\u00f1o pol\u00edtico"},"previousItem":{"@type":"ListItem","@id":"https:\/\/www.eldigitaldeasturias.com\/noticias#listItem","name":"Home"}},{"@type":"ListItem","@id":"https:\/\/www.eldigitaldeasturias.com\/noticias\/xixon-si-puede-analiza-esta-semana-su-primer-ano-politico\/#listItem","position":3,"name":"Xix\u00f3n S\u00ed Puede analiza esta semana su primer a\u00f1o pol\u00edtico","previousItem":{"@type":"ListItem","@id":"https:\/\/www.eldigitaldeasturias.com\/noticias\/category\/actualidad-asturias\/#listItem","name":"Actualidad Asturias"}}]},{"@type":"Organization","@id":"https:\/\/www.eldigitaldeasturias.com\/noticias\/#organization","name":"El Digital de Asturias","description":"Hemeroteca","url":"https:\/\/www.eldigitaldeasturias.com\/noticias\/","email":"info@eldigitaldeasturias.com","telephone":"+34652131393","logo":{"@type":"ImageObject","url":"https:\/\/www.eldigitaldeasturias.com\/noticias\/wp-content\/uploads\/2020\/12\/EDA.jpg","@id":"https:\/\/www.eldigitaldeasturias.com\/noticias\/xixon-si-puede-analiza-esta-semana-su-primer-ano-politico\/#organizationLogo","width":649,"height":297},"image":{"@id":"https:\/\/www.eldigitaldeasturias.com\/noticias\/xixon-si-puede-analiza-esta-semana-su-primer-ano-politico\/#organizationLogo"},"sameAs":["https:\/\/facebook.com\/eldigitaldeasturias","https:\/\/www.youtube.com\/channel\/UCZP-2wLEB9Rv6erhFmqVnvg"],"address":{"@id":"https:\/\/www.eldigitaldeasturias.com\/noticias\/#postaladdress","@type":"PostalAddress","streetAddress":"san antonio 4,","postalCode":"33430","addressLocality":"Cand\u00e1s","addressRegion":"Asturias","addressCountry":"ES"}},{"@type":"Person","@id":"https:\/\/www.eldigitaldeasturias.com\/noticias\/author\/admin\/#author","url":"https:\/\/www.eldigitaldeasturias.com\/noticias\/author\/admin\/","name":"El Digital de Asturias","image":{"@type":"ImageObject","@id":"https:\/\/www.eldigitaldeasturias.com\/noticias\/xixon-si-puede-analiza-esta-semana-su-primer-ano-politico\/#authorImage","url":"https:\/\/www.eldigitaldeasturias.com\/noticias\/wp-content\/litespeed\/avatar\/18677e78aa0546b92d9dbf31ec7d7668.jpg?ver=1777290358","width":96,"height":96,"caption":"El Digital de Asturias"}},{"@type":"WebPage","@id":"https:\/\/www.eldigitaldeasturias.com\/noticias\/xixon-si-puede-analiza-esta-semana-su-primer-ano-politico\/#webpage","url":"https:\/\/www.eldigitaldeasturias.com\/noticias\/xixon-si-puede-analiza-esta-semana-su-primer-ano-politico\/","name":"Xix\u00f3n S\u00ed Puede analiza esta semana su primer a\u00f1o pol\u00edtico - El Digital de Asturias","description":"Xix\u00f3n S\u00ed Puede celebra el martes, 20 de septiembre, una asamblea para hacer balance en com\u00fan de un a\u00f1o de la pol\u00edtica municipal. El acto tendr\u00e1 lugar una semana antes de la celebraci\u00f3n del debate sobre el estado del municipio que se realizar\u00e1 en el Pleno extraordinario del 28 de septiembre. Para este debate, XsP","inLanguage":"es-ES","isPartOf":{"@id":"https:\/\/www.eldigitaldeasturias.com\/noticias\/#website"},"breadcrumb":{"@id":"https:\/\/www.eldigitaldeasturias.com\/noticias\/xixon-si-puede-analiza-esta-semana-su-primer-ano-politico\/#breadcrumblist"},"author":{"@id":"https:\/\/www.eldigitaldeasturias.com\/noticias\/author\/admin\/#author"},"creator":{"@id":"https:\/\/www.eldigitaldeasturias.com\/noticias\/author\/admin\/#author"},"image":{"@type":"ImageObject","url":"https:\/\/www.eldigitaldeasturias.com\/noticias\/wp-content\/uploads\/2015\/04\/xixon-si-puede.jpg","@id":"https:\/\/www.eldigitaldeasturias.com\/noticias\/xixon-si-puede-analiza-esta-semana-su-primer-ano-politico\/#mainImage","width":655,"height":360},"primaryImageOfPage":{"@id":"https:\/\/www.eldigitaldeasturias.com\/noticias\/xixon-si-puede-analiza-esta-semana-su-primer-ano-politico\/#mainImage"},"datePublished":"2016-09-18T16:44:35+02:00","dateModified":"2016-09-18T16:44:35+02:00"},{"@type":"WebSite","@id":"https:\/\/www.eldigitaldeasturias.com\/noticias\/#website","url":"https:\/\/www.eldigitaldeasturias.com\/noticias\/","name":"El Digital de Asturias - Diario de actualidad y noticias","alternateName":"El Digital de Asturias - Diario de actualidad y noticias","description":"Hemeroteca","inLanguage":"es-ES","publisher":{"@id":"https:\/\/www.eldigitaldeasturias.com\/noticias\/#organization"}}]},"og:locale":"es_ES","og:site_name":"El Digital de Asturias","og:type":"article","og:title":"Xix\u00f3n S\u00ed Puede analiza esta semana su primer a\u00f1o pol\u00edtico - El Digital de Asturias","og:description":"Xix\u00f3n S\u00ed Puede celebra el martes, 20 de septiembre, una asamblea para hacer balance en com\u00fan de un a\u00f1o de la pol\u00edtica municipal. El acto tendr\u00e1 lugar una semana antes de la celebraci\u00f3n del debate sobre el estado del municipio que se realizar\u00e1 en el Pleno extraordinario del 28 de septiembre. Para este debate, XsP","og:url":"https:\/\/www.eldigitaldeasturias.com\/noticias\/xixon-si-puede-analiza-esta-semana-su-primer-ano-politico\/","og:image":"https:\/\/www.eldigitaldeasturias.com\/noticias\/wp-content\/uploads\/2015\/04\/xixon-si-puede.jpg","og:image:secure_url":"https:\/\/www.eldigitaldeasturias.com\/noticias\/wp-content\/uploads\/2015\/04\/xixon-si-puede.jpg","og:image:width":655,"og:image:height":360,"article:tag":["actualidad asturias"],"article:published_time":"2016-09-18T15:44:35+00:00","article:modified_time":"2016-09-18T15:44:35+00:00","article:publisher":"https:\/\/facebook.com\/eldigitaldeasturias","twitter:card":"summary_large_image","twitter:title":"Xix\u00f3n S\u00ed Puede analiza esta semana su primer a\u00f1o pol\u00edtico - El Digital de Asturias","twitter:description":"Xix\u00f3n S\u00ed Puede celebra el martes, 20 de septiembre, una asamblea para hacer balance en com\u00fan de un a\u00f1o de la pol\u00edtica municipal. El acto tendr\u00e1 lugar una semana antes de la celebraci\u00f3n del debate sobre el estado del municipio que se realizar\u00e1 en el Pleno extraordinario del 28 de septiembre. Para este debate, XsP","twitter:image":"https:\/\/www.eldigitaldeasturias.com\/noticias\/wp-content\/uploads\/2015\/04\/xixon-si-puede.jpg","twitter:label1":"Escrito por","twitter:data1":"El Digital de Asturias","twitter:label2":"Tiempo de lectura estimado","twitter:data2":"1 minuto"},"aioseo_meta_data":{"post_id":"908370","title":null,"description":null,"keywords":null,"keyphrases":null,"primary_term":null,"canonical_url":null,"og_title":null,"og_description":null,"og_object_type":"default","og_image_type":"default","og_image_url":null,"og_image_width":null,"og_image_height":null,"og_image_custom_url":null,"og_image_custom_fields":null,"og_video":null,"og_custom_url":null,"og_article_section":null,"og_article_tags":null,"twitter_use_og":false,"twitter_card":"default","twitter_image_type":"default","twitter_image_url":null,"twitter_image_custom_url":null,"twitter_image_custom_fields":null,"twitter_title":null,"twitter_description":null,"schema":{"blockGraphs":[],"customGraphs":[],"default":{"data":{"Article":[],"Course":[],"Dataset":[],"FAQPage":[],"Movie":[],"Person":[],"Product":[],"ProductReview":[],"Car":[],"Recipe":[],"Service":[],"SoftwareApplication":[],"WebPage":[]},"graphName":"","isEnabled":true},"graphs":[],"defaultGraph":"","defaultPostTypeGraph":""},"schema_type":null,"schema_type_options":null,"pillar_content":false,"robots_default":true,"robots_noindex":false,"robots_noarchive":false,"robots_nosnippet":false,"robots_nofollow":false,"robots_noimageindex":false,"robots_noodp":false,"robots_notranslate":false,"robots_max_snippet":null,"robots_max_videopreview":null,"robots_max_imagepreview":"large","priority":null,"frequency":null,"local_seo":null,"seo_analyzer_scan_date":"2025-11-30 15:52:21","breadcrumb_settings":null,"limit_modified_date":false,"open_ai":null,"ai":null,"created":"2020-12-21 14:00:13","updated":"2025-11-30 15:52:21"},"aioseo_breadcrumb":"<div class=\"aioseo-breadcrumbs\"><span class=\"aioseo-breadcrumb\">\n\t<a href=\"https:\/\/www.eldigitaldeasturias.com\/noticias\" title=\"Home\">Home<\/a>\n<\/span><span class=\"aioseo-breadcrumb-separator\">\u2013<\/span><span class=\"aioseo-breadcrumb\">\n\t<a href=\"https:\/\/www.eldigitaldeasturias.com\/noticias\/category\/actualidad-asturias\/\" title=\"Actualidad Asturias\">Actualidad Asturias<\/a>\n<\/span><span class=\"aioseo-breadcrumb-separator\">\u2013<\/span><span class=\"aioseo-breadcrumb\">\n\t<a href=\"https:\/\/www.eldigitaldeasturias.com\/noticias\/xixon-si-puede-analiza-esta-semana-su-primer-ano-politico\/\" title=\"Xix\u00f3n S\u00ed Puede analiza esta semana su primer a\u00f1o pol\u00edtico\">Xix\u00f3n S\u00ed Puede analiza esta semana su primer a\u00f1o pol\u00edtico<\/a>\n<\/span><\/div>","aioseo_breadcrumb_json":[{"label":"Home","link":"https:\/\/www.eldigitaldeasturias.com\/noticias"},{"label":"Actualidad Asturias","link":"https:\/\/www.eldigitaldeasturias.com\/noticias\/category\/actualidad-asturias\/"},{"label":"Xix\u00f3n S\u00ed Puede analiza esta semana su primer a\u00f1o pol\u00edtico","link":"https:\/\/www.eldigitaldeasturias.com\/noticias\/xixon-si-puede-analiza-esta-semana-su-primer-ano-politico\/"}],"_links":{"self":[{"href":"https:\/\/www.eldigitaldeasturias.com\/noticias\/wp-json\/wp\/v2\/posts\/908370","targetHints":{"allow":["GET"]}}],"collection":[{"href":"https:\/\/www.eldigitaldeasturias.com\/noticias\/wp-json\/wp\/v2\/posts"}],"about":[{"href":"https:\/\/www.eldigitaldeasturias.com\/noticias\/wp-json\/wp\/v2\/types\/post"}],"author":[{"embeddable":true,"href":"https:\/\/www.eldigitaldeasturias.com\/noticias\/wp-json\/wp\/v2\/users\/1"}],"replies":[{"embeddable":true,"href":"https:\/\/www.eldigitaldeasturias.com\/noticias\/wp-json\/wp\/v2\/comments?post=908370"}],"version-history":[{"count":0,"href":"https:\/\/www.eldigitaldeasturias.com\/noticias\/wp-json\/wp\/v2\/posts\/908370\/revisions"}],"wp:featuredmedia":[{"embeddable":true,"href":"https:\/\/www.eldigitaldeasturias.com\/noticias\/wp-json\/wp\/v2\/media\/780460"}],"wp:attachment":[{"href":"https:\/\/www.eldigitaldeasturias.com\/noticias\/wp-json\/wp\/v2\/media?parent=908370"}],"wp:term":[{"taxonomy":"category","embeddable":true,"href":"https:\/\/www.eldigitaldeasturias.com\/noticias\/wp-json\/wp\/v2\/categories?post=908370"},{"taxonomy":"post_tag","embeddable":true,"href":"https:\/\/www.eldigitaldeasturias.com\/noticias\/wp-json\/wp\/v2\/tags?post=908370"}],"curies":[{"name":"wp","href":"https:\/\/api.w.org\/{rel}","templated":true}]}}