{"id":908367,"date":"2016-09-18T16:42:00","date_gmt":"2016-09-18T15:42:00","guid":{"rendered":"http:\/\/www.eldigitaldeasturias.com\/noticias\/?p=908367"},"modified":"2016-09-18T16:42:00","modified_gmt":"2016-09-18T15:42:00","slug":"cristina-coto-muestra-su-apoyo-a-la-cofradia-de-jesus-nazareno-ecce-homo","status":"publish","type":"post","link":"https:\/\/www.eldigitaldeasturias.com\/noticias\/cristina-coto-muestra-su-apoyo-a-la-cofradia-de-jesus-nazareno-ecce-homo\/","title":{"rendered":"Cristina Coto muestra su apoyo a la Cofrad\u00eda de Jes\u00fas Nazareno Ecce-Homo"},"content":{"rendered":"<p><img loading=\"lazy\" decoding=\"async\" class=\"alignleft size-medium wp-image-908368\" src=\"https:\/\/www.eldigitaldeasturias.com\/noticias\/wp-content\/uploads\/2016\/09\/6551_1-240x320.jpg\" alt=\"6551_1\" width=\"240\" height=\"320\" srcset=\"https:\/\/www.eldigitaldeasturias.com\/noticias\/wp-content\/uploads\/2016\/09\/6551_1-240x320.jpg 240w, https:\/\/www.eldigitaldeasturias.com\/noticias\/wp-content\/uploads\/2016\/09\/6551_1-768x1024.jpg 768w, https:\/\/www.eldigitaldeasturias.com\/noticias\/wp-content\/uploads\/2016\/09\/6551_1-487x650.jpg 487w, https:\/\/www.eldigitaldeasturias.com\/noticias\/wp-content\/uploads\/2016\/09\/6551_1.jpg 800w\" sizes=\"auto, (max-width: 240px) 100vw, 240px\" \/>La presidenta de Foro Asturias, Cristina Coto, ha mostrado este domingo su oposici\u00f3n a las \u00abprohibiciones inconstitucionales y sectarias que atentan contra la libertad religiosa\u00bb, en referencia a la moci\u00f3n aprobada el 9 de mayo en el Ayuntamiento de Nore\u00f1a, en la que se propon\u00eda la adhesi\u00f3n del Consistorio a la Red de Municipios por un Estado Laico.<\/p>\n<p>La l\u00edder forista ha acudido este domingo a Nore\u00f1a con el diputado y secretario primero de la Junta General del Principado, Pedro Leal, para participar en la procesi\u00f3n organizada por la Cofrad\u00eda de Jes\u00fas Nazareno Ecce-Homo.<\/p>\n<p>Aprovechando esta visita, la presidenta de FORO afirm\u00f3 que \u00abacudimos a la procesi\u00f3n como expresi\u00f3n libre de nuestras creencias y como apoyo a la Cofrad\u00eda de Jes\u00fas Nazareno Ecce-Homo, una instituci\u00f3n que recoge los sentimientos de una gran mayor\u00eda de los nore\u00f1enses\u00bb.<\/p>\n<p>Cristina Coto se se ha referidio a la pol\u00e9mica por la citada moci\u00f3n. \u00abEn FORO nos oponemos a las prohibiciones inconstitucionales y sectarias que atentan contra la libertad religiosa y de culto reconocida en el art\u00edculo 16 de la Constituci\u00f3n, y contra la laicidad bien entendida de la mejor tradici\u00f3n europea\u00bb, ha se\u00f1alado Coto.<\/p>\n<p>En su opoini\u00f3n, \u00ablos ignorantes que no conozcan la tradici\u00f3n europea que se den una vuelta por un pa\u00eds laico y volteriano como Francia, y comprueben c\u00f3mo se celebran los honras religiosas de Estado, presididas por las autoridades de la Rep\u00fablica, cada vez que ocurre un acontecimiento o suceso que lo justifica\u00bb.<\/p>\n<p>\u00abSolo se puede construir la convivencia en un pa\u00eds democr\u00e1tico desde el respeto a las creencias y convicciones de cada uno, por lo que resulta muy preocupante que se haya aprobado una extravagante prohibici\u00f3n de que los cargos p\u00fablicos puedan participar en ceremonias religiosas como esta procesi\u00f3n, -afirm\u00f3 Coto- por lo que resulta propio de otros tiempos y lugares que se vete como la participaci\u00f3n de los cargos p\u00fablicos en cualquier &#8216;gesto de sumisi\u00f3n o veneraci\u00f3n de personas o im\u00e1genes religiosas&#8217;, tal y como recogi\u00f3 aquella moci\u00f3n\u00bb, ha concluido la l\u00edder de la formaci\u00f3n.<\/p>\n<p>&nbsp;<\/p>\n","protected":false},"excerpt":{"rendered":"<p>La presidenta de Foro Asturias, Cristina Coto, ha mostrado este domingo su oposici\u00f3n a las \u00abprohibiciones inconstitucionales y sectarias que atentan contra la libertad religiosa\u00bb, en referencia a la moci\u00f3n aprobada el 9 de mayo en el Ayuntamiento de Nore\u00f1a, en la que se propon\u00eda la adhesi\u00f3n del Consistorio a la Red de Municipios por [&hellip;]<\/p>\n","protected":false},"author":1,"featured_media":908368,"comment_status":"closed","ping_status":"closed","sticky":false,"template":"","format":"standard","meta":{"footnotes":""},"categories":[12],"tags":[],"class_list":["post-908367","post","type-post","status-publish","format-standard","has-post-thumbnail","hentry","category-actualidad-asturias"],"aioseo_notices":[],"aioseo_head":"\n\t\t<!-- All in One SEO Pro 4.9.6.2 - aioseo.com -->\n\t<meta name=\"description\" content=\"La presidenta de Foro Asturias, Cristina Coto, ha mostrado este domingo su oposici\u00f3n a las &quot;prohibiciones inconstitucionales y sectarias que atentan contra la libertad religiosa&quot;, en referencia a la moci\u00f3n aprobada el 9 de mayo en el Ayuntamiento de Nore\u00f1a, en la que se propon\u00eda la adhesi\u00f3n del Consistorio a la Red de Municipios por\" \/>\n\t<meta name=\"robots\" content=\"max-image-preview:large\" \/>\n\t<meta name=\"author\" content=\"El Digital de Asturias\"\/>\n\t<meta name=\"google-site-verification\" content=\"UA-38556648-1\" \/>\n\t<meta name=\"msvalidate.01\" content=\"7dfe9f3f1b24437ab69f4f2559babe99\" \/>\n\t<meta name=\"keywords\" content=\"actualidad asturias\" \/>\n\t<link rel=\"canonical\" href=\"https:\/\/www.eldigitaldeasturias.com\/noticias\/cristina-coto-muestra-su-apoyo-a-la-cofradia-de-jesus-nazareno-ecce-homo\/\" \/>\n\t<meta name=\"generator\" content=\"All in One SEO Pro (AIOSEO) 4.9.6.2\" \/>\n\t\t<meta property=\"og:locale\" content=\"es_ES\" \/>\n\t\t<meta property=\"og:site_name\" content=\"El Digital de Asturias\" \/>\n\t\t<meta property=\"og:type\" content=\"article\" \/>\n\t\t<meta property=\"og:title\" content=\"Cristina Coto muestra su apoyo a la Cofrad\u00eda de Jes\u00fas Nazareno Ecce-Homo - El Digital de Asturias\" \/>\n\t\t<meta property=\"og:description\" content=\"La presidenta de Foro Asturias, Cristina Coto, ha mostrado este domingo su oposici\u00f3n a las &quot;prohibiciones inconstitucionales y sectarias que atentan contra la libertad religiosa&quot;, en referencia a la moci\u00f3n aprobada el 9 de mayo en el Ayuntamiento de Nore\u00f1a, en la que se propon\u00eda la adhesi\u00f3n del Consistorio a la Red de Municipios por\" \/>\n\t\t<meta property=\"og:url\" content=\"https:\/\/www.eldigitaldeasturias.com\/noticias\/cristina-coto-muestra-su-apoyo-a-la-cofradia-de-jesus-nazareno-ecce-homo\/\" \/>\n\t\t<meta property=\"og:image\" content=\"https:\/\/www.eldigitaldeasturias.com\/noticias\/wp-content\/uploads\/2016\/09\/6551_1.jpg\" \/>\n\t\t<meta property=\"og:image:secure_url\" content=\"https:\/\/www.eldigitaldeasturias.com\/noticias\/wp-content\/uploads\/2016\/09\/6551_1.jpg\" \/>\n\t\t<meta property=\"og:image:width\" content=\"800\" \/>\n\t\t<meta property=\"og:image:height\" content=\"1067\" \/>\n\t\t<meta property=\"article:tag\" content=\"actualidad asturias\" \/>\n\t\t<meta property=\"article:published_time\" content=\"2016-09-18T15:42:00+00:00\" \/>\n\t\t<meta property=\"article:modified_time\" content=\"2016-09-18T15:42:00+00:00\" \/>\n\t\t<meta property=\"article:publisher\" content=\"https:\/\/facebook.com\/eldigitaldeasturias\" \/>\n\t\t<meta name=\"twitter:card\" content=\"summary_large_image\" \/>\n\t\t<meta name=\"twitter:title\" content=\"Cristina Coto muestra su apoyo a la Cofrad\u00eda de Jes\u00fas Nazareno Ecce-Homo - El Digital de Asturias\" \/>\n\t\t<meta name=\"twitter:description\" content=\"La presidenta de Foro Asturias, Cristina Coto, ha mostrado este domingo su oposici\u00f3n a las &quot;prohibiciones inconstitucionales y sectarias que atentan contra la libertad religiosa&quot;, en referencia a la moci\u00f3n aprobada el 9 de mayo en el Ayuntamiento de Nore\u00f1a, en la que se propon\u00eda la adhesi\u00f3n del Consistorio a la Red de Municipios por\" \/>\n\t\t<meta name=\"twitter:image\" content=\"https:\/\/www.eldigitaldeasturias.com\/noticias\/wp-content\/uploads\/2016\/09\/6551_1.jpg\" \/>\n\t\t<meta name=\"twitter:label1\" content=\"Escrito por\" \/>\n\t\t<meta name=\"twitter:data1\" content=\"El Digital de Asturias\" \/>\n\t\t<meta name=\"twitter:label2\" content=\"Tiempo de lectura estimado\" \/>\n\t\t<meta name=\"twitter:data2\" content=\"2 minutos\" \/>\n\t\t<script type=\"application\/ld+json\" class=\"aioseo-schema\">\n\t\t\t{\"@context\":\"https:\\\/\\\/schema.org\",\"@graph\":[{\"@type\":\"BlogPosting\",\"@id\":\"https:\\\/\\\/www.eldigitaldeasturias.com\\\/noticias\\\/cristina-coto-muestra-su-apoyo-a-la-cofradia-de-jesus-nazareno-ecce-homo\\\/#blogposting\",\"name\":\"Cristina Coto muestra su apoyo a la Cofrad\\u00eda de Jes\\u00fas Nazareno Ecce-Homo - El Digital de Asturias\",\"headline\":\"Cristina Coto muestra su apoyo a la Cofrad\\u00eda de Jes\\u00fas Nazareno Ecce-Homo\",\"author\":{\"@id\":\"https:\\\/\\\/www.eldigitaldeasturias.com\\\/noticias\\\/author\\\/admin\\\/#author\"},\"publisher\":{\"@id\":\"https:\\\/\\\/www.eldigitaldeasturias.com\\\/noticias\\\/#organization\"},\"image\":{\"@type\":\"ImageObject\",\"url\":\"https:\\\/\\\/www.eldigitaldeasturias.com\\\/noticias\\\/wp-content\\\/uploads\\\/2016\\\/09\\\/6551_1.jpg\",\"width\":800,\"height\":1067},\"datePublished\":\"2016-09-18T16:42:00+02:00\",\"dateModified\":\"2016-09-18T16:42:00+02:00\",\"inLanguage\":\"es-ES\",\"mainEntityOfPage\":{\"@id\":\"https:\\\/\\\/www.eldigitaldeasturias.com\\\/noticias\\\/cristina-coto-muestra-su-apoyo-a-la-cofradia-de-jesus-nazareno-ecce-homo\\\/#webpage\"},\"isPartOf\":{\"@id\":\"https:\\\/\\\/www.eldigitaldeasturias.com\\\/noticias\\\/cristina-coto-muestra-su-apoyo-a-la-cofradia-de-jesus-nazareno-ecce-homo\\\/#webpage\"},\"articleSection\":\"Actualidad Asturias\"},{\"@type\":\"BreadcrumbList\",\"@id\":\"https:\\\/\\\/www.eldigitaldeasturias.com\\\/noticias\\\/cristina-coto-muestra-su-apoyo-a-la-cofradia-de-jesus-nazareno-ecce-homo\\\/#breadcrumblist\",\"itemListElement\":[{\"@type\":\"ListItem\",\"@id\":\"https:\\\/\\\/www.eldigitaldeasturias.com\\\/noticias#listItem\",\"position\":1,\"name\":\"Home\",\"item\":\"https:\\\/\\\/www.eldigitaldeasturias.com\\\/noticias\",\"nextItem\":{\"@type\":\"ListItem\",\"@id\":\"https:\\\/\\\/www.eldigitaldeasturias.com\\\/noticias\\\/category\\\/actualidad-asturias\\\/#listItem\",\"name\":\"Actualidad Asturias\"}},{\"@type\":\"ListItem\",\"@id\":\"https:\\\/\\\/www.eldigitaldeasturias.com\\\/noticias\\\/category\\\/actualidad-asturias\\\/#listItem\",\"position\":2,\"name\":\"Actualidad Asturias\",\"item\":\"https:\\\/\\\/www.eldigitaldeasturias.com\\\/noticias\\\/category\\\/actualidad-asturias\\\/\",\"nextItem\":{\"@type\":\"ListItem\",\"@id\":\"https:\\\/\\\/www.eldigitaldeasturias.com\\\/noticias\\\/cristina-coto-muestra-su-apoyo-a-la-cofradia-de-jesus-nazareno-ecce-homo\\\/#listItem\",\"name\":\"Cristina Coto muestra su apoyo a la Cofrad\\u00eda de Jes\\u00fas Nazareno Ecce-Homo\"},\"previousItem\":{\"@type\":\"ListItem\",\"@id\":\"https:\\\/\\\/www.eldigitaldeasturias.com\\\/noticias#listItem\",\"name\":\"Home\"}},{\"@type\":\"ListItem\",\"@id\":\"https:\\\/\\\/www.eldigitaldeasturias.com\\\/noticias\\\/cristina-coto-muestra-su-apoyo-a-la-cofradia-de-jesus-nazareno-ecce-homo\\\/#listItem\",\"position\":3,\"name\":\"Cristina Coto muestra su apoyo a la Cofrad\\u00eda de Jes\\u00fas Nazareno Ecce-Homo\",\"previousItem\":{\"@type\":\"ListItem\",\"@id\":\"https:\\\/\\\/www.eldigitaldeasturias.com\\\/noticias\\\/category\\\/actualidad-asturias\\\/#listItem\",\"name\":\"Actualidad Asturias\"}}]},{\"@type\":\"Organization\",\"@id\":\"https:\\\/\\\/www.eldigitaldeasturias.com\\\/noticias\\\/#organization\",\"name\":\"El Digital de Asturias\",\"description\":\"Hemeroteca\",\"url\":\"https:\\\/\\\/www.eldigitaldeasturias.com\\\/noticias\\\/\",\"email\":\"info@eldigitaldeasturias.com\",\"telephone\":\"+34652131393\",\"logo\":{\"@type\":\"ImageObject\",\"url\":\"https:\\\/\\\/www.eldigitaldeasturias.com\\\/noticias\\\/wp-content\\\/uploads\\\/2020\\\/12\\\/EDA.jpg\",\"@id\":\"https:\\\/\\\/www.eldigitaldeasturias.com\\\/noticias\\\/cristina-coto-muestra-su-apoyo-a-la-cofradia-de-jesus-nazareno-ecce-homo\\\/#organizationLogo\",\"width\":649,\"height\":297},\"image\":{\"@id\":\"https:\\\/\\\/www.eldigitaldeasturias.com\\\/noticias\\\/cristina-coto-muestra-su-apoyo-a-la-cofradia-de-jesus-nazareno-ecce-homo\\\/#organizationLogo\"},\"sameAs\":[\"https:\\\/\\\/facebook.com\\\/eldigitaldeasturias\",\"https:\\\/\\\/www.youtube.com\\\/channel\\\/UCZP-2wLEB9Rv6erhFmqVnvg\"],\"address\":{\"@id\":\"https:\\\/\\\/www.eldigitaldeasturias.com\\\/noticias\\\/#postaladdress\",\"@type\":\"PostalAddress\",\"streetAddress\":\"san antonio 4,\",\"postalCode\":\"33430\",\"addressLocality\":\"Cand\\u00e1s\",\"addressRegion\":\"Asturias\",\"addressCountry\":\"ES\"}},{\"@type\":\"Person\",\"@id\":\"https:\\\/\\\/www.eldigitaldeasturias.com\\\/noticias\\\/author\\\/admin\\\/#author\",\"url\":\"https:\\\/\\\/www.eldigitaldeasturias.com\\\/noticias\\\/author\\\/admin\\\/\",\"name\":\"El Digital de Asturias\",\"image\":{\"@type\":\"ImageObject\",\"@id\":\"https:\\\/\\\/www.eldigitaldeasturias.com\\\/noticias\\\/cristina-coto-muestra-su-apoyo-a-la-cofradia-de-jesus-nazareno-ecce-homo\\\/#authorImage\",\"url\":\"https:\\\/\\\/www.eldigitaldeasturias.com\\\/noticias\\\/wp-content\\\/litespeed\\\/avatar\\\/18677e78aa0546b92d9dbf31ec7d7668.jpg?ver=1777290358\",\"width\":96,\"height\":96,\"caption\":\"El Digital de Asturias\"}},{\"@type\":\"WebPage\",\"@id\":\"https:\\\/\\\/www.eldigitaldeasturias.com\\\/noticias\\\/cristina-coto-muestra-su-apoyo-a-la-cofradia-de-jesus-nazareno-ecce-homo\\\/#webpage\",\"url\":\"https:\\\/\\\/www.eldigitaldeasturias.com\\\/noticias\\\/cristina-coto-muestra-su-apoyo-a-la-cofradia-de-jesus-nazareno-ecce-homo\\\/\",\"name\":\"Cristina Coto muestra su apoyo a la Cofrad\\u00eda de Jes\\u00fas Nazareno Ecce-Homo - El Digital de Asturias\",\"description\":\"La presidenta de Foro Asturias, Cristina Coto, ha mostrado este domingo su oposici\\u00f3n a las \\\"prohibiciones inconstitucionales y sectarias que atentan contra la libertad religiosa\\\", en referencia a la moci\\u00f3n aprobada el 9 de mayo en el Ayuntamiento de Nore\\u00f1a, en la que se propon\\u00eda la adhesi\\u00f3n del Consistorio a la Red de Municipios por\",\"inLanguage\":\"es-ES\",\"isPartOf\":{\"@id\":\"https:\\\/\\\/www.eldigitaldeasturias.com\\\/noticias\\\/#website\"},\"breadcrumb\":{\"@id\":\"https:\\\/\\\/www.eldigitaldeasturias.com\\\/noticias\\\/cristina-coto-muestra-su-apoyo-a-la-cofradia-de-jesus-nazareno-ecce-homo\\\/#breadcrumblist\"},\"author\":{\"@id\":\"https:\\\/\\\/www.eldigitaldeasturias.com\\\/noticias\\\/author\\\/admin\\\/#author\"},\"creator\":{\"@id\":\"https:\\\/\\\/www.eldigitaldeasturias.com\\\/noticias\\\/author\\\/admin\\\/#author\"},\"image\":{\"@type\":\"ImageObject\",\"url\":\"https:\\\/\\\/www.eldigitaldeasturias.com\\\/noticias\\\/wp-content\\\/uploads\\\/2016\\\/09\\\/6551_1.jpg\",\"@id\":\"https:\\\/\\\/www.eldigitaldeasturias.com\\\/noticias\\\/cristina-coto-muestra-su-apoyo-a-la-cofradia-de-jesus-nazareno-ecce-homo\\\/#mainImage\",\"width\":800,\"height\":1067},\"primaryImageOfPage\":{\"@id\":\"https:\\\/\\\/www.eldigitaldeasturias.com\\\/noticias\\\/cristina-coto-muestra-su-apoyo-a-la-cofradia-de-jesus-nazareno-ecce-homo\\\/#mainImage\"},\"datePublished\":\"2016-09-18T16:42:00+02:00\",\"dateModified\":\"2016-09-18T16:42:00+02:00\"},{\"@type\":\"WebSite\",\"@id\":\"https:\\\/\\\/www.eldigitaldeasturias.com\\\/noticias\\\/#website\",\"url\":\"https:\\\/\\\/www.eldigitaldeasturias.com\\\/noticias\\\/\",\"name\":\"El Digital de Asturias - Diario de actualidad y noticias\",\"alternateName\":\"El Digital de Asturias - Diario de actualidad y noticias\",\"description\":\"Hemeroteca\",\"inLanguage\":\"es-ES\",\"publisher\":{\"@id\":\"https:\\\/\\\/www.eldigitaldeasturias.com\\\/noticias\\\/#organization\"}}]}\n\t\t<\/script>\n\t\t<!-- All in One SEO Pro -->\r\n\t\t<title>Cristina Coto muestra su apoyo a la Cofrad\u00eda de Jes\u00fas Nazareno Ecce-Homo - El Digital de Asturias<\/title>\n\n","aioseo_head_json":{"title":"Cristina Coto muestra su apoyo a la Cofrad\u00eda de Jes\u00fas Nazareno Ecce-Homo - El Digital de Asturias","description":"La presidenta de Foro Asturias, Cristina Coto, ha mostrado este domingo su oposici\u00f3n a las \"prohibiciones inconstitucionales y sectarias que atentan contra la libertad religiosa\", en referencia a la moci\u00f3n aprobada el 9 de mayo en el Ayuntamiento de Nore\u00f1a, en la que se propon\u00eda la adhesi\u00f3n del Consistorio a la Red de Municipios por","canonical_url":"https:\/\/www.eldigitaldeasturias.com\/noticias\/cristina-coto-muestra-su-apoyo-a-la-cofradia-de-jesus-nazareno-ecce-homo\/","robots":"max-image-preview:large","keywords":"actualidad asturias","webmasterTools":{"google-site-verification":"UA-38556648-1","msvalidate.01":"7dfe9f3f1b24437ab69f4f2559babe99","miscellaneous":""},"schema":{"@context":"https:\/\/schema.org","@graph":[{"@type":"BlogPosting","@id":"https:\/\/www.eldigitaldeasturias.com\/noticias\/cristina-coto-muestra-su-apoyo-a-la-cofradia-de-jesus-nazareno-ecce-homo\/#blogposting","name":"Cristina Coto muestra su apoyo a la Cofrad\u00eda de Jes\u00fas Nazareno Ecce-Homo - El Digital de Asturias","headline":"Cristina Coto muestra su apoyo a la Cofrad\u00eda de Jes\u00fas Nazareno Ecce-Homo","author":{"@id":"https:\/\/www.eldigitaldeasturias.com\/noticias\/author\/admin\/#author"},"publisher":{"@id":"https:\/\/www.eldigitaldeasturias.com\/noticias\/#organization"},"image":{"@type":"ImageObject","url":"https:\/\/www.eldigitaldeasturias.com\/noticias\/wp-content\/uploads\/2016\/09\/6551_1.jpg","width":800,"height":1067},"datePublished":"2016-09-18T16:42:00+02:00","dateModified":"2016-09-18T16:42:00+02:00","inLanguage":"es-ES","mainEntityOfPage":{"@id":"https:\/\/www.eldigitaldeasturias.com\/noticias\/cristina-coto-muestra-su-apoyo-a-la-cofradia-de-jesus-nazareno-ecce-homo\/#webpage"},"isPartOf":{"@id":"https:\/\/www.eldigitaldeasturias.com\/noticias\/cristina-coto-muestra-su-apoyo-a-la-cofradia-de-jesus-nazareno-ecce-homo\/#webpage"},"articleSection":"Actualidad Asturias"},{"@type":"BreadcrumbList","@id":"https:\/\/www.eldigitaldeasturias.com\/noticias\/cristina-coto-muestra-su-apoyo-a-la-cofradia-de-jesus-nazareno-ecce-homo\/#breadcrumblist","itemListElement":[{"@type":"ListItem","@id":"https:\/\/www.eldigitaldeasturias.com\/noticias#listItem","position":1,"name":"Home","item":"https:\/\/www.eldigitaldeasturias.com\/noticias","nextItem":{"@type":"ListItem","@id":"https:\/\/www.eldigitaldeasturias.com\/noticias\/category\/actualidad-asturias\/#listItem","name":"Actualidad Asturias"}},{"@type":"ListItem","@id":"https:\/\/www.eldigitaldeasturias.com\/noticias\/category\/actualidad-asturias\/#listItem","position":2,"name":"Actualidad Asturias","item":"https:\/\/www.eldigitaldeasturias.com\/noticias\/category\/actualidad-asturias\/","nextItem":{"@type":"ListItem","@id":"https:\/\/www.eldigitaldeasturias.com\/noticias\/cristina-coto-muestra-su-apoyo-a-la-cofradia-de-jesus-nazareno-ecce-homo\/#listItem","name":"Cristina Coto muestra su apoyo a la Cofrad\u00eda de Jes\u00fas Nazareno Ecce-Homo"},"previousItem":{"@type":"ListItem","@id":"https:\/\/www.eldigitaldeasturias.com\/noticias#listItem","name":"Home"}},{"@type":"ListItem","@id":"https:\/\/www.eldigitaldeasturias.com\/noticias\/cristina-coto-muestra-su-apoyo-a-la-cofradia-de-jesus-nazareno-ecce-homo\/#listItem","position":3,"name":"Cristina Coto muestra su apoyo a la Cofrad\u00eda de Jes\u00fas Nazareno Ecce-Homo","previousItem":{"@type":"ListItem","@id":"https:\/\/www.eldigitaldeasturias.com\/noticias\/category\/actualidad-asturias\/#listItem","name":"Actualidad Asturias"}}]},{"@type":"Organization","@id":"https:\/\/www.eldigitaldeasturias.com\/noticias\/#organization","name":"El Digital de Asturias","description":"Hemeroteca","url":"https:\/\/www.eldigitaldeasturias.com\/noticias\/","email":"info@eldigitaldeasturias.com","telephone":"+34652131393","logo":{"@type":"ImageObject","url":"https:\/\/www.eldigitaldeasturias.com\/noticias\/wp-content\/uploads\/2020\/12\/EDA.jpg","@id":"https:\/\/www.eldigitaldeasturias.com\/noticias\/cristina-coto-muestra-su-apoyo-a-la-cofradia-de-jesus-nazareno-ecce-homo\/#organizationLogo","width":649,"height":297},"image":{"@id":"https:\/\/www.eldigitaldeasturias.com\/noticias\/cristina-coto-muestra-su-apoyo-a-la-cofradia-de-jesus-nazareno-ecce-homo\/#organizationLogo"},"sameAs":["https:\/\/facebook.com\/eldigitaldeasturias","https:\/\/www.youtube.com\/channel\/UCZP-2wLEB9Rv6erhFmqVnvg"],"address":{"@id":"https:\/\/www.eldigitaldeasturias.com\/noticias\/#postaladdress","@type":"PostalAddress","streetAddress":"san antonio 4,","postalCode":"33430","addressLocality":"Cand\u00e1s","addressRegion":"Asturias","addressCountry":"ES"}},{"@type":"Person","@id":"https:\/\/www.eldigitaldeasturias.com\/noticias\/author\/admin\/#author","url":"https:\/\/www.eldigitaldeasturias.com\/noticias\/author\/admin\/","name":"El Digital de Asturias","image":{"@type":"ImageObject","@id":"https:\/\/www.eldigitaldeasturias.com\/noticias\/cristina-coto-muestra-su-apoyo-a-la-cofradia-de-jesus-nazareno-ecce-homo\/#authorImage","url":"https:\/\/www.eldigitaldeasturias.com\/noticias\/wp-content\/litespeed\/avatar\/18677e78aa0546b92d9dbf31ec7d7668.jpg?ver=1777290358","width":96,"height":96,"caption":"El Digital de Asturias"}},{"@type":"WebPage","@id":"https:\/\/www.eldigitaldeasturias.com\/noticias\/cristina-coto-muestra-su-apoyo-a-la-cofradia-de-jesus-nazareno-ecce-homo\/#webpage","url":"https:\/\/www.eldigitaldeasturias.com\/noticias\/cristina-coto-muestra-su-apoyo-a-la-cofradia-de-jesus-nazareno-ecce-homo\/","name":"Cristina Coto muestra su apoyo a la Cofrad\u00eda de Jes\u00fas Nazareno Ecce-Homo - El Digital de Asturias","description":"La presidenta de Foro Asturias, Cristina Coto, ha mostrado este domingo su oposici\u00f3n a las \"prohibiciones inconstitucionales y sectarias que atentan contra la libertad religiosa\", en referencia a la moci\u00f3n aprobada el 9 de mayo en el Ayuntamiento de Nore\u00f1a, en la que se propon\u00eda la adhesi\u00f3n del Consistorio a la Red de Municipios por","inLanguage":"es-ES","isPartOf":{"@id":"https:\/\/www.eldigitaldeasturias.com\/noticias\/#website"},"breadcrumb":{"@id":"https:\/\/www.eldigitaldeasturias.com\/noticias\/cristina-coto-muestra-su-apoyo-a-la-cofradia-de-jesus-nazareno-ecce-homo\/#breadcrumblist"},"author":{"@id":"https:\/\/www.eldigitaldeasturias.com\/noticias\/author\/admin\/#author"},"creator":{"@id":"https:\/\/www.eldigitaldeasturias.com\/noticias\/author\/admin\/#author"},"image":{"@type":"ImageObject","url":"https:\/\/www.eldigitaldeasturias.com\/noticias\/wp-content\/uploads\/2016\/09\/6551_1.jpg","@id":"https:\/\/www.eldigitaldeasturias.com\/noticias\/cristina-coto-muestra-su-apoyo-a-la-cofradia-de-jesus-nazareno-ecce-homo\/#mainImage","width":800,"height":1067},"primaryImageOfPage":{"@id":"https:\/\/www.eldigitaldeasturias.com\/noticias\/cristina-coto-muestra-su-apoyo-a-la-cofradia-de-jesus-nazareno-ecce-homo\/#mainImage"},"datePublished":"2016-09-18T16:42:00+02:00","dateModified":"2016-09-18T16:42:00+02:00"},{"@type":"WebSite","@id":"https:\/\/www.eldigitaldeasturias.com\/noticias\/#website","url":"https:\/\/www.eldigitaldeasturias.com\/noticias\/","name":"El Digital de Asturias - Diario de actualidad y noticias","alternateName":"El Digital de Asturias - Diario de actualidad y noticias","description":"Hemeroteca","inLanguage":"es-ES","publisher":{"@id":"https:\/\/www.eldigitaldeasturias.com\/noticias\/#organization"}}]},"og:locale":"es_ES","og:site_name":"El Digital de Asturias","og:type":"article","og:title":"Cristina Coto muestra su apoyo a la Cofrad\u00eda de Jes\u00fas Nazareno Ecce-Homo - El Digital de Asturias","og:description":"La presidenta de Foro Asturias, Cristina Coto, ha mostrado este domingo su oposici\u00f3n a las &quot;prohibiciones inconstitucionales y sectarias que atentan contra la libertad religiosa&quot;, en referencia a la moci\u00f3n aprobada el 9 de mayo en el Ayuntamiento de Nore\u00f1a, en la que se propon\u00eda la adhesi\u00f3n del Consistorio a la Red de Municipios por","og:url":"https:\/\/www.eldigitaldeasturias.com\/noticias\/cristina-coto-muestra-su-apoyo-a-la-cofradia-de-jesus-nazareno-ecce-homo\/","og:image":"https:\/\/www.eldigitaldeasturias.com\/noticias\/wp-content\/uploads\/2016\/09\/6551_1.jpg","og:image:secure_url":"https:\/\/www.eldigitaldeasturias.com\/noticias\/wp-content\/uploads\/2016\/09\/6551_1.jpg","og:image:width":800,"og:image:height":1067,"article:tag":["actualidad asturias"],"article:published_time":"2016-09-18T15:42:00+00:00","article:modified_time":"2016-09-18T15:42:00+00:00","article:publisher":"https:\/\/facebook.com\/eldigitaldeasturias","twitter:card":"summary_large_image","twitter:title":"Cristina Coto muestra su apoyo a la Cofrad\u00eda de Jes\u00fas Nazareno Ecce-Homo - El Digital de Asturias","twitter:description":"La presidenta de Foro Asturias, Cristina Coto, ha mostrado este domingo su oposici\u00f3n a las &quot;prohibiciones inconstitucionales y sectarias que atentan contra la libertad religiosa&quot;, en referencia a la moci\u00f3n aprobada el 9 de mayo en el Ayuntamiento de Nore\u00f1a, en la que se propon\u00eda la adhesi\u00f3n del Consistorio a la Red de Municipios por","twitter:image":"https:\/\/www.eldigitaldeasturias.com\/noticias\/wp-content\/uploads\/2016\/09\/6551_1.jpg","twitter:label1":"Escrito por","twitter:data1":"El Digital de Asturias","twitter:label2":"Tiempo de lectura estimado","twitter:data2":"2 minutos"},"aioseo_meta_data":{"post_id":"908367","title":null,"description":null,"keywords":null,"keyphrases":null,"primary_term":null,"canonical_url":null,"og_title":null,"og_description":null,"og_object_type":"default","og_image_type":"default","og_image_url":null,"og_image_width":null,"og_image_height":null,"og_image_custom_url":null,"og_image_custom_fields":null,"og_video":null,"og_custom_url":null,"og_article_section":null,"og_article_tags":null,"twitter_use_og":false,"twitter_card":"default","twitter_image_type":"default","twitter_image_url":null,"twitter_image_custom_url":null,"twitter_image_custom_fields":null,"twitter_title":null,"twitter_description":null,"schema":{"blockGraphs":[],"customGraphs":[],"default":{"data":{"Article":[],"Course":[],"Dataset":[],"FAQPage":[],"Movie":[],"Person":[],"Product":[],"ProductReview":[],"Car":[],"Recipe":[],"Service":[],"SoftwareApplication":[],"WebPage":[]},"graphName":"","isEnabled":true},"graphs":[],"defaultGraph":"","defaultPostTypeGraph":""},"schema_type":null,"schema_type_options":null,"pillar_content":false,"robots_default":true,"robots_noindex":false,"robots_noarchive":false,"robots_nosnippet":false,"robots_nofollow":false,"robots_noimageindex":false,"robots_noodp":false,"robots_notranslate":false,"robots_max_snippet":null,"robots_max_videopreview":null,"robots_max_imagepreview":"large","priority":null,"frequency":null,"local_seo":null,"seo_analyzer_scan_date":"2025-11-30 15:52:20","breadcrumb_settings":null,"limit_modified_date":false,"open_ai":null,"ai":null,"created":"2020-12-21 14:00:13","updated":"2025-11-30 15:52:20"},"aioseo_breadcrumb":"<div class=\"aioseo-breadcrumbs\"><span class=\"aioseo-breadcrumb\">\n\t<a href=\"https:\/\/www.eldigitaldeasturias.com\/noticias\" title=\"Home\">Home<\/a>\n<\/span><span class=\"aioseo-breadcrumb-separator\">\u2013<\/span><span class=\"aioseo-breadcrumb\">\n\t<a href=\"https:\/\/www.eldigitaldeasturias.com\/noticias\/category\/actualidad-asturias\/\" title=\"Actualidad Asturias\">Actualidad Asturias<\/a>\n<\/span><span class=\"aioseo-breadcrumb-separator\">\u2013<\/span><span class=\"aioseo-breadcrumb\">\n\t<a href=\"https:\/\/www.eldigitaldeasturias.com\/noticias\/cristina-coto-muestra-su-apoyo-a-la-cofradia-de-jesus-nazareno-ecce-homo\/\" title=\"Cristina Coto muestra su apoyo a la Cofrad\u00eda de Jes\u00fas Nazareno Ecce-Homo\">Cristina Coto muestra su apoyo a la Cofrad\u00eda de Jes\u00fas Nazareno Ecce-Homo<\/a>\n<\/span><\/div>","aioseo_breadcrumb_json":[{"label":"Home","link":"https:\/\/www.eldigitaldeasturias.com\/noticias"},{"label":"Actualidad Asturias","link":"https:\/\/www.eldigitaldeasturias.com\/noticias\/category\/actualidad-asturias\/"},{"label":"Cristina Coto muestra su apoyo a la Cofrad\u00eda de Jes\u00fas Nazareno Ecce-Homo","link":"https:\/\/www.eldigitaldeasturias.com\/noticias\/cristina-coto-muestra-su-apoyo-a-la-cofradia-de-jesus-nazareno-ecce-homo\/"}],"_links":{"self":[{"href":"https:\/\/www.eldigitaldeasturias.com\/noticias\/wp-json\/wp\/v2\/posts\/908367","targetHints":{"allow":["GET"]}}],"collection":[{"href":"https:\/\/www.eldigitaldeasturias.com\/noticias\/wp-json\/wp\/v2\/posts"}],"about":[{"href":"https:\/\/www.eldigitaldeasturias.com\/noticias\/wp-json\/wp\/v2\/types\/post"}],"author":[{"embeddable":true,"href":"https:\/\/www.eldigitaldeasturias.com\/noticias\/wp-json\/wp\/v2\/users\/1"}],"replies":[{"embeddable":true,"href":"https:\/\/www.eldigitaldeasturias.com\/noticias\/wp-json\/wp\/v2\/comments?post=908367"}],"version-history":[{"count":0,"href":"https:\/\/www.eldigitaldeasturias.com\/noticias\/wp-json\/wp\/v2\/posts\/908367\/revisions"}],"wp:featuredmedia":[{"embeddable":true,"href":"https:\/\/www.eldigitaldeasturias.com\/noticias\/wp-json\/wp\/v2\/media\/908368"}],"wp:attachment":[{"href":"https:\/\/www.eldigitaldeasturias.com\/noticias\/wp-json\/wp\/v2\/media?parent=908367"}],"wp:term":[{"taxonomy":"category","embeddable":true,"href":"https:\/\/www.eldigitaldeasturias.com\/noticias\/wp-json\/wp\/v2\/categories?post=908367"},{"taxonomy":"post_tag","embeddable":true,"href":"https:\/\/www.eldigitaldeasturias.com\/noticias\/wp-json\/wp\/v2\/tags?post=908367"}],"curies":[{"name":"wp","href":"https:\/\/api.w.org\/{rel}","templated":true}]}}