{"id":908338,"date":"2016-09-18T16:11:10","date_gmt":"2016-09-18T15:11:10","guid":{"rendered":"http:\/\/www.eldigitaldeasturias.com\/noticias\/?p=908338"},"modified":"2016-09-18T16:11:10","modified_gmt":"2016-09-18T15:11:10","slug":"corvera-de-asturias-ayudara-a-las-familias-con-dificultades-economicas","status":"publish","type":"post","link":"https:\/\/www.eldigitaldeasturias.com\/noticias\/corvera-de-asturias-ayudara-a-las-familias-con-dificultades-economicas\/","title":{"rendered":"Corvera de Asturias ayudar\u00e1 a las familias con dificultades econ\u00f3micas"},"content":{"rendered":"<p><img loading=\"lazy\" decoding=\"async\" class=\"alignleft size-medium wp-image-908339\" src=\"https:\/\/www.eldigitaldeasturias.com\/noticias\/wp-content\/uploads\/2016\/09\/fotonoticia_20160918113646_800-360x239.jpg\" alt=\"fotonoticia_20160918113646_800\" width=\"360\" height=\"239\" srcset=\"https:\/\/www.eldigitaldeasturias.com\/noticias\/wp-content\/uploads\/2016\/09\/fotonoticia_20160918113646_800-360x239.jpg 360w, https:\/\/www.eldigitaldeasturias.com\/noticias\/wp-content\/uploads\/2016\/09\/fotonoticia_20160918113646_800-768x511.jpg 768w, https:\/\/www.eldigitaldeasturias.com\/noticias\/wp-content\/uploads\/2016\/09\/fotonoticia_20160918113646_800-650x432.jpg 650w, https:\/\/www.eldigitaldeasturias.com\/noticias\/wp-content\/uploads\/2016\/09\/fotonoticia_20160918113646_800-84x55.jpg 84w, https:\/\/www.eldigitaldeasturias.com\/noticias\/wp-content\/uploads\/2016\/09\/fotonoticia_20160918113646_800-49x32.jpg 49w, https:\/\/www.eldigitaldeasturias.com\/noticias\/wp-content\/uploads\/2016\/09\/fotonoticia_20160918113646_800.jpg 800w\" sizes=\"auto, (max-width: 360px) 100vw, 360px\" \/>El Ayuntamiento de Corvera acaba de firmar un convenio de colaboraci\u00f3n con la Consejer\u00eda de Servicios y Derechos Sociales del Principado de Asturias, para la gesti\u00f3n de 46.900 euros en ayudas a familias del concejo con dificultades econ\u00f3micas y menores a cargo. Gracias a la puesta en marcha de este nuevo Plan contra la Pobreza Infantil, un total de 65 familias de Corvera recibir\u00e1n una nueva ayuda de 700 euros.<\/p>\n<p>Seg\u00fan informa el Consistorio en una nota de prensa, estas nuevas ayudas est\u00e1n destinadas a cubrir gastos de alimentaci\u00f3n, vestido y suministros generales de la vivienda, adem\u00e1s de los que se originan con el inicio del curso escolar, a excepci\u00f3n de aquellas familias que ya hubiesen sido beneficiarias del \u00abCheque educativo\u00bb -que por primera vez ha entregado el Ayuntamiento de Corvera a 281 estudiantes-, y que por tanto no podr\u00e1n computar gastos escolares en sus solicitudes.<\/p>\n<p>\u00abEl Ayuntamiento acaba de repartir 60.000 euros en cheques educativos que han recibido 281 alumnos de los colegios p\u00fablicos de Las Vegas, Los Campos, Cancienes, adem\u00e1s del IES Corvera de Asturias y la Escuela Infantil de Gud\u00edn. Esta ha sido una ayuda que ha entregado por primera vez el Ayuntamiento de Corvera de apoyo a las familias con hijos en edad escolar, para los gastos que generan los estudios. A \u00e9stas, se suman estas nuevas ayudas que vamos a gestionar ahora gracias a la partida de 46.900 euros que nos otorga el Principado y cuya cobertura es m\u00e1s amplia, ya que se destina a procurar que las necesidades b\u00e1sicas de los menores est\u00e9n cubiertas, por lo que tambi\u00e9n se contemplan gastos de la vivienda, de vestido o alimentaci\u00f3n, en aquellos hogares con dificultades econ\u00f3micas y menores a su cargo. Se trata de ayudas para paliar la pobreza infantil\u00bb, explic\u00f3 Xana del Barrio, Concejala de Acci\u00f3n Social del Ayuntamiento de Corvera.<\/p>\n<p>Las familias con menores a cargo interesadas en solicitar estas nuevas ayudas podr\u00e1n hacerlo desde el 19 de septiembre al 14 de octubre. Para m\u00e1s informaci\u00f3n o ayuda en la tramitaci\u00f3n, los solicitantes deben dirigirse a los Servicios Sociales municipales, cuyas oficinas se ubican en el Centro Tom\u00e1s y Valiente de Las Vegas, en horario de lunes a viernes.<\/p>\n<p>Por otro lado, la concejala anunci\u00f3 que \u00aben octubre saldr\u00e1n nuevas ayudas contra la pobreza energ\u00e9tica\u00bb y destac\u00f3 que \u00abdesde que llegamos al Gobierno en Corvera no hemos dejado de aumentar las partidas de servicios sociales y, entre ellas, aquellas que denominamos de emergencia para cubrir cuestiones b\u00e1sicas de las familias con dificultades y, muy especialmente, las vinculadas a procurar que los menores de edad no padezcan necesidades\u00bb.<\/p>\n<p>As\u00ed, Xana del Barrio record\u00f3 que \u00abya en 2015, 73 familias se beneficiaron de ayudas de pobreza energ\u00e9tica y 64 de ayudas de pobreza infantil, a las que podemos sumar nuestras becas para universitarios de Corvera o el aumento en m\u00e1s de un 500 por ciento en los \u00faltimos cinco a\u00f1os de las ayudas que destinamos a la compra de libros y material escolar para Infantil y las becas de comedor. Para 2016, hemos aprobado un presupuesto de 12.799.615 euros, de los que el 12 por ciento est\u00e1 destinado al desarrollo de pol\u00edticas sociales en el municipio. Este a\u00f1o destinamos a pol\u00edticas sociales 4.202 euros diarios, alrededor de 1,5 millones de euros\u00bb.<\/p>\n<p>&nbsp;<\/p>\n","protected":false},"excerpt":{"rendered":"<p>El Ayuntamiento de Corvera acaba de firmar un convenio de colaboraci\u00f3n con la Consejer\u00eda de Servicios y Derechos Sociales del Principado de Asturias, para la gesti\u00f3n de 46.900 euros en ayudas a familias del concejo con dificultades econ\u00f3micas y menores a cargo. Gracias a la puesta en marcha de este nuevo Plan contra la Pobreza [&hellip;]<\/p>\n","protected":false},"author":1,"featured_media":908339,"comment_status":"closed","ping_status":"closed","sticky":false,"template":"","format":"standard","meta":{"footnotes":""},"categories":[12],"tags":[],"class_list":["post-908338","post","type-post","status-publish","format-standard","has-post-thumbnail","hentry","category-actualidad-asturias"],"aioseo_notices":[],"aioseo_head":"\n\t\t<!-- All in One SEO Pro 4.9.6.2 - aioseo.com -->\n\t<meta name=\"description\" content=\"El Ayuntamiento de Corvera acaba de firmar un convenio de colaboraci\u00f3n con la Consejer\u00eda de Servicios y Derechos Sociales del Principado de Asturias, para la gesti\u00f3n de 46.900 euros en ayudas a familias del concejo con dificultades econ\u00f3micas y menores a cargo. Gracias a la puesta en marcha de este nuevo Plan contra la Pobreza\" \/>\n\t<meta name=\"robots\" content=\"max-image-preview:large\" \/>\n\t<meta name=\"author\" content=\"El Digital de Asturias\"\/>\n\t<meta name=\"google-site-verification\" content=\"UA-38556648-1\" \/>\n\t<meta name=\"msvalidate.01\" content=\"7dfe9f3f1b24437ab69f4f2559babe99\" \/>\n\t<meta name=\"keywords\" content=\"actualidad asturias\" \/>\n\t<link rel=\"canonical\" href=\"https:\/\/www.eldigitaldeasturias.com\/noticias\/corvera-de-asturias-ayudara-a-las-familias-con-dificultades-economicas\/\" \/>\n\t<meta name=\"generator\" content=\"All in One SEO Pro (AIOSEO) 4.9.6.2\" \/>\n\t\t<meta property=\"og:locale\" content=\"es_ES\" \/>\n\t\t<meta property=\"og:site_name\" content=\"El Digital de Asturias\" \/>\n\t\t<meta property=\"og:type\" content=\"article\" \/>\n\t\t<meta property=\"og:title\" content=\"Corvera de Asturias ayudar\u00e1 a las familias con dificultades econ\u00f3micas - El Digital de Asturias\" \/>\n\t\t<meta property=\"og:description\" content=\"El Ayuntamiento de Corvera acaba de firmar un convenio de colaboraci\u00f3n con la Consejer\u00eda de Servicios y Derechos Sociales del Principado de Asturias, para la gesti\u00f3n de 46.900 euros en ayudas a familias del concejo con dificultades econ\u00f3micas y menores a cargo. Gracias a la puesta en marcha de este nuevo Plan contra la Pobreza\" \/>\n\t\t<meta property=\"og:url\" content=\"https:\/\/www.eldigitaldeasturias.com\/noticias\/corvera-de-asturias-ayudara-a-las-familias-con-dificultades-economicas\/\" \/>\n\t\t<meta property=\"og:image\" content=\"https:\/\/www.eldigitaldeasturias.com\/noticias\/wp-content\/uploads\/2016\/09\/fotonoticia_20160918113646_800.jpg\" \/>\n\t\t<meta property=\"og:image:secure_url\" content=\"https:\/\/www.eldigitaldeasturias.com\/noticias\/wp-content\/uploads\/2016\/09\/fotonoticia_20160918113646_800.jpg\" \/>\n\t\t<meta property=\"og:image:width\" content=\"800\" \/>\n\t\t<meta property=\"og:image:height\" content=\"532\" \/>\n\t\t<meta property=\"article:tag\" content=\"actualidad asturias\" \/>\n\t\t<meta property=\"article:published_time\" content=\"2016-09-18T15:11:10+00:00\" \/>\n\t\t<meta property=\"article:modified_time\" content=\"2016-09-18T15:11:10+00:00\" \/>\n\t\t<meta property=\"article:publisher\" content=\"https:\/\/facebook.com\/eldigitaldeasturias\" \/>\n\t\t<meta name=\"twitter:card\" content=\"summary_large_image\" \/>\n\t\t<meta name=\"twitter:title\" content=\"Corvera de Asturias ayudar\u00e1 a las familias con dificultades econ\u00f3micas - El Digital de Asturias\" \/>\n\t\t<meta name=\"twitter:description\" content=\"El Ayuntamiento de Corvera acaba de firmar un convenio de colaboraci\u00f3n con la Consejer\u00eda de Servicios y Derechos Sociales del Principado de Asturias, para la gesti\u00f3n de 46.900 euros en ayudas a familias del concejo con dificultades econ\u00f3micas y menores a cargo. Gracias a la puesta en marcha de este nuevo Plan contra la Pobreza\" \/>\n\t\t<meta name=\"twitter:image\" content=\"https:\/\/www.eldigitaldeasturias.com\/noticias\/wp-content\/uploads\/2016\/09\/fotonoticia_20160918113646_800.jpg\" \/>\n\t\t<meta name=\"twitter:label1\" content=\"Escrito por\" \/>\n\t\t<meta name=\"twitter:data1\" content=\"El Digital de Asturias\" \/>\n\t\t<meta name=\"twitter:label2\" content=\"Tiempo de lectura estimado\" \/>\n\t\t<meta name=\"twitter:data2\" content=\"3 minutos\" \/>\n\t\t<script type=\"application\/ld+json\" class=\"aioseo-schema\">\n\t\t\t{\"@context\":\"https:\\\/\\\/schema.org\",\"@graph\":[{\"@type\":\"BlogPosting\",\"@id\":\"https:\\\/\\\/www.eldigitaldeasturias.com\\\/noticias\\\/corvera-de-asturias-ayudara-a-las-familias-con-dificultades-economicas\\\/#blogposting\",\"name\":\"Corvera de Asturias ayudar\\u00e1 a las familias con dificultades econ\\u00f3micas - El Digital de Asturias\",\"headline\":\"Corvera de Asturias ayudar\\u00e1 a las familias con dificultades econ\\u00f3micas\",\"author\":{\"@id\":\"https:\\\/\\\/www.eldigitaldeasturias.com\\\/noticias\\\/author\\\/admin\\\/#author\"},\"publisher\":{\"@id\":\"https:\\\/\\\/www.eldigitaldeasturias.com\\\/noticias\\\/#organization\"},\"image\":{\"@type\":\"ImageObject\",\"url\":\"https:\\\/\\\/www.eldigitaldeasturias.com\\\/noticias\\\/wp-content\\\/uploads\\\/2016\\\/09\\\/fotonoticia_20160918113646_800.jpg\",\"width\":800,\"height\":532},\"datePublished\":\"2016-09-18T16:11:10+02:00\",\"dateModified\":\"2016-09-18T16:11:10+02:00\",\"inLanguage\":\"es-ES\",\"mainEntityOfPage\":{\"@id\":\"https:\\\/\\\/www.eldigitaldeasturias.com\\\/noticias\\\/corvera-de-asturias-ayudara-a-las-familias-con-dificultades-economicas\\\/#webpage\"},\"isPartOf\":{\"@id\":\"https:\\\/\\\/www.eldigitaldeasturias.com\\\/noticias\\\/corvera-de-asturias-ayudara-a-las-familias-con-dificultades-economicas\\\/#webpage\"},\"articleSection\":\"Actualidad Asturias\"},{\"@type\":\"BreadcrumbList\",\"@id\":\"https:\\\/\\\/www.eldigitaldeasturias.com\\\/noticias\\\/corvera-de-asturias-ayudara-a-las-familias-con-dificultades-economicas\\\/#breadcrumblist\",\"itemListElement\":[{\"@type\":\"ListItem\",\"@id\":\"https:\\\/\\\/www.eldigitaldeasturias.com\\\/noticias#listItem\",\"position\":1,\"name\":\"Home\",\"item\":\"https:\\\/\\\/www.eldigitaldeasturias.com\\\/noticias\",\"nextItem\":{\"@type\":\"ListItem\",\"@id\":\"https:\\\/\\\/www.eldigitaldeasturias.com\\\/noticias\\\/category\\\/actualidad-asturias\\\/#listItem\",\"name\":\"Actualidad Asturias\"}},{\"@type\":\"ListItem\",\"@id\":\"https:\\\/\\\/www.eldigitaldeasturias.com\\\/noticias\\\/category\\\/actualidad-asturias\\\/#listItem\",\"position\":2,\"name\":\"Actualidad Asturias\",\"item\":\"https:\\\/\\\/www.eldigitaldeasturias.com\\\/noticias\\\/category\\\/actualidad-asturias\\\/\",\"nextItem\":{\"@type\":\"ListItem\",\"@id\":\"https:\\\/\\\/www.eldigitaldeasturias.com\\\/noticias\\\/corvera-de-asturias-ayudara-a-las-familias-con-dificultades-economicas\\\/#listItem\",\"name\":\"Corvera de Asturias ayudar\\u00e1 a las familias con dificultades econ\\u00f3micas\"},\"previousItem\":{\"@type\":\"ListItem\",\"@id\":\"https:\\\/\\\/www.eldigitaldeasturias.com\\\/noticias#listItem\",\"name\":\"Home\"}},{\"@type\":\"ListItem\",\"@id\":\"https:\\\/\\\/www.eldigitaldeasturias.com\\\/noticias\\\/corvera-de-asturias-ayudara-a-las-familias-con-dificultades-economicas\\\/#listItem\",\"position\":3,\"name\":\"Corvera de Asturias ayudar\\u00e1 a las familias con dificultades econ\\u00f3micas\",\"previousItem\":{\"@type\":\"ListItem\",\"@id\":\"https:\\\/\\\/www.eldigitaldeasturias.com\\\/noticias\\\/category\\\/actualidad-asturias\\\/#listItem\",\"name\":\"Actualidad Asturias\"}}]},{\"@type\":\"Organization\",\"@id\":\"https:\\\/\\\/www.eldigitaldeasturias.com\\\/noticias\\\/#organization\",\"name\":\"El Digital de Asturias\",\"description\":\"Hemeroteca\",\"url\":\"https:\\\/\\\/www.eldigitaldeasturias.com\\\/noticias\\\/\",\"email\":\"info@eldigitaldeasturias.com\",\"telephone\":\"+34652131393\",\"logo\":{\"@type\":\"ImageObject\",\"url\":\"https:\\\/\\\/www.eldigitaldeasturias.com\\\/noticias\\\/wp-content\\\/uploads\\\/2020\\\/12\\\/EDA.jpg\",\"@id\":\"https:\\\/\\\/www.eldigitaldeasturias.com\\\/noticias\\\/corvera-de-asturias-ayudara-a-las-familias-con-dificultades-economicas\\\/#organizationLogo\",\"width\":649,\"height\":297},\"image\":{\"@id\":\"https:\\\/\\\/www.eldigitaldeasturias.com\\\/noticias\\\/corvera-de-asturias-ayudara-a-las-familias-con-dificultades-economicas\\\/#organizationLogo\"},\"sameAs\":[\"https:\\\/\\\/facebook.com\\\/eldigitaldeasturias\",\"https:\\\/\\\/www.youtube.com\\\/channel\\\/UCZP-2wLEB9Rv6erhFmqVnvg\"],\"address\":{\"@id\":\"https:\\\/\\\/www.eldigitaldeasturias.com\\\/noticias\\\/#postaladdress\",\"@type\":\"PostalAddress\",\"streetAddress\":\"san antonio 4,\",\"postalCode\":\"33430\",\"addressLocality\":\"Cand\\u00e1s\",\"addressRegion\":\"Asturias\",\"addressCountry\":\"ES\"}},{\"@type\":\"Person\",\"@id\":\"https:\\\/\\\/www.eldigitaldeasturias.com\\\/noticias\\\/author\\\/admin\\\/#author\",\"url\":\"https:\\\/\\\/www.eldigitaldeasturias.com\\\/noticias\\\/author\\\/admin\\\/\",\"name\":\"El Digital de Asturias\",\"image\":{\"@type\":\"ImageObject\",\"@id\":\"https:\\\/\\\/www.eldigitaldeasturias.com\\\/noticias\\\/corvera-de-asturias-ayudara-a-las-familias-con-dificultades-economicas\\\/#authorImage\",\"url\":\"https:\\\/\\\/www.eldigitaldeasturias.com\\\/noticias\\\/wp-content\\\/litespeed\\\/avatar\\\/18677e78aa0546b92d9dbf31ec7d7668.jpg?ver=1777290358\",\"width\":96,\"height\":96,\"caption\":\"El Digital de Asturias\"}},{\"@type\":\"WebPage\",\"@id\":\"https:\\\/\\\/www.eldigitaldeasturias.com\\\/noticias\\\/corvera-de-asturias-ayudara-a-las-familias-con-dificultades-economicas\\\/#webpage\",\"url\":\"https:\\\/\\\/www.eldigitaldeasturias.com\\\/noticias\\\/corvera-de-asturias-ayudara-a-las-familias-con-dificultades-economicas\\\/\",\"name\":\"Corvera de Asturias ayudar\\u00e1 a las familias con dificultades econ\\u00f3micas - El Digital de Asturias\",\"description\":\"El Ayuntamiento de Corvera acaba de firmar un convenio de colaboraci\\u00f3n con la Consejer\\u00eda de Servicios y Derechos Sociales del Principado de Asturias, para la gesti\\u00f3n de 46.900 euros en ayudas a familias del concejo con dificultades econ\\u00f3micas y menores a cargo. Gracias a la puesta en marcha de este nuevo Plan contra la Pobreza\",\"inLanguage\":\"es-ES\",\"isPartOf\":{\"@id\":\"https:\\\/\\\/www.eldigitaldeasturias.com\\\/noticias\\\/#website\"},\"breadcrumb\":{\"@id\":\"https:\\\/\\\/www.eldigitaldeasturias.com\\\/noticias\\\/corvera-de-asturias-ayudara-a-las-familias-con-dificultades-economicas\\\/#breadcrumblist\"},\"author\":{\"@id\":\"https:\\\/\\\/www.eldigitaldeasturias.com\\\/noticias\\\/author\\\/admin\\\/#author\"},\"creator\":{\"@id\":\"https:\\\/\\\/www.eldigitaldeasturias.com\\\/noticias\\\/author\\\/admin\\\/#author\"},\"image\":{\"@type\":\"ImageObject\",\"url\":\"https:\\\/\\\/www.eldigitaldeasturias.com\\\/noticias\\\/wp-content\\\/uploads\\\/2016\\\/09\\\/fotonoticia_20160918113646_800.jpg\",\"@id\":\"https:\\\/\\\/www.eldigitaldeasturias.com\\\/noticias\\\/corvera-de-asturias-ayudara-a-las-familias-con-dificultades-economicas\\\/#mainImage\",\"width\":800,\"height\":532},\"primaryImageOfPage\":{\"@id\":\"https:\\\/\\\/www.eldigitaldeasturias.com\\\/noticias\\\/corvera-de-asturias-ayudara-a-las-familias-con-dificultades-economicas\\\/#mainImage\"},\"datePublished\":\"2016-09-18T16:11:10+02:00\",\"dateModified\":\"2016-09-18T16:11:10+02:00\"},{\"@type\":\"WebSite\",\"@id\":\"https:\\\/\\\/www.eldigitaldeasturias.com\\\/noticias\\\/#website\",\"url\":\"https:\\\/\\\/www.eldigitaldeasturias.com\\\/noticias\\\/\",\"name\":\"El Digital de Asturias - Diario de actualidad y noticias\",\"alternateName\":\"El Digital de Asturias - Diario de actualidad y noticias\",\"description\":\"Hemeroteca\",\"inLanguage\":\"es-ES\",\"publisher\":{\"@id\":\"https:\\\/\\\/www.eldigitaldeasturias.com\\\/noticias\\\/#organization\"}}]}\n\t\t<\/script>\n\t\t<!-- All in One SEO Pro -->\r\n\t\t<title>Corvera de Asturias ayudar\u00e1 a las familias con dificultades econ\u00f3micas - El Digital de Asturias<\/title>\n\n","aioseo_head_json":{"title":"Corvera de Asturias ayudar\u00e1 a las familias con dificultades econ\u00f3micas - El Digital de Asturias","description":"El Ayuntamiento de Corvera acaba de firmar un convenio de colaboraci\u00f3n con la Consejer\u00eda de Servicios y Derechos Sociales del Principado de Asturias, para la gesti\u00f3n de 46.900 euros en ayudas a familias del concejo con dificultades econ\u00f3micas y menores a cargo. Gracias a la puesta en marcha de este nuevo Plan contra la Pobreza","canonical_url":"https:\/\/www.eldigitaldeasturias.com\/noticias\/corvera-de-asturias-ayudara-a-las-familias-con-dificultades-economicas\/","robots":"max-image-preview:large","keywords":"actualidad asturias","webmasterTools":{"google-site-verification":"UA-38556648-1","msvalidate.01":"7dfe9f3f1b24437ab69f4f2559babe99","miscellaneous":""},"schema":{"@context":"https:\/\/schema.org","@graph":[{"@type":"BlogPosting","@id":"https:\/\/www.eldigitaldeasturias.com\/noticias\/corvera-de-asturias-ayudara-a-las-familias-con-dificultades-economicas\/#blogposting","name":"Corvera de Asturias ayudar\u00e1 a las familias con dificultades econ\u00f3micas - El Digital de Asturias","headline":"Corvera de Asturias ayudar\u00e1 a las familias con dificultades econ\u00f3micas","author":{"@id":"https:\/\/www.eldigitaldeasturias.com\/noticias\/author\/admin\/#author"},"publisher":{"@id":"https:\/\/www.eldigitaldeasturias.com\/noticias\/#organization"},"image":{"@type":"ImageObject","url":"https:\/\/www.eldigitaldeasturias.com\/noticias\/wp-content\/uploads\/2016\/09\/fotonoticia_20160918113646_800.jpg","width":800,"height":532},"datePublished":"2016-09-18T16:11:10+02:00","dateModified":"2016-09-18T16:11:10+02:00","inLanguage":"es-ES","mainEntityOfPage":{"@id":"https:\/\/www.eldigitaldeasturias.com\/noticias\/corvera-de-asturias-ayudara-a-las-familias-con-dificultades-economicas\/#webpage"},"isPartOf":{"@id":"https:\/\/www.eldigitaldeasturias.com\/noticias\/corvera-de-asturias-ayudara-a-las-familias-con-dificultades-economicas\/#webpage"},"articleSection":"Actualidad Asturias"},{"@type":"BreadcrumbList","@id":"https:\/\/www.eldigitaldeasturias.com\/noticias\/corvera-de-asturias-ayudara-a-las-familias-con-dificultades-economicas\/#breadcrumblist","itemListElement":[{"@type":"ListItem","@id":"https:\/\/www.eldigitaldeasturias.com\/noticias#listItem","position":1,"name":"Home","item":"https:\/\/www.eldigitaldeasturias.com\/noticias","nextItem":{"@type":"ListItem","@id":"https:\/\/www.eldigitaldeasturias.com\/noticias\/category\/actualidad-asturias\/#listItem","name":"Actualidad Asturias"}},{"@type":"ListItem","@id":"https:\/\/www.eldigitaldeasturias.com\/noticias\/category\/actualidad-asturias\/#listItem","position":2,"name":"Actualidad Asturias","item":"https:\/\/www.eldigitaldeasturias.com\/noticias\/category\/actualidad-asturias\/","nextItem":{"@type":"ListItem","@id":"https:\/\/www.eldigitaldeasturias.com\/noticias\/corvera-de-asturias-ayudara-a-las-familias-con-dificultades-economicas\/#listItem","name":"Corvera de Asturias ayudar\u00e1 a las familias con dificultades econ\u00f3micas"},"previousItem":{"@type":"ListItem","@id":"https:\/\/www.eldigitaldeasturias.com\/noticias#listItem","name":"Home"}},{"@type":"ListItem","@id":"https:\/\/www.eldigitaldeasturias.com\/noticias\/corvera-de-asturias-ayudara-a-las-familias-con-dificultades-economicas\/#listItem","position":3,"name":"Corvera de Asturias ayudar\u00e1 a las familias con dificultades econ\u00f3micas","previousItem":{"@type":"ListItem","@id":"https:\/\/www.eldigitaldeasturias.com\/noticias\/category\/actualidad-asturias\/#listItem","name":"Actualidad Asturias"}}]},{"@type":"Organization","@id":"https:\/\/www.eldigitaldeasturias.com\/noticias\/#organization","name":"El Digital de Asturias","description":"Hemeroteca","url":"https:\/\/www.eldigitaldeasturias.com\/noticias\/","email":"info@eldigitaldeasturias.com","telephone":"+34652131393","logo":{"@type":"ImageObject","url":"https:\/\/www.eldigitaldeasturias.com\/noticias\/wp-content\/uploads\/2020\/12\/EDA.jpg","@id":"https:\/\/www.eldigitaldeasturias.com\/noticias\/corvera-de-asturias-ayudara-a-las-familias-con-dificultades-economicas\/#organizationLogo","width":649,"height":297},"image":{"@id":"https:\/\/www.eldigitaldeasturias.com\/noticias\/corvera-de-asturias-ayudara-a-las-familias-con-dificultades-economicas\/#organizationLogo"},"sameAs":["https:\/\/facebook.com\/eldigitaldeasturias","https:\/\/www.youtube.com\/channel\/UCZP-2wLEB9Rv6erhFmqVnvg"],"address":{"@id":"https:\/\/www.eldigitaldeasturias.com\/noticias\/#postaladdress","@type":"PostalAddress","streetAddress":"san antonio 4,","postalCode":"33430","addressLocality":"Cand\u00e1s","addressRegion":"Asturias","addressCountry":"ES"}},{"@type":"Person","@id":"https:\/\/www.eldigitaldeasturias.com\/noticias\/author\/admin\/#author","url":"https:\/\/www.eldigitaldeasturias.com\/noticias\/author\/admin\/","name":"El Digital de Asturias","image":{"@type":"ImageObject","@id":"https:\/\/www.eldigitaldeasturias.com\/noticias\/corvera-de-asturias-ayudara-a-las-familias-con-dificultades-economicas\/#authorImage","url":"https:\/\/www.eldigitaldeasturias.com\/noticias\/wp-content\/litespeed\/avatar\/18677e78aa0546b92d9dbf31ec7d7668.jpg?ver=1777290358","width":96,"height":96,"caption":"El Digital de Asturias"}},{"@type":"WebPage","@id":"https:\/\/www.eldigitaldeasturias.com\/noticias\/corvera-de-asturias-ayudara-a-las-familias-con-dificultades-economicas\/#webpage","url":"https:\/\/www.eldigitaldeasturias.com\/noticias\/corvera-de-asturias-ayudara-a-las-familias-con-dificultades-economicas\/","name":"Corvera de Asturias ayudar\u00e1 a las familias con dificultades econ\u00f3micas - El Digital de Asturias","description":"El Ayuntamiento de Corvera acaba de firmar un convenio de colaboraci\u00f3n con la Consejer\u00eda de Servicios y Derechos Sociales del Principado de Asturias, para la gesti\u00f3n de 46.900 euros en ayudas a familias del concejo con dificultades econ\u00f3micas y menores a cargo. Gracias a la puesta en marcha de este nuevo Plan contra la Pobreza","inLanguage":"es-ES","isPartOf":{"@id":"https:\/\/www.eldigitaldeasturias.com\/noticias\/#website"},"breadcrumb":{"@id":"https:\/\/www.eldigitaldeasturias.com\/noticias\/corvera-de-asturias-ayudara-a-las-familias-con-dificultades-economicas\/#breadcrumblist"},"author":{"@id":"https:\/\/www.eldigitaldeasturias.com\/noticias\/author\/admin\/#author"},"creator":{"@id":"https:\/\/www.eldigitaldeasturias.com\/noticias\/author\/admin\/#author"},"image":{"@type":"ImageObject","url":"https:\/\/www.eldigitaldeasturias.com\/noticias\/wp-content\/uploads\/2016\/09\/fotonoticia_20160918113646_800.jpg","@id":"https:\/\/www.eldigitaldeasturias.com\/noticias\/corvera-de-asturias-ayudara-a-las-familias-con-dificultades-economicas\/#mainImage","width":800,"height":532},"primaryImageOfPage":{"@id":"https:\/\/www.eldigitaldeasturias.com\/noticias\/corvera-de-asturias-ayudara-a-las-familias-con-dificultades-economicas\/#mainImage"},"datePublished":"2016-09-18T16:11:10+02:00","dateModified":"2016-09-18T16:11:10+02:00"},{"@type":"WebSite","@id":"https:\/\/www.eldigitaldeasturias.com\/noticias\/#website","url":"https:\/\/www.eldigitaldeasturias.com\/noticias\/","name":"El Digital de Asturias - Diario de actualidad y noticias","alternateName":"El Digital de Asturias - Diario de actualidad y noticias","description":"Hemeroteca","inLanguage":"es-ES","publisher":{"@id":"https:\/\/www.eldigitaldeasturias.com\/noticias\/#organization"}}]},"og:locale":"es_ES","og:site_name":"El Digital de Asturias","og:type":"article","og:title":"Corvera de Asturias ayudar\u00e1 a las familias con dificultades econ\u00f3micas - El Digital de Asturias","og:description":"El Ayuntamiento de Corvera acaba de firmar un convenio de colaboraci\u00f3n con la Consejer\u00eda de Servicios y Derechos Sociales del Principado de Asturias, para la gesti\u00f3n de 46.900 euros en ayudas a familias del concejo con dificultades econ\u00f3micas y menores a cargo. Gracias a la puesta en marcha de este nuevo Plan contra la Pobreza","og:url":"https:\/\/www.eldigitaldeasturias.com\/noticias\/corvera-de-asturias-ayudara-a-las-familias-con-dificultades-economicas\/","og:image":"https:\/\/www.eldigitaldeasturias.com\/noticias\/wp-content\/uploads\/2016\/09\/fotonoticia_20160918113646_800.jpg","og:image:secure_url":"https:\/\/www.eldigitaldeasturias.com\/noticias\/wp-content\/uploads\/2016\/09\/fotonoticia_20160918113646_800.jpg","og:image:width":800,"og:image:height":532,"article:tag":["actualidad asturias"],"article:published_time":"2016-09-18T15:11:10+00:00","article:modified_time":"2016-09-18T15:11:10+00:00","article:publisher":"https:\/\/facebook.com\/eldigitaldeasturias","twitter:card":"summary_large_image","twitter:title":"Corvera de Asturias ayudar\u00e1 a las familias con dificultades econ\u00f3micas - El Digital de Asturias","twitter:description":"El Ayuntamiento de Corvera acaba de firmar un convenio de colaboraci\u00f3n con la Consejer\u00eda de Servicios y Derechos Sociales del Principado de Asturias, para la gesti\u00f3n de 46.900 euros en ayudas a familias del concejo con dificultades econ\u00f3micas y menores a cargo. Gracias a la puesta en marcha de este nuevo Plan contra la Pobreza","twitter:image":"https:\/\/www.eldigitaldeasturias.com\/noticias\/wp-content\/uploads\/2016\/09\/fotonoticia_20160918113646_800.jpg","twitter:label1":"Escrito por","twitter:data1":"El Digital de Asturias","twitter:label2":"Tiempo de lectura estimado","twitter:data2":"3 minutos"},"aioseo_meta_data":{"post_id":"908338","title":null,"description":null,"keywords":null,"keyphrases":null,"primary_term":null,"canonical_url":null,"og_title":null,"og_description":null,"og_object_type":"default","og_image_type":"default","og_image_url":null,"og_image_width":null,"og_image_height":null,"og_image_custom_url":null,"og_image_custom_fields":null,"og_video":null,"og_custom_url":null,"og_article_section":null,"og_article_tags":null,"twitter_use_og":false,"twitter_card":"default","twitter_image_type":"default","twitter_image_url":null,"twitter_image_custom_url":null,"twitter_image_custom_fields":null,"twitter_title":null,"twitter_description":null,"schema":{"blockGraphs":[],"customGraphs":[],"default":{"data":{"Article":[],"Course":[],"Dataset":[],"FAQPage":[],"Movie":[],"Person":[],"Product":[],"ProductReview":[],"Car":[],"Recipe":[],"Service":[],"SoftwareApplication":[],"WebPage":[]},"graphName":"","isEnabled":true},"graphs":[],"defaultGraph":"","defaultPostTypeGraph":""},"schema_type":null,"schema_type_options":null,"pillar_content":false,"robots_default":true,"robots_noindex":false,"robots_noarchive":false,"robots_nosnippet":false,"robots_nofollow":false,"robots_noimageindex":false,"robots_noodp":false,"robots_notranslate":false,"robots_max_snippet":null,"robots_max_videopreview":null,"robots_max_imagepreview":"large","priority":null,"frequency":null,"local_seo":null,"seo_analyzer_scan_date":"2025-11-30 15:46:08","breadcrumb_settings":null,"limit_modified_date":false,"open_ai":null,"ai":null,"created":"2020-12-21 14:00:13","updated":"2025-11-30 15:46:08"},"aioseo_breadcrumb":"<div class=\"aioseo-breadcrumbs\"><span class=\"aioseo-breadcrumb\">\n\t<a href=\"https:\/\/www.eldigitaldeasturias.com\/noticias\" title=\"Home\">Home<\/a>\n<\/span><span class=\"aioseo-breadcrumb-separator\">\u2013<\/span><span class=\"aioseo-breadcrumb\">\n\t<a href=\"https:\/\/www.eldigitaldeasturias.com\/noticias\/category\/actualidad-asturias\/\" title=\"Actualidad Asturias\">Actualidad Asturias<\/a>\n<\/span><span class=\"aioseo-breadcrumb-separator\">\u2013<\/span><span class=\"aioseo-breadcrumb\">\n\t<a href=\"https:\/\/www.eldigitaldeasturias.com\/noticias\/corvera-de-asturias-ayudara-a-las-familias-con-dificultades-economicas\/\" title=\"Corvera de Asturias ayudar\u00e1 a las familias con dificultades econ\u00f3micas\">Corvera de Asturias ayudar\u00e1 a las familias con dificultades econ\u00f3micas<\/a>\n<\/span><\/div>","aioseo_breadcrumb_json":[{"label":"Home","link":"https:\/\/www.eldigitaldeasturias.com\/noticias"},{"label":"Actualidad Asturias","link":"https:\/\/www.eldigitaldeasturias.com\/noticias\/category\/actualidad-asturias\/"},{"label":"Corvera de Asturias ayudar\u00e1 a las familias con dificultades econ\u00f3micas","link":"https:\/\/www.eldigitaldeasturias.com\/noticias\/corvera-de-asturias-ayudara-a-las-familias-con-dificultades-economicas\/"}],"_links":{"self":[{"href":"https:\/\/www.eldigitaldeasturias.com\/noticias\/wp-json\/wp\/v2\/posts\/908338","targetHints":{"allow":["GET"]}}],"collection":[{"href":"https:\/\/www.eldigitaldeasturias.com\/noticias\/wp-json\/wp\/v2\/posts"}],"about":[{"href":"https:\/\/www.eldigitaldeasturias.com\/noticias\/wp-json\/wp\/v2\/types\/post"}],"author":[{"embeddable":true,"href":"https:\/\/www.eldigitaldeasturias.com\/noticias\/wp-json\/wp\/v2\/users\/1"}],"replies":[{"embeddable":true,"href":"https:\/\/www.eldigitaldeasturias.com\/noticias\/wp-json\/wp\/v2\/comments?post=908338"}],"version-history":[{"count":0,"href":"https:\/\/www.eldigitaldeasturias.com\/noticias\/wp-json\/wp\/v2\/posts\/908338\/revisions"}],"wp:featuredmedia":[{"embeddable":true,"href":"https:\/\/www.eldigitaldeasturias.com\/noticias\/wp-json\/wp\/v2\/media\/908339"}],"wp:attachment":[{"href":"https:\/\/www.eldigitaldeasturias.com\/noticias\/wp-json\/wp\/v2\/media?parent=908338"}],"wp:term":[{"taxonomy":"category","embeddable":true,"href":"https:\/\/www.eldigitaldeasturias.com\/noticias\/wp-json\/wp\/v2\/categories?post=908338"},{"taxonomy":"post_tag","embeddable":true,"href":"https:\/\/www.eldigitaldeasturias.com\/noticias\/wp-json\/wp\/v2\/tags?post=908338"}],"curies":[{"name":"wp","href":"https:\/\/api.w.org\/{rel}","templated":true}]}}