{"id":908336,"date":"2016-09-18T15:41:08","date_gmt":"2016-09-18T14:41:08","guid":{"rendered":"http:\/\/www.eldigitaldeasturias.com\/noticias\/?p=908336"},"modified":"2016-09-18T15:41:08","modified_gmt":"2016-09-18T14:41:08","slug":"convocado-el-primer-concurso-de-fotografia-asturias-paraiso-natural","status":"publish","type":"post","link":"https:\/\/www.eldigitaldeasturias.com\/noticias\/convocado-el-primer-concurso-de-fotografia-asturias-paraiso-natural\/","title":{"rendered":"Convocado el Primer Concurso de Fotograf\u00eda Asturias Para\u00edso Natural"},"content":{"rendered":"<p><img loading=\"lazy\" decoding=\"async\" class=\"alignleft size-medium wp-image-437263\" src=\"https:\/\/www.eldigitaldeasturias.com\/noticias\/wp-content\/uploads\/2013\/10\/picos-360x270.jpg\" alt=\"picos\" width=\"360\" height=\"270\" srcset=\"https:\/\/www.eldigitaldeasturias.com\/noticias\/wp-content\/uploads\/2013\/10\/picos-360x270.jpg 360w, https:\/\/www.eldigitaldeasturias.com\/noticias\/wp-content\/uploads\/2013\/10\/picos-400x300.jpg 400w, https:\/\/www.eldigitaldeasturias.com\/noticias\/wp-content\/uploads\/2013\/10\/picos.jpg 640w, https:\/\/www.eldigitaldeasturias.com\/noticias\/wp-content\/uploads\/2013\/10\/picos-20x15.jpg 20w\" sizes=\"auto, (max-width: 360px) 100vw, 360px\" \/>La Consejer\u00eda de Empleo, Industria y Turismo convocar\u00e1 este lunes a trav\u00e9s de la Sociedad P\u00fablica de Gesti\u00f3n y Promoci\u00f3n Tur\u00edstica y Cultural del Principado, el I Concurso de Fotograf\u00eda Asturias Para\u00edso Natural con el objetivo de reflejar los principales valores y recursos de Asturias como destino tur\u00edstico y ofrecer nuevas miradas sobre su patrimonio natural y cultural.<\/p>\n<p>En total, se conceder\u00e1n 8.000 euros en premios para las fotograf\u00edas presentadas en sus dos categor\u00edas: Naturaleza y Paisaje, y Patrimonio Hist\u00f3rico, Art\u00edstico y Cultural. Ambas contar\u00e1n con un primer premio de 1.600 euros y un segundo de 800. Adem\u00e1s, habr\u00e1 ocho acc\u00e9sits de 200 euros para cada categor\u00eda.<\/p>\n<p>El jurado que valorar\u00e1 las obras presentadas tendr\u00e1 en cuenta la vinculaci\u00f3n de las im\u00e1genes a las tem\u00e1ticas del concurso, la calidad t\u00e9cnica y art\u00edstica de la propuesta y la capacidad de comunicaci\u00f3n visual, as\u00ed como su singularidad.<\/p>\n<p>El plazo para la presentaci\u00f3n de los trabajos se extender\u00e1 hasta el 7 de noviembre. Las fotograf\u00edas que resulten premiadas formar\u00e1n parte de una exposici\u00f3n que recorrer\u00e1 las principales localidades del Principado.<\/p>\n<p>En las pr\u00f3ximas semanas, tambi\u00e9n a trav\u00e9s de www.turismoasturias.es, se convocar\u00e1 un concurso en Instagram centrado en im\u00e1genes oto\u00f1ales, con el prop\u00f3sito de potenciar la presencia de Asturias como destino tur\u00edstico en esta red social.<\/p>\n<p>Las bases del concurso se pueden consultar en la siguiente direcci\u00f3n web: www.turismoasturias.es\/concurso-fotogr\u00e1fico<\/p>\n<p>&nbsp;<\/p>\n","protected":false},"excerpt":{"rendered":"<p>La Consejer\u00eda de Empleo, Industria y Turismo convocar\u00e1 este lunes a trav\u00e9s de la Sociedad P\u00fablica de Gesti\u00f3n y Promoci\u00f3n Tur\u00edstica y Cultural del Principado, el I Concurso de Fotograf\u00eda Asturias Para\u00edso Natural con el objetivo de reflejar los principales valores y recursos de Asturias como destino tur\u00edstico y ofrecer nuevas miradas sobre su patrimonio [&hellip;]<\/p>\n","protected":false},"author":1,"featured_media":437263,"comment_status":"closed","ping_status":"closed","sticky":false,"template":"","format":"standard","meta":{"footnotes":""},"categories":[50],"tags":[],"class_list":["post-908336","post","type-post","status-publish","format-standard","has-post-thumbnail","hentry","category-revista-de-ocio"],"aioseo_notices":[],"aioseo_head":"\n\t\t<!-- All in One SEO Pro 4.9.6.2 - aioseo.com -->\n\t<meta name=\"description\" content=\"La Consejer\u00eda de Empleo, Industria y Turismo convocar\u00e1 este lunes a trav\u00e9s de la Sociedad P\u00fablica de Gesti\u00f3n y Promoci\u00f3n Tur\u00edstica y Cultural del Principado, el I Concurso de Fotograf\u00eda Asturias Para\u00edso Natural con el objetivo de reflejar los principales valores y recursos de Asturias como destino tur\u00edstico y ofrecer nuevas miradas sobre su patrimonio\" \/>\n\t<meta name=\"robots\" content=\"max-image-preview:large\" \/>\n\t<meta name=\"author\" content=\"El Digital de Asturias\"\/>\n\t<meta name=\"google-site-verification\" content=\"UA-38556648-1\" \/>\n\t<meta name=\"msvalidate.01\" content=\"7dfe9f3f1b24437ab69f4f2559babe99\" \/>\n\t<meta name=\"keywords\" content=\"revista de ocio\" \/>\n\t<link rel=\"canonical\" href=\"https:\/\/www.eldigitaldeasturias.com\/noticias\/convocado-el-primer-concurso-de-fotografia-asturias-paraiso-natural\/\" \/>\n\t<meta name=\"generator\" content=\"All in One SEO Pro (AIOSEO) 4.9.6.2\" \/>\n\t\t<meta property=\"og:locale\" content=\"es_ES\" \/>\n\t\t<meta property=\"og:site_name\" content=\"El Digital de Asturias\" \/>\n\t\t<meta property=\"og:type\" content=\"article\" \/>\n\t\t<meta property=\"og:title\" content=\"Convocado el Primer Concurso de Fotograf\u00eda Asturias Para\u00edso Natural - El Digital de Asturias\" \/>\n\t\t<meta property=\"og:description\" content=\"La Consejer\u00eda de Empleo, Industria y Turismo convocar\u00e1 este lunes a trav\u00e9s de la Sociedad P\u00fablica de Gesti\u00f3n y Promoci\u00f3n Tur\u00edstica y Cultural del Principado, el I Concurso de Fotograf\u00eda Asturias Para\u00edso Natural con el objetivo de reflejar los principales valores y recursos de Asturias como destino tur\u00edstico y ofrecer nuevas miradas sobre su patrimonio\" \/>\n\t\t<meta property=\"og:url\" content=\"https:\/\/www.eldigitaldeasturias.com\/noticias\/convocado-el-primer-concurso-de-fotografia-asturias-paraiso-natural\/\" \/>\n\t\t<meta property=\"og:image\" content=\"https:\/\/www.eldigitaldeasturias.com\/noticias\/wp-content\/uploads\/2013\/10\/picos.jpg\" \/>\n\t\t<meta property=\"og:image:secure_url\" content=\"https:\/\/www.eldigitaldeasturias.com\/noticias\/wp-content\/uploads\/2013\/10\/picos.jpg\" \/>\n\t\t<meta property=\"og:image:width\" content=\"640\" \/>\n\t\t<meta property=\"og:image:height\" content=\"480\" \/>\n\t\t<meta property=\"article:tag\" content=\"revista de ocio\" \/>\n\t\t<meta property=\"article:published_time\" content=\"2016-09-18T14:41:08+00:00\" \/>\n\t\t<meta property=\"article:modified_time\" content=\"2016-09-18T14:41:08+00:00\" \/>\n\t\t<meta property=\"article:publisher\" content=\"https:\/\/facebook.com\/eldigitaldeasturias\" \/>\n\t\t<meta name=\"twitter:card\" content=\"summary_large_image\" \/>\n\t\t<meta name=\"twitter:title\" content=\"Convocado el Primer Concurso de Fotograf\u00eda Asturias Para\u00edso Natural - El Digital de Asturias\" \/>\n\t\t<meta name=\"twitter:description\" content=\"La Consejer\u00eda de Empleo, Industria y Turismo convocar\u00e1 este lunes a trav\u00e9s de la Sociedad P\u00fablica de Gesti\u00f3n y Promoci\u00f3n Tur\u00edstica y Cultural del Principado, el I Concurso de Fotograf\u00eda Asturias Para\u00edso Natural con el objetivo de reflejar los principales valores y recursos de Asturias como destino tur\u00edstico y ofrecer nuevas miradas sobre su patrimonio\" \/>\n\t\t<meta name=\"twitter:image\" content=\"https:\/\/www.eldigitaldeasturias.com\/noticias\/wp-content\/uploads\/2013\/10\/picos.jpg\" \/>\n\t\t<meta name=\"twitter:label1\" content=\"Escrito por\" \/>\n\t\t<meta name=\"twitter:data1\" content=\"El Digital de Asturias\" \/>\n\t\t<meta name=\"twitter:label2\" content=\"Tiempo de lectura estimado\" \/>\n\t\t<meta name=\"twitter:data2\" content=\"1 minuto\" \/>\n\t\t<script type=\"application\/ld+json\" class=\"aioseo-schema\">\n\t\t\t{\"@context\":\"https:\\\/\\\/schema.org\",\"@graph\":[{\"@type\":\"BlogPosting\",\"@id\":\"https:\\\/\\\/www.eldigitaldeasturias.com\\\/noticias\\\/convocado-el-primer-concurso-de-fotografia-asturias-paraiso-natural\\\/#blogposting\",\"name\":\"Convocado el Primer Concurso de Fotograf\\u00eda Asturias Para\\u00edso Natural - El Digital de Asturias\",\"headline\":\"Convocado el Primer Concurso de Fotograf\\u00eda Asturias Para\\u00edso Natural\",\"author\":{\"@id\":\"https:\\\/\\\/www.eldigitaldeasturias.com\\\/noticias\\\/author\\\/admin\\\/#author\"},\"publisher\":{\"@id\":\"https:\\\/\\\/www.eldigitaldeasturias.com\\\/noticias\\\/#organization\"},\"image\":{\"@type\":\"ImageObject\",\"url\":\"https:\\\/\\\/www.eldigitaldeasturias.com\\\/noticias\\\/wp-content\\\/uploads\\\/2013\\\/10\\\/picos.jpg\",\"width\":640,\"height\":480},\"datePublished\":\"2016-09-18T15:41:08+02:00\",\"dateModified\":\"2016-09-18T15:41:08+02:00\",\"inLanguage\":\"es-ES\",\"mainEntityOfPage\":{\"@id\":\"https:\\\/\\\/www.eldigitaldeasturias.com\\\/noticias\\\/convocado-el-primer-concurso-de-fotografia-asturias-paraiso-natural\\\/#webpage\"},\"isPartOf\":{\"@id\":\"https:\\\/\\\/www.eldigitaldeasturias.com\\\/noticias\\\/convocado-el-primer-concurso-de-fotografia-asturias-paraiso-natural\\\/#webpage\"},\"articleSection\":\"Revista de Ocio\"},{\"@type\":\"BreadcrumbList\",\"@id\":\"https:\\\/\\\/www.eldigitaldeasturias.com\\\/noticias\\\/convocado-el-primer-concurso-de-fotografia-asturias-paraiso-natural\\\/#breadcrumblist\",\"itemListElement\":[{\"@type\":\"ListItem\",\"@id\":\"https:\\\/\\\/www.eldigitaldeasturias.com\\\/noticias#listItem\",\"position\":1,\"name\":\"Home\",\"item\":\"https:\\\/\\\/www.eldigitaldeasturias.com\\\/noticias\",\"nextItem\":{\"@type\":\"ListItem\",\"@id\":\"https:\\\/\\\/www.eldigitaldeasturias.com\\\/noticias\\\/category\\\/revista-de-ocio\\\/#listItem\",\"name\":\"Revista de Ocio\"}},{\"@type\":\"ListItem\",\"@id\":\"https:\\\/\\\/www.eldigitaldeasturias.com\\\/noticias\\\/category\\\/revista-de-ocio\\\/#listItem\",\"position\":2,\"name\":\"Revista de Ocio\",\"item\":\"https:\\\/\\\/www.eldigitaldeasturias.com\\\/noticias\\\/category\\\/revista-de-ocio\\\/\",\"nextItem\":{\"@type\":\"ListItem\",\"@id\":\"https:\\\/\\\/www.eldigitaldeasturias.com\\\/noticias\\\/convocado-el-primer-concurso-de-fotografia-asturias-paraiso-natural\\\/#listItem\",\"name\":\"Convocado el Primer Concurso de Fotograf\\u00eda Asturias Para\\u00edso Natural\"},\"previousItem\":{\"@type\":\"ListItem\",\"@id\":\"https:\\\/\\\/www.eldigitaldeasturias.com\\\/noticias#listItem\",\"name\":\"Home\"}},{\"@type\":\"ListItem\",\"@id\":\"https:\\\/\\\/www.eldigitaldeasturias.com\\\/noticias\\\/convocado-el-primer-concurso-de-fotografia-asturias-paraiso-natural\\\/#listItem\",\"position\":3,\"name\":\"Convocado el Primer Concurso de Fotograf\\u00eda Asturias Para\\u00edso Natural\",\"previousItem\":{\"@type\":\"ListItem\",\"@id\":\"https:\\\/\\\/www.eldigitaldeasturias.com\\\/noticias\\\/category\\\/revista-de-ocio\\\/#listItem\",\"name\":\"Revista de Ocio\"}}]},{\"@type\":\"Organization\",\"@id\":\"https:\\\/\\\/www.eldigitaldeasturias.com\\\/noticias\\\/#organization\",\"name\":\"El Digital de Asturias\",\"description\":\"Hemeroteca\",\"url\":\"https:\\\/\\\/www.eldigitaldeasturias.com\\\/noticias\\\/\",\"email\":\"info@eldigitaldeasturias.com\",\"telephone\":\"+34652131393\",\"logo\":{\"@type\":\"ImageObject\",\"url\":\"https:\\\/\\\/www.eldigitaldeasturias.com\\\/noticias\\\/wp-content\\\/uploads\\\/2020\\\/12\\\/EDA.jpg\",\"@id\":\"https:\\\/\\\/www.eldigitaldeasturias.com\\\/noticias\\\/convocado-el-primer-concurso-de-fotografia-asturias-paraiso-natural\\\/#organizationLogo\",\"width\":649,\"height\":297},\"image\":{\"@id\":\"https:\\\/\\\/www.eldigitaldeasturias.com\\\/noticias\\\/convocado-el-primer-concurso-de-fotografia-asturias-paraiso-natural\\\/#organizationLogo\"},\"sameAs\":[\"https:\\\/\\\/facebook.com\\\/eldigitaldeasturias\",\"https:\\\/\\\/www.youtube.com\\\/channel\\\/UCZP-2wLEB9Rv6erhFmqVnvg\"],\"address\":{\"@id\":\"https:\\\/\\\/www.eldigitaldeasturias.com\\\/noticias\\\/#postaladdress\",\"@type\":\"PostalAddress\",\"streetAddress\":\"san antonio 4,\",\"postalCode\":\"33430\",\"addressLocality\":\"Cand\\u00e1s\",\"addressRegion\":\"Asturias\",\"addressCountry\":\"ES\"}},{\"@type\":\"Person\",\"@id\":\"https:\\\/\\\/www.eldigitaldeasturias.com\\\/noticias\\\/author\\\/admin\\\/#author\",\"url\":\"https:\\\/\\\/www.eldigitaldeasturias.com\\\/noticias\\\/author\\\/admin\\\/\",\"name\":\"El Digital de Asturias\",\"image\":{\"@type\":\"ImageObject\",\"@id\":\"https:\\\/\\\/www.eldigitaldeasturias.com\\\/noticias\\\/convocado-el-primer-concurso-de-fotografia-asturias-paraiso-natural\\\/#authorImage\",\"url\":\"https:\\\/\\\/www.eldigitaldeasturias.com\\\/noticias\\\/wp-content\\\/litespeed\\\/avatar\\\/18677e78aa0546b92d9dbf31ec7d7668.jpg?ver=1777290358\",\"width\":96,\"height\":96,\"caption\":\"El Digital de Asturias\"}},{\"@type\":\"WebPage\",\"@id\":\"https:\\\/\\\/www.eldigitaldeasturias.com\\\/noticias\\\/convocado-el-primer-concurso-de-fotografia-asturias-paraiso-natural\\\/#webpage\",\"url\":\"https:\\\/\\\/www.eldigitaldeasturias.com\\\/noticias\\\/convocado-el-primer-concurso-de-fotografia-asturias-paraiso-natural\\\/\",\"name\":\"Convocado el Primer Concurso de Fotograf\\u00eda Asturias Para\\u00edso Natural - El Digital de Asturias\",\"description\":\"La Consejer\\u00eda de Empleo, Industria y Turismo convocar\\u00e1 este lunes a trav\\u00e9s de la Sociedad P\\u00fablica de Gesti\\u00f3n y Promoci\\u00f3n Tur\\u00edstica y Cultural del Principado, el I Concurso de Fotograf\\u00eda Asturias Para\\u00edso Natural con el objetivo de reflejar los principales valores y recursos de Asturias como destino tur\\u00edstico y ofrecer nuevas miradas sobre su patrimonio\",\"inLanguage\":\"es-ES\",\"isPartOf\":{\"@id\":\"https:\\\/\\\/www.eldigitaldeasturias.com\\\/noticias\\\/#website\"},\"breadcrumb\":{\"@id\":\"https:\\\/\\\/www.eldigitaldeasturias.com\\\/noticias\\\/convocado-el-primer-concurso-de-fotografia-asturias-paraiso-natural\\\/#breadcrumblist\"},\"author\":{\"@id\":\"https:\\\/\\\/www.eldigitaldeasturias.com\\\/noticias\\\/author\\\/admin\\\/#author\"},\"creator\":{\"@id\":\"https:\\\/\\\/www.eldigitaldeasturias.com\\\/noticias\\\/author\\\/admin\\\/#author\"},\"image\":{\"@type\":\"ImageObject\",\"url\":\"https:\\\/\\\/www.eldigitaldeasturias.com\\\/noticias\\\/wp-content\\\/uploads\\\/2013\\\/10\\\/picos.jpg\",\"@id\":\"https:\\\/\\\/www.eldigitaldeasturias.com\\\/noticias\\\/convocado-el-primer-concurso-de-fotografia-asturias-paraiso-natural\\\/#mainImage\",\"width\":640,\"height\":480},\"primaryImageOfPage\":{\"@id\":\"https:\\\/\\\/www.eldigitaldeasturias.com\\\/noticias\\\/convocado-el-primer-concurso-de-fotografia-asturias-paraiso-natural\\\/#mainImage\"},\"datePublished\":\"2016-09-18T15:41:08+02:00\",\"dateModified\":\"2016-09-18T15:41:08+02:00\"},{\"@type\":\"WebSite\",\"@id\":\"https:\\\/\\\/www.eldigitaldeasturias.com\\\/noticias\\\/#website\",\"url\":\"https:\\\/\\\/www.eldigitaldeasturias.com\\\/noticias\\\/\",\"name\":\"El Digital de Asturias - Diario de actualidad y noticias\",\"alternateName\":\"El Digital de Asturias - Diario de actualidad y noticias\",\"description\":\"Hemeroteca\",\"inLanguage\":\"es-ES\",\"publisher\":{\"@id\":\"https:\\\/\\\/www.eldigitaldeasturias.com\\\/noticias\\\/#organization\"}}]}\n\t\t<\/script>\n\t\t<!-- All in One SEO Pro -->\r\n\t\t<title>Convocado el Primer Concurso de Fotograf\u00eda Asturias Para\u00edso Natural - El Digital de Asturias<\/title>\n\n","aioseo_head_json":{"title":"Convocado el Primer Concurso de Fotograf\u00eda Asturias Para\u00edso Natural - El Digital de Asturias","description":"La Consejer\u00eda de Empleo, Industria y Turismo convocar\u00e1 este lunes a trav\u00e9s de la Sociedad P\u00fablica de Gesti\u00f3n y Promoci\u00f3n Tur\u00edstica y Cultural del Principado, el I Concurso de Fotograf\u00eda Asturias Para\u00edso Natural con el objetivo de reflejar los principales valores y recursos de Asturias como destino tur\u00edstico y ofrecer nuevas miradas sobre su patrimonio","canonical_url":"https:\/\/www.eldigitaldeasturias.com\/noticias\/convocado-el-primer-concurso-de-fotografia-asturias-paraiso-natural\/","robots":"max-image-preview:large","keywords":"revista de ocio","webmasterTools":{"google-site-verification":"UA-38556648-1","msvalidate.01":"7dfe9f3f1b24437ab69f4f2559babe99","miscellaneous":""},"schema":{"@context":"https:\/\/schema.org","@graph":[{"@type":"BlogPosting","@id":"https:\/\/www.eldigitaldeasturias.com\/noticias\/convocado-el-primer-concurso-de-fotografia-asturias-paraiso-natural\/#blogposting","name":"Convocado el Primer Concurso de Fotograf\u00eda Asturias Para\u00edso Natural - El Digital de Asturias","headline":"Convocado el Primer Concurso de Fotograf\u00eda Asturias Para\u00edso Natural","author":{"@id":"https:\/\/www.eldigitaldeasturias.com\/noticias\/author\/admin\/#author"},"publisher":{"@id":"https:\/\/www.eldigitaldeasturias.com\/noticias\/#organization"},"image":{"@type":"ImageObject","url":"https:\/\/www.eldigitaldeasturias.com\/noticias\/wp-content\/uploads\/2013\/10\/picos.jpg","width":640,"height":480},"datePublished":"2016-09-18T15:41:08+02:00","dateModified":"2016-09-18T15:41:08+02:00","inLanguage":"es-ES","mainEntityOfPage":{"@id":"https:\/\/www.eldigitaldeasturias.com\/noticias\/convocado-el-primer-concurso-de-fotografia-asturias-paraiso-natural\/#webpage"},"isPartOf":{"@id":"https:\/\/www.eldigitaldeasturias.com\/noticias\/convocado-el-primer-concurso-de-fotografia-asturias-paraiso-natural\/#webpage"},"articleSection":"Revista de Ocio"},{"@type":"BreadcrumbList","@id":"https:\/\/www.eldigitaldeasturias.com\/noticias\/convocado-el-primer-concurso-de-fotografia-asturias-paraiso-natural\/#breadcrumblist","itemListElement":[{"@type":"ListItem","@id":"https:\/\/www.eldigitaldeasturias.com\/noticias#listItem","position":1,"name":"Home","item":"https:\/\/www.eldigitaldeasturias.com\/noticias","nextItem":{"@type":"ListItem","@id":"https:\/\/www.eldigitaldeasturias.com\/noticias\/category\/revista-de-ocio\/#listItem","name":"Revista de Ocio"}},{"@type":"ListItem","@id":"https:\/\/www.eldigitaldeasturias.com\/noticias\/category\/revista-de-ocio\/#listItem","position":2,"name":"Revista de Ocio","item":"https:\/\/www.eldigitaldeasturias.com\/noticias\/category\/revista-de-ocio\/","nextItem":{"@type":"ListItem","@id":"https:\/\/www.eldigitaldeasturias.com\/noticias\/convocado-el-primer-concurso-de-fotografia-asturias-paraiso-natural\/#listItem","name":"Convocado el Primer Concurso de Fotograf\u00eda Asturias Para\u00edso Natural"},"previousItem":{"@type":"ListItem","@id":"https:\/\/www.eldigitaldeasturias.com\/noticias#listItem","name":"Home"}},{"@type":"ListItem","@id":"https:\/\/www.eldigitaldeasturias.com\/noticias\/convocado-el-primer-concurso-de-fotografia-asturias-paraiso-natural\/#listItem","position":3,"name":"Convocado el Primer Concurso de Fotograf\u00eda Asturias Para\u00edso Natural","previousItem":{"@type":"ListItem","@id":"https:\/\/www.eldigitaldeasturias.com\/noticias\/category\/revista-de-ocio\/#listItem","name":"Revista de Ocio"}}]},{"@type":"Organization","@id":"https:\/\/www.eldigitaldeasturias.com\/noticias\/#organization","name":"El Digital de Asturias","description":"Hemeroteca","url":"https:\/\/www.eldigitaldeasturias.com\/noticias\/","email":"info@eldigitaldeasturias.com","telephone":"+34652131393","logo":{"@type":"ImageObject","url":"https:\/\/www.eldigitaldeasturias.com\/noticias\/wp-content\/uploads\/2020\/12\/EDA.jpg","@id":"https:\/\/www.eldigitaldeasturias.com\/noticias\/convocado-el-primer-concurso-de-fotografia-asturias-paraiso-natural\/#organizationLogo","width":649,"height":297},"image":{"@id":"https:\/\/www.eldigitaldeasturias.com\/noticias\/convocado-el-primer-concurso-de-fotografia-asturias-paraiso-natural\/#organizationLogo"},"sameAs":["https:\/\/facebook.com\/eldigitaldeasturias","https:\/\/www.youtube.com\/channel\/UCZP-2wLEB9Rv6erhFmqVnvg"],"address":{"@id":"https:\/\/www.eldigitaldeasturias.com\/noticias\/#postaladdress","@type":"PostalAddress","streetAddress":"san antonio 4,","postalCode":"33430","addressLocality":"Cand\u00e1s","addressRegion":"Asturias","addressCountry":"ES"}},{"@type":"Person","@id":"https:\/\/www.eldigitaldeasturias.com\/noticias\/author\/admin\/#author","url":"https:\/\/www.eldigitaldeasturias.com\/noticias\/author\/admin\/","name":"El Digital de Asturias","image":{"@type":"ImageObject","@id":"https:\/\/www.eldigitaldeasturias.com\/noticias\/convocado-el-primer-concurso-de-fotografia-asturias-paraiso-natural\/#authorImage","url":"https:\/\/www.eldigitaldeasturias.com\/noticias\/wp-content\/litespeed\/avatar\/18677e78aa0546b92d9dbf31ec7d7668.jpg?ver=1777290358","width":96,"height":96,"caption":"El Digital de Asturias"}},{"@type":"WebPage","@id":"https:\/\/www.eldigitaldeasturias.com\/noticias\/convocado-el-primer-concurso-de-fotografia-asturias-paraiso-natural\/#webpage","url":"https:\/\/www.eldigitaldeasturias.com\/noticias\/convocado-el-primer-concurso-de-fotografia-asturias-paraiso-natural\/","name":"Convocado el Primer Concurso de Fotograf\u00eda Asturias Para\u00edso Natural - El Digital de Asturias","description":"La Consejer\u00eda de Empleo, Industria y Turismo convocar\u00e1 este lunes a trav\u00e9s de la Sociedad P\u00fablica de Gesti\u00f3n y Promoci\u00f3n Tur\u00edstica y Cultural del Principado, el I Concurso de Fotograf\u00eda Asturias Para\u00edso Natural con el objetivo de reflejar los principales valores y recursos de Asturias como destino tur\u00edstico y ofrecer nuevas miradas sobre su patrimonio","inLanguage":"es-ES","isPartOf":{"@id":"https:\/\/www.eldigitaldeasturias.com\/noticias\/#website"},"breadcrumb":{"@id":"https:\/\/www.eldigitaldeasturias.com\/noticias\/convocado-el-primer-concurso-de-fotografia-asturias-paraiso-natural\/#breadcrumblist"},"author":{"@id":"https:\/\/www.eldigitaldeasturias.com\/noticias\/author\/admin\/#author"},"creator":{"@id":"https:\/\/www.eldigitaldeasturias.com\/noticias\/author\/admin\/#author"},"image":{"@type":"ImageObject","url":"https:\/\/www.eldigitaldeasturias.com\/noticias\/wp-content\/uploads\/2013\/10\/picos.jpg","@id":"https:\/\/www.eldigitaldeasturias.com\/noticias\/convocado-el-primer-concurso-de-fotografia-asturias-paraiso-natural\/#mainImage","width":640,"height":480},"primaryImageOfPage":{"@id":"https:\/\/www.eldigitaldeasturias.com\/noticias\/convocado-el-primer-concurso-de-fotografia-asturias-paraiso-natural\/#mainImage"},"datePublished":"2016-09-18T15:41:08+02:00","dateModified":"2016-09-18T15:41:08+02:00"},{"@type":"WebSite","@id":"https:\/\/www.eldigitaldeasturias.com\/noticias\/#website","url":"https:\/\/www.eldigitaldeasturias.com\/noticias\/","name":"El Digital de Asturias - Diario de actualidad y noticias","alternateName":"El Digital de Asturias - Diario de actualidad y noticias","description":"Hemeroteca","inLanguage":"es-ES","publisher":{"@id":"https:\/\/www.eldigitaldeasturias.com\/noticias\/#organization"}}]},"og:locale":"es_ES","og:site_name":"El Digital de Asturias","og:type":"article","og:title":"Convocado el Primer Concurso de Fotograf\u00eda Asturias Para\u00edso Natural - El Digital de Asturias","og:description":"La Consejer\u00eda de Empleo, Industria y Turismo convocar\u00e1 este lunes a trav\u00e9s de la Sociedad P\u00fablica de Gesti\u00f3n y Promoci\u00f3n Tur\u00edstica y Cultural del Principado, el I Concurso de Fotograf\u00eda Asturias Para\u00edso Natural con el objetivo de reflejar los principales valores y recursos de Asturias como destino tur\u00edstico y ofrecer nuevas miradas sobre su patrimonio","og:url":"https:\/\/www.eldigitaldeasturias.com\/noticias\/convocado-el-primer-concurso-de-fotografia-asturias-paraiso-natural\/","og:image":"https:\/\/www.eldigitaldeasturias.com\/noticias\/wp-content\/uploads\/2013\/10\/picos.jpg","og:image:secure_url":"https:\/\/www.eldigitaldeasturias.com\/noticias\/wp-content\/uploads\/2013\/10\/picos.jpg","og:image:width":640,"og:image:height":480,"article:tag":["revista de ocio"],"article:published_time":"2016-09-18T14:41:08+00:00","article:modified_time":"2016-09-18T14:41:08+00:00","article:publisher":"https:\/\/facebook.com\/eldigitaldeasturias","twitter:card":"summary_large_image","twitter:title":"Convocado el Primer Concurso de Fotograf\u00eda Asturias Para\u00edso Natural - El Digital de Asturias","twitter:description":"La Consejer\u00eda de Empleo, Industria y Turismo convocar\u00e1 este lunes a trav\u00e9s de la Sociedad P\u00fablica de Gesti\u00f3n y Promoci\u00f3n Tur\u00edstica y Cultural del Principado, el I Concurso de Fotograf\u00eda Asturias Para\u00edso Natural con el objetivo de reflejar los principales valores y recursos de Asturias como destino tur\u00edstico y ofrecer nuevas miradas sobre su patrimonio","twitter:image":"https:\/\/www.eldigitaldeasturias.com\/noticias\/wp-content\/uploads\/2013\/10\/picos.jpg","twitter:label1":"Escrito por","twitter:data1":"El Digital de Asturias","twitter:label2":"Tiempo de lectura estimado","twitter:data2":"1 minuto"},"aioseo_meta_data":{"post_id":"908336","title":null,"description":null,"keywords":null,"keyphrases":null,"primary_term":null,"canonical_url":null,"og_title":null,"og_description":null,"og_object_type":"default","og_image_type":"default","og_image_url":null,"og_image_width":null,"og_image_height":null,"og_image_custom_url":null,"og_image_custom_fields":null,"og_video":null,"og_custom_url":null,"og_article_section":null,"og_article_tags":null,"twitter_use_og":false,"twitter_card":"default","twitter_image_type":"default","twitter_image_url":null,"twitter_image_custom_url":null,"twitter_image_custom_fields":null,"twitter_title":null,"twitter_description":null,"schema":{"blockGraphs":[],"customGraphs":[],"default":{"data":{"Article":[],"Course":[],"Dataset":[],"FAQPage":[],"Movie":[],"Person":[],"Product":[],"ProductReview":[],"Car":[],"Recipe":[],"Service":[],"SoftwareApplication":[],"WebPage":[]},"graphName":"","isEnabled":true},"graphs":[],"defaultGraph":"","defaultPostTypeGraph":""},"schema_type":null,"schema_type_options":null,"pillar_content":false,"robots_default":true,"robots_noindex":false,"robots_noarchive":false,"robots_nosnippet":false,"robots_nofollow":false,"robots_noimageindex":false,"robots_noodp":false,"robots_notranslate":false,"robots_max_snippet":null,"robots_max_videopreview":null,"robots_max_imagepreview":"large","priority":null,"frequency":null,"local_seo":null,"seo_analyzer_scan_date":"2025-11-30 15:46:07","breadcrumb_settings":null,"limit_modified_date":false,"open_ai":null,"ai":null,"created":"2020-12-21 14:00:13","updated":"2025-11-30 15:46:07"},"aioseo_breadcrumb":"<div class=\"aioseo-breadcrumbs\"><span class=\"aioseo-breadcrumb\">\n\t<a href=\"https:\/\/www.eldigitaldeasturias.com\/noticias\" title=\"Home\">Home<\/a>\n<\/span><span class=\"aioseo-breadcrumb-separator\">\u2013<\/span><span class=\"aioseo-breadcrumb\">\n\t<a href=\"https:\/\/www.eldigitaldeasturias.com\/noticias\/category\/revista-de-ocio\/\" title=\"Revista de Ocio\">Revista de Ocio<\/a>\n<\/span><span class=\"aioseo-breadcrumb-separator\">\u2013<\/span><span class=\"aioseo-breadcrumb\">\n\t<a href=\"https:\/\/www.eldigitaldeasturias.com\/noticias\/convocado-el-primer-concurso-de-fotografia-asturias-paraiso-natural\/\" title=\"Convocado el Primer Concurso de Fotograf\u00eda Asturias Para\u00edso Natural\">Convocado el Primer Concurso de Fotograf\u00eda Asturias Para\u00edso Natural<\/a>\n<\/span><\/div>","aioseo_breadcrumb_json":[{"label":"Home","link":"https:\/\/www.eldigitaldeasturias.com\/noticias"},{"label":"Revista de Ocio","link":"https:\/\/www.eldigitaldeasturias.com\/noticias\/category\/revista-de-ocio\/"},{"label":"Convocado el Primer Concurso de Fotograf\u00eda Asturias Para\u00edso Natural","link":"https:\/\/www.eldigitaldeasturias.com\/noticias\/convocado-el-primer-concurso-de-fotografia-asturias-paraiso-natural\/"}],"_links":{"self":[{"href":"https:\/\/www.eldigitaldeasturias.com\/noticias\/wp-json\/wp\/v2\/posts\/908336","targetHints":{"allow":["GET"]}}],"collection":[{"href":"https:\/\/www.eldigitaldeasturias.com\/noticias\/wp-json\/wp\/v2\/posts"}],"about":[{"href":"https:\/\/www.eldigitaldeasturias.com\/noticias\/wp-json\/wp\/v2\/types\/post"}],"author":[{"embeddable":true,"href":"https:\/\/www.eldigitaldeasturias.com\/noticias\/wp-json\/wp\/v2\/users\/1"}],"replies":[{"embeddable":true,"href":"https:\/\/www.eldigitaldeasturias.com\/noticias\/wp-json\/wp\/v2\/comments?post=908336"}],"version-history":[{"count":0,"href":"https:\/\/www.eldigitaldeasturias.com\/noticias\/wp-json\/wp\/v2\/posts\/908336\/revisions"}],"wp:featuredmedia":[{"embeddable":true,"href":"https:\/\/www.eldigitaldeasturias.com\/noticias\/wp-json\/wp\/v2\/media\/437263"}],"wp:attachment":[{"href":"https:\/\/www.eldigitaldeasturias.com\/noticias\/wp-json\/wp\/v2\/media?parent=908336"}],"wp:term":[{"taxonomy":"category","embeddable":true,"href":"https:\/\/www.eldigitaldeasturias.com\/noticias\/wp-json\/wp\/v2\/categories?post=908336"},{"taxonomy":"post_tag","embeddable":true,"href":"https:\/\/www.eldigitaldeasturias.com\/noticias\/wp-json\/wp\/v2\/tags?post=908336"}],"curies":[{"name":"wp","href":"https:\/\/api.w.org\/{rel}","templated":true}]}}