{"id":908333,"date":"2016-09-18T15:39:21","date_gmt":"2016-09-18T14:39:21","guid":{"rendered":"http:\/\/www.eldigitaldeasturias.com\/noticias\/?p=908333"},"modified":"2016-09-18T15:39:21","modified_gmt":"2016-09-18T14:39:21","slug":"juan-ramon-campo-afirma-que-el-tiempo-a-dado-la-razon-a-foro","status":"publish","type":"post","link":"https:\/\/www.eldigitaldeasturias.com\/noticias\/juan-ramon-campo-afirma-que-el-tiempo-a-dado-la-razon-a-foro\/","title":{"rendered":"Juan Ram\u00f3n Campo afirma que el tiempo a dado la raz\u00f3n a FORO"},"content":{"rendered":"<p><img loading=\"lazy\" decoding=\"async\" class=\"alignleft size-medium wp-image-908334\" src=\"https:\/\/www.eldigitaldeasturias.com\/noticias\/wp-content\/uploads\/2016\/09\/fotonoticia_20160918112803_800-360x240.jpg\" alt=\"fotonoticia_20160918112803_800\" width=\"360\" height=\"240\" srcset=\"https:\/\/www.eldigitaldeasturias.com\/noticias\/wp-content\/uploads\/2016\/09\/fotonoticia_20160918112803_800-360x240.jpg 360w, https:\/\/www.eldigitaldeasturias.com\/noticias\/wp-content\/uploads\/2016\/09\/fotonoticia_20160918112803_800-768x513.jpg 768w, https:\/\/www.eldigitaldeasturias.com\/noticias\/wp-content\/uploads\/2016\/09\/fotonoticia_20160918112803_800-650x434.jpg 650w, https:\/\/www.eldigitaldeasturias.com\/noticias\/wp-content\/uploads\/2016\/09\/fotonoticia_20160918112803_800-84x55.jpg 84w, https:\/\/www.eldigitaldeasturias.com\/noticias\/wp-content\/uploads\/2016\/09\/fotonoticia_20160918112803_800-49x32.jpg 49w, https:\/\/www.eldigitaldeasturias.com\/noticias\/wp-content\/uploads\/2016\/09\/fotonoticia_20160918112803_800.jpg 800w\" sizes=\"auto, (max-width: 360px) 100vw, 360px\" \/>El ex diputado en la Junta General y presidente de la Comisi\u00f3n de Estudios de Agroganader\u00eda y Medio Ambiente de Foro Asturias, Juan Ram\u00f3n Campo, consider aque la la anulaci\u00f3n por parte del Tribunal Superior de Justicia de Asturias (TSJA) del Instrumento de Gesti\u00f3n Integrado del Parque Natural de Fuentes del Narcea, Dega\u00f1a e Ibias, demuestra \u00abel err\u00f3neo modelo socialista de la gesti\u00f3n de los espacios naturales y confirman la raz\u00f3n de las alegaciones presentadas por FORO durante el proceso de aprobaci\u00f3n\u00bb.<\/p>\n<p>En una nota de prensa, Campo ha recordado tambi\u00e9n que \u00abla Parroquia Rural del P\u00e1ramo, en Teverga, ha instado judicialmente la nulidad del IGI del Parque Natural de Las Ubi\u00f1as-La Mesa por id\u00e9nticos motivos a los que han motivado la anulaci\u00f3n del de Fuentes del Narcea, Dega\u00f1a e Ibias, raz\u00f3n que hace prever que tambi\u00e9n ese instrumento pueda resultar anulado, todo ello por la perniciosa gesti\u00f3n socialista arrastrada durante d\u00e9cadas que ha sembrado el descontento entre los vecinos afectados por unos documentos plagados de restricciones y con muy pocas o nulas compensaciones que afloran por todos los costados\u00bb.<\/p>\n<p>\u00abEl gobierno del Principado -explica el exdiputado de Foro- deber\u00e1 ahora reiniciar, por segunda vez a causa de sentencias judiciales, la tramitaci\u00f3n de los instrumentos de gesti\u00f3n del espacio protegido\u00bb, motivo por el cual considera que \u00abMar\u00eda Jes\u00fas \u00c1lvarez se ha convertido en alumna aventajada de Bel\u00e9n Fern\u00e1ndez, consejera de las irregularidades, por obrar de forma irregular a sabiendas tras las advertencias en forma de alegaciones por escrito formuladas por FORO\u00bb, y recuerda que \u00abel primer Plan Rector de Uso y Gesti\u00f3n, aprobado en 2006, cont\u00f3 con la inestimable participaci\u00f3n y apoyo de la entonces Viceconsejera de Medio Ambiente, Bel\u00e9n Fern\u00e1ndez, al igual que el actual IGI es obra de Mar\u00eda Jes\u00fas \u00c1lvarez, ambos anulados por los tribunales por resultar irregulares\u00bb.<\/p>\n<p>Juan Ram\u00f3n Campo ha concluido que ante toda esta situaci\u00f3n \u00aburge tramitar la Proposici\u00f3n de Ley aprobada recientemente a instancias de FORO que permitir\u00e1 a los titulares de derechos afectados formar parte de las Comisiones Rectoras para tratar de evitar que se repita el tradicional abuso socialista sobre los habitantes de los espacios naturales, puesto que hasta ahora se decid\u00eda a sus espaldas incluso en contra de sus intereses a pesar de que, en casos como el Parque de Fuentes del Narcea, Dega\u00f1a e Ibias, m\u00e1s del 90% de la propiedad es privada\u00bb.<\/p>\n","protected":false},"excerpt":{"rendered":"<p>El ex diputado en la Junta General y presidente de la Comisi\u00f3n de Estudios de Agroganader\u00eda y Medio Ambiente de Foro Asturias, Juan Ram\u00f3n Campo, consider aque la la anulaci\u00f3n por parte del Tribunal Superior de Justicia de Asturias (TSJA) del Instrumento de Gesti\u00f3n Integrado del Parque Natural de Fuentes del Narcea, Dega\u00f1a e Ibias, [&hellip;]<\/p>\n","protected":false},"author":1,"featured_media":908334,"comment_status":"closed","ping_status":"closed","sticky":false,"template":"","format":"standard","meta":{"footnotes":""},"categories":[12],"tags":[],"class_list":["post-908333","post","type-post","status-publish","format-standard","has-post-thumbnail","hentry","category-actualidad-asturias"],"aioseo_notices":[],"aioseo_head":"\n\t\t<!-- All in One SEO Pro 4.9.6.2 - aioseo.com -->\n\t<meta name=\"description\" content=\"El ex diputado en la Junta General y presidente de la Comisi\u00f3n de Estudios de Agroganader\u00eda y Medio Ambiente de Foro Asturias, Juan Ram\u00f3n Campo, consider aque la la anulaci\u00f3n por parte del Tribunal Superior de Justicia de Asturias (TSJA) del Instrumento de Gesti\u00f3n Integrado del Parque Natural de Fuentes del Narcea, Dega\u00f1a e Ibias,\" \/>\n\t<meta name=\"robots\" content=\"max-image-preview:large\" \/>\n\t<meta name=\"author\" content=\"El Digital de Asturias\"\/>\n\t<meta name=\"google-site-verification\" content=\"UA-38556648-1\" \/>\n\t<meta name=\"msvalidate.01\" content=\"7dfe9f3f1b24437ab69f4f2559babe99\" \/>\n\t<meta name=\"keywords\" content=\"actualidad asturias\" \/>\n\t<link rel=\"canonical\" href=\"https:\/\/www.eldigitaldeasturias.com\/noticias\/juan-ramon-campo-afirma-que-el-tiempo-a-dado-la-razon-a-foro\/\" \/>\n\t<meta name=\"generator\" content=\"All in One SEO Pro (AIOSEO) 4.9.6.2\" \/>\n\t\t<meta property=\"og:locale\" content=\"es_ES\" \/>\n\t\t<meta property=\"og:site_name\" content=\"El Digital de Asturias\" \/>\n\t\t<meta property=\"og:type\" content=\"article\" \/>\n\t\t<meta property=\"og:title\" content=\"Juan Ram\u00f3n Campo afirma que el tiempo a dado la raz\u00f3n a FORO - El Digital de Asturias\" \/>\n\t\t<meta property=\"og:description\" content=\"El ex diputado en la Junta General y presidente de la Comisi\u00f3n de Estudios de Agroganader\u00eda y Medio Ambiente de Foro Asturias, Juan Ram\u00f3n Campo, consider aque la la anulaci\u00f3n por parte del Tribunal Superior de Justicia de Asturias (TSJA) del Instrumento de Gesti\u00f3n Integrado del Parque Natural de Fuentes del Narcea, Dega\u00f1a e Ibias,\" \/>\n\t\t<meta property=\"og:url\" content=\"https:\/\/www.eldigitaldeasturias.com\/noticias\/juan-ramon-campo-afirma-que-el-tiempo-a-dado-la-razon-a-foro\/\" \/>\n\t\t<meta property=\"og:image\" content=\"https:\/\/www.eldigitaldeasturias.com\/noticias\/wp-content\/uploads\/2016\/09\/fotonoticia_20160918112803_800.jpg\" \/>\n\t\t<meta property=\"og:image:secure_url\" content=\"https:\/\/www.eldigitaldeasturias.com\/noticias\/wp-content\/uploads\/2016\/09\/fotonoticia_20160918112803_800.jpg\" \/>\n\t\t<meta property=\"og:image:width\" content=\"800\" \/>\n\t\t<meta property=\"og:image:height\" content=\"534\" \/>\n\t\t<meta property=\"article:tag\" content=\"actualidad asturias\" \/>\n\t\t<meta property=\"article:published_time\" content=\"2016-09-18T14:39:21+00:00\" \/>\n\t\t<meta property=\"article:modified_time\" content=\"2016-09-18T14:39:21+00:00\" \/>\n\t\t<meta property=\"article:publisher\" content=\"https:\/\/facebook.com\/eldigitaldeasturias\" \/>\n\t\t<meta name=\"twitter:card\" content=\"summary_large_image\" \/>\n\t\t<meta name=\"twitter:title\" content=\"Juan Ram\u00f3n Campo afirma que el tiempo a dado la raz\u00f3n a FORO - El Digital de Asturias\" \/>\n\t\t<meta name=\"twitter:description\" content=\"El ex diputado en la Junta General y presidente de la Comisi\u00f3n de Estudios de Agroganader\u00eda y Medio Ambiente de Foro Asturias, Juan Ram\u00f3n Campo, consider aque la la anulaci\u00f3n por parte del Tribunal Superior de Justicia de Asturias (TSJA) del Instrumento de Gesti\u00f3n Integrado del Parque Natural de Fuentes del Narcea, Dega\u00f1a e Ibias,\" \/>\n\t\t<meta name=\"twitter:image\" content=\"https:\/\/www.eldigitaldeasturias.com\/noticias\/wp-content\/uploads\/2016\/09\/fotonoticia_20160918112803_800.jpg\" \/>\n\t\t<meta name=\"twitter:label1\" content=\"Escrito por\" \/>\n\t\t<meta name=\"twitter:data1\" content=\"El Digital de Asturias\" \/>\n\t\t<meta name=\"twitter:label2\" content=\"Tiempo de lectura estimado\" \/>\n\t\t<meta name=\"twitter:data2\" content=\"2 minutos\" \/>\n\t\t<script type=\"application\/ld+json\" class=\"aioseo-schema\">\n\t\t\t{\"@context\":\"https:\\\/\\\/schema.org\",\"@graph\":[{\"@type\":\"BlogPosting\",\"@id\":\"https:\\\/\\\/www.eldigitaldeasturias.com\\\/noticias\\\/juan-ramon-campo-afirma-que-el-tiempo-a-dado-la-razon-a-foro\\\/#blogposting\",\"name\":\"Juan Ram\\u00f3n Campo afirma que el tiempo a dado la raz\\u00f3n a FORO - El Digital de Asturias\",\"headline\":\"Juan Ram\\u00f3n Campo afirma que el tiempo a dado la raz\\u00f3n a FORO\",\"author\":{\"@id\":\"https:\\\/\\\/www.eldigitaldeasturias.com\\\/noticias\\\/author\\\/admin\\\/#author\"},\"publisher\":{\"@id\":\"https:\\\/\\\/www.eldigitaldeasturias.com\\\/noticias\\\/#organization\"},\"image\":{\"@type\":\"ImageObject\",\"url\":\"https:\\\/\\\/www.eldigitaldeasturias.com\\\/noticias\\\/wp-content\\\/uploads\\\/2016\\\/09\\\/fotonoticia_20160918112803_800.jpg\",\"width\":800,\"height\":534},\"datePublished\":\"2016-09-18T15:39:21+02:00\",\"dateModified\":\"2016-09-18T15:39:21+02:00\",\"inLanguage\":\"es-ES\",\"mainEntityOfPage\":{\"@id\":\"https:\\\/\\\/www.eldigitaldeasturias.com\\\/noticias\\\/juan-ramon-campo-afirma-que-el-tiempo-a-dado-la-razon-a-foro\\\/#webpage\"},\"isPartOf\":{\"@id\":\"https:\\\/\\\/www.eldigitaldeasturias.com\\\/noticias\\\/juan-ramon-campo-afirma-que-el-tiempo-a-dado-la-razon-a-foro\\\/#webpage\"},\"articleSection\":\"Actualidad Asturias\"},{\"@type\":\"BreadcrumbList\",\"@id\":\"https:\\\/\\\/www.eldigitaldeasturias.com\\\/noticias\\\/juan-ramon-campo-afirma-que-el-tiempo-a-dado-la-razon-a-foro\\\/#breadcrumblist\",\"itemListElement\":[{\"@type\":\"ListItem\",\"@id\":\"https:\\\/\\\/www.eldigitaldeasturias.com\\\/noticias#listItem\",\"position\":1,\"name\":\"Home\",\"item\":\"https:\\\/\\\/www.eldigitaldeasturias.com\\\/noticias\",\"nextItem\":{\"@type\":\"ListItem\",\"@id\":\"https:\\\/\\\/www.eldigitaldeasturias.com\\\/noticias\\\/category\\\/actualidad-asturias\\\/#listItem\",\"name\":\"Actualidad Asturias\"}},{\"@type\":\"ListItem\",\"@id\":\"https:\\\/\\\/www.eldigitaldeasturias.com\\\/noticias\\\/category\\\/actualidad-asturias\\\/#listItem\",\"position\":2,\"name\":\"Actualidad Asturias\",\"item\":\"https:\\\/\\\/www.eldigitaldeasturias.com\\\/noticias\\\/category\\\/actualidad-asturias\\\/\",\"nextItem\":{\"@type\":\"ListItem\",\"@id\":\"https:\\\/\\\/www.eldigitaldeasturias.com\\\/noticias\\\/juan-ramon-campo-afirma-que-el-tiempo-a-dado-la-razon-a-foro\\\/#listItem\",\"name\":\"Juan Ram\\u00f3n Campo afirma que el tiempo a dado la raz\\u00f3n a FORO\"},\"previousItem\":{\"@type\":\"ListItem\",\"@id\":\"https:\\\/\\\/www.eldigitaldeasturias.com\\\/noticias#listItem\",\"name\":\"Home\"}},{\"@type\":\"ListItem\",\"@id\":\"https:\\\/\\\/www.eldigitaldeasturias.com\\\/noticias\\\/juan-ramon-campo-afirma-que-el-tiempo-a-dado-la-razon-a-foro\\\/#listItem\",\"position\":3,\"name\":\"Juan Ram\\u00f3n Campo afirma que el tiempo a dado la raz\\u00f3n a FORO\",\"previousItem\":{\"@type\":\"ListItem\",\"@id\":\"https:\\\/\\\/www.eldigitaldeasturias.com\\\/noticias\\\/category\\\/actualidad-asturias\\\/#listItem\",\"name\":\"Actualidad Asturias\"}}]},{\"@type\":\"Organization\",\"@id\":\"https:\\\/\\\/www.eldigitaldeasturias.com\\\/noticias\\\/#organization\",\"name\":\"El Digital de Asturias\",\"description\":\"Hemeroteca\",\"url\":\"https:\\\/\\\/www.eldigitaldeasturias.com\\\/noticias\\\/\",\"email\":\"info@eldigitaldeasturias.com\",\"telephone\":\"+34652131393\",\"logo\":{\"@type\":\"ImageObject\",\"url\":\"https:\\\/\\\/www.eldigitaldeasturias.com\\\/noticias\\\/wp-content\\\/uploads\\\/2020\\\/12\\\/EDA.jpg\",\"@id\":\"https:\\\/\\\/www.eldigitaldeasturias.com\\\/noticias\\\/juan-ramon-campo-afirma-que-el-tiempo-a-dado-la-razon-a-foro\\\/#organizationLogo\",\"width\":649,\"height\":297},\"image\":{\"@id\":\"https:\\\/\\\/www.eldigitaldeasturias.com\\\/noticias\\\/juan-ramon-campo-afirma-que-el-tiempo-a-dado-la-razon-a-foro\\\/#organizationLogo\"},\"sameAs\":[\"https:\\\/\\\/facebook.com\\\/eldigitaldeasturias\",\"https:\\\/\\\/www.youtube.com\\\/channel\\\/UCZP-2wLEB9Rv6erhFmqVnvg\"],\"address\":{\"@id\":\"https:\\\/\\\/www.eldigitaldeasturias.com\\\/noticias\\\/#postaladdress\",\"@type\":\"PostalAddress\",\"streetAddress\":\"san antonio 4,\",\"postalCode\":\"33430\",\"addressLocality\":\"Cand\\u00e1s\",\"addressRegion\":\"Asturias\",\"addressCountry\":\"ES\"}},{\"@type\":\"Person\",\"@id\":\"https:\\\/\\\/www.eldigitaldeasturias.com\\\/noticias\\\/author\\\/admin\\\/#author\",\"url\":\"https:\\\/\\\/www.eldigitaldeasturias.com\\\/noticias\\\/author\\\/admin\\\/\",\"name\":\"El Digital de Asturias\",\"image\":{\"@type\":\"ImageObject\",\"@id\":\"https:\\\/\\\/www.eldigitaldeasturias.com\\\/noticias\\\/juan-ramon-campo-afirma-que-el-tiempo-a-dado-la-razon-a-foro\\\/#authorImage\",\"url\":\"https:\\\/\\\/www.eldigitaldeasturias.com\\\/noticias\\\/wp-content\\\/litespeed\\\/avatar\\\/18677e78aa0546b92d9dbf31ec7d7668.jpg?ver=1777290358\",\"width\":96,\"height\":96,\"caption\":\"El Digital de Asturias\"}},{\"@type\":\"WebPage\",\"@id\":\"https:\\\/\\\/www.eldigitaldeasturias.com\\\/noticias\\\/juan-ramon-campo-afirma-que-el-tiempo-a-dado-la-razon-a-foro\\\/#webpage\",\"url\":\"https:\\\/\\\/www.eldigitaldeasturias.com\\\/noticias\\\/juan-ramon-campo-afirma-que-el-tiempo-a-dado-la-razon-a-foro\\\/\",\"name\":\"Juan Ram\\u00f3n Campo afirma que el tiempo a dado la raz\\u00f3n a FORO - El Digital de Asturias\",\"description\":\"El ex diputado en la Junta General y presidente de la Comisi\\u00f3n de Estudios de Agroganader\\u00eda y Medio Ambiente de Foro Asturias, Juan Ram\\u00f3n Campo, consider aque la la anulaci\\u00f3n por parte del Tribunal Superior de Justicia de Asturias (TSJA) del Instrumento de Gesti\\u00f3n Integrado del Parque Natural de Fuentes del Narcea, Dega\\u00f1a e Ibias,\",\"inLanguage\":\"es-ES\",\"isPartOf\":{\"@id\":\"https:\\\/\\\/www.eldigitaldeasturias.com\\\/noticias\\\/#website\"},\"breadcrumb\":{\"@id\":\"https:\\\/\\\/www.eldigitaldeasturias.com\\\/noticias\\\/juan-ramon-campo-afirma-que-el-tiempo-a-dado-la-razon-a-foro\\\/#breadcrumblist\"},\"author\":{\"@id\":\"https:\\\/\\\/www.eldigitaldeasturias.com\\\/noticias\\\/author\\\/admin\\\/#author\"},\"creator\":{\"@id\":\"https:\\\/\\\/www.eldigitaldeasturias.com\\\/noticias\\\/author\\\/admin\\\/#author\"},\"image\":{\"@type\":\"ImageObject\",\"url\":\"https:\\\/\\\/www.eldigitaldeasturias.com\\\/noticias\\\/wp-content\\\/uploads\\\/2016\\\/09\\\/fotonoticia_20160918112803_800.jpg\",\"@id\":\"https:\\\/\\\/www.eldigitaldeasturias.com\\\/noticias\\\/juan-ramon-campo-afirma-que-el-tiempo-a-dado-la-razon-a-foro\\\/#mainImage\",\"width\":800,\"height\":534},\"primaryImageOfPage\":{\"@id\":\"https:\\\/\\\/www.eldigitaldeasturias.com\\\/noticias\\\/juan-ramon-campo-afirma-que-el-tiempo-a-dado-la-razon-a-foro\\\/#mainImage\"},\"datePublished\":\"2016-09-18T15:39:21+02:00\",\"dateModified\":\"2016-09-18T15:39:21+02:00\"},{\"@type\":\"WebSite\",\"@id\":\"https:\\\/\\\/www.eldigitaldeasturias.com\\\/noticias\\\/#website\",\"url\":\"https:\\\/\\\/www.eldigitaldeasturias.com\\\/noticias\\\/\",\"name\":\"El Digital de Asturias - Diario de actualidad y noticias\",\"alternateName\":\"El Digital de Asturias - Diario de actualidad y noticias\",\"description\":\"Hemeroteca\",\"inLanguage\":\"es-ES\",\"publisher\":{\"@id\":\"https:\\\/\\\/www.eldigitaldeasturias.com\\\/noticias\\\/#organization\"}}]}\n\t\t<\/script>\n\t\t<!-- All in One SEO Pro -->\r\n\t\t<title>Juan Ram\u00f3n Campo afirma que el tiempo a dado la raz\u00f3n a FORO - El Digital de Asturias<\/title>\n\n","aioseo_head_json":{"title":"Juan Ram\u00f3n Campo afirma que el tiempo a dado la raz\u00f3n a FORO - El Digital de Asturias","description":"El ex diputado en la Junta General y presidente de la Comisi\u00f3n de Estudios de Agroganader\u00eda y Medio Ambiente de Foro Asturias, Juan Ram\u00f3n Campo, consider aque la la anulaci\u00f3n por parte del Tribunal Superior de Justicia de Asturias (TSJA) del Instrumento de Gesti\u00f3n Integrado del Parque Natural de Fuentes del Narcea, Dega\u00f1a e Ibias,","canonical_url":"https:\/\/www.eldigitaldeasturias.com\/noticias\/juan-ramon-campo-afirma-que-el-tiempo-a-dado-la-razon-a-foro\/","robots":"max-image-preview:large","keywords":"actualidad asturias","webmasterTools":{"google-site-verification":"UA-38556648-1","msvalidate.01":"7dfe9f3f1b24437ab69f4f2559babe99","miscellaneous":""},"schema":{"@context":"https:\/\/schema.org","@graph":[{"@type":"BlogPosting","@id":"https:\/\/www.eldigitaldeasturias.com\/noticias\/juan-ramon-campo-afirma-que-el-tiempo-a-dado-la-razon-a-foro\/#blogposting","name":"Juan Ram\u00f3n Campo afirma que el tiempo a dado la raz\u00f3n a FORO - El Digital de Asturias","headline":"Juan Ram\u00f3n Campo afirma que el tiempo a dado la raz\u00f3n a FORO","author":{"@id":"https:\/\/www.eldigitaldeasturias.com\/noticias\/author\/admin\/#author"},"publisher":{"@id":"https:\/\/www.eldigitaldeasturias.com\/noticias\/#organization"},"image":{"@type":"ImageObject","url":"https:\/\/www.eldigitaldeasturias.com\/noticias\/wp-content\/uploads\/2016\/09\/fotonoticia_20160918112803_800.jpg","width":800,"height":534},"datePublished":"2016-09-18T15:39:21+02:00","dateModified":"2016-09-18T15:39:21+02:00","inLanguage":"es-ES","mainEntityOfPage":{"@id":"https:\/\/www.eldigitaldeasturias.com\/noticias\/juan-ramon-campo-afirma-que-el-tiempo-a-dado-la-razon-a-foro\/#webpage"},"isPartOf":{"@id":"https:\/\/www.eldigitaldeasturias.com\/noticias\/juan-ramon-campo-afirma-que-el-tiempo-a-dado-la-razon-a-foro\/#webpage"},"articleSection":"Actualidad Asturias"},{"@type":"BreadcrumbList","@id":"https:\/\/www.eldigitaldeasturias.com\/noticias\/juan-ramon-campo-afirma-que-el-tiempo-a-dado-la-razon-a-foro\/#breadcrumblist","itemListElement":[{"@type":"ListItem","@id":"https:\/\/www.eldigitaldeasturias.com\/noticias#listItem","position":1,"name":"Home","item":"https:\/\/www.eldigitaldeasturias.com\/noticias","nextItem":{"@type":"ListItem","@id":"https:\/\/www.eldigitaldeasturias.com\/noticias\/category\/actualidad-asturias\/#listItem","name":"Actualidad Asturias"}},{"@type":"ListItem","@id":"https:\/\/www.eldigitaldeasturias.com\/noticias\/category\/actualidad-asturias\/#listItem","position":2,"name":"Actualidad Asturias","item":"https:\/\/www.eldigitaldeasturias.com\/noticias\/category\/actualidad-asturias\/","nextItem":{"@type":"ListItem","@id":"https:\/\/www.eldigitaldeasturias.com\/noticias\/juan-ramon-campo-afirma-que-el-tiempo-a-dado-la-razon-a-foro\/#listItem","name":"Juan Ram\u00f3n Campo afirma que el tiempo a dado la raz\u00f3n a FORO"},"previousItem":{"@type":"ListItem","@id":"https:\/\/www.eldigitaldeasturias.com\/noticias#listItem","name":"Home"}},{"@type":"ListItem","@id":"https:\/\/www.eldigitaldeasturias.com\/noticias\/juan-ramon-campo-afirma-que-el-tiempo-a-dado-la-razon-a-foro\/#listItem","position":3,"name":"Juan Ram\u00f3n Campo afirma que el tiempo a dado la raz\u00f3n a FORO","previousItem":{"@type":"ListItem","@id":"https:\/\/www.eldigitaldeasturias.com\/noticias\/category\/actualidad-asturias\/#listItem","name":"Actualidad Asturias"}}]},{"@type":"Organization","@id":"https:\/\/www.eldigitaldeasturias.com\/noticias\/#organization","name":"El Digital de Asturias","description":"Hemeroteca","url":"https:\/\/www.eldigitaldeasturias.com\/noticias\/","email":"info@eldigitaldeasturias.com","telephone":"+34652131393","logo":{"@type":"ImageObject","url":"https:\/\/www.eldigitaldeasturias.com\/noticias\/wp-content\/uploads\/2020\/12\/EDA.jpg","@id":"https:\/\/www.eldigitaldeasturias.com\/noticias\/juan-ramon-campo-afirma-que-el-tiempo-a-dado-la-razon-a-foro\/#organizationLogo","width":649,"height":297},"image":{"@id":"https:\/\/www.eldigitaldeasturias.com\/noticias\/juan-ramon-campo-afirma-que-el-tiempo-a-dado-la-razon-a-foro\/#organizationLogo"},"sameAs":["https:\/\/facebook.com\/eldigitaldeasturias","https:\/\/www.youtube.com\/channel\/UCZP-2wLEB9Rv6erhFmqVnvg"],"address":{"@id":"https:\/\/www.eldigitaldeasturias.com\/noticias\/#postaladdress","@type":"PostalAddress","streetAddress":"san antonio 4,","postalCode":"33430","addressLocality":"Cand\u00e1s","addressRegion":"Asturias","addressCountry":"ES"}},{"@type":"Person","@id":"https:\/\/www.eldigitaldeasturias.com\/noticias\/author\/admin\/#author","url":"https:\/\/www.eldigitaldeasturias.com\/noticias\/author\/admin\/","name":"El Digital de Asturias","image":{"@type":"ImageObject","@id":"https:\/\/www.eldigitaldeasturias.com\/noticias\/juan-ramon-campo-afirma-que-el-tiempo-a-dado-la-razon-a-foro\/#authorImage","url":"https:\/\/www.eldigitaldeasturias.com\/noticias\/wp-content\/litespeed\/avatar\/18677e78aa0546b92d9dbf31ec7d7668.jpg?ver=1777290358","width":96,"height":96,"caption":"El Digital de Asturias"}},{"@type":"WebPage","@id":"https:\/\/www.eldigitaldeasturias.com\/noticias\/juan-ramon-campo-afirma-que-el-tiempo-a-dado-la-razon-a-foro\/#webpage","url":"https:\/\/www.eldigitaldeasturias.com\/noticias\/juan-ramon-campo-afirma-que-el-tiempo-a-dado-la-razon-a-foro\/","name":"Juan Ram\u00f3n Campo afirma que el tiempo a dado la raz\u00f3n a FORO - El Digital de Asturias","description":"El ex diputado en la Junta General y presidente de la Comisi\u00f3n de Estudios de Agroganader\u00eda y Medio Ambiente de Foro Asturias, Juan Ram\u00f3n Campo, consider aque la la anulaci\u00f3n por parte del Tribunal Superior de Justicia de Asturias (TSJA) del Instrumento de Gesti\u00f3n Integrado del Parque Natural de Fuentes del Narcea, Dega\u00f1a e Ibias,","inLanguage":"es-ES","isPartOf":{"@id":"https:\/\/www.eldigitaldeasturias.com\/noticias\/#website"},"breadcrumb":{"@id":"https:\/\/www.eldigitaldeasturias.com\/noticias\/juan-ramon-campo-afirma-que-el-tiempo-a-dado-la-razon-a-foro\/#breadcrumblist"},"author":{"@id":"https:\/\/www.eldigitaldeasturias.com\/noticias\/author\/admin\/#author"},"creator":{"@id":"https:\/\/www.eldigitaldeasturias.com\/noticias\/author\/admin\/#author"},"image":{"@type":"ImageObject","url":"https:\/\/www.eldigitaldeasturias.com\/noticias\/wp-content\/uploads\/2016\/09\/fotonoticia_20160918112803_800.jpg","@id":"https:\/\/www.eldigitaldeasturias.com\/noticias\/juan-ramon-campo-afirma-que-el-tiempo-a-dado-la-razon-a-foro\/#mainImage","width":800,"height":534},"primaryImageOfPage":{"@id":"https:\/\/www.eldigitaldeasturias.com\/noticias\/juan-ramon-campo-afirma-que-el-tiempo-a-dado-la-razon-a-foro\/#mainImage"},"datePublished":"2016-09-18T15:39:21+02:00","dateModified":"2016-09-18T15:39:21+02:00"},{"@type":"WebSite","@id":"https:\/\/www.eldigitaldeasturias.com\/noticias\/#website","url":"https:\/\/www.eldigitaldeasturias.com\/noticias\/","name":"El Digital de Asturias - Diario de actualidad y noticias","alternateName":"El Digital de Asturias - Diario de actualidad y noticias","description":"Hemeroteca","inLanguage":"es-ES","publisher":{"@id":"https:\/\/www.eldigitaldeasturias.com\/noticias\/#organization"}}]},"og:locale":"es_ES","og:site_name":"El Digital de Asturias","og:type":"article","og:title":"Juan Ram\u00f3n Campo afirma que el tiempo a dado la raz\u00f3n a FORO - El Digital de Asturias","og:description":"El ex diputado en la Junta General y presidente de la Comisi\u00f3n de Estudios de Agroganader\u00eda y Medio Ambiente de Foro Asturias, Juan Ram\u00f3n Campo, consider aque la la anulaci\u00f3n por parte del Tribunal Superior de Justicia de Asturias (TSJA) del Instrumento de Gesti\u00f3n Integrado del Parque Natural de Fuentes del Narcea, Dega\u00f1a e Ibias,","og:url":"https:\/\/www.eldigitaldeasturias.com\/noticias\/juan-ramon-campo-afirma-que-el-tiempo-a-dado-la-razon-a-foro\/","og:image":"https:\/\/www.eldigitaldeasturias.com\/noticias\/wp-content\/uploads\/2016\/09\/fotonoticia_20160918112803_800.jpg","og:image:secure_url":"https:\/\/www.eldigitaldeasturias.com\/noticias\/wp-content\/uploads\/2016\/09\/fotonoticia_20160918112803_800.jpg","og:image:width":800,"og:image:height":534,"article:tag":["actualidad asturias"],"article:published_time":"2016-09-18T14:39:21+00:00","article:modified_time":"2016-09-18T14:39:21+00:00","article:publisher":"https:\/\/facebook.com\/eldigitaldeasturias","twitter:card":"summary_large_image","twitter:title":"Juan Ram\u00f3n Campo afirma que el tiempo a dado la raz\u00f3n a FORO - El Digital de Asturias","twitter:description":"El ex diputado en la Junta General y presidente de la Comisi\u00f3n de Estudios de Agroganader\u00eda y Medio Ambiente de Foro Asturias, Juan Ram\u00f3n Campo, consider aque la la anulaci\u00f3n por parte del Tribunal Superior de Justicia de Asturias (TSJA) del Instrumento de Gesti\u00f3n Integrado del Parque Natural de Fuentes del Narcea, Dega\u00f1a e Ibias,","twitter:image":"https:\/\/www.eldigitaldeasturias.com\/noticias\/wp-content\/uploads\/2016\/09\/fotonoticia_20160918112803_800.jpg","twitter:label1":"Escrito por","twitter:data1":"El Digital de Asturias","twitter:label2":"Tiempo de lectura estimado","twitter:data2":"2 minutos"},"aioseo_meta_data":{"post_id":"908333","title":null,"description":null,"keywords":null,"keyphrases":null,"primary_term":null,"canonical_url":null,"og_title":null,"og_description":null,"og_object_type":"default","og_image_type":"default","og_image_url":null,"og_image_width":null,"og_image_height":null,"og_image_custom_url":null,"og_image_custom_fields":null,"og_video":null,"og_custom_url":null,"og_article_section":null,"og_article_tags":null,"twitter_use_og":false,"twitter_card":"default","twitter_image_type":"default","twitter_image_url":null,"twitter_image_custom_url":null,"twitter_image_custom_fields":null,"twitter_title":null,"twitter_description":null,"schema":{"blockGraphs":[],"customGraphs":[],"default":{"data":{"Article":[],"Course":[],"Dataset":[],"FAQPage":[],"Movie":[],"Person":[],"Product":[],"ProductReview":[],"Car":[],"Recipe":[],"Service":[],"SoftwareApplication":[],"WebPage":[]},"graphName":"","isEnabled":true},"graphs":[],"defaultGraph":"","defaultPostTypeGraph":""},"schema_type":null,"schema_type_options":null,"pillar_content":false,"robots_default":true,"robots_noindex":false,"robots_noarchive":false,"robots_nosnippet":false,"robots_nofollow":false,"robots_noimageindex":false,"robots_noodp":false,"robots_notranslate":false,"robots_max_snippet":null,"robots_max_videopreview":null,"robots_max_imagepreview":"large","priority":null,"frequency":null,"local_seo":null,"seo_analyzer_scan_date":"2025-11-30 15:43:50","breadcrumb_settings":null,"limit_modified_date":false,"open_ai":null,"ai":null,"created":"2020-12-21 14:00:13","updated":"2025-11-30 15:43:50"},"aioseo_breadcrumb":"<div class=\"aioseo-breadcrumbs\"><span class=\"aioseo-breadcrumb\">\n\t<a href=\"https:\/\/www.eldigitaldeasturias.com\/noticias\" title=\"Home\">Home<\/a>\n<\/span><span class=\"aioseo-breadcrumb-separator\">\u2013<\/span><span class=\"aioseo-breadcrumb\">\n\t<a href=\"https:\/\/www.eldigitaldeasturias.com\/noticias\/category\/actualidad-asturias\/\" title=\"Actualidad Asturias\">Actualidad Asturias<\/a>\n<\/span><span class=\"aioseo-breadcrumb-separator\">\u2013<\/span><span class=\"aioseo-breadcrumb\">\n\t<a href=\"https:\/\/www.eldigitaldeasturias.com\/noticias\/juan-ramon-campo-afirma-que-el-tiempo-a-dado-la-razon-a-foro\/\" title=\"Juan Ram\u00f3n Campo afirma que el tiempo a dado la raz\u00f3n a FORO\">Juan Ram\u00f3n Campo afirma que el tiempo a dado la raz\u00f3n a FORO<\/a>\n<\/span><\/div>","aioseo_breadcrumb_json":[{"label":"Home","link":"https:\/\/www.eldigitaldeasturias.com\/noticias"},{"label":"Actualidad Asturias","link":"https:\/\/www.eldigitaldeasturias.com\/noticias\/category\/actualidad-asturias\/"},{"label":"Juan Ram\u00f3n Campo afirma que el tiempo a dado la raz\u00f3n a FORO","link":"https:\/\/www.eldigitaldeasturias.com\/noticias\/juan-ramon-campo-afirma-que-el-tiempo-a-dado-la-razon-a-foro\/"}],"_links":{"self":[{"href":"https:\/\/www.eldigitaldeasturias.com\/noticias\/wp-json\/wp\/v2\/posts\/908333","targetHints":{"allow":["GET"]}}],"collection":[{"href":"https:\/\/www.eldigitaldeasturias.com\/noticias\/wp-json\/wp\/v2\/posts"}],"about":[{"href":"https:\/\/www.eldigitaldeasturias.com\/noticias\/wp-json\/wp\/v2\/types\/post"}],"author":[{"embeddable":true,"href":"https:\/\/www.eldigitaldeasturias.com\/noticias\/wp-json\/wp\/v2\/users\/1"}],"replies":[{"embeddable":true,"href":"https:\/\/www.eldigitaldeasturias.com\/noticias\/wp-json\/wp\/v2\/comments?post=908333"}],"version-history":[{"count":0,"href":"https:\/\/www.eldigitaldeasturias.com\/noticias\/wp-json\/wp\/v2\/posts\/908333\/revisions"}],"wp:featuredmedia":[{"embeddable":true,"href":"https:\/\/www.eldigitaldeasturias.com\/noticias\/wp-json\/wp\/v2\/media\/908334"}],"wp:attachment":[{"href":"https:\/\/www.eldigitaldeasturias.com\/noticias\/wp-json\/wp\/v2\/media?parent=908333"}],"wp:term":[{"taxonomy":"category","embeddable":true,"href":"https:\/\/www.eldigitaldeasturias.com\/noticias\/wp-json\/wp\/v2\/categories?post=908333"},{"taxonomy":"post_tag","embeddable":true,"href":"https:\/\/www.eldigitaldeasturias.com\/noticias\/wp-json\/wp\/v2\/tags?post=908333"}],"curies":[{"name":"wp","href":"https:\/\/api.w.org\/{rel}","templated":true}]}}