{"id":908327,"date":"2016-09-18T00:05:53","date_gmt":"2016-09-17T23:05:53","guid":{"rendered":"http:\/\/www.eldigitaldeasturias.com\/noticias\/?p=908327"},"modified":"2016-09-18T00:05:53","modified_gmt":"2016-09-17T23:05:53","slug":"rajoy-critica-la-actitud-antipatriotica-y-poco-democratica-de-sanchez","status":"publish","type":"post","link":"https:\/\/www.eldigitaldeasturias.com\/noticias\/rajoy-critica-la-actitud-antipatriotica-y-poco-democratica-de-sanchez\/","title":{"rendered":"Rajoy critica \u201cla actitud antipatri\u00f3tica y poco democr\u00e1tica de S\u00e1nchez\u201d"},"content":{"rendered":"<p><img loading=\"lazy\" decoding=\"async\" class=\"alignleft size-medium wp-image-908328\" src=\"https:\/\/www.eldigitaldeasturias.com\/noticias\/wp-content\/uploads\/2016\/09\/20160917__u4a3462-360x163.jpg\" alt=\"20160917__u4a3462\" width=\"360\" height=\"163\" srcset=\"https:\/\/www.eldigitaldeasturias.com\/noticias\/wp-content\/uploads\/2016\/09\/20160917__u4a3462-360x163.jpg 360w, https:\/\/www.eldigitaldeasturias.com\/noticias\/wp-content\/uploads\/2016\/09\/20160917__u4a3462.jpg 640w\" sizes=\"auto, (max-width: 360px) 100vw, 360px\" \/>El presidente del Gobierno en funciones y del Partido Popular, Mariano Rajoy, ha criticado hoy la \u201cactitud obstruccionista, antipatri\u00f3tica y poco democr\u00e1tica\u201d del secretario general del Partido Socialista, Pedro S\u00e1nchez, que puede hacer que \u201cel esfuerzo de los espa\u00f1oles no valga para nada y vamos a volver al punto de partida\u201d.<\/p>\n<p>De esta manera, ha criticado \u201cla situaci\u00f3n de bloqueo en la que se ha instalado S\u00e1nchez, que cada vez hace m\u00e1s da\u00f1o a Espa\u00f1a\u201d, tras los graves problemas que ha tenido durante estos a\u00f1os y, sobre todo, el esfuerzo que los ciudadanos han tenido que hacer para darle la vuelta a la situaci\u00f3n.<\/p>\n<p>El l\u00edder del PP ha recordado que S\u00e1nchez ha puesto todo de su parte para impedir que el partido m\u00e1s votado en las elecciones del 20 de diciembre y el \u00fanico que mejor\u00f3 su resultado el 26 de junio gobierne. \u201cLe ofrecimos al PSOE y a Ciudadanos una coalici\u00f3n; no quisieron. Ofrecimos tambi\u00e9n pactos sobre los grandes temas nacionales. Si no quiere, que por lo menos deje gobernar al que gane, porque se supone que en democracia el voto de la gente sirve para algo. Yo soy un extremista del sentido com\u00fan\u201d, ha aseverado.<\/p>\n<p>Durante su intervenci\u00f3n en un mitin de campa\u00f1a del PP vasco en Bilbao, Mariano Rajoy ha explicado que la situaci\u00f3n pol\u00edtica que vive Espa\u00f1a en estos momentos ha sido \u201cprovocada de una manera irresponsable\u201d, pero que su gobierno va a trabajar para que \u201ccause el m\u00ednimo da\u00f1o a los espa\u00f1oles\u201d. As\u00ed, ha pedido que se act\u00fae de manera responsable y democr\u00e1tica, porque \u201cno se puede hacer lo que estamos viviendo en estos tiempos y se le hace mucho da\u00f1o a la gente\u201d.<\/p>\n<p>EL PP VASCO GARANTIZA LA MODERACI\u00d3N EN EUSKADI<\/p>\n<p>El l\u00edder del PP ha pedido que en estas elecciones auton\u00f3micas en Euskadi la gente moderada apueste por el candidato del PP a lehendakari, Alfonso Alonso, que \u201cgarantizar\u00e1 la moderaci\u00f3n, la responsabilidad y que no empiece un camino equivocado en El Pa\u00eds Vasco, como est\u00e1 ocurriendo en otros lugares de Espa\u00f1a, con las consecuencias que todo el mundo conoce\u201d.<\/p>\n<p>\u201cNuestra posici\u00f3n n\u00edtida y clara. Queremos un Pa\u00eds Vasco en Espa\u00f1a y en Europa. Queremos un marco institucional como el que hay, \u00fatil para resolver las problemas que le interesan al conjunto de los ciudadanos. El grado de autonom\u00eda que tiene el Pa\u00eds Vasco es el mayor que ha tenido nunca. Lo queremos mantener en el futuro, porque es un instrumento \u00fatil para resolver los problemas de la gente\u201d, ha subrayado.<\/p>\n<p>En este contexto, ha lamentado que haya partidos que no busquen sumar, dividir y generar problemas, \u201ccomo ocurre en otros lugares de Espa\u00f1a, por la actuaci\u00f3n de algunos dirigentes pol\u00edticos que lo \u00fanico que han hecho es crear inestabilidad y ponerse en manos de extremistas a espaldas de la gente\u201d.<\/p>\n<p>ALONSO, EL MEJOR CANDIDATO A LEHENDAKARI<\/p>\n<p>Mariano Rajoy ha destacado los valores \u201cdemocr\u00e1ticos y de combate contra la barbarie y el terror\u201d del PP en el Pa\u00eds Vasco, aunados en estas elecciones en la candidatura de Alfonso Alonso. As\u00ed, ha destacado que el PP vasco quiere ser la alternativa a \u201cquien apuesta por la divisi\u00f3n y la ruptura\u201d que, al final, \u201cacaba perdiendo el tren de la historia\u201d.<\/p>\n<p>Por \u00faltimo, el presidente del PP ha pedido a los 150.000 vascos que votaron al PP en junio que vuelvan a hacerlo, porque estas elecciones son muy importantes y \u201cporque quien va a hablar de Espa\u00f1a en el Parlamento vasco y evitar los desmanes de algunos son los diputados elegidos en las listas del PP. El PP vasco es un valor seguro que apuesta por la moderaci\u00f3n y la estabilidad\u201d.<\/p>\n<p>&nbsp;<\/p>\n","protected":false},"excerpt":{"rendered":"<p>El presidente del Gobierno en funciones y del Partido Popular, Mariano Rajoy, ha criticado hoy la \u201cactitud obstruccionista, antipatri\u00f3tica y poco democr\u00e1tica\u201d del secretario general del Partido Socialista, Pedro S\u00e1nchez, que puede hacer que \u201cel esfuerzo de los espa\u00f1oles no valga para nada y vamos a volver al punto de partida\u201d. De esta manera, ha [&hellip;]<\/p>\n","protected":false},"author":1,"featured_media":908328,"comment_status":"closed","ping_status":"closed","sticky":false,"template":"","format":"standard","meta":{"footnotes":""},"categories":[1],"tags":[],"class_list":["post-908327","post","type-post","status-publish","format-standard","has-post-thumbnail","hentry","category-actualidad"],"aioseo_notices":[],"aioseo_head":"\n\t\t<!-- All in One SEO Pro 4.9.6.2 - aioseo.com -->\n\t<meta name=\"description\" content=\"El presidente del Gobierno en funciones y del Partido Popular, Mariano Rajoy, ha criticado hoy la \u201cactitud obstruccionista, antipatri\u00f3tica y poco democr\u00e1tica\u201d del secretario general del Partido Socialista, Pedro S\u00e1nchez, que puede hacer que \u201cel esfuerzo de los espa\u00f1oles no valga para nada y vamos a volver al punto de partida\u201d. De esta manera, ha\" \/>\n\t<meta name=\"robots\" content=\"max-image-preview:large\" \/>\n\t<meta name=\"author\" content=\"El Digital de Asturias\"\/>\n\t<meta name=\"google-site-verification\" content=\"UA-38556648-1\" \/>\n\t<meta name=\"msvalidate.01\" content=\"7dfe9f3f1b24437ab69f4f2559babe99\" \/>\n\t<meta name=\"keywords\" content=\"actualidad\" \/>\n\t<link rel=\"canonical\" href=\"https:\/\/www.eldigitaldeasturias.com\/noticias\/rajoy-critica-la-actitud-antipatriotica-y-poco-democratica-de-sanchez\/\" \/>\n\t<meta name=\"generator\" content=\"All in One SEO Pro (AIOSEO) 4.9.6.2\" \/>\n\t\t<meta property=\"og:locale\" content=\"es_ES\" \/>\n\t\t<meta property=\"og:site_name\" content=\"El Digital de Asturias\" \/>\n\t\t<meta property=\"og:type\" content=\"article\" \/>\n\t\t<meta property=\"og:title\" content=\"Rajoy critica \u201cla actitud antipatri\u00f3tica y poco democr\u00e1tica de S\u00e1nchez\u201d - El Digital de Asturias\" \/>\n\t\t<meta property=\"og:description\" content=\"El presidente del Gobierno en funciones y del Partido Popular, Mariano Rajoy, ha criticado hoy la \u201cactitud obstruccionista, antipatri\u00f3tica y poco democr\u00e1tica\u201d del secretario general del Partido Socialista, Pedro S\u00e1nchez, que puede hacer que \u201cel esfuerzo de los espa\u00f1oles no valga para nada y vamos a volver al punto de partida\u201d. De esta manera, ha\" \/>\n\t\t<meta property=\"og:url\" content=\"https:\/\/www.eldigitaldeasturias.com\/noticias\/rajoy-critica-la-actitud-antipatriotica-y-poco-democratica-de-sanchez\/\" \/>\n\t\t<meta property=\"og:image\" content=\"https:\/\/www.eldigitaldeasturias.com\/noticias\/wp-content\/uploads\/2016\/09\/20160917__u4a3462.jpg\" \/>\n\t\t<meta property=\"og:image:secure_url\" content=\"https:\/\/www.eldigitaldeasturias.com\/noticias\/wp-content\/uploads\/2016\/09\/20160917__u4a3462.jpg\" \/>\n\t\t<meta property=\"og:image:width\" content=\"640\" \/>\n\t\t<meta property=\"og:image:height\" content=\"290\" \/>\n\t\t<meta property=\"article:tag\" content=\"actualidad\" \/>\n\t\t<meta property=\"article:published_time\" content=\"2016-09-17T23:05:53+00:00\" \/>\n\t\t<meta property=\"article:modified_time\" content=\"2016-09-17T23:05:53+00:00\" \/>\n\t\t<meta property=\"article:publisher\" content=\"https:\/\/facebook.com\/eldigitaldeasturias\" \/>\n\t\t<meta name=\"twitter:card\" content=\"summary_large_image\" \/>\n\t\t<meta name=\"twitter:title\" content=\"Rajoy critica \u201cla actitud antipatri\u00f3tica y poco democr\u00e1tica de S\u00e1nchez\u201d - El Digital de Asturias\" \/>\n\t\t<meta name=\"twitter:description\" content=\"El presidente del Gobierno en funciones y del Partido Popular, Mariano Rajoy, ha criticado hoy la \u201cactitud obstruccionista, antipatri\u00f3tica y poco democr\u00e1tica\u201d del secretario general del Partido Socialista, Pedro S\u00e1nchez, que puede hacer que \u201cel esfuerzo de los espa\u00f1oles no valga para nada y vamos a volver al punto de partida\u201d. De esta manera, ha\" \/>\n\t\t<meta name=\"twitter:image\" content=\"https:\/\/www.eldigitaldeasturias.com\/noticias\/wp-content\/uploads\/2016\/09\/20160917__u4a3462.jpg\" \/>\n\t\t<meta name=\"twitter:label1\" content=\"Escrito por\" \/>\n\t\t<meta name=\"twitter:data1\" content=\"El Digital de Asturias\" \/>\n\t\t<meta name=\"twitter:label2\" content=\"Tiempo de lectura estimado\" \/>\n\t\t<meta name=\"twitter:data2\" content=\"3 minutos\" \/>\n\t\t<script type=\"application\/ld+json\" class=\"aioseo-schema\">\n\t\t\t{\"@context\":\"https:\\\/\\\/schema.org\",\"@graph\":[{\"@type\":\"BlogPosting\",\"@id\":\"https:\\\/\\\/www.eldigitaldeasturias.com\\\/noticias\\\/rajoy-critica-la-actitud-antipatriotica-y-poco-democratica-de-sanchez\\\/#blogposting\",\"name\":\"Rajoy critica \\u201cla actitud antipatri\\u00f3tica y poco democr\\u00e1tica de S\\u00e1nchez\\u201d - El Digital de Asturias\",\"headline\":\"Rajoy critica \\u201cla actitud antipatri\\u00f3tica y poco democr\\u00e1tica de S\\u00e1nchez\\u201d\",\"author\":{\"@id\":\"https:\\\/\\\/www.eldigitaldeasturias.com\\\/noticias\\\/author\\\/admin\\\/#author\"},\"publisher\":{\"@id\":\"https:\\\/\\\/www.eldigitaldeasturias.com\\\/noticias\\\/#organization\"},\"image\":{\"@type\":\"ImageObject\",\"url\":\"https:\\\/\\\/www.eldigitaldeasturias.com\\\/noticias\\\/wp-content\\\/uploads\\\/2016\\\/09\\\/20160917__u4a3462.jpg\",\"width\":640,\"height\":290},\"datePublished\":\"2016-09-18T00:05:53+02:00\",\"dateModified\":\"2016-09-18T00:05:53+02:00\",\"inLanguage\":\"es-ES\",\"mainEntityOfPage\":{\"@id\":\"https:\\\/\\\/www.eldigitaldeasturias.com\\\/noticias\\\/rajoy-critica-la-actitud-antipatriotica-y-poco-democratica-de-sanchez\\\/#webpage\"},\"isPartOf\":{\"@id\":\"https:\\\/\\\/www.eldigitaldeasturias.com\\\/noticias\\\/rajoy-critica-la-actitud-antipatriotica-y-poco-democratica-de-sanchez\\\/#webpage\"},\"articleSection\":\"Actualidad\"},{\"@type\":\"BreadcrumbList\",\"@id\":\"https:\\\/\\\/www.eldigitaldeasturias.com\\\/noticias\\\/rajoy-critica-la-actitud-antipatriotica-y-poco-democratica-de-sanchez\\\/#breadcrumblist\",\"itemListElement\":[{\"@type\":\"ListItem\",\"@id\":\"https:\\\/\\\/www.eldigitaldeasturias.com\\\/noticias#listItem\",\"position\":1,\"name\":\"Home\",\"item\":\"https:\\\/\\\/www.eldigitaldeasturias.com\\\/noticias\",\"nextItem\":{\"@type\":\"ListItem\",\"@id\":\"https:\\\/\\\/www.eldigitaldeasturias.com\\\/noticias\\\/category\\\/actualidad\\\/#listItem\",\"name\":\"Actualidad\"}},{\"@type\":\"ListItem\",\"@id\":\"https:\\\/\\\/www.eldigitaldeasturias.com\\\/noticias\\\/category\\\/actualidad\\\/#listItem\",\"position\":2,\"name\":\"Actualidad\",\"item\":\"https:\\\/\\\/www.eldigitaldeasturias.com\\\/noticias\\\/category\\\/actualidad\\\/\",\"nextItem\":{\"@type\":\"ListItem\",\"@id\":\"https:\\\/\\\/www.eldigitaldeasturias.com\\\/noticias\\\/rajoy-critica-la-actitud-antipatriotica-y-poco-democratica-de-sanchez\\\/#listItem\",\"name\":\"Rajoy critica \\u201cla actitud antipatri\\u00f3tica y poco democr\\u00e1tica de S\\u00e1nchez\\u201d\"},\"previousItem\":{\"@type\":\"ListItem\",\"@id\":\"https:\\\/\\\/www.eldigitaldeasturias.com\\\/noticias#listItem\",\"name\":\"Home\"}},{\"@type\":\"ListItem\",\"@id\":\"https:\\\/\\\/www.eldigitaldeasturias.com\\\/noticias\\\/rajoy-critica-la-actitud-antipatriotica-y-poco-democratica-de-sanchez\\\/#listItem\",\"position\":3,\"name\":\"Rajoy critica \\u201cla actitud antipatri\\u00f3tica y poco democr\\u00e1tica de S\\u00e1nchez\\u201d\",\"previousItem\":{\"@type\":\"ListItem\",\"@id\":\"https:\\\/\\\/www.eldigitaldeasturias.com\\\/noticias\\\/category\\\/actualidad\\\/#listItem\",\"name\":\"Actualidad\"}}]},{\"@type\":\"Organization\",\"@id\":\"https:\\\/\\\/www.eldigitaldeasturias.com\\\/noticias\\\/#organization\",\"name\":\"El Digital de Asturias\",\"description\":\"Hemeroteca\",\"url\":\"https:\\\/\\\/www.eldigitaldeasturias.com\\\/noticias\\\/\",\"email\":\"info@eldigitaldeasturias.com\",\"telephone\":\"+34652131393\",\"logo\":{\"@type\":\"ImageObject\",\"url\":\"https:\\\/\\\/www.eldigitaldeasturias.com\\\/noticias\\\/wp-content\\\/uploads\\\/2020\\\/12\\\/EDA.jpg\",\"@id\":\"https:\\\/\\\/www.eldigitaldeasturias.com\\\/noticias\\\/rajoy-critica-la-actitud-antipatriotica-y-poco-democratica-de-sanchez\\\/#organizationLogo\",\"width\":649,\"height\":297},\"image\":{\"@id\":\"https:\\\/\\\/www.eldigitaldeasturias.com\\\/noticias\\\/rajoy-critica-la-actitud-antipatriotica-y-poco-democratica-de-sanchez\\\/#organizationLogo\"},\"sameAs\":[\"https:\\\/\\\/facebook.com\\\/eldigitaldeasturias\",\"https:\\\/\\\/www.youtube.com\\\/channel\\\/UCZP-2wLEB9Rv6erhFmqVnvg\"],\"address\":{\"@id\":\"https:\\\/\\\/www.eldigitaldeasturias.com\\\/noticias\\\/#postaladdress\",\"@type\":\"PostalAddress\",\"streetAddress\":\"san antonio 4,\",\"postalCode\":\"33430\",\"addressLocality\":\"Cand\\u00e1s\",\"addressRegion\":\"Asturias\",\"addressCountry\":\"ES\"}},{\"@type\":\"Person\",\"@id\":\"https:\\\/\\\/www.eldigitaldeasturias.com\\\/noticias\\\/author\\\/admin\\\/#author\",\"url\":\"https:\\\/\\\/www.eldigitaldeasturias.com\\\/noticias\\\/author\\\/admin\\\/\",\"name\":\"El Digital de Asturias\",\"image\":{\"@type\":\"ImageObject\",\"@id\":\"https:\\\/\\\/www.eldigitaldeasturias.com\\\/noticias\\\/rajoy-critica-la-actitud-antipatriotica-y-poco-democratica-de-sanchez\\\/#authorImage\",\"url\":\"https:\\\/\\\/www.eldigitaldeasturias.com\\\/noticias\\\/wp-content\\\/litespeed\\\/avatar\\\/18677e78aa0546b92d9dbf31ec7d7668.jpg?ver=1777290358\",\"width\":96,\"height\":96,\"caption\":\"El Digital de Asturias\"}},{\"@type\":\"WebPage\",\"@id\":\"https:\\\/\\\/www.eldigitaldeasturias.com\\\/noticias\\\/rajoy-critica-la-actitud-antipatriotica-y-poco-democratica-de-sanchez\\\/#webpage\",\"url\":\"https:\\\/\\\/www.eldigitaldeasturias.com\\\/noticias\\\/rajoy-critica-la-actitud-antipatriotica-y-poco-democratica-de-sanchez\\\/\",\"name\":\"Rajoy critica \\u201cla actitud antipatri\\u00f3tica y poco democr\\u00e1tica de S\\u00e1nchez\\u201d - El Digital de Asturias\",\"description\":\"El presidente del Gobierno en funciones y del Partido Popular, Mariano Rajoy, ha criticado hoy la \\u201cactitud obstruccionista, antipatri\\u00f3tica y poco democr\\u00e1tica\\u201d del secretario general del Partido Socialista, Pedro S\\u00e1nchez, que puede hacer que \\u201cel esfuerzo de los espa\\u00f1oles no valga para nada y vamos a volver al punto de partida\\u201d. De esta manera, ha\",\"inLanguage\":\"es-ES\",\"isPartOf\":{\"@id\":\"https:\\\/\\\/www.eldigitaldeasturias.com\\\/noticias\\\/#website\"},\"breadcrumb\":{\"@id\":\"https:\\\/\\\/www.eldigitaldeasturias.com\\\/noticias\\\/rajoy-critica-la-actitud-antipatriotica-y-poco-democratica-de-sanchez\\\/#breadcrumblist\"},\"author\":{\"@id\":\"https:\\\/\\\/www.eldigitaldeasturias.com\\\/noticias\\\/author\\\/admin\\\/#author\"},\"creator\":{\"@id\":\"https:\\\/\\\/www.eldigitaldeasturias.com\\\/noticias\\\/author\\\/admin\\\/#author\"},\"image\":{\"@type\":\"ImageObject\",\"url\":\"https:\\\/\\\/www.eldigitaldeasturias.com\\\/noticias\\\/wp-content\\\/uploads\\\/2016\\\/09\\\/20160917__u4a3462.jpg\",\"@id\":\"https:\\\/\\\/www.eldigitaldeasturias.com\\\/noticias\\\/rajoy-critica-la-actitud-antipatriotica-y-poco-democratica-de-sanchez\\\/#mainImage\",\"width\":640,\"height\":290},\"primaryImageOfPage\":{\"@id\":\"https:\\\/\\\/www.eldigitaldeasturias.com\\\/noticias\\\/rajoy-critica-la-actitud-antipatriotica-y-poco-democratica-de-sanchez\\\/#mainImage\"},\"datePublished\":\"2016-09-18T00:05:53+02:00\",\"dateModified\":\"2016-09-18T00:05:53+02:00\"},{\"@type\":\"WebSite\",\"@id\":\"https:\\\/\\\/www.eldigitaldeasturias.com\\\/noticias\\\/#website\",\"url\":\"https:\\\/\\\/www.eldigitaldeasturias.com\\\/noticias\\\/\",\"name\":\"El Digital de Asturias - Diario de actualidad y noticias\",\"alternateName\":\"El Digital de Asturias - Diario de actualidad y noticias\",\"description\":\"Hemeroteca\",\"inLanguage\":\"es-ES\",\"publisher\":{\"@id\":\"https:\\\/\\\/www.eldigitaldeasturias.com\\\/noticias\\\/#organization\"}}]}\n\t\t<\/script>\n\t\t<!-- All in One SEO Pro -->\r\n\t\t<title>Rajoy critica \u201cla actitud antipatri\u00f3tica y poco democr\u00e1tica de S\u00e1nchez\u201d - El Digital de Asturias<\/title>\n\n","aioseo_head_json":{"title":"Rajoy critica \u201cla actitud antipatri\u00f3tica y poco democr\u00e1tica de S\u00e1nchez\u201d - El Digital de Asturias","description":"El presidente del Gobierno en funciones y del Partido Popular, Mariano Rajoy, ha criticado hoy la \u201cactitud obstruccionista, antipatri\u00f3tica y poco democr\u00e1tica\u201d del secretario general del Partido Socialista, Pedro S\u00e1nchez, que puede hacer que \u201cel esfuerzo de los espa\u00f1oles no valga para nada y vamos a volver al punto de partida\u201d. De esta manera, ha","canonical_url":"https:\/\/www.eldigitaldeasturias.com\/noticias\/rajoy-critica-la-actitud-antipatriotica-y-poco-democratica-de-sanchez\/","robots":"max-image-preview:large","keywords":"actualidad","webmasterTools":{"google-site-verification":"UA-38556648-1","msvalidate.01":"7dfe9f3f1b24437ab69f4f2559babe99","miscellaneous":""},"schema":{"@context":"https:\/\/schema.org","@graph":[{"@type":"BlogPosting","@id":"https:\/\/www.eldigitaldeasturias.com\/noticias\/rajoy-critica-la-actitud-antipatriotica-y-poco-democratica-de-sanchez\/#blogposting","name":"Rajoy critica \u201cla actitud antipatri\u00f3tica y poco democr\u00e1tica de S\u00e1nchez\u201d - El Digital de Asturias","headline":"Rajoy critica \u201cla actitud antipatri\u00f3tica y poco democr\u00e1tica de S\u00e1nchez\u201d","author":{"@id":"https:\/\/www.eldigitaldeasturias.com\/noticias\/author\/admin\/#author"},"publisher":{"@id":"https:\/\/www.eldigitaldeasturias.com\/noticias\/#organization"},"image":{"@type":"ImageObject","url":"https:\/\/www.eldigitaldeasturias.com\/noticias\/wp-content\/uploads\/2016\/09\/20160917__u4a3462.jpg","width":640,"height":290},"datePublished":"2016-09-18T00:05:53+02:00","dateModified":"2016-09-18T00:05:53+02:00","inLanguage":"es-ES","mainEntityOfPage":{"@id":"https:\/\/www.eldigitaldeasturias.com\/noticias\/rajoy-critica-la-actitud-antipatriotica-y-poco-democratica-de-sanchez\/#webpage"},"isPartOf":{"@id":"https:\/\/www.eldigitaldeasturias.com\/noticias\/rajoy-critica-la-actitud-antipatriotica-y-poco-democratica-de-sanchez\/#webpage"},"articleSection":"Actualidad"},{"@type":"BreadcrumbList","@id":"https:\/\/www.eldigitaldeasturias.com\/noticias\/rajoy-critica-la-actitud-antipatriotica-y-poco-democratica-de-sanchez\/#breadcrumblist","itemListElement":[{"@type":"ListItem","@id":"https:\/\/www.eldigitaldeasturias.com\/noticias#listItem","position":1,"name":"Home","item":"https:\/\/www.eldigitaldeasturias.com\/noticias","nextItem":{"@type":"ListItem","@id":"https:\/\/www.eldigitaldeasturias.com\/noticias\/category\/actualidad\/#listItem","name":"Actualidad"}},{"@type":"ListItem","@id":"https:\/\/www.eldigitaldeasturias.com\/noticias\/category\/actualidad\/#listItem","position":2,"name":"Actualidad","item":"https:\/\/www.eldigitaldeasturias.com\/noticias\/category\/actualidad\/","nextItem":{"@type":"ListItem","@id":"https:\/\/www.eldigitaldeasturias.com\/noticias\/rajoy-critica-la-actitud-antipatriotica-y-poco-democratica-de-sanchez\/#listItem","name":"Rajoy critica \u201cla actitud antipatri\u00f3tica y poco democr\u00e1tica de S\u00e1nchez\u201d"},"previousItem":{"@type":"ListItem","@id":"https:\/\/www.eldigitaldeasturias.com\/noticias#listItem","name":"Home"}},{"@type":"ListItem","@id":"https:\/\/www.eldigitaldeasturias.com\/noticias\/rajoy-critica-la-actitud-antipatriotica-y-poco-democratica-de-sanchez\/#listItem","position":3,"name":"Rajoy critica \u201cla actitud antipatri\u00f3tica y poco democr\u00e1tica de S\u00e1nchez\u201d","previousItem":{"@type":"ListItem","@id":"https:\/\/www.eldigitaldeasturias.com\/noticias\/category\/actualidad\/#listItem","name":"Actualidad"}}]},{"@type":"Organization","@id":"https:\/\/www.eldigitaldeasturias.com\/noticias\/#organization","name":"El Digital de Asturias","description":"Hemeroteca","url":"https:\/\/www.eldigitaldeasturias.com\/noticias\/","email":"info@eldigitaldeasturias.com","telephone":"+34652131393","logo":{"@type":"ImageObject","url":"https:\/\/www.eldigitaldeasturias.com\/noticias\/wp-content\/uploads\/2020\/12\/EDA.jpg","@id":"https:\/\/www.eldigitaldeasturias.com\/noticias\/rajoy-critica-la-actitud-antipatriotica-y-poco-democratica-de-sanchez\/#organizationLogo","width":649,"height":297},"image":{"@id":"https:\/\/www.eldigitaldeasturias.com\/noticias\/rajoy-critica-la-actitud-antipatriotica-y-poco-democratica-de-sanchez\/#organizationLogo"},"sameAs":["https:\/\/facebook.com\/eldigitaldeasturias","https:\/\/www.youtube.com\/channel\/UCZP-2wLEB9Rv6erhFmqVnvg"],"address":{"@id":"https:\/\/www.eldigitaldeasturias.com\/noticias\/#postaladdress","@type":"PostalAddress","streetAddress":"san antonio 4,","postalCode":"33430","addressLocality":"Cand\u00e1s","addressRegion":"Asturias","addressCountry":"ES"}},{"@type":"Person","@id":"https:\/\/www.eldigitaldeasturias.com\/noticias\/author\/admin\/#author","url":"https:\/\/www.eldigitaldeasturias.com\/noticias\/author\/admin\/","name":"El Digital de Asturias","image":{"@type":"ImageObject","@id":"https:\/\/www.eldigitaldeasturias.com\/noticias\/rajoy-critica-la-actitud-antipatriotica-y-poco-democratica-de-sanchez\/#authorImage","url":"https:\/\/www.eldigitaldeasturias.com\/noticias\/wp-content\/litespeed\/avatar\/18677e78aa0546b92d9dbf31ec7d7668.jpg?ver=1777290358","width":96,"height":96,"caption":"El Digital de Asturias"}},{"@type":"WebPage","@id":"https:\/\/www.eldigitaldeasturias.com\/noticias\/rajoy-critica-la-actitud-antipatriotica-y-poco-democratica-de-sanchez\/#webpage","url":"https:\/\/www.eldigitaldeasturias.com\/noticias\/rajoy-critica-la-actitud-antipatriotica-y-poco-democratica-de-sanchez\/","name":"Rajoy critica \u201cla actitud antipatri\u00f3tica y poco democr\u00e1tica de S\u00e1nchez\u201d - El Digital de Asturias","description":"El presidente del Gobierno en funciones y del Partido Popular, Mariano Rajoy, ha criticado hoy la \u201cactitud obstruccionista, antipatri\u00f3tica y poco democr\u00e1tica\u201d del secretario general del Partido Socialista, Pedro S\u00e1nchez, que puede hacer que \u201cel esfuerzo de los espa\u00f1oles no valga para nada y vamos a volver al punto de partida\u201d. De esta manera, ha","inLanguage":"es-ES","isPartOf":{"@id":"https:\/\/www.eldigitaldeasturias.com\/noticias\/#website"},"breadcrumb":{"@id":"https:\/\/www.eldigitaldeasturias.com\/noticias\/rajoy-critica-la-actitud-antipatriotica-y-poco-democratica-de-sanchez\/#breadcrumblist"},"author":{"@id":"https:\/\/www.eldigitaldeasturias.com\/noticias\/author\/admin\/#author"},"creator":{"@id":"https:\/\/www.eldigitaldeasturias.com\/noticias\/author\/admin\/#author"},"image":{"@type":"ImageObject","url":"https:\/\/www.eldigitaldeasturias.com\/noticias\/wp-content\/uploads\/2016\/09\/20160917__u4a3462.jpg","@id":"https:\/\/www.eldigitaldeasturias.com\/noticias\/rajoy-critica-la-actitud-antipatriotica-y-poco-democratica-de-sanchez\/#mainImage","width":640,"height":290},"primaryImageOfPage":{"@id":"https:\/\/www.eldigitaldeasturias.com\/noticias\/rajoy-critica-la-actitud-antipatriotica-y-poco-democratica-de-sanchez\/#mainImage"},"datePublished":"2016-09-18T00:05:53+02:00","dateModified":"2016-09-18T00:05:53+02:00"},{"@type":"WebSite","@id":"https:\/\/www.eldigitaldeasturias.com\/noticias\/#website","url":"https:\/\/www.eldigitaldeasturias.com\/noticias\/","name":"El Digital de Asturias - Diario de actualidad y noticias","alternateName":"El Digital de Asturias - Diario de actualidad y noticias","description":"Hemeroteca","inLanguage":"es-ES","publisher":{"@id":"https:\/\/www.eldigitaldeasturias.com\/noticias\/#organization"}}]},"og:locale":"es_ES","og:site_name":"El Digital de Asturias","og:type":"article","og:title":"Rajoy critica \u201cla actitud antipatri\u00f3tica y poco democr\u00e1tica de S\u00e1nchez\u201d - El Digital de Asturias","og:description":"El presidente del Gobierno en funciones y del Partido Popular, Mariano Rajoy, ha criticado hoy la \u201cactitud obstruccionista, antipatri\u00f3tica y poco democr\u00e1tica\u201d del secretario general del Partido Socialista, Pedro S\u00e1nchez, que puede hacer que \u201cel esfuerzo de los espa\u00f1oles no valga para nada y vamos a volver al punto de partida\u201d. De esta manera, ha","og:url":"https:\/\/www.eldigitaldeasturias.com\/noticias\/rajoy-critica-la-actitud-antipatriotica-y-poco-democratica-de-sanchez\/","og:image":"https:\/\/www.eldigitaldeasturias.com\/noticias\/wp-content\/uploads\/2016\/09\/20160917__u4a3462.jpg","og:image:secure_url":"https:\/\/www.eldigitaldeasturias.com\/noticias\/wp-content\/uploads\/2016\/09\/20160917__u4a3462.jpg","og:image:width":640,"og:image:height":290,"article:tag":["actualidad"],"article:published_time":"2016-09-17T23:05:53+00:00","article:modified_time":"2016-09-17T23:05:53+00:00","article:publisher":"https:\/\/facebook.com\/eldigitaldeasturias","twitter:card":"summary_large_image","twitter:title":"Rajoy critica \u201cla actitud antipatri\u00f3tica y poco democr\u00e1tica de S\u00e1nchez\u201d - El Digital de Asturias","twitter:description":"El presidente del Gobierno en funciones y del Partido Popular, Mariano Rajoy, ha criticado hoy la \u201cactitud obstruccionista, antipatri\u00f3tica y poco democr\u00e1tica\u201d del secretario general del Partido Socialista, Pedro S\u00e1nchez, que puede hacer que \u201cel esfuerzo de los espa\u00f1oles no valga para nada y vamos a volver al punto de partida\u201d. De esta manera, ha","twitter:image":"https:\/\/www.eldigitaldeasturias.com\/noticias\/wp-content\/uploads\/2016\/09\/20160917__u4a3462.jpg","twitter:label1":"Escrito por","twitter:data1":"El Digital de Asturias","twitter:label2":"Tiempo de lectura estimado","twitter:data2":"3 minutos"},"aioseo_meta_data":{"post_id":"908327","title":null,"description":null,"keywords":null,"keyphrases":null,"primary_term":null,"canonical_url":null,"og_title":null,"og_description":null,"og_object_type":"default","og_image_type":"default","og_image_url":null,"og_image_width":null,"og_image_height":null,"og_image_custom_url":null,"og_image_custom_fields":null,"og_video":null,"og_custom_url":null,"og_article_section":null,"og_article_tags":null,"twitter_use_og":false,"twitter_card":"default","twitter_image_type":"default","twitter_image_url":null,"twitter_image_custom_url":null,"twitter_image_custom_fields":null,"twitter_title":null,"twitter_description":null,"schema":{"blockGraphs":[],"customGraphs":[],"default":{"data":{"Article":[],"Course":[],"Dataset":[],"FAQPage":[],"Movie":[],"Person":[],"Product":[],"ProductReview":[],"Car":[],"Recipe":[],"Service":[],"SoftwareApplication":[],"WebPage":[]},"graphName":"","isEnabled":true},"graphs":[],"defaultGraph":"","defaultPostTypeGraph":""},"schema_type":null,"schema_type_options":null,"pillar_content":false,"robots_default":true,"robots_noindex":false,"robots_noarchive":false,"robots_nosnippet":false,"robots_nofollow":false,"robots_noimageindex":false,"robots_noodp":false,"robots_notranslate":false,"robots_max_snippet":null,"robots_max_videopreview":null,"robots_max_imagepreview":"large","priority":null,"frequency":null,"local_seo":null,"seo_analyzer_scan_date":"2025-11-30 15:43:49","breadcrumb_settings":null,"limit_modified_date":false,"open_ai":null,"ai":null,"created":"2020-12-21 14:00:13","updated":"2025-11-30 15:43:49"},"aioseo_breadcrumb":"<div class=\"aioseo-breadcrumbs\"><span class=\"aioseo-breadcrumb\">\n\t<a href=\"https:\/\/www.eldigitaldeasturias.com\/noticias\" title=\"Home\">Home<\/a>\n<\/span><span class=\"aioseo-breadcrumb-separator\">\u2013<\/span><span class=\"aioseo-breadcrumb\">\n\t<a href=\"https:\/\/www.eldigitaldeasturias.com\/noticias\/category\/actualidad\/\" title=\"Actualidad\">Actualidad<\/a>\n<\/span><span class=\"aioseo-breadcrumb-separator\">\u2013<\/span><span class=\"aioseo-breadcrumb\">\n\t<a href=\"https:\/\/www.eldigitaldeasturias.com\/noticias\/rajoy-critica-la-actitud-antipatriotica-y-poco-democratica-de-sanchez\/\" title=\"Rajoy critica \u201cla actitud antipatri\u00f3tica y poco democr\u00e1tica de S\u00e1nchez\u201d\">Rajoy critica \u201cla actitud antipatri\u00f3tica y poco democr\u00e1tica de S\u00e1nchez\u201d<\/a>\n<\/span><\/div>","aioseo_breadcrumb_json":[{"label":"Home","link":"https:\/\/www.eldigitaldeasturias.com\/noticias"},{"label":"Actualidad","link":"https:\/\/www.eldigitaldeasturias.com\/noticias\/category\/actualidad\/"},{"label":"Rajoy critica \u201cla actitud antipatri\u00f3tica y poco democr\u00e1tica de S\u00e1nchez\u201d","link":"https:\/\/www.eldigitaldeasturias.com\/noticias\/rajoy-critica-la-actitud-antipatriotica-y-poco-democratica-de-sanchez\/"}],"_links":{"self":[{"href":"https:\/\/www.eldigitaldeasturias.com\/noticias\/wp-json\/wp\/v2\/posts\/908327","targetHints":{"allow":["GET"]}}],"collection":[{"href":"https:\/\/www.eldigitaldeasturias.com\/noticias\/wp-json\/wp\/v2\/posts"}],"about":[{"href":"https:\/\/www.eldigitaldeasturias.com\/noticias\/wp-json\/wp\/v2\/types\/post"}],"author":[{"embeddable":true,"href":"https:\/\/www.eldigitaldeasturias.com\/noticias\/wp-json\/wp\/v2\/users\/1"}],"replies":[{"embeddable":true,"href":"https:\/\/www.eldigitaldeasturias.com\/noticias\/wp-json\/wp\/v2\/comments?post=908327"}],"version-history":[{"count":0,"href":"https:\/\/www.eldigitaldeasturias.com\/noticias\/wp-json\/wp\/v2\/posts\/908327\/revisions"}],"wp:featuredmedia":[{"embeddable":true,"href":"https:\/\/www.eldigitaldeasturias.com\/noticias\/wp-json\/wp\/v2\/media\/908328"}],"wp:attachment":[{"href":"https:\/\/www.eldigitaldeasturias.com\/noticias\/wp-json\/wp\/v2\/media?parent=908327"}],"wp:term":[{"taxonomy":"category","embeddable":true,"href":"https:\/\/www.eldigitaldeasturias.com\/noticias\/wp-json\/wp\/v2\/categories?post=908327"},{"taxonomy":"post_tag","embeddable":true,"href":"https:\/\/www.eldigitaldeasturias.com\/noticias\/wp-json\/wp\/v2\/tags?post=908327"}],"curies":[{"name":"wp","href":"https:\/\/api.w.org\/{rel}","templated":true}]}}