{"id":908316,"date":"2016-09-17T23:48:57","date_gmt":"2016-09-17T22:48:57","guid":{"rendered":"http:\/\/www.eldigitaldeasturias.com\/noticias\/?p=908316"},"modified":"2016-09-17T23:48:57","modified_gmt":"2016-09-17T22:48:57","slug":"los-incentivos-a-la-contratacion-indefinida-han-beneficiado-a-660-000-trabajadores","status":"publish","type":"post","link":"https:\/\/www.eldigitaldeasturias.com\/noticias\/los-incentivos-a-la-contratacion-indefinida-han-beneficiado-a-660-000-trabajadores\/","title":{"rendered":"Los incentivos a la contrataci\u00f3n indefinida han beneficiado a 660.000 trabajadores"},"content":{"rendered":"<p><img loading=\"lazy\" decoding=\"async\" class=\"alignleft size-medium wp-image-815316\" src=\"https:\/\/www.eldigitaldeasturias.com\/noticias\/wp-content\/uploads\/2015\/10\/bar-360x240.jpg\" alt=\"bar\" width=\"360\" height=\"240\" srcset=\"https:\/\/www.eldigitaldeasturias.com\/noticias\/wp-content\/uploads\/2015\/10\/bar-360x240.jpg 360w, https:\/\/www.eldigitaldeasturias.com\/noticias\/wp-content\/uploads\/2015\/10\/bar-768x512.jpg 768w, https:\/\/www.eldigitaldeasturias.com\/noticias\/wp-content\/uploads\/2015\/10\/bar-650x433.jpg 650w, https:\/\/www.eldigitaldeasturias.com\/noticias\/wp-content\/uploads\/2015\/10\/bar.jpg 800w\" sizes=\"auto, (max-width: 360px) 100vw, 360px\" \/>Desde su puesta en marcha, casi 660.000 trabajadores (659.936) se han beneficiado de un contrato indefinido gracias a los incentivos puestos en marcha por el Gobierno para impulsar la creaci\u00f3n de empleo estable y de calidad.<\/p>\n<p>\u200bSe trata de la tarifa plana de 100 euros para la contrataci\u00f3n indefinida aprobada en febrero de 2014 y que estuvo vigente hasta el 31 de marzo del presente a\u00f1o y de la tarifa reducida de cotizaci\u00f3n a la Seguridad en vigor desde el 1 de marzo y que fija un m\u00ednimo exento de cotizaci\u00f3n de 500 euros para los nuevos empleos indefinidos.<\/p>\n<p><strong>Tarifa plana de 100 euros<\/strong><\/p>\n<p>La tarifa plana de 100 euros para la contrataci\u00f3n estable favoreci\u00f3 la contrataci\u00f3n indefinida de 341.947 trabajadores. Las empresas o aut\u00f3nomos que contrataron a un nuevo trabajador de forma estable acogi\u00e9ndose a este incentivo s\u00f3lo cotizan a la Seguridad Social por contingencias comunes 100 euros al mes, durante los primeros 24 meses.<\/p>\n<p>Las empresas de menos de 10 trabajadores, pueden beneficiarse, una vez transcurridos los primeros 24 meses, de 12 meses adicionales de una reducci\u00f3n del 50% de la cuota.<\/p>\n<p><strong>M\u00ednimo exento de cotizaci\u00f3n<\/strong><\/p>\n<p>Un a\u00f1o despu\u00e9s de su entrada en vigor, se dio continuidad a los incentivos a la contrataci\u00f3n indefinida con la aprobaci\u00f3n de la reducci\u00f3n de 500 euros en la cotizaci\u00f3n a la Seguridad, que hasta ahora ha propiciado que 317.989 trabajadores cuenten con un empleo indefinido.<\/p>\n<p>Este incentivo est\u00e1 orientado a favorecer especialmente la contrataci\u00f3n estable de los colectivos m\u00e1s vulnerables: aquellos donde se concentra m\u00e1s el paro y la temporalidad. Aquellos que carecen de experiencia o de formaci\u00f3n o llevan m\u00e1s tiempo en desempleo.<\/p>\n<p>Consiste en que los primeros 500 euros de salario de cada nuevo contrato indefinido no cotizar\u00e1n durante 2 a\u00f1os. Las empresas de menos de 10 trabajadores se podr\u00e1n beneficiar durante 1 a\u00f1o m\u00e1s de una exenci\u00f3n sobre 250 euros.<\/p>\n<p>El empresario que se acoja a la tarifa reducida para contratar queda obligado a aumentar la plantilla y el n\u00famero de trabajadores fijos, manteniendo el nivel de empleo generado con los nuevos contratos durante al menos 3 a\u00f1os.<\/p>\n<p>Si este requisito se incumple durante el primer a\u00f1o, el empresario deber\u00e1 devolver la totalidad de la reducci\u00f3n de cuotas. A partir de segundo a\u00f1o, deber\u00e1 devolver la parte proporcional a los meses transcurridos.<\/p>\n<p><strong>Creaci\u00f3n de empleo neto<\/strong><\/p>\n<p>Fruto de estas medidas y de otros incentivos, como el contrato indefinido de apoyo a los emprendedores o la Tarifa Joven de 300 euros para la contrataci\u00f3n indefinida de los j\u00f3venes menores de 25 a\u00f1os inscritos en el Sistema Nacional de Garant\u00eda Juvenil, la contrataci\u00f3n indefinida ha pasado de caer a un ritmo interanual del 29,5% anual a finales de 2011 a crecer a un ritmo internanual del 30,94%. Desde la puesta en marcha de las medidas para el fomento de la contrataci\u00f3n estable, la contrataci\u00f3n indefinida se ha incrementado un 21,5%.<\/p>\n<p>Asimismo, seg\u00fan los datos de la Encuesta de la Poblaci\u00f3n Activa (EPA), en los \u00faltimos 5 trimestres se han recuperado 350.400 empleos de asalariados con contrato indefinido. Esto supone casi un tercio de los 1,12 millones de empleos indefinidos destruidos durante los 6 a\u00f1os de crisis.<\/p>\n<p>&nbsp;<\/p>\n<p>&nbsp;<\/p>\n","protected":false},"excerpt":{"rendered":"<p>Desde su puesta en marcha, casi 660.000 trabajadores (659.936) se han beneficiado de un contrato indefinido gracias a los incentivos puestos en marcha por el Gobierno para impulsar la creaci\u00f3n de empleo estable y de calidad. \u200bSe trata de la tarifa plana de 100 euros para la contrataci\u00f3n indefinida aprobada en febrero de 2014 y [&hellip;]<\/p>\n","protected":false},"author":1,"featured_media":815316,"comment_status":"closed","ping_status":"closed","sticky":false,"template":"","format":"standard","meta":{"footnotes":""},"categories":[1],"tags":[],"class_list":["post-908316","post","type-post","status-publish","format-standard","has-post-thumbnail","hentry","category-actualidad"],"aioseo_notices":[],"aioseo_head":"\n\t\t<!-- All in One SEO Pro 4.9.6.2 - aioseo.com -->\n\t<meta name=\"description\" content=\"Desde su puesta en marcha, casi 660.000 trabajadores (659.936) se han beneficiado de un contrato indefinido gracias a los incentivos puestos en marcha por el Gobierno para impulsar la creaci\u00f3n de empleo estable y de calidad. \u200bSe trata de la tarifa plana de 100 euros para la contrataci\u00f3n indefinida aprobada en febrero de 2014 y\" \/>\n\t<meta name=\"robots\" content=\"max-image-preview:large\" \/>\n\t<meta name=\"author\" content=\"El Digital de Asturias\"\/>\n\t<meta name=\"google-site-verification\" content=\"UA-38556648-1\" \/>\n\t<meta name=\"msvalidate.01\" content=\"7dfe9f3f1b24437ab69f4f2559babe99\" \/>\n\t<meta name=\"keywords\" content=\"actualidad\" \/>\n\t<link rel=\"canonical\" href=\"https:\/\/www.eldigitaldeasturias.com\/noticias\/los-incentivos-a-la-contratacion-indefinida-han-beneficiado-a-660-000-trabajadores\/\" \/>\n\t<meta name=\"generator\" content=\"All in One SEO Pro (AIOSEO) 4.9.6.2\" \/>\n\t\t<meta property=\"og:locale\" content=\"es_ES\" \/>\n\t\t<meta property=\"og:site_name\" content=\"El Digital de Asturias\" \/>\n\t\t<meta property=\"og:type\" content=\"article\" \/>\n\t\t<meta property=\"og:title\" content=\"Los incentivos a la contrataci\u00f3n indefinida han beneficiado a 660.000 trabajadores - El Digital de Asturias\" \/>\n\t\t<meta property=\"og:description\" content=\"Desde su puesta en marcha, casi 660.000 trabajadores (659.936) se han beneficiado de un contrato indefinido gracias a los incentivos puestos en marcha por el Gobierno para impulsar la creaci\u00f3n de empleo estable y de calidad. \u200bSe trata de la tarifa plana de 100 euros para la contrataci\u00f3n indefinida aprobada en febrero de 2014 y\" \/>\n\t\t<meta property=\"og:url\" content=\"https:\/\/www.eldigitaldeasturias.com\/noticias\/los-incentivos-a-la-contratacion-indefinida-han-beneficiado-a-660-000-trabajadores\/\" \/>\n\t\t<meta property=\"og:image\" content=\"https:\/\/www.eldigitaldeasturias.com\/noticias\/wp-content\/uploads\/2015\/10\/bar.jpg\" \/>\n\t\t<meta property=\"og:image:secure_url\" content=\"https:\/\/www.eldigitaldeasturias.com\/noticias\/wp-content\/uploads\/2015\/10\/bar.jpg\" \/>\n\t\t<meta property=\"og:image:width\" content=\"800\" \/>\n\t\t<meta property=\"og:image:height\" content=\"533\" \/>\n\t\t<meta property=\"article:tag\" content=\"actualidad\" \/>\n\t\t<meta property=\"article:published_time\" content=\"2016-09-17T22:48:57+00:00\" \/>\n\t\t<meta property=\"article:modified_time\" content=\"2016-09-17T22:48:57+00:00\" \/>\n\t\t<meta property=\"article:publisher\" content=\"https:\/\/facebook.com\/eldigitaldeasturias\" \/>\n\t\t<meta name=\"twitter:card\" content=\"summary_large_image\" \/>\n\t\t<meta name=\"twitter:title\" content=\"Los incentivos a la contrataci\u00f3n indefinida han beneficiado a 660.000 trabajadores - El Digital de Asturias\" \/>\n\t\t<meta name=\"twitter:description\" content=\"Desde su puesta en marcha, casi 660.000 trabajadores (659.936) se han beneficiado de un contrato indefinido gracias a los incentivos puestos en marcha por el Gobierno para impulsar la creaci\u00f3n de empleo estable y de calidad. \u200bSe trata de la tarifa plana de 100 euros para la contrataci\u00f3n indefinida aprobada en febrero de 2014 y\" \/>\n\t\t<meta name=\"twitter:image\" content=\"https:\/\/www.eldigitaldeasturias.com\/noticias\/wp-content\/uploads\/2015\/10\/bar.jpg\" \/>\n\t\t<meta name=\"twitter:label1\" content=\"Escrito por\" \/>\n\t\t<meta name=\"twitter:data1\" content=\"El Digital de Asturias\" \/>\n\t\t<meta name=\"twitter:label2\" content=\"Tiempo de lectura estimado\" \/>\n\t\t<meta name=\"twitter:data2\" content=\"3 minutos\" \/>\n\t\t<script type=\"application\/ld+json\" class=\"aioseo-schema\">\n\t\t\t{\"@context\":\"https:\\\/\\\/schema.org\",\"@graph\":[{\"@type\":\"BlogPosting\",\"@id\":\"https:\\\/\\\/www.eldigitaldeasturias.com\\\/noticias\\\/los-incentivos-a-la-contratacion-indefinida-han-beneficiado-a-660-000-trabajadores\\\/#blogposting\",\"name\":\"Los incentivos a la contrataci\\u00f3n indefinida han beneficiado a 660.000 trabajadores - El Digital de Asturias\",\"headline\":\"Los incentivos a la contrataci\\u00f3n indefinida han beneficiado a 660.000 trabajadores\",\"author\":{\"@id\":\"https:\\\/\\\/www.eldigitaldeasturias.com\\\/noticias\\\/author\\\/admin\\\/#author\"},\"publisher\":{\"@id\":\"https:\\\/\\\/www.eldigitaldeasturias.com\\\/noticias\\\/#organization\"},\"image\":{\"@type\":\"ImageObject\",\"url\":\"https:\\\/\\\/www.eldigitaldeasturias.com\\\/noticias\\\/wp-content\\\/uploads\\\/2015\\\/10\\\/bar.jpg\",\"width\":800,\"height\":533},\"datePublished\":\"2016-09-17T23:48:57+02:00\",\"dateModified\":\"2016-09-17T23:48:57+02:00\",\"inLanguage\":\"es-ES\",\"mainEntityOfPage\":{\"@id\":\"https:\\\/\\\/www.eldigitaldeasturias.com\\\/noticias\\\/los-incentivos-a-la-contratacion-indefinida-han-beneficiado-a-660-000-trabajadores\\\/#webpage\"},\"isPartOf\":{\"@id\":\"https:\\\/\\\/www.eldigitaldeasturias.com\\\/noticias\\\/los-incentivos-a-la-contratacion-indefinida-han-beneficiado-a-660-000-trabajadores\\\/#webpage\"},\"articleSection\":\"Actualidad\"},{\"@type\":\"BreadcrumbList\",\"@id\":\"https:\\\/\\\/www.eldigitaldeasturias.com\\\/noticias\\\/los-incentivos-a-la-contratacion-indefinida-han-beneficiado-a-660-000-trabajadores\\\/#breadcrumblist\",\"itemListElement\":[{\"@type\":\"ListItem\",\"@id\":\"https:\\\/\\\/www.eldigitaldeasturias.com\\\/noticias#listItem\",\"position\":1,\"name\":\"Home\",\"item\":\"https:\\\/\\\/www.eldigitaldeasturias.com\\\/noticias\",\"nextItem\":{\"@type\":\"ListItem\",\"@id\":\"https:\\\/\\\/www.eldigitaldeasturias.com\\\/noticias\\\/category\\\/actualidad\\\/#listItem\",\"name\":\"Actualidad\"}},{\"@type\":\"ListItem\",\"@id\":\"https:\\\/\\\/www.eldigitaldeasturias.com\\\/noticias\\\/category\\\/actualidad\\\/#listItem\",\"position\":2,\"name\":\"Actualidad\",\"item\":\"https:\\\/\\\/www.eldigitaldeasturias.com\\\/noticias\\\/category\\\/actualidad\\\/\",\"nextItem\":{\"@type\":\"ListItem\",\"@id\":\"https:\\\/\\\/www.eldigitaldeasturias.com\\\/noticias\\\/los-incentivos-a-la-contratacion-indefinida-han-beneficiado-a-660-000-trabajadores\\\/#listItem\",\"name\":\"Los incentivos a la contrataci\\u00f3n indefinida han beneficiado a 660.000 trabajadores\"},\"previousItem\":{\"@type\":\"ListItem\",\"@id\":\"https:\\\/\\\/www.eldigitaldeasturias.com\\\/noticias#listItem\",\"name\":\"Home\"}},{\"@type\":\"ListItem\",\"@id\":\"https:\\\/\\\/www.eldigitaldeasturias.com\\\/noticias\\\/los-incentivos-a-la-contratacion-indefinida-han-beneficiado-a-660-000-trabajadores\\\/#listItem\",\"position\":3,\"name\":\"Los incentivos a la contrataci\\u00f3n indefinida han beneficiado a 660.000 trabajadores\",\"previousItem\":{\"@type\":\"ListItem\",\"@id\":\"https:\\\/\\\/www.eldigitaldeasturias.com\\\/noticias\\\/category\\\/actualidad\\\/#listItem\",\"name\":\"Actualidad\"}}]},{\"@type\":\"Organization\",\"@id\":\"https:\\\/\\\/www.eldigitaldeasturias.com\\\/noticias\\\/#organization\",\"name\":\"El Digital de Asturias\",\"description\":\"Hemeroteca\",\"url\":\"https:\\\/\\\/www.eldigitaldeasturias.com\\\/noticias\\\/\",\"email\":\"info@eldigitaldeasturias.com\",\"telephone\":\"+34652131393\",\"logo\":{\"@type\":\"ImageObject\",\"url\":\"https:\\\/\\\/www.eldigitaldeasturias.com\\\/noticias\\\/wp-content\\\/uploads\\\/2020\\\/12\\\/EDA.jpg\",\"@id\":\"https:\\\/\\\/www.eldigitaldeasturias.com\\\/noticias\\\/los-incentivos-a-la-contratacion-indefinida-han-beneficiado-a-660-000-trabajadores\\\/#organizationLogo\",\"width\":649,\"height\":297},\"image\":{\"@id\":\"https:\\\/\\\/www.eldigitaldeasturias.com\\\/noticias\\\/los-incentivos-a-la-contratacion-indefinida-han-beneficiado-a-660-000-trabajadores\\\/#organizationLogo\"},\"sameAs\":[\"https:\\\/\\\/facebook.com\\\/eldigitaldeasturias\",\"https:\\\/\\\/www.youtube.com\\\/channel\\\/UCZP-2wLEB9Rv6erhFmqVnvg\"],\"address\":{\"@id\":\"https:\\\/\\\/www.eldigitaldeasturias.com\\\/noticias\\\/#postaladdress\",\"@type\":\"PostalAddress\",\"streetAddress\":\"san antonio 4,\",\"postalCode\":\"33430\",\"addressLocality\":\"Cand\\u00e1s\",\"addressRegion\":\"Asturias\",\"addressCountry\":\"ES\"}},{\"@type\":\"Person\",\"@id\":\"https:\\\/\\\/www.eldigitaldeasturias.com\\\/noticias\\\/author\\\/admin\\\/#author\",\"url\":\"https:\\\/\\\/www.eldigitaldeasturias.com\\\/noticias\\\/author\\\/admin\\\/\",\"name\":\"El Digital de Asturias\",\"image\":{\"@type\":\"ImageObject\",\"@id\":\"https:\\\/\\\/www.eldigitaldeasturias.com\\\/noticias\\\/los-incentivos-a-la-contratacion-indefinida-han-beneficiado-a-660-000-trabajadores\\\/#authorImage\",\"url\":\"https:\\\/\\\/www.eldigitaldeasturias.com\\\/noticias\\\/wp-content\\\/litespeed\\\/avatar\\\/18677e78aa0546b92d9dbf31ec7d7668.jpg?ver=1777290358\",\"width\":96,\"height\":96,\"caption\":\"El Digital de Asturias\"}},{\"@type\":\"WebPage\",\"@id\":\"https:\\\/\\\/www.eldigitaldeasturias.com\\\/noticias\\\/los-incentivos-a-la-contratacion-indefinida-han-beneficiado-a-660-000-trabajadores\\\/#webpage\",\"url\":\"https:\\\/\\\/www.eldigitaldeasturias.com\\\/noticias\\\/los-incentivos-a-la-contratacion-indefinida-han-beneficiado-a-660-000-trabajadores\\\/\",\"name\":\"Los incentivos a la contrataci\\u00f3n indefinida han beneficiado a 660.000 trabajadores - El Digital de Asturias\",\"description\":\"Desde su puesta en marcha, casi 660.000 trabajadores (659.936) se han beneficiado de un contrato indefinido gracias a los incentivos puestos en marcha por el Gobierno para impulsar la creaci\\u00f3n de empleo estable y de calidad. \\u200bSe trata de la tarifa plana de 100 euros para la contrataci\\u00f3n indefinida aprobada en febrero de 2014 y\",\"inLanguage\":\"es-ES\",\"isPartOf\":{\"@id\":\"https:\\\/\\\/www.eldigitaldeasturias.com\\\/noticias\\\/#website\"},\"breadcrumb\":{\"@id\":\"https:\\\/\\\/www.eldigitaldeasturias.com\\\/noticias\\\/los-incentivos-a-la-contratacion-indefinida-han-beneficiado-a-660-000-trabajadores\\\/#breadcrumblist\"},\"author\":{\"@id\":\"https:\\\/\\\/www.eldigitaldeasturias.com\\\/noticias\\\/author\\\/admin\\\/#author\"},\"creator\":{\"@id\":\"https:\\\/\\\/www.eldigitaldeasturias.com\\\/noticias\\\/author\\\/admin\\\/#author\"},\"image\":{\"@type\":\"ImageObject\",\"url\":\"https:\\\/\\\/www.eldigitaldeasturias.com\\\/noticias\\\/wp-content\\\/uploads\\\/2015\\\/10\\\/bar.jpg\",\"@id\":\"https:\\\/\\\/www.eldigitaldeasturias.com\\\/noticias\\\/los-incentivos-a-la-contratacion-indefinida-han-beneficiado-a-660-000-trabajadores\\\/#mainImage\",\"width\":800,\"height\":533},\"primaryImageOfPage\":{\"@id\":\"https:\\\/\\\/www.eldigitaldeasturias.com\\\/noticias\\\/los-incentivos-a-la-contratacion-indefinida-han-beneficiado-a-660-000-trabajadores\\\/#mainImage\"},\"datePublished\":\"2016-09-17T23:48:57+02:00\",\"dateModified\":\"2016-09-17T23:48:57+02:00\"},{\"@type\":\"WebSite\",\"@id\":\"https:\\\/\\\/www.eldigitaldeasturias.com\\\/noticias\\\/#website\",\"url\":\"https:\\\/\\\/www.eldigitaldeasturias.com\\\/noticias\\\/\",\"name\":\"El Digital de Asturias - Diario de actualidad y noticias\",\"alternateName\":\"El Digital de Asturias - Diario de actualidad y noticias\",\"description\":\"Hemeroteca\",\"inLanguage\":\"es-ES\",\"publisher\":{\"@id\":\"https:\\\/\\\/www.eldigitaldeasturias.com\\\/noticias\\\/#organization\"}}]}\n\t\t<\/script>\n\t\t<!-- All in One SEO Pro -->\r\n\t\t<title>Los incentivos a la contrataci\u00f3n indefinida han beneficiado a 660.000 trabajadores - El Digital de Asturias<\/title>\n\n","aioseo_head_json":{"title":"Los incentivos a la contrataci\u00f3n indefinida han beneficiado a 660.000 trabajadores - El Digital de Asturias","description":"Desde su puesta en marcha, casi 660.000 trabajadores (659.936) se han beneficiado de un contrato indefinido gracias a los incentivos puestos en marcha por el Gobierno para impulsar la creaci\u00f3n de empleo estable y de calidad. \u200bSe trata de la tarifa plana de 100 euros para la contrataci\u00f3n indefinida aprobada en febrero de 2014 y","canonical_url":"https:\/\/www.eldigitaldeasturias.com\/noticias\/los-incentivos-a-la-contratacion-indefinida-han-beneficiado-a-660-000-trabajadores\/","robots":"max-image-preview:large","keywords":"actualidad","webmasterTools":{"google-site-verification":"UA-38556648-1","msvalidate.01":"7dfe9f3f1b24437ab69f4f2559babe99","miscellaneous":""},"schema":{"@context":"https:\/\/schema.org","@graph":[{"@type":"BlogPosting","@id":"https:\/\/www.eldigitaldeasturias.com\/noticias\/los-incentivos-a-la-contratacion-indefinida-han-beneficiado-a-660-000-trabajadores\/#blogposting","name":"Los incentivos a la contrataci\u00f3n indefinida han beneficiado a 660.000 trabajadores - El Digital de Asturias","headline":"Los incentivos a la contrataci\u00f3n indefinida han beneficiado a 660.000 trabajadores","author":{"@id":"https:\/\/www.eldigitaldeasturias.com\/noticias\/author\/admin\/#author"},"publisher":{"@id":"https:\/\/www.eldigitaldeasturias.com\/noticias\/#organization"},"image":{"@type":"ImageObject","url":"https:\/\/www.eldigitaldeasturias.com\/noticias\/wp-content\/uploads\/2015\/10\/bar.jpg","width":800,"height":533},"datePublished":"2016-09-17T23:48:57+02:00","dateModified":"2016-09-17T23:48:57+02:00","inLanguage":"es-ES","mainEntityOfPage":{"@id":"https:\/\/www.eldigitaldeasturias.com\/noticias\/los-incentivos-a-la-contratacion-indefinida-han-beneficiado-a-660-000-trabajadores\/#webpage"},"isPartOf":{"@id":"https:\/\/www.eldigitaldeasturias.com\/noticias\/los-incentivos-a-la-contratacion-indefinida-han-beneficiado-a-660-000-trabajadores\/#webpage"},"articleSection":"Actualidad"},{"@type":"BreadcrumbList","@id":"https:\/\/www.eldigitaldeasturias.com\/noticias\/los-incentivos-a-la-contratacion-indefinida-han-beneficiado-a-660-000-trabajadores\/#breadcrumblist","itemListElement":[{"@type":"ListItem","@id":"https:\/\/www.eldigitaldeasturias.com\/noticias#listItem","position":1,"name":"Home","item":"https:\/\/www.eldigitaldeasturias.com\/noticias","nextItem":{"@type":"ListItem","@id":"https:\/\/www.eldigitaldeasturias.com\/noticias\/category\/actualidad\/#listItem","name":"Actualidad"}},{"@type":"ListItem","@id":"https:\/\/www.eldigitaldeasturias.com\/noticias\/category\/actualidad\/#listItem","position":2,"name":"Actualidad","item":"https:\/\/www.eldigitaldeasturias.com\/noticias\/category\/actualidad\/","nextItem":{"@type":"ListItem","@id":"https:\/\/www.eldigitaldeasturias.com\/noticias\/los-incentivos-a-la-contratacion-indefinida-han-beneficiado-a-660-000-trabajadores\/#listItem","name":"Los incentivos a la contrataci\u00f3n indefinida han beneficiado a 660.000 trabajadores"},"previousItem":{"@type":"ListItem","@id":"https:\/\/www.eldigitaldeasturias.com\/noticias#listItem","name":"Home"}},{"@type":"ListItem","@id":"https:\/\/www.eldigitaldeasturias.com\/noticias\/los-incentivos-a-la-contratacion-indefinida-han-beneficiado-a-660-000-trabajadores\/#listItem","position":3,"name":"Los incentivos a la contrataci\u00f3n indefinida han beneficiado a 660.000 trabajadores","previousItem":{"@type":"ListItem","@id":"https:\/\/www.eldigitaldeasturias.com\/noticias\/category\/actualidad\/#listItem","name":"Actualidad"}}]},{"@type":"Organization","@id":"https:\/\/www.eldigitaldeasturias.com\/noticias\/#organization","name":"El Digital de Asturias","description":"Hemeroteca","url":"https:\/\/www.eldigitaldeasturias.com\/noticias\/","email":"info@eldigitaldeasturias.com","telephone":"+34652131393","logo":{"@type":"ImageObject","url":"https:\/\/www.eldigitaldeasturias.com\/noticias\/wp-content\/uploads\/2020\/12\/EDA.jpg","@id":"https:\/\/www.eldigitaldeasturias.com\/noticias\/los-incentivos-a-la-contratacion-indefinida-han-beneficiado-a-660-000-trabajadores\/#organizationLogo","width":649,"height":297},"image":{"@id":"https:\/\/www.eldigitaldeasturias.com\/noticias\/los-incentivos-a-la-contratacion-indefinida-han-beneficiado-a-660-000-trabajadores\/#organizationLogo"},"sameAs":["https:\/\/facebook.com\/eldigitaldeasturias","https:\/\/www.youtube.com\/channel\/UCZP-2wLEB9Rv6erhFmqVnvg"],"address":{"@id":"https:\/\/www.eldigitaldeasturias.com\/noticias\/#postaladdress","@type":"PostalAddress","streetAddress":"san antonio 4,","postalCode":"33430","addressLocality":"Cand\u00e1s","addressRegion":"Asturias","addressCountry":"ES"}},{"@type":"Person","@id":"https:\/\/www.eldigitaldeasturias.com\/noticias\/author\/admin\/#author","url":"https:\/\/www.eldigitaldeasturias.com\/noticias\/author\/admin\/","name":"El Digital de Asturias","image":{"@type":"ImageObject","@id":"https:\/\/www.eldigitaldeasturias.com\/noticias\/los-incentivos-a-la-contratacion-indefinida-han-beneficiado-a-660-000-trabajadores\/#authorImage","url":"https:\/\/www.eldigitaldeasturias.com\/noticias\/wp-content\/litespeed\/avatar\/18677e78aa0546b92d9dbf31ec7d7668.jpg?ver=1777290358","width":96,"height":96,"caption":"El Digital de Asturias"}},{"@type":"WebPage","@id":"https:\/\/www.eldigitaldeasturias.com\/noticias\/los-incentivos-a-la-contratacion-indefinida-han-beneficiado-a-660-000-trabajadores\/#webpage","url":"https:\/\/www.eldigitaldeasturias.com\/noticias\/los-incentivos-a-la-contratacion-indefinida-han-beneficiado-a-660-000-trabajadores\/","name":"Los incentivos a la contrataci\u00f3n indefinida han beneficiado a 660.000 trabajadores - El Digital de Asturias","description":"Desde su puesta en marcha, casi 660.000 trabajadores (659.936) se han beneficiado de un contrato indefinido gracias a los incentivos puestos en marcha por el Gobierno para impulsar la creaci\u00f3n de empleo estable y de calidad. \u200bSe trata de la tarifa plana de 100 euros para la contrataci\u00f3n indefinida aprobada en febrero de 2014 y","inLanguage":"es-ES","isPartOf":{"@id":"https:\/\/www.eldigitaldeasturias.com\/noticias\/#website"},"breadcrumb":{"@id":"https:\/\/www.eldigitaldeasturias.com\/noticias\/los-incentivos-a-la-contratacion-indefinida-han-beneficiado-a-660-000-trabajadores\/#breadcrumblist"},"author":{"@id":"https:\/\/www.eldigitaldeasturias.com\/noticias\/author\/admin\/#author"},"creator":{"@id":"https:\/\/www.eldigitaldeasturias.com\/noticias\/author\/admin\/#author"},"image":{"@type":"ImageObject","url":"https:\/\/www.eldigitaldeasturias.com\/noticias\/wp-content\/uploads\/2015\/10\/bar.jpg","@id":"https:\/\/www.eldigitaldeasturias.com\/noticias\/los-incentivos-a-la-contratacion-indefinida-han-beneficiado-a-660-000-trabajadores\/#mainImage","width":800,"height":533},"primaryImageOfPage":{"@id":"https:\/\/www.eldigitaldeasturias.com\/noticias\/los-incentivos-a-la-contratacion-indefinida-han-beneficiado-a-660-000-trabajadores\/#mainImage"},"datePublished":"2016-09-17T23:48:57+02:00","dateModified":"2016-09-17T23:48:57+02:00"},{"@type":"WebSite","@id":"https:\/\/www.eldigitaldeasturias.com\/noticias\/#website","url":"https:\/\/www.eldigitaldeasturias.com\/noticias\/","name":"El Digital de Asturias - Diario de actualidad y noticias","alternateName":"El Digital de Asturias - Diario de actualidad y noticias","description":"Hemeroteca","inLanguage":"es-ES","publisher":{"@id":"https:\/\/www.eldigitaldeasturias.com\/noticias\/#organization"}}]},"og:locale":"es_ES","og:site_name":"El Digital de Asturias","og:type":"article","og:title":"Los incentivos a la contrataci\u00f3n indefinida han beneficiado a 660.000 trabajadores - El Digital de Asturias","og:description":"Desde su puesta en marcha, casi 660.000 trabajadores (659.936) se han beneficiado de un contrato indefinido gracias a los incentivos puestos en marcha por el Gobierno para impulsar la creaci\u00f3n de empleo estable y de calidad. \u200bSe trata de la tarifa plana de 100 euros para la contrataci\u00f3n indefinida aprobada en febrero de 2014 y","og:url":"https:\/\/www.eldigitaldeasturias.com\/noticias\/los-incentivos-a-la-contratacion-indefinida-han-beneficiado-a-660-000-trabajadores\/","og:image":"https:\/\/www.eldigitaldeasturias.com\/noticias\/wp-content\/uploads\/2015\/10\/bar.jpg","og:image:secure_url":"https:\/\/www.eldigitaldeasturias.com\/noticias\/wp-content\/uploads\/2015\/10\/bar.jpg","og:image:width":800,"og:image:height":533,"article:tag":["actualidad"],"article:published_time":"2016-09-17T22:48:57+00:00","article:modified_time":"2016-09-17T22:48:57+00:00","article:publisher":"https:\/\/facebook.com\/eldigitaldeasturias","twitter:card":"summary_large_image","twitter:title":"Los incentivos a la contrataci\u00f3n indefinida han beneficiado a 660.000 trabajadores - El Digital de Asturias","twitter:description":"Desde su puesta en marcha, casi 660.000 trabajadores (659.936) se han beneficiado de un contrato indefinido gracias a los incentivos puestos en marcha por el Gobierno para impulsar la creaci\u00f3n de empleo estable y de calidad. \u200bSe trata de la tarifa plana de 100 euros para la contrataci\u00f3n indefinida aprobada en febrero de 2014 y","twitter:image":"https:\/\/www.eldigitaldeasturias.com\/noticias\/wp-content\/uploads\/2015\/10\/bar.jpg","twitter:label1":"Escrito por","twitter:data1":"El Digital de Asturias","twitter:label2":"Tiempo de lectura estimado","twitter:data2":"3 minutos"},"aioseo_meta_data":{"post_id":"908316","title":null,"description":null,"keywords":null,"keyphrases":null,"primary_term":null,"canonical_url":null,"og_title":null,"og_description":null,"og_object_type":"default","og_image_type":"default","og_image_url":null,"og_image_width":null,"og_image_height":null,"og_image_custom_url":null,"og_image_custom_fields":null,"og_video":null,"og_custom_url":null,"og_article_section":null,"og_article_tags":null,"twitter_use_og":false,"twitter_card":"default","twitter_image_type":"default","twitter_image_url":null,"twitter_image_custom_url":null,"twitter_image_custom_fields":null,"twitter_title":null,"twitter_description":null,"schema":{"blockGraphs":[],"customGraphs":[],"default":{"data":{"Article":[],"Course":[],"Dataset":[],"FAQPage":[],"Movie":[],"Person":[],"Product":[],"ProductReview":[],"Car":[],"Recipe":[],"Service":[],"SoftwareApplication":[],"WebPage":[]},"graphName":"","isEnabled":true},"graphs":[],"defaultGraph":"","defaultPostTypeGraph":""},"schema_type":null,"schema_type_options":null,"pillar_content":false,"robots_default":true,"robots_noindex":false,"robots_noarchive":false,"robots_nosnippet":false,"robots_nofollow":false,"robots_noimageindex":false,"robots_noodp":false,"robots_notranslate":false,"robots_max_snippet":null,"robots_max_videopreview":null,"robots_max_imagepreview":"large","priority":null,"frequency":null,"local_seo":null,"seo_analyzer_scan_date":"2025-11-30 15:41:14","breadcrumb_settings":null,"limit_modified_date":false,"open_ai":null,"ai":null,"created":"2020-12-21 14:00:16","updated":"2025-11-30 15:41:14"},"aioseo_breadcrumb":"<div class=\"aioseo-breadcrumbs\"><span class=\"aioseo-breadcrumb\">\n\t<a href=\"https:\/\/www.eldigitaldeasturias.com\/noticias\" title=\"Home\">Home<\/a>\n<\/span><span class=\"aioseo-breadcrumb-separator\">\u2013<\/span><span class=\"aioseo-breadcrumb\">\n\t<a href=\"https:\/\/www.eldigitaldeasturias.com\/noticias\/category\/actualidad\/\" title=\"Actualidad\">Actualidad<\/a>\n<\/span><span class=\"aioseo-breadcrumb-separator\">\u2013<\/span><span class=\"aioseo-breadcrumb\">\n\t<a href=\"https:\/\/www.eldigitaldeasturias.com\/noticias\/los-incentivos-a-la-contratacion-indefinida-han-beneficiado-a-660-000-trabajadores\/\" title=\"Los incentivos a la contrataci\u00f3n indefinida han beneficiado a 660.000 trabajadores\">Los incentivos a la contrataci\u00f3n indefinida han beneficiado a 660.000 trabajadores<\/a>\n<\/span><\/div>","aioseo_breadcrumb_json":[{"label":"Home","link":"https:\/\/www.eldigitaldeasturias.com\/noticias"},{"label":"Actualidad","link":"https:\/\/www.eldigitaldeasturias.com\/noticias\/category\/actualidad\/"},{"label":"Los incentivos a la contrataci\u00f3n indefinida han beneficiado a 660.000 trabajadores","link":"https:\/\/www.eldigitaldeasturias.com\/noticias\/los-incentivos-a-la-contratacion-indefinida-han-beneficiado-a-660-000-trabajadores\/"}],"_links":{"self":[{"href":"https:\/\/www.eldigitaldeasturias.com\/noticias\/wp-json\/wp\/v2\/posts\/908316","targetHints":{"allow":["GET"]}}],"collection":[{"href":"https:\/\/www.eldigitaldeasturias.com\/noticias\/wp-json\/wp\/v2\/posts"}],"about":[{"href":"https:\/\/www.eldigitaldeasturias.com\/noticias\/wp-json\/wp\/v2\/types\/post"}],"author":[{"embeddable":true,"href":"https:\/\/www.eldigitaldeasturias.com\/noticias\/wp-json\/wp\/v2\/users\/1"}],"replies":[{"embeddable":true,"href":"https:\/\/www.eldigitaldeasturias.com\/noticias\/wp-json\/wp\/v2\/comments?post=908316"}],"version-history":[{"count":0,"href":"https:\/\/www.eldigitaldeasturias.com\/noticias\/wp-json\/wp\/v2\/posts\/908316\/revisions"}],"wp:featuredmedia":[{"embeddable":true,"href":"https:\/\/www.eldigitaldeasturias.com\/noticias\/wp-json\/wp\/v2\/media\/815316"}],"wp:attachment":[{"href":"https:\/\/www.eldigitaldeasturias.com\/noticias\/wp-json\/wp\/v2\/media?parent=908316"}],"wp:term":[{"taxonomy":"category","embeddable":true,"href":"https:\/\/www.eldigitaldeasturias.com\/noticias\/wp-json\/wp\/v2\/categories?post=908316"},{"taxonomy":"post_tag","embeddable":true,"href":"https:\/\/www.eldigitaldeasturias.com\/noticias\/wp-json\/wp\/v2\/tags?post=908316"}],"curies":[{"name":"wp","href":"https:\/\/api.w.org\/{rel}","templated":true}]}}