{"id":908294,"date":"2016-09-17T23:20:40","date_gmt":"2016-09-17T22:20:40","guid":{"rendered":"http:\/\/www.eldigitaldeasturias.com\/noticias\/?p=908294"},"modified":"2016-09-17T23:20:40","modified_gmt":"2016-09-17T22:20:40","slug":"los-prestamos-espanoles-mas-caros-que-los-europeos","status":"publish","type":"post","link":"https:\/\/www.eldigitaldeasturias.com\/noticias\/los-prestamos-espanoles-mas-caros-que-los-europeos\/","title":{"rendered":"Los pr\u00e9stamos espa\u00f1oles, m\u00e1s caros que los europeos"},"content":{"rendered":"<p><img loading=\"lazy\" decoding=\"async\" class=\"alignleft size-medium wp-image-908295\" src=\"https:\/\/www.eldigitaldeasturias.com\/noticias\/wp-content\/uploads\/2016\/09\/1473931681_pr_stamos_europa-360x232.jpg\" alt=\"1473931681_pr_stamos_europa\" width=\"360\" height=\"232\" srcset=\"https:\/\/www.eldigitaldeasturias.com\/noticias\/wp-content\/uploads\/2016\/09\/1473931681_pr_stamos_europa-360x232.jpg 360w, https:\/\/www.eldigitaldeasturias.com\/noticias\/wp-content\/uploads\/2016\/09\/1473931681_pr_stamos_europa-84x55.jpg 84w, https:\/\/www.eldigitaldeasturias.com\/noticias\/wp-content\/uploads\/2016\/09\/1473931681_pr_stamos_europa-49x32.jpg 49w, https:\/\/www.eldigitaldeasturias.com\/noticias\/wp-content\/uploads\/2016\/09\/1473931681_pr_stamos_europa.jpg 620w\" sizes=\"auto, (max-width: 360px) 100vw, 360px\" \/>Espa\u00f1a atraviesa una crisis econ\u00f3mica estructural desde 2008. Una crisis vinculada, especialmente, a la burbuja inmobiliaria y a algunos de sus productos estrella, como las hipotecas. La facilidad con la que los bancos conced\u00edan los pr\u00e9stamos hace unos a\u00f1os han conllevado fuertes medidas de ajuste, que han complicado el actual acceso al cr\u00e9dito. Por suerte, los pr\u00e9stamos r\u00e1pidos todav\u00eda permiten obtener financiaci\u00f3n<\/p>\n<p><strong>Una comparaci\u00f3n con nuestros vecinos europeos<\/strong><\/p>\n<p>Vamos a basarnos en los datos de junio facilitados por el Banco Central Europeo (BCE): los cr\u00e9ditos al consumo espa\u00f1oles (a tipo fijo y con una duraci\u00f3n de entre 1 y 5 a\u00f1os o variable, y con un plazo de fijaci\u00f3n del tipo inicial de m\u00e1s de 1 a\u00f1o y menos de 5) se firmaban a un tipo medio del 8,72 %. En este aspecto, estamos lejos de las condiciones de los pa\u00edses que disfrutan de los m\u00e1s reducidos: Finlandia y B\u00e9lgica (3,7 %) y Francia (3,78 %).<\/p>\n<p>Entre los 14 pa\u00edses comparados, ocupamos la 9\u00aa posici\u00f3n del ranking. Por delante, tenemos a Portugal (8,16 %); y, por detr\u00e1s, a Grecia (11,2 %). Letonia cierra la clasificaci\u00f3n con un 18,33 %.<\/p>\n<p>\u00bfA qu\u00e9 se deben estas diferencias entre pa\u00edses? Pues, b\u00e1sicamente, al perfil del solicitante. Las naciones m\u00e1s pr\u00f3speras de Europa (Alemania, Francia, etc.) pueden poner los cr\u00e9ditos al consumo a un tipo m\u00e1s reducido, ya que sus contratantes inspiran una mayor confianza (renta per c\u00e1pita alta, \u00edndices de morosidad bajos\u2026). Este producto financiero es el m\u00e1s relacionado con los riesgos, por lo que, en los pa\u00edses donde la crisis ha hecho m\u00e1s mella (Espa\u00f1a o Grecia, por ejemplo), unos tipos altos ejercen como barrera ante los clientes menos fiables.<\/p>\n<p>Pero esto no significa que se cierre el grifo del cr\u00e9dito. De hecho, la recuperaci\u00f3n econ\u00f3mica viene acompa\u00f1ada de una relajaci\u00f3n de los criterios de concesi\u00f3n.<\/p>\n<p><strong>En busca del cr\u00e9dito id\u00f3neo<\/strong><\/p>\n<p>No debes desfallecer en tu b\u00fasqueda del cr\u00e9dito al consumo que m\u00e1s te convenga. Los tipos no lo son todo. F\u00edjate tambi\u00e9n en la vinculaci\u00f3n y las comisiones. Adem\u00e1s, puedes recurrir a las entidades, alternativas a la banca tradicional, que prestan dinero online. Un micropr\u00e9stamo puede ser tu soluci\u00f3n, siempre que necesites una cantidad de dinero urgente y no muy alta (hasta 500 euros, por ejemplo). T\u00f3mate estos mini pr\u00e9stamos o cr\u00e9ditos r\u00e1pidos como un anticipo de la n\u00f3mina. Te va a compensar, si eres capaz de devolverlos en 30 d\u00edas.<\/p>\n<p>Sin colas ni papeleos y a un clic de distancia.<\/p>\n<p>FUENTE COMUNICAE<\/p>\n<p>&nbsp;<\/p>\n","protected":false},"excerpt":{"rendered":"<p>Espa\u00f1a atraviesa una crisis econ\u00f3mica estructural desde 2008. Una crisis vinculada, especialmente, a la burbuja inmobiliaria y a algunos de sus productos estrella, como las hipotecas. La facilidad con la que los bancos conced\u00edan los pr\u00e9stamos hace unos a\u00f1os han conllevado fuertes medidas de ajuste, que han complicado el actual acceso al cr\u00e9dito. Por suerte, [&hellip;]<\/p>\n","protected":false},"author":1,"featured_media":908295,"comment_status":"closed","ping_status":"closed","sticky":false,"template":"","format":"standard","meta":{"footnotes":""},"categories":[1],"tags":[],"class_list":["post-908294","post","type-post","status-publish","format-standard","has-post-thumbnail","hentry","category-actualidad"],"aioseo_notices":[],"aioseo_head":"\n\t\t<!-- All in One SEO Pro 4.9.6.2 - aioseo.com -->\n\t<meta name=\"description\" content=\"Espa\u00f1a atraviesa una crisis econ\u00f3mica estructural desde 2008. Una crisis vinculada, especialmente, a la burbuja inmobiliaria y a algunos de sus productos estrella, como las hipotecas. La facilidad con la que los bancos conced\u00edan los pr\u00e9stamos hace unos a\u00f1os han conllevado fuertes medidas de ajuste, que han complicado el actual acceso al cr\u00e9dito. Por suerte,\" \/>\n\t<meta name=\"robots\" content=\"max-image-preview:large\" \/>\n\t<meta name=\"author\" content=\"El Digital de Asturias\"\/>\n\t<meta name=\"google-site-verification\" content=\"UA-38556648-1\" \/>\n\t<meta name=\"msvalidate.01\" content=\"7dfe9f3f1b24437ab69f4f2559babe99\" \/>\n\t<meta name=\"keywords\" content=\"actualidad\" \/>\n\t<link rel=\"canonical\" href=\"https:\/\/www.eldigitaldeasturias.com\/noticias\/los-prestamos-espanoles-mas-caros-que-los-europeos\/\" \/>\n\t<meta name=\"generator\" content=\"All in One SEO Pro (AIOSEO) 4.9.6.2\" \/>\n\t\t<meta property=\"og:locale\" content=\"es_ES\" \/>\n\t\t<meta property=\"og:site_name\" content=\"El Digital de Asturias\" \/>\n\t\t<meta property=\"og:type\" content=\"article\" \/>\n\t\t<meta property=\"og:title\" content=\"Los pr\u00e9stamos espa\u00f1oles, m\u00e1s caros que los europeos - El Digital de Asturias\" \/>\n\t\t<meta property=\"og:description\" content=\"Espa\u00f1a atraviesa una crisis econ\u00f3mica estructural desde 2008. Una crisis vinculada, especialmente, a la burbuja inmobiliaria y a algunos de sus productos estrella, como las hipotecas. La facilidad con la que los bancos conced\u00edan los pr\u00e9stamos hace unos a\u00f1os han conllevado fuertes medidas de ajuste, que han complicado el actual acceso al cr\u00e9dito. Por suerte,\" \/>\n\t\t<meta property=\"og:url\" content=\"https:\/\/www.eldigitaldeasturias.com\/noticias\/los-prestamos-espanoles-mas-caros-que-los-europeos\/\" \/>\n\t\t<meta property=\"og:image\" content=\"https:\/\/www.eldigitaldeasturias.com\/noticias\/wp-content\/uploads\/2016\/09\/1473931681_pr_stamos_europa.jpg\" \/>\n\t\t<meta property=\"og:image:secure_url\" content=\"https:\/\/www.eldigitaldeasturias.com\/noticias\/wp-content\/uploads\/2016\/09\/1473931681_pr_stamos_europa.jpg\" \/>\n\t\t<meta property=\"og:image:width\" content=\"620\" \/>\n\t\t<meta property=\"og:image:height\" content=\"400\" \/>\n\t\t<meta property=\"article:tag\" content=\"actualidad\" \/>\n\t\t<meta property=\"article:published_time\" content=\"2016-09-17T22:20:40+00:00\" \/>\n\t\t<meta property=\"article:modified_time\" content=\"2016-09-17T22:20:40+00:00\" \/>\n\t\t<meta property=\"article:publisher\" content=\"https:\/\/facebook.com\/eldigitaldeasturias\" \/>\n\t\t<meta name=\"twitter:card\" content=\"summary_large_image\" \/>\n\t\t<meta name=\"twitter:title\" content=\"Los pr\u00e9stamos espa\u00f1oles, m\u00e1s caros que los europeos - El Digital de Asturias\" \/>\n\t\t<meta name=\"twitter:description\" content=\"Espa\u00f1a atraviesa una crisis econ\u00f3mica estructural desde 2008. Una crisis vinculada, especialmente, a la burbuja inmobiliaria y a algunos de sus productos estrella, como las hipotecas. La facilidad con la que los bancos conced\u00edan los pr\u00e9stamos hace unos a\u00f1os han conllevado fuertes medidas de ajuste, que han complicado el actual acceso al cr\u00e9dito. Por suerte,\" \/>\n\t\t<meta name=\"twitter:image\" content=\"https:\/\/www.eldigitaldeasturias.com\/noticias\/wp-content\/uploads\/2016\/09\/1473931681_pr_stamos_europa.jpg\" \/>\n\t\t<meta name=\"twitter:label1\" content=\"Escrito por\" \/>\n\t\t<meta name=\"twitter:data1\" content=\"El Digital de Asturias\" \/>\n\t\t<meta name=\"twitter:label2\" content=\"Tiempo de lectura estimado\" \/>\n\t\t<meta name=\"twitter:data2\" content=\"2 minutos\" \/>\n\t\t<script type=\"application\/ld+json\" class=\"aioseo-schema\">\n\t\t\t{\"@context\":\"https:\\\/\\\/schema.org\",\"@graph\":[{\"@type\":\"BlogPosting\",\"@id\":\"https:\\\/\\\/www.eldigitaldeasturias.com\\\/noticias\\\/los-prestamos-espanoles-mas-caros-que-los-europeos\\\/#blogposting\",\"name\":\"Los pr\\u00e9stamos espa\\u00f1oles, m\\u00e1s caros que los europeos - El Digital de Asturias\",\"headline\":\"Los pr\\u00e9stamos espa\\u00f1oles, m\\u00e1s caros que los europeos\",\"author\":{\"@id\":\"https:\\\/\\\/www.eldigitaldeasturias.com\\\/noticias\\\/author\\\/admin\\\/#author\"},\"publisher\":{\"@id\":\"https:\\\/\\\/www.eldigitaldeasturias.com\\\/noticias\\\/#organization\"},\"image\":{\"@type\":\"ImageObject\",\"url\":\"https:\\\/\\\/www.eldigitaldeasturias.com\\\/noticias\\\/wp-content\\\/uploads\\\/2016\\\/09\\\/1473931681_pr_stamos_europa.jpg\",\"width\":620,\"height\":400},\"datePublished\":\"2016-09-17T23:20:40+02:00\",\"dateModified\":\"2016-09-17T23:20:40+02:00\",\"inLanguage\":\"es-ES\",\"mainEntityOfPage\":{\"@id\":\"https:\\\/\\\/www.eldigitaldeasturias.com\\\/noticias\\\/los-prestamos-espanoles-mas-caros-que-los-europeos\\\/#webpage\"},\"isPartOf\":{\"@id\":\"https:\\\/\\\/www.eldigitaldeasturias.com\\\/noticias\\\/los-prestamos-espanoles-mas-caros-que-los-europeos\\\/#webpage\"},\"articleSection\":\"Actualidad\"},{\"@type\":\"BreadcrumbList\",\"@id\":\"https:\\\/\\\/www.eldigitaldeasturias.com\\\/noticias\\\/los-prestamos-espanoles-mas-caros-que-los-europeos\\\/#breadcrumblist\",\"itemListElement\":[{\"@type\":\"ListItem\",\"@id\":\"https:\\\/\\\/www.eldigitaldeasturias.com\\\/noticias#listItem\",\"position\":1,\"name\":\"Home\",\"item\":\"https:\\\/\\\/www.eldigitaldeasturias.com\\\/noticias\",\"nextItem\":{\"@type\":\"ListItem\",\"@id\":\"https:\\\/\\\/www.eldigitaldeasturias.com\\\/noticias\\\/category\\\/actualidad\\\/#listItem\",\"name\":\"Actualidad\"}},{\"@type\":\"ListItem\",\"@id\":\"https:\\\/\\\/www.eldigitaldeasturias.com\\\/noticias\\\/category\\\/actualidad\\\/#listItem\",\"position\":2,\"name\":\"Actualidad\",\"item\":\"https:\\\/\\\/www.eldigitaldeasturias.com\\\/noticias\\\/category\\\/actualidad\\\/\",\"nextItem\":{\"@type\":\"ListItem\",\"@id\":\"https:\\\/\\\/www.eldigitaldeasturias.com\\\/noticias\\\/los-prestamos-espanoles-mas-caros-que-los-europeos\\\/#listItem\",\"name\":\"Los pr\\u00e9stamos espa\\u00f1oles, m\\u00e1s caros que los europeos\"},\"previousItem\":{\"@type\":\"ListItem\",\"@id\":\"https:\\\/\\\/www.eldigitaldeasturias.com\\\/noticias#listItem\",\"name\":\"Home\"}},{\"@type\":\"ListItem\",\"@id\":\"https:\\\/\\\/www.eldigitaldeasturias.com\\\/noticias\\\/los-prestamos-espanoles-mas-caros-que-los-europeos\\\/#listItem\",\"position\":3,\"name\":\"Los pr\\u00e9stamos espa\\u00f1oles, m\\u00e1s caros que los europeos\",\"previousItem\":{\"@type\":\"ListItem\",\"@id\":\"https:\\\/\\\/www.eldigitaldeasturias.com\\\/noticias\\\/category\\\/actualidad\\\/#listItem\",\"name\":\"Actualidad\"}}]},{\"@type\":\"Organization\",\"@id\":\"https:\\\/\\\/www.eldigitaldeasturias.com\\\/noticias\\\/#organization\",\"name\":\"El Digital de Asturias\",\"description\":\"Hemeroteca\",\"url\":\"https:\\\/\\\/www.eldigitaldeasturias.com\\\/noticias\\\/\",\"email\":\"info@eldigitaldeasturias.com\",\"telephone\":\"+34652131393\",\"logo\":{\"@type\":\"ImageObject\",\"url\":\"https:\\\/\\\/www.eldigitaldeasturias.com\\\/noticias\\\/wp-content\\\/uploads\\\/2020\\\/12\\\/EDA.jpg\",\"@id\":\"https:\\\/\\\/www.eldigitaldeasturias.com\\\/noticias\\\/los-prestamos-espanoles-mas-caros-que-los-europeos\\\/#organizationLogo\",\"width\":649,\"height\":297},\"image\":{\"@id\":\"https:\\\/\\\/www.eldigitaldeasturias.com\\\/noticias\\\/los-prestamos-espanoles-mas-caros-que-los-europeos\\\/#organizationLogo\"},\"sameAs\":[\"https:\\\/\\\/facebook.com\\\/eldigitaldeasturias\",\"https:\\\/\\\/www.youtube.com\\\/channel\\\/UCZP-2wLEB9Rv6erhFmqVnvg\"],\"address\":{\"@id\":\"https:\\\/\\\/www.eldigitaldeasturias.com\\\/noticias\\\/#postaladdress\",\"@type\":\"PostalAddress\",\"streetAddress\":\"san antonio 4,\",\"postalCode\":\"33430\",\"addressLocality\":\"Cand\\u00e1s\",\"addressRegion\":\"Asturias\",\"addressCountry\":\"ES\"}},{\"@type\":\"Person\",\"@id\":\"https:\\\/\\\/www.eldigitaldeasturias.com\\\/noticias\\\/author\\\/admin\\\/#author\",\"url\":\"https:\\\/\\\/www.eldigitaldeasturias.com\\\/noticias\\\/author\\\/admin\\\/\",\"name\":\"El Digital de Asturias\",\"image\":{\"@type\":\"ImageObject\",\"@id\":\"https:\\\/\\\/www.eldigitaldeasturias.com\\\/noticias\\\/los-prestamos-espanoles-mas-caros-que-los-europeos\\\/#authorImage\",\"url\":\"https:\\\/\\\/www.eldigitaldeasturias.com\\\/noticias\\\/wp-content\\\/litespeed\\\/avatar\\\/18677e78aa0546b92d9dbf31ec7d7668.jpg?ver=1777290358\",\"width\":96,\"height\":96,\"caption\":\"El Digital de Asturias\"}},{\"@type\":\"WebPage\",\"@id\":\"https:\\\/\\\/www.eldigitaldeasturias.com\\\/noticias\\\/los-prestamos-espanoles-mas-caros-que-los-europeos\\\/#webpage\",\"url\":\"https:\\\/\\\/www.eldigitaldeasturias.com\\\/noticias\\\/los-prestamos-espanoles-mas-caros-que-los-europeos\\\/\",\"name\":\"Los pr\\u00e9stamos espa\\u00f1oles, m\\u00e1s caros que los europeos - El Digital de Asturias\",\"description\":\"Espa\\u00f1a atraviesa una crisis econ\\u00f3mica estructural desde 2008. Una crisis vinculada, especialmente, a la burbuja inmobiliaria y a algunos de sus productos estrella, como las hipotecas. La facilidad con la que los bancos conced\\u00edan los pr\\u00e9stamos hace unos a\\u00f1os han conllevado fuertes medidas de ajuste, que han complicado el actual acceso al cr\\u00e9dito. Por suerte,\",\"inLanguage\":\"es-ES\",\"isPartOf\":{\"@id\":\"https:\\\/\\\/www.eldigitaldeasturias.com\\\/noticias\\\/#website\"},\"breadcrumb\":{\"@id\":\"https:\\\/\\\/www.eldigitaldeasturias.com\\\/noticias\\\/los-prestamos-espanoles-mas-caros-que-los-europeos\\\/#breadcrumblist\"},\"author\":{\"@id\":\"https:\\\/\\\/www.eldigitaldeasturias.com\\\/noticias\\\/author\\\/admin\\\/#author\"},\"creator\":{\"@id\":\"https:\\\/\\\/www.eldigitaldeasturias.com\\\/noticias\\\/author\\\/admin\\\/#author\"},\"image\":{\"@type\":\"ImageObject\",\"url\":\"https:\\\/\\\/www.eldigitaldeasturias.com\\\/noticias\\\/wp-content\\\/uploads\\\/2016\\\/09\\\/1473931681_pr_stamos_europa.jpg\",\"@id\":\"https:\\\/\\\/www.eldigitaldeasturias.com\\\/noticias\\\/los-prestamos-espanoles-mas-caros-que-los-europeos\\\/#mainImage\",\"width\":620,\"height\":400},\"primaryImageOfPage\":{\"@id\":\"https:\\\/\\\/www.eldigitaldeasturias.com\\\/noticias\\\/los-prestamos-espanoles-mas-caros-que-los-europeos\\\/#mainImage\"},\"datePublished\":\"2016-09-17T23:20:40+02:00\",\"dateModified\":\"2016-09-17T23:20:40+02:00\"},{\"@type\":\"WebSite\",\"@id\":\"https:\\\/\\\/www.eldigitaldeasturias.com\\\/noticias\\\/#website\",\"url\":\"https:\\\/\\\/www.eldigitaldeasturias.com\\\/noticias\\\/\",\"name\":\"El Digital de Asturias - Diario de actualidad y noticias\",\"alternateName\":\"El Digital de Asturias - Diario de actualidad y noticias\",\"description\":\"Hemeroteca\",\"inLanguage\":\"es-ES\",\"publisher\":{\"@id\":\"https:\\\/\\\/www.eldigitaldeasturias.com\\\/noticias\\\/#organization\"}}]}\n\t\t<\/script>\n\t\t<!-- All in One SEO Pro -->\r\n\t\t<title>Los pr\u00e9stamos espa\u00f1oles, m\u00e1s caros que los europeos - El Digital de Asturias<\/title>\n\n","aioseo_head_json":{"title":"Los pr\u00e9stamos espa\u00f1oles, m\u00e1s caros que los europeos - El Digital de Asturias","description":"Espa\u00f1a atraviesa una crisis econ\u00f3mica estructural desde 2008. Una crisis vinculada, especialmente, a la burbuja inmobiliaria y a algunos de sus productos estrella, como las hipotecas. La facilidad con la que los bancos conced\u00edan los pr\u00e9stamos hace unos a\u00f1os han conllevado fuertes medidas de ajuste, que han complicado el actual acceso al cr\u00e9dito. Por suerte,","canonical_url":"https:\/\/www.eldigitaldeasturias.com\/noticias\/los-prestamos-espanoles-mas-caros-que-los-europeos\/","robots":"max-image-preview:large","keywords":"actualidad","webmasterTools":{"google-site-verification":"UA-38556648-1","msvalidate.01":"7dfe9f3f1b24437ab69f4f2559babe99","miscellaneous":""},"schema":{"@context":"https:\/\/schema.org","@graph":[{"@type":"BlogPosting","@id":"https:\/\/www.eldigitaldeasturias.com\/noticias\/los-prestamos-espanoles-mas-caros-que-los-europeos\/#blogposting","name":"Los pr\u00e9stamos espa\u00f1oles, m\u00e1s caros que los europeos - El Digital de Asturias","headline":"Los pr\u00e9stamos espa\u00f1oles, m\u00e1s caros que los europeos","author":{"@id":"https:\/\/www.eldigitaldeasturias.com\/noticias\/author\/admin\/#author"},"publisher":{"@id":"https:\/\/www.eldigitaldeasturias.com\/noticias\/#organization"},"image":{"@type":"ImageObject","url":"https:\/\/www.eldigitaldeasturias.com\/noticias\/wp-content\/uploads\/2016\/09\/1473931681_pr_stamos_europa.jpg","width":620,"height":400},"datePublished":"2016-09-17T23:20:40+02:00","dateModified":"2016-09-17T23:20:40+02:00","inLanguage":"es-ES","mainEntityOfPage":{"@id":"https:\/\/www.eldigitaldeasturias.com\/noticias\/los-prestamos-espanoles-mas-caros-que-los-europeos\/#webpage"},"isPartOf":{"@id":"https:\/\/www.eldigitaldeasturias.com\/noticias\/los-prestamos-espanoles-mas-caros-que-los-europeos\/#webpage"},"articleSection":"Actualidad"},{"@type":"BreadcrumbList","@id":"https:\/\/www.eldigitaldeasturias.com\/noticias\/los-prestamos-espanoles-mas-caros-que-los-europeos\/#breadcrumblist","itemListElement":[{"@type":"ListItem","@id":"https:\/\/www.eldigitaldeasturias.com\/noticias#listItem","position":1,"name":"Home","item":"https:\/\/www.eldigitaldeasturias.com\/noticias","nextItem":{"@type":"ListItem","@id":"https:\/\/www.eldigitaldeasturias.com\/noticias\/category\/actualidad\/#listItem","name":"Actualidad"}},{"@type":"ListItem","@id":"https:\/\/www.eldigitaldeasturias.com\/noticias\/category\/actualidad\/#listItem","position":2,"name":"Actualidad","item":"https:\/\/www.eldigitaldeasturias.com\/noticias\/category\/actualidad\/","nextItem":{"@type":"ListItem","@id":"https:\/\/www.eldigitaldeasturias.com\/noticias\/los-prestamos-espanoles-mas-caros-que-los-europeos\/#listItem","name":"Los pr\u00e9stamos espa\u00f1oles, m\u00e1s caros que los europeos"},"previousItem":{"@type":"ListItem","@id":"https:\/\/www.eldigitaldeasturias.com\/noticias#listItem","name":"Home"}},{"@type":"ListItem","@id":"https:\/\/www.eldigitaldeasturias.com\/noticias\/los-prestamos-espanoles-mas-caros-que-los-europeos\/#listItem","position":3,"name":"Los pr\u00e9stamos espa\u00f1oles, m\u00e1s caros que los europeos","previousItem":{"@type":"ListItem","@id":"https:\/\/www.eldigitaldeasturias.com\/noticias\/category\/actualidad\/#listItem","name":"Actualidad"}}]},{"@type":"Organization","@id":"https:\/\/www.eldigitaldeasturias.com\/noticias\/#organization","name":"El Digital de Asturias","description":"Hemeroteca","url":"https:\/\/www.eldigitaldeasturias.com\/noticias\/","email":"info@eldigitaldeasturias.com","telephone":"+34652131393","logo":{"@type":"ImageObject","url":"https:\/\/www.eldigitaldeasturias.com\/noticias\/wp-content\/uploads\/2020\/12\/EDA.jpg","@id":"https:\/\/www.eldigitaldeasturias.com\/noticias\/los-prestamos-espanoles-mas-caros-que-los-europeos\/#organizationLogo","width":649,"height":297},"image":{"@id":"https:\/\/www.eldigitaldeasturias.com\/noticias\/los-prestamos-espanoles-mas-caros-que-los-europeos\/#organizationLogo"},"sameAs":["https:\/\/facebook.com\/eldigitaldeasturias","https:\/\/www.youtube.com\/channel\/UCZP-2wLEB9Rv6erhFmqVnvg"],"address":{"@id":"https:\/\/www.eldigitaldeasturias.com\/noticias\/#postaladdress","@type":"PostalAddress","streetAddress":"san antonio 4,","postalCode":"33430","addressLocality":"Cand\u00e1s","addressRegion":"Asturias","addressCountry":"ES"}},{"@type":"Person","@id":"https:\/\/www.eldigitaldeasturias.com\/noticias\/author\/admin\/#author","url":"https:\/\/www.eldigitaldeasturias.com\/noticias\/author\/admin\/","name":"El Digital de Asturias","image":{"@type":"ImageObject","@id":"https:\/\/www.eldigitaldeasturias.com\/noticias\/los-prestamos-espanoles-mas-caros-que-los-europeos\/#authorImage","url":"https:\/\/www.eldigitaldeasturias.com\/noticias\/wp-content\/litespeed\/avatar\/18677e78aa0546b92d9dbf31ec7d7668.jpg?ver=1777290358","width":96,"height":96,"caption":"El Digital de Asturias"}},{"@type":"WebPage","@id":"https:\/\/www.eldigitaldeasturias.com\/noticias\/los-prestamos-espanoles-mas-caros-que-los-europeos\/#webpage","url":"https:\/\/www.eldigitaldeasturias.com\/noticias\/los-prestamos-espanoles-mas-caros-que-los-europeos\/","name":"Los pr\u00e9stamos espa\u00f1oles, m\u00e1s caros que los europeos - El Digital de Asturias","description":"Espa\u00f1a atraviesa una crisis econ\u00f3mica estructural desde 2008. Una crisis vinculada, especialmente, a la burbuja inmobiliaria y a algunos de sus productos estrella, como las hipotecas. La facilidad con la que los bancos conced\u00edan los pr\u00e9stamos hace unos a\u00f1os han conllevado fuertes medidas de ajuste, que han complicado el actual acceso al cr\u00e9dito. Por suerte,","inLanguage":"es-ES","isPartOf":{"@id":"https:\/\/www.eldigitaldeasturias.com\/noticias\/#website"},"breadcrumb":{"@id":"https:\/\/www.eldigitaldeasturias.com\/noticias\/los-prestamos-espanoles-mas-caros-que-los-europeos\/#breadcrumblist"},"author":{"@id":"https:\/\/www.eldigitaldeasturias.com\/noticias\/author\/admin\/#author"},"creator":{"@id":"https:\/\/www.eldigitaldeasturias.com\/noticias\/author\/admin\/#author"},"image":{"@type":"ImageObject","url":"https:\/\/www.eldigitaldeasturias.com\/noticias\/wp-content\/uploads\/2016\/09\/1473931681_pr_stamos_europa.jpg","@id":"https:\/\/www.eldigitaldeasturias.com\/noticias\/los-prestamos-espanoles-mas-caros-que-los-europeos\/#mainImage","width":620,"height":400},"primaryImageOfPage":{"@id":"https:\/\/www.eldigitaldeasturias.com\/noticias\/los-prestamos-espanoles-mas-caros-que-los-europeos\/#mainImage"},"datePublished":"2016-09-17T23:20:40+02:00","dateModified":"2016-09-17T23:20:40+02:00"},{"@type":"WebSite","@id":"https:\/\/www.eldigitaldeasturias.com\/noticias\/#website","url":"https:\/\/www.eldigitaldeasturias.com\/noticias\/","name":"El Digital de Asturias - Diario de actualidad y noticias","alternateName":"El Digital de Asturias - Diario de actualidad y noticias","description":"Hemeroteca","inLanguage":"es-ES","publisher":{"@id":"https:\/\/www.eldigitaldeasturias.com\/noticias\/#organization"}}]},"og:locale":"es_ES","og:site_name":"El Digital de Asturias","og:type":"article","og:title":"Los pr\u00e9stamos espa\u00f1oles, m\u00e1s caros que los europeos - El Digital de Asturias","og:description":"Espa\u00f1a atraviesa una crisis econ\u00f3mica estructural desde 2008. Una crisis vinculada, especialmente, a la burbuja inmobiliaria y a algunos de sus productos estrella, como las hipotecas. La facilidad con la que los bancos conced\u00edan los pr\u00e9stamos hace unos a\u00f1os han conllevado fuertes medidas de ajuste, que han complicado el actual acceso al cr\u00e9dito. Por suerte,","og:url":"https:\/\/www.eldigitaldeasturias.com\/noticias\/los-prestamos-espanoles-mas-caros-que-los-europeos\/","og:image":"https:\/\/www.eldigitaldeasturias.com\/noticias\/wp-content\/uploads\/2016\/09\/1473931681_pr_stamos_europa.jpg","og:image:secure_url":"https:\/\/www.eldigitaldeasturias.com\/noticias\/wp-content\/uploads\/2016\/09\/1473931681_pr_stamos_europa.jpg","og:image:width":620,"og:image:height":400,"article:tag":["actualidad"],"article:published_time":"2016-09-17T22:20:40+00:00","article:modified_time":"2016-09-17T22:20:40+00:00","article:publisher":"https:\/\/facebook.com\/eldigitaldeasturias","twitter:card":"summary_large_image","twitter:title":"Los pr\u00e9stamos espa\u00f1oles, m\u00e1s caros que los europeos - El Digital de Asturias","twitter:description":"Espa\u00f1a atraviesa una crisis econ\u00f3mica estructural desde 2008. Una crisis vinculada, especialmente, a la burbuja inmobiliaria y a algunos de sus productos estrella, como las hipotecas. La facilidad con la que los bancos conced\u00edan los pr\u00e9stamos hace unos a\u00f1os han conllevado fuertes medidas de ajuste, que han complicado el actual acceso al cr\u00e9dito. Por suerte,","twitter:image":"https:\/\/www.eldigitaldeasturias.com\/noticias\/wp-content\/uploads\/2016\/09\/1473931681_pr_stamos_europa.jpg","twitter:label1":"Escrito por","twitter:data1":"El Digital de Asturias","twitter:label2":"Tiempo de lectura estimado","twitter:data2":"2 minutos"},"aioseo_meta_data":{"post_id":"908294","title":null,"description":null,"keywords":null,"keyphrases":null,"primary_term":null,"canonical_url":null,"og_title":null,"og_description":null,"og_object_type":"default","og_image_type":"default","og_image_url":null,"og_image_width":null,"og_image_height":null,"og_image_custom_url":null,"og_image_custom_fields":null,"og_video":null,"og_custom_url":null,"og_article_section":null,"og_article_tags":null,"twitter_use_og":false,"twitter_card":"default","twitter_image_type":"default","twitter_image_url":null,"twitter_image_custom_url":null,"twitter_image_custom_fields":null,"twitter_title":null,"twitter_description":null,"schema":{"blockGraphs":[],"customGraphs":[],"default":{"data":{"Article":[],"Course":[],"Dataset":[],"FAQPage":[],"Movie":[],"Person":[],"Product":[],"ProductReview":[],"Car":[],"Recipe":[],"Service":[],"SoftwareApplication":[],"WebPage":[]},"graphName":"","isEnabled":true},"graphs":[],"defaultGraph":"","defaultPostTypeGraph":""},"schema_type":null,"schema_type_options":null,"pillar_content":false,"robots_default":true,"robots_noindex":false,"robots_noarchive":false,"robots_nosnippet":false,"robots_nofollow":false,"robots_noimageindex":false,"robots_noodp":false,"robots_notranslate":false,"robots_max_snippet":null,"robots_max_videopreview":null,"robots_max_imagepreview":"large","priority":null,"frequency":null,"local_seo":null,"seo_analyzer_scan_date":"2025-11-30 15:37:08","breadcrumb_settings":null,"limit_modified_date":false,"open_ai":null,"ai":null,"created":"2020-12-21 14:00:16","updated":"2025-11-30 15:37:08"},"aioseo_breadcrumb":"<div class=\"aioseo-breadcrumbs\"><span class=\"aioseo-breadcrumb\">\n\t<a href=\"https:\/\/www.eldigitaldeasturias.com\/noticias\" title=\"Home\">Home<\/a>\n<\/span><span class=\"aioseo-breadcrumb-separator\">\u2013<\/span><span class=\"aioseo-breadcrumb\">\n\t<a href=\"https:\/\/www.eldigitaldeasturias.com\/noticias\/category\/actualidad\/\" title=\"Actualidad\">Actualidad<\/a>\n<\/span><span class=\"aioseo-breadcrumb-separator\">\u2013<\/span><span class=\"aioseo-breadcrumb\">\n\t<a href=\"https:\/\/www.eldigitaldeasturias.com\/noticias\/los-prestamos-espanoles-mas-caros-que-los-europeos\/\" title=\"Los pr\u00e9stamos espa\u00f1oles, m\u00e1s caros que los europeos\">Los pr\u00e9stamos espa\u00f1oles, m\u00e1s caros que los europeos<\/a>\n<\/span><\/div>","aioseo_breadcrumb_json":[{"label":"Home","link":"https:\/\/www.eldigitaldeasturias.com\/noticias"},{"label":"Actualidad","link":"https:\/\/www.eldigitaldeasturias.com\/noticias\/category\/actualidad\/"},{"label":"Los pr\u00e9stamos espa\u00f1oles, m\u00e1s caros que los europeos","link":"https:\/\/www.eldigitaldeasturias.com\/noticias\/los-prestamos-espanoles-mas-caros-que-los-europeos\/"}],"_links":{"self":[{"href":"https:\/\/www.eldigitaldeasturias.com\/noticias\/wp-json\/wp\/v2\/posts\/908294","targetHints":{"allow":["GET"]}}],"collection":[{"href":"https:\/\/www.eldigitaldeasturias.com\/noticias\/wp-json\/wp\/v2\/posts"}],"about":[{"href":"https:\/\/www.eldigitaldeasturias.com\/noticias\/wp-json\/wp\/v2\/types\/post"}],"author":[{"embeddable":true,"href":"https:\/\/www.eldigitaldeasturias.com\/noticias\/wp-json\/wp\/v2\/users\/1"}],"replies":[{"embeddable":true,"href":"https:\/\/www.eldigitaldeasturias.com\/noticias\/wp-json\/wp\/v2\/comments?post=908294"}],"version-history":[{"count":0,"href":"https:\/\/www.eldigitaldeasturias.com\/noticias\/wp-json\/wp\/v2\/posts\/908294\/revisions"}],"wp:featuredmedia":[{"embeddable":true,"href":"https:\/\/www.eldigitaldeasturias.com\/noticias\/wp-json\/wp\/v2\/media\/908295"}],"wp:attachment":[{"href":"https:\/\/www.eldigitaldeasturias.com\/noticias\/wp-json\/wp\/v2\/media?parent=908294"}],"wp:term":[{"taxonomy":"category","embeddable":true,"href":"https:\/\/www.eldigitaldeasturias.com\/noticias\/wp-json\/wp\/v2\/categories?post=908294"},{"taxonomy":"post_tag","embeddable":true,"href":"https:\/\/www.eldigitaldeasturias.com\/noticias\/wp-json\/wp\/v2\/tags?post=908294"}],"curies":[{"name":"wp","href":"https:\/\/api.w.org\/{rel}","templated":true}]}}