{"id":908285,"date":"2016-09-17T23:12:44","date_gmt":"2016-09-17T22:12:44","guid":{"rendered":"http:\/\/www.eldigitaldeasturias.com\/noticias\/?p=908285"},"modified":"2016-09-17T23:12:44","modified_gmt":"2016-09-17T22:12:44","slug":"nace-fullbyc-la-marca-que-viste-a-los-ciclistas","status":"publish","type":"post","link":"https:\/\/www.eldigitaldeasturias.com\/noticias\/nace-fullbyc-la-marca-que-viste-a-los-ciclistas\/","title":{"rendered":"Nace Fullbyc, la marca que viste a los ciclistas"},"content":{"rendered":"<p><img loading=\"lazy\" decoding=\"async\" class=\"alignleft size-medium wp-image-908286\" src=\"https:\/\/www.eldigitaldeasturias.com\/noticias\/wp-content\/uploads\/2016\/09\/1473846079_fullbyc_2-360x183.jpg\" alt=\"1473846079_fullbyc_2\" width=\"360\" height=\"183\" srcset=\"https:\/\/www.eldigitaldeasturias.com\/noticias\/wp-content\/uploads\/2016\/09\/1473846079_fullbyc_2-360x183.jpg 360w, https:\/\/www.eldigitaldeasturias.com\/noticias\/wp-content\/uploads\/2016\/09\/1473846079_fullbyc_2-768x391.jpg 768w, https:\/\/www.eldigitaldeasturias.com\/noticias\/wp-content\/uploads\/2016\/09\/1473846079_fullbyc_2-650x331.jpg 650w, https:\/\/www.eldigitaldeasturias.com\/noticias\/wp-content\/uploads\/2016\/09\/1473846079_fullbyc_2.jpg 1238w\" sizes=\"auto, (max-width: 360px) 100vw, 360px\" \/>Fullbyc, especializada en la fabricaci\u00f3n y el dise\u00f1o de ropa personalizada para ciclistas, ha sido fundada por deportistas, para deportistas, y ya ha vestido a personalidades del deporte tales como F\u00e9lix Gonz\u00e1lez, campe\u00f3n de Catalu\u00f1a BTT, o el equipo de competici\u00f3n Xtrem Bike de Vic, Barcelona, as\u00ed como numerosos clubes ciclistas de toda Espa\u00f1a como: Club Ciclista Bike Tolr\u00e0, o la pe\u00f1a ciclista y cicloturista PC El Rayo de Albuixech, Valencia, entre otros.<\/p>\n<p>Fullbyc, adem\u00e1s, cuenta con colecciones propias, con dise\u00f1os a la \u00faltima, de ropa de ciclismo para mujer, hombre y ni\u00f1os, que los usuarios podr\u00e1n adquirir a trav\u00e9s de su tienda online www.shopfullbyc.com. Entre toda su oferta, encontrar\u00e1n: maillots, chaquetas, chalecos, chubasqueros, culottes y complementos de ciclismo tales como manguitos y perneras, con tallas que van desde 2XS hasta la 5XL para adultos, y de 4 a\u00f1os a 14 a\u00f1os para ni\u00f1os, para adaptarse a todo aquel que practique el ciclismo.<\/p>\n<p>El concepto principal de Fullbyc es la innovaci\u00f3n, por ello, todas sus equipaciones de ciclismo han sido fabricadas aplicando los \u00faltimos avances en los materiales t\u00e9cnicos (tejidos, badanas, membranas transpirables, etc.), que dan como resultado unas prendas funcionales, de calidad y con dise\u00f1os genuinos. Los tejidos principales con los que trabaja son el Thermodress, que protege de viento y lluvia y proporciona un confort t\u00e9rmico; Chiffon, tejido ligero y suave para la protecci\u00f3n contra el viento o el Coolmax Extrem, que previene humedades y facilita la transpiraci\u00f3n, entre otros.<\/p>\n<p>Adem\u00e1s de la calidad, Fullbyc tambi\u00e9n prima el cuidado del medio ambiente. Para ello, en el proceso de estampaci\u00f3n de las prendas deportivas, Fullbyc utiliza plotters de inyecci\u00f3n de tinta en cuatricrom\u00eda de \u00faltima tecnolog\u00eda, con plancha de secado y tintas al agua ecol\u00f3gicas que no contaminan el medio ambiente.<\/p>\n<p>Fullbyc adem\u00e1s, es especialista en la confecci\u00f3n de ropa deportiva personalizada para triatl\u00f3n, atletismo, nataci\u00f3n, trekking, remo, entre otros deportes, y contar\u00e1 con dos colecciones nuevas al a\u00f1o de ropa de ciclismo. Tanto deportistas, como clubes, tiendas y gimnasios, encontrar\u00e1n en Fullbyc una marca deportiva, para deportistas, en la que confiar.<\/p>\n<p>FUENTE COMUNICAE<\/p>\n<p>&nbsp;<\/p>\n","protected":false},"excerpt":{"rendered":"<p>Fullbyc, especializada en la fabricaci\u00f3n y el dise\u00f1o de ropa personalizada para ciclistas, ha sido fundada por deportistas, para deportistas, y ya ha vestido a personalidades del deporte tales como F\u00e9lix Gonz\u00e1lez, campe\u00f3n de Catalu\u00f1a BTT, o el equipo de competici\u00f3n Xtrem Bike de Vic, Barcelona, as\u00ed como numerosos clubes ciclistas de toda Espa\u00f1a como: [&hellip;]<\/p>\n","protected":false},"author":1,"featured_media":908286,"comment_status":"closed","ping_status":"closed","sticky":false,"template":"","format":"standard","meta":{"footnotes":""},"categories":[1],"tags":[],"class_list":["post-908285","post","type-post","status-publish","format-standard","has-post-thumbnail","hentry","category-actualidad"],"aioseo_notices":[],"aioseo_head":"\n\t\t<!-- All in One SEO Pro 4.9.6.2 - aioseo.com -->\n\t<meta name=\"description\" content=\"Fullbyc, especializada en la fabricaci\u00f3n y el dise\u00f1o de ropa personalizada para ciclistas, ha sido fundada por deportistas, para deportistas, y ya ha vestido a personalidades del deporte tales como F\u00e9lix Gonz\u00e1lez, campe\u00f3n de Catalu\u00f1a BTT, o el equipo de competici\u00f3n Xtrem Bike de Vic, Barcelona, as\u00ed como numerosos clubes ciclistas de toda Espa\u00f1a como:\" \/>\n\t<meta name=\"robots\" content=\"max-image-preview:large\" \/>\n\t<meta name=\"author\" content=\"El Digital de Asturias\"\/>\n\t<meta name=\"google-site-verification\" content=\"UA-38556648-1\" \/>\n\t<meta name=\"msvalidate.01\" content=\"7dfe9f3f1b24437ab69f4f2559babe99\" \/>\n\t<meta name=\"keywords\" content=\"actualidad\" \/>\n\t<link rel=\"canonical\" href=\"https:\/\/www.eldigitaldeasturias.com\/noticias\/nace-fullbyc-la-marca-que-viste-a-los-ciclistas\/\" \/>\n\t<meta name=\"generator\" content=\"All in One SEO Pro (AIOSEO) 4.9.6.2\" \/>\n\t\t<meta property=\"og:locale\" content=\"es_ES\" \/>\n\t\t<meta property=\"og:site_name\" content=\"El Digital de Asturias\" \/>\n\t\t<meta property=\"og:type\" content=\"article\" \/>\n\t\t<meta property=\"og:title\" content=\"Nace Fullbyc, la marca que viste a los ciclistas - El Digital de Asturias\" \/>\n\t\t<meta property=\"og:description\" content=\"Fullbyc, especializada en la fabricaci\u00f3n y el dise\u00f1o de ropa personalizada para ciclistas, ha sido fundada por deportistas, para deportistas, y ya ha vestido a personalidades del deporte tales como F\u00e9lix Gonz\u00e1lez, campe\u00f3n de Catalu\u00f1a BTT, o el equipo de competici\u00f3n Xtrem Bike de Vic, Barcelona, as\u00ed como numerosos clubes ciclistas de toda Espa\u00f1a como:\" \/>\n\t\t<meta property=\"og:url\" content=\"https:\/\/www.eldigitaldeasturias.com\/noticias\/nace-fullbyc-la-marca-que-viste-a-los-ciclistas\/\" \/>\n\t\t<meta property=\"og:image\" content=\"https:\/\/www.eldigitaldeasturias.com\/noticias\/wp-content\/uploads\/2016\/09\/1473846079_fullbyc_2.jpg\" \/>\n\t\t<meta property=\"og:image:secure_url\" content=\"https:\/\/www.eldigitaldeasturias.com\/noticias\/wp-content\/uploads\/2016\/09\/1473846079_fullbyc_2.jpg\" \/>\n\t\t<meta property=\"og:image:width\" content=\"1238\" \/>\n\t\t<meta property=\"og:image:height\" content=\"631\" \/>\n\t\t<meta property=\"article:tag\" content=\"actualidad\" \/>\n\t\t<meta property=\"article:published_time\" content=\"2016-09-17T22:12:44+00:00\" \/>\n\t\t<meta property=\"article:modified_time\" content=\"2016-09-17T22:12:44+00:00\" \/>\n\t\t<meta property=\"article:publisher\" content=\"https:\/\/facebook.com\/eldigitaldeasturias\" \/>\n\t\t<meta name=\"twitter:card\" content=\"summary_large_image\" \/>\n\t\t<meta name=\"twitter:title\" content=\"Nace Fullbyc, la marca que viste a los ciclistas - El Digital de Asturias\" \/>\n\t\t<meta name=\"twitter:description\" content=\"Fullbyc, especializada en la fabricaci\u00f3n y el dise\u00f1o de ropa personalizada para ciclistas, ha sido fundada por deportistas, para deportistas, y ya ha vestido a personalidades del deporte tales como F\u00e9lix Gonz\u00e1lez, campe\u00f3n de Catalu\u00f1a BTT, o el equipo de competici\u00f3n Xtrem Bike de Vic, Barcelona, as\u00ed como numerosos clubes ciclistas de toda Espa\u00f1a como:\" \/>\n\t\t<meta name=\"twitter:image\" content=\"https:\/\/www.eldigitaldeasturias.com\/noticias\/wp-content\/uploads\/2016\/09\/1473846079_fullbyc_2.jpg\" \/>\n\t\t<meta name=\"twitter:label1\" content=\"Escrito por\" \/>\n\t\t<meta name=\"twitter:data1\" content=\"El Digital de Asturias\" \/>\n\t\t<meta name=\"twitter:label2\" content=\"Tiempo de lectura estimado\" \/>\n\t\t<meta name=\"twitter:data2\" content=\"2 minutos\" \/>\n\t\t<script type=\"application\/ld+json\" class=\"aioseo-schema\">\n\t\t\t{\"@context\":\"https:\\\/\\\/schema.org\",\"@graph\":[{\"@type\":\"BlogPosting\",\"@id\":\"https:\\\/\\\/www.eldigitaldeasturias.com\\\/noticias\\\/nace-fullbyc-la-marca-que-viste-a-los-ciclistas\\\/#blogposting\",\"name\":\"Nace Fullbyc, la marca que viste a los ciclistas - El Digital de Asturias\",\"headline\":\"Nace Fullbyc, la marca que viste a los ciclistas\",\"author\":{\"@id\":\"https:\\\/\\\/www.eldigitaldeasturias.com\\\/noticias\\\/author\\\/admin\\\/#author\"},\"publisher\":{\"@id\":\"https:\\\/\\\/www.eldigitaldeasturias.com\\\/noticias\\\/#organization\"},\"image\":{\"@type\":\"ImageObject\",\"url\":\"https:\\\/\\\/www.eldigitaldeasturias.com\\\/noticias\\\/wp-content\\\/uploads\\\/2016\\\/09\\\/1473846079_fullbyc_2.jpg\",\"width\":1238,\"height\":631},\"datePublished\":\"2016-09-17T23:12:44+02:00\",\"dateModified\":\"2016-09-17T23:12:44+02:00\",\"inLanguage\":\"es-ES\",\"mainEntityOfPage\":{\"@id\":\"https:\\\/\\\/www.eldigitaldeasturias.com\\\/noticias\\\/nace-fullbyc-la-marca-que-viste-a-los-ciclistas\\\/#webpage\"},\"isPartOf\":{\"@id\":\"https:\\\/\\\/www.eldigitaldeasturias.com\\\/noticias\\\/nace-fullbyc-la-marca-que-viste-a-los-ciclistas\\\/#webpage\"},\"articleSection\":\"Actualidad\"},{\"@type\":\"BreadcrumbList\",\"@id\":\"https:\\\/\\\/www.eldigitaldeasturias.com\\\/noticias\\\/nace-fullbyc-la-marca-que-viste-a-los-ciclistas\\\/#breadcrumblist\",\"itemListElement\":[{\"@type\":\"ListItem\",\"@id\":\"https:\\\/\\\/www.eldigitaldeasturias.com\\\/noticias#listItem\",\"position\":1,\"name\":\"Home\",\"item\":\"https:\\\/\\\/www.eldigitaldeasturias.com\\\/noticias\",\"nextItem\":{\"@type\":\"ListItem\",\"@id\":\"https:\\\/\\\/www.eldigitaldeasturias.com\\\/noticias\\\/category\\\/actualidad\\\/#listItem\",\"name\":\"Actualidad\"}},{\"@type\":\"ListItem\",\"@id\":\"https:\\\/\\\/www.eldigitaldeasturias.com\\\/noticias\\\/category\\\/actualidad\\\/#listItem\",\"position\":2,\"name\":\"Actualidad\",\"item\":\"https:\\\/\\\/www.eldigitaldeasturias.com\\\/noticias\\\/category\\\/actualidad\\\/\",\"nextItem\":{\"@type\":\"ListItem\",\"@id\":\"https:\\\/\\\/www.eldigitaldeasturias.com\\\/noticias\\\/nace-fullbyc-la-marca-que-viste-a-los-ciclistas\\\/#listItem\",\"name\":\"Nace Fullbyc, la marca que viste a los ciclistas\"},\"previousItem\":{\"@type\":\"ListItem\",\"@id\":\"https:\\\/\\\/www.eldigitaldeasturias.com\\\/noticias#listItem\",\"name\":\"Home\"}},{\"@type\":\"ListItem\",\"@id\":\"https:\\\/\\\/www.eldigitaldeasturias.com\\\/noticias\\\/nace-fullbyc-la-marca-que-viste-a-los-ciclistas\\\/#listItem\",\"position\":3,\"name\":\"Nace Fullbyc, la marca que viste a los ciclistas\",\"previousItem\":{\"@type\":\"ListItem\",\"@id\":\"https:\\\/\\\/www.eldigitaldeasturias.com\\\/noticias\\\/category\\\/actualidad\\\/#listItem\",\"name\":\"Actualidad\"}}]},{\"@type\":\"Organization\",\"@id\":\"https:\\\/\\\/www.eldigitaldeasturias.com\\\/noticias\\\/#organization\",\"name\":\"El Digital de Asturias\",\"description\":\"Hemeroteca\",\"url\":\"https:\\\/\\\/www.eldigitaldeasturias.com\\\/noticias\\\/\",\"email\":\"info@eldigitaldeasturias.com\",\"telephone\":\"+34652131393\",\"logo\":{\"@type\":\"ImageObject\",\"url\":\"https:\\\/\\\/www.eldigitaldeasturias.com\\\/noticias\\\/wp-content\\\/uploads\\\/2020\\\/12\\\/EDA.jpg\",\"@id\":\"https:\\\/\\\/www.eldigitaldeasturias.com\\\/noticias\\\/nace-fullbyc-la-marca-que-viste-a-los-ciclistas\\\/#organizationLogo\",\"width\":649,\"height\":297},\"image\":{\"@id\":\"https:\\\/\\\/www.eldigitaldeasturias.com\\\/noticias\\\/nace-fullbyc-la-marca-que-viste-a-los-ciclistas\\\/#organizationLogo\"},\"sameAs\":[\"https:\\\/\\\/facebook.com\\\/eldigitaldeasturias\",\"https:\\\/\\\/www.youtube.com\\\/channel\\\/UCZP-2wLEB9Rv6erhFmqVnvg\"],\"address\":{\"@id\":\"https:\\\/\\\/www.eldigitaldeasturias.com\\\/noticias\\\/#postaladdress\",\"@type\":\"PostalAddress\",\"streetAddress\":\"san antonio 4,\",\"postalCode\":\"33430\",\"addressLocality\":\"Cand\\u00e1s\",\"addressRegion\":\"Asturias\",\"addressCountry\":\"ES\"}},{\"@type\":\"Person\",\"@id\":\"https:\\\/\\\/www.eldigitaldeasturias.com\\\/noticias\\\/author\\\/admin\\\/#author\",\"url\":\"https:\\\/\\\/www.eldigitaldeasturias.com\\\/noticias\\\/author\\\/admin\\\/\",\"name\":\"El Digital de Asturias\",\"image\":{\"@type\":\"ImageObject\",\"@id\":\"https:\\\/\\\/www.eldigitaldeasturias.com\\\/noticias\\\/nace-fullbyc-la-marca-que-viste-a-los-ciclistas\\\/#authorImage\",\"url\":\"https:\\\/\\\/www.eldigitaldeasturias.com\\\/noticias\\\/wp-content\\\/litespeed\\\/avatar\\\/18677e78aa0546b92d9dbf31ec7d7668.jpg?ver=1777290358\",\"width\":96,\"height\":96,\"caption\":\"El Digital de Asturias\"}},{\"@type\":\"WebPage\",\"@id\":\"https:\\\/\\\/www.eldigitaldeasturias.com\\\/noticias\\\/nace-fullbyc-la-marca-que-viste-a-los-ciclistas\\\/#webpage\",\"url\":\"https:\\\/\\\/www.eldigitaldeasturias.com\\\/noticias\\\/nace-fullbyc-la-marca-que-viste-a-los-ciclistas\\\/\",\"name\":\"Nace Fullbyc, la marca que viste a los ciclistas - El Digital de Asturias\",\"description\":\"Fullbyc, especializada en la fabricaci\\u00f3n y el dise\\u00f1o de ropa personalizada para ciclistas, ha sido fundada por deportistas, para deportistas, y ya ha vestido a personalidades del deporte tales como F\\u00e9lix Gonz\\u00e1lez, campe\\u00f3n de Catalu\\u00f1a BTT, o el equipo de competici\\u00f3n Xtrem Bike de Vic, Barcelona, as\\u00ed como numerosos clubes ciclistas de toda Espa\\u00f1a como:\",\"inLanguage\":\"es-ES\",\"isPartOf\":{\"@id\":\"https:\\\/\\\/www.eldigitaldeasturias.com\\\/noticias\\\/#website\"},\"breadcrumb\":{\"@id\":\"https:\\\/\\\/www.eldigitaldeasturias.com\\\/noticias\\\/nace-fullbyc-la-marca-que-viste-a-los-ciclistas\\\/#breadcrumblist\"},\"author\":{\"@id\":\"https:\\\/\\\/www.eldigitaldeasturias.com\\\/noticias\\\/author\\\/admin\\\/#author\"},\"creator\":{\"@id\":\"https:\\\/\\\/www.eldigitaldeasturias.com\\\/noticias\\\/author\\\/admin\\\/#author\"},\"image\":{\"@type\":\"ImageObject\",\"url\":\"https:\\\/\\\/www.eldigitaldeasturias.com\\\/noticias\\\/wp-content\\\/uploads\\\/2016\\\/09\\\/1473846079_fullbyc_2.jpg\",\"@id\":\"https:\\\/\\\/www.eldigitaldeasturias.com\\\/noticias\\\/nace-fullbyc-la-marca-que-viste-a-los-ciclistas\\\/#mainImage\",\"width\":1238,\"height\":631},\"primaryImageOfPage\":{\"@id\":\"https:\\\/\\\/www.eldigitaldeasturias.com\\\/noticias\\\/nace-fullbyc-la-marca-que-viste-a-los-ciclistas\\\/#mainImage\"},\"datePublished\":\"2016-09-17T23:12:44+02:00\",\"dateModified\":\"2016-09-17T23:12:44+02:00\"},{\"@type\":\"WebSite\",\"@id\":\"https:\\\/\\\/www.eldigitaldeasturias.com\\\/noticias\\\/#website\",\"url\":\"https:\\\/\\\/www.eldigitaldeasturias.com\\\/noticias\\\/\",\"name\":\"El Digital de Asturias - Diario de actualidad y noticias\",\"alternateName\":\"El Digital de Asturias - Diario de actualidad y noticias\",\"description\":\"Hemeroteca\",\"inLanguage\":\"es-ES\",\"publisher\":{\"@id\":\"https:\\\/\\\/www.eldigitaldeasturias.com\\\/noticias\\\/#organization\"}}]}\n\t\t<\/script>\n\t\t<!-- All in One SEO Pro -->\r\n\t\t<title>Nace Fullbyc, la marca que viste a los ciclistas - El Digital de Asturias<\/title>\n\n","aioseo_head_json":{"title":"Nace Fullbyc, la marca que viste a los ciclistas - El Digital de Asturias","description":"Fullbyc, especializada en la fabricaci\u00f3n y el dise\u00f1o de ropa personalizada para ciclistas, ha sido fundada por deportistas, para deportistas, y ya ha vestido a personalidades del deporte tales como F\u00e9lix Gonz\u00e1lez, campe\u00f3n de Catalu\u00f1a BTT, o el equipo de competici\u00f3n Xtrem Bike de Vic, Barcelona, as\u00ed como numerosos clubes ciclistas de toda Espa\u00f1a como:","canonical_url":"https:\/\/www.eldigitaldeasturias.com\/noticias\/nace-fullbyc-la-marca-que-viste-a-los-ciclistas\/","robots":"max-image-preview:large","keywords":"actualidad","webmasterTools":{"google-site-verification":"UA-38556648-1","msvalidate.01":"7dfe9f3f1b24437ab69f4f2559babe99","miscellaneous":""},"schema":{"@context":"https:\/\/schema.org","@graph":[{"@type":"BlogPosting","@id":"https:\/\/www.eldigitaldeasturias.com\/noticias\/nace-fullbyc-la-marca-que-viste-a-los-ciclistas\/#blogposting","name":"Nace Fullbyc, la marca que viste a los ciclistas - El Digital de Asturias","headline":"Nace Fullbyc, la marca que viste a los ciclistas","author":{"@id":"https:\/\/www.eldigitaldeasturias.com\/noticias\/author\/admin\/#author"},"publisher":{"@id":"https:\/\/www.eldigitaldeasturias.com\/noticias\/#organization"},"image":{"@type":"ImageObject","url":"https:\/\/www.eldigitaldeasturias.com\/noticias\/wp-content\/uploads\/2016\/09\/1473846079_fullbyc_2.jpg","width":1238,"height":631},"datePublished":"2016-09-17T23:12:44+02:00","dateModified":"2016-09-17T23:12:44+02:00","inLanguage":"es-ES","mainEntityOfPage":{"@id":"https:\/\/www.eldigitaldeasturias.com\/noticias\/nace-fullbyc-la-marca-que-viste-a-los-ciclistas\/#webpage"},"isPartOf":{"@id":"https:\/\/www.eldigitaldeasturias.com\/noticias\/nace-fullbyc-la-marca-que-viste-a-los-ciclistas\/#webpage"},"articleSection":"Actualidad"},{"@type":"BreadcrumbList","@id":"https:\/\/www.eldigitaldeasturias.com\/noticias\/nace-fullbyc-la-marca-que-viste-a-los-ciclistas\/#breadcrumblist","itemListElement":[{"@type":"ListItem","@id":"https:\/\/www.eldigitaldeasturias.com\/noticias#listItem","position":1,"name":"Home","item":"https:\/\/www.eldigitaldeasturias.com\/noticias","nextItem":{"@type":"ListItem","@id":"https:\/\/www.eldigitaldeasturias.com\/noticias\/category\/actualidad\/#listItem","name":"Actualidad"}},{"@type":"ListItem","@id":"https:\/\/www.eldigitaldeasturias.com\/noticias\/category\/actualidad\/#listItem","position":2,"name":"Actualidad","item":"https:\/\/www.eldigitaldeasturias.com\/noticias\/category\/actualidad\/","nextItem":{"@type":"ListItem","@id":"https:\/\/www.eldigitaldeasturias.com\/noticias\/nace-fullbyc-la-marca-que-viste-a-los-ciclistas\/#listItem","name":"Nace Fullbyc, la marca que viste a los ciclistas"},"previousItem":{"@type":"ListItem","@id":"https:\/\/www.eldigitaldeasturias.com\/noticias#listItem","name":"Home"}},{"@type":"ListItem","@id":"https:\/\/www.eldigitaldeasturias.com\/noticias\/nace-fullbyc-la-marca-que-viste-a-los-ciclistas\/#listItem","position":3,"name":"Nace Fullbyc, la marca que viste a los ciclistas","previousItem":{"@type":"ListItem","@id":"https:\/\/www.eldigitaldeasturias.com\/noticias\/category\/actualidad\/#listItem","name":"Actualidad"}}]},{"@type":"Organization","@id":"https:\/\/www.eldigitaldeasturias.com\/noticias\/#organization","name":"El Digital de Asturias","description":"Hemeroteca","url":"https:\/\/www.eldigitaldeasturias.com\/noticias\/","email":"info@eldigitaldeasturias.com","telephone":"+34652131393","logo":{"@type":"ImageObject","url":"https:\/\/www.eldigitaldeasturias.com\/noticias\/wp-content\/uploads\/2020\/12\/EDA.jpg","@id":"https:\/\/www.eldigitaldeasturias.com\/noticias\/nace-fullbyc-la-marca-que-viste-a-los-ciclistas\/#organizationLogo","width":649,"height":297},"image":{"@id":"https:\/\/www.eldigitaldeasturias.com\/noticias\/nace-fullbyc-la-marca-que-viste-a-los-ciclistas\/#organizationLogo"},"sameAs":["https:\/\/facebook.com\/eldigitaldeasturias","https:\/\/www.youtube.com\/channel\/UCZP-2wLEB9Rv6erhFmqVnvg"],"address":{"@id":"https:\/\/www.eldigitaldeasturias.com\/noticias\/#postaladdress","@type":"PostalAddress","streetAddress":"san antonio 4,","postalCode":"33430","addressLocality":"Cand\u00e1s","addressRegion":"Asturias","addressCountry":"ES"}},{"@type":"Person","@id":"https:\/\/www.eldigitaldeasturias.com\/noticias\/author\/admin\/#author","url":"https:\/\/www.eldigitaldeasturias.com\/noticias\/author\/admin\/","name":"El Digital de Asturias","image":{"@type":"ImageObject","@id":"https:\/\/www.eldigitaldeasturias.com\/noticias\/nace-fullbyc-la-marca-que-viste-a-los-ciclistas\/#authorImage","url":"https:\/\/www.eldigitaldeasturias.com\/noticias\/wp-content\/litespeed\/avatar\/18677e78aa0546b92d9dbf31ec7d7668.jpg?ver=1777290358","width":96,"height":96,"caption":"El Digital de Asturias"}},{"@type":"WebPage","@id":"https:\/\/www.eldigitaldeasturias.com\/noticias\/nace-fullbyc-la-marca-que-viste-a-los-ciclistas\/#webpage","url":"https:\/\/www.eldigitaldeasturias.com\/noticias\/nace-fullbyc-la-marca-que-viste-a-los-ciclistas\/","name":"Nace Fullbyc, la marca que viste a los ciclistas - El Digital de Asturias","description":"Fullbyc, especializada en la fabricaci\u00f3n y el dise\u00f1o de ropa personalizada para ciclistas, ha sido fundada por deportistas, para deportistas, y ya ha vestido a personalidades del deporte tales como F\u00e9lix Gonz\u00e1lez, campe\u00f3n de Catalu\u00f1a BTT, o el equipo de competici\u00f3n Xtrem Bike de Vic, Barcelona, as\u00ed como numerosos clubes ciclistas de toda Espa\u00f1a como:","inLanguage":"es-ES","isPartOf":{"@id":"https:\/\/www.eldigitaldeasturias.com\/noticias\/#website"},"breadcrumb":{"@id":"https:\/\/www.eldigitaldeasturias.com\/noticias\/nace-fullbyc-la-marca-que-viste-a-los-ciclistas\/#breadcrumblist"},"author":{"@id":"https:\/\/www.eldigitaldeasturias.com\/noticias\/author\/admin\/#author"},"creator":{"@id":"https:\/\/www.eldigitaldeasturias.com\/noticias\/author\/admin\/#author"},"image":{"@type":"ImageObject","url":"https:\/\/www.eldigitaldeasturias.com\/noticias\/wp-content\/uploads\/2016\/09\/1473846079_fullbyc_2.jpg","@id":"https:\/\/www.eldigitaldeasturias.com\/noticias\/nace-fullbyc-la-marca-que-viste-a-los-ciclistas\/#mainImage","width":1238,"height":631},"primaryImageOfPage":{"@id":"https:\/\/www.eldigitaldeasturias.com\/noticias\/nace-fullbyc-la-marca-que-viste-a-los-ciclistas\/#mainImage"},"datePublished":"2016-09-17T23:12:44+02:00","dateModified":"2016-09-17T23:12:44+02:00"},{"@type":"WebSite","@id":"https:\/\/www.eldigitaldeasturias.com\/noticias\/#website","url":"https:\/\/www.eldigitaldeasturias.com\/noticias\/","name":"El Digital de Asturias - Diario de actualidad y noticias","alternateName":"El Digital de Asturias - Diario de actualidad y noticias","description":"Hemeroteca","inLanguage":"es-ES","publisher":{"@id":"https:\/\/www.eldigitaldeasturias.com\/noticias\/#organization"}}]},"og:locale":"es_ES","og:site_name":"El Digital de Asturias","og:type":"article","og:title":"Nace Fullbyc, la marca que viste a los ciclistas - El Digital de Asturias","og:description":"Fullbyc, especializada en la fabricaci\u00f3n y el dise\u00f1o de ropa personalizada para ciclistas, ha sido fundada por deportistas, para deportistas, y ya ha vestido a personalidades del deporte tales como F\u00e9lix Gonz\u00e1lez, campe\u00f3n de Catalu\u00f1a BTT, o el equipo de competici\u00f3n Xtrem Bike de Vic, Barcelona, as\u00ed como numerosos clubes ciclistas de toda Espa\u00f1a como:","og:url":"https:\/\/www.eldigitaldeasturias.com\/noticias\/nace-fullbyc-la-marca-que-viste-a-los-ciclistas\/","og:image":"https:\/\/www.eldigitaldeasturias.com\/noticias\/wp-content\/uploads\/2016\/09\/1473846079_fullbyc_2.jpg","og:image:secure_url":"https:\/\/www.eldigitaldeasturias.com\/noticias\/wp-content\/uploads\/2016\/09\/1473846079_fullbyc_2.jpg","og:image:width":1238,"og:image:height":631,"article:tag":["actualidad"],"article:published_time":"2016-09-17T22:12:44+00:00","article:modified_time":"2016-09-17T22:12:44+00:00","article:publisher":"https:\/\/facebook.com\/eldigitaldeasturias","twitter:card":"summary_large_image","twitter:title":"Nace Fullbyc, la marca que viste a los ciclistas - El Digital de Asturias","twitter:description":"Fullbyc, especializada en la fabricaci\u00f3n y el dise\u00f1o de ropa personalizada para ciclistas, ha sido fundada por deportistas, para deportistas, y ya ha vestido a personalidades del deporte tales como F\u00e9lix Gonz\u00e1lez, campe\u00f3n de Catalu\u00f1a BTT, o el equipo de competici\u00f3n Xtrem Bike de Vic, Barcelona, as\u00ed como numerosos clubes ciclistas de toda Espa\u00f1a como:","twitter:image":"https:\/\/www.eldigitaldeasturias.com\/noticias\/wp-content\/uploads\/2016\/09\/1473846079_fullbyc_2.jpg","twitter:label1":"Escrito por","twitter:data1":"El Digital de Asturias","twitter:label2":"Tiempo de lectura estimado","twitter:data2":"2 minutos"},"aioseo_meta_data":{"post_id":"908285","title":null,"description":null,"keywords":null,"keyphrases":null,"primary_term":null,"canonical_url":null,"og_title":null,"og_description":null,"og_object_type":"default","og_image_type":"default","og_image_url":null,"og_image_width":null,"og_image_height":null,"og_image_custom_url":null,"og_image_custom_fields":null,"og_video":null,"og_custom_url":null,"og_article_section":null,"og_article_tags":null,"twitter_use_og":false,"twitter_card":"default","twitter_image_type":"default","twitter_image_url":null,"twitter_image_custom_url":null,"twitter_image_custom_fields":null,"twitter_title":null,"twitter_description":null,"schema":{"blockGraphs":[],"customGraphs":[],"default":{"data":{"Article":[],"Course":[],"Dataset":[],"FAQPage":[],"Movie":[],"Person":[],"Product":[],"ProductReview":[],"Car":[],"Recipe":[],"Service":[],"SoftwareApplication":[],"WebPage":[]},"graphName":"","isEnabled":true},"graphs":[],"defaultGraph":"","defaultPostTypeGraph":""},"schema_type":null,"schema_type_options":null,"pillar_content":false,"robots_default":true,"robots_noindex":false,"robots_noarchive":false,"robots_nosnippet":false,"robots_nofollow":false,"robots_noimageindex":false,"robots_noodp":false,"robots_notranslate":false,"robots_max_snippet":null,"robots_max_videopreview":null,"robots_max_imagepreview":"large","priority":null,"frequency":null,"local_seo":null,"seo_analyzer_scan_date":"2025-11-30 15:35:21","breadcrumb_settings":null,"limit_modified_date":false,"open_ai":null,"ai":null,"created":"2020-12-21 14:00:16","updated":"2025-11-30 15:35:21"},"aioseo_breadcrumb":"<div class=\"aioseo-breadcrumbs\"><span class=\"aioseo-breadcrumb\">\n\t<a href=\"https:\/\/www.eldigitaldeasturias.com\/noticias\" title=\"Home\">Home<\/a>\n<\/span><span class=\"aioseo-breadcrumb-separator\">\u2013<\/span><span class=\"aioseo-breadcrumb\">\n\t<a href=\"https:\/\/www.eldigitaldeasturias.com\/noticias\/category\/actualidad\/\" title=\"Actualidad\">Actualidad<\/a>\n<\/span><span class=\"aioseo-breadcrumb-separator\">\u2013<\/span><span class=\"aioseo-breadcrumb\">\n\t<a href=\"https:\/\/www.eldigitaldeasturias.com\/noticias\/nace-fullbyc-la-marca-que-viste-a-los-ciclistas\/\" title=\"Nace Fullbyc, la marca que viste a los ciclistas\">Nace Fullbyc, la marca que viste a los ciclistas<\/a>\n<\/span><\/div>","aioseo_breadcrumb_json":[{"label":"Home","link":"https:\/\/www.eldigitaldeasturias.com\/noticias"},{"label":"Actualidad","link":"https:\/\/www.eldigitaldeasturias.com\/noticias\/category\/actualidad\/"},{"label":"Nace Fullbyc, la marca que viste a los ciclistas","link":"https:\/\/www.eldigitaldeasturias.com\/noticias\/nace-fullbyc-la-marca-que-viste-a-los-ciclistas\/"}],"_links":{"self":[{"href":"https:\/\/www.eldigitaldeasturias.com\/noticias\/wp-json\/wp\/v2\/posts\/908285","targetHints":{"allow":["GET"]}}],"collection":[{"href":"https:\/\/www.eldigitaldeasturias.com\/noticias\/wp-json\/wp\/v2\/posts"}],"about":[{"href":"https:\/\/www.eldigitaldeasturias.com\/noticias\/wp-json\/wp\/v2\/types\/post"}],"author":[{"embeddable":true,"href":"https:\/\/www.eldigitaldeasturias.com\/noticias\/wp-json\/wp\/v2\/users\/1"}],"replies":[{"embeddable":true,"href":"https:\/\/www.eldigitaldeasturias.com\/noticias\/wp-json\/wp\/v2\/comments?post=908285"}],"version-history":[{"count":0,"href":"https:\/\/www.eldigitaldeasturias.com\/noticias\/wp-json\/wp\/v2\/posts\/908285\/revisions"}],"wp:featuredmedia":[{"embeddable":true,"href":"https:\/\/www.eldigitaldeasturias.com\/noticias\/wp-json\/wp\/v2\/media\/908286"}],"wp:attachment":[{"href":"https:\/\/www.eldigitaldeasturias.com\/noticias\/wp-json\/wp\/v2\/media?parent=908285"}],"wp:term":[{"taxonomy":"category","embeddable":true,"href":"https:\/\/www.eldigitaldeasturias.com\/noticias\/wp-json\/wp\/v2\/categories?post=908285"},{"taxonomy":"post_tag","embeddable":true,"href":"https:\/\/www.eldigitaldeasturias.com\/noticias\/wp-json\/wp\/v2\/tags?post=908285"}],"curies":[{"name":"wp","href":"https:\/\/api.w.org\/{rel}","templated":true}]}}