{"id":908279,"date":"2016-09-17T23:06:27","date_gmt":"2016-09-17T22:06:27","guid":{"rendered":"http:\/\/www.eldigitaldeasturias.com\/noticias\/?p=908279"},"modified":"2016-09-17T23:06:27","modified_gmt":"2016-09-17T22:06:27","slug":"los-vestidos-seguiran-marcando-tendencia-este-otono-2016","status":"publish","type":"post","link":"https:\/\/www.eldigitaldeasturias.com\/noticias\/los-vestidos-seguiran-marcando-tendencia-este-otono-2016\/","title":{"rendered":"Los vestidos seguir\u00e1n marcando tendencia este oto\u00f1o 2016"},"content":{"rendered":"<p><img loading=\"lazy\" decoding=\"async\" class=\"alignleft size-medium wp-image-908280\" src=\"https:\/\/www.eldigitaldeasturias.com\/noticias\/wp-content\/uploads\/2016\/09\/1474010677_Vestidos-360x206.jpg\" alt=\"1474010677_Vestidos\" width=\"360\" height=\"206\" srcset=\"https:\/\/www.eldigitaldeasturias.com\/noticias\/wp-content\/uploads\/2016\/09\/1474010677_Vestidos-360x206.jpg 360w, https:\/\/www.eldigitaldeasturias.com\/noticias\/wp-content\/uploads\/2016\/09\/1474010677_Vestidos-768x439.jpg 768w, https:\/\/www.eldigitaldeasturias.com\/noticias\/wp-content\/uploads\/2016\/09\/1474010677_Vestidos-650x372.jpg 650w, https:\/\/www.eldigitaldeasturias.com\/noticias\/wp-content\/uploads\/2016\/09\/1474010677_Vestidos.jpg 1019w\" sizes=\"auto, (max-width: 360px) 100vw, 360px\" \/>\u00bfTe gustan los vestidos? \u00a1Pues est\u00e1s de suerte! Est\u00e1 temporada los vestidos son el rey de todas las colecciones. Los encontrar\u00e1s con flecos, con piel, con ante, en colores tierra, en colores llamativos, marcando cintura, cortos, largos, para salir\u2026<\/p>\n<p>Prieto BCN ha llenado su colecci\u00f3n con vestidos que siguen todas las tendencias del momento para que vayas a la \u00faltima. Elige el tuyo, \u00a1seguro que encuentras uno perfecto para ti.<\/p>\n<p><strong>Sobre Pieles Prieto<\/strong><\/p>\n<p>Prieto BCN es una empresa familiar de Barcelona con m\u00e1s de 40 a\u00f1os de tradici\u00f3n en el mundo de la alta peleter\u00eda y la confecci\u00f3n de art\u00edculos de piel. Su experiencia en el sector junto con unas instalaciones equipadas con los mejores medios t\u00e9cnicos y profesionales, combinan un sistema de fabricaci\u00f3n totalmente artesanal con el dise\u00f1o m\u00e1s personalizado e innovador.<\/p>\n<p>En Prieto BCN son expertos en proporcionar las soluciones y alternativas m\u00e1s adecuadas para el cuidado y mantenimiento de sus prendas de piel. En su taller, peleteros artesanos de reconocido prestigio trabajan para realizar con las m\u00e1ximas garant\u00edas los servicios de transformaci\u00f3n, reparaci\u00f3n y confecci\u00f3n a medida.<\/p>\n<p>Disponen de una amplia gama de colores y de un gran surtido de tipos de piel, lo que les permite adaptarse a un sinf\u00edn de tendencias y estilos para dar respuesta a las m\u00e1s diversas exigencias y demandas.<\/p>\n<blockquote><p><strong><em>Toda una vida dedicada a la peleter\u00eda hace de mi profesi\u00f3n mi aut\u00e9ntica pasi\u00f3n &#8211;\u00a0<\/em><\/strong><strong><em> Nicol\u00e1s Prieto<\/em><\/strong><\/p><\/blockquote>\n<p>Artesano de oficio y de coraz\u00f3n, Nicol\u00e1s Prieto intenta trasmitir a todas sus obras el sentido \u00fanico y exclusivo de la elegancia y el dise\u00f1o de la alta peleter\u00eda. Compromiso y dedicaci\u00f3n han sido valores constantes a lo largo de su dilatada trayectoria profesional, plasm\u00e1ndose el car\u00e1cter de esta vocaci\u00f3n en piezas \u00fanicas de contrastable elegancia y calidad.<\/p>\n<p>Su experiencia y formaci\u00f3n le permiten dar respuesta a las m\u00e1s diversas exigencias y demandas, haciendo de la creatividad y el dise\u00f1o sus se\u00f1as de identidad y transmitiendo toda la emoci\u00f3n de la peleter\u00eda a trav\u00e9s de la expresividad y el temperamento de sus creaciones.<\/p>\n<p>Situado en el coraz\u00f3n de Barcelona, todas las colecciones de Nicol\u00e1s Prieto est\u00e1n avaladas por la experiencia y la profesionalidad de una trayectoria de reconocido prestigio, que garantiza que el producto final sea sin\u00f3nimo de elegancia, calidad y compromiso.<\/p>\n<p>El showroom y el taller cuentan con m\u00e1s de 1500 metros cuadrados de superficie, ofrecen la posibilidad de combinar un sistema de fabricaci\u00f3n totalmente artesanal con el dise\u00f1o m\u00e1s personalizado e innovador.<\/p>\n<p>FUENTE COMUNICAE<\/p>\n<p>&nbsp;<\/p>\n<p>&nbsp;<\/p>\n","protected":false},"excerpt":{"rendered":"<p>\u00bfTe gustan los vestidos? \u00a1Pues est\u00e1s de suerte! Est\u00e1 temporada los vestidos son el rey de todas las colecciones. Los encontrar\u00e1s con flecos, con piel, con ante, en colores tierra, en colores llamativos, marcando cintura, cortos, largos, para salir\u2026 Prieto BCN ha llenado su colecci\u00f3n con vestidos que siguen todas las tendencias del momento para [&hellip;]<\/p>\n","protected":false},"author":1,"featured_media":908280,"comment_status":"closed","ping_status":"closed","sticky":false,"template":"","format":"standard","meta":{"footnotes":""},"categories":[50],"tags":[],"class_list":["post-908279","post","type-post","status-publish","format-standard","has-post-thumbnail","hentry","category-revista-de-ocio"],"aioseo_notices":[],"aioseo_head":"\n\t\t<!-- All in One SEO Pro 4.9.6.2 - aioseo.com -->\n\t<meta name=\"description\" content=\"\u00bfTe gustan los vestidos? \u00a1Pues est\u00e1s de suerte! Est\u00e1 temporada los vestidos son el rey de todas las colecciones. Los encontrar\u00e1s con flecos, con piel, con ante, en colores tierra, en colores llamativos, marcando cintura, cortos, largos, para salir\u2026 Prieto BCN ha llenado su colecci\u00f3n con vestidos que siguen todas las tendencias del momento para\" \/>\n\t<meta name=\"robots\" content=\"max-image-preview:large\" \/>\n\t<meta name=\"author\" content=\"El Digital de Asturias\"\/>\n\t<meta name=\"google-site-verification\" content=\"UA-38556648-1\" \/>\n\t<meta name=\"msvalidate.01\" content=\"7dfe9f3f1b24437ab69f4f2559babe99\" \/>\n\t<meta name=\"keywords\" content=\"revista de ocio\" \/>\n\t<link rel=\"canonical\" href=\"https:\/\/www.eldigitaldeasturias.com\/noticias\/los-vestidos-seguiran-marcando-tendencia-este-otono-2016\/\" \/>\n\t<meta name=\"generator\" content=\"All in One SEO Pro (AIOSEO) 4.9.6.2\" \/>\n\t\t<meta property=\"og:locale\" content=\"es_ES\" \/>\n\t\t<meta property=\"og:site_name\" content=\"El Digital de Asturias\" \/>\n\t\t<meta property=\"og:type\" content=\"article\" \/>\n\t\t<meta property=\"og:title\" content=\"Los vestidos seguir\u00e1n marcando tendencia este oto\u00f1o 2016 - El Digital de Asturias\" \/>\n\t\t<meta property=\"og:description\" content=\"\u00bfTe gustan los vestidos? \u00a1Pues est\u00e1s de suerte! Est\u00e1 temporada los vestidos son el rey de todas las colecciones. Los encontrar\u00e1s con flecos, con piel, con ante, en colores tierra, en colores llamativos, marcando cintura, cortos, largos, para salir\u2026 Prieto BCN ha llenado su colecci\u00f3n con vestidos que siguen todas las tendencias del momento para\" \/>\n\t\t<meta property=\"og:url\" content=\"https:\/\/www.eldigitaldeasturias.com\/noticias\/los-vestidos-seguiran-marcando-tendencia-este-otono-2016\/\" \/>\n\t\t<meta property=\"og:image\" content=\"https:\/\/www.eldigitaldeasturias.com\/noticias\/wp-content\/uploads\/2016\/09\/1474010677_Vestidos.jpg\" \/>\n\t\t<meta property=\"og:image:secure_url\" content=\"https:\/\/www.eldigitaldeasturias.com\/noticias\/wp-content\/uploads\/2016\/09\/1474010677_Vestidos.jpg\" \/>\n\t\t<meta property=\"og:image:width\" content=\"1019\" \/>\n\t\t<meta property=\"og:image:height\" content=\"583\" \/>\n\t\t<meta property=\"article:tag\" content=\"revista de ocio\" \/>\n\t\t<meta property=\"article:published_time\" content=\"2016-09-17T22:06:27+00:00\" \/>\n\t\t<meta property=\"article:modified_time\" content=\"2016-09-17T22:06:27+00:00\" \/>\n\t\t<meta property=\"article:publisher\" content=\"https:\/\/facebook.com\/eldigitaldeasturias\" \/>\n\t\t<meta name=\"twitter:card\" content=\"summary_large_image\" \/>\n\t\t<meta name=\"twitter:title\" content=\"Los vestidos seguir\u00e1n marcando tendencia este oto\u00f1o 2016 - El Digital de Asturias\" \/>\n\t\t<meta name=\"twitter:description\" content=\"\u00bfTe gustan los vestidos? \u00a1Pues est\u00e1s de suerte! Est\u00e1 temporada los vestidos son el rey de todas las colecciones. Los encontrar\u00e1s con flecos, con piel, con ante, en colores tierra, en colores llamativos, marcando cintura, cortos, largos, para salir\u2026 Prieto BCN ha llenado su colecci\u00f3n con vestidos que siguen todas las tendencias del momento para\" \/>\n\t\t<meta name=\"twitter:image\" content=\"https:\/\/www.eldigitaldeasturias.com\/noticias\/wp-content\/uploads\/2016\/09\/1474010677_Vestidos.jpg\" \/>\n\t\t<meta name=\"twitter:label1\" content=\"Escrito por\" \/>\n\t\t<meta name=\"twitter:data1\" content=\"El Digital de Asturias\" \/>\n\t\t<meta name=\"twitter:label2\" content=\"Tiempo de lectura estimado\" \/>\n\t\t<meta name=\"twitter:data2\" content=\"2 minutos\" \/>\n\t\t<script type=\"application\/ld+json\" class=\"aioseo-schema\">\n\t\t\t{\"@context\":\"https:\\\/\\\/schema.org\",\"@graph\":[{\"@type\":\"BlogPosting\",\"@id\":\"https:\\\/\\\/www.eldigitaldeasturias.com\\\/noticias\\\/los-vestidos-seguiran-marcando-tendencia-este-otono-2016\\\/#blogposting\",\"name\":\"Los vestidos seguir\\u00e1n marcando tendencia este oto\\u00f1o 2016 - El Digital de Asturias\",\"headline\":\"Los vestidos seguir\\u00e1n marcando tendencia este oto\\u00f1o 2016\",\"author\":{\"@id\":\"https:\\\/\\\/www.eldigitaldeasturias.com\\\/noticias\\\/author\\\/admin\\\/#author\"},\"publisher\":{\"@id\":\"https:\\\/\\\/www.eldigitaldeasturias.com\\\/noticias\\\/#organization\"},\"image\":{\"@type\":\"ImageObject\",\"url\":\"https:\\\/\\\/www.eldigitaldeasturias.com\\\/noticias\\\/wp-content\\\/uploads\\\/2016\\\/09\\\/1474010677_Vestidos.jpg\",\"width\":1019,\"height\":583},\"datePublished\":\"2016-09-17T23:06:27+02:00\",\"dateModified\":\"2016-09-17T23:06:27+02:00\",\"inLanguage\":\"es-ES\",\"mainEntityOfPage\":{\"@id\":\"https:\\\/\\\/www.eldigitaldeasturias.com\\\/noticias\\\/los-vestidos-seguiran-marcando-tendencia-este-otono-2016\\\/#webpage\"},\"isPartOf\":{\"@id\":\"https:\\\/\\\/www.eldigitaldeasturias.com\\\/noticias\\\/los-vestidos-seguiran-marcando-tendencia-este-otono-2016\\\/#webpage\"},\"articleSection\":\"Revista de Ocio\"},{\"@type\":\"BreadcrumbList\",\"@id\":\"https:\\\/\\\/www.eldigitaldeasturias.com\\\/noticias\\\/los-vestidos-seguiran-marcando-tendencia-este-otono-2016\\\/#breadcrumblist\",\"itemListElement\":[{\"@type\":\"ListItem\",\"@id\":\"https:\\\/\\\/www.eldigitaldeasturias.com\\\/noticias#listItem\",\"position\":1,\"name\":\"Home\",\"item\":\"https:\\\/\\\/www.eldigitaldeasturias.com\\\/noticias\",\"nextItem\":{\"@type\":\"ListItem\",\"@id\":\"https:\\\/\\\/www.eldigitaldeasturias.com\\\/noticias\\\/category\\\/revista-de-ocio\\\/#listItem\",\"name\":\"Revista de Ocio\"}},{\"@type\":\"ListItem\",\"@id\":\"https:\\\/\\\/www.eldigitaldeasturias.com\\\/noticias\\\/category\\\/revista-de-ocio\\\/#listItem\",\"position\":2,\"name\":\"Revista de Ocio\",\"item\":\"https:\\\/\\\/www.eldigitaldeasturias.com\\\/noticias\\\/category\\\/revista-de-ocio\\\/\",\"nextItem\":{\"@type\":\"ListItem\",\"@id\":\"https:\\\/\\\/www.eldigitaldeasturias.com\\\/noticias\\\/los-vestidos-seguiran-marcando-tendencia-este-otono-2016\\\/#listItem\",\"name\":\"Los vestidos seguir\\u00e1n marcando tendencia este oto\\u00f1o 2016\"},\"previousItem\":{\"@type\":\"ListItem\",\"@id\":\"https:\\\/\\\/www.eldigitaldeasturias.com\\\/noticias#listItem\",\"name\":\"Home\"}},{\"@type\":\"ListItem\",\"@id\":\"https:\\\/\\\/www.eldigitaldeasturias.com\\\/noticias\\\/los-vestidos-seguiran-marcando-tendencia-este-otono-2016\\\/#listItem\",\"position\":3,\"name\":\"Los vestidos seguir\\u00e1n marcando tendencia este oto\\u00f1o 2016\",\"previousItem\":{\"@type\":\"ListItem\",\"@id\":\"https:\\\/\\\/www.eldigitaldeasturias.com\\\/noticias\\\/category\\\/revista-de-ocio\\\/#listItem\",\"name\":\"Revista de Ocio\"}}]},{\"@type\":\"Organization\",\"@id\":\"https:\\\/\\\/www.eldigitaldeasturias.com\\\/noticias\\\/#organization\",\"name\":\"El Digital de Asturias\",\"description\":\"Hemeroteca\",\"url\":\"https:\\\/\\\/www.eldigitaldeasturias.com\\\/noticias\\\/\",\"email\":\"info@eldigitaldeasturias.com\",\"telephone\":\"+34652131393\",\"logo\":{\"@type\":\"ImageObject\",\"url\":\"https:\\\/\\\/www.eldigitaldeasturias.com\\\/noticias\\\/wp-content\\\/uploads\\\/2020\\\/12\\\/EDA.jpg\",\"@id\":\"https:\\\/\\\/www.eldigitaldeasturias.com\\\/noticias\\\/los-vestidos-seguiran-marcando-tendencia-este-otono-2016\\\/#organizationLogo\",\"width\":649,\"height\":297},\"image\":{\"@id\":\"https:\\\/\\\/www.eldigitaldeasturias.com\\\/noticias\\\/los-vestidos-seguiran-marcando-tendencia-este-otono-2016\\\/#organizationLogo\"},\"sameAs\":[\"https:\\\/\\\/facebook.com\\\/eldigitaldeasturias\",\"https:\\\/\\\/www.youtube.com\\\/channel\\\/UCZP-2wLEB9Rv6erhFmqVnvg\"],\"address\":{\"@id\":\"https:\\\/\\\/www.eldigitaldeasturias.com\\\/noticias\\\/#postaladdress\",\"@type\":\"PostalAddress\",\"streetAddress\":\"san antonio 4,\",\"postalCode\":\"33430\",\"addressLocality\":\"Cand\\u00e1s\",\"addressRegion\":\"Asturias\",\"addressCountry\":\"ES\"}},{\"@type\":\"Person\",\"@id\":\"https:\\\/\\\/www.eldigitaldeasturias.com\\\/noticias\\\/author\\\/admin\\\/#author\",\"url\":\"https:\\\/\\\/www.eldigitaldeasturias.com\\\/noticias\\\/author\\\/admin\\\/\",\"name\":\"El Digital de Asturias\",\"image\":{\"@type\":\"ImageObject\",\"@id\":\"https:\\\/\\\/www.eldigitaldeasturias.com\\\/noticias\\\/los-vestidos-seguiran-marcando-tendencia-este-otono-2016\\\/#authorImage\",\"url\":\"https:\\\/\\\/www.eldigitaldeasturias.com\\\/noticias\\\/wp-content\\\/litespeed\\\/avatar\\\/18677e78aa0546b92d9dbf31ec7d7668.jpg?ver=1777290358\",\"width\":96,\"height\":96,\"caption\":\"El Digital de Asturias\"}},{\"@type\":\"WebPage\",\"@id\":\"https:\\\/\\\/www.eldigitaldeasturias.com\\\/noticias\\\/los-vestidos-seguiran-marcando-tendencia-este-otono-2016\\\/#webpage\",\"url\":\"https:\\\/\\\/www.eldigitaldeasturias.com\\\/noticias\\\/los-vestidos-seguiran-marcando-tendencia-este-otono-2016\\\/\",\"name\":\"Los vestidos seguir\\u00e1n marcando tendencia este oto\\u00f1o 2016 - El Digital de Asturias\",\"description\":\"\\u00bfTe gustan los vestidos? \\u00a1Pues est\\u00e1s de suerte! Est\\u00e1 temporada los vestidos son el rey de todas las colecciones. Los encontrar\\u00e1s con flecos, con piel, con ante, en colores tierra, en colores llamativos, marcando cintura, cortos, largos, para salir\\u2026 Prieto BCN ha llenado su colecci\\u00f3n con vestidos que siguen todas las tendencias del momento para\",\"inLanguage\":\"es-ES\",\"isPartOf\":{\"@id\":\"https:\\\/\\\/www.eldigitaldeasturias.com\\\/noticias\\\/#website\"},\"breadcrumb\":{\"@id\":\"https:\\\/\\\/www.eldigitaldeasturias.com\\\/noticias\\\/los-vestidos-seguiran-marcando-tendencia-este-otono-2016\\\/#breadcrumblist\"},\"author\":{\"@id\":\"https:\\\/\\\/www.eldigitaldeasturias.com\\\/noticias\\\/author\\\/admin\\\/#author\"},\"creator\":{\"@id\":\"https:\\\/\\\/www.eldigitaldeasturias.com\\\/noticias\\\/author\\\/admin\\\/#author\"},\"image\":{\"@type\":\"ImageObject\",\"url\":\"https:\\\/\\\/www.eldigitaldeasturias.com\\\/noticias\\\/wp-content\\\/uploads\\\/2016\\\/09\\\/1474010677_Vestidos.jpg\",\"@id\":\"https:\\\/\\\/www.eldigitaldeasturias.com\\\/noticias\\\/los-vestidos-seguiran-marcando-tendencia-este-otono-2016\\\/#mainImage\",\"width\":1019,\"height\":583},\"primaryImageOfPage\":{\"@id\":\"https:\\\/\\\/www.eldigitaldeasturias.com\\\/noticias\\\/los-vestidos-seguiran-marcando-tendencia-este-otono-2016\\\/#mainImage\"},\"datePublished\":\"2016-09-17T23:06:27+02:00\",\"dateModified\":\"2016-09-17T23:06:27+02:00\"},{\"@type\":\"WebSite\",\"@id\":\"https:\\\/\\\/www.eldigitaldeasturias.com\\\/noticias\\\/#website\",\"url\":\"https:\\\/\\\/www.eldigitaldeasturias.com\\\/noticias\\\/\",\"name\":\"El Digital de Asturias - Diario de actualidad y noticias\",\"alternateName\":\"El Digital de Asturias - Diario de actualidad y noticias\",\"description\":\"Hemeroteca\",\"inLanguage\":\"es-ES\",\"publisher\":{\"@id\":\"https:\\\/\\\/www.eldigitaldeasturias.com\\\/noticias\\\/#organization\"}}]}\n\t\t<\/script>\n\t\t<!-- All in One SEO Pro -->\r\n\t\t<title>Los vestidos seguir\u00e1n marcando tendencia este oto\u00f1o 2016 - El Digital de Asturias<\/title>\n\n","aioseo_head_json":{"title":"Los vestidos seguir\u00e1n marcando tendencia este oto\u00f1o 2016 - El Digital de Asturias","description":"\u00bfTe gustan los vestidos? \u00a1Pues est\u00e1s de suerte! Est\u00e1 temporada los vestidos son el rey de todas las colecciones. Los encontrar\u00e1s con flecos, con piel, con ante, en colores tierra, en colores llamativos, marcando cintura, cortos, largos, para salir\u2026 Prieto BCN ha llenado su colecci\u00f3n con vestidos que siguen todas las tendencias del momento para","canonical_url":"https:\/\/www.eldigitaldeasturias.com\/noticias\/los-vestidos-seguiran-marcando-tendencia-este-otono-2016\/","robots":"max-image-preview:large","keywords":"revista de ocio","webmasterTools":{"google-site-verification":"UA-38556648-1","msvalidate.01":"7dfe9f3f1b24437ab69f4f2559babe99","miscellaneous":""},"schema":{"@context":"https:\/\/schema.org","@graph":[{"@type":"BlogPosting","@id":"https:\/\/www.eldigitaldeasturias.com\/noticias\/los-vestidos-seguiran-marcando-tendencia-este-otono-2016\/#blogposting","name":"Los vestidos seguir\u00e1n marcando tendencia este oto\u00f1o 2016 - El Digital de Asturias","headline":"Los vestidos seguir\u00e1n marcando tendencia este oto\u00f1o 2016","author":{"@id":"https:\/\/www.eldigitaldeasturias.com\/noticias\/author\/admin\/#author"},"publisher":{"@id":"https:\/\/www.eldigitaldeasturias.com\/noticias\/#organization"},"image":{"@type":"ImageObject","url":"https:\/\/www.eldigitaldeasturias.com\/noticias\/wp-content\/uploads\/2016\/09\/1474010677_Vestidos.jpg","width":1019,"height":583},"datePublished":"2016-09-17T23:06:27+02:00","dateModified":"2016-09-17T23:06:27+02:00","inLanguage":"es-ES","mainEntityOfPage":{"@id":"https:\/\/www.eldigitaldeasturias.com\/noticias\/los-vestidos-seguiran-marcando-tendencia-este-otono-2016\/#webpage"},"isPartOf":{"@id":"https:\/\/www.eldigitaldeasturias.com\/noticias\/los-vestidos-seguiran-marcando-tendencia-este-otono-2016\/#webpage"},"articleSection":"Revista de Ocio"},{"@type":"BreadcrumbList","@id":"https:\/\/www.eldigitaldeasturias.com\/noticias\/los-vestidos-seguiran-marcando-tendencia-este-otono-2016\/#breadcrumblist","itemListElement":[{"@type":"ListItem","@id":"https:\/\/www.eldigitaldeasturias.com\/noticias#listItem","position":1,"name":"Home","item":"https:\/\/www.eldigitaldeasturias.com\/noticias","nextItem":{"@type":"ListItem","@id":"https:\/\/www.eldigitaldeasturias.com\/noticias\/category\/revista-de-ocio\/#listItem","name":"Revista de Ocio"}},{"@type":"ListItem","@id":"https:\/\/www.eldigitaldeasturias.com\/noticias\/category\/revista-de-ocio\/#listItem","position":2,"name":"Revista de Ocio","item":"https:\/\/www.eldigitaldeasturias.com\/noticias\/category\/revista-de-ocio\/","nextItem":{"@type":"ListItem","@id":"https:\/\/www.eldigitaldeasturias.com\/noticias\/los-vestidos-seguiran-marcando-tendencia-este-otono-2016\/#listItem","name":"Los vestidos seguir\u00e1n marcando tendencia este oto\u00f1o 2016"},"previousItem":{"@type":"ListItem","@id":"https:\/\/www.eldigitaldeasturias.com\/noticias#listItem","name":"Home"}},{"@type":"ListItem","@id":"https:\/\/www.eldigitaldeasturias.com\/noticias\/los-vestidos-seguiran-marcando-tendencia-este-otono-2016\/#listItem","position":3,"name":"Los vestidos seguir\u00e1n marcando tendencia este oto\u00f1o 2016","previousItem":{"@type":"ListItem","@id":"https:\/\/www.eldigitaldeasturias.com\/noticias\/category\/revista-de-ocio\/#listItem","name":"Revista de Ocio"}}]},{"@type":"Organization","@id":"https:\/\/www.eldigitaldeasturias.com\/noticias\/#organization","name":"El Digital de Asturias","description":"Hemeroteca","url":"https:\/\/www.eldigitaldeasturias.com\/noticias\/","email":"info@eldigitaldeasturias.com","telephone":"+34652131393","logo":{"@type":"ImageObject","url":"https:\/\/www.eldigitaldeasturias.com\/noticias\/wp-content\/uploads\/2020\/12\/EDA.jpg","@id":"https:\/\/www.eldigitaldeasturias.com\/noticias\/los-vestidos-seguiran-marcando-tendencia-este-otono-2016\/#organizationLogo","width":649,"height":297},"image":{"@id":"https:\/\/www.eldigitaldeasturias.com\/noticias\/los-vestidos-seguiran-marcando-tendencia-este-otono-2016\/#organizationLogo"},"sameAs":["https:\/\/facebook.com\/eldigitaldeasturias","https:\/\/www.youtube.com\/channel\/UCZP-2wLEB9Rv6erhFmqVnvg"],"address":{"@id":"https:\/\/www.eldigitaldeasturias.com\/noticias\/#postaladdress","@type":"PostalAddress","streetAddress":"san antonio 4,","postalCode":"33430","addressLocality":"Cand\u00e1s","addressRegion":"Asturias","addressCountry":"ES"}},{"@type":"Person","@id":"https:\/\/www.eldigitaldeasturias.com\/noticias\/author\/admin\/#author","url":"https:\/\/www.eldigitaldeasturias.com\/noticias\/author\/admin\/","name":"El Digital de Asturias","image":{"@type":"ImageObject","@id":"https:\/\/www.eldigitaldeasturias.com\/noticias\/los-vestidos-seguiran-marcando-tendencia-este-otono-2016\/#authorImage","url":"https:\/\/www.eldigitaldeasturias.com\/noticias\/wp-content\/litespeed\/avatar\/18677e78aa0546b92d9dbf31ec7d7668.jpg?ver=1777290358","width":96,"height":96,"caption":"El Digital de Asturias"}},{"@type":"WebPage","@id":"https:\/\/www.eldigitaldeasturias.com\/noticias\/los-vestidos-seguiran-marcando-tendencia-este-otono-2016\/#webpage","url":"https:\/\/www.eldigitaldeasturias.com\/noticias\/los-vestidos-seguiran-marcando-tendencia-este-otono-2016\/","name":"Los vestidos seguir\u00e1n marcando tendencia este oto\u00f1o 2016 - El Digital de Asturias","description":"\u00bfTe gustan los vestidos? \u00a1Pues est\u00e1s de suerte! Est\u00e1 temporada los vestidos son el rey de todas las colecciones. Los encontrar\u00e1s con flecos, con piel, con ante, en colores tierra, en colores llamativos, marcando cintura, cortos, largos, para salir\u2026 Prieto BCN ha llenado su colecci\u00f3n con vestidos que siguen todas las tendencias del momento para","inLanguage":"es-ES","isPartOf":{"@id":"https:\/\/www.eldigitaldeasturias.com\/noticias\/#website"},"breadcrumb":{"@id":"https:\/\/www.eldigitaldeasturias.com\/noticias\/los-vestidos-seguiran-marcando-tendencia-este-otono-2016\/#breadcrumblist"},"author":{"@id":"https:\/\/www.eldigitaldeasturias.com\/noticias\/author\/admin\/#author"},"creator":{"@id":"https:\/\/www.eldigitaldeasturias.com\/noticias\/author\/admin\/#author"},"image":{"@type":"ImageObject","url":"https:\/\/www.eldigitaldeasturias.com\/noticias\/wp-content\/uploads\/2016\/09\/1474010677_Vestidos.jpg","@id":"https:\/\/www.eldigitaldeasturias.com\/noticias\/los-vestidos-seguiran-marcando-tendencia-este-otono-2016\/#mainImage","width":1019,"height":583},"primaryImageOfPage":{"@id":"https:\/\/www.eldigitaldeasturias.com\/noticias\/los-vestidos-seguiran-marcando-tendencia-este-otono-2016\/#mainImage"},"datePublished":"2016-09-17T23:06:27+02:00","dateModified":"2016-09-17T23:06:27+02:00"},{"@type":"WebSite","@id":"https:\/\/www.eldigitaldeasturias.com\/noticias\/#website","url":"https:\/\/www.eldigitaldeasturias.com\/noticias\/","name":"El Digital de Asturias - Diario de actualidad y noticias","alternateName":"El Digital de Asturias - Diario de actualidad y noticias","description":"Hemeroteca","inLanguage":"es-ES","publisher":{"@id":"https:\/\/www.eldigitaldeasturias.com\/noticias\/#organization"}}]},"og:locale":"es_ES","og:site_name":"El Digital de Asturias","og:type":"article","og:title":"Los vestidos seguir\u00e1n marcando tendencia este oto\u00f1o 2016 - El Digital de Asturias","og:description":"\u00bfTe gustan los vestidos? \u00a1Pues est\u00e1s de suerte! Est\u00e1 temporada los vestidos son el rey de todas las colecciones. Los encontrar\u00e1s con flecos, con piel, con ante, en colores tierra, en colores llamativos, marcando cintura, cortos, largos, para salir\u2026 Prieto BCN ha llenado su colecci\u00f3n con vestidos que siguen todas las tendencias del momento para","og:url":"https:\/\/www.eldigitaldeasturias.com\/noticias\/los-vestidos-seguiran-marcando-tendencia-este-otono-2016\/","og:image":"https:\/\/www.eldigitaldeasturias.com\/noticias\/wp-content\/uploads\/2016\/09\/1474010677_Vestidos.jpg","og:image:secure_url":"https:\/\/www.eldigitaldeasturias.com\/noticias\/wp-content\/uploads\/2016\/09\/1474010677_Vestidos.jpg","og:image:width":1019,"og:image:height":583,"article:tag":["revista de ocio"],"article:published_time":"2016-09-17T22:06:27+00:00","article:modified_time":"2016-09-17T22:06:27+00:00","article:publisher":"https:\/\/facebook.com\/eldigitaldeasturias","twitter:card":"summary_large_image","twitter:title":"Los vestidos seguir\u00e1n marcando tendencia este oto\u00f1o 2016 - El Digital de Asturias","twitter:description":"\u00bfTe gustan los vestidos? \u00a1Pues est\u00e1s de suerte! Est\u00e1 temporada los vestidos son el rey de todas las colecciones. Los encontrar\u00e1s con flecos, con piel, con ante, en colores tierra, en colores llamativos, marcando cintura, cortos, largos, para salir\u2026 Prieto BCN ha llenado su colecci\u00f3n con vestidos que siguen todas las tendencias del momento para","twitter:image":"https:\/\/www.eldigitaldeasturias.com\/noticias\/wp-content\/uploads\/2016\/09\/1474010677_Vestidos.jpg","twitter:label1":"Escrito por","twitter:data1":"El Digital de Asturias","twitter:label2":"Tiempo de lectura estimado","twitter:data2":"2 minutos"},"aioseo_meta_data":{"post_id":"908279","title":null,"description":null,"keywords":null,"keyphrases":null,"primary_term":null,"canonical_url":null,"og_title":null,"og_description":null,"og_object_type":"default","og_image_type":"default","og_image_url":null,"og_image_width":null,"og_image_height":null,"og_image_custom_url":null,"og_image_custom_fields":null,"og_video":null,"og_custom_url":null,"og_article_section":null,"og_article_tags":null,"twitter_use_og":false,"twitter_card":"default","twitter_image_type":"default","twitter_image_url":null,"twitter_image_custom_url":null,"twitter_image_custom_fields":null,"twitter_title":null,"twitter_description":null,"schema":{"blockGraphs":[],"customGraphs":[],"default":{"data":{"Article":[],"Course":[],"Dataset":[],"FAQPage":[],"Movie":[],"Person":[],"Product":[],"ProductReview":[],"Car":[],"Recipe":[],"Service":[],"SoftwareApplication":[],"WebPage":[]},"graphName":"","isEnabled":true},"graphs":[],"defaultGraph":"","defaultPostTypeGraph":""},"schema_type":null,"schema_type_options":null,"pillar_content":false,"robots_default":true,"robots_noindex":false,"robots_noarchive":false,"robots_nosnippet":false,"robots_nofollow":false,"robots_noimageindex":false,"robots_noodp":false,"robots_notranslate":false,"robots_max_snippet":null,"robots_max_videopreview":null,"robots_max_imagepreview":"large","priority":null,"frequency":null,"local_seo":null,"seo_analyzer_scan_date":"2025-11-30 15:35:20","breadcrumb_settings":null,"limit_modified_date":false,"open_ai":null,"ai":null,"created":"2020-12-21 14:00:16","updated":"2025-11-30 15:35:20"},"aioseo_breadcrumb":"<div class=\"aioseo-breadcrumbs\"><span class=\"aioseo-breadcrumb\">\n\t<a href=\"https:\/\/www.eldigitaldeasturias.com\/noticias\" title=\"Home\">Home<\/a>\n<\/span><span class=\"aioseo-breadcrumb-separator\">\u2013<\/span><span class=\"aioseo-breadcrumb\">\n\t<a href=\"https:\/\/www.eldigitaldeasturias.com\/noticias\/category\/revista-de-ocio\/\" title=\"Revista de Ocio\">Revista de Ocio<\/a>\n<\/span><span class=\"aioseo-breadcrumb-separator\">\u2013<\/span><span class=\"aioseo-breadcrumb\">\n\t<a href=\"https:\/\/www.eldigitaldeasturias.com\/noticias\/los-vestidos-seguiran-marcando-tendencia-este-otono-2016\/\" title=\"Los vestidos seguir\u00e1n marcando tendencia este oto\u00f1o 2016\">Los vestidos seguir\u00e1n marcando tendencia este oto\u00f1o 2016<\/a>\n<\/span><\/div>","aioseo_breadcrumb_json":[{"label":"Home","link":"https:\/\/www.eldigitaldeasturias.com\/noticias"},{"label":"Revista de Ocio","link":"https:\/\/www.eldigitaldeasturias.com\/noticias\/category\/revista-de-ocio\/"},{"label":"Los vestidos seguir\u00e1n marcando tendencia este oto\u00f1o 2016","link":"https:\/\/www.eldigitaldeasturias.com\/noticias\/los-vestidos-seguiran-marcando-tendencia-este-otono-2016\/"}],"_links":{"self":[{"href":"https:\/\/www.eldigitaldeasturias.com\/noticias\/wp-json\/wp\/v2\/posts\/908279","targetHints":{"allow":["GET"]}}],"collection":[{"href":"https:\/\/www.eldigitaldeasturias.com\/noticias\/wp-json\/wp\/v2\/posts"}],"about":[{"href":"https:\/\/www.eldigitaldeasturias.com\/noticias\/wp-json\/wp\/v2\/types\/post"}],"author":[{"embeddable":true,"href":"https:\/\/www.eldigitaldeasturias.com\/noticias\/wp-json\/wp\/v2\/users\/1"}],"replies":[{"embeddable":true,"href":"https:\/\/www.eldigitaldeasturias.com\/noticias\/wp-json\/wp\/v2\/comments?post=908279"}],"version-history":[{"count":0,"href":"https:\/\/www.eldigitaldeasturias.com\/noticias\/wp-json\/wp\/v2\/posts\/908279\/revisions"}],"wp:featuredmedia":[{"embeddable":true,"href":"https:\/\/www.eldigitaldeasturias.com\/noticias\/wp-json\/wp\/v2\/media\/908280"}],"wp:attachment":[{"href":"https:\/\/www.eldigitaldeasturias.com\/noticias\/wp-json\/wp\/v2\/media?parent=908279"}],"wp:term":[{"taxonomy":"category","embeddable":true,"href":"https:\/\/www.eldigitaldeasturias.com\/noticias\/wp-json\/wp\/v2\/categories?post=908279"},{"taxonomy":"post_tag","embeddable":true,"href":"https:\/\/www.eldigitaldeasturias.com\/noticias\/wp-json\/wp\/v2\/tags?post=908279"}],"curies":[{"name":"wp","href":"https:\/\/api.w.org\/{rel}","templated":true}]}}