{"id":908277,"date":"2016-09-17T22:57:07","date_gmt":"2016-09-17T21:57:07","guid":{"rendered":"http:\/\/www.eldigitaldeasturias.com\/noticias\/?p=908277"},"modified":"2016-09-17T22:57:07","modified_gmt":"2016-09-17T21:57:07","slug":"el-principau-va-reforzar-latencion-psicosocial-a-les-victimes-de-malos-tratos","status":"publish","type":"post","link":"https:\/\/www.eldigitaldeasturias.com\/noticias\/el-principau-va-reforzar-latencion-psicosocial-a-les-victimes-de-malos-tratos\/","title":{"rendered":"El Princip\u00e1u va reforzar l&#8217;atenci\u00f3n psicosocial a les v\u00edctimes de malos tratos"},"content":{"rendered":"<p><img loading=\"lazy\" decoding=\"async\" class=\"alignleft size-medium wp-image-444453\" src=\"https:\/\/www.eldigitaldeasturias.com\/noticias\/wp-content\/uploads\/2013\/11\/2013_11_06-Consejero-Presidencia-JGPA-1-243x320.jpg\" alt=\"2013_11_06 Consejero Presidencia JGPA 1\" width=\"243\" height=\"320\" srcset=\"https:\/\/www.eldigitaldeasturias.com\/noticias\/wp-content\/uploads\/2013\/11\/2013_11_06-Consejero-Presidencia-JGPA-1-243x320.jpg 243w, https:\/\/www.eldigitaldeasturias.com\/noticias\/wp-content\/uploads\/2013\/11\/2013_11_06-Consejero-Presidencia-JGPA-1-495x650.jpg 495w, https:\/\/www.eldigitaldeasturias.com\/noticias\/wp-content\/uploads\/2013\/11\/2013_11_06-Consejero-Presidencia-JGPA-1.jpg 1800w\" sizes=\"auto, (max-width: 243px) 100vw, 243px\" \/>El conseyeru de Presidencia y Participaci\u00f3n Ciudadana, Guillermo Mart\u00ednez, se\u00f1al\u00f3 g\u00fcei nel plenu de la Xunta Xeneral qu&#8217;el so departamentu va reforzar l&#8217;atenci\u00f3n psicosocial a les muyeres v\u00edctimes de violencia machista p&#8217;ameyorar el so defensa nos xuicios, nos que&#8217;l maltratu psicol\u00f3xicu resulta siempres m\u00e1s malo de probar. Esti compromisu ta recoy\u00edu na segunda exa del Pactu Social contra la Violencia sobre les Muyeres del Princip\u00e1u d&#8217;Asturies, qu&#8217;asegura una respuesta contundente de les instituciones y la socied\u00e1 frente a esta lacra.<\/p>\n<p>P&#8217;avanzar nesti oxetivu, el Princip\u00e1u espera cuntar cola collaboraci\u00f3n de los representantes de l&#8217;Alministraci\u00f3n de xusticia, como xueces, maxistraos, fiscales y colexos profesionales. Tami\u00e9n va valorar la necesid\u00e1 d&#8217;ameyorar la formaci\u00f3n d&#8217;estos profesionales en violencia de x\u00e9neru pa tratar d&#8217;afaer les sos intervenciones a la realid\u00e1 de les v\u00edctimes.<\/p>\n<p>La llucha contra la violencia dom\u00e9stica foi una priorid\u00e1 constante pal Gobiernu d&#8217;Asturies, como reflexen la creaci\u00f3n, en 1999, del Institutu Asturianu de la Muyer; la puesta en marcha, en 2007, del centru d&#8217;atenci\u00f3n integral a les v\u00edctimes (Casa Malva), y l&#8217;aprobaci\u00f3n, cuatro a\u00f1o dempu\u00e9s, de la Llei d&#8217;Iguald\u00e1 de Muyeres y Homes y la Erradicaci\u00f3n de la Violencia de X\u00e9neru.<\/p>\n<p>El conseyeru record\u00f3 qu&#8217;esi compromisu coles v\u00edctimes tami\u00e9n tuvo reflexu nos presupuestos auton\u00f3micos: \u201cL&#8217;apueste pola protecci\u00f3n nun se vio afectada pola crisis, pos siempres caltuvimos qu&#8217;en materia de violencia de x\u00e9neru, tien d&#8217;haber un retayu presupuestariu cero\u201d, indic\u00f3.<\/p>\n<p>La \u00faltima llexislatura vieno marcada pola aprobaci\u00f3n y desenvolvimientu del primer plan estrat\u00e9xicu d&#8217;iguald\u00e1 (con una exa espec\u00edfica de violencia de x\u00e9neru) que se vio reforz\u00e1u pola firma del pactu social contra los malos tratos, que cunta con una bater\u00eda de 150 mid\u00edes, y un nuevu protocolu sanitariu, qu&#8217;incl\u00fai importantes meyores como la identificaci\u00f3n de los da\u00f1os ps\u00edquicu y midir p&#8217;apurrir a los xulgaos pruebes precises pa llograr que el agresores puedan ser condergaos pola xusticia.<\/p>\n<p>El llabor del Institutu de Medicina Llegal<\/p>\n<p>En 2015, l&#8217;equipu m\u00e9dicu-forense del Institutu de Medicina Llegal d&#8217;Asturies (IMLAS) realiz\u00f3 806 informes en materia de violencia de x\u00e9neru, lo que supon una media de dos al d\u00eda. Por conceyos, Uvi\u00e9u y Xix\u00f3n concentraron el 66% de los asuntos (533 actuaciones), sigu\u00edos d&#8217;Avil\u00e9s (10,7% y 87 actuaciones), Llangr\u00e9u (4,34% y 35 asuntos), Mieres (4,09% y 33 asuntos) y Siero (3,4% y 28 actuaciones).<\/p>\n<p>El IMLAS cunta con 22 profesionales forenses, siete d&#8217;ellos de guardia, qu&#8217;asumen una mayor activid\u00e1 en fines de selmana y periodos vacacionales nos que les families conviven m\u00e1s hores. Tami\u00e9n dispon d&#8217;un equipu d&#8217;atenci\u00f3n psicosocial form\u00e1u por dos psic\u00f3logos y una trabayadora social.<\/p>\n<p>&nbsp;<\/p>\n","protected":false},"excerpt":{"rendered":"<p>El conseyeru de Presidencia y Participaci\u00f3n Ciudadana, Guillermo Mart\u00ednez, se\u00f1al\u00f3 g\u00fcei nel plenu de la Xunta Xeneral qu&#8217;el so departamentu va reforzar l&#8217;atenci\u00f3n psicosocial a les muyeres v\u00edctimes de violencia machista p&#8217;ameyorar el so defensa nos xuicios, nos que&#8217;l maltratu psicol\u00f3xicu resulta siempres m\u00e1s malo de probar. Esti compromisu ta recoy\u00edu na segunda exa del [&hellip;]<\/p>\n","protected":false},"author":1,"featured_media":815081,"comment_status":"closed","ping_status":"closed","sticky":false,"template":"","format":"standard","meta":{"footnotes":""},"categories":[12],"tags":[],"class_list":["post-908277","post","type-post","status-publish","format-standard","has-post-thumbnail","hentry","category-actualidad-asturias"],"aioseo_notices":[],"aioseo_head":"\n\t\t<!-- All in One SEO Pro 4.9.6.2 - aioseo.com -->\n\t<meta name=\"description\" content=\"El conseyeru de Presidencia y Participaci\u00f3n Ciudadana, Guillermo Mart\u00ednez, se\u00f1al\u00f3 g\u00fcei nel plenu de la Xunta Xeneral qu&#039;el so departamentu va reforzar l&#039;atenci\u00f3n psicosocial a les muyeres v\u00edctimes de violencia machista p&#039;ameyorar el so defensa nos xuicios, nos que&#039;l maltratu psicol\u00f3xicu resulta siempres m\u00e1s malo de probar. Esti compromisu ta recoy\u00edu na segunda exa del\" \/>\n\t<meta name=\"robots\" content=\"max-image-preview:large\" \/>\n\t<meta name=\"author\" content=\"El Digital de Asturias\"\/>\n\t<meta name=\"google-site-verification\" content=\"UA-38556648-1\" \/>\n\t<meta name=\"msvalidate.01\" content=\"7dfe9f3f1b24437ab69f4f2559babe99\" \/>\n\t<meta name=\"keywords\" content=\"actualidad asturias\" \/>\n\t<link rel=\"canonical\" href=\"https:\/\/www.eldigitaldeasturias.com\/noticias\/el-principau-va-reforzar-latencion-psicosocial-a-les-victimes-de-malos-tratos\/\" \/>\n\t<meta name=\"generator\" content=\"All in One SEO Pro (AIOSEO) 4.9.6.2\" \/>\n\t\t<meta property=\"og:locale\" content=\"es_ES\" \/>\n\t\t<meta property=\"og:site_name\" content=\"El Digital de Asturias\" \/>\n\t\t<meta property=\"og:type\" content=\"article\" \/>\n\t\t<meta property=\"og:title\" content=\"El Princip\u00e1u va reforzar l\u2019atenci\u00f3n psicosocial a les v\u00edctimes de malos tratos - El Digital de Asturias\" \/>\n\t\t<meta property=\"og:description\" content=\"El conseyeru de Presidencia y Participaci\u00f3n Ciudadana, Guillermo Mart\u00ednez, se\u00f1al\u00f3 g\u00fcei nel plenu de la Xunta Xeneral qu&#039;el so departamentu va reforzar l&#039;atenci\u00f3n psicosocial a les muyeres v\u00edctimes de violencia machista p&#039;ameyorar el so defensa nos xuicios, nos que&#039;l maltratu psicol\u00f3xicu resulta siempres m\u00e1s malo de probar. Esti compromisu ta recoy\u00edu na segunda exa del\" \/>\n\t\t<meta property=\"og:url\" content=\"https:\/\/www.eldigitaldeasturias.com\/noticias\/el-principau-va-reforzar-latencion-psicosocial-a-les-victimes-de-malos-tratos\/\" \/>\n\t\t<meta property=\"og:image\" content=\"https:\/\/www.eldigitaldeasturias.com\/noticias\/wp-content\/uploads\/2015\/10\/2015_10_15-Consejero-de-Presidencia-en-JGPA-4.jpg\" \/>\n\t\t<meta property=\"og:image:secure_url\" content=\"https:\/\/www.eldigitaldeasturias.com\/noticias\/wp-content\/uploads\/2015\/10\/2015_10_15-Consejero-de-Presidencia-en-JGPA-4.jpg\" \/>\n\t\t<meta property=\"og:image:width\" content=\"2160\" \/>\n\t\t<meta property=\"og:image:height\" content=\"2206\" \/>\n\t\t<meta property=\"article:tag\" content=\"actualidad asturias\" \/>\n\t\t<meta property=\"article:published_time\" content=\"2016-09-17T21:57:07+00:00\" \/>\n\t\t<meta property=\"article:modified_time\" content=\"2016-09-17T21:57:07+00:00\" \/>\n\t\t<meta property=\"article:publisher\" content=\"https:\/\/facebook.com\/eldigitaldeasturias\" \/>\n\t\t<meta name=\"twitter:card\" content=\"summary_large_image\" \/>\n\t\t<meta name=\"twitter:title\" content=\"El Princip\u00e1u va reforzar l\u2019atenci\u00f3n psicosocial a les v\u00edctimes de malos tratos - El Digital de Asturias\" \/>\n\t\t<meta name=\"twitter:description\" content=\"El conseyeru de Presidencia y Participaci\u00f3n Ciudadana, Guillermo Mart\u00ednez, se\u00f1al\u00f3 g\u00fcei nel plenu de la Xunta Xeneral qu&#039;el so departamentu va reforzar l&#039;atenci\u00f3n psicosocial a les muyeres v\u00edctimes de violencia machista p&#039;ameyorar el so defensa nos xuicios, nos que&#039;l maltratu psicol\u00f3xicu resulta siempres m\u00e1s malo de probar. Esti compromisu ta recoy\u00edu na segunda exa del\" \/>\n\t\t<meta name=\"twitter:image\" content=\"https:\/\/www.eldigitaldeasturias.com\/noticias\/wp-content\/uploads\/2015\/10\/2015_10_15-Consejero-de-Presidencia-en-JGPA-4.jpg\" \/>\n\t\t<meta name=\"twitter:label1\" content=\"Escrito por\" \/>\n\t\t<meta name=\"twitter:data1\" content=\"El Digital de Asturias\" \/>\n\t\t<meta name=\"twitter:label2\" content=\"Tiempo de lectura estimado\" \/>\n\t\t<meta name=\"twitter:data2\" content=\"2 minutos\" \/>\n\t\t<script type=\"application\/ld+json\" class=\"aioseo-schema\">\n\t\t\t{\"@context\":\"https:\\\/\\\/schema.org\",\"@graph\":[{\"@type\":\"BlogPosting\",\"@id\":\"https:\\\/\\\/www.eldigitaldeasturias.com\\\/noticias\\\/el-principau-va-reforzar-latencion-psicosocial-a-les-victimes-de-malos-tratos\\\/#blogposting\",\"name\":\"El Princip\\u00e1u va reforzar l\\u2019atenci\\u00f3n psicosocial a les v\\u00edctimes de malos tratos - El Digital de Asturias\",\"headline\":\"El Princip\\u00e1u va reforzar l&#8217;atenci\\u00f3n psicosocial a les v\\u00edctimes de malos tratos\",\"author\":{\"@id\":\"https:\\\/\\\/www.eldigitaldeasturias.com\\\/noticias\\\/author\\\/admin\\\/#author\"},\"publisher\":{\"@id\":\"https:\\\/\\\/www.eldigitaldeasturias.com\\\/noticias\\\/#organization\"},\"image\":{\"@type\":\"ImageObject\",\"url\":\"https:\\\/\\\/www.eldigitaldeasturias.com\\\/noticias\\\/wp-content\\\/uploads\\\/2015\\\/10\\\/2015_10_15-Consejero-de-Presidencia-en-JGPA-4.jpg\",\"width\":2160,\"height\":2206},\"datePublished\":\"2016-09-17T22:57:07+02:00\",\"dateModified\":\"2016-09-17T22:57:07+02:00\",\"inLanguage\":\"es-ES\",\"mainEntityOfPage\":{\"@id\":\"https:\\\/\\\/www.eldigitaldeasturias.com\\\/noticias\\\/el-principau-va-reforzar-latencion-psicosocial-a-les-victimes-de-malos-tratos\\\/#webpage\"},\"isPartOf\":{\"@id\":\"https:\\\/\\\/www.eldigitaldeasturias.com\\\/noticias\\\/el-principau-va-reforzar-latencion-psicosocial-a-les-victimes-de-malos-tratos\\\/#webpage\"},\"articleSection\":\"Actualidad Asturias\"},{\"@type\":\"BreadcrumbList\",\"@id\":\"https:\\\/\\\/www.eldigitaldeasturias.com\\\/noticias\\\/el-principau-va-reforzar-latencion-psicosocial-a-les-victimes-de-malos-tratos\\\/#breadcrumblist\",\"itemListElement\":[{\"@type\":\"ListItem\",\"@id\":\"https:\\\/\\\/www.eldigitaldeasturias.com\\\/noticias#listItem\",\"position\":1,\"name\":\"Home\",\"item\":\"https:\\\/\\\/www.eldigitaldeasturias.com\\\/noticias\",\"nextItem\":{\"@type\":\"ListItem\",\"@id\":\"https:\\\/\\\/www.eldigitaldeasturias.com\\\/noticias\\\/category\\\/actualidad-asturias\\\/#listItem\",\"name\":\"Actualidad Asturias\"}},{\"@type\":\"ListItem\",\"@id\":\"https:\\\/\\\/www.eldigitaldeasturias.com\\\/noticias\\\/category\\\/actualidad-asturias\\\/#listItem\",\"position\":2,\"name\":\"Actualidad Asturias\",\"item\":\"https:\\\/\\\/www.eldigitaldeasturias.com\\\/noticias\\\/category\\\/actualidad-asturias\\\/\",\"nextItem\":{\"@type\":\"ListItem\",\"@id\":\"https:\\\/\\\/www.eldigitaldeasturias.com\\\/noticias\\\/el-principau-va-reforzar-latencion-psicosocial-a-les-victimes-de-malos-tratos\\\/#listItem\",\"name\":\"El Princip\\u00e1u va reforzar l&#8217;atenci\\u00f3n psicosocial a les v\\u00edctimes de malos tratos\"},\"previousItem\":{\"@type\":\"ListItem\",\"@id\":\"https:\\\/\\\/www.eldigitaldeasturias.com\\\/noticias#listItem\",\"name\":\"Home\"}},{\"@type\":\"ListItem\",\"@id\":\"https:\\\/\\\/www.eldigitaldeasturias.com\\\/noticias\\\/el-principau-va-reforzar-latencion-psicosocial-a-les-victimes-de-malos-tratos\\\/#listItem\",\"position\":3,\"name\":\"El Princip\\u00e1u va reforzar l&#8217;atenci\\u00f3n psicosocial a les v\\u00edctimes de malos tratos\",\"previousItem\":{\"@type\":\"ListItem\",\"@id\":\"https:\\\/\\\/www.eldigitaldeasturias.com\\\/noticias\\\/category\\\/actualidad-asturias\\\/#listItem\",\"name\":\"Actualidad Asturias\"}}]},{\"@type\":\"Organization\",\"@id\":\"https:\\\/\\\/www.eldigitaldeasturias.com\\\/noticias\\\/#organization\",\"name\":\"El Digital de Asturias\",\"description\":\"Hemeroteca\",\"url\":\"https:\\\/\\\/www.eldigitaldeasturias.com\\\/noticias\\\/\",\"email\":\"info@eldigitaldeasturias.com\",\"telephone\":\"+34652131393\",\"logo\":{\"@type\":\"ImageObject\",\"url\":\"https:\\\/\\\/www.eldigitaldeasturias.com\\\/noticias\\\/wp-content\\\/uploads\\\/2020\\\/12\\\/EDA.jpg\",\"@id\":\"https:\\\/\\\/www.eldigitaldeasturias.com\\\/noticias\\\/el-principau-va-reforzar-latencion-psicosocial-a-les-victimes-de-malos-tratos\\\/#organizationLogo\",\"width\":649,\"height\":297},\"image\":{\"@id\":\"https:\\\/\\\/www.eldigitaldeasturias.com\\\/noticias\\\/el-principau-va-reforzar-latencion-psicosocial-a-les-victimes-de-malos-tratos\\\/#organizationLogo\"},\"sameAs\":[\"https:\\\/\\\/facebook.com\\\/eldigitaldeasturias\",\"https:\\\/\\\/www.youtube.com\\\/channel\\\/UCZP-2wLEB9Rv6erhFmqVnvg\"],\"address\":{\"@id\":\"https:\\\/\\\/www.eldigitaldeasturias.com\\\/noticias\\\/#postaladdress\",\"@type\":\"PostalAddress\",\"streetAddress\":\"san antonio 4,\",\"postalCode\":\"33430\",\"addressLocality\":\"Cand\\u00e1s\",\"addressRegion\":\"Asturias\",\"addressCountry\":\"ES\"}},{\"@type\":\"Person\",\"@id\":\"https:\\\/\\\/www.eldigitaldeasturias.com\\\/noticias\\\/author\\\/admin\\\/#author\",\"url\":\"https:\\\/\\\/www.eldigitaldeasturias.com\\\/noticias\\\/author\\\/admin\\\/\",\"name\":\"El Digital de Asturias\",\"image\":{\"@type\":\"ImageObject\",\"@id\":\"https:\\\/\\\/www.eldigitaldeasturias.com\\\/noticias\\\/el-principau-va-reforzar-latencion-psicosocial-a-les-victimes-de-malos-tratos\\\/#authorImage\",\"url\":\"https:\\\/\\\/www.eldigitaldeasturias.com\\\/noticias\\\/wp-content\\\/litespeed\\\/avatar\\\/18677e78aa0546b92d9dbf31ec7d7668.jpg?ver=1777290358\",\"width\":96,\"height\":96,\"caption\":\"El Digital de Asturias\"}},{\"@type\":\"WebPage\",\"@id\":\"https:\\\/\\\/www.eldigitaldeasturias.com\\\/noticias\\\/el-principau-va-reforzar-latencion-psicosocial-a-les-victimes-de-malos-tratos\\\/#webpage\",\"url\":\"https:\\\/\\\/www.eldigitaldeasturias.com\\\/noticias\\\/el-principau-va-reforzar-latencion-psicosocial-a-les-victimes-de-malos-tratos\\\/\",\"name\":\"El Princip\\u00e1u va reforzar l\\u2019atenci\\u00f3n psicosocial a les v\\u00edctimes de malos tratos - El Digital de Asturias\",\"description\":\"El conseyeru de Presidencia y Participaci\\u00f3n Ciudadana, Guillermo Mart\\u00ednez, se\\u00f1al\\u00f3 g\\u00fcei nel plenu de la Xunta Xeneral qu'el so departamentu va reforzar l'atenci\\u00f3n psicosocial a les muyeres v\\u00edctimes de violencia machista p'ameyorar el so defensa nos xuicios, nos que'l maltratu psicol\\u00f3xicu resulta siempres m\\u00e1s malo de probar. Esti compromisu ta recoy\\u00edu na segunda exa del\",\"inLanguage\":\"es-ES\",\"isPartOf\":{\"@id\":\"https:\\\/\\\/www.eldigitaldeasturias.com\\\/noticias\\\/#website\"},\"breadcrumb\":{\"@id\":\"https:\\\/\\\/www.eldigitaldeasturias.com\\\/noticias\\\/el-principau-va-reforzar-latencion-psicosocial-a-les-victimes-de-malos-tratos\\\/#breadcrumblist\"},\"author\":{\"@id\":\"https:\\\/\\\/www.eldigitaldeasturias.com\\\/noticias\\\/author\\\/admin\\\/#author\"},\"creator\":{\"@id\":\"https:\\\/\\\/www.eldigitaldeasturias.com\\\/noticias\\\/author\\\/admin\\\/#author\"},\"image\":{\"@type\":\"ImageObject\",\"url\":\"https:\\\/\\\/www.eldigitaldeasturias.com\\\/noticias\\\/wp-content\\\/uploads\\\/2015\\\/10\\\/2015_10_15-Consejero-de-Presidencia-en-JGPA-4.jpg\",\"@id\":\"https:\\\/\\\/www.eldigitaldeasturias.com\\\/noticias\\\/el-principau-va-reforzar-latencion-psicosocial-a-les-victimes-de-malos-tratos\\\/#mainImage\",\"width\":2160,\"height\":2206},\"primaryImageOfPage\":{\"@id\":\"https:\\\/\\\/www.eldigitaldeasturias.com\\\/noticias\\\/el-principau-va-reforzar-latencion-psicosocial-a-les-victimes-de-malos-tratos\\\/#mainImage\"},\"datePublished\":\"2016-09-17T22:57:07+02:00\",\"dateModified\":\"2016-09-17T22:57:07+02:00\"},{\"@type\":\"WebSite\",\"@id\":\"https:\\\/\\\/www.eldigitaldeasturias.com\\\/noticias\\\/#website\",\"url\":\"https:\\\/\\\/www.eldigitaldeasturias.com\\\/noticias\\\/\",\"name\":\"El Digital de Asturias - Diario de actualidad y noticias\",\"alternateName\":\"El Digital de Asturias - Diario de actualidad y noticias\",\"description\":\"Hemeroteca\",\"inLanguage\":\"es-ES\",\"publisher\":{\"@id\":\"https:\\\/\\\/www.eldigitaldeasturias.com\\\/noticias\\\/#organization\"}}]}\n\t\t<\/script>\n\t\t<!-- All in One SEO Pro -->\r\n\t\t<title>El Princip\u00e1u va reforzar l\u2019atenci\u00f3n psicosocial a les v\u00edctimes de malos tratos - El Digital de Asturias<\/title>\n\n","aioseo_head_json":{"title":"El Princip\u00e1u va reforzar l\u2019atenci\u00f3n psicosocial a les v\u00edctimes de malos tratos - El Digital de Asturias","description":"El conseyeru de Presidencia y Participaci\u00f3n Ciudadana, Guillermo Mart\u00ednez, se\u00f1al\u00f3 g\u00fcei nel plenu de la Xunta Xeneral qu'el so departamentu va reforzar l'atenci\u00f3n psicosocial a les muyeres v\u00edctimes de violencia machista p'ameyorar el so defensa nos xuicios, nos que'l maltratu psicol\u00f3xicu resulta siempres m\u00e1s malo de probar. Esti compromisu ta recoy\u00edu na segunda exa del","canonical_url":"https:\/\/www.eldigitaldeasturias.com\/noticias\/el-principau-va-reforzar-latencion-psicosocial-a-les-victimes-de-malos-tratos\/","robots":"max-image-preview:large","keywords":"actualidad asturias","webmasterTools":{"google-site-verification":"UA-38556648-1","msvalidate.01":"7dfe9f3f1b24437ab69f4f2559babe99","miscellaneous":""},"schema":{"@context":"https:\/\/schema.org","@graph":[{"@type":"BlogPosting","@id":"https:\/\/www.eldigitaldeasturias.com\/noticias\/el-principau-va-reforzar-latencion-psicosocial-a-les-victimes-de-malos-tratos\/#blogposting","name":"El Princip\u00e1u va reforzar l\u2019atenci\u00f3n psicosocial a les v\u00edctimes de malos tratos - El Digital de Asturias","headline":"El Princip\u00e1u va reforzar l&#8217;atenci\u00f3n psicosocial a les v\u00edctimes de malos tratos","author":{"@id":"https:\/\/www.eldigitaldeasturias.com\/noticias\/author\/admin\/#author"},"publisher":{"@id":"https:\/\/www.eldigitaldeasturias.com\/noticias\/#organization"},"image":{"@type":"ImageObject","url":"https:\/\/www.eldigitaldeasturias.com\/noticias\/wp-content\/uploads\/2015\/10\/2015_10_15-Consejero-de-Presidencia-en-JGPA-4.jpg","width":2160,"height":2206},"datePublished":"2016-09-17T22:57:07+02:00","dateModified":"2016-09-17T22:57:07+02:00","inLanguage":"es-ES","mainEntityOfPage":{"@id":"https:\/\/www.eldigitaldeasturias.com\/noticias\/el-principau-va-reforzar-latencion-psicosocial-a-les-victimes-de-malos-tratos\/#webpage"},"isPartOf":{"@id":"https:\/\/www.eldigitaldeasturias.com\/noticias\/el-principau-va-reforzar-latencion-psicosocial-a-les-victimes-de-malos-tratos\/#webpage"},"articleSection":"Actualidad Asturias"},{"@type":"BreadcrumbList","@id":"https:\/\/www.eldigitaldeasturias.com\/noticias\/el-principau-va-reforzar-latencion-psicosocial-a-les-victimes-de-malos-tratos\/#breadcrumblist","itemListElement":[{"@type":"ListItem","@id":"https:\/\/www.eldigitaldeasturias.com\/noticias#listItem","position":1,"name":"Home","item":"https:\/\/www.eldigitaldeasturias.com\/noticias","nextItem":{"@type":"ListItem","@id":"https:\/\/www.eldigitaldeasturias.com\/noticias\/category\/actualidad-asturias\/#listItem","name":"Actualidad Asturias"}},{"@type":"ListItem","@id":"https:\/\/www.eldigitaldeasturias.com\/noticias\/category\/actualidad-asturias\/#listItem","position":2,"name":"Actualidad Asturias","item":"https:\/\/www.eldigitaldeasturias.com\/noticias\/category\/actualidad-asturias\/","nextItem":{"@type":"ListItem","@id":"https:\/\/www.eldigitaldeasturias.com\/noticias\/el-principau-va-reforzar-latencion-psicosocial-a-les-victimes-de-malos-tratos\/#listItem","name":"El Princip\u00e1u va reforzar l&#8217;atenci\u00f3n psicosocial a les v\u00edctimes de malos tratos"},"previousItem":{"@type":"ListItem","@id":"https:\/\/www.eldigitaldeasturias.com\/noticias#listItem","name":"Home"}},{"@type":"ListItem","@id":"https:\/\/www.eldigitaldeasturias.com\/noticias\/el-principau-va-reforzar-latencion-psicosocial-a-les-victimes-de-malos-tratos\/#listItem","position":3,"name":"El Princip\u00e1u va reforzar l&#8217;atenci\u00f3n psicosocial a les v\u00edctimes de malos tratos","previousItem":{"@type":"ListItem","@id":"https:\/\/www.eldigitaldeasturias.com\/noticias\/category\/actualidad-asturias\/#listItem","name":"Actualidad Asturias"}}]},{"@type":"Organization","@id":"https:\/\/www.eldigitaldeasturias.com\/noticias\/#organization","name":"El Digital de Asturias","description":"Hemeroteca","url":"https:\/\/www.eldigitaldeasturias.com\/noticias\/","email":"info@eldigitaldeasturias.com","telephone":"+34652131393","logo":{"@type":"ImageObject","url":"https:\/\/www.eldigitaldeasturias.com\/noticias\/wp-content\/uploads\/2020\/12\/EDA.jpg","@id":"https:\/\/www.eldigitaldeasturias.com\/noticias\/el-principau-va-reforzar-latencion-psicosocial-a-les-victimes-de-malos-tratos\/#organizationLogo","width":649,"height":297},"image":{"@id":"https:\/\/www.eldigitaldeasturias.com\/noticias\/el-principau-va-reforzar-latencion-psicosocial-a-les-victimes-de-malos-tratos\/#organizationLogo"},"sameAs":["https:\/\/facebook.com\/eldigitaldeasturias","https:\/\/www.youtube.com\/channel\/UCZP-2wLEB9Rv6erhFmqVnvg"],"address":{"@id":"https:\/\/www.eldigitaldeasturias.com\/noticias\/#postaladdress","@type":"PostalAddress","streetAddress":"san antonio 4,","postalCode":"33430","addressLocality":"Cand\u00e1s","addressRegion":"Asturias","addressCountry":"ES"}},{"@type":"Person","@id":"https:\/\/www.eldigitaldeasturias.com\/noticias\/author\/admin\/#author","url":"https:\/\/www.eldigitaldeasturias.com\/noticias\/author\/admin\/","name":"El Digital de Asturias","image":{"@type":"ImageObject","@id":"https:\/\/www.eldigitaldeasturias.com\/noticias\/el-principau-va-reforzar-latencion-psicosocial-a-les-victimes-de-malos-tratos\/#authorImage","url":"https:\/\/www.eldigitaldeasturias.com\/noticias\/wp-content\/litespeed\/avatar\/18677e78aa0546b92d9dbf31ec7d7668.jpg?ver=1777290358","width":96,"height":96,"caption":"El Digital de Asturias"}},{"@type":"WebPage","@id":"https:\/\/www.eldigitaldeasturias.com\/noticias\/el-principau-va-reforzar-latencion-psicosocial-a-les-victimes-de-malos-tratos\/#webpage","url":"https:\/\/www.eldigitaldeasturias.com\/noticias\/el-principau-va-reforzar-latencion-psicosocial-a-les-victimes-de-malos-tratos\/","name":"El Princip\u00e1u va reforzar l\u2019atenci\u00f3n psicosocial a les v\u00edctimes de malos tratos - El Digital de Asturias","description":"El conseyeru de Presidencia y Participaci\u00f3n Ciudadana, Guillermo Mart\u00ednez, se\u00f1al\u00f3 g\u00fcei nel plenu de la Xunta Xeneral qu'el so departamentu va reforzar l'atenci\u00f3n psicosocial a les muyeres v\u00edctimes de violencia machista p'ameyorar el so defensa nos xuicios, nos que'l maltratu psicol\u00f3xicu resulta siempres m\u00e1s malo de probar. Esti compromisu ta recoy\u00edu na segunda exa del","inLanguage":"es-ES","isPartOf":{"@id":"https:\/\/www.eldigitaldeasturias.com\/noticias\/#website"},"breadcrumb":{"@id":"https:\/\/www.eldigitaldeasturias.com\/noticias\/el-principau-va-reforzar-latencion-psicosocial-a-les-victimes-de-malos-tratos\/#breadcrumblist"},"author":{"@id":"https:\/\/www.eldigitaldeasturias.com\/noticias\/author\/admin\/#author"},"creator":{"@id":"https:\/\/www.eldigitaldeasturias.com\/noticias\/author\/admin\/#author"},"image":{"@type":"ImageObject","url":"https:\/\/www.eldigitaldeasturias.com\/noticias\/wp-content\/uploads\/2015\/10\/2015_10_15-Consejero-de-Presidencia-en-JGPA-4.jpg","@id":"https:\/\/www.eldigitaldeasturias.com\/noticias\/el-principau-va-reforzar-latencion-psicosocial-a-les-victimes-de-malos-tratos\/#mainImage","width":2160,"height":2206},"primaryImageOfPage":{"@id":"https:\/\/www.eldigitaldeasturias.com\/noticias\/el-principau-va-reforzar-latencion-psicosocial-a-les-victimes-de-malos-tratos\/#mainImage"},"datePublished":"2016-09-17T22:57:07+02:00","dateModified":"2016-09-17T22:57:07+02:00"},{"@type":"WebSite","@id":"https:\/\/www.eldigitaldeasturias.com\/noticias\/#website","url":"https:\/\/www.eldigitaldeasturias.com\/noticias\/","name":"El Digital de Asturias - Diario de actualidad y noticias","alternateName":"El Digital de Asturias - Diario de actualidad y noticias","description":"Hemeroteca","inLanguage":"es-ES","publisher":{"@id":"https:\/\/www.eldigitaldeasturias.com\/noticias\/#organization"}}]},"og:locale":"es_ES","og:site_name":"El Digital de Asturias","og:type":"article","og:title":"El Princip\u00e1u va reforzar l\u2019atenci\u00f3n psicosocial a les v\u00edctimes de malos tratos - El Digital de Asturias","og:description":"El conseyeru de Presidencia y Participaci\u00f3n Ciudadana, Guillermo Mart\u00ednez, se\u00f1al\u00f3 g\u00fcei nel plenu de la Xunta Xeneral qu'el so departamentu va reforzar l'atenci\u00f3n psicosocial a les muyeres v\u00edctimes de violencia machista p'ameyorar el so defensa nos xuicios, nos que'l maltratu psicol\u00f3xicu resulta siempres m\u00e1s malo de probar. Esti compromisu ta recoy\u00edu na segunda exa del","og:url":"https:\/\/www.eldigitaldeasturias.com\/noticias\/el-principau-va-reforzar-latencion-psicosocial-a-les-victimes-de-malos-tratos\/","og:image":"https:\/\/www.eldigitaldeasturias.com\/noticias\/wp-content\/uploads\/2015\/10\/2015_10_15-Consejero-de-Presidencia-en-JGPA-4.jpg","og:image:secure_url":"https:\/\/www.eldigitaldeasturias.com\/noticias\/wp-content\/uploads\/2015\/10\/2015_10_15-Consejero-de-Presidencia-en-JGPA-4.jpg","og:image:width":2160,"og:image:height":2206,"article:tag":["actualidad asturias"],"article:published_time":"2016-09-17T21:57:07+00:00","article:modified_time":"2016-09-17T21:57:07+00:00","article:publisher":"https:\/\/facebook.com\/eldigitaldeasturias","twitter:card":"summary_large_image","twitter:title":"El Princip\u00e1u va reforzar l\u2019atenci\u00f3n psicosocial a les v\u00edctimes de malos tratos - El Digital de Asturias","twitter:description":"El conseyeru de Presidencia y Participaci\u00f3n Ciudadana, Guillermo Mart\u00ednez, se\u00f1al\u00f3 g\u00fcei nel plenu de la Xunta Xeneral qu'el so departamentu va reforzar l'atenci\u00f3n psicosocial a les muyeres v\u00edctimes de violencia machista p'ameyorar el so defensa nos xuicios, nos que'l maltratu psicol\u00f3xicu resulta siempres m\u00e1s malo de probar. Esti compromisu ta recoy\u00edu na segunda exa del","twitter:image":"https:\/\/www.eldigitaldeasturias.com\/noticias\/wp-content\/uploads\/2015\/10\/2015_10_15-Consejero-de-Presidencia-en-JGPA-4.jpg","twitter:label1":"Escrito por","twitter:data1":"El Digital de Asturias","twitter:label2":"Tiempo de lectura estimado","twitter:data2":"2 minutos"},"aioseo_meta_data":{"post_id":"908277","title":null,"description":null,"keywords":null,"keyphrases":null,"primary_term":null,"canonical_url":null,"og_title":null,"og_description":null,"og_object_type":"default","og_image_type":"default","og_image_url":null,"og_image_width":null,"og_image_height":null,"og_image_custom_url":null,"og_image_custom_fields":null,"og_video":null,"og_custom_url":null,"og_article_section":null,"og_article_tags":null,"twitter_use_og":false,"twitter_card":"default","twitter_image_type":"default","twitter_image_url":null,"twitter_image_custom_url":null,"twitter_image_custom_fields":null,"twitter_title":null,"twitter_description":null,"schema":{"blockGraphs":[],"customGraphs":[],"default":{"data":{"Article":[],"Course":[],"Dataset":[],"FAQPage":[],"Movie":[],"Person":[],"Product":[],"ProductReview":[],"Car":[],"Recipe":[],"Service":[],"SoftwareApplication":[],"WebPage":[]},"graphName":"","isEnabled":true},"graphs":[],"defaultGraph":"","defaultPostTypeGraph":""},"schema_type":null,"schema_type_options":null,"pillar_content":false,"robots_default":true,"robots_noindex":false,"robots_noarchive":false,"robots_nosnippet":false,"robots_nofollow":false,"robots_noimageindex":false,"robots_noodp":false,"robots_notranslate":false,"robots_max_snippet":null,"robots_max_videopreview":null,"robots_max_imagepreview":"large","priority":null,"frequency":null,"local_seo":null,"seo_analyzer_scan_date":"2025-11-30 15:33:12","breadcrumb_settings":null,"limit_modified_date":false,"open_ai":null,"ai":null,"created":"2020-12-21 14:00:16","updated":"2025-11-30 15:33:12"},"aioseo_breadcrumb":"<div class=\"aioseo-breadcrumbs\"><span class=\"aioseo-breadcrumb\">\n\t<a href=\"https:\/\/www.eldigitaldeasturias.com\/noticias\" title=\"Home\">Home<\/a>\n<\/span><span class=\"aioseo-breadcrumb-separator\">\u2013<\/span><span class=\"aioseo-breadcrumb\">\n\t<a href=\"https:\/\/www.eldigitaldeasturias.com\/noticias\/category\/actualidad-asturias\/\" title=\"Actualidad Asturias\">Actualidad Asturias<\/a>\n<\/span><span class=\"aioseo-breadcrumb-separator\">\u2013<\/span><span class=\"aioseo-breadcrumb\">\n\t<a href=\"https:\/\/www.eldigitaldeasturias.com\/noticias\/el-principau-va-reforzar-latencion-psicosocial-a-les-victimes-de-malos-tratos\/\" title=\"El Princip\u00e1u va reforzar l\u2019atenci\u00f3n psicosocial a les v\u00edctimes de malos tratos\">El Princip\u00e1u va reforzar l\u2019atenci\u00f3n psicosocial a les v\u00edctimes de malos tratos<\/a>\n<\/span><\/div>","aioseo_breadcrumb_json":[{"label":"Home","link":"https:\/\/www.eldigitaldeasturias.com\/noticias"},{"label":"Actualidad Asturias","link":"https:\/\/www.eldigitaldeasturias.com\/noticias\/category\/actualidad-asturias\/"},{"label":"El Princip\u00e1u va reforzar l&#8217;atenci\u00f3n psicosocial a les v\u00edctimes de malos tratos","link":"https:\/\/www.eldigitaldeasturias.com\/noticias\/el-principau-va-reforzar-latencion-psicosocial-a-les-victimes-de-malos-tratos\/"}],"_links":{"self":[{"href":"https:\/\/www.eldigitaldeasturias.com\/noticias\/wp-json\/wp\/v2\/posts\/908277","targetHints":{"allow":["GET"]}}],"collection":[{"href":"https:\/\/www.eldigitaldeasturias.com\/noticias\/wp-json\/wp\/v2\/posts"}],"about":[{"href":"https:\/\/www.eldigitaldeasturias.com\/noticias\/wp-json\/wp\/v2\/types\/post"}],"author":[{"embeddable":true,"href":"https:\/\/www.eldigitaldeasturias.com\/noticias\/wp-json\/wp\/v2\/users\/1"}],"replies":[{"embeddable":true,"href":"https:\/\/www.eldigitaldeasturias.com\/noticias\/wp-json\/wp\/v2\/comments?post=908277"}],"version-history":[{"count":0,"href":"https:\/\/www.eldigitaldeasturias.com\/noticias\/wp-json\/wp\/v2\/posts\/908277\/revisions"}],"wp:featuredmedia":[{"embeddable":true,"href":"https:\/\/www.eldigitaldeasturias.com\/noticias\/wp-json\/wp\/v2\/media\/815081"}],"wp:attachment":[{"href":"https:\/\/www.eldigitaldeasturias.com\/noticias\/wp-json\/wp\/v2\/media?parent=908277"}],"wp:term":[{"taxonomy":"category","embeddable":true,"href":"https:\/\/www.eldigitaldeasturias.com\/noticias\/wp-json\/wp\/v2\/categories?post=908277"},{"taxonomy":"post_tag","embeddable":true,"href":"https:\/\/www.eldigitaldeasturias.com\/noticias\/wp-json\/wp\/v2\/tags?post=908277"}],"curies":[{"name":"wp","href":"https:\/\/api.w.org\/{rel}","templated":true}]}}